    {"id":12444,"date":"2018-05-03T19:36:06","date_gmt":"2018-05-03T22:36:06","guid":{"rendered":"https:\/\/gersonguelmann.com.br\/blog\/?p=12444"},"modified":"2018-05-03T19:36:54","modified_gmt":"2018-05-03T22:36:54","slug":"n-s-aparecida-barra-romaria-de-gleisi","status":"publish","type":"post","link":"https:\/\/gersonguelmann.com.br\/blog\/n-s-aparecida-barra-romaria-de-gleisi\/","title":{"rendered":"N. S. Aparecida Barra Romaria de Gleisi"},"content":{"rendered":"<p><span style=\"color: #000000; font-size: 18pt; font-family: georgia, palatino, serif;\">O sempre bem informado Diogo Mainardi publicou h\u00e1 pouco:<\/span><\/p>\n<p id=\"single-title\" class=\"entry-title\"><span style=\"font-size: 24pt;\"><strong><span style=\"color: #000000;\">Santu\u00e1rio condena \u2018romaria\u2019 de Gleisi por Lula<\/span><\/strong><\/span><\/p>\n<p><strong><span class=\"postmeta\" style=\"color: #000000;\"><span class=\"categoria\">Brasil<\/span>\u00a0<time class=\"entry-date published\" datetime=\"2018-05-03 18:47:03\">03.05.18 18:47<\/time><\/span><\/strong><\/p>\n<p><span style=\"color: #000000; font-size: 14pt;\">Gleisi Hoffmann convocou os fi\u00e9is do petismo para uma romaria a Aparecida, no pr\u00f3ximo dia 20. O objetivo \u00e9 \u2013palavras dela\u2013 \u201cexpressar nossa f\u00e9 e pedir pela liberdade\u201d de Lula.<\/span><\/p>\n<p><span style=\"color: #000000; font-size: 14pt;\">O Santu\u00e1rio Nacional de Aparecida, informa a Folha, n\u00e3o gostou e divulgou uma nota sobre a romaria da presidente do PT.<\/span><\/p>\n<p><span style=\"color: #000000; font-size: 14pt;\">\u201cO Santu\u00e1rio\u00a0\u00e9 um espa\u00e7o sagrado que acolhe todos os filhos e filhas de Nossa Senhora Aparecida, sem distin\u00e7\u00e3o. Da mesma forma, tamb\u00e9m \u00e9 uma casa que se coloca\u00a0contra toda e qualquer utiliza\u00e7\u00e3o do seu espa\u00e7o para fins pol\u00edticos ou ideol\u00f3gicos\u201d, diz a nota.<\/span><\/p>\n<p><span style=\"color: #000000; font-size: 14pt;\">O texto segue dizendo que o santu\u00e1rio n\u00e3o se posicionar\u00e1, m nenhuma hip\u00f3tese, \u201cem favor de quaisquer l\u00edderes pol\u00edticos, refutando toda e qualquer iniciativa que queira utilizar-se do Altar da Eucaristia para fins de promo\u00e7\u00e3o individual ou partid\u00e1ria\u201d.<\/span><\/p>\n<p><span style=\"color: #000000; font-family: georgia, palatino, serif; font-size: 18pt;\">A mat\u00e9ria original <a href=\"https:\/\/www.oantagonista.com\/brasil\/santuario-condena-romaria-de-gleisi-por-lula\/\"><span style=\"color: #0000ff;\"><em><strong>est\u00e1 aqui<\/strong><\/em><\/span><\/a>.<\/span><\/p>\n<p><img data-recalc-dims=\"1\" decoding=\"async\" data-attachment-id=\"12446\" data-permalink=\"https:\/\/gersonguelmann.com.br\/blog\/n-s-aparecida-barra-romaria-de-gleisi\/download-38\/\" data-orig-file=\"https:\/\/i0.wp.com\/gersonguelmann.com.br\/blog\/wp-content\/uploads\/2018\/05\/download.jpg?fit=314%2C161&amp;ssl=1\" data-orig-size=\"314,161\" data-comments-opened=\"1\" data-image-meta=\"{&quot;aperture&quot;:&quot;0&quot;,&quot;credit&quot;:&quot;&quot;,&quot;camera&quot;:&quot;&quot;,&quot;caption&quot;:&quot;&quot;,&quot;created_timestamp&quot;:&quot;0&quot;,&quot;copyright&quot;:&quot;&quot;,&quot;focal_length&quot;:&quot;0&quot;,&quot;iso&quot;:&quot;0&quot;,&quot;shutter_speed&quot;:&quot;0&quot;,&quot;title&quot;:&quot;&quot;,&quot;orientation&quot;:&quot;0&quot;}\" data-image-title=\"download\" data-image-description=\"\" data-image-caption=\"\" data-medium-file=\"https:\/\/i0.wp.com\/gersonguelmann.com.br\/blog\/wp-content\/uploads\/2018\/05\/download.jpg?fit=300%2C154&amp;ssl=1\" data-large-file=\"https:\/\/i0.wp.com\/gersonguelmann.com.br\/blog\/wp-content\/uploads\/2018\/05\/download.jpg?fit=314%2C161&amp;ssl=1\" class=\"size-medium wp-image-12446 aligncenter\" src=\"https:\/\/i0.wp.com\/gersonguelmann.com.br\/blog\/wp-content\/uploads\/2018\/05\/download.jpg?resize=300%2C154&#038;ssl=1\" alt=\"\" width=\"300\" height=\"154\" srcset=\"https:\/\/i0.wp.com\/gersonguelmann.com.br\/blog\/wp-content\/uploads\/2018\/05\/download.jpg?resize=300%2C154&amp;ssl=1 300w, https:\/\/i0.wp.com\/gersonguelmann.com.br\/blog\/wp-content\/uploads\/2018\/05\/download.jpg?w=314&amp;ssl=1 314w\" sizes=\"(max-width: 300px) 100vw, 300px\" \/><\/p>\n<p>&nbsp;<\/p>\n","protected":false},"excerpt":{"rendered":"<p>O sempre bem informado Diogo Mainardi publicou h\u00e1 pouco: Santu\u00e1rio condena \u2018romaria\u2019 de Gleisi por Lula Brasil\u00a003.05.18 18:47 Gleisi Hoffmann convocou os fi\u00e9is do petismo para uma romaria a Aparecida, no pr\u00f3ximo dia 20. O objetivo \u00e9 \u2013palavras dela\u2013 \u201cexpressar nossa f\u00e9 e pedir pela liberdade\u201d de Lula. O Santu\u00e1rio Nacional de Aparecida, informa a [&hellip;]<\/p>\n","protected":false},"author":5,"featured_media":12446,"comment_status":"open","ping_status":"open","sticky":false,"template":"","format":"standard","meta":{"_acf_changed":false,"jetpack_post_was_ever_published":false,"_jetpack_newsletter_access":"","_jetpack_dont_email_post_to_subs":false,"_jetpack_newsletter_tier_id":0,"_jetpack_memberships_contains_paywalled_content":false,"_jetpack_memberships_contains_paid_content":false,"footnotes":"","jetpack_publicize_message":"","jetpack_publicize_feature_enabled":true,"jetpack_social_post_already_shared":true,"jetpack_social_options":{"image_generator_settings":{"template":"highway","default_image_id":0,"font":"","enabled":false},"version":2}},"categories":[1],"tags":[],"class_list":["post-12444","post","type-post","status-publish","format-standard","has-post-thumbnail","hentry","category-sem-categoria"],"acf":[],"yoast_head":"<!-- This site is optimized with the Yoast SEO plugin v27.3 - https:\/\/yoast.com\/product\/yoast-seo-wordpress\/ -->\n<title>N. S. Aparecida Barra Romaria de Gleisi | Blog do Guelmann<\/title>\n<meta name=\"robots\" content=\"index, follow, max-snippet:-1, max-image-preview:large, max-video-preview:-1\" \/>\n<link rel=\"canonical\" href=\"https:\/\/gersonguelmann.com.br\/blog\/n-s-aparecida-barra-romaria-de-gleisi\/\" \/>\n<meta property=\"og:locale\" content=\"pt_BR\" \/>\n<meta property=\"og:type\" content=\"article\" \/>\n<meta property=\"og:title\" content=\"N. S. Aparecida Barra Romaria de Gleisi | Blog do Guelmann\" \/>\n<meta property=\"og:description\" content=\"O sempre bem informado Diogo Mainardi publicou h\u00e1 pouco: Santu\u00e1rio condena \u2018romaria\u2019 de Gleisi por Lula Brasil\u00a003.05.18 18:47 Gleisi Hoffmann convocou os fi\u00e9is do petismo para uma romaria a Aparecida, no pr\u00f3ximo dia 20. O objetivo \u00e9 \u2013palavras dela\u2013 \u201cexpressar nossa f\u00e9 e pedir pela liberdade\u201d de Lula. O Santu\u00e1rio Nacional de Aparecida, informa a [&hellip;]\" \/>\n<meta property=\"og:url\" content=\"https:\/\/gersonguelmann.com.br\/blog\/n-s-aparecida-barra-romaria-de-gleisi\/\" \/>\n<meta property=\"og:site_name\" content=\"Blog do Guelmann\" \/>\n<meta property=\"article:published_time\" content=\"2018-05-03T22:36:06+00:00\" \/>\n<meta property=\"article:modified_time\" content=\"2018-05-03T22:36:54+00:00\" \/>\n<meta property=\"og:image\" content=\"https:\/\/i0.wp.com\/gersonguelmann.com.br\/blog\/wp-content\/uploads\/2018\/05\/download.jpg?fit=314%2C161&ssl=1\" \/>\n\t<meta property=\"og:image:width\" content=\"314\" \/>\n\t<meta property=\"og:image:height\" content=\"161\" \/>\n\t<meta property=\"og:image:type\" content=\"image\/jpeg\" \/>\n<meta name=\"author\" content=\"Gerson Guelmann\" \/>\n<meta name=\"twitter:card\" content=\"summary_large_image\" \/>\n<meta name=\"twitter:label1\" content=\"Escrito por\" \/>\n\t<meta name=\"twitter:data1\" content=\"Gerson Guelmann\" \/>\n\t<meta name=\"twitter:label2\" content=\"Est. tempo de leitura\" \/>\n\t<meta name=\"twitter:data2\" content=\"1 minuto\" \/>\n<script type=\"application\/ld+json\" class=\"yoast-schema-graph\">{\"@context\":\"https:\\\/\\\/schema.org\",\"@graph\":[{\"@type\":\"Article\",\"@id\":\"https:\\\/\\\/gersonguelmann.com.br\\\/blog\\\/n-s-aparecida-barra-romaria-de-gleisi\\\/#article\",\"isPartOf\":{\"@id\":\"https:\\\/\\\/gersonguelmann.com.br\\\/blog\\\/n-s-aparecida-barra-romaria-de-gleisi\\\/\"},\"author\":{\"name\":\"Gerson Guelmann\",\"@id\":\"https:\\\/\\\/gersonguelmann.com.br\\\/blog\\\/#\\\/schema\\\/person\\\/87e70e2a786888082f941a482c90569e\"},\"headline\":\"N. S. Aparecida Barra Romaria de Gleisi\",\"datePublished\":\"2018-05-03T22:36:06+00:00\",\"dateModified\":\"2018-05-03T22:36:54+00:00\",\"mainEntityOfPage\":{\"@id\":\"https:\\\/\\\/gersonguelmann.com.br\\\/blog\\\/n-s-aparecida-barra-romaria-de-gleisi\\\/\"},\"wordCount\":181,\"commentCount\":0,\"image\":{\"@id\":\"https:\\\/\\\/gersonguelmann.com.br\\\/blog\\\/n-s-aparecida-barra-romaria-de-gleisi\\\/#primaryimage\"},\"thumbnailUrl\":\"https:\\\/\\\/i0.wp.com\\\/gersonguelmann.com.br\\\/blog\\\/wp-content\\\/uploads\\\/2018\\\/05\\\/download.jpg?fit=314%2C161&ssl=1\",\"inLanguage\":\"pt-BR\",\"potentialAction\":[{\"@type\":\"CommentAction\",\"name\":\"Comment\",\"target\":[\"https:\\\/\\\/gersonguelmann.com.br\\\/blog\\\/n-s-aparecida-barra-romaria-de-gleisi\\\/#respond\"]}]},{\"@type\":\"WebPage\",\"@id\":\"https:\\\/\\\/gersonguelmann.com.br\\\/blog\\\/n-s-aparecida-barra-romaria-de-gleisi\\\/\",\"url\":\"https:\\\/\\\/gersonguelmann.com.br\\\/blog\\\/n-s-aparecida-barra-romaria-de-gleisi\\\/\",\"name\":\"N. S. Aparecida Barra Romaria de Gleisi | Blog do Guelmann\",\"isPartOf\":{\"@id\":\"https:\\\/\\\/gersonguelmann.com.br\\\/blog\\\/#website\"},\"primaryImageOfPage\":{\"@id\":\"https:\\\/\\\/gersonguelmann.com.br\\\/blog\\\/n-s-aparecida-barra-romaria-de-gleisi\\\/#primaryimage\"},\"image\":{\"@id\":\"https:\\\/\\\/gersonguelmann.com.br\\\/blog\\\/n-s-aparecida-barra-romaria-de-gleisi\\\/#primaryimage\"},\"thumbnailUrl\":\"https:\\\/\\\/i0.wp.com\\\/gersonguelmann.com.br\\\/blog\\\/wp-content\\\/uploads\\\/2018\\\/05\\\/download.jpg?fit=314%2C161&ssl=1\",\"datePublished\":\"2018-05-03T22:36:06+00:00\",\"dateModified\":\"2018-05-03T22:36:54+00:00\",\"author\":{\"@id\":\"https:\\\/\\\/gersonguelmann.com.br\\\/blog\\\/#\\\/schema\\\/person\\\/87e70e2a786888082f941a482c90569e\"},\"inLanguage\":\"pt-BR\",\"potentialAction\":[{\"@type\":\"ReadAction\",\"target\":[\"https:\\\/\\\/gersonguelmann.com.br\\\/blog\\\/n-s-aparecida-barra-romaria-de-gleisi\\\/\"]}]},{\"@type\":\"ImageObject\",\"inLanguage\":\"pt-BR\",\"@id\":\"https:\\\/\\\/gersonguelmann.com.br\\\/blog\\\/n-s-aparecida-barra-romaria-de-gleisi\\\/#primaryimage\",\"url\":\"https:\\\/\\\/i0.wp.com\\\/gersonguelmann.com.br\\\/blog\\\/wp-content\\\/uploads\\\/2018\\\/05\\\/download.jpg?fit=314%2C161&ssl=1\",\"contentUrl\":\"https:\\\/\\\/i0.wp.com\\\/gersonguelmann.com.br\\\/blog\\\/wp-content\\\/uploads\\\/2018\\\/05\\\/download.jpg?fit=314%2C161&ssl=1\",\"width\":314,\"height\":161},{\"@type\":\"WebSite\",\"@id\":\"https:\\\/\\\/gersonguelmann.com.br\\\/blog\\\/#website\",\"url\":\"https:\\\/\\\/gersonguelmann.com.br\\\/blog\\\/\",\"name\":\"Blog do Guelmann\",\"description\":\"Pitadas da sabedoria e do humor judaicos, assuntos do momento e um pouco das hist\u00f3rias que vivi e testemunhei.\",\"potentialAction\":[{\"@type\":\"SearchAction\",\"target\":{\"@type\":\"EntryPoint\",\"urlTemplate\":\"https:\\\/\\\/gersonguelmann.com.br\\\/blog\\\/?s={search_term_string}\"},\"query-input\":{\"@type\":\"PropertyValueSpecification\",\"valueRequired\":true,\"valueName\":\"search_term_string\"}}],\"inLanguage\":\"pt-BR\"},{\"@type\":\"Person\",\"@id\":\"https:\\\/\\\/gersonguelmann.com.br\\\/blog\\\/#\\\/schema\\\/person\\\/87e70e2a786888082f941a482c90569e\",\"name\":\"Gerson Guelmann\",\"image\":{\"@type\":\"ImageObject\",\"inLanguage\":\"pt-BR\",\"@id\":\"https:\\\/\\\/i0.wp.com\\\/gersonguelmann.com.br\\\/blog\\\/wp-content\\\/uploads\\\/2021\\\/08\\\/BLOG.jpeg?fit=96%2C96&ssl=1\",\"url\":\"https:\\\/\\\/i0.wp.com\\\/gersonguelmann.com.br\\\/blog\\\/wp-content\\\/uploads\\\/2021\\\/08\\\/BLOG.jpeg?fit=96%2C96&ssl=1\",\"contentUrl\":\"https:\\\/\\\/i0.wp.com\\\/gersonguelmann.com.br\\\/blog\\\/wp-content\\\/uploads\\\/2021\\\/08\\\/BLOG.jpeg?fit=96%2C96&ssl=1\",\"caption\":\"Gerson Guelmann\"},\"description\":\"Pitadas da sabedoria e do humor judaicos, assuntos do momento e um pouco das hist\u00f3rias que vivi e testemunhei.\"}]}<\/script>\n<!-- \/ Yoast SEO plugin. -->","yoast_head_json":{"title":"N. S. Aparecida Barra Romaria de Gleisi | Blog do Guelmann","robots":{"index":"index","follow":"follow","max-snippet":"max-snippet:-1","max-image-preview":"max-image-preview:large","max-video-preview":"max-video-preview:-1"},"canonical":"https:\/\/gersonguelmann.com.br\/blog\/n-s-aparecida-barra-romaria-de-gleisi\/","og_locale":"pt_BR","og_type":"article","og_title":"N. S. Aparecida Barra Romaria de Gleisi | Blog do Guelmann","og_description":"O sempre bem informado Diogo Mainardi publicou h\u00e1 pouco: Santu\u00e1rio condena \u2018romaria\u2019 de Gleisi por Lula Brasil\u00a003.05.18 18:47 Gleisi Hoffmann convocou os fi\u00e9is do petismo para uma romaria a Aparecida, no pr\u00f3ximo dia 20. O objetivo \u00e9 \u2013palavras dela\u2013 \u201cexpressar nossa f\u00e9 e pedir pela liberdade\u201d de Lula. O Santu\u00e1rio Nacional de Aparecida, informa a [&hellip;]","og_url":"https:\/\/gersonguelmann.com.br\/blog\/n-s-aparecida-barra-romaria-de-gleisi\/","og_site_name":"Blog do Guelmann","article_published_time":"2018-05-03T22:36:06+00:00","article_modified_time":"2018-05-03T22:36:54+00:00","og_image":[{"width":314,"height":161,"url":"https:\/\/i0.wp.com\/gersonguelmann.com.br\/blog\/wp-content\/uploads\/2018\/05\/download.jpg?fit=314%2C161&ssl=1","type":"image\/jpeg"}],"author":"Gerson Guelmann","twitter_card":"summary_large_image","twitter_misc":{"Escrito por":"Gerson Guelmann","Est. tempo de leitura":"1 minuto"},"schema":{"@context":"https:\/\/schema.org","@graph":[{"@type":"Article","@id":"https:\/\/gersonguelmann.com.br\/blog\/n-s-aparecida-barra-romaria-de-gleisi\/#article","isPartOf":{"@id":"https:\/\/gersonguelmann.com.br\/blog\/n-s-aparecida-barra-romaria-de-gleisi\/"},"author":{"name":"Gerson Guelmann","@id":"https:\/\/gersonguelmann.com.br\/blog\/#\/schema\/person\/87e70e2a786888082f941a482c90569e"},"headline":"N. S. Aparecida Barra Romaria de Gleisi","datePublished":"2018-05-03T22:36:06+00:00","dateModified":"2018-05-03T22:36:54+00:00","mainEntityOfPage":{"@id":"https:\/\/gersonguelmann.com.br\/blog\/n-s-aparecida-barra-romaria-de-gleisi\/"},"wordCount":181,"commentCount":0,"image":{"@id":"https:\/\/gersonguelmann.com.br\/blog\/n-s-aparecida-barra-romaria-de-gleisi\/#primaryimage"},"thumbnailUrl":"https:\/\/i0.wp.com\/gersonguelmann.com.br\/blog\/wp-content\/uploads\/2018\/05\/download.jpg?fit=314%2C161&ssl=1","inLanguage":"pt-BR","potentialAction":[{"@type":"CommentAction","name":"Comment","target":["https:\/\/gersonguelmann.com.br\/blog\/n-s-aparecida-barra-romaria-de-gleisi\/#respond"]}]},{"@type":"WebPage","@id":"https:\/\/gersonguelmann.com.br\/blog\/n-s-aparecida-barra-romaria-de-gleisi\/","url":"https:\/\/gersonguelmann.com.br\/blog\/n-s-aparecida-barra-romaria-de-gleisi\/","name":"N. S. Aparecida Barra Romaria de Gleisi | Blog do Guelmann","isPartOf":{"@id":"https:\/\/gersonguelmann.com.br\/blog\/#website"},"primaryImageOfPage":{"@id":"https:\/\/gersonguelmann.com.br\/blog\/n-s-aparecida-barra-romaria-de-gleisi\/#primaryimage"},"image":{"@id":"https:\/\/gersonguelmann.com.br\/blog\/n-s-aparecida-barra-romaria-de-gleisi\/#primaryimage"},"thumbnailUrl":"https:\/\/i0.wp.com\/gersonguelmann.com.br\/blog\/wp-content\/uploads\/2018\/05\/download.jpg?fit=314%2C161&ssl=1","datePublished":"2018-05-03T22:36:06+00:00","dateModified":"2018-05-03T22:36:54+00:00","author":{"@id":"https:\/\/gersonguelmann.com.br\/blog\/#\/schema\/person\/87e70e2a786888082f941a482c90569e"},"inLanguage":"pt-BR","potentialAction":[{"@type":"ReadAction","target":["https:\/\/gersonguelmann.com.br\/blog\/n-s-aparecida-barra-romaria-de-gleisi\/"]}]},{"@type":"ImageObject","inLanguage":"pt-BR","@id":"https:\/\/gersonguelmann.com.br\/blog\/n-s-aparecida-barra-romaria-de-gleisi\/#primaryimage","url":"https:\/\/i0.wp.com\/gersonguelmann.com.br\/blog\/wp-content\/uploads\/2018\/05\/download.jpg?fit=314%2C161&ssl=1","contentUrl":"https:\/\/i0.wp.com\/gersonguelmann.com.br\/blog\/wp-content\/uploads\/2018\/05\/download.jpg?fit=314%2C161&ssl=1","width":314,"height":161},{"@type":"WebSite","@id":"https:\/\/gersonguelmann.com.br\/blog\/#website","url":"https:\/\/gersonguelmann.com.br\/blog\/","name":"Blog do Guelmann","description":"Pitadas da sabedoria e do humor judaicos, assuntos do momento e um pouco das hist\u00f3rias que vivi e testemunhei.","potentialAction":[{"@type":"SearchAction","target":{"@type":"EntryPoint","urlTemplate":"https:\/\/gersonguelmann.com.br\/blog\/?s={search_term_string}"},"query-input":{"@type":"PropertyValueSpecification","valueRequired":true,"valueName":"search_term_string"}}],"inLanguage":"pt-BR"},{"@type":"Person","@id":"https:\/\/gersonguelmann.com.br\/blog\/#\/schema\/person\/87e70e2a786888082f941a482c90569e","name":"Gerson Guelmann","image":{"@type":"ImageObject","inLanguage":"pt-BR","@id":"https:\/\/i0.wp.com\/gersonguelmann.com.br\/blog\/wp-content\/uploads\/2021\/08\/BLOG.jpeg?fit=96%2C96&ssl=1","url":"https:\/\/i0.wp.com\/gersonguelmann.com.br\/blog\/wp-content\/uploads\/2021\/08\/BLOG.jpeg?fit=96%2C96&ssl=1","contentUrl":"https:\/\/i0.wp.com\/gersonguelmann.com.br\/blog\/wp-content\/uploads\/2021\/08\/BLOG.jpeg?fit=96%2C96&ssl=1","caption":"Gerson Guelmann"},"description":"Pitadas da sabedoria e do humor judaicos, assuntos do momento e um pouco das hist\u00f3rias que vivi e testemunhei."}]}},"views":49,"jetpack_publicize_connections":[],"jetpack_featured_media_url":"https:\/\/i0.wp.com\/gersonguelmann.com.br\/blog\/wp-content\/uploads\/2018\/05\/download.jpg?fit=314%2C161&ssl=1","jetpack_shortlink":"https:\/\/wp.me\/p96e7O-3eI","jetpack-related-posts":[{"id":12428,"url":"https:\/\/gersonguelmann.com.br\/blog\/gleisi-podera-visitar-lula\/","url_meta":{"origin":12444,"position":0},"title":"Gleisi Poder\u00e1 Visitar Lula","author":"Gerson Guelmann","date":"3 de maio de 2018","format":false,"excerpt":"Not\u00edcia que acaba de ser publicada: BRASIL Amigos e aliados s\u00e3o autorizados a visitar Lula \u00e0s 5\u00aa feiras Presidente nacional do PT, senadora Gleisi Hoffmann, e o ex-ministro Jaques Wagner foram autorizados a estar com ex-presidente Por\u00a0Daniel Weterman, do Estad\u00e3o Conte\u00fado 3 maio 2018, 17h48 S\u00e3o Paulo \u2013 A Justi\u00e7a\u2026","rel":"","context":"Em &quot;Sem categoria&quot;","block_context":{"text":"Sem categoria","link":"https:\/\/gersonguelmann.com.br\/blog\/category\/sem-categoria\/"},"img":{"alt_text":"","src":"https:\/\/i0.wp.com\/gersonguelmann.com.br\/blog\/wp-content\/uploads\/2018\/05\/a18nzwweqyu2lstclx3lis6rv.jpg?fit=652%2C408&ssl=1&resize=350%2C200","width":350,"height":200,"srcset":"https:\/\/i0.wp.com\/gersonguelmann.com.br\/blog\/wp-content\/uploads\/2018\/05\/a18nzwweqyu2lstclx3lis6rv.jpg?fit=652%2C408&ssl=1&resize=350%2C200 1x, https:\/\/i0.wp.com\/gersonguelmann.com.br\/blog\/wp-content\/uploads\/2018\/05\/a18nzwweqyu2lstclx3lis6rv.jpg?fit=652%2C408&ssl=1&resize=525%2C300 1.5x"},"classes":[]},{"id":11794,"url":"https:\/\/gersonguelmann.com.br\/blog\/na-al-jazeera-a-patetica-gleisi-denuncia-a-prisao-de-lula\/","url_meta":{"origin":12444,"position":1},"title":"Na Al-Jazeera, a Pat\u00e9tica Gleisi Denuncia a Pris\u00e3o de Lula","author":"Gerson Guelmann","date":"18 de abril de 2018","format":false,"excerpt":"Um dos epis\u00f3dios mais constrangedores envolvendo a pris\u00e3o do ex-presidente Lula foi protagonizado pela senadora Gleisi Hoffmann. Em entrevista \u00e0 Al-Jazeera, a rede de TV sediada no Catar,\u00a0Gleisi disse ao mundo \u00e1rabe que Lula \u00e9 um preso pol\u00edtico condenado sem provas num processo ilegal conduzido por ju\u00edzes parciais.\u00a0 Ao mesmo\u2026","rel":"","context":"Em &quot;Sem categoria&quot;","block_context":{"text":"Sem categoria","link":"https:\/\/gersonguelmann.com.br\/blog\/category\/sem-categoria\/"},"img":{"alt_text":"","src":"https:\/\/i0.wp.com\/gersonguelmann.com.br\/blog\/wp-content\/uploads\/2018\/04\/download-12.jpg?resize=350%2C200&ssl=1","width":350,"height":200},"classes":[]},{"id":13697,"url":"https:\/\/gersonguelmann.com.br\/blog\/gleisi-pede-doacao-para-campanha-do-lula-nao-ria-e-serio\/","url_meta":{"origin":12444,"position":2},"title":"Gleisi Pede Doa\u00e7\u00e3o Para Campanha do Lula (N\u00e3o Ria, \u00e9 S\u00e9rio)","author":"Gerson Guelmann","date":"6 de junho de 2018","format":false,"excerpt":"N\u00e3o vou comentar a respeito. Farei apenas o registro, para an\u00e1lise de todos: - a presidente do PT, Gleisi Hoffmann, est\u00e1 usando as redes sociais para fazer um apelo para arrecada\u00e7\u00e3o de fundos destinados a financiar a campanha do Lula \u00e0 presid\u00eancia da Rep\u00fablica No site, o PT afirma que\u2026","rel":"","context":"Em &quot;Sem categoria&quot;","block_context":{"text":"Sem categoria","link":"https:\/\/gersonguelmann.com.br\/blog\/category\/sem-categoria\/"},"img":{"alt_text":"","src":"https:\/\/i0.wp.com\/gersonguelmann.com.br\/blog\/wp-content\/uploads\/2018\/06\/arte-lula-pre-campanha-780x440.jpeg?fit=540%2C281&ssl=1&resize=350%2C200","width":350,"height":200,"srcset":"https:\/\/i0.wp.com\/gersonguelmann.com.br\/blog\/wp-content\/uploads\/2018\/06\/arte-lula-pre-campanha-780x440.jpeg?fit=540%2C281&ssl=1&resize=350%2C200 1x, https:\/\/i0.wp.com\/gersonguelmann.com.br\/blog\/wp-content\/uploads\/2018\/06\/arte-lula-pre-campanha-780x440.jpeg?fit=540%2C281&ssl=1&resize=525%2C300 1.5x"},"classes":[]},{"id":11511,"url":"https:\/\/gersonguelmann.com.br\/blog\/muito-prazer-gleisi-lula-hoffmann\/","url_meta":{"origin":12444,"position":3},"title":"Muito Prazer, Gleisi Lula Hoffmann","author":"Gerson Guelmann","date":"11 de abril de 2018","format":false,"excerpt":"A senadora pelo Paran\u00e1, Gleisi Hoffmann, requereu do presidente do Senado Federal a inclus\u00e3o da palavra \"Lula\" em seu nome parlamentar, solicitando a devida altera\u00e7\u00e3o no painel do Plen\u00e1rio. A partir de agora o nome dela dever\u00e1 aparecer como \"Gleisi Lula Hoffmann\". Parece que outros parlamentares j\u00e1 fizeram ou far\u00e3o\u2026","rel":"","context":"Em &quot;Sem categoria&quot;","block_context":{"text":"Sem categoria","link":"https:\/\/gersonguelmann.com.br\/blog\/category\/sem-categoria\/"},"img":{"alt_text":"","src":"https:\/\/i0.wp.com\/gersonguelmann.com.br\/blog\/wp-content\/uploads\/2018\/04\/unnamed.jpg?fit=675%2C1200&ssl=1&resize=350%2C200","width":350,"height":200,"srcset":"https:\/\/i0.wp.com\/gersonguelmann.com.br\/blog\/wp-content\/uploads\/2018\/04\/unnamed.jpg?fit=675%2C1200&ssl=1&resize=350%2C200 1x, https:\/\/i0.wp.com\/gersonguelmann.com.br\/blog\/wp-content\/uploads\/2018\/04\/unnamed.jpg?fit=675%2C1200&ssl=1&resize=525%2C300 1.5x"},"classes":[]},{"id":12315,"url":"https:\/\/gersonguelmann.com.br\/blog\/urgente-gleisi-denunciada\/","url_meta":{"origin":12444,"position":4},"title":"Urgente: Gleisi Denunciada","author":"Gerson Guelmann","date":"30 de abril de 2018","format":false,"excerpt":"Acabou de sair n'O Antagonista: URGENTE: PGR DENUNCIA LULA, PALOCCI E GLEISI HOFFMANN Brasil\u00a030.04.18 19:54 Raquel Dodge acaba de denunciar ao STF o ex-presidente Lula, o ex-ministro Antonio Palocci e a senadora Gleisi Hoffmann, al\u00e9m de seu marido Paulo Bernardo, pelos crimes de corrup\u00e7\u00e3o e lavagem de dinheiro. Mat\u00e9ria original\u2026","rel":"","context":"Em &quot;Sem categoria&quot;","block_context":{"text":"Sem categoria","link":"https:\/\/gersonguelmann.com.br\/blog\/category\/sem-categoria\/"},"img":{"alt_text":"","src":"https:\/\/i0.wp.com\/gersonguelmann.com.br\/blog\/wp-content\/uploads\/2018\/04\/gleisi-hoffmann.jpeg?fit=736%2C439&ssl=1&resize=350%2C200","width":350,"height":200,"srcset":"https:\/\/i0.wp.com\/gersonguelmann.com.br\/blog\/wp-content\/uploads\/2018\/04\/gleisi-hoffmann.jpeg?fit=736%2C439&ssl=1&resize=350%2C200 1x, https:\/\/i0.wp.com\/gersonguelmann.com.br\/blog\/wp-content\/uploads\/2018\/04\/gleisi-hoffmann.jpeg?fit=736%2C439&ssl=1&resize=525%2C300 1.5x, https:\/\/i0.wp.com\/gersonguelmann.com.br\/blog\/wp-content\/uploads\/2018\/04\/gleisi-hoffmann.jpeg?fit=736%2C439&ssl=1&resize=700%2C400 2x"},"classes":[]},{"id":13644,"url":"https:\/\/gersonguelmann.com.br\/blog\/o-desastre-de-katia-abreu-apos-apoio-de-lula\/","url_meta":{"origin":12444,"position":5},"title":"O Desastre de Katia Abreu Ap\u00f3s o Apoio de Lula e Gleisi","author":"Gerson Guelmann","date":"4 de junho de 2018","format":false,"excerpt":"O estado de Tocantins teve elei\u00e7\u00f5es para governador ontem. O candidato Mauro Carlesse, que teve mais votos, n\u00e3o conseguiu a maioria, e haver\u00e1 um 2\u00b0 turno entre ele e\u00a0Vicentinho Alves. O vencedor ter\u00e1 um mandato-tamp\u00e3o de 6 meses. O novo pleito\u00a0ocorreu por determina\u00e7\u00e3o do Tribunal Superior Eleitoral, que cassou o\u2026","rel":"","context":"Em &quot;Sem categoria&quot;","block_context":{"text":"Sem categoria","link":"https:\/\/gersonguelmann.com.br\/blog\/category\/sem-categoria\/"},"img":{"alt_text":"","src":"https:\/\/i0.wp.com\/gersonguelmann.com.br\/blog\/wp-content\/uploads\/2018\/06\/KA.jpeg?fit=1200%2C1200&ssl=1&resize=350%2C200","width":350,"height":200,"srcset":"https:\/\/i0.wp.com\/gersonguelmann.com.br\/blog\/wp-content\/uploads\/2018\/06\/KA.jpeg?fit=1200%2C1200&ssl=1&resize=350%2C200 1x, https:\/\/i0.wp.com\/gersonguelmann.com.br\/blog\/wp-content\/uploads\/2018\/06\/KA.jpeg?fit=1200%2C1200&ssl=1&resize=525%2C300 1.5x, https:\/\/i0.wp.com\/gersonguelmann.com.br\/blog\/wp-content\/uploads\/2018\/06\/KA.jpeg?fit=1200%2C1200&ssl=1&resize=700%2C400 2x, https:\/\/i0.wp.com\/gersonguelmann.com.br\/blog\/wp-content\/uploads\/2018\/06\/KA.jpeg?fit=1200%2C1200&ssl=1&resize=1050%2C600 3x"},"classes":[]}],"jetpack_sharing_enabled":true,"post_mailing_queue_ids":[],"_links":{"self":[{"href":"https:\/\/gersonguelmann.com.br\/blog\/wp-json\/wp\/v2\/posts\/12444","targetHints":{"allow":["GET"]}}],"collection":[{"href":"https:\/\/gersonguelmann.com.br\/blog\/wp-json\/wp\/v2\/posts"}],"about":[{"href":"https:\/\/gersonguelmann.com.br\/blog\/wp-json\/wp\/v2\/types\/post"}],"author":[{"embeddable":true,"href":"https:\/\/gersonguelmann.com.br\/blog\/wp-json\/wp\/v2\/users\/5"}],"replies":[{"embeddable":true,"href":"https:\/\/gersonguelmann.com.br\/blog\/wp-json\/wp\/v2\/comments?post=12444"}],"version-history":[{"count":0,"href":"https:\/\/gersonguelmann.com.br\/blog\/wp-json\/wp\/v2\/posts\/12444\/revisions"}],"wp:featuredmedia":[{"embeddable":true,"href":"https:\/\/gersonguelmann.com.br\/blog\/wp-json\/wp\/v2\/media\/12446"}],"wp:attachment":[{"href":"https:\/\/gersonguelmann.com.br\/blog\/wp-json\/wp\/v2\/media?parent=12444"}],"wp:term":[{"taxonomy":"category","embeddable":true,"href":"https:\/\/gersonguelmann.com.br\/blog\/wp-json\/wp\/v2\/categories?post=12444"},{"taxonomy":"post_tag","embeddable":true,"href":"https:\/\/gersonguelmann.com.br\/blog\/wp-json\/wp\/v2\/tags?post=12444"}],"curies":[{"name":"wp","href":"https:\/\/api.w.org\/{rel}","templated":true}]}}