    {"id":12453,"date":"2018-05-04T10:53:06","date_gmt":"2018-05-04T13:53:06","guid":{"rendered":"https:\/\/gersonguelmann.com.br\/blog\/?p=12453"},"modified":"2018-05-04T11:01:58","modified_gmt":"2018-05-04T14:01:58","slug":"luana-piovani-e-a-maca-para-lula","status":"publish","type":"post","link":"https:\/\/gersonguelmann.com.br\/blog\/luana-piovani-e-a-maca-para-lula\/","title":{"rendered":"Luana Piovani e a Ma\u00e7\u00e3 Para Lula"},"content":{"rendered":"<p><span style=\"font-family: georgia, palatino, serif; font-size: 18pt; color: #000000;\">Leio agora que a atriz Luana Piovani veio a Curitiba para &#8220;pagar a promessa&#8221; que fez para o caso de Lula ser preso.<\/span><\/p>\n<p><span style=\"font-family: georgia, palatino, serif; font-size: 18pt; color: #000000;\">Impossibilitada de chegar at\u00e9 a porta da Superintend\u00eancia da Pol\u00edcia Federal, ela deixou numa cal\u00e7ada das proximidades o objeto da promessa: uma ma\u00e7\u00e3 que deveria ser entregue ao ex-presidente.<\/span><\/p>\n<p><span style=\"font-family: georgia, palatino, serif; font-size: 18pt; color: #000000;\">Cada qual com suas loucuras e posi\u00e7\u00f5es pol\u00edticas. <\/span><\/p>\n<p><span style=\"font-family: georgia, palatino, serif; font-size: 18pt; color: #000000;\">Lendo sobre ela vi que \u00e9 bastante pol\u00eamica em rela\u00e7\u00e3o ao assunto, tendo tido discuss\u00f5es com outros colegas de profiss\u00e3o por conta das posi\u00e7\u00f5es pol\u00edticas.<\/span><\/p>\n<p><span style=\"font-family: georgia, palatino, serif; font-size: 18pt; color: #000000;\">H\u00e1 tamb\u00e9m registro de coment\u00e1rios, a meu ver totalmente desnecess\u00e1rios, feitos quando do falecimento de D\u00aa Maria, esposa de Lula.<\/span><\/p>\n<p><span style=\"font-family: georgia, palatino, serif; font-size: 18pt; color: #000000;\">Se a mo\u00e7oila \u00e9, digamos, destemperada, h\u00e1 que se ressaltar que ela manifesta esperan\u00e7a de que <em>&#8220;A\u00e9cio [Neves], [Michel] Temer, Renan [Calheiros], [Zez\u00e9] Perrella e outros tantos&#8221;<\/em> tamb\u00e9m tenham o mesmo fim.<\/span><\/p>\n<p><span style=\"font-family: georgia, palatino, serif; font-size: 18pt; color: #000000;\">O v\u00eddeo feito por ela ainda n\u00e3o est\u00e1 no YouTube. Para assistir voc\u00ea ter\u00e1 que <span style=\"color: #0000ff;\"><em><strong><a style=\"color: #0000ff;\" href=\"http:\/\/emais.estadao.com.br\/noticias\/gente,luana-piovani-vai-a-curitiba-para-cumprir-promessa-por-prisao-de-lula,70002293856\">clicar aqui<\/a><\/strong><\/em><\/span>.<\/span><\/p>\n<p style=\"text-align: center;\"><img data-recalc-dims=\"1\" fetchpriority=\"high\" decoding=\"async\" data-attachment-id=\"12454\" data-permalink=\"https:\/\/gersonguelmann.com.br\/blog\/luana-piovani-e-a-maca-para-lula\/attachment\/1525387173886\/\" data-orig-file=\"https:\/\/i0.wp.com\/gersonguelmann.com.br\/blog\/wp-content\/uploads\/2018\/05\/1525387173886.jpg?fit=640%2C421&amp;ssl=1\" data-orig-size=\"640,421\" data-comments-opened=\"1\" data-image-meta=\"{&quot;aperture&quot;:&quot;0&quot;,&quot;credit&quot;:&quot;&quot;,&quot;camera&quot;:&quot;&quot;,&quot;caption&quot;:&quot;&quot;,&quot;created_timestamp&quot;:&quot;0&quot;,&quot;copyright&quot;:&quot;&quot;,&quot;focal_length&quot;:&quot;0&quot;,&quot;iso&quot;:&quot;0&quot;,&quot;shutter_speed&quot;:&quot;0&quot;,&quot;title&quot;:&quot;&quot;,&quot;orientation&quot;:&quot;0&quot;}\" data-image-title=\"1525387173886\" data-image-description=\"\" data-image-caption=\"\" data-medium-file=\"https:\/\/i0.wp.com\/gersonguelmann.com.br\/blog\/wp-content\/uploads\/2018\/05\/1525387173886.jpg?fit=300%2C197&amp;ssl=1\" data-large-file=\"https:\/\/i0.wp.com\/gersonguelmann.com.br\/blog\/wp-content\/uploads\/2018\/05\/1525387173886.jpg?fit=640%2C421&amp;ssl=1\" class=\"size-medium wp-image-12454 aligncenter\" src=\"https:\/\/i0.wp.com\/gersonguelmann.com.br\/blog\/wp-content\/uploads\/2018\/05\/1525387173886.jpg?resize=300%2C197&#038;ssl=1\" alt=\"\" width=\"300\" height=\"197\" srcset=\"https:\/\/i0.wp.com\/gersonguelmann.com.br\/blog\/wp-content\/uploads\/2018\/05\/1525387173886.jpg?resize=300%2C197&amp;ssl=1 300w, https:\/\/i0.wp.com\/gersonguelmann.com.br\/blog\/wp-content\/uploads\/2018\/05\/1525387173886.jpg?w=640&amp;ssl=1 640w\" sizes=\"(max-width: 300px) 100vw, 300px\" \/><span style=\"color: #808080;\"><em><strong><span style=\"font-family: georgia, palatino, serif; font-size: 10pt;\">Luana Piovani\u00a0Foto: Instagram \/ @luapio<\/span><\/strong><\/em><\/span><\/p>\n<p style=\"text-align: center;\">\n","protected":false},"excerpt":{"rendered":"<p>Leio agora que a atriz Luana Piovani veio a Curitiba para &#8220;pagar a promessa&#8221; que fez para o caso de Lula ser preso. Impossibilitada de chegar at\u00e9 a porta da Superintend\u00eancia da Pol\u00edcia Federal, ela deixou numa cal\u00e7ada das proximidades o objeto da promessa: uma ma\u00e7\u00e3 que deveria ser entregue ao ex-presidente. Cada qual com [&hellip;]<\/p>\n","protected":false},"author":5,"featured_media":12454,"comment_status":"open","ping_status":"open","sticky":false,"template":"","format":"standard","meta":{"_acf_changed":false,"jetpack_post_was_ever_published":false,"_jetpack_newsletter_access":"","_jetpack_dont_email_post_to_subs":false,"_jetpack_newsletter_tier_id":0,"_jetpack_memberships_contains_paywalled_content":false,"_jetpack_memberships_contains_paid_content":false,"footnotes":"","jetpack_publicize_message":"","jetpack_publicize_feature_enabled":true,"jetpack_social_post_already_shared":true,"jetpack_social_options":{"image_generator_settings":{"template":"highway","default_image_id":0,"font":"","enabled":false},"version":2}},"categories":[1],"tags":[],"class_list":["post-12453","post","type-post","status-publish","format-standard","has-post-thumbnail","hentry","category-sem-categoria"],"acf":[],"yoast_head":"<!-- This site is optimized with the Yoast SEO plugin v27.3 - https:\/\/yoast.com\/product\/yoast-seo-wordpress\/ -->\n<title>Luana Piovani e a Ma\u00e7\u00e3 Para Lula | Blog do Guelmann<\/title>\n<meta name=\"robots\" content=\"index, follow, max-snippet:-1, max-image-preview:large, max-video-preview:-1\" \/>\n<link rel=\"canonical\" href=\"https:\/\/gersonguelmann.com.br\/blog\/luana-piovani-e-a-maca-para-lula\/\" \/>\n<meta property=\"og:locale\" content=\"pt_BR\" \/>\n<meta property=\"og:type\" content=\"article\" \/>\n<meta property=\"og:title\" content=\"Luana Piovani e a Ma\u00e7\u00e3 Para Lula | Blog do Guelmann\" \/>\n<meta property=\"og:description\" content=\"Leio agora que a atriz Luana Piovani veio a Curitiba para &#8220;pagar a promessa&#8221; que fez para o caso de Lula ser preso. Impossibilitada de chegar at\u00e9 a porta da Superintend\u00eancia da Pol\u00edcia Federal, ela deixou numa cal\u00e7ada das proximidades o objeto da promessa: uma ma\u00e7\u00e3 que deveria ser entregue ao ex-presidente. Cada qual com [&hellip;]\" \/>\n<meta property=\"og:url\" content=\"https:\/\/gersonguelmann.com.br\/blog\/luana-piovani-e-a-maca-para-lula\/\" \/>\n<meta property=\"og:site_name\" content=\"Blog do Guelmann\" \/>\n<meta property=\"article:published_time\" content=\"2018-05-04T13:53:06+00:00\" \/>\n<meta property=\"article:modified_time\" content=\"2018-05-04T14:01:58+00:00\" \/>\n<meta property=\"og:image\" content=\"https:\/\/i0.wp.com\/gersonguelmann.com.br\/blog\/wp-content\/uploads\/2018\/05\/1525387173886.jpg?fit=640%2C421&ssl=1\" \/>\n\t<meta property=\"og:image:width\" content=\"640\" \/>\n\t<meta property=\"og:image:height\" content=\"421\" \/>\n\t<meta property=\"og:image:type\" content=\"image\/jpeg\" \/>\n<meta name=\"author\" content=\"Gerson Guelmann\" \/>\n<meta name=\"twitter:card\" content=\"summary_large_image\" \/>\n<meta name=\"twitter:label1\" content=\"Escrito por\" \/>\n\t<meta name=\"twitter:data1\" content=\"Gerson Guelmann\" \/>\n\t<meta name=\"twitter:label2\" content=\"Est. tempo de leitura\" \/>\n\t<meta name=\"twitter:data2\" content=\"1 minuto\" \/>\n<script type=\"application\/ld+json\" class=\"yoast-schema-graph\">{\"@context\":\"https:\\\/\\\/schema.org\",\"@graph\":[{\"@type\":\"Article\",\"@id\":\"https:\\\/\\\/gersonguelmann.com.br\\\/blog\\\/luana-piovani-e-a-maca-para-lula\\\/#article\",\"isPartOf\":{\"@id\":\"https:\\\/\\\/gersonguelmann.com.br\\\/blog\\\/luana-piovani-e-a-maca-para-lula\\\/\"},\"author\":{\"name\":\"Gerson Guelmann\",\"@id\":\"https:\\\/\\\/gersonguelmann.com.br\\\/blog\\\/#\\\/schema\\\/person\\\/87e70e2a786888082f941a482c90569e\"},\"headline\":\"Luana Piovani e a Ma\u00e7\u00e3 Para Lula\",\"datePublished\":\"2018-05-04T13:53:06+00:00\",\"dateModified\":\"2018-05-04T14:01:58+00:00\",\"mainEntityOfPage\":{\"@id\":\"https:\\\/\\\/gersonguelmann.com.br\\\/blog\\\/luana-piovani-e-a-maca-para-lula\\\/\"},\"wordCount\":184,\"commentCount\":0,\"image\":{\"@id\":\"https:\\\/\\\/gersonguelmann.com.br\\\/blog\\\/luana-piovani-e-a-maca-para-lula\\\/#primaryimage\"},\"thumbnailUrl\":\"https:\\\/\\\/i0.wp.com\\\/gersonguelmann.com.br\\\/blog\\\/wp-content\\\/uploads\\\/2018\\\/05\\\/1525387173886.jpg?fit=640%2C421&ssl=1\",\"inLanguage\":\"pt-BR\",\"potentialAction\":[{\"@type\":\"CommentAction\",\"name\":\"Comment\",\"target\":[\"https:\\\/\\\/gersonguelmann.com.br\\\/blog\\\/luana-piovani-e-a-maca-para-lula\\\/#respond\"]}]},{\"@type\":\"WebPage\",\"@id\":\"https:\\\/\\\/gersonguelmann.com.br\\\/blog\\\/luana-piovani-e-a-maca-para-lula\\\/\",\"url\":\"https:\\\/\\\/gersonguelmann.com.br\\\/blog\\\/luana-piovani-e-a-maca-para-lula\\\/\",\"name\":\"Luana Piovani e a Ma\u00e7\u00e3 Para Lula | Blog do Guelmann\",\"isPartOf\":{\"@id\":\"https:\\\/\\\/gersonguelmann.com.br\\\/blog\\\/#website\"},\"primaryImageOfPage\":{\"@id\":\"https:\\\/\\\/gersonguelmann.com.br\\\/blog\\\/luana-piovani-e-a-maca-para-lula\\\/#primaryimage\"},\"image\":{\"@id\":\"https:\\\/\\\/gersonguelmann.com.br\\\/blog\\\/luana-piovani-e-a-maca-para-lula\\\/#primaryimage\"},\"thumbnailUrl\":\"https:\\\/\\\/i0.wp.com\\\/gersonguelmann.com.br\\\/blog\\\/wp-content\\\/uploads\\\/2018\\\/05\\\/1525387173886.jpg?fit=640%2C421&ssl=1\",\"datePublished\":\"2018-05-04T13:53:06+00:00\",\"dateModified\":\"2018-05-04T14:01:58+00:00\",\"author\":{\"@id\":\"https:\\\/\\\/gersonguelmann.com.br\\\/blog\\\/#\\\/schema\\\/person\\\/87e70e2a786888082f941a482c90569e\"},\"inLanguage\":\"pt-BR\",\"potentialAction\":[{\"@type\":\"ReadAction\",\"target\":[\"https:\\\/\\\/gersonguelmann.com.br\\\/blog\\\/luana-piovani-e-a-maca-para-lula\\\/\"]}]},{\"@type\":\"ImageObject\",\"inLanguage\":\"pt-BR\",\"@id\":\"https:\\\/\\\/gersonguelmann.com.br\\\/blog\\\/luana-piovani-e-a-maca-para-lula\\\/#primaryimage\",\"url\":\"https:\\\/\\\/i0.wp.com\\\/gersonguelmann.com.br\\\/blog\\\/wp-content\\\/uploads\\\/2018\\\/05\\\/1525387173886.jpg?fit=640%2C421&ssl=1\",\"contentUrl\":\"https:\\\/\\\/i0.wp.com\\\/gersonguelmann.com.br\\\/blog\\\/wp-content\\\/uploads\\\/2018\\\/05\\\/1525387173886.jpg?fit=640%2C421&ssl=1\",\"width\":640,\"height\":421},{\"@type\":\"WebSite\",\"@id\":\"https:\\\/\\\/gersonguelmann.com.br\\\/blog\\\/#website\",\"url\":\"https:\\\/\\\/gersonguelmann.com.br\\\/blog\\\/\",\"name\":\"Blog do Guelmann\",\"description\":\"Pitadas da sabedoria e do humor judaicos, assuntos do momento e um pouco das hist\u00f3rias que vivi e testemunhei.\",\"potentialAction\":[{\"@type\":\"SearchAction\",\"target\":{\"@type\":\"EntryPoint\",\"urlTemplate\":\"https:\\\/\\\/gersonguelmann.com.br\\\/blog\\\/?s={search_term_string}\"},\"query-input\":{\"@type\":\"PropertyValueSpecification\",\"valueRequired\":true,\"valueName\":\"search_term_string\"}}],\"inLanguage\":\"pt-BR\"},{\"@type\":\"Person\",\"@id\":\"https:\\\/\\\/gersonguelmann.com.br\\\/blog\\\/#\\\/schema\\\/person\\\/87e70e2a786888082f941a482c90569e\",\"name\":\"Gerson Guelmann\",\"image\":{\"@type\":\"ImageObject\",\"inLanguage\":\"pt-BR\",\"@id\":\"https:\\\/\\\/i0.wp.com\\\/gersonguelmann.com.br\\\/blog\\\/wp-content\\\/uploads\\\/2021\\\/08\\\/BLOG.jpeg?fit=96%2C96&ssl=1\",\"url\":\"https:\\\/\\\/i0.wp.com\\\/gersonguelmann.com.br\\\/blog\\\/wp-content\\\/uploads\\\/2021\\\/08\\\/BLOG.jpeg?fit=96%2C96&ssl=1\",\"contentUrl\":\"https:\\\/\\\/i0.wp.com\\\/gersonguelmann.com.br\\\/blog\\\/wp-content\\\/uploads\\\/2021\\\/08\\\/BLOG.jpeg?fit=96%2C96&ssl=1\",\"caption\":\"Gerson Guelmann\"},\"description\":\"Pitadas da sabedoria e do humor judaicos, assuntos do momento e um pouco das hist\u00f3rias que vivi e testemunhei.\"}]}<\/script>\n<!-- \/ Yoast SEO plugin. -->","yoast_head_json":{"title":"Luana Piovani e a Ma\u00e7\u00e3 Para Lula | Blog do Guelmann","robots":{"index":"index","follow":"follow","max-snippet":"max-snippet:-1","max-image-preview":"max-image-preview:large","max-video-preview":"max-video-preview:-1"},"canonical":"https:\/\/gersonguelmann.com.br\/blog\/luana-piovani-e-a-maca-para-lula\/","og_locale":"pt_BR","og_type":"article","og_title":"Luana Piovani e a Ma\u00e7\u00e3 Para Lula | Blog do Guelmann","og_description":"Leio agora que a atriz Luana Piovani veio a Curitiba para &#8220;pagar a promessa&#8221; que fez para o caso de Lula ser preso. Impossibilitada de chegar at\u00e9 a porta da Superintend\u00eancia da Pol\u00edcia Federal, ela deixou numa cal\u00e7ada das proximidades o objeto da promessa: uma ma\u00e7\u00e3 que deveria ser entregue ao ex-presidente. Cada qual com [&hellip;]","og_url":"https:\/\/gersonguelmann.com.br\/blog\/luana-piovani-e-a-maca-para-lula\/","og_site_name":"Blog do Guelmann","article_published_time":"2018-05-04T13:53:06+00:00","article_modified_time":"2018-05-04T14:01:58+00:00","og_image":[{"width":640,"height":421,"url":"https:\/\/i0.wp.com\/gersonguelmann.com.br\/blog\/wp-content\/uploads\/2018\/05\/1525387173886.jpg?fit=640%2C421&ssl=1","type":"image\/jpeg"}],"author":"Gerson Guelmann","twitter_card":"summary_large_image","twitter_misc":{"Escrito por":"Gerson Guelmann","Est. tempo de leitura":"1 minuto"},"schema":{"@context":"https:\/\/schema.org","@graph":[{"@type":"Article","@id":"https:\/\/gersonguelmann.com.br\/blog\/luana-piovani-e-a-maca-para-lula\/#article","isPartOf":{"@id":"https:\/\/gersonguelmann.com.br\/blog\/luana-piovani-e-a-maca-para-lula\/"},"author":{"name":"Gerson Guelmann","@id":"https:\/\/gersonguelmann.com.br\/blog\/#\/schema\/person\/87e70e2a786888082f941a482c90569e"},"headline":"Luana Piovani e a Ma\u00e7\u00e3 Para Lula","datePublished":"2018-05-04T13:53:06+00:00","dateModified":"2018-05-04T14:01:58+00:00","mainEntityOfPage":{"@id":"https:\/\/gersonguelmann.com.br\/blog\/luana-piovani-e-a-maca-para-lula\/"},"wordCount":184,"commentCount":0,"image":{"@id":"https:\/\/gersonguelmann.com.br\/blog\/luana-piovani-e-a-maca-para-lula\/#primaryimage"},"thumbnailUrl":"https:\/\/i0.wp.com\/gersonguelmann.com.br\/blog\/wp-content\/uploads\/2018\/05\/1525387173886.jpg?fit=640%2C421&ssl=1","inLanguage":"pt-BR","potentialAction":[{"@type":"CommentAction","name":"Comment","target":["https:\/\/gersonguelmann.com.br\/blog\/luana-piovani-e-a-maca-para-lula\/#respond"]}]},{"@type":"WebPage","@id":"https:\/\/gersonguelmann.com.br\/blog\/luana-piovani-e-a-maca-para-lula\/","url":"https:\/\/gersonguelmann.com.br\/blog\/luana-piovani-e-a-maca-para-lula\/","name":"Luana Piovani e a Ma\u00e7\u00e3 Para Lula | Blog do Guelmann","isPartOf":{"@id":"https:\/\/gersonguelmann.com.br\/blog\/#website"},"primaryImageOfPage":{"@id":"https:\/\/gersonguelmann.com.br\/blog\/luana-piovani-e-a-maca-para-lula\/#primaryimage"},"image":{"@id":"https:\/\/gersonguelmann.com.br\/blog\/luana-piovani-e-a-maca-para-lula\/#primaryimage"},"thumbnailUrl":"https:\/\/i0.wp.com\/gersonguelmann.com.br\/blog\/wp-content\/uploads\/2018\/05\/1525387173886.jpg?fit=640%2C421&ssl=1","datePublished":"2018-05-04T13:53:06+00:00","dateModified":"2018-05-04T14:01:58+00:00","author":{"@id":"https:\/\/gersonguelmann.com.br\/blog\/#\/schema\/person\/87e70e2a786888082f941a482c90569e"},"inLanguage":"pt-BR","potentialAction":[{"@type":"ReadAction","target":["https:\/\/gersonguelmann.com.br\/blog\/luana-piovani-e-a-maca-para-lula\/"]}]},{"@type":"ImageObject","inLanguage":"pt-BR","@id":"https:\/\/gersonguelmann.com.br\/blog\/luana-piovani-e-a-maca-para-lula\/#primaryimage","url":"https:\/\/i0.wp.com\/gersonguelmann.com.br\/blog\/wp-content\/uploads\/2018\/05\/1525387173886.jpg?fit=640%2C421&ssl=1","contentUrl":"https:\/\/i0.wp.com\/gersonguelmann.com.br\/blog\/wp-content\/uploads\/2018\/05\/1525387173886.jpg?fit=640%2C421&ssl=1","width":640,"height":421},{"@type":"WebSite","@id":"https:\/\/gersonguelmann.com.br\/blog\/#website","url":"https:\/\/gersonguelmann.com.br\/blog\/","name":"Blog do Guelmann","description":"Pitadas da sabedoria e do humor judaicos, assuntos do momento e um pouco das hist\u00f3rias que vivi e testemunhei.","potentialAction":[{"@type":"SearchAction","target":{"@type":"EntryPoint","urlTemplate":"https:\/\/gersonguelmann.com.br\/blog\/?s={search_term_string}"},"query-input":{"@type":"PropertyValueSpecification","valueRequired":true,"valueName":"search_term_string"}}],"inLanguage":"pt-BR"},{"@type":"Person","@id":"https:\/\/gersonguelmann.com.br\/blog\/#\/schema\/person\/87e70e2a786888082f941a482c90569e","name":"Gerson Guelmann","image":{"@type":"ImageObject","inLanguage":"pt-BR","@id":"https:\/\/i0.wp.com\/gersonguelmann.com.br\/blog\/wp-content\/uploads\/2021\/08\/BLOG.jpeg?fit=96%2C96&ssl=1","url":"https:\/\/i0.wp.com\/gersonguelmann.com.br\/blog\/wp-content\/uploads\/2021\/08\/BLOG.jpeg?fit=96%2C96&ssl=1","contentUrl":"https:\/\/i0.wp.com\/gersonguelmann.com.br\/blog\/wp-content\/uploads\/2021\/08\/BLOG.jpeg?fit=96%2C96&ssl=1","caption":"Gerson Guelmann"},"description":"Pitadas da sabedoria e do humor judaicos, assuntos do momento e um pouco das hist\u00f3rias que vivi e testemunhei."}]}},"views":31,"jetpack_publicize_connections":[],"jetpack_featured_media_url":"https:\/\/i0.wp.com\/gersonguelmann.com.br\/blog\/wp-content\/uploads\/2018\/05\/1525387173886.jpg?fit=640%2C421&ssl=1","jetpack_shortlink":"https:\/\/wp.me\/p96e7O-3eR","jetpack-related-posts":[{"id":14578,"url":"https:\/\/gersonguelmann.com.br\/blog\/o-passo-a-passo-do-plano-para-libertar-lula\/","url_meta":{"origin":12453,"position":0},"title":"O Passo-a-Passo do Plano Para Libertar Lula","author":"Gerson Guelmann","date":"10 de julho de 2018","format":false,"excerpt":"O jornalista Ricardo Noblat, em sua coluna de hoje, trouxe um roteiro mostrando como foi a montagem do plano para permitir a sa\u00edda do Lula da pris\u00e3o em Curitiba. Acompanhe: Brasil,\u00a0Pol\u00edtica A hist\u00f3ria do golpe do PT para soltar Lula Mesmo que n\u00e3o desse certo, a Justi\u00e7a ficaria mal, como\u2026","rel":"","context":"Em &quot;Sem categoria&quot;","block_context":{"text":"Sem categoria","link":"https:\/\/gersonguelmann.com.br\/blog\/category\/sem-categoria\/"},"img":{"alt_text":"","src":"https:\/\/i0.wp.com\/gersonguelmann.com.br\/blog\/wp-content\/uploads\/2018\/07\/Plano.jpg?fit=750%2C500&ssl=1&resize=350%2C200","width":350,"height":200,"srcset":"https:\/\/i0.wp.com\/gersonguelmann.com.br\/blog\/wp-content\/uploads\/2018\/07\/Plano.jpg?fit=750%2C500&ssl=1&resize=350%2C200 1x, https:\/\/i0.wp.com\/gersonguelmann.com.br\/blog\/wp-content\/uploads\/2018\/07\/Plano.jpg?fit=750%2C500&ssl=1&resize=525%2C300 1.5x, https:\/\/i0.wp.com\/gersonguelmann.com.br\/blog\/wp-content\/uploads\/2018\/07\/Plano.jpg?fit=750%2C500&ssl=1&resize=700%2C400 2x"},"classes":[]},{"id":17658,"url":"https:\/\/gersonguelmann.com.br\/blog\/bolsonaro-lula-a-repeticao-do-nos-contra-eles\/","url_meta":{"origin":12453,"position":1},"title":"Bolsonaro &#038; Lula &#8211; A Repeti\u00e7\u00e3o do N\u00f3s Contra Eles","author":"Gerson Guelmann","date":"23 de julho de 2019","format":false,"excerpt":"Transcrevo, do jornal O Estado de s\u00e3o Paulo de 21 do corrente, artigo que a meu ver retrata com enorme propriedade e fidelidade o que se passa atualmente no pa\u00eds: O esgar\u00e7amento do tecido social O que ocorre hoje no Pa\u00eds \u00e9 continuidade do que se fez nos anos petistas,\u2026","rel":"","context":"Em &quot;Sem categoria&quot;","block_context":{"text":"Sem categoria","link":"https:\/\/gersonguelmann.com.br\/blog\/category\/sem-categoria\/"},"img":{"alt_text":"","src":"https:\/\/i0.wp.com\/gersonguelmann.com.br\/blog\/wp-content\/uploads\/2019\/07\/Fight-1.jpg?fit=1036%2C712&ssl=1&resize=350%2C200","width":350,"height":200,"srcset":"https:\/\/i0.wp.com\/gersonguelmann.com.br\/blog\/wp-content\/uploads\/2019\/07\/Fight-1.jpg?fit=1036%2C712&ssl=1&resize=350%2C200 1x, https:\/\/i0.wp.com\/gersonguelmann.com.br\/blog\/wp-content\/uploads\/2019\/07\/Fight-1.jpg?fit=1036%2C712&ssl=1&resize=525%2C300 1.5x, https:\/\/i0.wp.com\/gersonguelmann.com.br\/blog\/wp-content\/uploads\/2019\/07\/Fight-1.jpg?fit=1036%2C712&ssl=1&resize=700%2C400 2x"},"classes":[]},{"id":12838,"url":"https:\/\/gersonguelmann.com.br\/blog\/paulo-henrique-amorim-quem-diria-criticando-lula\/","url_meta":{"origin":12453,"position":2},"title":"Paulo Henrique Amorim, Quem Diria, Criticando Lula&#8230;","author":"Gerson Guelmann","date":"11 de maio de 2018","format":false,"excerpt":"Paulo Henrique Amorim, que todos conhecem pelas posi\u00e7\u00f5es extremadas em defesa de Lula e do PT como um todo, publicou v\u00eddeo onde critica a rela\u00e7\u00e3o do ex-presidente com a empreiteira Odebrecht.\u00a0 Eu seu canal no YouTube, al\u00e9m do v\u00eddeo com esse posicionamento, escreveu: - \"A rela\u00e7\u00e3o do presidente Lula com\u2026","rel":"","context":"Em &quot;Sem categoria&quot;","block_context":{"text":"Sem categoria","link":"https:\/\/gersonguelmann.com.br\/blog\/category\/sem-categoria\/"},"img":{"alt_text":"","src":"https:\/\/i0.wp.com\/gersonguelmann.com.br\/blog\/wp-content\/uploads\/2018\/05\/paulo-henrique-amorim_record_72c6814aef3765be31870368679022c612e7d8d3.jpeg?fit=730%2C410&ssl=1&resize=350%2C200","width":350,"height":200,"srcset":"https:\/\/i0.wp.com\/gersonguelmann.com.br\/blog\/wp-content\/uploads\/2018\/05\/paulo-henrique-amorim_record_72c6814aef3765be31870368679022c612e7d8d3.jpeg?fit=730%2C410&ssl=1&resize=350%2C200 1x, https:\/\/i0.wp.com\/gersonguelmann.com.br\/blog\/wp-content\/uploads\/2018\/05\/paulo-henrique-amorim_record_72c6814aef3765be31870368679022c612e7d8d3.jpeg?fit=730%2C410&ssl=1&resize=525%2C300 1.5x, https:\/\/i0.wp.com\/gersonguelmann.com.br\/blog\/wp-content\/uploads\/2018\/05\/paulo-henrique-amorim_record_72c6814aef3765be31870368679022c612e7d8d3.jpeg?fit=730%2C410&ssl=1&resize=700%2C400 2x"},"classes":[]},{"id":11104,"url":"https:\/\/gersonguelmann.com.br\/blog\/chamar-alguem-de-advogado-de-lula-da-encrenca\/","url_meta":{"origin":12453,"position":3},"title":"Chamar Algu\u00e9m de &#8220;Advogado de Lula&#8221; D\u00e1 Encrenca","author":"Gerson Guelmann","date":"31 de mar\u00e7o de 2018","format":false,"excerpt":"Mat\u00e9ria publicada hoje no site Consultor Jur\u00eddico: IMPUTA\u00c7\u00c3O DE CRIME Mulher \u00e9 condenada por cal\u00fania ap\u00f3s chamar vizinho de \"advogado de Lula\" 31 de mar\u00e7o de 2018, 12h56 Por\u00a0S\u00e9rgio Rodas Acusar algu\u00e9m de abusar da autoridade para evitar o cumprimento de uma decis\u00e3o judicial e comparar uma pessoa ao advogado\u2026","rel":"","context":"Em &quot;Sem categoria&quot;","block_context":{"text":"Sem categoria","link":"https:\/\/gersonguelmann.com.br\/blog\/category\/sem-categoria\/"},"img":{"alt_text":"","src":"https:\/\/i0.wp.com\/gersonguelmann.com.br\/blog\/wp-content\/uploads\/2018\/03\/download-5.jpg?resize=350%2C200&ssl=1","width":350,"height":200},"classes":[]},{"id":11694,"url":"https:\/\/gersonguelmann.com.br\/blog\/com-lula-fora-da-disputa-joaquim-barbosa-cresce\/","url_meta":{"origin":12453,"position":4},"title":"Com Lula Fora da Disputa, Joaquim Barbosa Cresce","author":"Gerson Guelmann","date":"16 de abril de 2018","format":false,"excerpt":"Mat\u00e9ria publicada no El Pa\u00eds: ELEI\u00c7\u00d5ES 2018 \u201cJoaquim Barbosa se tornou o \u00fanico \u2018outsider\u2019 com chances de disputar e ganhar\u201d Para cientista pol\u00edtico Fernando Luiz Abrucio, levantar a bandeira do anti-Lula \u00e9 perigoso para a centro-direita, especialmente no segundo turno. Professor da FGV diz que PT tem at\u00e9 junho para\u2026","rel":"","context":"Em &quot;Sem categoria&quot;","block_context":{"text":"Sem categoria","link":"https:\/\/gersonguelmann.com.br\/blog\/category\/sem-categoria\/"},"img":{"alt_text":"","src":"https:\/\/i0.wp.com\/gersonguelmann.com.br\/blog\/wp-content\/uploads\/2018\/04\/JB.jpg?fit=1200%2C675&ssl=1&resize=350%2C200","width":350,"height":200,"srcset":"https:\/\/i0.wp.com\/gersonguelmann.com.br\/blog\/wp-content\/uploads\/2018\/04\/JB.jpg?fit=1200%2C675&ssl=1&resize=350%2C200 1x, https:\/\/i0.wp.com\/gersonguelmann.com.br\/blog\/wp-content\/uploads\/2018\/04\/JB.jpg?fit=1200%2C675&ssl=1&resize=525%2C300 1.5x, https:\/\/i0.wp.com\/gersonguelmann.com.br\/blog\/wp-content\/uploads\/2018\/04\/JB.jpg?fit=1200%2C675&ssl=1&resize=700%2C400 2x, https:\/\/i0.wp.com\/gersonguelmann.com.br\/blog\/wp-content\/uploads\/2018\/04\/JB.jpg?fit=1200%2C675&ssl=1&resize=1050%2C600 3x"},"classes":[]},{"id":14007,"url":"https:\/\/gersonguelmann.com.br\/blog\/o-sitio-nao-era-de-lula-mas-da-marisa-aprovou-a-planta-da-cozinha\/","url_meta":{"origin":12453,"position":5},"title":"O S\u00edtio N\u00e3o Era de Lula, Mas D\u00aa Marisa Aprovou a Planta da Cozinha","author":"Gerson Guelmann","date":"15 de junho de 2018","format":false,"excerpt":"Acabou de sair na Zero Hora: POL\u00cdTICA Arquiteta diz a Moro que apresentou a Marisa Let\u00edcia projeto de cozinha de s\u00edtio 15\/06\/2018 - 19h11min A arquiteta Maria Cec\u00edlia de Castro afirmou, em depoimento ao juiz federal S\u00e9rgio Moro, nesta sexta-feira, 15, ter apresentado \u00e0 ex-primeira-dama Marisa Let\u00edcia o projeto para\u2026","rel":"","context":"Em &quot;Sem categoria&quot;","block_context":{"text":"Sem categoria","link":"https:\/\/gersonguelmann.com.br\/blog\/category\/sem-categoria\/"},"img":{"alt_text":"","src":"https:\/\/i0.wp.com\/gersonguelmann.com.br\/blog\/wp-content\/uploads\/2018\/06\/cozinha.jpeg?resize=350%2C200&ssl=1","width":350,"height":200},"classes":[]}],"jetpack_sharing_enabled":true,"post_mailing_queue_ids":[],"_links":{"self":[{"href":"https:\/\/gersonguelmann.com.br\/blog\/wp-json\/wp\/v2\/posts\/12453","targetHints":{"allow":["GET"]}}],"collection":[{"href":"https:\/\/gersonguelmann.com.br\/blog\/wp-json\/wp\/v2\/posts"}],"about":[{"href":"https:\/\/gersonguelmann.com.br\/blog\/wp-json\/wp\/v2\/types\/post"}],"author":[{"embeddable":true,"href":"https:\/\/gersonguelmann.com.br\/blog\/wp-json\/wp\/v2\/users\/5"}],"replies":[{"embeddable":true,"href":"https:\/\/gersonguelmann.com.br\/blog\/wp-json\/wp\/v2\/comments?post=12453"}],"version-history":[{"count":0,"href":"https:\/\/gersonguelmann.com.br\/blog\/wp-json\/wp\/v2\/posts\/12453\/revisions"}],"wp:featuredmedia":[{"embeddable":true,"href":"https:\/\/gersonguelmann.com.br\/blog\/wp-json\/wp\/v2\/media\/12454"}],"wp:attachment":[{"href":"https:\/\/gersonguelmann.com.br\/blog\/wp-json\/wp\/v2\/media?parent=12453"}],"wp:term":[{"taxonomy":"category","embeddable":true,"href":"https:\/\/gersonguelmann.com.br\/blog\/wp-json\/wp\/v2\/categories?post=12453"},{"taxonomy":"post_tag","embeddable":true,"href":"https:\/\/gersonguelmann.com.br\/blog\/wp-json\/wp\/v2\/tags?post=12453"}],"curies":[{"name":"wp","href":"https:\/\/api.w.org\/{rel}","templated":true}]}}