    {"id":12457,"date":"2018-05-04T12:51:05","date_gmt":"2018-05-04T15:51:05","guid":{"rendered":"https:\/\/gersonguelmann.com.br\/blog\/?p=12457"},"modified":"2018-05-04T12:51:05","modified_gmt":"2018-05-04T15:51:05","slug":"voce-paga-impostos-quando-coloca-os-pes-fora-da-cama-sabia","status":"publish","type":"post","link":"https:\/\/gersonguelmann.com.br\/blog\/voce-paga-impostos-quando-coloca-os-pes-fora-da-cama-sabia\/","title":{"rendered":"Voc\u00ea Paga Impostos Quando Coloca Os P\u00e9s Fora da Cama, Sabia?"},"content":{"rendered":"<p style=\"text-align: center;\"><img data-recalc-dims=\"1\" fetchpriority=\"high\" decoding=\"async\" data-attachment-id=\"12458\" data-permalink=\"https:\/\/gersonguelmann.com.br\/blog\/voce-paga-impostos-quando-coloca-os-pes-fora-da-cama-sabia\/impostos-2\/\" data-orig-file=\"https:\/\/i0.wp.com\/gersonguelmann.com.br\/blog\/wp-content\/uploads\/2018\/05\/Impostos.jpg?fit=1050%2C700&amp;ssl=1\" data-orig-size=\"1050,700\" data-comments-opened=\"1\" data-image-meta=\"{&quot;aperture&quot;:&quot;0&quot;,&quot;credit&quot;:&quot;&quot;,&quot;camera&quot;:&quot;&quot;,&quot;caption&quot;:&quot;&quot;,&quot;created_timestamp&quot;:&quot;0&quot;,&quot;copyright&quot;:&quot;&quot;,&quot;focal_length&quot;:&quot;0&quot;,&quot;iso&quot;:&quot;0&quot;,&quot;shutter_speed&quot;:&quot;0&quot;,&quot;title&quot;:&quot;&quot;,&quot;orientation&quot;:&quot;0&quot;}\" data-image-title=\"Impostos\" data-image-description=\"\" data-image-caption=\"\" data-medium-file=\"https:\/\/i0.wp.com\/gersonguelmann.com.br\/blog\/wp-content\/uploads\/2018\/05\/Impostos.jpg?fit=300%2C200&amp;ssl=1\" data-large-file=\"https:\/\/i0.wp.com\/gersonguelmann.com.br\/blog\/wp-content\/uploads\/2018\/05\/Impostos.jpg?fit=640%2C427&amp;ssl=1\" class=\"alignnone size-medium wp-image-12458\" src=\"https:\/\/i0.wp.com\/gersonguelmann.com.br\/blog\/wp-content\/uploads\/2018\/05\/Impostos.jpg?resize=300%2C200&#038;ssl=1\" alt=\"\" width=\"300\" height=\"200\" srcset=\"https:\/\/i0.wp.com\/gersonguelmann.com.br\/blog\/wp-content\/uploads\/2018\/05\/Impostos.jpg?resize=300%2C200&amp;ssl=1 300w, https:\/\/i0.wp.com\/gersonguelmann.com.br\/blog\/wp-content\/uploads\/2018\/05\/Impostos.jpg?resize=768%2C512&amp;ssl=1 768w, https:\/\/i0.wp.com\/gersonguelmann.com.br\/blog\/wp-content\/uploads\/2018\/05\/Impostos.jpg?resize=1024%2C683&amp;ssl=1 1024w, https:\/\/i0.wp.com\/gersonguelmann.com.br\/blog\/wp-content\/uploads\/2018\/05\/Impostos.jpg?resize=750%2C500&amp;ssl=1 750w, https:\/\/i0.wp.com\/gersonguelmann.com.br\/blog\/wp-content\/uploads\/2018\/05\/Impostos.jpg?w=1050&amp;ssl=1 1050w\" sizes=\"(max-width: 300px) 100vw, 300px\" \/><\/p>\n<p><span style=\"font-family: georgia, palatino, serif; font-size: 18pt; color: #000000;\">Um gr\u00e1fico interessante que mostra os impostos que pagamos desde que acordamos e colocamos os p\u00e9s para fora da cama, at\u00e9 chegar ao trabalho. <\/span><\/p>\n<p><span style=\"font-family: georgia, palatino, serif; font-size: 18pt; color: #000000;\">N\u00e3o tenho o gr\u00e1fico seguinte.<\/span><\/p>\n<p><span style=\"font-family: georgia, palatino, serif; font-size: 18pt; color: #000000;\">Acho melhor n\u00e3o saber, mesmo.<\/span><\/p>\n<p><img data-recalc-dims=\"1\" decoding=\"async\" data-attachment-id=\"12464\" data-permalink=\"https:\/\/gersonguelmann.com.br\/blog\/voce-paga-impostos-quando-coloca-os-pes-fora-da-cama-sabia\/impostos-4\/\" data-orig-file=\"https:\/\/i0.wp.com\/gersonguelmann.com.br\/blog\/wp-content\/uploads\/2018\/05\/Impostos-2.jpg?fit=1280%2C1252&amp;ssl=1\" data-orig-size=\"1280,1252\" data-comments-opened=\"1\" data-image-meta=\"{&quot;aperture&quot;:&quot;0&quot;,&quot;credit&quot;:&quot;&quot;,&quot;camera&quot;:&quot;&quot;,&quot;caption&quot;:&quot;&quot;,&quot;created_timestamp&quot;:&quot;0&quot;,&quot;copyright&quot;:&quot;&quot;,&quot;focal_length&quot;:&quot;0&quot;,&quot;iso&quot;:&quot;0&quot;,&quot;shutter_speed&quot;:&quot;0&quot;,&quot;title&quot;:&quot;&quot;,&quot;orientation&quot;:&quot;0&quot;}\" data-image-title=\"Impostos\" data-image-description=\"\" data-image-caption=\"\" data-medium-file=\"https:\/\/i0.wp.com\/gersonguelmann.com.br\/blog\/wp-content\/uploads\/2018\/05\/Impostos-2.jpg?fit=300%2C293&amp;ssl=1\" data-large-file=\"https:\/\/i0.wp.com\/gersonguelmann.com.br\/blog\/wp-content\/uploads\/2018\/05\/Impostos-2.jpg?fit=640%2C626&amp;ssl=1\" class=\"size-medium wp-image-12464 aligncenter\" src=\"https:\/\/i0.wp.com\/gersonguelmann.com.br\/blog\/wp-content\/uploads\/2018\/05\/Impostos-2.jpg?resize=300%2C293&#038;ssl=1\" alt=\"\" width=\"300\" height=\"293\" srcset=\"https:\/\/i0.wp.com\/gersonguelmann.com.br\/blog\/wp-content\/uploads\/2018\/05\/Impostos-2.jpg?resize=300%2C293&amp;ssl=1 300w, https:\/\/i0.wp.com\/gersonguelmann.com.br\/blog\/wp-content\/uploads\/2018\/05\/Impostos-2.jpg?resize=768%2C751&amp;ssl=1 768w, https:\/\/i0.wp.com\/gersonguelmann.com.br\/blog\/wp-content\/uploads\/2018\/05\/Impostos-2.jpg?resize=1024%2C1002&amp;ssl=1 1024w, https:\/\/i0.wp.com\/gersonguelmann.com.br\/blog\/wp-content\/uploads\/2018\/05\/Impostos-2.jpg?w=1280&amp;ssl=1 1280w\" sizes=\"(max-width: 300px) 100vw, 300px\" \/><\/p>\n","protected":false},"excerpt":{"rendered":"<p>Um gr\u00e1fico interessante que mostra os impostos que pagamos desde que acordamos e colocamos os p\u00e9s para fora da cama, at\u00e9 chegar ao trabalho. N\u00e3o tenho o gr\u00e1fico seguinte. Acho melhor n\u00e3o saber, mesmo.<\/p>\n","protected":false},"author":5,"featured_media":12458,"comment_status":"open","ping_status":"open","sticky":false,"template":"","format":"standard","meta":{"_acf_changed":false,"jetpack_post_was_ever_published":false,"_jetpack_newsletter_access":"","_jetpack_dont_email_post_to_subs":false,"_jetpack_newsletter_tier_id":0,"_jetpack_memberships_contains_paywalled_content":false,"_jetpack_memberships_contains_paid_content":false,"footnotes":"","jetpack_publicize_message":"","jetpack_publicize_feature_enabled":true,"jetpack_social_post_already_shared":true,"jetpack_social_options":{"image_generator_settings":{"template":"highway","default_image_id":0,"font":"","enabled":false},"version":2}},"categories":[1],"tags":[],"class_list":["post-12457","post","type-post","status-publish","format-standard","has-post-thumbnail","hentry","category-sem-categoria"],"acf":[],"yoast_head":"<!-- This site is optimized with the Yoast SEO plugin v27.3 - https:\/\/yoast.com\/product\/yoast-seo-wordpress\/ -->\n<title>Voc\u00ea Paga Impostos Quando Coloca Os P\u00e9s Fora da Cama, Sabia? | Blog do Guelmann<\/title>\n<meta name=\"robots\" content=\"index, follow, max-snippet:-1, max-image-preview:large, max-video-preview:-1\" \/>\n<link rel=\"canonical\" href=\"https:\/\/gersonguelmann.com.br\/blog\/voce-paga-impostos-quando-coloca-os-pes-fora-da-cama-sabia\/\" \/>\n<meta property=\"og:locale\" content=\"pt_BR\" \/>\n<meta property=\"og:type\" content=\"article\" \/>\n<meta property=\"og:title\" content=\"Voc\u00ea Paga Impostos Quando Coloca Os P\u00e9s Fora da Cama, Sabia? | Blog do Guelmann\" \/>\n<meta property=\"og:description\" content=\"Um gr\u00e1fico interessante que mostra os impostos que pagamos desde que acordamos e colocamos os p\u00e9s para fora da cama, at\u00e9 chegar ao trabalho. N\u00e3o tenho o gr\u00e1fico seguinte. Acho melhor n\u00e3o saber, mesmo.\" \/>\n<meta property=\"og:url\" content=\"https:\/\/gersonguelmann.com.br\/blog\/voce-paga-impostos-quando-coloca-os-pes-fora-da-cama-sabia\/\" \/>\n<meta property=\"og:site_name\" content=\"Blog do Guelmann\" \/>\n<meta property=\"article:published_time\" content=\"2018-05-04T15:51:05+00:00\" \/>\n<meta property=\"og:image\" content=\"https:\/\/i0.wp.com\/gersonguelmann.com.br\/blog\/wp-content\/uploads\/2018\/05\/Impostos.jpg?fit=1050%2C700&ssl=1\" \/>\n\t<meta property=\"og:image:width\" content=\"1050\" \/>\n\t<meta property=\"og:image:height\" content=\"700\" \/>\n\t<meta property=\"og:image:type\" content=\"image\/jpeg\" \/>\n<meta name=\"author\" content=\"Gerson Guelmann\" \/>\n<meta name=\"twitter:card\" content=\"summary_large_image\" \/>\n<meta name=\"twitter:label1\" content=\"Escrito por\" \/>\n\t<meta name=\"twitter:data1\" content=\"Gerson Guelmann\" \/>\n<script type=\"application\/ld+json\" class=\"yoast-schema-graph\">{\"@context\":\"https:\\\/\\\/schema.org\",\"@graph\":[{\"@type\":\"Article\",\"@id\":\"https:\\\/\\\/gersonguelmann.com.br\\\/blog\\\/voce-paga-impostos-quando-coloca-os-pes-fora-da-cama-sabia\\\/#article\",\"isPartOf\":{\"@id\":\"https:\\\/\\\/gersonguelmann.com.br\\\/blog\\\/voce-paga-impostos-quando-coloca-os-pes-fora-da-cama-sabia\\\/\"},\"author\":{\"name\":\"Gerson Guelmann\",\"@id\":\"https:\\\/\\\/gersonguelmann.com.br\\\/blog\\\/#\\\/schema\\\/person\\\/87e70e2a786888082f941a482c90569e\"},\"headline\":\"Voc\u00ea Paga Impostos Quando Coloca Os P\u00e9s Fora da Cama, Sabia?\",\"datePublished\":\"2018-05-04T15:51:05+00:00\",\"mainEntityOfPage\":{\"@id\":\"https:\\\/\\\/gersonguelmann.com.br\\\/blog\\\/voce-paga-impostos-quando-coloca-os-pes-fora-da-cama-sabia\\\/\"},\"wordCount\":51,\"commentCount\":0,\"image\":{\"@id\":\"https:\\\/\\\/gersonguelmann.com.br\\\/blog\\\/voce-paga-impostos-quando-coloca-os-pes-fora-da-cama-sabia\\\/#primaryimage\"},\"thumbnailUrl\":\"https:\\\/\\\/i0.wp.com\\\/gersonguelmann.com.br\\\/blog\\\/wp-content\\\/uploads\\\/2018\\\/05\\\/Impostos.jpg?fit=1050%2C700&ssl=1\",\"inLanguage\":\"pt-BR\",\"potentialAction\":[{\"@type\":\"CommentAction\",\"name\":\"Comment\",\"target\":[\"https:\\\/\\\/gersonguelmann.com.br\\\/blog\\\/voce-paga-impostos-quando-coloca-os-pes-fora-da-cama-sabia\\\/#respond\"]}]},{\"@type\":\"WebPage\",\"@id\":\"https:\\\/\\\/gersonguelmann.com.br\\\/blog\\\/voce-paga-impostos-quando-coloca-os-pes-fora-da-cama-sabia\\\/\",\"url\":\"https:\\\/\\\/gersonguelmann.com.br\\\/blog\\\/voce-paga-impostos-quando-coloca-os-pes-fora-da-cama-sabia\\\/\",\"name\":\"Voc\u00ea Paga Impostos Quando Coloca Os P\u00e9s Fora da Cama, Sabia? | Blog do Guelmann\",\"isPartOf\":{\"@id\":\"https:\\\/\\\/gersonguelmann.com.br\\\/blog\\\/#website\"},\"primaryImageOfPage\":{\"@id\":\"https:\\\/\\\/gersonguelmann.com.br\\\/blog\\\/voce-paga-impostos-quando-coloca-os-pes-fora-da-cama-sabia\\\/#primaryimage\"},\"image\":{\"@id\":\"https:\\\/\\\/gersonguelmann.com.br\\\/blog\\\/voce-paga-impostos-quando-coloca-os-pes-fora-da-cama-sabia\\\/#primaryimage\"},\"thumbnailUrl\":\"https:\\\/\\\/i0.wp.com\\\/gersonguelmann.com.br\\\/blog\\\/wp-content\\\/uploads\\\/2018\\\/05\\\/Impostos.jpg?fit=1050%2C700&ssl=1\",\"datePublished\":\"2018-05-04T15:51:05+00:00\",\"author\":{\"@id\":\"https:\\\/\\\/gersonguelmann.com.br\\\/blog\\\/#\\\/schema\\\/person\\\/87e70e2a786888082f941a482c90569e\"},\"inLanguage\":\"pt-BR\",\"potentialAction\":[{\"@type\":\"ReadAction\",\"target\":[\"https:\\\/\\\/gersonguelmann.com.br\\\/blog\\\/voce-paga-impostos-quando-coloca-os-pes-fora-da-cama-sabia\\\/\"]}]},{\"@type\":\"ImageObject\",\"inLanguage\":\"pt-BR\",\"@id\":\"https:\\\/\\\/gersonguelmann.com.br\\\/blog\\\/voce-paga-impostos-quando-coloca-os-pes-fora-da-cama-sabia\\\/#primaryimage\",\"url\":\"https:\\\/\\\/i0.wp.com\\\/gersonguelmann.com.br\\\/blog\\\/wp-content\\\/uploads\\\/2018\\\/05\\\/Impostos.jpg?fit=1050%2C700&ssl=1\",\"contentUrl\":\"https:\\\/\\\/i0.wp.com\\\/gersonguelmann.com.br\\\/blog\\\/wp-content\\\/uploads\\\/2018\\\/05\\\/Impostos.jpg?fit=1050%2C700&ssl=1\",\"width\":1050,\"height\":700},{\"@type\":\"WebSite\",\"@id\":\"https:\\\/\\\/gersonguelmann.com.br\\\/blog\\\/#website\",\"url\":\"https:\\\/\\\/gersonguelmann.com.br\\\/blog\\\/\",\"name\":\"Blog do Guelmann\",\"description\":\"Pitadas da sabedoria e do humor judaicos, assuntos do momento e um pouco das hist\u00f3rias que vivi e testemunhei.\",\"potentialAction\":[{\"@type\":\"SearchAction\",\"target\":{\"@type\":\"EntryPoint\",\"urlTemplate\":\"https:\\\/\\\/gersonguelmann.com.br\\\/blog\\\/?s={search_term_string}\"},\"query-input\":{\"@type\":\"PropertyValueSpecification\",\"valueRequired\":true,\"valueName\":\"search_term_string\"}}],\"inLanguage\":\"pt-BR\"},{\"@type\":\"Person\",\"@id\":\"https:\\\/\\\/gersonguelmann.com.br\\\/blog\\\/#\\\/schema\\\/person\\\/87e70e2a786888082f941a482c90569e\",\"name\":\"Gerson Guelmann\",\"image\":{\"@type\":\"ImageObject\",\"inLanguage\":\"pt-BR\",\"@id\":\"https:\\\/\\\/i0.wp.com\\\/gersonguelmann.com.br\\\/blog\\\/wp-content\\\/uploads\\\/2021\\\/08\\\/BLOG.jpeg?fit=96%2C96&ssl=1\",\"url\":\"https:\\\/\\\/i0.wp.com\\\/gersonguelmann.com.br\\\/blog\\\/wp-content\\\/uploads\\\/2021\\\/08\\\/BLOG.jpeg?fit=96%2C96&ssl=1\",\"contentUrl\":\"https:\\\/\\\/i0.wp.com\\\/gersonguelmann.com.br\\\/blog\\\/wp-content\\\/uploads\\\/2021\\\/08\\\/BLOG.jpeg?fit=96%2C96&ssl=1\",\"caption\":\"Gerson Guelmann\"},\"description\":\"Pitadas da sabedoria e do humor judaicos, assuntos do momento e um pouco das hist\u00f3rias que vivi e testemunhei.\"}]}<\/script>\n<!-- \/ Yoast SEO plugin. -->","yoast_head_json":{"title":"Voc\u00ea Paga Impostos Quando Coloca Os P\u00e9s Fora da Cama, Sabia? | Blog do Guelmann","robots":{"index":"index","follow":"follow","max-snippet":"max-snippet:-1","max-image-preview":"max-image-preview:large","max-video-preview":"max-video-preview:-1"},"canonical":"https:\/\/gersonguelmann.com.br\/blog\/voce-paga-impostos-quando-coloca-os-pes-fora-da-cama-sabia\/","og_locale":"pt_BR","og_type":"article","og_title":"Voc\u00ea Paga Impostos Quando Coloca Os P\u00e9s Fora da Cama, Sabia? | Blog do Guelmann","og_description":"Um gr\u00e1fico interessante que mostra os impostos que pagamos desde que acordamos e colocamos os p\u00e9s para fora da cama, at\u00e9 chegar ao trabalho. N\u00e3o tenho o gr\u00e1fico seguinte. Acho melhor n\u00e3o saber, mesmo.","og_url":"https:\/\/gersonguelmann.com.br\/blog\/voce-paga-impostos-quando-coloca-os-pes-fora-da-cama-sabia\/","og_site_name":"Blog do Guelmann","article_published_time":"2018-05-04T15:51:05+00:00","og_image":[{"width":1050,"height":700,"url":"https:\/\/i0.wp.com\/gersonguelmann.com.br\/blog\/wp-content\/uploads\/2018\/05\/Impostos.jpg?fit=1050%2C700&ssl=1","type":"image\/jpeg"}],"author":"Gerson Guelmann","twitter_card":"summary_large_image","twitter_misc":{"Escrito por":"Gerson Guelmann"},"schema":{"@context":"https:\/\/schema.org","@graph":[{"@type":"Article","@id":"https:\/\/gersonguelmann.com.br\/blog\/voce-paga-impostos-quando-coloca-os-pes-fora-da-cama-sabia\/#article","isPartOf":{"@id":"https:\/\/gersonguelmann.com.br\/blog\/voce-paga-impostos-quando-coloca-os-pes-fora-da-cama-sabia\/"},"author":{"name":"Gerson Guelmann","@id":"https:\/\/gersonguelmann.com.br\/blog\/#\/schema\/person\/87e70e2a786888082f941a482c90569e"},"headline":"Voc\u00ea Paga Impostos Quando Coloca Os P\u00e9s Fora da Cama, Sabia?","datePublished":"2018-05-04T15:51:05+00:00","mainEntityOfPage":{"@id":"https:\/\/gersonguelmann.com.br\/blog\/voce-paga-impostos-quando-coloca-os-pes-fora-da-cama-sabia\/"},"wordCount":51,"commentCount":0,"image":{"@id":"https:\/\/gersonguelmann.com.br\/blog\/voce-paga-impostos-quando-coloca-os-pes-fora-da-cama-sabia\/#primaryimage"},"thumbnailUrl":"https:\/\/i0.wp.com\/gersonguelmann.com.br\/blog\/wp-content\/uploads\/2018\/05\/Impostos.jpg?fit=1050%2C700&ssl=1","inLanguage":"pt-BR","potentialAction":[{"@type":"CommentAction","name":"Comment","target":["https:\/\/gersonguelmann.com.br\/blog\/voce-paga-impostos-quando-coloca-os-pes-fora-da-cama-sabia\/#respond"]}]},{"@type":"WebPage","@id":"https:\/\/gersonguelmann.com.br\/blog\/voce-paga-impostos-quando-coloca-os-pes-fora-da-cama-sabia\/","url":"https:\/\/gersonguelmann.com.br\/blog\/voce-paga-impostos-quando-coloca-os-pes-fora-da-cama-sabia\/","name":"Voc\u00ea Paga Impostos Quando Coloca Os P\u00e9s Fora da Cama, Sabia? | Blog do Guelmann","isPartOf":{"@id":"https:\/\/gersonguelmann.com.br\/blog\/#website"},"primaryImageOfPage":{"@id":"https:\/\/gersonguelmann.com.br\/blog\/voce-paga-impostos-quando-coloca-os-pes-fora-da-cama-sabia\/#primaryimage"},"image":{"@id":"https:\/\/gersonguelmann.com.br\/blog\/voce-paga-impostos-quando-coloca-os-pes-fora-da-cama-sabia\/#primaryimage"},"thumbnailUrl":"https:\/\/i0.wp.com\/gersonguelmann.com.br\/blog\/wp-content\/uploads\/2018\/05\/Impostos.jpg?fit=1050%2C700&ssl=1","datePublished":"2018-05-04T15:51:05+00:00","author":{"@id":"https:\/\/gersonguelmann.com.br\/blog\/#\/schema\/person\/87e70e2a786888082f941a482c90569e"},"inLanguage":"pt-BR","potentialAction":[{"@type":"ReadAction","target":["https:\/\/gersonguelmann.com.br\/blog\/voce-paga-impostos-quando-coloca-os-pes-fora-da-cama-sabia\/"]}]},{"@type":"ImageObject","inLanguage":"pt-BR","@id":"https:\/\/gersonguelmann.com.br\/blog\/voce-paga-impostos-quando-coloca-os-pes-fora-da-cama-sabia\/#primaryimage","url":"https:\/\/i0.wp.com\/gersonguelmann.com.br\/blog\/wp-content\/uploads\/2018\/05\/Impostos.jpg?fit=1050%2C700&ssl=1","contentUrl":"https:\/\/i0.wp.com\/gersonguelmann.com.br\/blog\/wp-content\/uploads\/2018\/05\/Impostos.jpg?fit=1050%2C700&ssl=1","width":1050,"height":700},{"@type":"WebSite","@id":"https:\/\/gersonguelmann.com.br\/blog\/#website","url":"https:\/\/gersonguelmann.com.br\/blog\/","name":"Blog do Guelmann","description":"Pitadas da sabedoria e do humor judaicos, assuntos do momento e um pouco das hist\u00f3rias que vivi e testemunhei.","potentialAction":[{"@type":"SearchAction","target":{"@type":"EntryPoint","urlTemplate":"https:\/\/gersonguelmann.com.br\/blog\/?s={search_term_string}"},"query-input":{"@type":"PropertyValueSpecification","valueRequired":true,"valueName":"search_term_string"}}],"inLanguage":"pt-BR"},{"@type":"Person","@id":"https:\/\/gersonguelmann.com.br\/blog\/#\/schema\/person\/87e70e2a786888082f941a482c90569e","name":"Gerson Guelmann","image":{"@type":"ImageObject","inLanguage":"pt-BR","@id":"https:\/\/i0.wp.com\/gersonguelmann.com.br\/blog\/wp-content\/uploads\/2021\/08\/BLOG.jpeg?fit=96%2C96&ssl=1","url":"https:\/\/i0.wp.com\/gersonguelmann.com.br\/blog\/wp-content\/uploads\/2021\/08\/BLOG.jpeg?fit=96%2C96&ssl=1","contentUrl":"https:\/\/i0.wp.com\/gersonguelmann.com.br\/blog\/wp-content\/uploads\/2021\/08\/BLOG.jpeg?fit=96%2C96&ssl=1","caption":"Gerson Guelmann"},"description":"Pitadas da sabedoria e do humor judaicos, assuntos do momento e um pouco das hist\u00f3rias que vivi e testemunhei."}]}},"views":44,"jetpack_publicize_connections":[],"jetpack_featured_media_url":"https:\/\/i0.wp.com\/gersonguelmann.com.br\/blog\/wp-content\/uploads\/2018\/05\/Impostos.jpg?fit=1050%2C700&ssl=1","jetpack_shortlink":"https:\/\/wp.me\/p96e7O-3eV","jetpack-related-posts":[{"id":2100,"url":"https:\/\/gersonguelmann.com.br\/blog\/como-e-bom-saber-que-os-impostos-sao-bem-aplicados-ne\/","url_meta":{"origin":12457,"position":0},"title":"Como \u00e9 bom saber que os impostos s\u00e3o bem aplicados, n\u00e9?","author":"Gerson Guelmann","date":"27 de setembro de 2017","format":false,"excerpt":"Escutei hoje cedo que o Exmo. Ministro da Fazenda, Sr. Henrique Meirelles, adiou o retorno ao Brasil porque o avi\u00e3o da FAB que o aguardava em Londres teve uma falha t\u00e9cnica. O Ministro deveria voltar Brasil na noite de ter\u00e7a, chegando na quarta a Brasilia, depois de ter passado por\u2026","rel":"","context":"Em &quot;Sem categoria&quot;","block_context":{"text":"Sem categoria","link":"https:\/\/gersonguelmann.com.br\/blog\/category\/sem-categoria\/"},"img":{"alt_text":"","src":"https:\/\/i0.wp.com\/gersonguelmann.com.br\/blog\/wp-content\/uploads\/2017\/09\/FAB.jpg?fit=1200%2C960&ssl=1&resize=350%2C200","width":350,"height":200,"srcset":"https:\/\/i0.wp.com\/gersonguelmann.com.br\/blog\/wp-content\/uploads\/2017\/09\/FAB.jpg?fit=1200%2C960&ssl=1&resize=350%2C200 1x, https:\/\/i0.wp.com\/gersonguelmann.com.br\/blog\/wp-content\/uploads\/2017\/09\/FAB.jpg?fit=1200%2C960&ssl=1&resize=525%2C300 1.5x, https:\/\/i0.wp.com\/gersonguelmann.com.br\/blog\/wp-content\/uploads\/2017\/09\/FAB.jpg?fit=1200%2C960&ssl=1&resize=700%2C400 2x, https:\/\/i0.wp.com\/gersonguelmann.com.br\/blog\/wp-content\/uploads\/2017\/09\/FAB.jpg?fit=1200%2C960&ssl=1&resize=1050%2C600 3x"},"classes":[]},{"id":5472,"url":"https:\/\/gersonguelmann.com.br\/blog\/a-mulher-embaixo-da-cama-o-bom-humor-das-redes\/","url_meta":{"origin":12457,"position":1},"title":"A Mulher Embaixo da Cama &#8211; O Bom Humor das Redes","author":"Gerson Guelmann","date":"11 de fevereiro de 2021","format":false,"excerpt":"Para ver a rea\u00e7\u00e3o do marido a mulher escreveu um bilhete, deixou no travesseiro e escondeu-se embaixo da cama, bem na hora em que ele estava chegando em casa: - \"Fui embora. N\u00e3o volto mais.\" Ele entrou no quarto, leu o bilhete, rabiscou alguma coisa no mesmo papel e enquanto\u2026","rel":"","context":"Em &quot;Sem categoria&quot;","block_context":{"text":"Sem categoria","link":"https:\/\/gersonguelmann.com.br\/blog\/category\/sem-categoria\/"},"img":{"alt_text":"","src":"https:\/\/i0.wp.com\/gersonguelmann.com.br\/blog\/wp-content\/uploads\/2017\/12\/Bilhete.jpg?fit=660%2C450&ssl=1&resize=350%2C200","width":350,"height":200,"srcset":"https:\/\/i0.wp.com\/gersonguelmann.com.br\/blog\/wp-content\/uploads\/2017\/12\/Bilhete.jpg?fit=660%2C450&ssl=1&resize=350%2C200 1x, https:\/\/i0.wp.com\/gersonguelmann.com.br\/blog\/wp-content\/uploads\/2017\/12\/Bilhete.jpg?fit=660%2C450&ssl=1&resize=525%2C300 1.5x"},"classes":[]},{"id":26017,"url":"https:\/\/gersonguelmann.com.br\/blog\/sexta-do-humor-e-da-cultura-judaica-a-psiquiatria-rabinica\/","url_meta":{"origin":12457,"position":2},"title":"Sexta do Humor e da Cultura Judaica &#8211; A Psiquiatria Rab\u00ednica","author":"Gerson Guelmann","date":"30 de maio de 2025","format":false,"excerpt":"A Psiquiatria Rab\u00ednica Shimon vivia atormentado com um problema que n\u00e3o o deixava dormir \u2014 literalmente.\u00a0Todas as noites, ao se deitar, era tomado por um medo terr\u00edvel de que houvesse algu\u00e9m escondido debaixo da cama, pronto para lhe fazer algum mal. O pobre homem j\u00e1 estava ficando meshiguene(*) de tanta\u2026","rel":"","context":"Em &quot;Sem categoria&quot;","block_context":{"text":"Sem categoria","link":"https:\/\/gersonguelmann.com.br\/blog\/category\/sem-categoria\/"},"img":{"alt_text":"","src":"https:\/\/i0.wp.com\/gersonguelmann.com.br\/blog\/wp-content\/uploads\/2025\/05\/3005-1.jpg?fit=1200%2C800&ssl=1&resize=350%2C200","width":350,"height":200,"srcset":"https:\/\/i0.wp.com\/gersonguelmann.com.br\/blog\/wp-content\/uploads\/2025\/05\/3005-1.jpg?fit=1200%2C800&ssl=1&resize=350%2C200 1x, https:\/\/i0.wp.com\/gersonguelmann.com.br\/blog\/wp-content\/uploads\/2025\/05\/3005-1.jpg?fit=1200%2C800&ssl=1&resize=525%2C300 1.5x, https:\/\/i0.wp.com\/gersonguelmann.com.br\/blog\/wp-content\/uploads\/2025\/05\/3005-1.jpg?fit=1200%2C800&ssl=1&resize=700%2C400 2x, https:\/\/i0.wp.com\/gersonguelmann.com.br\/blog\/wp-content\/uploads\/2025\/05\/3005-1.jpg?fit=1200%2C800&ssl=1&resize=1050%2C600 3x"},"classes":[]},{"id":1489,"url":"https:\/\/gersonguelmann.com.br\/blog\/o-funeral-da-tia-em-cuba\/","url_meta":{"origin":12457,"position":3},"title":"O Funeral da Tia em Cuba","author":"Gerson Guelmann","date":"29 de janeiro de 2024","format":false,"excerpt":"Uma fam\u00edlia cubana se surpreendeu quando chegou de Miami o caix\u00e3o com o cad\u00e1ver de uma tia muito querida, que havia mudado para os Estados Unidos fugindo da revolu\u00e7\u00e3o de Fidel Castro. O corpo estava t\u00e3o apertado dentro do caix\u00e3o que o rosto parecia estar colado no visor de vidro.\u2026","rel":"","context":"Em &quot;Sem categoria&quot;","block_context":{"text":"Sem categoria","link":"https:\/\/gersonguelmann.com.br\/blog\/category\/sem-categoria\/"},"img":{"alt_text":"","src":"https:\/\/i0.wp.com\/gersonguelmann.com.br\/blog\/wp-content\/uploads\/2017\/09\/Funeral.jpg?fit=960%2C720&ssl=1&resize=350%2C200","width":350,"height":200,"srcset":"https:\/\/i0.wp.com\/gersonguelmann.com.br\/blog\/wp-content\/uploads\/2017\/09\/Funeral.jpg?fit=960%2C720&ssl=1&resize=350%2C200 1x, https:\/\/i0.wp.com\/gersonguelmann.com.br\/blog\/wp-content\/uploads\/2017\/09\/Funeral.jpg?fit=960%2C720&ssl=1&resize=525%2C300 1.5x, https:\/\/i0.wp.com\/gersonguelmann.com.br\/blog\/wp-content\/uploads\/2017\/09\/Funeral.jpg?fit=960%2C720&ssl=1&resize=700%2C400 2x"},"classes":[]},{"id":4722,"url":"https:\/\/gersonguelmann.com.br\/blog\/porque-alguns-judeus-esperam-12-segundos-antes-de-levantar-da-cama\/","url_meta":{"origin":12457,"position":4},"title":"Porque Alguns Judeus Esperam 12 Segundos Antes de Levantar da Cama?","author":"Gerson Guelmann","date":"25 de agosto de 2025","format":false,"excerpt":"N\u00f3s, os mais \u201cexperientes\u201d (adoro esse eufemismo para \u201cidosos\u201d ou \u201cvelhos\u201d...) certamente j\u00e1 nos deparamos com a situa\u00e7\u00e3o, \u00e0s vezes curiosa e eventualmente assustadora, de sentir tontura ao se levantar da cama abruptamente pela manh\u00e3. Realmente h\u00e1 casos em que essa ocorr\u00eancia ao despertar resulta em desmaios e quedas, n\u00e3o\u2026","rel":"","context":"Em &quot;Sem categoria&quot;","block_context":{"text":"Sem categoria","link":"https:\/\/gersonguelmann.com.br\/blog\/category\/sem-categoria\/"},"img":{"alt_text":"","src":"https:\/\/i0.wp.com\/gersonguelmann.com.br\/blog\/wp-content\/uploads\/2025\/08\/HojePR-1.jpeg?fit=600%2C400&ssl=1&resize=350%2C200","width":350,"height":200,"srcset":"https:\/\/i0.wp.com\/gersonguelmann.com.br\/blog\/wp-content\/uploads\/2025\/08\/HojePR-1.jpeg?fit=600%2C400&ssl=1&resize=350%2C200 1x, https:\/\/i0.wp.com\/gersonguelmann.com.br\/blog\/wp-content\/uploads\/2025\/08\/HojePR-1.jpeg?fit=600%2C400&ssl=1&resize=525%2C300 1.5x"},"classes":[]},{"id":25261,"url":"https:\/\/gersonguelmann.com.br\/blog\/sexta-do-humor-e-da-cultura-judaica-ordem-medica-nao-se-discute\/","url_meta":{"origin":12457,"position":5},"title":"Sexta do Humor e da Cultura Judaica &#8211; Ordem M\u00e9dica N\u00e3o Se Discute&#8230;","author":"Gerson Guelmann","date":"2 de maio de 2025","format":false,"excerpt":"Ordem M\u00e9dica N\u00e3o Se Discute... Elias, um senhor judeu de 80 anos, estava no consult\u00f3rio do doutor Myers ap\u00f3s o check-up conclu\u00eddo h\u00e1 poucos dias. O m\u00e9dico analisou tudo demoradamente, atento aos exames de sangue e de imagem, especialmente os relacionados \u00e0 fun\u00e7\u00e3o card\u00edaca. Ap\u00f3s alguns minutos, balan\u00e7ou a cabe\u00e7a\u2026","rel":"","context":"Em &quot;Sem categoria&quot;","block_context":{"text":"Sem categoria","link":"https:\/\/gersonguelmann.com.br\/blog\/category\/sem-categoria\/"},"img":{"alt_text":"","src":"https:\/\/i0.wp.com\/gersonguelmann.com.br\/blog\/wp-content\/uploads\/2025\/05\/HojePR-1.jpg?fit=600%2C400&ssl=1&resize=350%2C200","width":350,"height":200,"srcset":"https:\/\/i0.wp.com\/gersonguelmann.com.br\/blog\/wp-content\/uploads\/2025\/05\/HojePR-1.jpg?fit=600%2C400&ssl=1&resize=350%2C200 1x, https:\/\/i0.wp.com\/gersonguelmann.com.br\/blog\/wp-content\/uploads\/2025\/05\/HojePR-1.jpg?fit=600%2C400&ssl=1&resize=525%2C300 1.5x"},"classes":[]}],"jetpack_sharing_enabled":true,"post_mailing_queue_ids":[],"_links":{"self":[{"href":"https:\/\/gersonguelmann.com.br\/blog\/wp-json\/wp\/v2\/posts\/12457","targetHints":{"allow":["GET"]}}],"collection":[{"href":"https:\/\/gersonguelmann.com.br\/blog\/wp-json\/wp\/v2\/posts"}],"about":[{"href":"https:\/\/gersonguelmann.com.br\/blog\/wp-json\/wp\/v2\/types\/post"}],"author":[{"embeddable":true,"href":"https:\/\/gersonguelmann.com.br\/blog\/wp-json\/wp\/v2\/users\/5"}],"replies":[{"embeddable":true,"href":"https:\/\/gersonguelmann.com.br\/blog\/wp-json\/wp\/v2\/comments?post=12457"}],"version-history":[{"count":0,"href":"https:\/\/gersonguelmann.com.br\/blog\/wp-json\/wp\/v2\/posts\/12457\/revisions"}],"wp:featuredmedia":[{"embeddable":true,"href":"https:\/\/gersonguelmann.com.br\/blog\/wp-json\/wp\/v2\/media\/12458"}],"wp:attachment":[{"href":"https:\/\/gersonguelmann.com.br\/blog\/wp-json\/wp\/v2\/media?parent=12457"}],"wp:term":[{"taxonomy":"category","embeddable":true,"href":"https:\/\/gersonguelmann.com.br\/blog\/wp-json\/wp\/v2\/categories?post=12457"},{"taxonomy":"post_tag","embeddable":true,"href":"https:\/\/gersonguelmann.com.br\/blog\/wp-json\/wp\/v2\/tags?post=12457"}],"curies":[{"name":"wp","href":"https:\/\/api.w.org\/{rel}","templated":true}]}}