    {"id":12461,"date":"2018-05-04T12:24:35","date_gmt":"2018-05-04T15:24:35","guid":{"rendered":"https:\/\/gersonguelmann.com.br\/blog\/?p=12461"},"modified":"2018-05-04T12:24:35","modified_gmt":"2018-05-04T15:24:35","slug":"11-vinhos-e-espumantes-brasileiros-premiados-na-franca","status":"publish","type":"post","link":"https:\/\/gersonguelmann.com.br\/blog\/11-vinhos-e-espumantes-brasileiros-premiados-na-franca\/","title":{"rendered":"11 Vinhos e Espumantes Brasileiros Premiados na Fran\u00e7a"},"content":{"rendered":"<p><span style=\"color: #000000; font-family: georgia, palatino, serif; font-size: 18pt;\">A Ga\u00fachaZH publicou mat\u00e9ria sobre a presen\u00e7a de vinhos e espumantes brasileiros em competi\u00e7\u00e3o realizada em Bordeaux, na Fran\u00e7a.<\/span><\/p>\n<p><span style=\"color: #000000; font-family: georgia, palatino, serif; font-size: 18pt;\">Foram premiados 11 r\u00f3tulos, sendo 10 ga\u00fachos e um paranaense.<\/span><\/p>\n<p><span style=\"color: #000000; font-family: georgia, palatino, serif; font-size: 18pt;\">Transcrevo a mat\u00e9ria:<\/span><\/p>\n<p class=\"m-deck\"><span style=\"font-size: 14pt;\"><strong><span class=\"span\" style=\"color: #000000;\">MERECEM BRINDE<\/span><\/strong><\/span><\/p>\n<p class=\"m-headline\"><span style=\"font-size: 18pt;\"><strong><span style=\"color: #000000;\">10 vinhos e espumantes do RS ganham medalhas na Fran\u00e7a; saiba quais s\u00e3o<\/span><\/strong><\/span><\/p>\n<p class=\"m-supportline\"><span style=\"color: #000000; font-size: 14pt;\">Dos 11 r\u00f3tulos brasileiros que receberam destaque no desafio realizado em Bordeaux apenas um n\u00e3o era ga\u00facho<\/span><\/p>\n<p><span style=\"color: #000000; font-size: 14pt;\">Considerado um dos mais importantes concursos de\u00a0<strong>degusta\u00e7\u00e3o de vinhos e espumantes<\/strong>\u00a0do mundo, o Challenge International du Vin 2018 (Desafio Internacional do Vinho 2018), realizado em Bordeaux, na Fran\u00e7a, premiou 11 r\u00f3tulos brasileiros (10 deles\u00a0<strong>produzidos no Rio Grande do Sul<\/strong>).\u00a0<\/span><\/p>\n<div class=\"article-paragraph\">\n<p><span style=\"color: #000000; font-size: 14pt;\">Quatro receberam a\u00a0<strong>medalha de ouro<\/strong>, tr\u00eas a de prata e outros quatro a de bronze.<\/span><\/p>\n<\/div>\n<div class=\"article-paragraph\">\n<p><span style=\"color: #000000; font-size: 14pt;\">\u2014 Ganhar uma premia\u00e7\u00e3o dentro da Fran\u00e7a, sem d\u00favida, \u00e9 uma coisa importante para o Brasil. E ter 11 amostras reconhecidas representa a qualidade do vinho brasileiro \u2014 afirma o en\u00f3logo Edegar Scortegagna, presidente da Associa\u00e7\u00e3o Brasileira de Enologia (ABE).<\/span><\/p>\n<\/div>\n<div class=\"article-paragraph\">\n<p><span style=\"color: #000000; font-size: 14pt;\">As 5 mil amostras inscritas por 38 pa\u00edses foram avaliadas por 800 degustadores do mundo inteiro.<\/span><\/p>\n<\/div>\n<div class=\"article-paragraph\">\n<h2><span style=\"color: #000000; font-size: 14pt;\">Confira as marcas brasileiras premiadas<\/span><\/h2>\n<\/div>\n<div class=\"article-paragraph\">\n<h3><span style=\"color: #000000; font-size: 14pt;\">Medalha de Ouro<\/span><\/h3>\n<\/div>\n<div class=\"article-paragraph\">\n<p><span style=\"color: #000000; font-size: 14pt;\">\u2014 Casa Valduga Leopoldina Gran Chardonnay 2017, Casa Valduga Vinhos Finos<\/span><\/p>\n<\/div>\n<div class=\"article-paragraph\">\n<p><span style=\"color: #000000; font-size: 14pt;\">\u2014 Garibaldi Espumante Chardonnay, Cooperativa Vin\u00edcola Garibaldi<\/span><\/p>\n<\/div>\n<div class=\"article-paragraph\">\n<p><span style=\"color: #000000; font-size: 14pt;\">\u2014 Lunar Espumante Prosecco 2017, Famiglia Zanlorenzi Ltda (Paran\u00e1)<\/span><\/p>\n<\/div>\n<div class=\"article-paragraph\">\n<p><span style=\"color: #000000; font-size: 14pt;\">\u2014 Miolo Merlot Terroir 2015, Miolo Wine Group Vitivinicultura<\/span><\/p>\n<\/div>\n<div class=\"article-paragraph\">\n<h3><span style=\"color: #000000; font-size: 14pt;\">Medalha de Prata<\/span><\/h3>\n<\/div>\n<div class=\"article-paragraph\">\n<p><span style=\"color: #000000; font-size: 14pt;\">\u2014 Garibaldi Espumante Prosecco, Cooperativa Vin\u00edcola Garibaldi<\/span><\/p>\n<\/div>\n<div class=\"article-paragraph\">\n<p><span style=\"color: #000000; font-size: 14pt;\">\u2014 Jolimont Recolte Secrete Cabernet Sauvignon 2015, Vitivinicola Jolimont Ltda<\/span><\/p>\n<\/div>\n<div class=\"article-paragraph\">\n<p><span style=\"color: #000000; font-size: 14pt;\">\u2014 Ponto Nero Espumante Brut, Domno do Brasil<\/span><\/p>\n<\/div>\n<div class=\"article-paragraph\">\n<h3><span style=\"color: #000000; font-size: 14pt;\">Medalha de Bronze<\/span><\/h3>\n<\/div>\n<div class=\"article-paragraph\">\n<p><span style=\"color: #000000; font-size: 14pt;\">\u2014 Aurora Reserva Chardonnay, Cooperativa Vin\u00edcola Aurora Ltda<\/span><\/p>\n<\/div>\n<div class=\"article-paragraph\">\n<p><span style=\"color: #000000; font-size: 14pt;\">\u2014 Fazenda Santa Rita Sauvignon Blanc 2017, Vin\u00edcola Fazenda Santa Rita Eireli<\/span><\/p>\n<\/div>\n<div class=\"article-paragraph\">\n<p><span style=\"color: #000000; font-size: 14pt;\">\u2014 Marcus James Espumante Brut 2017, Cooperativa Vin\u00edcola Aurora Ltda<\/span><\/p>\n<\/div>\n<div class=\"article-paragraph\">\n<p><span style=\"color: #000000; font-size: 14pt;\">\u2014 Casa Valduga 130 anos Espumante Blanc de Noir, Casa Valduga Vinhos Finos<\/span><\/p>\n<p><span style=\"color: #000000; font-family: georgia, palatino, serif; font-size: 18pt;\">A mat\u00e9ria original pode ser lida <span style=\"color: #0000ff;\"><a style=\"color: #0000ff;\" href=\"https:\/\/gauchazh.clicrbs.com.br\/colunistas\/gisele-loeblein\/noticia\/2018\/05\/10-vinhos-e-espumantes-do-rs-ganham-medalha-na-franca-saiba-quais-sao-cjgqzverg029f01papi4tsehd.html\"><em><strong>aqui<\/strong><\/em><\/a><\/span>.<\/span><\/p>\n<p style=\"text-align: center;\"><img data-recalc-dims=\"1\" fetchpriority=\"high\" decoding=\"async\" data-attachment-id=\"12462\" data-permalink=\"https:\/\/gersonguelmann.com.br\/blog\/11-vinhos-e-espumantes-brasileiros-premiados-na-franca\/espumantes-degustados1\/\" data-orig-file=\"https:\/\/i0.wp.com\/gersonguelmann.com.br\/blog\/wp-content\/uploads\/2018\/05\/Espumantes-degustados1.jpg?fit=1772%2C1177&amp;ssl=1\" data-orig-size=\"1772,1177\" data-comments-opened=\"1\" data-image-meta=\"{&quot;aperture&quot;:&quot;4.5&quot;,&quot;credit&quot;:&quot;PRISCILLA FIEDLER&quot;,&quot;camera&quot;:&quot;NIKON D300S&quot;,&quot;caption&quot;:&quot;&quot;,&quot;created_timestamp&quot;:&quot;1316729166&quot;,&quot;copyright&quot;:&quot;CREDITO:Priscilla Fiedler&quot;,&quot;focal_length&quot;:&quot;28&quot;,&quot;iso&quot;:&quot;3200&quot;,&quot;shutter_speed&quot;:&quot;0.025&quot;,&quot;title&quot;:&quot;&quot;,&quot;orientation&quot;:&quot;1&quot;}\" data-image-title=\"Espumantes-degustados1\" data-image-description=\"\" data-image-caption=\"\" data-medium-file=\"https:\/\/i0.wp.com\/gersonguelmann.com.br\/blog\/wp-content\/uploads\/2018\/05\/Espumantes-degustados1.jpg?fit=300%2C199&amp;ssl=1\" data-large-file=\"https:\/\/i0.wp.com\/gersonguelmann.com.br\/blog\/wp-content\/uploads\/2018\/05\/Espumantes-degustados1.jpg?fit=640%2C425&amp;ssl=1\" class=\"size-medium wp-image-12462 aligncenter\" src=\"https:\/\/i0.wp.com\/gersonguelmann.com.br\/blog\/wp-content\/uploads\/2018\/05\/Espumantes-degustados1.jpg?resize=300%2C199&#038;ssl=1\" alt=\"\" width=\"300\" height=\"199\" srcset=\"https:\/\/i0.wp.com\/gersonguelmann.com.br\/blog\/wp-content\/uploads\/2018\/05\/Espumantes-degustados1.jpg?resize=300%2C199&amp;ssl=1 300w, https:\/\/i0.wp.com\/gersonguelmann.com.br\/blog\/wp-content\/uploads\/2018\/05\/Espumantes-degustados1.jpg?resize=768%2C510&amp;ssl=1 768w, https:\/\/i0.wp.com\/gersonguelmann.com.br\/blog\/wp-content\/uploads\/2018\/05\/Espumantes-degustados1.jpg?resize=1024%2C680&amp;ssl=1 1024w, https:\/\/i0.wp.com\/gersonguelmann.com.br\/blog\/wp-content\/uploads\/2018\/05\/Espumantes-degustados1.jpg?resize=750%2C500&amp;ssl=1 750w, https:\/\/i0.wp.com\/gersonguelmann.com.br\/blog\/wp-content\/uploads\/2018\/05\/Espumantes-degustados1.jpg?w=1772&amp;ssl=1 1772w, https:\/\/i0.wp.com\/gersonguelmann.com.br\/blog\/wp-content\/uploads\/2018\/05\/Espumantes-degustados1.jpg?w=1280&amp;ssl=1 1280w\" sizes=\"(max-width: 300px) 100vw, 300px\" \/><span style=\"font-size: 10pt; color: #808080;\"><em><strong><span style=\"font-family: georgia, palatino, serif;\">Foto: Revista Vin\u00edcola<\/span><\/strong><\/em><\/span><\/p>\n<p>&nbsp;<\/p>\n<\/div>\n","protected":false},"excerpt":{"rendered":"<p>A Ga\u00fachaZH publicou mat\u00e9ria sobre a presen\u00e7a de vinhos e espumantes brasileiros em competi\u00e7\u00e3o realizada em Bordeaux, na Fran\u00e7a. Foram premiados 11 r\u00f3tulos, sendo 10 ga\u00fachos e um paranaense. Transcrevo a mat\u00e9ria: MERECEM BRINDE 10 vinhos e espumantes do RS ganham medalhas na Fran\u00e7a; saiba quais s\u00e3o Dos 11 r\u00f3tulos brasileiros que receberam destaque no [&hellip;]<\/p>\n","protected":false},"author":5,"featured_media":12462,"comment_status":"open","ping_status":"open","sticky":false,"template":"","format":"standard","meta":{"_acf_changed":false,"jetpack_post_was_ever_published":false,"_jetpack_newsletter_access":"","_jetpack_dont_email_post_to_subs":false,"_jetpack_newsletter_tier_id":0,"_jetpack_memberships_contains_paywalled_content":false,"_jetpack_memberships_contains_paid_content":false,"footnotes":"","jetpack_publicize_message":"","jetpack_publicize_feature_enabled":true,"jetpack_social_post_already_shared":true,"jetpack_social_options":{"image_generator_settings":{"template":"highway","default_image_id":0,"font":"","enabled":false},"version":2}},"categories":[1],"tags":[],"class_list":["post-12461","post","type-post","status-publish","format-standard","has-post-thumbnail","hentry","category-sem-categoria"],"acf":[],"yoast_head":"<!-- This site is optimized with the Yoast SEO plugin v27.3 - https:\/\/yoast.com\/product\/yoast-seo-wordpress\/ -->\n<title>11 Vinhos e Espumantes Brasileiros Premiados na Fran\u00e7a | Blog do Guelmann<\/title>\n<meta name=\"robots\" content=\"index, follow, max-snippet:-1, max-image-preview:large, max-video-preview:-1\" \/>\n<link rel=\"canonical\" href=\"https:\/\/gersonguelmann.com.br\/blog\/11-vinhos-e-espumantes-brasileiros-premiados-na-franca\/\" \/>\n<meta property=\"og:locale\" content=\"pt_BR\" \/>\n<meta property=\"og:type\" content=\"article\" \/>\n<meta property=\"og:title\" content=\"11 Vinhos e Espumantes Brasileiros Premiados na Fran\u00e7a | Blog do Guelmann\" \/>\n<meta property=\"og:description\" content=\"A Ga\u00fachaZH publicou mat\u00e9ria sobre a presen\u00e7a de vinhos e espumantes brasileiros em competi\u00e7\u00e3o realizada em Bordeaux, na Fran\u00e7a. Foram premiados 11 r\u00f3tulos, sendo 10 ga\u00fachos e um paranaense. Transcrevo a mat\u00e9ria: MERECEM BRINDE 10 vinhos e espumantes do RS ganham medalhas na Fran\u00e7a; saiba quais s\u00e3o Dos 11 r\u00f3tulos brasileiros que receberam destaque no [&hellip;]\" \/>\n<meta property=\"og:url\" content=\"https:\/\/gersonguelmann.com.br\/blog\/11-vinhos-e-espumantes-brasileiros-premiados-na-franca\/\" \/>\n<meta property=\"og:site_name\" content=\"Blog do Guelmann\" \/>\n<meta property=\"article:published_time\" content=\"2018-05-04T15:24:35+00:00\" \/>\n<meta property=\"og:image\" content=\"https:\/\/i0.wp.com\/gersonguelmann.com.br\/blog\/wp-content\/uploads\/2018\/05\/Espumantes-degustados1.jpg?fit=1772%2C1177&ssl=1\" \/>\n\t<meta property=\"og:image:width\" content=\"1772\" \/>\n\t<meta property=\"og:image:height\" content=\"1177\" \/>\n\t<meta property=\"og:image:type\" content=\"image\/jpeg\" \/>\n<meta name=\"author\" content=\"Gerson Guelmann\" \/>\n<meta name=\"twitter:card\" content=\"summary_large_image\" \/>\n<meta name=\"twitter:label1\" content=\"Escrito por\" \/>\n\t<meta name=\"twitter:data1\" content=\"Gerson Guelmann\" \/>\n\t<meta name=\"twitter:label2\" content=\"Est. tempo de leitura\" \/>\n\t<meta name=\"twitter:data2\" content=\"2 minutos\" \/>\n<script type=\"application\/ld+json\" class=\"yoast-schema-graph\">{\"@context\":\"https:\\\/\\\/schema.org\",\"@graph\":[{\"@type\":\"Article\",\"@id\":\"https:\\\/\\\/gersonguelmann.com.br\\\/blog\\\/11-vinhos-e-espumantes-brasileiros-premiados-na-franca\\\/#article\",\"isPartOf\":{\"@id\":\"https:\\\/\\\/gersonguelmann.com.br\\\/blog\\\/11-vinhos-e-espumantes-brasileiros-premiados-na-franca\\\/\"},\"author\":{\"name\":\"Gerson Guelmann\",\"@id\":\"https:\\\/\\\/gersonguelmann.com.br\\\/blog\\\/#\\\/schema\\\/person\\\/87e70e2a786888082f941a482c90569e\"},\"headline\":\"11 Vinhos e Espumantes Brasileiros Premiados na Fran\u00e7a\",\"datePublished\":\"2018-05-04T15:24:35+00:00\",\"mainEntityOfPage\":{\"@id\":\"https:\\\/\\\/gersonguelmann.com.br\\\/blog\\\/11-vinhos-e-espumantes-brasileiros-premiados-na-franca\\\/\"},\"wordCount\":312,\"commentCount\":0,\"image\":{\"@id\":\"https:\\\/\\\/gersonguelmann.com.br\\\/blog\\\/11-vinhos-e-espumantes-brasileiros-premiados-na-franca\\\/#primaryimage\"},\"thumbnailUrl\":\"https:\\\/\\\/i0.wp.com\\\/gersonguelmann.com.br\\\/blog\\\/wp-content\\\/uploads\\\/2018\\\/05\\\/Espumantes-degustados1.jpg?fit=1772%2C1177&ssl=1\",\"inLanguage\":\"pt-BR\",\"potentialAction\":[{\"@type\":\"CommentAction\",\"name\":\"Comment\",\"target\":[\"https:\\\/\\\/gersonguelmann.com.br\\\/blog\\\/11-vinhos-e-espumantes-brasileiros-premiados-na-franca\\\/#respond\"]}]},{\"@type\":\"WebPage\",\"@id\":\"https:\\\/\\\/gersonguelmann.com.br\\\/blog\\\/11-vinhos-e-espumantes-brasileiros-premiados-na-franca\\\/\",\"url\":\"https:\\\/\\\/gersonguelmann.com.br\\\/blog\\\/11-vinhos-e-espumantes-brasileiros-premiados-na-franca\\\/\",\"name\":\"11 Vinhos e Espumantes Brasileiros Premiados na Fran\u00e7a | Blog do Guelmann\",\"isPartOf\":{\"@id\":\"https:\\\/\\\/gersonguelmann.com.br\\\/blog\\\/#website\"},\"primaryImageOfPage\":{\"@id\":\"https:\\\/\\\/gersonguelmann.com.br\\\/blog\\\/11-vinhos-e-espumantes-brasileiros-premiados-na-franca\\\/#primaryimage\"},\"image\":{\"@id\":\"https:\\\/\\\/gersonguelmann.com.br\\\/blog\\\/11-vinhos-e-espumantes-brasileiros-premiados-na-franca\\\/#primaryimage\"},\"thumbnailUrl\":\"https:\\\/\\\/i0.wp.com\\\/gersonguelmann.com.br\\\/blog\\\/wp-content\\\/uploads\\\/2018\\\/05\\\/Espumantes-degustados1.jpg?fit=1772%2C1177&ssl=1\",\"datePublished\":\"2018-05-04T15:24:35+00:00\",\"author\":{\"@id\":\"https:\\\/\\\/gersonguelmann.com.br\\\/blog\\\/#\\\/schema\\\/person\\\/87e70e2a786888082f941a482c90569e\"},\"inLanguage\":\"pt-BR\",\"potentialAction\":[{\"@type\":\"ReadAction\",\"target\":[\"https:\\\/\\\/gersonguelmann.com.br\\\/blog\\\/11-vinhos-e-espumantes-brasileiros-premiados-na-franca\\\/\"]}]},{\"@type\":\"ImageObject\",\"inLanguage\":\"pt-BR\",\"@id\":\"https:\\\/\\\/gersonguelmann.com.br\\\/blog\\\/11-vinhos-e-espumantes-brasileiros-premiados-na-franca\\\/#primaryimage\",\"url\":\"https:\\\/\\\/i0.wp.com\\\/gersonguelmann.com.br\\\/blog\\\/wp-content\\\/uploads\\\/2018\\\/05\\\/Espumantes-degustados1.jpg?fit=1772%2C1177&ssl=1\",\"contentUrl\":\"https:\\\/\\\/i0.wp.com\\\/gersonguelmann.com.br\\\/blog\\\/wp-content\\\/uploads\\\/2018\\\/05\\\/Espumantes-degustados1.jpg?fit=1772%2C1177&ssl=1\",\"width\":1772,\"height\":1177},{\"@type\":\"WebSite\",\"@id\":\"https:\\\/\\\/gersonguelmann.com.br\\\/blog\\\/#website\",\"url\":\"https:\\\/\\\/gersonguelmann.com.br\\\/blog\\\/\",\"name\":\"Blog do Guelmann\",\"description\":\"Pitadas da sabedoria e do humor judaicos, assuntos do momento e um pouco das hist\u00f3rias que vivi e testemunhei.\",\"potentialAction\":[{\"@type\":\"SearchAction\",\"target\":{\"@type\":\"EntryPoint\",\"urlTemplate\":\"https:\\\/\\\/gersonguelmann.com.br\\\/blog\\\/?s={search_term_string}\"},\"query-input\":{\"@type\":\"PropertyValueSpecification\",\"valueRequired\":true,\"valueName\":\"search_term_string\"}}],\"inLanguage\":\"pt-BR\"},{\"@type\":\"Person\",\"@id\":\"https:\\\/\\\/gersonguelmann.com.br\\\/blog\\\/#\\\/schema\\\/person\\\/87e70e2a786888082f941a482c90569e\",\"name\":\"Gerson Guelmann\",\"image\":{\"@type\":\"ImageObject\",\"inLanguage\":\"pt-BR\",\"@id\":\"https:\\\/\\\/i0.wp.com\\\/gersonguelmann.com.br\\\/blog\\\/wp-content\\\/uploads\\\/2021\\\/08\\\/BLOG.jpeg?fit=96%2C96&ssl=1\",\"url\":\"https:\\\/\\\/i0.wp.com\\\/gersonguelmann.com.br\\\/blog\\\/wp-content\\\/uploads\\\/2021\\\/08\\\/BLOG.jpeg?fit=96%2C96&ssl=1\",\"contentUrl\":\"https:\\\/\\\/i0.wp.com\\\/gersonguelmann.com.br\\\/blog\\\/wp-content\\\/uploads\\\/2021\\\/08\\\/BLOG.jpeg?fit=96%2C96&ssl=1\",\"caption\":\"Gerson Guelmann\"},\"description\":\"Pitadas da sabedoria e do humor judaicos, assuntos do momento e um pouco das hist\u00f3rias que vivi e testemunhei.\"}]}<\/script>\n<!-- \/ Yoast SEO plugin. -->","yoast_head_json":{"title":"11 Vinhos e Espumantes Brasileiros Premiados na Fran\u00e7a | Blog do Guelmann","robots":{"index":"index","follow":"follow","max-snippet":"max-snippet:-1","max-image-preview":"max-image-preview:large","max-video-preview":"max-video-preview:-1"},"canonical":"https:\/\/gersonguelmann.com.br\/blog\/11-vinhos-e-espumantes-brasileiros-premiados-na-franca\/","og_locale":"pt_BR","og_type":"article","og_title":"11 Vinhos e Espumantes Brasileiros Premiados na Fran\u00e7a | Blog do Guelmann","og_description":"A Ga\u00fachaZH publicou mat\u00e9ria sobre a presen\u00e7a de vinhos e espumantes brasileiros em competi\u00e7\u00e3o realizada em Bordeaux, na Fran\u00e7a. Foram premiados 11 r\u00f3tulos, sendo 10 ga\u00fachos e um paranaense. Transcrevo a mat\u00e9ria: MERECEM BRINDE 10 vinhos e espumantes do RS ganham medalhas na Fran\u00e7a; saiba quais s\u00e3o Dos 11 r\u00f3tulos brasileiros que receberam destaque no [&hellip;]","og_url":"https:\/\/gersonguelmann.com.br\/blog\/11-vinhos-e-espumantes-brasileiros-premiados-na-franca\/","og_site_name":"Blog do Guelmann","article_published_time":"2018-05-04T15:24:35+00:00","og_image":[{"width":1772,"height":1177,"url":"https:\/\/i0.wp.com\/gersonguelmann.com.br\/blog\/wp-content\/uploads\/2018\/05\/Espumantes-degustados1.jpg?fit=1772%2C1177&ssl=1","type":"image\/jpeg"}],"author":"Gerson Guelmann","twitter_card":"summary_large_image","twitter_misc":{"Escrito por":"Gerson Guelmann","Est. tempo de leitura":"2 minutos"},"schema":{"@context":"https:\/\/schema.org","@graph":[{"@type":"Article","@id":"https:\/\/gersonguelmann.com.br\/blog\/11-vinhos-e-espumantes-brasileiros-premiados-na-franca\/#article","isPartOf":{"@id":"https:\/\/gersonguelmann.com.br\/blog\/11-vinhos-e-espumantes-brasileiros-premiados-na-franca\/"},"author":{"name":"Gerson Guelmann","@id":"https:\/\/gersonguelmann.com.br\/blog\/#\/schema\/person\/87e70e2a786888082f941a482c90569e"},"headline":"11 Vinhos e Espumantes Brasileiros Premiados na Fran\u00e7a","datePublished":"2018-05-04T15:24:35+00:00","mainEntityOfPage":{"@id":"https:\/\/gersonguelmann.com.br\/blog\/11-vinhos-e-espumantes-brasileiros-premiados-na-franca\/"},"wordCount":312,"commentCount":0,"image":{"@id":"https:\/\/gersonguelmann.com.br\/blog\/11-vinhos-e-espumantes-brasileiros-premiados-na-franca\/#primaryimage"},"thumbnailUrl":"https:\/\/i0.wp.com\/gersonguelmann.com.br\/blog\/wp-content\/uploads\/2018\/05\/Espumantes-degustados1.jpg?fit=1772%2C1177&ssl=1","inLanguage":"pt-BR","potentialAction":[{"@type":"CommentAction","name":"Comment","target":["https:\/\/gersonguelmann.com.br\/blog\/11-vinhos-e-espumantes-brasileiros-premiados-na-franca\/#respond"]}]},{"@type":"WebPage","@id":"https:\/\/gersonguelmann.com.br\/blog\/11-vinhos-e-espumantes-brasileiros-premiados-na-franca\/","url":"https:\/\/gersonguelmann.com.br\/blog\/11-vinhos-e-espumantes-brasileiros-premiados-na-franca\/","name":"11 Vinhos e Espumantes Brasileiros Premiados na Fran\u00e7a | Blog do Guelmann","isPartOf":{"@id":"https:\/\/gersonguelmann.com.br\/blog\/#website"},"primaryImageOfPage":{"@id":"https:\/\/gersonguelmann.com.br\/blog\/11-vinhos-e-espumantes-brasileiros-premiados-na-franca\/#primaryimage"},"image":{"@id":"https:\/\/gersonguelmann.com.br\/blog\/11-vinhos-e-espumantes-brasileiros-premiados-na-franca\/#primaryimage"},"thumbnailUrl":"https:\/\/i0.wp.com\/gersonguelmann.com.br\/blog\/wp-content\/uploads\/2018\/05\/Espumantes-degustados1.jpg?fit=1772%2C1177&ssl=1","datePublished":"2018-05-04T15:24:35+00:00","author":{"@id":"https:\/\/gersonguelmann.com.br\/blog\/#\/schema\/person\/87e70e2a786888082f941a482c90569e"},"inLanguage":"pt-BR","potentialAction":[{"@type":"ReadAction","target":["https:\/\/gersonguelmann.com.br\/blog\/11-vinhos-e-espumantes-brasileiros-premiados-na-franca\/"]}]},{"@type":"ImageObject","inLanguage":"pt-BR","@id":"https:\/\/gersonguelmann.com.br\/blog\/11-vinhos-e-espumantes-brasileiros-premiados-na-franca\/#primaryimage","url":"https:\/\/i0.wp.com\/gersonguelmann.com.br\/blog\/wp-content\/uploads\/2018\/05\/Espumantes-degustados1.jpg?fit=1772%2C1177&ssl=1","contentUrl":"https:\/\/i0.wp.com\/gersonguelmann.com.br\/blog\/wp-content\/uploads\/2018\/05\/Espumantes-degustados1.jpg?fit=1772%2C1177&ssl=1","width":1772,"height":1177},{"@type":"WebSite","@id":"https:\/\/gersonguelmann.com.br\/blog\/#website","url":"https:\/\/gersonguelmann.com.br\/blog\/","name":"Blog do Guelmann","description":"Pitadas da sabedoria e do humor judaicos, assuntos do momento e um pouco das hist\u00f3rias que vivi e testemunhei.","potentialAction":[{"@type":"SearchAction","target":{"@type":"EntryPoint","urlTemplate":"https:\/\/gersonguelmann.com.br\/blog\/?s={search_term_string}"},"query-input":{"@type":"PropertyValueSpecification","valueRequired":true,"valueName":"search_term_string"}}],"inLanguage":"pt-BR"},{"@type":"Person","@id":"https:\/\/gersonguelmann.com.br\/blog\/#\/schema\/person\/87e70e2a786888082f941a482c90569e","name":"Gerson Guelmann","image":{"@type":"ImageObject","inLanguage":"pt-BR","@id":"https:\/\/i0.wp.com\/gersonguelmann.com.br\/blog\/wp-content\/uploads\/2021\/08\/BLOG.jpeg?fit=96%2C96&ssl=1","url":"https:\/\/i0.wp.com\/gersonguelmann.com.br\/blog\/wp-content\/uploads\/2021\/08\/BLOG.jpeg?fit=96%2C96&ssl=1","contentUrl":"https:\/\/i0.wp.com\/gersonguelmann.com.br\/blog\/wp-content\/uploads\/2021\/08\/BLOG.jpeg?fit=96%2C96&ssl=1","caption":"Gerson Guelmann"},"description":"Pitadas da sabedoria e do humor judaicos, assuntos do momento e um pouco das hist\u00f3rias que vivi e testemunhei."}]}},"views":84,"jetpack_publicize_connections":[],"jetpack_featured_media_url":"https:\/\/i0.wp.com\/gersonguelmann.com.br\/blog\/wp-content\/uploads\/2018\/05\/Espumantes-degustados1.jpg?fit=1772%2C1177&ssl=1","jetpack_shortlink":"https:\/\/wp.me\/p96e7O-3eZ","jetpack-related-posts":[{"id":14099,"url":"https:\/\/gersonguelmann.com.br\/blog\/para-quem-gosta-e-entende-de-vinho-e-para-quem-bebe-mesmo-sem-entender\/","url_meta":{"origin":12461,"position":0},"title":"Para Quem Gosta e Entende de Vinho. E Para Quem Bebe, Mesmo Sem Entender","author":"Gerson Guelmann","date":"15 de setembro de 2025","format":false,"excerpt":"Recuperei um artigo interessante que reproduzi no meu blog h\u00e1 alguns anos, destinado aos apreciadores de vinhos. Ele serve tanto aos que n\u00e3o passariam vergonha em uma degusta\u00e7\u00e3o \u00e0s cegas quanto aos que gostam e usufruem da bebida mesmo sem reunir muito conhecimento \u2014 aqueles que nunca se debru\u00e7aram sobre\u2026","rel":"","context":"Em &quot;Sem categoria&quot;","block_context":{"text":"Sem categoria","link":"https:\/\/gersonguelmann.com.br\/blog\/category\/sem-categoria\/"},"img":{"alt_text":"","src":"https:\/\/i0.wp.com\/gersonguelmann.com.br\/blog\/wp-content\/uploads\/2025\/09\/HojePR-7-scaled.jpg?fit=1200%2C800&ssl=1&resize=350%2C200","width":350,"height":200,"srcset":"https:\/\/i0.wp.com\/gersonguelmann.com.br\/blog\/wp-content\/uploads\/2025\/09\/HojePR-7-scaled.jpg?fit=1200%2C800&ssl=1&resize=350%2C200 1x, https:\/\/i0.wp.com\/gersonguelmann.com.br\/blog\/wp-content\/uploads\/2025\/09\/HojePR-7-scaled.jpg?fit=1200%2C800&ssl=1&resize=525%2C300 1.5x, https:\/\/i0.wp.com\/gersonguelmann.com.br\/blog\/wp-content\/uploads\/2025\/09\/HojePR-7-scaled.jpg?fit=1200%2C800&ssl=1&resize=700%2C400 2x, https:\/\/i0.wp.com\/gersonguelmann.com.br\/blog\/wp-content\/uploads\/2025\/09\/HojePR-7-scaled.jpg?fit=1200%2C800&ssl=1&resize=1050%2C600 3x"},"classes":[]},{"id":14789,"url":"https:\/\/gersonguelmann.com.br\/blog\/o-melhor-espumante-da-america-latina-e-brasileiro\/","url_meta":{"origin":12461,"position":1},"title":"O Melhor Espumante da Am\u00e9rica Latina \u00e9 Brasileiro","author":"Gerson Guelmann","date":"19 de outubro de 2018","format":false,"excerpt":"A not\u00edcia \u00e9 de tr\u00eas meses atr\u00e1s, mas vale publicar. Saiu no G1\/Economia em 10\/7\/2018: Concurso mais importante da Am\u00e9rica Latina premia espumante brasileiro Refer\u00eancia dos vinhos da Am\u00e9rica Latina no mundo, o concurso premiou amostras de vinhos tintos e brancos, espumantes, destilados e piscos. Por France Presse 10\/07\/2018 11h54\u00a0\u00a0Atualizado\u2026","rel":"","context":"Em &quot;Sem categoria&quot;","block_context":{"text":"Sem categoria","link":"https:\/\/gersonguelmann.com.br\/blog\/category\/sem-categoria\/"},"img":{"alt_text":"","src":"https:\/\/i0.wp.com\/gersonguelmann.com.br\/blog\/wp-content\/uploads\/2018\/10\/Garibaldi.jpg?fit=1000%2C1000&ssl=1&resize=350%2C200","width":350,"height":200,"srcset":"https:\/\/i0.wp.com\/gersonguelmann.com.br\/blog\/wp-content\/uploads\/2018\/10\/Garibaldi.jpg?fit=1000%2C1000&ssl=1&resize=350%2C200 1x, https:\/\/i0.wp.com\/gersonguelmann.com.br\/blog\/wp-content\/uploads\/2018\/10\/Garibaldi.jpg?fit=1000%2C1000&ssl=1&resize=525%2C300 1.5x, https:\/\/i0.wp.com\/gersonguelmann.com.br\/blog\/wp-content\/uploads\/2018\/10\/Garibaldi.jpg?fit=1000%2C1000&ssl=1&resize=700%2C400 2x"},"classes":[]},{"id":15456,"url":"https:\/\/gersonguelmann.com.br\/blog\/espumante-brasileiro-mais-uma-vez-e-destaque-no-mundo\/","url_meta":{"origin":12461,"position":2},"title":"Espumante Brasileiro, Mais Uma Vez, \u00e9 Destaque no Mundo","author":"Gerson Guelmann","date":"9 de dezembro de 2018","format":false,"excerpt":"Novamente um espumante produzido na Serra Ga\u00facha recebe distin\u00e7\u00e3o internacional. Trata-se do\u00a0Casa Perini Moscatel, que aparece em 5\u00b0 lugar na lista da Associa\u00e7\u00e3o Mundial de Escritores e Jornalistas de Vinhos e Destilados de 2017. A mat\u00e9ria \u00e9 do site Explore: Espumante brasileiro de R$ 43,00 vendido em mercado \u00e9 eleito\u2026","rel":"","context":"Em &quot;Sem categoria&quot;","block_context":{"text":"Sem categoria","link":"https:\/\/gersonguelmann.com.br\/blog\/category\/sem-categoria\/"},"img":{"alt_text":"","src":"https:\/\/i0.wp.com\/gersonguelmann.com.br\/blog\/wp-content\/uploads\/2018\/12\/Casa-Perini-Moscatel-1-1.jpg?resize=350%2C200&ssl=1","width":350,"height":200},"classes":[]},{"id":17327,"url":"https:\/\/gersonguelmann.com.br\/blog\/voce-que-bebe-vinho-entende-de-garrafas-tambem\/","url_meta":{"origin":12461,"position":3},"title":"Voc\u00ea Que Bebe Vinho, Entende de Garrafas Tamb\u00e9m?","author":"Gerson Guelmann","date":"4 de julho de 2019","format":false,"excerpt":"H\u00e1 poucos dias recebi texto com a explica\u00e7\u00e3o sobre o fato de a maioria das garrafas serem de 750 ml. O texto era redigido em portugu\u00eas de Portugal e, como de h\u00e1bito, fui em busca da autoria ou do lugar onde foi publicado. N\u00e3o encontrei, mas achei um texto mais\u2026","rel":"","context":"Em &quot;Sem categoria&quot;","block_context":{"text":"Sem categoria","link":"https:\/\/gersonguelmann.com.br\/blog\/category\/sem-categoria\/"},"img":{"alt_text":"","src":"https:\/\/i0.wp.com\/gersonguelmann.com.br\/blog\/wp-content\/uploads\/2019\/07\/wine-bottles.jpg?fit=841%2C1200&ssl=1&resize=350%2C200","width":350,"height":200,"srcset":"https:\/\/i0.wp.com\/gersonguelmann.com.br\/blog\/wp-content\/uploads\/2019\/07\/wine-bottles.jpg?fit=841%2C1200&ssl=1&resize=350%2C200 1x, https:\/\/i0.wp.com\/gersonguelmann.com.br\/blog\/wp-content\/uploads\/2019\/07\/wine-bottles.jpg?fit=841%2C1200&ssl=1&resize=525%2C300 1.5x, https:\/\/i0.wp.com\/gersonguelmann.com.br\/blog\/wp-content\/uploads\/2019\/07\/wine-bottles.jpg?fit=841%2C1200&ssl=1&resize=700%2C400 2x"},"classes":[]},{"id":13165,"url":"https:\/\/gersonguelmann.com.br\/blog\/o-brasil-na-1a-guerra-mundial-1914-1918\/","url_meta":{"origin":12461,"position":4},"title":"O Brasil na 1\u00aa Guerra Mundial (1914-1918)","author":"Gerson Guelmann","date":"22 de maio de 2018","format":false,"excerpt":"Esta semana dois amigos me mandaram um texto extremamente interessante, que trata da participa\u00e7\u00e3o do Brasil na 1\u00aa Guerra Mundial. Na internet verifiquei que \u00e9 de autoria de Maria Tereza Mendes e foi publicado no Blog do Percival Puggina. Compartilho porque vale a pena conhecer a hist\u00f3ria: N\u00d3S TAMB\u00c9M TEMOS\u2026","rel":"","context":"Em &quot;Sem categoria&quot;","block_context":{"text":"Sem categoria","link":"https:\/\/gersonguelmann.com.br\/blog\/category\/sem-categoria\/"},"img":{"alt_text":"","src":"https:\/\/i0.wp.com\/gersonguelmann.com.br\/blog\/wp-content\/uploads\/2018\/05\/Placa.jpg?fit=1024%2C630&ssl=1&resize=350%2C200","width":350,"height":200,"srcset":"https:\/\/i0.wp.com\/gersonguelmann.com.br\/blog\/wp-content\/uploads\/2018\/05\/Placa.jpg?fit=1024%2C630&ssl=1&resize=350%2C200 1x, https:\/\/i0.wp.com\/gersonguelmann.com.br\/blog\/wp-content\/uploads\/2018\/05\/Placa.jpg?fit=1024%2C630&ssl=1&resize=525%2C300 1.5x, https:\/\/i0.wp.com\/gersonguelmann.com.br\/blog\/wp-content\/uploads\/2018\/05\/Placa.jpg?fit=1024%2C630&ssl=1&resize=700%2C400 2x"},"classes":[]},{"id":8381,"url":"https:\/\/gersonguelmann.com.br\/blog\/expresso-classique-uma-otima-opcao-em-curitiba\/","url_meta":{"origin":12461,"position":5},"title":"Expresso Classique, Uma \u00d3tima Op\u00e7\u00e3o em Curitiba","author":"Gerson Guelmann","date":"10 de fevereiro de 2018","format":false,"excerpt":"J\u00e1 est\u00e3o abertas as reservas para a pr\u00f3xima edi\u00e7\u00e3o do\u00a0Expresso Classique, dia 23\/2, evento tem\u00e1tico quinzenal da Serra Verde Express realizado dentro do complexo ferrovi\u00e1rio de Curitiba O espa\u00e7o junta uma composi\u00e7\u00e3o especial do trem de luxo, chamada Expresso Classique \u00e0 plataforma\u00a0da Esta\u00e7\u00e3o de embarque em Curitiba.\u00a0 A programa\u00e7\u00e3o come\u00e7a\u00a0na\u2026","rel":"","context":"Em &quot;Sem categoria&quot;","block_context":{"text":"Sem categoria","link":"https:\/\/gersonguelmann.com.br\/blog\/category\/sem-categoria\/"},"img":{"alt_text":"","src":"https:\/\/i0.wp.com\/gersonguelmann.com.br\/blog\/wp-content\/uploads\/2018\/02\/Serra-Verde.jpg?fit=491%2C1200&ssl=1&resize=350%2C200","width":350,"height":200},"classes":[]}],"jetpack_sharing_enabled":true,"post_mailing_queue_ids":[],"_links":{"self":[{"href":"https:\/\/gersonguelmann.com.br\/blog\/wp-json\/wp\/v2\/posts\/12461","targetHints":{"allow":["GET"]}}],"collection":[{"href":"https:\/\/gersonguelmann.com.br\/blog\/wp-json\/wp\/v2\/posts"}],"about":[{"href":"https:\/\/gersonguelmann.com.br\/blog\/wp-json\/wp\/v2\/types\/post"}],"author":[{"embeddable":true,"href":"https:\/\/gersonguelmann.com.br\/blog\/wp-json\/wp\/v2\/users\/5"}],"replies":[{"embeddable":true,"href":"https:\/\/gersonguelmann.com.br\/blog\/wp-json\/wp\/v2\/comments?post=12461"}],"version-history":[{"count":0,"href":"https:\/\/gersonguelmann.com.br\/blog\/wp-json\/wp\/v2\/posts\/12461\/revisions"}],"wp:featuredmedia":[{"embeddable":true,"href":"https:\/\/gersonguelmann.com.br\/blog\/wp-json\/wp\/v2\/media\/12462"}],"wp:attachment":[{"href":"https:\/\/gersonguelmann.com.br\/blog\/wp-json\/wp\/v2\/media?parent=12461"}],"wp:term":[{"taxonomy":"category","embeddable":true,"href":"https:\/\/gersonguelmann.com.br\/blog\/wp-json\/wp\/v2\/categories?post=12461"},{"taxonomy":"post_tag","embeddable":true,"href":"https:\/\/gersonguelmann.com.br\/blog\/wp-json\/wp\/v2\/tags?post=12461"}],"curies":[{"name":"wp","href":"https:\/\/api.w.org\/{rel}","templated":true}]}}