    {"id":12484,"date":"2018-05-04T17:50:56","date_gmt":"2018-05-04T20:50:56","guid":{"rendered":"https:\/\/gersonguelmann.com.br\/blog\/?p=12484"},"modified":"2018-05-04T17:51:39","modified_gmt":"2018-05-04T20:51:39","slug":"29-4-quando-os-alemaes-se-renderam-ao-brasil","status":"publish","type":"post","link":"https:\/\/gersonguelmann.com.br\/blog\/29-4-quando-os-alemaes-se-renderam-ao-brasil\/","title":{"rendered":"29\/4: Quando os Alem\u00e3es se Renderam ao Brasil"},"content":{"rendered":"<p><span style=\"color: #000000; font-family: georgia, palatino, serif; font-size: 18pt;\">Texto muito interessante de fato hist\u00f3rico desconhecido por grande parte dos brasileiros:<\/span><\/p>\n<p><span style=\"color: #000000; font-size: 14pt;\">&#8220;29 de abril, uma grande data !<\/span><br \/>\n<span style=\"color: #000000; font-size: 14pt;\">Corria o ano de 1962 , um Oficial do Ex\u00e9rcito Brasileiro foi fazer interc\u00e2mbio na Alemanha com a Escola de Comando e Estado-Maior de l\u00e1. Os Oficiais alem\u00e3es convidaram o brasileiro para um happy-hour numa taverna pr\u00f3xima a Escola e foram todos fardados. L\u00e1 chegando o Oficial brasileiro notou que um senhor bem idoso n\u00e3o parava de o observar, ent\u00e3o em dado momento o anci\u00e3o se levantou e com um enorme caneco de chopp na m\u00e3o perguntou num portugu\u00eas perfeito: o senhor \u00e9 do Brasil? E o Coronel, surpreso, respondeu; sim sou do Ex\u00e9rcito Brasileiro. O anci\u00e3o ent\u00e3o disse: o dia 29 de abril \u00e9 uma grande data no seu Ex\u00e9rcito n\u00e3o \u00e9 ? <\/span><br \/>\n<span style=\"color: #000000; font-size: 14pt;\">&#8211; O senhor deve estar enganado, nossa data magna \u00e9 o 25 de agosto, dia do Soldado. <\/span><br \/>\n<span style=\"color: #000000; font-size: 14pt;\">O anci\u00e3o ent\u00e3o respondeu :<\/span><br \/>\n<span style=\"color: #000000; font-size: 14pt;\">&#8211; Ah voc\u00eas brasileiros! O tempo passa e continuam um povo sem mem\u00f3ria&#8230; Eu tenho amigos no Rio Grande do Sul, j\u00e1 estive no Brasil tr\u00eas vezes&#8230;<\/span><br \/>\n<span style=\"color: #000000; font-size: 14pt;\">&#8211; Mas quem \u00e9 o senhor? Perguntou curioso o Coronel brasileiro.<\/span><br \/>\n<span style=\"color: #000000; font-size: 14pt;\">&#8211; Muito prazer, Eu sou o General Otto Fretter, eu me rendi ao Ex\u00e9rcito Brasileiro com meus 14.000 soldados em 29 de abril de 1945 , isto deveria ser motivo de orgulho e uma data nacional para todos voc\u00eas&#8230;<\/span><br \/>\n<span style=\"color: #000000; font-size: 14pt;\">A mem\u00f3ria por vezes \u00e9 um b\u00e1lsamo&#8230;<\/span><br \/>\n<span style=\"color: #000000; font-size: 14pt;\">Berlim , outubro de 1962 . &#x1f1e7;&#x1f1f7;&#x1f1e7;&#x1f1f7;&#x1f1e7;&#x1f1f7;&#8221;<\/span><\/p>\n<p><span style=\"color: #000000; font-family: georgia, palatino, serif; font-size: 18pt;\">Ap\u00f3s receber o texto pesquisei e descobri um Blog que trata com muitos detalhes esse assunto:\u00a0<\/span><br \/>\n<span style=\"color: #0000ff;\"><a style=\"color: #0000ff;\" href=\"https:\/\/chicomiranda.wordpress.com\/2011\/10\/19\/detalhes-historicos-rendicao-da-148\u00aa-divisao-alema-a-feb\/\"><span style=\"font-family: georgia, palatino, serif; font-size: 18pt;\"><em><strong>https:\/\/chicomiranda.wordpress.com\/2011\/10\/19\/detalhes-historicos-rendicao-da-148\u00aa-divisao-alema-a-feb<\/strong><\/em>\/<\/span><\/a><\/span><\/p>\n<p>&nbsp;<\/p>\n<p><img data-recalc-dims=\"1\" fetchpriority=\"high\" decoding=\"async\" data-attachment-id=\"12485\" data-permalink=\"https:\/\/gersonguelmann.com.br\/blog\/29-4-quando-os-alemaes-se-renderam-ao-brasil\/1-6\/\" data-orig-file=\"https:\/\/i0.wp.com\/gersonguelmann.com.br\/blog\/wp-content\/uploads\/2018\/05\/1.jpg?fit=308%2C478&amp;ssl=1\" data-orig-size=\"308,478\" data-comments-opened=\"1\" data-image-meta=\"{&quot;aperture&quot;:&quot;0&quot;,&quot;credit&quot;:&quot;&quot;,&quot;camera&quot;:&quot;&quot;,&quot;caption&quot;:&quot;&quot;,&quot;created_timestamp&quot;:&quot;0&quot;,&quot;copyright&quot;:&quot;&quot;,&quot;focal_length&quot;:&quot;0&quot;,&quot;iso&quot;:&quot;0&quot;,&quot;shutter_speed&quot;:&quot;0&quot;,&quot;title&quot;:&quot;&quot;,&quot;orientation&quot;:&quot;0&quot;}\" data-image-title=\"1\" data-image-description=\"\" data-image-caption=\"\" data-medium-file=\"https:\/\/i0.wp.com\/gersonguelmann.com.br\/blog\/wp-content\/uploads\/2018\/05\/1.jpg?fit=193%2C300&amp;ssl=1\" data-large-file=\"https:\/\/i0.wp.com\/gersonguelmann.com.br\/blog\/wp-content\/uploads\/2018\/05\/1.jpg?fit=308%2C478&amp;ssl=1\" class=\"alignnone size-medium wp-image-12485\" src=\"https:\/\/i0.wp.com\/gersonguelmann.com.br\/blog\/wp-content\/uploads\/2018\/05\/1.jpg?resize=193%2C300&#038;ssl=1\" alt=\"\" width=\"193\" height=\"300\" srcset=\"https:\/\/i0.wp.com\/gersonguelmann.com.br\/blog\/wp-content\/uploads\/2018\/05\/1.jpg?resize=193%2C300&amp;ssl=1 193w, https:\/\/i0.wp.com\/gersonguelmann.com.br\/blog\/wp-content\/uploads\/2018\/05\/1.jpg?w=308&amp;ssl=1 308w\" sizes=\"(max-width: 193px) 100vw, 193px\" \/>\u00a0 \u00a0 \u00a0 \u00a0 \u00a0 \u00a0 \u00a0 \u00a0 \u00a0 \u00a0 \u00a0<img data-recalc-dims=\"1\" decoding=\"async\" data-attachment-id=\"12486\" data-permalink=\"https:\/\/gersonguelmann.com.br\/blog\/29-4-quando-os-alemaes-se-renderam-ao-brasil\/2-6\/\" data-orig-file=\"https:\/\/i0.wp.com\/gersonguelmann.com.br\/blog\/wp-content\/uploads\/2018\/05\/2.jpg?fit=437%2C337&amp;ssl=1\" data-orig-size=\"437,337\" data-comments-opened=\"1\" data-image-meta=\"{&quot;aperture&quot;:&quot;0&quot;,&quot;credit&quot;:&quot;&quot;,&quot;camera&quot;:&quot;&quot;,&quot;caption&quot;:&quot;&quot;,&quot;created_timestamp&quot;:&quot;0&quot;,&quot;copyright&quot;:&quot;&quot;,&quot;focal_length&quot;:&quot;0&quot;,&quot;iso&quot;:&quot;0&quot;,&quot;shutter_speed&quot;:&quot;0&quot;,&quot;title&quot;:&quot;&quot;,&quot;orientation&quot;:&quot;0&quot;}\" data-image-title=\"2\" data-image-description=\"\" data-image-caption=\"\" data-medium-file=\"https:\/\/i0.wp.com\/gersonguelmann.com.br\/blog\/wp-content\/uploads\/2018\/05\/2.jpg?fit=300%2C231&amp;ssl=1\" data-large-file=\"https:\/\/i0.wp.com\/gersonguelmann.com.br\/blog\/wp-content\/uploads\/2018\/05\/2.jpg?fit=437%2C337&amp;ssl=1\" class=\"alignnone size-medium wp-image-12486\" src=\"https:\/\/i0.wp.com\/gersonguelmann.com.br\/blog\/wp-content\/uploads\/2018\/05\/2.jpg?resize=300%2C231&#038;ssl=1\" alt=\"\" width=\"300\" height=\"231\" srcset=\"https:\/\/i0.wp.com\/gersonguelmann.com.br\/blog\/wp-content\/uploads\/2018\/05\/2.jpg?resize=300%2C231&amp;ssl=1 300w, https:\/\/i0.wp.com\/gersonguelmann.com.br\/blog\/wp-content\/uploads\/2018\/05\/2.jpg?w=437&amp;ssl=1 437w\" sizes=\"(max-width: 300px) 100vw, 300px\" \/><\/p>\n<p><img data-recalc-dims=\"1\" decoding=\"async\" data-attachment-id=\"12487\" data-permalink=\"https:\/\/gersonguelmann.com.br\/blog\/29-4-quando-os-alemaes-se-renderam-ao-brasil\/3-3\/\" data-orig-file=\"https:\/\/i0.wp.com\/gersonguelmann.com.br\/blog\/wp-content\/uploads\/2018\/05\/3.jpg?fit=445%2C330&amp;ssl=1\" data-orig-size=\"445,330\" data-comments-opened=\"1\" data-image-meta=\"{&quot;aperture&quot;:&quot;0&quot;,&quot;credit&quot;:&quot;&quot;,&quot;camera&quot;:&quot;&quot;,&quot;caption&quot;:&quot;&quot;,&quot;created_timestamp&quot;:&quot;0&quot;,&quot;copyright&quot;:&quot;&quot;,&quot;focal_length&quot;:&quot;0&quot;,&quot;iso&quot;:&quot;0&quot;,&quot;shutter_speed&quot;:&quot;0&quot;,&quot;title&quot;:&quot;&quot;,&quot;orientation&quot;:&quot;0&quot;}\" data-image-title=\"3\" data-image-description=\"\" data-image-caption=\"\" data-medium-file=\"https:\/\/i0.wp.com\/gersonguelmann.com.br\/blog\/wp-content\/uploads\/2018\/05\/3.jpg?fit=300%2C222&amp;ssl=1\" data-large-file=\"https:\/\/i0.wp.com\/gersonguelmann.com.br\/blog\/wp-content\/uploads\/2018\/05\/3.jpg?fit=445%2C330&amp;ssl=1\" class=\"alignnone size-medium wp-image-12487\" src=\"https:\/\/i0.wp.com\/gersonguelmann.com.br\/blog\/wp-content\/uploads\/2018\/05\/3.jpg?resize=300%2C222&#038;ssl=1\" alt=\"\" width=\"300\" height=\"222\" srcset=\"https:\/\/i0.wp.com\/gersonguelmann.com.br\/blog\/wp-content\/uploads\/2018\/05\/3.jpg?resize=300%2C222&amp;ssl=1 300w, https:\/\/i0.wp.com\/gersonguelmann.com.br\/blog\/wp-content\/uploads\/2018\/05\/3.jpg?w=445&amp;ssl=1 445w\" sizes=\"(max-width: 300px) 100vw, 300px\" \/>\u00a0 <img data-recalc-dims=\"1\" loading=\"lazy\" decoding=\"async\" data-attachment-id=\"12488\" data-permalink=\"https:\/\/gersonguelmann.com.br\/blog\/29-4-quando-os-alemaes-se-renderam-ao-brasil\/4-2\/\" data-orig-file=\"https:\/\/i0.wp.com\/gersonguelmann.com.br\/blog\/wp-content\/uploads\/2018\/05\/4.jpg?fit=450%2C336&amp;ssl=1\" data-orig-size=\"450,336\" data-comments-opened=\"1\" data-image-meta=\"{&quot;aperture&quot;:&quot;0&quot;,&quot;credit&quot;:&quot;&quot;,&quot;camera&quot;:&quot;&quot;,&quot;caption&quot;:&quot;&quot;,&quot;created_timestamp&quot;:&quot;0&quot;,&quot;copyright&quot;:&quot;&quot;,&quot;focal_length&quot;:&quot;0&quot;,&quot;iso&quot;:&quot;0&quot;,&quot;shutter_speed&quot;:&quot;0&quot;,&quot;title&quot;:&quot;&quot;,&quot;orientation&quot;:&quot;0&quot;}\" data-image-title=\"4\" data-image-description=\"\" data-image-caption=\"\" data-medium-file=\"https:\/\/i0.wp.com\/gersonguelmann.com.br\/blog\/wp-content\/uploads\/2018\/05\/4.jpg?fit=300%2C224&amp;ssl=1\" data-large-file=\"https:\/\/i0.wp.com\/gersonguelmann.com.br\/blog\/wp-content\/uploads\/2018\/05\/4.jpg?fit=450%2C336&amp;ssl=1\" class=\"alignnone size-medium wp-image-12488\" src=\"https:\/\/i0.wp.com\/gersonguelmann.com.br\/blog\/wp-content\/uploads\/2018\/05\/4.jpg?resize=300%2C224&#038;ssl=1\" alt=\"\" width=\"300\" height=\"224\" srcset=\"https:\/\/i0.wp.com\/gersonguelmann.com.br\/blog\/wp-content\/uploads\/2018\/05\/4.jpg?resize=300%2C224&amp;ssl=1 300w, https:\/\/i0.wp.com\/gersonguelmann.com.br\/blog\/wp-content\/uploads\/2018\/05\/4.jpg?w=450&amp;ssl=1 450w\" sizes=\"(max-width: 300px) 100vw, 300px\" \/><\/p>\n","protected":false},"excerpt":{"rendered":"<p>Texto muito interessante de fato hist\u00f3rico desconhecido por grande parte dos brasileiros: &#8220;29 de abril, uma grande data ! Corria o ano de 1962 , um Oficial do Ex\u00e9rcito Brasileiro foi fazer interc\u00e2mbio na Alemanha com a Escola de Comando e Estado-Maior de l\u00e1. Os Oficiais alem\u00e3es convidaram o brasileiro para um happy-hour numa taverna [&hellip;]<\/p>\n","protected":false},"author":5,"featured_media":12485,"comment_status":"open","ping_status":"open","sticky":false,"template":"","format":"standard","meta":{"_acf_changed":false,"jetpack_post_was_ever_published":false,"_jetpack_newsletter_access":"","_jetpack_dont_email_post_to_subs":false,"_jetpack_newsletter_tier_id":0,"_jetpack_memberships_contains_paywalled_content":false,"_jetpack_memberships_contains_paid_content":false,"footnotes":"","jetpack_publicize_message":"","jetpack_publicize_feature_enabled":true,"jetpack_social_post_already_shared":true,"jetpack_social_options":{"image_generator_settings":{"template":"highway","default_image_id":0,"font":"","enabled":false},"version":2}},"categories":[1],"tags":[],"class_list":["post-12484","post","type-post","status-publish","format-standard","has-post-thumbnail","hentry","category-sem-categoria"],"acf":[],"yoast_head":"<!-- This site is optimized with the Yoast SEO plugin v27.3 - https:\/\/yoast.com\/product\/yoast-seo-wordpress\/ -->\n<title>29\/4: Quando os Alem\u00e3es se Renderam ao Brasil | Blog do Guelmann<\/title>\n<meta name=\"robots\" content=\"index, follow, max-snippet:-1, max-image-preview:large, max-video-preview:-1\" \/>\n<link rel=\"canonical\" href=\"https:\/\/gersonguelmann.com.br\/blog\/29-4-quando-os-alemaes-se-renderam-ao-brasil\/\" \/>\n<meta property=\"og:locale\" content=\"pt_BR\" \/>\n<meta property=\"og:type\" content=\"article\" \/>\n<meta property=\"og:title\" content=\"29\/4: Quando os Alem\u00e3es se Renderam ao Brasil | Blog do Guelmann\" \/>\n<meta property=\"og:description\" content=\"Texto muito interessante de fato hist\u00f3rico desconhecido por grande parte dos brasileiros: &#8220;29 de abril, uma grande data ! Corria o ano de 1962 , um Oficial do Ex\u00e9rcito Brasileiro foi fazer interc\u00e2mbio na Alemanha com a Escola de Comando e Estado-Maior de l\u00e1. Os Oficiais alem\u00e3es convidaram o brasileiro para um happy-hour numa taverna [&hellip;]\" \/>\n<meta property=\"og:url\" content=\"https:\/\/gersonguelmann.com.br\/blog\/29-4-quando-os-alemaes-se-renderam-ao-brasil\/\" \/>\n<meta property=\"og:site_name\" content=\"Blog do Guelmann\" \/>\n<meta property=\"article:published_time\" content=\"2018-05-04T20:50:56+00:00\" \/>\n<meta property=\"article:modified_time\" content=\"2018-05-04T20:51:39+00:00\" \/>\n<meta property=\"og:image\" content=\"https:\/\/i0.wp.com\/gersonguelmann.com.br\/blog\/wp-content\/uploads\/2018\/05\/1.jpg?fit=308%2C478&ssl=1\" \/>\n\t<meta property=\"og:image:width\" content=\"308\" \/>\n\t<meta property=\"og:image:height\" content=\"478\" \/>\n\t<meta property=\"og:image:type\" content=\"image\/jpeg\" \/>\n<meta name=\"author\" content=\"Gerson Guelmann\" \/>\n<meta name=\"twitter:card\" content=\"summary_large_image\" \/>\n<meta name=\"twitter:label1\" content=\"Escrito por\" \/>\n\t<meta name=\"twitter:data1\" content=\"Gerson Guelmann\" \/>\n\t<meta name=\"twitter:label2\" content=\"Est. tempo de leitura\" \/>\n\t<meta name=\"twitter:data2\" content=\"1 minuto\" \/>\n<script type=\"application\/ld+json\" class=\"yoast-schema-graph\">{\"@context\":\"https:\\\/\\\/schema.org\",\"@graph\":[{\"@type\":\"Article\",\"@id\":\"https:\\\/\\\/gersonguelmann.com.br\\\/blog\\\/29-4-quando-os-alemaes-se-renderam-ao-brasil\\\/#article\",\"isPartOf\":{\"@id\":\"https:\\\/\\\/gersonguelmann.com.br\\\/blog\\\/29-4-quando-os-alemaes-se-renderam-ao-brasil\\\/\"},\"author\":{\"name\":\"Gerson Guelmann\",\"@id\":\"https:\\\/\\\/gersonguelmann.com.br\\\/blog\\\/#\\\/schema\\\/person\\\/87e70e2a786888082f941a482c90569e\"},\"headline\":\"29\\\/4: Quando os Alem\u00e3es se Renderam ao Brasil\",\"datePublished\":\"2018-05-04T20:50:56+00:00\",\"dateModified\":\"2018-05-04T20:51:39+00:00\",\"mainEntityOfPage\":{\"@id\":\"https:\\\/\\\/gersonguelmann.com.br\\\/blog\\\/29-4-quando-os-alemaes-se-renderam-ao-brasil\\\/\"},\"wordCount\":298,\"commentCount\":0,\"image\":{\"@id\":\"https:\\\/\\\/gersonguelmann.com.br\\\/blog\\\/29-4-quando-os-alemaes-se-renderam-ao-brasil\\\/#primaryimage\"},\"thumbnailUrl\":\"https:\\\/\\\/i0.wp.com\\\/gersonguelmann.com.br\\\/blog\\\/wp-content\\\/uploads\\\/2018\\\/05\\\/1.jpg?fit=308%2C478&ssl=1\",\"inLanguage\":\"pt-BR\",\"potentialAction\":[{\"@type\":\"CommentAction\",\"name\":\"Comment\",\"target\":[\"https:\\\/\\\/gersonguelmann.com.br\\\/blog\\\/29-4-quando-os-alemaes-se-renderam-ao-brasil\\\/#respond\"]}]},{\"@type\":\"WebPage\",\"@id\":\"https:\\\/\\\/gersonguelmann.com.br\\\/blog\\\/29-4-quando-os-alemaes-se-renderam-ao-brasil\\\/\",\"url\":\"https:\\\/\\\/gersonguelmann.com.br\\\/blog\\\/29-4-quando-os-alemaes-se-renderam-ao-brasil\\\/\",\"name\":\"29\\\/4: Quando os Alem\u00e3es se Renderam ao Brasil | Blog do Guelmann\",\"isPartOf\":{\"@id\":\"https:\\\/\\\/gersonguelmann.com.br\\\/blog\\\/#website\"},\"primaryImageOfPage\":{\"@id\":\"https:\\\/\\\/gersonguelmann.com.br\\\/blog\\\/29-4-quando-os-alemaes-se-renderam-ao-brasil\\\/#primaryimage\"},\"image\":{\"@id\":\"https:\\\/\\\/gersonguelmann.com.br\\\/blog\\\/29-4-quando-os-alemaes-se-renderam-ao-brasil\\\/#primaryimage\"},\"thumbnailUrl\":\"https:\\\/\\\/i0.wp.com\\\/gersonguelmann.com.br\\\/blog\\\/wp-content\\\/uploads\\\/2018\\\/05\\\/1.jpg?fit=308%2C478&ssl=1\",\"datePublished\":\"2018-05-04T20:50:56+00:00\",\"dateModified\":\"2018-05-04T20:51:39+00:00\",\"author\":{\"@id\":\"https:\\\/\\\/gersonguelmann.com.br\\\/blog\\\/#\\\/schema\\\/person\\\/87e70e2a786888082f941a482c90569e\"},\"inLanguage\":\"pt-BR\",\"potentialAction\":[{\"@type\":\"ReadAction\",\"target\":[\"https:\\\/\\\/gersonguelmann.com.br\\\/blog\\\/29-4-quando-os-alemaes-se-renderam-ao-brasil\\\/\"]}]},{\"@type\":\"ImageObject\",\"inLanguage\":\"pt-BR\",\"@id\":\"https:\\\/\\\/gersonguelmann.com.br\\\/blog\\\/29-4-quando-os-alemaes-se-renderam-ao-brasil\\\/#primaryimage\",\"url\":\"https:\\\/\\\/i0.wp.com\\\/gersonguelmann.com.br\\\/blog\\\/wp-content\\\/uploads\\\/2018\\\/05\\\/1.jpg?fit=308%2C478&ssl=1\",\"contentUrl\":\"https:\\\/\\\/i0.wp.com\\\/gersonguelmann.com.br\\\/blog\\\/wp-content\\\/uploads\\\/2018\\\/05\\\/1.jpg?fit=308%2C478&ssl=1\",\"width\":308,\"height\":478},{\"@type\":\"WebSite\",\"@id\":\"https:\\\/\\\/gersonguelmann.com.br\\\/blog\\\/#website\",\"url\":\"https:\\\/\\\/gersonguelmann.com.br\\\/blog\\\/\",\"name\":\"Blog do Guelmann\",\"description\":\"Pitadas da sabedoria e do humor judaicos, assuntos do momento e um pouco das hist\u00f3rias que vivi e testemunhei.\",\"potentialAction\":[{\"@type\":\"SearchAction\",\"target\":{\"@type\":\"EntryPoint\",\"urlTemplate\":\"https:\\\/\\\/gersonguelmann.com.br\\\/blog\\\/?s={search_term_string}\"},\"query-input\":{\"@type\":\"PropertyValueSpecification\",\"valueRequired\":true,\"valueName\":\"search_term_string\"}}],\"inLanguage\":\"pt-BR\"},{\"@type\":\"Person\",\"@id\":\"https:\\\/\\\/gersonguelmann.com.br\\\/blog\\\/#\\\/schema\\\/person\\\/87e70e2a786888082f941a482c90569e\",\"name\":\"Gerson Guelmann\",\"image\":{\"@type\":\"ImageObject\",\"inLanguage\":\"pt-BR\",\"@id\":\"https:\\\/\\\/i0.wp.com\\\/gersonguelmann.com.br\\\/blog\\\/wp-content\\\/uploads\\\/2021\\\/08\\\/BLOG.jpeg?fit=96%2C96&ssl=1\",\"url\":\"https:\\\/\\\/i0.wp.com\\\/gersonguelmann.com.br\\\/blog\\\/wp-content\\\/uploads\\\/2021\\\/08\\\/BLOG.jpeg?fit=96%2C96&ssl=1\",\"contentUrl\":\"https:\\\/\\\/i0.wp.com\\\/gersonguelmann.com.br\\\/blog\\\/wp-content\\\/uploads\\\/2021\\\/08\\\/BLOG.jpeg?fit=96%2C96&ssl=1\",\"caption\":\"Gerson Guelmann\"},\"description\":\"Pitadas da sabedoria e do humor judaicos, assuntos do momento e um pouco das hist\u00f3rias que vivi e testemunhei.\"}]}<\/script>\n<!-- \/ Yoast SEO plugin. -->","yoast_head_json":{"title":"29\/4: Quando os Alem\u00e3es se Renderam ao Brasil | Blog do Guelmann","robots":{"index":"index","follow":"follow","max-snippet":"max-snippet:-1","max-image-preview":"max-image-preview:large","max-video-preview":"max-video-preview:-1"},"canonical":"https:\/\/gersonguelmann.com.br\/blog\/29-4-quando-os-alemaes-se-renderam-ao-brasil\/","og_locale":"pt_BR","og_type":"article","og_title":"29\/4: Quando os Alem\u00e3es se Renderam ao Brasil | Blog do Guelmann","og_description":"Texto muito interessante de fato hist\u00f3rico desconhecido por grande parte dos brasileiros: &#8220;29 de abril, uma grande data ! Corria o ano de 1962 , um Oficial do Ex\u00e9rcito Brasileiro foi fazer interc\u00e2mbio na Alemanha com a Escola de Comando e Estado-Maior de l\u00e1. Os Oficiais alem\u00e3es convidaram o brasileiro para um happy-hour numa taverna [&hellip;]","og_url":"https:\/\/gersonguelmann.com.br\/blog\/29-4-quando-os-alemaes-se-renderam-ao-brasil\/","og_site_name":"Blog do Guelmann","article_published_time":"2018-05-04T20:50:56+00:00","article_modified_time":"2018-05-04T20:51:39+00:00","og_image":[{"width":308,"height":478,"url":"https:\/\/i0.wp.com\/gersonguelmann.com.br\/blog\/wp-content\/uploads\/2018\/05\/1.jpg?fit=308%2C478&ssl=1","type":"image\/jpeg"}],"author":"Gerson Guelmann","twitter_card":"summary_large_image","twitter_misc":{"Escrito por":"Gerson Guelmann","Est. tempo de leitura":"1 minuto"},"schema":{"@context":"https:\/\/schema.org","@graph":[{"@type":"Article","@id":"https:\/\/gersonguelmann.com.br\/blog\/29-4-quando-os-alemaes-se-renderam-ao-brasil\/#article","isPartOf":{"@id":"https:\/\/gersonguelmann.com.br\/blog\/29-4-quando-os-alemaes-se-renderam-ao-brasil\/"},"author":{"name":"Gerson Guelmann","@id":"https:\/\/gersonguelmann.com.br\/blog\/#\/schema\/person\/87e70e2a786888082f941a482c90569e"},"headline":"29\/4: Quando os Alem\u00e3es se Renderam ao Brasil","datePublished":"2018-05-04T20:50:56+00:00","dateModified":"2018-05-04T20:51:39+00:00","mainEntityOfPage":{"@id":"https:\/\/gersonguelmann.com.br\/blog\/29-4-quando-os-alemaes-se-renderam-ao-brasil\/"},"wordCount":298,"commentCount":0,"image":{"@id":"https:\/\/gersonguelmann.com.br\/blog\/29-4-quando-os-alemaes-se-renderam-ao-brasil\/#primaryimage"},"thumbnailUrl":"https:\/\/i0.wp.com\/gersonguelmann.com.br\/blog\/wp-content\/uploads\/2018\/05\/1.jpg?fit=308%2C478&ssl=1","inLanguage":"pt-BR","potentialAction":[{"@type":"CommentAction","name":"Comment","target":["https:\/\/gersonguelmann.com.br\/blog\/29-4-quando-os-alemaes-se-renderam-ao-brasil\/#respond"]}]},{"@type":"WebPage","@id":"https:\/\/gersonguelmann.com.br\/blog\/29-4-quando-os-alemaes-se-renderam-ao-brasil\/","url":"https:\/\/gersonguelmann.com.br\/blog\/29-4-quando-os-alemaes-se-renderam-ao-brasil\/","name":"29\/4: Quando os Alem\u00e3es se Renderam ao Brasil | Blog do Guelmann","isPartOf":{"@id":"https:\/\/gersonguelmann.com.br\/blog\/#website"},"primaryImageOfPage":{"@id":"https:\/\/gersonguelmann.com.br\/blog\/29-4-quando-os-alemaes-se-renderam-ao-brasil\/#primaryimage"},"image":{"@id":"https:\/\/gersonguelmann.com.br\/blog\/29-4-quando-os-alemaes-se-renderam-ao-brasil\/#primaryimage"},"thumbnailUrl":"https:\/\/i0.wp.com\/gersonguelmann.com.br\/blog\/wp-content\/uploads\/2018\/05\/1.jpg?fit=308%2C478&ssl=1","datePublished":"2018-05-04T20:50:56+00:00","dateModified":"2018-05-04T20:51:39+00:00","author":{"@id":"https:\/\/gersonguelmann.com.br\/blog\/#\/schema\/person\/87e70e2a786888082f941a482c90569e"},"inLanguage":"pt-BR","potentialAction":[{"@type":"ReadAction","target":["https:\/\/gersonguelmann.com.br\/blog\/29-4-quando-os-alemaes-se-renderam-ao-brasil\/"]}]},{"@type":"ImageObject","inLanguage":"pt-BR","@id":"https:\/\/gersonguelmann.com.br\/blog\/29-4-quando-os-alemaes-se-renderam-ao-brasil\/#primaryimage","url":"https:\/\/i0.wp.com\/gersonguelmann.com.br\/blog\/wp-content\/uploads\/2018\/05\/1.jpg?fit=308%2C478&ssl=1","contentUrl":"https:\/\/i0.wp.com\/gersonguelmann.com.br\/blog\/wp-content\/uploads\/2018\/05\/1.jpg?fit=308%2C478&ssl=1","width":308,"height":478},{"@type":"WebSite","@id":"https:\/\/gersonguelmann.com.br\/blog\/#website","url":"https:\/\/gersonguelmann.com.br\/blog\/","name":"Blog do Guelmann","description":"Pitadas da sabedoria e do humor judaicos, assuntos do momento e um pouco das hist\u00f3rias que vivi e testemunhei.","potentialAction":[{"@type":"SearchAction","target":{"@type":"EntryPoint","urlTemplate":"https:\/\/gersonguelmann.com.br\/blog\/?s={search_term_string}"},"query-input":{"@type":"PropertyValueSpecification","valueRequired":true,"valueName":"search_term_string"}}],"inLanguage":"pt-BR"},{"@type":"Person","@id":"https:\/\/gersonguelmann.com.br\/blog\/#\/schema\/person\/87e70e2a786888082f941a482c90569e","name":"Gerson Guelmann","image":{"@type":"ImageObject","inLanguage":"pt-BR","@id":"https:\/\/i0.wp.com\/gersonguelmann.com.br\/blog\/wp-content\/uploads\/2021\/08\/BLOG.jpeg?fit=96%2C96&ssl=1","url":"https:\/\/i0.wp.com\/gersonguelmann.com.br\/blog\/wp-content\/uploads\/2021\/08\/BLOG.jpeg?fit=96%2C96&ssl=1","contentUrl":"https:\/\/i0.wp.com\/gersonguelmann.com.br\/blog\/wp-content\/uploads\/2021\/08\/BLOG.jpeg?fit=96%2C96&ssl=1","caption":"Gerson Guelmann"},"description":"Pitadas da sabedoria e do humor judaicos, assuntos do momento e um pouco das hist\u00f3rias que vivi e testemunhei."}]}},"views":26,"jetpack_publicize_connections":[],"jetpack_featured_media_url":"https:\/\/i0.wp.com\/gersonguelmann.com.br\/blog\/wp-content\/uploads\/2018\/05\/1.jpg?fit=308%2C478&ssl=1","jetpack_shortlink":"https:\/\/wp.me\/p96e7O-3fm","jetpack-related-posts":[{"id":13165,"url":"https:\/\/gersonguelmann.com.br\/blog\/o-brasil-na-1a-guerra-mundial-1914-1918\/","url_meta":{"origin":12484,"position":0},"title":"O Brasil na 1\u00aa Guerra Mundial (1914-1918)","author":"Gerson Guelmann","date":"22 de maio de 2018","format":false,"excerpt":"Esta semana dois amigos me mandaram um texto extremamente interessante, que trata da participa\u00e7\u00e3o do Brasil na 1\u00aa Guerra Mundial. Na internet verifiquei que \u00e9 de autoria de Maria Tereza Mendes e foi publicado no Blog do Percival Puggina. Compartilho porque vale a pena conhecer a hist\u00f3ria: N\u00d3S TAMB\u00c9M TEMOS\u2026","rel":"","context":"Em &quot;Sem categoria&quot;","block_context":{"text":"Sem categoria","link":"https:\/\/gersonguelmann.com.br\/blog\/category\/sem-categoria\/"},"img":{"alt_text":"","src":"https:\/\/i0.wp.com\/gersonguelmann.com.br\/blog\/wp-content\/uploads\/2018\/05\/Placa.jpg?fit=1024%2C630&ssl=1&resize=350%2C200","width":350,"height":200,"srcset":"https:\/\/i0.wp.com\/gersonguelmann.com.br\/blog\/wp-content\/uploads\/2018\/05\/Placa.jpg?fit=1024%2C630&ssl=1&resize=350%2C200 1x, https:\/\/i0.wp.com\/gersonguelmann.com.br\/blog\/wp-content\/uploads\/2018\/05\/Placa.jpg?fit=1024%2C630&ssl=1&resize=525%2C300 1.5x, https:\/\/i0.wp.com\/gersonguelmann.com.br\/blog\/wp-content\/uploads\/2018\/05\/Placa.jpg?fit=1024%2C630&ssl=1&resize=700%2C400 2x"},"classes":[]},{"id":98,"url":"https:\/\/gersonguelmann.com.br\/blog\/os-soldados-judeus-no-exercito-do-tzar\/","url_meta":{"origin":12484,"position":1},"title":"Os Soldados Judeus no Ex\u00e9rcito do Tzar","author":"Gerson Guelmann","date":"30 de abril de 2022","format":false,"excerpt":"Na R\u00fassia, durante a 1\u00aa Guerra Mundial, o ex\u00e9rcito do Tzar estava desesperadamente necessitado de recrutas. A situa\u00e7\u00e3o era t\u00e3o aflitiva que resolveram convocar todos os estudantes de uma escola rab\u00ednica.\u00a0 Os rapazes foram levados a um centro de treinamento para aprender a atirar com fuzis, ap\u00f3s o que seriam\u2026","rel":"","context":"Em &quot;Sem categoria&quot;","block_context":{"text":"Sem categoria","link":"https:\/\/gersonguelmann.com.br\/blog\/category\/sem-categoria\/"},"img":{"alt_text":"","src":"https:\/\/i0.wp.com\/gersonguelmann.com.br\/blog\/wp-content\/uploads\/2018\/07\/TSAR.jpg?fit=1140%2C686&ssl=1&resize=350%2C200","width":350,"height":200,"srcset":"https:\/\/i0.wp.com\/gersonguelmann.com.br\/blog\/wp-content\/uploads\/2018\/07\/TSAR.jpg?fit=1140%2C686&ssl=1&resize=350%2C200 1x, https:\/\/i0.wp.com\/gersonguelmann.com.br\/blog\/wp-content\/uploads\/2018\/07\/TSAR.jpg?fit=1140%2C686&ssl=1&resize=525%2C300 1.5x, https:\/\/i0.wp.com\/gersonguelmann.com.br\/blog\/wp-content\/uploads\/2018\/07\/TSAR.jpg?fit=1140%2C686&ssl=1&resize=700%2C400 2x, https:\/\/i0.wp.com\/gersonguelmann.com.br\/blog\/wp-content\/uploads\/2018\/07\/TSAR.jpg?fit=1140%2C686&ssl=1&resize=1050%2C600 3x"},"classes":[]},{"id":132,"url":"https:\/\/gersonguelmann.com.br\/blog\/o-marechal-russo-a-3-guerra-mundial-e-o-exercito-de-israel\/","url_meta":{"origin":12484,"position":2},"title":"O Marechal Russo, a 3\u00aa Guerra Mundial e o Ex\u00e9rcito de Israel","author":"Gerson Guelmann","date":"19 de julho de 2022","format":false,"excerpt":"Na Escola Superior de Guerra da R\u00fassia, um velho e condecorado Marechal foi convidado a dar uma palestra aos jovens oficiais do ex\u00e9rcito vermelho. O tema em discuss\u00e3o era relacionado aos problemas decorrentes das amea\u00e7as estrangeiras e as estrat\u00e9gias que deveriam ser aplicadas em caso de um conflito. Aberta a\u2026","rel":"","context":"Em &quot;Sem categoria&quot;","block_context":{"text":"Sem categoria","link":"https:\/\/gersonguelmann.com.br\/blog\/category\/sem-categoria\/"},"img":{"alt_text":"","src":"https:\/\/i0.wp.com\/gersonguelmann.com.br\/blog\/wp-content\/uploads\/2022\/07\/RUSSIA.jpg?fit=1200%2C864&ssl=1&resize=350%2C200","width":350,"height":200,"srcset":"https:\/\/i0.wp.com\/gersonguelmann.com.br\/blog\/wp-content\/uploads\/2022\/07\/RUSSIA.jpg?fit=1200%2C864&ssl=1&resize=350%2C200 1x, https:\/\/i0.wp.com\/gersonguelmann.com.br\/blog\/wp-content\/uploads\/2022\/07\/RUSSIA.jpg?fit=1200%2C864&ssl=1&resize=525%2C300 1.5x, https:\/\/i0.wp.com\/gersonguelmann.com.br\/blog\/wp-content\/uploads\/2022\/07\/RUSSIA.jpg?fit=1200%2C864&ssl=1&resize=700%2C400 2x, https:\/\/i0.wp.com\/gersonguelmann.com.br\/blog\/wp-content\/uploads\/2022\/07\/RUSSIA.jpg?fit=1200%2C864&ssl=1&resize=1050%2C600 3x"},"classes":[]},{"id":207,"url":"https:\/\/gersonguelmann.com.br\/blog\/como-seria-arca-do-noe-brasileiro\/","url_meta":{"origin":12484,"position":3},"title":"Como Seria a Arca do No\u00e9 Brasileiro?","author":"Gerson Guelmann","date":"17 de abril de 2022","format":false,"excerpt":"Conta-se que um dia o Senhor ligou para No\u00e9 da Silva e disse: - \u201cEm seis meses farei chover at\u00e9 que o Brasil inteiro esteja coberto de \u00e1gua e todos os corruptos sejam destru\u00eddos. Esse povo a\u00ed n\u00e3o tem jeito, minha paci\u00eancia j\u00e1 se esgotou, mas como sei que voc\u00ea\u2026","rel":"","context":"Em &quot;Sem categoria&quot;","block_context":{"text":"Sem categoria","link":"https:\/\/gersonguelmann.com.br\/blog\/category\/sem-categoria\/"},"img":{"alt_text":"","src":"https:\/\/i0.wp.com\/gersonguelmann.com.br\/blog\/wp-content\/uploads\/2018\/02\/NOE.jpeg?fit=1049%2C701&ssl=1&resize=350%2C200","width":350,"height":200,"srcset":"https:\/\/i0.wp.com\/gersonguelmann.com.br\/blog\/wp-content\/uploads\/2018\/02\/NOE.jpeg?fit=1049%2C701&ssl=1&resize=350%2C200 1x, https:\/\/i0.wp.com\/gersonguelmann.com.br\/blog\/wp-content\/uploads\/2018\/02\/NOE.jpeg?fit=1049%2C701&ssl=1&resize=525%2C300 1.5x, https:\/\/i0.wp.com\/gersonguelmann.com.br\/blog\/wp-content\/uploads\/2018\/02\/NOE.jpeg?fit=1049%2C701&ssl=1&resize=700%2C400 2x"},"classes":[]},{"id":23519,"url":"https:\/\/gersonguelmann.com.br\/blog\/sexta-do-humor-e-da-cultura-judaica-o-marechal-russo-a-3a-guerra-mundial-e-o-exercito-de-israel\/","url_meta":{"origin":12484,"position":4},"title":"Sexta do Humor e da Cultura Judaica: O Marechal Russo, a 3\u00aa Guerra Mundial e o Ex\u00e9rcito de Israel","author":"Gerson Guelmann","date":"16 de agosto de 2024","format":false,"excerpt":"O Marechal Russo, a 3\u00aa Guerra Mundial e o Ex\u00e9rcito de Israel Na Escola Superior de Guerra da R\u00fassia, um velho e condecorado Marechal foi convidado a dar uma palestra aos jovens oficiais do ex\u00e9rcito vermelho. O tema em discuss\u00e3o era relacionado aos problemas decorrentes das amea\u00e7as estrangeiras e as\u2026","rel":"","context":"Em &quot;Sem categoria&quot;","block_context":{"text":"Sem categoria","link":"https:\/\/gersonguelmann.com.br\/blog\/category\/sem-categoria\/"},"img":{"alt_text":"","src":"https:\/\/i0.wp.com\/gersonguelmann.com.br\/blog\/wp-content\/uploads\/2024\/08\/HojePR-5-scaled.jpg?fit=1200%2C800&ssl=1&resize=350%2C200","width":350,"height":200,"srcset":"https:\/\/i0.wp.com\/gersonguelmann.com.br\/blog\/wp-content\/uploads\/2024\/08\/HojePR-5-scaled.jpg?fit=1200%2C800&ssl=1&resize=350%2C200 1x, https:\/\/i0.wp.com\/gersonguelmann.com.br\/blog\/wp-content\/uploads\/2024\/08\/HojePR-5-scaled.jpg?fit=1200%2C800&ssl=1&resize=525%2C300 1.5x, https:\/\/i0.wp.com\/gersonguelmann.com.br\/blog\/wp-content\/uploads\/2024\/08\/HojePR-5-scaled.jpg?fit=1200%2C800&ssl=1&resize=700%2C400 2x, https:\/\/i0.wp.com\/gersonguelmann.com.br\/blog\/wp-content\/uploads\/2024\/08\/HojePR-5-scaled.jpg?fit=1200%2C800&ssl=1&resize=1050%2C600 3x"},"classes":[]},{"id":18154,"url":"https:\/\/gersonguelmann.com.br\/blog\/da-para-desembarcar-na-franca-sem-passaporte\/","url_meta":{"origin":12484,"position":5},"title":"D\u00e1 Para Desembarcar na Fran\u00e7a Sem Passaporte?","author":"Gerson Guelmann","date":"28 de agosto de 2019","format":false,"excerpt":"N\u00e3o sei se a anedota guarda rela\u00e7\u00e3o com o atual est\u00e1gio das rela\u00e7\u00f5es entre o Brasil e a Fran\u00e7a, mas a verdade \u00e9 que come\u00e7ou a circular justamente agora. Seja como for a hist\u00f3ria d\u00e1 \"uma cutucada diplom\u00e1tica\" naquele pa\u00eds. Encontrei uma \u00fanica refer\u00eancia \u00e0 ela em postagem do Facebook,\u2026","rel":"","context":"Em &quot;Sem categoria&quot;","block_context":{"text":"Sem categoria","link":"https:\/\/gersonguelmann.com.br\/blog\/category\/sem-categoria\/"},"img":{"alt_text":"","src":"https:\/\/i0.wp.com\/gersonguelmann.com.br\/blog\/wp-content\/uploads\/2019\/08\/Dia-D.jpg?fit=1200%2C899&ssl=1&resize=350%2C200","width":350,"height":200,"srcset":"https:\/\/i0.wp.com\/gersonguelmann.com.br\/blog\/wp-content\/uploads\/2019\/08\/Dia-D.jpg?fit=1200%2C899&ssl=1&resize=350%2C200 1x, https:\/\/i0.wp.com\/gersonguelmann.com.br\/blog\/wp-content\/uploads\/2019\/08\/Dia-D.jpg?fit=1200%2C899&ssl=1&resize=525%2C300 1.5x, https:\/\/i0.wp.com\/gersonguelmann.com.br\/blog\/wp-content\/uploads\/2019\/08\/Dia-D.jpg?fit=1200%2C899&ssl=1&resize=700%2C400 2x, https:\/\/i0.wp.com\/gersonguelmann.com.br\/blog\/wp-content\/uploads\/2019\/08\/Dia-D.jpg?fit=1200%2C899&ssl=1&resize=1050%2C600 3x"},"classes":[]}],"jetpack_sharing_enabled":true,"post_mailing_queue_ids":[],"_links":{"self":[{"href":"https:\/\/gersonguelmann.com.br\/blog\/wp-json\/wp\/v2\/posts\/12484","targetHints":{"allow":["GET"]}}],"collection":[{"href":"https:\/\/gersonguelmann.com.br\/blog\/wp-json\/wp\/v2\/posts"}],"about":[{"href":"https:\/\/gersonguelmann.com.br\/blog\/wp-json\/wp\/v2\/types\/post"}],"author":[{"embeddable":true,"href":"https:\/\/gersonguelmann.com.br\/blog\/wp-json\/wp\/v2\/users\/5"}],"replies":[{"embeddable":true,"href":"https:\/\/gersonguelmann.com.br\/blog\/wp-json\/wp\/v2\/comments?post=12484"}],"version-history":[{"count":0,"href":"https:\/\/gersonguelmann.com.br\/blog\/wp-json\/wp\/v2\/posts\/12484\/revisions"}],"wp:featuredmedia":[{"embeddable":true,"href":"https:\/\/gersonguelmann.com.br\/blog\/wp-json\/wp\/v2\/media\/12485"}],"wp:attachment":[{"href":"https:\/\/gersonguelmann.com.br\/blog\/wp-json\/wp\/v2\/media?parent=12484"}],"wp:term":[{"taxonomy":"category","embeddable":true,"href":"https:\/\/gersonguelmann.com.br\/blog\/wp-json\/wp\/v2\/categories?post=12484"},{"taxonomy":"post_tag","embeddable":true,"href":"https:\/\/gersonguelmann.com.br\/blog\/wp-json\/wp\/v2\/tags?post=12484"}],"curies":[{"name":"wp","href":"https:\/\/api.w.org\/{rel}","templated":true}]}}