    {"id":12495,"date":"2018-05-04T21:10:34","date_gmt":"2018-05-05T00:10:34","guid":{"rendered":"https:\/\/gersonguelmann.com.br\/blog\/?p=12495"},"modified":"2018-05-04T21:10:34","modified_gmt":"2018-05-05T00:10:34","slug":"ave-maria-no-morro-belissima","status":"publish","type":"post","link":"https:\/\/gersonguelmann.com.br\/blog\/ave-maria-no-morro-belissima\/","title":{"rendered":"Ave Maria no Morro, Bel\u00edssima"},"content":{"rendered":"<p><span style=\"font-family: georgia, palatino, serif; font-size: 18pt; color: #000000;\">Escute Zucchero interpretando Ave Maria no Morro em show feito por ele em Havana, Cuba, em 2012.<\/span><\/p>\n<p><span style=\"font-family: georgia, palatino, serif; font-size: 18pt; color: #000000;\">A obra imortal de Herivelto Martins ficou absolutamente sensacional neste arranjo, com o sotaque do cantor italiano cantando em portugu\u00eas.<\/span><\/p>\n<p style=\"text-align: center;\"><img data-recalc-dims=\"1\" fetchpriority=\"high\" decoding=\"async\" data-attachment-id=\"12496\" data-permalink=\"https:\/\/gersonguelmann.com.br\/blog\/ave-maria-no-morro-belissima\/hm-2\/\" data-orig-file=\"https:\/\/i0.wp.com\/gersonguelmann.com.br\/blog\/wp-content\/uploads\/2018\/05\/HM.jpg?fit=270%2C186&amp;ssl=1\" data-orig-size=\"270,186\" data-comments-opened=\"1\" data-image-meta=\"{&quot;aperture&quot;:&quot;0&quot;,&quot;credit&quot;:&quot;&quot;,&quot;camera&quot;:&quot;&quot;,&quot;caption&quot;:&quot;&quot;,&quot;created_timestamp&quot;:&quot;0&quot;,&quot;copyright&quot;:&quot;&quot;,&quot;focal_length&quot;:&quot;0&quot;,&quot;iso&quot;:&quot;0&quot;,&quot;shutter_speed&quot;:&quot;0&quot;,&quot;title&quot;:&quot;&quot;,&quot;orientation&quot;:&quot;0&quot;}\" data-image-title=\"HM\" data-image-description=\"\" data-image-caption=\"\" data-medium-file=\"https:\/\/i0.wp.com\/gersonguelmann.com.br\/blog\/wp-content\/uploads\/2018\/05\/HM.jpg?fit=270%2C186&amp;ssl=1\" data-large-file=\"https:\/\/i0.wp.com\/gersonguelmann.com.br\/blog\/wp-content\/uploads\/2018\/05\/HM.jpg?fit=270%2C186&amp;ssl=1\" class=\"size-full wp-image-12496 aligncenter\" src=\"https:\/\/i0.wp.com\/gersonguelmann.com.br\/blog\/wp-content\/uploads\/2018\/05\/HM.jpg?resize=270%2C186&#038;ssl=1\" alt=\"\" width=\"270\" height=\"186\" \/>\u00a0 \u00a0 \u00a0 \u00a0\u00a0<span style=\"font-family: georgia, palatino, serif; font-size: 14pt;\"><strong>Herivelto de Oliveira Martins<br \/>\nVila de Rodeio (RJ),\u00a030\/1\/1912<\/strong><\/span><br \/>\n<span style=\"font-family: georgia, palatino, serif; font-size: 14pt;\"><strong>Rio de Janeiro (RJ), 17\/9\/1992<\/strong><\/span><\/p>\n<p style=\"text-align: center;\"><img data-recalc-dims=\"1\" decoding=\"async\" data-attachment-id=\"12498\" data-permalink=\"https:\/\/gersonguelmann.com.br\/blog\/ave-maria-no-morro-belissima\/download-40\/\" data-orig-file=\"https:\/\/i0.wp.com\/gersonguelmann.com.br\/blog\/wp-content\/uploads\/2018\/05\/download-2.jpg?fit=275%2C183&amp;ssl=1\" data-orig-size=\"275,183\" data-comments-opened=\"1\" data-image-meta=\"{&quot;aperture&quot;:&quot;0&quot;,&quot;credit&quot;:&quot;&quot;,&quot;camera&quot;:&quot;&quot;,&quot;caption&quot;:&quot;&quot;,&quot;created_timestamp&quot;:&quot;0&quot;,&quot;copyright&quot;:&quot;&quot;,&quot;focal_length&quot;:&quot;0&quot;,&quot;iso&quot;:&quot;0&quot;,&quot;shutter_speed&quot;:&quot;0&quot;,&quot;title&quot;:&quot;&quot;,&quot;orientation&quot;:&quot;0&quot;}\" data-image-title=\"download\" data-image-description=\"\" data-image-caption=\"\" data-medium-file=\"https:\/\/i0.wp.com\/gersonguelmann.com.br\/blog\/wp-content\/uploads\/2018\/05\/download-2.jpg?fit=275%2C183&amp;ssl=1\" data-large-file=\"https:\/\/i0.wp.com\/gersonguelmann.com.br\/blog\/wp-content\/uploads\/2018\/05\/download-2.jpg?fit=275%2C183&amp;ssl=1\" class=\"alignnone size-full wp-image-12498\" src=\"https:\/\/i0.wp.com\/gersonguelmann.com.br\/blog\/wp-content\/uploads\/2018\/05\/download-2.jpg?resize=275%2C183&#038;ssl=1\" alt=\"\" width=\"275\" height=\"183\" \/><br \/>\n<span style=\"font-size: 14pt;\"><em><strong><span style=\"font-family: georgia, palatino, serif;\">Zucchero<\/span><\/strong><\/em><\/span><br \/>\n<span style=\"font-size: 14pt;\"><em><strong><span style=\"font-family: georgia, palatino, serif;\">Adelmo Fornaciari<\/span><\/strong><\/em><\/span><br \/>\n<span style=\"font-size: 14pt;\"><em><strong><span style=\"font-family: georgia, palatino, serif;\">Reggio Emilia (It\u00e1lia),\u00a025\/9\/1955<\/span><\/strong><\/em><\/span><\/p>\n<p><span class=\"embed-youtube\" style=\"text-align:center; display: block;\"><iframe class=\"youtube-player\" width=\"640\" height=\"360\" src=\"https:\/\/www.youtube.com\/embed\/halYmwkfioc?version=3&#038;rel=1&#038;showsearch=0&#038;showinfo=1&#038;iv_load_policy=1&#038;fs=1&#038;hl=pt-BR&#038;autohide=2&#038;wmode=transparent\" allowfullscreen=\"true\" style=\"border:0;\" sandbox=\"allow-scripts allow-same-origin allow-popups allow-presentation allow-popups-to-escape-sandbox\"><\/iframe><\/span><\/p>\n","protected":false},"excerpt":{"rendered":"<p>Escute Zucchero interpretando Ave Maria no Morro em show feito por ele em Havana, Cuba, em 2012. A obra imortal de Herivelto Martins ficou absolutamente sensacional neste arranjo, com o sotaque do cantor italiano cantando em portugu\u00eas. \u00a0 \u00a0 \u00a0 \u00a0\u00a0Herivelto de Oliveira Martins Vila de Rodeio (RJ),\u00a030\/1\/1912 Rio de Janeiro (RJ), 17\/9\/1992 Zucchero Adelmo [&hellip;]<\/p>\n","protected":false},"author":5,"featured_media":12496,"comment_status":"open","ping_status":"open","sticky":false,"template":"","format":"standard","meta":{"_acf_changed":false,"jetpack_post_was_ever_published":false,"_jetpack_newsletter_access":"","_jetpack_dont_email_post_to_subs":false,"_jetpack_newsletter_tier_id":0,"_jetpack_memberships_contains_paywalled_content":false,"_jetpack_memberships_contains_paid_content":false,"footnotes":"","jetpack_publicize_message":"","jetpack_publicize_feature_enabled":true,"jetpack_social_post_already_shared":true,"jetpack_social_options":{"image_generator_settings":{"template":"highway","default_image_id":0,"font":"","enabled":false},"version":2}},"categories":[1],"tags":[],"class_list":["post-12495","post","type-post","status-publish","format-standard","has-post-thumbnail","hentry","category-sem-categoria"],"acf":[],"yoast_head":"<!-- This site is optimized with the Yoast SEO plugin v27.3 - https:\/\/yoast.com\/product\/yoast-seo-wordpress\/ -->\n<title>Ave Maria no Morro, Bel\u00edssima | Blog do Guelmann<\/title>\n<meta name=\"robots\" content=\"index, follow, max-snippet:-1, max-image-preview:large, max-video-preview:-1\" \/>\n<link rel=\"canonical\" href=\"https:\/\/gersonguelmann.com.br\/blog\/ave-maria-no-morro-belissima\/\" \/>\n<meta property=\"og:locale\" content=\"pt_BR\" \/>\n<meta property=\"og:type\" content=\"article\" \/>\n<meta property=\"og:title\" content=\"Ave Maria no Morro, Bel\u00edssima | Blog do Guelmann\" \/>\n<meta property=\"og:description\" content=\"Escute Zucchero interpretando Ave Maria no Morro em show feito por ele em Havana, Cuba, em 2012. A obra imortal de Herivelto Martins ficou absolutamente sensacional neste arranjo, com o sotaque do cantor italiano cantando em portugu\u00eas. \u00a0 \u00a0 \u00a0 \u00a0\u00a0Herivelto de Oliveira Martins Vila de Rodeio (RJ),\u00a030\/1\/1912 Rio de Janeiro (RJ), 17\/9\/1992 Zucchero Adelmo [&hellip;]\" \/>\n<meta property=\"og:url\" content=\"https:\/\/gersonguelmann.com.br\/blog\/ave-maria-no-morro-belissima\/\" \/>\n<meta property=\"og:site_name\" content=\"Blog do Guelmann\" \/>\n<meta property=\"article:published_time\" content=\"2018-05-05T00:10:34+00:00\" \/>\n<meta property=\"og:image\" content=\"https:\/\/i0.wp.com\/gersonguelmann.com.br\/blog\/wp-content\/uploads\/2018\/05\/HM.jpg?fit=270%2C186&ssl=1\" \/>\n\t<meta property=\"og:image:width\" content=\"270\" \/>\n\t<meta property=\"og:image:height\" content=\"186\" \/>\n\t<meta property=\"og:image:type\" content=\"image\/jpeg\" \/>\n<meta name=\"author\" content=\"Gerson Guelmann\" \/>\n<meta name=\"twitter:card\" content=\"summary_large_image\" \/>\n<meta name=\"twitter:label1\" content=\"Escrito por\" \/>\n\t<meta name=\"twitter:data1\" content=\"Gerson Guelmann\" \/>\n<script type=\"application\/ld+json\" class=\"yoast-schema-graph\">{\"@context\":\"https:\\\/\\\/schema.org\",\"@graph\":[{\"@type\":\"Article\",\"@id\":\"https:\\\/\\\/gersonguelmann.com.br\\\/blog\\\/ave-maria-no-morro-belissima\\\/#article\",\"isPartOf\":{\"@id\":\"https:\\\/\\\/gersonguelmann.com.br\\\/blog\\\/ave-maria-no-morro-belissima\\\/\"},\"author\":{\"name\":\"Gerson Guelmann\",\"@id\":\"https:\\\/\\\/gersonguelmann.com.br\\\/blog\\\/#\\\/schema\\\/person\\\/87e70e2a786888082f941a482c90569e\"},\"headline\":\"Ave Maria no Morro, Bel\u00edssima\",\"datePublished\":\"2018-05-05T00:10:34+00:00\",\"mainEntityOfPage\":{\"@id\":\"https:\\\/\\\/gersonguelmann.com.br\\\/blog\\\/ave-maria-no-morro-belissima\\\/\"},\"wordCount\":69,\"commentCount\":0,\"image\":{\"@id\":\"https:\\\/\\\/gersonguelmann.com.br\\\/blog\\\/ave-maria-no-morro-belissima\\\/#primaryimage\"},\"thumbnailUrl\":\"https:\\\/\\\/i0.wp.com\\\/gersonguelmann.com.br\\\/blog\\\/wp-content\\\/uploads\\\/2018\\\/05\\\/HM.jpg?fit=270%2C186&ssl=1\",\"inLanguage\":\"pt-BR\",\"potentialAction\":[{\"@type\":\"CommentAction\",\"name\":\"Comment\",\"target\":[\"https:\\\/\\\/gersonguelmann.com.br\\\/blog\\\/ave-maria-no-morro-belissima\\\/#respond\"]}]},{\"@type\":\"WebPage\",\"@id\":\"https:\\\/\\\/gersonguelmann.com.br\\\/blog\\\/ave-maria-no-morro-belissima\\\/\",\"url\":\"https:\\\/\\\/gersonguelmann.com.br\\\/blog\\\/ave-maria-no-morro-belissima\\\/\",\"name\":\"Ave Maria no Morro, Bel\u00edssima | Blog do Guelmann\",\"isPartOf\":{\"@id\":\"https:\\\/\\\/gersonguelmann.com.br\\\/blog\\\/#website\"},\"primaryImageOfPage\":{\"@id\":\"https:\\\/\\\/gersonguelmann.com.br\\\/blog\\\/ave-maria-no-morro-belissima\\\/#primaryimage\"},\"image\":{\"@id\":\"https:\\\/\\\/gersonguelmann.com.br\\\/blog\\\/ave-maria-no-morro-belissima\\\/#primaryimage\"},\"thumbnailUrl\":\"https:\\\/\\\/i0.wp.com\\\/gersonguelmann.com.br\\\/blog\\\/wp-content\\\/uploads\\\/2018\\\/05\\\/HM.jpg?fit=270%2C186&ssl=1\",\"datePublished\":\"2018-05-05T00:10:34+00:00\",\"author\":{\"@id\":\"https:\\\/\\\/gersonguelmann.com.br\\\/blog\\\/#\\\/schema\\\/person\\\/87e70e2a786888082f941a482c90569e\"},\"inLanguage\":\"pt-BR\",\"potentialAction\":[{\"@type\":\"ReadAction\",\"target\":[\"https:\\\/\\\/gersonguelmann.com.br\\\/blog\\\/ave-maria-no-morro-belissima\\\/\"]}]},{\"@type\":\"ImageObject\",\"inLanguage\":\"pt-BR\",\"@id\":\"https:\\\/\\\/gersonguelmann.com.br\\\/blog\\\/ave-maria-no-morro-belissima\\\/#primaryimage\",\"url\":\"https:\\\/\\\/i0.wp.com\\\/gersonguelmann.com.br\\\/blog\\\/wp-content\\\/uploads\\\/2018\\\/05\\\/HM.jpg?fit=270%2C186&ssl=1\",\"contentUrl\":\"https:\\\/\\\/i0.wp.com\\\/gersonguelmann.com.br\\\/blog\\\/wp-content\\\/uploads\\\/2018\\\/05\\\/HM.jpg?fit=270%2C186&ssl=1\",\"width\":270,\"height\":186},{\"@type\":\"WebSite\",\"@id\":\"https:\\\/\\\/gersonguelmann.com.br\\\/blog\\\/#website\",\"url\":\"https:\\\/\\\/gersonguelmann.com.br\\\/blog\\\/\",\"name\":\"Blog do Guelmann\",\"description\":\"Pitadas da sabedoria e do humor judaicos, assuntos do momento e um pouco das hist\u00f3rias que vivi e testemunhei.\",\"potentialAction\":[{\"@type\":\"SearchAction\",\"target\":{\"@type\":\"EntryPoint\",\"urlTemplate\":\"https:\\\/\\\/gersonguelmann.com.br\\\/blog\\\/?s={search_term_string}\"},\"query-input\":{\"@type\":\"PropertyValueSpecification\",\"valueRequired\":true,\"valueName\":\"search_term_string\"}}],\"inLanguage\":\"pt-BR\"},{\"@type\":\"Person\",\"@id\":\"https:\\\/\\\/gersonguelmann.com.br\\\/blog\\\/#\\\/schema\\\/person\\\/87e70e2a786888082f941a482c90569e\",\"name\":\"Gerson Guelmann\",\"image\":{\"@type\":\"ImageObject\",\"inLanguage\":\"pt-BR\",\"@id\":\"https:\\\/\\\/i0.wp.com\\\/gersonguelmann.com.br\\\/blog\\\/wp-content\\\/uploads\\\/2021\\\/08\\\/BLOG.jpeg?fit=96%2C96&ssl=1\",\"url\":\"https:\\\/\\\/i0.wp.com\\\/gersonguelmann.com.br\\\/blog\\\/wp-content\\\/uploads\\\/2021\\\/08\\\/BLOG.jpeg?fit=96%2C96&ssl=1\",\"contentUrl\":\"https:\\\/\\\/i0.wp.com\\\/gersonguelmann.com.br\\\/blog\\\/wp-content\\\/uploads\\\/2021\\\/08\\\/BLOG.jpeg?fit=96%2C96&ssl=1\",\"caption\":\"Gerson Guelmann\"},\"description\":\"Pitadas da sabedoria e do humor judaicos, assuntos do momento e um pouco das hist\u00f3rias que vivi e testemunhei.\"}]}<\/script>\n<!-- \/ Yoast SEO plugin. -->","yoast_head_json":{"title":"Ave Maria no Morro, Bel\u00edssima | Blog do Guelmann","robots":{"index":"index","follow":"follow","max-snippet":"max-snippet:-1","max-image-preview":"max-image-preview:large","max-video-preview":"max-video-preview:-1"},"canonical":"https:\/\/gersonguelmann.com.br\/blog\/ave-maria-no-morro-belissima\/","og_locale":"pt_BR","og_type":"article","og_title":"Ave Maria no Morro, Bel\u00edssima | Blog do Guelmann","og_description":"Escute Zucchero interpretando Ave Maria no Morro em show feito por ele em Havana, Cuba, em 2012. A obra imortal de Herivelto Martins ficou absolutamente sensacional neste arranjo, com o sotaque do cantor italiano cantando em portugu\u00eas. \u00a0 \u00a0 \u00a0 \u00a0\u00a0Herivelto de Oliveira Martins Vila de Rodeio (RJ),\u00a030\/1\/1912 Rio de Janeiro (RJ), 17\/9\/1992 Zucchero Adelmo [&hellip;]","og_url":"https:\/\/gersonguelmann.com.br\/blog\/ave-maria-no-morro-belissima\/","og_site_name":"Blog do Guelmann","article_published_time":"2018-05-05T00:10:34+00:00","og_image":[{"width":270,"height":186,"url":"https:\/\/i0.wp.com\/gersonguelmann.com.br\/blog\/wp-content\/uploads\/2018\/05\/HM.jpg?fit=270%2C186&ssl=1","type":"image\/jpeg"}],"author":"Gerson Guelmann","twitter_card":"summary_large_image","twitter_misc":{"Escrito por":"Gerson Guelmann"},"schema":{"@context":"https:\/\/schema.org","@graph":[{"@type":"Article","@id":"https:\/\/gersonguelmann.com.br\/blog\/ave-maria-no-morro-belissima\/#article","isPartOf":{"@id":"https:\/\/gersonguelmann.com.br\/blog\/ave-maria-no-morro-belissima\/"},"author":{"name":"Gerson Guelmann","@id":"https:\/\/gersonguelmann.com.br\/blog\/#\/schema\/person\/87e70e2a786888082f941a482c90569e"},"headline":"Ave Maria no Morro, Bel\u00edssima","datePublished":"2018-05-05T00:10:34+00:00","mainEntityOfPage":{"@id":"https:\/\/gersonguelmann.com.br\/blog\/ave-maria-no-morro-belissima\/"},"wordCount":69,"commentCount":0,"image":{"@id":"https:\/\/gersonguelmann.com.br\/blog\/ave-maria-no-morro-belissima\/#primaryimage"},"thumbnailUrl":"https:\/\/i0.wp.com\/gersonguelmann.com.br\/blog\/wp-content\/uploads\/2018\/05\/HM.jpg?fit=270%2C186&ssl=1","inLanguage":"pt-BR","potentialAction":[{"@type":"CommentAction","name":"Comment","target":["https:\/\/gersonguelmann.com.br\/blog\/ave-maria-no-morro-belissima\/#respond"]}]},{"@type":"WebPage","@id":"https:\/\/gersonguelmann.com.br\/blog\/ave-maria-no-morro-belissima\/","url":"https:\/\/gersonguelmann.com.br\/blog\/ave-maria-no-morro-belissima\/","name":"Ave Maria no Morro, Bel\u00edssima | Blog do Guelmann","isPartOf":{"@id":"https:\/\/gersonguelmann.com.br\/blog\/#website"},"primaryImageOfPage":{"@id":"https:\/\/gersonguelmann.com.br\/blog\/ave-maria-no-morro-belissima\/#primaryimage"},"image":{"@id":"https:\/\/gersonguelmann.com.br\/blog\/ave-maria-no-morro-belissima\/#primaryimage"},"thumbnailUrl":"https:\/\/i0.wp.com\/gersonguelmann.com.br\/blog\/wp-content\/uploads\/2018\/05\/HM.jpg?fit=270%2C186&ssl=1","datePublished":"2018-05-05T00:10:34+00:00","author":{"@id":"https:\/\/gersonguelmann.com.br\/blog\/#\/schema\/person\/87e70e2a786888082f941a482c90569e"},"inLanguage":"pt-BR","potentialAction":[{"@type":"ReadAction","target":["https:\/\/gersonguelmann.com.br\/blog\/ave-maria-no-morro-belissima\/"]}]},{"@type":"ImageObject","inLanguage":"pt-BR","@id":"https:\/\/gersonguelmann.com.br\/blog\/ave-maria-no-morro-belissima\/#primaryimage","url":"https:\/\/i0.wp.com\/gersonguelmann.com.br\/blog\/wp-content\/uploads\/2018\/05\/HM.jpg?fit=270%2C186&ssl=1","contentUrl":"https:\/\/i0.wp.com\/gersonguelmann.com.br\/blog\/wp-content\/uploads\/2018\/05\/HM.jpg?fit=270%2C186&ssl=1","width":270,"height":186},{"@type":"WebSite","@id":"https:\/\/gersonguelmann.com.br\/blog\/#website","url":"https:\/\/gersonguelmann.com.br\/blog\/","name":"Blog do Guelmann","description":"Pitadas da sabedoria e do humor judaicos, assuntos do momento e um pouco das hist\u00f3rias que vivi e testemunhei.","potentialAction":[{"@type":"SearchAction","target":{"@type":"EntryPoint","urlTemplate":"https:\/\/gersonguelmann.com.br\/blog\/?s={search_term_string}"},"query-input":{"@type":"PropertyValueSpecification","valueRequired":true,"valueName":"search_term_string"}}],"inLanguage":"pt-BR"},{"@type":"Person","@id":"https:\/\/gersonguelmann.com.br\/blog\/#\/schema\/person\/87e70e2a786888082f941a482c90569e","name":"Gerson Guelmann","image":{"@type":"ImageObject","inLanguage":"pt-BR","@id":"https:\/\/i0.wp.com\/gersonguelmann.com.br\/blog\/wp-content\/uploads\/2021\/08\/BLOG.jpeg?fit=96%2C96&ssl=1","url":"https:\/\/i0.wp.com\/gersonguelmann.com.br\/blog\/wp-content\/uploads\/2021\/08\/BLOG.jpeg?fit=96%2C96&ssl=1","contentUrl":"https:\/\/i0.wp.com\/gersonguelmann.com.br\/blog\/wp-content\/uploads\/2021\/08\/BLOG.jpeg?fit=96%2C96&ssl=1","caption":"Gerson Guelmann"},"description":"Pitadas da sabedoria e do humor judaicos, assuntos do momento e um pouco das hist\u00f3rias que vivi e testemunhei."}]}},"views":223,"jetpack_publicize_connections":[],"jetpack_featured_media_url":"https:\/\/i0.wp.com\/gersonguelmann.com.br\/blog\/wp-content\/uploads\/2018\/05\/HM.jpg?fit=270%2C186&ssl=1","jetpack_shortlink":"https:\/\/wp.me\/p96e7O-3fx","jetpack-related-posts":[{"id":18182,"url":"https:\/\/gersonguelmann.com.br\/blog\/ave-maria-brasileira-harmonia-em-voz-e-violao\/","url_meta":{"origin":12495,"position":0},"title":"Ave Maria Brasileira, Harmonia em Voz e Viol\u00e3o","author":"Gerson Guelmann","date":"30 de agosto de 2019","format":false,"excerpt":"Imagem: YouTube Sou um profundo admirador da m\u00fasica Ave Maria, tanto a de Bach\/Gonoud como a de Schubert. Aqui mesmo no Blog j\u00e1 postei diversas interpreta\u00e7\u00f5es e confesso que n\u00e3o sei dizer qual acho a melhor. Houve uma \u00e9poca em que fiz uma s\u00e9rie, publicando uma a cada dia, mas\u2026","rel":"","context":"Em &quot;Sem categoria&quot;","block_context":{"text":"Sem categoria","link":"https:\/\/gersonguelmann.com.br\/blog\/category\/sem-categoria\/"},"img":{"alt_text":"","src":"https:\/\/i0.wp.com\/gersonguelmann.com.br\/blog\/wp-content\/uploads\/2019\/08\/Ave-Maria-300x168.jpg?resize=350%2C200&ssl=1","width":350,"height":200},"classes":[]},{"id":14321,"url":"https:\/\/gersonguelmann.com.br\/blog\/boa-musica-brasileira-manha-de-carnaval\/","url_meta":{"origin":12495,"position":1},"title":"Boa M\u00fasica Brasileira: Manh\u00e3 de Carnaval","author":"Gerson Guelmann","date":"26 de junho de 2018","format":false,"excerpt":"Para fechar a noite, a bel\u00edssima m\u00fasica \"Manh\u00e3 de Carnaval\", composta por Luiz Bonf\u00e1 e Antonio Maria. Ao viol\u00e3o, Baden Powell, nascido em Varre-Sai (RJ) em 6\/8\/1937 e falecido no Rio de Janeiro (RJ) em 26\/9\/2000. https:\/\/www.youtube.com\/watch?v=tN6ti5ay108 \u00a0","rel":"","context":"Em &quot;Sem categoria&quot;","block_context":{"text":"Sem categoria","link":"https:\/\/gersonguelmann.com.br\/blog\/category\/sem-categoria\/"},"img":{"alt_text":"","src":"https:\/\/i0.wp.com\/gersonguelmann.com.br\/blog\/wp-content\/uploads\/2018\/06\/BP.jpg?fit=1200%2C889&ssl=1&resize=350%2C200","width":350,"height":200,"srcset":"https:\/\/i0.wp.com\/gersonguelmann.com.br\/blog\/wp-content\/uploads\/2018\/06\/BP.jpg?fit=1200%2C889&ssl=1&resize=350%2C200 1x, https:\/\/i0.wp.com\/gersonguelmann.com.br\/blog\/wp-content\/uploads\/2018\/06\/BP.jpg?fit=1200%2C889&ssl=1&resize=525%2C300 1.5x, https:\/\/i0.wp.com\/gersonguelmann.com.br\/blog\/wp-content\/uploads\/2018\/06\/BP.jpg?fit=1200%2C889&ssl=1&resize=700%2C400 2x, https:\/\/i0.wp.com\/gersonguelmann.com.br\/blog\/wp-content\/uploads\/2018\/06\/BP.jpg?fit=1200%2C889&ssl=1&resize=1050%2C600 3x"},"classes":[]},{"id":16690,"url":"https:\/\/gersonguelmann.com.br\/blog\/ave-maria-em-harmonica\/","url_meta":{"origin":12495,"position":2},"title":"Ave Maria em Harm\u00f4nica","author":"Gerson Guelmann","date":"17 de maio de 2019","format":false,"excerpt":"Sou um apaixonado pela m\u00fasica Ave Maria. Aqui no Blog j\u00e1 compartilhei diversas vers\u00f5es e acho dif\u00edcil opinar sobre a mais bonita. A interpreta\u00e7\u00e3o no v\u00eddeo abaixo \u00e9 de Willi Burger, considerado um dos maiores int\u00e9rpretes de harm\u00f4nica (gaita de boca) de todos os tempos e o maior ainda vivo.\u2026","rel":"","context":"Em &quot;Sem categoria&quot;","block_context":{"text":"Sem categoria","link":"https:\/\/gersonguelmann.com.br\/blog\/category\/sem-categoria\/"},"img":{"alt_text":"","src":"https:\/\/i0.wp.com\/gersonguelmann.com.br\/blog\/wp-content\/uploads\/2019\/05\/harmonica.jpg?fit=960%2C637&ssl=1&resize=350%2C200","width":350,"height":200,"srcset":"https:\/\/i0.wp.com\/gersonguelmann.com.br\/blog\/wp-content\/uploads\/2019\/05\/harmonica.jpg?fit=960%2C637&ssl=1&resize=350%2C200 1x, https:\/\/i0.wp.com\/gersonguelmann.com.br\/blog\/wp-content\/uploads\/2019\/05\/harmonica.jpg?fit=960%2C637&ssl=1&resize=525%2C300 1.5x, https:\/\/i0.wp.com\/gersonguelmann.com.br\/blog\/wp-content\/uploads\/2019\/05\/harmonica.jpg?fit=960%2C637&ssl=1&resize=700%2C400 2x"},"classes":[]},{"id":6720,"url":"https:\/\/gersonguelmann.com.br\/blog\/vesperas-olavo-bilac\/","url_meta":{"origin":12495,"position":3},"title":"V\u00e9speras &#8211; Olavo Bilac","author":"Gerson Guelmann","date":"9 de janeiro de 2018","format":false,"excerpt":"Via L\u00e1ctea (trecho XIII) \u201cOra (direis) ouvir estrelas! Certo Perdeste o senso!\u201d E eu vos direi, no entanto, Que, para ouvi-las, muita vez desperto E abro as janelas, p\u00e1lido de espanto\u2026 E conversamos toda a noite, enquanto A Via L\u00e1ctea, como um p\u00e1lio aberto, Cintila. E, ao vir do sol,\u2026","rel":"","context":"Em &quot;Sem categoria&quot;","block_context":{"text":"Sem categoria","link":"https:\/\/gersonguelmann.com.br\/blog\/category\/sem-categoria\/"},"img":{"alt_text":"","src":"https:\/\/i0.wp.com\/gersonguelmann.com.br\/blog\/wp-content\/uploads\/2018\/01\/OB.jpg?fit=847%2C1057&ssl=1&resize=350%2C200","width":350,"height":200,"srcset":"https:\/\/i0.wp.com\/gersonguelmann.com.br\/blog\/wp-content\/uploads\/2018\/01\/OB.jpg?fit=847%2C1057&ssl=1&resize=350%2C200 1x, https:\/\/i0.wp.com\/gersonguelmann.com.br\/blog\/wp-content\/uploads\/2018\/01\/OB.jpg?fit=847%2C1057&ssl=1&resize=525%2C300 1.5x, https:\/\/i0.wp.com\/gersonguelmann.com.br\/blog\/wp-content\/uploads\/2018\/01\/OB.jpg?fit=847%2C1057&ssl=1&resize=700%2C400 2x"},"classes":[]},{"id":10906,"url":"https:\/\/gersonguelmann.com.br\/blog\/jogar-em-itaquera-ou-entregar-no-rj-o-bom-humor-das-redes\/","url_meta":{"origin":12495,"position":4},"title":"Jogar em Itaquera ou Entregar no RJ &#8211; O Bom Humor das Redes","author":"Gerson Guelmann","date":"27 de mar\u00e7o de 2018","format":false,"excerpt":"\"Jogar contra o Corinthians em Itaquera \u00e9 igual fazer entrega de caminh\u00e3o no Rio de Janeiro. Voc\u00ea sabe que ser\u00e1 roubado, mas tem que ir.\"","rel":"","context":"Em &quot;Sem categoria&quot;","block_context":{"text":"Sem categoria","link":"https:\/\/gersonguelmann.com.br\/blog\/category\/sem-categoria\/"},"img":{"alt_text":"","src":"https:\/\/i0.wp.com\/gersonguelmann.com.br\/blog\/wp-content\/uploads\/2018\/03\/Arena.jpg?resize=350%2C200&ssl=1","width":350,"height":200},"classes":[]},{"id":6623,"url":"https:\/\/gersonguelmann.com.br\/blog\/vesperas-joao-cabral-de-melo-neto\/","url_meta":{"origin":12495,"position":5},"title":"V\u00e9speras &#8211;  Jo\u00e3o Cabral de Melo Neto","author":"Gerson Guelmann","date":"8 de janeiro de 2018","format":false,"excerpt":"Morte e Vida Severina \u2014 O meu nome \u00e9 Severino, como n\u00e3o tenho outro de pia. Como h\u00e1 muitos Severinos, que \u00e9 santo de romaria, deram ent\u00e3o de me chamar Severino de Maria; como h\u00e1 muitos Severinos com m\u00e3es chamadas Maria, fiquei sendo o da Maria do finado Zacarias. Mas\u2026","rel":"","context":"Em &quot;Sem categoria&quot;","block_context":{"text":"Sem categoria","link":"https:\/\/gersonguelmann.com.br\/blog\/category\/sem-categoria\/"},"img":{"alt_text":"","src":"https:\/\/i0.wp.com\/gersonguelmann.com.br\/blog\/wp-content\/uploads\/2018\/01\/JCMN-300x160.jpg?resize=350%2C200&ssl=1","width":350,"height":200},"classes":[]}],"jetpack_sharing_enabled":true,"post_mailing_queue_ids":[],"_links":{"self":[{"href":"https:\/\/gersonguelmann.com.br\/blog\/wp-json\/wp\/v2\/posts\/12495","targetHints":{"allow":["GET"]}}],"collection":[{"href":"https:\/\/gersonguelmann.com.br\/blog\/wp-json\/wp\/v2\/posts"}],"about":[{"href":"https:\/\/gersonguelmann.com.br\/blog\/wp-json\/wp\/v2\/types\/post"}],"author":[{"embeddable":true,"href":"https:\/\/gersonguelmann.com.br\/blog\/wp-json\/wp\/v2\/users\/5"}],"replies":[{"embeddable":true,"href":"https:\/\/gersonguelmann.com.br\/blog\/wp-json\/wp\/v2\/comments?post=12495"}],"version-history":[{"count":0,"href":"https:\/\/gersonguelmann.com.br\/blog\/wp-json\/wp\/v2\/posts\/12495\/revisions"}],"wp:featuredmedia":[{"embeddable":true,"href":"https:\/\/gersonguelmann.com.br\/blog\/wp-json\/wp\/v2\/media\/12496"}],"wp:attachment":[{"href":"https:\/\/gersonguelmann.com.br\/blog\/wp-json\/wp\/v2\/media?parent=12495"}],"wp:term":[{"taxonomy":"category","embeddable":true,"href":"https:\/\/gersonguelmann.com.br\/blog\/wp-json\/wp\/v2\/categories?post=12495"},{"taxonomy":"post_tag","embeddable":true,"href":"https:\/\/gersonguelmann.com.br\/blog\/wp-json\/wp\/v2\/tags?post=12495"}],"curies":[{"name":"wp","href":"https:\/\/api.w.org\/{rel}","templated":true}]}}