    {"id":12500,"date":"2018-05-04T21:52:00","date_gmt":"2018-05-05T00:52:00","guid":{"rendered":"https:\/\/gersonguelmann.com.br\/blog\/?p=12500"},"modified":"2018-05-04T22:38:14","modified_gmt":"2018-05-05T01:38:14","slug":"carlos-vereza-definindo-lula-em-2006-no-jo-soares","status":"publish","type":"post","link":"https:\/\/gersonguelmann.com.br\/blog\/carlos-vereza-definindo-lula-em-2006-no-jo-soares\/","title":{"rendered":"Carlos Vereza Definindo Lula em 2006, no J\u00f4 Soares"},"content":{"rendered":"<p style=\"text-align: center;\"><img data-recalc-dims=\"1\" fetchpriority=\"high\" decoding=\"async\" data-attachment-id=\"12501\" data-permalink=\"https:\/\/gersonguelmann.com.br\/blog\/carlos-vereza-definindo-lula-em-2006-no-jo-soares\/cv\/\" data-orig-file=\"https:\/\/i0.wp.com\/gersonguelmann.com.br\/blog\/wp-content\/uploads\/2018\/05\/CV.jpg?fit=284%2C178&amp;ssl=1\" data-orig-size=\"284,178\" data-comments-opened=\"1\" data-image-meta=\"{&quot;aperture&quot;:&quot;0&quot;,&quot;credit&quot;:&quot;&quot;,&quot;camera&quot;:&quot;&quot;,&quot;caption&quot;:&quot;&quot;,&quot;created_timestamp&quot;:&quot;0&quot;,&quot;copyright&quot;:&quot;&quot;,&quot;focal_length&quot;:&quot;0&quot;,&quot;iso&quot;:&quot;0&quot;,&quot;shutter_speed&quot;:&quot;0&quot;,&quot;title&quot;:&quot;&quot;,&quot;orientation&quot;:&quot;0&quot;}\" data-image-title=\"CV\" data-image-description=\"\" data-image-caption=\"\" data-medium-file=\"https:\/\/i0.wp.com\/gersonguelmann.com.br\/blog\/wp-content\/uploads\/2018\/05\/CV.jpg?fit=284%2C178&amp;ssl=1\" data-large-file=\"https:\/\/i0.wp.com\/gersonguelmann.com.br\/blog\/wp-content\/uploads\/2018\/05\/CV.jpg?fit=284%2C178&amp;ssl=1\" class=\"alignnone size-full wp-image-12501\" src=\"https:\/\/i0.wp.com\/gersonguelmann.com.br\/blog\/wp-content\/uploads\/2018\/05\/CV.jpg?resize=284%2C178&#038;ssl=1\" alt=\"\" width=\"284\" height=\"178\" \/><\/p>\n<p><span style=\"font-family: georgia, palatino, serif; font-size: 18pt; color: #000000;\">Em 2\/5\/2006 o ator Carlos Vereza foi entrevistado por J\u00f4 Soares e n\u00e3o poupou cr\u00edticas ao ent\u00e3o presidente Lula.<\/span><\/p>\n<p><span style=\"font-family: georgia, palatino, serif; font-size: 18pt; color: #000000;\">Vereza atribuiu a cria\u00e7\u00e3o do &#8220;mito&#8221; Lula ao\u00a0falecido Golbery do Couto e Silva como uma t\u00e1tica para dividir as esquerdas.<\/span><\/p>\n<p><span style=\"font-family: georgia, palatino, serif; font-size: 18pt; color: #000000;\">O incr\u00edvel \u00e9 que j\u00e1 h\u00e1 12 anos o\u00a0ator criticava a forma como o PT agia, acusando o partido de chegar ao poder sem projeto de governo.<\/span><\/p>\n<p><span style=\"font-family: georgia, palatino, serif; font-size: 18pt; color: #000000;\"> O v\u00eddeo abaixo \u00e9 de um trecho da entrevista.<\/span><\/p>\n<p><span class=\"embed-youtube\" style=\"text-align:center; display: block;\"><iframe class=\"youtube-player\" width=\"640\" height=\"360\" src=\"https:\/\/www.youtube.com\/embed\/bc0QU_oyUXE?version=3&#038;rel=1&#038;showsearch=0&#038;showinfo=1&#038;iv_load_policy=1&#038;fs=1&#038;hl=pt-BR&#038;autohide=2&#038;wmode=transparent\" allowfullscreen=\"true\" style=\"border:0;\" sandbox=\"allow-scripts allow-same-origin allow-popups allow-presentation allow-popups-to-escape-sandbox\"><\/iframe><\/span><\/p>\n","protected":false},"excerpt":{"rendered":"<p>Em 2\/5\/2006 o ator Carlos Vereza foi entrevistado por J\u00f4 Soares e n\u00e3o poupou cr\u00edticas ao ent\u00e3o presidente Lula. Vereza atribuiu a cria\u00e7\u00e3o do &#8220;mito&#8221; Lula ao\u00a0falecido Golbery do Couto e Silva como uma t\u00e1tica para dividir as esquerdas. O incr\u00edvel \u00e9 que j\u00e1 h\u00e1 12 anos o\u00a0ator criticava a forma como o PT agia, [&hellip;]<\/p>\n","protected":false},"author":5,"featured_media":12501,"comment_status":"open","ping_status":"open","sticky":false,"template":"","format":"standard","meta":{"_acf_changed":false,"jetpack_post_was_ever_published":false,"_jetpack_newsletter_access":"","_jetpack_dont_email_post_to_subs":false,"_jetpack_newsletter_tier_id":0,"_jetpack_memberships_contains_paywalled_content":false,"_jetpack_memberships_contains_paid_content":false,"footnotes":"","jetpack_publicize_message":"","jetpack_publicize_feature_enabled":true,"jetpack_social_post_already_shared":true,"jetpack_social_options":{"image_generator_settings":{"template":"highway","default_image_id":0,"font":"","enabled":false},"version":2}},"categories":[1],"tags":[],"class_list":["post-12500","post","type-post","status-publish","format-standard","has-post-thumbnail","hentry","category-sem-categoria"],"acf":[],"yoast_head":"<!-- This site is optimized with the Yoast SEO plugin v27.3 - https:\/\/yoast.com\/product\/yoast-seo-wordpress\/ -->\n<title>Carlos Vereza Definindo Lula em 2006, no J\u00f4 Soares | Blog do Guelmann<\/title>\n<meta name=\"robots\" content=\"index, follow, max-snippet:-1, max-image-preview:large, max-video-preview:-1\" \/>\n<link rel=\"canonical\" href=\"https:\/\/gersonguelmann.com.br\/blog\/carlos-vereza-definindo-lula-em-2006-no-jo-soares\/\" \/>\n<meta property=\"og:locale\" content=\"pt_BR\" \/>\n<meta property=\"og:type\" content=\"article\" \/>\n<meta property=\"og:title\" content=\"Carlos Vereza Definindo Lula em 2006, no J\u00f4 Soares | Blog do Guelmann\" \/>\n<meta property=\"og:description\" content=\"Em 2\/5\/2006 o ator Carlos Vereza foi entrevistado por J\u00f4 Soares e n\u00e3o poupou cr\u00edticas ao ent\u00e3o presidente Lula. Vereza atribuiu a cria\u00e7\u00e3o do &#8220;mito&#8221; Lula ao\u00a0falecido Golbery do Couto e Silva como uma t\u00e1tica para dividir as esquerdas. O incr\u00edvel \u00e9 que j\u00e1 h\u00e1 12 anos o\u00a0ator criticava a forma como o PT agia, [&hellip;]\" \/>\n<meta property=\"og:url\" content=\"https:\/\/gersonguelmann.com.br\/blog\/carlos-vereza-definindo-lula-em-2006-no-jo-soares\/\" \/>\n<meta property=\"og:site_name\" content=\"Blog do Guelmann\" \/>\n<meta property=\"article:published_time\" content=\"2018-05-05T00:52:00+00:00\" \/>\n<meta property=\"article:modified_time\" content=\"2018-05-05T01:38:14+00:00\" \/>\n<meta property=\"og:image\" content=\"https:\/\/i0.wp.com\/gersonguelmann.com.br\/blog\/wp-content\/uploads\/2018\/05\/CV.jpg?fit=284%2C178&ssl=1\" \/>\n\t<meta property=\"og:image:width\" content=\"284\" \/>\n\t<meta property=\"og:image:height\" content=\"178\" \/>\n\t<meta property=\"og:image:type\" content=\"image\/jpeg\" \/>\n<meta name=\"author\" content=\"Gerson Guelmann\" \/>\n<meta name=\"twitter:card\" content=\"summary_large_image\" \/>\n<meta name=\"twitter:label1\" content=\"Escrito por\" \/>\n\t<meta name=\"twitter:data1\" content=\"Gerson Guelmann\" \/>\n<script type=\"application\/ld+json\" class=\"yoast-schema-graph\">{\"@context\":\"https:\\\/\\\/schema.org\",\"@graph\":[{\"@type\":\"Article\",\"@id\":\"https:\\\/\\\/gersonguelmann.com.br\\\/blog\\\/carlos-vereza-definindo-lula-em-2006-no-jo-soares\\\/#article\",\"isPartOf\":{\"@id\":\"https:\\\/\\\/gersonguelmann.com.br\\\/blog\\\/carlos-vereza-definindo-lula-em-2006-no-jo-soares\\\/\"},\"author\":{\"name\":\"Gerson Guelmann\",\"@id\":\"https:\\\/\\\/gersonguelmann.com.br\\\/blog\\\/#\\\/schema\\\/person\\\/87e70e2a786888082f941a482c90569e\"},\"headline\":\"Carlos Vereza Definindo Lula em 2006, no J\u00f4 Soares\",\"datePublished\":\"2018-05-05T00:52:00+00:00\",\"dateModified\":\"2018-05-05T01:38:14+00:00\",\"mainEntityOfPage\":{\"@id\":\"https:\\\/\\\/gersonguelmann.com.br\\\/blog\\\/carlos-vereza-definindo-lula-em-2006-no-jo-soares\\\/\"},\"wordCount\":97,\"commentCount\":0,\"image\":{\"@id\":\"https:\\\/\\\/gersonguelmann.com.br\\\/blog\\\/carlos-vereza-definindo-lula-em-2006-no-jo-soares\\\/#primaryimage\"},\"thumbnailUrl\":\"https:\\\/\\\/i0.wp.com\\\/gersonguelmann.com.br\\\/blog\\\/wp-content\\\/uploads\\\/2018\\\/05\\\/CV.jpg?fit=284%2C178&ssl=1\",\"inLanguage\":\"pt-BR\",\"potentialAction\":[{\"@type\":\"CommentAction\",\"name\":\"Comment\",\"target\":[\"https:\\\/\\\/gersonguelmann.com.br\\\/blog\\\/carlos-vereza-definindo-lula-em-2006-no-jo-soares\\\/#respond\"]}]},{\"@type\":\"WebPage\",\"@id\":\"https:\\\/\\\/gersonguelmann.com.br\\\/blog\\\/carlos-vereza-definindo-lula-em-2006-no-jo-soares\\\/\",\"url\":\"https:\\\/\\\/gersonguelmann.com.br\\\/blog\\\/carlos-vereza-definindo-lula-em-2006-no-jo-soares\\\/\",\"name\":\"Carlos Vereza Definindo Lula em 2006, no J\u00f4 Soares | Blog do Guelmann\",\"isPartOf\":{\"@id\":\"https:\\\/\\\/gersonguelmann.com.br\\\/blog\\\/#website\"},\"primaryImageOfPage\":{\"@id\":\"https:\\\/\\\/gersonguelmann.com.br\\\/blog\\\/carlos-vereza-definindo-lula-em-2006-no-jo-soares\\\/#primaryimage\"},\"image\":{\"@id\":\"https:\\\/\\\/gersonguelmann.com.br\\\/blog\\\/carlos-vereza-definindo-lula-em-2006-no-jo-soares\\\/#primaryimage\"},\"thumbnailUrl\":\"https:\\\/\\\/i0.wp.com\\\/gersonguelmann.com.br\\\/blog\\\/wp-content\\\/uploads\\\/2018\\\/05\\\/CV.jpg?fit=284%2C178&ssl=1\",\"datePublished\":\"2018-05-05T00:52:00+00:00\",\"dateModified\":\"2018-05-05T01:38:14+00:00\",\"author\":{\"@id\":\"https:\\\/\\\/gersonguelmann.com.br\\\/blog\\\/#\\\/schema\\\/person\\\/87e70e2a786888082f941a482c90569e\"},\"inLanguage\":\"pt-BR\",\"potentialAction\":[{\"@type\":\"ReadAction\",\"target\":[\"https:\\\/\\\/gersonguelmann.com.br\\\/blog\\\/carlos-vereza-definindo-lula-em-2006-no-jo-soares\\\/\"]}]},{\"@type\":\"ImageObject\",\"inLanguage\":\"pt-BR\",\"@id\":\"https:\\\/\\\/gersonguelmann.com.br\\\/blog\\\/carlos-vereza-definindo-lula-em-2006-no-jo-soares\\\/#primaryimage\",\"url\":\"https:\\\/\\\/i0.wp.com\\\/gersonguelmann.com.br\\\/blog\\\/wp-content\\\/uploads\\\/2018\\\/05\\\/CV.jpg?fit=284%2C178&ssl=1\",\"contentUrl\":\"https:\\\/\\\/i0.wp.com\\\/gersonguelmann.com.br\\\/blog\\\/wp-content\\\/uploads\\\/2018\\\/05\\\/CV.jpg?fit=284%2C178&ssl=1\",\"width\":284,\"height\":178},{\"@type\":\"WebSite\",\"@id\":\"https:\\\/\\\/gersonguelmann.com.br\\\/blog\\\/#website\",\"url\":\"https:\\\/\\\/gersonguelmann.com.br\\\/blog\\\/\",\"name\":\"Blog do Guelmann\",\"description\":\"Pitadas da sabedoria e do humor judaicos, assuntos do momento e um pouco das hist\u00f3rias que vivi e testemunhei.\",\"potentialAction\":[{\"@type\":\"SearchAction\",\"target\":{\"@type\":\"EntryPoint\",\"urlTemplate\":\"https:\\\/\\\/gersonguelmann.com.br\\\/blog\\\/?s={search_term_string}\"},\"query-input\":{\"@type\":\"PropertyValueSpecification\",\"valueRequired\":true,\"valueName\":\"search_term_string\"}}],\"inLanguage\":\"pt-BR\"},{\"@type\":\"Person\",\"@id\":\"https:\\\/\\\/gersonguelmann.com.br\\\/blog\\\/#\\\/schema\\\/person\\\/87e70e2a786888082f941a482c90569e\",\"name\":\"Gerson Guelmann\",\"image\":{\"@type\":\"ImageObject\",\"inLanguage\":\"pt-BR\",\"@id\":\"https:\\\/\\\/i0.wp.com\\\/gersonguelmann.com.br\\\/blog\\\/wp-content\\\/uploads\\\/2021\\\/08\\\/BLOG.jpeg?fit=96%2C96&ssl=1\",\"url\":\"https:\\\/\\\/i0.wp.com\\\/gersonguelmann.com.br\\\/blog\\\/wp-content\\\/uploads\\\/2021\\\/08\\\/BLOG.jpeg?fit=96%2C96&ssl=1\",\"contentUrl\":\"https:\\\/\\\/i0.wp.com\\\/gersonguelmann.com.br\\\/blog\\\/wp-content\\\/uploads\\\/2021\\\/08\\\/BLOG.jpeg?fit=96%2C96&ssl=1\",\"caption\":\"Gerson Guelmann\"},\"description\":\"Pitadas da sabedoria e do humor judaicos, assuntos do momento e um pouco das hist\u00f3rias que vivi e testemunhei.\"}]}<\/script>\n<!-- \/ Yoast SEO plugin. -->","yoast_head_json":{"title":"Carlos Vereza Definindo Lula em 2006, no J\u00f4 Soares | Blog do Guelmann","robots":{"index":"index","follow":"follow","max-snippet":"max-snippet:-1","max-image-preview":"max-image-preview:large","max-video-preview":"max-video-preview:-1"},"canonical":"https:\/\/gersonguelmann.com.br\/blog\/carlos-vereza-definindo-lula-em-2006-no-jo-soares\/","og_locale":"pt_BR","og_type":"article","og_title":"Carlos Vereza Definindo Lula em 2006, no J\u00f4 Soares | Blog do Guelmann","og_description":"Em 2\/5\/2006 o ator Carlos Vereza foi entrevistado por J\u00f4 Soares e n\u00e3o poupou cr\u00edticas ao ent\u00e3o presidente Lula. Vereza atribuiu a cria\u00e7\u00e3o do &#8220;mito&#8221; Lula ao\u00a0falecido Golbery do Couto e Silva como uma t\u00e1tica para dividir as esquerdas. O incr\u00edvel \u00e9 que j\u00e1 h\u00e1 12 anos o\u00a0ator criticava a forma como o PT agia, [&hellip;]","og_url":"https:\/\/gersonguelmann.com.br\/blog\/carlos-vereza-definindo-lula-em-2006-no-jo-soares\/","og_site_name":"Blog do Guelmann","article_published_time":"2018-05-05T00:52:00+00:00","article_modified_time":"2018-05-05T01:38:14+00:00","og_image":[{"width":284,"height":178,"url":"https:\/\/i0.wp.com\/gersonguelmann.com.br\/blog\/wp-content\/uploads\/2018\/05\/CV.jpg?fit=284%2C178&ssl=1","type":"image\/jpeg"}],"author":"Gerson Guelmann","twitter_card":"summary_large_image","twitter_misc":{"Escrito por":"Gerson Guelmann"},"schema":{"@context":"https:\/\/schema.org","@graph":[{"@type":"Article","@id":"https:\/\/gersonguelmann.com.br\/blog\/carlos-vereza-definindo-lula-em-2006-no-jo-soares\/#article","isPartOf":{"@id":"https:\/\/gersonguelmann.com.br\/blog\/carlos-vereza-definindo-lula-em-2006-no-jo-soares\/"},"author":{"name":"Gerson Guelmann","@id":"https:\/\/gersonguelmann.com.br\/blog\/#\/schema\/person\/87e70e2a786888082f941a482c90569e"},"headline":"Carlos Vereza Definindo Lula em 2006, no J\u00f4 Soares","datePublished":"2018-05-05T00:52:00+00:00","dateModified":"2018-05-05T01:38:14+00:00","mainEntityOfPage":{"@id":"https:\/\/gersonguelmann.com.br\/blog\/carlos-vereza-definindo-lula-em-2006-no-jo-soares\/"},"wordCount":97,"commentCount":0,"image":{"@id":"https:\/\/gersonguelmann.com.br\/blog\/carlos-vereza-definindo-lula-em-2006-no-jo-soares\/#primaryimage"},"thumbnailUrl":"https:\/\/i0.wp.com\/gersonguelmann.com.br\/blog\/wp-content\/uploads\/2018\/05\/CV.jpg?fit=284%2C178&ssl=1","inLanguage":"pt-BR","potentialAction":[{"@type":"CommentAction","name":"Comment","target":["https:\/\/gersonguelmann.com.br\/blog\/carlos-vereza-definindo-lula-em-2006-no-jo-soares\/#respond"]}]},{"@type":"WebPage","@id":"https:\/\/gersonguelmann.com.br\/blog\/carlos-vereza-definindo-lula-em-2006-no-jo-soares\/","url":"https:\/\/gersonguelmann.com.br\/blog\/carlos-vereza-definindo-lula-em-2006-no-jo-soares\/","name":"Carlos Vereza Definindo Lula em 2006, no J\u00f4 Soares | Blog do Guelmann","isPartOf":{"@id":"https:\/\/gersonguelmann.com.br\/blog\/#website"},"primaryImageOfPage":{"@id":"https:\/\/gersonguelmann.com.br\/blog\/carlos-vereza-definindo-lula-em-2006-no-jo-soares\/#primaryimage"},"image":{"@id":"https:\/\/gersonguelmann.com.br\/blog\/carlos-vereza-definindo-lula-em-2006-no-jo-soares\/#primaryimage"},"thumbnailUrl":"https:\/\/i0.wp.com\/gersonguelmann.com.br\/blog\/wp-content\/uploads\/2018\/05\/CV.jpg?fit=284%2C178&ssl=1","datePublished":"2018-05-05T00:52:00+00:00","dateModified":"2018-05-05T01:38:14+00:00","author":{"@id":"https:\/\/gersonguelmann.com.br\/blog\/#\/schema\/person\/87e70e2a786888082f941a482c90569e"},"inLanguage":"pt-BR","potentialAction":[{"@type":"ReadAction","target":["https:\/\/gersonguelmann.com.br\/blog\/carlos-vereza-definindo-lula-em-2006-no-jo-soares\/"]}]},{"@type":"ImageObject","inLanguage":"pt-BR","@id":"https:\/\/gersonguelmann.com.br\/blog\/carlos-vereza-definindo-lula-em-2006-no-jo-soares\/#primaryimage","url":"https:\/\/i0.wp.com\/gersonguelmann.com.br\/blog\/wp-content\/uploads\/2018\/05\/CV.jpg?fit=284%2C178&ssl=1","contentUrl":"https:\/\/i0.wp.com\/gersonguelmann.com.br\/blog\/wp-content\/uploads\/2018\/05\/CV.jpg?fit=284%2C178&ssl=1","width":284,"height":178},{"@type":"WebSite","@id":"https:\/\/gersonguelmann.com.br\/blog\/#website","url":"https:\/\/gersonguelmann.com.br\/blog\/","name":"Blog do Guelmann","description":"Pitadas da sabedoria e do humor judaicos, assuntos do momento e um pouco das hist\u00f3rias que vivi e testemunhei.","potentialAction":[{"@type":"SearchAction","target":{"@type":"EntryPoint","urlTemplate":"https:\/\/gersonguelmann.com.br\/blog\/?s={search_term_string}"},"query-input":{"@type":"PropertyValueSpecification","valueRequired":true,"valueName":"search_term_string"}}],"inLanguage":"pt-BR"},{"@type":"Person","@id":"https:\/\/gersonguelmann.com.br\/blog\/#\/schema\/person\/87e70e2a786888082f941a482c90569e","name":"Gerson Guelmann","image":{"@type":"ImageObject","inLanguage":"pt-BR","@id":"https:\/\/i0.wp.com\/gersonguelmann.com.br\/blog\/wp-content\/uploads\/2021\/08\/BLOG.jpeg?fit=96%2C96&ssl=1","url":"https:\/\/i0.wp.com\/gersonguelmann.com.br\/blog\/wp-content\/uploads\/2021\/08\/BLOG.jpeg?fit=96%2C96&ssl=1","contentUrl":"https:\/\/i0.wp.com\/gersonguelmann.com.br\/blog\/wp-content\/uploads\/2021\/08\/BLOG.jpeg?fit=96%2C96&ssl=1","caption":"Gerson Guelmann"},"description":"Pitadas da sabedoria e do humor judaicos, assuntos do momento e um pouco das hist\u00f3rias que vivi e testemunhei."}]}},"views":118,"jetpack_publicize_connections":[],"jetpack_featured_media_url":"https:\/\/i0.wp.com\/gersonguelmann.com.br\/blog\/wp-content\/uploads\/2018\/05\/CV.jpg?fit=284%2C178&ssl=1","jetpack_shortlink":"https:\/\/wp.me\/p96e7O-3fC","jetpack-related-posts":[{"id":13633,"url":"https:\/\/gersonguelmann.com.br\/blog\/diogo-portugal-imigrante-salva-crianca-danny-glover-tenta-salvar-lula\/","url_meta":{"origin":12500,"position":0},"title":"Diogo Portugal: Imigrante Salva Crian\u00e7a, Danny Glover Tenta Salvar Lula","author":"Gerson Guelmann","date":"4 de junho de 2018","format":false,"excerpt":"Foto:\u00a0Ricardo Stuckert No \u00faltimo stand-up, o Diogo Portugal fala sobre temas que estiveram na m\u00eddia na \u00faltima semana: o imigrante que salvou uma crian\u00e7a em Paris, a visita do ator\u00a0Danny Glover ao ex-presidente Lula e a demiss\u00e3o de Pedro Parente da presid\u00eancia da Petrobras. https:\/\/www.youtube.com\/watch?v=Km500DcVw1w&feature=youtu.be","rel":"","context":"Em &quot;Sem categoria&quot;","block_context":{"text":"Sem categoria","link":"https:\/\/gersonguelmann.com.br\/blog\/category\/sem-categoria\/"},"img":{"alt_text":"","src":"https:\/\/i0.wp.com\/gersonguelmann.com.br\/blog\/wp-content\/uploads\/2018\/06\/DG.jpg?fit=900%2C506&ssl=1&resize=350%2C200","width":350,"height":200,"srcset":"https:\/\/i0.wp.com\/gersonguelmann.com.br\/blog\/wp-content\/uploads\/2018\/06\/DG.jpg?fit=900%2C506&ssl=1&resize=350%2C200 1x, https:\/\/i0.wp.com\/gersonguelmann.com.br\/blog\/wp-content\/uploads\/2018\/06\/DG.jpg?fit=900%2C506&ssl=1&resize=525%2C300 1.5x, https:\/\/i0.wp.com\/gersonguelmann.com.br\/blog\/wp-content\/uploads\/2018\/06\/DG.jpg?fit=900%2C506&ssl=1&resize=700%2C400 2x"},"classes":[]},{"id":13944,"url":"https:\/\/gersonguelmann.com.br\/blog\/ex-seguranca-de-lula-sobre-sitio-marisa-dava-ordens\/","url_meta":{"origin":12500,"position":1},"title":"Ex-Seguran\u00e7a de Lula Sobre o S\u00edtio: \u201cMarisa Dava as Ordens\u201d","author":"Gerson Guelmann","date":"14 de junho de 2018","format":false,"excerpt":"Mat\u00e9ria do site Jovem Pan: Ex-seguran\u00e7a de Lula diz que \u201cseguia ordens\u201d de Marisa no s\u00edtio em Atibaia Por\u00a0Estad\u00e3o Conte\u00fado 13\/06\/2018 21h54 Itamar diz ter trabalhado durante seis anos, desde 2005, inicialmente como seguran\u00e7a e, depois, como assistente de ordem O ex-seguran\u00e7a do\u00a0ex-presidente Luiz In\u00e1cio Lula da Silva, Itamar de\u2026","rel":"","context":"Em &quot;Sem categoria&quot;","block_context":{"text":"Sem categoria","link":"https:\/\/gersonguelmann.com.br\/blog\/category\/sem-categoria\/"},"img":{"alt_text":"","src":"https:\/\/i0.wp.com\/gersonguelmann.com.br\/blog\/wp-content\/uploads\/2018\/06\/2171125326-sitio-atibaia.jpeg?fit=690%2C460&ssl=1&resize=350%2C200","width":350,"height":200,"srcset":"https:\/\/i0.wp.com\/gersonguelmann.com.br\/blog\/wp-content\/uploads\/2018\/06\/2171125326-sitio-atibaia.jpeg?fit=690%2C460&ssl=1&resize=350%2C200 1x, https:\/\/i0.wp.com\/gersonguelmann.com.br\/blog\/wp-content\/uploads\/2018\/06\/2171125326-sitio-atibaia.jpeg?fit=690%2C460&ssl=1&resize=525%2C300 1.5x"},"classes":[]},{"id":13231,"url":"https:\/\/gersonguelmann.com.br\/blog\/lula-saira-da-cadeia-dia-5-de-junho-por-poucas-horas\/","url_meta":{"origin":12500,"position":2},"title":"Lula Sair\u00e1 da Cadeia Dia 5 de Junho. Por Poucas Horas.","author":"Gerson Guelmann","date":"24 de maio de 2018","format":false,"excerpt":"Mat\u00e9ria da revista Isto\u00c9: BRASIL Lula deixar\u00e1 cela na PF para depor como testemunha de Cabral Estad\u00e3o Conte\u00fado 23\/05\/18 - 17h56 - Atualizado em 23\/05\/18 - 18h52 Pela primeira vez desde o dia 7 de abril, quando foi preso para cumprir pena na Lava Jato, o ex-presidente Luiz In\u00e1cio Lula\u2026","rel":"","context":"Em &quot;Sem categoria&quot;","block_context":{"text":"Sem categoria","link":"https:\/\/gersonguelmann.com.br\/blog\/category\/sem-categoria\/"},"img":{"alt_text":"","src":"https:\/\/i0.wp.com\/gersonguelmann.com.br\/blog\/wp-content\/uploads\/2018\/05\/lula4.jpg?fit=984%2C657&ssl=1&resize=350%2C200","width":350,"height":200,"srcset":"https:\/\/i0.wp.com\/gersonguelmann.com.br\/blog\/wp-content\/uploads\/2018\/05\/lula4.jpg?fit=984%2C657&ssl=1&resize=350%2C200 1x, https:\/\/i0.wp.com\/gersonguelmann.com.br\/blog\/wp-content\/uploads\/2018\/05\/lula4.jpg?fit=984%2C657&ssl=1&resize=525%2C300 1.5x, https:\/\/i0.wp.com\/gersonguelmann.com.br\/blog\/wp-content\/uploads\/2018\/05\/lula4.jpg?fit=984%2C657&ssl=1&resize=700%2C400 2x"},"classes":[]},{"id":15694,"url":"https:\/\/gersonguelmann.com.br\/blog\/o-mossad-responde-a-ze-de-abreu\/","url_meta":{"origin":12500,"position":3},"title":"O Mossad (&#8230;) Responde \u00e0 Z\u00e9 de Abreu","author":"Gerson Guelmann","date":"8 de janeiro de 2019","format":false,"excerpt":"H\u00e1 poucos dias comentei aqui sobre o devaneio do ator Jos\u00e9 de Abreu, que em postagem no Twitter atribuiu ao servi\u00e7o secreto israelense, o Mossad, a autoria do atentado contra o ent\u00e3o candidato Jair Bolsonaro. Not\u00f3rio militante do PT, Z\u00e9 de Abreu\u00a0 (como tamb\u00e9m \u00e9 conhecido), comp\u00f4s seu pr\u00f3prio \"samba\u2026","rel":"","context":"Em &quot;Sem categoria&quot;","block_context":{"text":"Sem categoria","link":"https:\/\/gersonguelmann.com.br\/blog\/category\/sem-categoria\/"},"img":{"alt_text":"","src":"https:\/\/i0.wp.com\/gersonguelmann.com.br\/blog\/wp-content\/uploads\/2019\/01\/Mossad.png?fit=1080%2C994&ssl=1&resize=350%2C200","width":350,"height":200,"srcset":"https:\/\/i0.wp.com\/gersonguelmann.com.br\/blog\/wp-content\/uploads\/2019\/01\/Mossad.png?fit=1080%2C994&ssl=1&resize=350%2C200 1x, https:\/\/i0.wp.com\/gersonguelmann.com.br\/blog\/wp-content\/uploads\/2019\/01\/Mossad.png?fit=1080%2C994&ssl=1&resize=525%2C300 1.5x, https:\/\/i0.wp.com\/gersonguelmann.com.br\/blog\/wp-content\/uploads\/2019\/01\/Mossad.png?fit=1080%2C994&ssl=1&resize=700%2C400 2x, https:\/\/i0.wp.com\/gersonguelmann.com.br\/blog\/wp-content\/uploads\/2019\/01\/Mossad.png?fit=1080%2C994&ssl=1&resize=1050%2C600 3x"},"classes":[]},{"id":19745,"url":"https:\/\/gersonguelmann.com.br\/blog\/lula-livre-pero-no-mucho\/","url_meta":{"origin":12500,"position":4},"title":"Lula Livre (pero no mucho)","author":"Gerson Guelmann","date":"17 de janeiro de 2020","format":false,"excerpt":"Como sabemos, Lula est\u00e1 livre desde meados de novembro. Desde ent\u00e3o cessaram os gritos de \"Lula Livre\" que partiam dos acampados pr\u00f3ximos \u00e0 Pol\u00edcia Federal em Curitiba e se faziam ouvir Brasil afora. S\u00f3 que a atua\u00e7\u00e3o do ex-presidente, desde ent\u00e3o, parece n\u00e3o ser do agrado de alguns de seus\u2026","rel":"","context":"Em &quot;Sem categoria&quot;","block_context":{"text":"Sem categoria","link":"https:\/\/gersonguelmann.com.br\/blog\/category\/sem-categoria\/"},"img":{"alt_text":"","src":"https:\/\/i0.wp.com\/gersonguelmann.com.br\/blog\/wp-content\/uploads\/2020\/01\/Lula.jpg?fit=1200%2C800&ssl=1&resize=350%2C200","width":350,"height":200,"srcset":"https:\/\/i0.wp.com\/gersonguelmann.com.br\/blog\/wp-content\/uploads\/2020\/01\/Lula.jpg?fit=1200%2C800&ssl=1&resize=350%2C200 1x, https:\/\/i0.wp.com\/gersonguelmann.com.br\/blog\/wp-content\/uploads\/2020\/01\/Lula.jpg?fit=1200%2C800&ssl=1&resize=525%2C300 1.5x, https:\/\/i0.wp.com\/gersonguelmann.com.br\/blog\/wp-content\/uploads\/2020\/01\/Lula.jpg?fit=1200%2C800&ssl=1&resize=700%2C400 2x, https:\/\/i0.wp.com\/gersonguelmann.com.br\/blog\/wp-content\/uploads\/2020\/01\/Lula.jpg?fit=1200%2C800&ssl=1&resize=1050%2C600 3x"},"classes":[]},{"id":12711,"url":"https:\/\/gersonguelmann.com.br\/blog\/lula-e-a-cozinha-do-sitio\/","url_meta":{"origin":12500,"position":5},"title":"Lula e a Cozinha do S\u00edtio","author":"Gerson Guelmann","date":"9 de maio de 2018","format":false,"excerpt":"Os principais Blogs de Pol\u00edtica est\u00e3o repercutindo hoje as declara\u00e7\u00f5es dadas por\u00a0Gilberto Carvalho em depoimento ao juiz S\u00e9rgio Moro da 13\u00aa Vara da Justi\u00e7a Federal, em Curitiba, na condi\u00e7\u00e3o de testemunha de defesa do ex-presidente Lula. O ex-ministro mencionou o desejo manifestado por Lula de um dia adquirir o s\u00edtio\u2026","rel":"","context":"Em &quot;Sem categoria&quot;","block_context":{"text":"Sem categoria","link":"https:\/\/gersonguelmann.com.br\/blog\/category\/sem-categoria\/"},"img":{"alt_text":"","src":"https:\/\/i0.wp.com\/gersonguelmann.com.br\/blog\/wp-content\/uploads\/2018\/05\/AGE20160205118-1545-k3oC-U102476757017IeF-1024x576%40GP-Web.jpg?fit=1024%2C576&ssl=1&resize=350%2C200","width":350,"height":200,"srcset":"https:\/\/i0.wp.com\/gersonguelmann.com.br\/blog\/wp-content\/uploads\/2018\/05\/AGE20160205118-1545-k3oC-U102476757017IeF-1024x576%40GP-Web.jpg?fit=1024%2C576&ssl=1&resize=350%2C200 1x, https:\/\/i0.wp.com\/gersonguelmann.com.br\/blog\/wp-content\/uploads\/2018\/05\/AGE20160205118-1545-k3oC-U102476757017IeF-1024x576%40GP-Web.jpg?fit=1024%2C576&ssl=1&resize=525%2C300 1.5x, https:\/\/i0.wp.com\/gersonguelmann.com.br\/blog\/wp-content\/uploads\/2018\/05\/AGE20160205118-1545-k3oC-U102476757017IeF-1024x576%40GP-Web.jpg?fit=1024%2C576&ssl=1&resize=700%2C400 2x"},"classes":[]}],"jetpack_sharing_enabled":true,"post_mailing_queue_ids":[],"_links":{"self":[{"href":"https:\/\/gersonguelmann.com.br\/blog\/wp-json\/wp\/v2\/posts\/12500","targetHints":{"allow":["GET"]}}],"collection":[{"href":"https:\/\/gersonguelmann.com.br\/blog\/wp-json\/wp\/v2\/posts"}],"about":[{"href":"https:\/\/gersonguelmann.com.br\/blog\/wp-json\/wp\/v2\/types\/post"}],"author":[{"embeddable":true,"href":"https:\/\/gersonguelmann.com.br\/blog\/wp-json\/wp\/v2\/users\/5"}],"replies":[{"embeddable":true,"href":"https:\/\/gersonguelmann.com.br\/blog\/wp-json\/wp\/v2\/comments?post=12500"}],"version-history":[{"count":0,"href":"https:\/\/gersonguelmann.com.br\/blog\/wp-json\/wp\/v2\/posts\/12500\/revisions"}],"wp:featuredmedia":[{"embeddable":true,"href":"https:\/\/gersonguelmann.com.br\/blog\/wp-json\/wp\/v2\/media\/12501"}],"wp:attachment":[{"href":"https:\/\/gersonguelmann.com.br\/blog\/wp-json\/wp\/v2\/media?parent=12500"}],"wp:term":[{"taxonomy":"category","embeddable":true,"href":"https:\/\/gersonguelmann.com.br\/blog\/wp-json\/wp\/v2\/categories?post=12500"},{"taxonomy":"post_tag","embeddable":true,"href":"https:\/\/gersonguelmann.com.br\/blog\/wp-json\/wp\/v2\/tags?post=12500"}],"curies":[{"name":"wp","href":"https:\/\/api.w.org\/{rel}","templated":true}]}}