    {"id":12513,"date":"2018-05-05T15:16:16","date_gmt":"2018-05-05T18:16:16","guid":{"rendered":"https:\/\/gersonguelmann.com.br\/blog\/?p=12513"},"modified":"2018-05-05T15:20:08","modified_gmt":"2018-05-05T18:20:08","slug":"detector-de-corrupcao-no-espere-baixe-dja","status":"publish","type":"post","link":"https:\/\/gersonguelmann.com.br\/blog\/detector-de-corrupcao-no-espere-baixe-dja\/","title":{"rendered":"Detector de Corrup\u00e7\u00e3o: No Espere, Baixe Dj\u00e1!"},"content":{"rendered":"<p style=\"text-align: center;\"><img data-recalc-dims=\"1\" fetchpriority=\"high\" decoding=\"async\" data-attachment-id=\"12514\" data-permalink=\"https:\/\/gersonguelmann.com.br\/blog\/detector-de-corrupcao-no-espere-baixe-dja\/detector-de-corrupcao-696x463-2\/\" data-orig-file=\"https:\/\/i0.wp.com\/gersonguelmann.com.br\/blog\/wp-content\/uploads\/2018\/05\/detector-de-corrupcao-696x463-1.jpg?fit=696%2C463&amp;ssl=1\" data-orig-size=\"696,463\" data-comments-opened=\"1\" data-image-meta=\"{&quot;aperture&quot;:&quot;0&quot;,&quot;credit&quot;:&quot;&quot;,&quot;camera&quot;:&quot;&quot;,&quot;caption&quot;:&quot;&quot;,&quot;created_timestamp&quot;:&quot;0&quot;,&quot;copyright&quot;:&quot;&quot;,&quot;focal_length&quot;:&quot;0&quot;,&quot;iso&quot;:&quot;0&quot;,&quot;shutter_speed&quot;:&quot;0&quot;,&quot;title&quot;:&quot;&quot;,&quot;orientation&quot;:&quot;0&quot;}\" data-image-title=\"detector-de-corrupcao-696&amp;#215;463\" data-image-description=\"\" data-image-caption=\"\" data-medium-file=\"https:\/\/i0.wp.com\/gersonguelmann.com.br\/blog\/wp-content\/uploads\/2018\/05\/detector-de-corrupcao-696x463-1.jpg?fit=300%2C200&amp;ssl=1\" data-large-file=\"https:\/\/i0.wp.com\/gersonguelmann.com.br\/blog\/wp-content\/uploads\/2018\/05\/detector-de-corrupcao-696x463-1.jpg?fit=640%2C426&amp;ssl=1\" class=\"alignnone size-medium wp-image-12514\" src=\"https:\/\/i0.wp.com\/gersonguelmann.com.br\/blog\/wp-content\/uploads\/2018\/05\/detector-de-corrupcao-696x463-1.jpg?resize=300%2C200&#038;ssl=1\" alt=\"\" width=\"300\" height=\"200\" srcset=\"https:\/\/i0.wp.com\/gersonguelmann.com.br\/blog\/wp-content\/uploads\/2018\/05\/detector-de-corrupcao-696x463-1.jpg?resize=300%2C200&amp;ssl=1 300w, https:\/\/i0.wp.com\/gersonguelmann.com.br\/blog\/wp-content\/uploads\/2018\/05\/detector-de-corrupcao-696x463-1.jpg?w=696&amp;ssl=1 696w\" sizes=\"(max-width: 300px) 100vw, 300px\" \/><\/p>\n<p><span style=\"font-family: georgia, palatino, serif; font-size: 18pt; color: #000000;\">Parece brincadeira, mas n\u00e3o \u00e9.<\/span><\/p>\n<p><span style=\"font-family: georgia, palatino, serif; font-size: 18pt; color: #000000;\">Trata-se de um aplicativo lan\u00e7ado h\u00e1 poucos dias pelo\u00a0portal de defesa do consumidor <em>Reclame Aqui<\/em> que usa o\u00a0reconhecimento facial para identificar pol\u00edticos envolvidos em processos na justi\u00e7a.\u00a0<\/span><\/p>\n<p><span style=\"font-family: georgia, palatino, serif; font-size: 18pt; color: #000000;\">O &#8220;Detector de Corrup\u00e7\u00e3o&#8221;, como foi batizada a ferramenta, permite que as pessoas\u00a0 fotografem o rosto do pol\u00edtico, podendo ser pessoalmente, pela TV ou em qualquer impresso.<\/span><\/p>\n<p><span style=\"font-family: georgia, palatino, serif; font-size: 18pt; color: #000000;\">Imediatamente o aplicativo far\u00e1 a identifica\u00e7\u00e3o do pol\u00edtico fotografado, listando os processos por corrup\u00e7\u00e3o ou improbidade administrativa que ele responde na Justi\u00e7a.<\/span><\/p>\n<p><span style=\"font-family: georgia, palatino, serif; font-size: 18pt; color: #000000;\">Para baixar o aplicativo, use os seguintes links:<\/span><\/p>\n<div id=\"meta\" class=\"style-scope ytd-watch\">\n<div id=\"meta-contents\" class=\"style-scope ytd-watch\">\n<div id=\"container\" class=\"style-scope ytd-video-secondary-info-renderer\">\n<div id=\"content\" class=\"style-scope ytd-expander\"><span style=\"font-family: georgia, palatino, serif; font-size: 18pt;\"><span style=\"color: #000000;\">IOS &#8211;<\/span> <span style=\"color: #0000ff;\"><em><strong><a class=\"yt-simple-endpoint style-scope yt-formatted-string\" style=\"color: #0000ff;\" href=\"https:\/\/www.youtube.com\/redirect?q=https%3A%2F%2Fgoo.gl%2FG6Xdx5&amp;redir_token=y1xyOFSSX0NDOJ-XvnzoNsRivEZ8MTUyNTYyOTAzN0AxNTI1NTQyNjM3&amp;event=video_description&amp;v=hhG7F578tmk\">https:\/\/goo.gl\/G6Xdx5<\/a><\/strong><\/em><\/span><\/span><br \/>\n<span style=\"font-family: georgia, palatino, serif; font-size: 18pt;\"><span style=\"color: #000000;\"> Android &#8211;<\/span> <span style=\"color: #0000ff;\"><em><strong><a class=\"yt-simple-endpoint style-scope yt-formatted-string\" style=\"color: #0000ff;\" href=\"https:\/\/www.youtube.com\/redirect?q=https%3A%2F%2Fgoo.gl%2FBC7bbT&amp;redir_token=y1xyOFSSX0NDOJ-XvnzoNsRivEZ8MTUyNTYyOTAzN0AxNTI1NTQyNjM3&amp;event=video_description&amp;v=hhG7F578tmk\">https:\/\/goo.gl\/BC7bbT<\/a><\/strong><\/em><\/span><\/span><\/div>\n<div><\/div>\n<div class=\"style-scope ytd-expander\"><span style=\"font-family: georgia, palatino, serif; font-size: 18pt; color: #000000;\">No v\u00eddeo abaixo o apresentador de TV\u00a0Her\u00f3doto Barbeiro demonstra como o aplicativo funciona.<\/span><\/div>\n<\/div>\n<\/div>\n<\/div>\n<div><\/div>\n<div><\/div>\n<p><span class=\"embed-youtube\" style=\"text-align:center; display: block;\"><iframe class=\"youtube-player\" width=\"640\" height=\"360\" src=\"https:\/\/www.youtube.com\/embed\/1k1upXPXBRM?version=3&#038;rel=1&#038;showsearch=0&#038;showinfo=1&#038;iv_load_policy=1&#038;fs=1&#038;hl=pt-BR&#038;autohide=2&#038;wmode=transparent\" allowfullscreen=\"true\" style=\"border:0;\" sandbox=\"allow-scripts allow-same-origin allow-popups allow-presentation allow-popups-to-escape-sandbox\"><\/iframe><\/span><\/p>\n<p>&nbsp;<\/p>\n<p>&nbsp;<\/p>\n<p>&nbsp;<\/p>\n<p>&nbsp;<\/p>\n","protected":false},"excerpt":{"rendered":"<p>Parece brincadeira, mas n\u00e3o \u00e9. Trata-se de um aplicativo lan\u00e7ado h\u00e1 poucos dias pelo\u00a0portal de defesa do consumidor Reclame Aqui que usa o\u00a0reconhecimento facial para identificar pol\u00edticos envolvidos em processos na justi\u00e7a.\u00a0 O &#8220;Detector de Corrup\u00e7\u00e3o&#8221;, como foi batizada a ferramenta, permite que as pessoas\u00a0 fotografem o rosto do pol\u00edtico, podendo ser pessoalmente, pela TV [&hellip;]<\/p>\n","protected":false},"author":5,"featured_media":12514,"comment_status":"open","ping_status":"open","sticky":false,"template":"","format":"standard","meta":{"_acf_changed":false,"jetpack_post_was_ever_published":false,"_jetpack_newsletter_access":"","_jetpack_dont_email_post_to_subs":false,"_jetpack_newsletter_tier_id":0,"_jetpack_memberships_contains_paywalled_content":false,"_jetpack_memberships_contains_paid_content":false,"footnotes":"","jetpack_publicize_message":"","jetpack_publicize_feature_enabled":true,"jetpack_social_post_already_shared":true,"jetpack_social_options":{"image_generator_settings":{"template":"highway","default_image_id":0,"font":"","enabled":false},"version":2}},"categories":[1],"tags":[],"class_list":["post-12513","post","type-post","status-publish","format-standard","has-post-thumbnail","hentry","category-sem-categoria"],"acf":[],"yoast_head":"<!-- This site is optimized with the Yoast SEO plugin v27.3 - https:\/\/yoast.com\/product\/yoast-seo-wordpress\/ -->\n<title>Detector de Corrup\u00e7\u00e3o: No Espere, Baixe Dj\u00e1! | Blog do Guelmann<\/title>\n<meta name=\"robots\" content=\"index, follow, max-snippet:-1, max-image-preview:large, max-video-preview:-1\" \/>\n<link rel=\"canonical\" href=\"https:\/\/gersonguelmann.com.br\/blog\/detector-de-corrupcao-no-espere-baixe-dja\/\" \/>\n<meta property=\"og:locale\" content=\"pt_BR\" \/>\n<meta property=\"og:type\" content=\"article\" \/>\n<meta property=\"og:title\" content=\"Detector de Corrup\u00e7\u00e3o: No Espere, Baixe Dj\u00e1! | Blog do Guelmann\" \/>\n<meta property=\"og:description\" content=\"Parece brincadeira, mas n\u00e3o \u00e9. Trata-se de um aplicativo lan\u00e7ado h\u00e1 poucos dias pelo\u00a0portal de defesa do consumidor Reclame Aqui que usa o\u00a0reconhecimento facial para identificar pol\u00edticos envolvidos em processos na justi\u00e7a.\u00a0 O &#8220;Detector de Corrup\u00e7\u00e3o&#8221;, como foi batizada a ferramenta, permite que as pessoas\u00a0 fotografem o rosto do pol\u00edtico, podendo ser pessoalmente, pela TV [&hellip;]\" \/>\n<meta property=\"og:url\" content=\"https:\/\/gersonguelmann.com.br\/blog\/detector-de-corrupcao-no-espere-baixe-dja\/\" \/>\n<meta property=\"og:site_name\" content=\"Blog do Guelmann\" \/>\n<meta property=\"article:published_time\" content=\"2018-05-05T18:16:16+00:00\" \/>\n<meta property=\"article:modified_time\" content=\"2018-05-05T18:20:08+00:00\" \/>\n<meta property=\"og:image\" content=\"https:\/\/i0.wp.com\/gersonguelmann.com.br\/blog\/wp-content\/uploads\/2018\/05\/detector-de-corrupcao-696x463-1.jpg?fit=696%2C463&ssl=1\" \/>\n\t<meta property=\"og:image:width\" content=\"696\" \/>\n\t<meta property=\"og:image:height\" content=\"463\" \/>\n\t<meta property=\"og:image:type\" content=\"image\/jpeg\" \/>\n<meta name=\"author\" content=\"Gerson Guelmann\" \/>\n<meta name=\"twitter:card\" content=\"summary_large_image\" \/>\n<meta name=\"twitter:label1\" content=\"Escrito por\" \/>\n\t<meta name=\"twitter:data1\" content=\"Gerson Guelmann\" \/>\n\t<meta name=\"twitter:label2\" content=\"Est. tempo de leitura\" \/>\n\t<meta name=\"twitter:data2\" content=\"1 minuto\" \/>\n<script type=\"application\/ld+json\" class=\"yoast-schema-graph\">{\"@context\":\"https:\\\/\\\/schema.org\",\"@graph\":[{\"@type\":\"Article\",\"@id\":\"https:\\\/\\\/gersonguelmann.com.br\\\/blog\\\/detector-de-corrupcao-no-espere-baixe-dja\\\/#article\",\"isPartOf\":{\"@id\":\"https:\\\/\\\/gersonguelmann.com.br\\\/blog\\\/detector-de-corrupcao-no-espere-baixe-dja\\\/\"},\"author\":{\"name\":\"Gerson Guelmann\",\"@id\":\"https:\\\/\\\/gersonguelmann.com.br\\\/blog\\\/#\\\/schema\\\/person\\\/87e70e2a786888082f941a482c90569e\"},\"headline\":\"Detector de Corrup\u00e7\u00e3o: No Espere, Baixe Dj\u00e1!\",\"datePublished\":\"2018-05-05T18:16:16+00:00\",\"dateModified\":\"2018-05-05T18:20:08+00:00\",\"mainEntityOfPage\":{\"@id\":\"https:\\\/\\\/gersonguelmann.com.br\\\/blog\\\/detector-de-corrupcao-no-espere-baixe-dja\\\/\"},\"wordCount\":150,\"commentCount\":0,\"image\":{\"@id\":\"https:\\\/\\\/gersonguelmann.com.br\\\/blog\\\/detector-de-corrupcao-no-espere-baixe-dja\\\/#primaryimage\"},\"thumbnailUrl\":\"https:\\\/\\\/i0.wp.com\\\/gersonguelmann.com.br\\\/blog\\\/wp-content\\\/uploads\\\/2018\\\/05\\\/detector-de-corrupcao-696x463-1.jpg?fit=696%2C463&ssl=1\",\"inLanguage\":\"pt-BR\",\"potentialAction\":[{\"@type\":\"CommentAction\",\"name\":\"Comment\",\"target\":[\"https:\\\/\\\/gersonguelmann.com.br\\\/blog\\\/detector-de-corrupcao-no-espere-baixe-dja\\\/#respond\"]}]},{\"@type\":\"WebPage\",\"@id\":\"https:\\\/\\\/gersonguelmann.com.br\\\/blog\\\/detector-de-corrupcao-no-espere-baixe-dja\\\/\",\"url\":\"https:\\\/\\\/gersonguelmann.com.br\\\/blog\\\/detector-de-corrupcao-no-espere-baixe-dja\\\/\",\"name\":\"Detector de Corrup\u00e7\u00e3o: No Espere, Baixe Dj\u00e1! | Blog do Guelmann\",\"isPartOf\":{\"@id\":\"https:\\\/\\\/gersonguelmann.com.br\\\/blog\\\/#website\"},\"primaryImageOfPage\":{\"@id\":\"https:\\\/\\\/gersonguelmann.com.br\\\/blog\\\/detector-de-corrupcao-no-espere-baixe-dja\\\/#primaryimage\"},\"image\":{\"@id\":\"https:\\\/\\\/gersonguelmann.com.br\\\/blog\\\/detector-de-corrupcao-no-espere-baixe-dja\\\/#primaryimage\"},\"thumbnailUrl\":\"https:\\\/\\\/i0.wp.com\\\/gersonguelmann.com.br\\\/blog\\\/wp-content\\\/uploads\\\/2018\\\/05\\\/detector-de-corrupcao-696x463-1.jpg?fit=696%2C463&ssl=1\",\"datePublished\":\"2018-05-05T18:16:16+00:00\",\"dateModified\":\"2018-05-05T18:20:08+00:00\",\"author\":{\"@id\":\"https:\\\/\\\/gersonguelmann.com.br\\\/blog\\\/#\\\/schema\\\/person\\\/87e70e2a786888082f941a482c90569e\"},\"inLanguage\":\"pt-BR\",\"potentialAction\":[{\"@type\":\"ReadAction\",\"target\":[\"https:\\\/\\\/gersonguelmann.com.br\\\/blog\\\/detector-de-corrupcao-no-espere-baixe-dja\\\/\"]}]},{\"@type\":\"ImageObject\",\"inLanguage\":\"pt-BR\",\"@id\":\"https:\\\/\\\/gersonguelmann.com.br\\\/blog\\\/detector-de-corrupcao-no-espere-baixe-dja\\\/#primaryimage\",\"url\":\"https:\\\/\\\/i0.wp.com\\\/gersonguelmann.com.br\\\/blog\\\/wp-content\\\/uploads\\\/2018\\\/05\\\/detector-de-corrupcao-696x463-1.jpg?fit=696%2C463&ssl=1\",\"contentUrl\":\"https:\\\/\\\/i0.wp.com\\\/gersonguelmann.com.br\\\/blog\\\/wp-content\\\/uploads\\\/2018\\\/05\\\/detector-de-corrupcao-696x463-1.jpg?fit=696%2C463&ssl=1\",\"width\":696,\"height\":463},{\"@type\":\"WebSite\",\"@id\":\"https:\\\/\\\/gersonguelmann.com.br\\\/blog\\\/#website\",\"url\":\"https:\\\/\\\/gersonguelmann.com.br\\\/blog\\\/\",\"name\":\"Blog do Guelmann\",\"description\":\"Pitadas da sabedoria e do humor judaicos, assuntos do momento e um pouco das hist\u00f3rias que vivi e testemunhei.\",\"potentialAction\":[{\"@type\":\"SearchAction\",\"target\":{\"@type\":\"EntryPoint\",\"urlTemplate\":\"https:\\\/\\\/gersonguelmann.com.br\\\/blog\\\/?s={search_term_string}\"},\"query-input\":{\"@type\":\"PropertyValueSpecification\",\"valueRequired\":true,\"valueName\":\"search_term_string\"}}],\"inLanguage\":\"pt-BR\"},{\"@type\":\"Person\",\"@id\":\"https:\\\/\\\/gersonguelmann.com.br\\\/blog\\\/#\\\/schema\\\/person\\\/87e70e2a786888082f941a482c90569e\",\"name\":\"Gerson Guelmann\",\"image\":{\"@type\":\"ImageObject\",\"inLanguage\":\"pt-BR\",\"@id\":\"https:\\\/\\\/i0.wp.com\\\/gersonguelmann.com.br\\\/blog\\\/wp-content\\\/uploads\\\/2021\\\/08\\\/BLOG.jpeg?fit=96%2C96&ssl=1\",\"url\":\"https:\\\/\\\/i0.wp.com\\\/gersonguelmann.com.br\\\/blog\\\/wp-content\\\/uploads\\\/2021\\\/08\\\/BLOG.jpeg?fit=96%2C96&ssl=1\",\"contentUrl\":\"https:\\\/\\\/i0.wp.com\\\/gersonguelmann.com.br\\\/blog\\\/wp-content\\\/uploads\\\/2021\\\/08\\\/BLOG.jpeg?fit=96%2C96&ssl=1\",\"caption\":\"Gerson Guelmann\"},\"description\":\"Pitadas da sabedoria e do humor judaicos, assuntos do momento e um pouco das hist\u00f3rias que vivi e testemunhei.\"}]}<\/script>\n<!-- \/ Yoast SEO plugin. -->","yoast_head_json":{"title":"Detector de Corrup\u00e7\u00e3o: No Espere, Baixe Dj\u00e1! | Blog do Guelmann","robots":{"index":"index","follow":"follow","max-snippet":"max-snippet:-1","max-image-preview":"max-image-preview:large","max-video-preview":"max-video-preview:-1"},"canonical":"https:\/\/gersonguelmann.com.br\/blog\/detector-de-corrupcao-no-espere-baixe-dja\/","og_locale":"pt_BR","og_type":"article","og_title":"Detector de Corrup\u00e7\u00e3o: No Espere, Baixe Dj\u00e1! | Blog do Guelmann","og_description":"Parece brincadeira, mas n\u00e3o \u00e9. Trata-se de um aplicativo lan\u00e7ado h\u00e1 poucos dias pelo\u00a0portal de defesa do consumidor Reclame Aqui que usa o\u00a0reconhecimento facial para identificar pol\u00edticos envolvidos em processos na justi\u00e7a.\u00a0 O &#8220;Detector de Corrup\u00e7\u00e3o&#8221;, como foi batizada a ferramenta, permite que as pessoas\u00a0 fotografem o rosto do pol\u00edtico, podendo ser pessoalmente, pela TV [&hellip;]","og_url":"https:\/\/gersonguelmann.com.br\/blog\/detector-de-corrupcao-no-espere-baixe-dja\/","og_site_name":"Blog do Guelmann","article_published_time":"2018-05-05T18:16:16+00:00","article_modified_time":"2018-05-05T18:20:08+00:00","og_image":[{"width":696,"height":463,"url":"https:\/\/i0.wp.com\/gersonguelmann.com.br\/blog\/wp-content\/uploads\/2018\/05\/detector-de-corrupcao-696x463-1.jpg?fit=696%2C463&ssl=1","type":"image\/jpeg"}],"author":"Gerson Guelmann","twitter_card":"summary_large_image","twitter_misc":{"Escrito por":"Gerson Guelmann","Est. tempo de leitura":"1 minuto"},"schema":{"@context":"https:\/\/schema.org","@graph":[{"@type":"Article","@id":"https:\/\/gersonguelmann.com.br\/blog\/detector-de-corrupcao-no-espere-baixe-dja\/#article","isPartOf":{"@id":"https:\/\/gersonguelmann.com.br\/blog\/detector-de-corrupcao-no-espere-baixe-dja\/"},"author":{"name":"Gerson Guelmann","@id":"https:\/\/gersonguelmann.com.br\/blog\/#\/schema\/person\/87e70e2a786888082f941a482c90569e"},"headline":"Detector de Corrup\u00e7\u00e3o: No Espere, Baixe Dj\u00e1!","datePublished":"2018-05-05T18:16:16+00:00","dateModified":"2018-05-05T18:20:08+00:00","mainEntityOfPage":{"@id":"https:\/\/gersonguelmann.com.br\/blog\/detector-de-corrupcao-no-espere-baixe-dja\/"},"wordCount":150,"commentCount":0,"image":{"@id":"https:\/\/gersonguelmann.com.br\/blog\/detector-de-corrupcao-no-espere-baixe-dja\/#primaryimage"},"thumbnailUrl":"https:\/\/i0.wp.com\/gersonguelmann.com.br\/blog\/wp-content\/uploads\/2018\/05\/detector-de-corrupcao-696x463-1.jpg?fit=696%2C463&ssl=1","inLanguage":"pt-BR","potentialAction":[{"@type":"CommentAction","name":"Comment","target":["https:\/\/gersonguelmann.com.br\/blog\/detector-de-corrupcao-no-espere-baixe-dja\/#respond"]}]},{"@type":"WebPage","@id":"https:\/\/gersonguelmann.com.br\/blog\/detector-de-corrupcao-no-espere-baixe-dja\/","url":"https:\/\/gersonguelmann.com.br\/blog\/detector-de-corrupcao-no-espere-baixe-dja\/","name":"Detector de Corrup\u00e7\u00e3o: No Espere, Baixe Dj\u00e1! | Blog do Guelmann","isPartOf":{"@id":"https:\/\/gersonguelmann.com.br\/blog\/#website"},"primaryImageOfPage":{"@id":"https:\/\/gersonguelmann.com.br\/blog\/detector-de-corrupcao-no-espere-baixe-dja\/#primaryimage"},"image":{"@id":"https:\/\/gersonguelmann.com.br\/blog\/detector-de-corrupcao-no-espere-baixe-dja\/#primaryimage"},"thumbnailUrl":"https:\/\/i0.wp.com\/gersonguelmann.com.br\/blog\/wp-content\/uploads\/2018\/05\/detector-de-corrupcao-696x463-1.jpg?fit=696%2C463&ssl=1","datePublished":"2018-05-05T18:16:16+00:00","dateModified":"2018-05-05T18:20:08+00:00","author":{"@id":"https:\/\/gersonguelmann.com.br\/blog\/#\/schema\/person\/87e70e2a786888082f941a482c90569e"},"inLanguage":"pt-BR","potentialAction":[{"@type":"ReadAction","target":["https:\/\/gersonguelmann.com.br\/blog\/detector-de-corrupcao-no-espere-baixe-dja\/"]}]},{"@type":"ImageObject","inLanguage":"pt-BR","@id":"https:\/\/gersonguelmann.com.br\/blog\/detector-de-corrupcao-no-espere-baixe-dja\/#primaryimage","url":"https:\/\/i0.wp.com\/gersonguelmann.com.br\/blog\/wp-content\/uploads\/2018\/05\/detector-de-corrupcao-696x463-1.jpg?fit=696%2C463&ssl=1","contentUrl":"https:\/\/i0.wp.com\/gersonguelmann.com.br\/blog\/wp-content\/uploads\/2018\/05\/detector-de-corrupcao-696x463-1.jpg?fit=696%2C463&ssl=1","width":696,"height":463},{"@type":"WebSite","@id":"https:\/\/gersonguelmann.com.br\/blog\/#website","url":"https:\/\/gersonguelmann.com.br\/blog\/","name":"Blog do Guelmann","description":"Pitadas da sabedoria e do humor judaicos, assuntos do momento e um pouco das hist\u00f3rias que vivi e testemunhei.","potentialAction":[{"@type":"SearchAction","target":{"@type":"EntryPoint","urlTemplate":"https:\/\/gersonguelmann.com.br\/blog\/?s={search_term_string}"},"query-input":{"@type":"PropertyValueSpecification","valueRequired":true,"valueName":"search_term_string"}}],"inLanguage":"pt-BR"},{"@type":"Person","@id":"https:\/\/gersonguelmann.com.br\/blog\/#\/schema\/person\/87e70e2a786888082f941a482c90569e","name":"Gerson Guelmann","image":{"@type":"ImageObject","inLanguage":"pt-BR","@id":"https:\/\/i0.wp.com\/gersonguelmann.com.br\/blog\/wp-content\/uploads\/2021\/08\/BLOG.jpeg?fit=96%2C96&ssl=1","url":"https:\/\/i0.wp.com\/gersonguelmann.com.br\/blog\/wp-content\/uploads\/2021\/08\/BLOG.jpeg?fit=96%2C96&ssl=1","contentUrl":"https:\/\/i0.wp.com\/gersonguelmann.com.br\/blog\/wp-content\/uploads\/2021\/08\/BLOG.jpeg?fit=96%2C96&ssl=1","caption":"Gerson Guelmann"},"description":"Pitadas da sabedoria e do humor judaicos, assuntos do momento e um pouco das hist\u00f3rias que vivi e testemunhei."}]}},"views":23,"jetpack_publicize_connections":[],"jetpack_featured_media_url":"https:\/\/i0.wp.com\/gersonguelmann.com.br\/blog\/wp-content\/uploads\/2018\/05\/detector-de-corrupcao-696x463-1.jpg?fit=696%2C463&ssl=1","jetpack_shortlink":"https:\/\/wp.me\/p96e7O-3fP","jetpack-related-posts":[{"id":11903,"url":"https:\/\/gersonguelmann.com.br\/blog\/lula-aecio-tem-muita-coisa-em-comum\/","url_meta":{"origin":12513,"position":0},"title":"Lula &#038; A\u00e9cio Tem Muita Coisa Em Comum","author":"Gerson Guelmann","date":"21 de abril de 2018","format":false,"excerpt":"Mat\u00e9ria da BBC Brasil: A mudan\u00e7a no conceito de corrup\u00e7\u00e3o que une os casos de Lula e A\u00e9cio Andr\u00e9 Shalders - @shaldim Da BBC Brasil em S\u00e3o Paulo 18 abril 2018 O que h\u00e1 em comum entre a a\u00e7\u00e3o penal do \"tr\u00edplex do Guaruj\u00e1\", que levou o ex-presidente Luiz In\u00e1cio\u2026","rel":"","context":"Em &quot;Sem categoria&quot;","block_context":{"text":"Sem categoria","link":"https:\/\/gersonguelmann.com.br\/blog\/category\/sem-categoria\/"},"img":{"alt_text":"","src":"https:\/\/i0.wp.com\/gersonguelmann.com.br\/blog\/wp-content\/uploads\/2018\/04\/LulaeAecio2.jpg?fit=600%2C400&ssl=1&resize=350%2C200","width":350,"height":200,"srcset":"https:\/\/i0.wp.com\/gersonguelmann.com.br\/blog\/wp-content\/uploads\/2018\/04\/LulaeAecio2.jpg?fit=600%2C400&ssl=1&resize=350%2C200 1x, https:\/\/i0.wp.com\/gersonguelmann.com.br\/blog\/wp-content\/uploads\/2018\/04\/LulaeAecio2.jpg?fit=600%2C400&ssl=1&resize=525%2C300 1.5x"},"classes":[]},{"id":1200,"url":"https:\/\/gersonguelmann.com.br\/blog\/em-tempos-de-corrupcao-todo-homem-tem-seu-preco\/","url_meta":{"origin":12513,"position":1},"title":"Em Tempos de Corrup\u00e7\u00e3o, Todo Homem Tem Seu Pre\u00e7o?","author":"Gerson Guelmann","date":"27 de agosto de 2017","format":false,"excerpt":"Em tempos de tantas den\u00fancias de corrup\u00e7\u00e3o, com v\u00eddeos de pol\u00edticos metendo a m\u00e3o na grana (literalmente), \u00e1udios vazados e dela\u00e7\u00f5es premiadas, lembrei de uma hist\u00f3ria antiga. H\u00e1 diferentes vers\u00f5es sobre ela, algumas at\u00e9 dando ar de veracidade, mas a ess\u00eancia \u00e9 a mesma: - conta-se que o detentor de\u2026","rel":"","context":"Em &quot;Sem categoria&quot;","block_context":{"text":"Sem categoria","link":"https:\/\/gersonguelmann.com.br\/blog\/category\/sem-categoria\/"},"img":{"alt_text":"","src":"https:\/\/i0.wp.com\/gersonguelmann.com.br\/blog\/wp-content\/uploads\/2017\/08\/Euro.jpg?fit=960%2C720&ssl=1&resize=350%2C200","width":350,"height":200,"srcset":"https:\/\/i0.wp.com\/gersonguelmann.com.br\/blog\/wp-content\/uploads\/2017\/08\/Euro.jpg?fit=960%2C720&ssl=1&resize=350%2C200 1x, https:\/\/i0.wp.com\/gersonguelmann.com.br\/blog\/wp-content\/uploads\/2017\/08\/Euro.jpg?fit=960%2C720&ssl=1&resize=525%2C300 1.5x, https:\/\/i0.wp.com\/gersonguelmann.com.br\/blog\/wp-content\/uploads\/2017\/08\/Euro.jpg?fit=960%2C720&ssl=1&resize=700%2C400 2x"},"classes":[]},{"id":18941,"url":"https:\/\/gersonguelmann.com.br\/blog\/voltaire-os-ladroes-e-os-politicos-que-escolhemos\/","url_meta":{"origin":12513,"position":2},"title":"Voltaire, Os Ladr\u00f5es e os Pol\u00edticos Que Escolhemos","author":"Gerson Guelmann","date":"16 de setembro de 2024","format":false,"excerpt":"Foto: Freepik Em menos de tr\u00eas semanas, dia 6 de outubro, vamos repetir o que fazemos a cada dois anos no Brasil: escolher nossos governantes.\u00a0 Vivendo no meio pol\u00edtico h\u00e1 muitos anos e tendo me aventurado pessoalmente na disputa em 2020, percebo que h\u00e1 uma tend\u00eancia no sentido da 'hierarquiza\u00e7\u00e3o'\u2026","rel":"","context":"Em &quot;Sem categoria&quot;","block_context":{"text":"Sem categoria","link":"https:\/\/gersonguelmann.com.br\/blog\/category\/sem-categoria\/"},"img":{"alt_text":"","src":"https:\/\/i0.wp.com\/gersonguelmann.com.br\/blog\/wp-content\/uploads\/2024\/09\/HojePR-160924-scaled.jpg?fit=1200%2C800&ssl=1&resize=350%2C200","width":350,"height":200,"srcset":"https:\/\/i0.wp.com\/gersonguelmann.com.br\/blog\/wp-content\/uploads\/2024\/09\/HojePR-160924-scaled.jpg?fit=1200%2C800&ssl=1&resize=350%2C200 1x, https:\/\/i0.wp.com\/gersonguelmann.com.br\/blog\/wp-content\/uploads\/2024\/09\/HojePR-160924-scaled.jpg?fit=1200%2C800&ssl=1&resize=525%2C300 1.5x, https:\/\/i0.wp.com\/gersonguelmann.com.br\/blog\/wp-content\/uploads\/2024\/09\/HojePR-160924-scaled.jpg?fit=1200%2C800&ssl=1&resize=700%2C400 2x, https:\/\/i0.wp.com\/gersonguelmann.com.br\/blog\/wp-content\/uploads\/2024\/09\/HojePR-160924-scaled.jpg?fit=1200%2C800&ssl=1&resize=1050%2C600 3x"},"classes":[]},{"id":11104,"url":"https:\/\/gersonguelmann.com.br\/blog\/chamar-alguem-de-advogado-de-lula-da-encrenca\/","url_meta":{"origin":12513,"position":3},"title":"Chamar Algu\u00e9m de &#8220;Advogado de Lula&#8221; D\u00e1 Encrenca","author":"Gerson Guelmann","date":"31 de mar\u00e7o de 2018","format":false,"excerpt":"Mat\u00e9ria publicada hoje no site Consultor Jur\u00eddico: IMPUTA\u00c7\u00c3O DE CRIME Mulher \u00e9 condenada por cal\u00fania ap\u00f3s chamar vizinho de \"advogado de Lula\" 31 de mar\u00e7o de 2018, 12h56 Por\u00a0S\u00e9rgio Rodas Acusar algu\u00e9m de abusar da autoridade para evitar o cumprimento de uma decis\u00e3o judicial e comparar uma pessoa ao advogado\u2026","rel":"","context":"Em &quot;Sem categoria&quot;","block_context":{"text":"Sem categoria","link":"https:\/\/gersonguelmann.com.br\/blog\/category\/sem-categoria\/"},"img":{"alt_text":"","src":"https:\/\/i0.wp.com\/gersonguelmann.com.br\/blog\/wp-content\/uploads\/2018\/03\/download-5.jpg?resize=350%2C200&ssl=1","width":350,"height":200},"classes":[]},{"id":14088,"url":"https:\/\/gersonguelmann.com.br\/blog\/na-papuda-enquanto-o-brasil-empatava\/","url_meta":{"origin":12513,"position":4},"title":"Na Papuda, Enquanto o Brasil Empatava&#8230;","author":"Gerson Guelmann","date":"18 de junho de 2018","format":false,"excerpt":"No pres\u00eddio da Papuda, em Brasilia, ontem, a Pol\u00edcia Civil do Distrito Federal fez uma inspe\u00e7\u00e3o na cela ocupada pelo ex-senador Luiz Estev\u00e3o e pelo ex-ministro Jos\u00e9 Dirceu. De acordo com as not\u00edcias o mandado concedido pela Justi\u00e7a tamb\u00e9m permitiu que a cela onde est\u00e1 o ex-ministro Geddel Lima fosse\u2026","rel":"","context":"Em &quot;Sem categoria&quot;","block_context":{"text":"Sem categoria","link":"https:\/\/gersonguelmann.com.br\/blog\/category\/sem-categoria\/"},"img":{"alt_text":"","src":"https:\/\/i0.wp.com\/gersonguelmann.com.br\/blog\/wp-content\/uploads\/2018\/06\/Papuda.jpg?fit=1200%2C675&ssl=1&resize=350%2C200","width":350,"height":200,"srcset":"https:\/\/i0.wp.com\/gersonguelmann.com.br\/blog\/wp-content\/uploads\/2018\/06\/Papuda.jpg?fit=1200%2C675&ssl=1&resize=350%2C200 1x, https:\/\/i0.wp.com\/gersonguelmann.com.br\/blog\/wp-content\/uploads\/2018\/06\/Papuda.jpg?fit=1200%2C675&ssl=1&resize=525%2C300 1.5x, https:\/\/i0.wp.com\/gersonguelmann.com.br\/blog\/wp-content\/uploads\/2018\/06\/Papuda.jpg?fit=1200%2C675&ssl=1&resize=700%2C400 2x, https:\/\/i0.wp.com\/gersonguelmann.com.br\/blog\/wp-content\/uploads\/2018\/06\/Papuda.jpg?fit=1200%2C675&ssl=1&resize=1050%2C600 3x"},"classes":[]},{"id":12013,"url":"https:\/\/gersonguelmann.com.br\/blog\/veja-o-que-gilmar-mendes-acha-da-pena-de-lula\/","url_meta":{"origin":12513,"position":5},"title":"Veja o Que Gilmar Mendes Acha da Pena de Lula","author":"Gerson Guelmann","date":"24 de abril de 2018","format":false,"excerpt":"Not\u00edcias da manh\u00e3 de hoje sobre o ministro Gilmar Mendes: BRASIL Gilmar Mendes: pena de Lula pode ser reduzida Estad\u00e3o Conte\u00fado 24\/04\/18 - 12h01 Atualizado em 24\/04\/18 - 12h29 O ministro Gilmar Mendes, do Supremo Tribunal Federal (STF), afirmou nesta ter\u00e7a-feira, 24, que a pena de 12 anos e um\u2026","rel":"","context":"Em &quot;Sem categoria&quot;","block_context":{"text":"Sem categoria","link":"https:\/\/gersonguelmann.com.br\/blog\/category\/sem-categoria\/"},"img":{"alt_text":"","src":"https:\/\/i0.wp.com\/gersonguelmann.com.br\/blog\/wp-content\/uploads\/2018\/04\/lula-e-gilmar-mendes.jpg?fit=744%2C496&ssl=1&resize=350%2C200","width":350,"height":200,"srcset":"https:\/\/i0.wp.com\/gersonguelmann.com.br\/blog\/wp-content\/uploads\/2018\/04\/lula-e-gilmar-mendes.jpg?fit=744%2C496&ssl=1&resize=350%2C200 1x, https:\/\/i0.wp.com\/gersonguelmann.com.br\/blog\/wp-content\/uploads\/2018\/04\/lula-e-gilmar-mendes.jpg?fit=744%2C496&ssl=1&resize=525%2C300 1.5x, https:\/\/i0.wp.com\/gersonguelmann.com.br\/blog\/wp-content\/uploads\/2018\/04\/lula-e-gilmar-mendes.jpg?fit=744%2C496&ssl=1&resize=700%2C400 2x"},"classes":[]}],"jetpack_sharing_enabled":true,"post_mailing_queue_ids":[],"_links":{"self":[{"href":"https:\/\/gersonguelmann.com.br\/blog\/wp-json\/wp\/v2\/posts\/12513","targetHints":{"allow":["GET"]}}],"collection":[{"href":"https:\/\/gersonguelmann.com.br\/blog\/wp-json\/wp\/v2\/posts"}],"about":[{"href":"https:\/\/gersonguelmann.com.br\/blog\/wp-json\/wp\/v2\/types\/post"}],"author":[{"embeddable":true,"href":"https:\/\/gersonguelmann.com.br\/blog\/wp-json\/wp\/v2\/users\/5"}],"replies":[{"embeddable":true,"href":"https:\/\/gersonguelmann.com.br\/blog\/wp-json\/wp\/v2\/comments?post=12513"}],"version-history":[{"count":0,"href":"https:\/\/gersonguelmann.com.br\/blog\/wp-json\/wp\/v2\/posts\/12513\/revisions"}],"wp:featuredmedia":[{"embeddable":true,"href":"https:\/\/gersonguelmann.com.br\/blog\/wp-json\/wp\/v2\/media\/12514"}],"wp:attachment":[{"href":"https:\/\/gersonguelmann.com.br\/blog\/wp-json\/wp\/v2\/media?parent=12513"}],"wp:term":[{"taxonomy":"category","embeddable":true,"href":"https:\/\/gersonguelmann.com.br\/blog\/wp-json\/wp\/v2\/categories?post=12513"},{"taxonomy":"post_tag","embeddable":true,"href":"https:\/\/gersonguelmann.com.br\/blog\/wp-json\/wp\/v2\/tags?post=12513"}],"curies":[{"name":"wp","href":"https:\/\/api.w.org\/{rel}","templated":true}]}}