    {"id":12532,"date":"2018-05-05T21:56:40","date_gmt":"2018-05-06T00:56:40","guid":{"rendered":"https:\/\/gersonguelmann.com.br\/blog\/?p=12532"},"modified":"2018-05-05T21:56:40","modified_gmt":"2018-05-06T00:56:40","slug":"quem-e-dario-messer-o-doleiro-dos-doleiros","status":"publish","type":"post","link":"https:\/\/gersonguelmann.com.br\/blog\/quem-e-dario-messer-o-doleiro-dos-doleiros\/","title":{"rendered":"Quem \u00c9 Dario Messer, o Doleiro dos Doleiros"},"content":{"rendered":"<p><span style=\"color: #000000; font-family: georgia, palatino, serif; font-size: 18pt;\">Mat\u00e9ria publicada na edi\u00e7\u00e3o brasileira do El Pa\u00eds, conta a hist\u00f3ria de Dario Messer, hoje procurado pela Interpol:<\/span><\/p>\n<p style=\"text-align: center;\"><span style=\"color: #000000;\"><img data-recalc-dims=\"1\" fetchpriority=\"high\" decoding=\"async\" data-attachment-id=\"12533\" data-permalink=\"https:\/\/gersonguelmann.com.br\/blog\/quem-e-dario-messer-o-doleiro-dos-doleiros\/1525376638_429844_1525376764_noticia_normal_recorte1\/\" data-orig-file=\"https:\/\/i0.wp.com\/gersonguelmann.com.br\/blog\/wp-content\/uploads\/2018\/05\/1525376638_429844_1525376764_noticia_normal_recorte1.jpg?fit=1960%2C1149&amp;ssl=1\" data-orig-size=\"1960,1149\" data-comments-opened=\"1\" data-image-meta=\"{&quot;aperture&quot;:&quot;0&quot;,&quot;credit&quot;:&quot;&quot;,&quot;camera&quot;:&quot;&quot;,&quot;caption&quot;:&quot;&quot;,&quot;created_timestamp&quot;:&quot;0&quot;,&quot;copyright&quot;:&quot;&quot;,&quot;focal_length&quot;:&quot;0&quot;,&quot;iso&quot;:&quot;0&quot;,&quot;shutter_speed&quot;:&quot;0&quot;,&quot;title&quot;:&quot;&quot;,&quot;orientation&quot;:&quot;0&quot;}\" data-image-title=\"1525376638_429844_1525376764_noticia_normal_recorte1\" data-image-description=\"\" data-image-caption=\"\" data-medium-file=\"https:\/\/i0.wp.com\/gersonguelmann.com.br\/blog\/wp-content\/uploads\/2018\/05\/1525376638_429844_1525376764_noticia_normal_recorte1.jpg?fit=300%2C176&amp;ssl=1\" data-large-file=\"https:\/\/i0.wp.com\/gersonguelmann.com.br\/blog\/wp-content\/uploads\/2018\/05\/1525376638_429844_1525376764_noticia_normal_recorte1.jpg?fit=640%2C375&amp;ssl=1\" class=\"alignnone size-medium wp-image-12533\" src=\"https:\/\/i0.wp.com\/gersonguelmann.com.br\/blog\/wp-content\/uploads\/2018\/05\/1525376638_429844_1525376764_noticia_normal_recorte1.jpg?resize=300%2C176&#038;ssl=1\" alt=\"\" width=\"300\" height=\"176\" srcset=\"https:\/\/i0.wp.com\/gersonguelmann.com.br\/blog\/wp-content\/uploads\/2018\/05\/1525376638_429844_1525376764_noticia_normal_recorte1.jpg?resize=300%2C176&amp;ssl=1 300w, https:\/\/i0.wp.com\/gersonguelmann.com.br\/blog\/wp-content\/uploads\/2018\/05\/1525376638_429844_1525376764_noticia_normal_recorte1.jpg?resize=768%2C450&amp;ssl=1 768w, https:\/\/i0.wp.com\/gersonguelmann.com.br\/blog\/wp-content\/uploads\/2018\/05\/1525376638_429844_1525376764_noticia_normal_recorte1.jpg?resize=1024%2C600&amp;ssl=1 1024w, https:\/\/i0.wp.com\/gersonguelmann.com.br\/blog\/wp-content\/uploads\/2018\/05\/1525376638_429844_1525376764_noticia_normal_recorte1.jpg?w=1960&amp;ssl=1 1960w, https:\/\/i0.wp.com\/gersonguelmann.com.br\/blog\/wp-content\/uploads\/2018\/05\/1525376638_429844_1525376764_noticia_normal_recorte1.jpg?w=1280&amp;ssl=1 1280w\" sizes=\"(max-width: 300px) 100vw, 300px\" \/><\/span><br \/>\n<span style=\"font-size: 10pt; color: #000000;\"><em><strong><span class=\"foto-texto\">Dario e o pai, Mordko Messer &#8211; <\/span><span class=\"foto-firma\"><span class=\"foto-autor\">REPRODU\u00c7\u00c3O<\/span><\/span><\/strong><\/em><\/span><\/p>\n<p id=\"articulo-titulo\" class=\"articulo-titulo \"><span style=\"font-size: 24pt;\"><strong><span style=\"color: #000000;\">Dario Messer, o doleiro de todas as corrup\u00e7\u00f5es no Brasil e protegido pelo presidente do Paraguai<\/span><\/strong><\/span><\/p>\n<div class=\"articulo-subtitulos\">\n<p class=\"articulo-subtitulo\"><span style=\"font-size: 18pt;\"><strong><span style=\"color: #000000;\">Novo alvo da Lava Jato mora no Paraguai desde 2014, onde se naturalizou, e \u00e9 amigo do presidente Horacio Cartes.<\/span><\/strong><\/span><\/p>\n<p class=\"articulo-subtitulo\"><span style=\"font-size: 14pt;\"><strong><span style=\"color: #000000;\">Doleiro foi citado nos esc\u00e2ndalos do Banestado, Mensal\u00e3o e Swiss Leaks<\/span><\/strong><\/span><\/p>\n<\/div>\n<p><span style=\"color: #000000; font-size: 14pt;\">O doleiro Dario Messer, procurado pela Interpol e alvo da\u00a0Opera\u00e7\u00e3o Lava Jato\u00a0nesta quinta-feira, construiu um curr\u00edculo invej\u00e1vel no obscuro mundo do mercado financeiro ilegal. Acusado de ter coordenado um esquema que\u00a0movimentou mais de 1,6 bilh\u00e3o de d\u00f3lares\u00a0em 52 pa\u00edses, ele foi chamado pelo colega de profiss\u00e3o e delator\u00a0Alberto Youssef\u00a0de \u201co doleiro dos doleiros\u201d no Brasil. Toninho Barcelona, outro gatuno das transa\u00e7\u00f5es por baixo dos panos, disse que ele era \u201co principal doleiro do Partido dos Trabalhadores\u201d. Mas sua atua\u00e7\u00e3o \u00e9 alvo da pol\u00edcia muito antes do PT chegar ao poder e tamb\u00e9m inclui outros partidos. Desde os anos 1990, tem a Justi\u00e7a em seu encal\u00e7o. Mesmo assim, ampliou seus tent\u00e1culos e fincou ra\u00edzes no Paraguai, onde tem rela\u00e7\u00e3o estreita com o milion\u00e1rio presidente desse pa\u00eds, Horacio Cartes, que se refere a ele como \u201cum irm\u00e3o\u201d. Cartes, na verdade, j\u00e1 era velho conhecido do pai de Dario, Mordko Messer, que teria ensinado o of\u00edcio de doleiro ao filho.<\/span><\/p>\n<p><span style=\"color: #000000; font-size: 14pt;\">\u00c9 dif\u00edcil mencionar um esc\u00e2ndalo de corrup\u00e7\u00e3o brasileiro no qual Messer n\u00e3o tenha ajudado a\u00a0<em>azeitar<\/em>\u00a0as negocia\u00e7\u00f5es e pagamentos. Segundo informa\u00e7\u00f5es do Minist\u00e9rio P\u00fablico Federal, ao menos 1 bilh\u00e3o de d\u00f3lares teriam sido movimentados pelo doleiro entre 1998 e 2003. Mas o nome de Dario veio \u00e0 tona a partir das investiga\u00e7\u00f5es do caso Banestado (antigo Banco do Estado do Paran\u00e1), ocorrido na segunda metade dos anos de 1990 e que envolveu remessas de dinheiro ilegais para o exterior via contas correntes, onde Alberto Youssef, o mesmo que deu o ponto de partida \u00e0 Lava Jato, era personagem central.\u00a0 O relat\u00f3rio final da Comiss\u00e3o Parlamentar de Inqu\u00e9rito que apurou o esc\u00e2ndalo do banco paranaense recomendou, em 2004, o indiciamento de Messer por sua atua\u00e7\u00e3o no envio de valores para outros pa\u00edses. A men\u00e7\u00e3o ao seu nome o elevou ao status de gigante do setor.<\/span><\/p>\n<div id=\"elpais_gpt-INTEXT\" data-google-query-id=\"CJu2sozs79oCFY_F4Qod6B8JWg\">\n<div id=\"google_ads_iframe_\/7811748\/elpais_web\/brasil\/politica\/intext_0__container__\"><span style=\"color: #000000; font-size: 14pt;\">Durante o\u00a0mensal\u00e3o\u00a0foi acusado de receber d\u00f3lares petistas em uma de suas empresas offshore localizada no\u00a0Panam\u00e1. Em troca, repassou quantia equivalente a uma conta no Banco Rural que seria utilizada pelo PT e pelo PP.\u00a0O esquema teria contado com a participa\u00e7\u00e3o de outro veterano em esc\u00e2ndalos, o empres\u00e1rio Marcos Val\u00e9rio Fernandes de Souza. Messer tamb\u00e9m n\u00e3o \u00e9 estranho aos esc\u00e2ndalos internacionais. Seu nome apareceu nas planilhas vazadas do banco HSBC, no caso conhecido como\u00a0Swiss Leaks. A quantia localizada em sua conta corrente, no entanto, destoa dos grandes valores movimentados pelo doleiro: apenas 69.000 d\u00f3lares. N\u00e3o existem provas de que o dinheiro depositado tinha origem ilegal.<\/span><\/div>\n<\/div>\n<p><span style=\"color: #000000; font-size: 14pt;\">Na condi\u00e7\u00e3o de\u00a0<em>doleiro mor<\/em>\u00a0no Brasil, Messer servia como fiador de transa\u00e7\u00f5es realizadas por outros doleiros menores, fazendo com que, ainda que indiretamente, ele tivesse participa\u00e7\u00e3o em centenas de opera\u00e7\u00f5es ilegais. Por isso as autoridades brasileiras o consideram uma esp\u00e9cie de \u201cinstitui\u00e7\u00e3o financeira\u201d pr\u00f3pria.\u00a0Segundo a revista\u00a0<em>Veja<\/em>, por exemplo, o doleiro Benjamin Katz, tido como um dos operadores do ex-deputado\u00a0Eduardo Cunha, era cliente de Messer. Ele tamb\u00e9m teria participado do esquema que lavou dinheiro para o ex-governador do Rio S\u00e9rgio Cabral.<\/span><\/p>\n<p><span style=\"color: #000000; font-size: 14pt;\">O of\u00edcio de intermediar remessas, empr\u00e9stimos e pagamentos no exterior escapando do radar do fisco e sem ser detectado pelas autoridades foi aprendido com o pai, o polon\u00eas Mordko Messer, considerado um pioneiro no ramo dos doleiros e morto em data desconhecida. A fam\u00edlia chegou a ser dona de um banco, o Dimens\u00e3o, e possui casas de c\u00e2mbio e outros empreendimentos no Brasil,\u00a0Paraguai\u00a0e os Estados Unidos. \u00c9 propriet\u00e1ria de um apartamento de dois quartos no Upper East Side, em Manhattan, um dos bairros mais nobres de Nova York.<\/span><\/p>\n<p><span style=\"color: #000000; font-size: 14pt;\">Dario Messer tem moradia fixa atualmente no Paraguai, para onde se mudou quando a opera\u00e7\u00e3o Lava Jato come\u00e7ou, em 2014. \u201cAt\u00e9 ontem (quarta-feira), ele tinha toda a liberdade de se movimentar de um lugar a outro pois n\u00e3o tinha nenhuma restri\u00e7\u00e3o\u201d, disse ao EL PA\u00cdS Luis Arias, delegado da Interpol em Assun\u00e7\u00e3o, capital paraguaia. Segundo ele, Messer tinha uma carta de naturaliza\u00e7\u00e3o desde que chegou ao Paraguai, documento este que veio depois de as autoridades paraguaias levantarem os antecedentes de Messer no Brasil. Segundo a Interpol brasileira, ele n\u00e3o respondia a problemas judiciais no pa\u00eds \u00e0quela altura. \u201cFoi assim que ele conseguiu sua naturaliza\u00e7\u00e3o\u201d, completa Arias. A Interpol paraguaia recebeu nesta quinta a notifica\u00e7\u00e3o contra Messer e agora o Minist\u00e9rio P\u00fablico deve solicitar a um juiz a captura internacional do doleiro. Ve\u00edculos paraguaios informaram que a pol\u00edcia acredita que ele est\u00e1 no pais mas que a Interpol n\u00e3o conhece seu paradeiro concreto.<\/span><\/p>\n<h3><span style=\"color: #000000; font-size: 14pt;\">Conex\u00e3o paraguaia<\/span><\/h3>\n<p><span style=\"color: #000000; font-size: 14pt;\">As rela\u00e7\u00f5es da fam\u00edlia Messer com o presidente paraguaio,\u00a0Horacio Cartes, s\u00e3o antigas. Durante evento do Congresso Mundial Judeu em Buenos Aires, realizado em mar\u00e7o de 2016, Cartes afirmou que em um momento dif\u00edcil de sua vida ele foi acolhido por Mordko, a quem chamou de \u201csegundo pai\u201d. \u201cDeus colocou em meu caminho uma fam\u00edlia e uma grande pessoa, que me acolheram em seus cora\u00e7\u00f5es e sentimentos, e me fizeram sentir parte da fam\u00edlia. Me ajudaram e me ensinaram coisas fundamentais. Eles ganharam meu eterno carinho de filho, minha gratid\u00e3o e admira\u00e7\u00e3o\u201d, disse Cartes. Anos depois, em 2010, o paraguaio chamou Dario de \u201cirm\u00e3o de alma\u201d em entrevista ao jornal local\u00a0<em>\u00daltima Hora.<\/em>O doleiro mesmo particiopou de uma viagem oficial do presidente a Israel em 2013.<\/span><\/p>\n<p><span style=\"color: #000000; font-size: 14pt;\">Messer tem um im\u00f3vel no exclusivo Paran\u00e1 Country Club, na cidade de Hernandarias, onde apartamentos valem mais de 200.000 d\u00f3lares e uma casa alcan\u00e7a 1 milh\u00e3o. De acordo com o jornal\u00a0<em>ABC Color<\/em>, em 2017 Cartes \u201ccriou decretos para beneficiar seu \u2018irm\u00e3o\u2019 Dario\u201d, dentre eles o veto a um projeto que declarava o terreno do Paran\u00e1 Club como sendo uma reserva natural.\u00a0<\/span><\/p>\n<p><span style=\"color: #000000; font-size: 14pt;\">A liga\u00e7\u00e3o de Messer com o presidente paraguaio, que deve deixar o cargo no pr\u00f3ximo 15 de agosto ap\u00f3s a elei\u00e7\u00e3o realizada no pa\u00eds no m\u00eas passado, causou uma importante repercuss\u00e3o pol\u00edtica no pa\u00eds. V\u00e1rios ministros e at\u00e9 o presidente eleito, Mario Abdo Ben\u00edtez, tiveram que responder por essa conex\u00e3o. &#8220;Os amigos s\u00e3o os amigos, \u00e9 a \u00fanica coisa que eu posso dizer&#8221;, afirmou o ministro de Rela\u00e7\u00f5es Exteriores, Eladio Loizaga. &#8220;A Justi\u00e7a funciona ou n\u00e3o funciona? Ela funciona em nosso pa\u00eds&#8221;, acrescentou diante das perguntas dos jornalistas.<\/span><\/p>\n<p><span style=\"color: #000000; font-size: 14pt;\">O ministro da Ind\u00fastria e o Com\u00e9rcio, Gustavo Leite, comentou que ele n\u00e3o sabia da amizade do doleiro com o presidente at\u00e9 que Messer participou de uma viagem oficial a Israel. O ministro tentou tirar qualquer responsabilidade do governo pelas atua\u00e7\u00f5es do amigo de Cartes: &#8220;Eu tenho entendido que ele tem investimentos aqui, mas eu n\u00e3o sei o que ele fez. N\u00f3s fazemos o nosso trabalho do lado do Governo. Mas n\u00f3s n\u00e3o somos quem deve julgar as pessoas, porque ele tem processos e a Justi\u00e7a \u00e9 quem deve cuidar disso.\u00a0 De todo modo, ainda que ele tenha processo, \u00e9 inocente enquanto n\u00e3o for declarado culpado&#8221;.<\/span><\/p>\n<p><span style=\"color: #000000; font-size: 14pt;\">O vencedor da \u00faltima elei\u00e7\u00e3o e futuro presidente, Mario Abdo Ben\u00edtez, do mesmo partido que o governo, tamb\u00e9m tentou minimizar o caso e as poss\u00edveis consequ\u00eancias pol\u00edticas no pa\u00eds:\u00a0 &#8220;Enquanto o sistema republicano a as nossas institui\u00e7\u00f5es funcionem, e o mandado da Justi\u00e7a for cumprido, por que isto vai afetar o Paraguai? O Paraguai \u00e9 afetado quando h\u00e1 impunidade, corrup\u00e7\u00e3o. Mas se a institui\u00e7\u00f5es funcionam normalmente, cada um tem que prestar contas dos seus atos&#8221;.<\/span><\/p>\n<p><span style=\"color: #000000;\"><span style=\"font-size: 14pt;\">Para al\u00e9m dos contatos no Paraguai, Dario Messer tamb\u00e9m era famoso no Rio de Janeiro pelas festas em seu apartamento no Leblon, frequentadas por famosos jogadores de futebol, pol\u00edticos e estrelas da TV. Agora, a Lava Jato vai atestar se o glamour a seu redor e as conex\u00f5es po<\/span>derosas v\u00e3o ajud\u00e1-lo a sair das garras da Justi\u00e7a.<\/span><\/p>\n<p><span style=\"color: #000000; font-family: georgia, palatino, serif; font-size: 18pt;\">Se quiser ler a mat\u00e9ria original, <span style=\"color: #0000ff;\"><em><strong><a style=\"color: #0000ff;\" href=\"https:\/\/brasil.elpais.com\/brasil\/2018\/05\/03\/politica\/1525376638_429844.html\">clique aqui<\/a><\/strong><\/em><\/span>.<\/span><\/p>\n<div class=\"articulo-subtitulos\">\n<p>&nbsp;<\/p>\n<\/div>\n","protected":false},"excerpt":{"rendered":"<p>Mat\u00e9ria publicada na edi\u00e7\u00e3o brasileira do El Pa\u00eds, conta a hist\u00f3ria de Dario Messer, hoje procurado pela Interpol: Dario e o pai, Mordko Messer &#8211; REPRODU\u00c7\u00c3O Dario Messer, o doleiro de todas as corrup\u00e7\u00f5es no Brasil e protegido pelo presidente do Paraguai Novo alvo da Lava Jato mora no Paraguai desde 2014, onde se naturalizou, [&hellip;]<\/p>\n","protected":false},"author":5,"featured_media":12533,"comment_status":"open","ping_status":"open","sticky":false,"template":"","format":"standard","meta":{"_acf_changed":false,"jetpack_post_was_ever_published":false,"_jetpack_newsletter_access":"","_jetpack_dont_email_post_to_subs":false,"_jetpack_newsletter_tier_id":0,"_jetpack_memberships_contains_paywalled_content":false,"_jetpack_memberships_contains_paid_content":false,"footnotes":"","jetpack_publicize_message":"","jetpack_publicize_feature_enabled":true,"jetpack_social_post_already_shared":true,"jetpack_social_options":{"image_generator_settings":{"template":"highway","default_image_id":0,"font":"","enabled":false},"version":2}},"categories":[1],"tags":[],"class_list":["post-12532","post","type-post","status-publish","format-standard","has-post-thumbnail","hentry","category-sem-categoria"],"acf":[],"yoast_head":"<!-- This site is optimized with the Yoast SEO plugin v27.3 - https:\/\/yoast.com\/product\/yoast-seo-wordpress\/ -->\n<title>Quem \u00c9 Dario Messer, o Doleiro dos Doleiros | Blog do Guelmann<\/title>\n<meta name=\"robots\" content=\"index, follow, max-snippet:-1, max-image-preview:large, max-video-preview:-1\" \/>\n<link rel=\"canonical\" href=\"https:\/\/gersonguelmann.com.br\/blog\/quem-e-dario-messer-o-doleiro-dos-doleiros\/\" \/>\n<meta property=\"og:locale\" content=\"pt_BR\" \/>\n<meta property=\"og:type\" content=\"article\" \/>\n<meta property=\"og:title\" content=\"Quem \u00c9 Dario Messer, o Doleiro dos Doleiros | Blog do Guelmann\" \/>\n<meta property=\"og:description\" content=\"Mat\u00e9ria publicada na edi\u00e7\u00e3o brasileira do El Pa\u00eds, conta a hist\u00f3ria de Dario Messer, hoje procurado pela Interpol: Dario e o pai, Mordko Messer &#8211; REPRODU\u00c7\u00c3O Dario Messer, o doleiro de todas as corrup\u00e7\u00f5es no Brasil e protegido pelo presidente do Paraguai Novo alvo da Lava Jato mora no Paraguai desde 2014, onde se naturalizou, [&hellip;]\" \/>\n<meta property=\"og:url\" content=\"https:\/\/gersonguelmann.com.br\/blog\/quem-e-dario-messer-o-doleiro-dos-doleiros\/\" \/>\n<meta property=\"og:site_name\" content=\"Blog do Guelmann\" \/>\n<meta property=\"article:published_time\" content=\"2018-05-06T00:56:40+00:00\" \/>\n<meta property=\"og:image\" content=\"https:\/\/i0.wp.com\/gersonguelmann.com.br\/blog\/wp-content\/uploads\/2018\/05\/1525376638_429844_1525376764_noticia_normal_recorte1.jpg?fit=1960%2C1149&ssl=1\" \/>\n\t<meta property=\"og:image:width\" content=\"1960\" \/>\n\t<meta property=\"og:image:height\" content=\"1149\" \/>\n\t<meta property=\"og:image:type\" content=\"image\/jpeg\" \/>\n<meta name=\"author\" content=\"Gerson Guelmann\" \/>\n<meta name=\"twitter:card\" content=\"summary_large_image\" \/>\n<meta name=\"twitter:label1\" content=\"Escrito por\" \/>\n\t<meta name=\"twitter:data1\" content=\"Gerson Guelmann\" \/>\n\t<meta name=\"twitter:label2\" content=\"Est. tempo de leitura\" \/>\n\t<meta name=\"twitter:data2\" content=\"7 minutos\" \/>\n<script type=\"application\/ld+json\" class=\"yoast-schema-graph\">{\"@context\":\"https:\\\/\\\/schema.org\",\"@graph\":[{\"@type\":\"Article\",\"@id\":\"https:\\\/\\\/gersonguelmann.com.br\\\/blog\\\/quem-e-dario-messer-o-doleiro-dos-doleiros\\\/#article\",\"isPartOf\":{\"@id\":\"https:\\\/\\\/gersonguelmann.com.br\\\/blog\\\/quem-e-dario-messer-o-doleiro-dos-doleiros\\\/\"},\"author\":{\"name\":\"Gerson Guelmann\",\"@id\":\"https:\\\/\\\/gersonguelmann.com.br\\\/blog\\\/#\\\/schema\\\/person\\\/87e70e2a786888082f941a482c90569e\"},\"headline\":\"Quem \u00c9 Dario Messer, o Doleiro dos Doleiros\",\"datePublished\":\"2018-05-06T00:56:40+00:00\",\"mainEntityOfPage\":{\"@id\":\"https:\\\/\\\/gersonguelmann.com.br\\\/blog\\\/quem-e-dario-messer-o-doleiro-dos-doleiros\\\/\"},\"wordCount\":1472,\"commentCount\":0,\"image\":{\"@id\":\"https:\\\/\\\/gersonguelmann.com.br\\\/blog\\\/quem-e-dario-messer-o-doleiro-dos-doleiros\\\/#primaryimage\"},\"thumbnailUrl\":\"https:\\\/\\\/i0.wp.com\\\/gersonguelmann.com.br\\\/blog\\\/wp-content\\\/uploads\\\/2018\\\/05\\\/1525376638_429844_1525376764_noticia_normal_recorte1.jpg?fit=1960%2C1149&ssl=1\",\"inLanguage\":\"pt-BR\",\"potentialAction\":[{\"@type\":\"CommentAction\",\"name\":\"Comment\",\"target\":[\"https:\\\/\\\/gersonguelmann.com.br\\\/blog\\\/quem-e-dario-messer-o-doleiro-dos-doleiros\\\/#respond\"]}]},{\"@type\":\"WebPage\",\"@id\":\"https:\\\/\\\/gersonguelmann.com.br\\\/blog\\\/quem-e-dario-messer-o-doleiro-dos-doleiros\\\/\",\"url\":\"https:\\\/\\\/gersonguelmann.com.br\\\/blog\\\/quem-e-dario-messer-o-doleiro-dos-doleiros\\\/\",\"name\":\"Quem \u00c9 Dario Messer, o Doleiro dos Doleiros | Blog do Guelmann\",\"isPartOf\":{\"@id\":\"https:\\\/\\\/gersonguelmann.com.br\\\/blog\\\/#website\"},\"primaryImageOfPage\":{\"@id\":\"https:\\\/\\\/gersonguelmann.com.br\\\/blog\\\/quem-e-dario-messer-o-doleiro-dos-doleiros\\\/#primaryimage\"},\"image\":{\"@id\":\"https:\\\/\\\/gersonguelmann.com.br\\\/blog\\\/quem-e-dario-messer-o-doleiro-dos-doleiros\\\/#primaryimage\"},\"thumbnailUrl\":\"https:\\\/\\\/i0.wp.com\\\/gersonguelmann.com.br\\\/blog\\\/wp-content\\\/uploads\\\/2018\\\/05\\\/1525376638_429844_1525376764_noticia_normal_recorte1.jpg?fit=1960%2C1149&ssl=1\",\"datePublished\":\"2018-05-06T00:56:40+00:00\",\"author\":{\"@id\":\"https:\\\/\\\/gersonguelmann.com.br\\\/blog\\\/#\\\/schema\\\/person\\\/87e70e2a786888082f941a482c90569e\"},\"inLanguage\":\"pt-BR\",\"potentialAction\":[{\"@type\":\"ReadAction\",\"target\":[\"https:\\\/\\\/gersonguelmann.com.br\\\/blog\\\/quem-e-dario-messer-o-doleiro-dos-doleiros\\\/\"]}]},{\"@type\":\"ImageObject\",\"inLanguage\":\"pt-BR\",\"@id\":\"https:\\\/\\\/gersonguelmann.com.br\\\/blog\\\/quem-e-dario-messer-o-doleiro-dos-doleiros\\\/#primaryimage\",\"url\":\"https:\\\/\\\/i0.wp.com\\\/gersonguelmann.com.br\\\/blog\\\/wp-content\\\/uploads\\\/2018\\\/05\\\/1525376638_429844_1525376764_noticia_normal_recorte1.jpg?fit=1960%2C1149&ssl=1\",\"contentUrl\":\"https:\\\/\\\/i0.wp.com\\\/gersonguelmann.com.br\\\/blog\\\/wp-content\\\/uploads\\\/2018\\\/05\\\/1525376638_429844_1525376764_noticia_normal_recorte1.jpg?fit=1960%2C1149&ssl=1\",\"width\":1960,\"height\":1149},{\"@type\":\"WebSite\",\"@id\":\"https:\\\/\\\/gersonguelmann.com.br\\\/blog\\\/#website\",\"url\":\"https:\\\/\\\/gersonguelmann.com.br\\\/blog\\\/\",\"name\":\"Blog do Guelmann\",\"description\":\"Pitadas da sabedoria e do humor judaicos, assuntos do momento e um pouco das hist\u00f3rias que vivi e testemunhei.\",\"potentialAction\":[{\"@type\":\"SearchAction\",\"target\":{\"@type\":\"EntryPoint\",\"urlTemplate\":\"https:\\\/\\\/gersonguelmann.com.br\\\/blog\\\/?s={search_term_string}\"},\"query-input\":{\"@type\":\"PropertyValueSpecification\",\"valueRequired\":true,\"valueName\":\"search_term_string\"}}],\"inLanguage\":\"pt-BR\"},{\"@type\":\"Person\",\"@id\":\"https:\\\/\\\/gersonguelmann.com.br\\\/blog\\\/#\\\/schema\\\/person\\\/87e70e2a786888082f941a482c90569e\",\"name\":\"Gerson Guelmann\",\"image\":{\"@type\":\"ImageObject\",\"inLanguage\":\"pt-BR\",\"@id\":\"https:\\\/\\\/i0.wp.com\\\/gersonguelmann.com.br\\\/blog\\\/wp-content\\\/uploads\\\/2021\\\/08\\\/BLOG.jpeg?fit=96%2C96&ssl=1\",\"url\":\"https:\\\/\\\/i0.wp.com\\\/gersonguelmann.com.br\\\/blog\\\/wp-content\\\/uploads\\\/2021\\\/08\\\/BLOG.jpeg?fit=96%2C96&ssl=1\",\"contentUrl\":\"https:\\\/\\\/i0.wp.com\\\/gersonguelmann.com.br\\\/blog\\\/wp-content\\\/uploads\\\/2021\\\/08\\\/BLOG.jpeg?fit=96%2C96&ssl=1\",\"caption\":\"Gerson Guelmann\"},\"description\":\"Pitadas da sabedoria e do humor judaicos, assuntos do momento e um pouco das hist\u00f3rias que vivi e testemunhei.\"}]}<\/script>\n<!-- \/ Yoast SEO plugin. -->","yoast_head_json":{"title":"Quem \u00c9 Dario Messer, o Doleiro dos Doleiros | Blog do Guelmann","robots":{"index":"index","follow":"follow","max-snippet":"max-snippet:-1","max-image-preview":"max-image-preview:large","max-video-preview":"max-video-preview:-1"},"canonical":"https:\/\/gersonguelmann.com.br\/blog\/quem-e-dario-messer-o-doleiro-dos-doleiros\/","og_locale":"pt_BR","og_type":"article","og_title":"Quem \u00c9 Dario Messer, o Doleiro dos Doleiros | Blog do Guelmann","og_description":"Mat\u00e9ria publicada na edi\u00e7\u00e3o brasileira do El Pa\u00eds, conta a hist\u00f3ria de Dario Messer, hoje procurado pela Interpol: Dario e o pai, Mordko Messer &#8211; REPRODU\u00c7\u00c3O Dario Messer, o doleiro de todas as corrup\u00e7\u00f5es no Brasil e protegido pelo presidente do Paraguai Novo alvo da Lava Jato mora no Paraguai desde 2014, onde se naturalizou, [&hellip;]","og_url":"https:\/\/gersonguelmann.com.br\/blog\/quem-e-dario-messer-o-doleiro-dos-doleiros\/","og_site_name":"Blog do Guelmann","article_published_time":"2018-05-06T00:56:40+00:00","og_image":[{"width":1960,"height":1149,"url":"https:\/\/i0.wp.com\/gersonguelmann.com.br\/blog\/wp-content\/uploads\/2018\/05\/1525376638_429844_1525376764_noticia_normal_recorte1.jpg?fit=1960%2C1149&ssl=1","type":"image\/jpeg"}],"author":"Gerson Guelmann","twitter_card":"summary_large_image","twitter_misc":{"Escrito por":"Gerson Guelmann","Est. tempo de leitura":"7 minutos"},"schema":{"@context":"https:\/\/schema.org","@graph":[{"@type":"Article","@id":"https:\/\/gersonguelmann.com.br\/blog\/quem-e-dario-messer-o-doleiro-dos-doleiros\/#article","isPartOf":{"@id":"https:\/\/gersonguelmann.com.br\/blog\/quem-e-dario-messer-o-doleiro-dos-doleiros\/"},"author":{"name":"Gerson Guelmann","@id":"https:\/\/gersonguelmann.com.br\/blog\/#\/schema\/person\/87e70e2a786888082f941a482c90569e"},"headline":"Quem \u00c9 Dario Messer, o Doleiro dos Doleiros","datePublished":"2018-05-06T00:56:40+00:00","mainEntityOfPage":{"@id":"https:\/\/gersonguelmann.com.br\/blog\/quem-e-dario-messer-o-doleiro-dos-doleiros\/"},"wordCount":1472,"commentCount":0,"image":{"@id":"https:\/\/gersonguelmann.com.br\/blog\/quem-e-dario-messer-o-doleiro-dos-doleiros\/#primaryimage"},"thumbnailUrl":"https:\/\/i0.wp.com\/gersonguelmann.com.br\/blog\/wp-content\/uploads\/2018\/05\/1525376638_429844_1525376764_noticia_normal_recorte1.jpg?fit=1960%2C1149&ssl=1","inLanguage":"pt-BR","potentialAction":[{"@type":"CommentAction","name":"Comment","target":["https:\/\/gersonguelmann.com.br\/blog\/quem-e-dario-messer-o-doleiro-dos-doleiros\/#respond"]}]},{"@type":"WebPage","@id":"https:\/\/gersonguelmann.com.br\/blog\/quem-e-dario-messer-o-doleiro-dos-doleiros\/","url":"https:\/\/gersonguelmann.com.br\/blog\/quem-e-dario-messer-o-doleiro-dos-doleiros\/","name":"Quem \u00c9 Dario Messer, o Doleiro dos Doleiros | Blog do Guelmann","isPartOf":{"@id":"https:\/\/gersonguelmann.com.br\/blog\/#website"},"primaryImageOfPage":{"@id":"https:\/\/gersonguelmann.com.br\/blog\/quem-e-dario-messer-o-doleiro-dos-doleiros\/#primaryimage"},"image":{"@id":"https:\/\/gersonguelmann.com.br\/blog\/quem-e-dario-messer-o-doleiro-dos-doleiros\/#primaryimage"},"thumbnailUrl":"https:\/\/i0.wp.com\/gersonguelmann.com.br\/blog\/wp-content\/uploads\/2018\/05\/1525376638_429844_1525376764_noticia_normal_recorte1.jpg?fit=1960%2C1149&ssl=1","datePublished":"2018-05-06T00:56:40+00:00","author":{"@id":"https:\/\/gersonguelmann.com.br\/blog\/#\/schema\/person\/87e70e2a786888082f941a482c90569e"},"inLanguage":"pt-BR","potentialAction":[{"@type":"ReadAction","target":["https:\/\/gersonguelmann.com.br\/blog\/quem-e-dario-messer-o-doleiro-dos-doleiros\/"]}]},{"@type":"ImageObject","inLanguage":"pt-BR","@id":"https:\/\/gersonguelmann.com.br\/blog\/quem-e-dario-messer-o-doleiro-dos-doleiros\/#primaryimage","url":"https:\/\/i0.wp.com\/gersonguelmann.com.br\/blog\/wp-content\/uploads\/2018\/05\/1525376638_429844_1525376764_noticia_normal_recorte1.jpg?fit=1960%2C1149&ssl=1","contentUrl":"https:\/\/i0.wp.com\/gersonguelmann.com.br\/blog\/wp-content\/uploads\/2018\/05\/1525376638_429844_1525376764_noticia_normal_recorte1.jpg?fit=1960%2C1149&ssl=1","width":1960,"height":1149},{"@type":"WebSite","@id":"https:\/\/gersonguelmann.com.br\/blog\/#website","url":"https:\/\/gersonguelmann.com.br\/blog\/","name":"Blog do Guelmann","description":"Pitadas da sabedoria e do humor judaicos, assuntos do momento e um pouco das hist\u00f3rias que vivi e testemunhei.","potentialAction":[{"@type":"SearchAction","target":{"@type":"EntryPoint","urlTemplate":"https:\/\/gersonguelmann.com.br\/blog\/?s={search_term_string}"},"query-input":{"@type":"PropertyValueSpecification","valueRequired":true,"valueName":"search_term_string"}}],"inLanguage":"pt-BR"},{"@type":"Person","@id":"https:\/\/gersonguelmann.com.br\/blog\/#\/schema\/person\/87e70e2a786888082f941a482c90569e","name":"Gerson Guelmann","image":{"@type":"ImageObject","inLanguage":"pt-BR","@id":"https:\/\/i0.wp.com\/gersonguelmann.com.br\/blog\/wp-content\/uploads\/2021\/08\/BLOG.jpeg?fit=96%2C96&ssl=1","url":"https:\/\/i0.wp.com\/gersonguelmann.com.br\/blog\/wp-content\/uploads\/2021\/08\/BLOG.jpeg?fit=96%2C96&ssl=1","contentUrl":"https:\/\/i0.wp.com\/gersonguelmann.com.br\/blog\/wp-content\/uploads\/2021\/08\/BLOG.jpeg?fit=96%2C96&ssl=1","caption":"Gerson Guelmann"},"description":"Pitadas da sabedoria e do humor judaicos, assuntos do momento e um pouco das hist\u00f3rias que vivi e testemunhei."}]}},"views":84,"jetpack_publicize_connections":[],"jetpack_featured_media_url":"https:\/\/i0.wp.com\/gersonguelmann.com.br\/blog\/wp-content\/uploads\/2018\/05\/1525376638_429844_1525376764_noticia_normal_recorte1.jpg?fit=1960%2C1149&ssl=1","jetpack_shortlink":"https:\/\/wp.me\/p96e7O-3g8","jetpack-related-posts":[{"id":13469,"url":"https:\/\/gersonguelmann.com.br\/blog\/que-segredos-guarda-a-agenda-do-megadoleiro-dario-messer\/","url_meta":{"origin":12532,"position":0},"title":"Que Segredos Guarda a Agenda do Megadoleiro Dario Messer?","author":"Gerson Guelmann","date":"29 de maio de 2018","format":false,"excerpt":"Do site O Antagonista: Exclusivo: A agenda do megadoleiro Dario Messer Brasil\u00a029.05.18 20:01 Por Claudio Dantas O Antagonista obteve com exclusividade a agenda do megadoleiro Dario Messer, chefe do esquema bilion\u00e1rio de lavagem de dinheiro desbaratado pela Opera\u00e7\u00e3o C\u00e2mbio, Desligo. O documento revela que Messer era muito bem relacionado. A\u2026","rel":"","context":"Em &quot;Sem categoria&quot;","block_context":{"text":"Sem categoria","link":"https:\/\/gersonguelmann.com.br\/blog\/category\/sem-categoria\/"},"img":{"alt_text":"","src":"https:\/\/i0.wp.com\/gersonguelmann.com.br\/blog\/wp-content\/uploads\/2018\/05\/Agenda-1.jpg?fit=1200%2C800&ssl=1&resize=350%2C200","width":350,"height":200,"srcset":"https:\/\/i0.wp.com\/gersonguelmann.com.br\/blog\/wp-content\/uploads\/2018\/05\/Agenda-1.jpg?fit=1200%2C800&ssl=1&resize=350%2C200 1x, https:\/\/i0.wp.com\/gersonguelmann.com.br\/blog\/wp-content\/uploads\/2018\/05\/Agenda-1.jpg?fit=1200%2C800&ssl=1&resize=525%2C300 1.5x, https:\/\/i0.wp.com\/gersonguelmann.com.br\/blog\/wp-content\/uploads\/2018\/05\/Agenda-1.jpg?fit=1200%2C800&ssl=1&resize=700%2C400 2x, https:\/\/i0.wp.com\/gersonguelmann.com.br\/blog\/wp-content\/uploads\/2018\/05\/Agenda-1.jpg?fit=1200%2C800&ssl=1&resize=1050%2C600 3x"},"classes":[]},{"id":12863,"url":"https:\/\/gersonguelmann.com.br\/blog\/a-fortuna-do-doleiro-messer\/","url_meta":{"origin":12532,"position":1},"title":"A Fortuna do Doleiro Messer","author":"Gerson Guelmann","date":"12 de maio de 2018","format":false,"excerpt":"Mat\u00e9ria que a revista Isto\u00c9 acaba de publicar sobre o doleiro Dario Messer e sua vida: BRASIL A fortuna de Messer O doleiro Dario Messer movimentou quase R$ 6 bilh\u00f5es de pol\u00edticos e empres\u00e1rios brasileiros no exterior. Como recompensa, levava vida de magnata, com mans\u00f5es, j\u00f3ias e obras de arte\u2026","rel":"","context":"Em &quot;Sem categoria&quot;","block_context":{"text":"Sem categoria","link":"https:\/\/gersonguelmann.com.br\/blog\/category\/sem-categoria\/"},"img":{"alt_text":"","src":"https:\/\/i0.wp.com\/gersonguelmann.com.br\/blog\/wp-content\/uploads\/2018\/05\/1-1.png?fit=418%2C235&ssl=1&resize=350%2C200","width":350,"height":200},"classes":[]},{"id":22255,"url":"https:\/\/gersonguelmann.com.br\/blog\/jaime-lerner-e-o-olho-dagua\/","url_meta":{"origin":12532,"position":2},"title":"Jaime Lerner e o Olho D&#8217;\u00e1gua","author":"Gerson Guelmann","date":"28 de outubro de 2024","format":false,"excerpt":"Em todos os mandatos de Prefeito o Jaime Lerner contou com a colabora\u00e7\u00e3o do Engenheiro Dr. Dario Lopes dos Santos, servidor de carreira. Esse grande homem prestou servi\u00e7os extraordin\u00e1rios \u00e0 Cidade e ao Estado e empresta seu nome a uma importante avenida de Curitiba. O Dr. Dario era uma pessoa\u2026","rel":"","context":"Em &quot;Sem categoria&quot;","block_context":{"text":"Sem categoria","link":"https:\/\/gersonguelmann.com.br\/blog\/category\/sem-categoria\/"},"img":{"alt_text":"","src":"https:\/\/i0.wp.com\/gersonguelmann.com.br\/blog\/wp-content\/uploads\/2021\/06\/BALDE.jpg?fit=1024%2C692&ssl=1&resize=350%2C200","width":350,"height":200,"srcset":"https:\/\/i0.wp.com\/gersonguelmann.com.br\/blog\/wp-content\/uploads\/2021\/06\/BALDE.jpg?fit=1024%2C692&ssl=1&resize=350%2C200 1x, https:\/\/i0.wp.com\/gersonguelmann.com.br\/blog\/wp-content\/uploads\/2021\/06\/BALDE.jpg?fit=1024%2C692&ssl=1&resize=525%2C300 1.5x, https:\/\/i0.wp.com\/gersonguelmann.com.br\/blog\/wp-content\/uploads\/2021\/06\/BALDE.jpg?fit=1024%2C692&ssl=1&resize=700%2C400 2x"},"classes":[]},{"id":5046,"url":"https:\/\/gersonguelmann.com.br\/blog\/cenas-famosas-de-filmes-17\/","url_meta":{"origin":12532,"position":3},"title":"Cenas Famosas de Filmes (17)","author":"Gerson Guelmann","date":"29 de novembro de 2017","format":false,"excerpt":"Fale com Ela (Hable con Ella) Data de lan\u00e7amento:\u00a015\/3\/2002 Dire\u00e7\u00e3o:\u00a0Pedro Almod\u00f3var\u00a0 Elenco:\u00a0Javier C\u00e1mara, Dario Grandinetti, Ros\u00e1rio Flores, Leonor Watling https:\/\/www.youtube.com\/watch?v=Hp6a_VY0ayw","rel":"","context":"Em &quot;Sem categoria&quot;","block_context":{"text":"Sem categoria","link":"https:\/\/gersonguelmann.com.br\/blog\/category\/sem-categoria\/"},"img":{"alt_text":"","src":"https:\/\/i0.wp.com\/gersonguelmann.com.br\/blog\/wp-content\/uploads\/2017\/11\/download-1-300x168.jpg?resize=350%2C200&ssl=1","width":350,"height":200},"classes":[]},{"id":9399,"url":"https:\/\/gersonguelmann.com.br\/blog\/no-fim-o-lixo-acaba-cheirando-mal\/","url_meta":{"origin":12532,"position":4},"title":"No Fim o Lixo Acaba Cheirando Mal","author":"Gerson Guelmann","date":"2 de mar\u00e7o de 2018","format":false,"excerpt":"Em 2012 circulou pelas redes o v\u00eddeo de uma proposta inovadora para recolhimento dos res\u00edduos domiciliares implantado em Paul\u00ednia (SP). O sistema seria pioneiro no Brasil e representaria um avan\u00e7o extraordin\u00e1rio, como voc\u00ea ver\u00e1 no v\u00eddeo.\u00a0 S\u00f3 que... De l\u00e1 para a cidade viu-se envolvida num esc\u00e2ndalo relacionado exatamente \u00e0\u2026","rel":"","context":"Em &quot;Sem categoria&quot;","block_context":{"text":"Sem categoria","link":"https:\/\/gersonguelmann.com.br\/blog\/category\/sem-categoria\/"},"img":{"alt_text":"","src":"https:\/\/i0.wp.com\/gersonguelmann.com.br\/blog\/wp-content\/uploads\/2018\/03\/Lixo.jpg?fit=900%2C430&ssl=1&resize=350%2C200","width":350,"height":200,"srcset":"https:\/\/i0.wp.com\/gersonguelmann.com.br\/blog\/wp-content\/uploads\/2018\/03\/Lixo.jpg?fit=900%2C430&ssl=1&resize=350%2C200 1x, https:\/\/i0.wp.com\/gersonguelmann.com.br\/blog\/wp-content\/uploads\/2018\/03\/Lixo.jpg?fit=900%2C430&ssl=1&resize=525%2C300 1.5x, https:\/\/i0.wp.com\/gersonguelmann.com.br\/blog\/wp-content\/uploads\/2018\/03\/Lixo.jpg?fit=900%2C430&ssl=1&resize=700%2C400 2x"},"classes":[]},{"id":18059,"url":"https:\/\/gersonguelmann.com.br\/blog\/esta-apertado-na-rua-e-precisa-ir-ao-banheiro-use-o-aplicativo\/","url_meta":{"origin":12532,"position":5},"title":"Est\u00e1 &#8220;Apertado&#8221;, na Rua, e Precisa Ir Ao Banheiro? Use o Aplicativo!","author":"Gerson Guelmann","date":"20 de agosto de 2019","format":false,"excerpt":"Coisas da era digital. Veja o que achei no site Techtudo, especializado em Tecnologia: Flush ajuda voc\u00ea a encontrar banheiros por perto por\u00a0D\u00c1RIO COUTINHO\u00a0em\u00a019\/08\/2019 15h54 O\u00a0Flush \u00e9 um app para Android e iPhone (iOS) que ajuda usu\u00e1rios a encontrar banheiros p\u00fablicos. Baseado na localiza\u00e7\u00e3o do usu\u00e1rio, o app informa locais\u2026","rel":"","context":"Em &quot;Sem categoria&quot;","block_context":{"text":"Sem categoria","link":"https:\/\/gersonguelmann.com.br\/blog\/category\/sem-categoria\/"},"img":{"alt_text":"","src":"https:\/\/i0.wp.com\/gersonguelmann.com.br\/blog\/wp-content\/uploads\/2019\/08\/toilet-paper.jpg?fit=960%2C636&ssl=1&resize=350%2C200","width":350,"height":200,"srcset":"https:\/\/i0.wp.com\/gersonguelmann.com.br\/blog\/wp-content\/uploads\/2019\/08\/toilet-paper.jpg?fit=960%2C636&ssl=1&resize=350%2C200 1x, https:\/\/i0.wp.com\/gersonguelmann.com.br\/blog\/wp-content\/uploads\/2019\/08\/toilet-paper.jpg?fit=960%2C636&ssl=1&resize=525%2C300 1.5x, https:\/\/i0.wp.com\/gersonguelmann.com.br\/blog\/wp-content\/uploads\/2019\/08\/toilet-paper.jpg?fit=960%2C636&ssl=1&resize=700%2C400 2x"},"classes":[]}],"jetpack_sharing_enabled":true,"post_mailing_queue_ids":[],"_links":{"self":[{"href":"https:\/\/gersonguelmann.com.br\/blog\/wp-json\/wp\/v2\/posts\/12532","targetHints":{"allow":["GET"]}}],"collection":[{"href":"https:\/\/gersonguelmann.com.br\/blog\/wp-json\/wp\/v2\/posts"}],"about":[{"href":"https:\/\/gersonguelmann.com.br\/blog\/wp-json\/wp\/v2\/types\/post"}],"author":[{"embeddable":true,"href":"https:\/\/gersonguelmann.com.br\/blog\/wp-json\/wp\/v2\/users\/5"}],"replies":[{"embeddable":true,"href":"https:\/\/gersonguelmann.com.br\/blog\/wp-json\/wp\/v2\/comments?post=12532"}],"version-history":[{"count":0,"href":"https:\/\/gersonguelmann.com.br\/blog\/wp-json\/wp\/v2\/posts\/12532\/revisions"}],"wp:featuredmedia":[{"embeddable":true,"href":"https:\/\/gersonguelmann.com.br\/blog\/wp-json\/wp\/v2\/media\/12533"}],"wp:attachment":[{"href":"https:\/\/gersonguelmann.com.br\/blog\/wp-json\/wp\/v2\/media?parent=12532"}],"wp:term":[{"taxonomy":"category","embeddable":true,"href":"https:\/\/gersonguelmann.com.br\/blog\/wp-json\/wp\/v2\/categories?post=12532"},{"taxonomy":"post_tag","embeddable":true,"href":"https:\/\/gersonguelmann.com.br\/blog\/wp-json\/wp\/v2\/tags?post=12532"}],"curies":[{"name":"wp","href":"https:\/\/api.w.org\/{rel}","templated":true}]}}