    {"id":12540,"date":"2018-05-06T13:14:24","date_gmt":"2018-05-06T16:14:24","guid":{"rendered":"https:\/\/gersonguelmann.com.br\/blog\/?p=12540"},"modified":"2018-05-06T13:14:24","modified_gmt":"2018-05-06T16:14:24","slug":"por-que-voces-odeiam-israel","status":"publish","type":"post","link":"https:\/\/gersonguelmann.com.br\/blog\/por-que-voces-odeiam-israel\/","title":{"rendered":"Por que voc\u00eas odeiam Israel?"},"content":{"rendered":"<p><span style=\"font-family: georgia, palatino, serif; font-size: 18pt; color: #000000;\">Compartilho, para reflex\u00e3o, importante publica\u00e7\u00e3o de ontem do caderno <em>Cultura<\/em> do jornal <em>O Estado de S\u00e3o Paulo<\/em>:<\/span><\/p>\n<div class=\"row-description \">\n<div class=\"description_section\"><span style=\"font-size: 14pt;\"><strong>BLOGS<\/strong><\/span><\/div>\n<div class=\"cor-e description_title\"><strong><span style=\"font-size: 18pt; color: #ff0000;\">Estado da Arte<\/span><\/strong><\/div>\n<div class=\"sub-description_title\"><span style=\"font-size: 14pt;\"><strong>Um espa\u00e7o para a discuss\u00e3o de ideias para nosso tempo<\/strong><\/span><\/div>\n<\/div>\n<div class=\"row infinite\">\n<section class=\"col-xs-12\">\n<div class=\"row blogs\">\n<section class=\"col-xs-12 col-sm-offset-1 col-sm-11\">\n<article class=\"n--noticia__header\">\n<p class=\"n--noticia__title\"><span style=\"font-size: 24pt;\"><strong>Por que voc\u00eas odeiam Israel?<\/strong><\/span><\/p>\n<p class=\"n--noticia__subtitle\"><em><span style=\"font-size: 14pt;\"><strong>O Estado da Arte publica com exclusividade no Estad\u00e3o artigo de Brendan O&#8217;Neill, editor da revista Spiked e colunista da Spectator, sobre o \u00f3dio antissemita do progressismo contempor\u00e2neo. O artigo marca a estreia da parceria do Estado da Arte com a Spiked.<a class=\"ico-print\">\u00a0<\/a><\/strong><\/span><\/em><\/p>\n<\/article>\n<\/section>\n<\/div>\n<\/section>\n<\/div>\n<div class=\"row\">\n<section class=\"col-xs-12 main-news\">\n<div id=\"pw-wpn_426_6353\" class=\"pw-container\" data-acesso=\"1\">\n<div id=\"sw-wpn_426_6353\" class=\"pw-container\">\n<div class=\"row n--noticia__body\">\n<section class=\"col-xs-12 col-sm-offset-1 col-sm-11\">\n<div class=\"row\">\n<section class=\"col-xs-12 col-content col-center\">\n<div class=\"box area-select\">\n<div class=\"n--noticia__state\">\n<p><span style=\"font-size: 14pt;\">Estado da Arte<\/span><\/p>\n<p><span style=\"font-size: 14pt;\">05 Maio 2018 | 08h00<\/span><\/p>\n<p><img data-recalc-dims=\"1\" fetchpriority=\"high\" decoding=\"async\" data-attachment-id=\"12541\" data-permalink=\"https:\/\/gersonguelmann.com.br\/blog\/por-que-voces-odeiam-israel\/israel-800x450\/\" data-orig-file=\"https:\/\/i0.wp.com\/gersonguelmann.com.br\/blog\/wp-content\/uploads\/2018\/05\/Israel-800x450.jpg?fit=800%2C450&amp;ssl=1\" data-orig-size=\"800,450\" data-comments-opened=\"1\" data-image-meta=\"{&quot;aperture&quot;:&quot;0&quot;,&quot;credit&quot;:&quot;&quot;,&quot;camera&quot;:&quot;&quot;,&quot;caption&quot;:&quot;&quot;,&quot;created_timestamp&quot;:&quot;0&quot;,&quot;copyright&quot;:&quot;&quot;,&quot;focal_length&quot;:&quot;0&quot;,&quot;iso&quot;:&quot;0&quot;,&quot;shutter_speed&quot;:&quot;0&quot;,&quot;title&quot;:&quot;&quot;,&quot;orientation&quot;:&quot;0&quot;}\" data-image-title=\"Israel-800&amp;#215;450\" data-image-description=\"\" data-image-caption=\"\" data-medium-file=\"https:\/\/i0.wp.com\/gersonguelmann.com.br\/blog\/wp-content\/uploads\/2018\/05\/Israel-800x450.jpg?fit=300%2C169&amp;ssl=1\" data-large-file=\"https:\/\/i0.wp.com\/gersonguelmann.com.br\/blog\/wp-content\/uploads\/2018\/05\/Israel-800x450.jpg?fit=640%2C360&amp;ssl=1\" class=\"size-medium wp-image-12541 aligncenter\" src=\"https:\/\/i0.wp.com\/gersonguelmann.com.br\/blog\/wp-content\/uploads\/2018\/05\/Israel-800x450.jpg?resize=300%2C169&#038;ssl=1\" alt=\"\" width=\"300\" height=\"169\" srcset=\"https:\/\/i0.wp.com\/gersonguelmann.com.br\/blog\/wp-content\/uploads\/2018\/05\/Israel-800x450.jpg?resize=300%2C169&amp;ssl=1 300w, https:\/\/i0.wp.com\/gersonguelmann.com.br\/blog\/wp-content\/uploads\/2018\/05\/Israel-800x450.jpg?resize=768%2C432&amp;ssl=1 768w, https:\/\/i0.wp.com\/gersonguelmann.com.br\/blog\/wp-content\/uploads\/2018\/05\/Israel-800x450.jpg?resize=800%2C450&amp;ssl=1 800w\" sizes=\"(max-width: 300px) 100vw, 300px\" \/><\/p>\n<p><span style=\"font-size: 14pt;\"><em>por\u00a0<strong>Brendan O\u2019Neill<\/strong><\/em><\/span><\/p>\n<p><span style=\"font-size: 14pt;\"><strong><em>A quest\u00e3o que paira sobre a esquerda e que ningu\u00e9m sabe responder.<\/em><\/strong><\/span><\/p>\n<div class=\"limite-continuar-lendo\"><span style=\"font-size: 14pt;\"><strong>\u00a0<\/strong><\/span><\/div>\n<p><span style=\"font-size: 14pt;\">Por que voc\u00eas odeiam Israel mais do que qualquer outra na\u00e7\u00e3o? Por que Israel lhes irrita mais do que qualquer outra na\u00e7\u00e3o? Por que as atividades militares de Israel incomodam mais, perturbam mais sua consci\u00eancia e fazem voc\u00eas sa\u00edrem \u00e0s ruas em manifesta\u00e7\u00f5es ou tuitarem furiosos de uma maneira que nenhuma outra atividade militar, de nenhum outro Estado, faz? Essas s\u00e3o as perguntas que pairam sombriamente sobre os chamados progressistas de hoje. Elas corroem sua autoproclamada autoridade moral, sua alegada condi\u00e7\u00e3o de praticantes da justi\u00e7a e da igualdade. S\u00e3o as perguntas que ainda n\u00e3o receberam uma resposta satisfat\u00f3ria. Assim, elas intensificam \u2013 muito bem evitadas, ou tangenciadas de maneira pouco convincente \u2013 um ponto de interroga\u00e7\u00e3o sobre boa parte da esquerda atual:\u00a0<em>por que Israel<\/em>?<\/span><\/p>\n<p><span style=\"font-size: 14pt;\">Essa pergunta ressurgiu recentemente, ap\u00f3s os confrontos violentos na fronteira com a Faixa de Gaza. De maneira mec\u00e2nica e t\u00e3o previs\u00edvel que chega a ser deprimente, esses confrontos que resultaram na morte de diversos manifestantes palestinos magicamente despertaram um instinto anti-imperialista e antib\u00e9lico entre os observadores ocidentais. Um instinto que estava evidentemente, insistentemente e misteriosamente adormecido quando a Turquia destruiu a cidade curda de Afrin, ou durante qualquer uma das recentes barb\u00e1ries cometidas pela Ar\u00e1bia Saudita com apoio ocidental contra o desventurado povo do I\u00eamen. Um membro das For\u00e7as de Defesa de Israel mostra sua arma, e, de repente, os bem-intencionados do Ocidente desligam o Spotify, abrem o Twitter e descarregam sua f\u00faria emocional, dizendo: \u201cN\u00c3O\u201d. Sua letargia pol\u00edtica some, eles tiram o p\u00f3 de seus cartazes e lembram que a guerra e a viol\u00eancia s\u00e3o ruins. Eles at\u00e9 v\u00e3o para as ruas, como fizeram em Londres e por toda a Europa recentemente. Isso \u00e9 cruel, eles declamam, e aquela pergunta ressurge \u2013 silenciosa, desconfort\u00e1vel, geralmente ignorada: por que isso \u00e9 cruel, mas o massacre turco de centenas de civis e combatentes curdos em Afrin n\u00e3o \u00e9?\u00a0 Por que Israel?<\/span><\/p>\n<p><span style=\"font-size: 14pt;\">As atividades israelenses n\u00e3o s\u00f3 provocam uma resposta desses manifestantes enquanto as atividades turcas, sauditas e s\u00edrias passam em branco \u2013 elas provocam uma resposta que \u00e9 sempre visceral. A condena\u00e7\u00e3o de Israel \u00e9 furiosa e intensa. A linguagem usada \u00e9 sombria, muito diferente da linguagem usada sobre qualquer outra na\u00e7\u00e3o que pratique atividades militares. As atividades israelenses nunca s\u00e3o apenas erradas ou exageradas, nunca se trata de um pa\u00eds que \u201ccorre estupidamente para a guerra\u201d, como manifestantes falaram sobre Tony Blair e o Iraque, ou eventualmente sobre Obama e a L\u00edbia, ou, se pressionados para opinarem, provavelmente falariam sobre os turcos e os sauditas. N\u00e3o, Israel \u00e9 genocida. \u00c9 um Estado terrorista, um Estado vil\u00e3o, um Estado de apartheid. Ele \u00e9 raivoso, racista, ideol\u00f3gico. N\u00e3o usa apenas as for\u00e7as militares \u2013 causa \u201c<em>sangria<\/em>\u201c; tem algum tipo de prazer em matar civis, inclusive crian\u00e7as.Como disse um observador durante os confrontos na fronteira com Gaza, Israel mata pessoas cujo \u00fanico crime foi \u201cn\u00e3o terem nascido de m\u00e3es judias\u201d. Israel\u00a0<em>odeia<\/em>. Esse Estado judaico \u00e9 o pior de todos, o mais sanguin\u00e1rio.<\/span><\/p>\n<p><span style=\"font-size: 14pt;\">Ap\u00f3s a morte de 18 palestinos na fronteira com Gaza, Glenn Greenwald denunciou Israel como um \u201cEstado de apartheid, vil\u00e3o, terrorista\u201d, parecendo buscar a maior quantidade poss\u00edvel de formas de dizer \u201cmau\u201d. Um grupo de esquerda diz que o comportamento de Israel na fronteira com Gaza confirma que est\u00e1 executando um \u201clento genoc\u00eddio\u201d de palestinos. O \u201ctamanho da sangria\u201d \u00e9 aterrorizante, diz um escritor mais radical. Israel adora derramar sangue. Na Al-Jazeera, um autor escreve que os confrontos s\u00e3o um alerta para o fato de que Israel transformou Gaza no \u201cmaior campo de concentra\u00e7\u00e3o na superf\u00edcie da Terra\u201d \u2013 e aquela pergunta irrespond\u00edvel, ou certamente n\u00e3o respondida, ressurge: por que Gaza \u00e9 um campo de concentra\u00e7\u00e3o, mas o I\u00eamen, que est\u00e1 barbaramente submetido a um bloqueio mar\u00edtimo, terrestre e a\u00e9reo desde 2015, resultando numa escassez devastadora de comida e medicamentos, causando fome e a dissemina\u00e7\u00e3o desenfreada de doen\u00e7as como a c\u00f3lera, n\u00e3o \u00e9? Em todos os aspectos, o bloqueio do I\u00eamen \u00e9 pior do que qualquer uma das restri\u00e7\u00f5es impostas a Gaza. As pessoas em Gaza n\u00e3o est\u00e3o morrendo de fome ou contraindo c\u00f3lera aos milhares como no I\u00eamen. Ainda assim, Gaza \u00e9 um campo de concentra\u00e7\u00e3o, enquanto o I\u00eamen, quando se prestam a comentar sobre isso, \u00e9 uma zona de guerra. Israel causa mobiliza\u00e7\u00f5es; a Ar\u00e1bia Saudita, n\u00e3o. A Ar\u00e1bia Saudita faz guerra; Israel comete \u201cgenoc\u00eddio\u201d, constr\u00f3i \u201ccampos de concentra\u00e7\u00e3o\u201d, pratica \u201cterrorismo\u201d. E eles deveriam ter mais cuidado, esses judeus. Esse \u00e9 o subtexto, sempre: as v\u00edtimas de genoc\u00eddio se tornaram genocidas.<\/span><\/p>\n<p><span style=\"font-size: 14pt;\">De maneira geral, a atividade israelense \u00e9 sempre tratada de modo diferente. Os confrontos em Gaza ganharam um destaque midi\u00e1tico muito maior do que os piores horrores cometidos em Afrin alguns dias e semanas antes. Pol\u00edticos de tend\u00eancia esquerdista, incluindo l\u00edderes do Partido Trabalhista do Reino Unido, condenam severamente pelo Twitter os tiroteios de Israel na fronteira com Gaza, mas se mant\u00eam em sil\u00eancio, ou ao menos mais contidos, sobre a Turquia e os curdos. Institui\u00e7\u00f5es acad\u00eamicas e culturais boicotam Israel, mas n\u00e3o boicotam a Turquia, ou a China, ou a R\u00fassia, ou mesmo os Estados Unidos e a Gr\u00e3-Bretanha, que cometeram uma boa quantidade de erros \u2013 \u201csangrias\u201d? \u2013 no Oriente M\u00e9dio nos \u00faltimos anos. O fato de que apenas Israel sofre boicote dos autoproclamados guardi\u00f5es da consci\u00eancia moral do Ocidente, das nossas elites culturais e acad\u00eamicas, passa a mensagem constante de que Israel \u00e9 diferente. \u00c9\u00a0<em>pior<\/em>. Est\u00e1 acima de qualquer outro Estado em termos de perversidade, \u00f3dio e guerra. O movimento BDS institucionaliza a ideia de que Israel \u00e9 diferente das outras na\u00e7\u00f5es, uma p\u00fastula em meio aos outros pa\u00edses, a na\u00e7\u00e3o mais baixa, mais suja. \u00c9 uma triste ironia que os militantes do BDS gritem \u201capartheid!\u201d ou \u201cracista!\u201d para Israel ao mesmo tempo que o submetem a uma esp\u00e9cie de apartheid cultural e contribuem para a terr\u00edvel vis\u00e3o desse Estado, dessa na\u00e7\u00e3o judaica, como o Estado que mais merece sua indigna\u00e7\u00e3o e, at\u00e9 mesmo, seu \u00f3dio.<\/span><\/p>\n<p><span style=\"font-size: 14pt;\">Houve tentativas de responder \u00e0quela pergunta iminente de \u201cpor que Israel?\u201d, especialmente depois das \u00faltimas pol\u00eamicas sobre a express\u00e3o de ideias antissemitas nos c\u00edrculos de esquerda, incluindo o Partido Trabalhista de Jeremy Corbyn. Mas as respostas n\u00e3o foram nada convincentes. Israel merece a f\u00faria especial dos manifestantes ocidentais porque \u00e9 um Estado apoiado pelos l\u00edderes ocidentais,\u00a0<em>nossos\u00a0<\/em>l\u00edderes, eles dizem. A Turquia tamb\u00e9m. E a Ar\u00e1bia Saudita. A repress\u00e3o israelense aos palestinos vem acontecendo h\u00e1 muito tempo, e \u00e9 uma grande injusti\u00e7a que precisa ser combatida, eles dizem. E a guerra da Turquia contra os curdos n\u00e3o vem acontecendo h\u00e1 muito tempo? Israel pune os palestinos cultural e politicamente, e isso torna seu caso especial, eles alegam, enquanto usam termos como \u201capartheid\u201d para descrever a vida em\/entre Israel e os Territ\u00f3rios Palestinianos, distorcendo, assim, a realidade do que acontece l\u00e1. Mas, novamente, existe a Turquia para desfazer sua narrativa fr\u00e1gil e ego\u00edsta. A Turquia realmente quer acabar com a heran\u00e7a cultural, a l\u00edngua e o desejo de independ\u00eancia dos curdos, e sobre isso eles n\u00e3o dizem nada, ou certamente muito pouco. Eles n\u00e3o protestam em volta de teatros quando atores turcos est\u00e3o se apresentando. Eles n\u00e3o fazem coro coletivo para calar violinistas turcos em concertos. Eles n\u00e3o exigem que os acad\u00eamicos turcos e seus livros sejam expulsos das universidades americanas e brit\u00e2nicas. N\u00e3o. Apenas os israelenses. Somente eles. Somente essas pessoas.<\/span><\/p>\n<p><span style=\"font-size: 14pt;\">N\u00e3o h\u00e1 como fugir: o que realmente diferencia Israel \u00e9 \u00f3dio que recebe. Israel se destaca n\u00e3o pelo que faz, mas pela maneira como descrevem o que faz: estranho, sangrento, vingativo, nocivo, genocida, uma \u201cgangue de criminosos doutrinados por uma ideologia que desumaniza crian\u00e7as\u201d, como descreveu o escritor da Al-Jazeera semanas atr\u00e1s. Vamos l\u00e1. Pode dizer. Eles s\u00e3o fascistas. As v\u00edtimas do fascismo agora praticam fascismo. Esse \u00e9 o sentimento por tr\u00e1s de boa parte desse foco m\u00edope em Israel: os judeus agora est\u00e3o fazendo aos outros o que outros j\u00e1 fizeram a eles. Embora, na verdade, n\u00e3o estejam. Embora eles n\u00e3o estejam fazendo nada que se pare\u00e7a mesmo que remotamente com os esfor\u00e7os nazistas para eliminar judeus. E, mesmo assim, nas manifesta\u00e7\u00f5es contra Israel, os cartazes comparam Gaza ao Gueto de Vars\u00f3via; as pessoas imploram que os judeus relembrem seu pr\u00f3prio sofrimento e carregam bandeiras israelenses com desenhos de su\u00e1sticas. Isso n\u00e3o \u00e9 ser anti-imperialista; \u00e9 ser antijudaico. Dizer que os judeus ou o Estado Judaico representam um novo nazismo \u00e9 a pior ofensa de todas, e quem fala isso\u00a0<em>sabe\u00a0<\/em>que \u00e9 a pior ofensa de todas.<\/span><\/p>\n<p><span style=\"font-size: 14pt;\">O tratamento de Israel como particularmente colonialista, como um exemplo de racismo, como respons\u00e1vel pelos tipos de crime contra a humanidade que ach\u00e1vamos ter deixado nos momentos mais sombrios do s\u00e9culo XX, realmente capta o que move a atual f\u00faria intensamente dedicada essa na\u00e7\u00e3o sobre todas as outras: Israel tornou-se o saco de pancadas daqueles que se sentem envergonhados ou desconfort\u00e1veis com os excessos pol\u00edticos e militares cometidos por suas pr\u00f3prias na\u00e7\u00f5es no passado e que agora expressam essa vergonha e esse desconforto vociferando contra o que consideram, hiperbolicamente, ser uma express\u00e3o remanescente daquele passado: Israel e a maneira como trata os palestinos. Eles atribuem todos os horrores do passado a Israel, e por isso o denunciam como ideol\u00f3gico, racista, imperialista e at\u00e9 genocida \u2013 para eles, e gra\u00e7as \u00e0 sua campanha, Israel passou a simbolizar os crimes do passado. Assim, quando 18 palestinos s\u00e3o mortos, n\u00e3o \u00e9 apenas uma trag\u00e9dia, n\u00e3o \u00e9 apenas um excesso, e certamente n\u00e3o \u00e9 apenas algo que exige uma discuss\u00e3o s\u00e9ria e ponderada, inclusive sobre o papel do Hamas na organiza\u00e7\u00e3o desses protestos para alimentar a compaix\u00e3o internacional pela vitimiza\u00e7\u00e3o palestina. N\u00e3o. \u00c9 um ato que nos lembra de toda a hist\u00f3ria de colonialismo, chauvinismo racial, campos de concentra\u00e7\u00e3o e genoc\u00eddio, porque \u00e9 isso que Israel agora lembra as pessoas; elas projetam sua culpa p\u00f3s-colonial e seu ceticismo em rela\u00e7\u00e3o ao projeto ocidental nesse pequeno Estado do Oriente M\u00e9dio.<\/span><\/p>\n<p><span style=\"font-size: 14pt;\">A raiva contra Israel \u00e9, na verdade, mais terap\u00eautica do que pol\u00edtica. N\u00e3o se trata de querer abordar seriamente a realidade da vida e do conflito no Oriente M\u00e9dio, mas de querer suprir as necessidades mesquinhas de observadores e ativistas ocidentais de ter uma entidade para espumar seu \u00f3dio e dar vaz\u00e3o \u00e0 sua pr\u00f3pria desorienta\u00e7\u00e3o hist\u00f3rica e pol\u00edtica. Mas o impacto dessa raiva terap\u00eautica, dessa esp\u00e9cie de terapia primal contra Israel, \u00e9 desastroso. Ele contribui para a crescente ideia conspirativa de que certas pessoas, e voc\u00ea sabe quem, t\u00eam uma influ\u00eancia particularmente nociva sobre as quest\u00f5es internacionais, a vida pol\u00edtica e a seguran\u00e7a cotidiana. \u201cN\u00e3o \u00e9 antissemitismo criticar Israel\u201d, dizem os observadores. E eles est\u00e3o absolutamente certos. Toda na\u00e7\u00e3o deve estar sujeita a cr\u00edticas e protestos. Mas se voc\u00ea critica apenas Israel, ou se critica Israel de maneira desproporcional em rela\u00e7\u00e3o a qualquer outro Estado, e se sua cr\u00edtica a Israel \u00e9 carregada de refer\u00eancias ao Holocausto e express\u00f5es como \u201csangria\u201d, e se voc\u00ea boicota Israel mas nenhuma outra na\u00e7\u00e3o, e se voc\u00ea promove as fantasias obscuras da extrema-direita, dos isl\u00e2micos e dos te\u00f3ricos da conspira\u00e7\u00e3o ao ficarem se preocupando com um lobby israelense superpoderoso, e se a vis\u00e3o de um violinista israelense \u00e9 demais para o seu est\u00f4mago, sinto muito, mas essas s\u00e3o as principais caracter\u00edsticas do antissemitismo.<\/span><\/p>\n<p><span style=\"font-size: 14pt;\"><strong>Brendan O\u2019Neill<\/strong>\u00a0\u00e9 jornalista, editor da\u00a0<em>Spiked<\/em>\u00a0e colunista da\u00a0<em>Spectator.<\/em><\/span><\/p>\n<p><em><img data-recalc-dims=\"1\" decoding=\"async\" data-attachment-id=\"6355\" data-permalink=\"https:\/\/gersonguelmann.com.br\/blog\/caixa-automatico-da-mae-judia\/israel-3\/\" data-orig-file=\"https:\/\/i0.wp.com\/gersonguelmann.com.br\/blog\/wp-content\/uploads\/2017\/12\/Israel.jpg?fit=607%2C1080&amp;ssl=1\" data-orig-size=\"607,1080\" data-comments-opened=\"1\" data-image-meta=\"{&quot;aperture&quot;:&quot;0&quot;,&quot;credit&quot;:&quot;&quot;,&quot;camera&quot;:&quot;&quot;,&quot;caption&quot;:&quot;&quot;,&quot;created_timestamp&quot;:&quot;0&quot;,&quot;copyright&quot;:&quot;&quot;,&quot;focal_length&quot;:&quot;0&quot;,&quot;iso&quot;:&quot;0&quot;,&quot;shutter_speed&quot;:&quot;0&quot;,&quot;title&quot;:&quot;&quot;,&quot;orientation&quot;:&quot;0&quot;}\" data-image-title=\"Israel\" data-image-description=\"\" data-image-caption=\"\" data-medium-file=\"https:\/\/i0.wp.com\/gersonguelmann.com.br\/blog\/wp-content\/uploads\/2017\/12\/Israel.jpg?fit=169%2C300&amp;ssl=1\" data-large-file=\"https:\/\/i0.wp.com\/gersonguelmann.com.br\/blog\/wp-content\/uploads\/2017\/12\/Israel.jpg?fit=576%2C1024&amp;ssl=1\" class=\"aligncenter wp-image-6355 size-full\" src=\"https:\/\/i0.wp.com\/cultura.estadao.com.br\/blogs\/estado-da-arte\/wp-content\/uploads\/sites\/426\/2018\/05\/spiked.png?resize=346%2C105\" sizes=\"(max-width: 346px) 85vw, 346px\" srcset=\"http:\/\/cultura.estadao.com.br\/blogs\/estado-da-arte\/wp-content\/uploads\/sites\/426\/2018\/05\/spiked.png 346w, http:\/\/cultura.estadao.com.br\/blogs\/estado-da-arte\/wp-content\/uploads\/sites\/426\/2018\/05\/spiked-300x91.png 300w\" alt=\"\" width=\"346\" height=\"105\" \/><\/em><\/p>\n<p><span style=\"font-size: 14pt;\"><strong>Tradu\u00e7\u00e3o: Ana Beatriz Fiori<\/strong><\/span><\/p>\n<p><span style=\"font-size: 14pt;\"><strong>Link para o texto original na spiked<\/strong>\u00a0<em><strong><a href=\"http:\/\/www.spiked-online.com\/newsite\/article\/why-do-you-hate-israel\/21297#.Wu0SqC_cdsM\" target=\"_blank\" rel=\"noopener\">aqui<\/a><\/strong><\/em>.<\/span><\/p>\n<p><span style=\"font-family: georgia, palatino, serif; font-size: 18pt; color: #000000;\">Link para a mat\u00e9ria original d&#8217;O Estado de S\u00e3o Paulo <span style=\"color: #0000ff;\"><em><strong><a style=\"color: #0000ff;\" href=\"http:\/\/cultura.estadao.com.br\/blogs\/estado-da-arte\/por-que-voces-odeiam-israel\/\">aqui<\/a><\/strong><\/em><\/span>.<\/span><\/p>\n<p>&nbsp;<\/p>\n<\/div>\n<\/div>\n<\/section>\n<\/div>\n<\/section>\n<\/div>\n<\/div>\n<\/div>\n<\/section>\n<\/div>\n","protected":false},"excerpt":{"rendered":"<p>Compartilho, para reflex\u00e3o, importante publica\u00e7\u00e3o de ontem do caderno Cultura do jornal O Estado de S\u00e3o Paulo: BLOGS Estado da Arte Um espa\u00e7o para a discuss\u00e3o de ideias para nosso tempo Por que voc\u00eas odeiam Israel? O Estado da Arte publica com exclusividade no Estad\u00e3o artigo de Brendan O&#8217;Neill, editor da revista Spiked e colunista [&hellip;]<\/p>\n","protected":false},"author":5,"featured_media":12541,"comment_status":"open","ping_status":"open","sticky":false,"template":"","format":"standard","meta":{"_acf_changed":false,"jetpack_post_was_ever_published":false,"_jetpack_newsletter_access":"","_jetpack_dont_email_post_to_subs":false,"_jetpack_newsletter_tier_id":0,"_jetpack_memberships_contains_paywalled_content":false,"_jetpack_memberships_contains_paid_content":false,"footnotes":"","jetpack_publicize_message":"","jetpack_publicize_feature_enabled":true,"jetpack_social_post_already_shared":true,"jetpack_social_options":{"image_generator_settings":{"template":"highway","default_image_id":0,"font":"","enabled":false},"version":2}},"categories":[1],"tags":[],"class_list":["post-12540","post","type-post","status-publish","format-standard","has-post-thumbnail","hentry","category-sem-categoria"],"acf":[],"yoast_head":"<!-- This site is optimized with the Yoast SEO plugin v27.3 - https:\/\/yoast.com\/product\/yoast-seo-wordpress\/ -->\n<title>Por que voc\u00eas odeiam Israel? | Blog do Guelmann<\/title>\n<meta name=\"robots\" content=\"index, follow, max-snippet:-1, max-image-preview:large, max-video-preview:-1\" \/>\n<link rel=\"canonical\" href=\"https:\/\/gersonguelmann.com.br\/blog\/por-que-voces-odeiam-israel\/\" \/>\n<meta property=\"og:locale\" content=\"pt_BR\" \/>\n<meta property=\"og:type\" content=\"article\" \/>\n<meta property=\"og:title\" content=\"Por que voc\u00eas odeiam Israel? | Blog do Guelmann\" \/>\n<meta property=\"og:description\" content=\"Compartilho, para reflex\u00e3o, importante publica\u00e7\u00e3o de ontem do caderno Cultura do jornal O Estado de S\u00e3o Paulo: BLOGS Estado da Arte Um espa\u00e7o para a discuss\u00e3o de ideias para nosso tempo Por que voc\u00eas odeiam Israel? O Estado da Arte publica com exclusividade no Estad\u00e3o artigo de Brendan O&#8217;Neill, editor da revista Spiked e colunista [&hellip;]\" \/>\n<meta property=\"og:url\" content=\"https:\/\/gersonguelmann.com.br\/blog\/por-que-voces-odeiam-israel\/\" \/>\n<meta property=\"og:site_name\" content=\"Blog do Guelmann\" \/>\n<meta property=\"article:published_time\" content=\"2018-05-06T16:14:24+00:00\" \/>\n<meta property=\"og:image\" content=\"https:\/\/i0.wp.com\/gersonguelmann.com.br\/blog\/wp-content\/uploads\/2018\/05\/Israel-800x450.jpg?fit=800%2C450&ssl=1\" \/>\n\t<meta property=\"og:image:width\" content=\"800\" \/>\n\t<meta property=\"og:image:height\" content=\"450\" \/>\n\t<meta property=\"og:image:type\" content=\"image\/jpeg\" \/>\n<meta name=\"author\" content=\"Gerson Guelmann\" \/>\n<meta name=\"twitter:card\" content=\"summary_large_image\" \/>\n<meta name=\"twitter:label1\" content=\"Escrito por\" \/>\n\t<meta name=\"twitter:data1\" content=\"Gerson Guelmann\" \/>\n\t<meta name=\"twitter:label2\" content=\"Est. tempo de leitura\" \/>\n\t<meta name=\"twitter:data2\" content=\"11 minutos\" \/>\n<script type=\"application\/ld+json\" class=\"yoast-schema-graph\">{\"@context\":\"https:\\\/\\\/schema.org\",\"@graph\":[{\"@type\":\"Article\",\"@id\":\"https:\\\/\\\/gersonguelmann.com.br\\\/blog\\\/por-que-voces-odeiam-israel\\\/#article\",\"isPartOf\":{\"@id\":\"https:\\\/\\\/gersonguelmann.com.br\\\/blog\\\/por-que-voces-odeiam-israel\\\/\"},\"author\":{\"name\":\"Gerson Guelmann\",\"@id\":\"https:\\\/\\\/gersonguelmann.com.br\\\/blog\\\/#\\\/schema\\\/person\\\/87e70e2a786888082f941a482c90569e\"},\"headline\":\"Por que voc\u00eas odeiam Israel?\",\"datePublished\":\"2018-05-06T16:14:24+00:00\",\"mainEntityOfPage\":{\"@id\":\"https:\\\/\\\/gersonguelmann.com.br\\\/blog\\\/por-que-voces-odeiam-israel\\\/\"},\"wordCount\":2174,\"commentCount\":0,\"image\":{\"@id\":\"https:\\\/\\\/gersonguelmann.com.br\\\/blog\\\/por-que-voces-odeiam-israel\\\/#primaryimage\"},\"thumbnailUrl\":\"https:\\\/\\\/i0.wp.com\\\/gersonguelmann.com.br\\\/blog\\\/wp-content\\\/uploads\\\/2018\\\/05\\\/Israel-800x450.jpg?fit=800%2C450&ssl=1\",\"inLanguage\":\"pt-BR\",\"potentialAction\":[{\"@type\":\"CommentAction\",\"name\":\"Comment\",\"target\":[\"https:\\\/\\\/gersonguelmann.com.br\\\/blog\\\/por-que-voces-odeiam-israel\\\/#respond\"]}]},{\"@type\":\"WebPage\",\"@id\":\"https:\\\/\\\/gersonguelmann.com.br\\\/blog\\\/por-que-voces-odeiam-israel\\\/\",\"url\":\"https:\\\/\\\/gersonguelmann.com.br\\\/blog\\\/por-que-voces-odeiam-israel\\\/\",\"name\":\"Por que voc\u00eas odeiam Israel? | Blog do Guelmann\",\"isPartOf\":{\"@id\":\"https:\\\/\\\/gersonguelmann.com.br\\\/blog\\\/#website\"},\"primaryImageOfPage\":{\"@id\":\"https:\\\/\\\/gersonguelmann.com.br\\\/blog\\\/por-que-voces-odeiam-israel\\\/#primaryimage\"},\"image\":{\"@id\":\"https:\\\/\\\/gersonguelmann.com.br\\\/blog\\\/por-que-voces-odeiam-israel\\\/#primaryimage\"},\"thumbnailUrl\":\"https:\\\/\\\/i0.wp.com\\\/gersonguelmann.com.br\\\/blog\\\/wp-content\\\/uploads\\\/2018\\\/05\\\/Israel-800x450.jpg?fit=800%2C450&ssl=1\",\"datePublished\":\"2018-05-06T16:14:24+00:00\",\"author\":{\"@id\":\"https:\\\/\\\/gersonguelmann.com.br\\\/blog\\\/#\\\/schema\\\/person\\\/87e70e2a786888082f941a482c90569e\"},\"inLanguage\":\"pt-BR\",\"potentialAction\":[{\"@type\":\"ReadAction\",\"target\":[\"https:\\\/\\\/gersonguelmann.com.br\\\/blog\\\/por-que-voces-odeiam-israel\\\/\"]}]},{\"@type\":\"ImageObject\",\"inLanguage\":\"pt-BR\",\"@id\":\"https:\\\/\\\/gersonguelmann.com.br\\\/blog\\\/por-que-voces-odeiam-israel\\\/#primaryimage\",\"url\":\"https:\\\/\\\/i0.wp.com\\\/gersonguelmann.com.br\\\/blog\\\/wp-content\\\/uploads\\\/2018\\\/05\\\/Israel-800x450.jpg?fit=800%2C450&ssl=1\",\"contentUrl\":\"https:\\\/\\\/i0.wp.com\\\/gersonguelmann.com.br\\\/blog\\\/wp-content\\\/uploads\\\/2018\\\/05\\\/Israel-800x450.jpg?fit=800%2C450&ssl=1\",\"width\":800,\"height\":450},{\"@type\":\"WebSite\",\"@id\":\"https:\\\/\\\/gersonguelmann.com.br\\\/blog\\\/#website\",\"url\":\"https:\\\/\\\/gersonguelmann.com.br\\\/blog\\\/\",\"name\":\"Blog do Guelmann\",\"description\":\"Pitadas da sabedoria e do humor judaicos, assuntos do momento e um pouco das hist\u00f3rias que vivi e testemunhei.\",\"potentialAction\":[{\"@type\":\"SearchAction\",\"target\":{\"@type\":\"EntryPoint\",\"urlTemplate\":\"https:\\\/\\\/gersonguelmann.com.br\\\/blog\\\/?s={search_term_string}\"},\"query-input\":{\"@type\":\"PropertyValueSpecification\",\"valueRequired\":true,\"valueName\":\"search_term_string\"}}],\"inLanguage\":\"pt-BR\"},{\"@type\":\"Person\",\"@id\":\"https:\\\/\\\/gersonguelmann.com.br\\\/blog\\\/#\\\/schema\\\/person\\\/87e70e2a786888082f941a482c90569e\",\"name\":\"Gerson Guelmann\",\"image\":{\"@type\":\"ImageObject\",\"inLanguage\":\"pt-BR\",\"@id\":\"https:\\\/\\\/i0.wp.com\\\/gersonguelmann.com.br\\\/blog\\\/wp-content\\\/uploads\\\/2021\\\/08\\\/BLOG.jpeg?fit=96%2C96&ssl=1\",\"url\":\"https:\\\/\\\/i0.wp.com\\\/gersonguelmann.com.br\\\/blog\\\/wp-content\\\/uploads\\\/2021\\\/08\\\/BLOG.jpeg?fit=96%2C96&ssl=1\",\"contentUrl\":\"https:\\\/\\\/i0.wp.com\\\/gersonguelmann.com.br\\\/blog\\\/wp-content\\\/uploads\\\/2021\\\/08\\\/BLOG.jpeg?fit=96%2C96&ssl=1\",\"caption\":\"Gerson Guelmann\"},\"description\":\"Pitadas da sabedoria e do humor judaicos, assuntos do momento e um pouco das hist\u00f3rias que vivi e testemunhei.\"}]}<\/script>\n<!-- \/ Yoast SEO plugin. -->","yoast_head_json":{"title":"Por que voc\u00eas odeiam Israel? | Blog do Guelmann","robots":{"index":"index","follow":"follow","max-snippet":"max-snippet:-1","max-image-preview":"max-image-preview:large","max-video-preview":"max-video-preview:-1"},"canonical":"https:\/\/gersonguelmann.com.br\/blog\/por-que-voces-odeiam-israel\/","og_locale":"pt_BR","og_type":"article","og_title":"Por que voc\u00eas odeiam Israel? | Blog do Guelmann","og_description":"Compartilho, para reflex\u00e3o, importante publica\u00e7\u00e3o de ontem do caderno Cultura do jornal O Estado de S\u00e3o Paulo: BLOGS Estado da Arte Um espa\u00e7o para a discuss\u00e3o de ideias para nosso tempo Por que voc\u00eas odeiam Israel? O Estado da Arte publica com exclusividade no Estad\u00e3o artigo de Brendan O&#8217;Neill, editor da revista Spiked e colunista [&hellip;]","og_url":"https:\/\/gersonguelmann.com.br\/blog\/por-que-voces-odeiam-israel\/","og_site_name":"Blog do Guelmann","article_published_time":"2018-05-06T16:14:24+00:00","og_image":[{"width":800,"height":450,"url":"https:\/\/i0.wp.com\/gersonguelmann.com.br\/blog\/wp-content\/uploads\/2018\/05\/Israel-800x450.jpg?fit=800%2C450&ssl=1","type":"image\/jpeg"}],"author":"Gerson Guelmann","twitter_card":"summary_large_image","twitter_misc":{"Escrito por":"Gerson Guelmann","Est. tempo de leitura":"11 minutos"},"schema":{"@context":"https:\/\/schema.org","@graph":[{"@type":"Article","@id":"https:\/\/gersonguelmann.com.br\/blog\/por-que-voces-odeiam-israel\/#article","isPartOf":{"@id":"https:\/\/gersonguelmann.com.br\/blog\/por-que-voces-odeiam-israel\/"},"author":{"name":"Gerson Guelmann","@id":"https:\/\/gersonguelmann.com.br\/blog\/#\/schema\/person\/87e70e2a786888082f941a482c90569e"},"headline":"Por que voc\u00eas odeiam Israel?","datePublished":"2018-05-06T16:14:24+00:00","mainEntityOfPage":{"@id":"https:\/\/gersonguelmann.com.br\/blog\/por-que-voces-odeiam-israel\/"},"wordCount":2174,"commentCount":0,"image":{"@id":"https:\/\/gersonguelmann.com.br\/blog\/por-que-voces-odeiam-israel\/#primaryimage"},"thumbnailUrl":"https:\/\/i0.wp.com\/gersonguelmann.com.br\/blog\/wp-content\/uploads\/2018\/05\/Israel-800x450.jpg?fit=800%2C450&ssl=1","inLanguage":"pt-BR","potentialAction":[{"@type":"CommentAction","name":"Comment","target":["https:\/\/gersonguelmann.com.br\/blog\/por-que-voces-odeiam-israel\/#respond"]}]},{"@type":"WebPage","@id":"https:\/\/gersonguelmann.com.br\/blog\/por-que-voces-odeiam-israel\/","url":"https:\/\/gersonguelmann.com.br\/blog\/por-que-voces-odeiam-israel\/","name":"Por que voc\u00eas odeiam Israel? | Blog do Guelmann","isPartOf":{"@id":"https:\/\/gersonguelmann.com.br\/blog\/#website"},"primaryImageOfPage":{"@id":"https:\/\/gersonguelmann.com.br\/blog\/por-que-voces-odeiam-israel\/#primaryimage"},"image":{"@id":"https:\/\/gersonguelmann.com.br\/blog\/por-que-voces-odeiam-israel\/#primaryimage"},"thumbnailUrl":"https:\/\/i0.wp.com\/gersonguelmann.com.br\/blog\/wp-content\/uploads\/2018\/05\/Israel-800x450.jpg?fit=800%2C450&ssl=1","datePublished":"2018-05-06T16:14:24+00:00","author":{"@id":"https:\/\/gersonguelmann.com.br\/blog\/#\/schema\/person\/87e70e2a786888082f941a482c90569e"},"inLanguage":"pt-BR","potentialAction":[{"@type":"ReadAction","target":["https:\/\/gersonguelmann.com.br\/blog\/por-que-voces-odeiam-israel\/"]}]},{"@type":"ImageObject","inLanguage":"pt-BR","@id":"https:\/\/gersonguelmann.com.br\/blog\/por-que-voces-odeiam-israel\/#primaryimage","url":"https:\/\/i0.wp.com\/gersonguelmann.com.br\/blog\/wp-content\/uploads\/2018\/05\/Israel-800x450.jpg?fit=800%2C450&ssl=1","contentUrl":"https:\/\/i0.wp.com\/gersonguelmann.com.br\/blog\/wp-content\/uploads\/2018\/05\/Israel-800x450.jpg?fit=800%2C450&ssl=1","width":800,"height":450},{"@type":"WebSite","@id":"https:\/\/gersonguelmann.com.br\/blog\/#website","url":"https:\/\/gersonguelmann.com.br\/blog\/","name":"Blog do Guelmann","description":"Pitadas da sabedoria e do humor judaicos, assuntos do momento e um pouco das hist\u00f3rias que vivi e testemunhei.","potentialAction":[{"@type":"SearchAction","target":{"@type":"EntryPoint","urlTemplate":"https:\/\/gersonguelmann.com.br\/blog\/?s={search_term_string}"},"query-input":{"@type":"PropertyValueSpecification","valueRequired":true,"valueName":"search_term_string"}}],"inLanguage":"pt-BR"},{"@type":"Person","@id":"https:\/\/gersonguelmann.com.br\/blog\/#\/schema\/person\/87e70e2a786888082f941a482c90569e","name":"Gerson Guelmann","image":{"@type":"ImageObject","inLanguage":"pt-BR","@id":"https:\/\/i0.wp.com\/gersonguelmann.com.br\/blog\/wp-content\/uploads\/2021\/08\/BLOG.jpeg?fit=96%2C96&ssl=1","url":"https:\/\/i0.wp.com\/gersonguelmann.com.br\/blog\/wp-content\/uploads\/2021\/08\/BLOG.jpeg?fit=96%2C96&ssl=1","contentUrl":"https:\/\/i0.wp.com\/gersonguelmann.com.br\/blog\/wp-content\/uploads\/2021\/08\/BLOG.jpeg?fit=96%2C96&ssl=1","caption":"Gerson Guelmann"},"description":"Pitadas da sabedoria e do humor judaicos, assuntos do momento e um pouco das hist\u00f3rias que vivi e testemunhei."}]}},"views":36,"jetpack_publicize_connections":[],"jetpack_featured_media_url":"https:\/\/i0.wp.com\/gersonguelmann.com.br\/blog\/wp-content\/uploads\/2018\/05\/Israel-800x450.jpg?fit=800%2C450&ssl=1","jetpack_shortlink":"https:\/\/wp.me\/p96e7O-3gg","jetpack-related-posts":[{"id":23286,"url":"https:\/\/gersonguelmann.com.br\/blog\/desculpe-hoje-nao-temos-humor\/","url_meta":{"origin":12540,"position":0},"title":"Desculpe, Hoje N\u00e3o Temos Humor","author":"Gerson Guelmann","date":"11 de outubro de 2023","format":false,"excerpt":"Desde que comecei a coletar e compartilhar o melhor do Humor Judaico, inicialmente em meu Blog e mais tarde, aqui no HojePR, quando os Editores generosamente me abriram as portas, foram poucas as vezes em que deixei de publicar. Isso aconteceu apenas em datas relacionadas ao Holocausto, dias de recolhimento\u2026","rel":"","context":"Em &quot;Sem categoria&quot;","block_context":{"text":"Sem categoria","link":"https:\/\/gersonguelmann.com.br\/blog\/category\/sem-categoria\/"},"img":{"alt_text":"","src":"https:\/\/i0.wp.com\/gersonguelmann.com.br\/blog\/wp-content\/uploads\/2023\/10\/HojePR-4-300x200.jpg?resize=350%2C200&ssl=1","width":350,"height":200},"classes":[]},{"id":19610,"url":"https:\/\/gersonguelmann.com.br\/blog\/israel-frente-de-batalha-do-mundo-civilizado\/","url_meta":{"origin":12540,"position":1},"title":"Israel, Frente de Batalha do Mundo Civilizado","author":"Gerson Guelmann","date":"4 de janeiro de 2020","format":false,"excerpt":"Nesses dias em que o mundo est\u00e1 em polvorosa em raz\u00e3o da morte do arquiteto do terror Qasem Suleimani, acho oportuno relembrar a palestra proferida por Pilar Rahola em 4 de dezembro de 2014. E a raz\u00e3o de ter lembrado disso \u00e9 porque (s\u00f3 para variar) a Guarda Revolucion\u00e1ria iraniana,\u2026","rel":"","context":"Em &quot;Sem categoria&quot;","block_context":{"text":"Sem categoria","link":"https:\/\/gersonguelmann.com.br\/blog\/category\/sem-categoria\/"},"img":{"alt_text":"","src":"https:\/\/i0.wp.com\/gersonguelmann.com.br\/blog\/wp-content\/uploads\/2020\/01\/Israel.png?fit=960%2C627&ssl=1&resize=350%2C200","width":350,"height":200,"srcset":"https:\/\/i0.wp.com\/gersonguelmann.com.br\/blog\/wp-content\/uploads\/2020\/01\/Israel.png?fit=960%2C627&ssl=1&resize=350%2C200 1x, https:\/\/i0.wp.com\/gersonguelmann.com.br\/blog\/wp-content\/uploads\/2020\/01\/Israel.png?fit=960%2C627&ssl=1&resize=525%2C300 1.5x, https:\/\/i0.wp.com\/gersonguelmann.com.br\/blog\/wp-content\/uploads\/2020\/01\/Israel.png?fit=960%2C627&ssl=1&resize=700%2C400 2x"},"classes":[]},{"id":13094,"url":"https:\/\/gersonguelmann.com.br\/blog\/paraguai-e-o-terceiro-pais-a-inaugurar-embaixada-em-jerusalem\/","url_meta":{"origin":12540,"position":2},"title":"Paraguai \u00e9 o Terceiro Pa\u00eds a Inaugurar Embaixada em Jerusal\u00e9m","author":"Gerson Guelmann","date":"21 de maio de 2018","format":false,"excerpt":"Da revista VEJA, publicado h\u00e1 pouco: \u00a0 O presidente paraguaio Horacio Cartes cumprimenta o primeiro-ministro israelense Benjamin Netanyahu durante uma reuni\u00e3o no gabinete do primeiro-ministro em Jerusal\u00e9m, ap\u00f3s a cerim\u00f4nia de inaugura\u00e7\u00e3o da embaixada do Paraguai na capital de Israel - 21\/05\/2018\u00a0(Sebastian Scheiner\/Pool\/Reuters) \u00a0 Mundo Presidente do Paraguai inaugura embaixada\u2026","rel":"","context":"Em &quot;Sem categoria&quot;","block_context":{"text":"Sem categoria","link":"https:\/\/gersonguelmann.com.br\/blog\/category\/sem-categoria\/"},"img":{"alt_text":"","src":"https:\/\/i0.wp.com\/gersonguelmann.com.br\/blog\/wp-content\/uploads\/2018\/05\/mundo-embaixada-paraguaia-jerusalem.jpg?fit=680%2C453&ssl=1&resize=350%2C200","width":350,"height":200,"srcset":"https:\/\/i0.wp.com\/gersonguelmann.com.br\/blog\/wp-content\/uploads\/2018\/05\/mundo-embaixada-paraguaia-jerusalem.jpg?fit=680%2C453&ssl=1&resize=350%2C200 1x, https:\/\/i0.wp.com\/gersonguelmann.com.br\/blog\/wp-content\/uploads\/2018\/05\/mundo-embaixada-paraguaia-jerusalem.jpg?fit=680%2C453&ssl=1&resize=525%2C300 1.5x"},"classes":[]},{"id":15838,"url":"https:\/\/gersonguelmann.com.br\/blog\/porque-nao-esquecem-um-pouco-os-judeus\/","url_meta":{"origin":12540,"position":3},"title":"Porque N\u00e3o Esquecem Um Pouco os Judeus?","author":"Gerson Guelmann","date":"30 de janeiro de 2019","format":false,"excerpt":"Nesses dias de ang\u00fastia que o pa\u00eds atravessa, os judeus brasileiros t\u00eam sofrido com outro problema: as lament\u00e1veis manifesta\u00e7\u00f5es de antissemitismo. As redes sociais v\u00eam sendo palco de demonstra\u00e7\u00f5es evidentes do que afirmo: eventualmente travestidas de cr\u00edticas \u00e0 posi\u00e7\u00e3o do governo de Israel, essa manifesta\u00e7\u00f5es s\u00e3o sempre eivadas de arraigado\u2026","rel":"","context":"Em &quot;Sem categoria&quot;","block_context":{"text":"Sem categoria","link":"https:\/\/gersonguelmann.com.br\/blog\/category\/sem-categoria\/"},"img":{"alt_text":"","src":"https:\/\/i0.wp.com\/gersonguelmann.com.br\/blog\/wp-content\/uploads\/2019\/01\/anti-semitism.jpg?fit=1024%2C890&ssl=1&resize=350%2C200","width":350,"height":200,"srcset":"https:\/\/i0.wp.com\/gersonguelmann.com.br\/blog\/wp-content\/uploads\/2019\/01\/anti-semitism.jpg?fit=1024%2C890&ssl=1&resize=350%2C200 1x, https:\/\/i0.wp.com\/gersonguelmann.com.br\/blog\/wp-content\/uploads\/2019\/01\/anti-semitism.jpg?fit=1024%2C890&ssl=1&resize=525%2C300 1.5x, https:\/\/i0.wp.com\/gersonguelmann.com.br\/blog\/wp-content\/uploads\/2019\/01\/anti-semitism.jpg?fit=1024%2C890&ssl=1&resize=700%2C400 2x"},"classes":[]},{"id":26049,"url":"https:\/\/gersonguelmann.com.br\/blog\/israel-o-milagre-que-insiste-em-viver\/","url_meta":{"origin":12540,"position":4},"title":"Israel: O Milagre Que Insiste em Viver","author":"Gerson Guelmann","date":"16 de junho de 2025","format":false,"excerpt":"Em meio \u00e0s manchetes sobre tens\u00e3o, ataques e diplomacia em frangalhos, uma outra realidade insiste em se manter viva em Israel: a de um pa\u00eds cercado por inimigos que desejam sua extin\u00e7\u00e3o \u2014 e que, mesmo assim, n\u00e3o deixa de oferecer ao mundo o que de melhor pode existir em\u2026","rel":"","context":"Em &quot;Sem categoria&quot;","block_context":{"text":"Sem categoria","link":"https:\/\/gersonguelmann.com.br\/blog\/category\/sem-categoria\/"},"img":{"alt_text":"","src":"https:\/\/i0.wp.com\/gersonguelmann.com.br\/blog\/wp-content\/uploads\/2025\/06\/HojePR-22.jpg?fit=1024%2C683&ssl=1&resize=350%2C200","width":350,"height":200,"srcset":"https:\/\/i0.wp.com\/gersonguelmann.com.br\/blog\/wp-content\/uploads\/2025\/06\/HojePR-22.jpg?fit=1024%2C683&ssl=1&resize=350%2C200 1x, https:\/\/i0.wp.com\/gersonguelmann.com.br\/blog\/wp-content\/uploads\/2025\/06\/HojePR-22.jpg?fit=1024%2C683&ssl=1&resize=525%2C300 1.5x, https:\/\/i0.wp.com\/gersonguelmann.com.br\/blog\/wp-content\/uploads\/2025\/06\/HojePR-22.jpg?fit=1024%2C683&ssl=1&resize=700%2C400 2x"},"classes":[]},{"id":5465,"url":"https:\/\/gersonguelmann.com.br\/blog\/escritor-kuwaitiano-diz-israel-e-um-estado-legitimo\/","url_meta":{"origin":12540,"position":5},"title":"Escritor Kuwaitiano Diz: Israel \u00c9 Um Estado Leg\u00edtimo","author":"Gerson Guelmann","date":"10 de dezembro de 2017","format":false,"excerpt":"Em debate na TV Kuwaitiana em 19\/11 o escritor Abdullah Al-Hadlaq disse que Israel \u00e9 um Estado soberano e n\u00e3o um ocupante e que historicamente n\u00e3o havia Palestina. E enfatizou: trata-se de \"um povo retornando \u00e0 sua terra prometida\"; quando o Estado de Israel foi estabelecido em 1948, n\u00e3o havia\u2026","rel":"","context":"Em &quot;Sem categoria&quot;","block_context":{"text":"Sem categoria","link":"https:\/\/gersonguelmann.com.br\/blog\/category\/sem-categoria\/"},"img":{"alt_text":"","src":"https:\/\/i0.wp.com\/gersonguelmann.com.br\/blog\/wp-content\/uploads\/2017\/12\/download-4-300x168.jpg?resize=350%2C200&ssl=1","width":350,"height":200},"classes":[]}],"jetpack_sharing_enabled":true,"post_mailing_queue_ids":[],"_links":{"self":[{"href":"https:\/\/gersonguelmann.com.br\/blog\/wp-json\/wp\/v2\/posts\/12540","targetHints":{"allow":["GET"]}}],"collection":[{"href":"https:\/\/gersonguelmann.com.br\/blog\/wp-json\/wp\/v2\/posts"}],"about":[{"href":"https:\/\/gersonguelmann.com.br\/blog\/wp-json\/wp\/v2\/types\/post"}],"author":[{"embeddable":true,"href":"https:\/\/gersonguelmann.com.br\/blog\/wp-json\/wp\/v2\/users\/5"}],"replies":[{"embeddable":true,"href":"https:\/\/gersonguelmann.com.br\/blog\/wp-json\/wp\/v2\/comments?post=12540"}],"version-history":[{"count":0,"href":"https:\/\/gersonguelmann.com.br\/blog\/wp-json\/wp\/v2\/posts\/12540\/revisions"}],"wp:featuredmedia":[{"embeddable":true,"href":"https:\/\/gersonguelmann.com.br\/blog\/wp-json\/wp\/v2\/media\/12541"}],"wp:attachment":[{"href":"https:\/\/gersonguelmann.com.br\/blog\/wp-json\/wp\/v2\/media?parent=12540"}],"wp:term":[{"taxonomy":"category","embeddable":true,"href":"https:\/\/gersonguelmann.com.br\/blog\/wp-json\/wp\/v2\/categories?post=12540"},{"taxonomy":"post_tag","embeddable":true,"href":"https:\/\/gersonguelmann.com.br\/blog\/wp-json\/wp\/v2\/tags?post=12540"}],"curies":[{"name":"wp","href":"https:\/\/api.w.org\/{rel}","templated":true}]}}