    {"id":12543,"date":"2018-05-06T14:22:48","date_gmt":"2018-05-06T17:22:48","guid":{"rendered":"https:\/\/gersonguelmann.com.br\/blog\/?p=12543"},"modified":"2018-05-06T14:22:48","modified_gmt":"2018-05-06T17:22:48","slug":"tremores-do-parkinson-podem-acabar","status":"publish","type":"post","link":"https:\/\/gersonguelmann.com.br\/blog\/tremores-do-parkinson-podem-acabar\/","title":{"rendered":"Tremores do Parkinson Podem Acabar"},"content":{"rendered":"<p><span style=\"color: #000000; font-family: georgia, palatino, serif; font-size: 18pt;\">Boa not\u00edcia que vem do site Tecmundo:<\/span><\/p>\n<p class=\"article-title highlight\"><span style=\"font-size: 24pt;\"><strong><span style=\"color: #000000;\">Tecnologia chilena vem para ajudar no controle dos tremores do Parkinson<\/span><\/strong><\/span><\/p>\n<div class=\"about\">\n<div class=\"about-item\"><strong><span style=\"color: #000000;\">POR\u00a0<span class=\"label-author\">ADRIANA VIEIRA DOS SANTOS<\/span><\/span><\/strong><\/div>\n<div class=\"about-item\"><strong><span style=\"color: #000000;\">EM\u00a0MERCADO<\/span><\/strong><\/div>\n<div class=\"about-item label-data\"><strong><span style=\"color: #000000;\"><time datetime=\"2018-05-05T09:00:31-03:00\">05 MAI 2018 \u2014 09H00<\/time><\/span><\/strong><\/div>\n<\/div>\n<div id=\"nzn-social-plugins\" class=\"toolbar\">\n<div class=\"toolbar-column\">\n<div class=\"toolbar-item\"><span style=\"color: #000000;\">\u00a0<\/span><span style=\"color: #000000; font-size: 14pt;\">Um grupo chileno desenvolveu um aparelho biom\u00e9dico capaz de amenizar os tremores nas m\u00e3os, t\u00edpicos daqueles acometidos com a\u00a0doen\u00e7a de Parkinson. Denominado \u201cGrace\u201d, o aparelho port\u00e1til poder\u00e1 ser comercializado a partir de 2019, depois de patenteado e de passar por testes no Centro de Movimento do Chile (Cetram).<\/span><\/p>\n<p><span style=\"color: #000000; font-size: 14pt;\">O\u00a0mal de Parkinson\u00a0afeta o sistema nervoso central e tem como consequ\u00eancia o comprometimento dos movimentos, considerado um fator de diminui\u00e7\u00e3o consider\u00e1vel da qualidade de vida. Em geral, surge a partir dos 55 anos, mas tem maior incid\u00eancia em pessoas mais idosas, acima dos 70 anos. O tratamento atual por medicamentos visa desacelerar a diminui\u00e7\u00e3o da dopamina e, consequentemente, a doen\u00e7a.<\/span><\/p>\n<p><img data-recalc-dims=\"1\" decoding=\"async\" data-attachment-id=\"12544\" data-permalink=\"https:\/\/gersonguelmann.com.br\/blog\/tremores-do-parkinson-podem-acabar\/images-25\/\" data-orig-file=\"https:\/\/i0.wp.com\/gersonguelmann.com.br\/blog\/wp-content\/uploads\/2018\/05\/images-1.jpg?fit=324%2C155&amp;ssl=1\" data-orig-size=\"324,155\" data-comments-opened=\"1\" data-image-meta=\"{&quot;aperture&quot;:&quot;0&quot;,&quot;credit&quot;:&quot;&quot;,&quot;camera&quot;:&quot;&quot;,&quot;caption&quot;:&quot;&quot;,&quot;created_timestamp&quot;:&quot;0&quot;,&quot;copyright&quot;:&quot;&quot;,&quot;focal_length&quot;:&quot;0&quot;,&quot;iso&quot;:&quot;0&quot;,&quot;shutter_speed&quot;:&quot;0&quot;,&quot;title&quot;:&quot;&quot;,&quot;orientation&quot;:&quot;0&quot;}\" data-image-title=\"images\" data-image-description=\"\" data-image-caption=\"\" data-medium-file=\"https:\/\/i0.wp.com\/gersonguelmann.com.br\/blog\/wp-content\/uploads\/2018\/05\/images-1.jpg?fit=300%2C144&amp;ssl=1\" data-large-file=\"https:\/\/i0.wp.com\/gersonguelmann.com.br\/blog\/wp-content\/uploads\/2018\/05\/images-1.jpg?fit=324%2C155&amp;ssl=1\" class=\"size-medium wp-image-12544 aligncenter\" src=\"https:\/\/i0.wp.com\/gersonguelmann.com.br\/blog\/wp-content\/uploads\/2018\/05\/images-1.jpg?resize=300%2C144&#038;ssl=1\" alt=\"\" width=\"300\" height=\"144\" srcset=\"https:\/\/i0.wp.com\/gersonguelmann.com.br\/blog\/wp-content\/uploads\/2018\/05\/images-1.jpg?resize=300%2C144&amp;ssl=1 300w, https:\/\/i0.wp.com\/gersonguelmann.com.br\/blog\/wp-content\/uploads\/2018\/05\/images-1.jpg?w=324&amp;ssl=1 324w\" sizes=\"(max-width: 300px) 100vw, 300px\" \/><\/p>\n<p><span style=\"color: #000000; font-size: 14pt;\">Segundo um dos integrantes do grupo que \u00e9 estudante da Universidade de Adolfo Ib\u00e1\u00f1ez, Felipe Nagel, o objetivo foi desenvolver uma alternativa n\u00e3o invasiva para essas pessoas, que hoje t\u00eam op\u00e7\u00f5es desde cirurgias at\u00e9 o consumo regular de rem\u00e9dios. Trinta pessoas j\u00e1 experimentaram a tecnologia e puderam ter a emo\u00e7\u00e3o de sentir o cessar dos tremores, que tanto afetam sua rotina e seu bem-estar.<\/span><\/p>\n<p><span style=\"color: #000000; font-size: 14pt;\">Al\u00e9m dos tremores da doen\u00e7a de Parkinson, o dispositivo poder\u00e1 ser \u00fatil para quem sofre de Tremor Essencial, uma condi\u00e7\u00e3o normalmente benigna de movimentos involunt\u00e1rios, que se acredita ter origem gen\u00e9tica. Muitas vezes, a condi\u00e7\u00e3o \u00e9 confundida com o Parkinson, mesmo ela sendo bem mais frequente. Seus tremores s\u00e3o mais predominantes durante uma a\u00e7\u00e3o, como na manipula\u00e7\u00e3o de objetos, por exemplo.<\/span><\/p>\n<p><span style=\"color: #000000; font-family: georgia, palatino, serif; font-size: 18pt;\">O link para a mat\u00e9ria original est\u00e1 <span style=\"color: #0000ff;\"><a style=\"color: #0000ff;\" href=\"https:\/\/www.tecmundo.com.br\/mercado\/129775-tecnologia-chilena-vem-pra-ajudar-controle-tremores-parkinson.htm\"><em><strong>aqui<\/strong><\/em><\/a><\/span>.<\/span><\/p>\n<\/div>\n<\/div>\n<div class=\"toolbar-column\"><span style=\"color: #000000;\"><span style=\"color: #000000;\">\u00a0<\/span><\/span><img data-recalc-dims=\"1\" fetchpriority=\"high\" decoding=\"async\" data-attachment-id=\"12545\" data-permalink=\"https:\/\/gersonguelmann.com.br\/blog\/tremores-do-parkinson-podem-acabar\/close-up-of-senior-man-suffering-with-parkinsons-diesease\/\" data-orig-file=\"https:\/\/i0.wp.com\/gersonguelmann.com.br\/blog\/wp-content\/uploads\/2018\/05\/Parkinsons-disease.jpeg?fit=1200%2C801&amp;ssl=1\" data-orig-size=\"1200,801\" data-comments-opened=\"1\" data-image-meta=\"{&quot;aperture&quot;:&quot;4&quot;,&quot;credit&quot;:&quot;highwaystarz - stock.adobe.com&quot;,&quot;camera&quot;:&quot;NIKON D800&quot;,&quot;caption&quot;:&quot;Close Up Of Senior Man Suffering With Parkinsons Diesease&quot;,&quot;created_timestamp&quot;:&quot;1485525482&quot;,&quot;copyright&quot;:&quot;\\u00a9highwaystarz - stock.adobe.com&quot;,&quot;focal_length&quot;:&quot;70&quot;,&quot;iso&quot;:&quot;250&quot;,&quot;shutter_speed&quot;:&quot;0.025&quot;,&quot;title&quot;:&quot;Close Up Of Senior Man Suffering With Parkinsons Diesease&quot;,&quot;orientation&quot;:&quot;1&quot;}\" data-image-title=\"Close Up Of Senior Man Suffering With Parkinsons Diesease\" data-image-description=\"\" data-image-caption=\"&lt;p&gt;Close Up Of Senior Man Suffering With Parkinsons Diesease&lt;\/p&gt;\n\" data-medium-file=\"https:\/\/i0.wp.com\/gersonguelmann.com.br\/blog\/wp-content\/uploads\/2018\/05\/Parkinsons-disease.jpeg?fit=300%2C200&amp;ssl=1\" data-large-file=\"https:\/\/i0.wp.com\/gersonguelmann.com.br\/blog\/wp-content\/uploads\/2018\/05\/Parkinsons-disease.jpeg?fit=640%2C428&amp;ssl=1\" class=\"size-medium wp-image-12545\" src=\"https:\/\/i0.wp.com\/gersonguelmann.com.br\/blog\/wp-content\/uploads\/2018\/05\/Parkinsons-disease.jpeg?resize=300%2C200&#038;ssl=1\" alt=\"\" width=\"300\" height=\"200\" srcset=\"https:\/\/i0.wp.com\/gersonguelmann.com.br\/blog\/wp-content\/uploads\/2018\/05\/Parkinsons-disease.jpeg?resize=300%2C200&amp;ssl=1 300w, https:\/\/i0.wp.com\/gersonguelmann.com.br\/blog\/wp-content\/uploads\/2018\/05\/Parkinsons-disease.jpeg?resize=768%2C513&amp;ssl=1 768w, https:\/\/i0.wp.com\/gersonguelmann.com.br\/blog\/wp-content\/uploads\/2018\/05\/Parkinsons-disease.jpeg?resize=1024%2C684&amp;ssl=1 1024w, https:\/\/i0.wp.com\/gersonguelmann.com.br\/blog\/wp-content\/uploads\/2018\/05\/Parkinsons-disease.jpeg?resize=750%2C500&amp;ssl=1 750w, https:\/\/i0.wp.com\/gersonguelmann.com.br\/blog\/wp-content\/uploads\/2018\/05\/Parkinsons-disease.jpeg?w=1200&amp;ssl=1 1200w\" sizes=\"(max-width: 300px) 100vw, 300px\" \/><\/p>\n<\/div>\n<\/div>\n<p>&nbsp;<\/p>\n","protected":false},"excerpt":{"rendered":"<p>Boa not\u00edcia que vem do site Tecmundo: Tecnologia chilena vem para ajudar no controle dos tremores do Parkinson POR\u00a0ADRIANA VIEIRA DOS SANTOS EM\u00a0MERCADO 05 MAI 2018 \u2014 09H00 \u00a0Um grupo chileno desenvolveu um aparelho biom\u00e9dico capaz de amenizar os tremores nas m\u00e3os, t\u00edpicos daqueles acometidos com a\u00a0doen\u00e7a de Parkinson. Denominado \u201cGrace\u201d, o aparelho port\u00e1til poder\u00e1 [&hellip;]<\/p>\n","protected":false},"author":5,"featured_media":12545,"comment_status":"open","ping_status":"open","sticky":false,"template":"","format":"standard","meta":{"_acf_changed":false,"jetpack_post_was_ever_published":false,"_jetpack_newsletter_access":"","_jetpack_dont_email_post_to_subs":false,"_jetpack_newsletter_tier_id":0,"_jetpack_memberships_contains_paywalled_content":false,"_jetpack_memberships_contains_paid_content":false,"footnotes":"","jetpack_publicize_message":"","jetpack_publicize_feature_enabled":true,"jetpack_social_post_already_shared":true,"jetpack_social_options":{"image_generator_settings":{"template":"highway","default_image_id":0,"font":"","enabled":false},"version":2}},"categories":[1],"tags":[],"class_list":["post-12543","post","type-post","status-publish","format-standard","has-post-thumbnail","hentry","category-sem-categoria"],"acf":[],"yoast_head":"<!-- This site is optimized with the Yoast SEO plugin v27.3 - https:\/\/yoast.com\/product\/yoast-seo-wordpress\/ -->\n<title>Tremores do Parkinson Podem Acabar | Blog do Guelmann<\/title>\n<meta name=\"robots\" content=\"index, follow, max-snippet:-1, max-image-preview:large, max-video-preview:-1\" \/>\n<link rel=\"canonical\" href=\"https:\/\/gersonguelmann.com.br\/blog\/tremores-do-parkinson-podem-acabar\/\" \/>\n<meta property=\"og:locale\" content=\"pt_BR\" \/>\n<meta property=\"og:type\" content=\"article\" \/>\n<meta property=\"og:title\" content=\"Tremores do Parkinson Podem Acabar | Blog do Guelmann\" \/>\n<meta property=\"og:description\" content=\"Boa not\u00edcia que vem do site Tecmundo: Tecnologia chilena vem para ajudar no controle dos tremores do Parkinson POR\u00a0ADRIANA VIEIRA DOS SANTOS EM\u00a0MERCADO 05 MAI 2018 \u2014 09H00 \u00a0Um grupo chileno desenvolveu um aparelho biom\u00e9dico capaz de amenizar os tremores nas m\u00e3os, t\u00edpicos daqueles acometidos com a\u00a0doen\u00e7a de Parkinson. Denominado \u201cGrace\u201d, o aparelho port\u00e1til poder\u00e1 [&hellip;]\" \/>\n<meta property=\"og:url\" content=\"https:\/\/gersonguelmann.com.br\/blog\/tremores-do-parkinson-podem-acabar\/\" \/>\n<meta property=\"og:site_name\" content=\"Blog do Guelmann\" \/>\n<meta property=\"article:published_time\" content=\"2018-05-06T17:22:48+00:00\" \/>\n<meta property=\"og:image\" content=\"https:\/\/i0.wp.com\/gersonguelmann.com.br\/blog\/wp-content\/uploads\/2018\/05\/Parkinsons-disease.jpeg?fit=1200%2C801&ssl=1\" \/>\n\t<meta property=\"og:image:width\" content=\"1200\" \/>\n\t<meta property=\"og:image:height\" content=\"801\" \/>\n\t<meta property=\"og:image:type\" content=\"image\/jpeg\" \/>\n<meta name=\"author\" content=\"Gerson Guelmann\" \/>\n<meta name=\"twitter:card\" content=\"summary_large_image\" \/>\n<meta name=\"twitter:label1\" content=\"Escrito por\" \/>\n\t<meta name=\"twitter:data1\" content=\"Gerson Guelmann\" \/>\n\t<meta name=\"twitter:label2\" content=\"Est. tempo de leitura\" \/>\n\t<meta name=\"twitter:data2\" content=\"1 minuto\" \/>\n<script type=\"application\/ld+json\" class=\"yoast-schema-graph\">{\"@context\":\"https:\\\/\\\/schema.org\",\"@graph\":[{\"@type\":\"Article\",\"@id\":\"https:\\\/\\\/gersonguelmann.com.br\\\/blog\\\/tremores-do-parkinson-podem-acabar\\\/#article\",\"isPartOf\":{\"@id\":\"https:\\\/\\\/gersonguelmann.com.br\\\/blog\\\/tremores-do-parkinson-podem-acabar\\\/\"},\"author\":{\"name\":\"Gerson Guelmann\",\"@id\":\"https:\\\/\\\/gersonguelmann.com.br\\\/blog\\\/#\\\/schema\\\/person\\\/87e70e2a786888082f941a482c90569e\"},\"headline\":\"Tremores do Parkinson Podem Acabar\",\"datePublished\":\"2018-05-06T17:22:48+00:00\",\"mainEntityOfPage\":{\"@id\":\"https:\\\/\\\/gersonguelmann.com.br\\\/blog\\\/tremores-do-parkinson-podem-acabar\\\/\"},\"wordCount\":300,\"commentCount\":0,\"image\":{\"@id\":\"https:\\\/\\\/gersonguelmann.com.br\\\/blog\\\/tremores-do-parkinson-podem-acabar\\\/#primaryimage\"},\"thumbnailUrl\":\"https:\\\/\\\/i0.wp.com\\\/gersonguelmann.com.br\\\/blog\\\/wp-content\\\/uploads\\\/2018\\\/05\\\/Parkinsons-disease.jpeg?fit=1200%2C801&ssl=1\",\"inLanguage\":\"pt-BR\",\"potentialAction\":[{\"@type\":\"CommentAction\",\"name\":\"Comment\",\"target\":[\"https:\\\/\\\/gersonguelmann.com.br\\\/blog\\\/tremores-do-parkinson-podem-acabar\\\/#respond\"]}]},{\"@type\":\"WebPage\",\"@id\":\"https:\\\/\\\/gersonguelmann.com.br\\\/blog\\\/tremores-do-parkinson-podem-acabar\\\/\",\"url\":\"https:\\\/\\\/gersonguelmann.com.br\\\/blog\\\/tremores-do-parkinson-podem-acabar\\\/\",\"name\":\"Tremores do Parkinson Podem Acabar | Blog do Guelmann\",\"isPartOf\":{\"@id\":\"https:\\\/\\\/gersonguelmann.com.br\\\/blog\\\/#website\"},\"primaryImageOfPage\":{\"@id\":\"https:\\\/\\\/gersonguelmann.com.br\\\/blog\\\/tremores-do-parkinson-podem-acabar\\\/#primaryimage\"},\"image\":{\"@id\":\"https:\\\/\\\/gersonguelmann.com.br\\\/blog\\\/tremores-do-parkinson-podem-acabar\\\/#primaryimage\"},\"thumbnailUrl\":\"https:\\\/\\\/i0.wp.com\\\/gersonguelmann.com.br\\\/blog\\\/wp-content\\\/uploads\\\/2018\\\/05\\\/Parkinsons-disease.jpeg?fit=1200%2C801&ssl=1\",\"datePublished\":\"2018-05-06T17:22:48+00:00\",\"author\":{\"@id\":\"https:\\\/\\\/gersonguelmann.com.br\\\/blog\\\/#\\\/schema\\\/person\\\/87e70e2a786888082f941a482c90569e\"},\"inLanguage\":\"pt-BR\",\"potentialAction\":[{\"@type\":\"ReadAction\",\"target\":[\"https:\\\/\\\/gersonguelmann.com.br\\\/blog\\\/tremores-do-parkinson-podem-acabar\\\/\"]}]},{\"@type\":\"ImageObject\",\"inLanguage\":\"pt-BR\",\"@id\":\"https:\\\/\\\/gersonguelmann.com.br\\\/blog\\\/tremores-do-parkinson-podem-acabar\\\/#primaryimage\",\"url\":\"https:\\\/\\\/i0.wp.com\\\/gersonguelmann.com.br\\\/blog\\\/wp-content\\\/uploads\\\/2018\\\/05\\\/Parkinsons-disease.jpeg?fit=1200%2C801&ssl=1\",\"contentUrl\":\"https:\\\/\\\/i0.wp.com\\\/gersonguelmann.com.br\\\/blog\\\/wp-content\\\/uploads\\\/2018\\\/05\\\/Parkinsons-disease.jpeg?fit=1200%2C801&ssl=1\",\"width\":1200,\"height\":801,\"caption\":\"Close Up Of Senior Man Suffering With Parkinsons Diesease\"},{\"@type\":\"WebSite\",\"@id\":\"https:\\\/\\\/gersonguelmann.com.br\\\/blog\\\/#website\",\"url\":\"https:\\\/\\\/gersonguelmann.com.br\\\/blog\\\/\",\"name\":\"Blog do Guelmann\",\"description\":\"Pitadas da sabedoria e do humor judaicos, assuntos do momento e um pouco das hist\u00f3rias que vivi e testemunhei.\",\"potentialAction\":[{\"@type\":\"SearchAction\",\"target\":{\"@type\":\"EntryPoint\",\"urlTemplate\":\"https:\\\/\\\/gersonguelmann.com.br\\\/blog\\\/?s={search_term_string}\"},\"query-input\":{\"@type\":\"PropertyValueSpecification\",\"valueRequired\":true,\"valueName\":\"search_term_string\"}}],\"inLanguage\":\"pt-BR\"},{\"@type\":\"Person\",\"@id\":\"https:\\\/\\\/gersonguelmann.com.br\\\/blog\\\/#\\\/schema\\\/person\\\/87e70e2a786888082f941a482c90569e\",\"name\":\"Gerson Guelmann\",\"image\":{\"@type\":\"ImageObject\",\"inLanguage\":\"pt-BR\",\"@id\":\"https:\\\/\\\/i0.wp.com\\\/gersonguelmann.com.br\\\/blog\\\/wp-content\\\/uploads\\\/2021\\\/08\\\/BLOG.jpeg?fit=96%2C96&ssl=1\",\"url\":\"https:\\\/\\\/i0.wp.com\\\/gersonguelmann.com.br\\\/blog\\\/wp-content\\\/uploads\\\/2021\\\/08\\\/BLOG.jpeg?fit=96%2C96&ssl=1\",\"contentUrl\":\"https:\\\/\\\/i0.wp.com\\\/gersonguelmann.com.br\\\/blog\\\/wp-content\\\/uploads\\\/2021\\\/08\\\/BLOG.jpeg?fit=96%2C96&ssl=1\",\"caption\":\"Gerson Guelmann\"},\"description\":\"Pitadas da sabedoria e do humor judaicos, assuntos do momento e um pouco das hist\u00f3rias que vivi e testemunhei.\"}]}<\/script>\n<!-- \/ Yoast SEO plugin. -->","yoast_head_json":{"title":"Tremores do Parkinson Podem Acabar | Blog do Guelmann","robots":{"index":"index","follow":"follow","max-snippet":"max-snippet:-1","max-image-preview":"max-image-preview:large","max-video-preview":"max-video-preview:-1"},"canonical":"https:\/\/gersonguelmann.com.br\/blog\/tremores-do-parkinson-podem-acabar\/","og_locale":"pt_BR","og_type":"article","og_title":"Tremores do Parkinson Podem Acabar | Blog do Guelmann","og_description":"Boa not\u00edcia que vem do site Tecmundo: Tecnologia chilena vem para ajudar no controle dos tremores do Parkinson POR\u00a0ADRIANA VIEIRA DOS SANTOS EM\u00a0MERCADO 05 MAI 2018 \u2014 09H00 \u00a0Um grupo chileno desenvolveu um aparelho biom\u00e9dico capaz de amenizar os tremores nas m\u00e3os, t\u00edpicos daqueles acometidos com a\u00a0doen\u00e7a de Parkinson. Denominado \u201cGrace\u201d, o aparelho port\u00e1til poder\u00e1 [&hellip;]","og_url":"https:\/\/gersonguelmann.com.br\/blog\/tremores-do-parkinson-podem-acabar\/","og_site_name":"Blog do Guelmann","article_published_time":"2018-05-06T17:22:48+00:00","og_image":[{"width":1200,"height":801,"url":"https:\/\/i0.wp.com\/gersonguelmann.com.br\/blog\/wp-content\/uploads\/2018\/05\/Parkinsons-disease.jpeg?fit=1200%2C801&ssl=1","type":"image\/jpeg"}],"author":"Gerson Guelmann","twitter_card":"summary_large_image","twitter_misc":{"Escrito por":"Gerson Guelmann","Est. tempo de leitura":"1 minuto"},"schema":{"@context":"https:\/\/schema.org","@graph":[{"@type":"Article","@id":"https:\/\/gersonguelmann.com.br\/blog\/tremores-do-parkinson-podem-acabar\/#article","isPartOf":{"@id":"https:\/\/gersonguelmann.com.br\/blog\/tremores-do-parkinson-podem-acabar\/"},"author":{"name":"Gerson Guelmann","@id":"https:\/\/gersonguelmann.com.br\/blog\/#\/schema\/person\/87e70e2a786888082f941a482c90569e"},"headline":"Tremores do Parkinson Podem Acabar","datePublished":"2018-05-06T17:22:48+00:00","mainEntityOfPage":{"@id":"https:\/\/gersonguelmann.com.br\/blog\/tremores-do-parkinson-podem-acabar\/"},"wordCount":300,"commentCount":0,"image":{"@id":"https:\/\/gersonguelmann.com.br\/blog\/tremores-do-parkinson-podem-acabar\/#primaryimage"},"thumbnailUrl":"https:\/\/i0.wp.com\/gersonguelmann.com.br\/blog\/wp-content\/uploads\/2018\/05\/Parkinsons-disease.jpeg?fit=1200%2C801&ssl=1","inLanguage":"pt-BR","potentialAction":[{"@type":"CommentAction","name":"Comment","target":["https:\/\/gersonguelmann.com.br\/blog\/tremores-do-parkinson-podem-acabar\/#respond"]}]},{"@type":"WebPage","@id":"https:\/\/gersonguelmann.com.br\/blog\/tremores-do-parkinson-podem-acabar\/","url":"https:\/\/gersonguelmann.com.br\/blog\/tremores-do-parkinson-podem-acabar\/","name":"Tremores do Parkinson Podem Acabar | Blog do Guelmann","isPartOf":{"@id":"https:\/\/gersonguelmann.com.br\/blog\/#website"},"primaryImageOfPage":{"@id":"https:\/\/gersonguelmann.com.br\/blog\/tremores-do-parkinson-podem-acabar\/#primaryimage"},"image":{"@id":"https:\/\/gersonguelmann.com.br\/blog\/tremores-do-parkinson-podem-acabar\/#primaryimage"},"thumbnailUrl":"https:\/\/i0.wp.com\/gersonguelmann.com.br\/blog\/wp-content\/uploads\/2018\/05\/Parkinsons-disease.jpeg?fit=1200%2C801&ssl=1","datePublished":"2018-05-06T17:22:48+00:00","author":{"@id":"https:\/\/gersonguelmann.com.br\/blog\/#\/schema\/person\/87e70e2a786888082f941a482c90569e"},"inLanguage":"pt-BR","potentialAction":[{"@type":"ReadAction","target":["https:\/\/gersonguelmann.com.br\/blog\/tremores-do-parkinson-podem-acabar\/"]}]},{"@type":"ImageObject","inLanguage":"pt-BR","@id":"https:\/\/gersonguelmann.com.br\/blog\/tremores-do-parkinson-podem-acabar\/#primaryimage","url":"https:\/\/i0.wp.com\/gersonguelmann.com.br\/blog\/wp-content\/uploads\/2018\/05\/Parkinsons-disease.jpeg?fit=1200%2C801&ssl=1","contentUrl":"https:\/\/i0.wp.com\/gersonguelmann.com.br\/blog\/wp-content\/uploads\/2018\/05\/Parkinsons-disease.jpeg?fit=1200%2C801&ssl=1","width":1200,"height":801,"caption":"Close Up Of Senior Man Suffering With Parkinsons Diesease"},{"@type":"WebSite","@id":"https:\/\/gersonguelmann.com.br\/blog\/#website","url":"https:\/\/gersonguelmann.com.br\/blog\/","name":"Blog do Guelmann","description":"Pitadas da sabedoria e do humor judaicos, assuntos do momento e um pouco das hist\u00f3rias que vivi e testemunhei.","potentialAction":[{"@type":"SearchAction","target":{"@type":"EntryPoint","urlTemplate":"https:\/\/gersonguelmann.com.br\/blog\/?s={search_term_string}"},"query-input":{"@type":"PropertyValueSpecification","valueRequired":true,"valueName":"search_term_string"}}],"inLanguage":"pt-BR"},{"@type":"Person","@id":"https:\/\/gersonguelmann.com.br\/blog\/#\/schema\/person\/87e70e2a786888082f941a482c90569e","name":"Gerson Guelmann","image":{"@type":"ImageObject","inLanguage":"pt-BR","@id":"https:\/\/i0.wp.com\/gersonguelmann.com.br\/blog\/wp-content\/uploads\/2021\/08\/BLOG.jpeg?fit=96%2C96&ssl=1","url":"https:\/\/i0.wp.com\/gersonguelmann.com.br\/blog\/wp-content\/uploads\/2021\/08\/BLOG.jpeg?fit=96%2C96&ssl=1","contentUrl":"https:\/\/i0.wp.com\/gersonguelmann.com.br\/blog\/wp-content\/uploads\/2021\/08\/BLOG.jpeg?fit=96%2C96&ssl=1","caption":"Gerson Guelmann"},"description":"Pitadas da sabedoria e do humor judaicos, assuntos do momento e um pouco das hist\u00f3rias que vivi e testemunhei."}]}},"views":44,"jetpack_publicize_connections":[],"jetpack_featured_media_url":"https:\/\/i0.wp.com\/gersonguelmann.com.br\/blog\/wp-content\/uploads\/2018\/05\/Parkinsons-disease.jpeg?fit=1200%2C801&ssl=1","jetpack_shortlink":"https:\/\/wp.me\/p96e7O-3gj","jetpack-related-posts":[{"id":3337,"url":"https:\/\/gersonguelmann.com.br\/blog\/moises-e-a-negociacao-dos-10-mandamentos\/","url_meta":{"origin":12543,"position":0},"title":"Mois\u00e9s e a Negocia\u00e7\u00e3o dos 10 Mandamentos","author":"Gerson Guelmann","date":"8 de julho de 2019","format":false,"excerpt":"O povo hebreu estava sentado ao redor do monte Sinai.\u00a0 Dava para ouvir o murm\u00fario da multid\u00e3o, e a tens\u00e3o era sentida no ar. Mois\u00e9s estava no alto da montanha, escondido aos olhos de todos pelas nuvens que cobriam o topo. De vez em quando o c\u00e9u escurecia e as\u2026","rel":"","context":"Em &quot;Sem categoria&quot;","block_context":{"text":"Sem categoria","link":"https:\/\/gersonguelmann.com.br\/blog\/category\/sem-categoria\/"},"img":{"alt_text":"","src":"https:\/\/i0.wp.com\/gersonguelmann.com.br\/blog\/wp-content\/uploads\/2017\/10\/Moises.jpg?fit=1200%2C818&ssl=1&resize=350%2C200","width":350,"height":200,"srcset":"https:\/\/i0.wp.com\/gersonguelmann.com.br\/blog\/wp-content\/uploads\/2017\/10\/Moises.jpg?fit=1200%2C818&ssl=1&resize=350%2C200 1x, https:\/\/i0.wp.com\/gersonguelmann.com.br\/blog\/wp-content\/uploads\/2017\/10\/Moises.jpg?fit=1200%2C818&ssl=1&resize=525%2C300 1.5x, https:\/\/i0.wp.com\/gersonguelmann.com.br\/blog\/wp-content\/uploads\/2017\/10\/Moises.jpg?fit=1200%2C818&ssl=1&resize=700%2C400 2x, https:\/\/i0.wp.com\/gersonguelmann.com.br\/blog\/wp-content\/uploads\/2017\/10\/Moises.jpg?fit=1200%2C818&ssl=1&resize=1050%2C600 3x"},"classes":[]},{"id":2141,"url":"https:\/\/gersonguelmann.com.br\/blog\/parkinson-bicicleta\/","url_meta":{"origin":12543,"position":1},"title":"Parkinson &#038; Bicicleta","author":"Gerson Guelmann","date":"28 de setembro de 2017","format":false,"excerpt":"A Rede NBC de TV levou ao ar em abril deste ano uma mat\u00e9ria fant\u00e1stica sobre o uso de bicicletas na terapia de pacientes com Parkinson. Parece ser realmente uma not\u00edcia alentadora, considerando o n\u00famero de pacientes que sofre do mal.\u00a0 Encontrei refer\u00eancias a esse tipo de tratamento em publica\u00e7\u00e3o\u2026","rel":"","context":"Em &quot;Sem categoria&quot;","block_context":{"text":"Sem categoria","link":"https:\/\/gersonguelmann.com.br\/blog\/category\/sem-categoria\/"},"img":{"alt_text":"","src":"https:\/\/i0.wp.com\/gersonguelmann.com.br\/blog\/wp-content\/uploads\/2017\/09\/Parkinson-300x168.jpg?resize=350%2C200&ssl=1","width":350,"height":200},"classes":[]},{"id":6891,"url":"https:\/\/gersonguelmann.com.br\/blog\/gilmar-vem-me-soltar\/","url_meta":{"origin":12543,"position":2},"title":"Gilmar, Vem Me Soltar!","author":"Gerson Guelmann","date":"12 de janeiro de 2018","format":false,"excerpt":"Jo\u00e3o Roberto Kelly, certamente um dos maiores compositores de marchinhas do pa\u00eds, acaba de revelar sua mais recente composi\u00e7\u00e3o e que certamente ir\u00e1 bombar no Carnaval que est\u00e1 chegando! https:\/\/www.youtube.com\/watch?v=3LWH-d3qUyo","rel":"","context":"Em &quot;Sem categoria&quot;","block_context":{"text":"Sem categoria","link":"https:\/\/gersonguelmann.com.br\/blog\/category\/sem-categoria\/"},"img":{"alt_text":"","src":"https:\/\/i0.wp.com\/gersonguelmann.com.br\/blog\/wp-content\/uploads\/2018\/01\/Cadeia.jpg?fit=960%2C608&ssl=1&resize=350%2C200","width":350,"height":200,"srcset":"https:\/\/i0.wp.com\/gersonguelmann.com.br\/blog\/wp-content\/uploads\/2018\/01\/Cadeia.jpg?fit=960%2C608&ssl=1&resize=350%2C200 1x, https:\/\/i0.wp.com\/gersonguelmann.com.br\/blog\/wp-content\/uploads\/2018\/01\/Cadeia.jpg?fit=960%2C608&ssl=1&resize=525%2C300 1.5x, https:\/\/i0.wp.com\/gersonguelmann.com.br\/blog\/wp-content\/uploads\/2018\/01\/Cadeia.jpg?fit=960%2C608&ssl=1&resize=700%2C400 2x"},"classes":[]},{"id":22148,"url":"https:\/\/gersonguelmann.com.br\/blog\/carinhoso-gostoso\/","url_meta":{"origin":12543,"position":3},"title":"Carinhoso, Gostoso","author":"Gerson Guelmann","date":"6 de maio de 2021","format":false,"excerpt":"Pixinguinha (Alfredo da Rocha Vianna Filho) Rio de Janeiro (RJ),\u00a023\/4\/1897 Rio de Janeiro (RJ), 17\/2\/1973 \u00c9 muito gostoso quando ouvimos nossas m\u00fasicas interpretadas por estrangeiros, cada qual com seu sotaque e um jeito diferente de cantar. Esse \u00e9 o caso de Carinhoso, do fenomenal Pixinguinha, na vers\u00e3o com a cantora\u2026","rel":"","context":"Em &quot;Sem categoria&quot;","block_context":{"text":"Sem categoria","link":"https:\/\/gersonguelmann.com.br\/blog\/category\/sem-categoria\/"},"img":{"alt_text":"","src":"https:\/\/i0.wp.com\/gersonguelmann.com.br\/blog\/wp-content\/uploads\/2021\/05\/PIXINGUINHA-258x300.jpg?resize=350%2C200&ssl=1","width":350,"height":200},"classes":[]},{"id":3091,"url":"https:\/\/gersonguelmann.com.br\/blog\/ano-que-vem-tem-eleicao-nao-esqueca\/","url_meta":{"origin":12543,"position":4},"title":"Ano Que Vem Tem Elei\u00e7\u00e3o, N\u00e3o Esque\u00e7a&#8230;","author":"Gerson Guelmann","date":"18 de outubro de 2017","format":false,"excerpt":"Apenas um registro:\u00a0 Ontem, em Brasilia, 44\u00a0senadores\u00a0votaram contra as medidas cautelares impostas ao tucano\u00a0A\u00e9cio Neves\u00a0(MG) pelo Supremo Tribunal Federal. Desses pelo menos 19, ou seja, 43,2%, s\u00e3o investigados pela Opera\u00e7\u00e3o\u00a0Lava Jato. Espero que isso fique na lembran\u00e7a de todos, especialmente dos Estados cujos Senadores fizeram parte da trama para livrar\u2026","rel":"","context":"Em &quot;Sem categoria&quot;","block_context":{"text":"Sem categoria","link":"https:\/\/gersonguelmann.com.br\/blog\/category\/sem-categoria\/"},"img":{"alt_text":"","src":"https:\/\/i0.wp.com\/gersonguelmann.com.br\/blog\/wp-content\/uploads\/2017\/10\/Lava-Jato-1.jpeg?fit=960%2C720&ssl=1&resize=350%2C200","width":350,"height":200,"srcset":"https:\/\/i0.wp.com\/gersonguelmann.com.br\/blog\/wp-content\/uploads\/2017\/10\/Lava-Jato-1.jpeg?fit=960%2C720&ssl=1&resize=350%2C200 1x, https:\/\/i0.wp.com\/gersonguelmann.com.br\/blog\/wp-content\/uploads\/2017\/10\/Lava-Jato-1.jpeg?fit=960%2C720&ssl=1&resize=525%2C300 1.5x, https:\/\/i0.wp.com\/gersonguelmann.com.br\/blog\/wp-content\/uploads\/2017\/10\/Lava-Jato-1.jpeg?fit=960%2C720&ssl=1&resize=700%2C400 2x"},"classes":[]},{"id":21532,"url":"https:\/\/gersonguelmann.com.br\/blog\/tigrao-na-internet-tchutchuca-na-prisao\/","url_meta":{"origin":12543,"position":5},"title":"Tigr\u00e3o na Internet, Tchutchuca na Pris\u00e3o","author":"Gerson Guelmann","date":"19 de fevereiro de 2021","format":false,"excerpt":"Vem, vem, tchutchuca Vem aqui pro seu tigr\u00e3o Vou te jogar na cama E te dar muita press\u00e3o (Refr\u00e3o de Tchutchuca, do Bonde do Tigr\u00e3o, Composi\u00e7\u00e3o de Dionizio Dos Santos e Moraes Leandro) Ent\u00e3o ficou assim: o tal Deputado Federal, esbanjando valentia no v\u00eddeo, ficou mansinho durante o julgamento que\u2026","rel":"","context":"Em &quot;Sem categoria&quot;","block_context":{"text":"Sem categoria","link":"https:\/\/gersonguelmann.com.br\/blog\/category\/sem-categoria\/"},"img":{"alt_text":"","src":"https:\/\/i0.wp.com\/gersonguelmann.com.br\/blog\/wp-content\/uploads\/2021\/02\/bad-guy-4457848_1920.jpg?fit=1200%2C774&ssl=1&resize=350%2C200","width":350,"height":200,"srcset":"https:\/\/i0.wp.com\/gersonguelmann.com.br\/blog\/wp-content\/uploads\/2021\/02\/bad-guy-4457848_1920.jpg?fit=1200%2C774&ssl=1&resize=350%2C200 1x, https:\/\/i0.wp.com\/gersonguelmann.com.br\/blog\/wp-content\/uploads\/2021\/02\/bad-guy-4457848_1920.jpg?fit=1200%2C774&ssl=1&resize=525%2C300 1.5x, https:\/\/i0.wp.com\/gersonguelmann.com.br\/blog\/wp-content\/uploads\/2021\/02\/bad-guy-4457848_1920.jpg?fit=1200%2C774&ssl=1&resize=700%2C400 2x, https:\/\/i0.wp.com\/gersonguelmann.com.br\/blog\/wp-content\/uploads\/2021\/02\/bad-guy-4457848_1920.jpg?fit=1200%2C774&ssl=1&resize=1050%2C600 3x"},"classes":[]}],"jetpack_sharing_enabled":true,"post_mailing_queue_ids":[],"_links":{"self":[{"href":"https:\/\/gersonguelmann.com.br\/blog\/wp-json\/wp\/v2\/posts\/12543","targetHints":{"allow":["GET"]}}],"collection":[{"href":"https:\/\/gersonguelmann.com.br\/blog\/wp-json\/wp\/v2\/posts"}],"about":[{"href":"https:\/\/gersonguelmann.com.br\/blog\/wp-json\/wp\/v2\/types\/post"}],"author":[{"embeddable":true,"href":"https:\/\/gersonguelmann.com.br\/blog\/wp-json\/wp\/v2\/users\/5"}],"replies":[{"embeddable":true,"href":"https:\/\/gersonguelmann.com.br\/blog\/wp-json\/wp\/v2\/comments?post=12543"}],"version-history":[{"count":0,"href":"https:\/\/gersonguelmann.com.br\/blog\/wp-json\/wp\/v2\/posts\/12543\/revisions"}],"wp:featuredmedia":[{"embeddable":true,"href":"https:\/\/gersonguelmann.com.br\/blog\/wp-json\/wp\/v2\/media\/12545"}],"wp:attachment":[{"href":"https:\/\/gersonguelmann.com.br\/blog\/wp-json\/wp\/v2\/media?parent=12543"}],"wp:term":[{"taxonomy":"category","embeddable":true,"href":"https:\/\/gersonguelmann.com.br\/blog\/wp-json\/wp\/v2\/categories?post=12543"},{"taxonomy":"post_tag","embeddable":true,"href":"https:\/\/gersonguelmann.com.br\/blog\/wp-json\/wp\/v2\/tags?post=12543"}],"curies":[{"name":"wp","href":"https:\/\/api.w.org\/{rel}","templated":true}]}}