    {"id":12549,"date":"2018-05-06T16:02:50","date_gmt":"2018-05-06T19:02:50","guid":{"rendered":"https:\/\/gersonguelmann.com.br\/blog\/?p=12549"},"modified":"2018-05-06T16:09:07","modified_gmt":"2018-05-06T19:09:07","slug":"casal-paga-r-120-por-uma-folha-de-alface-e-ceviche-em-curitiba","status":"publish","type":"post","link":"https:\/\/gersonguelmann.com.br\/blog\/casal-paga-r-120-por-uma-folha-de-alface-e-ceviche-em-curitiba\/","title":{"rendered":"Casal Paga R$ 120 Por Uma Folha de Alface e Ceviche, em Curitiba"},"content":{"rendered":"<p><span style=\"font-family: georgia, palatino, serif; font-size: 18pt; color: #000000;\">Como os amigos sabem, j\u00e1 h\u00e1 13 anos temos um restaurante aqui em Curitiba, e atendemos tamb\u00e9m pelo delivery.<\/span><\/p>\n<p><span style=\"font-family: georgia, palatino, serif; font-size: 18pt; color: #000000;\">N\u00e3o podemos esconder que ao longo desse per\u00edodo cometemos muitas falhas, as quais sempre procuramos sanar de imediato, refazendo o pedido e enviando a mercadoria correta ou concedendo o cr\u00e9dito em nova encomenda,\u00a0 quando foi essa a op\u00e7\u00e3o do cliente.<\/span><\/p>\n<p><span style=\"font-family: georgia, palatino, serif; font-size: 18pt; color: #000000;\">Todos os estabelecimentos do ramo de alimenta\u00e7\u00e3o est\u00e3o sujeitos a essas ocorr\u00eancias, que via de regra causam preju\u00edzos \u00e0 imagem e por isso custam caro. <\/span><\/p>\n<p><span style=\"font-family: georgia, palatino, serif; font-size: 18pt; color: #000000;\">O melhor mesmo \u00e9 sempre assumir e n\u00e3o questionar a informa\u00e7\u00e3o do cliente al\u00e9m do necess\u00e1rio para entender o ocorrido.<\/span><\/p>\n<p><span style=\"font-family: georgia, palatino, serif; font-size: 18pt; color: #000000;\">O jornal Tribuna traz hoje uma mat\u00e9ria sobre problema dessa natureza:<\/span><\/p>\n<p class=\"c-titulo\"><strong><span style=\"font-size: 24pt;\">Restaurante cobra R$ 120 por folha de alface e peixe cru; desabafo viraliza na internet<\/span><\/strong><\/p>\n<ul>\n<li class=\"c-autor\"><span style=\"font-size: 14pt;\">Por\u00a0Maria Luiza Piccoli &#8211;\u00a0<time>06\/05\/2018 &#8211;\u00a0<\/time><time>13:49<\/time><\/span><\/li>\n<\/ul>\n<p style=\"text-align: center;\"><img data-recalc-dims=\"1\" fetchpriority=\"high\" decoding=\"async\" data-attachment-id=\"12552\" data-permalink=\"https:\/\/gersonguelmann.com.br\/blog\/casal-paga-r-120-por-uma-folha-de-alface-e-ceviche-em-curitiba\/ceviche-3-825x509\/\" data-orig-file=\"https:\/\/i0.wp.com\/gersonguelmann.com.br\/blog\/wp-content\/uploads\/2018\/05\/ceviche-3-825x509.jpg?fit=825%2C509&amp;ssl=1\" data-orig-size=\"825,509\" data-comments-opened=\"1\" data-image-meta=\"{&quot;aperture&quot;:&quot;0&quot;,&quot;credit&quot;:&quot;&quot;,&quot;camera&quot;:&quot;&quot;,&quot;caption&quot;:&quot;&quot;,&quot;created_timestamp&quot;:&quot;0&quot;,&quot;copyright&quot;:&quot;&quot;,&quot;focal_length&quot;:&quot;0&quot;,&quot;iso&quot;:&quot;0&quot;,&quot;shutter_speed&quot;:&quot;0&quot;,&quot;title&quot;:&quot;&quot;,&quot;orientation&quot;:&quot;0&quot;}\" data-image-title=\"ceviche-3-825&amp;#215;509\" data-image-description=\"\" data-image-caption=\"\" data-medium-file=\"https:\/\/i0.wp.com\/gersonguelmann.com.br\/blog\/wp-content\/uploads\/2018\/05\/ceviche-3-825x509.jpg?fit=300%2C185&amp;ssl=1\" data-large-file=\"https:\/\/i0.wp.com\/gersonguelmann.com.br\/blog\/wp-content\/uploads\/2018\/05\/ceviche-3-825x509.jpg?fit=640%2C395&amp;ssl=1\" class=\"size-medium wp-image-12552 aligncenter\" src=\"https:\/\/i0.wp.com\/gersonguelmann.com.br\/blog\/wp-content\/uploads\/2018\/05\/ceviche-3-825x509.jpg?resize=300%2C185&#038;ssl=1\" alt=\"\" width=\"300\" height=\"185\" srcset=\"https:\/\/i0.wp.com\/gersonguelmann.com.br\/blog\/wp-content\/uploads\/2018\/05\/ceviche-3-825x509.jpg?resize=300%2C185&amp;ssl=1 300w, https:\/\/i0.wp.com\/gersonguelmann.com.br\/blog\/wp-content\/uploads\/2018\/05\/ceviche-3-825x509.jpg?resize=768%2C474&amp;ssl=1 768w, https:\/\/i0.wp.com\/gersonguelmann.com.br\/blog\/wp-content\/uploads\/2018\/05\/ceviche-3-825x509.jpg?resize=825%2C509&amp;ssl=1 825w\" sizes=\"(max-width: 300px) 100vw, 300px\" \/><span style=\"color: #666699; font-size: 10pt;\"><em><strong>Foto: Facebook\/Reprodu\u00e7\u00e3o<\/strong><\/em><\/span><\/p>\n<p><span style=\"font-size: 14pt;\">O desabafo de um\u00a0<strong>consumidor frustrado<\/strong>\u00a0que pagou\u00a0<strong>R$ 120<\/strong>\u00a0por um delivery e recebeu um\u00a0<strong>marmitex<\/strong>com apenas\u00a0<strong>uma<\/strong>\u00a0<strong>folha de alface<\/strong>\u00a0viralizou nas\u00a0<strong>redes sociais<\/strong>\u00a0na noite deste s\u00e1bado (05). No texto, Bruno Falleiro Heller, 25, demonstra sua indigna\u00e7\u00e3o com o restaurante Coco Bambu ap\u00f3s receber a encomenda, feita por meio de um aplicativo de entregas.<\/span><\/p>\n<p><span style=\"font-size: 14pt;\">Tudo come\u00e7ou como uma t\u00edpica noite de sexta-feira, em casa, entre amigos. <em>\u201cMinha namorada tinha operado os sisos e por isso, optamos por pedir uma\u00a0<strong>por\u00e7\u00e3o de ceviche<\/strong>, que \u00e9 um\u00a0<strong>peixe<\/strong>\u00a0mais macio. Como \u00e9ramos frequentadores do Coco Bambu confi\u00e1vamos que ser\u00edamos muito bem servidos\u201d,<\/em> revelou.<\/span><span style=\"font-size: 14pt;\">\u00a0<\/span><\/p>\n<p><span style=\"font-size: 14pt;\">No entanto, n\u00e3o foi bem isso, por\u00e9m que aconteceu. \u201cQuando o pedido chegou nos deparamos com duas marmitas. A que estava com o ceviche pesava\u00a0<strong>menos de 100 gramas<\/strong>. E na outra veio apenas uma folha de alface. <em>&#8220;Foi revoltante\u201d<\/em>, desabafa.<\/span><\/p>\n<p><span style=\"font-size: 14pt;\">Nervoso, Bruno telefonou para o restaurante em busca de <strong>esclarecimentos<\/strong>.\u00a0<\/span><\/p>\n<p><span style=\"font-size: 14pt;\">\u201c<em>Depois de 10 minutos no telefone, a ger\u00eancia afirmou que aquela era a\u00a0<strong>por\u00e7\u00e3o padr\u00e3o<\/strong>\u00a0e que o m\u00e1ximo que podiam fazer era mandar uma nova por\u00e7\u00e3o \u2013 do mesmo tamanho<\/em>\u201d, disse. Acordo feito, chega a nova por\u00e7\u00e3o \u2013 id\u00eantica \u00e0 primeira \u2013 e ainda com cobran\u00e7a pela taxa de entrega. <em>\u201cMe senti\u00a0<strong>lesado<\/strong>\u201d<\/em>, afirmou.<\/span><\/p>\n<p><span style=\"font-size: 14pt;\">Foi o bastante para que o rapaz \u2013 por meio de um texto \u201ctragic\u00f4mico\u201d \u2013<strong>\u00a0desabafasse pelas redes sociais<\/strong>. Na publica\u00e7\u00e3o o jovem satiriza o servi\u00e7o do restaurante sugerindo a altera\u00e7\u00e3o do nome \u2013 de Coco Bambu para Vigilantes do Peso \u2013 e dispara: <em>\u201cObrigado Coco Bambu, por me ajudar a emagrecer\u201d<\/em>.<\/span><\/p>\n<p><span style=\"font-size: 14pt;\">Logo, a mensagem publicada no grupo \u201c<strong>N\u00e3o Recomendo em Curitiba<\/strong>\u201d \u2013 no Facebook \u2013 viralizou com coment\u00e1rios do tipo: <em>\u201colha que alface! Coisa mais linda hein?\u201d, \u201ca embalagem da alface sai mais cara que a mesma\u201d <\/em>e <em>\u201clinda sua alface de estima\u00e7\u00e3o\u201d.<\/em><\/span><\/p>\n<p><span style=\"font-family: georgia, palatino, serif; font-size: 18pt; color: #000000;\">A mat\u00e9ria original est\u00e1 <span style=\"color: #0000ff;\"><em><strong><a style=\"color: #0000ff;\" href=\"http:\/\/www.tribunapr.com.br\/noticias\/curitiba-regiao\/jovem-desabafa-nas-redes-sociais-apos-pagar-r-120-por-folha-de-alface-e-peixe\/\">aqui<\/a><\/strong><\/em><\/span>.<\/span><\/p>\n","protected":false},"excerpt":{"rendered":"<p>Como os amigos sabem, j\u00e1 h\u00e1 13 anos temos um restaurante aqui em Curitiba, e atendemos tamb\u00e9m pelo delivery. N\u00e3o podemos esconder que ao longo desse per\u00edodo cometemos muitas falhas, as quais sempre procuramos sanar de imediato, refazendo o pedido e enviando a mercadoria correta ou concedendo o cr\u00e9dito em nova encomenda,\u00a0 quando foi essa [&hellip;]<\/p>\n","protected":false},"author":5,"featured_media":0,"comment_status":"open","ping_status":"open","sticky":false,"template":"","format":"standard","meta":{"_acf_changed":false,"jetpack_post_was_ever_published":false,"_jetpack_newsletter_access":"","_jetpack_dont_email_post_to_subs":false,"_jetpack_newsletter_tier_id":0,"_jetpack_memberships_contains_paywalled_content":false,"_jetpack_memberships_contains_paid_content":false,"footnotes":"","jetpack_publicize_message":"","jetpack_publicize_feature_enabled":true,"jetpack_social_post_already_shared":true,"jetpack_social_options":{"image_generator_settings":{"template":"highway","default_image_id":0,"font":"","enabled":false},"version":2}},"categories":[1],"tags":[],"class_list":["post-12549","post","type-post","status-publish","format-standard","hentry","category-sem-categoria"],"acf":[],"yoast_head":"<!-- This site is optimized with the Yoast SEO plugin v27.3 - https:\/\/yoast.com\/product\/yoast-seo-wordpress\/ -->\n<title>Casal Paga R$ 120 Por Uma Folha de Alface e Ceviche, em Curitiba | Blog do Guelmann<\/title>\n<meta name=\"robots\" content=\"index, follow, max-snippet:-1, max-image-preview:large, max-video-preview:-1\" \/>\n<link rel=\"canonical\" href=\"https:\/\/gersonguelmann.com.br\/blog\/casal-paga-r-120-por-uma-folha-de-alface-e-ceviche-em-curitiba\/\" \/>\n<meta property=\"og:locale\" content=\"pt_BR\" \/>\n<meta property=\"og:type\" content=\"article\" \/>\n<meta property=\"og:title\" content=\"Casal Paga R$ 120 Por Uma Folha de Alface e Ceviche, em Curitiba | Blog do Guelmann\" \/>\n<meta property=\"og:description\" content=\"Como os amigos sabem, j\u00e1 h\u00e1 13 anos temos um restaurante aqui em Curitiba, e atendemos tamb\u00e9m pelo delivery. N\u00e3o podemos esconder que ao longo desse per\u00edodo cometemos muitas falhas, as quais sempre procuramos sanar de imediato, refazendo o pedido e enviando a mercadoria correta ou concedendo o cr\u00e9dito em nova encomenda,\u00a0 quando foi essa [&hellip;]\" \/>\n<meta property=\"og:url\" content=\"https:\/\/gersonguelmann.com.br\/blog\/casal-paga-r-120-por-uma-folha-de-alface-e-ceviche-em-curitiba\/\" \/>\n<meta property=\"og:site_name\" content=\"Blog do Guelmann\" \/>\n<meta property=\"article:published_time\" content=\"2018-05-06T19:02:50+00:00\" \/>\n<meta property=\"article:modified_time\" content=\"2018-05-06T19:09:07+00:00\" \/>\n<meta property=\"og:image\" content=\"https:\/\/gersonguelmann.com.br\/blog\/wp-content\/uploads\/2018\/05\/ceviche-3-825x509-300x185.jpg\" \/>\n<meta name=\"author\" content=\"Gerson Guelmann\" \/>\n<meta name=\"twitter:card\" content=\"summary_large_image\" \/>\n<meta name=\"twitter:label1\" content=\"Escrito por\" \/>\n\t<meta name=\"twitter:data1\" content=\"Gerson Guelmann\" \/>\n\t<meta name=\"twitter:label2\" content=\"Est. tempo de leitura\" \/>\n\t<meta name=\"twitter:data2\" content=\"2 minutos\" \/>\n<script type=\"application\/ld+json\" class=\"yoast-schema-graph\">{\"@context\":\"https:\\\/\\\/schema.org\",\"@graph\":[{\"@type\":\"Article\",\"@id\":\"https:\\\/\\\/gersonguelmann.com.br\\\/blog\\\/casal-paga-r-120-por-uma-folha-de-alface-e-ceviche-em-curitiba\\\/#article\",\"isPartOf\":{\"@id\":\"https:\\\/\\\/gersonguelmann.com.br\\\/blog\\\/casal-paga-r-120-por-uma-folha-de-alface-e-ceviche-em-curitiba\\\/\"},\"author\":{\"name\":\"Gerson Guelmann\",\"@id\":\"https:\\\/\\\/gersonguelmann.com.br\\\/blog\\\/#\\\/schema\\\/person\\\/87e70e2a786888082f941a482c90569e\"},\"headline\":\"Casal Paga R$ 120 Por Uma Folha de Alface e Ceviche, em Curitiba\",\"datePublished\":\"2018-05-06T19:02:50+00:00\",\"dateModified\":\"2018-05-06T19:09:07+00:00\",\"mainEntityOfPage\":{\"@id\":\"https:\\\/\\\/gersonguelmann.com.br\\\/blog\\\/casal-paga-r-120-por-uma-folha-de-alface-e-ceviche-em-curitiba\\\/\"},\"wordCount\":481,\"commentCount\":0,\"image\":{\"@id\":\"https:\\\/\\\/gersonguelmann.com.br\\\/blog\\\/casal-paga-r-120-por-uma-folha-de-alface-e-ceviche-em-curitiba\\\/#primaryimage\"},\"thumbnailUrl\":\"https:\\\/\\\/gersonguelmann.com.br\\\/blog\\\/wp-content\\\/uploads\\\/2018\\\/05\\\/ceviche-3-825x509-300x185.jpg\",\"inLanguage\":\"pt-BR\",\"potentialAction\":[{\"@type\":\"CommentAction\",\"name\":\"Comment\",\"target\":[\"https:\\\/\\\/gersonguelmann.com.br\\\/blog\\\/casal-paga-r-120-por-uma-folha-de-alface-e-ceviche-em-curitiba\\\/#respond\"]}]},{\"@type\":\"WebPage\",\"@id\":\"https:\\\/\\\/gersonguelmann.com.br\\\/blog\\\/casal-paga-r-120-por-uma-folha-de-alface-e-ceviche-em-curitiba\\\/\",\"url\":\"https:\\\/\\\/gersonguelmann.com.br\\\/blog\\\/casal-paga-r-120-por-uma-folha-de-alface-e-ceviche-em-curitiba\\\/\",\"name\":\"Casal Paga R$ 120 Por Uma Folha de Alface e Ceviche, em Curitiba | Blog do Guelmann\",\"isPartOf\":{\"@id\":\"https:\\\/\\\/gersonguelmann.com.br\\\/blog\\\/#website\"},\"primaryImageOfPage\":{\"@id\":\"https:\\\/\\\/gersonguelmann.com.br\\\/blog\\\/casal-paga-r-120-por-uma-folha-de-alface-e-ceviche-em-curitiba\\\/#primaryimage\"},\"image\":{\"@id\":\"https:\\\/\\\/gersonguelmann.com.br\\\/blog\\\/casal-paga-r-120-por-uma-folha-de-alface-e-ceviche-em-curitiba\\\/#primaryimage\"},\"thumbnailUrl\":\"https:\\\/\\\/gersonguelmann.com.br\\\/blog\\\/wp-content\\\/uploads\\\/2018\\\/05\\\/ceviche-3-825x509-300x185.jpg\",\"datePublished\":\"2018-05-06T19:02:50+00:00\",\"dateModified\":\"2018-05-06T19:09:07+00:00\",\"author\":{\"@id\":\"https:\\\/\\\/gersonguelmann.com.br\\\/blog\\\/#\\\/schema\\\/person\\\/87e70e2a786888082f941a482c90569e\"},\"inLanguage\":\"pt-BR\",\"potentialAction\":[{\"@type\":\"ReadAction\",\"target\":[\"https:\\\/\\\/gersonguelmann.com.br\\\/blog\\\/casal-paga-r-120-por-uma-folha-de-alface-e-ceviche-em-curitiba\\\/\"]}]},{\"@type\":\"ImageObject\",\"inLanguage\":\"pt-BR\",\"@id\":\"https:\\\/\\\/gersonguelmann.com.br\\\/blog\\\/casal-paga-r-120-por-uma-folha-de-alface-e-ceviche-em-curitiba\\\/#primaryimage\",\"url\":\"https:\\\/\\\/i0.wp.com\\\/gersonguelmann.com.br\\\/blog\\\/wp-content\\\/uploads\\\/2018\\\/05\\\/ceviche-3-825x509.jpg?fit=825%2C509&ssl=1\",\"contentUrl\":\"https:\\\/\\\/i0.wp.com\\\/gersonguelmann.com.br\\\/blog\\\/wp-content\\\/uploads\\\/2018\\\/05\\\/ceviche-3-825x509.jpg?fit=825%2C509&ssl=1\",\"width\":825,\"height\":509},{\"@type\":\"WebSite\",\"@id\":\"https:\\\/\\\/gersonguelmann.com.br\\\/blog\\\/#website\",\"url\":\"https:\\\/\\\/gersonguelmann.com.br\\\/blog\\\/\",\"name\":\"Blog do Guelmann\",\"description\":\"Pitadas da sabedoria e do humor judaicos, assuntos do momento e um pouco das hist\u00f3rias que vivi e testemunhei.\",\"potentialAction\":[{\"@type\":\"SearchAction\",\"target\":{\"@type\":\"EntryPoint\",\"urlTemplate\":\"https:\\\/\\\/gersonguelmann.com.br\\\/blog\\\/?s={search_term_string}\"},\"query-input\":{\"@type\":\"PropertyValueSpecification\",\"valueRequired\":true,\"valueName\":\"search_term_string\"}}],\"inLanguage\":\"pt-BR\"},{\"@type\":\"Person\",\"@id\":\"https:\\\/\\\/gersonguelmann.com.br\\\/blog\\\/#\\\/schema\\\/person\\\/87e70e2a786888082f941a482c90569e\",\"name\":\"Gerson Guelmann\",\"image\":{\"@type\":\"ImageObject\",\"inLanguage\":\"pt-BR\",\"@id\":\"https:\\\/\\\/i0.wp.com\\\/gersonguelmann.com.br\\\/blog\\\/wp-content\\\/uploads\\\/2021\\\/08\\\/BLOG.jpeg?fit=96%2C96&ssl=1\",\"url\":\"https:\\\/\\\/i0.wp.com\\\/gersonguelmann.com.br\\\/blog\\\/wp-content\\\/uploads\\\/2021\\\/08\\\/BLOG.jpeg?fit=96%2C96&ssl=1\",\"contentUrl\":\"https:\\\/\\\/i0.wp.com\\\/gersonguelmann.com.br\\\/blog\\\/wp-content\\\/uploads\\\/2021\\\/08\\\/BLOG.jpeg?fit=96%2C96&ssl=1\",\"caption\":\"Gerson Guelmann\"},\"description\":\"Pitadas da sabedoria e do humor judaicos, assuntos do momento e um pouco das hist\u00f3rias que vivi e testemunhei.\"}]}<\/script>\n<!-- \/ Yoast SEO plugin. -->","yoast_head_json":{"title":"Casal Paga R$ 120 Por Uma Folha de Alface e Ceviche, em Curitiba | Blog do Guelmann","robots":{"index":"index","follow":"follow","max-snippet":"max-snippet:-1","max-image-preview":"max-image-preview:large","max-video-preview":"max-video-preview:-1"},"canonical":"https:\/\/gersonguelmann.com.br\/blog\/casal-paga-r-120-por-uma-folha-de-alface-e-ceviche-em-curitiba\/","og_locale":"pt_BR","og_type":"article","og_title":"Casal Paga R$ 120 Por Uma Folha de Alface e Ceviche, em Curitiba | Blog do Guelmann","og_description":"Como os amigos sabem, j\u00e1 h\u00e1 13 anos temos um restaurante aqui em Curitiba, e atendemos tamb\u00e9m pelo delivery. N\u00e3o podemos esconder que ao longo desse per\u00edodo cometemos muitas falhas, as quais sempre procuramos sanar de imediato, refazendo o pedido e enviando a mercadoria correta ou concedendo o cr\u00e9dito em nova encomenda,\u00a0 quando foi essa [&hellip;]","og_url":"https:\/\/gersonguelmann.com.br\/blog\/casal-paga-r-120-por-uma-folha-de-alface-e-ceviche-em-curitiba\/","og_site_name":"Blog do Guelmann","article_published_time":"2018-05-06T19:02:50+00:00","article_modified_time":"2018-05-06T19:09:07+00:00","og_image":[{"url":"https:\/\/gersonguelmann.com.br\/blog\/wp-content\/uploads\/2018\/05\/ceviche-3-825x509-300x185.jpg","type":"","width":"","height":""}],"author":"Gerson Guelmann","twitter_card":"summary_large_image","twitter_misc":{"Escrito por":"Gerson Guelmann","Est. tempo de leitura":"2 minutos"},"schema":{"@context":"https:\/\/schema.org","@graph":[{"@type":"Article","@id":"https:\/\/gersonguelmann.com.br\/blog\/casal-paga-r-120-por-uma-folha-de-alface-e-ceviche-em-curitiba\/#article","isPartOf":{"@id":"https:\/\/gersonguelmann.com.br\/blog\/casal-paga-r-120-por-uma-folha-de-alface-e-ceviche-em-curitiba\/"},"author":{"name":"Gerson Guelmann","@id":"https:\/\/gersonguelmann.com.br\/blog\/#\/schema\/person\/87e70e2a786888082f941a482c90569e"},"headline":"Casal Paga R$ 120 Por Uma Folha de Alface e Ceviche, em Curitiba","datePublished":"2018-05-06T19:02:50+00:00","dateModified":"2018-05-06T19:09:07+00:00","mainEntityOfPage":{"@id":"https:\/\/gersonguelmann.com.br\/blog\/casal-paga-r-120-por-uma-folha-de-alface-e-ceviche-em-curitiba\/"},"wordCount":481,"commentCount":0,"image":{"@id":"https:\/\/gersonguelmann.com.br\/blog\/casal-paga-r-120-por-uma-folha-de-alface-e-ceviche-em-curitiba\/#primaryimage"},"thumbnailUrl":"https:\/\/gersonguelmann.com.br\/blog\/wp-content\/uploads\/2018\/05\/ceviche-3-825x509-300x185.jpg","inLanguage":"pt-BR","potentialAction":[{"@type":"CommentAction","name":"Comment","target":["https:\/\/gersonguelmann.com.br\/blog\/casal-paga-r-120-por-uma-folha-de-alface-e-ceviche-em-curitiba\/#respond"]}]},{"@type":"WebPage","@id":"https:\/\/gersonguelmann.com.br\/blog\/casal-paga-r-120-por-uma-folha-de-alface-e-ceviche-em-curitiba\/","url":"https:\/\/gersonguelmann.com.br\/blog\/casal-paga-r-120-por-uma-folha-de-alface-e-ceviche-em-curitiba\/","name":"Casal Paga R$ 120 Por Uma Folha de Alface e Ceviche, em Curitiba | Blog do Guelmann","isPartOf":{"@id":"https:\/\/gersonguelmann.com.br\/blog\/#website"},"primaryImageOfPage":{"@id":"https:\/\/gersonguelmann.com.br\/blog\/casal-paga-r-120-por-uma-folha-de-alface-e-ceviche-em-curitiba\/#primaryimage"},"image":{"@id":"https:\/\/gersonguelmann.com.br\/blog\/casal-paga-r-120-por-uma-folha-de-alface-e-ceviche-em-curitiba\/#primaryimage"},"thumbnailUrl":"https:\/\/gersonguelmann.com.br\/blog\/wp-content\/uploads\/2018\/05\/ceviche-3-825x509-300x185.jpg","datePublished":"2018-05-06T19:02:50+00:00","dateModified":"2018-05-06T19:09:07+00:00","author":{"@id":"https:\/\/gersonguelmann.com.br\/blog\/#\/schema\/person\/87e70e2a786888082f941a482c90569e"},"inLanguage":"pt-BR","potentialAction":[{"@type":"ReadAction","target":["https:\/\/gersonguelmann.com.br\/blog\/casal-paga-r-120-por-uma-folha-de-alface-e-ceviche-em-curitiba\/"]}]},{"@type":"ImageObject","inLanguage":"pt-BR","@id":"https:\/\/gersonguelmann.com.br\/blog\/casal-paga-r-120-por-uma-folha-de-alface-e-ceviche-em-curitiba\/#primaryimage","url":"https:\/\/i0.wp.com\/gersonguelmann.com.br\/blog\/wp-content\/uploads\/2018\/05\/ceviche-3-825x509.jpg?fit=825%2C509&ssl=1","contentUrl":"https:\/\/i0.wp.com\/gersonguelmann.com.br\/blog\/wp-content\/uploads\/2018\/05\/ceviche-3-825x509.jpg?fit=825%2C509&ssl=1","width":825,"height":509},{"@type":"WebSite","@id":"https:\/\/gersonguelmann.com.br\/blog\/#website","url":"https:\/\/gersonguelmann.com.br\/blog\/","name":"Blog do Guelmann","description":"Pitadas da sabedoria e do humor judaicos, assuntos do momento e um pouco das hist\u00f3rias que vivi e testemunhei.","potentialAction":[{"@type":"SearchAction","target":{"@type":"EntryPoint","urlTemplate":"https:\/\/gersonguelmann.com.br\/blog\/?s={search_term_string}"},"query-input":{"@type":"PropertyValueSpecification","valueRequired":true,"valueName":"search_term_string"}}],"inLanguage":"pt-BR"},{"@type":"Person","@id":"https:\/\/gersonguelmann.com.br\/blog\/#\/schema\/person\/87e70e2a786888082f941a482c90569e","name":"Gerson Guelmann","image":{"@type":"ImageObject","inLanguage":"pt-BR","@id":"https:\/\/i0.wp.com\/gersonguelmann.com.br\/blog\/wp-content\/uploads\/2021\/08\/BLOG.jpeg?fit=96%2C96&ssl=1","url":"https:\/\/i0.wp.com\/gersonguelmann.com.br\/blog\/wp-content\/uploads\/2021\/08\/BLOG.jpeg?fit=96%2C96&ssl=1","contentUrl":"https:\/\/i0.wp.com\/gersonguelmann.com.br\/blog\/wp-content\/uploads\/2021\/08\/BLOG.jpeg?fit=96%2C96&ssl=1","caption":"Gerson Guelmann"},"description":"Pitadas da sabedoria e do humor judaicos, assuntos do momento e um pouco das hist\u00f3rias que vivi e testemunhei."}]}},"views":29,"jetpack_publicize_connections":[],"jetpack_featured_media_url":"","jetpack_shortlink":"https:\/\/wp.me\/p96e7O-3gp","jetpack-related-posts":[{"id":18506,"url":"https:\/\/gersonguelmann.com.br\/blog\/birutas-brotam-do-chao-e-em-curitiba-andam-de-onibus\/","url_meta":{"origin":12549,"position":0},"title":"Birutas Brotam do Ch\u00e3o. E em Curitiba, Andam de \u00d4nibus","author":"Gerson Guelmann","date":"18 de setembro de 2019","format":false,"excerpt":"N\u00e3o h\u00e1 dia em que n\u00e3o saibamos de acontecimentos que demonstram como a vida nas cidades grandes estressa as pessoas. Se n\u00e3o for a tens\u00e3o do dia a dia, s\u00f3 mesmo um surto psic\u00f3tico pode justificar o que aconteceu aqui em Curitiba nessa ter\u00e7a feira, como relata o jornal Tribuna\u2026","rel":"","context":"Em &quot;Sem categoria&quot;","block_context":{"text":"Sem categoria","link":"https:\/\/gersonguelmann.com.br\/blog\/category\/sem-categoria\/"},"img":{"alt_text":"","src":"https:\/\/i0.wp.com\/gersonguelmann.com.br\/blog\/wp-content\/uploads\/2019\/09\/%C3%94nibus-1.jpg?fit=1159%2C837&ssl=1&resize=350%2C200","width":350,"height":200,"srcset":"https:\/\/i0.wp.com\/gersonguelmann.com.br\/blog\/wp-content\/uploads\/2019\/09\/%C3%94nibus-1.jpg?fit=1159%2C837&ssl=1&resize=350%2C200 1x, https:\/\/i0.wp.com\/gersonguelmann.com.br\/blog\/wp-content\/uploads\/2019\/09\/%C3%94nibus-1.jpg?fit=1159%2C837&ssl=1&resize=525%2C300 1.5x, https:\/\/i0.wp.com\/gersonguelmann.com.br\/blog\/wp-content\/uploads\/2019\/09\/%C3%94nibus-1.jpg?fit=1159%2C837&ssl=1&resize=700%2C400 2x, https:\/\/i0.wp.com\/gersonguelmann.com.br\/blog\/wp-content\/uploads\/2019\/09\/%C3%94nibus-1.jpg?fit=1159%2C837&ssl=1&resize=1050%2C600 3x"},"classes":[]},{"id":20269,"url":"https:\/\/gersonguelmann.com.br\/blog\/coisas-da-covid-19-apanhou-porque-tossiu\/","url_meta":{"origin":12549,"position":1},"title":"Coisas da Covid-19: Apanhou Porque Tossiu","author":"Gerson Guelmann","date":"11 de dezembro de 2020","format":false,"excerpt":"Foto: Unsplash - Marek Studzinski Que o mundo n\u00e3o ser\u00e1 o mesmo ap\u00f3s o fim da pandemia, n\u00e3o h\u00e1 d\u00favida. O ano de 2020 deixar\u00e1 marcas profundas em nossos h\u00e1bitos e na forma como nos relacionamos. Acredito (e espero) que ap\u00f3s termos passado pelo pior, aprenderemos com os erros e\u2026","rel":"","context":"Em &quot;Sem categoria&quot;","block_context":{"text":"Sem categoria","link":"https:\/\/gersonguelmann.com.br\/blog\/category\/sem-categoria\/"},"img":{"alt_text":"","src":"https:\/\/i0.wp.com\/gersonguelmann.com.br\/blog\/wp-content\/uploads\/2020\/12\/BRIGA.jpg?fit=415%2C501&ssl=1&resize=350%2C200","width":350,"height":200},"classes":[]},{"id":11963,"url":"https:\/\/gersonguelmann.com.br\/blog\/a-lava-jato-so-podia-acontecer-em-curitiba\/","url_meta":{"origin":12549,"position":2},"title":"A Lava-Jato S\u00f3 Podia Acontecer Em Curitiba?","author":"Gerson Guelmann","date":"23 de abril de 2018","format":false,"excerpt":"Pelo menos para David Coimbra, colunista da Zero Hora, sim. Leia o que ele disse na coluna publicada ontem: BRASIL Por que em Curitiba? A Lava-Jato s\u00f3 tinha um lugar para se desenvolver 22\/04\/2018 - 21h33min Atualizada em\u00a022\/04\/2018 - 21h33min A\u00a0Lava-Jato\u00a0s\u00f3 seria poss\u00edvel em Curitiba. Em S\u00e3o Paulo, ama-se muito\u2026","rel":"","context":"Em &quot;Sem categoria&quot;","block_context":{"text":"Sem categoria","link":"https:\/\/gersonguelmann.com.br\/blog\/category\/sem-categoria\/"},"img":{"alt_text":"","src":"https:\/\/i0.wp.com\/gersonguelmann.com.br\/blog\/wp-content\/uploads\/2018\/04\/JF.jpg?fit=1024%2C683&ssl=1&resize=350%2C200","width":350,"height":200,"srcset":"https:\/\/i0.wp.com\/gersonguelmann.com.br\/blog\/wp-content\/uploads\/2018\/04\/JF.jpg?fit=1024%2C683&ssl=1&resize=350%2C200 1x, https:\/\/i0.wp.com\/gersonguelmann.com.br\/blog\/wp-content\/uploads\/2018\/04\/JF.jpg?fit=1024%2C683&ssl=1&resize=525%2C300 1.5x, https:\/\/i0.wp.com\/gersonguelmann.com.br\/blog\/wp-content\/uploads\/2018\/04\/JF.jpg?fit=1024%2C683&ssl=1&resize=700%2C400 2x"},"classes":[]},{"id":14522,"url":"https:\/\/gersonguelmann.com.br\/blog\/oitentao-jaime-lerner-fala-de-curitiba\/","url_meta":{"origin":12549,"position":3},"title":"Oitent\u00e3o, Jaime Lerner Fala de Curitiba","author":"Gerson Guelmann","date":"5 de julho de 2018","format":false,"excerpt":"A revista TopView acaba de publicar uma extensa e excelente mat\u00e9ria sobre o Jaime Lerner: HOME \/ PERSONALIDADES Jaime Lerner: o maior desafio de Curitiba \u00e9 voltar a ser Curitiba Aos 80 anos, o arquiteto e urbanista que tornou a capital cidade-modelo recebeu a TOPVIEW para uma entrevista exclusiva (e\u2026","rel":"","context":"Em &quot;Sem categoria&quot;","block_context":{"text":"Sem categoria","link":"https:\/\/gersonguelmann.com.br\/blog\/category\/sem-categoria\/"},"img":{"alt_text":"","src":"https:\/\/i0.wp.com\/gersonguelmann.com.br\/blog\/wp-content\/uploads\/2018\/07\/jaime-lerner-para-topview-6-1.jpg?fit=401%2C600&ssl=1&resize=350%2C200","width":350,"height":200},"classes":[]},{"id":19793,"url":"https:\/\/gersonguelmann.com.br\/blog\/o-general-geisel-e-a-soneca-em-curitiba\/","url_meta":{"origin":12549,"position":4},"title":"O general Geisel e a soneca em Curitiba","author":"Gerson Guelmann","date":"22 de janeiro de 2020","format":false,"excerpt":"H\u00e1 poucos dias, lendo um artigo sobre os benef\u00edcios do h\u00e1bito da \"sesta\", a soneca ap\u00f3s o almo\u00e7o, recordei de uma hist\u00f3ria contada pelo Jaime Lerner. Quando o Jaime era Prefeito de Curitiba, o General Ernesto Geisel, ent\u00e3o Presidente da Rep\u00fablica, esteve na cidade para uma s\u00e9rie de compromissos.\u00a0 O\u2026","rel":"","context":"Em &quot;Sem categoria&quot;","block_context":{"text":"Sem categoria","link":"https:\/\/gersonguelmann.com.br\/blog\/category\/sem-categoria\/"},"img":{"alt_text":"","src":"https:\/\/i0.wp.com\/gersonguelmann.com.br\/blog\/wp-content\/uploads\/2020\/01\/Sesta.jpg?fit=634%2C949&ssl=1&resize=350%2C200","width":350,"height":200,"srcset":"https:\/\/i0.wp.com\/gersonguelmann.com.br\/blog\/wp-content\/uploads\/2020\/01\/Sesta.jpg?fit=634%2C949&ssl=1&resize=350%2C200 1x, https:\/\/i0.wp.com\/gersonguelmann.com.br\/blog\/wp-content\/uploads\/2020\/01\/Sesta.jpg?fit=634%2C949&ssl=1&resize=525%2C300 1.5x"},"classes":[]},{"id":23607,"url":"https:\/\/gersonguelmann.com.br\/blog\/o-louco-por-eleicoes-e-os-segundos-turnos\/","url_meta":{"origin":12549,"position":5},"title":"O Louco por Elei\u00e7\u00f5es e os Segundos Turnos","author":"Gerson Guelmann","date":"7 de outubro de 2024","format":false,"excerpt":"Meus amigos sabem que tenho um razo\u00e1vel hist\u00f3rico de participa\u00e7\u00e3o em campanhas eleitorais. Uma vez, em entrevista a Ilana Lerner disse \"conhe\u00e7o muita gente que gosta de campanha, mas louco por campanha s\u00f3 o Gerson Guelmann\". Aceitei o elogio com bom humor. Na realidade sempre entrei nas campanhas como se\u2026","rel":"","context":"Em &quot;Sem categoria&quot;","block_context":{"text":"Sem categoria","link":"https:\/\/gersonguelmann.com.br\/blog\/category\/sem-categoria\/"},"img":{"alt_text":"","src":"https:\/\/i0.wp.com\/gersonguelmann.com.br\/blog\/wp-content\/uploads\/2024\/10\/HojePR-2.jpg?fit=740%2C740&ssl=1&resize=350%2C200","width":350,"height":200,"srcset":"https:\/\/i0.wp.com\/gersonguelmann.com.br\/blog\/wp-content\/uploads\/2024\/10\/HojePR-2.jpg?fit=740%2C740&ssl=1&resize=350%2C200 1x, https:\/\/i0.wp.com\/gersonguelmann.com.br\/blog\/wp-content\/uploads\/2024\/10\/HojePR-2.jpg?fit=740%2C740&ssl=1&resize=525%2C300 1.5x, https:\/\/i0.wp.com\/gersonguelmann.com.br\/blog\/wp-content\/uploads\/2024\/10\/HojePR-2.jpg?fit=740%2C740&ssl=1&resize=700%2C400 2x"},"classes":[]}],"jetpack_sharing_enabled":true,"post_mailing_queue_ids":[],"_links":{"self":[{"href":"https:\/\/gersonguelmann.com.br\/blog\/wp-json\/wp\/v2\/posts\/12549","targetHints":{"allow":["GET"]}}],"collection":[{"href":"https:\/\/gersonguelmann.com.br\/blog\/wp-json\/wp\/v2\/posts"}],"about":[{"href":"https:\/\/gersonguelmann.com.br\/blog\/wp-json\/wp\/v2\/types\/post"}],"author":[{"embeddable":true,"href":"https:\/\/gersonguelmann.com.br\/blog\/wp-json\/wp\/v2\/users\/5"}],"replies":[{"embeddable":true,"href":"https:\/\/gersonguelmann.com.br\/blog\/wp-json\/wp\/v2\/comments?post=12549"}],"version-history":[{"count":0,"href":"https:\/\/gersonguelmann.com.br\/blog\/wp-json\/wp\/v2\/posts\/12549\/revisions"}],"wp:attachment":[{"href":"https:\/\/gersonguelmann.com.br\/blog\/wp-json\/wp\/v2\/media?parent=12549"}],"wp:term":[{"taxonomy":"category","embeddable":true,"href":"https:\/\/gersonguelmann.com.br\/blog\/wp-json\/wp\/v2\/categories?post=12549"},{"taxonomy":"post_tag","embeddable":true,"href":"https:\/\/gersonguelmann.com.br\/blog\/wp-json\/wp\/v2\/tags?post=12549"}],"curies":[{"name":"wp","href":"https:\/\/api.w.org\/{rel}","templated":true}]}}