    {"id":12561,"date":"2018-05-06T17:33:34","date_gmt":"2018-05-06T20:33:34","guid":{"rendered":"https:\/\/gersonguelmann.com.br\/blog\/?p=12561"},"modified":"2018-05-06T17:37:09","modified_gmt":"2018-05-06T20:37:09","slug":"fortuna-de-gemeos-de-19-anos-teria-origem-nazista","status":"publish","type":"post","link":"https:\/\/gersonguelmann.com.br\/blog\/fortuna-de-gemeos-de-19-anos-teria-origem-nazista\/","title":{"rendered":"Fortuna de G\u00eameos de 19 Anos Teria Origem Nazista"},"content":{"rendered":"<p><span style=\"font-family: georgia, palatino, serif; font-size: 18pt; color: #000000;\">Mat\u00e9ria publicada ontem pela revista Exame:<\/span><\/p>\n<div class=\"article-category\"><strong>NEG\u00d3CIOS<\/strong><\/div>\n<p class=\"article-title\"><span style=\"font-size: 24pt;\"><strong><span style=\"font-family: arial, helvetica, sans-serif;\">Bilion\u00e1rios aos 19 anos, g\u00eameos t\u00eam fortuna de origem nazista<\/span><\/strong><\/span><\/p>\n<p class=\"article-subtitle\"><span style=\"font-size: 14pt;\"><strong>O av\u00f4 deles teria sido o homem mais rico da Alemanha nazista ap\u00f3s construir um imp\u00e9rio armamentista com uso de trabalho escravo.<\/strong><\/span><\/p>\n<div class=\"article-author\"><span style=\"font-size: 14pt;\">Por\u00a0<strong>David de Jong, da Bloomberg<\/strong><\/span><\/div>\n<div class=\"article-date\"><span style=\"font-size: 14pt;\">5 maio 2018, 07h00<\/span><\/div>\n<div><\/div>\n<div>\n<p><span style=\"font-size: 14pt;\">O av\u00f4 deles teria sido o homem mais rico da Alemanha\u00a0<strong>nazista<\/strong>\u00a0ap\u00f3s construir um imp\u00e9rio armamentista com uso de trabalho escravo.<\/span><\/p>\n<p><span style=\"font-size: 14pt;\">O pai esteve envolvido em um dos maiores esc\u00e2ndalos pol\u00edticos do p\u00f3s-guerra. E quase perdeu a fortuna da fam\u00edlia.<\/span><\/p>\n<p><span style=\"font-size: 14pt;\">Sobrou o suficiente para que Viktoria-Katharina Flick e seu irm\u00e3o g\u00eameo, Karl-Friedrich Flick, possam declarar, aos 19 anos, que s\u00e3o os\u00a0<strong>bilion\u00e1rios<\/strong>\u00a0mais jovens do mundo. Cada um deles possui US$ 1,8 bilh\u00e3o, segundo o Bloomberg Billionaires Index.<\/span><\/p>\n<p><span style=\"font-size: 14pt;\">Por tr\u00e1s dessas riquezas, administradas com discri\u00e7\u00e3o por um family office na \u00c1ustria, est\u00e1 a hist\u00f3ria sombria de uma das mais ricas dinastias industriais da Alemanha.<\/span><\/p>\n<p><span style=\"font-size: 14pt;\">O patrim\u00f4nio come\u00e7ou a crescer com Friedrich Flick, que passou tr\u00eas anos na pris\u00e3o ap\u00f3s condena\u00e7\u00e3o pelo tribunal de crimes de guerra de Nuremberg por usar trabalho escravo para produzir armamentos para os nazistas, entre outros crimes. Ele criou um gigante sider\u00fargico, tomando empresas em territ\u00f3rios ocupados pelos nazistas e na Alemanha por meio da chamada arianiza\u00e7\u00e3o \u2014 ou expropria\u00e7\u00e3o e venda for\u00e7ada de empresas pertencentes a judeus. Segundo um estudo de 2008 sobre os neg\u00f3cios dele na era nazista, 40.000 pessoas podem ter morrido trabalhando nos projetos de Flick.<\/span><\/p>\n<p><span style=\"font-size: 14pt;\">Flick saiu da pris\u00e3o em 1950 depois que o alto comissariado dos EUA para a Alemanha concedeu indultos controversos a industriais alem\u00e3es. Os EUA e o Reino Unido devolveram dinheiro e neg\u00f3cios dele, incluindo um ativo arianizado. Ele vendeu as opera\u00e7\u00f5es de carv\u00e3o e investiu os recursos em v\u00e1rias empresas, inclusive na Daimler-Benz, tornando-se posteriormente o maior acionista da fabricante de ve\u00edculos.<\/span><\/p>\n<p><span style=\"font-size: 14pt;\">\u201cDeixando de lado todos os padr\u00f5es morais, Friedrich Flick teve a capacidade genial de se tornar a pessoa mais rica da Alemanha duas vezes\u201d, disse Thomas Ramge, autor de \u201cThe Flicks\u201d, uma hist\u00f3ria da fam\u00edlia.<\/span><\/p>\n<p><span style=\"font-size: 14pt;\">O filho Friedrich Karl Flick assumiu os neg\u00f3cios ap\u00f3s a morte do pai, em 1972. Ele se tornou o \u00fanico propriet\u00e1rio do ent\u00e3o maior conglomerado de capital fechado da Alemanha ap\u00f3s adquirir as partes de tr\u00eas membros da fam\u00edlia, em 1975. Naquele ano, ele vendeu o ativo arianizado que restava \u2014 os altos fornos em Luebeck, no norte da Alemanha \u2014 \u00e0 U.S. Steel.<\/span><\/p>\n<p><span style=\"font-size: 14pt;\">Na d\u00e9cada de 1980, o nome dele foi envolvido em doa\u00e7\u00f5es pol\u00edticas ilegais, em um esc\u00e2ndalo que provocou a ren\u00fancia do ministro da Economia e do presidente do Parlamento. Friedrich Karl Flick negou que tivesse conhecimento dos pagamentos e n\u00e3o foi indiciado. Em 1987, seu s\u00f3cio mais pr\u00f3ximo foi multado por evas\u00e3o fiscal e condenado a dois anos de pris\u00e3o, com pena suspensa.<\/span><\/p>\n<p><span style=\"font-size: 14pt;\">Quase uma d\u00e9cada depois, Flick se mudou para a \u00c1ustria, lar de sua terceira esposa, Ingrid Ragger, 32 anos mais jovem. Eles se conheceram quando ela trabalhava como recepcionista em um resort de esqui. Ele morreu em 2006, quando Viktoria-Katharina e Karl-Friedrich, um minuto mais novo que a irm\u00e3, tinham 7 anos.Hoje, a fortuna dos g\u00eameos \u00e9 administrada pelo Flick Privatstiftung, um escrit\u00f3rio familiar com sedes em Viena e em Velden am Woerthersee, na \u00c1ustria. Stefan Weiser, um integrante do conselho, preferiu n\u00e3o comentar sobre o tamanho da fortuna calculado pela Bloomberg.<\/span><\/p>\n<p><span style=\"font-size: 14pt;\">\u201cComo somos um escrit\u00f3rio de uma \u00fanica fam\u00edlia, n\u00e3o divulgamos nenhum detalhe a pessoas de fora\u201d, afirmou Weiser por e-mail. Os g\u00eameos n\u00e3o foram colocados \u00e0 disposi\u00e7\u00e3o para entrevistas. Suas duas meias-irm\u00e3s, Alexandra Butz, 50, e Elisabeth von Auersperg-Breunner, 44, do segundo casamento de Friedrich Karl Flick, vivem em Munique e na \u00c1ustria. O patrim\u00f4nio l\u00edquido das irm\u00e3s tamb\u00e9m \u00e9 de US$ 1,8 bilh\u00e3o cada. Elas preferiram n\u00e3o comentar.<\/span><\/p>\n<p><span style=\"font-family: georgia, palatino, serif; font-size: 18pt; color: #000000;\">A mat\u00e9ria original est\u00e1 <span style=\"color: #0000ff;\"><a style=\"color: #0000ff;\" href=\"https:\/\/exame.abril.com.br\/negocios\/bilionarios-mais-jovens-do-mundo-tem-fortuna-de-origem-nazista\/\"><em><strong>aqui<\/strong><\/em><\/a><\/span>.<\/span><\/p>\n<\/div>\n<div>\u00a0<img data-recalc-dims=\"1\" fetchpriority=\"high\" decoding=\"async\" data-attachment-id=\"12565\" data-permalink=\"https:\/\/gersonguelmann.com.br\/blog\/fortuna-de-gemeos-de-19-anos-teria-origem-nazista\/nazis-2\/\" data-orig-file=\"https:\/\/i0.wp.com\/gersonguelmann.com.br\/blog\/wp-content\/uploads\/2018\/05\/Nazis-1.jpg?fit=870%2C490&amp;ssl=1\" data-orig-size=\"870,490\" data-comments-opened=\"1\" data-image-meta=\"{&quot;aperture&quot;:&quot;0&quot;,&quot;credit&quot;:&quot;&quot;,&quot;camera&quot;:&quot;&quot;,&quot;caption&quot;:&quot;&quot;,&quot;created_timestamp&quot;:&quot;0&quot;,&quot;copyright&quot;:&quot;&quot;,&quot;focal_length&quot;:&quot;0&quot;,&quot;iso&quot;:&quot;0&quot;,&quot;shutter_speed&quot;:&quot;0&quot;,&quot;title&quot;:&quot;&quot;,&quot;orientation&quot;:&quot;0&quot;}\" data-image-title=\"Nazis\" data-image-description=\"\" data-image-caption=\"\" data-medium-file=\"https:\/\/i0.wp.com\/gersonguelmann.com.br\/blog\/wp-content\/uploads\/2018\/05\/Nazis-1.jpg?fit=300%2C169&amp;ssl=1\" data-large-file=\"https:\/\/i0.wp.com\/gersonguelmann.com.br\/blog\/wp-content\/uploads\/2018\/05\/Nazis-1.jpg?fit=640%2C360&amp;ssl=1\" class=\"size-medium wp-image-12565 aligncenter\" src=\"https:\/\/i0.wp.com\/gersonguelmann.com.br\/blog\/wp-content\/uploads\/2018\/05\/Nazis-1.jpg?resize=300%2C169&#038;ssl=1\" alt=\"\" width=\"300\" height=\"169\" srcset=\"https:\/\/i0.wp.com\/gersonguelmann.com.br\/blog\/wp-content\/uploads\/2018\/05\/Nazis-1.jpg?resize=300%2C169&amp;ssl=1 300w, https:\/\/i0.wp.com\/gersonguelmann.com.br\/blog\/wp-content\/uploads\/2018\/05\/Nazis-1.jpg?resize=768%2C433&amp;ssl=1 768w, https:\/\/i0.wp.com\/gersonguelmann.com.br\/blog\/wp-content\/uploads\/2018\/05\/Nazis-1.jpg?w=870&amp;ssl=1 870w\" sizes=\"(max-width: 300px) 100vw, 300px\" \/><\/div>\n","protected":false},"excerpt":{"rendered":"<p>Mat\u00e9ria publicada ontem pela revista Exame: NEG\u00d3CIOS Bilion\u00e1rios aos 19 anos, g\u00eameos t\u00eam fortuna de origem nazista O av\u00f4 deles teria sido o homem mais rico da Alemanha nazista ap\u00f3s construir um imp\u00e9rio armamentista com uso de trabalho escravo. Por\u00a0David de Jong, da Bloomberg 5 maio 2018, 07h00 O av\u00f4 deles teria sido o homem [&hellip;]<\/p>\n","protected":false},"author":5,"featured_media":12565,"comment_status":"open","ping_status":"open","sticky":false,"template":"","format":"standard","meta":{"_acf_changed":false,"jetpack_post_was_ever_published":false,"_jetpack_newsletter_access":"","_jetpack_dont_email_post_to_subs":false,"_jetpack_newsletter_tier_id":0,"_jetpack_memberships_contains_paywalled_content":false,"_jetpack_memberships_contains_paid_content":false,"footnotes":"","jetpack_publicize_message":"","jetpack_publicize_feature_enabled":true,"jetpack_social_post_already_shared":true,"jetpack_social_options":{"image_generator_settings":{"template":"highway","default_image_id":0,"font":"","enabled":false},"version":2}},"categories":[1],"tags":[],"class_list":["post-12561","post","type-post","status-publish","format-standard","has-post-thumbnail","hentry","category-sem-categoria"],"acf":[],"yoast_head":"<!-- This site is optimized with the Yoast SEO plugin v27.3 - https:\/\/yoast.com\/product\/yoast-seo-wordpress\/ -->\n<title>Fortuna de G\u00eameos de 19 Anos Teria Origem Nazista | Blog do Guelmann<\/title>\n<meta name=\"robots\" content=\"index, follow, max-snippet:-1, max-image-preview:large, max-video-preview:-1\" \/>\n<link rel=\"canonical\" href=\"https:\/\/gersonguelmann.com.br\/blog\/fortuna-de-gemeos-de-19-anos-teria-origem-nazista\/\" \/>\n<meta property=\"og:locale\" content=\"pt_BR\" \/>\n<meta property=\"og:type\" content=\"article\" \/>\n<meta property=\"og:title\" content=\"Fortuna de G\u00eameos de 19 Anos Teria Origem Nazista | Blog do Guelmann\" \/>\n<meta property=\"og:description\" content=\"Mat\u00e9ria publicada ontem pela revista Exame: NEG\u00d3CIOS Bilion\u00e1rios aos 19 anos, g\u00eameos t\u00eam fortuna de origem nazista O av\u00f4 deles teria sido o homem mais rico da Alemanha nazista ap\u00f3s construir um imp\u00e9rio armamentista com uso de trabalho escravo. Por\u00a0David de Jong, da Bloomberg 5 maio 2018, 07h00 O av\u00f4 deles teria sido o homem [&hellip;]\" \/>\n<meta property=\"og:url\" content=\"https:\/\/gersonguelmann.com.br\/blog\/fortuna-de-gemeos-de-19-anos-teria-origem-nazista\/\" \/>\n<meta property=\"og:site_name\" content=\"Blog do Guelmann\" \/>\n<meta property=\"article:published_time\" content=\"2018-05-06T20:33:34+00:00\" \/>\n<meta property=\"article:modified_time\" content=\"2018-05-06T20:37:09+00:00\" \/>\n<meta property=\"og:image\" content=\"https:\/\/i0.wp.com\/gersonguelmann.com.br\/blog\/wp-content\/uploads\/2018\/05\/Nazis-1.jpg?fit=870%2C490&ssl=1\" \/>\n\t<meta property=\"og:image:width\" content=\"870\" \/>\n\t<meta property=\"og:image:height\" content=\"490\" \/>\n\t<meta property=\"og:image:type\" content=\"image\/jpeg\" \/>\n<meta name=\"author\" content=\"Gerson Guelmann\" \/>\n<meta name=\"twitter:card\" content=\"summary_large_image\" \/>\n<meta name=\"twitter:label1\" content=\"Escrito por\" \/>\n\t<meta name=\"twitter:data1\" content=\"Gerson Guelmann\" \/>\n\t<meta name=\"twitter:label2\" content=\"Est. tempo de leitura\" \/>\n\t<meta name=\"twitter:data2\" content=\"3 minutos\" \/>\n<script type=\"application\/ld+json\" class=\"yoast-schema-graph\">{\"@context\":\"https:\\\/\\\/schema.org\",\"@graph\":[{\"@type\":\"Article\",\"@id\":\"https:\\\/\\\/gersonguelmann.com.br\\\/blog\\\/fortuna-de-gemeos-de-19-anos-teria-origem-nazista\\\/#article\",\"isPartOf\":{\"@id\":\"https:\\\/\\\/gersonguelmann.com.br\\\/blog\\\/fortuna-de-gemeos-de-19-anos-teria-origem-nazista\\\/\"},\"author\":{\"name\":\"Gerson Guelmann\",\"@id\":\"https:\\\/\\\/gersonguelmann.com.br\\\/blog\\\/#\\\/schema\\\/person\\\/87e70e2a786888082f941a482c90569e\"},\"headline\":\"Fortuna de G\u00eameos de 19 Anos Teria Origem Nazista\",\"datePublished\":\"2018-05-06T20:33:34+00:00\",\"dateModified\":\"2018-05-06T20:37:09+00:00\",\"mainEntityOfPage\":{\"@id\":\"https:\\\/\\\/gersonguelmann.com.br\\\/blog\\\/fortuna-de-gemeos-de-19-anos-teria-origem-nazista\\\/\"},\"wordCount\":698,\"commentCount\":0,\"image\":{\"@id\":\"https:\\\/\\\/gersonguelmann.com.br\\\/blog\\\/fortuna-de-gemeos-de-19-anos-teria-origem-nazista\\\/#primaryimage\"},\"thumbnailUrl\":\"https:\\\/\\\/i0.wp.com\\\/gersonguelmann.com.br\\\/blog\\\/wp-content\\\/uploads\\\/2018\\\/05\\\/Nazis-1.jpg?fit=870%2C490&ssl=1\",\"inLanguage\":\"pt-BR\",\"potentialAction\":[{\"@type\":\"CommentAction\",\"name\":\"Comment\",\"target\":[\"https:\\\/\\\/gersonguelmann.com.br\\\/blog\\\/fortuna-de-gemeos-de-19-anos-teria-origem-nazista\\\/#respond\"]}]},{\"@type\":\"WebPage\",\"@id\":\"https:\\\/\\\/gersonguelmann.com.br\\\/blog\\\/fortuna-de-gemeos-de-19-anos-teria-origem-nazista\\\/\",\"url\":\"https:\\\/\\\/gersonguelmann.com.br\\\/blog\\\/fortuna-de-gemeos-de-19-anos-teria-origem-nazista\\\/\",\"name\":\"Fortuna de G\u00eameos de 19 Anos Teria Origem Nazista | Blog do Guelmann\",\"isPartOf\":{\"@id\":\"https:\\\/\\\/gersonguelmann.com.br\\\/blog\\\/#website\"},\"primaryImageOfPage\":{\"@id\":\"https:\\\/\\\/gersonguelmann.com.br\\\/blog\\\/fortuna-de-gemeos-de-19-anos-teria-origem-nazista\\\/#primaryimage\"},\"image\":{\"@id\":\"https:\\\/\\\/gersonguelmann.com.br\\\/blog\\\/fortuna-de-gemeos-de-19-anos-teria-origem-nazista\\\/#primaryimage\"},\"thumbnailUrl\":\"https:\\\/\\\/i0.wp.com\\\/gersonguelmann.com.br\\\/blog\\\/wp-content\\\/uploads\\\/2018\\\/05\\\/Nazis-1.jpg?fit=870%2C490&ssl=1\",\"datePublished\":\"2018-05-06T20:33:34+00:00\",\"dateModified\":\"2018-05-06T20:37:09+00:00\",\"author\":{\"@id\":\"https:\\\/\\\/gersonguelmann.com.br\\\/blog\\\/#\\\/schema\\\/person\\\/87e70e2a786888082f941a482c90569e\"},\"inLanguage\":\"pt-BR\",\"potentialAction\":[{\"@type\":\"ReadAction\",\"target\":[\"https:\\\/\\\/gersonguelmann.com.br\\\/blog\\\/fortuna-de-gemeos-de-19-anos-teria-origem-nazista\\\/\"]}]},{\"@type\":\"ImageObject\",\"inLanguage\":\"pt-BR\",\"@id\":\"https:\\\/\\\/gersonguelmann.com.br\\\/blog\\\/fortuna-de-gemeos-de-19-anos-teria-origem-nazista\\\/#primaryimage\",\"url\":\"https:\\\/\\\/i0.wp.com\\\/gersonguelmann.com.br\\\/blog\\\/wp-content\\\/uploads\\\/2018\\\/05\\\/Nazis-1.jpg?fit=870%2C490&ssl=1\",\"contentUrl\":\"https:\\\/\\\/i0.wp.com\\\/gersonguelmann.com.br\\\/blog\\\/wp-content\\\/uploads\\\/2018\\\/05\\\/Nazis-1.jpg?fit=870%2C490&ssl=1\",\"width\":870,\"height\":490},{\"@type\":\"WebSite\",\"@id\":\"https:\\\/\\\/gersonguelmann.com.br\\\/blog\\\/#website\",\"url\":\"https:\\\/\\\/gersonguelmann.com.br\\\/blog\\\/\",\"name\":\"Blog do Guelmann\",\"description\":\"Pitadas da sabedoria e do humor judaicos, assuntos do momento e um pouco das hist\u00f3rias que vivi e testemunhei.\",\"potentialAction\":[{\"@type\":\"SearchAction\",\"target\":{\"@type\":\"EntryPoint\",\"urlTemplate\":\"https:\\\/\\\/gersonguelmann.com.br\\\/blog\\\/?s={search_term_string}\"},\"query-input\":{\"@type\":\"PropertyValueSpecification\",\"valueRequired\":true,\"valueName\":\"search_term_string\"}}],\"inLanguage\":\"pt-BR\"},{\"@type\":\"Person\",\"@id\":\"https:\\\/\\\/gersonguelmann.com.br\\\/blog\\\/#\\\/schema\\\/person\\\/87e70e2a786888082f941a482c90569e\",\"name\":\"Gerson Guelmann\",\"image\":{\"@type\":\"ImageObject\",\"inLanguage\":\"pt-BR\",\"@id\":\"https:\\\/\\\/i0.wp.com\\\/gersonguelmann.com.br\\\/blog\\\/wp-content\\\/uploads\\\/2021\\\/08\\\/BLOG.jpeg?fit=96%2C96&ssl=1\",\"url\":\"https:\\\/\\\/i0.wp.com\\\/gersonguelmann.com.br\\\/blog\\\/wp-content\\\/uploads\\\/2021\\\/08\\\/BLOG.jpeg?fit=96%2C96&ssl=1\",\"contentUrl\":\"https:\\\/\\\/i0.wp.com\\\/gersonguelmann.com.br\\\/blog\\\/wp-content\\\/uploads\\\/2021\\\/08\\\/BLOG.jpeg?fit=96%2C96&ssl=1\",\"caption\":\"Gerson Guelmann\"},\"description\":\"Pitadas da sabedoria e do humor judaicos, assuntos do momento e um pouco das hist\u00f3rias que vivi e testemunhei.\"}]}<\/script>\n<!-- \/ Yoast SEO plugin. -->","yoast_head_json":{"title":"Fortuna de G\u00eameos de 19 Anos Teria Origem Nazista | Blog do Guelmann","robots":{"index":"index","follow":"follow","max-snippet":"max-snippet:-1","max-image-preview":"max-image-preview:large","max-video-preview":"max-video-preview:-1"},"canonical":"https:\/\/gersonguelmann.com.br\/blog\/fortuna-de-gemeos-de-19-anos-teria-origem-nazista\/","og_locale":"pt_BR","og_type":"article","og_title":"Fortuna de G\u00eameos de 19 Anos Teria Origem Nazista | Blog do Guelmann","og_description":"Mat\u00e9ria publicada ontem pela revista Exame: NEG\u00d3CIOS Bilion\u00e1rios aos 19 anos, g\u00eameos t\u00eam fortuna de origem nazista O av\u00f4 deles teria sido o homem mais rico da Alemanha nazista ap\u00f3s construir um imp\u00e9rio armamentista com uso de trabalho escravo. Por\u00a0David de Jong, da Bloomberg 5 maio 2018, 07h00 O av\u00f4 deles teria sido o homem [&hellip;]","og_url":"https:\/\/gersonguelmann.com.br\/blog\/fortuna-de-gemeos-de-19-anos-teria-origem-nazista\/","og_site_name":"Blog do Guelmann","article_published_time":"2018-05-06T20:33:34+00:00","article_modified_time":"2018-05-06T20:37:09+00:00","og_image":[{"width":870,"height":490,"url":"https:\/\/i0.wp.com\/gersonguelmann.com.br\/blog\/wp-content\/uploads\/2018\/05\/Nazis-1.jpg?fit=870%2C490&ssl=1","type":"image\/jpeg"}],"author":"Gerson Guelmann","twitter_card":"summary_large_image","twitter_misc":{"Escrito por":"Gerson Guelmann","Est. tempo de leitura":"3 minutos"},"schema":{"@context":"https:\/\/schema.org","@graph":[{"@type":"Article","@id":"https:\/\/gersonguelmann.com.br\/blog\/fortuna-de-gemeos-de-19-anos-teria-origem-nazista\/#article","isPartOf":{"@id":"https:\/\/gersonguelmann.com.br\/blog\/fortuna-de-gemeos-de-19-anos-teria-origem-nazista\/"},"author":{"name":"Gerson Guelmann","@id":"https:\/\/gersonguelmann.com.br\/blog\/#\/schema\/person\/87e70e2a786888082f941a482c90569e"},"headline":"Fortuna de G\u00eameos de 19 Anos Teria Origem Nazista","datePublished":"2018-05-06T20:33:34+00:00","dateModified":"2018-05-06T20:37:09+00:00","mainEntityOfPage":{"@id":"https:\/\/gersonguelmann.com.br\/blog\/fortuna-de-gemeos-de-19-anos-teria-origem-nazista\/"},"wordCount":698,"commentCount":0,"image":{"@id":"https:\/\/gersonguelmann.com.br\/blog\/fortuna-de-gemeos-de-19-anos-teria-origem-nazista\/#primaryimage"},"thumbnailUrl":"https:\/\/i0.wp.com\/gersonguelmann.com.br\/blog\/wp-content\/uploads\/2018\/05\/Nazis-1.jpg?fit=870%2C490&ssl=1","inLanguage":"pt-BR","potentialAction":[{"@type":"CommentAction","name":"Comment","target":["https:\/\/gersonguelmann.com.br\/blog\/fortuna-de-gemeos-de-19-anos-teria-origem-nazista\/#respond"]}]},{"@type":"WebPage","@id":"https:\/\/gersonguelmann.com.br\/blog\/fortuna-de-gemeos-de-19-anos-teria-origem-nazista\/","url":"https:\/\/gersonguelmann.com.br\/blog\/fortuna-de-gemeos-de-19-anos-teria-origem-nazista\/","name":"Fortuna de G\u00eameos de 19 Anos Teria Origem Nazista | Blog do Guelmann","isPartOf":{"@id":"https:\/\/gersonguelmann.com.br\/blog\/#website"},"primaryImageOfPage":{"@id":"https:\/\/gersonguelmann.com.br\/blog\/fortuna-de-gemeos-de-19-anos-teria-origem-nazista\/#primaryimage"},"image":{"@id":"https:\/\/gersonguelmann.com.br\/blog\/fortuna-de-gemeos-de-19-anos-teria-origem-nazista\/#primaryimage"},"thumbnailUrl":"https:\/\/i0.wp.com\/gersonguelmann.com.br\/blog\/wp-content\/uploads\/2018\/05\/Nazis-1.jpg?fit=870%2C490&ssl=1","datePublished":"2018-05-06T20:33:34+00:00","dateModified":"2018-05-06T20:37:09+00:00","author":{"@id":"https:\/\/gersonguelmann.com.br\/blog\/#\/schema\/person\/87e70e2a786888082f941a482c90569e"},"inLanguage":"pt-BR","potentialAction":[{"@type":"ReadAction","target":["https:\/\/gersonguelmann.com.br\/blog\/fortuna-de-gemeos-de-19-anos-teria-origem-nazista\/"]}]},{"@type":"ImageObject","inLanguage":"pt-BR","@id":"https:\/\/gersonguelmann.com.br\/blog\/fortuna-de-gemeos-de-19-anos-teria-origem-nazista\/#primaryimage","url":"https:\/\/i0.wp.com\/gersonguelmann.com.br\/blog\/wp-content\/uploads\/2018\/05\/Nazis-1.jpg?fit=870%2C490&ssl=1","contentUrl":"https:\/\/i0.wp.com\/gersonguelmann.com.br\/blog\/wp-content\/uploads\/2018\/05\/Nazis-1.jpg?fit=870%2C490&ssl=1","width":870,"height":490},{"@type":"WebSite","@id":"https:\/\/gersonguelmann.com.br\/blog\/#website","url":"https:\/\/gersonguelmann.com.br\/blog\/","name":"Blog do Guelmann","description":"Pitadas da sabedoria e do humor judaicos, assuntos do momento e um pouco das hist\u00f3rias que vivi e testemunhei.","potentialAction":[{"@type":"SearchAction","target":{"@type":"EntryPoint","urlTemplate":"https:\/\/gersonguelmann.com.br\/blog\/?s={search_term_string}"},"query-input":{"@type":"PropertyValueSpecification","valueRequired":true,"valueName":"search_term_string"}}],"inLanguage":"pt-BR"},{"@type":"Person","@id":"https:\/\/gersonguelmann.com.br\/blog\/#\/schema\/person\/87e70e2a786888082f941a482c90569e","name":"Gerson Guelmann","image":{"@type":"ImageObject","inLanguage":"pt-BR","@id":"https:\/\/i0.wp.com\/gersonguelmann.com.br\/blog\/wp-content\/uploads\/2021\/08\/BLOG.jpeg?fit=96%2C96&ssl=1","url":"https:\/\/i0.wp.com\/gersonguelmann.com.br\/blog\/wp-content\/uploads\/2021\/08\/BLOG.jpeg?fit=96%2C96&ssl=1","contentUrl":"https:\/\/i0.wp.com\/gersonguelmann.com.br\/blog\/wp-content\/uploads\/2021\/08\/BLOG.jpeg?fit=96%2C96&ssl=1","caption":"Gerson Guelmann"},"description":"Pitadas da sabedoria e do humor judaicos, assuntos do momento e um pouco das hist\u00f3rias que vivi e testemunhei."}]}},"views":29,"jetpack_publicize_connections":[],"jetpack_featured_media_url":"https:\/\/i0.wp.com\/gersonguelmann.com.br\/blog\/wp-content\/uploads\/2018\/05\/Nazis-1.jpg?fit=870%2C490&ssl=1","jetpack_shortlink":"https:\/\/wp.me\/p96e7O-3gB","jetpack-related-posts":[{"id":3824,"url":"https:\/\/gersonguelmann.com.br\/blog\/na-alemanha-homenagem-anne-frank-gera-polemica\/","url_meta":{"origin":12561,"position":0},"title":"Na Alemanha Homenagem \u00e0 Anne Frank Gera Pol\u00eamica","author":"Gerson Guelmann","date":"31 de outubro de 2017","format":false,"excerpt":"A ferrovia nacional da Alemanha provocou uma tempestade nas m\u00eddias sociais ao nominar um dos seus novos trens super r\u00e1pidos em homenagem a Anne Frank, que morreu em um campo nazista. Ap\u00f3s fazer uma pesquisa entre os usu\u00e1rios do sistema, a ferrovia deu aos trens o nome de alem\u00e3es famosos,\u2026","rel":"","context":"Em &quot;Sem categoria&quot;","block_context":{"text":"Sem categoria","link":"https:\/\/gersonguelmann.com.br\/blog\/category\/sem-categoria\/"},"img":{"alt_text":"","src":"https:\/\/i0.wp.com\/gersonguelmann.com.br\/blog\/wp-content\/uploads\/2017\/10\/Trem.jpg?fit=880%2C580&ssl=1&resize=350%2C200","width":350,"height":200,"srcset":"https:\/\/i0.wp.com\/gersonguelmann.com.br\/blog\/wp-content\/uploads\/2017\/10\/Trem.jpg?fit=880%2C580&ssl=1&resize=350%2C200 1x, https:\/\/i0.wp.com\/gersonguelmann.com.br\/blog\/wp-content\/uploads\/2017\/10\/Trem.jpg?fit=880%2C580&ssl=1&resize=525%2C300 1.5x, https:\/\/i0.wp.com\/gersonguelmann.com.br\/blog\/wp-content\/uploads\/2017\/10\/Trem.jpg?fit=880%2C580&ssl=1&resize=700%2C400 2x"},"classes":[]},{"id":21166,"url":"https:\/\/gersonguelmann.com.br\/blog\/expulso-do-big-brother-por-saudacao-nazista-o-parvo-portugues-sente-se-injusticado\/","url_meta":{"origin":12561,"position":1},"title":"Expulso do Big Brother Por Sauda\u00e7\u00e3o Nazista, o Parvo Portugu\u00eas Sente-se Injusti\u00e7ado","author":"Gerson Guelmann","date":"30 de janeiro de 2021","format":false,"excerpt":"H\u00e9lder Teixeira, expulso do Big Brother Portugu\u00eas ap\u00f3s sauda\u00e7\u00e3o nazista, acha que foi tratado com rigor excessivo.\u00a0 Mesmo tendo sido alertado por outros participantes, e com a agravante de ter feito o gesto no dia seguinte \u00e0 comemora\u00e7\u00e3o da Libera\u00e7\u00e3o de Auschwitz, o toleir\u00e3o saiu do confinamento dizendo que deveria\u2026","rel":"","context":"Em &quot;Sem categoria&quot;","block_context":{"text":"Sem categoria","link":"https:\/\/gersonguelmann.com.br\/blog\/category\/sem-categoria\/"},"img":{"alt_text":"","src":"https:\/\/i0.wp.com\/gersonguelmann.com.br\/blog\/wp-content\/uploads\/2021\/01\/BBB.png?fit=910%2C440&ssl=1&resize=350%2C200","width":350,"height":200,"srcset":"https:\/\/i0.wp.com\/gersonguelmann.com.br\/blog\/wp-content\/uploads\/2021\/01\/BBB.png?fit=910%2C440&ssl=1&resize=350%2C200 1x, https:\/\/i0.wp.com\/gersonguelmann.com.br\/blog\/wp-content\/uploads\/2021\/01\/BBB.png?fit=910%2C440&ssl=1&resize=525%2C300 1.5x, https:\/\/i0.wp.com\/gersonguelmann.com.br\/blog\/wp-content\/uploads\/2021\/01\/BBB.png?fit=910%2C440&ssl=1&resize=700%2C400 2x"},"classes":[]},{"id":12598,"url":"https:\/\/gersonguelmann.com.br\/blog\/negacionista-do-holocausto-cumprira-pena-na-cadeia\/","url_meta":{"origin":12561,"position":2},"title":"Negacionista do Holocausto Cumprir\u00e1 Pena na Cadeia","author":"Gerson Guelmann","date":"7 de maio de 2018","format":false,"excerpt":"Publicado hoje no UOL Not\u00edcias: Alem\u00e3 de 89 anos \u00e9 condenada por negar Holocausto 07\/05\/2018 - 14h22 Berlim, 7 mai (EFE).- Ursula Haverbeck foi detida nesta segunda-feira em Bielefeld, cidade na regi\u00e3o oeste da Alemanha, e cumprir\u00e1 uma pena de dois anos de pris\u00e3o por negar reiteradamente o Holocausto, informou\u2026","rel":"","context":"Em &quot;Sem categoria&quot;","block_context":{"text":"Sem categoria","link":"https:\/\/gersonguelmann.com.br\/blog\/category\/sem-categoria\/"},"img":{"alt_text":"","src":"https:\/\/i0.wp.com\/gersonguelmann.com.br\/blog\/wp-content\/uploads\/2018\/05\/Holocausto.jpg?fit=699%2C420&ssl=1&resize=350%2C200","width":350,"height":200,"srcset":"https:\/\/i0.wp.com\/gersonguelmann.com.br\/blog\/wp-content\/uploads\/2018\/05\/Holocausto.jpg?fit=699%2C420&ssl=1&resize=350%2C200 1x, https:\/\/i0.wp.com\/gersonguelmann.com.br\/blog\/wp-content\/uploads\/2018\/05\/Holocausto.jpg?fit=699%2C420&ssl=1&resize=525%2C300 1.5x"},"classes":[]},{"id":23020,"url":"https:\/\/gersonguelmann.com.br\/blog\/por-que-hoje-nao-tem-humor-judaico\/","url_meta":{"origin":12561,"position":3},"title":"Por Que Hoje N\u00e3o Tem Humor Judaico?","author":"Gerson Guelmann","date":"27 de janeiro de 2023","format":false,"excerpt":"\"O objetivo da vida \u00e9 criar melhor defesa contra a morte\". (Primo Levi, judeu italiano sobrevivente de Auschwitz, falecido em 1987). \u201cAs coisas que vi s\u00e3o indescrit\u00edveis... Fiz a visita deliberadamente, para estar em condi\u00e7\u00f5es de fornecer provas em primeira m\u00e3o dessas coisas se algum dia, no futuro, desenvolver-se uma\u2026","rel":"","context":"Em &quot;Sem categoria&quot;","block_context":{"text":"Sem categoria","link":"https:\/\/gersonguelmann.com.br\/blog\/category\/sem-categoria\/"},"img":{"alt_text":"","src":"https:\/\/i0.wp.com\/gersonguelmann.com.br\/blog\/wp-content\/uploads\/2023\/01\/AUSCHWITZ.jpg?fit=750%2C500&ssl=1&resize=350%2C200","width":350,"height":200,"srcset":"https:\/\/i0.wp.com\/gersonguelmann.com.br\/blog\/wp-content\/uploads\/2023\/01\/AUSCHWITZ.jpg?fit=750%2C500&ssl=1&resize=350%2C200 1x, https:\/\/i0.wp.com\/gersonguelmann.com.br\/blog\/wp-content\/uploads\/2023\/01\/AUSCHWITZ.jpg?fit=750%2C500&ssl=1&resize=525%2C300 1.5x, https:\/\/i0.wp.com\/gersonguelmann.com.br\/blog\/wp-content\/uploads\/2023\/01\/AUSCHWITZ.jpg?fit=750%2C500&ssl=1&resize=700%2C400 2x"},"classes":[]},{"id":21143,"url":"https:\/\/gersonguelmann.com.br\/blog\/em-portugal-participante-do-big-brother-e-expulso-apos-fazer-saudacao-nazista\/","url_meta":{"origin":12561,"position":4},"title":"Em Portugal, Participante do Big Brother \u00e9 Expulso Ap\u00f3s Fazer Sauda\u00e7\u00e3o Nazista","author":"Gerson Guelmann","date":"29 de janeiro de 2021","format":false,"excerpt":"No dia em que foi comemorado o 76\u00ba anivers\u00e1rio\u00a0da\u00a0libera\u00e7\u00e3o do Campo de Exterm\u00ednio de Auschwitz, um participante da edi\u00e7\u00e3o portuguesa do Big Brother, plenamente consciente de seu gesto, fez a infame sauda\u00e7\u00e3o nazista durante o programa. Felizmente, no pa\u00eds que s\u00e9culos atr\u00e1s foi palco de atrocidades contra os judeus, mas\u2026","rel":"","context":"Em &quot;Sem categoria&quot;","block_context":{"text":"Sem categoria","link":"https:\/\/gersonguelmann.com.br\/blog\/category\/sem-categoria\/"},"img":{"alt_text":"","src":"https:\/\/i0.wp.com\/gersonguelmann.com.br\/blog\/wp-content\/uploads\/2021\/01\/BBB.jpg?fit=1200%2C750&ssl=1&resize=350%2C200","width":350,"height":200,"srcset":"https:\/\/i0.wp.com\/gersonguelmann.com.br\/blog\/wp-content\/uploads\/2021\/01\/BBB.jpg?fit=1200%2C750&ssl=1&resize=350%2C200 1x, https:\/\/i0.wp.com\/gersonguelmann.com.br\/blog\/wp-content\/uploads\/2021\/01\/BBB.jpg?fit=1200%2C750&ssl=1&resize=525%2C300 1.5x, https:\/\/i0.wp.com\/gersonguelmann.com.br\/blog\/wp-content\/uploads\/2021\/01\/BBB.jpg?fit=1200%2C750&ssl=1&resize=700%2C400 2x, https:\/\/i0.wp.com\/gersonguelmann.com.br\/blog\/wp-content\/uploads\/2021\/01\/BBB.jpg?fit=1200%2C750&ssl=1&resize=1050%2C600 3x"},"classes":[]},{"id":16832,"url":"https:\/\/gersonguelmann.com.br\/blog\/nao-nos-iludamos-os-lobos-sempre-tem-fome\/","url_meta":{"origin":12561,"position":5},"title":"N\u00e3o Nos Iludamos: Os Lobos Sempre T\u00eam Fome","author":"Gerson Guelmann","date":"21 de novembro de 2022","format":false,"excerpt":"Ontem, domingo, estive no Museu do Holocausto de Curitiba, no lan\u00e7amento do livro \"Entre As Sombras e os Sois\" escrito pelo Coordenador Geral do Museu, Carlos Reiss. N\u00e3o iniciei a leitura, ainda, mas a ida ao evento, a constata\u00e7\u00e3o, mais uma vez, do trabalho obstinado do Carlos na preserva\u00e7\u00e3o da\u2026","rel":"","context":"Em &quot;Sem categoria&quot;","block_context":{"text":"Sem categoria","link":"https:\/\/gersonguelmann.com.br\/blog\/category\/sem-categoria\/"},"img":{"alt_text":"","src":"https:\/\/i0.wp.com\/gersonguelmann.com.br\/blog\/wp-content\/uploads\/2019\/05\/wolf-2984865_960_720.jpg?fit=960%2C571&ssl=1&resize=350%2C200","width":350,"height":200,"srcset":"https:\/\/i0.wp.com\/gersonguelmann.com.br\/blog\/wp-content\/uploads\/2019\/05\/wolf-2984865_960_720.jpg?fit=960%2C571&ssl=1&resize=350%2C200 1x, https:\/\/i0.wp.com\/gersonguelmann.com.br\/blog\/wp-content\/uploads\/2019\/05\/wolf-2984865_960_720.jpg?fit=960%2C571&ssl=1&resize=525%2C300 1.5x, https:\/\/i0.wp.com\/gersonguelmann.com.br\/blog\/wp-content\/uploads\/2019\/05\/wolf-2984865_960_720.jpg?fit=960%2C571&ssl=1&resize=700%2C400 2x"},"classes":[]}],"jetpack_sharing_enabled":true,"post_mailing_queue_ids":[],"_links":{"self":[{"href":"https:\/\/gersonguelmann.com.br\/blog\/wp-json\/wp\/v2\/posts\/12561","targetHints":{"allow":["GET"]}}],"collection":[{"href":"https:\/\/gersonguelmann.com.br\/blog\/wp-json\/wp\/v2\/posts"}],"about":[{"href":"https:\/\/gersonguelmann.com.br\/blog\/wp-json\/wp\/v2\/types\/post"}],"author":[{"embeddable":true,"href":"https:\/\/gersonguelmann.com.br\/blog\/wp-json\/wp\/v2\/users\/5"}],"replies":[{"embeddable":true,"href":"https:\/\/gersonguelmann.com.br\/blog\/wp-json\/wp\/v2\/comments?post=12561"}],"version-history":[{"count":0,"href":"https:\/\/gersonguelmann.com.br\/blog\/wp-json\/wp\/v2\/posts\/12561\/revisions"}],"wp:featuredmedia":[{"embeddable":true,"href":"https:\/\/gersonguelmann.com.br\/blog\/wp-json\/wp\/v2\/media\/12565"}],"wp:attachment":[{"href":"https:\/\/gersonguelmann.com.br\/blog\/wp-json\/wp\/v2\/media?parent=12561"}],"wp:term":[{"taxonomy":"category","embeddable":true,"href":"https:\/\/gersonguelmann.com.br\/blog\/wp-json\/wp\/v2\/categories?post=12561"},{"taxonomy":"post_tag","embeddable":true,"href":"https:\/\/gersonguelmann.com.br\/blog\/wp-json\/wp\/v2\/tags?post=12561"}],"curies":[{"name":"wp","href":"https:\/\/api.w.org\/{rel}","templated":true}]}}