    {"id":12594,"date":"2018-05-07T16:10:13","date_gmt":"2018-05-07T19:10:13","guid":{"rendered":"https:\/\/gersonguelmann.com.br\/blog\/?p=12594"},"modified":"2018-05-07T16:10:13","modified_gmt":"2018-05-07T19:10:13","slug":"lembra-quando-os-correios-funcionavam","status":"publish","type":"post","link":"https:\/\/gersonguelmann.com.br\/blog\/lembra-quando-os-correios-funcionavam\/","title":{"rendered":"Lembra Quando os Correios Funcionavam?"},"content":{"rendered":"<p><span style=\"font-family: georgia, palatino, serif; font-size: 18pt;\">A &#8220;carteira&#8221; passou em casa com uma encomenda para mim, provavelmente alguma coisa enviada por uma das filhas que moram fora.\u00a0<\/span><span style=\"font-family: georgia, palatino, serif; font-size: 18pt;\">A mo\u00e7a disse que o objeto s\u00f3 poderia ser entregue ao pr\u00f3prio destinat\u00e1rio. <\/span><\/p>\n<p><span style=\"font-family: georgia, palatino, serif; font-size: 18pt;\">Como eu n\u00e3o estava l\u00e1, deixou uma anota\u00e7\u00e3o com o n\u00ba do registro e a instru\u00e7\u00e3o para retir\u00e1-lo no Centro de Distribui\u00e7\u00e3o que fica no mesmo bairro.\u00a0\u00a0<\/span><\/p>\n<p><span style=\"font-family: georgia, palatino, serif; font-size: 18pt;\"> A primeira coisa que me ocorreu \u00e9 que talvez os Correios pensem que nem todas as pessoas que moram no mesmo endere\u00e7o sejam confi\u00e1veis, ser\u00e1 isso? Pode ser que haja uma cis\u00e3o familiar, encrenca por conta de desvio de correspond\u00eancia, sei l\u00e1. Quem sabe os Correios j\u00e1 tenham sido processados por algum problema decorrente disso&#8230;<\/span><\/p>\n<p><span style=\"font-family: georgia, palatino, serif; font-size: 18pt;\">Bom: hoje cedo sa\u00ed de casa e fui ao tal lugar. Dei com o nariz na porta porque o Centro de Distribui\u00e7\u00e3o s\u00f3 funciona das 12 as 17h. <\/span><\/p>\n<p><span style=\"font-family: georgia, palatino, serif; font-size: 18pt;\">Como m<\/span><span style=\"font-family: georgia, palatino, serif; font-size: 18pt;\">oramos em um bairro distante do restaurante, vou ter que ficar em casa at\u00e9 as 12h ou sair daqui mais cedo e passar na ag\u00eancia antes das 17h.<\/span><\/p>\n<p><span style=\"font-family: georgia, palatino, serif; font-size: 18pt;\">Esse \u00e9 um exemplo da administra\u00e7\u00e3o p\u00fablica no Brasil. Quebraram uma empresa reconhecida pelos bons servi\u00e7os e sem concorr\u00eancia no mercado.<\/span><\/p>\n<p><span style=\"font-family: georgia, palatino, serif; font-size: 18pt;\">Ali\u00e1s, a situa\u00e7\u00e3o dos Correios se reflete na manchete de alguns jornais, hoje (clique no link para abrir):<\/span><\/p>\n<p class=\"n--noticia__title\"><span style=\"color: #0000ff;\"><a style=\"color: #0000ff;\" href=\"http:\/\/politica.estadao.com.br\/blogs\/coluna-do-estadao\/presidente-dos-correios-defende-fechamento-de-agencias-para-modernizar-empresa\/\"><span style=\"font-family: georgia, palatino, serif; font-size: 18pt;\"><em><strong>Presidente dos Correios defende fechamento de ag\u00eancias para modernizar empresa<\/strong><\/em><\/span><\/a><\/span><\/p>\n<p style=\"text-align: center;\"><img data-recalc-dims=\"1\" decoding=\"async\" data-attachment-id=\"12596\" data-permalink=\"https:\/\/gersonguelmann.com.br\/blog\/lembra-quando-os-correios-funcionavam\/correios-4\/\" data-orig-file=\"https:\/\/i0.wp.com\/gersonguelmann.com.br\/blog\/wp-content\/uploads\/2018\/05\/Correios.jpg?fit=800%2C400&amp;ssl=1\" data-orig-size=\"800,400\" data-comments-opened=\"1\" data-image-meta=\"{&quot;aperture&quot;:&quot;0&quot;,&quot;credit&quot;:&quot;&quot;,&quot;camera&quot;:&quot;&quot;,&quot;caption&quot;:&quot;&quot;,&quot;created_timestamp&quot;:&quot;0&quot;,&quot;copyright&quot;:&quot;&quot;,&quot;focal_length&quot;:&quot;0&quot;,&quot;iso&quot;:&quot;0&quot;,&quot;shutter_speed&quot;:&quot;0&quot;,&quot;title&quot;:&quot;&quot;,&quot;orientation&quot;:&quot;0&quot;}\" data-image-title=\"Correios\" data-image-description=\"\" data-image-caption=\"\" data-medium-file=\"https:\/\/i0.wp.com\/gersonguelmann.com.br\/blog\/wp-content\/uploads\/2018\/05\/Correios.jpg?fit=300%2C150&amp;ssl=1\" data-large-file=\"https:\/\/i0.wp.com\/gersonguelmann.com.br\/blog\/wp-content\/uploads\/2018\/05\/Correios.jpg?fit=640%2C320&amp;ssl=1\" class=\"alignnone size-medium wp-image-12596\" src=\"https:\/\/i0.wp.com\/gersonguelmann.com.br\/blog\/wp-content\/uploads\/2018\/05\/Correios.jpg?resize=300%2C150&#038;ssl=1\" alt=\"\" width=\"300\" height=\"150\" srcset=\"https:\/\/i0.wp.com\/gersonguelmann.com.br\/blog\/wp-content\/uploads\/2018\/05\/Correios.jpg?resize=300%2C150&amp;ssl=1 300w, https:\/\/i0.wp.com\/gersonguelmann.com.br\/blog\/wp-content\/uploads\/2018\/05\/Correios.jpg?resize=768%2C384&amp;ssl=1 768w, https:\/\/i0.wp.com\/gersonguelmann.com.br\/blog\/wp-content\/uploads\/2018\/05\/Correios.jpg?w=800&amp;ssl=1 800w\" sizes=\"(max-width: 300px) 100vw, 300px\" \/><br \/>\n<span style=\"color: #808080;\"><em><strong><span style=\"font-family: georgia, palatino, serif; font-size: 10pt;\">Imagem: tudodicas.com.br<\/span><\/strong><\/em><\/span><\/p>\n","protected":false},"excerpt":{"rendered":"<p>A &#8220;carteira&#8221; passou em casa com uma encomenda para mim, provavelmente alguma coisa enviada por uma das filhas que moram fora.\u00a0A mo\u00e7a disse que o objeto s\u00f3 poderia ser entregue ao pr\u00f3prio destinat\u00e1rio. Como eu n\u00e3o estava l\u00e1, deixou uma anota\u00e7\u00e3o com o n\u00ba do registro e a instru\u00e7\u00e3o para retir\u00e1-lo no Centro de Distribui\u00e7\u00e3o [&hellip;]<\/p>\n","protected":false},"author":5,"featured_media":12596,"comment_status":"open","ping_status":"open","sticky":false,"template":"","format":"standard","meta":{"_acf_changed":false,"jetpack_post_was_ever_published":false,"_jetpack_newsletter_access":"","_jetpack_dont_email_post_to_subs":false,"_jetpack_newsletter_tier_id":0,"_jetpack_memberships_contains_paywalled_content":false,"_jetpack_memberships_contains_paid_content":false,"footnotes":"","jetpack_publicize_message":"","jetpack_publicize_feature_enabled":true,"jetpack_social_post_already_shared":true,"jetpack_social_options":{"image_generator_settings":{"template":"highway","default_image_id":0,"font":"","enabled":false},"version":2}},"categories":[1],"tags":[],"class_list":["post-12594","post","type-post","status-publish","format-standard","has-post-thumbnail","hentry","category-sem-categoria"],"acf":[],"yoast_head":"<!-- This site is optimized with the Yoast SEO plugin v27.3 - https:\/\/yoast.com\/product\/yoast-seo-wordpress\/ -->\n<title>Lembra Quando os Correios Funcionavam? | Blog do Guelmann<\/title>\n<meta name=\"robots\" content=\"index, follow, max-snippet:-1, max-image-preview:large, max-video-preview:-1\" \/>\n<link rel=\"canonical\" href=\"https:\/\/gersonguelmann.com.br\/blog\/lembra-quando-os-correios-funcionavam\/\" \/>\n<meta property=\"og:locale\" content=\"pt_BR\" \/>\n<meta property=\"og:type\" content=\"article\" \/>\n<meta property=\"og:title\" content=\"Lembra Quando os Correios Funcionavam? | Blog do Guelmann\" \/>\n<meta property=\"og:description\" content=\"A &#8220;carteira&#8221; passou em casa com uma encomenda para mim, provavelmente alguma coisa enviada por uma das filhas que moram fora.\u00a0A mo\u00e7a disse que o objeto s\u00f3 poderia ser entregue ao pr\u00f3prio destinat\u00e1rio. Como eu n\u00e3o estava l\u00e1, deixou uma anota\u00e7\u00e3o com o n\u00ba do registro e a instru\u00e7\u00e3o para retir\u00e1-lo no Centro de Distribui\u00e7\u00e3o [&hellip;]\" \/>\n<meta property=\"og:url\" content=\"https:\/\/gersonguelmann.com.br\/blog\/lembra-quando-os-correios-funcionavam\/\" \/>\n<meta property=\"og:site_name\" content=\"Blog do Guelmann\" \/>\n<meta property=\"article:published_time\" content=\"2018-05-07T19:10:13+00:00\" \/>\n<meta property=\"og:image\" content=\"https:\/\/i0.wp.com\/gersonguelmann.com.br\/blog\/wp-content\/uploads\/2018\/05\/Correios.jpg?fit=800%2C400&ssl=1\" \/>\n\t<meta property=\"og:image:width\" content=\"800\" \/>\n\t<meta property=\"og:image:height\" content=\"400\" \/>\n\t<meta property=\"og:image:type\" content=\"image\/jpeg\" \/>\n<meta name=\"author\" content=\"Gerson Guelmann\" \/>\n<meta name=\"twitter:card\" content=\"summary_large_image\" \/>\n<meta name=\"twitter:label1\" content=\"Escrito por\" \/>\n\t<meta name=\"twitter:data1\" content=\"Gerson Guelmann\" \/>\n\t<meta name=\"twitter:label2\" content=\"Est. tempo de leitura\" \/>\n\t<meta name=\"twitter:data2\" content=\"1 minuto\" \/>\n<script type=\"application\/ld+json\" class=\"yoast-schema-graph\">{\"@context\":\"https:\\\/\\\/schema.org\",\"@graph\":[{\"@type\":\"Article\",\"@id\":\"https:\\\/\\\/gersonguelmann.com.br\\\/blog\\\/lembra-quando-os-correios-funcionavam\\\/#article\",\"isPartOf\":{\"@id\":\"https:\\\/\\\/gersonguelmann.com.br\\\/blog\\\/lembra-quando-os-correios-funcionavam\\\/\"},\"author\":{\"name\":\"Gerson Guelmann\",\"@id\":\"https:\\\/\\\/gersonguelmann.com.br\\\/blog\\\/#\\\/schema\\\/person\\\/87e70e2a786888082f941a482c90569e\"},\"headline\":\"Lembra Quando os Correios Funcionavam?\",\"datePublished\":\"2018-05-07T19:10:13+00:00\",\"mainEntityOfPage\":{\"@id\":\"https:\\\/\\\/gersonguelmann.com.br\\\/blog\\\/lembra-quando-os-correios-funcionavam\\\/\"},\"wordCount\":250,\"commentCount\":0,\"image\":{\"@id\":\"https:\\\/\\\/gersonguelmann.com.br\\\/blog\\\/lembra-quando-os-correios-funcionavam\\\/#primaryimage\"},\"thumbnailUrl\":\"https:\\\/\\\/i0.wp.com\\\/gersonguelmann.com.br\\\/blog\\\/wp-content\\\/uploads\\\/2018\\\/05\\\/Correios.jpg?fit=800%2C400&ssl=1\",\"inLanguage\":\"pt-BR\",\"potentialAction\":[{\"@type\":\"CommentAction\",\"name\":\"Comment\",\"target\":[\"https:\\\/\\\/gersonguelmann.com.br\\\/blog\\\/lembra-quando-os-correios-funcionavam\\\/#respond\"]}]},{\"@type\":\"WebPage\",\"@id\":\"https:\\\/\\\/gersonguelmann.com.br\\\/blog\\\/lembra-quando-os-correios-funcionavam\\\/\",\"url\":\"https:\\\/\\\/gersonguelmann.com.br\\\/blog\\\/lembra-quando-os-correios-funcionavam\\\/\",\"name\":\"Lembra Quando os Correios Funcionavam? | Blog do Guelmann\",\"isPartOf\":{\"@id\":\"https:\\\/\\\/gersonguelmann.com.br\\\/blog\\\/#website\"},\"primaryImageOfPage\":{\"@id\":\"https:\\\/\\\/gersonguelmann.com.br\\\/blog\\\/lembra-quando-os-correios-funcionavam\\\/#primaryimage\"},\"image\":{\"@id\":\"https:\\\/\\\/gersonguelmann.com.br\\\/blog\\\/lembra-quando-os-correios-funcionavam\\\/#primaryimage\"},\"thumbnailUrl\":\"https:\\\/\\\/i0.wp.com\\\/gersonguelmann.com.br\\\/blog\\\/wp-content\\\/uploads\\\/2018\\\/05\\\/Correios.jpg?fit=800%2C400&ssl=1\",\"datePublished\":\"2018-05-07T19:10:13+00:00\",\"author\":{\"@id\":\"https:\\\/\\\/gersonguelmann.com.br\\\/blog\\\/#\\\/schema\\\/person\\\/87e70e2a786888082f941a482c90569e\"},\"inLanguage\":\"pt-BR\",\"potentialAction\":[{\"@type\":\"ReadAction\",\"target\":[\"https:\\\/\\\/gersonguelmann.com.br\\\/blog\\\/lembra-quando-os-correios-funcionavam\\\/\"]}]},{\"@type\":\"ImageObject\",\"inLanguage\":\"pt-BR\",\"@id\":\"https:\\\/\\\/gersonguelmann.com.br\\\/blog\\\/lembra-quando-os-correios-funcionavam\\\/#primaryimage\",\"url\":\"https:\\\/\\\/i0.wp.com\\\/gersonguelmann.com.br\\\/blog\\\/wp-content\\\/uploads\\\/2018\\\/05\\\/Correios.jpg?fit=800%2C400&ssl=1\",\"contentUrl\":\"https:\\\/\\\/i0.wp.com\\\/gersonguelmann.com.br\\\/blog\\\/wp-content\\\/uploads\\\/2018\\\/05\\\/Correios.jpg?fit=800%2C400&ssl=1\",\"width\":800,\"height\":400},{\"@type\":\"WebSite\",\"@id\":\"https:\\\/\\\/gersonguelmann.com.br\\\/blog\\\/#website\",\"url\":\"https:\\\/\\\/gersonguelmann.com.br\\\/blog\\\/\",\"name\":\"Blog do Guelmann\",\"description\":\"Pitadas da sabedoria e do humor judaicos, assuntos do momento e um pouco das hist\u00f3rias que vivi e testemunhei.\",\"potentialAction\":[{\"@type\":\"SearchAction\",\"target\":{\"@type\":\"EntryPoint\",\"urlTemplate\":\"https:\\\/\\\/gersonguelmann.com.br\\\/blog\\\/?s={search_term_string}\"},\"query-input\":{\"@type\":\"PropertyValueSpecification\",\"valueRequired\":true,\"valueName\":\"search_term_string\"}}],\"inLanguage\":\"pt-BR\"},{\"@type\":\"Person\",\"@id\":\"https:\\\/\\\/gersonguelmann.com.br\\\/blog\\\/#\\\/schema\\\/person\\\/87e70e2a786888082f941a482c90569e\",\"name\":\"Gerson Guelmann\",\"image\":{\"@type\":\"ImageObject\",\"inLanguage\":\"pt-BR\",\"@id\":\"https:\\\/\\\/i0.wp.com\\\/gersonguelmann.com.br\\\/blog\\\/wp-content\\\/uploads\\\/2021\\\/08\\\/BLOG.jpeg?fit=96%2C96&ssl=1\",\"url\":\"https:\\\/\\\/i0.wp.com\\\/gersonguelmann.com.br\\\/blog\\\/wp-content\\\/uploads\\\/2021\\\/08\\\/BLOG.jpeg?fit=96%2C96&ssl=1\",\"contentUrl\":\"https:\\\/\\\/i0.wp.com\\\/gersonguelmann.com.br\\\/blog\\\/wp-content\\\/uploads\\\/2021\\\/08\\\/BLOG.jpeg?fit=96%2C96&ssl=1\",\"caption\":\"Gerson Guelmann\"},\"description\":\"Pitadas da sabedoria e do humor judaicos, assuntos do momento e um pouco das hist\u00f3rias que vivi e testemunhei.\"}]}<\/script>\n<!-- \/ Yoast SEO plugin. -->","yoast_head_json":{"title":"Lembra Quando os Correios Funcionavam? | Blog do Guelmann","robots":{"index":"index","follow":"follow","max-snippet":"max-snippet:-1","max-image-preview":"max-image-preview:large","max-video-preview":"max-video-preview:-1"},"canonical":"https:\/\/gersonguelmann.com.br\/blog\/lembra-quando-os-correios-funcionavam\/","og_locale":"pt_BR","og_type":"article","og_title":"Lembra Quando os Correios Funcionavam? | Blog do Guelmann","og_description":"A &#8220;carteira&#8221; passou em casa com uma encomenda para mim, provavelmente alguma coisa enviada por uma das filhas que moram fora.\u00a0A mo\u00e7a disse que o objeto s\u00f3 poderia ser entregue ao pr\u00f3prio destinat\u00e1rio. Como eu n\u00e3o estava l\u00e1, deixou uma anota\u00e7\u00e3o com o n\u00ba do registro e a instru\u00e7\u00e3o para retir\u00e1-lo no Centro de Distribui\u00e7\u00e3o [&hellip;]","og_url":"https:\/\/gersonguelmann.com.br\/blog\/lembra-quando-os-correios-funcionavam\/","og_site_name":"Blog do Guelmann","article_published_time":"2018-05-07T19:10:13+00:00","og_image":[{"width":800,"height":400,"url":"https:\/\/i0.wp.com\/gersonguelmann.com.br\/blog\/wp-content\/uploads\/2018\/05\/Correios.jpg?fit=800%2C400&ssl=1","type":"image\/jpeg"}],"author":"Gerson Guelmann","twitter_card":"summary_large_image","twitter_misc":{"Escrito por":"Gerson Guelmann","Est. tempo de leitura":"1 minuto"},"schema":{"@context":"https:\/\/schema.org","@graph":[{"@type":"Article","@id":"https:\/\/gersonguelmann.com.br\/blog\/lembra-quando-os-correios-funcionavam\/#article","isPartOf":{"@id":"https:\/\/gersonguelmann.com.br\/blog\/lembra-quando-os-correios-funcionavam\/"},"author":{"name":"Gerson Guelmann","@id":"https:\/\/gersonguelmann.com.br\/blog\/#\/schema\/person\/87e70e2a786888082f941a482c90569e"},"headline":"Lembra Quando os Correios Funcionavam?","datePublished":"2018-05-07T19:10:13+00:00","mainEntityOfPage":{"@id":"https:\/\/gersonguelmann.com.br\/blog\/lembra-quando-os-correios-funcionavam\/"},"wordCount":250,"commentCount":0,"image":{"@id":"https:\/\/gersonguelmann.com.br\/blog\/lembra-quando-os-correios-funcionavam\/#primaryimage"},"thumbnailUrl":"https:\/\/i0.wp.com\/gersonguelmann.com.br\/blog\/wp-content\/uploads\/2018\/05\/Correios.jpg?fit=800%2C400&ssl=1","inLanguage":"pt-BR","potentialAction":[{"@type":"CommentAction","name":"Comment","target":["https:\/\/gersonguelmann.com.br\/blog\/lembra-quando-os-correios-funcionavam\/#respond"]}]},{"@type":"WebPage","@id":"https:\/\/gersonguelmann.com.br\/blog\/lembra-quando-os-correios-funcionavam\/","url":"https:\/\/gersonguelmann.com.br\/blog\/lembra-quando-os-correios-funcionavam\/","name":"Lembra Quando os Correios Funcionavam? | Blog do Guelmann","isPartOf":{"@id":"https:\/\/gersonguelmann.com.br\/blog\/#website"},"primaryImageOfPage":{"@id":"https:\/\/gersonguelmann.com.br\/blog\/lembra-quando-os-correios-funcionavam\/#primaryimage"},"image":{"@id":"https:\/\/gersonguelmann.com.br\/blog\/lembra-quando-os-correios-funcionavam\/#primaryimage"},"thumbnailUrl":"https:\/\/i0.wp.com\/gersonguelmann.com.br\/blog\/wp-content\/uploads\/2018\/05\/Correios.jpg?fit=800%2C400&ssl=1","datePublished":"2018-05-07T19:10:13+00:00","author":{"@id":"https:\/\/gersonguelmann.com.br\/blog\/#\/schema\/person\/87e70e2a786888082f941a482c90569e"},"inLanguage":"pt-BR","potentialAction":[{"@type":"ReadAction","target":["https:\/\/gersonguelmann.com.br\/blog\/lembra-quando-os-correios-funcionavam\/"]}]},{"@type":"ImageObject","inLanguage":"pt-BR","@id":"https:\/\/gersonguelmann.com.br\/blog\/lembra-quando-os-correios-funcionavam\/#primaryimage","url":"https:\/\/i0.wp.com\/gersonguelmann.com.br\/blog\/wp-content\/uploads\/2018\/05\/Correios.jpg?fit=800%2C400&ssl=1","contentUrl":"https:\/\/i0.wp.com\/gersonguelmann.com.br\/blog\/wp-content\/uploads\/2018\/05\/Correios.jpg?fit=800%2C400&ssl=1","width":800,"height":400},{"@type":"WebSite","@id":"https:\/\/gersonguelmann.com.br\/blog\/#website","url":"https:\/\/gersonguelmann.com.br\/blog\/","name":"Blog do Guelmann","description":"Pitadas da sabedoria e do humor judaicos, assuntos do momento e um pouco das hist\u00f3rias que vivi e testemunhei.","potentialAction":[{"@type":"SearchAction","target":{"@type":"EntryPoint","urlTemplate":"https:\/\/gersonguelmann.com.br\/blog\/?s={search_term_string}"},"query-input":{"@type":"PropertyValueSpecification","valueRequired":true,"valueName":"search_term_string"}}],"inLanguage":"pt-BR"},{"@type":"Person","@id":"https:\/\/gersonguelmann.com.br\/blog\/#\/schema\/person\/87e70e2a786888082f941a482c90569e","name":"Gerson Guelmann","image":{"@type":"ImageObject","inLanguage":"pt-BR","@id":"https:\/\/i0.wp.com\/gersonguelmann.com.br\/blog\/wp-content\/uploads\/2021\/08\/BLOG.jpeg?fit=96%2C96&ssl=1","url":"https:\/\/i0.wp.com\/gersonguelmann.com.br\/blog\/wp-content\/uploads\/2021\/08\/BLOG.jpeg?fit=96%2C96&ssl=1","contentUrl":"https:\/\/i0.wp.com\/gersonguelmann.com.br\/blog\/wp-content\/uploads\/2021\/08\/BLOG.jpeg?fit=96%2C96&ssl=1","caption":"Gerson Guelmann"},"description":"Pitadas da sabedoria e do humor judaicos, assuntos do momento e um pouco das hist\u00f3rias que vivi e testemunhei."}]}},"views":19,"jetpack_publicize_connections":[],"jetpack_featured_media_url":"https:\/\/i0.wp.com\/gersonguelmann.com.br\/blog\/wp-content\/uploads\/2018\/05\/Correios.jpg?fit=800%2C400&ssl=1","jetpack_shortlink":"https:\/\/wp.me\/p96e7O-3h8","jetpack-related-posts":[{"id":17171,"url":"https:\/\/gersonguelmann.com.br\/blog\/amazon-e-alibaba-podem-comprar-correios\/","url_meta":{"origin":12594,"position":0},"title":"Amazon e Alibaba Podem Comprar Correios","author":"Gerson Guelmann","date":"24 de junho de 2019","format":false,"excerpt":"Certamente estimuladas pelas not\u00edcias de uma poss\u00edvel privatiza\u00e7\u00e3o e visando o incremento de seus neg\u00f3cios no Brasil, parece que a norte-americana Amazon e a chinesa Alibaba est\u00e3o animadas com a possibilidade de comprar os Correios. Leia a mat\u00e9ria publicada pelo jornal O Dia: COLUNA ESPLANADA Disputa China-EUA pelos Correios Duas\u2026","rel":"","context":"Em &quot;Sem categoria&quot;","block_context":{"text":"Sem categoria","link":"https:\/\/gersonguelmann.com.br\/blog\/category\/sem-categoria\/"},"img":{"alt_text":"","src":"https:\/\/i0.wp.com\/gersonguelmann.com.br\/blog\/wp-content\/uploads\/2019\/06\/Correios-300x112.jpg?resize=350%2C200&ssl=1","width":350,"height":200},"classes":[]},{"id":10330,"url":"https:\/\/gersonguelmann.com.br\/blog\/as-balas-que-mataram-a-vereadora-e-o-teu-sedex-que-nao-chegou\/","url_meta":{"origin":12594,"position":1},"title":"As Balas Que Mataram a Vereadora e o Teu Sedex Que N\u00e3o Chegou","author":"Gerson Guelmann","date":"18 de mar\u00e7o de 2018","format":false,"excerpt":"Dias atr\u00e1s recebi uma mensagem por WhatsApp que dizia que o governo federal conseguiu a fa\u00e7anha de quebrar os Correios, uma empresa centen\u00e1ria que tinha um mercado cativo, sem concorr\u00eancia, e era um modelo de efici\u00eancia.\u00a0 Lembrei disso ao ler o resultado inicial da per\u00edcia sobre a muni\u00e7\u00e3o usada no\u2026","rel":"","context":"Em &quot;Sem categoria&quot;","block_context":{"text":"Sem categoria","link":"https:\/\/gersonguelmann.com.br\/blog\/category\/sem-categoria\/"},"img":{"alt_text":"","src":"https:\/\/i0.wp.com\/gersonguelmann.com.br\/blog\/wp-content\/uploads\/2018\/03\/9mm.jpg?fit=750%2C400&ssl=1&resize=350%2C200","width":350,"height":200,"srcset":"https:\/\/i0.wp.com\/gersonguelmann.com.br\/blog\/wp-content\/uploads\/2018\/03\/9mm.jpg?fit=750%2C400&ssl=1&resize=350%2C200 1x, https:\/\/i0.wp.com\/gersonguelmann.com.br\/blog\/wp-content\/uploads\/2018\/03\/9mm.jpg?fit=750%2C400&ssl=1&resize=525%2C300 1.5x, https:\/\/i0.wp.com\/gersonguelmann.com.br\/blog\/wp-content\/uploads\/2018\/03\/9mm.jpg?fit=750%2C400&ssl=1&resize=700%2C400 2x"},"classes":[]},{"id":15023,"url":"https:\/\/gersonguelmann.com.br\/blog\/nathan-gelbarth-e-a-carta-para-d-us\/","url_meta":{"origin":12594,"position":2},"title":"Nathan Gelbarth e a Carta Para D-us","author":"Gerson Guelmann","date":"3 de novembro de 2018","format":false,"excerpt":"Nathan Gelbart trabalhava para os Correios e seu trabalho era processar correspond\u00eancias postadas com endere\u00e7os incompletos ou ileg\u00edveis. Um dia, Nathan se deparou com uma carta endere\u00e7ada em letra tr\u00eamula para D-us, sem nenhum endere\u00e7o real no envelope. Nathan abriu o envelope e leu a carta dentro: - \"Caro D-us!\u2026","rel":"","context":"Em &quot;Sem categoria&quot;","block_context":{"text":"Sem categoria","link":"https:\/\/gersonguelmann.com.br\/blog\/category\/sem-categoria\/"},"img":{"alt_text":"","src":"https:\/\/i0.wp.com\/gersonguelmann.com.br\/blog\/wp-content\/uploads\/2018\/11\/euro.jpeg?fit=525%2C350&ssl=1&resize=350%2C200","width":350,"height":200,"srcset":"https:\/\/i0.wp.com\/gersonguelmann.com.br\/blog\/wp-content\/uploads\/2018\/11\/euro.jpeg?fit=525%2C350&ssl=1&resize=350%2C200 1x, https:\/\/i0.wp.com\/gersonguelmann.com.br\/blog\/wp-content\/uploads\/2018\/11\/euro.jpeg?fit=525%2C350&ssl=1&resize=525%2C300 1.5x"},"classes":[]},{"id":4651,"url":"https:\/\/gersonguelmann.com.br\/blog\/nao-esqueca-da-carta-do-papai-noel\/","url_meta":{"origin":12594,"position":3},"title":"N\u00e3o Esque\u00e7a da Carta do Papai Noel","author":"Gerson Guelmann","date":"20 de novembro de 2017","format":false,"excerpt":"J\u00e1 come\u00e7ou a tradicional campanha do Papai Noel dos Correios, que \u00e9 realizada h\u00e1 28 anos. Essa a\u00e7\u00e3o de responsabilidade social dos Correios visa\u00a0atender aos pedidos de presentes de crian\u00e7as que se encontram em situa\u00e7\u00e3o de vulnerabilidade social que\u00a0escrevem ao Papai Noel, estudantes das escolas da rede p\u00fablica (at\u00e9 o\u2026","rel":"","context":"Em &quot;Sem categoria&quot;","block_context":{"text":"Sem categoria","link":"https:\/\/gersonguelmann.com.br\/blog\/category\/sem-categoria\/"},"img":{"alt_text":"","src":"https:\/\/i0.wp.com\/gersonguelmann.com.br\/blog\/wp-content\/uploads\/2017\/11\/Correios-1-300x102.jpg?resize=350%2C200&ssl=1","width":350,"height":200},"classes":[]},{"id":23537,"url":"https:\/\/gersonguelmann.com.br\/blog\/sexta-do-humor-e-da-cultura-judaica-sure-abelman-e-o-carteiro-de-dus\/","url_meta":{"origin":12594,"position":4},"title":"Sexta do Humor e da Cultura Judaica: Sure Abelman e o Carteiro de D&#8217;us","author":"Gerson Guelmann","date":"30 de agosto de 2024","format":false,"excerpt":"Sure Abelman e o Carteiro de D'us Nathan Benowitz trabalhava para os Correios, e seu trabalho era processar correspond\u00eancias enviadas com endere\u00e7os incompletos ou ileg\u00edveis, pesquisando e fazendo com que chegassem aos destinat\u00e1rios. Um dia ele se deparou com uma carta endere\u00e7ada a D'us, escrita com uma caligrafia tr\u00eamula, sem\u2026","rel":"","context":"Em &quot;Sem categoria&quot;","block_context":{"text":"Sem categoria","link":"https:\/\/gersonguelmann.com.br\/blog\/category\/sem-categoria\/"},"img":{"alt_text":"","src":"https:\/\/i0.wp.com\/gersonguelmann.com.br\/blog\/wp-content\/uploads\/2024\/08\/HojePR-13.jpg?fit=1200%2C800&ssl=1&resize=350%2C200","width":350,"height":200,"srcset":"https:\/\/i0.wp.com\/gersonguelmann.com.br\/blog\/wp-content\/uploads\/2024\/08\/HojePR-13.jpg?fit=1200%2C800&ssl=1&resize=350%2C200 1x, https:\/\/i0.wp.com\/gersonguelmann.com.br\/blog\/wp-content\/uploads\/2024\/08\/HojePR-13.jpg?fit=1200%2C800&ssl=1&resize=525%2C300 1.5x, https:\/\/i0.wp.com\/gersonguelmann.com.br\/blog\/wp-content\/uploads\/2024\/08\/HojePR-13.jpg?fit=1200%2C800&ssl=1&resize=700%2C400 2x, https:\/\/i0.wp.com\/gersonguelmann.com.br\/blog\/wp-content\/uploads\/2024\/08\/HojePR-13.jpg?fit=1200%2C800&ssl=1&resize=1050%2C600 3x"},"classes":[]},{"id":9493,"url":"https:\/\/gersonguelmann.com.br\/blog\/chegou-agora-ou-pretende-morar-em-curitiba\/","url_meta":{"origin":12594,"position":5},"title":"Chegou Agora Ou Pretende Morar Em Curitiba?","author":"Gerson Guelmann","date":"5 de dezembro de 2022","format":false,"excerpt":"Esta \u00e9 uma compila\u00e7\u00e3o de frases que j\u00e1 circularam em v\u00e1rias publica\u00e7\u00f5es, ent\u00e3o \u00e9 imposs\u00edvel descobrir o 1\u00ba autor para dar o cr\u00e9dito. Eu mesmo j\u00e1 compartilhei algumas, tempos atr\u00e1s, e agora fiz altera\u00e7\u00f5es e inclus\u00f5es, com a adi\u00e7\u00e3o de um pouco do meu humor judaico. O que interessa \u00e9\u2026","rel":"","context":"Em &quot;Sem categoria&quot;","block_context":{"text":"Sem categoria","link":"https:\/\/gersonguelmann.com.br\/blog\/category\/sem-categoria\/"},"img":{"alt_text":"","src":"https:\/\/i0.wp.com\/gersonguelmann.com.br\/blog\/wp-content\/uploads\/2018\/03\/VINA.jpg?fit=700%2C300&ssl=1&resize=350%2C200","width":350,"height":200,"srcset":"https:\/\/i0.wp.com\/gersonguelmann.com.br\/blog\/wp-content\/uploads\/2018\/03\/VINA.jpg?fit=700%2C300&ssl=1&resize=350%2C200 1x, https:\/\/i0.wp.com\/gersonguelmann.com.br\/blog\/wp-content\/uploads\/2018\/03\/VINA.jpg?fit=700%2C300&ssl=1&resize=525%2C300 1.5x, https:\/\/i0.wp.com\/gersonguelmann.com.br\/blog\/wp-content\/uploads\/2018\/03\/VINA.jpg?fit=700%2C300&ssl=1&resize=700%2C400 2x"},"classes":[]}],"jetpack_sharing_enabled":true,"post_mailing_queue_ids":[],"_links":{"self":[{"href":"https:\/\/gersonguelmann.com.br\/blog\/wp-json\/wp\/v2\/posts\/12594","targetHints":{"allow":["GET"]}}],"collection":[{"href":"https:\/\/gersonguelmann.com.br\/blog\/wp-json\/wp\/v2\/posts"}],"about":[{"href":"https:\/\/gersonguelmann.com.br\/blog\/wp-json\/wp\/v2\/types\/post"}],"author":[{"embeddable":true,"href":"https:\/\/gersonguelmann.com.br\/blog\/wp-json\/wp\/v2\/users\/5"}],"replies":[{"embeddable":true,"href":"https:\/\/gersonguelmann.com.br\/blog\/wp-json\/wp\/v2\/comments?post=12594"}],"version-history":[{"count":0,"href":"https:\/\/gersonguelmann.com.br\/blog\/wp-json\/wp\/v2\/posts\/12594\/revisions"}],"wp:featuredmedia":[{"embeddable":true,"href":"https:\/\/gersonguelmann.com.br\/blog\/wp-json\/wp\/v2\/media\/12596"}],"wp:attachment":[{"href":"https:\/\/gersonguelmann.com.br\/blog\/wp-json\/wp\/v2\/media?parent=12594"}],"wp:term":[{"taxonomy":"category","embeddable":true,"href":"https:\/\/gersonguelmann.com.br\/blog\/wp-json\/wp\/v2\/categories?post=12594"},{"taxonomy":"post_tag","embeddable":true,"href":"https:\/\/gersonguelmann.com.br\/blog\/wp-json\/wp\/v2\/tags?post=12594"}],"curies":[{"name":"wp","href":"https:\/\/api.w.org\/{rel}","templated":true}]}}