    {"id":12598,"date":"2018-05-07T16:34:02","date_gmt":"2018-05-07T19:34:02","guid":{"rendered":"https:\/\/gersonguelmann.com.br\/blog\/?p=12598"},"modified":"2018-05-07T16:34:02","modified_gmt":"2018-05-07T19:34:02","slug":"negacionista-do-holocausto-cumprira-pena-na-cadeia","status":"publish","type":"post","link":"https:\/\/gersonguelmann.com.br\/blog\/negacionista-do-holocausto-cumprira-pena-na-cadeia\/","title":{"rendered":"Negacionista do Holocausto Cumprir\u00e1 Pena na Cadeia"},"content":{"rendered":"<p><span style=\"color: #000000; font-family: georgia, palatino, serif; font-size: 18pt;\">Publicado hoje no UOL Not\u00edcias:<\/span><\/p>\n<p><span style=\"font-size: 24pt;\"><strong><span style=\"color: #000000; font-family: arial, helvetica, sans-serif;\">Alem\u00e3 de 89 anos \u00e9 condenada por negar Holocausto<\/span><\/strong><\/span><\/p>\n<p><strong><span style=\"color: #000000; font-family: arial, helvetica, sans-serif; font-size: 14pt;\">07\/05\/2018 &#8211; 14h22<\/span><\/strong><\/p>\n<p><span style=\"color: #000000; font-family: arial, helvetica, sans-serif; font-size: 14pt;\">Berlim, 7 mai (EFE).- Ursula Haverbeck foi detida nesta segunda-feira em Bielefeld, cidade na regi\u00e3o oeste da Alemanha, e cumprir\u00e1 uma pena de dois anos de pris\u00e3o por negar reiteradamente o Holocausto, informou o Minist\u00e9rio P\u00fablico.<\/span><\/p>\n<p><span style=\"color: #000000; font-family: arial, helvetica, sans-serif; font-size: 14pt;\">A alem\u00e3, de 89 anos, \u00e9 \u00edcone dos neonazistas e foi condenada em agosto do ano passado por incita\u00e7\u00e3o ao \u00f3dio racial em oito casos. Ela deveria se apresentar para o cumprimento da senten\u00e7a, mas isso n\u00e3o ocorreu e, com o fim do prazo,\u00a0foi ditada uma ordem de pris\u00e3o contra ela. <\/span><\/p>\n<p><span style=\"color: #000000; font-family: arial, helvetica, sans-serif; font-size: 14pt;\">A Pol\u00edcia a deteve em casa. Em v\u00e1rios artigos para o jornal neonazista &#8220;Stimme des Reiches&#8221;, Haverbeck tinha dito que Auschwitz n\u00e3o foi um campo de exterm\u00ednio, mas apenas de trabalho. Os advogados sustentaram que os artigos deveriam ser amparados pelo direito \u00e0 liberdade de express\u00e3o. <\/span><\/p>\n<p><span style=\"color: #000000; font-family: arial, helvetica, sans-serif; font-size: 14pt;\">A &#8220;vov\u00f3 nazista&#8221;, como \u00e9 conhecida, j\u00e1 tinha sido sentenciada outras seis vezes por negar o massacre, seja nos tribunais,\u00a0atrav\u00e9s de artigos ou com uma carta ao Conselho Central dos Judeus da Alemanha. Os \u00faltimos tr\u00eas processos correram h\u00e1 poucos meses e em duas ocasi\u00f5es a leitura da senten\u00e7a derivou em dist\u00farbios protagonizados por seus seguidores da ultradireita.<\/span><\/p>\n<p><span style=\"color: #000000; font-family: georgia, palatino, serif; font-size: 18pt;\">O artigo original pode ser lido <a href=\"https:\/\/noticias.uol.com.br\/ultimas-noticias\/efe\/2018\/05\/07\/alema-de-89-anos-e-condenada-por-negar-holocausto.htm\"><span style=\"color: #0000ff;\"><em><strong>aqui<\/strong><\/em><\/span><\/a>.<\/span><\/p>\n<p style=\"text-align: center;\"><img data-recalc-dims=\"1\" fetchpriority=\"high\" decoding=\"async\" data-attachment-id=\"12599\" data-permalink=\"https:\/\/gersonguelmann.com.br\/blog\/negacionista-do-holocausto-cumprira-pena-na-cadeia\/holocausto-5\/\" data-orig-file=\"https:\/\/i0.wp.com\/gersonguelmann.com.br\/blog\/wp-content\/uploads\/2018\/05\/Holocausto.jpg?fit=699%2C420&amp;ssl=1\" data-orig-size=\"699,420\" data-comments-opened=\"1\" data-image-meta=\"{&quot;aperture&quot;:&quot;0&quot;,&quot;credit&quot;:&quot;&quot;,&quot;camera&quot;:&quot;&quot;,&quot;caption&quot;:&quot;&quot;,&quot;created_timestamp&quot;:&quot;0&quot;,&quot;copyright&quot;:&quot;&quot;,&quot;focal_length&quot;:&quot;0&quot;,&quot;iso&quot;:&quot;0&quot;,&quot;shutter_speed&quot;:&quot;0&quot;,&quot;title&quot;:&quot;&quot;,&quot;orientation&quot;:&quot;0&quot;}\" data-image-title=\"Holocausto\" data-image-description=\"\" data-image-caption=\"\" data-medium-file=\"https:\/\/i0.wp.com\/gersonguelmann.com.br\/blog\/wp-content\/uploads\/2018\/05\/Holocausto.jpg?fit=300%2C180&amp;ssl=1\" data-large-file=\"https:\/\/i0.wp.com\/gersonguelmann.com.br\/blog\/wp-content\/uploads\/2018\/05\/Holocausto.jpg?fit=640%2C385&amp;ssl=1\" class=\"alignnone size-medium wp-image-12599\" src=\"https:\/\/i0.wp.com\/gersonguelmann.com.br\/blog\/wp-content\/uploads\/2018\/05\/Holocausto.jpg?resize=300%2C180&#038;ssl=1\" alt=\"\" width=\"300\" height=\"180\" srcset=\"https:\/\/i0.wp.com\/gersonguelmann.com.br\/blog\/wp-content\/uploads\/2018\/05\/Holocausto.jpg?resize=300%2C180&amp;ssl=1 300w, https:\/\/i0.wp.com\/gersonguelmann.com.br\/blog\/wp-content\/uploads\/2018\/05\/Holocausto.jpg?w=699&amp;ssl=1 699w\" sizes=\"(max-width: 300px) 100vw, 300px\" \/><\/p>\n","protected":false},"excerpt":{"rendered":"<p>Publicado hoje no UOL Not\u00edcias: Alem\u00e3 de 89 anos \u00e9 condenada por negar Holocausto 07\/05\/2018 &#8211; 14h22 Berlim, 7 mai (EFE).- Ursula Haverbeck foi detida nesta segunda-feira em Bielefeld, cidade na regi\u00e3o oeste da Alemanha, e cumprir\u00e1 uma pena de dois anos de pris\u00e3o por negar reiteradamente o Holocausto, informou o Minist\u00e9rio P\u00fablico. A alem\u00e3, [&hellip;]<\/p>\n","protected":false},"author":5,"featured_media":12599,"comment_status":"open","ping_status":"open","sticky":false,"template":"","format":"standard","meta":{"_acf_changed":false,"jetpack_post_was_ever_published":false,"_jetpack_newsletter_access":"","_jetpack_dont_email_post_to_subs":false,"_jetpack_newsletter_tier_id":0,"_jetpack_memberships_contains_paywalled_content":false,"_jetpack_memberships_contains_paid_content":false,"footnotes":"","jetpack_publicize_message":"","jetpack_publicize_feature_enabled":true,"jetpack_social_post_already_shared":true,"jetpack_social_options":{"image_generator_settings":{"template":"highway","default_image_id":0,"font":"","enabled":false},"version":2}},"categories":[1],"tags":[],"class_list":["post-12598","post","type-post","status-publish","format-standard","has-post-thumbnail","hentry","category-sem-categoria"],"acf":[],"yoast_head":"<!-- This site is optimized with the Yoast SEO plugin v27.3 - https:\/\/yoast.com\/product\/yoast-seo-wordpress\/ -->\n<title>Negacionista do Holocausto Cumprir\u00e1 Pena na Cadeia | Blog do Guelmann<\/title>\n<meta name=\"robots\" content=\"index, follow, max-snippet:-1, max-image-preview:large, max-video-preview:-1\" \/>\n<link rel=\"canonical\" href=\"https:\/\/gersonguelmann.com.br\/blog\/negacionista-do-holocausto-cumprira-pena-na-cadeia\/\" \/>\n<meta property=\"og:locale\" content=\"pt_BR\" \/>\n<meta property=\"og:type\" content=\"article\" \/>\n<meta property=\"og:title\" content=\"Negacionista do Holocausto Cumprir\u00e1 Pena na Cadeia | Blog do Guelmann\" \/>\n<meta property=\"og:description\" content=\"Publicado hoje no UOL Not\u00edcias: Alem\u00e3 de 89 anos \u00e9 condenada por negar Holocausto 07\/05\/2018 &#8211; 14h22 Berlim, 7 mai (EFE).- Ursula Haverbeck foi detida nesta segunda-feira em Bielefeld, cidade na regi\u00e3o oeste da Alemanha, e cumprir\u00e1 uma pena de dois anos de pris\u00e3o por negar reiteradamente o Holocausto, informou o Minist\u00e9rio P\u00fablico. A alem\u00e3, [&hellip;]\" \/>\n<meta property=\"og:url\" content=\"https:\/\/gersonguelmann.com.br\/blog\/negacionista-do-holocausto-cumprira-pena-na-cadeia\/\" \/>\n<meta property=\"og:site_name\" content=\"Blog do Guelmann\" \/>\n<meta property=\"article:published_time\" content=\"2018-05-07T19:34:02+00:00\" \/>\n<meta property=\"og:image\" content=\"https:\/\/i0.wp.com\/gersonguelmann.com.br\/blog\/wp-content\/uploads\/2018\/05\/Holocausto.jpg?fit=699%2C420&ssl=1\" \/>\n\t<meta property=\"og:image:width\" content=\"699\" \/>\n\t<meta property=\"og:image:height\" content=\"420\" \/>\n\t<meta property=\"og:image:type\" content=\"image\/jpeg\" \/>\n<meta name=\"author\" content=\"Gerson Guelmann\" \/>\n<meta name=\"twitter:card\" content=\"summary_large_image\" \/>\n<meta name=\"twitter:label1\" content=\"Escrito por\" \/>\n\t<meta name=\"twitter:data1\" content=\"Gerson Guelmann\" \/>\n\t<meta name=\"twitter:label2\" content=\"Est. tempo de leitura\" \/>\n\t<meta name=\"twitter:data2\" content=\"1 minuto\" \/>\n<script type=\"application\/ld+json\" class=\"yoast-schema-graph\">{\"@context\":\"https:\\\/\\\/schema.org\",\"@graph\":[{\"@type\":\"Article\",\"@id\":\"https:\\\/\\\/gersonguelmann.com.br\\\/blog\\\/negacionista-do-holocausto-cumprira-pena-na-cadeia\\\/#article\",\"isPartOf\":{\"@id\":\"https:\\\/\\\/gersonguelmann.com.br\\\/blog\\\/negacionista-do-holocausto-cumprira-pena-na-cadeia\\\/\"},\"author\":{\"name\":\"Gerson Guelmann\",\"@id\":\"https:\\\/\\\/gersonguelmann.com.br\\\/blog\\\/#\\\/schema\\\/person\\\/87e70e2a786888082f941a482c90569e\"},\"headline\":\"Negacionista do Holocausto Cumprir\u00e1 Pena na Cadeia\",\"datePublished\":\"2018-05-07T19:34:02+00:00\",\"mainEntityOfPage\":{\"@id\":\"https:\\\/\\\/gersonguelmann.com.br\\\/blog\\\/negacionista-do-holocausto-cumprira-pena-na-cadeia\\\/\"},\"wordCount\":236,\"commentCount\":0,\"image\":{\"@id\":\"https:\\\/\\\/gersonguelmann.com.br\\\/blog\\\/negacionista-do-holocausto-cumprira-pena-na-cadeia\\\/#primaryimage\"},\"thumbnailUrl\":\"https:\\\/\\\/i0.wp.com\\\/gersonguelmann.com.br\\\/blog\\\/wp-content\\\/uploads\\\/2018\\\/05\\\/Holocausto.jpg?fit=699%2C420&ssl=1\",\"inLanguage\":\"pt-BR\",\"potentialAction\":[{\"@type\":\"CommentAction\",\"name\":\"Comment\",\"target\":[\"https:\\\/\\\/gersonguelmann.com.br\\\/blog\\\/negacionista-do-holocausto-cumprira-pena-na-cadeia\\\/#respond\"]}]},{\"@type\":\"WebPage\",\"@id\":\"https:\\\/\\\/gersonguelmann.com.br\\\/blog\\\/negacionista-do-holocausto-cumprira-pena-na-cadeia\\\/\",\"url\":\"https:\\\/\\\/gersonguelmann.com.br\\\/blog\\\/negacionista-do-holocausto-cumprira-pena-na-cadeia\\\/\",\"name\":\"Negacionista do Holocausto Cumprir\u00e1 Pena na Cadeia | Blog do Guelmann\",\"isPartOf\":{\"@id\":\"https:\\\/\\\/gersonguelmann.com.br\\\/blog\\\/#website\"},\"primaryImageOfPage\":{\"@id\":\"https:\\\/\\\/gersonguelmann.com.br\\\/blog\\\/negacionista-do-holocausto-cumprira-pena-na-cadeia\\\/#primaryimage\"},\"image\":{\"@id\":\"https:\\\/\\\/gersonguelmann.com.br\\\/blog\\\/negacionista-do-holocausto-cumprira-pena-na-cadeia\\\/#primaryimage\"},\"thumbnailUrl\":\"https:\\\/\\\/i0.wp.com\\\/gersonguelmann.com.br\\\/blog\\\/wp-content\\\/uploads\\\/2018\\\/05\\\/Holocausto.jpg?fit=699%2C420&ssl=1\",\"datePublished\":\"2018-05-07T19:34:02+00:00\",\"author\":{\"@id\":\"https:\\\/\\\/gersonguelmann.com.br\\\/blog\\\/#\\\/schema\\\/person\\\/87e70e2a786888082f941a482c90569e\"},\"inLanguage\":\"pt-BR\",\"potentialAction\":[{\"@type\":\"ReadAction\",\"target\":[\"https:\\\/\\\/gersonguelmann.com.br\\\/blog\\\/negacionista-do-holocausto-cumprira-pena-na-cadeia\\\/\"]}]},{\"@type\":\"ImageObject\",\"inLanguage\":\"pt-BR\",\"@id\":\"https:\\\/\\\/gersonguelmann.com.br\\\/blog\\\/negacionista-do-holocausto-cumprira-pena-na-cadeia\\\/#primaryimage\",\"url\":\"https:\\\/\\\/i0.wp.com\\\/gersonguelmann.com.br\\\/blog\\\/wp-content\\\/uploads\\\/2018\\\/05\\\/Holocausto.jpg?fit=699%2C420&ssl=1\",\"contentUrl\":\"https:\\\/\\\/i0.wp.com\\\/gersonguelmann.com.br\\\/blog\\\/wp-content\\\/uploads\\\/2018\\\/05\\\/Holocausto.jpg?fit=699%2C420&ssl=1\",\"width\":699,\"height\":420},{\"@type\":\"WebSite\",\"@id\":\"https:\\\/\\\/gersonguelmann.com.br\\\/blog\\\/#website\",\"url\":\"https:\\\/\\\/gersonguelmann.com.br\\\/blog\\\/\",\"name\":\"Blog do Guelmann\",\"description\":\"Pitadas da sabedoria e do humor judaicos, assuntos do momento e um pouco das hist\u00f3rias que vivi e testemunhei.\",\"potentialAction\":[{\"@type\":\"SearchAction\",\"target\":{\"@type\":\"EntryPoint\",\"urlTemplate\":\"https:\\\/\\\/gersonguelmann.com.br\\\/blog\\\/?s={search_term_string}\"},\"query-input\":{\"@type\":\"PropertyValueSpecification\",\"valueRequired\":true,\"valueName\":\"search_term_string\"}}],\"inLanguage\":\"pt-BR\"},{\"@type\":\"Person\",\"@id\":\"https:\\\/\\\/gersonguelmann.com.br\\\/blog\\\/#\\\/schema\\\/person\\\/87e70e2a786888082f941a482c90569e\",\"name\":\"Gerson Guelmann\",\"image\":{\"@type\":\"ImageObject\",\"inLanguage\":\"pt-BR\",\"@id\":\"https:\\\/\\\/i0.wp.com\\\/gersonguelmann.com.br\\\/blog\\\/wp-content\\\/uploads\\\/2021\\\/08\\\/BLOG.jpeg?fit=96%2C96&ssl=1\",\"url\":\"https:\\\/\\\/i0.wp.com\\\/gersonguelmann.com.br\\\/blog\\\/wp-content\\\/uploads\\\/2021\\\/08\\\/BLOG.jpeg?fit=96%2C96&ssl=1\",\"contentUrl\":\"https:\\\/\\\/i0.wp.com\\\/gersonguelmann.com.br\\\/blog\\\/wp-content\\\/uploads\\\/2021\\\/08\\\/BLOG.jpeg?fit=96%2C96&ssl=1\",\"caption\":\"Gerson Guelmann\"},\"description\":\"Pitadas da sabedoria e do humor judaicos, assuntos do momento e um pouco das hist\u00f3rias que vivi e testemunhei.\"}]}<\/script>\n<!-- \/ Yoast SEO plugin. -->","yoast_head_json":{"title":"Negacionista do Holocausto Cumprir\u00e1 Pena na Cadeia | Blog do Guelmann","robots":{"index":"index","follow":"follow","max-snippet":"max-snippet:-1","max-image-preview":"max-image-preview:large","max-video-preview":"max-video-preview:-1"},"canonical":"https:\/\/gersonguelmann.com.br\/blog\/negacionista-do-holocausto-cumprira-pena-na-cadeia\/","og_locale":"pt_BR","og_type":"article","og_title":"Negacionista do Holocausto Cumprir\u00e1 Pena na Cadeia | Blog do Guelmann","og_description":"Publicado hoje no UOL Not\u00edcias: Alem\u00e3 de 89 anos \u00e9 condenada por negar Holocausto 07\/05\/2018 &#8211; 14h22 Berlim, 7 mai (EFE).- Ursula Haverbeck foi detida nesta segunda-feira em Bielefeld, cidade na regi\u00e3o oeste da Alemanha, e cumprir\u00e1 uma pena de dois anos de pris\u00e3o por negar reiteradamente o Holocausto, informou o Minist\u00e9rio P\u00fablico. A alem\u00e3, [&hellip;]","og_url":"https:\/\/gersonguelmann.com.br\/blog\/negacionista-do-holocausto-cumprira-pena-na-cadeia\/","og_site_name":"Blog do Guelmann","article_published_time":"2018-05-07T19:34:02+00:00","og_image":[{"width":699,"height":420,"url":"https:\/\/i0.wp.com\/gersonguelmann.com.br\/blog\/wp-content\/uploads\/2018\/05\/Holocausto.jpg?fit=699%2C420&ssl=1","type":"image\/jpeg"}],"author":"Gerson Guelmann","twitter_card":"summary_large_image","twitter_misc":{"Escrito por":"Gerson Guelmann","Est. tempo de leitura":"1 minuto"},"schema":{"@context":"https:\/\/schema.org","@graph":[{"@type":"Article","@id":"https:\/\/gersonguelmann.com.br\/blog\/negacionista-do-holocausto-cumprira-pena-na-cadeia\/#article","isPartOf":{"@id":"https:\/\/gersonguelmann.com.br\/blog\/negacionista-do-holocausto-cumprira-pena-na-cadeia\/"},"author":{"name":"Gerson Guelmann","@id":"https:\/\/gersonguelmann.com.br\/blog\/#\/schema\/person\/87e70e2a786888082f941a482c90569e"},"headline":"Negacionista do Holocausto Cumprir\u00e1 Pena na Cadeia","datePublished":"2018-05-07T19:34:02+00:00","mainEntityOfPage":{"@id":"https:\/\/gersonguelmann.com.br\/blog\/negacionista-do-holocausto-cumprira-pena-na-cadeia\/"},"wordCount":236,"commentCount":0,"image":{"@id":"https:\/\/gersonguelmann.com.br\/blog\/negacionista-do-holocausto-cumprira-pena-na-cadeia\/#primaryimage"},"thumbnailUrl":"https:\/\/i0.wp.com\/gersonguelmann.com.br\/blog\/wp-content\/uploads\/2018\/05\/Holocausto.jpg?fit=699%2C420&ssl=1","inLanguage":"pt-BR","potentialAction":[{"@type":"CommentAction","name":"Comment","target":["https:\/\/gersonguelmann.com.br\/blog\/negacionista-do-holocausto-cumprira-pena-na-cadeia\/#respond"]}]},{"@type":"WebPage","@id":"https:\/\/gersonguelmann.com.br\/blog\/negacionista-do-holocausto-cumprira-pena-na-cadeia\/","url":"https:\/\/gersonguelmann.com.br\/blog\/negacionista-do-holocausto-cumprira-pena-na-cadeia\/","name":"Negacionista do Holocausto Cumprir\u00e1 Pena na Cadeia | Blog do Guelmann","isPartOf":{"@id":"https:\/\/gersonguelmann.com.br\/blog\/#website"},"primaryImageOfPage":{"@id":"https:\/\/gersonguelmann.com.br\/blog\/negacionista-do-holocausto-cumprira-pena-na-cadeia\/#primaryimage"},"image":{"@id":"https:\/\/gersonguelmann.com.br\/blog\/negacionista-do-holocausto-cumprira-pena-na-cadeia\/#primaryimage"},"thumbnailUrl":"https:\/\/i0.wp.com\/gersonguelmann.com.br\/blog\/wp-content\/uploads\/2018\/05\/Holocausto.jpg?fit=699%2C420&ssl=1","datePublished":"2018-05-07T19:34:02+00:00","author":{"@id":"https:\/\/gersonguelmann.com.br\/blog\/#\/schema\/person\/87e70e2a786888082f941a482c90569e"},"inLanguage":"pt-BR","potentialAction":[{"@type":"ReadAction","target":["https:\/\/gersonguelmann.com.br\/blog\/negacionista-do-holocausto-cumprira-pena-na-cadeia\/"]}]},{"@type":"ImageObject","inLanguage":"pt-BR","@id":"https:\/\/gersonguelmann.com.br\/blog\/negacionista-do-holocausto-cumprira-pena-na-cadeia\/#primaryimage","url":"https:\/\/i0.wp.com\/gersonguelmann.com.br\/blog\/wp-content\/uploads\/2018\/05\/Holocausto.jpg?fit=699%2C420&ssl=1","contentUrl":"https:\/\/i0.wp.com\/gersonguelmann.com.br\/blog\/wp-content\/uploads\/2018\/05\/Holocausto.jpg?fit=699%2C420&ssl=1","width":699,"height":420},{"@type":"WebSite","@id":"https:\/\/gersonguelmann.com.br\/blog\/#website","url":"https:\/\/gersonguelmann.com.br\/blog\/","name":"Blog do Guelmann","description":"Pitadas da sabedoria e do humor judaicos, assuntos do momento e um pouco das hist\u00f3rias que vivi e testemunhei.","potentialAction":[{"@type":"SearchAction","target":{"@type":"EntryPoint","urlTemplate":"https:\/\/gersonguelmann.com.br\/blog\/?s={search_term_string}"},"query-input":{"@type":"PropertyValueSpecification","valueRequired":true,"valueName":"search_term_string"}}],"inLanguage":"pt-BR"},{"@type":"Person","@id":"https:\/\/gersonguelmann.com.br\/blog\/#\/schema\/person\/87e70e2a786888082f941a482c90569e","name":"Gerson Guelmann","image":{"@type":"ImageObject","inLanguage":"pt-BR","@id":"https:\/\/i0.wp.com\/gersonguelmann.com.br\/blog\/wp-content\/uploads\/2021\/08\/BLOG.jpeg?fit=96%2C96&ssl=1","url":"https:\/\/i0.wp.com\/gersonguelmann.com.br\/blog\/wp-content\/uploads\/2021\/08\/BLOG.jpeg?fit=96%2C96&ssl=1","contentUrl":"https:\/\/i0.wp.com\/gersonguelmann.com.br\/blog\/wp-content\/uploads\/2021\/08\/BLOG.jpeg?fit=96%2C96&ssl=1","caption":"Gerson Guelmann"},"description":"Pitadas da sabedoria e do humor judaicos, assuntos do momento e um pouco das hist\u00f3rias que vivi e testemunhei."}]}},"views":16,"jetpack_publicize_connections":[],"jetpack_featured_media_url":"https:\/\/i0.wp.com\/gersonguelmann.com.br\/blog\/wp-content\/uploads\/2018\/05\/Holocausto.jpg?fit=699%2C420&ssl=1","jetpack_shortlink":"https:\/\/wp.me\/p96e7O-3hc","jetpack-related-posts":[{"id":7726,"url":"https:\/\/gersonguelmann.com.br\/blog\/nao-da-para-esquecer-dia-lembranca-holocausto\/","url_meta":{"origin":12598,"position":0},"title":"N\u00e3o D\u00e1 Para Esquecer o Dia Da Lembran\u00e7a do Holocausto","author":"Gerson Guelmann","date":"27 de janeiro de 2018","format":false,"excerpt":"\u00a0 \u00a0 \u00a0 \u00a0Auschwitz (maio\/2015)Treblinka (maio\/2015 O dia 27 de janeiro marca o anivers\u00e1rio da liberta\u00e7\u00e3o do campo de exterm\u00ednio de Auschwitz-Birkenau e, pela resolu\u00e7\u00e3o 60\/7 da ONU, \u00e9 tamb\u00e9m o Dia Internacional da Lembran\u00e7a do Holocausto. Poucos assuntos me afetam mais que os relacionados ao Holocausto. Assim mesmo, absorto\u2026","rel":"","context":"Em &quot;Sem categoria&quot;","block_context":{"text":"Sem categoria","link":"https:\/\/gersonguelmann.com.br\/blog\/category\/sem-categoria\/"},"img":{"alt_text":"","src":"https:\/\/i0.wp.com\/gersonguelmann.com.br\/blog\/wp-content\/uploads\/2018\/01\/Treblinka.jpg?fit=1152%2C648&ssl=1&resize=350%2C200","width":350,"height":200,"srcset":"https:\/\/i0.wp.com\/gersonguelmann.com.br\/blog\/wp-content\/uploads\/2018\/01\/Treblinka.jpg?fit=1152%2C648&ssl=1&resize=350%2C200 1x, https:\/\/i0.wp.com\/gersonguelmann.com.br\/blog\/wp-content\/uploads\/2018\/01\/Treblinka.jpg?fit=1152%2C648&ssl=1&resize=525%2C300 1.5x, https:\/\/i0.wp.com\/gersonguelmann.com.br\/blog\/wp-content\/uploads\/2018\/01\/Treblinka.jpg?fit=1152%2C648&ssl=1&resize=700%2C400 2x, https:\/\/i0.wp.com\/gersonguelmann.com.br\/blog\/wp-content\/uploads\/2018\/01\/Treblinka.jpg?fit=1152%2C648&ssl=1&resize=1050%2C600 3x"},"classes":[]},{"id":22655,"url":"https:\/\/gersonguelmann.com.br\/blog\/hoje-e-dia-de-acender-uma-vela-virtual-por-uma-vitima-do-holocausto\/","url_meta":{"origin":12598,"position":1},"title":"Hoje \u00e9 Dia de Acender Uma Vela Virtual Por Uma V\u00edtima do Holocausto","author":"Gerson Guelmann","date":"27 de janeiro de 2022","format":false,"excerpt":"Imagem: Governo do Estado de S\u00e3o Paulo \u201c\u2026N\u00e3o relembrar o Holocausto significa assassinar as v\u00edtimas pela segunda vez; tornar-se c\u00famplice do inimigo. Por outro lado, relembrar significa sentir compaix\u00e3o pelas v\u00edtimas de todas as persegui\u00e7\u00f5es.\u201d Elie Wiesel, pr\u00eamio Nobel da Paz\/1986 Na tarde de 27 de janeiro de 1945 as\u2026","rel":"","context":"Em &quot;Sem categoria&quot;","block_context":{"text":"Sem categoria","link":"https:\/\/gersonguelmann.com.br\/blog\/category\/sem-categoria\/"},"img":{"alt_text":"","src":"https:\/\/i0.wp.com\/gersonguelmann.com.br\/blog\/wp-content\/uploads\/2022\/01\/DIMVH.png?fit=738%2C960&ssl=1&resize=350%2C200","width":350,"height":200,"srcset":"https:\/\/i0.wp.com\/gersonguelmann.com.br\/blog\/wp-content\/uploads\/2022\/01\/DIMVH.png?fit=738%2C960&ssl=1&resize=350%2C200 1x, https:\/\/i0.wp.com\/gersonguelmann.com.br\/blog\/wp-content\/uploads\/2022\/01\/DIMVH.png?fit=738%2C960&ssl=1&resize=525%2C300 1.5x, https:\/\/i0.wp.com\/gersonguelmann.com.br\/blog\/wp-content\/uploads\/2022\/01\/DIMVH.png?fit=738%2C960&ssl=1&resize=700%2C400 2x"},"classes":[]},{"id":11586,"url":"https:\/\/gersonguelmann.com.br\/blog\/o-mundo-esta-esquecendo-auschwitz\/","url_meta":{"origin":12598,"position":2},"title":"O Mundo Est\u00e1 Esquecendo Auschwitz!","author":"Gerson Guelmann","date":"13 de abril de 2018","format":false,"excerpt":"Transcrevo, pela import\u00e2ncia do tema, mat\u00e9ria publicada ontem pela revista Exame: MUNDO Sabe o que foi Auschwitz? Muita gente n\u00e3o sabe \u2014 e isso \u00e9 perigoso Estudo alerta para lacunas cr\u00edticas no conhecimento sobre o genoc\u00eddio de judeus pela Alemanha nazista, especialmente entre a chamada gera\u00e7\u00e3o millennial Por\u00a0Vanessa Barbosa Publicado\u2026","rel":"","context":"Em &quot;Sem categoria&quot;","block_context":{"text":"Sem categoria","link":"https:\/\/gersonguelmann.com.br\/blog\/category\/sem-categoria\/"},"img":{"alt_text":"","src":"https:\/\/i0.wp.com\/gersonguelmann.com.br\/blog\/wp-content\/uploads\/2018\/04\/800x-1.jpg?fit=800%2C533&ssl=1&resize=350%2C200","width":350,"height":200,"srcset":"https:\/\/i0.wp.com\/gersonguelmann.com.br\/blog\/wp-content\/uploads\/2018\/04\/800x-1.jpg?fit=800%2C533&ssl=1&resize=350%2C200 1x, https:\/\/i0.wp.com\/gersonguelmann.com.br\/blog\/wp-content\/uploads\/2018\/04\/800x-1.jpg?fit=800%2C533&ssl=1&resize=525%2C300 1.5x, https:\/\/i0.wp.com\/gersonguelmann.com.br\/blog\/wp-content\/uploads\/2018\/04\/800x-1.jpg?fit=800%2C533&ssl=1&resize=700%2C400 2x"},"classes":[]},{"id":11529,"url":"https:\/\/gersonguelmann.com.br\/blog\/acenda-uma-vela-virtual-por-uma-vitima-do-holocausto\/","url_meta":{"origin":12598,"position":3},"title":"Acenda Uma Vela Virtual Por Uma V\u00edtima do Holocausto","author":"Gerson Guelmann","date":"27 de abril de 2022","format":false,"excerpt":"\"\u2026N\u00e3o relembrar o Holocausto significa assassinar as v\u00edtimas pela segunda vez; tornar-se c\u00famplice do inimigo. Por outro lado, relembrar significa sentir compaix\u00e3o pelas v\u00edtimas de todas as persegui\u00e7\u00f5es.\" Elie Wiesel, pr\u00eamio Nobel da Paz\/1986 At\u00e9 o final da tarde de hoje comemora-se em Israel e em todo o mundo o\u2026","rel":"","context":"Em &quot;Sem categoria&quot;","block_context":{"text":"Sem categoria","link":"https:\/\/gersonguelmann.com.br\/blog\/category\/sem-categoria\/"},"img":{"alt_text":"","src":"https:\/\/i0.wp.com\/gersonguelmann.com.br\/blog\/wp-content\/uploads\/2021\/04\/YH.jpg?fit=1200%2C797&ssl=1&resize=350%2C200","width":350,"height":200,"srcset":"https:\/\/i0.wp.com\/gersonguelmann.com.br\/blog\/wp-content\/uploads\/2021\/04\/YH.jpg?fit=1200%2C797&ssl=1&resize=350%2C200 1x, https:\/\/i0.wp.com\/gersonguelmann.com.br\/blog\/wp-content\/uploads\/2021\/04\/YH.jpg?fit=1200%2C797&ssl=1&resize=525%2C300 1.5x, https:\/\/i0.wp.com\/gersonguelmann.com.br\/blog\/wp-content\/uploads\/2021\/04\/YH.jpg?fit=1200%2C797&ssl=1&resize=700%2C400 2x, https:\/\/i0.wp.com\/gersonguelmann.com.br\/blog\/wp-content\/uploads\/2021\/04\/YH.jpg?fit=1200%2C797&ssl=1&resize=1050%2C600 3x"},"classes":[]},{"id":10472,"url":"https:\/\/gersonguelmann.com.br\/blog\/o-horror-colorido-dos-campos-de-exterminio\/","url_meta":{"origin":12598,"position":4},"title":"O Horror Colorido dos Campos de Exterm\u00ednio","author":"Gerson Guelmann","date":"20 de mar\u00e7o de 2018","format":false,"excerpt":"Prisioneiros s\u00e3o libertados do campo de concentra\u00e7\u00e3o de W\u00f6bbelin, em abril de 1945 (Foto: Arquivo Nacional dos EUA, colorizada digitalmente por Marina Amaral) \u00a0 A artista brasileira Marina Amaral \u00e9 conhecida pelo trabalho que faz ao dar vida a fotos hist\u00f3ricas. Essa menina de 24 anos, mineira de Belo Horizonte,\u2026","rel":"","context":"Em &quot;Sem categoria&quot;","block_context":{"text":"Sem categoria","link":"https:\/\/gersonguelmann.com.br\/blog\/category\/sem-categoria\/"},"img":{"alt_text":"","src":"https:\/\/i0.wp.com\/gersonguelmann.com.br\/blog\/wp-content\/uploads\/2018\/03\/Auschwitz.jpg?fit=640%2C336&ssl=1&resize=350%2C200","width":350,"height":200,"srcset":"https:\/\/i0.wp.com\/gersonguelmann.com.br\/blog\/wp-content\/uploads\/2018\/03\/Auschwitz.jpg?fit=640%2C336&ssl=1&resize=350%2C200 1x, https:\/\/i0.wp.com\/gersonguelmann.com.br\/blog\/wp-content\/uploads\/2018\/03\/Auschwitz.jpg?fit=640%2C336&ssl=1&resize=525%2C300 1.5x"},"classes":[]},{"id":13207,"url":"https:\/\/gersonguelmann.com.br\/blog\/moro-acaba-de-determinar-prisao-de-delubio\/","url_meta":{"origin":12598,"position":5},"title":"Moro Acaba de Determinar Pris\u00e3o de Delubio","author":"Gerson Guelmann","date":"23 de maio de 2018","format":false,"excerpt":"Complementando a informa\u00e7\u00e3o que dei h\u00e1 pouco, a Isto\u00c9 acaba de publicar: GERAL Moro determina pris\u00e3o do ex-tesoureiro do PT Del\u00fabio Soares Ag\u00eancia Brasil 23\/05\/18 - 19h06 O juiz Federal S\u00e9rgio Moro, da 13\u00aa Vara Federal em Curitiba, determinou h\u00e1 pouco a pris\u00e3o do ex-tesoureiro do PT Del\u00fabio Soares, na\u2026","rel":"","context":"Em &quot;Sem categoria&quot;","block_context":{"text":"Sem categoria","link":"https:\/\/gersonguelmann.com.br\/blog\/category\/sem-categoria\/"},"img":{"alt_text":"","src":"https:\/\/i0.wp.com\/gersonguelmann.com.br\/blog\/wp-content\/uploads\/2018\/05\/download-15.jpg?resize=350%2C200&ssl=1","width":350,"height":200},"classes":[]}],"jetpack_sharing_enabled":true,"post_mailing_queue_ids":[],"_links":{"self":[{"href":"https:\/\/gersonguelmann.com.br\/blog\/wp-json\/wp\/v2\/posts\/12598","targetHints":{"allow":["GET"]}}],"collection":[{"href":"https:\/\/gersonguelmann.com.br\/blog\/wp-json\/wp\/v2\/posts"}],"about":[{"href":"https:\/\/gersonguelmann.com.br\/blog\/wp-json\/wp\/v2\/types\/post"}],"author":[{"embeddable":true,"href":"https:\/\/gersonguelmann.com.br\/blog\/wp-json\/wp\/v2\/users\/5"}],"replies":[{"embeddable":true,"href":"https:\/\/gersonguelmann.com.br\/blog\/wp-json\/wp\/v2\/comments?post=12598"}],"version-history":[{"count":0,"href":"https:\/\/gersonguelmann.com.br\/blog\/wp-json\/wp\/v2\/posts\/12598\/revisions"}],"wp:featuredmedia":[{"embeddable":true,"href":"https:\/\/gersonguelmann.com.br\/blog\/wp-json\/wp\/v2\/media\/12599"}],"wp:attachment":[{"href":"https:\/\/gersonguelmann.com.br\/blog\/wp-json\/wp\/v2\/media?parent=12598"}],"wp:term":[{"taxonomy":"category","embeddable":true,"href":"https:\/\/gersonguelmann.com.br\/blog\/wp-json\/wp\/v2\/categories?post=12598"},{"taxonomy":"post_tag","embeddable":true,"href":"https:\/\/gersonguelmann.com.br\/blog\/wp-json\/wp\/v2\/tags?post=12598"}],"curies":[{"name":"wp","href":"https:\/\/api.w.org\/{rel}","templated":true}]}}