    {"id":12605,"date":"2018-05-07T17:40:25","date_gmt":"2018-05-07T20:40:25","guid":{"rendered":"https:\/\/gersonguelmann.com.br\/blog\/?p=12605"},"modified":"2018-05-07T17:40:25","modified_gmt":"2018-05-07T20:40:25","slug":"estaria-o-stf-manobrando-em-favor-de-lula","status":"publish","type":"post","link":"https:\/\/gersonguelmann.com.br\/blog\/estaria-o-stf-manobrando-em-favor-de-lula\/","title":{"rendered":"Estaria o STF Manobrando em Favor de Lula?"},"content":{"rendered":"<p><span style=\"color: #000000; font-family: georgia, palatino, serif; font-size: 18pt;\">O site O Antagonista publicou h\u00e1 pouco:<\/span><\/p>\n<p id=\"single-title\" class=\"entry-title\"><span style=\"font-size: 24pt;\"><strong><span style=\"color: #000000;\">O \u2018golpe virtual\u2019 que pode soltar Lula no STF<\/span><\/strong><\/span><\/p>\n<p><span style=\"color: #000000;\"><span style=\"font-size: 14pt;\"><strong><time class=\"entry-date published\" datetime=\"2018-05-07 16:30:45\">07.05.18 16:30<\/time><\/strong><\/span><\/span><\/p>\n<p><span style=\"color: #000000; font-size: 14pt;\">A Folha lembra que a Segunda Turma do STF est\u00e1, desde sexta-feira (4), julgando no \u201cplen\u00e1rio virtual\u201d um recurso que pode tirar Lula da cadeia em Curitiba.<\/span><\/p>\n<p><span style=\"color: #000000; font-size: 14pt;\">A defesa do condenado alega que ele poderia apresentar outro recurso contra sua pris\u00e3o antes que o TRF-4 considerasse que a possibilidade de recorrer estava esgotada.<\/span><\/p>\n<p><span style=\"color: #000000; font-size: 14pt;\">Edson Fachin, que j\u00e1 havia negado recurso semelhante dos advogados do petista, enviou a quest\u00e3o para o plen\u00e1rio virtual \u2013normalmente usado para votar casos sem grande repercuss\u00e3o e com entendimento pacificado no STF.<\/span><\/p>\n<div id=\"move-banner-box1\" class=\"container-banner-single\">\n<div class=\"banner-box-single\">\n<div class=\"advise-banner-single\">\n<div id=\"div-gpt-box1\" class=\"bn-esq dfp_ad_pos\" data-google-query-id=\"CImlwMu39NoCFRnJ4Qod2pcLjw\"><span style=\"color: #000000; font-family: georgia, palatino, serif; font-size: 18pt;\">Caso queira ler a mat\u00e9ria original, <span style=\"color: #0000ff;\"><em><strong><a style=\"color: #0000ff;\" href=\"https:\/\/www.oantagonista.com\/brasil\/o-golpe-virtual-que-pode-soltar-lula-no-stf\/\">clique aqui<\/a><\/strong><\/em><\/span>.<\/span><\/div>\n<div data-google-query-id=\"CImlwMu39NoCFRnJ4Qod2pcLjw\"><\/div>\n<\/div>\n<div style=\"text-align: center;\" data-google-query-id=\"CImlwMu39NoCFRnJ4Qod2pcLjw\"><img data-recalc-dims=\"1\" fetchpriority=\"high\" decoding=\"async\" data-attachment-id=\"12606\" data-permalink=\"https:\/\/gersonguelmann.com.br\/blog\/estaria-o-stf-manobrando-em-favor-de-lula\/stf-5\/\" data-orig-file=\"https:\/\/i0.wp.com\/gersonguelmann.com.br\/blog\/wp-content\/uploads\/2018\/05\/STF.jpg?fit=1024%2C576&amp;ssl=1\" data-orig-size=\"1024,576\" data-comments-opened=\"1\" data-image-meta=\"{&quot;aperture&quot;:&quot;0&quot;,&quot;credit&quot;:&quot;&quot;,&quot;camera&quot;:&quot;&quot;,&quot;caption&quot;:&quot;&quot;,&quot;created_timestamp&quot;:&quot;0&quot;,&quot;copyright&quot;:&quot;&quot;,&quot;focal_length&quot;:&quot;0&quot;,&quot;iso&quot;:&quot;0&quot;,&quot;shutter_speed&quot;:&quot;0&quot;,&quot;title&quot;:&quot;&quot;,&quot;orientation&quot;:&quot;0&quot;}\" data-image-title=\"STF\" data-image-description=\"\" data-image-caption=\"\" data-medium-file=\"https:\/\/i0.wp.com\/gersonguelmann.com.br\/blog\/wp-content\/uploads\/2018\/05\/STF.jpg?fit=300%2C169&amp;ssl=1\" data-large-file=\"https:\/\/i0.wp.com\/gersonguelmann.com.br\/blog\/wp-content\/uploads\/2018\/05\/STF.jpg?fit=640%2C360&amp;ssl=1\" class=\"size-medium wp-image-12606 aligncenter\" src=\"https:\/\/i0.wp.com\/gersonguelmann.com.br\/blog\/wp-content\/uploads\/2018\/05\/STF.jpg?resize=300%2C169&#038;ssl=1\" alt=\"\" width=\"300\" height=\"169\" srcset=\"https:\/\/i0.wp.com\/gersonguelmann.com.br\/blog\/wp-content\/uploads\/2018\/05\/STF.jpg?resize=300%2C169&amp;ssl=1 300w, https:\/\/i0.wp.com\/gersonguelmann.com.br\/blog\/wp-content\/uploads\/2018\/05\/STF.jpg?resize=768%2C432&amp;ssl=1 768w, https:\/\/i0.wp.com\/gersonguelmann.com.br\/blog\/wp-content\/uploads\/2018\/05\/STF.jpg?w=1024&amp;ssl=1 1024w\" sizes=\"(max-width: 300px) 100vw, 300px\" \/><span style=\"font-family: georgia, palatino, serif; font-size: 10pt; color: #666699;\"><em><strong>Imagem: Isto\u00c9<\/strong><\/em><\/span><\/div>\n<\/div>\n<\/div>\n","protected":false},"excerpt":{"rendered":"<p>O site O Antagonista publicou h\u00e1 pouco: O \u2018golpe virtual\u2019 que pode soltar Lula no STF 07.05.18 16:30 A Folha lembra que a Segunda Turma do STF est\u00e1, desde sexta-feira (4), julgando no \u201cplen\u00e1rio virtual\u201d um recurso que pode tirar Lula da cadeia em Curitiba. A defesa do condenado alega que ele poderia apresentar outro [&hellip;]<\/p>\n","protected":false},"author":5,"featured_media":12606,"comment_status":"open","ping_status":"open","sticky":false,"template":"","format":"standard","meta":{"_acf_changed":false,"jetpack_post_was_ever_published":false,"_jetpack_newsletter_access":"","_jetpack_dont_email_post_to_subs":false,"_jetpack_newsletter_tier_id":0,"_jetpack_memberships_contains_paywalled_content":false,"_jetpack_memberships_contains_paid_content":false,"footnotes":"","jetpack_publicize_message":"","jetpack_publicize_feature_enabled":true,"jetpack_social_post_already_shared":true,"jetpack_social_options":{"image_generator_settings":{"template":"highway","default_image_id":0,"font":"","enabled":false},"version":2}},"categories":[1],"tags":[],"class_list":["post-12605","post","type-post","status-publish","format-standard","has-post-thumbnail","hentry","category-sem-categoria"],"acf":[],"yoast_head":"<!-- This site is optimized with the Yoast SEO plugin v27.3 - https:\/\/yoast.com\/product\/yoast-seo-wordpress\/ -->\n<title>Estaria o STF Manobrando em Favor de Lula? | Blog do Guelmann<\/title>\n<meta name=\"robots\" content=\"index, follow, max-snippet:-1, max-image-preview:large, max-video-preview:-1\" \/>\n<link rel=\"canonical\" href=\"https:\/\/gersonguelmann.com.br\/blog\/estaria-o-stf-manobrando-em-favor-de-lula\/\" \/>\n<meta property=\"og:locale\" content=\"pt_BR\" \/>\n<meta property=\"og:type\" content=\"article\" \/>\n<meta property=\"og:title\" content=\"Estaria o STF Manobrando em Favor de Lula? | Blog do Guelmann\" \/>\n<meta property=\"og:description\" content=\"O site O Antagonista publicou h\u00e1 pouco: O \u2018golpe virtual\u2019 que pode soltar Lula no STF 07.05.18 16:30 A Folha lembra que a Segunda Turma do STF est\u00e1, desde sexta-feira (4), julgando no \u201cplen\u00e1rio virtual\u201d um recurso que pode tirar Lula da cadeia em Curitiba. A defesa do condenado alega que ele poderia apresentar outro [&hellip;]\" \/>\n<meta property=\"og:url\" content=\"https:\/\/gersonguelmann.com.br\/blog\/estaria-o-stf-manobrando-em-favor-de-lula\/\" \/>\n<meta property=\"og:site_name\" content=\"Blog do Guelmann\" \/>\n<meta property=\"article:published_time\" content=\"2018-05-07T20:40:25+00:00\" \/>\n<meta property=\"og:image\" content=\"https:\/\/i0.wp.com\/gersonguelmann.com.br\/blog\/wp-content\/uploads\/2018\/05\/STF.jpg?fit=1024%2C576&ssl=1\" \/>\n\t<meta property=\"og:image:width\" content=\"1024\" \/>\n\t<meta property=\"og:image:height\" content=\"576\" \/>\n\t<meta property=\"og:image:type\" content=\"image\/jpeg\" \/>\n<meta name=\"author\" content=\"Gerson Guelmann\" \/>\n<meta name=\"twitter:card\" content=\"summary_large_image\" \/>\n<meta name=\"twitter:label1\" content=\"Escrito por\" \/>\n\t<meta name=\"twitter:data1\" content=\"Gerson Guelmann\" \/>\n\t<meta name=\"twitter:label2\" content=\"Est. tempo de leitura\" \/>\n\t<meta name=\"twitter:data2\" content=\"1 minuto\" \/>\n<script type=\"application\/ld+json\" class=\"yoast-schema-graph\">{\"@context\":\"https:\\\/\\\/schema.org\",\"@graph\":[{\"@type\":\"Article\",\"@id\":\"https:\\\/\\\/gersonguelmann.com.br\\\/blog\\\/estaria-o-stf-manobrando-em-favor-de-lula\\\/#article\",\"isPartOf\":{\"@id\":\"https:\\\/\\\/gersonguelmann.com.br\\\/blog\\\/estaria-o-stf-manobrando-em-favor-de-lula\\\/\"},\"author\":{\"name\":\"Gerson Guelmann\",\"@id\":\"https:\\\/\\\/gersonguelmann.com.br\\\/blog\\\/#\\\/schema\\\/person\\\/87e70e2a786888082f941a482c90569e\"},\"headline\":\"Estaria o STF Manobrando em Favor de Lula?\",\"datePublished\":\"2018-05-07T20:40:25+00:00\",\"mainEntityOfPage\":{\"@id\":\"https:\\\/\\\/gersonguelmann.com.br\\\/blog\\\/estaria-o-stf-manobrando-em-favor-de-lula\\\/\"},\"wordCount\":125,\"commentCount\":0,\"image\":{\"@id\":\"https:\\\/\\\/gersonguelmann.com.br\\\/blog\\\/estaria-o-stf-manobrando-em-favor-de-lula\\\/#primaryimage\"},\"thumbnailUrl\":\"https:\\\/\\\/i0.wp.com\\\/gersonguelmann.com.br\\\/blog\\\/wp-content\\\/uploads\\\/2018\\\/05\\\/STF.jpg?fit=1024%2C576&ssl=1\",\"inLanguage\":\"pt-BR\",\"potentialAction\":[{\"@type\":\"CommentAction\",\"name\":\"Comment\",\"target\":[\"https:\\\/\\\/gersonguelmann.com.br\\\/blog\\\/estaria-o-stf-manobrando-em-favor-de-lula\\\/#respond\"]}]},{\"@type\":\"WebPage\",\"@id\":\"https:\\\/\\\/gersonguelmann.com.br\\\/blog\\\/estaria-o-stf-manobrando-em-favor-de-lula\\\/\",\"url\":\"https:\\\/\\\/gersonguelmann.com.br\\\/blog\\\/estaria-o-stf-manobrando-em-favor-de-lula\\\/\",\"name\":\"Estaria o STF Manobrando em Favor de Lula? | Blog do Guelmann\",\"isPartOf\":{\"@id\":\"https:\\\/\\\/gersonguelmann.com.br\\\/blog\\\/#website\"},\"primaryImageOfPage\":{\"@id\":\"https:\\\/\\\/gersonguelmann.com.br\\\/blog\\\/estaria-o-stf-manobrando-em-favor-de-lula\\\/#primaryimage\"},\"image\":{\"@id\":\"https:\\\/\\\/gersonguelmann.com.br\\\/blog\\\/estaria-o-stf-manobrando-em-favor-de-lula\\\/#primaryimage\"},\"thumbnailUrl\":\"https:\\\/\\\/i0.wp.com\\\/gersonguelmann.com.br\\\/blog\\\/wp-content\\\/uploads\\\/2018\\\/05\\\/STF.jpg?fit=1024%2C576&ssl=1\",\"datePublished\":\"2018-05-07T20:40:25+00:00\",\"author\":{\"@id\":\"https:\\\/\\\/gersonguelmann.com.br\\\/blog\\\/#\\\/schema\\\/person\\\/87e70e2a786888082f941a482c90569e\"},\"inLanguage\":\"pt-BR\",\"potentialAction\":[{\"@type\":\"ReadAction\",\"target\":[\"https:\\\/\\\/gersonguelmann.com.br\\\/blog\\\/estaria-o-stf-manobrando-em-favor-de-lula\\\/\"]}]},{\"@type\":\"ImageObject\",\"inLanguage\":\"pt-BR\",\"@id\":\"https:\\\/\\\/gersonguelmann.com.br\\\/blog\\\/estaria-o-stf-manobrando-em-favor-de-lula\\\/#primaryimage\",\"url\":\"https:\\\/\\\/i0.wp.com\\\/gersonguelmann.com.br\\\/blog\\\/wp-content\\\/uploads\\\/2018\\\/05\\\/STF.jpg?fit=1024%2C576&ssl=1\",\"contentUrl\":\"https:\\\/\\\/i0.wp.com\\\/gersonguelmann.com.br\\\/blog\\\/wp-content\\\/uploads\\\/2018\\\/05\\\/STF.jpg?fit=1024%2C576&ssl=1\",\"width\":1024,\"height\":576},{\"@type\":\"WebSite\",\"@id\":\"https:\\\/\\\/gersonguelmann.com.br\\\/blog\\\/#website\",\"url\":\"https:\\\/\\\/gersonguelmann.com.br\\\/blog\\\/\",\"name\":\"Blog do Guelmann\",\"description\":\"Pitadas da sabedoria e do humor judaicos, assuntos do momento e um pouco das hist\u00f3rias que vivi e testemunhei.\",\"potentialAction\":[{\"@type\":\"SearchAction\",\"target\":{\"@type\":\"EntryPoint\",\"urlTemplate\":\"https:\\\/\\\/gersonguelmann.com.br\\\/blog\\\/?s={search_term_string}\"},\"query-input\":{\"@type\":\"PropertyValueSpecification\",\"valueRequired\":true,\"valueName\":\"search_term_string\"}}],\"inLanguage\":\"pt-BR\"},{\"@type\":\"Person\",\"@id\":\"https:\\\/\\\/gersonguelmann.com.br\\\/blog\\\/#\\\/schema\\\/person\\\/87e70e2a786888082f941a482c90569e\",\"name\":\"Gerson Guelmann\",\"image\":{\"@type\":\"ImageObject\",\"inLanguage\":\"pt-BR\",\"@id\":\"https:\\\/\\\/i0.wp.com\\\/gersonguelmann.com.br\\\/blog\\\/wp-content\\\/uploads\\\/2021\\\/08\\\/BLOG.jpeg?fit=96%2C96&ssl=1\",\"url\":\"https:\\\/\\\/i0.wp.com\\\/gersonguelmann.com.br\\\/blog\\\/wp-content\\\/uploads\\\/2021\\\/08\\\/BLOG.jpeg?fit=96%2C96&ssl=1\",\"contentUrl\":\"https:\\\/\\\/i0.wp.com\\\/gersonguelmann.com.br\\\/blog\\\/wp-content\\\/uploads\\\/2021\\\/08\\\/BLOG.jpeg?fit=96%2C96&ssl=1\",\"caption\":\"Gerson Guelmann\"},\"description\":\"Pitadas da sabedoria e do humor judaicos, assuntos do momento e um pouco das hist\u00f3rias que vivi e testemunhei.\"}]}<\/script>\n<!-- \/ Yoast SEO plugin. -->","yoast_head_json":{"title":"Estaria o STF Manobrando em Favor de Lula? | Blog do Guelmann","robots":{"index":"index","follow":"follow","max-snippet":"max-snippet:-1","max-image-preview":"max-image-preview:large","max-video-preview":"max-video-preview:-1"},"canonical":"https:\/\/gersonguelmann.com.br\/blog\/estaria-o-stf-manobrando-em-favor-de-lula\/","og_locale":"pt_BR","og_type":"article","og_title":"Estaria o STF Manobrando em Favor de Lula? | Blog do Guelmann","og_description":"O site O Antagonista publicou h\u00e1 pouco: O \u2018golpe virtual\u2019 que pode soltar Lula no STF 07.05.18 16:30 A Folha lembra que a Segunda Turma do STF est\u00e1, desde sexta-feira (4), julgando no \u201cplen\u00e1rio virtual\u201d um recurso que pode tirar Lula da cadeia em Curitiba. A defesa do condenado alega que ele poderia apresentar outro [&hellip;]","og_url":"https:\/\/gersonguelmann.com.br\/blog\/estaria-o-stf-manobrando-em-favor-de-lula\/","og_site_name":"Blog do Guelmann","article_published_time":"2018-05-07T20:40:25+00:00","og_image":[{"width":1024,"height":576,"url":"https:\/\/i0.wp.com\/gersonguelmann.com.br\/blog\/wp-content\/uploads\/2018\/05\/STF.jpg?fit=1024%2C576&ssl=1","type":"image\/jpeg"}],"author":"Gerson Guelmann","twitter_card":"summary_large_image","twitter_misc":{"Escrito por":"Gerson Guelmann","Est. tempo de leitura":"1 minuto"},"schema":{"@context":"https:\/\/schema.org","@graph":[{"@type":"Article","@id":"https:\/\/gersonguelmann.com.br\/blog\/estaria-o-stf-manobrando-em-favor-de-lula\/#article","isPartOf":{"@id":"https:\/\/gersonguelmann.com.br\/blog\/estaria-o-stf-manobrando-em-favor-de-lula\/"},"author":{"name":"Gerson Guelmann","@id":"https:\/\/gersonguelmann.com.br\/blog\/#\/schema\/person\/87e70e2a786888082f941a482c90569e"},"headline":"Estaria o STF Manobrando em Favor de Lula?","datePublished":"2018-05-07T20:40:25+00:00","mainEntityOfPage":{"@id":"https:\/\/gersonguelmann.com.br\/blog\/estaria-o-stf-manobrando-em-favor-de-lula\/"},"wordCount":125,"commentCount":0,"image":{"@id":"https:\/\/gersonguelmann.com.br\/blog\/estaria-o-stf-manobrando-em-favor-de-lula\/#primaryimage"},"thumbnailUrl":"https:\/\/i0.wp.com\/gersonguelmann.com.br\/blog\/wp-content\/uploads\/2018\/05\/STF.jpg?fit=1024%2C576&ssl=1","inLanguage":"pt-BR","potentialAction":[{"@type":"CommentAction","name":"Comment","target":["https:\/\/gersonguelmann.com.br\/blog\/estaria-o-stf-manobrando-em-favor-de-lula\/#respond"]}]},{"@type":"WebPage","@id":"https:\/\/gersonguelmann.com.br\/blog\/estaria-o-stf-manobrando-em-favor-de-lula\/","url":"https:\/\/gersonguelmann.com.br\/blog\/estaria-o-stf-manobrando-em-favor-de-lula\/","name":"Estaria o STF Manobrando em Favor de Lula? | Blog do Guelmann","isPartOf":{"@id":"https:\/\/gersonguelmann.com.br\/blog\/#website"},"primaryImageOfPage":{"@id":"https:\/\/gersonguelmann.com.br\/blog\/estaria-o-stf-manobrando-em-favor-de-lula\/#primaryimage"},"image":{"@id":"https:\/\/gersonguelmann.com.br\/blog\/estaria-o-stf-manobrando-em-favor-de-lula\/#primaryimage"},"thumbnailUrl":"https:\/\/i0.wp.com\/gersonguelmann.com.br\/blog\/wp-content\/uploads\/2018\/05\/STF.jpg?fit=1024%2C576&ssl=1","datePublished":"2018-05-07T20:40:25+00:00","author":{"@id":"https:\/\/gersonguelmann.com.br\/blog\/#\/schema\/person\/87e70e2a786888082f941a482c90569e"},"inLanguage":"pt-BR","potentialAction":[{"@type":"ReadAction","target":["https:\/\/gersonguelmann.com.br\/blog\/estaria-o-stf-manobrando-em-favor-de-lula\/"]}]},{"@type":"ImageObject","inLanguage":"pt-BR","@id":"https:\/\/gersonguelmann.com.br\/blog\/estaria-o-stf-manobrando-em-favor-de-lula\/#primaryimage","url":"https:\/\/i0.wp.com\/gersonguelmann.com.br\/blog\/wp-content\/uploads\/2018\/05\/STF.jpg?fit=1024%2C576&ssl=1","contentUrl":"https:\/\/i0.wp.com\/gersonguelmann.com.br\/blog\/wp-content\/uploads\/2018\/05\/STF.jpg?fit=1024%2C576&ssl=1","width":1024,"height":576},{"@type":"WebSite","@id":"https:\/\/gersonguelmann.com.br\/blog\/#website","url":"https:\/\/gersonguelmann.com.br\/blog\/","name":"Blog do Guelmann","description":"Pitadas da sabedoria e do humor judaicos, assuntos do momento e um pouco das hist\u00f3rias que vivi e testemunhei.","potentialAction":[{"@type":"SearchAction","target":{"@type":"EntryPoint","urlTemplate":"https:\/\/gersonguelmann.com.br\/blog\/?s={search_term_string}"},"query-input":{"@type":"PropertyValueSpecification","valueRequired":true,"valueName":"search_term_string"}}],"inLanguage":"pt-BR"},{"@type":"Person","@id":"https:\/\/gersonguelmann.com.br\/blog\/#\/schema\/person\/87e70e2a786888082f941a482c90569e","name":"Gerson Guelmann","image":{"@type":"ImageObject","inLanguage":"pt-BR","@id":"https:\/\/i0.wp.com\/gersonguelmann.com.br\/blog\/wp-content\/uploads\/2021\/08\/BLOG.jpeg?fit=96%2C96&ssl=1","url":"https:\/\/i0.wp.com\/gersonguelmann.com.br\/blog\/wp-content\/uploads\/2021\/08\/BLOG.jpeg?fit=96%2C96&ssl=1","contentUrl":"https:\/\/i0.wp.com\/gersonguelmann.com.br\/blog\/wp-content\/uploads\/2021\/08\/BLOG.jpeg?fit=96%2C96&ssl=1","caption":"Gerson Guelmann"},"description":"Pitadas da sabedoria e do humor judaicos, assuntos do momento e um pouco das hist\u00f3rias que vivi e testemunhei."}]}},"views":15,"jetpack_publicize_connections":[],"jetpack_featured_media_url":"https:\/\/i0.wp.com\/gersonguelmann.com.br\/blog\/wp-content\/uploads\/2018\/05\/STF.jpg?fit=1024%2C576&ssl=1","jetpack_shortlink":"https:\/\/wp.me\/p96e7O-3hj","jetpack-related-posts":[{"id":12013,"url":"https:\/\/gersonguelmann.com.br\/blog\/veja-o-que-gilmar-mendes-acha-da-pena-de-lula\/","url_meta":{"origin":12605,"position":0},"title":"Veja o Que Gilmar Mendes Acha da Pena de Lula","author":"Gerson Guelmann","date":"24 de abril de 2018","format":false,"excerpt":"Not\u00edcias da manh\u00e3 de hoje sobre o ministro Gilmar Mendes: BRASIL Gilmar Mendes: pena de Lula pode ser reduzida Estad\u00e3o Conte\u00fado 24\/04\/18 - 12h01 Atualizado em 24\/04\/18 - 12h29 O ministro Gilmar Mendes, do Supremo Tribunal Federal (STF), afirmou nesta ter\u00e7a-feira, 24, que a pena de 12 anos e um\u2026","rel":"","context":"Em &quot;Sem categoria&quot;","block_context":{"text":"Sem categoria","link":"https:\/\/gersonguelmann.com.br\/blog\/category\/sem-categoria\/"},"img":{"alt_text":"","src":"https:\/\/i0.wp.com\/gersonguelmann.com.br\/blog\/wp-content\/uploads\/2018\/04\/lula-e-gilmar-mendes.jpg?fit=744%2C496&ssl=1&resize=350%2C200","width":350,"height":200,"srcset":"https:\/\/i0.wp.com\/gersonguelmann.com.br\/blog\/wp-content\/uploads\/2018\/04\/lula-e-gilmar-mendes.jpg?fit=744%2C496&ssl=1&resize=350%2C200 1x, https:\/\/i0.wp.com\/gersonguelmann.com.br\/blog\/wp-content\/uploads\/2018\/04\/lula-e-gilmar-mendes.jpg?fit=744%2C496&ssl=1&resize=525%2C300 1.5x, https:\/\/i0.wp.com\/gersonguelmann.com.br\/blog\/wp-content\/uploads\/2018\/04\/lula-e-gilmar-mendes.jpg?fit=744%2C496&ssl=1&resize=700%2C400 2x"},"classes":[]},{"id":14234,"url":"https:\/\/gersonguelmann.com.br\/blog\/negado-recurso-de-lula-contra-condenacao\/","url_meta":{"origin":12605,"position":1},"title":"Negado Recurso de Lula Contra Condena\u00e7\u00e3o","author":"Gerson Guelmann","date":"22 de junho de 2018","format":false,"excerpt":"Mais uma informa\u00e7\u00e3o de \u00faltima hora d'O Antagonista: URGENTE: TRF-4 NEGA RECURSO DE LULA AO STF Brasil -\u00a022.06.18 - 18:20 A ju\u00edza Maria de F\u00e1tima Labarr\u00e8re, do TRF-4, negou\u00a0a admissibilidade do recurso de Lula ao STF contra a condena\u00e7\u00e3o de 12 anos e um m\u00eas, por corrup\u00e7\u00e3o e lavagem de\u2026","rel":"","context":"Em &quot;Sem categoria&quot;","block_context":{"text":"Sem categoria","link":"https:\/\/gersonguelmann.com.br\/blog\/category\/sem-categoria\/"},"img":{"alt_text":"","src":"https:\/\/i0.wp.com\/gersonguelmann.com.br\/blog\/wp-content\/uploads\/2018\/06\/ltt_posse-desemb-2382_550-500x295.jpg?fit=500%2C295&ssl=1&resize=350%2C200","width":350,"height":200},"classes":[]},{"id":14240,"url":"https:\/\/gersonguelmann.com.br\/blog\/urgente-ministro-fachin-cancelou-o-julgamento-do-pedido-de-lula\/","url_meta":{"origin":12605,"position":2},"title":"Urgente: Ministro Fachin Cancelou o Julgamento do Pedido de Lula","author":"Gerson Guelmann","date":"22 de junho de 2018","format":false,"excerpt":"D'O Antagonista, h\u00e1 poucos minutos: URGENTE: FACHIN CANCELA JULGAMENTO DE PEDIDO DE LULA Brasil -\u00a022.06.18 - 19:28 Ap\u00f3s a decis\u00e3o do TRF-4 de negar recurso de Lula ao STF, Edson Fachin cancelou o julgamento de pedido de Lula para ser solto, informa o rep\u00f3rter Daniel Adjuto, do SBT\u2026 A Segunda\u2026","rel":"","context":"Em &quot;Sem categoria&quot;","block_context":{"text":"Sem categoria","link":"https:\/\/gersonguelmann.com.br\/blog\/category\/sem-categoria\/"},"img":{"alt_text":"","src":"https:\/\/i0.wp.com\/gersonguelmann.com.br\/blog\/wp-content\/uploads\/2018\/06\/brasil-politica-stf-habeas-corpus-lula-20180322-0012.jpg?fit=1200%2C800&ssl=1&resize=350%2C200","width":350,"height":200,"srcset":"https:\/\/i0.wp.com\/gersonguelmann.com.br\/blog\/wp-content\/uploads\/2018\/06\/brasil-politica-stf-habeas-corpus-lula-20180322-0012.jpg?fit=1200%2C800&ssl=1&resize=350%2C200 1x, https:\/\/i0.wp.com\/gersonguelmann.com.br\/blog\/wp-content\/uploads\/2018\/06\/brasil-politica-stf-habeas-corpus-lula-20180322-0012.jpg?fit=1200%2C800&ssl=1&resize=525%2C300 1.5x, https:\/\/i0.wp.com\/gersonguelmann.com.br\/blog\/wp-content\/uploads\/2018\/06\/brasil-politica-stf-habeas-corpus-lula-20180322-0012.jpg?fit=1200%2C800&ssl=1&resize=700%2C400 2x, https:\/\/i0.wp.com\/gersonguelmann.com.br\/blog\/wp-content\/uploads\/2018\/06\/brasil-politica-stf-habeas-corpus-lula-20180322-0012.jpg?fit=1200%2C800&ssl=1&resize=1050%2C600 3x"},"classes":[]},{"id":11281,"url":"https:\/\/gersonguelmann.com.br\/blog\/urgente-advogados-entram-com-pedido-para-evitar-prisao-de-lula\/","url_meta":{"origin":12605,"position":3},"title":"Urgente: Advogados Entram Com Pedido Para Evitar Pris\u00e3o de Lula","author":"Gerson Guelmann","date":"5 de abril de 2018","format":false,"excerpt":"Advogados entram com pedido de liminar no STF para evitar pris\u00e3o de Lula Kakay cria rede de 150 profissionais para auxiliar processo do ex-presidente BRAS\u00cdLIA - O advogado Ant\u00f4nio Carlos de Almeida Castro, conhecido como\u00a0Kakay, entrou nesta quinta-feira com um pedido de\u00a0liminar\u00a0no Supremo Tribunal Federal (STF) para evitar a pris\u00e3o\u2026","rel":"","context":"Em &quot;Sem categoria&quot;","block_context":{"text":"Sem categoria","link":"https:\/\/gersonguelmann.com.br\/blog\/category\/sem-categoria\/"},"img":{"alt_text":"","src":"https:\/\/i0.wp.com\/gersonguelmann.com.br\/blog\/wp-content\/uploads\/2018\/04\/Lula.jpg?fit=699%2C420&ssl=1&resize=350%2C200","width":350,"height":200,"srcset":"https:\/\/i0.wp.com\/gersonguelmann.com.br\/blog\/wp-content\/uploads\/2018\/04\/Lula.jpg?fit=699%2C420&ssl=1&resize=350%2C200 1x, https:\/\/i0.wp.com\/gersonguelmann.com.br\/blog\/wp-content\/uploads\/2018\/04\/Lula.jpg?fit=699%2C420&ssl=1&resize=525%2C300 1.5x"},"classes":[]},{"id":19328,"url":"https:\/\/gersonguelmann.com.br\/blog\/lula-volta-para-a-cadeia-se-a-prisao-em-segunda-instancia-for-aprovada\/","url_meta":{"origin":12605,"position":4},"title":"Lula Volta Para a Cadeia, Se a Pris\u00e3o Em Segunda Inst\u00e2ncia For Aprovada?","author":"Gerson Guelmann","date":"25 de novembro de 2019","format":false,"excerpt":"Essa \u00e9 uma pergunta que muitos fazem. Leia o que a BBC Brasil diz a respeito, em mat\u00e9ria publicada hoje: Se Congresso aprovar pris\u00e3o em segunda inst\u00e2ncia, Lula volta para a cadeia? Andr\u00e9 Shalders - @andreshaldersDa BBC News Brasil em Bras\u00edlia 25 novembro 2019 Na semana passada, a C\u00e2mara e\u2026","rel":"","context":"Em &quot;Sem categoria&quot;","block_context":{"text":"Sem categoria","link":"https:\/\/gersonguelmann.com.br\/blog\/category\/sem-categoria\/"},"img":{"alt_text":"","src":"https:\/\/i0.wp.com\/gersonguelmann.com.br\/blog\/wp-content\/uploads\/2019\/11\/Lula.jpg?fit=929%2C720&ssl=1&resize=350%2C200","width":350,"height":200,"srcset":"https:\/\/i0.wp.com\/gersonguelmann.com.br\/blog\/wp-content\/uploads\/2019\/11\/Lula.jpg?fit=929%2C720&ssl=1&resize=350%2C200 1x, https:\/\/i0.wp.com\/gersonguelmann.com.br\/blog\/wp-content\/uploads\/2019\/11\/Lula.jpg?fit=929%2C720&ssl=1&resize=525%2C300 1.5x, https:\/\/i0.wp.com\/gersonguelmann.com.br\/blog\/wp-content\/uploads\/2019\/11\/Lula.jpg?fit=929%2C720&ssl=1&resize=700%2C400 2x"},"classes":[]},{"id":12713,"url":"https:\/\/gersonguelmann.com.br\/blog\/gilmar-quem-diria-votou-contra-lula\/","url_meta":{"origin":12605,"position":5},"title":"Gilmar, Quem Diria, Votou Contra Lula!","author":"Gerson Guelmann","date":"9 de maio de 2018","format":false,"excerpt":"Do site O Antagonista: GILMAR NEGA PEDIDO PARA QUE LULA SEJA SOLTO Brasil\u00a009.05.18 18:21 Gilmar Mendes votou no plen\u00e1rio virtual do STF contra o recurso apresentado pela defesa de Lula para reverter a sua pris\u00e3o, informa a Coluna do Estad\u00e3o. Com isso, tr\u00eas dos cinco ministros da Segunda Turma do\u2026","rel":"","context":"Em &quot;Sem categoria&quot;","block_context":{"text":"Sem categoria","link":"https:\/\/gersonguelmann.com.br\/blog\/category\/sem-categoria\/"},"img":{"alt_text":"","src":"https:\/\/i0.wp.com\/gersonguelmann.com.br\/blog\/wp-content\/uploads\/2018\/05\/download-6-300x146.jpg?resize=350%2C200&ssl=1","width":350,"height":200},"classes":[]}],"jetpack_sharing_enabled":true,"post_mailing_queue_ids":[],"_links":{"self":[{"href":"https:\/\/gersonguelmann.com.br\/blog\/wp-json\/wp\/v2\/posts\/12605","targetHints":{"allow":["GET"]}}],"collection":[{"href":"https:\/\/gersonguelmann.com.br\/blog\/wp-json\/wp\/v2\/posts"}],"about":[{"href":"https:\/\/gersonguelmann.com.br\/blog\/wp-json\/wp\/v2\/types\/post"}],"author":[{"embeddable":true,"href":"https:\/\/gersonguelmann.com.br\/blog\/wp-json\/wp\/v2\/users\/5"}],"replies":[{"embeddable":true,"href":"https:\/\/gersonguelmann.com.br\/blog\/wp-json\/wp\/v2\/comments?post=12605"}],"version-history":[{"count":0,"href":"https:\/\/gersonguelmann.com.br\/blog\/wp-json\/wp\/v2\/posts\/12605\/revisions"}],"wp:featuredmedia":[{"embeddable":true,"href":"https:\/\/gersonguelmann.com.br\/blog\/wp-json\/wp\/v2\/media\/12606"}],"wp:attachment":[{"href":"https:\/\/gersonguelmann.com.br\/blog\/wp-json\/wp\/v2\/media?parent=12605"}],"wp:term":[{"taxonomy":"category","embeddable":true,"href":"https:\/\/gersonguelmann.com.br\/blog\/wp-json\/wp\/v2\/categories?post=12605"},{"taxonomy":"post_tag","embeddable":true,"href":"https:\/\/gersonguelmann.com.br\/blog\/wp-json\/wp\/v2\/tags?post=12605"}],"curies":[{"name":"wp","href":"https:\/\/api.w.org\/{rel}","templated":true}]}}