    {"id":12623,"date":"2018-05-07T22:42:44","date_gmt":"2018-05-08T01:42:44","guid":{"rendered":"https:\/\/gersonguelmann.com.br\/blog\/?p=12623"},"modified":"2018-05-07T22:42:44","modified_gmt":"2018-05-08T01:42:44","slug":"em-quanto-tempo-voce-montava-o-cubo-magico","status":"publish","type":"post","link":"https:\/\/gersonguelmann.com.br\/blog\/em-quanto-tempo-voce-montava-o-cubo-magico\/","title":{"rendered":"Em Quanto Tempo Voc\u00ea Montava o Cubo M\u00e1gico?"},"content":{"rendered":"<p style=\"text-align: center;\"><img data-recalc-dims=\"1\" fetchpriority=\"high\" decoding=\"async\" data-attachment-id=\"12624\" data-permalink=\"https:\/\/gersonguelmann.com.br\/blog\/em-quanto-tempo-voce-montava-o-cubo-magico\/images-26\/\" data-orig-file=\"https:\/\/i0.wp.com\/gersonguelmann.com.br\/blog\/wp-content\/uploads\/2018\/05\/images-2.jpg?fit=275%2C183&amp;ssl=1\" data-orig-size=\"275,183\" data-comments-opened=\"1\" data-image-meta=\"{&quot;aperture&quot;:&quot;0&quot;,&quot;credit&quot;:&quot;&quot;,&quot;camera&quot;:&quot;&quot;,&quot;caption&quot;:&quot;&quot;,&quot;created_timestamp&quot;:&quot;0&quot;,&quot;copyright&quot;:&quot;&quot;,&quot;focal_length&quot;:&quot;0&quot;,&quot;iso&quot;:&quot;0&quot;,&quot;shutter_speed&quot;:&quot;0&quot;,&quot;title&quot;:&quot;&quot;,&quot;orientation&quot;:&quot;0&quot;}\" data-image-title=\"images\" data-image-description=\"\" data-image-caption=\"\" data-medium-file=\"https:\/\/i0.wp.com\/gersonguelmann.com.br\/blog\/wp-content\/uploads\/2018\/05\/images-2.jpg?fit=275%2C183&amp;ssl=1\" data-large-file=\"https:\/\/i0.wp.com\/gersonguelmann.com.br\/blog\/wp-content\/uploads\/2018\/05\/images-2.jpg?fit=275%2C183&amp;ssl=1\" class=\"alignnone size-full wp-image-12624\" src=\"https:\/\/i0.wp.com\/gersonguelmann.com.br\/blog\/wp-content\/uploads\/2018\/05\/images-2.jpg?resize=275%2C183&#038;ssl=1\" alt=\"\" width=\"275\" height=\"183\" \/><\/p>\n<p><span style=\"font-family: georgia, palatino, serif; font-size: 18pt;\">O Cubo M\u00e1gico, ou Cubo de Rubik, nome dado em homenagem ao inventor, foi criado e se popularizou na d\u00e9cada de 70.<\/span><\/p>\n<p><span style=\"font-family: georgia, palatino, serif; font-size: 18pt;\">Foi uma febre que se espalhou por todo o mundo e at\u00e9 hoje \u00e9 objeto de competi\u00e7\u00f5es. Parece que o recorde mundial \u00e9 um pouco menos de 5&#8243;. No Brasil encontrei registro de 8&#8243;.<\/span><\/p>\n<p>&nbsp;<\/p>\n<p><span style=\"font-family: georgia, palatino, serif; font-size: 18pt;\">Veja, no entanto, o que um rob\u00f4 pode fazer.\u00a0<\/span><\/p>\n<p><span class=\"embed-youtube\" style=\"text-align:center; display: block;\"><iframe class=\"youtube-player\" width=\"640\" height=\"360\" src=\"https:\/\/www.youtube.com\/embed\/6QNnKmYTz_c?version=3&#038;rel=1&#038;showsearch=0&#038;showinfo=1&#038;iv_load_policy=1&#038;fs=1&#038;hl=pt-BR&#038;autohide=2&#038;wmode=transparent\" allowfullscreen=\"true\" style=\"border:0;\" sandbox=\"allow-scripts allow-same-origin allow-popups allow-presentation allow-popups-to-escape-sandbox\"><\/iframe><\/span><\/p>\n","protected":false},"excerpt":{"rendered":"<p>O Cubo M\u00e1gico, ou Cubo de Rubik, nome dado em homenagem ao inventor, foi criado e se popularizou na d\u00e9cada de 70. Foi uma febre que se espalhou por todo o mundo e at\u00e9 hoje \u00e9 objeto de competi\u00e7\u00f5es. Parece que o recorde mundial \u00e9 um pouco menos de 5&#8243;. No Brasil encontrei registro de [&hellip;]<\/p>\n","protected":false},"author":5,"featured_media":12624,"comment_status":"open","ping_status":"open","sticky":false,"template":"","format":"standard","meta":{"_acf_changed":false,"jetpack_post_was_ever_published":false,"_jetpack_newsletter_access":"","_jetpack_dont_email_post_to_subs":false,"_jetpack_newsletter_tier_id":0,"_jetpack_memberships_contains_paywalled_content":false,"_jetpack_memberships_contains_paid_content":false,"footnotes":"","jetpack_publicize_message":"","jetpack_publicize_feature_enabled":true,"jetpack_social_post_already_shared":true,"jetpack_social_options":{"image_generator_settings":{"template":"highway","default_image_id":0,"font":"","enabled":false},"version":2}},"categories":[1],"tags":[],"class_list":["post-12623","post","type-post","status-publish","format-standard","has-post-thumbnail","hentry","category-sem-categoria"],"acf":[],"yoast_head":"<!-- This site is optimized with the Yoast SEO plugin v27.3 - https:\/\/yoast.com\/product\/yoast-seo-wordpress\/ -->\n<title>Em Quanto Tempo Voc\u00ea Montava o Cubo M\u00e1gico? | Blog do Guelmann<\/title>\n<meta name=\"robots\" content=\"index, follow, max-snippet:-1, max-image-preview:large, max-video-preview:-1\" \/>\n<link rel=\"canonical\" href=\"https:\/\/gersonguelmann.com.br\/blog\/em-quanto-tempo-voce-montava-o-cubo-magico\/\" \/>\n<meta property=\"og:locale\" content=\"pt_BR\" \/>\n<meta property=\"og:type\" content=\"article\" \/>\n<meta property=\"og:title\" content=\"Em Quanto Tempo Voc\u00ea Montava o Cubo M\u00e1gico? | Blog do Guelmann\" \/>\n<meta property=\"og:description\" content=\"O Cubo M\u00e1gico, ou Cubo de Rubik, nome dado em homenagem ao inventor, foi criado e se popularizou na d\u00e9cada de 70. Foi uma febre que se espalhou por todo o mundo e at\u00e9 hoje \u00e9 objeto de competi\u00e7\u00f5es. Parece que o recorde mundial \u00e9 um pouco menos de 5&#8243;. No Brasil encontrei registro de [&hellip;]\" \/>\n<meta property=\"og:url\" content=\"https:\/\/gersonguelmann.com.br\/blog\/em-quanto-tempo-voce-montava-o-cubo-magico\/\" \/>\n<meta property=\"og:site_name\" content=\"Blog do Guelmann\" \/>\n<meta property=\"article:published_time\" content=\"2018-05-08T01:42:44+00:00\" \/>\n<meta property=\"og:image\" content=\"https:\/\/i0.wp.com\/gersonguelmann.com.br\/blog\/wp-content\/uploads\/2018\/05\/images-2.jpg?fit=275%2C183&ssl=1\" \/>\n\t<meta property=\"og:image:width\" content=\"275\" \/>\n\t<meta property=\"og:image:height\" content=\"183\" \/>\n\t<meta property=\"og:image:type\" content=\"image\/jpeg\" \/>\n<meta name=\"author\" content=\"Gerson Guelmann\" \/>\n<meta name=\"twitter:card\" content=\"summary_large_image\" \/>\n<meta name=\"twitter:label1\" content=\"Escrito por\" \/>\n\t<meta name=\"twitter:data1\" content=\"Gerson Guelmann\" \/>\n<script type=\"application\/ld+json\" class=\"yoast-schema-graph\">{\"@context\":\"https:\\\/\\\/schema.org\",\"@graph\":[{\"@type\":\"Article\",\"@id\":\"https:\\\/\\\/gersonguelmann.com.br\\\/blog\\\/em-quanto-tempo-voce-montava-o-cubo-magico\\\/#article\",\"isPartOf\":{\"@id\":\"https:\\\/\\\/gersonguelmann.com.br\\\/blog\\\/em-quanto-tempo-voce-montava-o-cubo-magico\\\/\"},\"author\":{\"name\":\"Gerson Guelmann\",\"@id\":\"https:\\\/\\\/gersonguelmann.com.br\\\/blog\\\/#\\\/schema\\\/person\\\/87e70e2a786888082f941a482c90569e\"},\"headline\":\"Em Quanto Tempo Voc\u00ea Montava o Cubo M\u00e1gico?\",\"datePublished\":\"2018-05-08T01:42:44+00:00\",\"mainEntityOfPage\":{\"@id\":\"https:\\\/\\\/gersonguelmann.com.br\\\/blog\\\/em-quanto-tempo-voce-montava-o-cubo-magico\\\/\"},\"wordCount\":81,\"commentCount\":0,\"image\":{\"@id\":\"https:\\\/\\\/gersonguelmann.com.br\\\/blog\\\/em-quanto-tempo-voce-montava-o-cubo-magico\\\/#primaryimage\"},\"thumbnailUrl\":\"https:\\\/\\\/i0.wp.com\\\/gersonguelmann.com.br\\\/blog\\\/wp-content\\\/uploads\\\/2018\\\/05\\\/images-2.jpg?fit=275%2C183&ssl=1\",\"inLanguage\":\"pt-BR\",\"potentialAction\":[{\"@type\":\"CommentAction\",\"name\":\"Comment\",\"target\":[\"https:\\\/\\\/gersonguelmann.com.br\\\/blog\\\/em-quanto-tempo-voce-montava-o-cubo-magico\\\/#respond\"]}]},{\"@type\":\"WebPage\",\"@id\":\"https:\\\/\\\/gersonguelmann.com.br\\\/blog\\\/em-quanto-tempo-voce-montava-o-cubo-magico\\\/\",\"url\":\"https:\\\/\\\/gersonguelmann.com.br\\\/blog\\\/em-quanto-tempo-voce-montava-o-cubo-magico\\\/\",\"name\":\"Em Quanto Tempo Voc\u00ea Montava o Cubo M\u00e1gico? | Blog do Guelmann\",\"isPartOf\":{\"@id\":\"https:\\\/\\\/gersonguelmann.com.br\\\/blog\\\/#website\"},\"primaryImageOfPage\":{\"@id\":\"https:\\\/\\\/gersonguelmann.com.br\\\/blog\\\/em-quanto-tempo-voce-montava-o-cubo-magico\\\/#primaryimage\"},\"image\":{\"@id\":\"https:\\\/\\\/gersonguelmann.com.br\\\/blog\\\/em-quanto-tempo-voce-montava-o-cubo-magico\\\/#primaryimage\"},\"thumbnailUrl\":\"https:\\\/\\\/i0.wp.com\\\/gersonguelmann.com.br\\\/blog\\\/wp-content\\\/uploads\\\/2018\\\/05\\\/images-2.jpg?fit=275%2C183&ssl=1\",\"datePublished\":\"2018-05-08T01:42:44+00:00\",\"author\":{\"@id\":\"https:\\\/\\\/gersonguelmann.com.br\\\/blog\\\/#\\\/schema\\\/person\\\/87e70e2a786888082f941a482c90569e\"},\"inLanguage\":\"pt-BR\",\"potentialAction\":[{\"@type\":\"ReadAction\",\"target\":[\"https:\\\/\\\/gersonguelmann.com.br\\\/blog\\\/em-quanto-tempo-voce-montava-o-cubo-magico\\\/\"]}]},{\"@type\":\"ImageObject\",\"inLanguage\":\"pt-BR\",\"@id\":\"https:\\\/\\\/gersonguelmann.com.br\\\/blog\\\/em-quanto-tempo-voce-montava-o-cubo-magico\\\/#primaryimage\",\"url\":\"https:\\\/\\\/i0.wp.com\\\/gersonguelmann.com.br\\\/blog\\\/wp-content\\\/uploads\\\/2018\\\/05\\\/images-2.jpg?fit=275%2C183&ssl=1\",\"contentUrl\":\"https:\\\/\\\/i0.wp.com\\\/gersonguelmann.com.br\\\/blog\\\/wp-content\\\/uploads\\\/2018\\\/05\\\/images-2.jpg?fit=275%2C183&ssl=1\",\"width\":275,\"height\":183},{\"@type\":\"WebSite\",\"@id\":\"https:\\\/\\\/gersonguelmann.com.br\\\/blog\\\/#website\",\"url\":\"https:\\\/\\\/gersonguelmann.com.br\\\/blog\\\/\",\"name\":\"Blog do Guelmann\",\"description\":\"Pitadas da sabedoria e do humor judaicos, assuntos do momento e um pouco das hist\u00f3rias que vivi e testemunhei.\",\"potentialAction\":[{\"@type\":\"SearchAction\",\"target\":{\"@type\":\"EntryPoint\",\"urlTemplate\":\"https:\\\/\\\/gersonguelmann.com.br\\\/blog\\\/?s={search_term_string}\"},\"query-input\":{\"@type\":\"PropertyValueSpecification\",\"valueRequired\":true,\"valueName\":\"search_term_string\"}}],\"inLanguage\":\"pt-BR\"},{\"@type\":\"Person\",\"@id\":\"https:\\\/\\\/gersonguelmann.com.br\\\/blog\\\/#\\\/schema\\\/person\\\/87e70e2a786888082f941a482c90569e\",\"name\":\"Gerson Guelmann\",\"image\":{\"@type\":\"ImageObject\",\"inLanguage\":\"pt-BR\",\"@id\":\"https:\\\/\\\/i0.wp.com\\\/gersonguelmann.com.br\\\/blog\\\/wp-content\\\/uploads\\\/2021\\\/08\\\/BLOG.jpeg?fit=96%2C96&ssl=1\",\"url\":\"https:\\\/\\\/i0.wp.com\\\/gersonguelmann.com.br\\\/blog\\\/wp-content\\\/uploads\\\/2021\\\/08\\\/BLOG.jpeg?fit=96%2C96&ssl=1\",\"contentUrl\":\"https:\\\/\\\/i0.wp.com\\\/gersonguelmann.com.br\\\/blog\\\/wp-content\\\/uploads\\\/2021\\\/08\\\/BLOG.jpeg?fit=96%2C96&ssl=1\",\"caption\":\"Gerson Guelmann\"},\"description\":\"Pitadas da sabedoria e do humor judaicos, assuntos do momento e um pouco das hist\u00f3rias que vivi e testemunhei.\"}]}<\/script>\n<!-- \/ Yoast SEO plugin. -->","yoast_head_json":{"title":"Em Quanto Tempo Voc\u00ea Montava o Cubo M\u00e1gico? | Blog do Guelmann","robots":{"index":"index","follow":"follow","max-snippet":"max-snippet:-1","max-image-preview":"max-image-preview:large","max-video-preview":"max-video-preview:-1"},"canonical":"https:\/\/gersonguelmann.com.br\/blog\/em-quanto-tempo-voce-montava-o-cubo-magico\/","og_locale":"pt_BR","og_type":"article","og_title":"Em Quanto Tempo Voc\u00ea Montava o Cubo M\u00e1gico? | Blog do Guelmann","og_description":"O Cubo M\u00e1gico, ou Cubo de Rubik, nome dado em homenagem ao inventor, foi criado e se popularizou na d\u00e9cada de 70. Foi uma febre que se espalhou por todo o mundo e at\u00e9 hoje \u00e9 objeto de competi\u00e7\u00f5es. Parece que o recorde mundial \u00e9 um pouco menos de 5&#8243;. No Brasil encontrei registro de [&hellip;]","og_url":"https:\/\/gersonguelmann.com.br\/blog\/em-quanto-tempo-voce-montava-o-cubo-magico\/","og_site_name":"Blog do Guelmann","article_published_time":"2018-05-08T01:42:44+00:00","og_image":[{"width":275,"height":183,"url":"https:\/\/i0.wp.com\/gersonguelmann.com.br\/blog\/wp-content\/uploads\/2018\/05\/images-2.jpg?fit=275%2C183&ssl=1","type":"image\/jpeg"}],"author":"Gerson Guelmann","twitter_card":"summary_large_image","twitter_misc":{"Escrito por":"Gerson Guelmann"},"schema":{"@context":"https:\/\/schema.org","@graph":[{"@type":"Article","@id":"https:\/\/gersonguelmann.com.br\/blog\/em-quanto-tempo-voce-montava-o-cubo-magico\/#article","isPartOf":{"@id":"https:\/\/gersonguelmann.com.br\/blog\/em-quanto-tempo-voce-montava-o-cubo-magico\/"},"author":{"name":"Gerson Guelmann","@id":"https:\/\/gersonguelmann.com.br\/blog\/#\/schema\/person\/87e70e2a786888082f941a482c90569e"},"headline":"Em Quanto Tempo Voc\u00ea Montava o Cubo M\u00e1gico?","datePublished":"2018-05-08T01:42:44+00:00","mainEntityOfPage":{"@id":"https:\/\/gersonguelmann.com.br\/blog\/em-quanto-tempo-voce-montava-o-cubo-magico\/"},"wordCount":81,"commentCount":0,"image":{"@id":"https:\/\/gersonguelmann.com.br\/blog\/em-quanto-tempo-voce-montava-o-cubo-magico\/#primaryimage"},"thumbnailUrl":"https:\/\/i0.wp.com\/gersonguelmann.com.br\/blog\/wp-content\/uploads\/2018\/05\/images-2.jpg?fit=275%2C183&ssl=1","inLanguage":"pt-BR","potentialAction":[{"@type":"CommentAction","name":"Comment","target":["https:\/\/gersonguelmann.com.br\/blog\/em-quanto-tempo-voce-montava-o-cubo-magico\/#respond"]}]},{"@type":"WebPage","@id":"https:\/\/gersonguelmann.com.br\/blog\/em-quanto-tempo-voce-montava-o-cubo-magico\/","url":"https:\/\/gersonguelmann.com.br\/blog\/em-quanto-tempo-voce-montava-o-cubo-magico\/","name":"Em Quanto Tempo Voc\u00ea Montava o Cubo M\u00e1gico? | Blog do Guelmann","isPartOf":{"@id":"https:\/\/gersonguelmann.com.br\/blog\/#website"},"primaryImageOfPage":{"@id":"https:\/\/gersonguelmann.com.br\/blog\/em-quanto-tempo-voce-montava-o-cubo-magico\/#primaryimage"},"image":{"@id":"https:\/\/gersonguelmann.com.br\/blog\/em-quanto-tempo-voce-montava-o-cubo-magico\/#primaryimage"},"thumbnailUrl":"https:\/\/i0.wp.com\/gersonguelmann.com.br\/blog\/wp-content\/uploads\/2018\/05\/images-2.jpg?fit=275%2C183&ssl=1","datePublished":"2018-05-08T01:42:44+00:00","author":{"@id":"https:\/\/gersonguelmann.com.br\/blog\/#\/schema\/person\/87e70e2a786888082f941a482c90569e"},"inLanguage":"pt-BR","potentialAction":[{"@type":"ReadAction","target":["https:\/\/gersonguelmann.com.br\/blog\/em-quanto-tempo-voce-montava-o-cubo-magico\/"]}]},{"@type":"ImageObject","inLanguage":"pt-BR","@id":"https:\/\/gersonguelmann.com.br\/blog\/em-quanto-tempo-voce-montava-o-cubo-magico\/#primaryimage","url":"https:\/\/i0.wp.com\/gersonguelmann.com.br\/blog\/wp-content\/uploads\/2018\/05\/images-2.jpg?fit=275%2C183&ssl=1","contentUrl":"https:\/\/i0.wp.com\/gersonguelmann.com.br\/blog\/wp-content\/uploads\/2018\/05\/images-2.jpg?fit=275%2C183&ssl=1","width":275,"height":183},{"@type":"WebSite","@id":"https:\/\/gersonguelmann.com.br\/blog\/#website","url":"https:\/\/gersonguelmann.com.br\/blog\/","name":"Blog do Guelmann","description":"Pitadas da sabedoria e do humor judaicos, assuntos do momento e um pouco das hist\u00f3rias que vivi e testemunhei.","potentialAction":[{"@type":"SearchAction","target":{"@type":"EntryPoint","urlTemplate":"https:\/\/gersonguelmann.com.br\/blog\/?s={search_term_string}"},"query-input":{"@type":"PropertyValueSpecification","valueRequired":true,"valueName":"search_term_string"}}],"inLanguage":"pt-BR"},{"@type":"Person","@id":"https:\/\/gersonguelmann.com.br\/blog\/#\/schema\/person\/87e70e2a786888082f941a482c90569e","name":"Gerson Guelmann","image":{"@type":"ImageObject","inLanguage":"pt-BR","@id":"https:\/\/i0.wp.com\/gersonguelmann.com.br\/blog\/wp-content\/uploads\/2021\/08\/BLOG.jpeg?fit=96%2C96&ssl=1","url":"https:\/\/i0.wp.com\/gersonguelmann.com.br\/blog\/wp-content\/uploads\/2021\/08\/BLOG.jpeg?fit=96%2C96&ssl=1","contentUrl":"https:\/\/i0.wp.com\/gersonguelmann.com.br\/blog\/wp-content\/uploads\/2021\/08\/BLOG.jpeg?fit=96%2C96&ssl=1","caption":"Gerson Guelmann"},"description":"Pitadas da sabedoria e do humor judaicos, assuntos do momento e um pouco das hist\u00f3rias que vivi e testemunhei."}]}},"views":37,"jetpack_publicize_connections":[],"jetpack_featured_media_url":"https:\/\/i0.wp.com\/gersonguelmann.com.br\/blog\/wp-content\/uploads\/2018\/05\/images-2.jpg?fit=275%2C183&ssl=1","jetpack_shortlink":"https:\/\/wp.me\/p96e7O-3hB","jetpack-related-posts":[{"id":15209,"url":"https:\/\/gersonguelmann.com.br\/blog\/essa-e-para-quem-se-achava-bom-no-cubo-magico\/","url_meta":{"origin":12623,"position":0},"title":"Essa \u00e9 Para Quem Se Achava Bom no Cubo M\u00e1gico","author":"Gerson Guelmann","date":"19 de novembro de 2018","format":false,"excerpt":"Recebi por WhatsApp o v\u00eddeo de um rapaz resolvendo o quebra-cabe\u00e7as do Cubo de Rubik (aqui no Brasil tamb\u00e9m chamado de Cubo M\u00e1gico) de uma forma inacredit\u00e1vel. A mensagem que recebi diz que o nome do rapaz \u00e9 Kleber e que ele seria de Ribeir\u00e3o Preto. O v\u00eddeo foi disponibilizado\u2026","rel":"","context":"Em &quot;Sem categoria&quot;","block_context":{"text":"Sem categoria","link":"https:\/\/gersonguelmann.com.br\/blog\/category\/sem-categoria\/"},"img":{"alt_text":"","src":"https:\/\/i0.wp.com\/gersonguelmann.com.br\/blog\/wp-content\/uploads\/2018\/11\/Rubik.jpg?fit=1200%2C800&ssl=1&resize=350%2C200","width":350,"height":200,"srcset":"https:\/\/i0.wp.com\/gersonguelmann.com.br\/blog\/wp-content\/uploads\/2018\/11\/Rubik.jpg?fit=1200%2C800&ssl=1&resize=350%2C200 1x, https:\/\/i0.wp.com\/gersonguelmann.com.br\/blog\/wp-content\/uploads\/2018\/11\/Rubik.jpg?fit=1200%2C800&ssl=1&resize=525%2C300 1.5x, https:\/\/i0.wp.com\/gersonguelmann.com.br\/blog\/wp-content\/uploads\/2018\/11\/Rubik.jpg?fit=1200%2C800&ssl=1&resize=700%2C400 2x, https:\/\/i0.wp.com\/gersonguelmann.com.br\/blog\/wp-content\/uploads\/2018\/11\/Rubik.jpg?fit=1200%2C800&ssl=1&resize=1050%2C600 3x"},"classes":[]},{"id":5063,"url":"https:\/\/gersonguelmann.com.br\/blog\/1980-o-que-as-criancas-queriam-ganhar-no-natal\/","url_meta":{"origin":12623,"position":1},"title":"1980 &#8211; O Que As crian\u00e7as Queriam Ganhar no Natal?","author":"Gerson Guelmann","date":"30 de novembro de 2017","format":false,"excerpt":"Para quem lembra, esse era o presente que as crian\u00e7as mais pediam no Natal de 1980. O Cubo de Rubik (nome do inventor) ou Cubo M\u00e1gico, t\u00eam 43 quintilh\u00f5es de combina\u00e7\u00f5es poss\u00edveis. Foi criado em 1974 e virou uma febre mundial.","rel":"","context":"Em &quot;Sem categoria&quot;","block_context":{"text":"Sem categoria","link":"https:\/\/gersonguelmann.com.br\/blog\/category\/sem-categoria\/"},"img":{"alt_text":"","src":"https:\/\/i0.wp.com\/gersonguelmann.com.br\/blog\/wp-content\/uploads\/2017\/11\/Cubo-de-Rubik.jpg?fit=1200%2C900&ssl=1&resize=350%2C200","width":350,"height":200,"srcset":"https:\/\/i0.wp.com\/gersonguelmann.com.br\/blog\/wp-content\/uploads\/2017\/11\/Cubo-de-Rubik.jpg?fit=1200%2C900&ssl=1&resize=350%2C200 1x, https:\/\/i0.wp.com\/gersonguelmann.com.br\/blog\/wp-content\/uploads\/2017\/11\/Cubo-de-Rubik.jpg?fit=1200%2C900&ssl=1&resize=525%2C300 1.5x, https:\/\/i0.wp.com\/gersonguelmann.com.br\/blog\/wp-content\/uploads\/2017\/11\/Cubo-de-Rubik.jpg?fit=1200%2C900&ssl=1&resize=700%2C400 2x, https:\/\/i0.wp.com\/gersonguelmann.com.br\/blog\/wp-content\/uploads\/2017\/11\/Cubo-de-Rubik.jpg?fit=1200%2C900&ssl=1&resize=1050%2C600 3x"},"classes":[]},{"id":1727,"url":"https:\/\/gersonguelmann.com.br\/blog\/moises-o-magico\/","url_meta":{"origin":12623,"position":2},"title":"Mois\u00e9s, o M\u00e1gico","author":"Gerson Guelmann","date":"14 de dezembro de 2022","format":false,"excerpt":"Mois\u00e9s era considerado um cara azarado. Nada do que fazia dava certo, em grande parte por ser descuidado e n\u00e3o se aplicar muito no que decidia fazer.\u00a0 Depois de tentar uma por\u00e7\u00e3o de atividades, resolveu fazer um curso de m\u00e1gica e ilusionismo por correspond\u00eancia, o que j\u00e1 n\u00e3o assegurava, digamos\u2026","rel":"","context":"Em &quot;Sem categoria&quot;","block_context":{"text":"Sem categoria","link":"https:\/\/gersonguelmann.com.br\/blog\/category\/sem-categoria\/"},"img":{"alt_text":"","src":"https:\/\/i0.wp.com\/gersonguelmann.com.br\/blog\/wp-content\/uploads\/2019\/05\/MAGICO-scaled.jpg?fit=901%2C1200&ssl=1&resize=350%2C200","width":350,"height":200,"srcset":"https:\/\/i0.wp.com\/gersonguelmann.com.br\/blog\/wp-content\/uploads\/2019\/05\/MAGICO-scaled.jpg?fit=901%2C1200&ssl=1&resize=350%2C200 1x, https:\/\/i0.wp.com\/gersonguelmann.com.br\/blog\/wp-content\/uploads\/2019\/05\/MAGICO-scaled.jpg?fit=901%2C1200&ssl=1&resize=525%2C300 1.5x, https:\/\/i0.wp.com\/gersonguelmann.com.br\/blog\/wp-content\/uploads\/2019\/05\/MAGICO-scaled.jpg?fit=901%2C1200&ssl=1&resize=700%2C400 2x"},"classes":[]},{"id":10727,"url":"https:\/\/gersonguelmann.com.br\/blog\/momento-magico-nascimento-do-elefante\/","url_meta":{"origin":12623,"position":3},"title":"Momento M\u00e1gico: Nascimento do Elefante","author":"Gerson Guelmann","date":"24 de mar\u00e7o de 2018","format":false,"excerpt":"Imagine voc\u00ea estar em um saf\u00e1ri na \u00c1frica do Sul, desses que s\u00e3o feitos por turistas de todo mundo que v\u00e3o para aquele pa\u00eds. O passeio em si j\u00e1 deve ser maravilhoso, pela oportunidade de ver os animais selvagens em seu habitat natural, certo? Agora, se por uma coincid\u00eancia not\u00e1vel\u2026","rel":"","context":"Em &quot;Sem categoria&quot;","block_context":{"text":"Sem categoria","link":"https:\/\/gersonguelmann.com.br\/blog\/category\/sem-categoria\/"},"img":{"alt_text":"","src":"https:\/\/i0.wp.com\/gersonguelmann.com.br\/blog\/wp-content\/uploads\/2018\/03\/elephant-2923917__340.jpg?fit=510%2C340&ssl=1&resize=350%2C200","width":350,"height":200},"classes":[]},{"id":18115,"url":"https:\/\/gersonguelmann.com.br\/blog\/alguem-conhece-essa-oracao-judaica\/","url_meta":{"origin":12623,"position":4},"title":"Algu\u00e9m Conhece Essa Ora\u00e7\u00e3o Judaica?","author":"Gerson Guelmann","date":"24 de agosto de 2019","format":false,"excerpt":"Essa \u00e9 mais uma daquelas coisas boas que aparecem nas redes e cuja autoria nem sempre pode ser determinada. Recebi o texto como sendo de uma \"ora\u00e7\u00e3o judaica\". Gosto muito de pesquisar e seguir pistas na internet, e encontrei alguns perfis de Facebook onde foi publicado recentemente. Retrocedi um pouco\u2026","rel":"","context":"Em &quot;Sem categoria&quot;","block_context":{"text":"Sem categoria","link":"https:\/\/gersonguelmann.com.br\/blog\/category\/sem-categoria\/"},"img":{"alt_text":"","src":"https:\/\/i0.wp.com\/gersonguelmann.com.br\/blog\/wp-content\/uploads\/2019\/08\/Ora%C3%A7%C3%A3o-1.jpg?fit=376%2C501&ssl=1&resize=350%2C200","width":350,"height":200},"classes":[]},{"id":11227,"url":"https:\/\/gersonguelmann.com.br\/blog\/momento-magico-do-futebol\/","url_meta":{"origin":12623,"position":5},"title":"Momento M\u00e1gico do Futebol","author":"Gerson Guelmann","date":"4 de abril de 2018","format":false,"excerpt":"Ao assistir a repeti\u00e7\u00e3o do bel\u00edssimo gol do Cristiano Ronaldo, pensei na felicidade dos que estavam no est\u00e1dio ontem e puderam testemunhar a atua\u00e7\u00e3o, que passar\u00e1 para a hist\u00f3ria como um desses momentos m\u00e1gicos do futebol. Em tempos de instantaneidade e massifica\u00e7\u00e3o da informa\u00e7\u00e3o a gente chega a imaginar que\u2026","rel":"","context":"Em &quot;Sem categoria&quot;","block_context":{"text":"Sem categoria","link":"https:\/\/gersonguelmann.com.br\/blog\/category\/sem-categoria\/"},"img":{"alt_text":"","src":"https:\/\/i0.wp.com\/gersonguelmann.com.br\/blog\/wp-content\/uploads\/2018\/04\/CR-1-300x168.jpg?resize=350%2C200&ssl=1","width":350,"height":200},"classes":[]}],"jetpack_sharing_enabled":true,"post_mailing_queue_ids":[],"_links":{"self":[{"href":"https:\/\/gersonguelmann.com.br\/blog\/wp-json\/wp\/v2\/posts\/12623","targetHints":{"allow":["GET"]}}],"collection":[{"href":"https:\/\/gersonguelmann.com.br\/blog\/wp-json\/wp\/v2\/posts"}],"about":[{"href":"https:\/\/gersonguelmann.com.br\/blog\/wp-json\/wp\/v2\/types\/post"}],"author":[{"embeddable":true,"href":"https:\/\/gersonguelmann.com.br\/blog\/wp-json\/wp\/v2\/users\/5"}],"replies":[{"embeddable":true,"href":"https:\/\/gersonguelmann.com.br\/blog\/wp-json\/wp\/v2\/comments?post=12623"}],"version-history":[{"count":0,"href":"https:\/\/gersonguelmann.com.br\/blog\/wp-json\/wp\/v2\/posts\/12623\/revisions"}],"wp:featuredmedia":[{"embeddable":true,"href":"https:\/\/gersonguelmann.com.br\/blog\/wp-json\/wp\/v2\/media\/12624"}],"wp:attachment":[{"href":"https:\/\/gersonguelmann.com.br\/blog\/wp-json\/wp\/v2\/media?parent=12623"}],"wp:term":[{"taxonomy":"category","embeddable":true,"href":"https:\/\/gersonguelmann.com.br\/blog\/wp-json\/wp\/v2\/categories?post=12623"},{"taxonomy":"post_tag","embeddable":true,"href":"https:\/\/gersonguelmann.com.br\/blog\/wp-json\/wp\/v2\/tags?post=12623"}],"curies":[{"name":"wp","href":"https:\/\/api.w.org\/{rel}","templated":true}]}}