    {"id":12631,"date":"2018-05-08T10:54:24","date_gmt":"2018-05-08T13:54:24","guid":{"rendered":"https:\/\/gersonguelmann.com.br\/blog\/?p=12631"},"modified":"2018-05-08T10:54:24","modified_gmt":"2018-05-08T13:54:24","slug":"ve-se-pode-gilmar-mendes-quer-visitar-lula-na-prisao","status":"publish","type":"post","link":"https:\/\/gersonguelmann.com.br\/blog\/ve-se-pode-gilmar-mendes-quer-visitar-lula-na-prisao\/","title":{"rendered":"V\u00ea se Pode: Gilmar Mendes Quer Visitar Lula na Pris\u00e3o"},"content":{"rendered":"<p><span style=\"color: #000000; font-family: georgia, palatino, serif; font-size: 18pt;\">Algu\u00e9m deve estar de brincadeira com a gente.<\/span><\/p>\n<p><span style=\"color: #000000; font-family: georgia, palatino, serif; font-size: 18pt;\">Veja o que a jornalista M\u00f4nica Bergamo diz em sua coluna na Folha de S\u00e3o Paulo de hoje:<\/span><\/p>\n<p>&nbsp;<\/p>\n<div class=\"c-headline__head\"><span style=\"font-size: 14pt;\"><strong><span style=\"color: #000000;\"><time class=\"c-headline__dateline c-headline__dateline--head\" datetime=\"#\" data-time=\"\">8.mai.2018 \u00e0s 2h00<\/time>\u00a0<\/span><\/strong><\/span><\/p>\n<div class=\"c-modal-drop\" data-modal-drop=\"\" data-qty-collumn=\"3.4\" data-registered=\"true\">\n<div class=\"c-modal-drop__content c-modal-drop__content--no-padding\" aria-hidden=\"true\" data-content=\"\">\n<div class=\"c-tools-share--larger\"><span style=\"color: #000000;\">\u00a0<\/span><\/div>\n<\/div>\n<\/div>\n<\/div>\n<div class=\"c-headline__content\">\n<p class=\"c-headline__title\"><span style=\"font-size: 24pt;\"><strong><span style=\"color: #000000;\">Gilmar Mendes quer entrevistar Lula na pris\u00e3o sobre Constituinte de 1988<\/span><\/strong><\/span><\/p>\n<p class=\"c-headline__standfirst\" data-subtitle=\"\"><span style=\"font-size: 14pt;\"><strong><span style=\"color: #000000;\">Ministro do STF est\u00e1 gravando pessoalmente depoimentos sobre o tema<\/span><\/strong><\/span><\/p>\n<p><span style=\"color: #000000; font-size: 14pt;\">E o ministro Gilmar Mendes, do STF (Supremo Tribunal Federal), pretende entrevistar o ex-presidente Lula. Ele est\u00e1 gravando pessoalmente depoimentos de constituintes de 1988. No domingo (6),\u00a0esteve com Michel Temer.<\/span><\/p>\n<h3 class=\"c-news__subtitle\"><span style=\"color: #000000; font-size: 14pt;\">DE LONGE\u2002<\/span><\/h3>\n<p><span style=\"color: #000000; font-size: 14pt;\">Caso n\u00e3o seja poss\u00edvel tomar o testemunho, j\u00e1 que Lula est\u00e1 preso, Mendes pedir\u00e1 que ele seja ouvido por outra pessoa. As conversas fazem parte de um projeto do\u00a0IDP\u00a0(Instituto Brasiliense de Direito) e da FGV sobre os 30 anos da Constitui\u00e7\u00e3o.<\/span><\/p>\n<p><span style=\"color: #000000; font-family: georgia, palatino, serif; font-size: 18pt;\">O original da coluna est\u00e1 <span style=\"color: #0000ff;\"><em><strong>aqui<\/strong><\/em><\/span>.<\/span><span style=\"color: #000000;\">\u00a0<\/span><span style=\"color: #000000;\">\u00a0<\/span><\/p>\n<figure id=\"attachment_12632\" aria-describedby=\"caption-attachment-12632\" style=\"width: 300px\" class=\"wp-caption aligncenter\"><img data-recalc-dims=\"1\" fetchpriority=\"high\" decoding=\"async\" data-attachment-id=\"12632\" data-permalink=\"https:\/\/gersonguelmann.com.br\/blog\/ve-se-pode-gilmar-mendes-quer-visitar-lula-na-prisao\/lula-e-gilmar-mendes-2\/\" data-orig-file=\"https:\/\/i0.wp.com\/gersonguelmann.com.br\/blog\/wp-content\/uploads\/2018\/05\/lula-e-gilmar-mendes.jpg?fit=744%2C496&amp;ssl=1\" data-orig-size=\"744,496\" data-comments-opened=\"1\" data-image-meta=\"{&quot;aperture&quot;:&quot;0&quot;,&quot;credit&quot;:&quot;Gustavo Miranda&quot;,&quot;camera&quot;:&quot;&quot;,&quot;caption&quot;:&quot;PA  -  Bras\\u00edlia, 23\/04\/2008, STF \/ Solenidade  -  O presidentes Lula com o novo presidente do STF, ministro Gilmar Mendes, durante solenidade de posse. Foto: Gustavo Miranda  \/ Ag\\u00eancia O Globo&quot;,&quot;created_timestamp&quot;:&quot;0&quot;,&quot;copyright&quot;:&quot;Infoglobo&quot;,&quot;focal_length&quot;:&quot;0&quot;,&quot;iso&quot;:&quot;0&quot;,&quot;shutter_speed&quot;:&quot;0&quot;,&quot;title&quot;:&quot;&quot;,&quot;orientation&quot;:&quot;1&quot;}\" data-image-title=\"lula-e-gilmar-mendes\" data-image-description=\"\" data-image-caption=\"&lt;p&gt;PA  &amp;#8211;  Bras\u00edlia, 23\/04\/2008, STF \/ Solenidade  &amp;#8211;  O presidentes Lula com o novo presidente do STF, ministro Gilmar Mendes, durante solenidade de posse. Foto: Gustavo Miranda  \/ Ag\u00eancia O Globo&lt;\/p&gt;\n\" data-medium-file=\"https:\/\/i0.wp.com\/gersonguelmann.com.br\/blog\/wp-content\/uploads\/2018\/05\/lula-e-gilmar-mendes.jpg?fit=300%2C200&amp;ssl=1\" data-large-file=\"https:\/\/i0.wp.com\/gersonguelmann.com.br\/blog\/wp-content\/uploads\/2018\/05\/lula-e-gilmar-mendes.jpg?fit=640%2C427&amp;ssl=1\" class=\"size-medium wp-image-12632\" src=\"https:\/\/i0.wp.com\/gersonguelmann.com.br\/blog\/wp-content\/uploads\/2018\/05\/lula-e-gilmar-mendes.jpg?resize=300%2C200&#038;ssl=1\" alt=\"\" width=\"300\" height=\"200\" srcset=\"https:\/\/i0.wp.com\/gersonguelmann.com.br\/blog\/wp-content\/uploads\/2018\/05\/lula-e-gilmar-mendes.jpg?resize=300%2C200&amp;ssl=1 300w, https:\/\/i0.wp.com\/gersonguelmann.com.br\/blog\/wp-content\/uploads\/2018\/05\/lula-e-gilmar-mendes.jpg?w=744&amp;ssl=1 744w\" sizes=\"(max-width: 300px) 100vw, 300px\" \/><figcaption id=\"caption-attachment-12632\" class=\"wp-caption-text\">PA &#8211; Bras\u00edlia, 23\/04\/2008, STF \/ Solenidade &#8211; O presidentes Lula com o novo presidente do STF, ministro Gilmar Mendes, durante solenidade de posse. Foto: Gustavo Miranda \/ Ag\u00eancia O Globo<\/figcaption><\/figure>\n<p data-subtitle=\"\">\n<\/div>\n","protected":false},"excerpt":{"rendered":"<p>Algu\u00e9m deve estar de brincadeira com a gente. Veja o que a jornalista M\u00f4nica Bergamo diz em sua coluna na Folha de S\u00e3o Paulo de hoje: &nbsp; 8.mai.2018 \u00e0s 2h00\u00a0 \u00a0 Gilmar Mendes quer entrevistar Lula na pris\u00e3o sobre Constituinte de 1988 Ministro do STF est\u00e1 gravando pessoalmente depoimentos sobre o tema E o ministro [&hellip;]<\/p>\n","protected":false},"author":5,"featured_media":12632,"comment_status":"open","ping_status":"open","sticky":false,"template":"","format":"standard","meta":{"_acf_changed":false,"jetpack_post_was_ever_published":false,"_jetpack_newsletter_access":"","_jetpack_dont_email_post_to_subs":false,"_jetpack_newsletter_tier_id":0,"_jetpack_memberships_contains_paywalled_content":false,"_jetpack_memberships_contains_paid_content":false,"footnotes":"","jetpack_publicize_message":"","jetpack_publicize_feature_enabled":true,"jetpack_social_post_already_shared":true,"jetpack_social_options":{"image_generator_settings":{"template":"highway","default_image_id":0,"font":"","enabled":false},"version":2}},"categories":[1],"tags":[],"class_list":["post-12631","post","type-post","status-publish","format-standard","has-post-thumbnail","hentry","category-sem-categoria"],"acf":[],"yoast_head":"<!-- This site is optimized with the Yoast SEO plugin v27.3 - https:\/\/yoast.com\/product\/yoast-seo-wordpress\/ -->\n<title>V\u00ea se Pode: Gilmar Mendes Quer Visitar Lula na Pris\u00e3o | Blog do Guelmann<\/title>\n<meta name=\"robots\" content=\"index, follow, max-snippet:-1, max-image-preview:large, max-video-preview:-1\" \/>\n<link rel=\"canonical\" href=\"https:\/\/gersonguelmann.com.br\/blog\/ve-se-pode-gilmar-mendes-quer-visitar-lula-na-prisao\/\" \/>\n<meta property=\"og:locale\" content=\"pt_BR\" \/>\n<meta property=\"og:type\" content=\"article\" \/>\n<meta property=\"og:title\" content=\"V\u00ea se Pode: Gilmar Mendes Quer Visitar Lula na Pris\u00e3o | Blog do Guelmann\" \/>\n<meta property=\"og:description\" content=\"Algu\u00e9m deve estar de brincadeira com a gente. Veja o que a jornalista M\u00f4nica Bergamo diz em sua coluna na Folha de S\u00e3o Paulo de hoje: &nbsp; 8.mai.2018 \u00e0s 2h00\u00a0 \u00a0 Gilmar Mendes quer entrevistar Lula na pris\u00e3o sobre Constituinte de 1988 Ministro do STF est\u00e1 gravando pessoalmente depoimentos sobre o tema E o ministro [&hellip;]\" \/>\n<meta property=\"og:url\" content=\"https:\/\/gersonguelmann.com.br\/blog\/ve-se-pode-gilmar-mendes-quer-visitar-lula-na-prisao\/\" \/>\n<meta property=\"og:site_name\" content=\"Blog do Guelmann\" \/>\n<meta property=\"article:published_time\" content=\"2018-05-08T13:54:24+00:00\" \/>\n<meta property=\"og:image\" content=\"https:\/\/i0.wp.com\/gersonguelmann.com.br\/blog\/wp-content\/uploads\/2018\/05\/lula-e-gilmar-mendes.jpg?fit=744%2C496&ssl=1\" \/>\n\t<meta property=\"og:image:width\" content=\"744\" \/>\n\t<meta property=\"og:image:height\" content=\"496\" \/>\n\t<meta property=\"og:image:type\" content=\"image\/jpeg\" \/>\n<meta name=\"author\" content=\"Gerson Guelmann\" \/>\n<meta name=\"twitter:card\" content=\"summary_large_image\" \/>\n<meta name=\"twitter:label1\" content=\"Escrito por\" \/>\n\t<meta name=\"twitter:data1\" content=\"Gerson Guelmann\" \/>\n\t<meta name=\"twitter:label2\" content=\"Est. tempo de leitura\" \/>\n\t<meta name=\"twitter:data2\" content=\"1 minuto\" \/>\n<script type=\"application\/ld+json\" class=\"yoast-schema-graph\">{\"@context\":\"https:\\\/\\\/schema.org\",\"@graph\":[{\"@type\":\"Article\",\"@id\":\"https:\\\/\\\/gersonguelmann.com.br\\\/blog\\\/ve-se-pode-gilmar-mendes-quer-visitar-lula-na-prisao\\\/#article\",\"isPartOf\":{\"@id\":\"https:\\\/\\\/gersonguelmann.com.br\\\/blog\\\/ve-se-pode-gilmar-mendes-quer-visitar-lula-na-prisao\\\/\"},\"author\":{\"name\":\"Gerson Guelmann\",\"@id\":\"https:\\\/\\\/gersonguelmann.com.br\\\/blog\\\/#\\\/schema\\\/person\\\/87e70e2a786888082f941a482c90569e\"},\"headline\":\"V\u00ea se Pode: Gilmar Mendes Quer Visitar Lula na Pris\u00e3o\",\"datePublished\":\"2018-05-08T13:54:24+00:00\",\"mainEntityOfPage\":{\"@id\":\"https:\\\/\\\/gersonguelmann.com.br\\\/blog\\\/ve-se-pode-gilmar-mendes-quer-visitar-lula-na-prisao\\\/\"},\"wordCount\":184,\"commentCount\":0,\"image\":{\"@id\":\"https:\\\/\\\/gersonguelmann.com.br\\\/blog\\\/ve-se-pode-gilmar-mendes-quer-visitar-lula-na-prisao\\\/#primaryimage\"},\"thumbnailUrl\":\"https:\\\/\\\/i0.wp.com\\\/gersonguelmann.com.br\\\/blog\\\/wp-content\\\/uploads\\\/2018\\\/05\\\/lula-e-gilmar-mendes.jpg?fit=744%2C496&ssl=1\",\"inLanguage\":\"pt-BR\",\"potentialAction\":[{\"@type\":\"CommentAction\",\"name\":\"Comment\",\"target\":[\"https:\\\/\\\/gersonguelmann.com.br\\\/blog\\\/ve-se-pode-gilmar-mendes-quer-visitar-lula-na-prisao\\\/#respond\"]}]},{\"@type\":\"WebPage\",\"@id\":\"https:\\\/\\\/gersonguelmann.com.br\\\/blog\\\/ve-se-pode-gilmar-mendes-quer-visitar-lula-na-prisao\\\/\",\"url\":\"https:\\\/\\\/gersonguelmann.com.br\\\/blog\\\/ve-se-pode-gilmar-mendes-quer-visitar-lula-na-prisao\\\/\",\"name\":\"V\u00ea se Pode: Gilmar Mendes Quer Visitar Lula na Pris\u00e3o | Blog do Guelmann\",\"isPartOf\":{\"@id\":\"https:\\\/\\\/gersonguelmann.com.br\\\/blog\\\/#website\"},\"primaryImageOfPage\":{\"@id\":\"https:\\\/\\\/gersonguelmann.com.br\\\/blog\\\/ve-se-pode-gilmar-mendes-quer-visitar-lula-na-prisao\\\/#primaryimage\"},\"image\":{\"@id\":\"https:\\\/\\\/gersonguelmann.com.br\\\/blog\\\/ve-se-pode-gilmar-mendes-quer-visitar-lula-na-prisao\\\/#primaryimage\"},\"thumbnailUrl\":\"https:\\\/\\\/i0.wp.com\\\/gersonguelmann.com.br\\\/blog\\\/wp-content\\\/uploads\\\/2018\\\/05\\\/lula-e-gilmar-mendes.jpg?fit=744%2C496&ssl=1\",\"datePublished\":\"2018-05-08T13:54:24+00:00\",\"author\":{\"@id\":\"https:\\\/\\\/gersonguelmann.com.br\\\/blog\\\/#\\\/schema\\\/person\\\/87e70e2a786888082f941a482c90569e\"},\"inLanguage\":\"pt-BR\",\"potentialAction\":[{\"@type\":\"ReadAction\",\"target\":[\"https:\\\/\\\/gersonguelmann.com.br\\\/blog\\\/ve-se-pode-gilmar-mendes-quer-visitar-lula-na-prisao\\\/\"]}]},{\"@type\":\"ImageObject\",\"inLanguage\":\"pt-BR\",\"@id\":\"https:\\\/\\\/gersonguelmann.com.br\\\/blog\\\/ve-se-pode-gilmar-mendes-quer-visitar-lula-na-prisao\\\/#primaryimage\",\"url\":\"https:\\\/\\\/i0.wp.com\\\/gersonguelmann.com.br\\\/blog\\\/wp-content\\\/uploads\\\/2018\\\/05\\\/lula-e-gilmar-mendes.jpg?fit=744%2C496&ssl=1\",\"contentUrl\":\"https:\\\/\\\/i0.wp.com\\\/gersonguelmann.com.br\\\/blog\\\/wp-content\\\/uploads\\\/2018\\\/05\\\/lula-e-gilmar-mendes.jpg?fit=744%2C496&ssl=1\",\"width\":744,\"height\":496,\"caption\":\"PA - Bras\u00edlia, 23\\\/04\\\/2008, STF \\\/ Solenidade - O presidentes Lula com o novo presidente do STF, ministro Gilmar Mendes, durante solenidade de posse. Foto: Gustavo Miranda \\\/ Ag\u00eancia O Globo\"},{\"@type\":\"WebSite\",\"@id\":\"https:\\\/\\\/gersonguelmann.com.br\\\/blog\\\/#website\",\"url\":\"https:\\\/\\\/gersonguelmann.com.br\\\/blog\\\/\",\"name\":\"Blog do Guelmann\",\"description\":\"Pitadas da sabedoria e do humor judaicos, assuntos do momento e um pouco das hist\u00f3rias que vivi e testemunhei.\",\"potentialAction\":[{\"@type\":\"SearchAction\",\"target\":{\"@type\":\"EntryPoint\",\"urlTemplate\":\"https:\\\/\\\/gersonguelmann.com.br\\\/blog\\\/?s={search_term_string}\"},\"query-input\":{\"@type\":\"PropertyValueSpecification\",\"valueRequired\":true,\"valueName\":\"search_term_string\"}}],\"inLanguage\":\"pt-BR\"},{\"@type\":\"Person\",\"@id\":\"https:\\\/\\\/gersonguelmann.com.br\\\/blog\\\/#\\\/schema\\\/person\\\/87e70e2a786888082f941a482c90569e\",\"name\":\"Gerson Guelmann\",\"image\":{\"@type\":\"ImageObject\",\"inLanguage\":\"pt-BR\",\"@id\":\"https:\\\/\\\/i0.wp.com\\\/gersonguelmann.com.br\\\/blog\\\/wp-content\\\/uploads\\\/2021\\\/08\\\/BLOG.jpeg?fit=96%2C96&ssl=1\",\"url\":\"https:\\\/\\\/i0.wp.com\\\/gersonguelmann.com.br\\\/blog\\\/wp-content\\\/uploads\\\/2021\\\/08\\\/BLOG.jpeg?fit=96%2C96&ssl=1\",\"contentUrl\":\"https:\\\/\\\/i0.wp.com\\\/gersonguelmann.com.br\\\/blog\\\/wp-content\\\/uploads\\\/2021\\\/08\\\/BLOG.jpeg?fit=96%2C96&ssl=1\",\"caption\":\"Gerson Guelmann\"},\"description\":\"Pitadas da sabedoria e do humor judaicos, assuntos do momento e um pouco das hist\u00f3rias que vivi e testemunhei.\"}]}<\/script>\n<!-- \/ Yoast SEO plugin. -->","yoast_head_json":{"title":"V\u00ea se Pode: Gilmar Mendes Quer Visitar Lula na Pris\u00e3o | Blog do Guelmann","robots":{"index":"index","follow":"follow","max-snippet":"max-snippet:-1","max-image-preview":"max-image-preview:large","max-video-preview":"max-video-preview:-1"},"canonical":"https:\/\/gersonguelmann.com.br\/blog\/ve-se-pode-gilmar-mendes-quer-visitar-lula-na-prisao\/","og_locale":"pt_BR","og_type":"article","og_title":"V\u00ea se Pode: Gilmar Mendes Quer Visitar Lula na Pris\u00e3o | Blog do Guelmann","og_description":"Algu\u00e9m deve estar de brincadeira com a gente. Veja o que a jornalista M\u00f4nica Bergamo diz em sua coluna na Folha de S\u00e3o Paulo de hoje: &nbsp; 8.mai.2018 \u00e0s 2h00\u00a0 \u00a0 Gilmar Mendes quer entrevistar Lula na pris\u00e3o sobre Constituinte de 1988 Ministro do STF est\u00e1 gravando pessoalmente depoimentos sobre o tema E o ministro [&hellip;]","og_url":"https:\/\/gersonguelmann.com.br\/blog\/ve-se-pode-gilmar-mendes-quer-visitar-lula-na-prisao\/","og_site_name":"Blog do Guelmann","article_published_time":"2018-05-08T13:54:24+00:00","og_image":[{"width":744,"height":496,"url":"https:\/\/i0.wp.com\/gersonguelmann.com.br\/blog\/wp-content\/uploads\/2018\/05\/lula-e-gilmar-mendes.jpg?fit=744%2C496&ssl=1","type":"image\/jpeg"}],"author":"Gerson Guelmann","twitter_card":"summary_large_image","twitter_misc":{"Escrito por":"Gerson Guelmann","Est. tempo de leitura":"1 minuto"},"schema":{"@context":"https:\/\/schema.org","@graph":[{"@type":"Article","@id":"https:\/\/gersonguelmann.com.br\/blog\/ve-se-pode-gilmar-mendes-quer-visitar-lula-na-prisao\/#article","isPartOf":{"@id":"https:\/\/gersonguelmann.com.br\/blog\/ve-se-pode-gilmar-mendes-quer-visitar-lula-na-prisao\/"},"author":{"name":"Gerson Guelmann","@id":"https:\/\/gersonguelmann.com.br\/blog\/#\/schema\/person\/87e70e2a786888082f941a482c90569e"},"headline":"V\u00ea se Pode: Gilmar Mendes Quer Visitar Lula na Pris\u00e3o","datePublished":"2018-05-08T13:54:24+00:00","mainEntityOfPage":{"@id":"https:\/\/gersonguelmann.com.br\/blog\/ve-se-pode-gilmar-mendes-quer-visitar-lula-na-prisao\/"},"wordCount":184,"commentCount":0,"image":{"@id":"https:\/\/gersonguelmann.com.br\/blog\/ve-se-pode-gilmar-mendes-quer-visitar-lula-na-prisao\/#primaryimage"},"thumbnailUrl":"https:\/\/i0.wp.com\/gersonguelmann.com.br\/blog\/wp-content\/uploads\/2018\/05\/lula-e-gilmar-mendes.jpg?fit=744%2C496&ssl=1","inLanguage":"pt-BR","potentialAction":[{"@type":"CommentAction","name":"Comment","target":["https:\/\/gersonguelmann.com.br\/blog\/ve-se-pode-gilmar-mendes-quer-visitar-lula-na-prisao\/#respond"]}]},{"@type":"WebPage","@id":"https:\/\/gersonguelmann.com.br\/blog\/ve-se-pode-gilmar-mendes-quer-visitar-lula-na-prisao\/","url":"https:\/\/gersonguelmann.com.br\/blog\/ve-se-pode-gilmar-mendes-quer-visitar-lula-na-prisao\/","name":"V\u00ea se Pode: Gilmar Mendes Quer Visitar Lula na Pris\u00e3o | Blog do Guelmann","isPartOf":{"@id":"https:\/\/gersonguelmann.com.br\/blog\/#website"},"primaryImageOfPage":{"@id":"https:\/\/gersonguelmann.com.br\/blog\/ve-se-pode-gilmar-mendes-quer-visitar-lula-na-prisao\/#primaryimage"},"image":{"@id":"https:\/\/gersonguelmann.com.br\/blog\/ve-se-pode-gilmar-mendes-quer-visitar-lula-na-prisao\/#primaryimage"},"thumbnailUrl":"https:\/\/i0.wp.com\/gersonguelmann.com.br\/blog\/wp-content\/uploads\/2018\/05\/lula-e-gilmar-mendes.jpg?fit=744%2C496&ssl=1","datePublished":"2018-05-08T13:54:24+00:00","author":{"@id":"https:\/\/gersonguelmann.com.br\/blog\/#\/schema\/person\/87e70e2a786888082f941a482c90569e"},"inLanguage":"pt-BR","potentialAction":[{"@type":"ReadAction","target":["https:\/\/gersonguelmann.com.br\/blog\/ve-se-pode-gilmar-mendes-quer-visitar-lula-na-prisao\/"]}]},{"@type":"ImageObject","inLanguage":"pt-BR","@id":"https:\/\/gersonguelmann.com.br\/blog\/ve-se-pode-gilmar-mendes-quer-visitar-lula-na-prisao\/#primaryimage","url":"https:\/\/i0.wp.com\/gersonguelmann.com.br\/blog\/wp-content\/uploads\/2018\/05\/lula-e-gilmar-mendes.jpg?fit=744%2C496&ssl=1","contentUrl":"https:\/\/i0.wp.com\/gersonguelmann.com.br\/blog\/wp-content\/uploads\/2018\/05\/lula-e-gilmar-mendes.jpg?fit=744%2C496&ssl=1","width":744,"height":496,"caption":"PA - Bras\u00edlia, 23\/04\/2008, STF \/ Solenidade - O presidentes Lula com o novo presidente do STF, ministro Gilmar Mendes, durante solenidade de posse. Foto: Gustavo Miranda \/ Ag\u00eancia O Globo"},{"@type":"WebSite","@id":"https:\/\/gersonguelmann.com.br\/blog\/#website","url":"https:\/\/gersonguelmann.com.br\/blog\/","name":"Blog do Guelmann","description":"Pitadas da sabedoria e do humor judaicos, assuntos do momento e um pouco das hist\u00f3rias que vivi e testemunhei.","potentialAction":[{"@type":"SearchAction","target":{"@type":"EntryPoint","urlTemplate":"https:\/\/gersonguelmann.com.br\/blog\/?s={search_term_string}"},"query-input":{"@type":"PropertyValueSpecification","valueRequired":true,"valueName":"search_term_string"}}],"inLanguage":"pt-BR"},{"@type":"Person","@id":"https:\/\/gersonguelmann.com.br\/blog\/#\/schema\/person\/87e70e2a786888082f941a482c90569e","name":"Gerson Guelmann","image":{"@type":"ImageObject","inLanguage":"pt-BR","@id":"https:\/\/i0.wp.com\/gersonguelmann.com.br\/blog\/wp-content\/uploads\/2021\/08\/BLOG.jpeg?fit=96%2C96&ssl=1","url":"https:\/\/i0.wp.com\/gersonguelmann.com.br\/blog\/wp-content\/uploads\/2021\/08\/BLOG.jpeg?fit=96%2C96&ssl=1","contentUrl":"https:\/\/i0.wp.com\/gersonguelmann.com.br\/blog\/wp-content\/uploads\/2021\/08\/BLOG.jpeg?fit=96%2C96&ssl=1","caption":"Gerson Guelmann"},"description":"Pitadas da sabedoria e do humor judaicos, assuntos do momento e um pouco das hist\u00f3rias que vivi e testemunhei."}]}},"views":23,"jetpack_publicize_connections":[],"jetpack_featured_media_url":"https:\/\/i0.wp.com\/gersonguelmann.com.br\/blog\/wp-content\/uploads\/2018\/05\/lula-e-gilmar-mendes.jpg?fit=744%2C496&ssl=1","jetpack_shortlink":"https:\/\/wp.me\/p96e7O-3hJ","jetpack-related-posts":[{"id":12013,"url":"https:\/\/gersonguelmann.com.br\/blog\/veja-o-que-gilmar-mendes-acha-da-pena-de-lula\/","url_meta":{"origin":12631,"position":0},"title":"Veja o Que Gilmar Mendes Acha da Pena de Lula","author":"Gerson Guelmann","date":"24 de abril de 2018","format":false,"excerpt":"Not\u00edcias da manh\u00e3 de hoje sobre o ministro Gilmar Mendes: BRASIL Gilmar Mendes: pena de Lula pode ser reduzida Estad\u00e3o Conte\u00fado 24\/04\/18 - 12h01 Atualizado em 24\/04\/18 - 12h29 O ministro Gilmar Mendes, do Supremo Tribunal Federal (STF), afirmou nesta ter\u00e7a-feira, 24, que a pena de 12 anos e um\u2026","rel":"","context":"Em &quot;Sem categoria&quot;","block_context":{"text":"Sem categoria","link":"https:\/\/gersonguelmann.com.br\/blog\/category\/sem-categoria\/"},"img":{"alt_text":"","src":"https:\/\/i0.wp.com\/gersonguelmann.com.br\/blog\/wp-content\/uploads\/2018\/04\/lula-e-gilmar-mendes.jpg?fit=744%2C496&ssl=1&resize=350%2C200","width":350,"height":200,"srcset":"https:\/\/i0.wp.com\/gersonguelmann.com.br\/blog\/wp-content\/uploads\/2018\/04\/lula-e-gilmar-mendes.jpg?fit=744%2C496&ssl=1&resize=350%2C200 1x, https:\/\/i0.wp.com\/gersonguelmann.com.br\/blog\/wp-content\/uploads\/2018\/04\/lula-e-gilmar-mendes.jpg?fit=744%2C496&ssl=1&resize=525%2C300 1.5x, https:\/\/i0.wp.com\/gersonguelmann.com.br\/blog\/wp-content\/uploads\/2018\/04\/lula-e-gilmar-mendes.jpg?fit=744%2C496&ssl=1&resize=700%2C400 2x"},"classes":[]},{"id":10589,"url":"https:\/\/gersonguelmann.com.br\/blog\/o-gilmar-mendes-de-5-10-2016-foi-abduzido\/","url_meta":{"origin":12631,"position":1},"title":"O Gilmar Mendes de 5\/10\/2016 Foi Abduzido?","author":"Gerson Guelmann","date":"22 de mar\u00e7o de 2018","format":false,"excerpt":"O jornalista Josias de Souza trouxe \u00e0 tona hoje em seu Blog uma passagem que mostra a atua\u00e7\u00e3o do Ministro Gilmar Mendes na quest\u00e3o da pris\u00e3o de condenados em 2\u00aa Inst\u00e2ncia. Ele lembrou, com o v\u00eddeo do voto, que em 05\/10\/2016 o Ministro votou a favor da pris\u00e3o imediata. Naquela\u2026","rel":"","context":"Em &quot;Sem categoria&quot;","block_context":{"text":"Sem categoria","link":"https:\/\/gersonguelmann.com.br\/blog\/category\/sem-categoria\/"},"img":{"alt_text":"","src":"https:\/\/i0.wp.com\/gersonguelmann.com.br\/blog\/wp-content\/uploads\/2018\/03\/GM-2.jpg?fit=1200%2C800&ssl=1&resize=350%2C200","width":350,"height":200,"srcset":"https:\/\/i0.wp.com\/gersonguelmann.com.br\/blog\/wp-content\/uploads\/2018\/03\/GM-2.jpg?fit=1200%2C800&ssl=1&resize=350%2C200 1x, https:\/\/i0.wp.com\/gersonguelmann.com.br\/blog\/wp-content\/uploads\/2018\/03\/GM-2.jpg?fit=1200%2C800&ssl=1&resize=525%2C300 1.5x, https:\/\/i0.wp.com\/gersonguelmann.com.br\/blog\/wp-content\/uploads\/2018\/03\/GM-2.jpg?fit=1200%2C800&ssl=1&resize=700%2C400 2x, https:\/\/i0.wp.com\/gersonguelmann.com.br\/blog\/wp-content\/uploads\/2018\/03\/GM-2.jpg?fit=1200%2C800&ssl=1&resize=1050%2C600 3x"},"classes":[]},{"id":12713,"url":"https:\/\/gersonguelmann.com.br\/blog\/gilmar-quem-diria-votou-contra-lula\/","url_meta":{"origin":12631,"position":2},"title":"Gilmar, Quem Diria, Votou Contra Lula!","author":"Gerson Guelmann","date":"9 de maio de 2018","format":false,"excerpt":"Do site O Antagonista: GILMAR NEGA PEDIDO PARA QUE LULA SEJA SOLTO Brasil\u00a009.05.18 18:21 Gilmar Mendes votou no plen\u00e1rio virtual do STF contra o recurso apresentado pela defesa de Lula para reverter a sua pris\u00e3o, informa a Coluna do Estad\u00e3o. Com isso, tr\u00eas dos cinco ministros da Segunda Turma do\u2026","rel":"","context":"Em &quot;Sem categoria&quot;","block_context":{"text":"Sem categoria","link":"https:\/\/gersonguelmann.com.br\/blog\/category\/sem-categoria\/"},"img":{"alt_text":"","src":"https:\/\/i0.wp.com\/gersonguelmann.com.br\/blog\/wp-content\/uploads\/2018\/05\/download-6-300x146.jpg?resize=350%2C200&ssl=1","width":350,"height":200},"classes":[]},{"id":11205,"url":"https:\/\/gersonguelmann.com.br\/blog\/nao-vou-ser-o-unico-a-nao-dormir-hoje\/","url_meta":{"origin":12631,"position":3},"title":"N\u00e3o Vou Ser o \u00danico a N\u00e3o Dormir Hoje","author":"Gerson Guelmann","date":"3 de abril de 2018","format":false,"excerpt":"O jornalista Josias de Souza publicou no final da tarde um artigo que precisa ser lido pelos Brasileiros ainda hoje. Lamento tirar o sossego daqueles que ainda acreditam que as coisas podem mudar. Espero estar enganado, mas de alguns dias para c\u00e1 mudei minha opini\u00e3o e a desesperan\u00e7a tomou conta\u2026","rel":"","context":"Em &quot;Sem categoria&quot;","block_context":{"text":"Sem categoria","link":"https:\/\/gersonguelmann.com.br\/blog\/category\/sem-categoria\/"},"img":{"alt_text":"","src":"https:\/\/i0.wp.com\/gersonguelmann.com.br\/blog\/wp-content\/uploads\/2018\/04\/images.jpg?resize=350%2C200&ssl=1","width":350,"height":200},"classes":[]},{"id":14300,"url":"https:\/\/gersonguelmann.com.br\/blog\/jose-dirceu-saira-da-prisao\/","url_meta":{"origin":12631,"position":4},"title":"Jos\u00e9 Dirceu Sair\u00e1 da Pris\u00e3o","author":"Gerson Guelmann","date":"26 de junho de 2018","format":false,"excerpt":"O site O Antagonista acaba de informar que o STF suspendeu a execu\u00e7\u00e3o da senten\u00e7a e determinou a soltura de Jos\u00e9 Dirceu. O texto \u00e9 o seguinte: STF SOLTA DIRCEU Brasil\u00a026.06.18 14:01A Segunda Turma do STF acaba de concluir o julgamento que soltou Jos\u00e9 Dirceu. Ricardo Lewandowski, Dias Toffoli e\u2026","rel":"","context":"Em &quot;Sem categoria&quot;","block_context":{"text":"Sem categoria","link":"https:\/\/gersonguelmann.com.br\/blog\/category\/sem-categoria\/"},"img":{"alt_text":"","src":"https:\/\/i0.wp.com\/gersonguelmann.com.br\/blog\/wp-content\/uploads\/2018\/06\/dirceu-nocaute.jpg?fit=561%2C369&ssl=1&resize=350%2C200","width":350,"height":200,"srcset":"https:\/\/i0.wp.com\/gersonguelmann.com.br\/blog\/wp-content\/uploads\/2018\/06\/dirceu-nocaute.jpg?fit=561%2C369&ssl=1&resize=350%2C200 1x, https:\/\/i0.wp.com\/gersonguelmann.com.br\/blog\/wp-content\/uploads\/2018\/06\/dirceu-nocaute.jpg?fit=561%2C369&ssl=1&resize=525%2C300 1.5x"},"classes":[]},{"id":17917,"url":"https:\/\/gersonguelmann.com.br\/blog\/a-lava-jato-tentou-derrubar-gilmar-mendes\/","url_meta":{"origin":12631,"position":5},"title":"A Lava Jato Tentou Derrubar Gilmar Mendes","author":"Gerson Guelmann","date":"6 de agosto de 2019","format":false,"excerpt":"A edi\u00e7\u00e3o brasileira do El Pa\u00eds traz hoje mat\u00e9ria baseada em informa\u00e7\u00f5es do site Intercept, mostrando como os Procuradores da for\u00e7a-tarefa da Lava Jato em Curitiba buscaram provas para embasar poss\u00edvel pedido de impeachment do Ministro Gilmar Mendes, do STF. O artigo \u00e9 extenso mas merece ser lido: Lava Jato\u2026","rel":"","context":"Em &quot;Sem categoria&quot;","block_context":{"text":"Sem categoria","link":"https:\/\/gersonguelmann.com.br\/blog\/category\/sem-categoria\/"},"img":{"alt_text":"","src":"https:\/\/i0.wp.com\/gersonguelmann.com.br\/blog\/wp-content\/uploads\/2019\/08\/STF.jpeg?fit=1140%2C1000&ssl=1&resize=350%2C200","width":350,"height":200,"srcset":"https:\/\/i0.wp.com\/gersonguelmann.com.br\/blog\/wp-content\/uploads\/2019\/08\/STF.jpeg?fit=1140%2C1000&ssl=1&resize=350%2C200 1x, https:\/\/i0.wp.com\/gersonguelmann.com.br\/blog\/wp-content\/uploads\/2019\/08\/STF.jpeg?fit=1140%2C1000&ssl=1&resize=525%2C300 1.5x, https:\/\/i0.wp.com\/gersonguelmann.com.br\/blog\/wp-content\/uploads\/2019\/08\/STF.jpeg?fit=1140%2C1000&ssl=1&resize=700%2C400 2x, https:\/\/i0.wp.com\/gersonguelmann.com.br\/blog\/wp-content\/uploads\/2019\/08\/STF.jpeg?fit=1140%2C1000&ssl=1&resize=1050%2C600 3x"},"classes":[]}],"jetpack_sharing_enabled":true,"post_mailing_queue_ids":[],"_links":{"self":[{"href":"https:\/\/gersonguelmann.com.br\/blog\/wp-json\/wp\/v2\/posts\/12631","targetHints":{"allow":["GET"]}}],"collection":[{"href":"https:\/\/gersonguelmann.com.br\/blog\/wp-json\/wp\/v2\/posts"}],"about":[{"href":"https:\/\/gersonguelmann.com.br\/blog\/wp-json\/wp\/v2\/types\/post"}],"author":[{"embeddable":true,"href":"https:\/\/gersonguelmann.com.br\/blog\/wp-json\/wp\/v2\/users\/5"}],"replies":[{"embeddable":true,"href":"https:\/\/gersonguelmann.com.br\/blog\/wp-json\/wp\/v2\/comments?post=12631"}],"version-history":[{"count":0,"href":"https:\/\/gersonguelmann.com.br\/blog\/wp-json\/wp\/v2\/posts\/12631\/revisions"}],"wp:featuredmedia":[{"embeddable":true,"href":"https:\/\/gersonguelmann.com.br\/blog\/wp-json\/wp\/v2\/media\/12632"}],"wp:attachment":[{"href":"https:\/\/gersonguelmann.com.br\/blog\/wp-json\/wp\/v2\/media?parent=12631"}],"wp:term":[{"taxonomy":"category","embeddable":true,"href":"https:\/\/gersonguelmann.com.br\/blog\/wp-json\/wp\/v2\/categories?post=12631"},{"taxonomy":"post_tag","embeddable":true,"href":"https:\/\/gersonguelmann.com.br\/blog\/wp-json\/wp\/v2\/tags?post=12631"}],"curies":[{"name":"wp","href":"https:\/\/api.w.org\/{rel}","templated":true}]}}