    {"id":12641,"date":"2018-05-08T13:26:34","date_gmt":"2018-05-08T16:26:34","guid":{"rendered":"https:\/\/gersonguelmann.com.br\/blog\/?p=12641"},"modified":"2018-05-08T13:28:15","modified_gmt":"2018-05-08T16:28:15","slug":"alguem-pode-alertar-o-papa-o-bom-humor-das-redes","status":"publish","type":"post","link":"https:\/\/gersonguelmann.com.br\/blog\/alguem-pode-alertar-o-papa-o-bom-humor-das-redes\/","title":{"rendered":"Algu\u00e9m Pode Alertar o Papa? &#8211; O Bom Humor das Redes"},"content":{"rendered":"<p><strong><span style=\"font-family: georgia, palatino, serif; font-size: 18pt; color: #000000;\">1978<\/span><\/strong><br \/>\n<span style=\"font-family: georgia, palatino, serif; font-size: 18pt; color: #000000;\">Liverpool vence a Champions League;<\/span><br \/>\n<span style=\"font-family: georgia, palatino, serif; font-size: 18pt; color: #000000;\">O principe da Inglaterra se casa;<\/span><br \/>\n<span style=\"font-family: georgia, palatino, serif; font-size: 18pt; color: #000000;\">O papa morre.<\/span><\/p>\n<p><strong><span style=\"font-family: georgia, palatino, serif; font-size: 18pt; color: #000000;\">2005<\/span><\/strong><br \/>\n<span style=\"font-family: georgia, palatino, serif; font-size: 18pt; color: #000000;\">Liverpool vence a Champions League;<\/span><br \/>\n<span style=\"font-family: georgia, palatino, serif; font-size: 18pt; color: #000000;\">O pr\u00edncipe da Inglaterra se casa;<\/span><br \/>\n<span style=\"font-family: georgia, palatino, serif; font-size: 18pt; color: #000000;\">O papa morre.<\/span><\/p>\n<p><strong><span style=\"font-family: georgia, palatino, serif; font-size: 18pt; color: #000000;\">2018<\/span><\/strong><br \/>\n<span style=\"font-family: georgia, palatino, serif; font-size: 18pt; color: #000000;\">Liverpool na final da Champions;<\/span><br \/>\n<span style=\"font-family: georgia, palatino, serif; font-size: 18pt; color: #000000;\">O pr\u00edncipe da Inglaterra vai se casar;<\/span><\/p>\n<p><strong><span style=\"font-family: georgia, palatino, serif; font-size: 18pt; color: #000000;\">Algu\u00e9m avisa o Papa Francisco para torcer pelo Real!<\/span><\/strong><\/p>\n<p style=\"text-align: center;\"><img data-recalc-dims=\"1\" fetchpriority=\"high\" decoding=\"async\" data-attachment-id=\"12642\" data-permalink=\"https:\/\/gersonguelmann.com.br\/blog\/alguem-pode-alertar-o-papa-o-bom-humor-das-redes\/download-43\/\" data-orig-file=\"https:\/\/i0.wp.com\/gersonguelmann.com.br\/blog\/wp-content\/uploads\/2018\/05\/download.png?fit=1200%2C1604&amp;ssl=1\" data-orig-size=\"1200,1604\" data-comments-opened=\"1\" data-image-meta=\"{&quot;aperture&quot;:&quot;0&quot;,&quot;credit&quot;:&quot;&quot;,&quot;camera&quot;:&quot;&quot;,&quot;caption&quot;:&quot;&quot;,&quot;created_timestamp&quot;:&quot;0&quot;,&quot;copyright&quot;:&quot;&quot;,&quot;focal_length&quot;:&quot;0&quot;,&quot;iso&quot;:&quot;0&quot;,&quot;shutter_speed&quot;:&quot;0&quot;,&quot;title&quot;:&quot;&quot;,&quot;orientation&quot;:&quot;0&quot;}\" data-image-title=\"download\" data-image-description=\"\" data-image-caption=\"\" data-medium-file=\"https:\/\/i0.wp.com\/gersonguelmann.com.br\/blog\/wp-content\/uploads\/2018\/05\/download.png?fit=224%2C300&amp;ssl=1\" data-large-file=\"https:\/\/i0.wp.com\/gersonguelmann.com.br\/blog\/wp-content\/uploads\/2018\/05\/download.png?fit=640%2C856&amp;ssl=1\" class=\"alignnone size-medium wp-image-12642\" src=\"https:\/\/i0.wp.com\/gersonguelmann.com.br\/blog\/wp-content\/uploads\/2018\/05\/download.png?resize=224%2C300&#038;ssl=1\" alt=\"\" width=\"224\" height=\"300\" srcset=\"https:\/\/i0.wp.com\/gersonguelmann.com.br\/blog\/wp-content\/uploads\/2018\/05\/download.png?resize=224%2C300&amp;ssl=1 224w, https:\/\/i0.wp.com\/gersonguelmann.com.br\/blog\/wp-content\/uploads\/2018\/05\/download.png?resize=768%2C1027&amp;ssl=1 768w, https:\/\/i0.wp.com\/gersonguelmann.com.br\/blog\/wp-content\/uploads\/2018\/05\/download.png?resize=766%2C1024&amp;ssl=1 766w, https:\/\/i0.wp.com\/gersonguelmann.com.br\/blog\/wp-content\/uploads\/2018\/05\/download.png?w=1200&amp;ssl=1 1200w\" sizes=\"(max-width: 224px) 100vw, 224px\" \/><\/p>\n","protected":false},"excerpt":{"rendered":"<p>1978 Liverpool vence a Champions League; O principe da Inglaterra se casa; O papa morre. 2005 Liverpool vence a Champions League; O pr\u00edncipe da Inglaterra se casa; O papa morre. 2018 Liverpool na final da Champions; O pr\u00edncipe da Inglaterra vai se casar; Algu\u00e9m avisa o Papa Francisco para torcer pelo Real!<\/p>\n","protected":false},"author":5,"featured_media":12642,"comment_status":"open","ping_status":"open","sticky":false,"template":"","format":"standard","meta":{"_acf_changed":false,"jetpack_post_was_ever_published":false,"_jetpack_newsletter_access":"","_jetpack_dont_email_post_to_subs":false,"_jetpack_newsletter_tier_id":0,"_jetpack_memberships_contains_paywalled_content":false,"_jetpack_memberships_contains_paid_content":false,"footnotes":"","jetpack_publicize_message":"","jetpack_publicize_feature_enabled":true,"jetpack_social_post_already_shared":true,"jetpack_social_options":{"image_generator_settings":{"template":"highway","default_image_id":0,"font":"","enabled":false},"version":2}},"categories":[1],"tags":[],"class_list":["post-12641","post","type-post","status-publish","format-standard","has-post-thumbnail","hentry","category-sem-categoria"],"acf":[],"yoast_head":"<!-- This site is optimized with the Yoast SEO plugin v27.3 - https:\/\/yoast.com\/product\/yoast-seo-wordpress\/ -->\n<title>Algu\u00e9m Pode Alertar o Papa? - O Bom Humor das Redes | Blog do Guelmann<\/title>\n<meta name=\"robots\" content=\"index, follow, max-snippet:-1, max-image-preview:large, max-video-preview:-1\" \/>\n<link rel=\"canonical\" href=\"https:\/\/gersonguelmann.com.br\/blog\/alguem-pode-alertar-o-papa-o-bom-humor-das-redes\/\" \/>\n<meta property=\"og:locale\" content=\"pt_BR\" \/>\n<meta property=\"og:type\" content=\"article\" \/>\n<meta property=\"og:title\" content=\"Algu\u00e9m Pode Alertar o Papa? - O Bom Humor das Redes | Blog do Guelmann\" \/>\n<meta property=\"og:description\" content=\"1978 Liverpool vence a Champions League; O principe da Inglaterra se casa; O papa morre. 2005 Liverpool vence a Champions League; O pr\u00edncipe da Inglaterra se casa; O papa morre. 2018 Liverpool na final da Champions; O pr\u00edncipe da Inglaterra vai se casar; Algu\u00e9m avisa o Papa Francisco para torcer pelo Real!\" \/>\n<meta property=\"og:url\" content=\"https:\/\/gersonguelmann.com.br\/blog\/alguem-pode-alertar-o-papa-o-bom-humor-das-redes\/\" \/>\n<meta property=\"og:site_name\" content=\"Blog do Guelmann\" \/>\n<meta property=\"article:published_time\" content=\"2018-05-08T16:26:34+00:00\" \/>\n<meta property=\"article:modified_time\" content=\"2018-05-08T16:28:15+00:00\" \/>\n<meta property=\"og:image\" content=\"https:\/\/i0.wp.com\/gersonguelmann.com.br\/blog\/wp-content\/uploads\/2018\/05\/download.png?fit=1200%2C1604&ssl=1\" \/>\n\t<meta property=\"og:image:width\" content=\"1200\" \/>\n\t<meta property=\"og:image:height\" content=\"1604\" \/>\n\t<meta property=\"og:image:type\" content=\"image\/png\" \/>\n<meta name=\"author\" content=\"Gerson Guelmann\" \/>\n<meta name=\"twitter:card\" content=\"summary_large_image\" \/>\n<meta name=\"twitter:label1\" content=\"Escrito por\" \/>\n\t<meta name=\"twitter:data1\" content=\"Gerson Guelmann\" \/>\n<script type=\"application\/ld+json\" class=\"yoast-schema-graph\">{\"@context\":\"https:\\\/\\\/schema.org\",\"@graph\":[{\"@type\":\"Article\",\"@id\":\"https:\\\/\\\/gersonguelmann.com.br\\\/blog\\\/alguem-pode-alertar-o-papa-o-bom-humor-das-redes\\\/#article\",\"isPartOf\":{\"@id\":\"https:\\\/\\\/gersonguelmann.com.br\\\/blog\\\/alguem-pode-alertar-o-papa-o-bom-humor-das-redes\\\/\"},\"author\":{\"name\":\"Gerson Guelmann\",\"@id\":\"https:\\\/\\\/gersonguelmann.com.br\\\/blog\\\/#\\\/schema\\\/person\\\/87e70e2a786888082f941a482c90569e\"},\"headline\":\"Algu\u00e9m Pode Alertar o Papa? &#8211; O Bom Humor das Redes\",\"datePublished\":\"2018-05-08T16:26:34+00:00\",\"dateModified\":\"2018-05-08T16:28:15+00:00\",\"mainEntityOfPage\":{\"@id\":\"https:\\\/\\\/gersonguelmann.com.br\\\/blog\\\/alguem-pode-alertar-o-papa-o-bom-humor-das-redes\\\/\"},\"wordCount\":64,\"commentCount\":0,\"image\":{\"@id\":\"https:\\\/\\\/gersonguelmann.com.br\\\/blog\\\/alguem-pode-alertar-o-papa-o-bom-humor-das-redes\\\/#primaryimage\"},\"thumbnailUrl\":\"https:\\\/\\\/i0.wp.com\\\/gersonguelmann.com.br\\\/blog\\\/wp-content\\\/uploads\\\/2018\\\/05\\\/download.png?fit=1200%2C1604&ssl=1\",\"inLanguage\":\"pt-BR\",\"potentialAction\":[{\"@type\":\"CommentAction\",\"name\":\"Comment\",\"target\":[\"https:\\\/\\\/gersonguelmann.com.br\\\/blog\\\/alguem-pode-alertar-o-papa-o-bom-humor-das-redes\\\/#respond\"]}]},{\"@type\":\"WebPage\",\"@id\":\"https:\\\/\\\/gersonguelmann.com.br\\\/blog\\\/alguem-pode-alertar-o-papa-o-bom-humor-das-redes\\\/\",\"url\":\"https:\\\/\\\/gersonguelmann.com.br\\\/blog\\\/alguem-pode-alertar-o-papa-o-bom-humor-das-redes\\\/\",\"name\":\"Algu\u00e9m Pode Alertar o Papa? - O Bom Humor das Redes | Blog do Guelmann\",\"isPartOf\":{\"@id\":\"https:\\\/\\\/gersonguelmann.com.br\\\/blog\\\/#website\"},\"primaryImageOfPage\":{\"@id\":\"https:\\\/\\\/gersonguelmann.com.br\\\/blog\\\/alguem-pode-alertar-o-papa-o-bom-humor-das-redes\\\/#primaryimage\"},\"image\":{\"@id\":\"https:\\\/\\\/gersonguelmann.com.br\\\/blog\\\/alguem-pode-alertar-o-papa-o-bom-humor-das-redes\\\/#primaryimage\"},\"thumbnailUrl\":\"https:\\\/\\\/i0.wp.com\\\/gersonguelmann.com.br\\\/blog\\\/wp-content\\\/uploads\\\/2018\\\/05\\\/download.png?fit=1200%2C1604&ssl=1\",\"datePublished\":\"2018-05-08T16:26:34+00:00\",\"dateModified\":\"2018-05-08T16:28:15+00:00\",\"author\":{\"@id\":\"https:\\\/\\\/gersonguelmann.com.br\\\/blog\\\/#\\\/schema\\\/person\\\/87e70e2a786888082f941a482c90569e\"},\"inLanguage\":\"pt-BR\",\"potentialAction\":[{\"@type\":\"ReadAction\",\"target\":[\"https:\\\/\\\/gersonguelmann.com.br\\\/blog\\\/alguem-pode-alertar-o-papa-o-bom-humor-das-redes\\\/\"]}]},{\"@type\":\"ImageObject\",\"inLanguage\":\"pt-BR\",\"@id\":\"https:\\\/\\\/gersonguelmann.com.br\\\/blog\\\/alguem-pode-alertar-o-papa-o-bom-humor-das-redes\\\/#primaryimage\",\"url\":\"https:\\\/\\\/i0.wp.com\\\/gersonguelmann.com.br\\\/blog\\\/wp-content\\\/uploads\\\/2018\\\/05\\\/download.png?fit=1200%2C1604&ssl=1\",\"contentUrl\":\"https:\\\/\\\/i0.wp.com\\\/gersonguelmann.com.br\\\/blog\\\/wp-content\\\/uploads\\\/2018\\\/05\\\/download.png?fit=1200%2C1604&ssl=1\",\"width\":1200,\"height\":1604},{\"@type\":\"WebSite\",\"@id\":\"https:\\\/\\\/gersonguelmann.com.br\\\/blog\\\/#website\",\"url\":\"https:\\\/\\\/gersonguelmann.com.br\\\/blog\\\/\",\"name\":\"Blog do Guelmann\",\"description\":\"Pitadas da sabedoria e do humor judaicos, assuntos do momento e um pouco das hist\u00f3rias que vivi e testemunhei.\",\"potentialAction\":[{\"@type\":\"SearchAction\",\"target\":{\"@type\":\"EntryPoint\",\"urlTemplate\":\"https:\\\/\\\/gersonguelmann.com.br\\\/blog\\\/?s={search_term_string}\"},\"query-input\":{\"@type\":\"PropertyValueSpecification\",\"valueRequired\":true,\"valueName\":\"search_term_string\"}}],\"inLanguage\":\"pt-BR\"},{\"@type\":\"Person\",\"@id\":\"https:\\\/\\\/gersonguelmann.com.br\\\/blog\\\/#\\\/schema\\\/person\\\/87e70e2a786888082f941a482c90569e\",\"name\":\"Gerson Guelmann\",\"image\":{\"@type\":\"ImageObject\",\"inLanguage\":\"pt-BR\",\"@id\":\"https:\\\/\\\/i0.wp.com\\\/gersonguelmann.com.br\\\/blog\\\/wp-content\\\/uploads\\\/2021\\\/08\\\/BLOG.jpeg?fit=96%2C96&ssl=1\",\"url\":\"https:\\\/\\\/i0.wp.com\\\/gersonguelmann.com.br\\\/blog\\\/wp-content\\\/uploads\\\/2021\\\/08\\\/BLOG.jpeg?fit=96%2C96&ssl=1\",\"contentUrl\":\"https:\\\/\\\/i0.wp.com\\\/gersonguelmann.com.br\\\/blog\\\/wp-content\\\/uploads\\\/2021\\\/08\\\/BLOG.jpeg?fit=96%2C96&ssl=1\",\"caption\":\"Gerson Guelmann\"},\"description\":\"Pitadas da sabedoria e do humor judaicos, assuntos do momento e um pouco das hist\u00f3rias que vivi e testemunhei.\"}]}<\/script>\n<!-- \/ Yoast SEO plugin. -->","yoast_head_json":{"title":"Algu\u00e9m Pode Alertar o Papa? - O Bom Humor das Redes | Blog do Guelmann","robots":{"index":"index","follow":"follow","max-snippet":"max-snippet:-1","max-image-preview":"max-image-preview:large","max-video-preview":"max-video-preview:-1"},"canonical":"https:\/\/gersonguelmann.com.br\/blog\/alguem-pode-alertar-o-papa-o-bom-humor-das-redes\/","og_locale":"pt_BR","og_type":"article","og_title":"Algu\u00e9m Pode Alertar o Papa? - O Bom Humor das Redes | Blog do Guelmann","og_description":"1978 Liverpool vence a Champions League; O principe da Inglaterra se casa; O papa morre. 2005 Liverpool vence a Champions League; O pr\u00edncipe da Inglaterra se casa; O papa morre. 2018 Liverpool na final da Champions; O pr\u00edncipe da Inglaterra vai se casar; Algu\u00e9m avisa o Papa Francisco para torcer pelo Real!","og_url":"https:\/\/gersonguelmann.com.br\/blog\/alguem-pode-alertar-o-papa-o-bom-humor-das-redes\/","og_site_name":"Blog do Guelmann","article_published_time":"2018-05-08T16:26:34+00:00","article_modified_time":"2018-05-08T16:28:15+00:00","og_image":[{"width":1200,"height":1604,"url":"https:\/\/i0.wp.com\/gersonguelmann.com.br\/blog\/wp-content\/uploads\/2018\/05\/download.png?fit=1200%2C1604&ssl=1","type":"image\/png"}],"author":"Gerson Guelmann","twitter_card":"summary_large_image","twitter_misc":{"Escrito por":"Gerson Guelmann"},"schema":{"@context":"https:\/\/schema.org","@graph":[{"@type":"Article","@id":"https:\/\/gersonguelmann.com.br\/blog\/alguem-pode-alertar-o-papa-o-bom-humor-das-redes\/#article","isPartOf":{"@id":"https:\/\/gersonguelmann.com.br\/blog\/alguem-pode-alertar-o-papa-o-bom-humor-das-redes\/"},"author":{"name":"Gerson Guelmann","@id":"https:\/\/gersonguelmann.com.br\/blog\/#\/schema\/person\/87e70e2a786888082f941a482c90569e"},"headline":"Algu\u00e9m Pode Alertar o Papa? &#8211; O Bom Humor das Redes","datePublished":"2018-05-08T16:26:34+00:00","dateModified":"2018-05-08T16:28:15+00:00","mainEntityOfPage":{"@id":"https:\/\/gersonguelmann.com.br\/blog\/alguem-pode-alertar-o-papa-o-bom-humor-das-redes\/"},"wordCount":64,"commentCount":0,"image":{"@id":"https:\/\/gersonguelmann.com.br\/blog\/alguem-pode-alertar-o-papa-o-bom-humor-das-redes\/#primaryimage"},"thumbnailUrl":"https:\/\/i0.wp.com\/gersonguelmann.com.br\/blog\/wp-content\/uploads\/2018\/05\/download.png?fit=1200%2C1604&ssl=1","inLanguage":"pt-BR","potentialAction":[{"@type":"CommentAction","name":"Comment","target":["https:\/\/gersonguelmann.com.br\/blog\/alguem-pode-alertar-o-papa-o-bom-humor-das-redes\/#respond"]}]},{"@type":"WebPage","@id":"https:\/\/gersonguelmann.com.br\/blog\/alguem-pode-alertar-o-papa-o-bom-humor-das-redes\/","url":"https:\/\/gersonguelmann.com.br\/blog\/alguem-pode-alertar-o-papa-o-bom-humor-das-redes\/","name":"Algu\u00e9m Pode Alertar o Papa? - O Bom Humor das Redes | Blog do Guelmann","isPartOf":{"@id":"https:\/\/gersonguelmann.com.br\/blog\/#website"},"primaryImageOfPage":{"@id":"https:\/\/gersonguelmann.com.br\/blog\/alguem-pode-alertar-o-papa-o-bom-humor-das-redes\/#primaryimage"},"image":{"@id":"https:\/\/gersonguelmann.com.br\/blog\/alguem-pode-alertar-o-papa-o-bom-humor-das-redes\/#primaryimage"},"thumbnailUrl":"https:\/\/i0.wp.com\/gersonguelmann.com.br\/blog\/wp-content\/uploads\/2018\/05\/download.png?fit=1200%2C1604&ssl=1","datePublished":"2018-05-08T16:26:34+00:00","dateModified":"2018-05-08T16:28:15+00:00","author":{"@id":"https:\/\/gersonguelmann.com.br\/blog\/#\/schema\/person\/87e70e2a786888082f941a482c90569e"},"inLanguage":"pt-BR","potentialAction":[{"@type":"ReadAction","target":["https:\/\/gersonguelmann.com.br\/blog\/alguem-pode-alertar-o-papa-o-bom-humor-das-redes\/"]}]},{"@type":"ImageObject","inLanguage":"pt-BR","@id":"https:\/\/gersonguelmann.com.br\/blog\/alguem-pode-alertar-o-papa-o-bom-humor-das-redes\/#primaryimage","url":"https:\/\/i0.wp.com\/gersonguelmann.com.br\/blog\/wp-content\/uploads\/2018\/05\/download.png?fit=1200%2C1604&ssl=1","contentUrl":"https:\/\/i0.wp.com\/gersonguelmann.com.br\/blog\/wp-content\/uploads\/2018\/05\/download.png?fit=1200%2C1604&ssl=1","width":1200,"height":1604},{"@type":"WebSite","@id":"https:\/\/gersonguelmann.com.br\/blog\/#website","url":"https:\/\/gersonguelmann.com.br\/blog\/","name":"Blog do Guelmann","description":"Pitadas da sabedoria e do humor judaicos, assuntos do momento e um pouco das hist\u00f3rias que vivi e testemunhei.","potentialAction":[{"@type":"SearchAction","target":{"@type":"EntryPoint","urlTemplate":"https:\/\/gersonguelmann.com.br\/blog\/?s={search_term_string}"},"query-input":{"@type":"PropertyValueSpecification","valueRequired":true,"valueName":"search_term_string"}}],"inLanguage":"pt-BR"},{"@type":"Person","@id":"https:\/\/gersonguelmann.com.br\/blog\/#\/schema\/person\/87e70e2a786888082f941a482c90569e","name":"Gerson Guelmann","image":{"@type":"ImageObject","inLanguage":"pt-BR","@id":"https:\/\/i0.wp.com\/gersonguelmann.com.br\/blog\/wp-content\/uploads\/2021\/08\/BLOG.jpeg?fit=96%2C96&ssl=1","url":"https:\/\/i0.wp.com\/gersonguelmann.com.br\/blog\/wp-content\/uploads\/2021\/08\/BLOG.jpeg?fit=96%2C96&ssl=1","contentUrl":"https:\/\/i0.wp.com\/gersonguelmann.com.br\/blog\/wp-content\/uploads\/2021\/08\/BLOG.jpeg?fit=96%2C96&ssl=1","caption":"Gerson Guelmann"},"description":"Pitadas da sabedoria e do humor judaicos, assuntos do momento e um pouco das hist\u00f3rias que vivi e testemunhei."}]}},"views":34,"jetpack_publicize_connections":[],"jetpack_featured_media_url":"https:\/\/i0.wp.com\/gersonguelmann.com.br\/blog\/wp-content\/uploads\/2018\/05\/download.png?fit=1200%2C1604&ssl=1","jetpack_shortlink":"https:\/\/wp.me\/p96e7O-3hT","jetpack-related-posts":[{"id":26136,"url":"https:\/\/gersonguelmann.com.br\/blog\/a-avo-do-rei-da-inglaterra-esta-enterrada-em-jerusalem-e-poucas-pessoas-sabem-disso\/","url_meta":{"origin":12641,"position":0},"title":"A Av\u00f3 do Rei da Inglaterra Est\u00e1 Enterrada em Jerusal\u00e9m \u2014 e Poucas Pessoas Sabem Disso","author":"Gerson Guelmann","date":"14 de julho de 2025","format":false,"excerpt":"Sim, a av\u00f3 do Rei Charles III est\u00e1 sepultada em Jerusal\u00e9m. E n\u00e3o por acaso. Essa informa\u00e7\u00e3o, que \u00e0 primeira vista parece estranha \u2014 para dizer o m\u00ednimo \u2014 resume uma das mais extraordin\u00e1rias trajet\u00f3rias humanas do s\u00e9culo XX. A princesa Alice de Battenberg, cujo nome completo era Victoria Alice\u2026","rel":"","context":"Em &quot;Sem categoria&quot;","block_context":{"text":"Sem categoria","link":"https:\/\/gersonguelmann.com.br\/blog\/category\/sem-categoria\/"},"img":{"alt_text":"","src":"https:\/\/i0.wp.com\/gersonguelmann.com.br\/blog\/wp-content\/uploads\/2025\/07\/REDUZIR-10.jpg?fit=710%2C500&ssl=1&resize=350%2C200","width":350,"height":200,"srcset":"https:\/\/i0.wp.com\/gersonguelmann.com.br\/blog\/wp-content\/uploads\/2025\/07\/REDUZIR-10.jpg?fit=710%2C500&ssl=1&resize=350%2C200 1x, https:\/\/i0.wp.com\/gersonguelmann.com.br\/blog\/wp-content\/uploads\/2025\/07\/REDUZIR-10.jpg?fit=710%2C500&ssl=1&resize=525%2C300 1.5x, https:\/\/i0.wp.com\/gersonguelmann.com.br\/blog\/wp-content\/uploads\/2025\/07\/REDUZIR-10.jpg?fit=710%2C500&ssl=1&resize=700%2C400 2x"},"classes":[]},{"id":7830,"url":"https:\/\/gersonguelmann.com.br\/blog\/jaco-o-homem-mais-famoso-do-mundo\/","url_meta":{"origin":12641,"position":1},"title":"Jac\u00f3, o Homem Mais Famoso do Mundo","author":"Gerson Guelmann","date":"17 de maio de 2023","format":false,"excerpt":"Jac\u00f3 conseguiu um novo emprego, estava indo bem no trabalho, e j\u00e1 na segunda semana, batendo papo com o patr\u00e3o, saiu-se com esta: - \"Chefe, eu conhe\u00e7o todas as pessoas no mundo\". Obviamente o chefe achou aquilo muito estranho e imaginou que o novo funcion\u00e1rio n\u00e3o era muito bom da\u2026","rel":"","context":"Em &quot;Sem categoria&quot;","block_context":{"text":"Sem categoria","link":"https:\/\/gersonguelmann.com.br\/blog\/category\/sem-categoria\/"},"img":{"alt_text":"","src":"https:\/\/i0.wp.com\/gersonguelmann.com.br\/blog\/wp-content\/uploads\/2018\/01\/Papa-1.jpg?resize=350%2C200&ssl=1","width":350,"height":200},"classes":[]},{"id":13177,"url":"https:\/\/gersonguelmann.com.br\/blog\/adeus-philip-roth-morre-o-maior-escritor-norte-americano\/","url_meta":{"origin":12641,"position":2},"title":"Adeus, Philip Roth: Morre o Maior Escritor Norte-Americano","author":"Gerson Guelmann","date":"23 de maio de 2018","format":false,"excerpt":"Desde cedo, quando escutei a\u00a0 not\u00edcia do falecimento do Philip Roth, li uma s\u00e9rie de artigos e coment\u00e1rios sobre a obra desse not\u00e1vel escritor, de cuja obra tomei conhecimento na minha p\u00f3s-adolesc\u00eancia.\u00a0 De tudo o que encontrei, o artigo de\u00a0Paulo Paniago publicado no portal Metr\u00f3poles,\u00a0 \u00e9 o que mais me\u2026","rel":"","context":"Em &quot;Sem categoria&quot;","block_context":{"text":"Sem categoria","link":"https:\/\/gersonguelmann.com.br\/blog\/category\/sem-categoria\/"},"img":{"alt_text":"","src":"https:\/\/i0.wp.com\/gersonguelmann.com.br\/blog\/wp-content\/uploads\/2018\/05\/1-11.jpg?fit=1200%2C675&ssl=1&resize=350%2C200","width":350,"height":200,"srcset":"https:\/\/i0.wp.com\/gersonguelmann.com.br\/blog\/wp-content\/uploads\/2018\/05\/1-11.jpg?fit=1200%2C675&ssl=1&resize=350%2C200 1x, https:\/\/i0.wp.com\/gersonguelmann.com.br\/blog\/wp-content\/uploads\/2018\/05\/1-11.jpg?fit=1200%2C675&ssl=1&resize=525%2C300 1.5x, https:\/\/i0.wp.com\/gersonguelmann.com.br\/blog\/wp-content\/uploads\/2018\/05\/1-11.jpg?fit=1200%2C675&ssl=1&resize=700%2C400 2x, https:\/\/i0.wp.com\/gersonguelmann.com.br\/blog\/wp-content\/uploads\/2018\/05\/1-11.jpg?fit=1200%2C675&ssl=1&resize=1050%2C600 3x"},"classes":[]},{"id":6242,"url":"https:\/\/gersonguelmann.com.br\/blog\/citacoes-e-proverbios-judaicos-43\/","url_meta":{"origin":12641,"position":3},"title":"Cita\u00e7\u00f5es e Prov\u00e9rbios Judaicos (43)","author":"Gerson Guelmann","date":"12 de outubro de 2021","format":false,"excerpt":"- \"Contra a estupidez at\u00e9 mesmo D-us \u00e9 impotente\". - \"De que serve a sabedoria quando a loucura reina?\" - \"Ningu\u00e9m vive de alegria ou morre de tristeza\". -\u00a0\"Se ele tivesse o dobro da esperteza ainda seria um idiota\". - \"Se D-us morasse na terra as pessoas quebrariam as vidra\u00e7as\u2026","rel":"","context":"Em &quot;Sem categoria&quot;","block_context":{"text":"Sem categoria","link":"https:\/\/gersonguelmann.com.br\/blog\/category\/sem-categoria\/"},"img":{"alt_text":"","src":"https:\/\/i0.wp.com\/gersonguelmann.com.br\/blog\/wp-content\/uploads\/2017\/12\/VIDRACA-scaled.jpg?fit=1200%2C800&ssl=1&resize=350%2C200","width":350,"height":200,"srcset":"https:\/\/i0.wp.com\/gersonguelmann.com.br\/blog\/wp-content\/uploads\/2017\/12\/VIDRACA-scaled.jpg?fit=1200%2C800&ssl=1&resize=350%2C200 1x, https:\/\/i0.wp.com\/gersonguelmann.com.br\/blog\/wp-content\/uploads\/2017\/12\/VIDRACA-scaled.jpg?fit=1200%2C800&ssl=1&resize=525%2C300 1.5x, https:\/\/i0.wp.com\/gersonguelmann.com.br\/blog\/wp-content\/uploads\/2017\/12\/VIDRACA-scaled.jpg?fit=1200%2C800&ssl=1&resize=700%2C400 2x, https:\/\/i0.wp.com\/gersonguelmann.com.br\/blog\/wp-content\/uploads\/2017\/12\/VIDRACA-scaled.jpg?fit=1200%2C800&ssl=1&resize=1050%2C600 3x"},"classes":[]},{"id":8142,"url":"https:\/\/gersonguelmann.com.br\/blog\/o-papa-e-expulsao-dos-judeus\/","url_meta":{"origin":12641,"position":4},"title":"O Papa e a Expuls\u00e3o dos Judeus","author":"Gerson Guelmann","date":"9 de agosto de 2023","format":false,"excerpt":"Conta-se que h\u00e1 cerca de 250 anos o Papa decidiu que todos os judeus tinham que deixar Roma. Houve uma grande como\u00e7\u00e3o na comunidade judaica e os l\u00edderes decidiram conversar com o Papa. Na audi\u00eancia o Papa prop\u00f4s um acordo: ele faria um debate religioso com um membro da comunidade.\u2026","rel":"","context":"Em &quot;Sem categoria&quot;","block_context":{"text":"Sem categoria","link":"https:\/\/gersonguelmann.com.br\/blog\/category\/sem-categoria\/"},"img":{"alt_text":"","src":"https:\/\/i0.wp.com\/gersonguelmann.com.br\/blog\/wp-content\/uploads\/2023\/08\/HojePR-1-200x300.jpg?resize=350%2C200&ssl=1","width":350,"height":200},"classes":[]},{"id":22918,"url":"https:\/\/gersonguelmann.com.br\/blog\/frases-dos-melhores-humoristas-e-pensadores-judeus-75\/","url_meta":{"origin":12641,"position":5},"title":"Frases dos Melhores Humoristas e Pensadores Judeus (75)","author":"Gerson Guelmann","date":"20 de junho de 2022","format":false,"excerpt":"Abro esta s\u00e9rie de frases com mais uma do not\u00e1vel Albert Einstein, um g\u00eanio da humanidade e cujo bom humor era renomado. Aproveito tamb\u00e9m para dizer que a partir de hoje estou alterando o nome da coluna para incluir outros expoentes da cultura judaica: *\u00a0Albert Einstein\u00a0(Ulm-Alemanha, 14\/3\/1879 \u2013 New Jersey,\u2026","rel":"","context":"Em &quot;Sem categoria&quot;","block_context":{"text":"Sem categoria","link":"https:\/\/gersonguelmann.com.br\/blog\/category\/sem-categoria\/"},"img":{"alt_text":"","src":"https:\/\/i0.wp.com\/gersonguelmann.com.br\/blog\/wp-content\/uploads\/2022\/06\/DESPESAS-scaled.jpg?fit=800%2C1200&ssl=1&resize=350%2C200","width":350,"height":200,"srcset":"https:\/\/i0.wp.com\/gersonguelmann.com.br\/blog\/wp-content\/uploads\/2022\/06\/DESPESAS-scaled.jpg?fit=800%2C1200&ssl=1&resize=350%2C200 1x, https:\/\/i0.wp.com\/gersonguelmann.com.br\/blog\/wp-content\/uploads\/2022\/06\/DESPESAS-scaled.jpg?fit=800%2C1200&ssl=1&resize=525%2C300 1.5x, https:\/\/i0.wp.com\/gersonguelmann.com.br\/blog\/wp-content\/uploads\/2022\/06\/DESPESAS-scaled.jpg?fit=800%2C1200&ssl=1&resize=700%2C400 2x"},"classes":[]}],"jetpack_sharing_enabled":true,"post_mailing_queue_ids":[],"_links":{"self":[{"href":"https:\/\/gersonguelmann.com.br\/blog\/wp-json\/wp\/v2\/posts\/12641","targetHints":{"allow":["GET"]}}],"collection":[{"href":"https:\/\/gersonguelmann.com.br\/blog\/wp-json\/wp\/v2\/posts"}],"about":[{"href":"https:\/\/gersonguelmann.com.br\/blog\/wp-json\/wp\/v2\/types\/post"}],"author":[{"embeddable":true,"href":"https:\/\/gersonguelmann.com.br\/blog\/wp-json\/wp\/v2\/users\/5"}],"replies":[{"embeddable":true,"href":"https:\/\/gersonguelmann.com.br\/blog\/wp-json\/wp\/v2\/comments?post=12641"}],"version-history":[{"count":0,"href":"https:\/\/gersonguelmann.com.br\/blog\/wp-json\/wp\/v2\/posts\/12641\/revisions"}],"wp:featuredmedia":[{"embeddable":true,"href":"https:\/\/gersonguelmann.com.br\/blog\/wp-json\/wp\/v2\/media\/12642"}],"wp:attachment":[{"href":"https:\/\/gersonguelmann.com.br\/blog\/wp-json\/wp\/v2\/media?parent=12641"}],"wp:term":[{"taxonomy":"category","embeddable":true,"href":"https:\/\/gersonguelmann.com.br\/blog\/wp-json\/wp\/v2\/categories?post=12641"},{"taxonomy":"post_tag","embeddable":true,"href":"https:\/\/gersonguelmann.com.br\/blog\/wp-json\/wp\/v2\/tags?post=12641"}],"curies":[{"name":"wp","href":"https:\/\/api.w.org\/{rel}","templated":true}]}}