    {"id":12664,"date":"2018-05-08T17:25:41","date_gmt":"2018-05-08T20:25:41","guid":{"rendered":"https:\/\/gersonguelmann.com.br\/blog\/?p=12664"},"modified":"2018-05-08T17:26:42","modified_gmt":"2018-05-08T20:26:42","slug":"para-geddel-nos-somos-assim","status":"publish","type":"post","link":"https:\/\/gersonguelmann.com.br\/blog\/para-geddel-nos-somos-assim\/","title":{"rendered":"Para Geddel, N\u00f3s Somos Assim"},"content":{"rendered":"<p style=\"text-align: center;\"><img data-recalc-dims=\"1\" fetchpriority=\"high\" decoding=\"async\" data-attachment-id=\"12665\" data-permalink=\"https:\/\/gersonguelmann.com.br\/blog\/para-geddel-nos-somos-assim\/geddel-4\/\" data-orig-file=\"https:\/\/i0.wp.com\/gersonguelmann.com.br\/blog\/wp-content\/uploads\/2018\/05\/Geddel.jpg?fit=1880%2C1253&amp;ssl=1\" data-orig-size=\"1880,1253\" data-comments-opened=\"1\" data-image-meta=\"{&quot;aperture&quot;:&quot;0&quot;,&quot;credit&quot;:&quot;&quot;,&quot;camera&quot;:&quot;&quot;,&quot;caption&quot;:&quot;&quot;,&quot;created_timestamp&quot;:&quot;0&quot;,&quot;copyright&quot;:&quot;&quot;,&quot;focal_length&quot;:&quot;0&quot;,&quot;iso&quot;:&quot;0&quot;,&quot;shutter_speed&quot;:&quot;0&quot;,&quot;title&quot;:&quot;&quot;,&quot;orientation&quot;:&quot;0&quot;}\" data-image-title=\"Geddel\" data-image-description=\"\" data-image-caption=\"\" data-medium-file=\"https:\/\/i0.wp.com\/gersonguelmann.com.br\/blog\/wp-content\/uploads\/2018\/05\/Geddel.jpg?fit=300%2C200&amp;ssl=1\" data-large-file=\"https:\/\/i0.wp.com\/gersonguelmann.com.br\/blog\/wp-content\/uploads\/2018\/05\/Geddel.jpg?fit=640%2C426&amp;ssl=1\" class=\"alignnone size-medium wp-image-12665\" src=\"https:\/\/i0.wp.com\/gersonguelmann.com.br\/blog\/wp-content\/uploads\/2018\/05\/Geddel.jpg?resize=300%2C200&#038;ssl=1\" alt=\"\" width=\"300\" height=\"200\" srcset=\"https:\/\/i0.wp.com\/gersonguelmann.com.br\/blog\/wp-content\/uploads\/2018\/05\/Geddel.jpg?resize=300%2C200&amp;ssl=1 300w, https:\/\/i0.wp.com\/gersonguelmann.com.br\/blog\/wp-content\/uploads\/2018\/05\/Geddel.jpg?resize=768%2C512&amp;ssl=1 768w, https:\/\/i0.wp.com\/gersonguelmann.com.br\/blog\/wp-content\/uploads\/2018\/05\/Geddel.jpg?resize=1024%2C682&amp;ssl=1 1024w, https:\/\/i0.wp.com\/gersonguelmann.com.br\/blog\/wp-content\/uploads\/2018\/05\/Geddel.jpg?resize=750%2C500&amp;ssl=1 750w, https:\/\/i0.wp.com\/gersonguelmann.com.br\/blog\/wp-content\/uploads\/2018\/05\/Geddel.jpg?w=1880&amp;ssl=1 1880w, https:\/\/i0.wp.com\/gersonguelmann.com.br\/blog\/wp-content\/uploads\/2018\/05\/Geddel.jpg?w=1280&amp;ssl=1 1280w\" sizes=\"(max-width: 300px) 100vw, 300px\" \/><\/p>\n<p><span style=\"font-family: georgia, palatino, serif; font-size: 18pt; color: #000000;\">Neste momento a A Segunda Turma do Supremo Tribunal Federal (STF) decide se cabe \u00e0 Suprema Corte julgar o ex-ministro Geddel Vieira Lima (PMDB-BA); seu irm\u00e3o, o deputado L\u00facio Vieira Lima (PMDB-BA); e a m\u00e3e de ambos, Marluce Vieira Lima.\u00a0<\/span><\/p>\n<p><span style=\"font-family: georgia, palatino, serif; font-size: 18pt; color: #000000;\">Geddel \u00e9 aquele sujeito que est\u00e1\u00a0preso desde 8 de setembro do ano passado, tr\u00eas dias depois de a Pol\u00edcia Federal ter encontrado a m\u00f3dica quantia de R$ 51 milh\u00f5es em dinheiro vivo, guardados por ele no apartamento de um amigo em Salvador (BA).<\/span><\/p>\n<p><span style=\"font-family: georgia, palatino, serif; font-size: 18pt; color: #000000;\">Detalhe:\u00a0a defesa de Geddel diz que os R$ 51 milh\u00f5es t\u00eam origem legal e s\u00e3o provenientes da <em>&#8220;simples guarda de valores em esp\u00e9cie, fruto de investimentos no mercado de incorpora\u00e7\u00e3o imobili\u00e1ria, com dinheiro vivo&#8221;.<\/em><\/span><\/p>\n<p><span style=\"font-family: georgia, palatino, serif; font-size: 18pt; color: #000000;\">Pois \u00e9, a gente merece.<\/span><\/p>\n<p style=\"text-align: center;\"><img data-recalc-dims=\"1\" decoding=\"async\" data-attachment-id=\"12666\" data-permalink=\"https:\/\/gersonguelmann.com.br\/blog\/para-geddel-nos-somos-assim\/csm_bunker_0a72f6c0ce\/\" data-orig-file=\"https:\/\/i0.wp.com\/gersonguelmann.com.br\/blog\/wp-content\/uploads\/2018\/05\/csm_bunker_0a72f6c0ce.jpg?fit=940%2C543&amp;ssl=1\" data-orig-size=\"940,543\" data-comments-opened=\"1\" data-image-meta=\"{&quot;aperture&quot;:&quot;0&quot;,&quot;credit&quot;:&quot;&quot;,&quot;camera&quot;:&quot;&quot;,&quot;caption&quot;:&quot;&quot;,&quot;created_timestamp&quot;:&quot;0&quot;,&quot;copyright&quot;:&quot;&quot;,&quot;focal_length&quot;:&quot;0&quot;,&quot;iso&quot;:&quot;0&quot;,&quot;shutter_speed&quot;:&quot;0&quot;,&quot;title&quot;:&quot;&quot;,&quot;orientation&quot;:&quot;0&quot;}\" data-image-title=\"csm_bunker_0a72f6c0ce\" data-image-description=\"\" data-image-caption=\"\" data-medium-file=\"https:\/\/i0.wp.com\/gersonguelmann.com.br\/blog\/wp-content\/uploads\/2018\/05\/csm_bunker_0a72f6c0ce.jpg?fit=300%2C173&amp;ssl=1\" data-large-file=\"https:\/\/i0.wp.com\/gersonguelmann.com.br\/blog\/wp-content\/uploads\/2018\/05\/csm_bunker_0a72f6c0ce.jpg?fit=640%2C370&amp;ssl=1\" class=\"alignnone size-medium wp-image-12666\" src=\"https:\/\/i0.wp.com\/gersonguelmann.com.br\/blog\/wp-content\/uploads\/2018\/05\/csm_bunker_0a72f6c0ce.jpg?resize=300%2C173&#038;ssl=1\" alt=\"\" width=\"300\" height=\"173\" srcset=\"https:\/\/i0.wp.com\/gersonguelmann.com.br\/blog\/wp-content\/uploads\/2018\/05\/csm_bunker_0a72f6c0ce.jpg?resize=300%2C173&amp;ssl=1 300w, https:\/\/i0.wp.com\/gersonguelmann.com.br\/blog\/wp-content\/uploads\/2018\/05\/csm_bunker_0a72f6c0ce.jpg?resize=768%2C444&amp;ssl=1 768w, https:\/\/i0.wp.com\/gersonguelmann.com.br\/blog\/wp-content\/uploads\/2018\/05\/csm_bunker_0a72f6c0ce.jpg?w=940&amp;ssl=1 940w\" sizes=\"(max-width: 300px) 100vw, 300px\" \/><\/p>\n<p>&nbsp;<\/p>\n","protected":false},"excerpt":{"rendered":"<p>Neste momento a A Segunda Turma do Supremo Tribunal Federal (STF) decide se cabe \u00e0 Suprema Corte julgar o ex-ministro Geddel Vieira Lima (PMDB-BA); seu irm\u00e3o, o deputado L\u00facio Vieira Lima (PMDB-BA); e a m\u00e3e de ambos, Marluce Vieira Lima.\u00a0 Geddel \u00e9 aquele sujeito que est\u00e1\u00a0preso desde 8 de setembro do ano passado, tr\u00eas dias [&hellip;]<\/p>\n","protected":false},"author":5,"featured_media":12665,"comment_status":"open","ping_status":"open","sticky":false,"template":"","format":"standard","meta":{"_acf_changed":false,"jetpack_post_was_ever_published":false,"_jetpack_newsletter_access":"","_jetpack_dont_email_post_to_subs":false,"_jetpack_newsletter_tier_id":0,"_jetpack_memberships_contains_paywalled_content":false,"_jetpack_memberships_contains_paid_content":false,"footnotes":"","jetpack_publicize_message":"","jetpack_publicize_feature_enabled":true,"jetpack_social_post_already_shared":true,"jetpack_social_options":{"image_generator_settings":{"template":"highway","default_image_id":0,"font":"","enabled":false},"version":2}},"categories":[1],"tags":[],"class_list":["post-12664","post","type-post","status-publish","format-standard","has-post-thumbnail","hentry","category-sem-categoria"],"acf":[],"yoast_head":"<!-- This site is optimized with the Yoast SEO plugin v27.3 - https:\/\/yoast.com\/product\/yoast-seo-wordpress\/ -->\n<title>Para Geddel, N\u00f3s Somos Assim | Blog do Guelmann<\/title>\n<meta name=\"robots\" content=\"index, follow, max-snippet:-1, max-image-preview:large, max-video-preview:-1\" \/>\n<link rel=\"canonical\" href=\"https:\/\/gersonguelmann.com.br\/blog\/para-geddel-nos-somos-assim\/\" \/>\n<meta property=\"og:locale\" content=\"pt_BR\" \/>\n<meta property=\"og:type\" content=\"article\" \/>\n<meta property=\"og:title\" content=\"Para Geddel, N\u00f3s Somos Assim | Blog do Guelmann\" \/>\n<meta property=\"og:description\" content=\"Neste momento a A Segunda Turma do Supremo Tribunal Federal (STF) decide se cabe \u00e0 Suprema Corte julgar o ex-ministro Geddel Vieira Lima (PMDB-BA); seu irm\u00e3o, o deputado L\u00facio Vieira Lima (PMDB-BA); e a m\u00e3e de ambos, Marluce Vieira Lima.\u00a0 Geddel \u00e9 aquele sujeito que est\u00e1\u00a0preso desde 8 de setembro do ano passado, tr\u00eas dias [&hellip;]\" \/>\n<meta property=\"og:url\" content=\"https:\/\/gersonguelmann.com.br\/blog\/para-geddel-nos-somos-assim\/\" \/>\n<meta property=\"og:site_name\" content=\"Blog do Guelmann\" \/>\n<meta property=\"article:published_time\" content=\"2018-05-08T20:25:41+00:00\" \/>\n<meta property=\"article:modified_time\" content=\"2018-05-08T20:26:42+00:00\" \/>\n<meta property=\"og:image\" content=\"https:\/\/i0.wp.com\/gersonguelmann.com.br\/blog\/wp-content\/uploads\/2018\/05\/Geddel.jpg?fit=1880%2C1253&ssl=1\" \/>\n\t<meta property=\"og:image:width\" content=\"1880\" \/>\n\t<meta property=\"og:image:height\" content=\"1253\" \/>\n\t<meta property=\"og:image:type\" content=\"image\/jpeg\" \/>\n<meta name=\"author\" content=\"Gerson Guelmann\" \/>\n<meta name=\"twitter:card\" content=\"summary_large_image\" \/>\n<meta name=\"twitter:label1\" content=\"Escrito por\" \/>\n\t<meta name=\"twitter:data1\" content=\"Gerson Guelmann\" \/>\n\t<meta name=\"twitter:label2\" content=\"Est. tempo de leitura\" \/>\n\t<meta name=\"twitter:data2\" content=\"1 minuto\" \/>\n<script type=\"application\/ld+json\" class=\"yoast-schema-graph\">{\"@context\":\"https:\\\/\\\/schema.org\",\"@graph\":[{\"@type\":\"Article\",\"@id\":\"https:\\\/\\\/gersonguelmann.com.br\\\/blog\\\/para-geddel-nos-somos-assim\\\/#article\",\"isPartOf\":{\"@id\":\"https:\\\/\\\/gersonguelmann.com.br\\\/blog\\\/para-geddel-nos-somos-assim\\\/\"},\"author\":{\"name\":\"Gerson Guelmann\",\"@id\":\"https:\\\/\\\/gersonguelmann.com.br\\\/blog\\\/#\\\/schema\\\/person\\\/87e70e2a786888082f941a482c90569e\"},\"headline\":\"Para Geddel, N\u00f3s Somos Assim\",\"datePublished\":\"2018-05-08T20:25:41+00:00\",\"dateModified\":\"2018-05-08T20:26:42+00:00\",\"mainEntityOfPage\":{\"@id\":\"https:\\\/\\\/gersonguelmann.com.br\\\/blog\\\/para-geddel-nos-somos-assim\\\/\"},\"wordCount\":138,\"commentCount\":0,\"image\":{\"@id\":\"https:\\\/\\\/gersonguelmann.com.br\\\/blog\\\/para-geddel-nos-somos-assim\\\/#primaryimage\"},\"thumbnailUrl\":\"https:\\\/\\\/i0.wp.com\\\/gersonguelmann.com.br\\\/blog\\\/wp-content\\\/uploads\\\/2018\\\/05\\\/Geddel.jpg?fit=1880%2C1253&ssl=1\",\"inLanguage\":\"pt-BR\",\"potentialAction\":[{\"@type\":\"CommentAction\",\"name\":\"Comment\",\"target\":[\"https:\\\/\\\/gersonguelmann.com.br\\\/blog\\\/para-geddel-nos-somos-assim\\\/#respond\"]}]},{\"@type\":\"WebPage\",\"@id\":\"https:\\\/\\\/gersonguelmann.com.br\\\/blog\\\/para-geddel-nos-somos-assim\\\/\",\"url\":\"https:\\\/\\\/gersonguelmann.com.br\\\/blog\\\/para-geddel-nos-somos-assim\\\/\",\"name\":\"Para Geddel, N\u00f3s Somos Assim | Blog do Guelmann\",\"isPartOf\":{\"@id\":\"https:\\\/\\\/gersonguelmann.com.br\\\/blog\\\/#website\"},\"primaryImageOfPage\":{\"@id\":\"https:\\\/\\\/gersonguelmann.com.br\\\/blog\\\/para-geddel-nos-somos-assim\\\/#primaryimage\"},\"image\":{\"@id\":\"https:\\\/\\\/gersonguelmann.com.br\\\/blog\\\/para-geddel-nos-somos-assim\\\/#primaryimage\"},\"thumbnailUrl\":\"https:\\\/\\\/i0.wp.com\\\/gersonguelmann.com.br\\\/blog\\\/wp-content\\\/uploads\\\/2018\\\/05\\\/Geddel.jpg?fit=1880%2C1253&ssl=1\",\"datePublished\":\"2018-05-08T20:25:41+00:00\",\"dateModified\":\"2018-05-08T20:26:42+00:00\",\"author\":{\"@id\":\"https:\\\/\\\/gersonguelmann.com.br\\\/blog\\\/#\\\/schema\\\/person\\\/87e70e2a786888082f941a482c90569e\"},\"inLanguage\":\"pt-BR\",\"potentialAction\":[{\"@type\":\"ReadAction\",\"target\":[\"https:\\\/\\\/gersonguelmann.com.br\\\/blog\\\/para-geddel-nos-somos-assim\\\/\"]}]},{\"@type\":\"ImageObject\",\"inLanguage\":\"pt-BR\",\"@id\":\"https:\\\/\\\/gersonguelmann.com.br\\\/blog\\\/para-geddel-nos-somos-assim\\\/#primaryimage\",\"url\":\"https:\\\/\\\/i0.wp.com\\\/gersonguelmann.com.br\\\/blog\\\/wp-content\\\/uploads\\\/2018\\\/05\\\/Geddel.jpg?fit=1880%2C1253&ssl=1\",\"contentUrl\":\"https:\\\/\\\/i0.wp.com\\\/gersonguelmann.com.br\\\/blog\\\/wp-content\\\/uploads\\\/2018\\\/05\\\/Geddel.jpg?fit=1880%2C1253&ssl=1\",\"width\":1880,\"height\":1253},{\"@type\":\"WebSite\",\"@id\":\"https:\\\/\\\/gersonguelmann.com.br\\\/blog\\\/#website\",\"url\":\"https:\\\/\\\/gersonguelmann.com.br\\\/blog\\\/\",\"name\":\"Blog do Guelmann\",\"description\":\"Pitadas da sabedoria e do humor judaicos, assuntos do momento e um pouco das hist\u00f3rias que vivi e testemunhei.\",\"potentialAction\":[{\"@type\":\"SearchAction\",\"target\":{\"@type\":\"EntryPoint\",\"urlTemplate\":\"https:\\\/\\\/gersonguelmann.com.br\\\/blog\\\/?s={search_term_string}\"},\"query-input\":{\"@type\":\"PropertyValueSpecification\",\"valueRequired\":true,\"valueName\":\"search_term_string\"}}],\"inLanguage\":\"pt-BR\"},{\"@type\":\"Person\",\"@id\":\"https:\\\/\\\/gersonguelmann.com.br\\\/blog\\\/#\\\/schema\\\/person\\\/87e70e2a786888082f941a482c90569e\",\"name\":\"Gerson Guelmann\",\"image\":{\"@type\":\"ImageObject\",\"inLanguage\":\"pt-BR\",\"@id\":\"https:\\\/\\\/i0.wp.com\\\/gersonguelmann.com.br\\\/blog\\\/wp-content\\\/uploads\\\/2021\\\/08\\\/BLOG.jpeg?fit=96%2C96&ssl=1\",\"url\":\"https:\\\/\\\/i0.wp.com\\\/gersonguelmann.com.br\\\/blog\\\/wp-content\\\/uploads\\\/2021\\\/08\\\/BLOG.jpeg?fit=96%2C96&ssl=1\",\"contentUrl\":\"https:\\\/\\\/i0.wp.com\\\/gersonguelmann.com.br\\\/blog\\\/wp-content\\\/uploads\\\/2021\\\/08\\\/BLOG.jpeg?fit=96%2C96&ssl=1\",\"caption\":\"Gerson Guelmann\"},\"description\":\"Pitadas da sabedoria e do humor judaicos, assuntos do momento e um pouco das hist\u00f3rias que vivi e testemunhei.\"}]}<\/script>\n<!-- \/ Yoast SEO plugin. -->","yoast_head_json":{"title":"Para Geddel, N\u00f3s Somos Assim | Blog do Guelmann","robots":{"index":"index","follow":"follow","max-snippet":"max-snippet:-1","max-image-preview":"max-image-preview:large","max-video-preview":"max-video-preview:-1"},"canonical":"https:\/\/gersonguelmann.com.br\/blog\/para-geddel-nos-somos-assim\/","og_locale":"pt_BR","og_type":"article","og_title":"Para Geddel, N\u00f3s Somos Assim | Blog do Guelmann","og_description":"Neste momento a A Segunda Turma do Supremo Tribunal Federal (STF) decide se cabe \u00e0 Suprema Corte julgar o ex-ministro Geddel Vieira Lima (PMDB-BA); seu irm\u00e3o, o deputado L\u00facio Vieira Lima (PMDB-BA); e a m\u00e3e de ambos, Marluce Vieira Lima.\u00a0 Geddel \u00e9 aquele sujeito que est\u00e1\u00a0preso desde 8 de setembro do ano passado, tr\u00eas dias [&hellip;]","og_url":"https:\/\/gersonguelmann.com.br\/blog\/para-geddel-nos-somos-assim\/","og_site_name":"Blog do Guelmann","article_published_time":"2018-05-08T20:25:41+00:00","article_modified_time":"2018-05-08T20:26:42+00:00","og_image":[{"width":1880,"height":1253,"url":"https:\/\/i0.wp.com\/gersonguelmann.com.br\/blog\/wp-content\/uploads\/2018\/05\/Geddel.jpg?fit=1880%2C1253&ssl=1","type":"image\/jpeg"}],"author":"Gerson Guelmann","twitter_card":"summary_large_image","twitter_misc":{"Escrito por":"Gerson Guelmann","Est. tempo de leitura":"1 minuto"},"schema":{"@context":"https:\/\/schema.org","@graph":[{"@type":"Article","@id":"https:\/\/gersonguelmann.com.br\/blog\/para-geddel-nos-somos-assim\/#article","isPartOf":{"@id":"https:\/\/gersonguelmann.com.br\/blog\/para-geddel-nos-somos-assim\/"},"author":{"name":"Gerson Guelmann","@id":"https:\/\/gersonguelmann.com.br\/blog\/#\/schema\/person\/87e70e2a786888082f941a482c90569e"},"headline":"Para Geddel, N\u00f3s Somos Assim","datePublished":"2018-05-08T20:25:41+00:00","dateModified":"2018-05-08T20:26:42+00:00","mainEntityOfPage":{"@id":"https:\/\/gersonguelmann.com.br\/blog\/para-geddel-nos-somos-assim\/"},"wordCount":138,"commentCount":0,"image":{"@id":"https:\/\/gersonguelmann.com.br\/blog\/para-geddel-nos-somos-assim\/#primaryimage"},"thumbnailUrl":"https:\/\/i0.wp.com\/gersonguelmann.com.br\/blog\/wp-content\/uploads\/2018\/05\/Geddel.jpg?fit=1880%2C1253&ssl=1","inLanguage":"pt-BR","potentialAction":[{"@type":"CommentAction","name":"Comment","target":["https:\/\/gersonguelmann.com.br\/blog\/para-geddel-nos-somos-assim\/#respond"]}]},{"@type":"WebPage","@id":"https:\/\/gersonguelmann.com.br\/blog\/para-geddel-nos-somos-assim\/","url":"https:\/\/gersonguelmann.com.br\/blog\/para-geddel-nos-somos-assim\/","name":"Para Geddel, N\u00f3s Somos Assim | Blog do Guelmann","isPartOf":{"@id":"https:\/\/gersonguelmann.com.br\/blog\/#website"},"primaryImageOfPage":{"@id":"https:\/\/gersonguelmann.com.br\/blog\/para-geddel-nos-somos-assim\/#primaryimage"},"image":{"@id":"https:\/\/gersonguelmann.com.br\/blog\/para-geddel-nos-somos-assim\/#primaryimage"},"thumbnailUrl":"https:\/\/i0.wp.com\/gersonguelmann.com.br\/blog\/wp-content\/uploads\/2018\/05\/Geddel.jpg?fit=1880%2C1253&ssl=1","datePublished":"2018-05-08T20:25:41+00:00","dateModified":"2018-05-08T20:26:42+00:00","author":{"@id":"https:\/\/gersonguelmann.com.br\/blog\/#\/schema\/person\/87e70e2a786888082f941a482c90569e"},"inLanguage":"pt-BR","potentialAction":[{"@type":"ReadAction","target":["https:\/\/gersonguelmann.com.br\/blog\/para-geddel-nos-somos-assim\/"]}]},{"@type":"ImageObject","inLanguage":"pt-BR","@id":"https:\/\/gersonguelmann.com.br\/blog\/para-geddel-nos-somos-assim\/#primaryimage","url":"https:\/\/i0.wp.com\/gersonguelmann.com.br\/blog\/wp-content\/uploads\/2018\/05\/Geddel.jpg?fit=1880%2C1253&ssl=1","contentUrl":"https:\/\/i0.wp.com\/gersonguelmann.com.br\/blog\/wp-content\/uploads\/2018\/05\/Geddel.jpg?fit=1880%2C1253&ssl=1","width":1880,"height":1253},{"@type":"WebSite","@id":"https:\/\/gersonguelmann.com.br\/blog\/#website","url":"https:\/\/gersonguelmann.com.br\/blog\/","name":"Blog do Guelmann","description":"Pitadas da sabedoria e do humor judaicos, assuntos do momento e um pouco das hist\u00f3rias que vivi e testemunhei.","potentialAction":[{"@type":"SearchAction","target":{"@type":"EntryPoint","urlTemplate":"https:\/\/gersonguelmann.com.br\/blog\/?s={search_term_string}"},"query-input":{"@type":"PropertyValueSpecification","valueRequired":true,"valueName":"search_term_string"}}],"inLanguage":"pt-BR"},{"@type":"Person","@id":"https:\/\/gersonguelmann.com.br\/blog\/#\/schema\/person\/87e70e2a786888082f941a482c90569e","name":"Gerson Guelmann","image":{"@type":"ImageObject","inLanguage":"pt-BR","@id":"https:\/\/i0.wp.com\/gersonguelmann.com.br\/blog\/wp-content\/uploads\/2021\/08\/BLOG.jpeg?fit=96%2C96&ssl=1","url":"https:\/\/i0.wp.com\/gersonguelmann.com.br\/blog\/wp-content\/uploads\/2021\/08\/BLOG.jpeg?fit=96%2C96&ssl=1","contentUrl":"https:\/\/i0.wp.com\/gersonguelmann.com.br\/blog\/wp-content\/uploads\/2021\/08\/BLOG.jpeg?fit=96%2C96&ssl=1","caption":"Gerson Guelmann"},"description":"Pitadas da sabedoria e do humor judaicos, assuntos do momento e um pouco das hist\u00f3rias que vivi e testemunhei."}]}},"views":22,"jetpack_publicize_connections":[],"jetpack_featured_media_url":"https:\/\/i0.wp.com\/gersonguelmann.com.br\/blog\/wp-content\/uploads\/2018\/05\/Geddel.jpg?fit=1880%2C1253&ssl=1","jetpack_shortlink":"https:\/\/wp.me\/p96e7O-3ig","jetpack-related-posts":[{"id":12746,"url":"https:\/\/gersonguelmann.com.br\/blog\/o-irmao-do-geddel-sumiu-imagine-se-estivesse-com-a-grana\/","url_meta":{"origin":12664,"position":0},"title":"O Irm\u00e3o do Geddel Sumiu. Imagine Se Estivesse Com a Grana&#8230;","author":"Gerson Guelmann","date":"10 de maio de 2018","format":false,"excerpt":"A Isto\u00c9 informa: BRASIL Irm\u00e3o de Geddel \u2018some\u2019 e Conselho de \u00c9tica o notifica pelo Di\u00e1rio Oficial O \u201csumi\u00e7o\u201d do deputado L\u00facio Vieira Lima (MDB-BA) obrigou o Conselho de \u00c9tica da C\u00e2mara a notific\u00e1-lo por meio dos di\u00e1rios oficiais da Uni\u00e3o e da C\u00e2mara sobre o processo em que responde\u2026","rel":"","context":"Em &quot;Sem categoria&quot;","block_context":{"text":"Sem categoria","link":"https:\/\/gersonguelmann.com.br\/blog\/category\/sem-categoria\/"},"img":{"alt_text":"","src":"https:\/\/i0.wp.com\/gersonguelmann.com.br\/blog\/wp-content\/uploads\/2018\/05\/LVL.jpg?fit=868%2C644&ssl=1&resize=350%2C200","width":350,"height":200,"srcset":"https:\/\/i0.wp.com\/gersonguelmann.com.br\/blog\/wp-content\/uploads\/2018\/05\/LVL.jpg?fit=868%2C644&ssl=1&resize=350%2C200 1x, https:\/\/i0.wp.com\/gersonguelmann.com.br\/blog\/wp-content\/uploads\/2018\/05\/LVL.jpg?fit=868%2C644&ssl=1&resize=525%2C300 1.5x, https:\/\/i0.wp.com\/gersonguelmann.com.br\/blog\/wp-content\/uploads\/2018\/05\/LVL.jpg?fit=868%2C644&ssl=1&resize=700%2C400 2x"},"classes":[]},{"id":14088,"url":"https:\/\/gersonguelmann.com.br\/blog\/na-papuda-enquanto-o-brasil-empatava\/","url_meta":{"origin":12664,"position":1},"title":"Na Papuda, Enquanto o Brasil Empatava&#8230;","author":"Gerson Guelmann","date":"18 de junho de 2018","format":false,"excerpt":"No pres\u00eddio da Papuda, em Brasilia, ontem, a Pol\u00edcia Civil do Distrito Federal fez uma inspe\u00e7\u00e3o na cela ocupada pelo ex-senador Luiz Estev\u00e3o e pelo ex-ministro Jos\u00e9 Dirceu. De acordo com as not\u00edcias o mandado concedido pela Justi\u00e7a tamb\u00e9m permitiu que a cela onde est\u00e1 o ex-ministro Geddel Lima fosse\u2026","rel":"","context":"Em &quot;Sem categoria&quot;","block_context":{"text":"Sem categoria","link":"https:\/\/gersonguelmann.com.br\/blog\/category\/sem-categoria\/"},"img":{"alt_text":"","src":"https:\/\/i0.wp.com\/gersonguelmann.com.br\/blog\/wp-content\/uploads\/2018\/06\/Papuda.jpg?fit=1200%2C675&ssl=1&resize=350%2C200","width":350,"height":200,"srcset":"https:\/\/i0.wp.com\/gersonguelmann.com.br\/blog\/wp-content\/uploads\/2018\/06\/Papuda.jpg?fit=1200%2C675&ssl=1&resize=350%2C200 1x, https:\/\/i0.wp.com\/gersonguelmann.com.br\/blog\/wp-content\/uploads\/2018\/06\/Papuda.jpg?fit=1200%2C675&ssl=1&resize=525%2C300 1.5x, https:\/\/i0.wp.com\/gersonguelmann.com.br\/blog\/wp-content\/uploads\/2018\/06\/Papuda.jpg?fit=1200%2C675&ssl=1&resize=700%2C400 2x, https:\/\/i0.wp.com\/gersonguelmann.com.br\/blog\/wp-content\/uploads\/2018\/06\/Papuda.jpg?fit=1200%2C675&ssl=1&resize=1050%2C600 3x"},"classes":[]},{"id":1464,"url":"https:\/\/gersonguelmann.com.br\/blog\/dois-momentos-que-enriqueceram-o-ja-rico-prontuario-de-geddel\/","url_meta":{"origin":12664,"position":2},"title":"Dois momentos que enriqueceram o j\u00e1 rico prontu\u00e1rio de Geddel","author":"Gerson Guelmann","date":"6 de setembro de 2017","format":false,"excerpt":"Compartilho dois v\u00eddeos extremamente enriquecedores para quem deseja conhecer o car\u00e1ter de Geddel Vieira Lima. Geddel come\u00e7ou a ser investigado em janeiro \u00faltimo na opera\u00e7\u00e3o \"Cui Bono\"\u00a0 da Pol\u00edcia Federal, com base em informa\u00e7\u00f5es encontradas em um celular que era usado pelo deputado cassado Eduardo Cunha, atualmente condenado e preso.\u00a0\u2026","rel":"","context":"Em &quot;Sem categoria&quot;","block_context":{"text":"Sem categoria","link":"https:\/\/gersonguelmann.com.br\/blog\/category\/sem-categoria\/"},"img":{"alt_text":"","src":"https:\/\/i0.wp.com\/gersonguelmann.com.br\/blog\/wp-content\/uploads\/2017\/09\/Geddel.jpg?fit=1200%2C800&ssl=1&resize=350%2C200","width":350,"height":200,"srcset":"https:\/\/i0.wp.com\/gersonguelmann.com.br\/blog\/wp-content\/uploads\/2017\/09\/Geddel.jpg?fit=1200%2C800&ssl=1&resize=350%2C200 1x, https:\/\/i0.wp.com\/gersonguelmann.com.br\/blog\/wp-content\/uploads\/2017\/09\/Geddel.jpg?fit=1200%2C800&ssl=1&resize=525%2C300 1.5x, https:\/\/i0.wp.com\/gersonguelmann.com.br\/blog\/wp-content\/uploads\/2017\/09\/Geddel.jpg?fit=1200%2C800&ssl=1&resize=700%2C400 2x, https:\/\/i0.wp.com\/gersonguelmann.com.br\/blog\/wp-content\/uploads\/2017\/09\/Geddel.jpg?fit=1200%2C800&ssl=1&resize=1050%2C600 3x"},"classes":[]},{"id":1438,"url":"https:\/\/gersonguelmann.com.br\/blog\/e-preciso-entender-a-situacao-dos-caras\/","url_meta":{"origin":12664,"position":3},"title":"\u00c9 preciso entender a situa\u00e7\u00e3o dos caras","author":"Gerson Guelmann","date":"5 de setembro de 2017","format":false,"excerpt":"O brasileiro m\u00e9dio, aquele que n\u00e3o est\u00e1 acostumado a ver e muito menos a ter essa grana toda foi surpreendido hoje pelas not\u00edcias e imagens de duas grande apreens\u00f5es de dinheiro. A primeira foi na casa do Geddel Vieira Lima, ex-Ministro. Sobre isso comentei mais cedo.\u00a0 O segundo achado foi\u2026","rel":"","context":"Em &quot;Sem categoria&quot;","block_context":{"text":"Sem categoria","link":"https:\/\/gersonguelmann.com.br\/blog\/category\/sem-categoria\/"},"img":{"alt_text":"","src":"https:\/\/i0.wp.com\/gersonguelmann.com.br\/blog\/wp-content\/uploads\/2017\/09\/Dinheiro.jpg?fit=960%2C640&ssl=1&resize=350%2C200","width":350,"height":200,"srcset":"https:\/\/i0.wp.com\/gersonguelmann.com.br\/blog\/wp-content\/uploads\/2017\/09\/Dinheiro.jpg?fit=960%2C640&ssl=1&resize=350%2C200 1x, https:\/\/i0.wp.com\/gersonguelmann.com.br\/blog\/wp-content\/uploads\/2017\/09\/Dinheiro.jpg?fit=960%2C640&ssl=1&resize=525%2C300 1.5x, https:\/\/i0.wp.com\/gersonguelmann.com.br\/blog\/wp-content\/uploads\/2017\/09\/Dinheiro.jpg?fit=960%2C640&ssl=1&resize=700%2C400 2x"},"classes":[]},{"id":1522,"url":"https:\/\/gersonguelmann.com.br\/blog\/geddel-nao-esqueca-o-papel\/","url_meta":{"origin":12664,"position":4},"title":"Geddel, N\u00e3o Esque\u00e7a o Papel","author":"Gerson Guelmann","date":"8 de setembro de 2017","format":false,"excerpt":"O sentimento que costumamos ter em rela\u00e7\u00e3o aos ladr\u00f5es do er\u00e1rio \u00e9 o de nojo, indigna\u00e7\u00e3o, desprezo, por a\u00ed. Quando al\u00e9m de canalha o sujeito \u00e9 ganancioso a ponto de guardar 51 milh\u00f5es de reais em um apartamento, sentimos um certo al\u00edvio em saber que ele foi finalmente desmascarado e\u2026","rel":"","context":"Em &quot;Sem categoria&quot;","block_context":{"text":"Sem categoria","link":"https:\/\/gersonguelmann.com.br\/blog\/category\/sem-categoria\/"},"img":{"alt_text":"","src":"https:\/\/i0.wp.com\/gersonguelmann.com.br\/blog\/wp-content\/uploads\/2017\/09\/Len%C3%A7o-de-papel.jpg?fit=1200%2C900&ssl=1&resize=350%2C200","width":350,"height":200,"srcset":"https:\/\/i0.wp.com\/gersonguelmann.com.br\/blog\/wp-content\/uploads\/2017\/09\/Len%C3%A7o-de-papel.jpg?fit=1200%2C900&ssl=1&resize=350%2C200 1x, https:\/\/i0.wp.com\/gersonguelmann.com.br\/blog\/wp-content\/uploads\/2017\/09\/Len%C3%A7o-de-papel.jpg?fit=1200%2C900&ssl=1&resize=525%2C300 1.5x, https:\/\/i0.wp.com\/gersonguelmann.com.br\/blog\/wp-content\/uploads\/2017\/09\/Len%C3%A7o-de-papel.jpg?fit=1200%2C900&ssl=1&resize=700%2C400 2x, https:\/\/i0.wp.com\/gersonguelmann.com.br\/blog\/wp-content\/uploads\/2017\/09\/Len%C3%A7o-de-papel.jpg?fit=1200%2C900&ssl=1&resize=1050%2C600 3x"},"classes":[]},{"id":2346,"url":"https:\/\/gersonguelmann.com.br\/blog\/cavadores-tuneis-aprendam-com-tio-geddel-roubar-para-profissionais\/","url_meta":{"origin":12664,"position":5},"title":"Cavadores de t\u00faneis, aprendam com o tio Geddel: roubar \u00e9 para profissionais","author":"Gerson Guelmann","date":"3 de outubro de 2017","format":false,"excerpt":"A pol\u00edcia de S\u00e3o Paulo impediu ontem o que poderia ter sido o maior assalto a banco da hist\u00f3ria do pa\u00eds. A pris\u00e3o do grupo de 16 homens interrompeu a constru\u00e7\u00e3o de um t\u00fanel que j\u00e1 tinha 500 metros de extens\u00e3o. A quadrilha fez um investimento de pelo menos R$\u2026","rel":"","context":"Em &quot;Sem categoria&quot;","block_context":{"text":"Sem categoria","link":"https:\/\/gersonguelmann.com.br\/blog\/category\/sem-categoria\/"},"img":{"alt_text":"","src":"https:\/\/i0.wp.com\/gersonguelmann.com.br\/blog\/wp-content\/uploads\/2017\/10\/Tunel.jpg?resize=350%2C200&ssl=1","width":350,"height":200},"classes":[]}],"jetpack_sharing_enabled":true,"post_mailing_queue_ids":[],"_links":{"self":[{"href":"https:\/\/gersonguelmann.com.br\/blog\/wp-json\/wp\/v2\/posts\/12664","targetHints":{"allow":["GET"]}}],"collection":[{"href":"https:\/\/gersonguelmann.com.br\/blog\/wp-json\/wp\/v2\/posts"}],"about":[{"href":"https:\/\/gersonguelmann.com.br\/blog\/wp-json\/wp\/v2\/types\/post"}],"author":[{"embeddable":true,"href":"https:\/\/gersonguelmann.com.br\/blog\/wp-json\/wp\/v2\/users\/5"}],"replies":[{"embeddable":true,"href":"https:\/\/gersonguelmann.com.br\/blog\/wp-json\/wp\/v2\/comments?post=12664"}],"version-history":[{"count":0,"href":"https:\/\/gersonguelmann.com.br\/blog\/wp-json\/wp\/v2\/posts\/12664\/revisions"}],"wp:featuredmedia":[{"embeddable":true,"href":"https:\/\/gersonguelmann.com.br\/blog\/wp-json\/wp\/v2\/media\/12665"}],"wp:attachment":[{"href":"https:\/\/gersonguelmann.com.br\/blog\/wp-json\/wp\/v2\/media?parent=12664"}],"wp:term":[{"taxonomy":"category","embeddable":true,"href":"https:\/\/gersonguelmann.com.br\/blog\/wp-json\/wp\/v2\/categories?post=12664"},{"taxonomy":"post_tag","embeddable":true,"href":"https:\/\/gersonguelmann.com.br\/blog\/wp-json\/wp\/v2\/tags?post=12664"}],"curies":[{"name":"wp","href":"https:\/\/api.w.org\/{rel}","templated":true}]}}