    {"id":12672,"date":"2018-05-08T18:59:16","date_gmt":"2018-05-08T21:59:16","guid":{"rendered":"https:\/\/gersonguelmann.com.br\/blog\/?p=12672"},"modified":"2018-05-08T19:00:44","modified_gmt":"2018-05-08T22:00:44","slug":"geddel-continua-em-cana-irmao-e-mamae-viram-reus","status":"publish","type":"post","link":"https:\/\/gersonguelmann.com.br\/blog\/geddel-continua-em-cana-irmao-e-mamae-viram-reus\/","title":{"rendered":"Geddel Continua em Cana. Irm\u00e3o e Mam\u00e3e Viram R\u00e9us."},"content":{"rendered":"<p><span style=\"font-family: georgia, palatino, serif; font-size: 18pt; color: #000000;\">Duas not\u00edcias boas para encerrar o dia:<\/span><\/p>\n<p><span style=\"font-family: georgia, palatino, serif; font-size: 18pt; color: #000000;\">1\u00aa &#8211; O irm\u00e3o e a m\u00e3e do ex-deputado e ex-ministro Geddel Viera Lima viraram r\u00e9us\u00a0por lavagem de dinheiro e associa\u00e7\u00e3o criminosa, em decis\u00e3o un\u00e2nime da 2\u00aa turma do STF;<\/span><\/p>\n<p><span style=\"font-family: georgia, palatino, serif; font-size: 18pt; color: #000000;\">2\u00aa &#8211; A mesma Turma negou o Habeas Corpus pedido pela defesa de Geddel, que, assim, continuar\u00e1 preso. <\/span><\/p>\n<p><span style=\"font-family: georgia, palatino, serif; font-size: 18pt; color: #000000;\">O site O Antagonista entende que isso era o que faltava para Geddel come\u00e7ar a dela\u00e7\u00e3o premiada.<\/span><\/p>\n<p><span style=\"font-family: georgia, palatino, serif; font-size: 18pt; color: #000000;\">Imaginem o que vir\u00e1 por a\u00ed.<\/span><\/p>\n<p style=\"text-align: center;\"><img data-recalc-dims=\"1\" fetchpriority=\"high\" decoding=\"async\" data-attachment-id=\"12673\" data-permalink=\"https:\/\/gersonguelmann.com.br\/blog\/geddel-continua-em-cana-irmao-e-mamae-viram-reus\/geddel-5\/\" data-orig-file=\"https:\/\/i0.wp.com\/gersonguelmann.com.br\/blog\/wp-content\/uploads\/2018\/05\/Geddel-1.jpg?fit=275%2C183&amp;ssl=1\" data-orig-size=\"275,183\" data-comments-opened=\"1\" data-image-meta=\"{&quot;aperture&quot;:&quot;0&quot;,&quot;credit&quot;:&quot;&quot;,&quot;camera&quot;:&quot;&quot;,&quot;caption&quot;:&quot;&quot;,&quot;created_timestamp&quot;:&quot;0&quot;,&quot;copyright&quot;:&quot;&quot;,&quot;focal_length&quot;:&quot;0&quot;,&quot;iso&quot;:&quot;0&quot;,&quot;shutter_speed&quot;:&quot;0&quot;,&quot;title&quot;:&quot;&quot;,&quot;orientation&quot;:&quot;0&quot;}\" data-image-title=\"Geddel\" data-image-description=\"\" data-image-caption=\"\" data-medium-file=\"https:\/\/i0.wp.com\/gersonguelmann.com.br\/blog\/wp-content\/uploads\/2018\/05\/Geddel-1.jpg?fit=275%2C183&amp;ssl=1\" data-large-file=\"https:\/\/i0.wp.com\/gersonguelmann.com.br\/blog\/wp-content\/uploads\/2018\/05\/Geddel-1.jpg?fit=275%2C183&amp;ssl=1\" class=\"alignnone size-full wp-image-12673\" src=\"https:\/\/i0.wp.com\/gersonguelmann.com.br\/blog\/wp-content\/uploads\/2018\/05\/Geddel-1.jpg?resize=275%2C183&#038;ssl=1\" alt=\"\" width=\"275\" height=\"183\" \/><\/p>\n","protected":false},"excerpt":{"rendered":"<p>Duas not\u00edcias boas para encerrar o dia: 1\u00aa &#8211; O irm\u00e3o e a m\u00e3e do ex-deputado e ex-ministro Geddel Viera Lima viraram r\u00e9us\u00a0por lavagem de dinheiro e associa\u00e7\u00e3o criminosa, em decis\u00e3o un\u00e2nime da 2\u00aa turma do STF; 2\u00aa &#8211; A mesma Turma negou o Habeas Corpus pedido pela defesa de Geddel, que, assim, continuar\u00e1 preso. [&hellip;]<\/p>\n","protected":false},"author":5,"featured_media":12673,"comment_status":"open","ping_status":"open","sticky":false,"template":"","format":"standard","meta":{"_acf_changed":false,"jetpack_post_was_ever_published":false,"_jetpack_newsletter_access":"","_jetpack_dont_email_post_to_subs":false,"_jetpack_newsletter_tier_id":0,"_jetpack_memberships_contains_paywalled_content":false,"_jetpack_memberships_contains_paid_content":false,"footnotes":"","jetpack_publicize_message":"","jetpack_publicize_feature_enabled":true,"jetpack_social_post_already_shared":true,"jetpack_social_options":{"image_generator_settings":{"template":"highway","default_image_id":0,"font":"","enabled":false},"version":2}},"categories":[1],"tags":[],"class_list":["post-12672","post","type-post","status-publish","format-standard","has-post-thumbnail","hentry","category-sem-categoria"],"acf":[],"yoast_head":"<!-- This site is optimized with the Yoast SEO plugin v27.3 - https:\/\/yoast.com\/product\/yoast-seo-wordpress\/ -->\n<title>Geddel Continua em Cana. Irm\u00e3o e Mam\u00e3e Viram R\u00e9us. | Blog do Guelmann<\/title>\n<meta name=\"robots\" content=\"index, follow, max-snippet:-1, max-image-preview:large, max-video-preview:-1\" \/>\n<link rel=\"canonical\" href=\"https:\/\/gersonguelmann.com.br\/blog\/geddel-continua-em-cana-irmao-e-mamae-viram-reus\/\" \/>\n<meta property=\"og:locale\" content=\"pt_BR\" \/>\n<meta property=\"og:type\" content=\"article\" \/>\n<meta property=\"og:title\" content=\"Geddel Continua em Cana. Irm\u00e3o e Mam\u00e3e Viram R\u00e9us. | Blog do Guelmann\" \/>\n<meta property=\"og:description\" content=\"Duas not\u00edcias boas para encerrar o dia: 1\u00aa &#8211; O irm\u00e3o e a m\u00e3e do ex-deputado e ex-ministro Geddel Viera Lima viraram r\u00e9us\u00a0por lavagem de dinheiro e associa\u00e7\u00e3o criminosa, em decis\u00e3o un\u00e2nime da 2\u00aa turma do STF; 2\u00aa &#8211; A mesma Turma negou o Habeas Corpus pedido pela defesa de Geddel, que, assim, continuar\u00e1 preso. [&hellip;]\" \/>\n<meta property=\"og:url\" content=\"https:\/\/gersonguelmann.com.br\/blog\/geddel-continua-em-cana-irmao-e-mamae-viram-reus\/\" \/>\n<meta property=\"og:site_name\" content=\"Blog do Guelmann\" \/>\n<meta property=\"article:published_time\" content=\"2018-05-08T21:59:16+00:00\" \/>\n<meta property=\"article:modified_time\" content=\"2018-05-08T22:00:44+00:00\" \/>\n<meta property=\"og:image\" content=\"https:\/\/i0.wp.com\/gersonguelmann.com.br\/blog\/wp-content\/uploads\/2018\/05\/Geddel-1.jpg?fit=275%2C183&ssl=1\" \/>\n\t<meta property=\"og:image:width\" content=\"275\" \/>\n\t<meta property=\"og:image:height\" content=\"183\" \/>\n\t<meta property=\"og:image:type\" content=\"image\/jpeg\" \/>\n<meta name=\"author\" content=\"Gerson Guelmann\" \/>\n<meta name=\"twitter:card\" content=\"summary_large_image\" \/>\n<meta name=\"twitter:label1\" content=\"Escrito por\" \/>\n\t<meta name=\"twitter:data1\" content=\"Gerson Guelmann\" \/>\n<script type=\"application\/ld+json\" class=\"yoast-schema-graph\">{\"@context\":\"https:\\\/\\\/schema.org\",\"@graph\":[{\"@type\":\"Article\",\"@id\":\"https:\\\/\\\/gersonguelmann.com.br\\\/blog\\\/geddel-continua-em-cana-irmao-e-mamae-viram-reus\\\/#article\",\"isPartOf\":{\"@id\":\"https:\\\/\\\/gersonguelmann.com.br\\\/blog\\\/geddel-continua-em-cana-irmao-e-mamae-viram-reus\\\/\"},\"author\":{\"name\":\"Gerson Guelmann\",\"@id\":\"https:\\\/\\\/gersonguelmann.com.br\\\/blog\\\/#\\\/schema\\\/person\\\/87e70e2a786888082f941a482c90569e\"},\"headline\":\"Geddel Continua em Cana. Irm\u00e3o e Mam\u00e3e Viram R\u00e9us.\",\"datePublished\":\"2018-05-08T21:59:16+00:00\",\"dateModified\":\"2018-05-08T22:00:44+00:00\",\"mainEntityOfPage\":{\"@id\":\"https:\\\/\\\/gersonguelmann.com.br\\\/blog\\\/geddel-continua-em-cana-irmao-e-mamae-viram-reus\\\/\"},\"wordCount\":97,\"commentCount\":0,\"image\":{\"@id\":\"https:\\\/\\\/gersonguelmann.com.br\\\/blog\\\/geddel-continua-em-cana-irmao-e-mamae-viram-reus\\\/#primaryimage\"},\"thumbnailUrl\":\"https:\\\/\\\/i0.wp.com\\\/gersonguelmann.com.br\\\/blog\\\/wp-content\\\/uploads\\\/2018\\\/05\\\/Geddel-1.jpg?fit=275%2C183&ssl=1\",\"inLanguage\":\"pt-BR\",\"potentialAction\":[{\"@type\":\"CommentAction\",\"name\":\"Comment\",\"target\":[\"https:\\\/\\\/gersonguelmann.com.br\\\/blog\\\/geddel-continua-em-cana-irmao-e-mamae-viram-reus\\\/#respond\"]}]},{\"@type\":\"WebPage\",\"@id\":\"https:\\\/\\\/gersonguelmann.com.br\\\/blog\\\/geddel-continua-em-cana-irmao-e-mamae-viram-reus\\\/\",\"url\":\"https:\\\/\\\/gersonguelmann.com.br\\\/blog\\\/geddel-continua-em-cana-irmao-e-mamae-viram-reus\\\/\",\"name\":\"Geddel Continua em Cana. Irm\u00e3o e Mam\u00e3e Viram R\u00e9us. | Blog do Guelmann\",\"isPartOf\":{\"@id\":\"https:\\\/\\\/gersonguelmann.com.br\\\/blog\\\/#website\"},\"primaryImageOfPage\":{\"@id\":\"https:\\\/\\\/gersonguelmann.com.br\\\/blog\\\/geddel-continua-em-cana-irmao-e-mamae-viram-reus\\\/#primaryimage\"},\"image\":{\"@id\":\"https:\\\/\\\/gersonguelmann.com.br\\\/blog\\\/geddel-continua-em-cana-irmao-e-mamae-viram-reus\\\/#primaryimage\"},\"thumbnailUrl\":\"https:\\\/\\\/i0.wp.com\\\/gersonguelmann.com.br\\\/blog\\\/wp-content\\\/uploads\\\/2018\\\/05\\\/Geddel-1.jpg?fit=275%2C183&ssl=1\",\"datePublished\":\"2018-05-08T21:59:16+00:00\",\"dateModified\":\"2018-05-08T22:00:44+00:00\",\"author\":{\"@id\":\"https:\\\/\\\/gersonguelmann.com.br\\\/blog\\\/#\\\/schema\\\/person\\\/87e70e2a786888082f941a482c90569e\"},\"inLanguage\":\"pt-BR\",\"potentialAction\":[{\"@type\":\"ReadAction\",\"target\":[\"https:\\\/\\\/gersonguelmann.com.br\\\/blog\\\/geddel-continua-em-cana-irmao-e-mamae-viram-reus\\\/\"]}]},{\"@type\":\"ImageObject\",\"inLanguage\":\"pt-BR\",\"@id\":\"https:\\\/\\\/gersonguelmann.com.br\\\/blog\\\/geddel-continua-em-cana-irmao-e-mamae-viram-reus\\\/#primaryimage\",\"url\":\"https:\\\/\\\/i0.wp.com\\\/gersonguelmann.com.br\\\/blog\\\/wp-content\\\/uploads\\\/2018\\\/05\\\/Geddel-1.jpg?fit=275%2C183&ssl=1\",\"contentUrl\":\"https:\\\/\\\/i0.wp.com\\\/gersonguelmann.com.br\\\/blog\\\/wp-content\\\/uploads\\\/2018\\\/05\\\/Geddel-1.jpg?fit=275%2C183&ssl=1\",\"width\":275,\"height\":183},{\"@type\":\"WebSite\",\"@id\":\"https:\\\/\\\/gersonguelmann.com.br\\\/blog\\\/#website\",\"url\":\"https:\\\/\\\/gersonguelmann.com.br\\\/blog\\\/\",\"name\":\"Blog do Guelmann\",\"description\":\"Pitadas da sabedoria e do humor judaicos, assuntos do momento e um pouco das hist\u00f3rias que vivi e testemunhei.\",\"potentialAction\":[{\"@type\":\"SearchAction\",\"target\":{\"@type\":\"EntryPoint\",\"urlTemplate\":\"https:\\\/\\\/gersonguelmann.com.br\\\/blog\\\/?s={search_term_string}\"},\"query-input\":{\"@type\":\"PropertyValueSpecification\",\"valueRequired\":true,\"valueName\":\"search_term_string\"}}],\"inLanguage\":\"pt-BR\"},{\"@type\":\"Person\",\"@id\":\"https:\\\/\\\/gersonguelmann.com.br\\\/blog\\\/#\\\/schema\\\/person\\\/87e70e2a786888082f941a482c90569e\",\"name\":\"Gerson Guelmann\",\"image\":{\"@type\":\"ImageObject\",\"inLanguage\":\"pt-BR\",\"@id\":\"https:\\\/\\\/i0.wp.com\\\/gersonguelmann.com.br\\\/blog\\\/wp-content\\\/uploads\\\/2021\\\/08\\\/BLOG.jpeg?fit=96%2C96&ssl=1\",\"url\":\"https:\\\/\\\/i0.wp.com\\\/gersonguelmann.com.br\\\/blog\\\/wp-content\\\/uploads\\\/2021\\\/08\\\/BLOG.jpeg?fit=96%2C96&ssl=1\",\"contentUrl\":\"https:\\\/\\\/i0.wp.com\\\/gersonguelmann.com.br\\\/blog\\\/wp-content\\\/uploads\\\/2021\\\/08\\\/BLOG.jpeg?fit=96%2C96&ssl=1\",\"caption\":\"Gerson Guelmann\"},\"description\":\"Pitadas da sabedoria e do humor judaicos, assuntos do momento e um pouco das hist\u00f3rias que vivi e testemunhei.\"}]}<\/script>\n<!-- \/ Yoast SEO plugin. -->","yoast_head_json":{"title":"Geddel Continua em Cana. Irm\u00e3o e Mam\u00e3e Viram R\u00e9us. | Blog do Guelmann","robots":{"index":"index","follow":"follow","max-snippet":"max-snippet:-1","max-image-preview":"max-image-preview:large","max-video-preview":"max-video-preview:-1"},"canonical":"https:\/\/gersonguelmann.com.br\/blog\/geddel-continua-em-cana-irmao-e-mamae-viram-reus\/","og_locale":"pt_BR","og_type":"article","og_title":"Geddel Continua em Cana. Irm\u00e3o e Mam\u00e3e Viram R\u00e9us. | Blog do Guelmann","og_description":"Duas not\u00edcias boas para encerrar o dia: 1\u00aa &#8211; O irm\u00e3o e a m\u00e3e do ex-deputado e ex-ministro Geddel Viera Lima viraram r\u00e9us\u00a0por lavagem de dinheiro e associa\u00e7\u00e3o criminosa, em decis\u00e3o un\u00e2nime da 2\u00aa turma do STF; 2\u00aa &#8211; A mesma Turma negou o Habeas Corpus pedido pela defesa de Geddel, que, assim, continuar\u00e1 preso. [&hellip;]","og_url":"https:\/\/gersonguelmann.com.br\/blog\/geddel-continua-em-cana-irmao-e-mamae-viram-reus\/","og_site_name":"Blog do Guelmann","article_published_time":"2018-05-08T21:59:16+00:00","article_modified_time":"2018-05-08T22:00:44+00:00","og_image":[{"width":275,"height":183,"url":"https:\/\/i0.wp.com\/gersonguelmann.com.br\/blog\/wp-content\/uploads\/2018\/05\/Geddel-1.jpg?fit=275%2C183&ssl=1","type":"image\/jpeg"}],"author":"Gerson Guelmann","twitter_card":"summary_large_image","twitter_misc":{"Escrito por":"Gerson Guelmann"},"schema":{"@context":"https:\/\/schema.org","@graph":[{"@type":"Article","@id":"https:\/\/gersonguelmann.com.br\/blog\/geddel-continua-em-cana-irmao-e-mamae-viram-reus\/#article","isPartOf":{"@id":"https:\/\/gersonguelmann.com.br\/blog\/geddel-continua-em-cana-irmao-e-mamae-viram-reus\/"},"author":{"name":"Gerson Guelmann","@id":"https:\/\/gersonguelmann.com.br\/blog\/#\/schema\/person\/87e70e2a786888082f941a482c90569e"},"headline":"Geddel Continua em Cana. Irm\u00e3o e Mam\u00e3e Viram R\u00e9us.","datePublished":"2018-05-08T21:59:16+00:00","dateModified":"2018-05-08T22:00:44+00:00","mainEntityOfPage":{"@id":"https:\/\/gersonguelmann.com.br\/blog\/geddel-continua-em-cana-irmao-e-mamae-viram-reus\/"},"wordCount":97,"commentCount":0,"image":{"@id":"https:\/\/gersonguelmann.com.br\/blog\/geddel-continua-em-cana-irmao-e-mamae-viram-reus\/#primaryimage"},"thumbnailUrl":"https:\/\/i0.wp.com\/gersonguelmann.com.br\/blog\/wp-content\/uploads\/2018\/05\/Geddel-1.jpg?fit=275%2C183&ssl=1","inLanguage":"pt-BR","potentialAction":[{"@type":"CommentAction","name":"Comment","target":["https:\/\/gersonguelmann.com.br\/blog\/geddel-continua-em-cana-irmao-e-mamae-viram-reus\/#respond"]}]},{"@type":"WebPage","@id":"https:\/\/gersonguelmann.com.br\/blog\/geddel-continua-em-cana-irmao-e-mamae-viram-reus\/","url":"https:\/\/gersonguelmann.com.br\/blog\/geddel-continua-em-cana-irmao-e-mamae-viram-reus\/","name":"Geddel Continua em Cana. Irm\u00e3o e Mam\u00e3e Viram R\u00e9us. | Blog do Guelmann","isPartOf":{"@id":"https:\/\/gersonguelmann.com.br\/blog\/#website"},"primaryImageOfPage":{"@id":"https:\/\/gersonguelmann.com.br\/blog\/geddel-continua-em-cana-irmao-e-mamae-viram-reus\/#primaryimage"},"image":{"@id":"https:\/\/gersonguelmann.com.br\/blog\/geddel-continua-em-cana-irmao-e-mamae-viram-reus\/#primaryimage"},"thumbnailUrl":"https:\/\/i0.wp.com\/gersonguelmann.com.br\/blog\/wp-content\/uploads\/2018\/05\/Geddel-1.jpg?fit=275%2C183&ssl=1","datePublished":"2018-05-08T21:59:16+00:00","dateModified":"2018-05-08T22:00:44+00:00","author":{"@id":"https:\/\/gersonguelmann.com.br\/blog\/#\/schema\/person\/87e70e2a786888082f941a482c90569e"},"inLanguage":"pt-BR","potentialAction":[{"@type":"ReadAction","target":["https:\/\/gersonguelmann.com.br\/blog\/geddel-continua-em-cana-irmao-e-mamae-viram-reus\/"]}]},{"@type":"ImageObject","inLanguage":"pt-BR","@id":"https:\/\/gersonguelmann.com.br\/blog\/geddel-continua-em-cana-irmao-e-mamae-viram-reus\/#primaryimage","url":"https:\/\/i0.wp.com\/gersonguelmann.com.br\/blog\/wp-content\/uploads\/2018\/05\/Geddel-1.jpg?fit=275%2C183&ssl=1","contentUrl":"https:\/\/i0.wp.com\/gersonguelmann.com.br\/blog\/wp-content\/uploads\/2018\/05\/Geddel-1.jpg?fit=275%2C183&ssl=1","width":275,"height":183},{"@type":"WebSite","@id":"https:\/\/gersonguelmann.com.br\/blog\/#website","url":"https:\/\/gersonguelmann.com.br\/blog\/","name":"Blog do Guelmann","description":"Pitadas da sabedoria e do humor judaicos, assuntos do momento e um pouco das hist\u00f3rias que vivi e testemunhei.","potentialAction":[{"@type":"SearchAction","target":{"@type":"EntryPoint","urlTemplate":"https:\/\/gersonguelmann.com.br\/blog\/?s={search_term_string}"},"query-input":{"@type":"PropertyValueSpecification","valueRequired":true,"valueName":"search_term_string"}}],"inLanguage":"pt-BR"},{"@type":"Person","@id":"https:\/\/gersonguelmann.com.br\/blog\/#\/schema\/person\/87e70e2a786888082f941a482c90569e","name":"Gerson Guelmann","image":{"@type":"ImageObject","inLanguage":"pt-BR","@id":"https:\/\/i0.wp.com\/gersonguelmann.com.br\/blog\/wp-content\/uploads\/2021\/08\/BLOG.jpeg?fit=96%2C96&ssl=1","url":"https:\/\/i0.wp.com\/gersonguelmann.com.br\/blog\/wp-content\/uploads\/2021\/08\/BLOG.jpeg?fit=96%2C96&ssl=1","contentUrl":"https:\/\/i0.wp.com\/gersonguelmann.com.br\/blog\/wp-content\/uploads\/2021\/08\/BLOG.jpeg?fit=96%2C96&ssl=1","caption":"Gerson Guelmann"},"description":"Pitadas da sabedoria e do humor judaicos, assuntos do momento e um pouco das hist\u00f3rias que vivi e testemunhei."}]}},"views":32,"jetpack_publicize_connections":[],"jetpack_featured_media_url":"https:\/\/i0.wp.com\/gersonguelmann.com.br\/blog\/wp-content\/uploads\/2018\/05\/Geddel-1.jpg?fit=275%2C183&ssl=1","jetpack_shortlink":"https:\/\/wp.me\/p96e7O-3io","jetpack-related-posts":[{"id":12664,"url":"https:\/\/gersonguelmann.com.br\/blog\/para-geddel-nos-somos-assim\/","url_meta":{"origin":12672,"position":0},"title":"Para Geddel, N\u00f3s Somos Assim","author":"Gerson Guelmann","date":"8 de maio de 2018","format":false,"excerpt":"Neste momento a A Segunda Turma do Supremo Tribunal Federal (STF) decide se cabe \u00e0 Suprema Corte julgar o ex-ministro Geddel Vieira Lima (PMDB-BA); seu irm\u00e3o, o deputado L\u00facio Vieira Lima (PMDB-BA); e a m\u00e3e de ambos, Marluce Vieira Lima.\u00a0 Geddel \u00e9 aquele sujeito que est\u00e1\u00a0preso desde 8 de setembro\u2026","rel":"","context":"Em &quot;Sem categoria&quot;","block_context":{"text":"Sem categoria","link":"https:\/\/gersonguelmann.com.br\/blog\/category\/sem-categoria\/"},"img":{"alt_text":"","src":"https:\/\/i0.wp.com\/gersonguelmann.com.br\/blog\/wp-content\/uploads\/2018\/05\/Geddel.jpg?fit=1200%2C800&ssl=1&resize=350%2C200","width":350,"height":200,"srcset":"https:\/\/i0.wp.com\/gersonguelmann.com.br\/blog\/wp-content\/uploads\/2018\/05\/Geddel.jpg?fit=1200%2C800&ssl=1&resize=350%2C200 1x, https:\/\/i0.wp.com\/gersonguelmann.com.br\/blog\/wp-content\/uploads\/2018\/05\/Geddel.jpg?fit=1200%2C800&ssl=1&resize=525%2C300 1.5x, https:\/\/i0.wp.com\/gersonguelmann.com.br\/blog\/wp-content\/uploads\/2018\/05\/Geddel.jpg?fit=1200%2C800&ssl=1&resize=700%2C400 2x, https:\/\/i0.wp.com\/gersonguelmann.com.br\/blog\/wp-content\/uploads\/2018\/05\/Geddel.jpg?fit=1200%2C800&ssl=1&resize=1050%2C600 3x"},"classes":[]},{"id":12746,"url":"https:\/\/gersonguelmann.com.br\/blog\/o-irmao-do-geddel-sumiu-imagine-se-estivesse-com-a-grana\/","url_meta":{"origin":12672,"position":1},"title":"O Irm\u00e3o do Geddel Sumiu. Imagine Se Estivesse Com a Grana&#8230;","author":"Gerson Guelmann","date":"10 de maio de 2018","format":false,"excerpt":"A Isto\u00c9 informa: BRASIL Irm\u00e3o de Geddel \u2018some\u2019 e Conselho de \u00c9tica o notifica pelo Di\u00e1rio Oficial O \u201csumi\u00e7o\u201d do deputado L\u00facio Vieira Lima (MDB-BA) obrigou o Conselho de \u00c9tica da C\u00e2mara a notific\u00e1-lo por meio dos di\u00e1rios oficiais da Uni\u00e3o e da C\u00e2mara sobre o processo em que responde\u2026","rel":"","context":"Em &quot;Sem categoria&quot;","block_context":{"text":"Sem categoria","link":"https:\/\/gersonguelmann.com.br\/blog\/category\/sem-categoria\/"},"img":{"alt_text":"","src":"https:\/\/i0.wp.com\/gersonguelmann.com.br\/blog\/wp-content\/uploads\/2018\/05\/LVL.jpg?fit=868%2C644&ssl=1&resize=350%2C200","width":350,"height":200,"srcset":"https:\/\/i0.wp.com\/gersonguelmann.com.br\/blog\/wp-content\/uploads\/2018\/05\/LVL.jpg?fit=868%2C644&ssl=1&resize=350%2C200 1x, https:\/\/i0.wp.com\/gersonguelmann.com.br\/blog\/wp-content\/uploads\/2018\/05\/LVL.jpg?fit=868%2C644&ssl=1&resize=525%2C300 1.5x, https:\/\/i0.wp.com\/gersonguelmann.com.br\/blog\/wp-content\/uploads\/2018\/05\/LVL.jpg?fit=868%2C644&ssl=1&resize=700%2C400 2x"},"classes":[]},{"id":1464,"url":"https:\/\/gersonguelmann.com.br\/blog\/dois-momentos-que-enriqueceram-o-ja-rico-prontuario-de-geddel\/","url_meta":{"origin":12672,"position":2},"title":"Dois momentos que enriqueceram o j\u00e1 rico prontu\u00e1rio de Geddel","author":"Gerson Guelmann","date":"6 de setembro de 2017","format":false,"excerpt":"Compartilho dois v\u00eddeos extremamente enriquecedores para quem deseja conhecer o car\u00e1ter de Geddel Vieira Lima. Geddel come\u00e7ou a ser investigado em janeiro \u00faltimo na opera\u00e7\u00e3o \"Cui Bono\"\u00a0 da Pol\u00edcia Federal, com base em informa\u00e7\u00f5es encontradas em um celular que era usado pelo deputado cassado Eduardo Cunha, atualmente condenado e preso.\u00a0\u2026","rel":"","context":"Em &quot;Sem categoria&quot;","block_context":{"text":"Sem categoria","link":"https:\/\/gersonguelmann.com.br\/blog\/category\/sem-categoria\/"},"img":{"alt_text":"","src":"https:\/\/i0.wp.com\/gersonguelmann.com.br\/blog\/wp-content\/uploads\/2017\/09\/Geddel.jpg?fit=1200%2C800&ssl=1&resize=350%2C200","width":350,"height":200,"srcset":"https:\/\/i0.wp.com\/gersonguelmann.com.br\/blog\/wp-content\/uploads\/2017\/09\/Geddel.jpg?fit=1200%2C800&ssl=1&resize=350%2C200 1x, https:\/\/i0.wp.com\/gersonguelmann.com.br\/blog\/wp-content\/uploads\/2017\/09\/Geddel.jpg?fit=1200%2C800&ssl=1&resize=525%2C300 1.5x, https:\/\/i0.wp.com\/gersonguelmann.com.br\/blog\/wp-content\/uploads\/2017\/09\/Geddel.jpg?fit=1200%2C800&ssl=1&resize=700%2C400 2x, https:\/\/i0.wp.com\/gersonguelmann.com.br\/blog\/wp-content\/uploads\/2017\/09\/Geddel.jpg?fit=1200%2C800&ssl=1&resize=1050%2C600 3x"},"classes":[]},{"id":13930,"url":"https:\/\/gersonguelmann.com.br\/blog\/a-salvador-do-menino-do-shopping-e-dos-51-milhoes-de-geddel-tem-algo-em-comum\/","url_meta":{"origin":12672,"position":3},"title":"A Salvador do Menino do Shopping e dos 51 Milh\u00f5es de Geddel T\u00eam Algo Em Comum","author":"Gerson Guelmann","date":"13 de junho de 2018","format":false,"excerpt":"Foto: Reprodu\u00e7\u00e3o Recebi ontem um v\u00eddeo que registrou incidente que aconteceu 2\u00aa feira na pra\u00e7a de alimenta\u00e7\u00e3o de um shopping em Salvador. Um rapaz tentou pagar o almo\u00e7o de menino que perambulava por l\u00e1 e foi impedido por um Seguran\u00e7a, que agiu de forma agressiva com ambos e proibiu a\u2026","rel":"","context":"Em &quot;Sem categoria&quot;","block_context":{"text":"Sem categoria","link":"https:\/\/gersonguelmann.com.br\/blog\/category\/sem-categoria\/"},"img":{"alt_text":"","src":"https:\/\/i0.wp.com\/gersonguelmann.com.br\/blog\/wp-content\/uploads\/2018\/06\/csm_seg001_ed0e474422.jpg?fit=940%2C585&ssl=1&resize=350%2C200","width":350,"height":200,"srcset":"https:\/\/i0.wp.com\/gersonguelmann.com.br\/blog\/wp-content\/uploads\/2018\/06\/csm_seg001_ed0e474422.jpg?fit=940%2C585&ssl=1&resize=350%2C200 1x, https:\/\/i0.wp.com\/gersonguelmann.com.br\/blog\/wp-content\/uploads\/2018\/06\/csm_seg001_ed0e474422.jpg?fit=940%2C585&ssl=1&resize=525%2C300 1.5x, https:\/\/i0.wp.com\/gersonguelmann.com.br\/blog\/wp-content\/uploads\/2018\/06\/csm_seg001_ed0e474422.jpg?fit=940%2C585&ssl=1&resize=700%2C400 2x"},"classes":[]},{"id":6365,"url":"https:\/\/gersonguelmann.com.br\/blog\/mega-da-virada-e-o-geddel\/","url_meta":{"origin":12672,"position":4},"title":"A Mega da Virada e o Geddel","author":"Gerson Guelmann","date":"30 de dezembro de 2017","format":false,"excerpt":"Me ocorreu hoje que o pr\u00eamio previsto para a Mega da Virada \u00e9 de apenas 5 vezes o valor encontrado no apartamento do Geddel em Salvador. Isso nos d\u00e1 a medida do tamanho do roubo que o sacripanta cometeu. N\u00e3o nos esque\u00e7amos que o dinheiro das malas \u00e9 apenas uma\u2026","rel":"","context":"Em &quot;Sem categoria&quot;","block_context":{"text":"Sem categoria","link":"https:\/\/gersonguelmann.com.br\/blog\/category\/sem-categoria\/"},"img":{"alt_text":"","src":"https:\/\/i0.wp.com\/gersonguelmann.com.br\/blog\/wp-content\/uploads\/2017\/12\/PF.jpg?fit=1200%2C647&ssl=1&resize=350%2C200","width":350,"height":200,"srcset":"https:\/\/i0.wp.com\/gersonguelmann.com.br\/blog\/wp-content\/uploads\/2017\/12\/PF.jpg?fit=1200%2C647&ssl=1&resize=350%2C200 1x, https:\/\/i0.wp.com\/gersonguelmann.com.br\/blog\/wp-content\/uploads\/2017\/12\/PF.jpg?fit=1200%2C647&ssl=1&resize=525%2C300 1.5x, https:\/\/i0.wp.com\/gersonguelmann.com.br\/blog\/wp-content\/uploads\/2017\/12\/PF.jpg?fit=1200%2C647&ssl=1&resize=700%2C400 2x, https:\/\/i0.wp.com\/gersonguelmann.com.br\/blog\/wp-content\/uploads\/2017\/12\/PF.jpg?fit=1200%2C647&ssl=1&resize=1050%2C600 3x"},"classes":[]},{"id":1522,"url":"https:\/\/gersonguelmann.com.br\/blog\/geddel-nao-esqueca-o-papel\/","url_meta":{"origin":12672,"position":5},"title":"Geddel, N\u00e3o Esque\u00e7a o Papel","author":"Gerson Guelmann","date":"8 de setembro de 2017","format":false,"excerpt":"O sentimento que costumamos ter em rela\u00e7\u00e3o aos ladr\u00f5es do er\u00e1rio \u00e9 o de nojo, indigna\u00e7\u00e3o, desprezo, por a\u00ed. Quando al\u00e9m de canalha o sujeito \u00e9 ganancioso a ponto de guardar 51 milh\u00f5es de reais em um apartamento, sentimos um certo al\u00edvio em saber que ele foi finalmente desmascarado e\u2026","rel":"","context":"Em &quot;Sem categoria&quot;","block_context":{"text":"Sem categoria","link":"https:\/\/gersonguelmann.com.br\/blog\/category\/sem-categoria\/"},"img":{"alt_text":"","src":"https:\/\/i0.wp.com\/gersonguelmann.com.br\/blog\/wp-content\/uploads\/2017\/09\/Len%C3%A7o-de-papel.jpg?fit=1200%2C900&ssl=1&resize=350%2C200","width":350,"height":200,"srcset":"https:\/\/i0.wp.com\/gersonguelmann.com.br\/blog\/wp-content\/uploads\/2017\/09\/Len%C3%A7o-de-papel.jpg?fit=1200%2C900&ssl=1&resize=350%2C200 1x, https:\/\/i0.wp.com\/gersonguelmann.com.br\/blog\/wp-content\/uploads\/2017\/09\/Len%C3%A7o-de-papel.jpg?fit=1200%2C900&ssl=1&resize=525%2C300 1.5x, https:\/\/i0.wp.com\/gersonguelmann.com.br\/blog\/wp-content\/uploads\/2017\/09\/Len%C3%A7o-de-papel.jpg?fit=1200%2C900&ssl=1&resize=700%2C400 2x, https:\/\/i0.wp.com\/gersonguelmann.com.br\/blog\/wp-content\/uploads\/2017\/09\/Len%C3%A7o-de-papel.jpg?fit=1200%2C900&ssl=1&resize=1050%2C600 3x"},"classes":[]}],"jetpack_sharing_enabled":true,"post_mailing_queue_ids":[],"_links":{"self":[{"href":"https:\/\/gersonguelmann.com.br\/blog\/wp-json\/wp\/v2\/posts\/12672","targetHints":{"allow":["GET"]}}],"collection":[{"href":"https:\/\/gersonguelmann.com.br\/blog\/wp-json\/wp\/v2\/posts"}],"about":[{"href":"https:\/\/gersonguelmann.com.br\/blog\/wp-json\/wp\/v2\/types\/post"}],"author":[{"embeddable":true,"href":"https:\/\/gersonguelmann.com.br\/blog\/wp-json\/wp\/v2\/users\/5"}],"replies":[{"embeddable":true,"href":"https:\/\/gersonguelmann.com.br\/blog\/wp-json\/wp\/v2\/comments?post=12672"}],"version-history":[{"count":0,"href":"https:\/\/gersonguelmann.com.br\/blog\/wp-json\/wp\/v2\/posts\/12672\/revisions"}],"wp:featuredmedia":[{"embeddable":true,"href":"https:\/\/gersonguelmann.com.br\/blog\/wp-json\/wp\/v2\/media\/12673"}],"wp:attachment":[{"href":"https:\/\/gersonguelmann.com.br\/blog\/wp-json\/wp\/v2\/media?parent=12672"}],"wp:term":[{"taxonomy":"category","embeddable":true,"href":"https:\/\/gersonguelmann.com.br\/blog\/wp-json\/wp\/v2\/categories?post=12672"},{"taxonomy":"post_tag","embeddable":true,"href":"https:\/\/gersonguelmann.com.br\/blog\/wp-json\/wp\/v2\/tags?post=12672"}],"curies":[{"name":"wp","href":"https:\/\/api.w.org\/{rel}","templated":true}]}}