    {"id":12678,"date":"2018-05-08T19:45:35","date_gmt":"2018-05-08T22:45:35","guid":{"rendered":"https:\/\/gersonguelmann.com.br\/blog\/?p=12678"},"modified":"2018-05-08T19:49:11","modified_gmt":"2018-05-08T22:49:11","slug":"e-se-nao-houvesse-judeus","status":"publish","type":"post","link":"https:\/\/gersonguelmann.com.br\/blog\/e-se-nao-houvesse-judeus\/","title":{"rendered":"E Se N\u00e3o Houvesse Judeus?"},"content":{"rendered":"<p style=\"text-align: center;\"><img data-recalc-dims=\"1\" fetchpriority=\"high\" decoding=\"async\" data-attachment-id=\"12679\" data-permalink=\"https:\/\/gersonguelmann.com.br\/blog\/e-se-nao-houvesse-judeus\/pexels-photo-356079\/\" data-orig-file=\"https:\/\/i0.wp.com\/gersonguelmann.com.br\/blog\/wp-content\/uploads\/2018\/05\/pexels-photo-356079.jpeg?fit=1880%2C1138&amp;ssl=1\" data-orig-size=\"1880,1138\" data-comments-opened=\"1\" data-image-meta=\"{&quot;aperture&quot;:&quot;0&quot;,&quot;credit&quot;:&quot;&quot;,&quot;camera&quot;:&quot;&quot;,&quot;caption&quot;:&quot;&quot;,&quot;created_timestamp&quot;:&quot;0&quot;,&quot;copyright&quot;:&quot;&quot;,&quot;focal_length&quot;:&quot;0&quot;,&quot;iso&quot;:&quot;0&quot;,&quot;shutter_speed&quot;:&quot;0&quot;,&quot;title&quot;:&quot;&quot;,&quot;orientation&quot;:&quot;0&quot;}\" data-image-title=\"pexels-photo-356079\" data-image-description=\"\" data-image-caption=\"\" data-medium-file=\"https:\/\/i0.wp.com\/gersonguelmann.com.br\/blog\/wp-content\/uploads\/2018\/05\/pexels-photo-356079.jpeg?fit=300%2C182&amp;ssl=1\" data-large-file=\"https:\/\/i0.wp.com\/gersonguelmann.com.br\/blog\/wp-content\/uploads\/2018\/05\/pexels-photo-356079.jpeg?fit=640%2C388&amp;ssl=1\" class=\"alignnone size-medium wp-image-12679\" src=\"https:\/\/i0.wp.com\/gersonguelmann.com.br\/blog\/wp-content\/uploads\/2018\/05\/pexels-photo-356079.jpeg?resize=300%2C182&#038;ssl=1\" alt=\"\" width=\"300\" height=\"182\" srcset=\"https:\/\/i0.wp.com\/gersonguelmann.com.br\/blog\/wp-content\/uploads\/2018\/05\/pexels-photo-356079.jpeg?resize=300%2C182&amp;ssl=1 300w, https:\/\/i0.wp.com\/gersonguelmann.com.br\/blog\/wp-content\/uploads\/2018\/05\/pexels-photo-356079.jpeg?resize=768%2C465&amp;ssl=1 768w, https:\/\/i0.wp.com\/gersonguelmann.com.br\/blog\/wp-content\/uploads\/2018\/05\/pexels-photo-356079.jpeg?resize=1024%2C620&amp;ssl=1 1024w, https:\/\/i0.wp.com\/gersonguelmann.com.br\/blog\/wp-content\/uploads\/2018\/05\/pexels-photo-356079.jpeg?w=1880&amp;ssl=1 1880w, https:\/\/i0.wp.com\/gersonguelmann.com.br\/blog\/wp-content\/uploads\/2018\/05\/pexels-photo-356079.jpeg?w=1280&amp;ssl=1 1280w\" sizes=\"(max-width: 300px) 100vw, 300px\" \/><\/p>\n<p><span style=\"font-family: georgia, palatino, serif; font-size: 18pt; color: #000000;\">V\u00eddeo muito bom, em ingl\u00eas e com legendas no mesmo idioma.<\/span><\/p>\n<p><span style=\"font-family: georgia, palatino, serif; font-size: 18pt; color: #000000;\">O comediante e m\u00fasico norte-americano\u00a0David Zasloff canta &#8220;E Se N\u00e3o Houvesse Judeus?&#8221;<\/span><\/p>\n<p><span class=\"embed-youtube\" style=\"text-align:center; display: block;\"><iframe class=\"youtube-player\" width=\"640\" height=\"360\" src=\"https:\/\/www.youtube.com\/embed\/cWpFhKtl7Wo?version=3&#038;rel=1&#038;showsearch=0&#038;showinfo=1&#038;iv_load_policy=1&#038;fs=1&#038;hl=pt-BR&#038;autohide=2&#038;wmode=transparent\" allowfullscreen=\"true\" style=\"border:0;\" sandbox=\"allow-scripts allow-same-origin allow-popups allow-presentation allow-popups-to-escape-sandbox\"><\/iframe><\/span><\/p>\n","protected":false},"excerpt":{"rendered":"<p>V\u00eddeo muito bom, em ingl\u00eas e com legendas no mesmo idioma. O comediante e m\u00fasico norte-americano\u00a0David Zasloff canta &#8220;E Se N\u00e3o Houvesse Judeus?&#8221;<\/p>\n","protected":false},"author":5,"featured_media":12679,"comment_status":"open","ping_status":"open","sticky":false,"template":"","format":"standard","meta":{"_acf_changed":false,"jetpack_post_was_ever_published":false,"_jetpack_newsletter_access":"","_jetpack_dont_email_post_to_subs":false,"_jetpack_newsletter_tier_id":0,"_jetpack_memberships_contains_paywalled_content":false,"_jetpack_memberships_contains_paid_content":false,"footnotes":"","jetpack_publicize_message":"","jetpack_publicize_feature_enabled":true,"jetpack_social_post_already_shared":true,"jetpack_social_options":{"image_generator_settings":{"template":"highway","default_image_id":0,"font":"","enabled":false},"version":2}},"categories":[1],"tags":[],"class_list":["post-12678","post","type-post","status-publish","format-standard","has-post-thumbnail","hentry","category-sem-categoria"],"acf":[],"yoast_head":"<!-- This site is optimized with the Yoast SEO plugin v27.3 - https:\/\/yoast.com\/product\/yoast-seo-wordpress\/ -->\n<title>E Se N\u00e3o Houvesse Judeus? | Blog do Guelmann<\/title>\n<meta name=\"robots\" content=\"index, follow, max-snippet:-1, max-image-preview:large, max-video-preview:-1\" \/>\n<link rel=\"canonical\" href=\"https:\/\/gersonguelmann.com.br\/blog\/e-se-nao-houvesse-judeus\/\" \/>\n<meta property=\"og:locale\" content=\"pt_BR\" \/>\n<meta property=\"og:type\" content=\"article\" \/>\n<meta property=\"og:title\" content=\"E Se N\u00e3o Houvesse Judeus? | Blog do Guelmann\" \/>\n<meta property=\"og:description\" content=\"V\u00eddeo muito bom, em ingl\u00eas e com legendas no mesmo idioma. O comediante e m\u00fasico norte-americano\u00a0David Zasloff canta &#8220;E Se N\u00e3o Houvesse Judeus?&#8221;\" \/>\n<meta property=\"og:url\" content=\"https:\/\/gersonguelmann.com.br\/blog\/e-se-nao-houvesse-judeus\/\" \/>\n<meta property=\"og:site_name\" content=\"Blog do Guelmann\" \/>\n<meta property=\"article:published_time\" content=\"2018-05-08T22:45:35+00:00\" \/>\n<meta property=\"article:modified_time\" content=\"2018-05-08T22:49:11+00:00\" \/>\n<meta property=\"og:image\" content=\"https:\/\/i0.wp.com\/gersonguelmann.com.br\/blog\/wp-content\/uploads\/2018\/05\/pexels-photo-356079.jpeg?fit=1880%2C1138&ssl=1\" \/>\n\t<meta property=\"og:image:width\" content=\"1880\" \/>\n\t<meta property=\"og:image:height\" content=\"1138\" \/>\n\t<meta property=\"og:image:type\" content=\"image\/jpeg\" \/>\n<meta name=\"author\" content=\"Gerson Guelmann\" \/>\n<meta name=\"twitter:card\" content=\"summary_large_image\" \/>\n<meta name=\"twitter:label1\" content=\"Escrito por\" \/>\n\t<meta name=\"twitter:data1\" content=\"Gerson Guelmann\" \/>\n<script type=\"application\/ld+json\" class=\"yoast-schema-graph\">{\"@context\":\"https:\\\/\\\/schema.org\",\"@graph\":[{\"@type\":\"Article\",\"@id\":\"https:\\\/\\\/gersonguelmann.com.br\\\/blog\\\/e-se-nao-houvesse-judeus\\\/#article\",\"isPartOf\":{\"@id\":\"https:\\\/\\\/gersonguelmann.com.br\\\/blog\\\/e-se-nao-houvesse-judeus\\\/\"},\"author\":{\"name\":\"Gerson Guelmann\",\"@id\":\"https:\\\/\\\/gersonguelmann.com.br\\\/blog\\\/#\\\/schema\\\/person\\\/87e70e2a786888082f941a482c90569e\"},\"headline\":\"E Se N\u00e3o Houvesse Judeus?\",\"datePublished\":\"2018-05-08T22:45:35+00:00\",\"dateModified\":\"2018-05-08T22:49:11+00:00\",\"mainEntityOfPage\":{\"@id\":\"https:\\\/\\\/gersonguelmann.com.br\\\/blog\\\/e-se-nao-houvesse-judeus\\\/\"},\"wordCount\":42,\"commentCount\":0,\"image\":{\"@id\":\"https:\\\/\\\/gersonguelmann.com.br\\\/blog\\\/e-se-nao-houvesse-judeus\\\/#primaryimage\"},\"thumbnailUrl\":\"https:\\\/\\\/i0.wp.com\\\/gersonguelmann.com.br\\\/blog\\\/wp-content\\\/uploads\\\/2018\\\/05\\\/pexels-photo-356079.jpeg?fit=1880%2C1138&ssl=1\",\"inLanguage\":\"pt-BR\",\"potentialAction\":[{\"@type\":\"CommentAction\",\"name\":\"Comment\",\"target\":[\"https:\\\/\\\/gersonguelmann.com.br\\\/blog\\\/e-se-nao-houvesse-judeus\\\/#respond\"]}]},{\"@type\":\"WebPage\",\"@id\":\"https:\\\/\\\/gersonguelmann.com.br\\\/blog\\\/e-se-nao-houvesse-judeus\\\/\",\"url\":\"https:\\\/\\\/gersonguelmann.com.br\\\/blog\\\/e-se-nao-houvesse-judeus\\\/\",\"name\":\"E Se N\u00e3o Houvesse Judeus? | Blog do Guelmann\",\"isPartOf\":{\"@id\":\"https:\\\/\\\/gersonguelmann.com.br\\\/blog\\\/#website\"},\"primaryImageOfPage\":{\"@id\":\"https:\\\/\\\/gersonguelmann.com.br\\\/blog\\\/e-se-nao-houvesse-judeus\\\/#primaryimage\"},\"image\":{\"@id\":\"https:\\\/\\\/gersonguelmann.com.br\\\/blog\\\/e-se-nao-houvesse-judeus\\\/#primaryimage\"},\"thumbnailUrl\":\"https:\\\/\\\/i0.wp.com\\\/gersonguelmann.com.br\\\/blog\\\/wp-content\\\/uploads\\\/2018\\\/05\\\/pexels-photo-356079.jpeg?fit=1880%2C1138&ssl=1\",\"datePublished\":\"2018-05-08T22:45:35+00:00\",\"dateModified\":\"2018-05-08T22:49:11+00:00\",\"author\":{\"@id\":\"https:\\\/\\\/gersonguelmann.com.br\\\/blog\\\/#\\\/schema\\\/person\\\/87e70e2a786888082f941a482c90569e\"},\"inLanguage\":\"pt-BR\",\"potentialAction\":[{\"@type\":\"ReadAction\",\"target\":[\"https:\\\/\\\/gersonguelmann.com.br\\\/blog\\\/e-se-nao-houvesse-judeus\\\/\"]}]},{\"@type\":\"ImageObject\",\"inLanguage\":\"pt-BR\",\"@id\":\"https:\\\/\\\/gersonguelmann.com.br\\\/blog\\\/e-se-nao-houvesse-judeus\\\/#primaryimage\",\"url\":\"https:\\\/\\\/i0.wp.com\\\/gersonguelmann.com.br\\\/blog\\\/wp-content\\\/uploads\\\/2018\\\/05\\\/pexels-photo-356079.jpeg?fit=1880%2C1138&ssl=1\",\"contentUrl\":\"https:\\\/\\\/i0.wp.com\\\/gersonguelmann.com.br\\\/blog\\\/wp-content\\\/uploads\\\/2018\\\/05\\\/pexels-photo-356079.jpeg?fit=1880%2C1138&ssl=1\",\"width\":1880,\"height\":1138},{\"@type\":\"WebSite\",\"@id\":\"https:\\\/\\\/gersonguelmann.com.br\\\/blog\\\/#website\",\"url\":\"https:\\\/\\\/gersonguelmann.com.br\\\/blog\\\/\",\"name\":\"Blog do Guelmann\",\"description\":\"Pitadas da sabedoria e do humor judaicos, assuntos do momento e um pouco das hist\u00f3rias que vivi e testemunhei.\",\"potentialAction\":[{\"@type\":\"SearchAction\",\"target\":{\"@type\":\"EntryPoint\",\"urlTemplate\":\"https:\\\/\\\/gersonguelmann.com.br\\\/blog\\\/?s={search_term_string}\"},\"query-input\":{\"@type\":\"PropertyValueSpecification\",\"valueRequired\":true,\"valueName\":\"search_term_string\"}}],\"inLanguage\":\"pt-BR\"},{\"@type\":\"Person\",\"@id\":\"https:\\\/\\\/gersonguelmann.com.br\\\/blog\\\/#\\\/schema\\\/person\\\/87e70e2a786888082f941a482c90569e\",\"name\":\"Gerson Guelmann\",\"image\":{\"@type\":\"ImageObject\",\"inLanguage\":\"pt-BR\",\"@id\":\"https:\\\/\\\/i0.wp.com\\\/gersonguelmann.com.br\\\/blog\\\/wp-content\\\/uploads\\\/2021\\\/08\\\/BLOG.jpeg?fit=96%2C96&ssl=1\",\"url\":\"https:\\\/\\\/i0.wp.com\\\/gersonguelmann.com.br\\\/blog\\\/wp-content\\\/uploads\\\/2021\\\/08\\\/BLOG.jpeg?fit=96%2C96&ssl=1\",\"contentUrl\":\"https:\\\/\\\/i0.wp.com\\\/gersonguelmann.com.br\\\/blog\\\/wp-content\\\/uploads\\\/2021\\\/08\\\/BLOG.jpeg?fit=96%2C96&ssl=1\",\"caption\":\"Gerson Guelmann\"},\"description\":\"Pitadas da sabedoria e do humor judaicos, assuntos do momento e um pouco das hist\u00f3rias que vivi e testemunhei.\"}]}<\/script>\n<!-- \/ Yoast SEO plugin. -->","yoast_head_json":{"title":"E Se N\u00e3o Houvesse Judeus? | Blog do Guelmann","robots":{"index":"index","follow":"follow","max-snippet":"max-snippet:-1","max-image-preview":"max-image-preview:large","max-video-preview":"max-video-preview:-1"},"canonical":"https:\/\/gersonguelmann.com.br\/blog\/e-se-nao-houvesse-judeus\/","og_locale":"pt_BR","og_type":"article","og_title":"E Se N\u00e3o Houvesse Judeus? | Blog do Guelmann","og_description":"V\u00eddeo muito bom, em ingl\u00eas e com legendas no mesmo idioma. O comediante e m\u00fasico norte-americano\u00a0David Zasloff canta &#8220;E Se N\u00e3o Houvesse Judeus?&#8221;","og_url":"https:\/\/gersonguelmann.com.br\/blog\/e-se-nao-houvesse-judeus\/","og_site_name":"Blog do Guelmann","article_published_time":"2018-05-08T22:45:35+00:00","article_modified_time":"2018-05-08T22:49:11+00:00","og_image":[{"width":1880,"height":1138,"url":"https:\/\/i0.wp.com\/gersonguelmann.com.br\/blog\/wp-content\/uploads\/2018\/05\/pexels-photo-356079.jpeg?fit=1880%2C1138&ssl=1","type":"image\/jpeg"}],"author":"Gerson Guelmann","twitter_card":"summary_large_image","twitter_misc":{"Escrito por":"Gerson Guelmann"},"schema":{"@context":"https:\/\/schema.org","@graph":[{"@type":"Article","@id":"https:\/\/gersonguelmann.com.br\/blog\/e-se-nao-houvesse-judeus\/#article","isPartOf":{"@id":"https:\/\/gersonguelmann.com.br\/blog\/e-se-nao-houvesse-judeus\/"},"author":{"name":"Gerson Guelmann","@id":"https:\/\/gersonguelmann.com.br\/blog\/#\/schema\/person\/87e70e2a786888082f941a482c90569e"},"headline":"E Se N\u00e3o Houvesse Judeus?","datePublished":"2018-05-08T22:45:35+00:00","dateModified":"2018-05-08T22:49:11+00:00","mainEntityOfPage":{"@id":"https:\/\/gersonguelmann.com.br\/blog\/e-se-nao-houvesse-judeus\/"},"wordCount":42,"commentCount":0,"image":{"@id":"https:\/\/gersonguelmann.com.br\/blog\/e-se-nao-houvesse-judeus\/#primaryimage"},"thumbnailUrl":"https:\/\/i0.wp.com\/gersonguelmann.com.br\/blog\/wp-content\/uploads\/2018\/05\/pexels-photo-356079.jpeg?fit=1880%2C1138&ssl=1","inLanguage":"pt-BR","potentialAction":[{"@type":"CommentAction","name":"Comment","target":["https:\/\/gersonguelmann.com.br\/blog\/e-se-nao-houvesse-judeus\/#respond"]}]},{"@type":"WebPage","@id":"https:\/\/gersonguelmann.com.br\/blog\/e-se-nao-houvesse-judeus\/","url":"https:\/\/gersonguelmann.com.br\/blog\/e-se-nao-houvesse-judeus\/","name":"E Se N\u00e3o Houvesse Judeus? | Blog do Guelmann","isPartOf":{"@id":"https:\/\/gersonguelmann.com.br\/blog\/#website"},"primaryImageOfPage":{"@id":"https:\/\/gersonguelmann.com.br\/blog\/e-se-nao-houvesse-judeus\/#primaryimage"},"image":{"@id":"https:\/\/gersonguelmann.com.br\/blog\/e-se-nao-houvesse-judeus\/#primaryimage"},"thumbnailUrl":"https:\/\/i0.wp.com\/gersonguelmann.com.br\/blog\/wp-content\/uploads\/2018\/05\/pexels-photo-356079.jpeg?fit=1880%2C1138&ssl=1","datePublished":"2018-05-08T22:45:35+00:00","dateModified":"2018-05-08T22:49:11+00:00","author":{"@id":"https:\/\/gersonguelmann.com.br\/blog\/#\/schema\/person\/87e70e2a786888082f941a482c90569e"},"inLanguage":"pt-BR","potentialAction":[{"@type":"ReadAction","target":["https:\/\/gersonguelmann.com.br\/blog\/e-se-nao-houvesse-judeus\/"]}]},{"@type":"ImageObject","inLanguage":"pt-BR","@id":"https:\/\/gersonguelmann.com.br\/blog\/e-se-nao-houvesse-judeus\/#primaryimage","url":"https:\/\/i0.wp.com\/gersonguelmann.com.br\/blog\/wp-content\/uploads\/2018\/05\/pexels-photo-356079.jpeg?fit=1880%2C1138&ssl=1","contentUrl":"https:\/\/i0.wp.com\/gersonguelmann.com.br\/blog\/wp-content\/uploads\/2018\/05\/pexels-photo-356079.jpeg?fit=1880%2C1138&ssl=1","width":1880,"height":1138},{"@type":"WebSite","@id":"https:\/\/gersonguelmann.com.br\/blog\/#website","url":"https:\/\/gersonguelmann.com.br\/blog\/","name":"Blog do Guelmann","description":"Pitadas da sabedoria e do humor judaicos, assuntos do momento e um pouco das hist\u00f3rias que vivi e testemunhei.","potentialAction":[{"@type":"SearchAction","target":{"@type":"EntryPoint","urlTemplate":"https:\/\/gersonguelmann.com.br\/blog\/?s={search_term_string}"},"query-input":{"@type":"PropertyValueSpecification","valueRequired":true,"valueName":"search_term_string"}}],"inLanguage":"pt-BR"},{"@type":"Person","@id":"https:\/\/gersonguelmann.com.br\/blog\/#\/schema\/person\/87e70e2a786888082f941a482c90569e","name":"Gerson Guelmann","image":{"@type":"ImageObject","inLanguage":"pt-BR","@id":"https:\/\/i0.wp.com\/gersonguelmann.com.br\/blog\/wp-content\/uploads\/2021\/08\/BLOG.jpeg?fit=96%2C96&ssl=1","url":"https:\/\/i0.wp.com\/gersonguelmann.com.br\/blog\/wp-content\/uploads\/2021\/08\/BLOG.jpeg?fit=96%2C96&ssl=1","contentUrl":"https:\/\/i0.wp.com\/gersonguelmann.com.br\/blog\/wp-content\/uploads\/2021\/08\/BLOG.jpeg?fit=96%2C96&ssl=1","caption":"Gerson Guelmann"},"description":"Pitadas da sabedoria e do humor judaicos, assuntos do momento e um pouco das hist\u00f3rias que vivi e testemunhei."}]}},"views":30,"jetpack_publicize_connections":[],"jetpack_featured_media_url":"https:\/\/i0.wp.com\/gersonguelmann.com.br\/blog\/wp-content\/uploads\/2018\/05\/pexels-photo-356079.jpeg?fit=1880%2C1138&ssl=1","jetpack_shortlink":"https:\/\/wp.me\/p96e7O-3iu","jetpack-related-posts":[{"id":26368,"url":"https:\/\/gersonguelmann.com.br\/blog\/sexta-do-humor-e-da-cultura-judaica-imagine-perguntar-se-conheco-mozart\/","url_meta":{"origin":12678,"position":0},"title":"Sexta do Humor e da Cultura Judaica &#8211; Imagine, Perguntar se Conhe\u00e7o Mozart!","author":"Gerson Guelmann","date":"3 de outubro de 2025","format":false,"excerpt":"Imagine, Perguntar Se Conhe\u00e7o Mozart! Os Bergstein, marido e mulher vindos da Europa sem nenhum recurso, depois de mais de 50 anos de trabalho \u00e1rduo e j\u00e1 pr\u00f3speros e aposentados, entenderam que deviam agradecer ao pa\u00eds pelo acolhimento e por tudo o que conseguiram. Aconselhados pelos filhos, resolveram fazer uma\u2026","rel":"","context":"Em &quot;Sem categoria&quot;","block_context":{"text":"Sem categoria","link":"https:\/\/gersonguelmann.com.br\/blog\/category\/sem-categoria\/"},"img":{"alt_text":"","src":"https:\/\/i0.wp.com\/gersonguelmann.com.br\/blog\/wp-content\/uploads\/2025\/10\/HojePR-1.jpeg?fit=600%2C400&ssl=1&resize=350%2C200","width":350,"height":200,"srcset":"https:\/\/i0.wp.com\/gersonguelmann.com.br\/blog\/wp-content\/uploads\/2025\/10\/HojePR-1.jpeg?fit=600%2C400&ssl=1&resize=350%2C200 1x, https:\/\/i0.wp.com\/gersonguelmann.com.br\/blog\/wp-content\/uploads\/2025\/10\/HojePR-1.jpeg?fit=600%2C400&ssl=1&resize=525%2C300 1.5x"},"classes":[]},{"id":14732,"url":"https:\/\/gersonguelmann.com.br\/blog\/a-licao-na-entrada-do-circo-a-biblia-e-o-brasil\/","url_meta":{"origin":12678,"position":1},"title":"A Li\u00e7\u00e3o na Entrada do Circo, a B\u00edblia e o Brasil","author":"Gerson Guelmann","date":"16 de outubro de 2018","format":false,"excerpt":"A Li\u00e7\u00e3o na Entrada do Circo, a B\u00edblia e o Brasil Ainda n\u00e3o escrevi sobre o tempo que passei em internatos - ser\u00e1 que eles ainda existem? - mas ainda o farei. Estive em dois, e em um deles, o Gin\u00e1sio Adventista Paranaense, permaneci por cinco anos. Apesar da revolta\u2026","rel":"","context":"Em &quot;Sem categoria&quot;","block_context":{"text":"Sem categoria","link":"https:\/\/gersonguelmann.com.br\/blog\/category\/sem-categoria\/"},"img":{"alt_text":"","src":"https:\/\/i0.wp.com\/gersonguelmann.com.br\/blog\/wp-content\/uploads\/2018\/10\/HojePR.png?fit=600%2C900&ssl=1&resize=350%2C200","width":350,"height":200,"srcset":"https:\/\/i0.wp.com\/gersonguelmann.com.br\/blog\/wp-content\/uploads\/2018\/10\/HojePR.png?fit=600%2C900&ssl=1&resize=350%2C200 1x, https:\/\/i0.wp.com\/gersonguelmann.com.br\/blog\/wp-content\/uploads\/2018\/10\/HojePR.png?fit=600%2C900&ssl=1&resize=525%2C300 1.5x"},"classes":[]},{"id":11382,"url":"https:\/\/gersonguelmann.com.br\/blog\/nem-bolsonarismo-nem-lulopetismo-brasileirismo\/","url_meta":{"origin":12678,"position":2},"title":"Nem Bolsonarismo, Nem Lulopetismo: Brasileirismo","author":"Gerson Guelmann","date":"7 de setembro de 2021","format":false,"excerpt":"Meus 4 av\u00f3s eram imigrantes. Meu pai era o ca\u00e7ula dos 5 filhos de um casal que no in\u00edcio do s\u00e9culo 20 saiu de uma regi\u00e3o da R\u00fassia e que depois foi Pol\u00f4nia e hoje \u00e9 Ucr\u00e2nia. Salom\u00e3o e Sofia Guelmann tinham ent\u00e3o os pequenos Sara e Moyses.\u00a0\u00a0 A regi\u00e3o\u2026","rel":"","context":"Em &quot;Sem categoria&quot;","block_context":{"text":"Sem categoria","link":"https:\/\/gersonguelmann.com.br\/blog\/category\/sem-categoria\/"},"img":{"alt_text":"","src":"https:\/\/i0.wp.com\/gersonguelmann.com.br\/blog\/wp-content\/uploads\/2018\/04\/Bandeira-300x166.jpg?resize=350%2C200&ssl=1","width":350,"height":200},"classes":[]},{"id":11586,"url":"https:\/\/gersonguelmann.com.br\/blog\/o-mundo-esta-esquecendo-auschwitz\/","url_meta":{"origin":12678,"position":3},"title":"O Mundo Est\u00e1 Esquecendo Auschwitz!","author":"Gerson Guelmann","date":"13 de abril de 2018","format":false,"excerpt":"Transcrevo, pela import\u00e2ncia do tema, mat\u00e9ria publicada ontem pela revista Exame: MUNDO Sabe o que foi Auschwitz? Muita gente n\u00e3o sabe \u2014 e isso \u00e9 perigoso Estudo alerta para lacunas cr\u00edticas no conhecimento sobre o genoc\u00eddio de judeus pela Alemanha nazista, especialmente entre a chamada gera\u00e7\u00e3o millennial Por\u00a0Vanessa Barbosa Publicado\u2026","rel":"","context":"Em &quot;Sem categoria&quot;","block_context":{"text":"Sem categoria","link":"https:\/\/gersonguelmann.com.br\/blog\/category\/sem-categoria\/"},"img":{"alt_text":"","src":"https:\/\/i0.wp.com\/gersonguelmann.com.br\/blog\/wp-content\/uploads\/2018\/04\/800x-1.jpg?fit=800%2C533&ssl=1&resize=350%2C200","width":350,"height":200,"srcset":"https:\/\/i0.wp.com\/gersonguelmann.com.br\/blog\/wp-content\/uploads\/2018\/04\/800x-1.jpg?fit=800%2C533&ssl=1&resize=350%2C200 1x, https:\/\/i0.wp.com\/gersonguelmann.com.br\/blog\/wp-content\/uploads\/2018\/04\/800x-1.jpg?fit=800%2C533&ssl=1&resize=525%2C300 1.5x, https:\/\/i0.wp.com\/gersonguelmann.com.br\/blog\/wp-content\/uploads\/2018\/04\/800x-1.jpg?fit=800%2C533&ssl=1&resize=700%2C400 2x"},"classes":[]},{"id":26017,"url":"https:\/\/gersonguelmann.com.br\/blog\/sexta-do-humor-e-da-cultura-judaica-a-psiquiatria-rabinica\/","url_meta":{"origin":12678,"position":4},"title":"Sexta do Humor e da Cultura Judaica &#8211; A Psiquiatria Rab\u00ednica","author":"Gerson Guelmann","date":"30 de maio de 2025","format":false,"excerpt":"A Psiquiatria Rab\u00ednica Shimon vivia atormentado com um problema que n\u00e3o o deixava dormir \u2014 literalmente.\u00a0Todas as noites, ao se deitar, era tomado por um medo terr\u00edvel de que houvesse algu\u00e9m escondido debaixo da cama, pronto para lhe fazer algum mal. O pobre homem j\u00e1 estava ficando meshiguene(*) de tanta\u2026","rel":"","context":"Em &quot;Sem categoria&quot;","block_context":{"text":"Sem categoria","link":"https:\/\/gersonguelmann.com.br\/blog\/category\/sem-categoria\/"},"img":{"alt_text":"","src":"https:\/\/i0.wp.com\/gersonguelmann.com.br\/blog\/wp-content\/uploads\/2025\/05\/3005-1.jpg?fit=1200%2C800&ssl=1&resize=350%2C200","width":350,"height":200,"srcset":"https:\/\/i0.wp.com\/gersonguelmann.com.br\/blog\/wp-content\/uploads\/2025\/05\/3005-1.jpg?fit=1200%2C800&ssl=1&resize=350%2C200 1x, https:\/\/i0.wp.com\/gersonguelmann.com.br\/blog\/wp-content\/uploads\/2025\/05\/3005-1.jpg?fit=1200%2C800&ssl=1&resize=525%2C300 1.5x, https:\/\/i0.wp.com\/gersonguelmann.com.br\/blog\/wp-content\/uploads\/2025\/05\/3005-1.jpg?fit=1200%2C800&ssl=1&resize=700%2C400 2x, https:\/\/i0.wp.com\/gersonguelmann.com.br\/blog\/wp-content\/uploads\/2025\/05\/3005-1.jpg?fit=1200%2C800&ssl=1&resize=1050%2C600 3x"},"classes":[]},{"id":2466,"url":"https:\/\/gersonguelmann.com.br\/blog\/las-vegas-janauba-o-mundo-na-contramao\/","url_meta":{"origin":12678,"position":5},"title":"Las Vegas &#038; Jana\u00faba &#8211; o Mundo na Contram\u00e3o","author":"Gerson Guelmann","date":"5 de outubro de 2017","format":false,"excerpt":"N\u00e3o d\u00e1 para pensar diferente:\u00a0 -\u00a0 o que aconteceu em Las Vegas h\u00e1 poucos dias e hoje em Jana\u00faba nos leva a acreditar que o Planeta Terra est\u00e1 na contram\u00e3o da evolu\u00e7\u00e3o. Lembro de ter lido uma vez que \"se D-us quisesse refazer o mundo, este seria o momento oportuno,\u2026","rel":"","context":"Em &quot;Sem categoria&quot;","block_context":{"text":"Sem categoria","link":"https:\/\/gersonguelmann.com.br\/blog\/category\/sem-categoria\/"},"img":{"alt_text":"","src":"https:\/\/i0.wp.com\/gersonguelmann.com.br\/blog\/wp-content\/uploads\/2017\/10\/Evolu%C3%A7%C3%A3o.jpg?fit=1200%2C449&ssl=1&resize=350%2C200","width":350,"height":200,"srcset":"https:\/\/i0.wp.com\/gersonguelmann.com.br\/blog\/wp-content\/uploads\/2017\/10\/Evolu%C3%A7%C3%A3o.jpg?fit=1200%2C449&ssl=1&resize=350%2C200 1x, https:\/\/i0.wp.com\/gersonguelmann.com.br\/blog\/wp-content\/uploads\/2017\/10\/Evolu%C3%A7%C3%A3o.jpg?fit=1200%2C449&ssl=1&resize=525%2C300 1.5x, https:\/\/i0.wp.com\/gersonguelmann.com.br\/blog\/wp-content\/uploads\/2017\/10\/Evolu%C3%A7%C3%A3o.jpg?fit=1200%2C449&ssl=1&resize=700%2C400 2x, https:\/\/i0.wp.com\/gersonguelmann.com.br\/blog\/wp-content\/uploads\/2017\/10\/Evolu%C3%A7%C3%A3o.jpg?fit=1200%2C449&ssl=1&resize=1050%2C600 3x"},"classes":[]}],"jetpack_sharing_enabled":true,"post_mailing_queue_ids":[],"_links":{"self":[{"href":"https:\/\/gersonguelmann.com.br\/blog\/wp-json\/wp\/v2\/posts\/12678","targetHints":{"allow":["GET"]}}],"collection":[{"href":"https:\/\/gersonguelmann.com.br\/blog\/wp-json\/wp\/v2\/posts"}],"about":[{"href":"https:\/\/gersonguelmann.com.br\/blog\/wp-json\/wp\/v2\/types\/post"}],"author":[{"embeddable":true,"href":"https:\/\/gersonguelmann.com.br\/blog\/wp-json\/wp\/v2\/users\/5"}],"replies":[{"embeddable":true,"href":"https:\/\/gersonguelmann.com.br\/blog\/wp-json\/wp\/v2\/comments?post=12678"}],"version-history":[{"count":0,"href":"https:\/\/gersonguelmann.com.br\/blog\/wp-json\/wp\/v2\/posts\/12678\/revisions"}],"wp:featuredmedia":[{"embeddable":true,"href":"https:\/\/gersonguelmann.com.br\/blog\/wp-json\/wp\/v2\/media\/12679"}],"wp:attachment":[{"href":"https:\/\/gersonguelmann.com.br\/blog\/wp-json\/wp\/v2\/media?parent=12678"}],"wp:term":[{"taxonomy":"category","embeddable":true,"href":"https:\/\/gersonguelmann.com.br\/blog\/wp-json\/wp\/v2\/categories?post=12678"},{"taxonomy":"post_tag","embeddable":true,"href":"https:\/\/gersonguelmann.com.br\/blog\/wp-json\/wp\/v2\/tags?post=12678"}],"curies":[{"name":"wp","href":"https:\/\/api.w.org\/{rel}","templated":true}]}}