    {"id":12682,"date":"2018-05-08T20:24:45","date_gmt":"2018-05-08T23:24:45","guid":{"rendered":"https:\/\/gersonguelmann.com.br\/blog\/?p=12682"},"modified":"2018-05-08T20:27:43","modified_gmt":"2018-05-08T23:27:43","slug":"lula-livre-e-o-atletico-paranaense","status":"publish","type":"post","link":"https:\/\/gersonguelmann.com.br\/blog\/lula-livre-e-o-atletico-paranaense\/","title":{"rendered":"Lula Livre e o Atl\u00e9tico Paranaense"},"content":{"rendered":"<p><span style=\"font-family: georgia, palatino, serif; font-size: 18pt; color: #000000;\">O time de futebol do Atl\u00e9tico Paranaense est\u00e1 na cidade de Ros\u00e1rio, na Argentina, para a partida de volta contra o\u00a0Newell&#8217;s Old Boys pela Sul-Americana.<\/span><\/p>\n<p><span style=\"font-family: georgia, palatino, serif; font-size: 18pt; color: #000000;\">Nuestros hermanos n\u00e3o deixaram por menos: o &#8220;Movimiento Sindical Rosarino&#8221; colocou na frente do hotel onde a delega\u00e7\u00e3o est\u00e1 instalada uma faixa escrita &#8220;Lula Livre&#8221;.<\/span><\/p>\n<p><span style=\"font-family: georgia, palatino, serif; font-size: 18pt; color: #000000;\">A informa\u00e7\u00e3o \u00e9 do site da r\u00e1dio Banda B de Curitiba e pode ser conferida\u00a0<\/span><span style=\"font-family: georgia, palatino, serif; font-size: 18pt; color: #000000;\"><a href=\"http:\/\/www.bandab.com.br\/politica\/argentinos-estendem-faixa-de-lula-livre-em-frente-a-hotel-que-atletico-esta-concentrado\/\"><span style=\"color: #0000ff;\"><em><strong>aqui<\/strong><\/em><\/span><\/a>.<\/span><\/p>\n<p style=\"text-align: center;\"><img data-recalc-dims=\"1\" fetchpriority=\"high\" decoding=\"async\" data-attachment-id=\"12683\" data-permalink=\"https:\/\/gersonguelmann.com.br\/blog\/lula-livre-e-o-atletico-paranaense\/faixaconcentracao\/\" data-orig-file=\"https:\/\/i0.wp.com\/gersonguelmann.com.br\/blog\/wp-content\/uploads\/2018\/05\/faixaconcentra%C3%A7%C3%A3o.jpg?fit=1280%2C960&amp;ssl=1\" data-orig-size=\"1280,960\" data-comments-opened=\"1\" data-image-meta=\"{&quot;aperture&quot;:&quot;0&quot;,&quot;credit&quot;:&quot;&quot;,&quot;camera&quot;:&quot;&quot;,&quot;caption&quot;:&quot;&quot;,&quot;created_timestamp&quot;:&quot;0&quot;,&quot;copyright&quot;:&quot;&quot;,&quot;focal_length&quot;:&quot;0&quot;,&quot;iso&quot;:&quot;0&quot;,&quot;shutter_speed&quot;:&quot;0&quot;,&quot;title&quot;:&quot;&quot;,&quot;orientation&quot;:&quot;0&quot;}\" data-image-title=\"faixaconcentra\u00e7\u00e3o\" data-image-description=\"\" data-image-caption=\"\" data-medium-file=\"https:\/\/i0.wp.com\/gersonguelmann.com.br\/blog\/wp-content\/uploads\/2018\/05\/faixaconcentra%C3%A7%C3%A3o.jpg?fit=300%2C225&amp;ssl=1\" data-large-file=\"https:\/\/i0.wp.com\/gersonguelmann.com.br\/blog\/wp-content\/uploads\/2018\/05\/faixaconcentra%C3%A7%C3%A3o.jpg?fit=640%2C480&amp;ssl=1\" class=\"size-medium wp-image-12683 aligncenter\" src=\"https:\/\/i0.wp.com\/gersonguelmann.com.br\/blog\/wp-content\/uploads\/2018\/05\/faixaconcentra%C3%A7%C3%A3o.jpg?resize=300%2C225&#038;ssl=1\" alt=\"\" width=\"300\" height=\"225\" srcset=\"https:\/\/i0.wp.com\/gersonguelmann.com.br\/blog\/wp-content\/uploads\/2018\/05\/faixaconcentra%C3%A7%C3%A3o.jpg?resize=300%2C225&amp;ssl=1 300w, https:\/\/i0.wp.com\/gersonguelmann.com.br\/blog\/wp-content\/uploads\/2018\/05\/faixaconcentra%C3%A7%C3%A3o.jpg?resize=768%2C576&amp;ssl=1 768w, https:\/\/i0.wp.com\/gersonguelmann.com.br\/blog\/wp-content\/uploads\/2018\/05\/faixaconcentra%C3%A7%C3%A3o.jpg?resize=1024%2C768&amp;ssl=1 1024w, https:\/\/i0.wp.com\/gersonguelmann.com.br\/blog\/wp-content\/uploads\/2018\/05\/faixaconcentra%C3%A7%C3%A3o.jpg?w=1280&amp;ssl=1 1280w\" sizes=\"(max-width: 300px) 100vw, 300px\" \/><span style=\"font-family: georgia, palatino, serif; font-size: 10pt; color: #808080;\"><em><strong>Foto:\u00a0Monique Vilela \u2013 Banda B<\/strong><\/em><\/span><\/p>\n<p>&nbsp;<\/p>\n","protected":false},"excerpt":{"rendered":"<p>O time de futebol do Atl\u00e9tico Paranaense est\u00e1 na cidade de Ros\u00e1rio, na Argentina, para a partida de volta contra o\u00a0Newell&#8217;s Old Boys pela Sul-Americana. Nuestros hermanos n\u00e3o deixaram por menos: o &#8220;Movimiento Sindical Rosarino&#8221; colocou na frente do hotel onde a delega\u00e7\u00e3o est\u00e1 instalada uma faixa escrita &#8220;Lula Livre&#8221;. A informa\u00e7\u00e3o \u00e9 do site [&hellip;]<\/p>\n","protected":false},"author":5,"featured_media":12683,"comment_status":"open","ping_status":"open","sticky":false,"template":"","format":"standard","meta":{"_acf_changed":false,"jetpack_post_was_ever_published":false,"_jetpack_newsletter_access":"","_jetpack_dont_email_post_to_subs":false,"_jetpack_newsletter_tier_id":0,"_jetpack_memberships_contains_paywalled_content":false,"_jetpack_memberships_contains_paid_content":false,"footnotes":"","jetpack_publicize_message":"","jetpack_publicize_feature_enabled":true,"jetpack_social_post_already_shared":true,"jetpack_social_options":{"image_generator_settings":{"template":"highway","default_image_id":0,"font":"","enabled":false},"version":2}},"categories":[1],"tags":[],"class_list":["post-12682","post","type-post","status-publish","format-standard","has-post-thumbnail","hentry","category-sem-categoria"],"acf":[],"yoast_head":"<!-- This site is optimized with the Yoast SEO plugin v27.3 - https:\/\/yoast.com\/product\/yoast-seo-wordpress\/ -->\n<title>Lula Livre e o Atl\u00e9tico Paranaense | Blog do Guelmann<\/title>\n<meta name=\"robots\" content=\"index, follow, max-snippet:-1, max-image-preview:large, max-video-preview:-1\" \/>\n<link rel=\"canonical\" href=\"https:\/\/gersonguelmann.com.br\/blog\/lula-livre-e-o-atletico-paranaense\/\" \/>\n<meta property=\"og:locale\" content=\"pt_BR\" \/>\n<meta property=\"og:type\" content=\"article\" \/>\n<meta property=\"og:title\" content=\"Lula Livre e o Atl\u00e9tico Paranaense | Blog do Guelmann\" \/>\n<meta property=\"og:description\" content=\"O time de futebol do Atl\u00e9tico Paranaense est\u00e1 na cidade de Ros\u00e1rio, na Argentina, para a partida de volta contra o\u00a0Newell&#8217;s Old Boys pela Sul-Americana. Nuestros hermanos n\u00e3o deixaram por menos: o &#8220;Movimiento Sindical Rosarino&#8221; colocou na frente do hotel onde a delega\u00e7\u00e3o est\u00e1 instalada uma faixa escrita &#8220;Lula Livre&#8221;. A informa\u00e7\u00e3o \u00e9 do site [&hellip;]\" \/>\n<meta property=\"og:url\" content=\"https:\/\/gersonguelmann.com.br\/blog\/lula-livre-e-o-atletico-paranaense\/\" \/>\n<meta property=\"og:site_name\" content=\"Blog do Guelmann\" \/>\n<meta property=\"article:published_time\" content=\"2018-05-08T23:24:45+00:00\" \/>\n<meta property=\"article:modified_time\" content=\"2018-05-08T23:27:43+00:00\" \/>\n<meta property=\"og:image\" content=\"https:\/\/i0.wp.com\/gersonguelmann.com.br\/blog\/wp-content\/uploads\/2018\/05\/faixaconcentra\u00e7\u00e3o.jpg?fit=1280%2C960&ssl=1\" \/>\n\t<meta property=\"og:image:width\" content=\"1280\" \/>\n\t<meta property=\"og:image:height\" content=\"960\" \/>\n\t<meta property=\"og:image:type\" content=\"image\/jpeg\" \/>\n<meta name=\"author\" content=\"Gerson Guelmann\" \/>\n<meta name=\"twitter:card\" content=\"summary_large_image\" \/>\n<meta name=\"twitter:label1\" content=\"Escrito por\" \/>\n\t<meta name=\"twitter:data1\" content=\"Gerson Guelmann\" \/>\n<script type=\"application\/ld+json\" class=\"yoast-schema-graph\">{\"@context\":\"https:\\\/\\\/schema.org\",\"@graph\":[{\"@type\":\"Article\",\"@id\":\"https:\\\/\\\/gersonguelmann.com.br\\\/blog\\\/lula-livre-e-o-atletico-paranaense\\\/#article\",\"isPartOf\":{\"@id\":\"https:\\\/\\\/gersonguelmann.com.br\\\/blog\\\/lula-livre-e-o-atletico-paranaense\\\/\"},\"author\":{\"name\":\"Gerson Guelmann\",\"@id\":\"https:\\\/\\\/gersonguelmann.com.br\\\/blog\\\/#\\\/schema\\\/person\\\/87e70e2a786888082f941a482c90569e\"},\"headline\":\"Lula Livre e o Atl\u00e9tico Paranaense\",\"datePublished\":\"2018-05-08T23:24:45+00:00\",\"dateModified\":\"2018-05-08T23:27:43+00:00\",\"mainEntityOfPage\":{\"@id\":\"https:\\\/\\\/gersonguelmann.com.br\\\/blog\\\/lula-livre-e-o-atletico-paranaense\\\/\"},\"wordCount\":85,\"commentCount\":0,\"image\":{\"@id\":\"https:\\\/\\\/gersonguelmann.com.br\\\/blog\\\/lula-livre-e-o-atletico-paranaense\\\/#primaryimage\"},\"thumbnailUrl\":\"https:\\\/\\\/i0.wp.com\\\/gersonguelmann.com.br\\\/blog\\\/wp-content\\\/uploads\\\/2018\\\/05\\\/faixaconcentra%C3%A7%C3%A3o.jpg?fit=1280%2C960&ssl=1\",\"inLanguage\":\"pt-BR\",\"potentialAction\":[{\"@type\":\"CommentAction\",\"name\":\"Comment\",\"target\":[\"https:\\\/\\\/gersonguelmann.com.br\\\/blog\\\/lula-livre-e-o-atletico-paranaense\\\/#respond\"]}]},{\"@type\":\"WebPage\",\"@id\":\"https:\\\/\\\/gersonguelmann.com.br\\\/blog\\\/lula-livre-e-o-atletico-paranaense\\\/\",\"url\":\"https:\\\/\\\/gersonguelmann.com.br\\\/blog\\\/lula-livre-e-o-atletico-paranaense\\\/\",\"name\":\"Lula Livre e o Atl\u00e9tico Paranaense | Blog do Guelmann\",\"isPartOf\":{\"@id\":\"https:\\\/\\\/gersonguelmann.com.br\\\/blog\\\/#website\"},\"primaryImageOfPage\":{\"@id\":\"https:\\\/\\\/gersonguelmann.com.br\\\/blog\\\/lula-livre-e-o-atletico-paranaense\\\/#primaryimage\"},\"image\":{\"@id\":\"https:\\\/\\\/gersonguelmann.com.br\\\/blog\\\/lula-livre-e-o-atletico-paranaense\\\/#primaryimage\"},\"thumbnailUrl\":\"https:\\\/\\\/i0.wp.com\\\/gersonguelmann.com.br\\\/blog\\\/wp-content\\\/uploads\\\/2018\\\/05\\\/faixaconcentra%C3%A7%C3%A3o.jpg?fit=1280%2C960&ssl=1\",\"datePublished\":\"2018-05-08T23:24:45+00:00\",\"dateModified\":\"2018-05-08T23:27:43+00:00\",\"author\":{\"@id\":\"https:\\\/\\\/gersonguelmann.com.br\\\/blog\\\/#\\\/schema\\\/person\\\/87e70e2a786888082f941a482c90569e\"},\"inLanguage\":\"pt-BR\",\"potentialAction\":[{\"@type\":\"ReadAction\",\"target\":[\"https:\\\/\\\/gersonguelmann.com.br\\\/blog\\\/lula-livre-e-o-atletico-paranaense\\\/\"]}]},{\"@type\":\"ImageObject\",\"inLanguage\":\"pt-BR\",\"@id\":\"https:\\\/\\\/gersonguelmann.com.br\\\/blog\\\/lula-livre-e-o-atletico-paranaense\\\/#primaryimage\",\"url\":\"https:\\\/\\\/i0.wp.com\\\/gersonguelmann.com.br\\\/blog\\\/wp-content\\\/uploads\\\/2018\\\/05\\\/faixaconcentra%C3%A7%C3%A3o.jpg?fit=1280%2C960&ssl=1\",\"contentUrl\":\"https:\\\/\\\/i0.wp.com\\\/gersonguelmann.com.br\\\/blog\\\/wp-content\\\/uploads\\\/2018\\\/05\\\/faixaconcentra%C3%A7%C3%A3o.jpg?fit=1280%2C960&ssl=1\",\"width\":1280,\"height\":960},{\"@type\":\"WebSite\",\"@id\":\"https:\\\/\\\/gersonguelmann.com.br\\\/blog\\\/#website\",\"url\":\"https:\\\/\\\/gersonguelmann.com.br\\\/blog\\\/\",\"name\":\"Blog do Guelmann\",\"description\":\"Pitadas da sabedoria e do humor judaicos, assuntos do momento e um pouco das hist\u00f3rias que vivi e testemunhei.\",\"potentialAction\":[{\"@type\":\"SearchAction\",\"target\":{\"@type\":\"EntryPoint\",\"urlTemplate\":\"https:\\\/\\\/gersonguelmann.com.br\\\/blog\\\/?s={search_term_string}\"},\"query-input\":{\"@type\":\"PropertyValueSpecification\",\"valueRequired\":true,\"valueName\":\"search_term_string\"}}],\"inLanguage\":\"pt-BR\"},{\"@type\":\"Person\",\"@id\":\"https:\\\/\\\/gersonguelmann.com.br\\\/blog\\\/#\\\/schema\\\/person\\\/87e70e2a786888082f941a482c90569e\",\"name\":\"Gerson Guelmann\",\"image\":{\"@type\":\"ImageObject\",\"inLanguage\":\"pt-BR\",\"@id\":\"https:\\\/\\\/i0.wp.com\\\/gersonguelmann.com.br\\\/blog\\\/wp-content\\\/uploads\\\/2021\\\/08\\\/BLOG.jpeg?fit=96%2C96&ssl=1\",\"url\":\"https:\\\/\\\/i0.wp.com\\\/gersonguelmann.com.br\\\/blog\\\/wp-content\\\/uploads\\\/2021\\\/08\\\/BLOG.jpeg?fit=96%2C96&ssl=1\",\"contentUrl\":\"https:\\\/\\\/i0.wp.com\\\/gersonguelmann.com.br\\\/blog\\\/wp-content\\\/uploads\\\/2021\\\/08\\\/BLOG.jpeg?fit=96%2C96&ssl=1\",\"caption\":\"Gerson Guelmann\"},\"description\":\"Pitadas da sabedoria e do humor judaicos, assuntos do momento e um pouco das hist\u00f3rias que vivi e testemunhei.\"}]}<\/script>\n<!-- \/ Yoast SEO plugin. -->","yoast_head_json":{"title":"Lula Livre e o Atl\u00e9tico Paranaense | Blog do Guelmann","robots":{"index":"index","follow":"follow","max-snippet":"max-snippet:-1","max-image-preview":"max-image-preview:large","max-video-preview":"max-video-preview:-1"},"canonical":"https:\/\/gersonguelmann.com.br\/blog\/lula-livre-e-o-atletico-paranaense\/","og_locale":"pt_BR","og_type":"article","og_title":"Lula Livre e o Atl\u00e9tico Paranaense | Blog do Guelmann","og_description":"O time de futebol do Atl\u00e9tico Paranaense est\u00e1 na cidade de Ros\u00e1rio, na Argentina, para a partida de volta contra o\u00a0Newell&#8217;s Old Boys pela Sul-Americana. Nuestros hermanos n\u00e3o deixaram por menos: o &#8220;Movimiento Sindical Rosarino&#8221; colocou na frente do hotel onde a delega\u00e7\u00e3o est\u00e1 instalada uma faixa escrita &#8220;Lula Livre&#8221;. A informa\u00e7\u00e3o \u00e9 do site [&hellip;]","og_url":"https:\/\/gersonguelmann.com.br\/blog\/lula-livre-e-o-atletico-paranaense\/","og_site_name":"Blog do Guelmann","article_published_time":"2018-05-08T23:24:45+00:00","article_modified_time":"2018-05-08T23:27:43+00:00","og_image":[{"width":1280,"height":960,"url":"https:\/\/i0.wp.com\/gersonguelmann.com.br\/blog\/wp-content\/uploads\/2018\/05\/faixaconcentra\u00e7\u00e3o.jpg?fit=1280%2C960&ssl=1","type":"image\/jpeg"}],"author":"Gerson Guelmann","twitter_card":"summary_large_image","twitter_misc":{"Escrito por":"Gerson Guelmann"},"schema":{"@context":"https:\/\/schema.org","@graph":[{"@type":"Article","@id":"https:\/\/gersonguelmann.com.br\/blog\/lula-livre-e-o-atletico-paranaense\/#article","isPartOf":{"@id":"https:\/\/gersonguelmann.com.br\/blog\/lula-livre-e-o-atletico-paranaense\/"},"author":{"name":"Gerson Guelmann","@id":"https:\/\/gersonguelmann.com.br\/blog\/#\/schema\/person\/87e70e2a786888082f941a482c90569e"},"headline":"Lula Livre e o Atl\u00e9tico Paranaense","datePublished":"2018-05-08T23:24:45+00:00","dateModified":"2018-05-08T23:27:43+00:00","mainEntityOfPage":{"@id":"https:\/\/gersonguelmann.com.br\/blog\/lula-livre-e-o-atletico-paranaense\/"},"wordCount":85,"commentCount":0,"image":{"@id":"https:\/\/gersonguelmann.com.br\/blog\/lula-livre-e-o-atletico-paranaense\/#primaryimage"},"thumbnailUrl":"https:\/\/i0.wp.com\/gersonguelmann.com.br\/blog\/wp-content\/uploads\/2018\/05\/faixaconcentra%C3%A7%C3%A3o.jpg?fit=1280%2C960&ssl=1","inLanguage":"pt-BR","potentialAction":[{"@type":"CommentAction","name":"Comment","target":["https:\/\/gersonguelmann.com.br\/blog\/lula-livre-e-o-atletico-paranaense\/#respond"]}]},{"@type":"WebPage","@id":"https:\/\/gersonguelmann.com.br\/blog\/lula-livre-e-o-atletico-paranaense\/","url":"https:\/\/gersonguelmann.com.br\/blog\/lula-livre-e-o-atletico-paranaense\/","name":"Lula Livre e o Atl\u00e9tico Paranaense | Blog do Guelmann","isPartOf":{"@id":"https:\/\/gersonguelmann.com.br\/blog\/#website"},"primaryImageOfPage":{"@id":"https:\/\/gersonguelmann.com.br\/blog\/lula-livre-e-o-atletico-paranaense\/#primaryimage"},"image":{"@id":"https:\/\/gersonguelmann.com.br\/blog\/lula-livre-e-o-atletico-paranaense\/#primaryimage"},"thumbnailUrl":"https:\/\/i0.wp.com\/gersonguelmann.com.br\/blog\/wp-content\/uploads\/2018\/05\/faixaconcentra%C3%A7%C3%A3o.jpg?fit=1280%2C960&ssl=1","datePublished":"2018-05-08T23:24:45+00:00","dateModified":"2018-05-08T23:27:43+00:00","author":{"@id":"https:\/\/gersonguelmann.com.br\/blog\/#\/schema\/person\/87e70e2a786888082f941a482c90569e"},"inLanguage":"pt-BR","potentialAction":[{"@type":"ReadAction","target":["https:\/\/gersonguelmann.com.br\/blog\/lula-livre-e-o-atletico-paranaense\/"]}]},{"@type":"ImageObject","inLanguage":"pt-BR","@id":"https:\/\/gersonguelmann.com.br\/blog\/lula-livre-e-o-atletico-paranaense\/#primaryimage","url":"https:\/\/i0.wp.com\/gersonguelmann.com.br\/blog\/wp-content\/uploads\/2018\/05\/faixaconcentra%C3%A7%C3%A3o.jpg?fit=1280%2C960&ssl=1","contentUrl":"https:\/\/i0.wp.com\/gersonguelmann.com.br\/blog\/wp-content\/uploads\/2018\/05\/faixaconcentra%C3%A7%C3%A3o.jpg?fit=1280%2C960&ssl=1","width":1280,"height":960},{"@type":"WebSite","@id":"https:\/\/gersonguelmann.com.br\/blog\/#website","url":"https:\/\/gersonguelmann.com.br\/blog\/","name":"Blog do Guelmann","description":"Pitadas da sabedoria e do humor judaicos, assuntos do momento e um pouco das hist\u00f3rias que vivi e testemunhei.","potentialAction":[{"@type":"SearchAction","target":{"@type":"EntryPoint","urlTemplate":"https:\/\/gersonguelmann.com.br\/blog\/?s={search_term_string}"},"query-input":{"@type":"PropertyValueSpecification","valueRequired":true,"valueName":"search_term_string"}}],"inLanguage":"pt-BR"},{"@type":"Person","@id":"https:\/\/gersonguelmann.com.br\/blog\/#\/schema\/person\/87e70e2a786888082f941a482c90569e","name":"Gerson Guelmann","image":{"@type":"ImageObject","inLanguage":"pt-BR","@id":"https:\/\/i0.wp.com\/gersonguelmann.com.br\/blog\/wp-content\/uploads\/2021\/08\/BLOG.jpeg?fit=96%2C96&ssl=1","url":"https:\/\/i0.wp.com\/gersonguelmann.com.br\/blog\/wp-content\/uploads\/2021\/08\/BLOG.jpeg?fit=96%2C96&ssl=1","contentUrl":"https:\/\/i0.wp.com\/gersonguelmann.com.br\/blog\/wp-content\/uploads\/2021\/08\/BLOG.jpeg?fit=96%2C96&ssl=1","caption":"Gerson Guelmann"},"description":"Pitadas da sabedoria e do humor judaicos, assuntos do momento e um pouco das hist\u00f3rias que vivi e testemunhei."}]}},"views":33,"jetpack_publicize_connections":[],"jetpack_featured_media_url":"https:\/\/i0.wp.com\/gersonguelmann.com.br\/blog\/wp-content\/uploads\/2018\/05\/faixaconcentra%C3%A7%C3%A3o.jpg?fit=1280%2C960&ssl=1","jetpack_shortlink":"https:\/\/wp.me\/p96e7O-3iy","jetpack-related-posts":[{"id":13011,"url":"https:\/\/gersonguelmann.com.br\/blog\/o-clube-atletico-paranaense-e-seu-marketing-inovador\/","url_meta":{"origin":12682,"position":0},"title":"O Clube Atl\u00e9tico Paranaense e Seu Marketing Inovador","author":"Gerson Guelmann","date":"17 de maio de 2018","format":false,"excerpt":"Todos os meus amigos conhecem minha prefer\u00eancia futebol\u00edstica pelo Coritiba. Ali\u00e1s, a bem da verdade, o nome disso n\u00e3o \u00e9 prefer\u00eancia, e sim \"v\u00edcio\", porque torcer para um time que v\u00eam colecionando insucessos ano ap\u00f3s ano s\u00f3 pode mesmo ser fruto de doen\u00e7a... Como s\u00f3i acontecer em se tratando de\u2026","rel":"","context":"Em &quot;Sem categoria&quot;","block_context":{"text":"Sem categoria","link":"https:\/\/gersonguelmann.com.br\/blog\/category\/sem-categoria\/"},"img":{"alt_text":"","src":"https:\/\/i0.wp.com\/gersonguelmann.com.br\/blog\/wp-content\/uploads\/2018\/05\/download-3-1.jpg?resize=350%2C200&ssl=1","width":350,"height":200},"classes":[]},{"id":3875,"url":"https:\/\/gersonguelmann.com.br\/blog\/60-receitas-de-risoto-120-chefs-para-ajudar-quem-precisa-que-tal\/","url_meta":{"origin":12682,"position":1},"title":"60 Receitas de Risoto, 120 Chefs Para ajudar Quem Precisa. Que Tal?","author":"Gerson Guelmann","date":"1 de novembro de 2017","format":false,"excerpt":"Dia 18\/11 acontecer\u00e1 a 3\u00aa edi\u00e7\u00e3o do \"Risoto Solid\u00e1rio - A Corrente do Bem\", organizado pela Associa\u00e7\u00e3o Beneficente Recreativa Tribunal de Contas [ABRTC]\u00a0 e Clube Atl\u00e9tico Paranaense. Ser\u00e3o 120 Chefes e Volunt\u00e1rios preparando 60 receitas diferentes, e ao final voc\u00ea levar\u00e1 a receita de todos eles. Os recursos arrecadados beneficiar\u00e3o\u2026","rel":"","context":"Em &quot;Sem categoria&quot;","block_context":{"text":"Sem categoria","link":"https:\/\/gersonguelmann.com.br\/blog\/category\/sem-categoria\/"},"img":{"alt_text":"","src":"https:\/\/i0.wp.com\/gersonguelmann.com.br\/blog\/wp-content\/uploads\/2017\/11\/Risoto-Solid%C3%A1rio.png?fit=620%2C430&ssl=1&resize=350%2C200","width":350,"height":200,"srcset":"https:\/\/i0.wp.com\/gersonguelmann.com.br\/blog\/wp-content\/uploads\/2017\/11\/Risoto-Solid%C3%A1rio.png?fit=620%2C430&ssl=1&resize=350%2C200 1x, https:\/\/i0.wp.com\/gersonguelmann.com.br\/blog\/wp-content\/uploads\/2017\/11\/Risoto-Solid%C3%A1rio.png?fit=620%2C430&ssl=1&resize=525%2C300 1.5x"},"classes":[]},{"id":13231,"url":"https:\/\/gersonguelmann.com.br\/blog\/lula-saira-da-cadeia-dia-5-de-junho-por-poucas-horas\/","url_meta":{"origin":12682,"position":2},"title":"Lula Sair\u00e1 da Cadeia Dia 5 de Junho. Por Poucas Horas.","author":"Gerson Guelmann","date":"24 de maio de 2018","format":false,"excerpt":"Mat\u00e9ria da revista Isto\u00c9: BRASIL Lula deixar\u00e1 cela na PF para depor como testemunha de Cabral Estad\u00e3o Conte\u00fado 23\/05\/18 - 17h56 - Atualizado em 23\/05\/18 - 18h52 Pela primeira vez desde o dia 7 de abril, quando foi preso para cumprir pena na Lava Jato, o ex-presidente Luiz In\u00e1cio Lula\u2026","rel":"","context":"Em &quot;Sem categoria&quot;","block_context":{"text":"Sem categoria","link":"https:\/\/gersonguelmann.com.br\/blog\/category\/sem-categoria\/"},"img":{"alt_text":"","src":"https:\/\/i0.wp.com\/gersonguelmann.com.br\/blog\/wp-content\/uploads\/2018\/05\/lula4.jpg?fit=984%2C657&ssl=1&resize=350%2C200","width":350,"height":200,"srcset":"https:\/\/i0.wp.com\/gersonguelmann.com.br\/blog\/wp-content\/uploads\/2018\/05\/lula4.jpg?fit=984%2C657&ssl=1&resize=350%2C200 1x, https:\/\/i0.wp.com\/gersonguelmann.com.br\/blog\/wp-content\/uploads\/2018\/05\/lula4.jpg?fit=984%2C657&ssl=1&resize=525%2C300 1.5x, https:\/\/i0.wp.com\/gersonguelmann.com.br\/blog\/wp-content\/uploads\/2018\/05\/lula4.jpg?fit=984%2C657&ssl=1&resize=700%2C400 2x"},"classes":[]},{"id":19745,"url":"https:\/\/gersonguelmann.com.br\/blog\/lula-livre-pero-no-mucho\/","url_meta":{"origin":12682,"position":3},"title":"Lula Livre (pero no mucho)","author":"Gerson Guelmann","date":"17 de janeiro de 2020","format":false,"excerpt":"Como sabemos, Lula est\u00e1 livre desde meados de novembro. Desde ent\u00e3o cessaram os gritos de \"Lula Livre\" que partiam dos acampados pr\u00f3ximos \u00e0 Pol\u00edcia Federal em Curitiba e se faziam ouvir Brasil afora. S\u00f3 que a atua\u00e7\u00e3o do ex-presidente, desde ent\u00e3o, parece n\u00e3o ser do agrado de alguns de seus\u2026","rel":"","context":"Em &quot;Sem categoria&quot;","block_context":{"text":"Sem categoria","link":"https:\/\/gersonguelmann.com.br\/blog\/category\/sem-categoria\/"},"img":{"alt_text":"","src":"https:\/\/i0.wp.com\/gersonguelmann.com.br\/blog\/wp-content\/uploads\/2020\/01\/Lula.jpg?fit=1200%2C800&ssl=1&resize=350%2C200","width":350,"height":200,"srcset":"https:\/\/i0.wp.com\/gersonguelmann.com.br\/blog\/wp-content\/uploads\/2020\/01\/Lula.jpg?fit=1200%2C800&ssl=1&resize=350%2C200 1x, https:\/\/i0.wp.com\/gersonguelmann.com.br\/blog\/wp-content\/uploads\/2020\/01\/Lula.jpg?fit=1200%2C800&ssl=1&resize=525%2C300 1.5x, https:\/\/i0.wp.com\/gersonguelmann.com.br\/blog\/wp-content\/uploads\/2020\/01\/Lula.jpg?fit=1200%2C800&ssl=1&resize=700%2C400 2x, https:\/\/i0.wp.com\/gersonguelmann.com.br\/blog\/wp-content\/uploads\/2020\/01\/Lula.jpg?fit=1200%2C800&ssl=1&resize=1050%2C600 3x"},"classes":[]},{"id":11285,"url":"https:\/\/gersonguelmann.com.br\/blog\/em-curitiba-pf-prepara-cela-para-receber-lula\/","url_meta":{"origin":12682,"position":4},"title":"Em Curitiba PF Prepara Cela Para Receber Lula","author":"Gerson Guelmann","date":"5 de abril de 2018","format":false,"excerpt":"PF prepara cela exclusiva para receber Lula em Curitiba Ideia \u00e9 manter ex-presidente afastado de outros presos, como Palocci e L\u00e9o Pinheiro BRAS\u00cdLIA \u2014 Com a chance do ex-presidente Luiz In\u00e1cio\u00a0Lula\u00a0da Silva ser preso potencializada pela decis\u00e3o do Supremo Tribunal Federal (STF), que negou o\u00a0habeas corpus\u00a0preventivo pedido pela defesa do\u2026","rel":"","context":"Em &quot;Sem categoria&quot;","block_context":{"text":"Sem categoria","link":"https:\/\/gersonguelmann.com.br\/blog\/category\/sem-categoria\/"},"img":{"alt_text":"","src":"https:\/\/i0.wp.com\/gersonguelmann.com.br\/blog\/wp-content\/uploads\/2018\/04\/PF-300x168.jpg?resize=350%2C200&ssl=1","width":350,"height":200},"classes":[]},{"id":9193,"url":"https:\/\/gersonguelmann.com.br\/blog\/produtor-do-1-azeite-de-oliva-100-paranaense-garante-e-o-melhor-do-mundo\/","url_meta":{"origin":12682,"position":5},"title":"Produtor do 1\u00b0 Azeite de Oliva 100% Paranaense Diz: \u2018\u00c9 o Melhor do Mundo\u2019","author":"Gerson Guelmann","date":"26 de fevereiro de 2018","format":false,"excerpt":"Id\u00e1lio e a esposa, Maria Cristina, inspecionam o pomar de azeitonas (Foto:\u00a0Hugo Harada\/Gazeta do Povo) A Gazeta do Povo publicou dias atr\u00e1s uma mat\u00e9ria excelente sobre o Sr.\u00a0Id\u00e1lio Cruz In\u00e1cio, que est\u00e1 produzindo \u00f3leo de oliva extra-virgem no munic\u00edpio paranaense de Ventania. O \u00f3leo pode ser adquirido pelo fone (43)3531-2200.\u2026","rel":"","context":"Em &quot;Sem categoria&quot;","block_context":{"text":"Sem categoria","link":"https:\/\/gersonguelmann.com.br\/blog\/category\/sem-categoria\/"},"img":{"alt_text":"","src":"https:\/\/i0.wp.com\/gersonguelmann.com.br\/blog\/wp-content\/uploads\/2018\/02\/Oliveira.jpg?fit=960%2C640&ssl=1&resize=350%2C200","width":350,"height":200,"srcset":"https:\/\/i0.wp.com\/gersonguelmann.com.br\/blog\/wp-content\/uploads\/2018\/02\/Oliveira.jpg?fit=960%2C640&ssl=1&resize=350%2C200 1x, https:\/\/i0.wp.com\/gersonguelmann.com.br\/blog\/wp-content\/uploads\/2018\/02\/Oliveira.jpg?fit=960%2C640&ssl=1&resize=525%2C300 1.5x, https:\/\/i0.wp.com\/gersonguelmann.com.br\/blog\/wp-content\/uploads\/2018\/02\/Oliveira.jpg?fit=960%2C640&ssl=1&resize=700%2C400 2x"},"classes":[]}],"jetpack_sharing_enabled":true,"post_mailing_queue_ids":[],"_links":{"self":[{"href":"https:\/\/gersonguelmann.com.br\/blog\/wp-json\/wp\/v2\/posts\/12682","targetHints":{"allow":["GET"]}}],"collection":[{"href":"https:\/\/gersonguelmann.com.br\/blog\/wp-json\/wp\/v2\/posts"}],"about":[{"href":"https:\/\/gersonguelmann.com.br\/blog\/wp-json\/wp\/v2\/types\/post"}],"author":[{"embeddable":true,"href":"https:\/\/gersonguelmann.com.br\/blog\/wp-json\/wp\/v2\/users\/5"}],"replies":[{"embeddable":true,"href":"https:\/\/gersonguelmann.com.br\/blog\/wp-json\/wp\/v2\/comments?post=12682"}],"version-history":[{"count":0,"href":"https:\/\/gersonguelmann.com.br\/blog\/wp-json\/wp\/v2\/posts\/12682\/revisions"}],"wp:featuredmedia":[{"embeddable":true,"href":"https:\/\/gersonguelmann.com.br\/blog\/wp-json\/wp\/v2\/media\/12683"}],"wp:attachment":[{"href":"https:\/\/gersonguelmann.com.br\/blog\/wp-json\/wp\/v2\/media?parent=12682"}],"wp:term":[{"taxonomy":"category","embeddable":true,"href":"https:\/\/gersonguelmann.com.br\/blog\/wp-json\/wp\/v2\/categories?post=12682"},{"taxonomy":"post_tag","embeddable":true,"href":"https:\/\/gersonguelmann.com.br\/blog\/wp-json\/wp\/v2\/tags?post=12682"}],"curies":[{"name":"wp","href":"https:\/\/api.w.org\/{rel}","templated":true}]}}