    {"id":12691,"date":"2018-05-08T22:00:02","date_gmt":"2018-05-09T01:00:02","guid":{"rendered":"https:\/\/gersonguelmann.com.br\/blog\/?p=12691"},"modified":"2018-05-08T22:00:02","modified_gmt":"2018-05-09T01:00:02","slug":"socialistas-sao-eternas-criancas-irresponsaveis-sobre-venezuela","status":"publish","type":"post","link":"https:\/\/gersonguelmann.com.br\/blog\/socialistas-sao-eternas-criancas-irresponsaveis-sobre-venezuela\/","title":{"rendered":"&#8220;Socialistas s\u00e3o eternas crian\u00e7as irrespons\u00e1veis&#8221; (Sobre a Venezuela)"},"content":{"rendered":"<p><span style=\"font-family: georgia, palatino, serif; font-size: 18pt; color: #000000;\">A autora do texto abaixo \u00e9 Priscila Chammas D\u00e1u, jornalista baiana, e circula na internet desde o come\u00e7o do ano:<\/span><\/p>\n<p><em><span style=\"font-family: georgia, palatino, serif; font-size: 18pt; color: #000000;\">&#8220;Socialistas s\u00e3o eternas crian\u00e7as irrespons\u00e1veis. Fazem a merda e depois esperam que apare\u00e7a um adulto pra resolver.<\/span><\/em><\/p>\n<p><em><span style=\"font-family: georgia, palatino, serif; font-size: 18pt; color: #000000;\">Apoiaram Maduro, foram acompanhar as elei\u00e7\u00f5es in loco, fizeram nota de apoio, dancinha \u2018t\u00f4 com Maduro\u2019, bateram p\u00e9 que estava dando certo e que era implic\u00e2ncia da elite que n\u00e3o gosta de ver pobre no poder.<\/span><\/em><\/p>\n<p><em><span style=\"font-family: georgia, palatino, serif; font-size: 18pt; color: #000000;\">Agora tem 40 mil venezuelanos refugiados em Roraima. Passando fome e dormindo na rua, longe de suas casas e de suas fam\u00edlias, mas que preferem essa vida ao para\u00edso socialista. Gente trazendo pro Brasil doen\u00e7as que j\u00e1 estavam erradicadas e engrossando as estat\u00edsticas da pobreza no pa\u00eds. E onde est\u00e3o os socialistas brasileiros agora?<\/span><\/em><\/p>\n<p><em><span style=\"font-family: georgia, palatino, serif; font-size: 18pt; color: #000000;\">Sei que n\u00e3o est\u00e3o em Roraima, ajudando no cadastramento dessas pessoas, organizando doa\u00e7\u00f5es, abrindo a porta de suas casas para eles morarem. Cad\u00ea o pessoal do PT, do PSOL, cad\u00ea Lula, Manuela D\u2019\u00c1vila, Luciana Genro e o pessoal do levante?<\/span><\/em><\/p>\n<p><em><span style=\"font-family: georgia, palatino, serif; font-size: 18pt; color: #000000;\">Agora \u00e9 a parte da hist\u00f3ria em que eles fecham os olhos e deixam os adultos resolverem, enquanto continuam em seus Facebooks defendendo que as mesmas ideias fracassadas sejam implantadas no Brasil. Se der merda, algu\u00e9m vai l\u00e1 e resolve.<\/span><\/em><\/p>\n<p><em><span style=\"font-family: georgia, palatino, serif; font-size: 18pt; color: #000000;\">A diferen\u00e7a de socialistas para crian\u00e7as \u00e9 que a irresponsabilidade das crian\u00e7as pode gerar um arranh\u00e3o, um bra\u00e7o quebrado, ou derrubar um vaso de porcelana. Socialismo destr\u00f3i vidas.\u201d<\/span><\/em><\/p>\n<p style=\"text-align: center;\"><img data-recalc-dims=\"1\" decoding=\"async\" data-attachment-id=\"12692\" data-permalink=\"https:\/\/gersonguelmann.com.br\/blog\/socialistas-sao-eternas-criancas-irresponsaveis-sobre-venezuela\/venezuela\/\" data-orig-file=\"https:\/\/i0.wp.com\/gersonguelmann.com.br\/blog\/wp-content\/uploads\/2018\/05\/Venezuela.jpg?fit=615%2C300&amp;ssl=1\" data-orig-size=\"615,300\" data-comments-opened=\"1\" data-image-meta=\"{&quot;aperture&quot;:&quot;0&quot;,&quot;credit&quot;:&quot;&quot;,&quot;camera&quot;:&quot;&quot;,&quot;caption&quot;:&quot;&quot;,&quot;created_timestamp&quot;:&quot;0&quot;,&quot;copyright&quot;:&quot;&quot;,&quot;focal_length&quot;:&quot;0&quot;,&quot;iso&quot;:&quot;0&quot;,&quot;shutter_speed&quot;:&quot;0&quot;,&quot;title&quot;:&quot;&quot;,&quot;orientation&quot;:&quot;0&quot;}\" data-image-title=\"Venezuela\" data-image-description=\"\" data-image-caption=\"\" data-medium-file=\"https:\/\/i0.wp.com\/gersonguelmann.com.br\/blog\/wp-content\/uploads\/2018\/05\/Venezuela.jpg?fit=300%2C146&amp;ssl=1\" data-large-file=\"https:\/\/i0.wp.com\/gersonguelmann.com.br\/blog\/wp-content\/uploads\/2018\/05\/Venezuela.jpg?fit=615%2C300&amp;ssl=1\" class=\"size-medium wp-image-12692 aligncenter\" src=\"https:\/\/i0.wp.com\/gersonguelmann.com.br\/blog\/wp-content\/uploads\/2018\/05\/Venezuela.jpg?resize=300%2C146&#038;ssl=1\" alt=\"\" width=\"300\" height=\"146\" srcset=\"https:\/\/i0.wp.com\/gersonguelmann.com.br\/blog\/wp-content\/uploads\/2018\/05\/Venezuela.jpg?resize=300%2C146&amp;ssl=1 300w, https:\/\/i0.wp.com\/gersonguelmann.com.br\/blog\/wp-content\/uploads\/2018\/05\/Venezuela.jpg?w=615&amp;ssl=1 615w\" sizes=\"(max-width: 300px) 100vw, 300px\" \/><span style=\"font-family: georgia, palatino, serif; font-size: 10pt; color: #808080;\"><em><strong>Foto: UOL Not\u00edcias<\/strong><\/em><\/span><\/p>\n","protected":false},"excerpt":{"rendered":"<p>A autora do texto abaixo \u00e9 Priscila Chammas D\u00e1u, jornalista baiana, e circula na internet desde o come\u00e7o do ano: &#8220;Socialistas s\u00e3o eternas crian\u00e7as irrespons\u00e1veis. Fazem a merda e depois esperam que apare\u00e7a um adulto pra resolver. Apoiaram Maduro, foram acompanhar as elei\u00e7\u00f5es in loco, fizeram nota de apoio, dancinha \u2018t\u00f4 com Maduro\u2019, bateram p\u00e9 [&hellip;]<\/p>\n","protected":false},"author":5,"featured_media":12692,"comment_status":"open","ping_status":"open","sticky":false,"template":"","format":"standard","meta":{"_acf_changed":false,"jetpack_post_was_ever_published":false,"_jetpack_newsletter_access":"","_jetpack_dont_email_post_to_subs":false,"_jetpack_newsletter_tier_id":0,"_jetpack_memberships_contains_paywalled_content":false,"_jetpack_memberships_contains_paid_content":false,"footnotes":"","jetpack_publicize_message":"","jetpack_publicize_feature_enabled":true,"jetpack_social_post_already_shared":true,"jetpack_social_options":{"image_generator_settings":{"template":"highway","default_image_id":0,"font":"","enabled":false},"version":2}},"categories":[1],"tags":[],"class_list":["post-12691","post","type-post","status-publish","format-standard","has-post-thumbnail","hentry","category-sem-categoria"],"acf":[],"yoast_head":"<!-- This site is optimized with the Yoast SEO plugin v27.3 - https:\/\/yoast.com\/product\/yoast-seo-wordpress\/ -->\n<title>&quot;Socialistas s\u00e3o eternas crian\u00e7as irrespons\u00e1veis&quot; (Sobre a Venezuela) | Blog do Guelmann<\/title>\n<meta name=\"robots\" content=\"index, follow, max-snippet:-1, max-image-preview:large, max-video-preview:-1\" \/>\n<link rel=\"canonical\" href=\"https:\/\/gersonguelmann.com.br\/blog\/socialistas-sao-eternas-criancas-irresponsaveis-sobre-venezuela\/\" \/>\n<meta property=\"og:locale\" content=\"pt_BR\" \/>\n<meta property=\"og:type\" content=\"article\" \/>\n<meta property=\"og:title\" content=\"&quot;Socialistas s\u00e3o eternas crian\u00e7as irrespons\u00e1veis&quot; (Sobre a Venezuela) | Blog do Guelmann\" \/>\n<meta property=\"og:description\" content=\"A autora do texto abaixo \u00e9 Priscila Chammas D\u00e1u, jornalista baiana, e circula na internet desde o come\u00e7o do ano: &#8220;Socialistas s\u00e3o eternas crian\u00e7as irrespons\u00e1veis. Fazem a merda e depois esperam que apare\u00e7a um adulto pra resolver. Apoiaram Maduro, foram acompanhar as elei\u00e7\u00f5es in loco, fizeram nota de apoio, dancinha \u2018t\u00f4 com Maduro\u2019, bateram p\u00e9 [&hellip;]\" \/>\n<meta property=\"og:url\" content=\"https:\/\/gersonguelmann.com.br\/blog\/socialistas-sao-eternas-criancas-irresponsaveis-sobre-venezuela\/\" \/>\n<meta property=\"og:site_name\" content=\"Blog do Guelmann\" \/>\n<meta property=\"article:published_time\" content=\"2018-05-09T01:00:02+00:00\" \/>\n<meta property=\"og:image\" content=\"https:\/\/i0.wp.com\/gersonguelmann.com.br\/blog\/wp-content\/uploads\/2018\/05\/Venezuela.jpg?fit=615%2C300&ssl=1\" \/>\n\t<meta property=\"og:image:width\" content=\"615\" \/>\n\t<meta property=\"og:image:height\" content=\"300\" \/>\n\t<meta property=\"og:image:type\" content=\"image\/jpeg\" \/>\n<meta name=\"author\" content=\"Gerson Guelmann\" \/>\n<meta name=\"twitter:card\" content=\"summary_large_image\" \/>\n<meta name=\"twitter:label1\" content=\"Escrito por\" \/>\n\t<meta name=\"twitter:data1\" content=\"Gerson Guelmann\" \/>\n\t<meta name=\"twitter:label2\" content=\"Est. tempo de leitura\" \/>\n\t<meta name=\"twitter:data2\" content=\"1 minuto\" \/>\n<script type=\"application\/ld+json\" class=\"yoast-schema-graph\">{\"@context\":\"https:\\\/\\\/schema.org\",\"@graph\":[{\"@type\":\"Article\",\"@id\":\"https:\\\/\\\/gersonguelmann.com.br\\\/blog\\\/socialistas-sao-eternas-criancas-irresponsaveis-sobre-venezuela\\\/#article\",\"isPartOf\":{\"@id\":\"https:\\\/\\\/gersonguelmann.com.br\\\/blog\\\/socialistas-sao-eternas-criancas-irresponsaveis-sobre-venezuela\\\/\"},\"author\":{\"name\":\"Gerson Guelmann\",\"@id\":\"https:\\\/\\\/gersonguelmann.com.br\\\/blog\\\/#\\\/schema\\\/person\\\/87e70e2a786888082f941a482c90569e\"},\"headline\":\"&#8220;Socialistas s\u00e3o eternas crian\u00e7as irrespons\u00e1veis&#8221; (Sobre a Venezuela)\",\"datePublished\":\"2018-05-09T01:00:02+00:00\",\"mainEntityOfPage\":{\"@id\":\"https:\\\/\\\/gersonguelmann.com.br\\\/blog\\\/socialistas-sao-eternas-criancas-irresponsaveis-sobre-venezuela\\\/\"},\"wordCount\":273,\"commentCount\":0,\"image\":{\"@id\":\"https:\\\/\\\/gersonguelmann.com.br\\\/blog\\\/socialistas-sao-eternas-criancas-irresponsaveis-sobre-venezuela\\\/#primaryimage\"},\"thumbnailUrl\":\"https:\\\/\\\/i0.wp.com\\\/gersonguelmann.com.br\\\/blog\\\/wp-content\\\/uploads\\\/2018\\\/05\\\/Venezuela.jpg?fit=615%2C300&ssl=1\",\"inLanguage\":\"pt-BR\",\"potentialAction\":[{\"@type\":\"CommentAction\",\"name\":\"Comment\",\"target\":[\"https:\\\/\\\/gersonguelmann.com.br\\\/blog\\\/socialistas-sao-eternas-criancas-irresponsaveis-sobre-venezuela\\\/#respond\"]}]},{\"@type\":\"WebPage\",\"@id\":\"https:\\\/\\\/gersonguelmann.com.br\\\/blog\\\/socialistas-sao-eternas-criancas-irresponsaveis-sobre-venezuela\\\/\",\"url\":\"https:\\\/\\\/gersonguelmann.com.br\\\/blog\\\/socialistas-sao-eternas-criancas-irresponsaveis-sobre-venezuela\\\/\",\"name\":\"\\\"Socialistas s\u00e3o eternas crian\u00e7as irrespons\u00e1veis\\\" (Sobre a Venezuela) | Blog do Guelmann\",\"isPartOf\":{\"@id\":\"https:\\\/\\\/gersonguelmann.com.br\\\/blog\\\/#website\"},\"primaryImageOfPage\":{\"@id\":\"https:\\\/\\\/gersonguelmann.com.br\\\/blog\\\/socialistas-sao-eternas-criancas-irresponsaveis-sobre-venezuela\\\/#primaryimage\"},\"image\":{\"@id\":\"https:\\\/\\\/gersonguelmann.com.br\\\/blog\\\/socialistas-sao-eternas-criancas-irresponsaveis-sobre-venezuela\\\/#primaryimage\"},\"thumbnailUrl\":\"https:\\\/\\\/i0.wp.com\\\/gersonguelmann.com.br\\\/blog\\\/wp-content\\\/uploads\\\/2018\\\/05\\\/Venezuela.jpg?fit=615%2C300&ssl=1\",\"datePublished\":\"2018-05-09T01:00:02+00:00\",\"author\":{\"@id\":\"https:\\\/\\\/gersonguelmann.com.br\\\/blog\\\/#\\\/schema\\\/person\\\/87e70e2a786888082f941a482c90569e\"},\"inLanguage\":\"pt-BR\",\"potentialAction\":[{\"@type\":\"ReadAction\",\"target\":[\"https:\\\/\\\/gersonguelmann.com.br\\\/blog\\\/socialistas-sao-eternas-criancas-irresponsaveis-sobre-venezuela\\\/\"]}]},{\"@type\":\"ImageObject\",\"inLanguage\":\"pt-BR\",\"@id\":\"https:\\\/\\\/gersonguelmann.com.br\\\/blog\\\/socialistas-sao-eternas-criancas-irresponsaveis-sobre-venezuela\\\/#primaryimage\",\"url\":\"https:\\\/\\\/i0.wp.com\\\/gersonguelmann.com.br\\\/blog\\\/wp-content\\\/uploads\\\/2018\\\/05\\\/Venezuela.jpg?fit=615%2C300&ssl=1\",\"contentUrl\":\"https:\\\/\\\/i0.wp.com\\\/gersonguelmann.com.br\\\/blog\\\/wp-content\\\/uploads\\\/2018\\\/05\\\/Venezuela.jpg?fit=615%2C300&ssl=1\",\"width\":615,\"height\":300},{\"@type\":\"WebSite\",\"@id\":\"https:\\\/\\\/gersonguelmann.com.br\\\/blog\\\/#website\",\"url\":\"https:\\\/\\\/gersonguelmann.com.br\\\/blog\\\/\",\"name\":\"Blog do Guelmann\",\"description\":\"Pitadas da sabedoria e do humor judaicos, assuntos do momento e um pouco das hist\u00f3rias que vivi e testemunhei.\",\"potentialAction\":[{\"@type\":\"SearchAction\",\"target\":{\"@type\":\"EntryPoint\",\"urlTemplate\":\"https:\\\/\\\/gersonguelmann.com.br\\\/blog\\\/?s={search_term_string}\"},\"query-input\":{\"@type\":\"PropertyValueSpecification\",\"valueRequired\":true,\"valueName\":\"search_term_string\"}}],\"inLanguage\":\"pt-BR\"},{\"@type\":\"Person\",\"@id\":\"https:\\\/\\\/gersonguelmann.com.br\\\/blog\\\/#\\\/schema\\\/person\\\/87e70e2a786888082f941a482c90569e\",\"name\":\"Gerson Guelmann\",\"image\":{\"@type\":\"ImageObject\",\"inLanguage\":\"pt-BR\",\"@id\":\"https:\\\/\\\/i0.wp.com\\\/gersonguelmann.com.br\\\/blog\\\/wp-content\\\/uploads\\\/2021\\\/08\\\/BLOG.jpeg?fit=96%2C96&ssl=1\",\"url\":\"https:\\\/\\\/i0.wp.com\\\/gersonguelmann.com.br\\\/blog\\\/wp-content\\\/uploads\\\/2021\\\/08\\\/BLOG.jpeg?fit=96%2C96&ssl=1\",\"contentUrl\":\"https:\\\/\\\/i0.wp.com\\\/gersonguelmann.com.br\\\/blog\\\/wp-content\\\/uploads\\\/2021\\\/08\\\/BLOG.jpeg?fit=96%2C96&ssl=1\",\"caption\":\"Gerson Guelmann\"},\"description\":\"Pitadas da sabedoria e do humor judaicos, assuntos do momento e um pouco das hist\u00f3rias que vivi e testemunhei.\"}]}<\/script>\n<!-- \/ Yoast SEO plugin. -->","yoast_head_json":{"title":"\"Socialistas s\u00e3o eternas crian\u00e7as irrespons\u00e1veis\" (Sobre a Venezuela) | Blog do Guelmann","robots":{"index":"index","follow":"follow","max-snippet":"max-snippet:-1","max-image-preview":"max-image-preview:large","max-video-preview":"max-video-preview:-1"},"canonical":"https:\/\/gersonguelmann.com.br\/blog\/socialistas-sao-eternas-criancas-irresponsaveis-sobre-venezuela\/","og_locale":"pt_BR","og_type":"article","og_title":"\"Socialistas s\u00e3o eternas crian\u00e7as irrespons\u00e1veis\" (Sobre a Venezuela) | Blog do Guelmann","og_description":"A autora do texto abaixo \u00e9 Priscila Chammas D\u00e1u, jornalista baiana, e circula na internet desde o come\u00e7o do ano: &#8220;Socialistas s\u00e3o eternas crian\u00e7as irrespons\u00e1veis. Fazem a merda e depois esperam que apare\u00e7a um adulto pra resolver. Apoiaram Maduro, foram acompanhar as elei\u00e7\u00f5es in loco, fizeram nota de apoio, dancinha \u2018t\u00f4 com Maduro\u2019, bateram p\u00e9 [&hellip;]","og_url":"https:\/\/gersonguelmann.com.br\/blog\/socialistas-sao-eternas-criancas-irresponsaveis-sobre-venezuela\/","og_site_name":"Blog do Guelmann","article_published_time":"2018-05-09T01:00:02+00:00","og_image":[{"width":615,"height":300,"url":"https:\/\/i0.wp.com\/gersonguelmann.com.br\/blog\/wp-content\/uploads\/2018\/05\/Venezuela.jpg?fit=615%2C300&ssl=1","type":"image\/jpeg"}],"author":"Gerson Guelmann","twitter_card":"summary_large_image","twitter_misc":{"Escrito por":"Gerson Guelmann","Est. tempo de leitura":"1 minuto"},"schema":{"@context":"https:\/\/schema.org","@graph":[{"@type":"Article","@id":"https:\/\/gersonguelmann.com.br\/blog\/socialistas-sao-eternas-criancas-irresponsaveis-sobre-venezuela\/#article","isPartOf":{"@id":"https:\/\/gersonguelmann.com.br\/blog\/socialistas-sao-eternas-criancas-irresponsaveis-sobre-venezuela\/"},"author":{"name":"Gerson Guelmann","@id":"https:\/\/gersonguelmann.com.br\/blog\/#\/schema\/person\/87e70e2a786888082f941a482c90569e"},"headline":"&#8220;Socialistas s\u00e3o eternas crian\u00e7as irrespons\u00e1veis&#8221; (Sobre a Venezuela)","datePublished":"2018-05-09T01:00:02+00:00","mainEntityOfPage":{"@id":"https:\/\/gersonguelmann.com.br\/blog\/socialistas-sao-eternas-criancas-irresponsaveis-sobre-venezuela\/"},"wordCount":273,"commentCount":0,"image":{"@id":"https:\/\/gersonguelmann.com.br\/blog\/socialistas-sao-eternas-criancas-irresponsaveis-sobre-venezuela\/#primaryimage"},"thumbnailUrl":"https:\/\/i0.wp.com\/gersonguelmann.com.br\/blog\/wp-content\/uploads\/2018\/05\/Venezuela.jpg?fit=615%2C300&ssl=1","inLanguage":"pt-BR","potentialAction":[{"@type":"CommentAction","name":"Comment","target":["https:\/\/gersonguelmann.com.br\/blog\/socialistas-sao-eternas-criancas-irresponsaveis-sobre-venezuela\/#respond"]}]},{"@type":"WebPage","@id":"https:\/\/gersonguelmann.com.br\/blog\/socialistas-sao-eternas-criancas-irresponsaveis-sobre-venezuela\/","url":"https:\/\/gersonguelmann.com.br\/blog\/socialistas-sao-eternas-criancas-irresponsaveis-sobre-venezuela\/","name":"\"Socialistas s\u00e3o eternas crian\u00e7as irrespons\u00e1veis\" (Sobre a Venezuela) | Blog do Guelmann","isPartOf":{"@id":"https:\/\/gersonguelmann.com.br\/blog\/#website"},"primaryImageOfPage":{"@id":"https:\/\/gersonguelmann.com.br\/blog\/socialistas-sao-eternas-criancas-irresponsaveis-sobre-venezuela\/#primaryimage"},"image":{"@id":"https:\/\/gersonguelmann.com.br\/blog\/socialistas-sao-eternas-criancas-irresponsaveis-sobre-venezuela\/#primaryimage"},"thumbnailUrl":"https:\/\/i0.wp.com\/gersonguelmann.com.br\/blog\/wp-content\/uploads\/2018\/05\/Venezuela.jpg?fit=615%2C300&ssl=1","datePublished":"2018-05-09T01:00:02+00:00","author":{"@id":"https:\/\/gersonguelmann.com.br\/blog\/#\/schema\/person\/87e70e2a786888082f941a482c90569e"},"inLanguage":"pt-BR","potentialAction":[{"@type":"ReadAction","target":["https:\/\/gersonguelmann.com.br\/blog\/socialistas-sao-eternas-criancas-irresponsaveis-sobre-venezuela\/"]}]},{"@type":"ImageObject","inLanguage":"pt-BR","@id":"https:\/\/gersonguelmann.com.br\/blog\/socialistas-sao-eternas-criancas-irresponsaveis-sobre-venezuela\/#primaryimage","url":"https:\/\/i0.wp.com\/gersonguelmann.com.br\/blog\/wp-content\/uploads\/2018\/05\/Venezuela.jpg?fit=615%2C300&ssl=1","contentUrl":"https:\/\/i0.wp.com\/gersonguelmann.com.br\/blog\/wp-content\/uploads\/2018\/05\/Venezuela.jpg?fit=615%2C300&ssl=1","width":615,"height":300},{"@type":"WebSite","@id":"https:\/\/gersonguelmann.com.br\/blog\/#website","url":"https:\/\/gersonguelmann.com.br\/blog\/","name":"Blog do Guelmann","description":"Pitadas da sabedoria e do humor judaicos, assuntos do momento e um pouco das hist\u00f3rias que vivi e testemunhei.","potentialAction":[{"@type":"SearchAction","target":{"@type":"EntryPoint","urlTemplate":"https:\/\/gersonguelmann.com.br\/blog\/?s={search_term_string}"},"query-input":{"@type":"PropertyValueSpecification","valueRequired":true,"valueName":"search_term_string"}}],"inLanguage":"pt-BR"},{"@type":"Person","@id":"https:\/\/gersonguelmann.com.br\/blog\/#\/schema\/person\/87e70e2a786888082f941a482c90569e","name":"Gerson Guelmann","image":{"@type":"ImageObject","inLanguage":"pt-BR","@id":"https:\/\/i0.wp.com\/gersonguelmann.com.br\/blog\/wp-content\/uploads\/2021\/08\/BLOG.jpeg?fit=96%2C96&ssl=1","url":"https:\/\/i0.wp.com\/gersonguelmann.com.br\/blog\/wp-content\/uploads\/2021\/08\/BLOG.jpeg?fit=96%2C96&ssl=1","contentUrl":"https:\/\/i0.wp.com\/gersonguelmann.com.br\/blog\/wp-content\/uploads\/2021\/08\/BLOG.jpeg?fit=96%2C96&ssl=1","caption":"Gerson Guelmann"},"description":"Pitadas da sabedoria e do humor judaicos, assuntos do momento e um pouco das hist\u00f3rias que vivi e testemunhei."}]}},"views":17,"jetpack_publicize_connections":[],"jetpack_featured_media_url":"https:\/\/i0.wp.com\/gersonguelmann.com.br\/blog\/wp-content\/uploads\/2018\/05\/Venezuela.jpg?fit=615%2C300&ssl=1","jetpack_shortlink":"https:\/\/wp.me\/p96e7O-3iH","jetpack-related-posts":[{"id":685,"url":"https:\/\/gersonguelmann.com.br\/blog\/maduro-e-suas-penas\/","url_meta":{"origin":12691,"position":0},"title":"Maduro e suas penas","author":"Gerson Guelmann","date":"2 de agosto de 2017","format":false,"excerpt":"N\u00e3o \u00e9 de hoje que o Pal\u00e1cio de Miraflores, em Caracas, \u00e9 uma refer\u00eancia para os profissionais que estudam desvios comportamentais. Estou me referindo, \u00e9 claro, aos \u00faltimos presidentes venezuelanos. Sobre Ch\u00e1vez n\u00e3o h\u00e1 o que comentar, j\u00e1 que passou para outro plano espiritual h\u00e1 algum tempo. Falemos ent\u00e3o de\u2026","rel":"","context":"Em &quot;Sem categoria&quot;","block_context":{"text":"Sem categoria","link":"https:\/\/gersonguelmann.com.br\/blog\/category\/sem-categoria\/"},"img":{"alt_text":"","src":"https:\/\/i0.wp.com\/gersonguelmann.com.br\/blog\/wp-content\/uploads\/2017\/08\/Maduro-1.jpg?fit=660%2C370&ssl=1&resize=350%2C200","width":350,"height":200,"srcset":"https:\/\/i0.wp.com\/gersonguelmann.com.br\/blog\/wp-content\/uploads\/2017\/08\/Maduro-1.jpg?fit=660%2C370&ssl=1&resize=350%2C200 1x, https:\/\/i0.wp.com\/gersonguelmann.com.br\/blog\/wp-content\/uploads\/2017\/08\/Maduro-1.jpg?fit=660%2C370&ssl=1&resize=525%2C300 1.5x"},"classes":[]},{"id":16155,"url":"https:\/\/gersonguelmann.com.br\/blog\/os-filhos-perdidos-nos-quartos\/","url_meta":{"origin":12691,"position":1},"title":"Os Filhos Perdidos nos Quartos&#8230;","author":"Gerson Guelmann","date":"15 de mar\u00e7o de 2019","format":false,"excerpt":"Cassiana Tardivo \u00e9 uma Psicopedagoga paulista que atua h\u00e1 mais de 20 anos em Educa\u00e7\u00e3o, trabalhando especialmente em orienta\u00e7\u00e3o educacional \u00e0 crian\u00e7as, adolescentes e pais. Ela mant\u00e9m um Blog, onde em 2016 publicou um artigo que interessa a todos que t\u00eam filhos pequenos e adolescentes. O texto foi largamente difundido\u2026","rel":"","context":"Em &quot;Sem categoria&quot;","block_context":{"text":"Sem categoria","link":"https:\/\/gersonguelmann.com.br\/blog\/category\/sem-categoria\/"},"img":{"alt_text":"","src":"https:\/\/i0.wp.com\/gersonguelmann.com.br\/blog\/wp-content\/uploads\/2019\/03\/Child.jpg?fit=960%2C682&ssl=1&resize=350%2C200","width":350,"height":200,"srcset":"https:\/\/i0.wp.com\/gersonguelmann.com.br\/blog\/wp-content\/uploads\/2019\/03\/Child.jpg?fit=960%2C682&ssl=1&resize=350%2C200 1x, https:\/\/i0.wp.com\/gersonguelmann.com.br\/blog\/wp-content\/uploads\/2019\/03\/Child.jpg?fit=960%2C682&ssl=1&resize=525%2C300 1.5x, https:\/\/i0.wp.com\/gersonguelmann.com.br\/blog\/wp-content\/uploads\/2019\/03\/Child.jpg?fit=960%2C682&ssl=1&resize=700%2C400 2x"},"classes":[]},{"id":15173,"url":"https:\/\/gersonguelmann.com.br\/blog\/fazer-o-bem-faz-bem\/","url_meta":{"origin":12691,"position":2},"title":"Fazer o Bem Faz Bem","author":"Gerson Guelmann","date":"15 de novembro de 2018","format":false,"excerpt":"Em 1993 o Movimento Recrian\u00e7a iniciou suas atividades com o objetivo de melhorar a condi\u00e7\u00e3o de vida da comunidade de Bateias, munic\u00edpio da regi\u00e3o metropolitana de Curitiba carente de a\u00e7\u00f5es dos \u00f3rg\u00e3os p\u00fablicos.\u00a0 A sede do Recrian\u00e7a conta com 380 m\u00b2, onde presta aux\u00edlio a crian\u00e7as carentes e suas fam\u00edlias,\u2026","rel":"","context":"Em &quot;Sem categoria&quot;","block_context":{"text":"Sem categoria","link":"https:\/\/gersonguelmann.com.br\/blog\/category\/sem-categoria\/"},"img":{"alt_text":"","src":"https:\/\/i0.wp.com\/gersonguelmann.com.br\/blog\/wp-content\/uploads\/2018\/11\/Recrian%C3%A7a.jpg?fit=737%2C1200&ssl=1&resize=350%2C200","width":350,"height":200,"srcset":"https:\/\/i0.wp.com\/gersonguelmann.com.br\/blog\/wp-content\/uploads\/2018\/11\/Recrian%C3%A7a.jpg?fit=737%2C1200&ssl=1&resize=350%2C200 1x, https:\/\/i0.wp.com\/gersonguelmann.com.br\/blog\/wp-content\/uploads\/2018\/11\/Recrian%C3%A7a.jpg?fit=737%2C1200&ssl=1&resize=525%2C300 1.5x, https:\/\/i0.wp.com\/gersonguelmann.com.br\/blog\/wp-content\/uploads\/2018\/11\/Recrian%C3%A7a.jpg?fit=737%2C1200&ssl=1&resize=700%2C400 2x"},"classes":[]},{"id":12706,"url":"https:\/\/gersonguelmann.com.br\/blog\/em-sc-padre-e-condenado-por-estupro-de-menor\/","url_meta":{"origin":12691,"position":3},"title":"Em SC, Padre \u00c9 Condenado Por Estupro de Menor","author":"Gerson Guelmann","date":"9 de maio de 2018","format":false,"excerpt":"Abusos sexuais contra crian\u00e7as acontecem todos os dias e em todos os lugares do mundo. Parece que as campanhas n\u00e3o d\u00e3o conta de conscientizar a popula\u00e7\u00e3o quanto as medidas de prote\u00e7\u00e3o e de observa\u00e7\u00e3o dos sintomas que podem ser a manifesta\u00e7\u00e3o de que os pequenos sofreram algum tipo de viol\u00eancia\u2026","rel":"","context":"Em &quot;Sem categoria&quot;","block_context":{"text":"Sem categoria","link":"https:\/\/gersonguelmann.com.br\/blog\/category\/sem-categoria\/"},"img":{"alt_text":"","src":"https:\/\/i0.wp.com\/gersonguelmann.com.br\/blog\/wp-content\/uploads\/2018\/05\/Abuso.jpeg?fit=1200%2C800&ssl=1&resize=350%2C200","width":350,"height":200,"srcset":"https:\/\/i0.wp.com\/gersonguelmann.com.br\/blog\/wp-content\/uploads\/2018\/05\/Abuso.jpeg?fit=1200%2C800&ssl=1&resize=350%2C200 1x, https:\/\/i0.wp.com\/gersonguelmann.com.br\/blog\/wp-content\/uploads\/2018\/05\/Abuso.jpeg?fit=1200%2C800&ssl=1&resize=525%2C300 1.5x, https:\/\/i0.wp.com\/gersonguelmann.com.br\/blog\/wp-content\/uploads\/2018\/05\/Abuso.jpeg?fit=1200%2C800&ssl=1&resize=700%2C400 2x, https:\/\/i0.wp.com\/gersonguelmann.com.br\/blog\/wp-content\/uploads\/2018\/05\/Abuso.jpeg?fit=1200%2C800&ssl=1&resize=1050%2C600 3x"},"classes":[]},{"id":3013,"url":"https:\/\/gersonguelmann.com.br\/blog\/os-tres-patetas-agora-sao-quatro\/","url_meta":{"origin":12691,"position":4},"title":"Os Tr\u00eas Patetas Agora S\u00e3o Quatro","author":"Gerson Guelmann","date":"17 de outubro de 2017","format":false,"excerpt":"Quando eu achava que o mundo j\u00e1 tinha uma vers\u00e3o atualizada de Os Tr\u00eas Patetas, nas pessoas de\u00a0Hassan Rohani (Ir\u00e3),\u00a0Kim Jong-un (Coreia do Norte) e\u00a0Nicolas Maduro (Venezuela), eis que surge mais um, o tal do Carles Puigdemont, aquele desastre que apareceu na Catalu\u00f1a.\u00a0 Moe, Larry e Curly, que na realidade\u2026","rel":"","context":"Em &quot;Sem categoria&quot;","block_context":{"text":"Sem categoria","link":"https:\/\/gersonguelmann.com.br\/blog\/category\/sem-categoria\/"},"img":{"alt_text":"","src":"https:\/\/i0.wp.com\/gersonguelmann.com.br\/blog\/wp-content\/uploads\/2017\/10\/Os-3-Patetas.jpg?fit=1200%2C675&ssl=1&resize=350%2C200","width":350,"height":200,"srcset":"https:\/\/i0.wp.com\/gersonguelmann.com.br\/blog\/wp-content\/uploads\/2017\/10\/Os-3-Patetas.jpg?fit=1200%2C675&ssl=1&resize=350%2C200 1x, https:\/\/i0.wp.com\/gersonguelmann.com.br\/blog\/wp-content\/uploads\/2017\/10\/Os-3-Patetas.jpg?fit=1200%2C675&ssl=1&resize=525%2C300 1.5x, https:\/\/i0.wp.com\/gersonguelmann.com.br\/blog\/wp-content\/uploads\/2017\/10\/Os-3-Patetas.jpg?fit=1200%2C675&ssl=1&resize=700%2C400 2x, https:\/\/i0.wp.com\/gersonguelmann.com.br\/blog\/wp-content\/uploads\/2017\/10\/Os-3-Patetas.jpg?fit=1200%2C675&ssl=1&resize=1050%2C600 3x"},"classes":[]},{"id":22844,"url":"https:\/\/gersonguelmann.com.br\/blog\/como-as-criancas-judias-enxergam-suas-maes\/","url_meta":{"origin":12691,"position":5},"title":"Como as Crian\u00e7as Judias Enxergam Suas M\u00e3es","author":"Gerson Guelmann","date":"8 de maio de 2022","format":false,"excerpt":"As crian\u00e7as do 2\u00ba ano do ensino b\u00e1sico de uma escola judaica foram convidadas a responder \u00e0 algumas quest\u00f5es sobre as m\u00e3es. As melhores respostas foram selecionadas: 1. Porque D'us fez as m\u00e3es? A - Ela \u00e9 a \u00fanica que sabe onde est\u00e1 a fita adesiva; B - Principalmente para\u2026","rel":"","context":"Em &quot;Sem categoria&quot;","block_context":{"text":"Sem categoria","link":"https:\/\/gersonguelmann.com.br\/blog\/category\/sem-categoria\/"},"img":{"alt_text":"","src":"https:\/\/i0.wp.com\/gersonguelmann.com.br\/blog\/wp-content\/uploads\/2022\/05\/ESCOLA.jpg?fit=1200%2C900&ssl=1&resize=350%2C200","width":350,"height":200,"srcset":"https:\/\/i0.wp.com\/gersonguelmann.com.br\/blog\/wp-content\/uploads\/2022\/05\/ESCOLA.jpg?fit=1200%2C900&ssl=1&resize=350%2C200 1x, https:\/\/i0.wp.com\/gersonguelmann.com.br\/blog\/wp-content\/uploads\/2022\/05\/ESCOLA.jpg?fit=1200%2C900&ssl=1&resize=525%2C300 1.5x, https:\/\/i0.wp.com\/gersonguelmann.com.br\/blog\/wp-content\/uploads\/2022\/05\/ESCOLA.jpg?fit=1200%2C900&ssl=1&resize=700%2C400 2x, https:\/\/i0.wp.com\/gersonguelmann.com.br\/blog\/wp-content\/uploads\/2022\/05\/ESCOLA.jpg?fit=1200%2C900&ssl=1&resize=1050%2C600 3x"},"classes":[]}],"jetpack_sharing_enabled":true,"post_mailing_queue_ids":[],"_links":{"self":[{"href":"https:\/\/gersonguelmann.com.br\/blog\/wp-json\/wp\/v2\/posts\/12691","targetHints":{"allow":["GET"]}}],"collection":[{"href":"https:\/\/gersonguelmann.com.br\/blog\/wp-json\/wp\/v2\/posts"}],"about":[{"href":"https:\/\/gersonguelmann.com.br\/blog\/wp-json\/wp\/v2\/types\/post"}],"author":[{"embeddable":true,"href":"https:\/\/gersonguelmann.com.br\/blog\/wp-json\/wp\/v2\/users\/5"}],"replies":[{"embeddable":true,"href":"https:\/\/gersonguelmann.com.br\/blog\/wp-json\/wp\/v2\/comments?post=12691"}],"version-history":[{"count":0,"href":"https:\/\/gersonguelmann.com.br\/blog\/wp-json\/wp\/v2\/posts\/12691\/revisions"}],"wp:featuredmedia":[{"embeddable":true,"href":"https:\/\/gersonguelmann.com.br\/blog\/wp-json\/wp\/v2\/media\/12692"}],"wp:attachment":[{"href":"https:\/\/gersonguelmann.com.br\/blog\/wp-json\/wp\/v2\/media?parent=12691"}],"wp:term":[{"taxonomy":"category","embeddable":true,"href":"https:\/\/gersonguelmann.com.br\/blog\/wp-json\/wp\/v2\/categories?post=12691"},{"taxonomy":"post_tag","embeddable":true,"href":"https:\/\/gersonguelmann.com.br\/blog\/wp-json\/wp\/v2\/tags?post=12691"}],"curies":[{"name":"wp","href":"https:\/\/api.w.org\/{rel}","templated":true}]}}