    {"id":12695,"date":"2018-05-09T14:10:25","date_gmt":"2018-05-09T17:10:25","guid":{"rendered":"https:\/\/gersonguelmann.com.br\/blog\/?p=12695"},"modified":"2018-05-09T14:10:25","modified_gmt":"2018-05-09T17:10:25","slug":"arieh-henrique-e-o-cardapio","status":"publish","type":"post","link":"https:\/\/gersonguelmann.com.br\/blog\/arieh-henrique-e-o-cardapio\/","title":{"rendered":"Arieh, Henrique e o Card\u00e1pio"},"content":{"rendered":"<p><span style=\"font-family: georgia, palatino, serif; font-size: 18pt; color: #000000;\">Dois jovens amigos judeus, morando longe de casa e estudando na mesma Universidade, dividiam apartamento e as tarefas di\u00e1rias,<\/span><\/p>\n<p><span style=\"font-family: georgia, palatino, serif; font-size: 18pt; color: #000000;\">Um dia Arieh chegou em casa e ficou surpreso ao encontrar s\u00f3 sandu\u00edches de queijo para o jantar, no lugar da refei\u00e7\u00e3o quente que costumavam fazer.<\/span><\/p>\n<p><span style=\"font-family: georgia, palatino, serif; font-size: 18pt; color: #000000;\">Sem entender o que havia acontecido, perguntou ao colega:<br \/>\n<em>&#8211; &#8220;Voc\u00ea n\u00e3o disse que ia fazer uma carne assada?&#8221;<\/em><\/span><\/p>\n<p><span style=\"font-family: georgia, palatino, serif; font-size: 18pt; color: #000000;\">E Henrique, acabrunhado, explicou:<br \/>\n<em>&#8211; &#8220;E eu fiz, mas a carne\u00a0<\/em><em>pegou fogo, o inc\u00eandio se alastrou para os legumes, e eu usei a canja pra apagar.&#8221;<\/em><\/span><\/p>\n<p style=\"text-align: center;\"><img data-recalc-dims=\"1\" fetchpriority=\"high\" decoding=\"async\" data-attachment-id=\"12696\" data-permalink=\"https:\/\/gersonguelmann.com.br\/blog\/arieh-henrique-e-o-cardapio\/cozinha-3\/\" data-orig-file=\"https:\/\/i0.wp.com\/gersonguelmann.com.br\/blog\/wp-content\/uploads\/2018\/05\/Cozinha.jpg?fit=675%2C900&amp;ssl=1\" data-orig-size=\"675,900\" data-comments-opened=\"1\" data-image-meta=\"{&quot;aperture&quot;:&quot;0&quot;,&quot;credit&quot;:&quot;&quot;,&quot;camera&quot;:&quot;&quot;,&quot;caption&quot;:&quot;&quot;,&quot;created_timestamp&quot;:&quot;0&quot;,&quot;copyright&quot;:&quot;&quot;,&quot;focal_length&quot;:&quot;0&quot;,&quot;iso&quot;:&quot;0&quot;,&quot;shutter_speed&quot;:&quot;0&quot;,&quot;title&quot;:&quot;&quot;,&quot;orientation&quot;:&quot;0&quot;}\" data-image-title=\"Cozinha\" data-image-description=\"\" data-image-caption=\"\" data-medium-file=\"https:\/\/i0.wp.com\/gersonguelmann.com.br\/blog\/wp-content\/uploads\/2018\/05\/Cozinha.jpg?fit=225%2C300&amp;ssl=1\" data-large-file=\"https:\/\/i0.wp.com\/gersonguelmann.com.br\/blog\/wp-content\/uploads\/2018\/05\/Cozinha.jpg?fit=640%2C853&amp;ssl=1\" class=\"alignnone size-medium wp-image-12696\" src=\"https:\/\/i0.wp.com\/gersonguelmann.com.br\/blog\/wp-content\/uploads\/2018\/05\/Cozinha.jpg?resize=225%2C300&#038;ssl=1\" alt=\"\" width=\"225\" height=\"300\" srcset=\"https:\/\/i0.wp.com\/gersonguelmann.com.br\/blog\/wp-content\/uploads\/2018\/05\/Cozinha.jpg?resize=225%2C300&amp;ssl=1 225w, https:\/\/i0.wp.com\/gersonguelmann.com.br\/blog\/wp-content\/uploads\/2018\/05\/Cozinha.jpg?w=675&amp;ssl=1 675w\" sizes=\"(max-width: 225px) 100vw, 225px\" \/><\/p>\n","protected":false},"excerpt":{"rendered":"<p>Dois jovens amigos judeus, morando longe de casa e estudando na mesma Universidade, dividiam apartamento e as tarefas di\u00e1rias, Um dia Arieh chegou em casa e ficou surpreso ao encontrar s\u00f3 sandu\u00edches de queijo para o jantar, no lugar da refei\u00e7\u00e3o quente que costumavam fazer. Sem entender o que havia acontecido, perguntou ao colega: &#8211; [&hellip;]<\/p>\n","protected":false},"author":5,"featured_media":12696,"comment_status":"open","ping_status":"open","sticky":false,"template":"","format":"standard","meta":{"_acf_changed":false,"jetpack_post_was_ever_published":false,"_jetpack_newsletter_access":"","_jetpack_dont_email_post_to_subs":false,"_jetpack_newsletter_tier_id":0,"_jetpack_memberships_contains_paywalled_content":false,"_jetpack_memberships_contains_paid_content":false,"footnotes":"","jetpack_publicize_message":"","jetpack_publicize_feature_enabled":true,"jetpack_social_post_already_shared":true,"jetpack_social_options":{"image_generator_settings":{"template":"highway","default_image_id":0,"font":"","enabled":false},"version":2}},"categories":[1],"tags":[],"class_list":["post-12695","post","type-post","status-publish","format-standard","has-post-thumbnail","hentry","category-sem-categoria"],"acf":[],"yoast_head":"<!-- This site is optimized with the Yoast SEO plugin v27.3 - https:\/\/yoast.com\/product\/yoast-seo-wordpress\/ -->\n<title>Arieh, Henrique e o Card\u00e1pio | Blog do Guelmann<\/title>\n<meta name=\"robots\" content=\"index, follow, max-snippet:-1, max-image-preview:large, max-video-preview:-1\" \/>\n<link rel=\"canonical\" href=\"https:\/\/gersonguelmann.com.br\/blog\/arieh-henrique-e-o-cardapio\/\" \/>\n<meta property=\"og:locale\" content=\"pt_BR\" \/>\n<meta property=\"og:type\" content=\"article\" \/>\n<meta property=\"og:title\" content=\"Arieh, Henrique e o Card\u00e1pio | Blog do Guelmann\" \/>\n<meta property=\"og:description\" content=\"Dois jovens amigos judeus, morando longe de casa e estudando na mesma Universidade, dividiam apartamento e as tarefas di\u00e1rias, Um dia Arieh chegou em casa e ficou surpreso ao encontrar s\u00f3 sandu\u00edches de queijo para o jantar, no lugar da refei\u00e7\u00e3o quente que costumavam fazer. Sem entender o que havia acontecido, perguntou ao colega: &#8211; [&hellip;]\" \/>\n<meta property=\"og:url\" content=\"https:\/\/gersonguelmann.com.br\/blog\/arieh-henrique-e-o-cardapio\/\" \/>\n<meta property=\"og:site_name\" content=\"Blog do Guelmann\" \/>\n<meta property=\"article:published_time\" content=\"2018-05-09T17:10:25+00:00\" \/>\n<meta property=\"og:image\" content=\"https:\/\/i0.wp.com\/gersonguelmann.com.br\/blog\/wp-content\/uploads\/2018\/05\/Cozinha.jpg?fit=675%2C900&ssl=1\" \/>\n\t<meta property=\"og:image:width\" content=\"675\" \/>\n\t<meta property=\"og:image:height\" content=\"900\" \/>\n\t<meta property=\"og:image:type\" content=\"image\/jpeg\" \/>\n<meta name=\"author\" content=\"Gerson Guelmann\" \/>\n<meta name=\"twitter:card\" content=\"summary_large_image\" \/>\n<meta name=\"twitter:label1\" content=\"Escrito por\" \/>\n\t<meta name=\"twitter:data1\" content=\"Gerson Guelmann\" \/>\n<script type=\"application\/ld+json\" class=\"yoast-schema-graph\">{\"@context\":\"https:\\\/\\\/schema.org\",\"@graph\":[{\"@type\":\"Article\",\"@id\":\"https:\\\/\\\/gersonguelmann.com.br\\\/blog\\\/arieh-henrique-e-o-cardapio\\\/#article\",\"isPartOf\":{\"@id\":\"https:\\\/\\\/gersonguelmann.com.br\\\/blog\\\/arieh-henrique-e-o-cardapio\\\/\"},\"author\":{\"name\":\"Gerson Guelmann\",\"@id\":\"https:\\\/\\\/gersonguelmann.com.br\\\/blog\\\/#\\\/schema\\\/person\\\/87e70e2a786888082f941a482c90569e\"},\"headline\":\"Arieh, Henrique e o Card\u00e1pio\",\"datePublished\":\"2018-05-09T17:10:25+00:00\",\"mainEntityOfPage\":{\"@id\":\"https:\\\/\\\/gersonguelmann.com.br\\\/blog\\\/arieh-henrique-e-o-cardapio\\\/\"},\"wordCount\":102,\"commentCount\":0,\"image\":{\"@id\":\"https:\\\/\\\/gersonguelmann.com.br\\\/blog\\\/arieh-henrique-e-o-cardapio\\\/#primaryimage\"},\"thumbnailUrl\":\"https:\\\/\\\/i0.wp.com\\\/gersonguelmann.com.br\\\/blog\\\/wp-content\\\/uploads\\\/2018\\\/05\\\/Cozinha.jpg?fit=675%2C900&ssl=1\",\"inLanguage\":\"pt-BR\",\"potentialAction\":[{\"@type\":\"CommentAction\",\"name\":\"Comment\",\"target\":[\"https:\\\/\\\/gersonguelmann.com.br\\\/blog\\\/arieh-henrique-e-o-cardapio\\\/#respond\"]}]},{\"@type\":\"WebPage\",\"@id\":\"https:\\\/\\\/gersonguelmann.com.br\\\/blog\\\/arieh-henrique-e-o-cardapio\\\/\",\"url\":\"https:\\\/\\\/gersonguelmann.com.br\\\/blog\\\/arieh-henrique-e-o-cardapio\\\/\",\"name\":\"Arieh, Henrique e o Card\u00e1pio | Blog do Guelmann\",\"isPartOf\":{\"@id\":\"https:\\\/\\\/gersonguelmann.com.br\\\/blog\\\/#website\"},\"primaryImageOfPage\":{\"@id\":\"https:\\\/\\\/gersonguelmann.com.br\\\/blog\\\/arieh-henrique-e-o-cardapio\\\/#primaryimage\"},\"image\":{\"@id\":\"https:\\\/\\\/gersonguelmann.com.br\\\/blog\\\/arieh-henrique-e-o-cardapio\\\/#primaryimage\"},\"thumbnailUrl\":\"https:\\\/\\\/i0.wp.com\\\/gersonguelmann.com.br\\\/blog\\\/wp-content\\\/uploads\\\/2018\\\/05\\\/Cozinha.jpg?fit=675%2C900&ssl=1\",\"datePublished\":\"2018-05-09T17:10:25+00:00\",\"author\":{\"@id\":\"https:\\\/\\\/gersonguelmann.com.br\\\/blog\\\/#\\\/schema\\\/person\\\/87e70e2a786888082f941a482c90569e\"},\"inLanguage\":\"pt-BR\",\"potentialAction\":[{\"@type\":\"ReadAction\",\"target\":[\"https:\\\/\\\/gersonguelmann.com.br\\\/blog\\\/arieh-henrique-e-o-cardapio\\\/\"]}]},{\"@type\":\"ImageObject\",\"inLanguage\":\"pt-BR\",\"@id\":\"https:\\\/\\\/gersonguelmann.com.br\\\/blog\\\/arieh-henrique-e-o-cardapio\\\/#primaryimage\",\"url\":\"https:\\\/\\\/i0.wp.com\\\/gersonguelmann.com.br\\\/blog\\\/wp-content\\\/uploads\\\/2018\\\/05\\\/Cozinha.jpg?fit=675%2C900&ssl=1\",\"contentUrl\":\"https:\\\/\\\/i0.wp.com\\\/gersonguelmann.com.br\\\/blog\\\/wp-content\\\/uploads\\\/2018\\\/05\\\/Cozinha.jpg?fit=675%2C900&ssl=1\",\"width\":675,\"height\":900},{\"@type\":\"WebSite\",\"@id\":\"https:\\\/\\\/gersonguelmann.com.br\\\/blog\\\/#website\",\"url\":\"https:\\\/\\\/gersonguelmann.com.br\\\/blog\\\/\",\"name\":\"Blog do Guelmann\",\"description\":\"Pitadas da sabedoria e do humor judaicos, assuntos do momento e um pouco das hist\u00f3rias que vivi e testemunhei.\",\"potentialAction\":[{\"@type\":\"SearchAction\",\"target\":{\"@type\":\"EntryPoint\",\"urlTemplate\":\"https:\\\/\\\/gersonguelmann.com.br\\\/blog\\\/?s={search_term_string}\"},\"query-input\":{\"@type\":\"PropertyValueSpecification\",\"valueRequired\":true,\"valueName\":\"search_term_string\"}}],\"inLanguage\":\"pt-BR\"},{\"@type\":\"Person\",\"@id\":\"https:\\\/\\\/gersonguelmann.com.br\\\/blog\\\/#\\\/schema\\\/person\\\/87e70e2a786888082f941a482c90569e\",\"name\":\"Gerson Guelmann\",\"image\":{\"@type\":\"ImageObject\",\"inLanguage\":\"pt-BR\",\"@id\":\"https:\\\/\\\/i0.wp.com\\\/gersonguelmann.com.br\\\/blog\\\/wp-content\\\/uploads\\\/2021\\\/08\\\/BLOG.jpeg?fit=96%2C96&ssl=1\",\"url\":\"https:\\\/\\\/i0.wp.com\\\/gersonguelmann.com.br\\\/blog\\\/wp-content\\\/uploads\\\/2021\\\/08\\\/BLOG.jpeg?fit=96%2C96&ssl=1\",\"contentUrl\":\"https:\\\/\\\/i0.wp.com\\\/gersonguelmann.com.br\\\/blog\\\/wp-content\\\/uploads\\\/2021\\\/08\\\/BLOG.jpeg?fit=96%2C96&ssl=1\",\"caption\":\"Gerson Guelmann\"},\"description\":\"Pitadas da sabedoria e do humor judaicos, assuntos do momento e um pouco das hist\u00f3rias que vivi e testemunhei.\"}]}<\/script>\n<!-- \/ Yoast SEO plugin. -->","yoast_head_json":{"title":"Arieh, Henrique e o Card\u00e1pio | Blog do Guelmann","robots":{"index":"index","follow":"follow","max-snippet":"max-snippet:-1","max-image-preview":"max-image-preview:large","max-video-preview":"max-video-preview:-1"},"canonical":"https:\/\/gersonguelmann.com.br\/blog\/arieh-henrique-e-o-cardapio\/","og_locale":"pt_BR","og_type":"article","og_title":"Arieh, Henrique e o Card\u00e1pio | Blog do Guelmann","og_description":"Dois jovens amigos judeus, morando longe de casa e estudando na mesma Universidade, dividiam apartamento e as tarefas di\u00e1rias, Um dia Arieh chegou em casa e ficou surpreso ao encontrar s\u00f3 sandu\u00edches de queijo para o jantar, no lugar da refei\u00e7\u00e3o quente que costumavam fazer. Sem entender o que havia acontecido, perguntou ao colega: &#8211; [&hellip;]","og_url":"https:\/\/gersonguelmann.com.br\/blog\/arieh-henrique-e-o-cardapio\/","og_site_name":"Blog do Guelmann","article_published_time":"2018-05-09T17:10:25+00:00","og_image":[{"width":675,"height":900,"url":"https:\/\/i0.wp.com\/gersonguelmann.com.br\/blog\/wp-content\/uploads\/2018\/05\/Cozinha.jpg?fit=675%2C900&ssl=1","type":"image\/jpeg"}],"author":"Gerson Guelmann","twitter_card":"summary_large_image","twitter_misc":{"Escrito por":"Gerson Guelmann"},"schema":{"@context":"https:\/\/schema.org","@graph":[{"@type":"Article","@id":"https:\/\/gersonguelmann.com.br\/blog\/arieh-henrique-e-o-cardapio\/#article","isPartOf":{"@id":"https:\/\/gersonguelmann.com.br\/blog\/arieh-henrique-e-o-cardapio\/"},"author":{"name":"Gerson Guelmann","@id":"https:\/\/gersonguelmann.com.br\/blog\/#\/schema\/person\/87e70e2a786888082f941a482c90569e"},"headline":"Arieh, Henrique e o Card\u00e1pio","datePublished":"2018-05-09T17:10:25+00:00","mainEntityOfPage":{"@id":"https:\/\/gersonguelmann.com.br\/blog\/arieh-henrique-e-o-cardapio\/"},"wordCount":102,"commentCount":0,"image":{"@id":"https:\/\/gersonguelmann.com.br\/blog\/arieh-henrique-e-o-cardapio\/#primaryimage"},"thumbnailUrl":"https:\/\/i0.wp.com\/gersonguelmann.com.br\/blog\/wp-content\/uploads\/2018\/05\/Cozinha.jpg?fit=675%2C900&ssl=1","inLanguage":"pt-BR","potentialAction":[{"@type":"CommentAction","name":"Comment","target":["https:\/\/gersonguelmann.com.br\/blog\/arieh-henrique-e-o-cardapio\/#respond"]}]},{"@type":"WebPage","@id":"https:\/\/gersonguelmann.com.br\/blog\/arieh-henrique-e-o-cardapio\/","url":"https:\/\/gersonguelmann.com.br\/blog\/arieh-henrique-e-o-cardapio\/","name":"Arieh, Henrique e o Card\u00e1pio | Blog do Guelmann","isPartOf":{"@id":"https:\/\/gersonguelmann.com.br\/blog\/#website"},"primaryImageOfPage":{"@id":"https:\/\/gersonguelmann.com.br\/blog\/arieh-henrique-e-o-cardapio\/#primaryimage"},"image":{"@id":"https:\/\/gersonguelmann.com.br\/blog\/arieh-henrique-e-o-cardapio\/#primaryimage"},"thumbnailUrl":"https:\/\/i0.wp.com\/gersonguelmann.com.br\/blog\/wp-content\/uploads\/2018\/05\/Cozinha.jpg?fit=675%2C900&ssl=1","datePublished":"2018-05-09T17:10:25+00:00","author":{"@id":"https:\/\/gersonguelmann.com.br\/blog\/#\/schema\/person\/87e70e2a786888082f941a482c90569e"},"inLanguage":"pt-BR","potentialAction":[{"@type":"ReadAction","target":["https:\/\/gersonguelmann.com.br\/blog\/arieh-henrique-e-o-cardapio\/"]}]},{"@type":"ImageObject","inLanguage":"pt-BR","@id":"https:\/\/gersonguelmann.com.br\/blog\/arieh-henrique-e-o-cardapio\/#primaryimage","url":"https:\/\/i0.wp.com\/gersonguelmann.com.br\/blog\/wp-content\/uploads\/2018\/05\/Cozinha.jpg?fit=675%2C900&ssl=1","contentUrl":"https:\/\/i0.wp.com\/gersonguelmann.com.br\/blog\/wp-content\/uploads\/2018\/05\/Cozinha.jpg?fit=675%2C900&ssl=1","width":675,"height":900},{"@type":"WebSite","@id":"https:\/\/gersonguelmann.com.br\/blog\/#website","url":"https:\/\/gersonguelmann.com.br\/blog\/","name":"Blog do Guelmann","description":"Pitadas da sabedoria e do humor judaicos, assuntos do momento e um pouco das hist\u00f3rias que vivi e testemunhei.","potentialAction":[{"@type":"SearchAction","target":{"@type":"EntryPoint","urlTemplate":"https:\/\/gersonguelmann.com.br\/blog\/?s={search_term_string}"},"query-input":{"@type":"PropertyValueSpecification","valueRequired":true,"valueName":"search_term_string"}}],"inLanguage":"pt-BR"},{"@type":"Person","@id":"https:\/\/gersonguelmann.com.br\/blog\/#\/schema\/person\/87e70e2a786888082f941a482c90569e","name":"Gerson Guelmann","image":{"@type":"ImageObject","inLanguage":"pt-BR","@id":"https:\/\/i0.wp.com\/gersonguelmann.com.br\/blog\/wp-content\/uploads\/2021\/08\/BLOG.jpeg?fit=96%2C96&ssl=1","url":"https:\/\/i0.wp.com\/gersonguelmann.com.br\/blog\/wp-content\/uploads\/2021\/08\/BLOG.jpeg?fit=96%2C96&ssl=1","contentUrl":"https:\/\/i0.wp.com\/gersonguelmann.com.br\/blog\/wp-content\/uploads\/2021\/08\/BLOG.jpeg?fit=96%2C96&ssl=1","caption":"Gerson Guelmann"},"description":"Pitadas da sabedoria e do humor judaicos, assuntos do momento e um pouco das hist\u00f3rias que vivi e testemunhei."}]}},"views":29,"jetpack_publicize_connections":[],"jetpack_featured_media_url":"https:\/\/i0.wp.com\/gersonguelmann.com.br\/blog\/wp-content\/uploads\/2018\/05\/Cozinha.jpg?fit=675%2C900&ssl=1","jetpack_shortlink":"https:\/\/wp.me\/p96e7O-3iL","jetpack-related-posts":[{"id":6276,"url":"https:\/\/gersonguelmann.com.br\/blog\/o-segredo-da-receita-de-carne-da-bisavo-judia\/","url_meta":{"origin":12695,"position":0},"title":"O Segredo da Receita de Carne da Bisav\u00f3 Judia","author":"Gerson Guelmann","date":"10 de outubro de 2019","format":false,"excerpt":"A pequena Rivka estava vendo sua m\u00e3e preparar um assado para o Shabat. Para come\u00e7ar ela cortou as duas pontas da carne, amarrou-a com barbante, temperou-a e colocou-a na assadeira. Rivka perguntou porque ela cortou as pontas da carne. A m\u00e3e respondeu, depois de pensar um pouco: - \"Filha, eu\u2026","rel":"","context":"Em &quot;Sem categoria&quot;","block_context":{"text":"Sem categoria","link":"https:\/\/gersonguelmann.com.br\/blog\/category\/sem-categoria\/"},"img":{"alt_text":"","src":"https:\/\/i0.wp.com\/gersonguelmann.com.br\/blog\/wp-content\/uploads\/2017\/12\/Carne.jpg?fit=1200%2C809&ssl=1&resize=350%2C200","width":350,"height":200,"srcset":"https:\/\/i0.wp.com\/gersonguelmann.com.br\/blog\/wp-content\/uploads\/2017\/12\/Carne.jpg?fit=1200%2C809&ssl=1&resize=350%2C200 1x, https:\/\/i0.wp.com\/gersonguelmann.com.br\/blog\/wp-content\/uploads\/2017\/12\/Carne.jpg?fit=1200%2C809&ssl=1&resize=525%2C300 1.5x, https:\/\/i0.wp.com\/gersonguelmann.com.br\/blog\/wp-content\/uploads\/2017\/12\/Carne.jpg?fit=1200%2C809&ssl=1&resize=700%2C400 2x, https:\/\/i0.wp.com\/gersonguelmann.com.br\/blog\/wp-content\/uploads\/2017\/12\/Carne.jpg?fit=1200%2C809&ssl=1&resize=1050%2C600 3x"},"classes":[]},{"id":10356,"url":"https:\/\/gersonguelmann.com.br\/blog\/a-logica-judaica-e-a-falta-de-assunto\/","url_meta":{"origin":12695,"position":1},"title":"A L\u00f3gica Judaica e a Falta de Assunto","author":"Gerson Guelmann","date":"28 de mar\u00e7o de 2021","format":false,"excerpt":"Henrique e Bernardo, dois velhos amigos e ambos aposentados e sem algo melhor a fazer, estavam conversando. Ap\u00f3s algumas horas de uma conversa enfadonha que normalmente n\u00e3o levava a nada, Henrique perguntou: - \"Escute, para que a gente precisa da letra M na palavra Isaac?\" Bernardo, achando que o amigo\u2026","rel":"","context":"Em &quot;Sem categoria&quot;","block_context":{"text":"Sem categoria","link":"https:\/\/gersonguelmann.com.br\/blog\/category\/sem-categoria\/"},"img":{"alt_text":"","src":"https:\/\/i0.wp.com\/gersonguelmann.com.br\/blog\/wp-content\/uploads\/2018\/03\/M.jpg?fit=1200%2C780&ssl=1&resize=350%2C200","width":350,"height":200,"srcset":"https:\/\/i0.wp.com\/gersonguelmann.com.br\/blog\/wp-content\/uploads\/2018\/03\/M.jpg?fit=1200%2C780&ssl=1&resize=350%2C200 1x, https:\/\/i0.wp.com\/gersonguelmann.com.br\/blog\/wp-content\/uploads\/2018\/03\/M.jpg?fit=1200%2C780&ssl=1&resize=525%2C300 1.5x, https:\/\/i0.wp.com\/gersonguelmann.com.br\/blog\/wp-content\/uploads\/2018\/03\/M.jpg?fit=1200%2C780&ssl=1&resize=700%2C400 2x, https:\/\/i0.wp.com\/gersonguelmann.com.br\/blog\/wp-content\/uploads\/2018\/03\/M.jpg?fit=1200%2C780&ssl=1&resize=1050%2C600 3x"},"classes":[]},{"id":13801,"url":"https:\/\/gersonguelmann.com.br\/blog\/paulo-henrique-amorim-aquele-condenado-por-injuria-racial\/","url_meta":{"origin":12695,"position":2},"title":"Paulo Henrique Amorim, Aquele, Condenado Por Inj\u00faria Racial","author":"Gerson Guelmann","date":"9 de junho de 2018","format":false,"excerpt":"Publicado hoje no site Metr\u00f3poles: Paulo Henrique Amorim \u00e9 condenado por inj\u00faria contra Heraldo Pereira Apresentador da TV Record havia dito que o colega de profiss\u00e3o, da Rede Globo, era \u201cnegro de alma branca\u201d Reprodu\u00e7\u00e3o: YouTube DOUGLAS CARVALHO 09\/06\/2018 13:28 O blogueiro e apresentador Paulo Henrique Amorim ter\u00e1 de cumprir\u2026","rel":"","context":"Em &quot;Sem categoria&quot;","block_context":{"text":"Sem categoria","link":"https:\/\/gersonguelmann.com.br\/blog\/category\/sem-categoria\/"},"img":{"alt_text":"","src":"https:\/\/i0.wp.com\/gersonguelmann.com.br\/blog\/wp-content\/uploads\/2018\/06\/ph-amorim.jpg?fit=840%2C560&ssl=1&resize=350%2C200","width":350,"height":200,"srcset":"https:\/\/i0.wp.com\/gersonguelmann.com.br\/blog\/wp-content\/uploads\/2018\/06\/ph-amorim.jpg?fit=840%2C560&ssl=1&resize=350%2C200 1x, https:\/\/i0.wp.com\/gersonguelmann.com.br\/blog\/wp-content\/uploads\/2018\/06\/ph-amorim.jpg?fit=840%2C560&ssl=1&resize=525%2C300 1.5x, https:\/\/i0.wp.com\/gersonguelmann.com.br\/blog\/wp-content\/uploads\/2018\/06\/ph-amorim.jpg?fit=840%2C560&ssl=1&resize=700%2C400 2x"},"classes":[]},{"id":23687,"url":"https:\/\/gersonguelmann.com.br\/blog\/tres-na-quarta-de-humor-judaico-11\/","url_meta":{"origin":12695,"position":3},"title":"Tr\u00eas na Quarta de Humor Judaico","author":"Gerson Guelmann","date":"13 de novembro de 2024","format":false,"excerpt":"Na Alf\u00e2ndega, em Israel Moiche Danielson, chegando em Tel Aviv ap\u00f3s f\u00e9rias no Brasil, foi parado na Alf\u00e2ndega. O Fiscal, observando que ele trazia uma mala pesada, cheia de sementes, perguntou: - \"O que \u00e9 isso?\" - \"Alpiste para o meu papagaio\" - ele disse. O Agente, examinando mais cuidadosamente,\u2026","rel":"","context":"Em &quot;Sem categoria&quot;","block_context":{"text":"Sem categoria","link":"https:\/\/gersonguelmann.com.br\/blog\/category\/sem-categoria\/"},"img":{"alt_text":"","src":"https:\/\/i0.wp.com\/gersonguelmann.com.br\/blog\/wp-content\/uploads\/2024\/11\/HojePR-19-scaled.jpg?fit=1200%2C810&ssl=1&resize=350%2C200","width":350,"height":200,"srcset":"https:\/\/i0.wp.com\/gersonguelmann.com.br\/blog\/wp-content\/uploads\/2024\/11\/HojePR-19-scaled.jpg?fit=1200%2C810&ssl=1&resize=350%2C200 1x, https:\/\/i0.wp.com\/gersonguelmann.com.br\/blog\/wp-content\/uploads\/2024\/11\/HojePR-19-scaled.jpg?fit=1200%2C810&ssl=1&resize=525%2C300 1.5x, https:\/\/i0.wp.com\/gersonguelmann.com.br\/blog\/wp-content\/uploads\/2024\/11\/HojePR-19-scaled.jpg?fit=1200%2C810&ssl=1&resize=700%2C400 2x, https:\/\/i0.wp.com\/gersonguelmann.com.br\/blog\/wp-content\/uploads\/2024\/11\/HojePR-19-scaled.jpg?fit=1200%2C810&ssl=1&resize=1050%2C600 3x"},"classes":[]},{"id":23494,"url":"https:\/\/gersonguelmann.com.br\/blog\/a-ultima-flor-do-lacio-nao-e-para-amadores\/","url_meta":{"origin":12695,"position":4},"title":"A &#8220;\u00daltima Flor do L\u00e1cio&#8221; N\u00e3o \u00e9 Para Amadores","author":"Gerson Guelmann","date":"15 de julho de 2024","format":false,"excerpt":"\"\u00daltima flor do L\u00e1cio, inculta e bela, \u00c9s, a um tempo, esplendor e sepultura: Ouro nativo, que na ganga impura A bruta mina entre os cascalhos vela...\" (Olavo Bilac 1865-1918). O verso acima \u00e9 do soneto \"L\u00edngua Portuguesa\" escrito por Olavo Bilac (1865-1918), um dos principais poetas do Parnasianismo brasileiro.\u2026","rel":"","context":"Em &quot;Sem categoria&quot;","block_context":{"text":"Sem categoria","link":"https:\/\/gersonguelmann.com.br\/blog\/category\/sem-categoria\/"},"img":{"alt_text":"","src":"https:\/\/i0.wp.com\/gersonguelmann.com.br\/blog\/wp-content\/uploads\/2024\/07\/HojePR-9.jpg?fit=626%2C626&ssl=1&resize=350%2C200","width":350,"height":200,"srcset":"https:\/\/i0.wp.com\/gersonguelmann.com.br\/blog\/wp-content\/uploads\/2024\/07\/HojePR-9.jpg?fit=626%2C626&ssl=1&resize=350%2C200 1x, https:\/\/i0.wp.com\/gersonguelmann.com.br\/blog\/wp-content\/uploads\/2024\/07\/HojePR-9.jpg?fit=626%2C626&ssl=1&resize=525%2C300 1.5x"},"classes":[]},{"id":16353,"url":"https:\/\/gersonguelmann.com.br\/blog\/homens-e-mulheres-organizando-churrasco-no-whatsapp-durante-a-copa\/","url_meta":{"origin":12695,"position":5},"title":"Homens e Mulheres Organizando Churrasco no WhatsApp Durante a Copa","author":"Gerson Guelmann","date":"12 de dezembro de 2022","format":false,"excerpt":"Estamos terminando a temporada de jogos da Copa e depois do desastre que resultou na sa\u00edda do Brasil, \u00e9 certo que os churrascos durante as partidas diminu\u00edram muito. Assim mesmo vale um exerc\u00edcio de imagina\u00e7\u00e3o para descrever como seriam as conversas nos grupos de WhatsApp se eles fossem separados para\u2026","rel":"","context":"Em &quot;Sem categoria&quot;","block_context":{"text":"Sem categoria","link":"https:\/\/gersonguelmann.com.br\/blog\/category\/sem-categoria\/"},"img":{"alt_text":"","src":"https:\/\/i0.wp.com\/gersonguelmann.com.br\/blog\/wp-content\/uploads\/2019\/04\/CHURRASCO-1.jpg?fit=1200%2C900&ssl=1&resize=350%2C200","width":350,"height":200,"srcset":"https:\/\/i0.wp.com\/gersonguelmann.com.br\/blog\/wp-content\/uploads\/2019\/04\/CHURRASCO-1.jpg?fit=1200%2C900&ssl=1&resize=350%2C200 1x, https:\/\/i0.wp.com\/gersonguelmann.com.br\/blog\/wp-content\/uploads\/2019\/04\/CHURRASCO-1.jpg?fit=1200%2C900&ssl=1&resize=525%2C300 1.5x, https:\/\/i0.wp.com\/gersonguelmann.com.br\/blog\/wp-content\/uploads\/2019\/04\/CHURRASCO-1.jpg?fit=1200%2C900&ssl=1&resize=700%2C400 2x, https:\/\/i0.wp.com\/gersonguelmann.com.br\/blog\/wp-content\/uploads\/2019\/04\/CHURRASCO-1.jpg?fit=1200%2C900&ssl=1&resize=1050%2C600 3x"},"classes":[]}],"jetpack_sharing_enabled":true,"post_mailing_queue_ids":[],"_links":{"self":[{"href":"https:\/\/gersonguelmann.com.br\/blog\/wp-json\/wp\/v2\/posts\/12695","targetHints":{"allow":["GET"]}}],"collection":[{"href":"https:\/\/gersonguelmann.com.br\/blog\/wp-json\/wp\/v2\/posts"}],"about":[{"href":"https:\/\/gersonguelmann.com.br\/blog\/wp-json\/wp\/v2\/types\/post"}],"author":[{"embeddable":true,"href":"https:\/\/gersonguelmann.com.br\/blog\/wp-json\/wp\/v2\/users\/5"}],"replies":[{"embeddable":true,"href":"https:\/\/gersonguelmann.com.br\/blog\/wp-json\/wp\/v2\/comments?post=12695"}],"version-history":[{"count":0,"href":"https:\/\/gersonguelmann.com.br\/blog\/wp-json\/wp\/v2\/posts\/12695\/revisions"}],"wp:featuredmedia":[{"embeddable":true,"href":"https:\/\/gersonguelmann.com.br\/blog\/wp-json\/wp\/v2\/media\/12696"}],"wp:attachment":[{"href":"https:\/\/gersonguelmann.com.br\/blog\/wp-json\/wp\/v2\/media?parent=12695"}],"wp:term":[{"taxonomy":"category","embeddable":true,"href":"https:\/\/gersonguelmann.com.br\/blog\/wp-json\/wp\/v2\/categories?post=12695"},{"taxonomy":"post_tag","embeddable":true,"href":"https:\/\/gersonguelmann.com.br\/blog\/wp-json\/wp\/v2\/tags?post=12695"}],"curies":[{"name":"wp","href":"https:\/\/api.w.org\/{rel}","templated":true}]}}