    {"id":12702,"date":"2018-05-09T16:00:00","date_gmt":"2018-05-09T19:00:00","guid":{"rendered":"https:\/\/gersonguelmann.com.br\/blog\/?p=12702"},"modified":"2018-05-09T16:00:00","modified_gmt":"2018-05-09T19:00:00","slug":"familia-lula-viajou-ao-sitio-pelo-menos-111-vezes","status":"publish","type":"post","link":"https:\/\/gersonguelmann.com.br\/blog\/familia-lula-viajou-ao-sitio-pelo-menos-111-vezes\/","title":{"rendered":"Fam\u00edlia de Lula Viajou ao S\u00edtio Pelo Menos 111 Vezes"},"content":{"rendered":"<p><span style=\"font-family: georgia, palatino, serif; font-size: 18pt; color: #000000;\">O Antagonista informa que a for\u00e7a-tarefa da Lava Jato comprovou que a fam\u00edlia do ex-presidente Lula viajou ao s\u00edtio de Atibaia pelo menos 111 vezes desde 2012.<\/span><\/p>\n<p><span style=\"font-family: georgia, palatino, serif; font-size: 18pt; color: #000000;\">A informa\u00e7\u00e3o foi obtida atrav\u00e9s de consulta a concession\u00e1ria do ped\u00e1gio da rodovia que leva ao local.<\/span><\/p>\n<p><span style=\"font-family: georgia, palatino, serif; font-size: 18pt; color: #000000;\">Para ler a mat\u00e9ria <span style=\"color: #0000ff;\"><a style=\"color: #0000ff;\" href=\"https:\/\/www.oantagonista.com\/brasil\/112-viagens-da-familia-de-lula-sitio-que-nao-e-de-lula\/\"><em><strong>clique aqui<\/strong><\/em><\/a><\/span>.<\/span><\/p>\n<p style=\"text-align: center;\"><img data-recalc-dims=\"1\" fetchpriority=\"high\" decoding=\"async\" data-attachment-id=\"12703\" data-permalink=\"https:\/\/gersonguelmann.com.br\/blog\/familia-lula-viajou-ao-sitio-pelo-menos-111-vezes\/pedagio\/\" data-orig-file=\"https:\/\/i0.wp.com\/gersonguelmann.com.br\/blog\/wp-content\/uploads\/2018\/05\/Ped%C3%A1gio.jpg?fit=960%2C540&amp;ssl=1\" data-orig-size=\"960,540\" data-comments-opened=\"1\" data-image-meta=\"{&quot;aperture&quot;:&quot;0&quot;,&quot;credit&quot;:&quot;&quot;,&quot;camera&quot;:&quot;&quot;,&quot;caption&quot;:&quot;&quot;,&quot;created_timestamp&quot;:&quot;0&quot;,&quot;copyright&quot;:&quot;&quot;,&quot;focal_length&quot;:&quot;0&quot;,&quot;iso&quot;:&quot;0&quot;,&quot;shutter_speed&quot;:&quot;0&quot;,&quot;title&quot;:&quot;&quot;,&quot;orientation&quot;:&quot;1&quot;}\" data-image-title=\"Ped\u00e1gio\" data-image-description=\"\" data-image-caption=\"\" data-medium-file=\"https:\/\/i0.wp.com\/gersonguelmann.com.br\/blog\/wp-content\/uploads\/2018\/05\/Ped%C3%A1gio.jpg?fit=300%2C169&amp;ssl=1\" data-large-file=\"https:\/\/i0.wp.com\/gersonguelmann.com.br\/blog\/wp-content\/uploads\/2018\/05\/Ped%C3%A1gio.jpg?fit=640%2C360&amp;ssl=1\" class=\"size-medium wp-image-12703 aligncenter\" src=\"https:\/\/i0.wp.com\/gersonguelmann.com.br\/blog\/wp-content\/uploads\/2018\/05\/Ped%C3%A1gio.jpg?resize=300%2C169&#038;ssl=1\" alt=\"\" width=\"300\" height=\"169\" srcset=\"https:\/\/i0.wp.com\/gersonguelmann.com.br\/blog\/wp-content\/uploads\/2018\/05\/Ped%C3%A1gio.jpg?resize=300%2C169&amp;ssl=1 300w, https:\/\/i0.wp.com\/gersonguelmann.com.br\/blog\/wp-content\/uploads\/2018\/05\/Ped%C3%A1gio.jpg?resize=768%2C432&amp;ssl=1 768w, https:\/\/i0.wp.com\/gersonguelmann.com.br\/blog\/wp-content\/uploads\/2018\/05\/Ped%C3%A1gio.jpg?w=960&amp;ssl=1 960w\" sizes=\"(max-width: 300px) 100vw, 300px\" \/><span style=\"font-family: georgia, palatino, serif; font-size: 10pt; color: #666699;\"><em><strong>Foto: O Atibaiense<\/strong><\/em><\/span><\/p>\n","protected":false},"excerpt":{"rendered":"<p>O Antagonista informa que a for\u00e7a-tarefa da Lava Jato comprovou que a fam\u00edlia do ex-presidente Lula viajou ao s\u00edtio de Atibaia pelo menos 111 vezes desde 2012. A informa\u00e7\u00e3o foi obtida atrav\u00e9s de consulta a concession\u00e1ria do ped\u00e1gio da rodovia que leva ao local. Para ler a mat\u00e9ria clique aqui. Foto: O Atibaiense<\/p>\n","protected":false},"author":5,"featured_media":12703,"comment_status":"open","ping_status":"open","sticky":false,"template":"","format":"standard","meta":{"_acf_changed":false,"jetpack_post_was_ever_published":false,"_jetpack_newsletter_access":"","_jetpack_dont_email_post_to_subs":false,"_jetpack_newsletter_tier_id":0,"_jetpack_memberships_contains_paywalled_content":false,"_jetpack_memberships_contains_paid_content":false,"footnotes":"","jetpack_publicize_message":"","jetpack_publicize_feature_enabled":true,"jetpack_social_post_already_shared":true,"jetpack_social_options":{"image_generator_settings":{"template":"highway","default_image_id":0,"font":"","enabled":false},"version":2}},"categories":[1],"tags":[],"class_list":["post-12702","post","type-post","status-publish","format-standard","has-post-thumbnail","hentry","category-sem-categoria"],"acf":[],"yoast_head":"<!-- This site is optimized with the Yoast SEO plugin v27.3 - https:\/\/yoast.com\/product\/yoast-seo-wordpress\/ -->\n<title>Fam\u00edlia de Lula Viajou ao S\u00edtio Pelo Menos 111 Vezes | Blog do Guelmann<\/title>\n<meta name=\"robots\" content=\"index, follow, max-snippet:-1, max-image-preview:large, max-video-preview:-1\" \/>\n<link rel=\"canonical\" href=\"https:\/\/gersonguelmann.com.br\/blog\/familia-lula-viajou-ao-sitio-pelo-menos-111-vezes\/\" \/>\n<meta property=\"og:locale\" content=\"pt_BR\" \/>\n<meta property=\"og:type\" content=\"article\" \/>\n<meta property=\"og:title\" content=\"Fam\u00edlia de Lula Viajou ao S\u00edtio Pelo Menos 111 Vezes | Blog do Guelmann\" \/>\n<meta property=\"og:description\" content=\"O Antagonista informa que a for\u00e7a-tarefa da Lava Jato comprovou que a fam\u00edlia do ex-presidente Lula viajou ao s\u00edtio de Atibaia pelo menos 111 vezes desde 2012. A informa\u00e7\u00e3o foi obtida atrav\u00e9s de consulta a concession\u00e1ria do ped\u00e1gio da rodovia que leva ao local. Para ler a mat\u00e9ria clique aqui. Foto: O Atibaiense\" \/>\n<meta property=\"og:url\" content=\"https:\/\/gersonguelmann.com.br\/blog\/familia-lula-viajou-ao-sitio-pelo-menos-111-vezes\/\" \/>\n<meta property=\"og:site_name\" content=\"Blog do Guelmann\" \/>\n<meta property=\"article:published_time\" content=\"2018-05-09T19:00:00+00:00\" \/>\n<meta property=\"og:image\" content=\"https:\/\/i0.wp.com\/gersonguelmann.com.br\/blog\/wp-content\/uploads\/2018\/05\/Ped\u00e1gio.jpg?fit=960%2C540&ssl=1\" \/>\n\t<meta property=\"og:image:width\" content=\"960\" \/>\n\t<meta property=\"og:image:height\" content=\"540\" \/>\n\t<meta property=\"og:image:type\" content=\"image\/jpeg\" \/>\n<meta name=\"author\" content=\"Gerson Guelmann\" \/>\n<meta name=\"twitter:card\" content=\"summary_large_image\" \/>\n<meta name=\"twitter:label1\" content=\"Escrito por\" \/>\n\t<meta name=\"twitter:data1\" content=\"Gerson Guelmann\" \/>\n<script type=\"application\/ld+json\" class=\"yoast-schema-graph\">{\"@context\":\"https:\\\/\\\/schema.org\",\"@graph\":[{\"@type\":\"Article\",\"@id\":\"https:\\\/\\\/gersonguelmann.com.br\\\/blog\\\/familia-lula-viajou-ao-sitio-pelo-menos-111-vezes\\\/#article\",\"isPartOf\":{\"@id\":\"https:\\\/\\\/gersonguelmann.com.br\\\/blog\\\/familia-lula-viajou-ao-sitio-pelo-menos-111-vezes\\\/\"},\"author\":{\"name\":\"Gerson Guelmann\",\"@id\":\"https:\\\/\\\/gersonguelmann.com.br\\\/blog\\\/#\\\/schema\\\/person\\\/87e70e2a786888082f941a482c90569e\"},\"headline\":\"Fam\u00edlia de Lula Viajou ao S\u00edtio Pelo Menos 111 Vezes\",\"datePublished\":\"2018-05-09T19:00:00+00:00\",\"mainEntityOfPage\":{\"@id\":\"https:\\\/\\\/gersonguelmann.com.br\\\/blog\\\/familia-lula-viajou-ao-sitio-pelo-menos-111-vezes\\\/\"},\"wordCount\":70,\"commentCount\":0,\"image\":{\"@id\":\"https:\\\/\\\/gersonguelmann.com.br\\\/blog\\\/familia-lula-viajou-ao-sitio-pelo-menos-111-vezes\\\/#primaryimage\"},\"thumbnailUrl\":\"https:\\\/\\\/i0.wp.com\\\/gersonguelmann.com.br\\\/blog\\\/wp-content\\\/uploads\\\/2018\\\/05\\\/Ped%C3%A1gio.jpg?fit=960%2C540&ssl=1\",\"inLanguage\":\"pt-BR\",\"potentialAction\":[{\"@type\":\"CommentAction\",\"name\":\"Comment\",\"target\":[\"https:\\\/\\\/gersonguelmann.com.br\\\/blog\\\/familia-lula-viajou-ao-sitio-pelo-menos-111-vezes\\\/#respond\"]}]},{\"@type\":\"WebPage\",\"@id\":\"https:\\\/\\\/gersonguelmann.com.br\\\/blog\\\/familia-lula-viajou-ao-sitio-pelo-menos-111-vezes\\\/\",\"url\":\"https:\\\/\\\/gersonguelmann.com.br\\\/blog\\\/familia-lula-viajou-ao-sitio-pelo-menos-111-vezes\\\/\",\"name\":\"Fam\u00edlia de Lula Viajou ao S\u00edtio Pelo Menos 111 Vezes | Blog do Guelmann\",\"isPartOf\":{\"@id\":\"https:\\\/\\\/gersonguelmann.com.br\\\/blog\\\/#website\"},\"primaryImageOfPage\":{\"@id\":\"https:\\\/\\\/gersonguelmann.com.br\\\/blog\\\/familia-lula-viajou-ao-sitio-pelo-menos-111-vezes\\\/#primaryimage\"},\"image\":{\"@id\":\"https:\\\/\\\/gersonguelmann.com.br\\\/blog\\\/familia-lula-viajou-ao-sitio-pelo-menos-111-vezes\\\/#primaryimage\"},\"thumbnailUrl\":\"https:\\\/\\\/i0.wp.com\\\/gersonguelmann.com.br\\\/blog\\\/wp-content\\\/uploads\\\/2018\\\/05\\\/Ped%C3%A1gio.jpg?fit=960%2C540&ssl=1\",\"datePublished\":\"2018-05-09T19:00:00+00:00\",\"author\":{\"@id\":\"https:\\\/\\\/gersonguelmann.com.br\\\/blog\\\/#\\\/schema\\\/person\\\/87e70e2a786888082f941a482c90569e\"},\"inLanguage\":\"pt-BR\",\"potentialAction\":[{\"@type\":\"ReadAction\",\"target\":[\"https:\\\/\\\/gersonguelmann.com.br\\\/blog\\\/familia-lula-viajou-ao-sitio-pelo-menos-111-vezes\\\/\"]}]},{\"@type\":\"ImageObject\",\"inLanguage\":\"pt-BR\",\"@id\":\"https:\\\/\\\/gersonguelmann.com.br\\\/blog\\\/familia-lula-viajou-ao-sitio-pelo-menos-111-vezes\\\/#primaryimage\",\"url\":\"https:\\\/\\\/i0.wp.com\\\/gersonguelmann.com.br\\\/blog\\\/wp-content\\\/uploads\\\/2018\\\/05\\\/Ped%C3%A1gio.jpg?fit=960%2C540&ssl=1\",\"contentUrl\":\"https:\\\/\\\/i0.wp.com\\\/gersonguelmann.com.br\\\/blog\\\/wp-content\\\/uploads\\\/2018\\\/05\\\/Ped%C3%A1gio.jpg?fit=960%2C540&ssl=1\",\"width\":960,\"height\":540},{\"@type\":\"WebSite\",\"@id\":\"https:\\\/\\\/gersonguelmann.com.br\\\/blog\\\/#website\",\"url\":\"https:\\\/\\\/gersonguelmann.com.br\\\/blog\\\/\",\"name\":\"Blog do Guelmann\",\"description\":\"Pitadas da sabedoria e do humor judaicos, assuntos do momento e um pouco das hist\u00f3rias que vivi e testemunhei.\",\"potentialAction\":[{\"@type\":\"SearchAction\",\"target\":{\"@type\":\"EntryPoint\",\"urlTemplate\":\"https:\\\/\\\/gersonguelmann.com.br\\\/blog\\\/?s={search_term_string}\"},\"query-input\":{\"@type\":\"PropertyValueSpecification\",\"valueRequired\":true,\"valueName\":\"search_term_string\"}}],\"inLanguage\":\"pt-BR\"},{\"@type\":\"Person\",\"@id\":\"https:\\\/\\\/gersonguelmann.com.br\\\/blog\\\/#\\\/schema\\\/person\\\/87e70e2a786888082f941a482c90569e\",\"name\":\"Gerson Guelmann\",\"image\":{\"@type\":\"ImageObject\",\"inLanguage\":\"pt-BR\",\"@id\":\"https:\\\/\\\/i0.wp.com\\\/gersonguelmann.com.br\\\/blog\\\/wp-content\\\/uploads\\\/2021\\\/08\\\/BLOG.jpeg?fit=96%2C96&ssl=1\",\"url\":\"https:\\\/\\\/i0.wp.com\\\/gersonguelmann.com.br\\\/blog\\\/wp-content\\\/uploads\\\/2021\\\/08\\\/BLOG.jpeg?fit=96%2C96&ssl=1\",\"contentUrl\":\"https:\\\/\\\/i0.wp.com\\\/gersonguelmann.com.br\\\/blog\\\/wp-content\\\/uploads\\\/2021\\\/08\\\/BLOG.jpeg?fit=96%2C96&ssl=1\",\"caption\":\"Gerson Guelmann\"},\"description\":\"Pitadas da sabedoria e do humor judaicos, assuntos do momento e um pouco das hist\u00f3rias que vivi e testemunhei.\"}]}<\/script>\n<!-- \/ Yoast SEO plugin. -->","yoast_head_json":{"title":"Fam\u00edlia de Lula Viajou ao S\u00edtio Pelo Menos 111 Vezes | Blog do Guelmann","robots":{"index":"index","follow":"follow","max-snippet":"max-snippet:-1","max-image-preview":"max-image-preview:large","max-video-preview":"max-video-preview:-1"},"canonical":"https:\/\/gersonguelmann.com.br\/blog\/familia-lula-viajou-ao-sitio-pelo-menos-111-vezes\/","og_locale":"pt_BR","og_type":"article","og_title":"Fam\u00edlia de Lula Viajou ao S\u00edtio Pelo Menos 111 Vezes | Blog do Guelmann","og_description":"O Antagonista informa que a for\u00e7a-tarefa da Lava Jato comprovou que a fam\u00edlia do ex-presidente Lula viajou ao s\u00edtio de Atibaia pelo menos 111 vezes desde 2012. A informa\u00e7\u00e3o foi obtida atrav\u00e9s de consulta a concession\u00e1ria do ped\u00e1gio da rodovia que leva ao local. Para ler a mat\u00e9ria clique aqui. Foto: O Atibaiense","og_url":"https:\/\/gersonguelmann.com.br\/blog\/familia-lula-viajou-ao-sitio-pelo-menos-111-vezes\/","og_site_name":"Blog do Guelmann","article_published_time":"2018-05-09T19:00:00+00:00","og_image":[{"width":960,"height":540,"url":"https:\/\/i0.wp.com\/gersonguelmann.com.br\/blog\/wp-content\/uploads\/2018\/05\/Ped\u00e1gio.jpg?fit=960%2C540&ssl=1","type":"image\/jpeg"}],"author":"Gerson Guelmann","twitter_card":"summary_large_image","twitter_misc":{"Escrito por":"Gerson Guelmann"},"schema":{"@context":"https:\/\/schema.org","@graph":[{"@type":"Article","@id":"https:\/\/gersonguelmann.com.br\/blog\/familia-lula-viajou-ao-sitio-pelo-menos-111-vezes\/#article","isPartOf":{"@id":"https:\/\/gersonguelmann.com.br\/blog\/familia-lula-viajou-ao-sitio-pelo-menos-111-vezes\/"},"author":{"name":"Gerson Guelmann","@id":"https:\/\/gersonguelmann.com.br\/blog\/#\/schema\/person\/87e70e2a786888082f941a482c90569e"},"headline":"Fam\u00edlia de Lula Viajou ao S\u00edtio Pelo Menos 111 Vezes","datePublished":"2018-05-09T19:00:00+00:00","mainEntityOfPage":{"@id":"https:\/\/gersonguelmann.com.br\/blog\/familia-lula-viajou-ao-sitio-pelo-menos-111-vezes\/"},"wordCount":70,"commentCount":0,"image":{"@id":"https:\/\/gersonguelmann.com.br\/blog\/familia-lula-viajou-ao-sitio-pelo-menos-111-vezes\/#primaryimage"},"thumbnailUrl":"https:\/\/i0.wp.com\/gersonguelmann.com.br\/blog\/wp-content\/uploads\/2018\/05\/Ped%C3%A1gio.jpg?fit=960%2C540&ssl=1","inLanguage":"pt-BR","potentialAction":[{"@type":"CommentAction","name":"Comment","target":["https:\/\/gersonguelmann.com.br\/blog\/familia-lula-viajou-ao-sitio-pelo-menos-111-vezes\/#respond"]}]},{"@type":"WebPage","@id":"https:\/\/gersonguelmann.com.br\/blog\/familia-lula-viajou-ao-sitio-pelo-menos-111-vezes\/","url":"https:\/\/gersonguelmann.com.br\/blog\/familia-lula-viajou-ao-sitio-pelo-menos-111-vezes\/","name":"Fam\u00edlia de Lula Viajou ao S\u00edtio Pelo Menos 111 Vezes | Blog do Guelmann","isPartOf":{"@id":"https:\/\/gersonguelmann.com.br\/blog\/#website"},"primaryImageOfPage":{"@id":"https:\/\/gersonguelmann.com.br\/blog\/familia-lula-viajou-ao-sitio-pelo-menos-111-vezes\/#primaryimage"},"image":{"@id":"https:\/\/gersonguelmann.com.br\/blog\/familia-lula-viajou-ao-sitio-pelo-menos-111-vezes\/#primaryimage"},"thumbnailUrl":"https:\/\/i0.wp.com\/gersonguelmann.com.br\/blog\/wp-content\/uploads\/2018\/05\/Ped%C3%A1gio.jpg?fit=960%2C540&ssl=1","datePublished":"2018-05-09T19:00:00+00:00","author":{"@id":"https:\/\/gersonguelmann.com.br\/blog\/#\/schema\/person\/87e70e2a786888082f941a482c90569e"},"inLanguage":"pt-BR","potentialAction":[{"@type":"ReadAction","target":["https:\/\/gersonguelmann.com.br\/blog\/familia-lula-viajou-ao-sitio-pelo-menos-111-vezes\/"]}]},{"@type":"ImageObject","inLanguage":"pt-BR","@id":"https:\/\/gersonguelmann.com.br\/blog\/familia-lula-viajou-ao-sitio-pelo-menos-111-vezes\/#primaryimage","url":"https:\/\/i0.wp.com\/gersonguelmann.com.br\/blog\/wp-content\/uploads\/2018\/05\/Ped%C3%A1gio.jpg?fit=960%2C540&ssl=1","contentUrl":"https:\/\/i0.wp.com\/gersonguelmann.com.br\/blog\/wp-content\/uploads\/2018\/05\/Ped%C3%A1gio.jpg?fit=960%2C540&ssl=1","width":960,"height":540},{"@type":"WebSite","@id":"https:\/\/gersonguelmann.com.br\/blog\/#website","url":"https:\/\/gersonguelmann.com.br\/blog\/","name":"Blog do Guelmann","description":"Pitadas da sabedoria e do humor judaicos, assuntos do momento e um pouco das hist\u00f3rias que vivi e testemunhei.","potentialAction":[{"@type":"SearchAction","target":{"@type":"EntryPoint","urlTemplate":"https:\/\/gersonguelmann.com.br\/blog\/?s={search_term_string}"},"query-input":{"@type":"PropertyValueSpecification","valueRequired":true,"valueName":"search_term_string"}}],"inLanguage":"pt-BR"},{"@type":"Person","@id":"https:\/\/gersonguelmann.com.br\/blog\/#\/schema\/person\/87e70e2a786888082f941a482c90569e","name":"Gerson Guelmann","image":{"@type":"ImageObject","inLanguage":"pt-BR","@id":"https:\/\/i0.wp.com\/gersonguelmann.com.br\/blog\/wp-content\/uploads\/2021\/08\/BLOG.jpeg?fit=96%2C96&ssl=1","url":"https:\/\/i0.wp.com\/gersonguelmann.com.br\/blog\/wp-content\/uploads\/2021\/08\/BLOG.jpeg?fit=96%2C96&ssl=1","contentUrl":"https:\/\/i0.wp.com\/gersonguelmann.com.br\/blog\/wp-content\/uploads\/2021\/08\/BLOG.jpeg?fit=96%2C96&ssl=1","caption":"Gerson Guelmann"},"description":"Pitadas da sabedoria e do humor judaicos, assuntos do momento e um pouco das hist\u00f3rias que vivi e testemunhei."}]}},"views":30,"jetpack_publicize_connections":[],"jetpack_featured_media_url":"https:\/\/i0.wp.com\/gersonguelmann.com.br\/blog\/wp-content\/uploads\/2018\/05\/Ped%C3%A1gio.jpg?fit=960%2C540&ssl=1","jetpack_shortlink":"https:\/\/wp.me\/p96e7O-3iS","jetpack-related-posts":[{"id":13944,"url":"https:\/\/gersonguelmann.com.br\/blog\/ex-seguranca-de-lula-sobre-sitio-marisa-dava-ordens\/","url_meta":{"origin":12702,"position":0},"title":"Ex-Seguran\u00e7a de Lula Sobre o S\u00edtio: \u201cMarisa Dava as Ordens\u201d","author":"Gerson Guelmann","date":"14 de junho de 2018","format":false,"excerpt":"Mat\u00e9ria do site Jovem Pan: Ex-seguran\u00e7a de Lula diz que \u201cseguia ordens\u201d de Marisa no s\u00edtio em Atibaia Por\u00a0Estad\u00e3o Conte\u00fado 13\/06\/2018 21h54 Itamar diz ter trabalhado durante seis anos, desde 2005, inicialmente como seguran\u00e7a e, depois, como assistente de ordem O ex-seguran\u00e7a do\u00a0ex-presidente Luiz In\u00e1cio Lula da Silva, Itamar de\u2026","rel":"","context":"Em &quot;Sem categoria&quot;","block_context":{"text":"Sem categoria","link":"https:\/\/gersonguelmann.com.br\/blog\/category\/sem-categoria\/"},"img":{"alt_text":"","src":"https:\/\/i0.wp.com\/gersonguelmann.com.br\/blog\/wp-content\/uploads\/2018\/06\/2171125326-sitio-atibaia.jpeg?fit=690%2C460&ssl=1&resize=350%2C200","width":350,"height":200,"srcset":"https:\/\/i0.wp.com\/gersonguelmann.com.br\/blog\/wp-content\/uploads\/2018\/06\/2171125326-sitio-atibaia.jpeg?fit=690%2C460&ssl=1&resize=350%2C200 1x, https:\/\/i0.wp.com\/gersonguelmann.com.br\/blog\/wp-content\/uploads\/2018\/06\/2171125326-sitio-atibaia.jpeg?fit=690%2C460&ssl=1&resize=525%2C300 1.5x"},"classes":[]},{"id":12711,"url":"https:\/\/gersonguelmann.com.br\/blog\/lula-e-a-cozinha-do-sitio\/","url_meta":{"origin":12702,"position":1},"title":"Lula e a Cozinha do S\u00edtio","author":"Gerson Guelmann","date":"9 de maio de 2018","format":false,"excerpt":"Os principais Blogs de Pol\u00edtica est\u00e3o repercutindo hoje as declara\u00e7\u00f5es dadas por\u00a0Gilberto Carvalho em depoimento ao juiz S\u00e9rgio Moro da 13\u00aa Vara da Justi\u00e7a Federal, em Curitiba, na condi\u00e7\u00e3o de testemunha de defesa do ex-presidente Lula. O ex-ministro mencionou o desejo manifestado por Lula de um dia adquirir o s\u00edtio\u2026","rel":"","context":"Em &quot;Sem categoria&quot;","block_context":{"text":"Sem categoria","link":"https:\/\/gersonguelmann.com.br\/blog\/category\/sem-categoria\/"},"img":{"alt_text":"","src":"https:\/\/i0.wp.com\/gersonguelmann.com.br\/blog\/wp-content\/uploads\/2018\/05\/AGE20160205118-1545-k3oC-U102476757017IeF-1024x576%40GP-Web.jpg?fit=1024%2C576&ssl=1&resize=350%2C200","width":350,"height":200,"srcset":"https:\/\/i0.wp.com\/gersonguelmann.com.br\/blog\/wp-content\/uploads\/2018\/05\/AGE20160205118-1545-k3oC-U102476757017IeF-1024x576%40GP-Web.jpg?fit=1024%2C576&ssl=1&resize=350%2C200 1x, https:\/\/i0.wp.com\/gersonguelmann.com.br\/blog\/wp-content\/uploads\/2018\/05\/AGE20160205118-1545-k3oC-U102476757017IeF-1024x576%40GP-Web.jpg?fit=1024%2C576&ssl=1&resize=525%2C300 1.5x, https:\/\/i0.wp.com\/gersonguelmann.com.br\/blog\/wp-content\/uploads\/2018\/05\/AGE20160205118-1545-k3oC-U102476757017IeF-1024x576%40GP-Web.jpg?fit=1024%2C576&ssl=1&resize=700%2C400 2x"},"classes":[]},{"id":13869,"url":"https:\/\/gersonguelmann.com.br\/blog\/testemunha-de-lula-levou-um-pito-de-moro\/","url_meta":{"origin":12702,"position":2},"title":"Testemunha de Lula Levou Um Pito de Moro","author":"Gerson Guelmann","date":"11 de junho de 2018","format":false,"excerpt":"Foto: veja.abril.com.br Arrolado como testemunha de defesa de Lula, Fernando Morais, bi\u00f3grafo do ex-presidente, foi ouvido hoje pelo juiz federal Sergio Moro. A certa altura do depoimento o juiz interrompeu a fala do escritor por considerar que ele estava fazendo propaganda de Lula. Leia mat\u00e9ria publicada no G1 Paran\u00e1: 'O\u2026","rel":"","context":"Em &quot;Sem categoria&quot;","block_context":{"text":"Sem categoria","link":"https:\/\/gersonguelmann.com.br\/blog\/category\/sem-categoria\/"},"img":{"alt_text":"","src":"https:\/\/i0.wp.com\/gersonguelmann.com.br\/blog\/wp-content\/uploads\/2018\/06\/lula-fernando-morais-300x224.jpg?resize=350%2C200&ssl=1","width":350,"height":200},"classes":[]},{"id":11285,"url":"https:\/\/gersonguelmann.com.br\/blog\/em-curitiba-pf-prepara-cela-para-receber-lula\/","url_meta":{"origin":12702,"position":3},"title":"Em Curitiba PF Prepara Cela Para Receber Lula","author":"Gerson Guelmann","date":"5 de abril de 2018","format":false,"excerpt":"PF prepara cela exclusiva para receber Lula em Curitiba Ideia \u00e9 manter ex-presidente afastado de outros presos, como Palocci e L\u00e9o Pinheiro BRAS\u00cdLIA \u2014 Com a chance do ex-presidente Luiz In\u00e1cio\u00a0Lula\u00a0da Silva ser preso potencializada pela decis\u00e3o do Supremo Tribunal Federal (STF), que negou o\u00a0habeas corpus\u00a0preventivo pedido pela defesa do\u2026","rel":"","context":"Em &quot;Sem categoria&quot;","block_context":{"text":"Sem categoria","link":"https:\/\/gersonguelmann.com.br\/blog\/category\/sem-categoria\/"},"img":{"alt_text":"","src":"https:\/\/i0.wp.com\/gersonguelmann.com.br\/blog\/wp-content\/uploads\/2018\/04\/PF-300x168.jpg?resize=350%2C200&ssl=1","width":350,"height":200},"classes":[]},{"id":14007,"url":"https:\/\/gersonguelmann.com.br\/blog\/o-sitio-nao-era-de-lula-mas-da-marisa-aprovou-a-planta-da-cozinha\/","url_meta":{"origin":12702,"position":4},"title":"O S\u00edtio N\u00e3o Era de Lula, Mas D\u00aa Marisa Aprovou a Planta da Cozinha","author":"Gerson Guelmann","date":"15 de junho de 2018","format":false,"excerpt":"Acabou de sair na Zero Hora: POL\u00cdTICA Arquiteta diz a Moro que apresentou a Marisa Let\u00edcia projeto de cozinha de s\u00edtio 15\/06\/2018 - 19h11min A arquiteta Maria Cec\u00edlia de Castro afirmou, em depoimento ao juiz federal S\u00e9rgio Moro, nesta sexta-feira, 15, ter apresentado \u00e0 ex-primeira-dama Marisa Let\u00edcia o projeto para\u2026","rel":"","context":"Em &quot;Sem categoria&quot;","block_context":{"text":"Sem categoria","link":"https:\/\/gersonguelmann.com.br\/blog\/category\/sem-categoria\/"},"img":{"alt_text":"","src":"https:\/\/i0.wp.com\/gersonguelmann.com.br\/blog\/wp-content\/uploads\/2018\/06\/cozinha.jpeg?resize=350%2C200&ssl=1","width":350,"height":200},"classes":[]},{"id":13200,"url":"https:\/\/gersonguelmann.com.br\/blog\/lula-trump-il-diavolo-fa-le-pentole-ma-non-i-coperchi\/","url_meta":{"origin":12702,"position":5},"title":"Lula X Trump: &#8220;Il Diavolo Fa Le Pentole Ma Non I Coperchi&#8221;","author":"Gerson Guelmann","date":"11 de agosto de 2025","format":false,"excerpt":"l Diavolo Fa Le Pentole Ma Non I Coperchi(O Diabo Faz a Panela Mas N\u00e3o Faz a Tampa) O significado do ditado \u00e9 evidente: o mal \u2014 ou, num sentido mais amplo, as m\u00e1s a\u00e7\u00f5es e decis\u00f5es \u2014, uma vez feito, n\u00e3o pode ser completamente escondido. O diabo representa quem\u2026","rel":"","context":"Em &quot;Sem categoria&quot;","block_context":{"text":"Sem categoria","link":"https:\/\/gersonguelmann.com.br\/blog\/category\/sem-categoria\/"},"img":{"alt_text":"","src":"https:\/\/i0.wp.com\/gersonguelmann.com.br\/blog\/wp-content\/uploads\/2025\/08\/110825-3.jpg?fit=400%2C400&ssl=1&resize=350%2C200","width":350,"height":200},"classes":[]}],"jetpack_sharing_enabled":true,"post_mailing_queue_ids":[],"_links":{"self":[{"href":"https:\/\/gersonguelmann.com.br\/blog\/wp-json\/wp\/v2\/posts\/12702","targetHints":{"allow":["GET"]}}],"collection":[{"href":"https:\/\/gersonguelmann.com.br\/blog\/wp-json\/wp\/v2\/posts"}],"about":[{"href":"https:\/\/gersonguelmann.com.br\/blog\/wp-json\/wp\/v2\/types\/post"}],"author":[{"embeddable":true,"href":"https:\/\/gersonguelmann.com.br\/blog\/wp-json\/wp\/v2\/users\/5"}],"replies":[{"embeddable":true,"href":"https:\/\/gersonguelmann.com.br\/blog\/wp-json\/wp\/v2\/comments?post=12702"}],"version-history":[{"count":0,"href":"https:\/\/gersonguelmann.com.br\/blog\/wp-json\/wp\/v2\/posts\/12702\/revisions"}],"wp:featuredmedia":[{"embeddable":true,"href":"https:\/\/gersonguelmann.com.br\/blog\/wp-json\/wp\/v2\/media\/12703"}],"wp:attachment":[{"href":"https:\/\/gersonguelmann.com.br\/blog\/wp-json\/wp\/v2\/media?parent=12702"}],"wp:term":[{"taxonomy":"category","embeddable":true,"href":"https:\/\/gersonguelmann.com.br\/blog\/wp-json\/wp\/v2\/categories?post=12702"},{"taxonomy":"post_tag","embeddable":true,"href":"https:\/\/gersonguelmann.com.br\/blog\/wp-json\/wp\/v2\/tags?post=12702"}],"curies":[{"name":"wp","href":"https:\/\/api.w.org\/{rel}","templated":true}]}}