    {"id":12706,"date":"2018-05-09T17:07:26","date_gmt":"2018-05-09T20:07:26","guid":{"rendered":"https:\/\/gersonguelmann.com.br\/blog\/?p=12706"},"modified":"2018-05-09T17:10:25","modified_gmt":"2018-05-09T20:10:25","slug":"em-sc-padre-e-condenado-por-estupro-de-menor","status":"publish","type":"post","link":"https:\/\/gersonguelmann.com.br\/blog\/em-sc-padre-e-condenado-por-estupro-de-menor\/","title":{"rendered":"Em SC, Padre \u00c9 Condenado Por Estupro de Menor"},"content":{"rendered":"<p><span style=\"color: #000000; font-family: georgia, palatino, serif; font-size: 18pt;\">Abusos sexuais contra crian\u00e7as acontecem todos os dias e em todos os lugares do mundo.<\/span><\/p>\n<p><span style=\"color: #000000; font-family: georgia, palatino, serif; font-size: 18pt;\">Parece que as campanhas n\u00e3o d\u00e3o conta de conscientizar a popula\u00e7\u00e3o quanto as medidas de prote\u00e7\u00e3o e de observa\u00e7\u00e3o dos sintomas que podem ser a manifesta\u00e7\u00e3o de que os pequenos sofreram algum tipo de viol\u00eancia f\u00edsica ou moral.<\/span><\/p>\n<p><span style=\"color: #000000; font-family: georgia, palatino, serif; font-size: 18pt;\">De bom mesmo \u00e9 que as den\u00fancias hoje s\u00e3o mais frequentes e temos podido constatar a puni\u00e7\u00e3o dos canalhas respons\u00e1veis pelos abusos.<\/span><\/p>\n<p><span style=\"color: #000000; font-family: georgia, palatino, serif; font-size: 18pt;\">Fato que choca e revolta ainda mais \u00e9 o grande n\u00famero de casos de abusos praticados por religiosos. <\/span><\/p>\n<p><span style=\"color: #000000; font-family: georgia, palatino, serif; font-size: 18pt;\">N\u00f3s judeus j\u00e1 tomamos conhecimento de pr\u00e1ticas abomin\u00e1veis de Rabinos, inclusive com a condena\u00e7\u00e3o de v\u00e1rios deles. Na comunidade cat\u00f3lica os casos s\u00e3o mais frequentes, considerando, claro, a diferen\u00e7a existente entre o n\u00famero de praticantes.<\/span><\/p>\n<p><span style=\"color: #000000; font-family: georgia, palatino, serif; font-size: 18pt;\">Acompanhando a repercuss\u00e3o dos casos, vejo que certos setores da igreja cobram do Papa Francisco uma posi\u00e7\u00e3o mais firme na condena\u00e7\u00e3o dos crimes de abusos praticados por religiosos, como se viu ainda recentemente.<\/span><\/p>\n<p><span style=\"color: #000000; font-family: georgia, palatino, serif; font-size: 18pt;\">Acerca disso a revista Isto\u00c9 acaba de publicar a seguinte mat\u00e9ria:<\/span><\/p>\n<p class=\"tags-materia\"><span style=\"color: #ff0000;\"><strong>GERAL<\/strong><\/span><\/p>\n<p><span style=\"font-size: 24pt;\"><strong><span style=\"color: #000000;\">Padre \u00e9 condenado a 33 anos de pris\u00e3o em SC por estupro de vulner\u00e1vel<\/span><\/strong><\/span><\/p>\n<p class=\"author\"><strong><span style=\"color: #000000;\">Estad\u00e3o Conte\u00fado<\/span><\/strong><\/p>\n<p><span style=\"color: #000000; font-size: 14pt;\"><time datetime=\"2018-05-09 15:00\">09\/05\/18 &#8211; 15h00 &#8211; Atualizado em 09\/05\/18 &#8211; 16h26<\/time><\/span><\/p>\n<p><span style=\"color: #000000; font-size: 14pt;\">O padre Marcos Roberto Ferreira, 37 anos, foi condenado a 33 anos, dois meses e seis dias de pris\u00e3o, em regime fechado, pelo crime de estupro de vulner\u00e1vel. Os casos foram registrados em maio do ano passado, em Santa Catarina, quando o sacerdote levou cinco crian\u00e7as e adolescentes para um retiro na cidade de Joinville.<\/span><\/p>\n<p><span style=\"color: #000000; font-size: 14pt;\">O caso julgado diz respeito a abusos cometidos contra dois menores, de 12 e 13 anos. Um deles afilhado do r\u00e9u. A defesa do padre nega as acusa\u00e7\u00f5es e diz que ele vai recorrer da decis\u00e3o de primeira inst\u00e2ncia.<\/span><\/p>\n<p><span style=\"color: #000000; font-size: 14pt;\">A Diocese de Joinville se manifestou por meio de nota e informou que Marcos est\u00e1 afastado do minist\u00e9rio sacerdotal desde que as den\u00fancias foram conhecidas, em junho do ano passado. O processo corre em sigilo para preservar as v\u00edtimas. O padre tamb\u00e9m recebeu senten\u00e7a de dois anos e quatro meses de pris\u00e3o em regime semiaberto por ter dado bebida alco\u00f3lica para crian\u00e7as e adolescentes.<\/span><\/p>\n<p><span style=\"color: #000000; font-size: 14pt;\">Marcos est\u00e1 preso desde junho de 2017 em S\u00e3o Francisco do Sul, ap\u00f3s a Pol\u00edcia Civil de Santa Catarina levantar a exist\u00eancia de pelo menos cinco casos de abusos cometidos nas cidades de S\u00e3o Francisco do Sul e Joinville.<\/span><\/p>\n<p><span style=\"color: #000000; font-size: 14pt;\">Em um dos casos, os policiais utilizaram como prova a troca de mensagens entre uma das crian\u00e7as e os pais. A v\u00edtima, de 13 anos e natural de S\u00e3o Francisco do Sul, participava de um retiro em Joinville quando se trancou no banheiro e pediu que os pais fossem busca-lo com medo dos atos do padre.<\/span><\/p>\n<p><span style=\"color: #000000; font-size: 14pt;\">Os casos teriam ocorrido na Par\u00f3quia Santa Paulina, em S\u00e3o Francisco do Sul, e em retiros religiosos organizados pelo padre. \u00c0 Pol\u00edcia, familiares das vitimas relataram que o padre frequentava suas casas e mantinha contato de proximidade com as crian\u00e7as al\u00e9m do aceit\u00e1vel.<\/span><\/p>\n<p><span style=\"color: #000000; font-size: 14pt;\">O religioso foi removido de par\u00f3quia antes de casos virem \u00e0 tona<\/span><\/p>\n<p><span style=\"color: #000000; font-size: 14pt;\">Das 15 testemunhas ouvidas durante inqu\u00e9rito policial, apenas uma teria dito que n\u00e3o via maldade na rela\u00e7\u00e3o do padre com as crian\u00e7as. J\u00e1 as demais testemunhas relataram casos ainda desconhecidos pela investiga\u00e7\u00e3o, como epis\u00f3dio de um garoto que ficou trancado na casa do sacerdote que clamava por socorro enquanto ele estava na par\u00f3quia. Outra testemunha afirmou ter visto o padre tocando as partes \u00edntimas de uma crian\u00e7a.<\/span><\/p>\n<p><span style=\"color: #000000; font-size: 14pt;\">Quando os casos vieram \u00e0 tona, Marcos tinha sido removido pouco antes de S\u00e3o Francisco do Sul para Joinville e, mesmo assim, continuava levando crian\u00e7as por onde passou para seus retiros religiosos \u2013 ou para dormirem em sua casa.<\/span><\/p>\n<p><span style=\"color: #000000; font-size: 14pt;\">A Diocese de Joinville diz que diante da condena\u00e7\u00e3o em primeira inst\u00e2ncia \u201ccontinuar\u00e1 o processo can\u00f4nico que culminar\u00e1 na redu\u00e7\u00e3o ao estado laical do referido padre, ou seja, definitivamente n\u00e3o exercer\u00e1 mais o minist\u00e9rio sacerdotal\u201d, segundo manifestou por meio de nota.<\/span><\/p>\n<p><span style=\"color: #000000; font-family: georgia, palatino, serif; font-size: 18pt;\">A mat\u00e9ria acima est\u00e1 <a href=\"https:\/\/istoe.com.br\/padre-e-condenado-a-33-anos-de-prisao-em-sc-por-estupro-de-vulneravel\/\"><em><strong>aqui<\/strong><\/em><\/a>.<\/span><\/p>\n<p><img data-recalc-dims=\"1\" fetchpriority=\"high\" decoding=\"async\" data-attachment-id=\"12707\" data-permalink=\"https:\/\/gersonguelmann.com.br\/blog\/em-sc-padre-e-condenado-por-estupro-de-menor\/abuso\/\" data-orig-file=\"https:\/\/i0.wp.com\/gersonguelmann.com.br\/blog\/wp-content\/uploads\/2018\/05\/Abuso.jpeg?fit=1880%2C1253&amp;ssl=1\" data-orig-size=\"1880,1253\" data-comments-opened=\"1\" data-image-meta=\"{&quot;aperture&quot;:&quot;0&quot;,&quot;credit&quot;:&quot;&quot;,&quot;camera&quot;:&quot;&quot;,&quot;caption&quot;:&quot;&quot;,&quot;created_timestamp&quot;:&quot;0&quot;,&quot;copyright&quot;:&quot;&quot;,&quot;focal_length&quot;:&quot;0&quot;,&quot;iso&quot;:&quot;0&quot;,&quot;shutter_speed&quot;:&quot;0&quot;,&quot;title&quot;:&quot;&quot;,&quot;orientation&quot;:&quot;0&quot;}\" data-image-title=\"Abuso\" data-image-description=\"\" data-image-caption=\"\" data-medium-file=\"https:\/\/i0.wp.com\/gersonguelmann.com.br\/blog\/wp-content\/uploads\/2018\/05\/Abuso.jpeg?fit=300%2C200&amp;ssl=1\" data-large-file=\"https:\/\/i0.wp.com\/gersonguelmann.com.br\/blog\/wp-content\/uploads\/2018\/05\/Abuso.jpeg?fit=640%2C426&amp;ssl=1\" class=\"size-medium wp-image-12707 aligncenter\" src=\"https:\/\/i0.wp.com\/gersonguelmann.com.br\/blog\/wp-content\/uploads\/2018\/05\/Abuso.jpeg?resize=300%2C200&#038;ssl=1\" alt=\"\" width=\"300\" height=\"200\" srcset=\"https:\/\/i0.wp.com\/gersonguelmann.com.br\/blog\/wp-content\/uploads\/2018\/05\/Abuso.jpeg?resize=300%2C200&amp;ssl=1 300w, https:\/\/i0.wp.com\/gersonguelmann.com.br\/blog\/wp-content\/uploads\/2018\/05\/Abuso.jpeg?resize=768%2C512&amp;ssl=1 768w, https:\/\/i0.wp.com\/gersonguelmann.com.br\/blog\/wp-content\/uploads\/2018\/05\/Abuso.jpeg?resize=1024%2C682&amp;ssl=1 1024w, https:\/\/i0.wp.com\/gersonguelmann.com.br\/blog\/wp-content\/uploads\/2018\/05\/Abuso.jpeg?resize=750%2C500&amp;ssl=1 750w, https:\/\/i0.wp.com\/gersonguelmann.com.br\/blog\/wp-content\/uploads\/2018\/05\/Abuso.jpeg?w=1880&amp;ssl=1 1880w, https:\/\/i0.wp.com\/gersonguelmann.com.br\/blog\/wp-content\/uploads\/2018\/05\/Abuso.jpeg?w=1280&amp;ssl=1 1280w\" sizes=\"(max-width: 300px) 100vw, 300px\" \/><\/p>\n","protected":false},"excerpt":{"rendered":"<p>Abusos sexuais contra crian\u00e7as acontecem todos os dias e em todos os lugares do mundo. Parece que as campanhas n\u00e3o d\u00e3o conta de conscientizar a popula\u00e7\u00e3o quanto as medidas de prote\u00e7\u00e3o e de observa\u00e7\u00e3o dos sintomas que podem ser a manifesta\u00e7\u00e3o de que os pequenos sofreram algum tipo de viol\u00eancia f\u00edsica ou moral. De bom [&hellip;]<\/p>\n","protected":false},"author":5,"featured_media":12707,"comment_status":"open","ping_status":"open","sticky":false,"template":"","format":"standard","meta":{"_acf_changed":false,"jetpack_post_was_ever_published":false,"_jetpack_newsletter_access":"","_jetpack_dont_email_post_to_subs":false,"_jetpack_newsletter_tier_id":0,"_jetpack_memberships_contains_paywalled_content":false,"_jetpack_memberships_contains_paid_content":false,"footnotes":"","jetpack_publicize_message":"","jetpack_publicize_feature_enabled":true,"jetpack_social_post_already_shared":true,"jetpack_social_options":{"image_generator_settings":{"template":"highway","default_image_id":0,"font":"","enabled":false},"version":2}},"categories":[1],"tags":[],"class_list":["post-12706","post","type-post","status-publish","format-standard","has-post-thumbnail","hentry","category-sem-categoria"],"acf":[],"yoast_head":"<!-- This site is optimized with the Yoast SEO plugin v27.3 - https:\/\/yoast.com\/product\/yoast-seo-wordpress\/ -->\n<title>Em SC, Padre \u00c9 Condenado Por Estupro de Menor | Blog do Guelmann<\/title>\n<meta name=\"robots\" content=\"index, follow, max-snippet:-1, max-image-preview:large, max-video-preview:-1\" \/>\n<link rel=\"canonical\" href=\"https:\/\/gersonguelmann.com.br\/blog\/em-sc-padre-e-condenado-por-estupro-de-menor\/\" \/>\n<meta property=\"og:locale\" content=\"pt_BR\" \/>\n<meta property=\"og:type\" content=\"article\" \/>\n<meta property=\"og:title\" content=\"Em SC, Padre \u00c9 Condenado Por Estupro de Menor | Blog do Guelmann\" \/>\n<meta property=\"og:description\" content=\"Abusos sexuais contra crian\u00e7as acontecem todos os dias e em todos os lugares do mundo. Parece que as campanhas n\u00e3o d\u00e3o conta de conscientizar a popula\u00e7\u00e3o quanto as medidas de prote\u00e7\u00e3o e de observa\u00e7\u00e3o dos sintomas que podem ser a manifesta\u00e7\u00e3o de que os pequenos sofreram algum tipo de viol\u00eancia f\u00edsica ou moral. De bom [&hellip;]\" \/>\n<meta property=\"og:url\" content=\"https:\/\/gersonguelmann.com.br\/blog\/em-sc-padre-e-condenado-por-estupro-de-menor\/\" \/>\n<meta property=\"og:site_name\" content=\"Blog do Guelmann\" \/>\n<meta property=\"article:published_time\" content=\"2018-05-09T20:07:26+00:00\" \/>\n<meta property=\"article:modified_time\" content=\"2018-05-09T20:10:25+00:00\" \/>\n<meta property=\"og:image\" content=\"https:\/\/i0.wp.com\/gersonguelmann.com.br\/blog\/wp-content\/uploads\/2018\/05\/Abuso.jpeg?fit=1880%2C1253&ssl=1\" \/>\n\t<meta property=\"og:image:width\" content=\"1880\" \/>\n\t<meta property=\"og:image:height\" content=\"1253\" \/>\n\t<meta property=\"og:image:type\" content=\"image\/jpeg\" \/>\n<meta name=\"author\" content=\"Gerson Guelmann\" \/>\n<meta name=\"twitter:card\" content=\"summary_large_image\" \/>\n<meta name=\"twitter:label1\" content=\"Escrito por\" \/>\n\t<meta name=\"twitter:data1\" content=\"Gerson Guelmann\" \/>\n\t<meta name=\"twitter:label2\" content=\"Est. tempo de leitura\" \/>\n\t<meta name=\"twitter:data2\" content=\"4 minutos\" \/>\n<script type=\"application\/ld+json\" class=\"yoast-schema-graph\">{\"@context\":\"https:\\\/\\\/schema.org\",\"@graph\":[{\"@type\":\"Article\",\"@id\":\"https:\\\/\\\/gersonguelmann.com.br\\\/blog\\\/em-sc-padre-e-condenado-por-estupro-de-menor\\\/#article\",\"isPartOf\":{\"@id\":\"https:\\\/\\\/gersonguelmann.com.br\\\/blog\\\/em-sc-padre-e-condenado-por-estupro-de-menor\\\/\"},\"author\":{\"name\":\"Gerson Guelmann\",\"@id\":\"https:\\\/\\\/gersonguelmann.com.br\\\/blog\\\/#\\\/schema\\\/person\\\/87e70e2a786888082f941a482c90569e\"},\"headline\":\"Em SC, Padre \u00c9 Condenado Por Estupro de Menor\",\"datePublished\":\"2018-05-09T20:07:26+00:00\",\"dateModified\":\"2018-05-09T20:10:25+00:00\",\"mainEntityOfPage\":{\"@id\":\"https:\\\/\\\/gersonguelmann.com.br\\\/blog\\\/em-sc-padre-e-condenado-por-estupro-de-menor\\\/\"},\"wordCount\":727,\"commentCount\":0,\"image\":{\"@id\":\"https:\\\/\\\/gersonguelmann.com.br\\\/blog\\\/em-sc-padre-e-condenado-por-estupro-de-menor\\\/#primaryimage\"},\"thumbnailUrl\":\"https:\\\/\\\/i0.wp.com\\\/gersonguelmann.com.br\\\/blog\\\/wp-content\\\/uploads\\\/2018\\\/05\\\/Abuso.jpeg?fit=1880%2C1253&ssl=1\",\"inLanguage\":\"pt-BR\",\"potentialAction\":[{\"@type\":\"CommentAction\",\"name\":\"Comment\",\"target\":[\"https:\\\/\\\/gersonguelmann.com.br\\\/blog\\\/em-sc-padre-e-condenado-por-estupro-de-menor\\\/#respond\"]}]},{\"@type\":\"WebPage\",\"@id\":\"https:\\\/\\\/gersonguelmann.com.br\\\/blog\\\/em-sc-padre-e-condenado-por-estupro-de-menor\\\/\",\"url\":\"https:\\\/\\\/gersonguelmann.com.br\\\/blog\\\/em-sc-padre-e-condenado-por-estupro-de-menor\\\/\",\"name\":\"Em SC, Padre \u00c9 Condenado Por Estupro de Menor | Blog do Guelmann\",\"isPartOf\":{\"@id\":\"https:\\\/\\\/gersonguelmann.com.br\\\/blog\\\/#website\"},\"primaryImageOfPage\":{\"@id\":\"https:\\\/\\\/gersonguelmann.com.br\\\/blog\\\/em-sc-padre-e-condenado-por-estupro-de-menor\\\/#primaryimage\"},\"image\":{\"@id\":\"https:\\\/\\\/gersonguelmann.com.br\\\/blog\\\/em-sc-padre-e-condenado-por-estupro-de-menor\\\/#primaryimage\"},\"thumbnailUrl\":\"https:\\\/\\\/i0.wp.com\\\/gersonguelmann.com.br\\\/blog\\\/wp-content\\\/uploads\\\/2018\\\/05\\\/Abuso.jpeg?fit=1880%2C1253&ssl=1\",\"datePublished\":\"2018-05-09T20:07:26+00:00\",\"dateModified\":\"2018-05-09T20:10:25+00:00\",\"author\":{\"@id\":\"https:\\\/\\\/gersonguelmann.com.br\\\/blog\\\/#\\\/schema\\\/person\\\/87e70e2a786888082f941a482c90569e\"},\"inLanguage\":\"pt-BR\",\"potentialAction\":[{\"@type\":\"ReadAction\",\"target\":[\"https:\\\/\\\/gersonguelmann.com.br\\\/blog\\\/em-sc-padre-e-condenado-por-estupro-de-menor\\\/\"]}]},{\"@type\":\"ImageObject\",\"inLanguage\":\"pt-BR\",\"@id\":\"https:\\\/\\\/gersonguelmann.com.br\\\/blog\\\/em-sc-padre-e-condenado-por-estupro-de-menor\\\/#primaryimage\",\"url\":\"https:\\\/\\\/i0.wp.com\\\/gersonguelmann.com.br\\\/blog\\\/wp-content\\\/uploads\\\/2018\\\/05\\\/Abuso.jpeg?fit=1880%2C1253&ssl=1\",\"contentUrl\":\"https:\\\/\\\/i0.wp.com\\\/gersonguelmann.com.br\\\/blog\\\/wp-content\\\/uploads\\\/2018\\\/05\\\/Abuso.jpeg?fit=1880%2C1253&ssl=1\",\"width\":1880,\"height\":1253},{\"@type\":\"WebSite\",\"@id\":\"https:\\\/\\\/gersonguelmann.com.br\\\/blog\\\/#website\",\"url\":\"https:\\\/\\\/gersonguelmann.com.br\\\/blog\\\/\",\"name\":\"Blog do Guelmann\",\"description\":\"Pitadas da sabedoria e do humor judaicos, assuntos do momento e um pouco das hist\u00f3rias que vivi e testemunhei.\",\"potentialAction\":[{\"@type\":\"SearchAction\",\"target\":{\"@type\":\"EntryPoint\",\"urlTemplate\":\"https:\\\/\\\/gersonguelmann.com.br\\\/blog\\\/?s={search_term_string}\"},\"query-input\":{\"@type\":\"PropertyValueSpecification\",\"valueRequired\":true,\"valueName\":\"search_term_string\"}}],\"inLanguage\":\"pt-BR\"},{\"@type\":\"Person\",\"@id\":\"https:\\\/\\\/gersonguelmann.com.br\\\/blog\\\/#\\\/schema\\\/person\\\/87e70e2a786888082f941a482c90569e\",\"name\":\"Gerson Guelmann\",\"image\":{\"@type\":\"ImageObject\",\"inLanguage\":\"pt-BR\",\"@id\":\"https:\\\/\\\/i0.wp.com\\\/gersonguelmann.com.br\\\/blog\\\/wp-content\\\/uploads\\\/2021\\\/08\\\/BLOG.jpeg?fit=96%2C96&ssl=1\",\"url\":\"https:\\\/\\\/i0.wp.com\\\/gersonguelmann.com.br\\\/blog\\\/wp-content\\\/uploads\\\/2021\\\/08\\\/BLOG.jpeg?fit=96%2C96&ssl=1\",\"contentUrl\":\"https:\\\/\\\/i0.wp.com\\\/gersonguelmann.com.br\\\/blog\\\/wp-content\\\/uploads\\\/2021\\\/08\\\/BLOG.jpeg?fit=96%2C96&ssl=1\",\"caption\":\"Gerson Guelmann\"},\"description\":\"Pitadas da sabedoria e do humor judaicos, assuntos do momento e um pouco das hist\u00f3rias que vivi e testemunhei.\"}]}<\/script>\n<!-- \/ Yoast SEO plugin. -->","yoast_head_json":{"title":"Em SC, Padre \u00c9 Condenado Por Estupro de Menor | Blog do Guelmann","robots":{"index":"index","follow":"follow","max-snippet":"max-snippet:-1","max-image-preview":"max-image-preview:large","max-video-preview":"max-video-preview:-1"},"canonical":"https:\/\/gersonguelmann.com.br\/blog\/em-sc-padre-e-condenado-por-estupro-de-menor\/","og_locale":"pt_BR","og_type":"article","og_title":"Em SC, Padre \u00c9 Condenado Por Estupro de Menor | Blog do Guelmann","og_description":"Abusos sexuais contra crian\u00e7as acontecem todos os dias e em todos os lugares do mundo. Parece que as campanhas n\u00e3o d\u00e3o conta de conscientizar a popula\u00e7\u00e3o quanto as medidas de prote\u00e7\u00e3o e de observa\u00e7\u00e3o dos sintomas que podem ser a manifesta\u00e7\u00e3o de que os pequenos sofreram algum tipo de viol\u00eancia f\u00edsica ou moral. De bom [&hellip;]","og_url":"https:\/\/gersonguelmann.com.br\/blog\/em-sc-padre-e-condenado-por-estupro-de-menor\/","og_site_name":"Blog do Guelmann","article_published_time":"2018-05-09T20:07:26+00:00","article_modified_time":"2018-05-09T20:10:25+00:00","og_image":[{"width":1880,"height":1253,"url":"https:\/\/i0.wp.com\/gersonguelmann.com.br\/blog\/wp-content\/uploads\/2018\/05\/Abuso.jpeg?fit=1880%2C1253&ssl=1","type":"image\/jpeg"}],"author":"Gerson Guelmann","twitter_card":"summary_large_image","twitter_misc":{"Escrito por":"Gerson Guelmann","Est. tempo de leitura":"4 minutos"},"schema":{"@context":"https:\/\/schema.org","@graph":[{"@type":"Article","@id":"https:\/\/gersonguelmann.com.br\/blog\/em-sc-padre-e-condenado-por-estupro-de-menor\/#article","isPartOf":{"@id":"https:\/\/gersonguelmann.com.br\/blog\/em-sc-padre-e-condenado-por-estupro-de-menor\/"},"author":{"name":"Gerson Guelmann","@id":"https:\/\/gersonguelmann.com.br\/blog\/#\/schema\/person\/87e70e2a786888082f941a482c90569e"},"headline":"Em SC, Padre \u00c9 Condenado Por Estupro de Menor","datePublished":"2018-05-09T20:07:26+00:00","dateModified":"2018-05-09T20:10:25+00:00","mainEntityOfPage":{"@id":"https:\/\/gersonguelmann.com.br\/blog\/em-sc-padre-e-condenado-por-estupro-de-menor\/"},"wordCount":727,"commentCount":0,"image":{"@id":"https:\/\/gersonguelmann.com.br\/blog\/em-sc-padre-e-condenado-por-estupro-de-menor\/#primaryimage"},"thumbnailUrl":"https:\/\/i0.wp.com\/gersonguelmann.com.br\/blog\/wp-content\/uploads\/2018\/05\/Abuso.jpeg?fit=1880%2C1253&ssl=1","inLanguage":"pt-BR","potentialAction":[{"@type":"CommentAction","name":"Comment","target":["https:\/\/gersonguelmann.com.br\/blog\/em-sc-padre-e-condenado-por-estupro-de-menor\/#respond"]}]},{"@type":"WebPage","@id":"https:\/\/gersonguelmann.com.br\/blog\/em-sc-padre-e-condenado-por-estupro-de-menor\/","url":"https:\/\/gersonguelmann.com.br\/blog\/em-sc-padre-e-condenado-por-estupro-de-menor\/","name":"Em SC, Padre \u00c9 Condenado Por Estupro de Menor | Blog do Guelmann","isPartOf":{"@id":"https:\/\/gersonguelmann.com.br\/blog\/#website"},"primaryImageOfPage":{"@id":"https:\/\/gersonguelmann.com.br\/blog\/em-sc-padre-e-condenado-por-estupro-de-menor\/#primaryimage"},"image":{"@id":"https:\/\/gersonguelmann.com.br\/blog\/em-sc-padre-e-condenado-por-estupro-de-menor\/#primaryimage"},"thumbnailUrl":"https:\/\/i0.wp.com\/gersonguelmann.com.br\/blog\/wp-content\/uploads\/2018\/05\/Abuso.jpeg?fit=1880%2C1253&ssl=1","datePublished":"2018-05-09T20:07:26+00:00","dateModified":"2018-05-09T20:10:25+00:00","author":{"@id":"https:\/\/gersonguelmann.com.br\/blog\/#\/schema\/person\/87e70e2a786888082f941a482c90569e"},"inLanguage":"pt-BR","potentialAction":[{"@type":"ReadAction","target":["https:\/\/gersonguelmann.com.br\/blog\/em-sc-padre-e-condenado-por-estupro-de-menor\/"]}]},{"@type":"ImageObject","inLanguage":"pt-BR","@id":"https:\/\/gersonguelmann.com.br\/blog\/em-sc-padre-e-condenado-por-estupro-de-menor\/#primaryimage","url":"https:\/\/i0.wp.com\/gersonguelmann.com.br\/blog\/wp-content\/uploads\/2018\/05\/Abuso.jpeg?fit=1880%2C1253&ssl=1","contentUrl":"https:\/\/i0.wp.com\/gersonguelmann.com.br\/blog\/wp-content\/uploads\/2018\/05\/Abuso.jpeg?fit=1880%2C1253&ssl=1","width":1880,"height":1253},{"@type":"WebSite","@id":"https:\/\/gersonguelmann.com.br\/blog\/#website","url":"https:\/\/gersonguelmann.com.br\/blog\/","name":"Blog do Guelmann","description":"Pitadas da sabedoria e do humor judaicos, assuntos do momento e um pouco das hist\u00f3rias que vivi e testemunhei.","potentialAction":[{"@type":"SearchAction","target":{"@type":"EntryPoint","urlTemplate":"https:\/\/gersonguelmann.com.br\/blog\/?s={search_term_string}"},"query-input":{"@type":"PropertyValueSpecification","valueRequired":true,"valueName":"search_term_string"}}],"inLanguage":"pt-BR"},{"@type":"Person","@id":"https:\/\/gersonguelmann.com.br\/blog\/#\/schema\/person\/87e70e2a786888082f941a482c90569e","name":"Gerson Guelmann","image":{"@type":"ImageObject","inLanguage":"pt-BR","@id":"https:\/\/i0.wp.com\/gersonguelmann.com.br\/blog\/wp-content\/uploads\/2021\/08\/BLOG.jpeg?fit=96%2C96&ssl=1","url":"https:\/\/i0.wp.com\/gersonguelmann.com.br\/blog\/wp-content\/uploads\/2021\/08\/BLOG.jpeg?fit=96%2C96&ssl=1","contentUrl":"https:\/\/i0.wp.com\/gersonguelmann.com.br\/blog\/wp-content\/uploads\/2021\/08\/BLOG.jpeg?fit=96%2C96&ssl=1","caption":"Gerson Guelmann"},"description":"Pitadas da sabedoria e do humor judaicos, assuntos do momento e um pouco das hist\u00f3rias que vivi e testemunhei."}]}},"views":25,"jetpack_publicize_connections":[],"jetpack_featured_media_url":"https:\/\/i0.wp.com\/gersonguelmann.com.br\/blog\/wp-content\/uploads\/2018\/05\/Abuso.jpeg?fit=1880%2C1253&ssl=1","jetpack_shortlink":"https:\/\/wp.me\/p96e7O-3iW","jetpack-related-posts":[{"id":13107,"url":"https:\/\/gersonguelmann.com.br\/blog\/boas-novas-chegam-do-vaticano\/","url_meta":{"origin":12706,"position":0},"title":"Boas Novas Chegam do Vaticano","author":"Gerson Guelmann","date":"21 de maio de 2018","format":false,"excerpt":"Papa Francisco disse ao chileno Juan Cruz que Deus o fez gay, \"o ama assim e a mim n\u00e3o importa\"\u00a0(Tony Gentile\/Reuters) A capacidade de o Papa Francisco surpreender o mundo \u00e9 inesgot\u00e1vel.\u00a0 A mais recente manifesta\u00e7\u00e3o dele acerca de um posicionamento hist\u00f3rico da Igreja Cat\u00f3lica foi revelada h\u00e1 pouco, como\u2026","rel":"","context":"Em &quot;Sem categoria&quot;","block_context":{"text":"Sem categoria","link":"https:\/\/gersonguelmann.com.br\/blog\/category\/sem-categoria\/"},"img":{"alt_text":"","src":"https:\/\/i0.wp.com\/gersonguelmann.com.br\/blog\/wp-content\/uploads\/2018\/05\/Papa.jpg?fit=680%2C453&ssl=1&resize=350%2C200","width":350,"height":200,"srcset":"https:\/\/i0.wp.com\/gersonguelmann.com.br\/blog\/wp-content\/uploads\/2018\/05\/Papa.jpg?fit=680%2C453&ssl=1&resize=350%2C200 1x, https:\/\/i0.wp.com\/gersonguelmann.com.br\/blog\/wp-content\/uploads\/2018\/05\/Papa.jpg?fit=680%2C453&ssl=1&resize=525%2C300 1.5x"},"classes":[]},{"id":17369,"url":"https:\/\/gersonguelmann.com.br\/blog\/porque-alguns-filhos-nao-se-dao-com-os-pais\/","url_meta":{"origin":12706,"position":1},"title":"Porque Alguns Filhos N\u00e3o Se D\u00e3o Com Os Pais?","author":"Gerson Guelmann","date":"6 de julho de 2019","format":false,"excerpt":"Artigo publicado pelo site A Mente \u00c9 Maravilhosa, especializado em Psicologia: Quando os filhos rompem o relacionamento com os pais \u00b7\u00a0\u00a0junho 5, 2019 Quando os filhos rompem o relacionamento com os seus pais, pode haver uma boa justificativa: uma hist\u00f3ria de abusos, antagonismo nos valores... No entanto, isso nem sempre\u2026","rel":"","context":"Em &quot;Sem categoria&quot;","block_context":{"text":"Sem categoria","link":"https:\/\/gersonguelmann.com.br\/blog\/category\/sem-categoria\/"},"img":{"alt_text":"","src":"https:\/\/i0.wp.com\/gersonguelmann.com.br\/blog\/wp-content\/uploads\/2019\/07\/2.png?fit=800%2C440&ssl=1&resize=350%2C200","width":350,"height":200,"srcset":"https:\/\/i0.wp.com\/gersonguelmann.com.br\/blog\/wp-content\/uploads\/2019\/07\/2.png?fit=800%2C440&ssl=1&resize=350%2C200 1x, https:\/\/i0.wp.com\/gersonguelmann.com.br\/blog\/wp-content\/uploads\/2019\/07\/2.png?fit=800%2C440&ssl=1&resize=525%2C300 1.5x, https:\/\/i0.wp.com\/gersonguelmann.com.br\/blog\/wp-content\/uploads\/2019\/07\/2.png?fit=800%2C440&ssl=1&resize=700%2C400 2x"},"classes":[]},{"id":17137,"url":"https:\/\/gersonguelmann.com.br\/blog\/quando-a-doenca-e-incuravel-insistir-ou-desistir-da-vida\/","url_meta":{"origin":12706,"position":2},"title":"Quando a Doen\u00e7a \u00e9 Incur\u00e1vel, Insistir ou Desistir da Vida?","author":"Gerson Guelmann","date":"22 de junho de 2019","format":false,"excerpt":"N\u00e3o tenho fixa\u00e7\u00e3o pelo tema da eutan\u00e1sia ou morte assistida, mas a verdade \u00e9 que esta \u00e9 a 3\u00aa vez que compartilho material sobre o assunto. Acredito que isso isso aconte\u00e7a porque todos os dias recebo muitos boletins de not\u00edcias de publica\u00e7\u00f5es do exterior, onde a mat\u00e9ria \u00e9 recorrente. H\u00e1\u2026","rel":"","context":"Em &quot;Sem categoria&quot;","block_context":{"text":"Sem categoria","link":"https:\/\/gersonguelmann.com.br\/blog\/category\/sem-categoria\/"},"img":{"alt_text":"","src":"https:\/\/i0.wp.com\/gersonguelmann.com.br\/blog\/wp-content\/uploads\/2019\/06\/life-and-death.jpg?fit=960%2C501&ssl=1&resize=350%2C200","width":350,"height":200,"srcset":"https:\/\/i0.wp.com\/gersonguelmann.com.br\/blog\/wp-content\/uploads\/2019\/06\/life-and-death.jpg?fit=960%2C501&ssl=1&resize=350%2C200 1x, https:\/\/i0.wp.com\/gersonguelmann.com.br\/blog\/wp-content\/uploads\/2019\/06\/life-and-death.jpg?fit=960%2C501&ssl=1&resize=525%2C300 1.5x, https:\/\/i0.wp.com\/gersonguelmann.com.br\/blog\/wp-content\/uploads\/2019\/06\/life-and-death.jpg?fit=960%2C501&ssl=1&resize=700%2C400 2x"},"classes":[]},{"id":16371,"url":"https:\/\/gersonguelmann.com.br\/blog\/voce-espiona-o-celular-doa-companheiroa\/","url_meta":{"origin":12706,"position":3},"title":"Voc\u00ea Espiona o Celular do(a) Companheiro(a)?","author":"Gerson Guelmann","date":"12 de abril de 2019","format":false,"excerpt":"Se a pesquisa estiver certa, 1 em cada 2 leitores do meu blog fazem (ou j\u00e1 fizeram) isso. Leia a mat\u00e9ria publicada pelo site Tecmundo: Metade dos brasileiros espiona o celular da namorada(o) POR\u00a0FELIPE PAY\u00c3O\u00a0|\u00a0@felipepayao EM\u00a0SEGURAN\u00c7A - 05 ABR 2019 \u2014 10H34 A\u00a0Kaspersky\u00a0descobriu cerca de 60 mil aplicativos \u201cstalkerware\u201d instalados\u2026","rel":"","context":"Em &quot;Sem categoria&quot;","block_context":{"text":"Sem categoria","link":"https:\/\/gersonguelmann.com.br\/blog\/category\/sem-categoria\/"},"img":{"alt_text":"","src":"https:\/\/i0.wp.com\/gersonguelmann.com.br\/blog\/wp-content\/uploads\/2019\/04\/Celular.jpg?fit=1200%2C619&ssl=1&resize=350%2C200","width":350,"height":200,"srcset":"https:\/\/i0.wp.com\/gersonguelmann.com.br\/blog\/wp-content\/uploads\/2019\/04\/Celular.jpg?fit=1200%2C619&ssl=1&resize=350%2C200 1x, https:\/\/i0.wp.com\/gersonguelmann.com.br\/blog\/wp-content\/uploads\/2019\/04\/Celular.jpg?fit=1200%2C619&ssl=1&resize=525%2C300 1.5x, https:\/\/i0.wp.com\/gersonguelmann.com.br\/blog\/wp-content\/uploads\/2019\/04\/Celular.jpg?fit=1200%2C619&ssl=1&resize=700%2C400 2x, https:\/\/i0.wp.com\/gersonguelmann.com.br\/blog\/wp-content\/uploads\/2019\/04\/Celular.jpg?fit=1200%2C619&ssl=1&resize=1050%2C600 3x"},"classes":[]},{"id":15879,"url":"https:\/\/gersonguelmann.com.br\/blog\/para-nos-idosos-e-os-esquecidinhos-em-geral\/","url_meta":{"origin":12706,"position":4},"title":"Para n\u00f3s idosos e os esquecidinhos em geral","author":"Gerson Guelmann","date":"31 de janeiro de 2020","format":false,"excerpt":"O texto abaixo \u00e9 mais um dos muitos que a gente recebe pelas redes, especialmente WhatsApp e Facebook.\u00a0 Antes de compartilhar agi como de costume: pesquisei para saber a origem. A refer\u00eancia mais antiga que encontrei foi a publica\u00e7\u00e3o em um Blog em novembro de 2013.\u00a0 Procurei saber tamb\u00e9m sobre\u2026","rel":"","context":"Em &quot;Sem categoria&quot;","block_context":{"text":"Sem categoria","link":"https:\/\/gersonguelmann.com.br\/blog\/category\/sem-categoria\/"},"img":{"alt_text":"","src":"https:\/\/i0.wp.com\/gersonguelmann.com.br\/blog\/wp-content\/uploads\/2019\/02\/Mem%C3%B3ria.png?resize=350%2C200&ssl=1","width":350,"height":200},"classes":[]},{"id":3382,"url":"https:\/\/gersonguelmann.com.br\/blog\/ser-omisso-nao-salva-as-pessoas\/","url_meta":{"origin":12706,"position":5},"title":"Ser Omisso N\u00e3o Salva As Pessoas","author":"Gerson Guelmann","date":"23 de outubro de 2017","format":false,"excerpt":"Not\u00edcia maravilhosa: duas Curitibanas,\u00a0Lara Prado e\u00a0Eduarda Rossi, de 13 e 14 anos\u00a0respectivamente, alunas do\u00a0 9\u00b0 ano do ensino fundamental do Col\u00e9gio Positivo,\u00a0 criaram um aplicativo para celular para ajudar mulheres em casos de ass\u00e9dio sexual. As meninas batizaram o aplicativo com os nomes de \"SOS People\" e \"Ser Omisso n\u00e3o\u2026","rel":"","context":"Em &quot;Sem categoria&quot;","block_context":{"text":"Sem categoria","link":"https:\/\/gersonguelmann.com.br\/blog\/category\/sem-categoria\/"},"img":{"alt_text":"","src":"https:\/\/i0.wp.com\/gersonguelmann.com.br\/blog\/wp-content\/uploads\/2017\/10\/Ass%C3%A9dio-Sexual.jpg?fit=640%2C427&ssl=1&resize=350%2C200","width":350,"height":200,"srcset":"https:\/\/i0.wp.com\/gersonguelmann.com.br\/blog\/wp-content\/uploads\/2017\/10\/Ass%C3%A9dio-Sexual.jpg?fit=640%2C427&ssl=1&resize=350%2C200 1x, https:\/\/i0.wp.com\/gersonguelmann.com.br\/blog\/wp-content\/uploads\/2017\/10\/Ass%C3%A9dio-Sexual.jpg?fit=640%2C427&ssl=1&resize=525%2C300 1.5x"},"classes":[]}],"jetpack_sharing_enabled":true,"post_mailing_queue_ids":[],"_links":{"self":[{"href":"https:\/\/gersonguelmann.com.br\/blog\/wp-json\/wp\/v2\/posts\/12706","targetHints":{"allow":["GET"]}}],"collection":[{"href":"https:\/\/gersonguelmann.com.br\/blog\/wp-json\/wp\/v2\/posts"}],"about":[{"href":"https:\/\/gersonguelmann.com.br\/blog\/wp-json\/wp\/v2\/types\/post"}],"author":[{"embeddable":true,"href":"https:\/\/gersonguelmann.com.br\/blog\/wp-json\/wp\/v2\/users\/5"}],"replies":[{"embeddable":true,"href":"https:\/\/gersonguelmann.com.br\/blog\/wp-json\/wp\/v2\/comments?post=12706"}],"version-history":[{"count":0,"href":"https:\/\/gersonguelmann.com.br\/blog\/wp-json\/wp\/v2\/posts\/12706\/revisions"}],"wp:featuredmedia":[{"embeddable":true,"href":"https:\/\/gersonguelmann.com.br\/blog\/wp-json\/wp\/v2\/media\/12707"}],"wp:attachment":[{"href":"https:\/\/gersonguelmann.com.br\/blog\/wp-json\/wp\/v2\/media?parent=12706"}],"wp:term":[{"taxonomy":"category","embeddable":true,"href":"https:\/\/gersonguelmann.com.br\/blog\/wp-json\/wp\/v2\/categories?post=12706"},{"taxonomy":"post_tag","embeddable":true,"href":"https:\/\/gersonguelmann.com.br\/blog\/wp-json\/wp\/v2\/tags?post=12706"}],"curies":[{"name":"wp","href":"https:\/\/api.w.org\/{rel}","templated":true}]}}