    {"id":12711,"date":"2018-05-09T19:08:16","date_gmt":"2018-05-09T22:08:16","guid":{"rendered":"https:\/\/gersonguelmann.com.br\/blog\/?p=12711"},"modified":"2018-05-09T19:08:16","modified_gmt":"2018-05-09T22:08:16","slug":"lula-e-a-cozinha-do-sitio","status":"publish","type":"post","link":"https:\/\/gersonguelmann.com.br\/blog\/lula-e-a-cozinha-do-sitio\/","title":{"rendered":"Lula e a Cozinha do S\u00edtio"},"content":{"rendered":"<p style=\"text-align: center;\"><img data-recalc-dims=\"1\" fetchpriority=\"high\" decoding=\"async\" data-attachment-id=\"12716\" data-permalink=\"https:\/\/gersonguelmann.com.br\/blog\/lula-e-a-cozinha-do-sitio\/age20160205118-1545-k3oc-u102476757017ief-1024x576gp-web\/\" data-orig-file=\"https:\/\/i0.wp.com\/gersonguelmann.com.br\/blog\/wp-content\/uploads\/2018\/05\/AGE20160205118-1545-k3oC-U102476757017IeF-1024x576%40GP-Web.jpg?fit=1024%2C576&amp;ssl=1\" data-orig-size=\"1024,576\" data-comments-opened=\"1\" data-image-meta=\"{&quot;aperture&quot;:&quot;0&quot;,&quot;credit&quot;:&quot;&quot;,&quot;camera&quot;:&quot;&quot;,&quot;caption&quot;:&quot;&quot;,&quot;created_timestamp&quot;:&quot;0&quot;,&quot;copyright&quot;:&quot;&quot;,&quot;focal_length&quot;:&quot;0&quot;,&quot;iso&quot;:&quot;0&quot;,&quot;shutter_speed&quot;:&quot;0&quot;,&quot;title&quot;:&quot;&quot;,&quot;orientation&quot;:&quot;0&quot;}\" data-image-title=\"AGE20160205118-1545-k3oC-U102476757017IeF-1024&amp;#215;576@GP-Web\" data-image-description=\"\" data-image-caption=\"\" data-medium-file=\"https:\/\/i0.wp.com\/gersonguelmann.com.br\/blog\/wp-content\/uploads\/2018\/05\/AGE20160205118-1545-k3oC-U102476757017IeF-1024x576%40GP-Web.jpg?fit=300%2C169&amp;ssl=1\" data-large-file=\"https:\/\/i0.wp.com\/gersonguelmann.com.br\/blog\/wp-content\/uploads\/2018\/05\/AGE20160205118-1545-k3oC-U102476757017IeF-1024x576%40GP-Web.jpg?fit=640%2C360&amp;ssl=1\" class=\"alignnone size-medium wp-image-12716\" src=\"https:\/\/i0.wp.com\/gersonguelmann.com.br\/blog\/wp-content\/uploads\/2018\/05\/AGE20160205118-1545-k3oC-U102476757017IeF-1024x576%40GP-Web.jpg?resize=300%2C169&#038;ssl=1\" alt=\"\" width=\"300\" height=\"169\" srcset=\"https:\/\/i0.wp.com\/gersonguelmann.com.br\/blog\/wp-content\/uploads\/2018\/05\/AGE20160205118-1545-k3oC-U102476757017IeF-1024x576%40GP-Web.jpg?resize=300%2C169&amp;ssl=1 300w, https:\/\/i0.wp.com\/gersonguelmann.com.br\/blog\/wp-content\/uploads\/2018\/05\/AGE20160205118-1545-k3oC-U102476757017IeF-1024x576%40GP-Web.jpg?resize=768%2C432&amp;ssl=1 768w, https:\/\/i0.wp.com\/gersonguelmann.com.br\/blog\/wp-content\/uploads\/2018\/05\/AGE20160205118-1545-k3oC-U102476757017IeF-1024x576%40GP-Web.jpg?w=1024&amp;ssl=1 1024w\" sizes=\"(max-width: 300px) 100vw, 300px\" \/><\/p>\n<p><span style=\"font-family: georgia, palatino, serif; font-size: 18pt;\">Os principais Blogs de Pol\u00edtica est\u00e3o repercutindo hoje as declara\u00e7\u00f5es dadas por\u00a0Gilberto Carvalho em depoimento ao juiz S\u00e9rgio Moro da 13\u00aa Vara da Justi\u00e7a Federal, em Curitiba, na condi\u00e7\u00e3o de testemunha de defesa do ex-presidente Lula.<\/span><\/p>\n<p><span style=\"font-family: georgia, palatino, serif; font-size: 18pt;\">O ex-ministro mencionou o desejo manifestado por Lula de um dia adquirir o s\u00edtio de Atibaia, insistindo em dizer que a propriedade n\u00e3o \u00e9 dele.<\/span><\/p>\n<p><span style=\"font-family: georgia, palatino, serif; font-size: 18pt;\">Ao mesmo tempo os jornalistas que acompanham o caso est\u00e3o recuperando as informa\u00e7\u00f5es dadas pelo pr\u00f3prio ex-presidente no depoimento ao mesmo juiz em 10\/5\/2015, como disse mat\u00e9ria da revista Exame, que transcrevo:<\/span><\/p>\n<div class=\"article-category\"><strong><span style=\"color: #ff0000;\">BRASIL<\/span><\/strong><\/div>\n<p class=\"article-title\"><span style=\"font-size: 24pt;\"><strong>S\u00f3 discuti com L\u00e9o Pinheiro sobre cozinha do s\u00edtio, diz Lula<\/strong><\/span><\/p>\n<p class=\"article-subtitle\"><span style=\"font-size: 18pt;\"><strong>O petista declarou que o ex-presidente da OAS o visitou em S\u00e3o Bernardo do Campo<\/strong><\/span><\/p>\n<div class=\"article-author\"><span style=\"font-size: 14pt;\">Por\u00a0Estad\u00e3o Conte\u00fado<\/span><\/div>\n<div class=\"article-date\"><span style=\"font-size: 14pt;\">11 maio 2017, 16h13<\/span><\/div>\n<div>\n<p><span style=\"font-size: 14pt;\">S\u00e3o Paulo \u2013 O ex-presidente\u00a0<strong>Luiz In\u00e1cio Lula da Silva<\/strong>\u00a0confirmou nesta quarta-feira, 10, durante seu interrogat\u00f3rio ao juiz federal S\u00e9rgio Moro que o empreiteiro Jos\u00e9 Adelm\u00e1rio Pinheiro, o\u00a0L\u00e9o Pinheiro, ex-presidente da OAS, o visitou em S\u00e3o Bernardo do Campo \u2013 munic\u00edpio do ABC paulista onde mora o petista.<\/span><\/p>\n<p><span style=\"font-size: 14pt;\">Mas Lula declarou que \u201cn\u00e3o lembrava\u201d da visita.<\/span><\/p>\n<p><span style=\"font-size: 14pt;\">O procurador Roberson Pozzobon, um dos tr\u00eas membros da for\u00e7a-tarefa da Lava Jato que participaram do interrogat\u00f3rio do petista \u2013 perguntou a Lula se L\u00e9o Pinheiro havia ido ao apartamento do ex-presidente.<\/span><\/p>\n<p><span style=\"font-size: 14pt;\">\u201cVisitou, eu nem me lembrava da visita. \u00c9 que eu vi no depoimento dele, ele dizendo que foi l\u00e1 em casa e depois eu vi o dr. Paulo, que eu n\u00e3o sabia que era Paulo Gordilho, s\u00f3 sabia que era Paulo, que diz que foi l\u00e1 em casa. Como os dois disseram, eu n\u00e3o me lembro, mas eles disseram que foram, eu tamb\u00e9m n\u00e3o quero desmentir. Se foram, foram. E n\u00e3o discutiram, e n\u00e3o discutiram apartamento\u00a0(triplex do Guaruj\u00e1). A minha afirma\u00e7\u00e3o \u00e9 categ\u00f3rica. Eu discuti o apartamento duas vezes\u201d, declarou.<\/span><\/p>\n<p><span style=\"font-size: 14pt;\">Em depoimento a Moro, em abril, o executivo Paulo Gordilho, ligado \u00e0 OAS, contou que foi a S\u00e3o Bernardo do Campo, mostrar a Lula dois projetos relacionados ao s\u00edtio Santa B\u00e1rbara, de Atibaia, no interior de S\u00e3o Paulo, e ao triplex 164-A, no Guaruj\u00e1, no litoral paulista.<\/span><\/p>\n<p><span style=\"font-size: 14pt;\">A Opera\u00e7\u00e3o Lava Jato atribui as duas propriedades ao petista, que nega.<\/span><\/p>\n<p><span style=\"font-size: 14pt;\">O procurador Julio Noronha quis saber o que o ex-presidente e os empreiteiros discutiram na ocasi\u00e3o.<\/span><\/p>\n<p><span style=\"font-size: 14pt;\">\u201cEu acho que eles tinham ido discutir a quest\u00e3o da cozinha, que tamb\u00e9m n\u00e3o \u00e9 assunto para discutir agora, l\u00e1 de Atibaia. Eu acho\u201d, afirmou o petista.<\/span><\/p>\n<p><span style=\"font-size: 14pt;\">Pozzobon pegou a palavra e relatou a Lula que os empreiteiros informaram que, na ocasi\u00e3o, teria havido uma discuss\u00e3o tamb\u00e9m sobre o triplex do Guaruj\u00e1.<\/span><\/p>\n<p><span style=\"font-size: 14pt;\">\u201cVoc\u00ea tamb\u00e9m ouviu o dr. Paulo Gordilho dizer que ele notou que a gente nem estava entendendo que ele estava falando do projeto. Ele disse isso no depoimento\u201d, replicou Lula.<\/span><\/p>\n<p><span style=\"font-size: 14pt;\">Pozzobon insistiu no conte\u00fado da discuss\u00e3o no encontro no apartamento de Lula em S\u00e3o Bernardo.<\/span><\/p>\n<p><span style=\"font-size: 14pt;\">\u201cEu n\u00e3o tenho a menor no\u00e7\u00e3o. S\u00f3 discuti apenas a quest\u00e3o da cozinha. Eu vou dizer para voc\u00ea, nunca mais depois que eu visitei o pr\u00e9dio, nunca mais eu discuti triplex\u201d, enfatizou o petista.<\/span><\/p>\n<p><span style=\"font-size: 14pt;\">Lula foi interrogado em a\u00e7\u00e3o penal na qual \u00e9 r\u00e9u tamb\u00e9m o ex-presidente da OAS.<\/span><\/p>\n<p><span style=\"font-size: 14pt;\">O petista \u00e9 acusado de receber R$ 3,7 milh\u00f5es em benef\u00edcio pr\u00f3prio \u2013 de um valor de R$ 87 milh\u00f5es de corrup\u00e7\u00e3o \u2013 da empreiteira, entre 2006 e 2012.<\/span><\/p>\n<p><span style=\"font-size: 14pt;\">As acusa\u00e7\u00f5es contra Lula s\u00e3o relativas ao suposto recebimento de vantagens il\u00edcitas da empreiteira OAS por meio do triplex no Guaruj\u00e1, no Condom\u00ednio Solaris, e ao armazenamento de bens do acervo presidencial, de 2011 a 2016.<\/span><\/p>\n<p><span style=\"font-size: 14pt;\">Gordilho prestou depoimento a Moro em abril. O executivo narrou que foi a S\u00e3o Bernardo, onde mora Lula, acompanhado do ex-presidente da OAS.<\/span><\/p>\n<p><span style=\"font-size: 14pt;\">Segundo o executivo, nesta ocasi\u00e3o, foram mostrados a Lula e\u00a0dona Marisa(morta em fevereiro passado v\u00edtima de um AVC) o projeto para as duas propriedades.<\/span><\/p>\n<p><span style=\"font-size: 14pt;\">\u201cO s\u00edtio de Atibaia, na realidade, n\u00e3o era nem um projeto, que o projeto a Kitchens fez. Mas ela fez umas plantas decoradas que at\u00e9 um leigo completo saberia ver, que \u00e9 ver uma foto de uma cozinha pronta apesar de n\u00e3o estar pronta, estar desenhada, colorida, n\u00e9, com prato, talher, tudo em cima, mas uma foto de arquitetura, n\u00e3o era um projeto em si\u201d, disse.<\/span><\/p>\n<p><span style=\"font-size: 14pt;\">\u201cNeste dia l\u00e1 em S\u00e3o Bernardo do Campo foi mostrado os dois\u201d, disse Lula.<\/span><\/p>\n<p><span style=\"font-size: 14pt;\">\u201cPara o ex-presidente?\u201d, quis saber Moro.<\/span><\/p>\n<p><span style=\"font-size: 14pt;\">\u201c\u00c9\u201d, respondeu Gordilho.<\/span><\/p>\n<p><span style=\"font-size: 14pt;\">\u201cHouve concord\u00e2ncia com o projeto?\u201d, questionou o magistrado.<\/span><\/p>\n<p><span style=\"font-size: 14pt;\">\u201cEu diria que houve, porque tanto que foi feito. Mas, vamos dizer assim, eles n\u00e3o entenderam bem. Tirando a cozinha de Atibaia que era uma foto, n\u00e3o pode tamb\u00e9m exigir que dona Marisa e o ex-presidente conhe\u00e7am projeto de planta baixa, corte de um projeto de arquitetura, entendeu?\u201d, disse o executivo.<\/span><\/p>\n<p><span style=\"font-family: georgia, palatino, serif; font-size: 18pt;\">A mat\u00e9ria original pode ser lida <span style=\"color: #0000ff;\"><em><strong><a style=\"color: #0000ff;\" href=\"https:\/\/exame.abril.com.br\/brasil\/so-discuti-com-leo-pinheiro-sobre-cozinha-do-sitio-diz-lula\/\">aqui<\/a><\/strong><\/em><\/span>, e o v\u00eddeo com o trecho do depoimento do ex-presidente est\u00e1 abaixo.<\/span><\/p>\n<p><span class=\"embed-youtube\" style=\"text-align:center; display: block;\"><iframe class=\"youtube-player\" width=\"640\" height=\"360\" src=\"https:\/\/www.youtube.com\/embed\/W6Ivx06yw1M?version=3&#038;rel=1&#038;showsearch=0&#038;showinfo=1&#038;iv_load_policy=1&#038;fs=1&#038;hl=pt-BR&#038;autohide=2&#038;wmode=transparent\" allowfullscreen=\"true\" style=\"border:0;\" sandbox=\"allow-scripts allow-same-origin allow-popups allow-presentation allow-popups-to-escape-sandbox\"><\/iframe><\/span><\/p>\n<\/div>\n","protected":false},"excerpt":{"rendered":"<p>Os principais Blogs de Pol\u00edtica est\u00e3o repercutindo hoje as declara\u00e7\u00f5es dadas por\u00a0Gilberto Carvalho em depoimento ao juiz S\u00e9rgio Moro da 13\u00aa Vara da Justi\u00e7a Federal, em Curitiba, na condi\u00e7\u00e3o de testemunha de defesa do ex-presidente Lula. O ex-ministro mencionou o desejo manifestado por Lula de um dia adquirir o s\u00edtio de Atibaia, insistindo em dizer [&hellip;]<\/p>\n","protected":false},"author":5,"featured_media":12716,"comment_status":"open","ping_status":"open","sticky":false,"template":"","format":"standard","meta":{"_acf_changed":false,"jetpack_post_was_ever_published":false,"_jetpack_newsletter_access":"","_jetpack_dont_email_post_to_subs":false,"_jetpack_newsletter_tier_id":0,"_jetpack_memberships_contains_paywalled_content":false,"_jetpack_memberships_contains_paid_content":false,"footnotes":"","jetpack_publicize_message":"","jetpack_publicize_feature_enabled":true,"jetpack_social_post_already_shared":true,"jetpack_social_options":{"image_generator_settings":{"template":"highway","default_image_id":0,"font":"","enabled":false},"version":2}},"categories":[1],"tags":[],"class_list":["post-12711","post","type-post","status-publish","format-standard","has-post-thumbnail","hentry","category-sem-categoria"],"acf":[],"yoast_head":"<!-- This site is optimized with the Yoast SEO plugin v27.3 - https:\/\/yoast.com\/product\/yoast-seo-wordpress\/ -->\n<title>Lula e a Cozinha do S\u00edtio | Blog do Guelmann<\/title>\n<meta name=\"robots\" content=\"index, follow, max-snippet:-1, max-image-preview:large, max-video-preview:-1\" \/>\n<link rel=\"canonical\" href=\"https:\/\/gersonguelmann.com.br\/blog\/lula-e-a-cozinha-do-sitio\/\" \/>\n<meta property=\"og:locale\" content=\"pt_BR\" \/>\n<meta property=\"og:type\" content=\"article\" \/>\n<meta property=\"og:title\" content=\"Lula e a Cozinha do S\u00edtio | Blog do Guelmann\" \/>\n<meta property=\"og:description\" content=\"Os principais Blogs de Pol\u00edtica est\u00e3o repercutindo hoje as declara\u00e7\u00f5es dadas por\u00a0Gilberto Carvalho em depoimento ao juiz S\u00e9rgio Moro da 13\u00aa Vara da Justi\u00e7a Federal, em Curitiba, na condi\u00e7\u00e3o de testemunha de defesa do ex-presidente Lula. O ex-ministro mencionou o desejo manifestado por Lula de um dia adquirir o s\u00edtio de Atibaia, insistindo em dizer [&hellip;]\" \/>\n<meta property=\"og:url\" content=\"https:\/\/gersonguelmann.com.br\/blog\/lula-e-a-cozinha-do-sitio\/\" \/>\n<meta property=\"og:site_name\" content=\"Blog do Guelmann\" \/>\n<meta property=\"article:published_time\" content=\"2018-05-09T22:08:16+00:00\" \/>\n<meta property=\"og:image\" content=\"https:\/\/i0.wp.com\/gersonguelmann.com.br\/blog\/wp-content\/uploads\/2018\/05\/AGE20160205118-1545-k3oC-U102476757017IeF-1024x576@GP-Web.jpg?fit=1024%2C576&ssl=1\" \/>\n\t<meta property=\"og:image:width\" content=\"1024\" \/>\n\t<meta property=\"og:image:height\" content=\"576\" \/>\n\t<meta property=\"og:image:type\" content=\"image\/jpeg\" \/>\n<meta name=\"author\" content=\"Gerson Guelmann\" \/>\n<meta name=\"twitter:card\" content=\"summary_large_image\" \/>\n<meta name=\"twitter:label1\" content=\"Escrito por\" \/>\n\t<meta name=\"twitter:data1\" content=\"Gerson Guelmann\" \/>\n\t<meta name=\"twitter:label2\" content=\"Est. tempo de leitura\" \/>\n\t<meta name=\"twitter:data2\" content=\"4 minutos\" \/>\n<script type=\"application\/ld+json\" class=\"yoast-schema-graph\">{\"@context\":\"https:\\\/\\\/schema.org\",\"@graph\":[{\"@type\":\"Article\",\"@id\":\"https:\\\/\\\/gersonguelmann.com.br\\\/blog\\\/lula-e-a-cozinha-do-sitio\\\/#article\",\"isPartOf\":{\"@id\":\"https:\\\/\\\/gersonguelmann.com.br\\\/blog\\\/lula-e-a-cozinha-do-sitio\\\/\"},\"author\":{\"name\":\"Gerson Guelmann\",\"@id\":\"https:\\\/\\\/gersonguelmann.com.br\\\/blog\\\/#\\\/schema\\\/person\\\/87e70e2a786888082f941a482c90569e\"},\"headline\":\"Lula e a Cozinha do S\u00edtio\",\"datePublished\":\"2018-05-09T22:08:16+00:00\",\"mainEntityOfPage\":{\"@id\":\"https:\\\/\\\/gersonguelmann.com.br\\\/blog\\\/lula-e-a-cozinha-do-sitio\\\/\"},\"wordCount\":888,\"commentCount\":0,\"image\":{\"@id\":\"https:\\\/\\\/gersonguelmann.com.br\\\/blog\\\/lula-e-a-cozinha-do-sitio\\\/#primaryimage\"},\"thumbnailUrl\":\"https:\\\/\\\/i0.wp.com\\\/gersonguelmann.com.br\\\/blog\\\/wp-content\\\/uploads\\\/2018\\\/05\\\/AGE20160205118-1545-k3oC-U102476757017IeF-1024x576%40GP-Web.jpg?fit=1024%2C576&ssl=1\",\"inLanguage\":\"pt-BR\",\"potentialAction\":[{\"@type\":\"CommentAction\",\"name\":\"Comment\",\"target\":[\"https:\\\/\\\/gersonguelmann.com.br\\\/blog\\\/lula-e-a-cozinha-do-sitio\\\/#respond\"]}]},{\"@type\":\"WebPage\",\"@id\":\"https:\\\/\\\/gersonguelmann.com.br\\\/blog\\\/lula-e-a-cozinha-do-sitio\\\/\",\"url\":\"https:\\\/\\\/gersonguelmann.com.br\\\/blog\\\/lula-e-a-cozinha-do-sitio\\\/\",\"name\":\"Lula e a Cozinha do S\u00edtio | Blog do Guelmann\",\"isPartOf\":{\"@id\":\"https:\\\/\\\/gersonguelmann.com.br\\\/blog\\\/#website\"},\"primaryImageOfPage\":{\"@id\":\"https:\\\/\\\/gersonguelmann.com.br\\\/blog\\\/lula-e-a-cozinha-do-sitio\\\/#primaryimage\"},\"image\":{\"@id\":\"https:\\\/\\\/gersonguelmann.com.br\\\/blog\\\/lula-e-a-cozinha-do-sitio\\\/#primaryimage\"},\"thumbnailUrl\":\"https:\\\/\\\/i0.wp.com\\\/gersonguelmann.com.br\\\/blog\\\/wp-content\\\/uploads\\\/2018\\\/05\\\/AGE20160205118-1545-k3oC-U102476757017IeF-1024x576%40GP-Web.jpg?fit=1024%2C576&ssl=1\",\"datePublished\":\"2018-05-09T22:08:16+00:00\",\"author\":{\"@id\":\"https:\\\/\\\/gersonguelmann.com.br\\\/blog\\\/#\\\/schema\\\/person\\\/87e70e2a786888082f941a482c90569e\"},\"inLanguage\":\"pt-BR\",\"potentialAction\":[{\"@type\":\"ReadAction\",\"target\":[\"https:\\\/\\\/gersonguelmann.com.br\\\/blog\\\/lula-e-a-cozinha-do-sitio\\\/\"]}]},{\"@type\":\"ImageObject\",\"inLanguage\":\"pt-BR\",\"@id\":\"https:\\\/\\\/gersonguelmann.com.br\\\/blog\\\/lula-e-a-cozinha-do-sitio\\\/#primaryimage\",\"url\":\"https:\\\/\\\/i0.wp.com\\\/gersonguelmann.com.br\\\/blog\\\/wp-content\\\/uploads\\\/2018\\\/05\\\/AGE20160205118-1545-k3oC-U102476757017IeF-1024x576%40GP-Web.jpg?fit=1024%2C576&ssl=1\",\"contentUrl\":\"https:\\\/\\\/i0.wp.com\\\/gersonguelmann.com.br\\\/blog\\\/wp-content\\\/uploads\\\/2018\\\/05\\\/AGE20160205118-1545-k3oC-U102476757017IeF-1024x576%40GP-Web.jpg?fit=1024%2C576&ssl=1\",\"width\":1024,\"height\":576},{\"@type\":\"WebSite\",\"@id\":\"https:\\\/\\\/gersonguelmann.com.br\\\/blog\\\/#website\",\"url\":\"https:\\\/\\\/gersonguelmann.com.br\\\/blog\\\/\",\"name\":\"Blog do Guelmann\",\"description\":\"Pitadas da sabedoria e do humor judaicos, assuntos do momento e um pouco das hist\u00f3rias que vivi e testemunhei.\",\"potentialAction\":[{\"@type\":\"SearchAction\",\"target\":{\"@type\":\"EntryPoint\",\"urlTemplate\":\"https:\\\/\\\/gersonguelmann.com.br\\\/blog\\\/?s={search_term_string}\"},\"query-input\":{\"@type\":\"PropertyValueSpecification\",\"valueRequired\":true,\"valueName\":\"search_term_string\"}}],\"inLanguage\":\"pt-BR\"},{\"@type\":\"Person\",\"@id\":\"https:\\\/\\\/gersonguelmann.com.br\\\/blog\\\/#\\\/schema\\\/person\\\/87e70e2a786888082f941a482c90569e\",\"name\":\"Gerson Guelmann\",\"image\":{\"@type\":\"ImageObject\",\"inLanguage\":\"pt-BR\",\"@id\":\"https:\\\/\\\/i0.wp.com\\\/gersonguelmann.com.br\\\/blog\\\/wp-content\\\/uploads\\\/2021\\\/08\\\/BLOG.jpeg?fit=96%2C96&ssl=1\",\"url\":\"https:\\\/\\\/i0.wp.com\\\/gersonguelmann.com.br\\\/blog\\\/wp-content\\\/uploads\\\/2021\\\/08\\\/BLOG.jpeg?fit=96%2C96&ssl=1\",\"contentUrl\":\"https:\\\/\\\/i0.wp.com\\\/gersonguelmann.com.br\\\/blog\\\/wp-content\\\/uploads\\\/2021\\\/08\\\/BLOG.jpeg?fit=96%2C96&ssl=1\",\"caption\":\"Gerson Guelmann\"},\"description\":\"Pitadas da sabedoria e do humor judaicos, assuntos do momento e um pouco das hist\u00f3rias que vivi e testemunhei.\"}]}<\/script>\n<!-- \/ Yoast SEO plugin. -->","yoast_head_json":{"title":"Lula e a Cozinha do S\u00edtio | Blog do Guelmann","robots":{"index":"index","follow":"follow","max-snippet":"max-snippet:-1","max-image-preview":"max-image-preview:large","max-video-preview":"max-video-preview:-1"},"canonical":"https:\/\/gersonguelmann.com.br\/blog\/lula-e-a-cozinha-do-sitio\/","og_locale":"pt_BR","og_type":"article","og_title":"Lula e a Cozinha do S\u00edtio | Blog do Guelmann","og_description":"Os principais Blogs de Pol\u00edtica est\u00e3o repercutindo hoje as declara\u00e7\u00f5es dadas por\u00a0Gilberto Carvalho em depoimento ao juiz S\u00e9rgio Moro da 13\u00aa Vara da Justi\u00e7a Federal, em Curitiba, na condi\u00e7\u00e3o de testemunha de defesa do ex-presidente Lula. O ex-ministro mencionou o desejo manifestado por Lula de um dia adquirir o s\u00edtio de Atibaia, insistindo em dizer [&hellip;]","og_url":"https:\/\/gersonguelmann.com.br\/blog\/lula-e-a-cozinha-do-sitio\/","og_site_name":"Blog do Guelmann","article_published_time":"2018-05-09T22:08:16+00:00","og_image":[{"width":1024,"height":576,"url":"https:\/\/i0.wp.com\/gersonguelmann.com.br\/blog\/wp-content\/uploads\/2018\/05\/AGE20160205118-1545-k3oC-U102476757017IeF-1024x576@GP-Web.jpg?fit=1024%2C576&ssl=1","type":"image\/jpeg"}],"author":"Gerson Guelmann","twitter_card":"summary_large_image","twitter_misc":{"Escrito por":"Gerson Guelmann","Est. tempo de leitura":"4 minutos"},"schema":{"@context":"https:\/\/schema.org","@graph":[{"@type":"Article","@id":"https:\/\/gersonguelmann.com.br\/blog\/lula-e-a-cozinha-do-sitio\/#article","isPartOf":{"@id":"https:\/\/gersonguelmann.com.br\/blog\/lula-e-a-cozinha-do-sitio\/"},"author":{"name":"Gerson Guelmann","@id":"https:\/\/gersonguelmann.com.br\/blog\/#\/schema\/person\/87e70e2a786888082f941a482c90569e"},"headline":"Lula e a Cozinha do S\u00edtio","datePublished":"2018-05-09T22:08:16+00:00","mainEntityOfPage":{"@id":"https:\/\/gersonguelmann.com.br\/blog\/lula-e-a-cozinha-do-sitio\/"},"wordCount":888,"commentCount":0,"image":{"@id":"https:\/\/gersonguelmann.com.br\/blog\/lula-e-a-cozinha-do-sitio\/#primaryimage"},"thumbnailUrl":"https:\/\/i0.wp.com\/gersonguelmann.com.br\/blog\/wp-content\/uploads\/2018\/05\/AGE20160205118-1545-k3oC-U102476757017IeF-1024x576%40GP-Web.jpg?fit=1024%2C576&ssl=1","inLanguage":"pt-BR","potentialAction":[{"@type":"CommentAction","name":"Comment","target":["https:\/\/gersonguelmann.com.br\/blog\/lula-e-a-cozinha-do-sitio\/#respond"]}]},{"@type":"WebPage","@id":"https:\/\/gersonguelmann.com.br\/blog\/lula-e-a-cozinha-do-sitio\/","url":"https:\/\/gersonguelmann.com.br\/blog\/lula-e-a-cozinha-do-sitio\/","name":"Lula e a Cozinha do S\u00edtio | Blog do Guelmann","isPartOf":{"@id":"https:\/\/gersonguelmann.com.br\/blog\/#website"},"primaryImageOfPage":{"@id":"https:\/\/gersonguelmann.com.br\/blog\/lula-e-a-cozinha-do-sitio\/#primaryimage"},"image":{"@id":"https:\/\/gersonguelmann.com.br\/blog\/lula-e-a-cozinha-do-sitio\/#primaryimage"},"thumbnailUrl":"https:\/\/i0.wp.com\/gersonguelmann.com.br\/blog\/wp-content\/uploads\/2018\/05\/AGE20160205118-1545-k3oC-U102476757017IeF-1024x576%40GP-Web.jpg?fit=1024%2C576&ssl=1","datePublished":"2018-05-09T22:08:16+00:00","author":{"@id":"https:\/\/gersonguelmann.com.br\/blog\/#\/schema\/person\/87e70e2a786888082f941a482c90569e"},"inLanguage":"pt-BR","potentialAction":[{"@type":"ReadAction","target":["https:\/\/gersonguelmann.com.br\/blog\/lula-e-a-cozinha-do-sitio\/"]}]},{"@type":"ImageObject","inLanguage":"pt-BR","@id":"https:\/\/gersonguelmann.com.br\/blog\/lula-e-a-cozinha-do-sitio\/#primaryimage","url":"https:\/\/i0.wp.com\/gersonguelmann.com.br\/blog\/wp-content\/uploads\/2018\/05\/AGE20160205118-1545-k3oC-U102476757017IeF-1024x576%40GP-Web.jpg?fit=1024%2C576&ssl=1","contentUrl":"https:\/\/i0.wp.com\/gersonguelmann.com.br\/blog\/wp-content\/uploads\/2018\/05\/AGE20160205118-1545-k3oC-U102476757017IeF-1024x576%40GP-Web.jpg?fit=1024%2C576&ssl=1","width":1024,"height":576},{"@type":"WebSite","@id":"https:\/\/gersonguelmann.com.br\/blog\/#website","url":"https:\/\/gersonguelmann.com.br\/blog\/","name":"Blog do Guelmann","description":"Pitadas da sabedoria e do humor judaicos, assuntos do momento e um pouco das hist\u00f3rias que vivi e testemunhei.","potentialAction":[{"@type":"SearchAction","target":{"@type":"EntryPoint","urlTemplate":"https:\/\/gersonguelmann.com.br\/blog\/?s={search_term_string}"},"query-input":{"@type":"PropertyValueSpecification","valueRequired":true,"valueName":"search_term_string"}}],"inLanguage":"pt-BR"},{"@type":"Person","@id":"https:\/\/gersonguelmann.com.br\/blog\/#\/schema\/person\/87e70e2a786888082f941a482c90569e","name":"Gerson Guelmann","image":{"@type":"ImageObject","inLanguage":"pt-BR","@id":"https:\/\/i0.wp.com\/gersonguelmann.com.br\/blog\/wp-content\/uploads\/2021\/08\/BLOG.jpeg?fit=96%2C96&ssl=1","url":"https:\/\/i0.wp.com\/gersonguelmann.com.br\/blog\/wp-content\/uploads\/2021\/08\/BLOG.jpeg?fit=96%2C96&ssl=1","contentUrl":"https:\/\/i0.wp.com\/gersonguelmann.com.br\/blog\/wp-content\/uploads\/2021\/08\/BLOG.jpeg?fit=96%2C96&ssl=1","caption":"Gerson Guelmann"},"description":"Pitadas da sabedoria e do humor judaicos, assuntos do momento e um pouco das hist\u00f3rias que vivi e testemunhei."}]}},"views":42,"jetpack_publicize_connections":[],"jetpack_featured_media_url":"https:\/\/i0.wp.com\/gersonguelmann.com.br\/blog\/wp-content\/uploads\/2018\/05\/AGE20160205118-1545-k3oC-U102476757017IeF-1024x576%40GP-Web.jpg?fit=1024%2C576&ssl=1","jetpack_shortlink":"https:\/\/wp.me\/p96e7O-3j1","jetpack-related-posts":[{"id":13869,"url":"https:\/\/gersonguelmann.com.br\/blog\/testemunha-de-lula-levou-um-pito-de-moro\/","url_meta":{"origin":12711,"position":0},"title":"Testemunha de Lula Levou Um Pito de Moro","author":"Gerson Guelmann","date":"11 de junho de 2018","format":false,"excerpt":"Foto: veja.abril.com.br Arrolado como testemunha de defesa de Lula, Fernando Morais, bi\u00f3grafo do ex-presidente, foi ouvido hoje pelo juiz federal Sergio Moro. A certa altura do depoimento o juiz interrompeu a fala do escritor por considerar que ele estava fazendo propaganda de Lula. Leia mat\u00e9ria publicada no G1 Paran\u00e1: 'O\u2026","rel":"","context":"Em &quot;Sem categoria&quot;","block_context":{"text":"Sem categoria","link":"https:\/\/gersonguelmann.com.br\/blog\/category\/sem-categoria\/"},"img":{"alt_text":"","src":"https:\/\/i0.wp.com\/gersonguelmann.com.br\/blog\/wp-content\/uploads\/2018\/06\/lula-fernando-morais-300x224.jpg?resize=350%2C200&ssl=1","width":350,"height":200},"classes":[]},{"id":11285,"url":"https:\/\/gersonguelmann.com.br\/blog\/em-curitiba-pf-prepara-cela-para-receber-lula\/","url_meta":{"origin":12711,"position":1},"title":"Em Curitiba PF Prepara Cela Para Receber Lula","author":"Gerson Guelmann","date":"5 de abril de 2018","format":false,"excerpt":"PF prepara cela exclusiva para receber Lula em Curitiba Ideia \u00e9 manter ex-presidente afastado de outros presos, como Palocci e L\u00e9o Pinheiro BRAS\u00cdLIA \u2014 Com a chance do ex-presidente Luiz In\u00e1cio\u00a0Lula\u00a0da Silva ser preso potencializada pela decis\u00e3o do Supremo Tribunal Federal (STF), que negou o\u00a0habeas corpus\u00a0preventivo pedido pela defesa do\u2026","rel":"","context":"Em &quot;Sem categoria&quot;","block_context":{"text":"Sem categoria","link":"https:\/\/gersonguelmann.com.br\/blog\/category\/sem-categoria\/"},"img":{"alt_text":"","src":"https:\/\/i0.wp.com\/gersonguelmann.com.br\/blog\/wp-content\/uploads\/2018\/04\/PF-300x168.jpg?resize=350%2C200&ssl=1","width":350,"height":200},"classes":[]},{"id":13231,"url":"https:\/\/gersonguelmann.com.br\/blog\/lula-saira-da-cadeia-dia-5-de-junho-por-poucas-horas\/","url_meta":{"origin":12711,"position":2},"title":"Lula Sair\u00e1 da Cadeia Dia 5 de Junho. Por Poucas Horas.","author":"Gerson Guelmann","date":"24 de maio de 2018","format":false,"excerpt":"Mat\u00e9ria da revista Isto\u00c9: BRASIL Lula deixar\u00e1 cela na PF para depor como testemunha de Cabral Estad\u00e3o Conte\u00fado 23\/05\/18 - 17h56 - Atualizado em 23\/05\/18 - 18h52 Pela primeira vez desde o dia 7 de abril, quando foi preso para cumprir pena na Lava Jato, o ex-presidente Luiz In\u00e1cio Lula\u2026","rel":"","context":"Em &quot;Sem categoria&quot;","block_context":{"text":"Sem categoria","link":"https:\/\/gersonguelmann.com.br\/blog\/category\/sem-categoria\/"},"img":{"alt_text":"","src":"https:\/\/i0.wp.com\/gersonguelmann.com.br\/blog\/wp-content\/uploads\/2018\/05\/lula4.jpg?fit=984%2C657&ssl=1&resize=350%2C200","width":350,"height":200,"srcset":"https:\/\/i0.wp.com\/gersonguelmann.com.br\/blog\/wp-content\/uploads\/2018\/05\/lula4.jpg?fit=984%2C657&ssl=1&resize=350%2C200 1x, https:\/\/i0.wp.com\/gersonguelmann.com.br\/blog\/wp-content\/uploads\/2018\/05\/lula4.jpg?fit=984%2C657&ssl=1&resize=525%2C300 1.5x, https:\/\/i0.wp.com\/gersonguelmann.com.br\/blog\/wp-content\/uploads\/2018\/05\/lula4.jpg?fit=984%2C657&ssl=1&resize=700%2C400 2x"},"classes":[]},{"id":11560,"url":"https:\/\/gersonguelmann.com.br\/blog\/marcelo-odebrecht-para-advogado-lula-esta-ruim-pode-piorar\/","url_meta":{"origin":12711,"position":3},"title":"Marcelo Odebrecht para Advogado de Lula: Est\u00e1 Ruim? Pode Piorar","author":"Gerson Guelmann","date":"12 de abril de 2018","format":false,"excerpt":"Momento tipo \"seria c\u00f4mico se n\u00e3o fosse tr\u00e1gico\", hoje, no depoimento de Marcelo Odebrecht ao juiz S\u00e9rgio Moro, na 13\u00aa Vara da Justi\u00e7a Federal em Curitiba. Questionado pelo advogado do r\u00e9u, Cristiano Zanin, sobre os e-mails que encontrou em seu computador pessoal ao retornar para sua casa em pris\u00e3o domiciliar,\u2026","rel":"","context":"Em &quot;Sem categoria&quot;","block_context":{"text":"Sem categoria","link":"https:\/\/gersonguelmann.com.br\/blog\/category\/sem-categoria\/"},"img":{"alt_text":"","src":"https:\/\/i0.wp.com\/gersonguelmann.com.br\/blog\/wp-content\/uploads\/2018\/04\/Pior.jpg?resize=350%2C200&ssl=1","width":350,"height":200},"classes":[]},{"id":13136,"url":"https:\/\/gersonguelmann.com.br\/blog\/defesa-de-lula-nao-gostou-da-foto-do-moro-com-doria\/","url_meta":{"origin":12711,"position":4},"title":"Defesa de Lula N\u00e3o Gostou da Foto do Moro com Doria","author":"Gerson Guelmann","date":"22 de maio de 2018","format":false,"excerpt":"A gente sabe que isso faz parte do trabalho dos advogados, mas ser\u00e1 que tumultuar o processo com esse tipo de coisa n\u00e3o piora a situa\u00e7\u00e3o? A mat\u00e9ria abaixo acabou de ser publicada no site da revista Isto\u00c9: BRASIL Defesa de Lula pede suspens\u00e3o de Moro ap\u00f3s foto com Doria\u2026","rel":"","context":"Em &quot;Sem categoria&quot;","block_context":{"text":"Sem categoria","link":"https:\/\/gersonguelmann.com.br\/blog\/category\/sem-categoria\/"},"img":{"alt_text":"","src":"https:\/\/i0.wp.com\/gersonguelmann.com.br\/blog\/wp-content\/uploads\/2018\/05\/Moro.jpg?fit=616%2C345&ssl=1&resize=350%2C200","width":350,"height":200,"srcset":"https:\/\/i0.wp.com\/gersonguelmann.com.br\/blog\/wp-content\/uploads\/2018\/05\/Moro.jpg?fit=616%2C345&ssl=1&resize=350%2C200 1x, https:\/\/i0.wp.com\/gersonguelmann.com.br\/blog\/wp-content\/uploads\/2018\/05\/Moro.jpg?fit=616%2C345&ssl=1&resize=525%2C300 1.5x"},"classes":[]},{"id":14007,"url":"https:\/\/gersonguelmann.com.br\/blog\/o-sitio-nao-era-de-lula-mas-da-marisa-aprovou-a-planta-da-cozinha\/","url_meta":{"origin":12711,"position":5},"title":"O S\u00edtio N\u00e3o Era de Lula, Mas D\u00aa Marisa Aprovou a Planta da Cozinha","author":"Gerson Guelmann","date":"15 de junho de 2018","format":false,"excerpt":"Acabou de sair na Zero Hora: POL\u00cdTICA Arquiteta diz a Moro que apresentou a Marisa Let\u00edcia projeto de cozinha de s\u00edtio 15\/06\/2018 - 19h11min A arquiteta Maria Cec\u00edlia de Castro afirmou, em depoimento ao juiz federal S\u00e9rgio Moro, nesta sexta-feira, 15, ter apresentado \u00e0 ex-primeira-dama Marisa Let\u00edcia o projeto para\u2026","rel":"","context":"Em &quot;Sem categoria&quot;","block_context":{"text":"Sem categoria","link":"https:\/\/gersonguelmann.com.br\/blog\/category\/sem-categoria\/"},"img":{"alt_text":"","src":"https:\/\/i0.wp.com\/gersonguelmann.com.br\/blog\/wp-content\/uploads\/2018\/06\/cozinha.jpeg?resize=350%2C200&ssl=1","width":350,"height":200},"classes":[]}],"jetpack_sharing_enabled":true,"post_mailing_queue_ids":[],"_links":{"self":[{"href":"https:\/\/gersonguelmann.com.br\/blog\/wp-json\/wp\/v2\/posts\/12711","targetHints":{"allow":["GET"]}}],"collection":[{"href":"https:\/\/gersonguelmann.com.br\/blog\/wp-json\/wp\/v2\/posts"}],"about":[{"href":"https:\/\/gersonguelmann.com.br\/blog\/wp-json\/wp\/v2\/types\/post"}],"author":[{"embeddable":true,"href":"https:\/\/gersonguelmann.com.br\/blog\/wp-json\/wp\/v2\/users\/5"}],"replies":[{"embeddable":true,"href":"https:\/\/gersonguelmann.com.br\/blog\/wp-json\/wp\/v2\/comments?post=12711"}],"version-history":[{"count":0,"href":"https:\/\/gersonguelmann.com.br\/blog\/wp-json\/wp\/v2\/posts\/12711\/revisions"}],"wp:featuredmedia":[{"embeddable":true,"href":"https:\/\/gersonguelmann.com.br\/blog\/wp-json\/wp\/v2\/media\/12716"}],"wp:attachment":[{"href":"https:\/\/gersonguelmann.com.br\/blog\/wp-json\/wp\/v2\/media?parent=12711"}],"wp:term":[{"taxonomy":"category","embeddable":true,"href":"https:\/\/gersonguelmann.com.br\/blog\/wp-json\/wp\/v2\/categories?post=12711"},{"taxonomy":"post_tag","embeddable":true,"href":"https:\/\/gersonguelmann.com.br\/blog\/wp-json\/wp\/v2\/tags?post=12711"}],"curies":[{"name":"wp","href":"https:\/\/api.w.org\/{rel}","templated":true}]}}