    {"id":12718,"date":"2018-05-09T20:05:22","date_gmt":"2018-05-09T23:05:22","guid":{"rendered":"https:\/\/gersonguelmann.com.br\/blog\/?p=12718"},"modified":"2018-05-09T20:05:22","modified_gmt":"2018-05-09T23:05:22","slug":"voce-conhece-a-r-professor-fernando-moreira-sim-ou-nao","status":"publish","type":"post","link":"https:\/\/gersonguelmann.com.br\/blog\/voce-conhece-a-r-professor-fernando-moreira-sim-ou-nao\/","title":{"rendered":"Voc\u00ea Conhece a R. Professor Fernando Moreira? Sim ou N\u00e3o?"},"content":{"rendered":"<p><span style=\"font-family: georgia, palatino, serif; font-size: 18pt; color: #000000;\">A querida\u00a0<span class=\"fwn fcg\"><span class=\"fwb fcg\" data-ft=\"{&quot;tn&quot;:&quot;;&quot;}\">Raquel Grimberg,\u00a0<\/span><\/span>graduanda de Arquitetura &amp; Urbanismo da PUC\/PR, precisa de ajuda em um trabalho.<\/span><\/p>\n<p><span style=\"font-family: georgia, palatino, serif; font-size: 18pt; color: #000000;\">\u00c9 uma pesquisa, chamada\u00a0<\/span><\/p>\n<div class=\"freebirdFormviewerViewHeaderTitleRow\">\n<div class=\"freebirdFormviewerViewHeaderTitle freebirdCustomFont\" dir=\"auto\" role=\"heading\" aria-level=\"1\"><em><span style=\"font-family: georgia, palatino, serif; font-size: 18pt; color: #000000;\">PERCEP\u00c7\u00c3O &#8211; Rua Professor Fernando Moreira<\/span><\/em><\/div>\n<\/div>\n<div class=\"freebirdFormviewerViewHeaderDescription\" dir=\"auto\"><em><span style=\"font-family: georgia, palatino, serif; font-size: 18pt; color: #000000;\">Arquitetura e Urbanismo &#8211; PUCPR<\/span><\/em><br \/>\n<em><span style=\"font-family: georgia, palatino, serif; font-size: 18pt; color: #000000;\">Urbanismo II<\/span><\/em><\/div>\n<div dir=\"auto\"><\/div>\n<div dir=\"auto\"><span style=\"font-family: georgia, palatino, serif; font-size: 18pt; color: #000000;\">Tudo o que voc\u00ea precisa fazer \u00e9 acessar <span style=\"color: #0000ff;\"><em><strong><a style=\"color: #0000ff;\" href=\"https:\/\/goo.gl\/forms\/DbeYXGJecTL9E06i2\">este formul\u00e1rio<\/a><\/strong><\/em><\/span> e responder as perguntas.<\/span><\/div>\n<div dir=\"auto\"><\/div>\n<div dir=\"auto\"><span style=\"font-family: georgia, palatino, serif; font-size: 18pt; color: #000000;\">R\u00e1pido e f\u00e1cil!<\/span><\/div>\n<div dir=\"auto\"><\/div>\n<div dir=\"auto\"><span style=\"font-family: georgia, palatino, serif; font-size: 18pt; color: #000000;\">Muito obrigado pela colabora\u00e7\u00e3o!<\/span><\/div>\n<div dir=\"auto\"><img data-recalc-dims=\"1\" fetchpriority=\"high\" decoding=\"async\" data-attachment-id=\"12719\" data-permalink=\"https:\/\/gersonguelmann.com.br\/blog\/voce-conhece-a-r-professor-fernando-moreira-sim-ou-nao\/rua-professor-fernando-moreira\/\" data-orig-file=\"https:\/\/i0.wp.com\/gersonguelmann.com.br\/blog\/wp-content\/uploads\/2018\/05\/Rua-Professor-Fernando-Moreira.jpg?fit=259%2C194&amp;ssl=1\" data-orig-size=\"259,194\" data-comments-opened=\"1\" data-image-meta=\"{&quot;aperture&quot;:&quot;0&quot;,&quot;credit&quot;:&quot;&quot;,&quot;camera&quot;:&quot;&quot;,&quot;caption&quot;:&quot;&quot;,&quot;created_timestamp&quot;:&quot;0&quot;,&quot;copyright&quot;:&quot;&quot;,&quot;focal_length&quot;:&quot;0&quot;,&quot;iso&quot;:&quot;0&quot;,&quot;shutter_speed&quot;:&quot;0&quot;,&quot;title&quot;:&quot;&quot;,&quot;orientation&quot;:&quot;0&quot;}\" data-image-title=\"Rua Professor Fernando Moreira\" data-image-description=\"\" data-image-caption=\"\" data-medium-file=\"https:\/\/i0.wp.com\/gersonguelmann.com.br\/blog\/wp-content\/uploads\/2018\/05\/Rua-Professor-Fernando-Moreira.jpg?fit=259%2C194&amp;ssl=1\" data-large-file=\"https:\/\/i0.wp.com\/gersonguelmann.com.br\/blog\/wp-content\/uploads\/2018\/05\/Rua-Professor-Fernando-Moreira.jpg?fit=259%2C194&amp;ssl=1\" class=\"size-full wp-image-12719 aligncenter\" src=\"https:\/\/i0.wp.com\/gersonguelmann.com.br\/blog\/wp-content\/uploads\/2018\/05\/Rua-Professor-Fernando-Moreira.jpg?resize=259%2C194&#038;ssl=1\" alt=\"\" width=\"259\" height=\"194\" \/><\/div>\n<div dir=\"auto\"><\/div>\n<div dir=\"auto\" style=\"text-align: center;\"><\/div>\n","protected":false},"excerpt":{"rendered":"<p>A querida\u00a0Raquel Grimberg,\u00a0graduanda de Arquitetura &amp; Urbanismo da PUC\/PR, precisa de ajuda em um trabalho. \u00c9 uma pesquisa, chamada\u00a0 PERCEP\u00c7\u00c3O &#8211; Rua Professor Fernando Moreira Arquitetura e Urbanismo &#8211; PUCPR Urbanismo II Tudo o que voc\u00ea precisa fazer \u00e9 acessar este formul\u00e1rio e responder as perguntas. R\u00e1pido e f\u00e1cil! Muito obrigado pela colabora\u00e7\u00e3o!<\/p>\n","protected":false},"author":5,"featured_media":12719,"comment_status":"open","ping_status":"open","sticky":false,"template":"","format":"standard","meta":{"_acf_changed":false,"jetpack_post_was_ever_published":false,"_jetpack_newsletter_access":"","_jetpack_dont_email_post_to_subs":false,"_jetpack_newsletter_tier_id":0,"_jetpack_memberships_contains_paywalled_content":false,"_jetpack_memberships_contains_paid_content":false,"footnotes":"","jetpack_publicize_message":"","jetpack_publicize_feature_enabled":true,"jetpack_social_post_already_shared":true,"jetpack_social_options":{"image_generator_settings":{"template":"highway","default_image_id":0,"font":"","enabled":false},"version":2}},"categories":[1],"tags":[],"class_list":["post-12718","post","type-post","status-publish","format-standard","has-post-thumbnail","hentry","category-sem-categoria"],"acf":[],"yoast_head":"<!-- This site is optimized with the Yoast SEO plugin v27.3 - https:\/\/yoast.com\/product\/yoast-seo-wordpress\/ -->\n<title>Voc\u00ea Conhece a R. Professor Fernando Moreira? Sim ou N\u00e3o? | Blog do Guelmann<\/title>\n<meta name=\"robots\" content=\"index, follow, max-snippet:-1, max-image-preview:large, max-video-preview:-1\" \/>\n<link rel=\"canonical\" href=\"https:\/\/gersonguelmann.com.br\/blog\/voce-conhece-a-r-professor-fernando-moreira-sim-ou-nao\/\" \/>\n<meta property=\"og:locale\" content=\"pt_BR\" \/>\n<meta property=\"og:type\" content=\"article\" \/>\n<meta property=\"og:title\" content=\"Voc\u00ea Conhece a R. Professor Fernando Moreira? Sim ou N\u00e3o? | Blog do Guelmann\" \/>\n<meta property=\"og:description\" content=\"A querida\u00a0Raquel Grimberg,\u00a0graduanda de Arquitetura &amp; Urbanismo da PUC\/PR, precisa de ajuda em um trabalho. \u00c9 uma pesquisa, chamada\u00a0 PERCEP\u00c7\u00c3O &#8211; Rua Professor Fernando Moreira Arquitetura e Urbanismo &#8211; PUCPR Urbanismo II Tudo o que voc\u00ea precisa fazer \u00e9 acessar este formul\u00e1rio e responder as perguntas. R\u00e1pido e f\u00e1cil! Muito obrigado pela colabora\u00e7\u00e3o!\" \/>\n<meta property=\"og:url\" content=\"https:\/\/gersonguelmann.com.br\/blog\/voce-conhece-a-r-professor-fernando-moreira-sim-ou-nao\/\" \/>\n<meta property=\"og:site_name\" content=\"Blog do Guelmann\" \/>\n<meta property=\"article:published_time\" content=\"2018-05-09T23:05:22+00:00\" \/>\n<meta property=\"og:image\" content=\"https:\/\/i0.wp.com\/gersonguelmann.com.br\/blog\/wp-content\/uploads\/2018\/05\/Rua-Professor-Fernando-Moreira.jpg?fit=259%2C194&ssl=1\" \/>\n\t<meta property=\"og:image:width\" content=\"259\" \/>\n\t<meta property=\"og:image:height\" content=\"194\" \/>\n\t<meta property=\"og:image:type\" content=\"image\/jpeg\" \/>\n<meta name=\"author\" content=\"Gerson Guelmann\" \/>\n<meta name=\"twitter:card\" content=\"summary_large_image\" \/>\n<meta name=\"twitter:label1\" content=\"Escrito por\" \/>\n\t<meta name=\"twitter:data1\" content=\"Gerson Guelmann\" \/>\n<script type=\"application\/ld+json\" class=\"yoast-schema-graph\">{\"@context\":\"https:\\\/\\\/schema.org\",\"@graph\":[{\"@type\":\"Article\",\"@id\":\"https:\\\/\\\/gersonguelmann.com.br\\\/blog\\\/voce-conhece-a-r-professor-fernando-moreira-sim-ou-nao\\\/#article\",\"isPartOf\":{\"@id\":\"https:\\\/\\\/gersonguelmann.com.br\\\/blog\\\/voce-conhece-a-r-professor-fernando-moreira-sim-ou-nao\\\/\"},\"author\":{\"name\":\"Gerson Guelmann\",\"@id\":\"https:\\\/\\\/gersonguelmann.com.br\\\/blog\\\/#\\\/schema\\\/person\\\/87e70e2a786888082f941a482c90569e\"},\"headline\":\"Voc\u00ea Conhece a R. Professor Fernando Moreira? Sim ou N\u00e3o?\",\"datePublished\":\"2018-05-09T23:05:22+00:00\",\"mainEntityOfPage\":{\"@id\":\"https:\\\/\\\/gersonguelmann.com.br\\\/blog\\\/voce-conhece-a-r-professor-fernando-moreira-sim-ou-nao\\\/\"},\"wordCount\":70,\"commentCount\":0,\"image\":{\"@id\":\"https:\\\/\\\/gersonguelmann.com.br\\\/blog\\\/voce-conhece-a-r-professor-fernando-moreira-sim-ou-nao\\\/#primaryimage\"},\"thumbnailUrl\":\"https:\\\/\\\/i0.wp.com\\\/gersonguelmann.com.br\\\/blog\\\/wp-content\\\/uploads\\\/2018\\\/05\\\/Rua-Professor-Fernando-Moreira.jpg?fit=259%2C194&ssl=1\",\"inLanguage\":\"pt-BR\",\"potentialAction\":[{\"@type\":\"CommentAction\",\"name\":\"Comment\",\"target\":[\"https:\\\/\\\/gersonguelmann.com.br\\\/blog\\\/voce-conhece-a-r-professor-fernando-moreira-sim-ou-nao\\\/#respond\"]}]},{\"@type\":\"WebPage\",\"@id\":\"https:\\\/\\\/gersonguelmann.com.br\\\/blog\\\/voce-conhece-a-r-professor-fernando-moreira-sim-ou-nao\\\/\",\"url\":\"https:\\\/\\\/gersonguelmann.com.br\\\/blog\\\/voce-conhece-a-r-professor-fernando-moreira-sim-ou-nao\\\/\",\"name\":\"Voc\u00ea Conhece a R. Professor Fernando Moreira? Sim ou N\u00e3o? | Blog do Guelmann\",\"isPartOf\":{\"@id\":\"https:\\\/\\\/gersonguelmann.com.br\\\/blog\\\/#website\"},\"primaryImageOfPage\":{\"@id\":\"https:\\\/\\\/gersonguelmann.com.br\\\/blog\\\/voce-conhece-a-r-professor-fernando-moreira-sim-ou-nao\\\/#primaryimage\"},\"image\":{\"@id\":\"https:\\\/\\\/gersonguelmann.com.br\\\/blog\\\/voce-conhece-a-r-professor-fernando-moreira-sim-ou-nao\\\/#primaryimage\"},\"thumbnailUrl\":\"https:\\\/\\\/i0.wp.com\\\/gersonguelmann.com.br\\\/blog\\\/wp-content\\\/uploads\\\/2018\\\/05\\\/Rua-Professor-Fernando-Moreira.jpg?fit=259%2C194&ssl=1\",\"datePublished\":\"2018-05-09T23:05:22+00:00\",\"author\":{\"@id\":\"https:\\\/\\\/gersonguelmann.com.br\\\/blog\\\/#\\\/schema\\\/person\\\/87e70e2a786888082f941a482c90569e\"},\"inLanguage\":\"pt-BR\",\"potentialAction\":[{\"@type\":\"ReadAction\",\"target\":[\"https:\\\/\\\/gersonguelmann.com.br\\\/blog\\\/voce-conhece-a-r-professor-fernando-moreira-sim-ou-nao\\\/\"]}]},{\"@type\":\"ImageObject\",\"inLanguage\":\"pt-BR\",\"@id\":\"https:\\\/\\\/gersonguelmann.com.br\\\/blog\\\/voce-conhece-a-r-professor-fernando-moreira-sim-ou-nao\\\/#primaryimage\",\"url\":\"https:\\\/\\\/i0.wp.com\\\/gersonguelmann.com.br\\\/blog\\\/wp-content\\\/uploads\\\/2018\\\/05\\\/Rua-Professor-Fernando-Moreira.jpg?fit=259%2C194&ssl=1\",\"contentUrl\":\"https:\\\/\\\/i0.wp.com\\\/gersonguelmann.com.br\\\/blog\\\/wp-content\\\/uploads\\\/2018\\\/05\\\/Rua-Professor-Fernando-Moreira.jpg?fit=259%2C194&ssl=1\",\"width\":259,\"height\":194},{\"@type\":\"WebSite\",\"@id\":\"https:\\\/\\\/gersonguelmann.com.br\\\/blog\\\/#website\",\"url\":\"https:\\\/\\\/gersonguelmann.com.br\\\/blog\\\/\",\"name\":\"Blog do Guelmann\",\"description\":\"Pitadas da sabedoria e do humor judaicos, assuntos do momento e um pouco das hist\u00f3rias que vivi e testemunhei.\",\"potentialAction\":[{\"@type\":\"SearchAction\",\"target\":{\"@type\":\"EntryPoint\",\"urlTemplate\":\"https:\\\/\\\/gersonguelmann.com.br\\\/blog\\\/?s={search_term_string}\"},\"query-input\":{\"@type\":\"PropertyValueSpecification\",\"valueRequired\":true,\"valueName\":\"search_term_string\"}}],\"inLanguage\":\"pt-BR\"},{\"@type\":\"Person\",\"@id\":\"https:\\\/\\\/gersonguelmann.com.br\\\/blog\\\/#\\\/schema\\\/person\\\/87e70e2a786888082f941a482c90569e\",\"name\":\"Gerson Guelmann\",\"image\":{\"@type\":\"ImageObject\",\"inLanguage\":\"pt-BR\",\"@id\":\"https:\\\/\\\/i0.wp.com\\\/gersonguelmann.com.br\\\/blog\\\/wp-content\\\/uploads\\\/2021\\\/08\\\/BLOG.jpeg?fit=96%2C96&ssl=1\",\"url\":\"https:\\\/\\\/i0.wp.com\\\/gersonguelmann.com.br\\\/blog\\\/wp-content\\\/uploads\\\/2021\\\/08\\\/BLOG.jpeg?fit=96%2C96&ssl=1\",\"contentUrl\":\"https:\\\/\\\/i0.wp.com\\\/gersonguelmann.com.br\\\/blog\\\/wp-content\\\/uploads\\\/2021\\\/08\\\/BLOG.jpeg?fit=96%2C96&ssl=1\",\"caption\":\"Gerson Guelmann\"},\"description\":\"Pitadas da sabedoria e do humor judaicos, assuntos do momento e um pouco das hist\u00f3rias que vivi e testemunhei.\"}]}<\/script>\n<!-- \/ Yoast SEO plugin. -->","yoast_head_json":{"title":"Voc\u00ea Conhece a R. Professor Fernando Moreira? Sim ou N\u00e3o? | Blog do Guelmann","robots":{"index":"index","follow":"follow","max-snippet":"max-snippet:-1","max-image-preview":"max-image-preview:large","max-video-preview":"max-video-preview:-1"},"canonical":"https:\/\/gersonguelmann.com.br\/blog\/voce-conhece-a-r-professor-fernando-moreira-sim-ou-nao\/","og_locale":"pt_BR","og_type":"article","og_title":"Voc\u00ea Conhece a R. Professor Fernando Moreira? Sim ou N\u00e3o? | Blog do Guelmann","og_description":"A querida\u00a0Raquel Grimberg,\u00a0graduanda de Arquitetura &amp; Urbanismo da PUC\/PR, precisa de ajuda em um trabalho. \u00c9 uma pesquisa, chamada\u00a0 PERCEP\u00c7\u00c3O &#8211; Rua Professor Fernando Moreira Arquitetura e Urbanismo &#8211; PUCPR Urbanismo II Tudo o que voc\u00ea precisa fazer \u00e9 acessar este formul\u00e1rio e responder as perguntas. R\u00e1pido e f\u00e1cil! Muito obrigado pela colabora\u00e7\u00e3o!","og_url":"https:\/\/gersonguelmann.com.br\/blog\/voce-conhece-a-r-professor-fernando-moreira-sim-ou-nao\/","og_site_name":"Blog do Guelmann","article_published_time":"2018-05-09T23:05:22+00:00","og_image":[{"width":259,"height":194,"url":"https:\/\/i0.wp.com\/gersonguelmann.com.br\/blog\/wp-content\/uploads\/2018\/05\/Rua-Professor-Fernando-Moreira.jpg?fit=259%2C194&ssl=1","type":"image\/jpeg"}],"author":"Gerson Guelmann","twitter_card":"summary_large_image","twitter_misc":{"Escrito por":"Gerson Guelmann"},"schema":{"@context":"https:\/\/schema.org","@graph":[{"@type":"Article","@id":"https:\/\/gersonguelmann.com.br\/blog\/voce-conhece-a-r-professor-fernando-moreira-sim-ou-nao\/#article","isPartOf":{"@id":"https:\/\/gersonguelmann.com.br\/blog\/voce-conhece-a-r-professor-fernando-moreira-sim-ou-nao\/"},"author":{"name":"Gerson Guelmann","@id":"https:\/\/gersonguelmann.com.br\/blog\/#\/schema\/person\/87e70e2a786888082f941a482c90569e"},"headline":"Voc\u00ea Conhece a R. Professor Fernando Moreira? Sim ou N\u00e3o?","datePublished":"2018-05-09T23:05:22+00:00","mainEntityOfPage":{"@id":"https:\/\/gersonguelmann.com.br\/blog\/voce-conhece-a-r-professor-fernando-moreira-sim-ou-nao\/"},"wordCount":70,"commentCount":0,"image":{"@id":"https:\/\/gersonguelmann.com.br\/blog\/voce-conhece-a-r-professor-fernando-moreira-sim-ou-nao\/#primaryimage"},"thumbnailUrl":"https:\/\/i0.wp.com\/gersonguelmann.com.br\/blog\/wp-content\/uploads\/2018\/05\/Rua-Professor-Fernando-Moreira.jpg?fit=259%2C194&ssl=1","inLanguage":"pt-BR","potentialAction":[{"@type":"CommentAction","name":"Comment","target":["https:\/\/gersonguelmann.com.br\/blog\/voce-conhece-a-r-professor-fernando-moreira-sim-ou-nao\/#respond"]}]},{"@type":"WebPage","@id":"https:\/\/gersonguelmann.com.br\/blog\/voce-conhece-a-r-professor-fernando-moreira-sim-ou-nao\/","url":"https:\/\/gersonguelmann.com.br\/blog\/voce-conhece-a-r-professor-fernando-moreira-sim-ou-nao\/","name":"Voc\u00ea Conhece a R. Professor Fernando Moreira? Sim ou N\u00e3o? | Blog do Guelmann","isPartOf":{"@id":"https:\/\/gersonguelmann.com.br\/blog\/#website"},"primaryImageOfPage":{"@id":"https:\/\/gersonguelmann.com.br\/blog\/voce-conhece-a-r-professor-fernando-moreira-sim-ou-nao\/#primaryimage"},"image":{"@id":"https:\/\/gersonguelmann.com.br\/blog\/voce-conhece-a-r-professor-fernando-moreira-sim-ou-nao\/#primaryimage"},"thumbnailUrl":"https:\/\/i0.wp.com\/gersonguelmann.com.br\/blog\/wp-content\/uploads\/2018\/05\/Rua-Professor-Fernando-Moreira.jpg?fit=259%2C194&ssl=1","datePublished":"2018-05-09T23:05:22+00:00","author":{"@id":"https:\/\/gersonguelmann.com.br\/blog\/#\/schema\/person\/87e70e2a786888082f941a482c90569e"},"inLanguage":"pt-BR","potentialAction":[{"@type":"ReadAction","target":["https:\/\/gersonguelmann.com.br\/blog\/voce-conhece-a-r-professor-fernando-moreira-sim-ou-nao\/"]}]},{"@type":"ImageObject","inLanguage":"pt-BR","@id":"https:\/\/gersonguelmann.com.br\/blog\/voce-conhece-a-r-professor-fernando-moreira-sim-ou-nao\/#primaryimage","url":"https:\/\/i0.wp.com\/gersonguelmann.com.br\/blog\/wp-content\/uploads\/2018\/05\/Rua-Professor-Fernando-Moreira.jpg?fit=259%2C194&ssl=1","contentUrl":"https:\/\/i0.wp.com\/gersonguelmann.com.br\/blog\/wp-content\/uploads\/2018\/05\/Rua-Professor-Fernando-Moreira.jpg?fit=259%2C194&ssl=1","width":259,"height":194},{"@type":"WebSite","@id":"https:\/\/gersonguelmann.com.br\/blog\/#website","url":"https:\/\/gersonguelmann.com.br\/blog\/","name":"Blog do Guelmann","description":"Pitadas da sabedoria e do humor judaicos, assuntos do momento e um pouco das hist\u00f3rias que vivi e testemunhei.","potentialAction":[{"@type":"SearchAction","target":{"@type":"EntryPoint","urlTemplate":"https:\/\/gersonguelmann.com.br\/blog\/?s={search_term_string}"},"query-input":{"@type":"PropertyValueSpecification","valueRequired":true,"valueName":"search_term_string"}}],"inLanguage":"pt-BR"},{"@type":"Person","@id":"https:\/\/gersonguelmann.com.br\/blog\/#\/schema\/person\/87e70e2a786888082f941a482c90569e","name":"Gerson Guelmann","image":{"@type":"ImageObject","inLanguage":"pt-BR","@id":"https:\/\/i0.wp.com\/gersonguelmann.com.br\/blog\/wp-content\/uploads\/2021\/08\/BLOG.jpeg?fit=96%2C96&ssl=1","url":"https:\/\/i0.wp.com\/gersonguelmann.com.br\/blog\/wp-content\/uploads\/2021\/08\/BLOG.jpeg?fit=96%2C96&ssl=1","contentUrl":"https:\/\/i0.wp.com\/gersonguelmann.com.br\/blog\/wp-content\/uploads\/2021\/08\/BLOG.jpeg?fit=96%2C96&ssl=1","caption":"Gerson Guelmann"},"description":"Pitadas da sabedoria e do humor judaicos, assuntos do momento e um pouco das hist\u00f3rias que vivi e testemunhei."}]}},"views":40,"jetpack_publicize_connections":[],"jetpack_featured_media_url":"https:\/\/i0.wp.com\/gersonguelmann.com.br\/blog\/wp-content\/uploads\/2018\/05\/Rua-Professor-Fernando-Moreira.jpg?fit=259%2C194&ssl=1","jetpack_shortlink":"https:\/\/wp.me\/p96e7O-3j8","jetpack-related-posts":[{"id":17971,"url":"https:\/\/gersonguelmann.com.br\/blog\/jaime-lerner-recebe-homenagem-pelo-projeto-da-orla-do-guaiba\/","url_meta":{"origin":12718,"position":0},"title":"Jaime Lerner Recebe Homenagem Pelo Projeto da Orla do Gua\u00edba","author":"Gerson Guelmann","date":"10 de agosto de 2019","format":false,"excerpt":"Transcrevo, com grande alegria e imensa satisfa\u00e7\u00e3o, mat\u00e9ria publicada ontem no site da C\u00e2mara Municipal de Porto Alegre: SESS\u00c3O SOLENE Jaime Lerner recebe Trof\u00e9u C\u00e2mara Municipal Homenagem foi prestada pela C\u00e2mara Municipal na noite desta sexta-feira 09\/08\/2019 19:13 O curitibano Jaime Lerner, arquiteto e urbanista respons\u00e1vel pelo projeto da Orla\u2026","rel":"","context":"Em &quot;Sem categoria&quot;","block_context":{"text":"Sem categoria","link":"https:\/\/gersonguelmann.com.br\/blog\/category\/sem-categoria\/"},"img":{"alt_text":"","src":"https:\/\/i0.wp.com\/gersonguelmann.com.br\/blog\/wp-content\/uploads\/2019\/08\/JL.jpg?fit=676%2C450&ssl=1&resize=350%2C200","width":350,"height":200,"srcset":"https:\/\/i0.wp.com\/gersonguelmann.com.br\/blog\/wp-content\/uploads\/2019\/08\/JL.jpg?fit=676%2C450&ssl=1&resize=350%2C200 1x, https:\/\/i0.wp.com\/gersonguelmann.com.br\/blog\/wp-content\/uploads\/2019\/08\/JL.jpg?fit=676%2C450&ssl=1&resize=525%2C300 1.5x"},"classes":[]},{"id":6308,"url":"https:\/\/gersonguelmann.com.br\/blog\/empadas-original-coisas-boas-de-curitiba-e-regiao\/","url_meta":{"origin":12718,"position":1},"title":"Empadas Original &#8211; Coisas Boas de Curitiba e Regi\u00e3o (7)","author":"Gerson Guelmann","date":"29 de dezembro de 2017","format":false,"excerpt":"Foto: Gazeta do Povo \u00a0 Empada Original: 40 anos s\u00f3 em Curitiba! A hist\u00f3ria da famosa empada come\u00e7ou no s\u00e9culo 18, com a chegada de um emigrante austr\u00edaco ao Brasil. Jacob Ewy instalou-se inicialmente em Ponta Grossa, mas a 3\u00aa e a 4\u00aa gera\u00e7\u00e3o da fam\u00edlia acabou vindo para Curitiba,\u2026","rel":"","context":"Em &quot;Sem categoria&quot;","block_context":{"text":"Sem categoria","link":"https:\/\/gersonguelmann.com.br\/blog\/category\/sem-categoria\/"},"img":{"alt_text":"","src":"https:\/\/i0.wp.com\/gersonguelmann.com.br\/blog\/wp-content\/uploads\/2017\/12\/abaixo-1.jpg?fit=670%2C447&ssl=1&resize=350%2C200","width":350,"height":200,"srcset":"https:\/\/i0.wp.com\/gersonguelmann.com.br\/blog\/wp-content\/uploads\/2017\/12\/abaixo-1.jpg?fit=670%2C447&ssl=1&resize=350%2C200 1x, https:\/\/i0.wp.com\/gersonguelmann.com.br\/blog\/wp-content\/uploads\/2017\/12\/abaixo-1.jpg?fit=670%2C447&ssl=1&resize=525%2C300 1.5x"},"classes":[]},{"id":22466,"url":"https:\/\/gersonguelmann.com.br\/blog\/o-jardim-botanico-da-franchette-e-a-emocao-do-jaime-lerner\/","url_meta":{"origin":12718,"position":2},"title":"O Jardim Bot\u00e2nico da Franchette e a Emo\u00e7\u00e3o do Jaime Lerner","author":"Gerson Guelmann","date":"5 de outubro de 2021","format":false,"excerpt":"\"Croqui intuitivo, parte dos esbo\u00e7os preliminares \u00e0 procura da materializa\u00e7\u00e3o de uma ideia\", na defini\u00e7\u00e3o do meu querido amigo Arq. Abra\u00e3o Assad, que generosamente me cedeu para publica\u00e7\u00e3o. H\u00e1 exatos 30 anos, em 5 de outubro de 1991, foi inaugurado aqui em Curitiba o Jardim Bot\u00e2nico Francisca Richbieter. Esse espa\u00e7o\u2026","rel":"","context":"Em &quot;Sem categoria&quot;","block_context":{"text":"Sem categoria","link":"https:\/\/gersonguelmann.com.br\/blog\/category\/sem-categoria\/"},"img":{"alt_text":"","src":"https:\/\/i0.wp.com\/gersonguelmann.com.br\/blog\/wp-content\/uploads\/2021\/10\/JB.jpg?fit=1200%2C862&ssl=1&resize=350%2C200","width":350,"height":200,"srcset":"https:\/\/i0.wp.com\/gersonguelmann.com.br\/blog\/wp-content\/uploads\/2021\/10\/JB.jpg?fit=1200%2C862&ssl=1&resize=350%2C200 1x, https:\/\/i0.wp.com\/gersonguelmann.com.br\/blog\/wp-content\/uploads\/2021\/10\/JB.jpg?fit=1200%2C862&ssl=1&resize=525%2C300 1.5x, https:\/\/i0.wp.com\/gersonguelmann.com.br\/blog\/wp-content\/uploads\/2021\/10\/JB.jpg?fit=1200%2C862&ssl=1&resize=700%2C400 2x, https:\/\/i0.wp.com\/gersonguelmann.com.br\/blog\/wp-content\/uploads\/2021\/10\/JB.jpg?fit=1200%2C862&ssl=1&resize=1050%2C600 3x"},"classes":[]},{"id":18219,"url":"https:\/\/gersonguelmann.com.br\/blog\/os-governadores-do-rio-de-janeiro-e-o-retrato-do-brasil\/","url_meta":{"origin":12718,"position":3},"title":"Os Governadores do Rio de Janeiro e o Retrato do Brasil","author":"Gerson Guelmann","date":"3 de setembro de 2019","format":false,"excerpt":"Poucas coisas podem servir para mostrar o descalabro que tomou conta do Estado do Rio de Janeiro como a situa\u00e7\u00e3o que se apresenta hoje:\u00a0 - com a pris\u00e3o de Rosinha e Anthony Garotinho, neste momento quatro ex-Governadores daquele estado est\u00e3o na cadeia. Assim como eles, S\u00e9rgio Cabral e Luiz Fernando\u2026","rel":"","context":"Em &quot;Sem categoria&quot;","block_context":{"text":"Sem categoria","link":"https:\/\/gersonguelmann.com.br\/blog\/category\/sem-categoria\/"},"img":{"alt_text":"","src":"https:\/\/i0.wp.com\/gersonguelmann.com.br\/blog\/wp-content\/uploads\/2019\/09\/Governadores.jpg?fit=1200%2C800&ssl=1&resize=350%2C200","width":350,"height":200,"srcset":"https:\/\/i0.wp.com\/gersonguelmann.com.br\/blog\/wp-content\/uploads\/2019\/09\/Governadores.jpg?fit=1200%2C800&ssl=1&resize=350%2C200 1x, https:\/\/i0.wp.com\/gersonguelmann.com.br\/blog\/wp-content\/uploads\/2019\/09\/Governadores.jpg?fit=1200%2C800&ssl=1&resize=525%2C300 1.5x, https:\/\/i0.wp.com\/gersonguelmann.com.br\/blog\/wp-content\/uploads\/2019\/09\/Governadores.jpg?fit=1200%2C800&ssl=1&resize=700%2C400 2x, https:\/\/i0.wp.com\/gersonguelmann.com.br\/blog\/wp-content\/uploads\/2019\/09\/Governadores.jpg?fit=1200%2C800&ssl=1&resize=1050%2C600 3x"},"classes":[]},{"id":15136,"url":"https:\/\/gersonguelmann.com.br\/blog\/luis-fernando-verissimo-premiado-pelos-judeus-agora-pisou-na-bola\/","url_meta":{"origin":12718,"position":4},"title":"Luis Fernando Ver\u00edssimo, Premiado Pelos Judeus, Agora Pisou na Bola","author":"Gerson Guelmann","date":"10 de novembro de 2018","format":false,"excerpt":"H\u00e1 exatos 7 anos, no dia 9 de novembro de 2011, o escritor\u00a0Luis Fernando Ver\u00edssimo recebeu da Sociedade Brasileira de Amigos da Universidade Hebraica de Jerusal\u00e9m o\u00a0Pr\u00eamio Scopus 2011. Na ocasi\u00e3o a entidade informou que o pr\u00eamio foi concedido em raz\u00e3o \"da inestim\u00e1vel contribui\u00e7\u00e3o dada por Luis Fernando Ver\u00edssimo \u00e0\u2026","rel":"","context":"Em &quot;Sem categoria&quot;","block_context":{"text":"Sem categoria","link":"https:\/\/gersonguelmann.com.br\/blog\/category\/sem-categoria\/"},"img":{"alt_text":"","src":"https:\/\/i0.wp.com\/gersonguelmann.com.br\/blog\/wp-content\/uploads\/2018\/11\/1-1.jpg?fit=1200%2C791&ssl=1&resize=350%2C200","width":350,"height":200,"srcset":"https:\/\/i0.wp.com\/gersonguelmann.com.br\/blog\/wp-content\/uploads\/2018\/11\/1-1.jpg?fit=1200%2C791&ssl=1&resize=350%2C200 1x, https:\/\/i0.wp.com\/gersonguelmann.com.br\/blog\/wp-content\/uploads\/2018\/11\/1-1.jpg?fit=1200%2C791&ssl=1&resize=525%2C300 1.5x, https:\/\/i0.wp.com\/gersonguelmann.com.br\/blog\/wp-content\/uploads\/2018\/11\/1-1.jpg?fit=1200%2C791&ssl=1&resize=700%2C400 2x, https:\/\/i0.wp.com\/gersonguelmann.com.br\/blog\/wp-content\/uploads\/2018\/11\/1-1.jpg?fit=1200%2C791&ssl=1&resize=1050%2C600 3x"},"classes":[]},{"id":16804,"url":"https:\/\/gersonguelmann.com.br\/blog\/exposicao-inedita-no-brasil-celebra-italia-com-arte-em-seda\/","url_meta":{"origin":12718,"position":5},"title":"Exposi\u00e7\u00e3o In\u00e9dita no Brasil Celebra It\u00e1lia Com Arte em Seda","author":"Gerson Guelmann","date":"29 de maio de 2019","format":false,"excerpt":"Andre Brik Foto: Camila Cornelsen Diferentes facetas da It\u00e1lia retratadas com muita arte num suporte inusitado: len\u00e7os de seda, tamb\u00e9m chamados de \u201cfoulards\u201d. \u00c9 isto que traz ao Mia Cara a exposi\u00e7\u00e3o 2.8 Seta-Re, que chega ao Brasil ap\u00f3s ter sido apresentada em cidades italianas. Em Curitiba, a mostra fica\u2026","rel":"","context":"Em &quot;Sem categoria&quot;","block_context":{"text":"Sem categoria","link":"https:\/\/gersonguelmann.com.br\/blog\/category\/sem-categoria\/"},"img":{"alt_text":"","src":"https:\/\/i0.wp.com\/gersonguelmann.com.br\/blog\/wp-content\/uploads\/2019\/05\/AB1.jpg?fit=1024%2C1017&ssl=1&resize=350%2C200","width":350,"height":200,"srcset":"https:\/\/i0.wp.com\/gersonguelmann.com.br\/blog\/wp-content\/uploads\/2019\/05\/AB1.jpg?fit=1024%2C1017&ssl=1&resize=350%2C200 1x, https:\/\/i0.wp.com\/gersonguelmann.com.br\/blog\/wp-content\/uploads\/2019\/05\/AB1.jpg?fit=1024%2C1017&ssl=1&resize=525%2C300 1.5x, https:\/\/i0.wp.com\/gersonguelmann.com.br\/blog\/wp-content\/uploads\/2019\/05\/AB1.jpg?fit=1024%2C1017&ssl=1&resize=700%2C400 2x"},"classes":[]}],"jetpack_sharing_enabled":true,"post_mailing_queue_ids":[],"_links":{"self":[{"href":"https:\/\/gersonguelmann.com.br\/blog\/wp-json\/wp\/v2\/posts\/12718","targetHints":{"allow":["GET"]}}],"collection":[{"href":"https:\/\/gersonguelmann.com.br\/blog\/wp-json\/wp\/v2\/posts"}],"about":[{"href":"https:\/\/gersonguelmann.com.br\/blog\/wp-json\/wp\/v2\/types\/post"}],"author":[{"embeddable":true,"href":"https:\/\/gersonguelmann.com.br\/blog\/wp-json\/wp\/v2\/users\/5"}],"replies":[{"embeddable":true,"href":"https:\/\/gersonguelmann.com.br\/blog\/wp-json\/wp\/v2\/comments?post=12718"}],"version-history":[{"count":0,"href":"https:\/\/gersonguelmann.com.br\/blog\/wp-json\/wp\/v2\/posts\/12718\/revisions"}],"wp:featuredmedia":[{"embeddable":true,"href":"https:\/\/gersonguelmann.com.br\/blog\/wp-json\/wp\/v2\/media\/12719"}],"wp:attachment":[{"href":"https:\/\/gersonguelmann.com.br\/blog\/wp-json\/wp\/v2\/media?parent=12718"}],"wp:term":[{"taxonomy":"category","embeddable":true,"href":"https:\/\/gersonguelmann.com.br\/blog\/wp-json\/wp\/v2\/categories?post=12718"},{"taxonomy":"post_tag","embeddable":true,"href":"https:\/\/gersonguelmann.com.br\/blog\/wp-json\/wp\/v2\/tags?post=12718"}],"curies":[{"name":"wp","href":"https:\/\/api.w.org\/{rel}","templated":true}]}}