    {"id":12721,"date":"2018-05-09T20:37:05","date_gmt":"2018-05-09T23:37:05","guid":{"rendered":"https:\/\/gersonguelmann.com.br\/blog\/?p=12721"},"modified":"2018-05-09T20:38:09","modified_gmt":"2018-05-09T23:38:09","slug":"bolacha-com-leite-diluido-ovo-no-lugar-da-carne-merenda-escolar-de-bandidos","status":"publish","type":"post","link":"https:\/\/gersonguelmann.com.br\/blog\/bolacha-com-leite-diluido-ovo-no-lugar-da-carne-merenda-escolar-de-bandidos\/","title":{"rendered":"Bolacha Com Leite Dilu\u00eddo, Ovo no Lugar da Carne: Merenda Escolar de Bandidos"},"content":{"rendered":"<p><span style=\"color: #000000; font-family: georgia, palatino, serif; font-size: 18pt;\">No Brasil de hoje, onde a canalhice n\u00e3o conhece limites, acontece este tipo de coisa (mat\u00e9ria da revista Isto\u00c9):<\/span><\/p>\n<p class=\"tags-materia\"><span style=\"color: #ff0000;\"><strong>BRASIL<\/strong><\/span><\/p>\n<p><span style=\"font-size: 24pt;\"><strong><span style=\"color: #000000;\">\u2018Corta a carne e d\u00e1 ovo para essas crian\u00e7as\u2019, diz alvo da Opera\u00e7\u00e3o Prato Feito<\/span><\/strong><\/span><\/p>\n<p><span style=\"color: #000000; font-size: 14pt;\">Um grampo da Opera\u00e7\u00e3o Prato Feito, deflagrada nesta quarta-feira, 9, pela Pol\u00edcia Federal e pela Controladoria-Geral da Uni\u00e3o (CGU), revela que um empres\u00e1rio do ramo da merenda escolar mandou cortar carne da dieta de crian\u00e7as e substituir por ovos. A Prato Feito mira fraudes de cinco grupos sob suspeita de desviar recursos da Uni\u00e3o destinados \u00e0 educa\u00e7\u00e3o em munic\u00edpios dos Estados de S\u00e3o Paulo, do Paran\u00e1, da Bahia e no Distrito Federal.<\/span><\/p>\n<p><span style=\"color: #000000; font-size: 14pt;\">\u201cO que \u00e9 chocante nessa investiga\u00e7\u00e3o s\u00e3o os registros de inexecu\u00e7\u00e3o contratual de fornecimento da merenda escolar\u201d, afirmou a delegada da PF Melissa Maximino Pastor, chefe da Opera\u00e7\u00e3o Prato Feito. \u201cTivemos registro, ao longo desses anos, de fornecimento, \u00e0s vezes no lanche para as crian\u00e7as, de uma bolacha maizena com leite dilu\u00eddo, suco substituindo leite, \u00e1udios de empres\u00e1rios que falavam: \u2018corta a carne, fornece ovos todos os dias para essas crian\u00e7as\u2019. Isso causa uma indigna\u00e7\u00e3o.\u201d<\/span><\/p>\n<p><span style=\"color: #000000; font-size: 14pt;\">A PF e a Controladoria sa\u00edram \u00e0s ruas para cumprimento de 154 mandados judiciais. Agentes da PF fizeram buscas na Prefeitura de S\u00e3o Paulo e na Secretaria Municipal de Educa\u00e7\u00e3o.<\/span><\/p>\n<p><span style=\"color: #000000; font-size: 14pt;\">Segundo o secret\u00e1rio federal de Controle Interno adjunto da CGU, Roberto C\u00e9sar Oliveira Viegas, a investiga\u00e7\u00e3o mirava inicialmente cinco prefeituras.<\/span><\/p>\n<p><span style=\"color: #000000; font-size: 14pt;\">\u201cDessas cinco prefeituras, a gente fiscalizou um montante de algo em torno de R$ 12 milh\u00f5es de repasses. Algo em torno de 20% a 25% e at\u00e9 30%, a gente pode afirmar que foram desviados\u201d, relatou.<\/span><\/p>\n<p><span style=\"color: #000000; font-size: 14pt;\">\u201cComo se trata de cartel, essas empresas inicialmente, precificavam, criavam o pre\u00e7o de refer\u00eancia antes da etapa de licita\u00e7\u00e3o, se juntavam, criavam um pre\u00e7o referencial. Esse pre\u00e7o, como eram as pr\u00f3prias que apresentavam as propostas, essa m\u00e9dia j\u00e1 era uma m\u00e9dia bem acima do mercado. A partir dessa refer\u00eancia, dentro do processo licitat\u00f3rio, voc\u00ea j\u00e1 tem um sobrepre\u00e7o.\u201d<\/span><\/p>\n<p><span style=\"color: #000000; font-size: 14pt;\">O secret\u00e1rio da CGU narrou que durante a investiga\u00e7\u00e3o foram detectados \u201cpagamentos para refei\u00e7\u00f5es bem acima, crescimento exponencial em rela\u00e7\u00e3o ao n\u00famero de alunos\u201d.<\/span><\/p>\n<p><span style=\"color: #000000; font-size: 14pt;\">\u201cEssas prefeituras incrementavam o quantitativo de alunos completamente diferente do Censo escolar. A quantidade e a qualidade, quando fornecidas, eram bem abaixo. Havia substitui\u00e7\u00f5es, inclusive, bem consider\u00e1veis, na quantidade e naquilo que voc\u00ea deveria fornecer. O card\u00e1pio previa um caf\u00e9 da manh\u00e3 com cereais, um leite, isso n\u00e3o existia. Em grande parte dos casos apontados, voc\u00ea tinha biscoito com suco. \u00c0s vezes, card\u00e1pios ao longo do dia eram suprimidos\u201d, afirmou.<\/span><\/p>\n<p><span style=\"color: #000000; font-size: 14pt;\">A delegada Melissa contou que o nome da opera\u00e7\u00e3o, Prato Feito, est\u00e1 ligado \u00e0 inexecu\u00e7\u00e3o de um dos contratos investigados.<\/span><\/p>\n<p><span style=\"color: #000000; font-size: 14pt;\">\u201cAs crian\u00e7as podiam repetir os alimentos, as refei\u00e7\u00f5es v\u00e1rias vezes. Por conta das empresas desviarem recursos em benef\u00edcio pr\u00f3prio e de agentes p\u00fablicos, elas passaram a receber um prato feito. Por isso o nome da opera\u00e7\u00e3o, \u00e9 um prato determinado, uma quantidade determinada de alimentos. E tamb\u00e9m para evidenciar o conluio entre agentes p\u00fablicos e empres\u00e1rios, j\u00e1 est\u00e1 tudo coordenado. Eu recebo a propina e o edital \u00e9 direcionado para esse agente p\u00fablico\u201d, explicou.<\/span><\/p>\n<p><span style=\"color: #000000; font-size: 14pt;\">Melissa afirma que, ap\u00f3s o afastamento do sigilo banc\u00e1rio dos alvos da Prato Feito, os investigadores identificaram \u201co dinheiro na conta de parentes dos assessores e secret\u00e1rios\u201d.<\/span><\/p>\n<p><span style=\"color: #000000; font-size: 14pt;\">\u201cN\u00f3s tivemos alguns casos de prefeito e dos pr\u00f3prios secret\u00e1rios. Na maior parte das vezes, de empresas indicadas em nome de laranjas\u201d, relatou.<\/span><\/p>\n<p><span style=\"color: #000000; font-size: 14pt;\">As medidas cumpridas nesta quarta foram expedidas, a pedido da PF, pela 1.\u00aa Vara Criminal Federal de S\u00e3o Paulo e pelo Tribunal Regional Federal da 3.\u00aa Regi\u00e3o. Nas cidades de \u00c1guas de Lindoia, Pirassununga, Mau\u00e1 e Mairinque s\u00e3o investigados ex-prefeitos. Em Mogi Gua\u00e7u, um vereador.<\/span><\/p>\n<p><span style=\"color: #000000; font-size: 14pt;\">\u201cA investiga\u00e7\u00e3o foi cindida em raz\u00e3o de ind\u00edcios de envolvimento de prefeitos dos munic\u00edpios de Barueri, Embu das Artes, Mau\u00e1, Caconde, Cosm\u00f3polis, Holambra, Hortol\u00e2ndia, Laranjal Paulista, Mogi Gua\u00e7u, Mongagu\u00e1, Paul\u00ednia, Pirassununga e Registro\u201d, disse a delegada.<\/span><\/p>\n<p><span style=\"font-family: georgia, palatino, serif; font-size: 18pt; color: #000000;\">Para ler a reportagem no site da revista, <span style=\"color: #0000ff;\"><em><strong><a style=\"color: #0000ff;\" href=\"https:\/\/istoe.com.br\/corta-a-carne-e-da-ovo-para-essas-criancas-diz-alvo-da-operacao-prato-feito\/\">clique aqui<\/a><\/strong><\/em><\/span>.<\/span><\/p>\n<p><img data-recalc-dims=\"1\" fetchpriority=\"high\" decoding=\"async\" data-attachment-id=\"12723\" data-permalink=\"https:\/\/gersonguelmann.com.br\/blog\/bolacha-com-leite-diluido-ovo-no-lugar-da-carne-merenda-escolar-de-bandidos\/pf-5\/\" data-orig-file=\"https:\/\/i0.wp.com\/gersonguelmann.com.br\/blog\/wp-content\/uploads\/2018\/05\/PF.jpg?fit=576%2C324&amp;ssl=1\" data-orig-size=\"576,324\" data-comments-opened=\"1\" data-image-meta=\"{&quot;aperture&quot;:&quot;0&quot;,&quot;credit&quot;:&quot;&quot;,&quot;camera&quot;:&quot;&quot;,&quot;caption&quot;:&quot;&quot;,&quot;created_timestamp&quot;:&quot;0&quot;,&quot;copyright&quot;:&quot;&quot;,&quot;focal_length&quot;:&quot;0&quot;,&quot;iso&quot;:&quot;0&quot;,&quot;shutter_speed&quot;:&quot;0&quot;,&quot;title&quot;:&quot;&quot;,&quot;orientation&quot;:&quot;0&quot;}\" data-image-title=\"PF\" data-image-description=\"\" data-image-caption=\"\" data-medium-file=\"https:\/\/i0.wp.com\/gersonguelmann.com.br\/blog\/wp-content\/uploads\/2018\/05\/PF.jpg?fit=300%2C169&amp;ssl=1\" data-large-file=\"https:\/\/i0.wp.com\/gersonguelmann.com.br\/blog\/wp-content\/uploads\/2018\/05\/PF.jpg?fit=576%2C324&amp;ssl=1\" class=\"size-medium wp-image-12723 aligncenter\" src=\"https:\/\/i0.wp.com\/gersonguelmann.com.br\/blog\/wp-content\/uploads\/2018\/05\/PF.jpg?resize=300%2C169&#038;ssl=1\" alt=\"\" width=\"300\" height=\"169\" srcset=\"https:\/\/i0.wp.com\/gersonguelmann.com.br\/blog\/wp-content\/uploads\/2018\/05\/PF.jpg?resize=300%2C169&amp;ssl=1 300w, https:\/\/i0.wp.com\/gersonguelmann.com.br\/blog\/wp-content\/uploads\/2018\/05\/PF.jpg?w=576&amp;ssl=1 576w\" sizes=\"(max-width: 300px) 100vw, 300px\" \/><\/p>\n","protected":false},"excerpt":{"rendered":"<p>No Brasil de hoje, onde a canalhice n\u00e3o conhece limites, acontece este tipo de coisa (mat\u00e9ria da revista Isto\u00c9): BRASIL \u2018Corta a carne e d\u00e1 ovo para essas crian\u00e7as\u2019, diz alvo da Opera\u00e7\u00e3o Prato Feito Um grampo da Opera\u00e7\u00e3o Prato Feito, deflagrada nesta quarta-feira, 9, pela Pol\u00edcia Federal e pela Controladoria-Geral da Uni\u00e3o (CGU), revela [&hellip;]<\/p>\n","protected":false},"author":5,"featured_media":12723,"comment_status":"open","ping_status":"open","sticky":false,"template":"","format":"standard","meta":{"_acf_changed":false,"jetpack_post_was_ever_published":false,"_jetpack_newsletter_access":"","_jetpack_dont_email_post_to_subs":false,"_jetpack_newsletter_tier_id":0,"_jetpack_memberships_contains_paywalled_content":false,"_jetpack_memberships_contains_paid_content":false,"footnotes":"","jetpack_publicize_message":"","jetpack_publicize_feature_enabled":true,"jetpack_social_post_already_shared":true,"jetpack_social_options":{"image_generator_settings":{"template":"highway","default_image_id":0,"font":"","enabled":false},"version":2}},"categories":[1],"tags":[],"class_list":["post-12721","post","type-post","status-publish","format-standard","has-post-thumbnail","hentry","category-sem-categoria"],"acf":[],"yoast_head":"<!-- This site is optimized with the Yoast SEO plugin v27.3 - https:\/\/yoast.com\/product\/yoast-seo-wordpress\/ -->\n<title>Bolacha Com Leite Dilu\u00eddo, Ovo no Lugar da Carne: Merenda Escolar de Bandidos | Blog do Guelmann<\/title>\n<meta name=\"robots\" content=\"index, follow, max-snippet:-1, max-image-preview:large, max-video-preview:-1\" \/>\n<link rel=\"canonical\" href=\"https:\/\/gersonguelmann.com.br\/blog\/bolacha-com-leite-diluido-ovo-no-lugar-da-carne-merenda-escolar-de-bandidos\/\" \/>\n<meta property=\"og:locale\" content=\"pt_BR\" \/>\n<meta property=\"og:type\" content=\"article\" \/>\n<meta property=\"og:title\" content=\"Bolacha Com Leite Dilu\u00eddo, Ovo no Lugar da Carne: Merenda Escolar de Bandidos | Blog do Guelmann\" \/>\n<meta property=\"og:description\" content=\"No Brasil de hoje, onde a canalhice n\u00e3o conhece limites, acontece este tipo de coisa (mat\u00e9ria da revista Isto\u00c9): BRASIL \u2018Corta a carne e d\u00e1 ovo para essas crian\u00e7as\u2019, diz alvo da Opera\u00e7\u00e3o Prato Feito Um grampo da Opera\u00e7\u00e3o Prato Feito, deflagrada nesta quarta-feira, 9, pela Pol\u00edcia Federal e pela Controladoria-Geral da Uni\u00e3o (CGU), revela [&hellip;]\" \/>\n<meta property=\"og:url\" content=\"https:\/\/gersonguelmann.com.br\/blog\/bolacha-com-leite-diluido-ovo-no-lugar-da-carne-merenda-escolar-de-bandidos\/\" \/>\n<meta property=\"og:site_name\" content=\"Blog do Guelmann\" \/>\n<meta property=\"article:published_time\" content=\"2018-05-09T23:37:05+00:00\" \/>\n<meta property=\"article:modified_time\" content=\"2018-05-09T23:38:09+00:00\" \/>\n<meta property=\"og:image\" content=\"https:\/\/i0.wp.com\/gersonguelmann.com.br\/blog\/wp-content\/uploads\/2018\/05\/PF.jpg?fit=576%2C324&ssl=1\" \/>\n\t<meta property=\"og:image:width\" content=\"576\" \/>\n\t<meta property=\"og:image:height\" content=\"324\" \/>\n\t<meta property=\"og:image:type\" content=\"image\/jpeg\" \/>\n<meta name=\"author\" content=\"Gerson Guelmann\" \/>\n<meta name=\"twitter:card\" content=\"summary_large_image\" \/>\n<meta name=\"twitter:label1\" content=\"Escrito por\" \/>\n\t<meta name=\"twitter:data1\" content=\"Gerson Guelmann\" \/>\n\t<meta name=\"twitter:label2\" content=\"Est. tempo de leitura\" \/>\n\t<meta name=\"twitter:data2\" content=\"4 minutos\" \/>\n<script type=\"application\/ld+json\" class=\"yoast-schema-graph\">{\"@context\":\"https:\\\/\\\/schema.org\",\"@graph\":[{\"@type\":\"Article\",\"@id\":\"https:\\\/\\\/gersonguelmann.com.br\\\/blog\\\/bolacha-com-leite-diluido-ovo-no-lugar-da-carne-merenda-escolar-de-bandidos\\\/#article\",\"isPartOf\":{\"@id\":\"https:\\\/\\\/gersonguelmann.com.br\\\/blog\\\/bolacha-com-leite-diluido-ovo-no-lugar-da-carne-merenda-escolar-de-bandidos\\\/\"},\"author\":{\"name\":\"Gerson Guelmann\",\"@id\":\"https:\\\/\\\/gersonguelmann.com.br\\\/blog\\\/#\\\/schema\\\/person\\\/87e70e2a786888082f941a482c90569e\"},\"headline\":\"Bolacha Com Leite Dilu\u00eddo, Ovo no Lugar da Carne: Merenda Escolar de Bandidos\",\"datePublished\":\"2018-05-09T23:37:05+00:00\",\"dateModified\":\"2018-05-09T23:38:09+00:00\",\"mainEntityOfPage\":{\"@id\":\"https:\\\/\\\/gersonguelmann.com.br\\\/blog\\\/bolacha-com-leite-diluido-ovo-no-lugar-da-carne-merenda-escolar-de-bandidos\\\/\"},\"wordCount\":737,\"commentCount\":0,\"image\":{\"@id\":\"https:\\\/\\\/gersonguelmann.com.br\\\/blog\\\/bolacha-com-leite-diluido-ovo-no-lugar-da-carne-merenda-escolar-de-bandidos\\\/#primaryimage\"},\"thumbnailUrl\":\"https:\\\/\\\/i0.wp.com\\\/gersonguelmann.com.br\\\/blog\\\/wp-content\\\/uploads\\\/2018\\\/05\\\/PF.jpg?fit=576%2C324&ssl=1\",\"inLanguage\":\"pt-BR\",\"potentialAction\":[{\"@type\":\"CommentAction\",\"name\":\"Comment\",\"target\":[\"https:\\\/\\\/gersonguelmann.com.br\\\/blog\\\/bolacha-com-leite-diluido-ovo-no-lugar-da-carne-merenda-escolar-de-bandidos\\\/#respond\"]}]},{\"@type\":\"WebPage\",\"@id\":\"https:\\\/\\\/gersonguelmann.com.br\\\/blog\\\/bolacha-com-leite-diluido-ovo-no-lugar-da-carne-merenda-escolar-de-bandidos\\\/\",\"url\":\"https:\\\/\\\/gersonguelmann.com.br\\\/blog\\\/bolacha-com-leite-diluido-ovo-no-lugar-da-carne-merenda-escolar-de-bandidos\\\/\",\"name\":\"Bolacha Com Leite Dilu\u00eddo, Ovo no Lugar da Carne: Merenda Escolar de Bandidos | Blog do Guelmann\",\"isPartOf\":{\"@id\":\"https:\\\/\\\/gersonguelmann.com.br\\\/blog\\\/#website\"},\"primaryImageOfPage\":{\"@id\":\"https:\\\/\\\/gersonguelmann.com.br\\\/blog\\\/bolacha-com-leite-diluido-ovo-no-lugar-da-carne-merenda-escolar-de-bandidos\\\/#primaryimage\"},\"image\":{\"@id\":\"https:\\\/\\\/gersonguelmann.com.br\\\/blog\\\/bolacha-com-leite-diluido-ovo-no-lugar-da-carne-merenda-escolar-de-bandidos\\\/#primaryimage\"},\"thumbnailUrl\":\"https:\\\/\\\/i0.wp.com\\\/gersonguelmann.com.br\\\/blog\\\/wp-content\\\/uploads\\\/2018\\\/05\\\/PF.jpg?fit=576%2C324&ssl=1\",\"datePublished\":\"2018-05-09T23:37:05+00:00\",\"dateModified\":\"2018-05-09T23:38:09+00:00\",\"author\":{\"@id\":\"https:\\\/\\\/gersonguelmann.com.br\\\/blog\\\/#\\\/schema\\\/person\\\/87e70e2a786888082f941a482c90569e\"},\"inLanguage\":\"pt-BR\",\"potentialAction\":[{\"@type\":\"ReadAction\",\"target\":[\"https:\\\/\\\/gersonguelmann.com.br\\\/blog\\\/bolacha-com-leite-diluido-ovo-no-lugar-da-carne-merenda-escolar-de-bandidos\\\/\"]}]},{\"@type\":\"ImageObject\",\"inLanguage\":\"pt-BR\",\"@id\":\"https:\\\/\\\/gersonguelmann.com.br\\\/blog\\\/bolacha-com-leite-diluido-ovo-no-lugar-da-carne-merenda-escolar-de-bandidos\\\/#primaryimage\",\"url\":\"https:\\\/\\\/i0.wp.com\\\/gersonguelmann.com.br\\\/blog\\\/wp-content\\\/uploads\\\/2018\\\/05\\\/PF.jpg?fit=576%2C324&ssl=1\",\"contentUrl\":\"https:\\\/\\\/i0.wp.com\\\/gersonguelmann.com.br\\\/blog\\\/wp-content\\\/uploads\\\/2018\\\/05\\\/PF.jpg?fit=576%2C324&ssl=1\",\"width\":576,\"height\":324},{\"@type\":\"WebSite\",\"@id\":\"https:\\\/\\\/gersonguelmann.com.br\\\/blog\\\/#website\",\"url\":\"https:\\\/\\\/gersonguelmann.com.br\\\/blog\\\/\",\"name\":\"Blog do Guelmann\",\"description\":\"Pitadas da sabedoria e do humor judaicos, assuntos do momento e um pouco das hist\u00f3rias que vivi e testemunhei.\",\"potentialAction\":[{\"@type\":\"SearchAction\",\"target\":{\"@type\":\"EntryPoint\",\"urlTemplate\":\"https:\\\/\\\/gersonguelmann.com.br\\\/blog\\\/?s={search_term_string}\"},\"query-input\":{\"@type\":\"PropertyValueSpecification\",\"valueRequired\":true,\"valueName\":\"search_term_string\"}}],\"inLanguage\":\"pt-BR\"},{\"@type\":\"Person\",\"@id\":\"https:\\\/\\\/gersonguelmann.com.br\\\/blog\\\/#\\\/schema\\\/person\\\/87e70e2a786888082f941a482c90569e\",\"name\":\"Gerson Guelmann\",\"image\":{\"@type\":\"ImageObject\",\"inLanguage\":\"pt-BR\",\"@id\":\"https:\\\/\\\/i0.wp.com\\\/gersonguelmann.com.br\\\/blog\\\/wp-content\\\/uploads\\\/2021\\\/08\\\/BLOG.jpeg?fit=96%2C96&ssl=1\",\"url\":\"https:\\\/\\\/i0.wp.com\\\/gersonguelmann.com.br\\\/blog\\\/wp-content\\\/uploads\\\/2021\\\/08\\\/BLOG.jpeg?fit=96%2C96&ssl=1\",\"contentUrl\":\"https:\\\/\\\/i0.wp.com\\\/gersonguelmann.com.br\\\/blog\\\/wp-content\\\/uploads\\\/2021\\\/08\\\/BLOG.jpeg?fit=96%2C96&ssl=1\",\"caption\":\"Gerson Guelmann\"},\"description\":\"Pitadas da sabedoria e do humor judaicos, assuntos do momento e um pouco das hist\u00f3rias que vivi e testemunhei.\"}]}<\/script>\n<!-- \/ Yoast SEO plugin. -->","yoast_head_json":{"title":"Bolacha Com Leite Dilu\u00eddo, Ovo no Lugar da Carne: Merenda Escolar de Bandidos | Blog do Guelmann","robots":{"index":"index","follow":"follow","max-snippet":"max-snippet:-1","max-image-preview":"max-image-preview:large","max-video-preview":"max-video-preview:-1"},"canonical":"https:\/\/gersonguelmann.com.br\/blog\/bolacha-com-leite-diluido-ovo-no-lugar-da-carne-merenda-escolar-de-bandidos\/","og_locale":"pt_BR","og_type":"article","og_title":"Bolacha Com Leite Dilu\u00eddo, Ovo no Lugar da Carne: Merenda Escolar de Bandidos | Blog do Guelmann","og_description":"No Brasil de hoje, onde a canalhice n\u00e3o conhece limites, acontece este tipo de coisa (mat\u00e9ria da revista Isto\u00c9): BRASIL \u2018Corta a carne e d\u00e1 ovo para essas crian\u00e7as\u2019, diz alvo da Opera\u00e7\u00e3o Prato Feito Um grampo da Opera\u00e7\u00e3o Prato Feito, deflagrada nesta quarta-feira, 9, pela Pol\u00edcia Federal e pela Controladoria-Geral da Uni\u00e3o (CGU), revela [&hellip;]","og_url":"https:\/\/gersonguelmann.com.br\/blog\/bolacha-com-leite-diluido-ovo-no-lugar-da-carne-merenda-escolar-de-bandidos\/","og_site_name":"Blog do Guelmann","article_published_time":"2018-05-09T23:37:05+00:00","article_modified_time":"2018-05-09T23:38:09+00:00","og_image":[{"width":576,"height":324,"url":"https:\/\/i0.wp.com\/gersonguelmann.com.br\/blog\/wp-content\/uploads\/2018\/05\/PF.jpg?fit=576%2C324&ssl=1","type":"image\/jpeg"}],"author":"Gerson Guelmann","twitter_card":"summary_large_image","twitter_misc":{"Escrito por":"Gerson Guelmann","Est. tempo de leitura":"4 minutos"},"schema":{"@context":"https:\/\/schema.org","@graph":[{"@type":"Article","@id":"https:\/\/gersonguelmann.com.br\/blog\/bolacha-com-leite-diluido-ovo-no-lugar-da-carne-merenda-escolar-de-bandidos\/#article","isPartOf":{"@id":"https:\/\/gersonguelmann.com.br\/blog\/bolacha-com-leite-diluido-ovo-no-lugar-da-carne-merenda-escolar-de-bandidos\/"},"author":{"name":"Gerson Guelmann","@id":"https:\/\/gersonguelmann.com.br\/blog\/#\/schema\/person\/87e70e2a786888082f941a482c90569e"},"headline":"Bolacha Com Leite Dilu\u00eddo, Ovo no Lugar da Carne: Merenda Escolar de Bandidos","datePublished":"2018-05-09T23:37:05+00:00","dateModified":"2018-05-09T23:38:09+00:00","mainEntityOfPage":{"@id":"https:\/\/gersonguelmann.com.br\/blog\/bolacha-com-leite-diluido-ovo-no-lugar-da-carne-merenda-escolar-de-bandidos\/"},"wordCount":737,"commentCount":0,"image":{"@id":"https:\/\/gersonguelmann.com.br\/blog\/bolacha-com-leite-diluido-ovo-no-lugar-da-carne-merenda-escolar-de-bandidos\/#primaryimage"},"thumbnailUrl":"https:\/\/i0.wp.com\/gersonguelmann.com.br\/blog\/wp-content\/uploads\/2018\/05\/PF.jpg?fit=576%2C324&ssl=1","inLanguage":"pt-BR","potentialAction":[{"@type":"CommentAction","name":"Comment","target":["https:\/\/gersonguelmann.com.br\/blog\/bolacha-com-leite-diluido-ovo-no-lugar-da-carne-merenda-escolar-de-bandidos\/#respond"]}]},{"@type":"WebPage","@id":"https:\/\/gersonguelmann.com.br\/blog\/bolacha-com-leite-diluido-ovo-no-lugar-da-carne-merenda-escolar-de-bandidos\/","url":"https:\/\/gersonguelmann.com.br\/blog\/bolacha-com-leite-diluido-ovo-no-lugar-da-carne-merenda-escolar-de-bandidos\/","name":"Bolacha Com Leite Dilu\u00eddo, Ovo no Lugar da Carne: Merenda Escolar de Bandidos | Blog do Guelmann","isPartOf":{"@id":"https:\/\/gersonguelmann.com.br\/blog\/#website"},"primaryImageOfPage":{"@id":"https:\/\/gersonguelmann.com.br\/blog\/bolacha-com-leite-diluido-ovo-no-lugar-da-carne-merenda-escolar-de-bandidos\/#primaryimage"},"image":{"@id":"https:\/\/gersonguelmann.com.br\/blog\/bolacha-com-leite-diluido-ovo-no-lugar-da-carne-merenda-escolar-de-bandidos\/#primaryimage"},"thumbnailUrl":"https:\/\/i0.wp.com\/gersonguelmann.com.br\/blog\/wp-content\/uploads\/2018\/05\/PF.jpg?fit=576%2C324&ssl=1","datePublished":"2018-05-09T23:37:05+00:00","dateModified":"2018-05-09T23:38:09+00:00","author":{"@id":"https:\/\/gersonguelmann.com.br\/blog\/#\/schema\/person\/87e70e2a786888082f941a482c90569e"},"inLanguage":"pt-BR","potentialAction":[{"@type":"ReadAction","target":["https:\/\/gersonguelmann.com.br\/blog\/bolacha-com-leite-diluido-ovo-no-lugar-da-carne-merenda-escolar-de-bandidos\/"]}]},{"@type":"ImageObject","inLanguage":"pt-BR","@id":"https:\/\/gersonguelmann.com.br\/blog\/bolacha-com-leite-diluido-ovo-no-lugar-da-carne-merenda-escolar-de-bandidos\/#primaryimage","url":"https:\/\/i0.wp.com\/gersonguelmann.com.br\/blog\/wp-content\/uploads\/2018\/05\/PF.jpg?fit=576%2C324&ssl=1","contentUrl":"https:\/\/i0.wp.com\/gersonguelmann.com.br\/blog\/wp-content\/uploads\/2018\/05\/PF.jpg?fit=576%2C324&ssl=1","width":576,"height":324},{"@type":"WebSite","@id":"https:\/\/gersonguelmann.com.br\/blog\/#website","url":"https:\/\/gersonguelmann.com.br\/blog\/","name":"Blog do Guelmann","description":"Pitadas da sabedoria e do humor judaicos, assuntos do momento e um pouco das hist\u00f3rias que vivi e testemunhei.","potentialAction":[{"@type":"SearchAction","target":{"@type":"EntryPoint","urlTemplate":"https:\/\/gersonguelmann.com.br\/blog\/?s={search_term_string}"},"query-input":{"@type":"PropertyValueSpecification","valueRequired":true,"valueName":"search_term_string"}}],"inLanguage":"pt-BR"},{"@type":"Person","@id":"https:\/\/gersonguelmann.com.br\/blog\/#\/schema\/person\/87e70e2a786888082f941a482c90569e","name":"Gerson Guelmann","image":{"@type":"ImageObject","inLanguage":"pt-BR","@id":"https:\/\/i0.wp.com\/gersonguelmann.com.br\/blog\/wp-content\/uploads\/2021\/08\/BLOG.jpeg?fit=96%2C96&ssl=1","url":"https:\/\/i0.wp.com\/gersonguelmann.com.br\/blog\/wp-content\/uploads\/2021\/08\/BLOG.jpeg?fit=96%2C96&ssl=1","contentUrl":"https:\/\/i0.wp.com\/gersonguelmann.com.br\/blog\/wp-content\/uploads\/2021\/08\/BLOG.jpeg?fit=96%2C96&ssl=1","caption":"Gerson Guelmann"},"description":"Pitadas da sabedoria e do humor judaicos, assuntos do momento e um pouco das hist\u00f3rias que vivi e testemunhei."}]}},"views":26,"jetpack_publicize_connections":[],"jetpack_featured_media_url":"https:\/\/i0.wp.com\/gersonguelmann.com.br\/blog\/wp-content\/uploads\/2018\/05\/PF.jpg?fit=576%2C324&ssl=1","jetpack_shortlink":"https:\/\/wp.me\/p96e7O-3jb","jetpack-related-posts":[{"id":16468,"url":"https:\/\/gersonguelmann.com.br\/blog\/gosta-de-pinhao-aproveite-a-temporada\/","url_meta":{"origin":12721,"position":0},"title":"Gosta de Pinh\u00e3o? Aproveite a Temporada!","author":"Gerson Guelmann","date":"27 de abril de 2019","format":false,"excerpt":"Para quem \u00e9 do Paran\u00e1, Santa Catarina e Rio Grande do Sul, esta \u00e9 a \u00e9poca do consumo do pinh\u00e3o, que teve a venda liberada dia 1\u00ba de abril. Sei que em S\u00e3o Paulo e em Minas Gerais tamb\u00e9m h\u00e1 regi\u00f5es onde h\u00e1 pinh\u00e3o, mas \u00e9 aqui nos estados mais\u2026","rel":"","context":"Em &quot;Sem categoria&quot;","block_context":{"text":"Sem categoria","link":"https:\/\/gersonguelmann.com.br\/blog\/category\/sem-categoria\/"},"img":{"alt_text":"","src":"https:\/\/i0.wp.com\/gersonguelmann.com.br\/blog\/wp-content\/uploads\/2019\/04\/Pinh%C3%A3o.jpg?resize=350%2C200&ssl=1","width":350,"height":200},"classes":[]},{"id":23491,"url":"https:\/\/gersonguelmann.com.br\/blog\/sexta-do-humor-e-da-cultura-judaica-voce-sabe-que-foi-criadoa-em-uma-familia-judia-quando-8\/","url_meta":{"origin":12721,"position":1},"title":"Sexta do Humor e da Cultura Judaica: Voc\u00ea Sabe Que Foi Criado(a) em Uma Fam\u00edlia Judia Quando\u2026 (8)","author":"Gerson Guelmann","date":"12 de julho de 2024","format":false,"excerpt":"Voc\u00ea Sabe Que Foi Criado(a) em Uma Fam\u00edlia Judia Quando\u2026 (8) Terminando a s\u00e9rie... Voc\u00ea sabe que foi criado(a) em uma fam\u00edlia judia quando\u2026 22. Voc\u00ea acha que comer meio vidro de picles com endro \u00e9 um lanche saud\u00e1vel; e 23) Voc\u00ea pode encarar um prato de Gefilte Fish (\u2217)\u2026","rel":"","context":"Em &quot;Sem categoria&quot;","block_context":{"text":"Sem categoria","link":"https:\/\/gersonguelmann.com.br\/blog\/category\/sem-categoria\/"},"img":{"alt_text":"","src":"https:\/\/i0.wp.com\/gersonguelmann.com.br\/blog\/wp-content\/uploads\/2024\/07\/HojePR-8-scaled.jpg?fit=1200%2C780&ssl=1&resize=350%2C200","width":350,"height":200,"srcset":"https:\/\/i0.wp.com\/gersonguelmann.com.br\/blog\/wp-content\/uploads\/2024\/07\/HojePR-8-scaled.jpg?fit=1200%2C780&ssl=1&resize=350%2C200 1x, https:\/\/i0.wp.com\/gersonguelmann.com.br\/blog\/wp-content\/uploads\/2024\/07\/HojePR-8-scaled.jpg?fit=1200%2C780&ssl=1&resize=525%2C300 1.5x, https:\/\/i0.wp.com\/gersonguelmann.com.br\/blog\/wp-content\/uploads\/2024\/07\/HojePR-8-scaled.jpg?fit=1200%2C780&ssl=1&resize=700%2C400 2x, https:\/\/i0.wp.com\/gersonguelmann.com.br\/blog\/wp-content\/uploads\/2024\/07\/HojePR-8-scaled.jpg?fit=1200%2C780&ssl=1&resize=1050%2C600 3x"},"classes":[]},{"id":2397,"url":"https:\/\/gersonguelmann.com.br\/blog\/merenda-escolar-fora-da-escola\/","url_meta":{"origin":12721,"position":2},"title":"Merenda Escolar&#8230; Fora da Escola","author":"Gerson Guelmann","date":"4 de outubro de 2017","format":false,"excerpt":"Mais um exemplo de que existe um Brasil que n\u00e3o se conforma com os desn\u00edveis sociais e faz a sua parte. No bairro chamado Itacib\u00e1, em Cariacica (ES), a jovem\u00a0empres\u00e1ria Ros\u00e2ngela Amaral, de 34 anos, estava fazendo uma pequena obra para abrir uma padaria, e percebeu que o Cau\u00e3, um\u2026","rel":"","context":"Em &quot;Sem categoria&quot;","block_context":{"text":"Sem categoria","link":"https:\/\/gersonguelmann.com.br\/blog\/category\/sem-categoria\/"},"img":{"alt_text":"","src":"https:\/\/i0.wp.com\/gersonguelmann.com.br\/blog\/wp-content\/uploads\/2017\/10\/Padaria.jpg?fit=1200%2C802&ssl=1&resize=350%2C200","width":350,"height":200,"srcset":"https:\/\/i0.wp.com\/gersonguelmann.com.br\/blog\/wp-content\/uploads\/2017\/10\/Padaria.jpg?fit=1200%2C802&ssl=1&resize=350%2C200 1x, https:\/\/i0.wp.com\/gersonguelmann.com.br\/blog\/wp-content\/uploads\/2017\/10\/Padaria.jpg?fit=1200%2C802&ssl=1&resize=525%2C300 1.5x, https:\/\/i0.wp.com\/gersonguelmann.com.br\/blog\/wp-content\/uploads\/2017\/10\/Padaria.jpg?fit=1200%2C802&ssl=1&resize=700%2C400 2x, https:\/\/i0.wp.com\/gersonguelmann.com.br\/blog\/wp-content\/uploads\/2017\/10\/Padaria.jpg?fit=1200%2C802&ssl=1&resize=1050%2C600 3x"},"classes":[]},{"id":17902,"url":"https:\/\/gersonguelmann.com.br\/blog\/cafe-da-manha-de-rei-almoco-de-principe-e-jantar-de-pobre\/","url_meta":{"origin":12721,"position":3},"title":"Caf\u00e9 da Manh\u00e3 de Rei, Almo\u00e7o de Pr\u00edncipe e Jantar de Pobre","author":"Gerson Guelmann","date":"5 de agosto de 2019","format":false,"excerpt":"Os antigos diziam: - \"O caf\u00e9 da manh\u00e3 eu tomo sozinho, o almo\u00e7o divido com meu amigo e o jantar mando para o meu inimigo\".\u00a0 A sabedoria desse aforismo \u00e9 ineg\u00e1vel. Muitas pessoas t\u00eam esse costume e a Medicina j\u00e1 evidenciou as vantagens do h\u00e1bito. Lembrei disso ao ler mat\u00e9ria\u2026","rel":"","context":"Em &quot;Sem categoria&quot;","block_context":{"text":"Sem categoria","link":"https:\/\/gersonguelmann.com.br\/blog\/category\/sem-categoria\/"},"img":{"alt_text":"","src":"https:\/\/i0.wp.com\/gersonguelmann.com.br\/blog\/wp-content\/uploads\/2019\/08\/food-and-health.jpg?fit=960%2C640&ssl=1&resize=350%2C200","width":350,"height":200,"srcset":"https:\/\/i0.wp.com\/gersonguelmann.com.br\/blog\/wp-content\/uploads\/2019\/08\/food-and-health.jpg?fit=960%2C640&ssl=1&resize=350%2C200 1x, https:\/\/i0.wp.com\/gersonguelmann.com.br\/blog\/wp-content\/uploads\/2019\/08\/food-and-health.jpg?fit=960%2C640&ssl=1&resize=525%2C300 1.5x, https:\/\/i0.wp.com\/gersonguelmann.com.br\/blog\/wp-content\/uploads\/2019\/08\/food-and-health.jpg?fit=960%2C640&ssl=1&resize=700%2C400 2x"},"classes":[]},{"id":21223,"url":"https:\/\/gersonguelmann.com.br\/blog\/s-ex-a-vai-transar-durante-a-audiencia-melhor-desligar-a-camera\/","url_meta":{"origin":12721,"position":4},"title":"S. Ex.\u00aa Vai Transar Durante a Audi\u00eancia? Melhor Desligar a C\u00e2mera&#8230;","author":"Gerson Guelmann","date":"1 de fevereiro de 2021","format":false,"excerpt":"Um Advogado peruano esqueceu de desligar a c\u00e2mera durante uma audi\u00eancia pela internet e sua atividade sexual foi exposta na rede. Coisas dos tempos atuais, onde as reuni\u00f5es s\u00e3o virtuais mas a vida (incluindo o sexo) continua real... A mat\u00e9ria \u00e9 do site BHAZ: Advogado esquece c\u00e2mera ligada e faz\u2026","rel":"","context":"Em &quot;Sem categoria&quot;","block_context":{"text":"Sem categoria","link":"https:\/\/gersonguelmann.com.br\/blog\/category\/sem-categoria\/"},"img":{"alt_text":"","src":"https:\/\/i0.wp.com\/gersonguelmann.com.br\/blog\/wp-content\/uploads\/2021\/02\/online-5059831_1920.jpg?fit=1200%2C800&ssl=1&resize=350%2C200","width":350,"height":200,"srcset":"https:\/\/i0.wp.com\/gersonguelmann.com.br\/blog\/wp-content\/uploads\/2021\/02\/online-5059831_1920.jpg?fit=1200%2C800&ssl=1&resize=350%2C200 1x, https:\/\/i0.wp.com\/gersonguelmann.com.br\/blog\/wp-content\/uploads\/2021\/02\/online-5059831_1920.jpg?fit=1200%2C800&ssl=1&resize=525%2C300 1.5x, https:\/\/i0.wp.com\/gersonguelmann.com.br\/blog\/wp-content\/uploads\/2021\/02\/online-5059831_1920.jpg?fit=1200%2C800&ssl=1&resize=700%2C400 2x, https:\/\/i0.wp.com\/gersonguelmann.com.br\/blog\/wp-content\/uploads\/2021\/02\/online-5059831_1920.jpg?fit=1200%2C800&ssl=1&resize=1050%2C600 3x"},"classes":[]},{"id":13892,"url":"https:\/\/gersonguelmann.com.br\/blog\/filho-de-gilmar-mendes-ofereceu-servicos-a-brf\/","url_meta":{"origin":12721,"position":5},"title":"Filho de Gilmar Mendes Ofereceu Servi\u00e7os \u00e0 BRF","author":"Gerson Guelmann","date":"12 de junho de 2018","format":false,"excerpt":"Not\u00edcia publicada com exclusividade h\u00e1 pouco pelo site O Antagonista: Exclusivo: Em e-mail, filho de Gilmar oferece \u00e0 BRF \u2018aperfei\u00e7oamentos legislativos\u2019 Brasil\u00a012.06.18 16:43 Por Claudio Dantas A Pol\u00edcia Federal anexou aos autos da Opera\u00e7\u00e3o Trapa\u00e7a \u2013 terceira fase da Carne Fraca \u2013 uma s\u00e9rie de e-mails oriundos da quebra de\u2026","rel":"","context":"Em &quot;Sem categoria&quot;","block_context":{"text":"Sem categoria","link":"https:\/\/gersonguelmann.com.br\/blog\/category\/sem-categoria\/"},"img":{"alt_text":"","src":"https:\/\/i0.wp.com\/gersonguelmann.com.br\/blog\/wp-content\/uploads\/2018\/06\/filho-gilmar.png?fit=674%2C765&ssl=1&resize=350%2C200","width":350,"height":200,"srcset":"https:\/\/i0.wp.com\/gersonguelmann.com.br\/blog\/wp-content\/uploads\/2018\/06\/filho-gilmar.png?fit=674%2C765&ssl=1&resize=350%2C200 1x, https:\/\/i0.wp.com\/gersonguelmann.com.br\/blog\/wp-content\/uploads\/2018\/06\/filho-gilmar.png?fit=674%2C765&ssl=1&resize=525%2C300 1.5x"},"classes":[]}],"jetpack_sharing_enabled":true,"post_mailing_queue_ids":[],"_links":{"self":[{"href":"https:\/\/gersonguelmann.com.br\/blog\/wp-json\/wp\/v2\/posts\/12721","targetHints":{"allow":["GET"]}}],"collection":[{"href":"https:\/\/gersonguelmann.com.br\/blog\/wp-json\/wp\/v2\/posts"}],"about":[{"href":"https:\/\/gersonguelmann.com.br\/blog\/wp-json\/wp\/v2\/types\/post"}],"author":[{"embeddable":true,"href":"https:\/\/gersonguelmann.com.br\/blog\/wp-json\/wp\/v2\/users\/5"}],"replies":[{"embeddable":true,"href":"https:\/\/gersonguelmann.com.br\/blog\/wp-json\/wp\/v2\/comments?post=12721"}],"version-history":[{"count":0,"href":"https:\/\/gersonguelmann.com.br\/blog\/wp-json\/wp\/v2\/posts\/12721\/revisions"}],"wp:featuredmedia":[{"embeddable":true,"href":"https:\/\/gersonguelmann.com.br\/blog\/wp-json\/wp\/v2\/media\/12723"}],"wp:attachment":[{"href":"https:\/\/gersonguelmann.com.br\/blog\/wp-json\/wp\/v2\/media?parent=12721"}],"wp:term":[{"taxonomy":"category","embeddable":true,"href":"https:\/\/gersonguelmann.com.br\/blog\/wp-json\/wp\/v2\/categories?post=12721"},{"taxonomy":"post_tag","embeddable":true,"href":"https:\/\/gersonguelmann.com.br\/blog\/wp-json\/wp\/v2\/tags?post=12721"}],"curies":[{"name":"wp","href":"https:\/\/api.w.org\/{rel}","templated":true}]}}