    {"id":12736,"date":"2018-05-10T13:14:00","date_gmt":"2018-05-10T16:14:00","guid":{"rendered":"https:\/\/gersonguelmann.com.br\/blog\/?p=12736"},"modified":"2018-05-10T13:14:00","modified_gmt":"2018-05-10T16:14:00","slug":"israel-destruiu-a-infraestrutura-militar-do-ira-na-siria","status":"publish","type":"post","link":"https:\/\/gersonguelmann.com.br\/blog\/israel-destruiu-a-infraestrutura-militar-do-ira-na-siria\/","title":{"rendered":"Israel Destruiu a Infraestrutura Militar do Ir\u00e3 na Siria"},"content":{"rendered":"<p><span style=\"color: #000000; font-family: georgia, palatino, serif; font-size: 18pt;\">Informa\u00e7\u00f5es do portal Menorah Brasil:<\/span><\/p>\n<p class=\"entry-title\"><span style=\"font-size: 24pt;\"><strong><span style=\"color: #000000;\">TODA A INFRAESTRUTURA MILITAR DO IR\u00c3 NA S\u00cdRIA FOI DESTRU\u00cdDA<\/span><\/strong><\/span><\/p>\n<p class=\"mh-meta entry-meta\"><span style=\"color: #000000;\"><span class=\"entry-meta-date updated\"><i class=\"fa fa-clock-o\"><\/i><a style=\"color: #000000;\" href=\"https:\/\/www.menorahnet.com.br\/2018\/05\/\"><span style=\"font-size: 14pt;\">maio 10, 2018<\/span><\/a><\/span><span style=\"font-size: 14pt;\">\u00a0<span class=\"entry-meta-author author vcard\"><i class=\"fa fa-user\"><\/i><a class=\"fn\" style=\"color: #000000;\" href=\"https:\/\/www.menorahnet.com.br\/author\/roitberg\/\">Jos\u00e9 Roitberg<\/a><\/span>\u00a0<\/span><\/span><\/p>\n<div class=\"\" data-block=\"true\" data-editor=\"ai7v7\" data-offset-key=\"bskj8-0-0\">\n<div class=\"_1mf _1mj\" data-offset-key=\"bskj8-0-0\"><span style=\"color: #000000; font-size: 14pt;\">por Jos\u00e9 Roitberg<\/span><\/div>\n<div style=\"text-align: center;\" data-offset-key=\"bskj8-0-0\"><img data-recalc-dims=\"1\" fetchpriority=\"high\" decoding=\"async\" data-attachment-id=\"12737\" data-permalink=\"https:\/\/gersonguelmann.com.br\/blog\/israel-destruiu-a-infraestrutura-militar-do-ira-na-siria\/1-9\/\" data-orig-file=\"https:\/\/i0.wp.com\/gersonguelmann.com.br\/blog\/wp-content\/uploads\/2018\/05\/1-3.jpg?fit=678%2C381&amp;ssl=1\" data-orig-size=\"678,381\" data-comments-opened=\"1\" data-image-meta=\"{&quot;aperture&quot;:&quot;0&quot;,&quot;credit&quot;:&quot;&quot;,&quot;camera&quot;:&quot;&quot;,&quot;caption&quot;:&quot;&quot;,&quot;created_timestamp&quot;:&quot;0&quot;,&quot;copyright&quot;:&quot;&quot;,&quot;focal_length&quot;:&quot;0&quot;,&quot;iso&quot;:&quot;0&quot;,&quot;shutter_speed&quot;:&quot;0&quot;,&quot;title&quot;:&quot;&quot;,&quot;orientation&quot;:&quot;0&quot;}\" data-image-title=\"1\" data-image-description=\"\" data-image-caption=\"\" data-medium-file=\"https:\/\/i0.wp.com\/gersonguelmann.com.br\/blog\/wp-content\/uploads\/2018\/05\/1-3.jpg?fit=300%2C169&amp;ssl=1\" data-large-file=\"https:\/\/i0.wp.com\/gersonguelmann.com.br\/blog\/wp-content\/uploads\/2018\/05\/1-3.jpg?fit=640%2C360&amp;ssl=1\" class=\"alignnone size-medium wp-image-12737\" src=\"https:\/\/i0.wp.com\/gersonguelmann.com.br\/blog\/wp-content\/uploads\/2018\/05\/1-3.jpg?resize=300%2C169&#038;ssl=1\" alt=\"\" width=\"300\" height=\"169\" srcset=\"https:\/\/i0.wp.com\/gersonguelmann.com.br\/blog\/wp-content\/uploads\/2018\/05\/1-3.jpg?resize=300%2C169&amp;ssl=1 300w, https:\/\/i0.wp.com\/gersonguelmann.com.br\/blog\/wp-content\/uploads\/2018\/05\/1-3.jpg?w=678&amp;ssl=1 678w\" sizes=\"(max-width: 300px) 100vw, 300px\" \/><\/div>\n<div style=\"text-align: center;\" data-offset-key=\"bskj8-0-0\"><strong>M\u00edssil iraniano Fateh-313, de emprego r\u00e1pido com alcance de 500 km, do sul de Damasco poderia atingir at\u00e9 o Canal de Suez.<\/strong><\/div>\n<\/div>\n<div class=\"\" data-block=\"true\" data-editor=\"ai7v7\" data-offset-key=\"54p6g-0-0\">\n<div class=\"_1mf _1mj\" data-offset-key=\"54p6g-0-0\"><span style=\"color: #000000; font-size: 14pt;\" data-offset-key=\"54p6g-0-0\">\u00a0<\/span><\/div>\n<\/div>\n<div class=\"\" data-block=\"true\" data-editor=\"ai7v7\" data-offset-key=\"dqu11-0-0\">\n<div class=\"_1mf _1mj\" data-offset-key=\"dqu11-0-0\"><span style=\"color: #000000; font-size: 14pt;\" data-offset-key=\"dqu11-0-0\">As for\u00e7as de defesa de Israel (IDF) lan\u00e7aram um ataque em larga escala contra os alvos militares pertencentes a For\u00e7a Qods da Guarda Revolucion\u00e1ria Iraniana no territ\u00f3rio da S\u00edria na noite desta quarta para quinta-feira dias 9-10 de maio. Quds \u00e9 o nome em \u00e1rabe para Jerusal\u00e9m e Qods \u00e9 a escrita em farsi, l\u00edngua persa do Ir\u00e3.<\/span><\/div>\n<\/div>\n<div data-offset-key=\"dqu11-0-0\"><\/div>\n<div style=\"text-align: center;\" data-offset-key=\"dqu11-0-0\"><img data-recalc-dims=\"1\" decoding=\"async\" data-attachment-id=\"12738\" data-permalink=\"https:\/\/gersonguelmann.com.br\/blog\/israel-destruiu-a-infraestrutura-militar-do-ira-na-siria\/2-9\/\" data-orig-file=\"https:\/\/i0.wp.com\/gersonguelmann.com.br\/blog\/wp-content\/uploads\/2018\/05\/2-3.jpg?fit=667%2C397&amp;ssl=1\" data-orig-size=\"667,397\" data-comments-opened=\"1\" data-image-meta=\"{&quot;aperture&quot;:&quot;0&quot;,&quot;credit&quot;:&quot;&quot;,&quot;camera&quot;:&quot;&quot;,&quot;caption&quot;:&quot;&quot;,&quot;created_timestamp&quot;:&quot;0&quot;,&quot;copyright&quot;:&quot;&quot;,&quot;focal_length&quot;:&quot;0&quot;,&quot;iso&quot;:&quot;0&quot;,&quot;shutter_speed&quot;:&quot;0&quot;,&quot;title&quot;:&quot;&quot;,&quot;orientation&quot;:&quot;0&quot;}\" data-image-title=\"2\" data-image-description=\"\" data-image-caption=\"\" data-medium-file=\"https:\/\/i0.wp.com\/gersonguelmann.com.br\/blog\/wp-content\/uploads\/2018\/05\/2-3.jpg?fit=300%2C179&amp;ssl=1\" data-large-file=\"https:\/\/i0.wp.com\/gersonguelmann.com.br\/blog\/wp-content\/uploads\/2018\/05\/2-3.jpg?fit=640%2C381&amp;ssl=1\" class=\"alignnone size-medium wp-image-12738\" src=\"https:\/\/i0.wp.com\/gersonguelmann.com.br\/blog\/wp-content\/uploads\/2018\/05\/2-3.jpg?resize=300%2C179&#038;ssl=1\" alt=\"\" width=\"300\" height=\"179\" srcset=\"https:\/\/i0.wp.com\/gersonguelmann.com.br\/blog\/wp-content\/uploads\/2018\/05\/2-3.jpg?resize=300%2C179&amp;ssl=1 300w, https:\/\/i0.wp.com\/gersonguelmann.com.br\/blog\/wp-content\/uploads\/2018\/05\/2-3.jpg?w=667&amp;ssl=1 667w\" sizes=\"(max-width: 300px) 100vw, 300px\" \/><\/div>\n<div class=\"\" data-block=\"true\" data-editor=\"ai7v7\" data-offset-key=\"dqu11-0-0\">\n<div data-offset-key=\"dqu11-0-0\"><\/div>\n<\/div>\n<div data-offset-key=\"dqu11-0-0\">\n<div class=\"\" data-block=\"true\" data-editor=\"ai7v7\" data-offset-key=\"360ip-0-0\">\n<div class=\"_1mf _1mj\" data-offset-key=\"360ip-0-0\"><span style=\"color: #000000; font-size: 14pt;\" data-offset-key=\"360ip-0-0\">Segundo a nota oficial do porta-voz do IDF, os seguintes alvos foram atacados:<\/span><\/div>\n<\/div>\n<div class=\"\" data-block=\"true\" data-editor=\"ai7v7\" data-offset-key=\"cmo7-0-0\">\n<div class=\"_1mf _1mj\" data-offset-key=\"cmo7-0-0\"><span style=\"color: #000000; font-size: 14pt;\" data-offset-key=\"cmo7-0-0\">\u00a0<\/span><\/div>\n<\/div>\n<div class=\"\" data-block=\"true\" data-editor=\"ai7v7\" data-offset-key=\"d52bd-0-0\">\n<div class=\"_1mf _1mj\" data-offset-key=\"d52bd-0-0\"><span style=\"color: #000000; font-size: 14pt;\" data-offset-key=\"d52bd-0-0\">\u2013 Locais iranianos de opera\u00e7\u00e3o de unidades de intelig\u00eancia militar da For\u00e7a Qods.<\/span><\/div>\n<\/div>\n<div class=\"\" data-block=\"true\" data-editor=\"ai7v7\" data-offset-key=\"a8smd-0-0\">\n<div class=\"_1mf _1mj\" data-offset-key=\"a8smd-0-0\"><span style=\"color: #000000; font-size: 14pt;\" data-offset-key=\"a8smd-0-0\">\u00a0<\/span><\/div>\n<\/div>\n<div class=\"\" data-block=\"true\" data-editor=\"ai7v7\" data-offset-key=\"8041o-0-0\">\n<div class=\"_1mf _1mj\" data-offset-key=\"8041o-0-0\"><span style=\"color: #000000; font-size: 14pt;\" data-offset-key=\"8041o-0-0\">\u2013 Sistemas de intelig\u00eancia associados \u00e0 For\u00e7a Quds (antenas, radares, esta\u00e7\u00f5es de r\u00e1dio e monitoramento digital e de frequ\u00eancias anal\u00f3gicas).<\/span><\/div>\n<\/div>\n<div class=\"\" data-block=\"true\" data-editor=\"ai7v7\" data-offset-key=\"28rsh-0-0\">\n<div class=\"_1mf _1mj\" data-offset-key=\"28rsh-0-0\"><span style=\"color: #000000; font-size: 14pt;\" data-offset-key=\"28rsh-0-0\">\u00a0<\/span><\/div>\n<\/div>\n<div class=\"\" data-block=\"true\" data-editor=\"ai7v7\" data-offset-key=\"a23dt-0-0\">\n<div class=\"_1mf _1mj\" data-offset-key=\"a23dt-0-0\"><span style=\"color: #000000; font-size: 14pt;\" data-offset-key=\"a23dt-0-0\">\u2013 Quartel-general de log\u00edstica da For\u00e7a Qods (coordena movimento de tropas, suprimentos, transporte de muni\u00e7\u00f5es e transportes militares em geral).<\/span><\/div>\n<\/div>\n<div class=\"\" data-block=\"true\" data-editor=\"ai7v7\" data-offset-key=\"3so33-0-0\">\n<div class=\"_1mf _1mj\" data-offset-key=\"3so33-0-0\"><span style=\"color: #000000; font-size: 14pt;\" data-offset-key=\"3so33-0-0\">\u00a0<\/span><\/div>\n<\/div>\n<div class=\"\" data-block=\"true\" data-editor=\"ai7v7\" data-offset-key=\"21vj5-0-0\">\n<div class=\"_1mf _1mj\" data-offset-key=\"21vj5-0-0\"><span style=\"color: #000000; font-size: 14pt;\" data-offset-key=\"21vj5-0-0\">\u2013 Base militar iraniana ao norte de Damasco (capital da S\u00edria).<\/span><\/div>\n<\/div>\n<div class=\"\" data-block=\"true\" data-editor=\"ai7v7\" data-offset-key=\"brlul-0-0\">\n<div class=\"_1mf _1mj\" data-offset-key=\"brlul-0-0\"><span style=\"color: #000000; font-size: 14pt;\" data-offset-key=\"brlul-0-0\">\u00a0<\/span><\/div>\n<\/div>\n<div class=\"\" data-block=\"true\" data-editor=\"ai7v7\" data-offset-key=\"bece-0-0\">\n<div class=\"_1mf _1mj\" data-offset-key=\"bece-0-0\"><span style=\"color: #000000; font-size: 14pt;\" data-offset-key=\"bece-0-0\">\u2013 Locais de armazenamento de armas, muni\u00e7\u00f5es e outros equipamentos da For\u00e7a Qods no Aeroporto Internacional de Damasco.<\/span><\/div>\n<\/div>\n<div class=\"\" data-block=\"true\" data-editor=\"ai7v7\" data-offset-key=\"c17oq-0-0\">\n<div class=\"_1mf _1mj\" data-offset-key=\"c17oq-0-0\"><span style=\"color: #000000; font-size: 14pt;\" data-offset-key=\"c17oq-0-0\">\u00a0<\/span><\/div>\n<\/div>\n<div class=\"\" data-block=\"true\" data-editor=\"ai7v7\" data-offset-key=\"cr6dg-0-0\">\n<div class=\"_1mf _1mj\" data-offset-key=\"cr6dg-0-0\"><span style=\"color: #000000; font-size: 14pt;\" data-offset-key=\"cr6dg-0-0\">\u2013 Postos militares e armas pesadas da For\u00e7a Qoods, instaladas na Zona Tamp\u00e3o entre a fronteira de Israel e o interior da S\u00edria.<\/span><\/div>\n<\/div>\n<div class=\"\" data-block=\"true\" data-editor=\"ai7v7\" data-offset-key=\"ak2cp-0-0\">\n<div class=\"_1mf _1mj\" data-offset-key=\"ak2cp-0-0\"><span style=\"color: #000000; font-size: 14pt;\" data-offset-key=\"ak2cp-0-0\">\u00a0<\/span><\/div>\n<\/div>\n<div class=\"\" data-block=\"true\" data-editor=\"ai7v7\" data-offset-key=\"3bdbj-0-0\">\n<div class=\"_1mf _1mj\" data-offset-key=\"3bdbj-0-0\"><span style=\"color: #000000; font-size: 14pt;\" data-offset-key=\"3bdbj-0-0\">\u2013 O lan\u00e7ador de m\u00edsseis utilizado para disparar contra Israel no dia 9 foi destru\u00eddo.<\/span><\/div>\n<\/div>\n<div class=\"\" data-block=\"true\" data-editor=\"ai7v7\" data-offset-key=\"aa4q4-0-0\">\n<div class=\"_1mf _1mj\" data-offset-key=\"aa4q4-0-0\"><span style=\"color: #000000; font-size: 14pt;\" data-offset-key=\"aa4q4-0-0\">\u00a0<\/span><\/div>\n<\/div>\n<div class=\"\" data-block=\"true\" data-editor=\"ai7v7\" data-offset-key=\"egfma-0-0\">\n<div class=\"_1mf _1mj\" data-offset-key=\"egfma-0-0\"><span style=\"color: #000000; font-size: 14pt;\" data-offset-key=\"egfma-0-0\">\u2013 As baterias antia\u00e9reas s\u00edrias foram atacadas e dispararam contra os avi\u00f5es israelenses m\u00edsseis. No decorrer da a\u00e7\u00e3o foram destru\u00eddas baterias, radares e sistemas de lan\u00e7amento de m\u00edsseis antia\u00e9reos SA5, SA2, SA22 e SA17 do ex\u00e9rcito da S\u00edria.<\/span><\/div>\n<\/div>\n<div class=\"\" data-block=\"true\" data-editor=\"ai7v7\" data-offset-key=\"b2ghu-0-0\">\n<div class=\"_1mf _1mj\" data-offset-key=\"b2ghu-0-0\"><span style=\"color: #000000; font-size: 14pt;\" data-offset-key=\"b2ghu-0-0\">\u00a0<\/span><\/div>\n<\/div>\n<div class=\"\" data-block=\"true\" data-editor=\"ai7v7\" data-offset-key=\"1vmtc-0-0\">\n<div class=\"_1mf _1mj\" data-offset-key=\"1vmtc-0-0\"><span style=\"color: #000000; font-size: 14pt;\" data-offset-key=\"1vmtc-0-0\">Todos os avi\u00f5es de Israel voltaram \u00e0s bases em seguran\u00e7a. Segundo fontes russas, que monitoraram o ataque, a incurs\u00e3o foi realizada por 28 avi\u00f5es que lan\u00e7aram, pelo menos 60 m\u00edsseis. O IDF tamb\u00e9m declarou que o comando militar russo na S\u00edria foi avisado do ataque israelense.<\/span><\/div>\n<\/div>\n<div class=\"\" data-block=\"true\" data-editor=\"ai7v7\" data-offset-key=\"85qse-0-0\">\n<div class=\"_1mf _1mj\" data-offset-key=\"85qse-0-0\"><span style=\"color: #000000; font-size: 14pt;\" data-offset-key=\"85qse-0-0\">\u00a0<\/span><\/div>\n<\/div>\n<div class=\"\" data-block=\"true\" data-editor=\"ai7v7\" data-offset-key=\"5t6r3-0-0\">\n<div class=\"_1mf _1mj\" data-offset-key=\"5t6r3-0-0\"><span style=\"color: #000000; font-size: 14pt;\" data-offset-key=\"5t6r3-0-0\">O IDF declarou que o ataque foi em resposta ao lan\u00e7amento de 20 m\u00edsseis no dia 9 contra bases militares no norte de Israel pela For\u00e7a Qods. Todos foram interceptados pelas baterias do Domo de Ferro e nenhum atingiu o territ\u00f3rio israelense. Que por sua vez foi uma retalia\u00e7\u00e3o iraniana ao ataque israelense do dia 8 contra a base de Al Kiswa ao sul de Damasco onde estavam 200 modernos m\u00edsseis Fateh 313 iranianos (na foto) rec\u00e9m-chegados ao cen\u00e1rio da guerra. Estes m\u00edsseis s\u00e3o de ataque ao solo, com alcance de 500 km e precis\u00e3o de alvo aprimorada. Ali, de onde estavam podiam atingir qualquer ponto do territ\u00f3rio israelense, jordaniano e at\u00e9 mesmo o Canal de Suez. Eram uma amea\u00e7a real e desestabilizadora. Existe uma informa\u00e7\u00e3o n\u00e3o-confirmada de quem um brigadeiro-general da Guarda Revolucion\u00e1ria estaria entre os 7 mortos no ataques do dia 8. Com este, j\u00e1 passa de 26 o n\u00famero de generais iranianos mortos na Guerra da S\u00edria. J\u00e1 se compreendeu que os oficiais superiores iranianos v\u00e3o para o combate e para a frente de batalha.<\/span><\/div>\n<\/div>\n<div class=\"\" data-block=\"true\" data-editor=\"ai7v7\" data-offset-key=\"9me34-0-0\">\n<div class=\"_1mf _1mj\" data-offset-key=\"9me34-0-0\"><span style=\"color: #000000; font-size: 14pt;\" data-offset-key=\"9me34-0-0\">\u00a0<\/span><\/div>\n<\/div>\n<div class=\"\" data-block=\"true\" data-editor=\"ai7v7\" data-offset-key=\"3ghv-0-0\">\n<div class=\"_1mf _1mj\" data-offset-key=\"3ghv-0-0\"><span style=\"color: #000000; font-size: 14pt;\" data-offset-key=\"3ghv-0-0\">Anunciando o ataque ap\u00f3s sua realiza\u00e7\u00e3o, o ministro da defesa de Israel, Avigdor Lieberman anunciou que praticamente toda a infra-estrutura militar iraniana em territ\u00f3rio s\u00edrio foi destru\u00edda. \u201cSe chover sobre n\u00f3s, voc\u00eas ser\u00e3o afogados numa enchente\u201d, declarou Lieberman.<\/span><\/div>\n<\/div>\n<div class=\"\" data-block=\"true\" data-editor=\"ai7v7\" data-offset-key=\"cnncj-0-0\">\n<div class=\"_1mf _1mj\" data-offset-key=\"cnncj-0-0\"><span style=\"color: #000000; font-size: 14pt;\" data-offset-key=\"cnncj-0-0\">\u00a0<\/span><\/div>\n<\/div>\n<div class=\"\" data-block=\"true\" data-editor=\"ai7v7\" data-offset-key=\"f9cnq-0-0\">\n<div class=\"_1mf _1mj\" data-offset-key=\"f9cnq-0-0\"><span style=\"color: #000000; font-size: 14pt;\" data-offset-key=\"f9cnq-0-0\">Em termos de legisla\u00e7\u00e3o internacional temos um caso mais complicado. Qualquer ataque israelense contra territ\u00f3rio s\u00edrio, ou s\u00edrio contra territ\u00f3rio israelense \u00e9 permitido pois a S\u00edria nunca assinou sequer o armist\u00edcio da Guerra de 1948-49, estando os dois pa\u00edses em estado de guerra permanente desde ent\u00e3o. Mas o Ir\u00e3 n\u00e3o est\u00e1 em guerra aberta contra Israel, apesar de latir h\u00e1 quase 30 anos que ir\u00e1 varrer Israel do mapa, apoiar financeiramente e politicamente o Hamas com ajuda do Catar (\u00fanico pa\u00eds mu\u00e7ulmano sunita) aliado do Ir\u00e3 e ter implantado o Hezbollah em solo liban\u00eas durante os 25 anos em que a S\u00edria ocupou o L\u00edbano.<\/span><\/div>\n<\/div>\n<div class=\"\" data-block=\"true\" data-editor=\"ai7v7\" data-offset-key=\"euo1s-0-0\">\n<div class=\"_1mf _1mj\" data-offset-key=\"euo1s-0-0\"><span style=\"color: #000000; font-size: 14pt;\" data-offset-key=\"euo1s-0-0\">\u00a0<\/span><\/div>\n<\/div>\n<div class=\"\" data-block=\"true\" data-editor=\"ai7v7\" data-offset-key=\"8n3d9-0-0\">\n<div class=\"_1mf _1mj\" data-offset-key=\"8n3d9-0-0\"><span style=\"color: #000000; font-size: 14pt;\" data-offset-key=\"8n3d9-0-0\">O cidad\u00e3o ocidental precisa compreender que o Hezbollah rec\u00e9m vencedor das elei\u00e7\u00f5es gerais libanesas, n\u00e3o \u00e9 liban\u00eas e sim iraniano. Hizb e farsi \u00e9 partido, partido pol\u00edtico. Existe uma tend\u00eancia ocidental de publicar o nome Hizballah, erradamente como Hezbollah, para descaracterizar intencionalmente a rela\u00e7\u00e3o o nome com Allah. Hizballah \u00e9 t\u00e3o somente o Partido de Deus, o bra\u00e7o pol\u00edtico da Revolu\u00e7\u00e3o Iraniana do Aiatol\u00e1 Kohmeini, sendo um dos trip\u00e9s do regime xiita. Os outros dois s\u00e3o o Conselho Supremo dos Aiatol\u00e1s (cl\u00e9rigos, pois o regime \u00e9 uma estranha teocracia-democr\u00e1tica) e a Guarda Revolucion\u00e1ria (um grupo militar acima do ex\u00e9rcito e todas as outras for\u00e7as armadas do Ir\u00e3). Por este aspecto, o Ir\u00e3 est\u00e1 em guerra n\u00e3o-forma com Israel h\u00e1 d\u00e9cadas.<\/span><\/div>\n<\/div>\n<div class=\"\" data-block=\"true\" data-editor=\"ai7v7\" data-offset-key=\"6aj98-0-0\">\n<div class=\"_1mf _1mj\" data-offset-key=\"6aj98-0-0\"><span style=\"color: #000000; font-size: 14pt;\" data-offset-key=\"6aj98-0-0\">\u00a0<\/span><\/div>\n<\/div>\n<div class=\"\" data-block=\"true\" data-editor=\"ai7v7\" data-offset-key=\"4o92h-0-0\">\n<div class=\"_1mf _1mj\" data-offset-key=\"4o92h-0-0\"><span style=\"color: #000000; font-size: 14pt;\" data-offset-key=\"4o92h-0-0\">E nos \u00faltimos quatro anos tamb\u00e9m est\u00e1 em guerra contra a Ar\u00e1bia Saudita, Egito, Jord\u00e2nia, Sud\u00e3o, Barhein e UAE, travada em territ\u00f3rio do Iemen.<\/span><\/div>\n<\/div>\n<div class=\"\" data-block=\"true\" data-editor=\"ai7v7\" data-offset-key=\"9d2k9-0-0\">\n<div class=\"_1mf _1mj\" data-offset-key=\"9d2k9-0-0\"><span style=\"color: #000000; font-size: 14pt;\" data-offset-key=\"9d2k9-0-0\">\u00a0<\/span><\/div>\n<\/div>\n<div class=\"\" data-block=\"true\" data-editor=\"ai7v7\" data-offset-key=\"3bbhg-0-0\">\n<div class=\"_1mf _1mj\" data-offset-key=\"3bbhg-0-0\"><span style=\"color: #000000; font-size: 14pt;\" data-offset-key=\"3bbhg-0-0\">O ataque de hoje n\u00e3o significa o inicio imediato de uma guerra convencional entre Israel e Ir\u00e3.<\/span><\/div>\n<\/div>\n<div class=\"\" data-block=\"true\" data-editor=\"ai7v7\" data-offset-key=\"776i9-0-0\">\n<div class=\"_1mf _1mj\" data-offset-key=\"776i9-0-0\"><span style=\"color: #000000; font-size: 14pt;\" data-offset-key=\"776i9-0-0\">\u00a0<\/span><\/div>\n<\/div>\n<div class=\"\" data-block=\"true\" data-editor=\"ai7v7\" data-offset-key=\"61h6j-0-0\">\n<div class=\"_1mf _1mj\" data-offset-key=\"61h6j-0-0\"><span style=\"color: #000000; font-size: 14pt;\" data-offset-key=\"61h6j-0-0\">As rea\u00e7\u00f5es internacionais s\u00e3o no m\u00ednimo curiosas. A Casa Branca condenou o ataque de ontem do Ir\u00e3 contra o norte de Israel e apoiou a reposta israelense de hoje. O novo secret\u00e1rio de estado norte americano, Mike Pompeo, declarou apenas o seguinte: \u201cCausem danos \u00e0 Israel e os Estados Unidos v\u00e3o responder\u201d.<\/span><\/div>\n<\/div>\n<div class=\"\" data-block=\"true\" data-editor=\"ai7v7\" data-offset-key=\"cirlp-0-0\">\n<div class=\"_1mf _1mj\" data-offset-key=\"cirlp-0-0\"><span style=\"color: #000000; font-size: 14pt;\" data-offset-key=\"cirlp-0-0\">\u00a0<\/span><\/div>\n<\/div>\n<div class=\"\" data-block=\"true\" data-editor=\"ai7v7\" data-offset-key=\"5h5vp-0-0\">\n<div class=\"_1mf _1mj\" data-offset-key=\"5h5vp-0-0\"><span style=\"color: #000000; font-size: 14pt;\" data-offset-key=\"5h5vp-0-0\">O primeiro-ministro do Barhein, Al-Khalifa declarou que \u201cqualquer pa\u00eds da regi\u00e3o tem o direito de se defender\u201d e apoiou o ataque israelense contra a presen\u00e7a iraniana na S\u00edria. Jamais o Barhein, emirado \u00e1rabe mu\u00e7ulmano sunita, havia apoiado uma a\u00e7\u00e3o do IDF.<\/span><\/div>\n<\/div>\n<div class=\"\" data-block=\"true\" data-editor=\"ai7v7\" data-offset-key=\"brn5d-0-0\">\n<div class=\"_1mf _1mj\" data-offset-key=\"brn5d-0-0\"><span style=\"color: #000000; font-size: 14pt;\" data-offset-key=\"brn5d-0-0\">\u00a0<\/span><\/div>\n<\/div>\n<div class=\"\" data-block=\"true\" data-editor=\"ai7v7\" data-offset-key=\"drmla-0-0\">\n<div class=\"_1mf _1mj\" data-offset-key=\"drmla-0-0\"><span style=\"color: #000000; font-size: 14pt;\" data-offset-key=\"drmla-0-0\">O Hamas, apesar de ser mu\u00e7ulmano sunita radical, o grande apoiado pelo Ir\u00e3 xiita e que tamb\u00e9m amea\u00e7a desde sua cria\u00e7\u00e3o como Irmandade Mu\u00e7ulmana de Gaza, matar todos os judeus de Israel, corajosamente apenas emitiu uma nota de rep\u00fadio ao ataque do IDF e o Hizballah, com seus 100 mil m\u00edsseis e vit\u00f3ria eleitoral no L\u00edbano est\u00e1 quieto at\u00e9 o momento da publica\u00e7\u00e3o deste editorial.<\/span><\/div>\n<\/div>\n<div class=\"\" data-block=\"true\" data-editor=\"ai7v7\" data-offset-key=\"2k9su-0-0\">\n<div class=\"_1mf _1mj\" data-offset-key=\"2k9su-0-0\"><span style=\"color: #000000; font-size: 14pt;\" data-offset-key=\"2k9su-0-0\">\u00a0<\/span><\/div>\n<\/div>\n<div class=\"\" data-block=\"true\" data-editor=\"ai7v7\" data-offset-key=\"1sqc3-0-0\">\n<div class=\"_1mf _1mj\" data-offset-key=\"1sqc3-0-0\"><span style=\"color: #000000; font-size: 14pt;\" data-offset-key=\"1sqc3-0-0\">Dentro de casa, o bizarro partido pol\u00edtico Meretz, o \u2018psol de Israel\u2019 liderado atualmente pela parlamentar Tamar Zandberg declarou que ir\u00e1 \u201cboicotar a inaugura\u00e7\u00e3o da embaixada americana em Jerusal\u00e9m\u201d. Assim \u00e9 at\u00e9 melhor pois dispensa o governo de Netanyahu da vergonha de ser obrigado a convidar estes parlamentares. Mas pela verdade, precisamos declarar o seguinte: O inexpressivo Meretz com suas 3 cadeiras no Knesset \u00e9 um partido de esquerda socialista fragmentado ideologicamente como PSOL. Existem os membros que querem o que acham melhor para Israel e tamb\u00e9m os que querem o melhor para os inimigos de Israel. Para entender quem \u00e9 Tamar Zandberg, imagine o PSOL sendo presidido pelo Bab\u00e1!<\/span><\/div>\n<div data-offset-key=\"1sqc3-0-0\"><\/div>\n<\/div>\n<div data-offset-key=\"1sqc3-0-0\"><span style=\"color: #000000; font-family: georgia, palatino, serif; font-size: 18pt;\">Para ler a mat\u00e9ria no site, <span style=\"color: #0000ff;\"><em><strong>clique aqui<\/strong><\/em><\/span>.<\/span><\/div>\n<\/div>\n","protected":false},"excerpt":{"rendered":"<p>Informa\u00e7\u00f5es do portal Menorah Brasil: TODA A INFRAESTRUTURA MILITAR DO IR\u00c3 NA S\u00cdRIA FOI DESTRU\u00cdDA maio 10, 2018\u00a0Jos\u00e9 Roitberg\u00a0 por Jos\u00e9 Roitberg M\u00edssil iraniano Fateh-313, de emprego r\u00e1pido com alcance de 500 km, do sul de Damasco poderia atingir at\u00e9 o Canal de Suez. \u00a0 As for\u00e7as de defesa de Israel (IDF) lan\u00e7aram um ataque [&hellip;]<\/p>\n","protected":false},"author":5,"featured_media":12737,"comment_status":"open","ping_status":"open","sticky":false,"template":"","format":"standard","meta":{"_acf_changed":false,"jetpack_post_was_ever_published":false,"_jetpack_newsletter_access":"","_jetpack_dont_email_post_to_subs":false,"_jetpack_newsletter_tier_id":0,"_jetpack_memberships_contains_paywalled_content":false,"_jetpack_memberships_contains_paid_content":false,"footnotes":"","jetpack_publicize_message":"","jetpack_publicize_feature_enabled":true,"jetpack_social_post_already_shared":true,"jetpack_social_options":{"image_generator_settings":{"template":"highway","default_image_id":0,"font":"","enabled":false},"version":2}},"categories":[1],"tags":[],"class_list":["post-12736","post","type-post","status-publish","format-standard","has-post-thumbnail","hentry","category-sem-categoria"],"acf":[],"yoast_head":"<!-- This site is optimized with the Yoast SEO plugin v27.3 - https:\/\/yoast.com\/product\/yoast-seo-wordpress\/ -->\n<title>Israel Destruiu a Infraestrutura Militar do Ir\u00e3 na Siria | Blog do Guelmann<\/title>\n<meta name=\"robots\" content=\"index, follow, max-snippet:-1, max-image-preview:large, max-video-preview:-1\" \/>\n<link rel=\"canonical\" href=\"https:\/\/gersonguelmann.com.br\/blog\/israel-destruiu-a-infraestrutura-militar-do-ira-na-siria\/\" \/>\n<meta property=\"og:locale\" content=\"pt_BR\" \/>\n<meta property=\"og:type\" content=\"article\" \/>\n<meta property=\"og:title\" content=\"Israel Destruiu a Infraestrutura Militar do Ir\u00e3 na Siria | Blog do Guelmann\" \/>\n<meta property=\"og:description\" content=\"Informa\u00e7\u00f5es do portal Menorah Brasil: TODA A INFRAESTRUTURA MILITAR DO IR\u00c3 NA S\u00cdRIA FOI DESTRU\u00cdDA maio 10, 2018\u00a0Jos\u00e9 Roitberg\u00a0 por Jos\u00e9 Roitberg M\u00edssil iraniano Fateh-313, de emprego r\u00e1pido com alcance de 500 km, do sul de Damasco poderia atingir at\u00e9 o Canal de Suez. \u00a0 As for\u00e7as de defesa de Israel (IDF) lan\u00e7aram um ataque [&hellip;]\" \/>\n<meta property=\"og:url\" content=\"https:\/\/gersonguelmann.com.br\/blog\/israel-destruiu-a-infraestrutura-militar-do-ira-na-siria\/\" \/>\n<meta property=\"og:site_name\" content=\"Blog do Guelmann\" \/>\n<meta property=\"article:published_time\" content=\"2018-05-10T16:14:00+00:00\" \/>\n<meta property=\"og:image\" content=\"https:\/\/i0.wp.com\/gersonguelmann.com.br\/blog\/wp-content\/uploads\/2018\/05\/1-3.jpg?fit=678%2C381&ssl=1\" \/>\n\t<meta property=\"og:image:width\" content=\"678\" \/>\n\t<meta property=\"og:image:height\" content=\"381\" \/>\n\t<meta property=\"og:image:type\" content=\"image\/jpeg\" \/>\n<meta name=\"author\" content=\"Gerson Guelmann\" \/>\n<meta name=\"twitter:card\" content=\"summary_large_image\" \/>\n<meta name=\"twitter:label1\" content=\"Escrito por\" \/>\n\t<meta name=\"twitter:data1\" content=\"Gerson Guelmann\" \/>\n\t<meta name=\"twitter:label2\" content=\"Est. tempo de leitura\" \/>\n\t<meta name=\"twitter:data2\" content=\"6 minutos\" \/>\n<script type=\"application\/ld+json\" class=\"yoast-schema-graph\">{\"@context\":\"https:\\\/\\\/schema.org\",\"@graph\":[{\"@type\":\"Article\",\"@id\":\"https:\\\/\\\/gersonguelmann.com.br\\\/blog\\\/israel-destruiu-a-infraestrutura-militar-do-ira-na-siria\\\/#article\",\"isPartOf\":{\"@id\":\"https:\\\/\\\/gersonguelmann.com.br\\\/blog\\\/israel-destruiu-a-infraestrutura-militar-do-ira-na-siria\\\/\"},\"author\":{\"name\":\"Gerson Guelmann\",\"@id\":\"https:\\\/\\\/gersonguelmann.com.br\\\/blog\\\/#\\\/schema\\\/person\\\/87e70e2a786888082f941a482c90569e\"},\"headline\":\"Israel Destruiu a Infraestrutura Militar do Ir\u00e3 na Siria\",\"datePublished\":\"2018-05-10T16:14:00+00:00\",\"mainEntityOfPage\":{\"@id\":\"https:\\\/\\\/gersonguelmann.com.br\\\/blog\\\/israel-destruiu-a-infraestrutura-militar-do-ira-na-siria\\\/\"},\"wordCount\":1197,\"commentCount\":0,\"image\":{\"@id\":\"https:\\\/\\\/gersonguelmann.com.br\\\/blog\\\/israel-destruiu-a-infraestrutura-militar-do-ira-na-siria\\\/#primaryimage\"},\"thumbnailUrl\":\"https:\\\/\\\/i0.wp.com\\\/gersonguelmann.com.br\\\/blog\\\/wp-content\\\/uploads\\\/2018\\\/05\\\/1-3.jpg?fit=678%2C381&ssl=1\",\"inLanguage\":\"pt-BR\",\"potentialAction\":[{\"@type\":\"CommentAction\",\"name\":\"Comment\",\"target\":[\"https:\\\/\\\/gersonguelmann.com.br\\\/blog\\\/israel-destruiu-a-infraestrutura-militar-do-ira-na-siria\\\/#respond\"]}]},{\"@type\":\"WebPage\",\"@id\":\"https:\\\/\\\/gersonguelmann.com.br\\\/blog\\\/israel-destruiu-a-infraestrutura-militar-do-ira-na-siria\\\/\",\"url\":\"https:\\\/\\\/gersonguelmann.com.br\\\/blog\\\/israel-destruiu-a-infraestrutura-militar-do-ira-na-siria\\\/\",\"name\":\"Israel Destruiu a Infraestrutura Militar do Ir\u00e3 na Siria | Blog do Guelmann\",\"isPartOf\":{\"@id\":\"https:\\\/\\\/gersonguelmann.com.br\\\/blog\\\/#website\"},\"primaryImageOfPage\":{\"@id\":\"https:\\\/\\\/gersonguelmann.com.br\\\/blog\\\/israel-destruiu-a-infraestrutura-militar-do-ira-na-siria\\\/#primaryimage\"},\"image\":{\"@id\":\"https:\\\/\\\/gersonguelmann.com.br\\\/blog\\\/israel-destruiu-a-infraestrutura-militar-do-ira-na-siria\\\/#primaryimage\"},\"thumbnailUrl\":\"https:\\\/\\\/i0.wp.com\\\/gersonguelmann.com.br\\\/blog\\\/wp-content\\\/uploads\\\/2018\\\/05\\\/1-3.jpg?fit=678%2C381&ssl=1\",\"datePublished\":\"2018-05-10T16:14:00+00:00\",\"author\":{\"@id\":\"https:\\\/\\\/gersonguelmann.com.br\\\/blog\\\/#\\\/schema\\\/person\\\/87e70e2a786888082f941a482c90569e\"},\"inLanguage\":\"pt-BR\",\"potentialAction\":[{\"@type\":\"ReadAction\",\"target\":[\"https:\\\/\\\/gersonguelmann.com.br\\\/blog\\\/israel-destruiu-a-infraestrutura-militar-do-ira-na-siria\\\/\"]}]},{\"@type\":\"ImageObject\",\"inLanguage\":\"pt-BR\",\"@id\":\"https:\\\/\\\/gersonguelmann.com.br\\\/blog\\\/israel-destruiu-a-infraestrutura-militar-do-ira-na-siria\\\/#primaryimage\",\"url\":\"https:\\\/\\\/i0.wp.com\\\/gersonguelmann.com.br\\\/blog\\\/wp-content\\\/uploads\\\/2018\\\/05\\\/1-3.jpg?fit=678%2C381&ssl=1\",\"contentUrl\":\"https:\\\/\\\/i0.wp.com\\\/gersonguelmann.com.br\\\/blog\\\/wp-content\\\/uploads\\\/2018\\\/05\\\/1-3.jpg?fit=678%2C381&ssl=1\",\"width\":678,\"height\":381},{\"@type\":\"WebSite\",\"@id\":\"https:\\\/\\\/gersonguelmann.com.br\\\/blog\\\/#website\",\"url\":\"https:\\\/\\\/gersonguelmann.com.br\\\/blog\\\/\",\"name\":\"Blog do Guelmann\",\"description\":\"Pitadas da sabedoria e do humor judaicos, assuntos do momento e um pouco das hist\u00f3rias que vivi e testemunhei.\",\"potentialAction\":[{\"@type\":\"SearchAction\",\"target\":{\"@type\":\"EntryPoint\",\"urlTemplate\":\"https:\\\/\\\/gersonguelmann.com.br\\\/blog\\\/?s={search_term_string}\"},\"query-input\":{\"@type\":\"PropertyValueSpecification\",\"valueRequired\":true,\"valueName\":\"search_term_string\"}}],\"inLanguage\":\"pt-BR\"},{\"@type\":\"Person\",\"@id\":\"https:\\\/\\\/gersonguelmann.com.br\\\/blog\\\/#\\\/schema\\\/person\\\/87e70e2a786888082f941a482c90569e\",\"name\":\"Gerson Guelmann\",\"image\":{\"@type\":\"ImageObject\",\"inLanguage\":\"pt-BR\",\"@id\":\"https:\\\/\\\/i0.wp.com\\\/gersonguelmann.com.br\\\/blog\\\/wp-content\\\/uploads\\\/2021\\\/08\\\/BLOG.jpeg?fit=96%2C96&ssl=1\",\"url\":\"https:\\\/\\\/i0.wp.com\\\/gersonguelmann.com.br\\\/blog\\\/wp-content\\\/uploads\\\/2021\\\/08\\\/BLOG.jpeg?fit=96%2C96&ssl=1\",\"contentUrl\":\"https:\\\/\\\/i0.wp.com\\\/gersonguelmann.com.br\\\/blog\\\/wp-content\\\/uploads\\\/2021\\\/08\\\/BLOG.jpeg?fit=96%2C96&ssl=1\",\"caption\":\"Gerson Guelmann\"},\"description\":\"Pitadas da sabedoria e do humor judaicos, assuntos do momento e um pouco das hist\u00f3rias que vivi e testemunhei.\"}]}<\/script>\n<!-- \/ Yoast SEO plugin. -->","yoast_head_json":{"title":"Israel Destruiu a Infraestrutura Militar do Ir\u00e3 na Siria | Blog do Guelmann","robots":{"index":"index","follow":"follow","max-snippet":"max-snippet:-1","max-image-preview":"max-image-preview:large","max-video-preview":"max-video-preview:-1"},"canonical":"https:\/\/gersonguelmann.com.br\/blog\/israel-destruiu-a-infraestrutura-militar-do-ira-na-siria\/","og_locale":"pt_BR","og_type":"article","og_title":"Israel Destruiu a Infraestrutura Militar do Ir\u00e3 na Siria | Blog do Guelmann","og_description":"Informa\u00e7\u00f5es do portal Menorah Brasil: TODA A INFRAESTRUTURA MILITAR DO IR\u00c3 NA S\u00cdRIA FOI DESTRU\u00cdDA maio 10, 2018\u00a0Jos\u00e9 Roitberg\u00a0 por Jos\u00e9 Roitberg M\u00edssil iraniano Fateh-313, de emprego r\u00e1pido com alcance de 500 km, do sul de Damasco poderia atingir at\u00e9 o Canal de Suez. \u00a0 As for\u00e7as de defesa de Israel (IDF) lan\u00e7aram um ataque [&hellip;]","og_url":"https:\/\/gersonguelmann.com.br\/blog\/israel-destruiu-a-infraestrutura-militar-do-ira-na-siria\/","og_site_name":"Blog do Guelmann","article_published_time":"2018-05-10T16:14:00+00:00","og_image":[{"width":678,"height":381,"url":"https:\/\/i0.wp.com\/gersonguelmann.com.br\/blog\/wp-content\/uploads\/2018\/05\/1-3.jpg?fit=678%2C381&ssl=1","type":"image\/jpeg"}],"author":"Gerson Guelmann","twitter_card":"summary_large_image","twitter_misc":{"Escrito por":"Gerson Guelmann","Est. tempo de leitura":"6 minutos"},"schema":{"@context":"https:\/\/schema.org","@graph":[{"@type":"Article","@id":"https:\/\/gersonguelmann.com.br\/blog\/israel-destruiu-a-infraestrutura-militar-do-ira-na-siria\/#article","isPartOf":{"@id":"https:\/\/gersonguelmann.com.br\/blog\/israel-destruiu-a-infraestrutura-militar-do-ira-na-siria\/"},"author":{"name":"Gerson Guelmann","@id":"https:\/\/gersonguelmann.com.br\/blog\/#\/schema\/person\/87e70e2a786888082f941a482c90569e"},"headline":"Israel Destruiu a Infraestrutura Militar do Ir\u00e3 na Siria","datePublished":"2018-05-10T16:14:00+00:00","mainEntityOfPage":{"@id":"https:\/\/gersonguelmann.com.br\/blog\/israel-destruiu-a-infraestrutura-militar-do-ira-na-siria\/"},"wordCount":1197,"commentCount":0,"image":{"@id":"https:\/\/gersonguelmann.com.br\/blog\/israel-destruiu-a-infraestrutura-militar-do-ira-na-siria\/#primaryimage"},"thumbnailUrl":"https:\/\/i0.wp.com\/gersonguelmann.com.br\/blog\/wp-content\/uploads\/2018\/05\/1-3.jpg?fit=678%2C381&ssl=1","inLanguage":"pt-BR","potentialAction":[{"@type":"CommentAction","name":"Comment","target":["https:\/\/gersonguelmann.com.br\/blog\/israel-destruiu-a-infraestrutura-militar-do-ira-na-siria\/#respond"]}]},{"@type":"WebPage","@id":"https:\/\/gersonguelmann.com.br\/blog\/israel-destruiu-a-infraestrutura-militar-do-ira-na-siria\/","url":"https:\/\/gersonguelmann.com.br\/blog\/israel-destruiu-a-infraestrutura-militar-do-ira-na-siria\/","name":"Israel Destruiu a Infraestrutura Militar do Ir\u00e3 na Siria | Blog do Guelmann","isPartOf":{"@id":"https:\/\/gersonguelmann.com.br\/blog\/#website"},"primaryImageOfPage":{"@id":"https:\/\/gersonguelmann.com.br\/blog\/israel-destruiu-a-infraestrutura-militar-do-ira-na-siria\/#primaryimage"},"image":{"@id":"https:\/\/gersonguelmann.com.br\/blog\/israel-destruiu-a-infraestrutura-militar-do-ira-na-siria\/#primaryimage"},"thumbnailUrl":"https:\/\/i0.wp.com\/gersonguelmann.com.br\/blog\/wp-content\/uploads\/2018\/05\/1-3.jpg?fit=678%2C381&ssl=1","datePublished":"2018-05-10T16:14:00+00:00","author":{"@id":"https:\/\/gersonguelmann.com.br\/blog\/#\/schema\/person\/87e70e2a786888082f941a482c90569e"},"inLanguage":"pt-BR","potentialAction":[{"@type":"ReadAction","target":["https:\/\/gersonguelmann.com.br\/blog\/israel-destruiu-a-infraestrutura-militar-do-ira-na-siria\/"]}]},{"@type":"ImageObject","inLanguage":"pt-BR","@id":"https:\/\/gersonguelmann.com.br\/blog\/israel-destruiu-a-infraestrutura-militar-do-ira-na-siria\/#primaryimage","url":"https:\/\/i0.wp.com\/gersonguelmann.com.br\/blog\/wp-content\/uploads\/2018\/05\/1-3.jpg?fit=678%2C381&ssl=1","contentUrl":"https:\/\/i0.wp.com\/gersonguelmann.com.br\/blog\/wp-content\/uploads\/2018\/05\/1-3.jpg?fit=678%2C381&ssl=1","width":678,"height":381},{"@type":"WebSite","@id":"https:\/\/gersonguelmann.com.br\/blog\/#website","url":"https:\/\/gersonguelmann.com.br\/blog\/","name":"Blog do Guelmann","description":"Pitadas da sabedoria e do humor judaicos, assuntos do momento e um pouco das hist\u00f3rias que vivi e testemunhei.","potentialAction":[{"@type":"SearchAction","target":{"@type":"EntryPoint","urlTemplate":"https:\/\/gersonguelmann.com.br\/blog\/?s={search_term_string}"},"query-input":{"@type":"PropertyValueSpecification","valueRequired":true,"valueName":"search_term_string"}}],"inLanguage":"pt-BR"},{"@type":"Person","@id":"https:\/\/gersonguelmann.com.br\/blog\/#\/schema\/person\/87e70e2a786888082f941a482c90569e","name":"Gerson Guelmann","image":{"@type":"ImageObject","inLanguage":"pt-BR","@id":"https:\/\/i0.wp.com\/gersonguelmann.com.br\/blog\/wp-content\/uploads\/2021\/08\/BLOG.jpeg?fit=96%2C96&ssl=1","url":"https:\/\/i0.wp.com\/gersonguelmann.com.br\/blog\/wp-content\/uploads\/2021\/08\/BLOG.jpeg?fit=96%2C96&ssl=1","contentUrl":"https:\/\/i0.wp.com\/gersonguelmann.com.br\/blog\/wp-content\/uploads\/2021\/08\/BLOG.jpeg?fit=96%2C96&ssl=1","caption":"Gerson Guelmann"},"description":"Pitadas da sabedoria e do humor judaicos, assuntos do momento e um pouco das hist\u00f3rias que vivi e testemunhei."}]}},"views":38,"jetpack_publicize_connections":[],"jetpack_featured_media_url":"https:\/\/i0.wp.com\/gersonguelmann.com.br\/blog\/wp-content\/uploads\/2018\/05\/1-3.jpg?fit=678%2C381&ssl=1","jetpack_shortlink":"https:\/\/wp.me\/p96e7O-3jq","jetpack-related-posts":[{"id":13352,"url":"https:\/\/gersonguelmann.com.br\/blog\/israel-e-ira-quem-e-mais-forte\/","url_meta":{"origin":12736,"position":0},"title":"Israel e Ir\u00e3: Quem \u00e9 Mais Forte?","author":"Gerson Guelmann","date":"26 de maio de 2018","format":false,"excerpt":"Mat\u00e9ria publicada hoje no site SputnikNews: \u00a9 AP Photo \/ Ariel Schalit Confronta\u00e7\u00e3o militar entre Ir\u00e3 e Israel: quem \u00e9 mais forte? ORIENTE M\u00c9DIO E \u00c1FRICA 11:10 26.05.2018 Nas \u00faltimas semanas as tens\u00f5es nas rela\u00e7\u00f5es iraniano-israelenses t\u00eam se agravado. O Ir\u00e3 aumenta sua presen\u00e7a na S\u00edria e a atividade das\u2026","rel":"","context":"Em &quot;Sem categoria&quot;","block_context":{"text":"Sem categoria","link":"https:\/\/gersonguelmann.com.br\/blog\/category\/sem-categoria\/"},"img":{"alt_text":"","src":"https:\/\/i0.wp.com\/gersonguelmann.com.br\/blog\/wp-content\/uploads\/2018\/05\/1-16.jpg?fit=1000%2C541&ssl=1&resize=350%2C200","width":350,"height":200,"srcset":"https:\/\/i0.wp.com\/gersonguelmann.com.br\/blog\/wp-content\/uploads\/2018\/05\/1-16.jpg?fit=1000%2C541&ssl=1&resize=350%2C200 1x, https:\/\/i0.wp.com\/gersonguelmann.com.br\/blog\/wp-content\/uploads\/2018\/05\/1-16.jpg?fit=1000%2C541&ssl=1&resize=525%2C300 1.5x, https:\/\/i0.wp.com\/gersonguelmann.com.br\/blog\/wp-content\/uploads\/2018\/05\/1-16.jpg?fit=1000%2C541&ssl=1&resize=700%2C400 2x"},"classes":[]},{"id":19600,"url":"https:\/\/gersonguelmann.com.br\/blog\/um-curitibano-que-sabe-das-coisas-analisa-a-morte-do-general-iraniano\/","url_meta":{"origin":12736,"position":1},"title":"Um Curitibano Que Sabe das Coisas Analisa a Morte do General Iraniano","author":"Gerson Guelmann","date":"3 de janeiro de 2020","format":false,"excerpt":"O Gabriel Paciornik, Curitibano radicado em Israel h\u00e1 muitos anos e conhecido pelas oportunas e muito bem fundamentadas abordagens dos assuntos relacionados ao Oriente M\u00e9dio, publicou hoje no site Conex\u00e3o Israel uma \u00f3tima an\u00e1lise sobre a morte do general iraniano Qasem Suleimani. Vamos \u00e0 ela: Qasem Suleimani era, para Israel,\u2026","rel":"","context":"Em &quot;Sem categoria&quot;","block_context":{"text":"Sem categoria","link":"https:\/\/gersonguelmann.com.br\/blog\/category\/sem-categoria\/"},"img":{"alt_text":"","src":"https:\/\/i0.wp.com\/gersonguelmann.com.br\/blog\/wp-content\/uploads\/2020\/01\/Qasem-Suleimani.jpg?fit=800%2C1200&ssl=1&resize=350%2C200","width":350,"height":200,"srcset":"https:\/\/i0.wp.com\/gersonguelmann.com.br\/blog\/wp-content\/uploads\/2020\/01\/Qasem-Suleimani.jpg?fit=800%2C1200&ssl=1&resize=350%2C200 1x, https:\/\/i0.wp.com\/gersonguelmann.com.br\/blog\/wp-content\/uploads\/2020\/01\/Qasem-Suleimani.jpg?fit=800%2C1200&ssl=1&resize=525%2C300 1.5x, https:\/\/i0.wp.com\/gersonguelmann.com.br\/blog\/wp-content\/uploads\/2020\/01\/Qasem-Suleimani.jpg?fit=800%2C1200&ssl=1&resize=700%2C400 2x"},"classes":[]},{"id":19652,"url":"https:\/\/gersonguelmann.com.br\/blog\/mais-uma-analise-sobre-a-morte-do-general-iraniano\/","url_meta":{"origin":12736,"position":2},"title":"Mais uma an\u00e1lise sobre a morte do general iraniano","author":"Gerson Guelmann","date":"9 de janeiro de 2020","format":false,"excerpt":"O Gabriel Paciornik trouxe no Conex\u00e3o Israel mais uma \u00f3tima abordagem sobre a geopol\u00edtica no Oriente M\u00e9dio ap\u00f3s a morte de Qasem Suleimani. O Gabriel publicou o artigo h\u00e1 alguns dias, mas a an\u00e1lise mantem-se plenamente atual. Lembro que o olhar dele \u00e9 de algu\u00e9m que vive em Israel h\u00e1\u2026","rel":"","context":"Em &quot;Sem categoria&quot;","block_context":{"text":"Sem categoria","link":"https:\/\/gersonguelmann.com.br\/blog\/category\/sem-categoria\/"},"img":{"alt_text":"","src":"https:\/\/i0.wp.com\/gersonguelmann.com.br\/blog\/wp-content\/uploads\/2020\/01\/Ir%C3%A3.jpeg?fit=1200%2C722&ssl=1&resize=350%2C200","width":350,"height":200,"srcset":"https:\/\/i0.wp.com\/gersonguelmann.com.br\/blog\/wp-content\/uploads\/2020\/01\/Ir%C3%A3.jpeg?fit=1200%2C722&ssl=1&resize=350%2C200 1x, https:\/\/i0.wp.com\/gersonguelmann.com.br\/blog\/wp-content\/uploads\/2020\/01\/Ir%C3%A3.jpeg?fit=1200%2C722&ssl=1&resize=525%2C300 1.5x, https:\/\/i0.wp.com\/gersonguelmann.com.br\/blog\/wp-content\/uploads\/2020\/01\/Ir%C3%A3.jpeg?fit=1200%2C722&ssl=1&resize=700%2C400 2x, https:\/\/i0.wp.com\/gersonguelmann.com.br\/blog\/wp-content\/uploads\/2020\/01\/Ir%C3%A3.jpeg?fit=1200%2C722&ssl=1&resize=1050%2C600 3x"},"classes":[]},{"id":11606,"url":"https:\/\/gersonguelmann.com.br\/blog\/e-se-a-russia-declarar-guerra-e-nao-fizer-a-copa-do-mundo\/","url_meta":{"origin":12736,"position":3},"title":"E Se a R\u00fassia Declarar Guerra e N\u00e3o Fizer a Copa do Mundo?","author":"Gerson Guelmann","date":"14 de abril de 2018","format":false,"excerpt":"Ontem a noite, t\u00e3o logo sa\u00edram as primeiras not\u00edcias sobre a a\u00e7\u00e3o militar conjunta dos Estados Unidos, Fran\u00e7a e Reino Unido na S\u00edria, surgiram nas redes as primeiras manifesta\u00e7\u00f5es de humor. De tudo o que vi a melhor foi esta: - \"a R\u00fassia declarou guerra aos pa\u00edses envolvidos no conflito\u2026","rel":"","context":"Em &quot;Sem categoria&quot;","block_context":{"text":"Sem categoria","link":"https:\/\/gersonguelmann.com.br\/blog\/category\/sem-categoria\/"},"img":{"alt_text":"","src":"https:\/\/i0.wp.com\/gersonguelmann.com.br\/blog\/wp-content\/uploads\/2018\/04\/Copa.jpg?fit=1200%2C675&ssl=1&resize=350%2C200","width":350,"height":200,"srcset":"https:\/\/i0.wp.com\/gersonguelmann.com.br\/blog\/wp-content\/uploads\/2018\/04\/Copa.jpg?fit=1200%2C675&ssl=1&resize=350%2C200 1x, https:\/\/i0.wp.com\/gersonguelmann.com.br\/blog\/wp-content\/uploads\/2018\/04\/Copa.jpg?fit=1200%2C675&ssl=1&resize=525%2C300 1.5x, https:\/\/i0.wp.com\/gersonguelmann.com.br\/blog\/wp-content\/uploads\/2018\/04\/Copa.jpg?fit=1200%2C675&ssl=1&resize=700%2C400 2x, https:\/\/i0.wp.com\/gersonguelmann.com.br\/blog\/wp-content\/uploads\/2018\/04\/Copa.jpg?fit=1200%2C675&ssl=1&resize=1050%2C600 3x"},"classes":[]},{"id":14381,"url":"https:\/\/gersonguelmann.com.br\/blog\/israel-trata-sirios-feridos-a-midia-mal-intencionada-ignora\/","url_meta":{"origin":12736,"position":4},"title":"Israel Trata S\u00edrios Feridos. A M\u00eddia Mal Intencionada Ignora.","author":"Gerson Guelmann","date":"30 de junho de 2018","format":false,"excerpt":"N\u00e3o \u00e9 a primeira que fugitivos da vizinha S\u00edria s\u00e3o acolhidos em Israel para tratamento m\u00e9dico. Tamb\u00e9m \u00e9 absolutamente previs\u00edvel que isso continuar\u00e1 acontecendo, na medida em que o d\u00e9spota Bashar Hafez\u00a0al-Assad, apoiado pelo Ir\u00e3, continue executando o genoc\u00eddio contra seu pr\u00f3prio povo. O jornal\u00a0The Jerusalem Post publicou hoje mat\u00e9ria\u2026","rel":"","context":"Em &quot;Sem categoria&quot;","block_context":{"text":"Sem categoria","link":"https:\/\/gersonguelmann.com.br\/blog\/category\/sem-categoria\/"},"img":{"alt_text":"","src":"https:\/\/i0.wp.com\/gersonguelmann.com.br\/blog\/wp-content\/uploads\/2018\/06\/download-9.jpg?resize=350%2C200&ssl=1","width":350,"height":200},"classes":[]},{"id":13289,"url":"https:\/\/gersonguelmann.com.br\/blog\/israel-e-a-simpatia-mundial\/","url_meta":{"origin":12736,"position":5},"title":"Israel e a Simpatia Mundial","author":"Gerson Guelmann","date":"25 de maio de 2018","format":false,"excerpt":"O texto abaixo est\u00e1 circulando h\u00e1 algumas semanas como se fosse recente, o que n\u00e3o \u00e9 correto. De toda forma isso \u00e9 irrelevante, o que importa \u00e9 o conte\u00fado, que permanece atual. Na internet a refer\u00eancia mais antiga que encontrei \u00e9 de 2014, o que faz sentido, considerando que o\u2026","rel":"","context":"Em &quot;Sem categoria&quot;","block_context":{"text":"Sem categoria","link":"https:\/\/gersonguelmann.com.br\/blog\/category\/sem-categoria\/"},"img":{"alt_text":"","src":"https:\/\/i0.wp.com\/gersonguelmann.com.br\/blog\/wp-content\/uploads\/2018\/05\/arab-israeli-war-of-1948-20-728.jpg?fit=728%2C546&ssl=1&resize=350%2C200","width":350,"height":200,"srcset":"https:\/\/i0.wp.com\/gersonguelmann.com.br\/blog\/wp-content\/uploads\/2018\/05\/arab-israeli-war-of-1948-20-728.jpg?fit=728%2C546&ssl=1&resize=350%2C200 1x, https:\/\/i0.wp.com\/gersonguelmann.com.br\/blog\/wp-content\/uploads\/2018\/05\/arab-israeli-war-of-1948-20-728.jpg?fit=728%2C546&ssl=1&resize=525%2C300 1.5x, https:\/\/i0.wp.com\/gersonguelmann.com.br\/blog\/wp-content\/uploads\/2018\/05\/arab-israeli-war-of-1948-20-728.jpg?fit=728%2C546&ssl=1&resize=700%2C400 2x"},"classes":[]}],"jetpack_sharing_enabled":true,"post_mailing_queue_ids":[],"_links":{"self":[{"href":"https:\/\/gersonguelmann.com.br\/blog\/wp-json\/wp\/v2\/posts\/12736","targetHints":{"allow":["GET"]}}],"collection":[{"href":"https:\/\/gersonguelmann.com.br\/blog\/wp-json\/wp\/v2\/posts"}],"about":[{"href":"https:\/\/gersonguelmann.com.br\/blog\/wp-json\/wp\/v2\/types\/post"}],"author":[{"embeddable":true,"href":"https:\/\/gersonguelmann.com.br\/blog\/wp-json\/wp\/v2\/users\/5"}],"replies":[{"embeddable":true,"href":"https:\/\/gersonguelmann.com.br\/blog\/wp-json\/wp\/v2\/comments?post=12736"}],"version-history":[{"count":0,"href":"https:\/\/gersonguelmann.com.br\/blog\/wp-json\/wp\/v2\/posts\/12736\/revisions"}],"wp:featuredmedia":[{"embeddable":true,"href":"https:\/\/gersonguelmann.com.br\/blog\/wp-json\/wp\/v2\/media\/12737"}],"wp:attachment":[{"href":"https:\/\/gersonguelmann.com.br\/blog\/wp-json\/wp\/v2\/media?parent=12736"}],"wp:term":[{"taxonomy":"category","embeddable":true,"href":"https:\/\/gersonguelmann.com.br\/blog\/wp-json\/wp\/v2\/categories?post=12736"},{"taxonomy":"post_tag","embeddable":true,"href":"https:\/\/gersonguelmann.com.br\/blog\/wp-json\/wp\/v2\/tags?post=12736"}],"curies":[{"name":"wp","href":"https:\/\/api.w.org\/{rel}","templated":true}]}}