    {"id":12746,"date":"2018-05-10T14:25:21","date_gmt":"2018-05-10T17:25:21","guid":{"rendered":"https:\/\/gersonguelmann.com.br\/blog\/?p=12746"},"modified":"2018-05-10T14:25:21","modified_gmt":"2018-05-10T17:25:21","slug":"o-irmao-do-geddel-sumiu-imagine-se-estivesse-com-a-grana","status":"publish","type":"post","link":"https:\/\/gersonguelmann.com.br\/blog\/o-irmao-do-geddel-sumiu-imagine-se-estivesse-com-a-grana\/","title":{"rendered":"O Irm\u00e3o do Geddel Sumiu. Imagine Se Estivesse Com a Grana&#8230;"},"content":{"rendered":"<figure id=\"attachment_12747\" aria-describedby=\"caption-attachment-12747\" style=\"width: 300px\" class=\"wp-caption aligncenter\"><img data-recalc-dims=\"1\" fetchpriority=\"high\" decoding=\"async\" data-attachment-id=\"12747\" data-permalink=\"https:\/\/gersonguelmann.com.br\/blog\/o-irmao-do-geddel-sumiu-imagine-se-estivesse-com-a-grana\/luciovieiralima-sistemaeleitoral-eleicoes-mudancaseleitorais-fotossergiolima-15ago2017\/\" data-orig-file=\"https:\/\/i0.wp.com\/gersonguelmann.com.br\/blog\/wp-content\/uploads\/2018\/05\/LVL.jpg?fit=868%2C644&amp;ssl=1\" data-orig-size=\"868,644\" data-comments-opened=\"1\" data-image-meta=\"{&quot;aperture&quot;:&quot;3.2&quot;,&quot;credit&quot;:&quot;Foto: S\\u00e9rgio Lima&quot;,&quot;camera&quot;:&quot;Canon EOS 5D Mark III&quot;,&quot;caption&quot;:&quot;A comiss\\u00e3o especial da C\\u00e2mara que analisa mudan\\u00e7as constitucionais no sistema eleitoral brasileiro (PEC 77\/03) encerrrou os trabalhos. Agora, o substitutivo do relator, deputado Vicente C\\u00e2ndido (PT-SP), ser\\u00e1 analisado pelo Plen\\u00e1rio . Brasilia,15-08-2017. Foto: S\\u00e9rgio Lima\/PODER 360&quot;,&quot;created_timestamp&quot;:&quot;1502807878&quot;,&quot;copyright&quot;:&quot;&quot;,&quot;focal_length&quot;:&quot;300&quot;,&quot;iso&quot;:&quot;1600&quot;,&quot;shutter_speed&quot;:&quot;0.003125&quot;,&quot;title&quot;:&quot;LucioVieiraLima-SistemaEleitoral-Eleicoes-MudancasEleitorais-FotosSergioLima-15ago2017.&quot;,&quot;orientation&quot;:&quot;1&quot;}\" data-image-title=\"LucioVieiraLima-SistemaEleitoral-Eleicoes-MudancasEleitorais-FotosSergioLima-15ago2017.\" data-image-description=\"\" data-image-caption=\"&lt;p&gt;A comiss\u00e3o especial da C\u00e2mara que analisa mudan\u00e7as constitucionais no sistema eleitoral brasileiro (PEC 77\/03) encerrrou os trabalhos. Agora, o substitutivo do relator, deputado Vicente C\u00e2ndido (PT-SP), ser\u00e1 analisado pelo Plen\u00e1rio . Brasilia,15-08-2017. Foto: S\u00e9rgio Lima\/PODER 360&lt;\/p&gt;\n\" data-medium-file=\"https:\/\/i0.wp.com\/gersonguelmann.com.br\/blog\/wp-content\/uploads\/2018\/05\/LVL.jpg?fit=300%2C223&amp;ssl=1\" data-large-file=\"https:\/\/i0.wp.com\/gersonguelmann.com.br\/blog\/wp-content\/uploads\/2018\/05\/LVL.jpg?fit=640%2C475&amp;ssl=1\" class=\"size-medium wp-image-12747\" src=\"https:\/\/i0.wp.com\/gersonguelmann.com.br\/blog\/wp-content\/uploads\/2018\/05\/LVL.jpg?resize=300%2C223&#038;ssl=1\" alt=\"\" width=\"300\" height=\"223\" srcset=\"https:\/\/i0.wp.com\/gersonguelmann.com.br\/blog\/wp-content\/uploads\/2018\/05\/LVL.jpg?resize=300%2C223&amp;ssl=1 300w, https:\/\/i0.wp.com\/gersonguelmann.com.br\/blog\/wp-content\/uploads\/2018\/05\/LVL.jpg?resize=768%2C570&amp;ssl=1 768w, https:\/\/i0.wp.com\/gersonguelmann.com.br\/blog\/wp-content\/uploads\/2018\/05\/LVL.jpg?w=868&amp;ssl=1 868w\" sizes=\"(max-width: 300px) 100vw, 300px\" \/><figcaption id=\"caption-attachment-12747\" class=\"wp-caption-text\">A comiss\u00e3o especial da C\u00e2mara que analisa mudan\u00e7as constitucionais no sistema eleitoral brasileiro (PEC 77\/03) encerrrou os trabalhos. Agora, o substitutivo do relator, deputado Vicente C\u00e2ndido (PT-SP), ser\u00e1 analisado pelo Plen\u00e1rio . Brasilia,15-08-2017. Foto: S\u00e9rgio Lima\/PODER 360<\/figcaption><\/figure>\n<p><span style=\"color: #000000; font-family: georgia, palatino, serif; font-size: 18pt;\">A Isto\u00c9 informa:<\/span><\/p>\n<p class=\"tags-materia\"><span style=\"color: #ff0000;\"><strong>BRASIL<\/strong><\/span><\/p>\n<p><span style=\"font-size: 24pt;\"><strong><span style=\"color: #000000;\">Irm\u00e3o de Geddel \u2018some\u2019 e Conselho de \u00c9tica o notifica pelo Di\u00e1rio Oficial<\/span><\/strong><\/span><\/p>\n<p><span style=\"color: #000000; font-size: 14pt;\">O \u201csumi\u00e7o\u201d do deputado L\u00facio Vieira Lima (MDB-BA) obrigou o Conselho de \u00c9tica da C\u00e2mara a notific\u00e1-lo por meio dos di\u00e1rios oficiais da Uni\u00e3o e da C\u00e2mara sobre o processo em que responde no colegiado. De acordo com o Conselho de \u00c9tica, foram cinco tentativas frustradas de notificar o emedebista presencialmente. O parlamentar n\u00e3o registra presen\u00e7a na Casa desde o dia 10 de abril.<\/span><\/p>\n<p><span style=\"color: #000000; font-size: 14pt;\">L\u00facio responde a processo no colegiado por suposta quebra de decoro parlamentar no caso do bunker de R$ 51 milh\u00f5es em malas de dinheiro apreendidas pela Pol\u00edcia Federal em um apartamento em Salvador. Foi justamente com base nesse caso que o emedebista e seu irm\u00e3o, o ex-ministro preso Geddel Vieira Lima (MDB-BA), tornaram-se r\u00e9us essa semana no Supremo Tribunal Federal (STF) pelos crimes de lavagem de dinheiro e associa\u00e7\u00e3o criminosa.<\/span><\/p>\n<p><span style=\"color: #000000; font-size: 14pt;\">O processo no Conselho de \u00c9tica estava parado desde 10 de abril, quando foi aprovado parecer preliminar pelo prosseguimento do caso. Ap\u00f3s a notifica\u00e7\u00e3o, L\u00facio ter\u00e1 agora 10 dias \u00fateis para apresentar sua defesa por escrito, prazo que, segundo o colegiado, se encerrar\u00e1 em 24 de maio. Depois, o relator do processo, deputado Hiran Gon\u00e7alves (PP-RR) ter\u00e1 mais 40 dias para ouvir testemunhas e recolher provas e outros 10 dias para elaborar seu parecer.<\/span><\/p>\n<p><span style=\"color: #000000; font-size: 14pt;\">Ao Broadcast Pol\u00edtico, o relator disse que pretende usar todo o per\u00edodo a que tem direito para apresentar o relat\u00f3rio. \u201cQuem tem prazo n\u00e3o tem pressa. Se eu come\u00e7ar a me antecipar muito, corro o risco de ser processado por cerceamento de defesa. Ent\u00e3o, tenho que ter muita parcim\u00f4nia.\u201d, afirmou. Ele disse que dar\u00e1 a L\u00facio \u201co devido direito de se defender, do processo legal e da ampla defesa\u201d.<\/span><\/p>\n<p><span style=\"color: #000000; font-size: 14pt;\">Cumpridos todos esses prazos, o processo do emedebista s\u00f3 ser\u00e1 votado no Conselho de \u00c9tica no segundo semestre deste ano, quando o n\u00famero de sess\u00f5es na C\u00e2mara estar\u00e1 reduzido em raz\u00e3o da campanha eleitoral. Depois de votado no colegiado, L\u00facio poder\u00e1 ainda recorrer \u00e0 Comiss\u00e3o de Constitui\u00e7\u00e3o e Justi\u00e7a (CCJ) da Casa. Somente ap\u00f3s essa fase o caso seguir\u00e1 para vota\u00e7\u00e3o no plen\u00e1rio. Procurado, o emedebista n\u00e3o respondeu as mensagens enviadas pela reportagem.<\/span><\/p>\n<p><span style=\"color: #000000; font-family: georgia, palatino, serif; font-size: 18pt;\">Para ler a mat\u00e9ria no site da revista, <span style=\"color: #0000ff;\"><a style=\"color: #0000ff;\" href=\"https:\/\/istoe.com.br\/irmao-de-geddel-some-e-conselho-de-etica-o-notifica-pelo-diario-oficial\/\"><em><strong>clique aqui<\/strong><\/em><\/a><\/span>.<\/span><\/p>\n<p style=\"text-align: center;\"><img data-recalc-dims=\"1\" decoding=\"async\" data-attachment-id=\"12748\" data-permalink=\"https:\/\/gersonguelmann.com.br\/blog\/o-irmao-do-geddel-sumiu-imagine-se-estivesse-com-a-grana\/eded4a56be0a53920428afdb13f29e99c1779b47-1-418x235\/\" data-orig-file=\"https:\/\/i0.wp.com\/gersonguelmann.com.br\/blog\/wp-content\/uploads\/2018\/05\/eded4a56be0a53920428afdb13f29e99c1779b47-1-418x235.jpg?fit=418%2C235&amp;ssl=1\" data-orig-size=\"418,235\" data-comments-opened=\"1\" data-image-meta=\"{&quot;aperture&quot;:&quot;0&quot;,&quot;credit&quot;:&quot;&quot;,&quot;camera&quot;:&quot;&quot;,&quot;caption&quot;:&quot;&quot;,&quot;created_timestamp&quot;:&quot;0&quot;,&quot;copyright&quot;:&quot;&quot;,&quot;focal_length&quot;:&quot;0&quot;,&quot;iso&quot;:&quot;0&quot;,&quot;shutter_speed&quot;:&quot;0&quot;,&quot;title&quot;:&quot;&quot;,&quot;orientation&quot;:&quot;0&quot;}\" data-image-title=\"eded4a56be0a53920428afdb13f29e99c1779b47-1-418&amp;#215;235\" data-image-description=\"\" data-image-caption=\"\" data-medium-file=\"https:\/\/i0.wp.com\/gersonguelmann.com.br\/blog\/wp-content\/uploads\/2018\/05\/eded4a56be0a53920428afdb13f29e99c1779b47-1-418x235.jpg?fit=300%2C169&amp;ssl=1\" data-large-file=\"https:\/\/i0.wp.com\/gersonguelmann.com.br\/blog\/wp-content\/uploads\/2018\/05\/eded4a56be0a53920428afdb13f29e99c1779b47-1-418x235.jpg?fit=418%2C235&amp;ssl=1\" class=\"alignnone size-medium wp-image-12748\" src=\"https:\/\/i0.wp.com\/gersonguelmann.com.br\/blog\/wp-content\/uploads\/2018\/05\/eded4a56be0a53920428afdb13f29e99c1779b47-1-418x235.jpg?resize=300%2C169&#038;ssl=1\" alt=\"\" width=\"300\" height=\"169\" srcset=\"https:\/\/i0.wp.com\/gersonguelmann.com.br\/blog\/wp-content\/uploads\/2018\/05\/eded4a56be0a53920428afdb13f29e99c1779b47-1-418x235.jpg?resize=300%2C169&amp;ssl=1 300w, https:\/\/i0.wp.com\/gersonguelmann.com.br\/blog\/wp-content\/uploads\/2018\/05\/eded4a56be0a53920428afdb13f29e99c1779b47-1-418x235.jpg?resize=418%2C235&amp;ssl=1 418w\" sizes=\"(max-width: 300px) 100vw, 300px\" \/><\/p>\n","protected":false},"excerpt":{"rendered":"<p>A Isto\u00c9 informa: BRASIL Irm\u00e3o de Geddel \u2018some\u2019 e Conselho de \u00c9tica o notifica pelo Di\u00e1rio Oficial O \u201csumi\u00e7o\u201d do deputado L\u00facio Vieira Lima (MDB-BA) obrigou o Conselho de \u00c9tica da C\u00e2mara a notific\u00e1-lo por meio dos di\u00e1rios oficiais da Uni\u00e3o e da C\u00e2mara sobre o processo em que responde no colegiado. De acordo com [&hellip;]<\/p>\n","protected":false},"author":5,"featured_media":12747,"comment_status":"open","ping_status":"open","sticky":false,"template":"","format":"standard","meta":{"_acf_changed":false,"jetpack_post_was_ever_published":false,"_jetpack_newsletter_access":"","_jetpack_dont_email_post_to_subs":false,"_jetpack_newsletter_tier_id":0,"_jetpack_memberships_contains_paywalled_content":false,"_jetpack_memberships_contains_paid_content":false,"footnotes":"","jetpack_publicize_message":"","jetpack_publicize_feature_enabled":true,"jetpack_social_post_already_shared":true,"jetpack_social_options":{"image_generator_settings":{"template":"highway","default_image_id":0,"font":"","enabled":false},"version":2}},"categories":[1],"tags":[],"class_list":["post-12746","post","type-post","status-publish","format-standard","has-post-thumbnail","hentry","category-sem-categoria"],"acf":[],"yoast_head":"<!-- This site is optimized with the Yoast SEO plugin v27.3 - https:\/\/yoast.com\/product\/yoast-seo-wordpress\/ -->\n<title>O Irm\u00e3o do Geddel Sumiu. Imagine Se Estivesse Com a Grana... | Blog do Guelmann<\/title>\n<meta name=\"robots\" content=\"index, follow, max-snippet:-1, max-image-preview:large, max-video-preview:-1\" \/>\n<link rel=\"canonical\" href=\"https:\/\/gersonguelmann.com.br\/blog\/o-irmao-do-geddel-sumiu-imagine-se-estivesse-com-a-grana\/\" \/>\n<meta property=\"og:locale\" content=\"pt_BR\" \/>\n<meta property=\"og:type\" content=\"article\" \/>\n<meta property=\"og:title\" content=\"O Irm\u00e3o do Geddel Sumiu. Imagine Se Estivesse Com a Grana... | Blog do Guelmann\" \/>\n<meta property=\"og:description\" content=\"A Isto\u00c9 informa: BRASIL Irm\u00e3o de Geddel \u2018some\u2019 e Conselho de \u00c9tica o notifica pelo Di\u00e1rio Oficial O \u201csumi\u00e7o\u201d do deputado L\u00facio Vieira Lima (MDB-BA) obrigou o Conselho de \u00c9tica da C\u00e2mara a notific\u00e1-lo por meio dos di\u00e1rios oficiais da Uni\u00e3o e da C\u00e2mara sobre o processo em que responde no colegiado. De acordo com [&hellip;]\" \/>\n<meta property=\"og:url\" content=\"https:\/\/gersonguelmann.com.br\/blog\/o-irmao-do-geddel-sumiu-imagine-se-estivesse-com-a-grana\/\" \/>\n<meta property=\"og:site_name\" content=\"Blog do Guelmann\" \/>\n<meta property=\"article:published_time\" content=\"2018-05-10T17:25:21+00:00\" \/>\n<meta property=\"og:image\" content=\"https:\/\/i0.wp.com\/gersonguelmann.com.br\/blog\/wp-content\/uploads\/2018\/05\/LVL.jpg?fit=868%2C644&ssl=1\" \/>\n\t<meta property=\"og:image:width\" content=\"868\" \/>\n\t<meta property=\"og:image:height\" content=\"644\" \/>\n\t<meta property=\"og:image:type\" content=\"image\/jpeg\" \/>\n<meta name=\"author\" content=\"Gerson Guelmann\" \/>\n<meta name=\"twitter:card\" content=\"summary_large_image\" \/>\n<meta name=\"twitter:label1\" content=\"Escrito por\" \/>\n\t<meta name=\"twitter:data1\" content=\"Gerson Guelmann\" \/>\n\t<meta name=\"twitter:label2\" content=\"Est. tempo de leitura\" \/>\n\t<meta name=\"twitter:data2\" content=\"2 minutos\" \/>\n<script type=\"application\/ld+json\" class=\"yoast-schema-graph\">{\"@context\":\"https:\\\/\\\/schema.org\",\"@graph\":[{\"@type\":\"Article\",\"@id\":\"https:\\\/\\\/gersonguelmann.com.br\\\/blog\\\/o-irmao-do-geddel-sumiu-imagine-se-estivesse-com-a-grana\\\/#article\",\"isPartOf\":{\"@id\":\"https:\\\/\\\/gersonguelmann.com.br\\\/blog\\\/o-irmao-do-geddel-sumiu-imagine-se-estivesse-com-a-grana\\\/\"},\"author\":{\"name\":\"Gerson Guelmann\",\"@id\":\"https:\\\/\\\/gersonguelmann.com.br\\\/blog\\\/#\\\/schema\\\/person\\\/87e70e2a786888082f941a482c90569e\"},\"headline\":\"O Irm\u00e3o do Geddel Sumiu. Imagine Se Estivesse Com a Grana&#8230;\",\"datePublished\":\"2018-05-10T17:25:21+00:00\",\"mainEntityOfPage\":{\"@id\":\"https:\\\/\\\/gersonguelmann.com.br\\\/blog\\\/o-irmao-do-geddel-sumiu-imagine-se-estivesse-com-a-grana\\\/\"},\"wordCount\":473,\"commentCount\":0,\"image\":{\"@id\":\"https:\\\/\\\/gersonguelmann.com.br\\\/blog\\\/o-irmao-do-geddel-sumiu-imagine-se-estivesse-com-a-grana\\\/#primaryimage\"},\"thumbnailUrl\":\"https:\\\/\\\/i0.wp.com\\\/gersonguelmann.com.br\\\/blog\\\/wp-content\\\/uploads\\\/2018\\\/05\\\/LVL.jpg?fit=868%2C644&ssl=1\",\"inLanguage\":\"pt-BR\",\"potentialAction\":[{\"@type\":\"CommentAction\",\"name\":\"Comment\",\"target\":[\"https:\\\/\\\/gersonguelmann.com.br\\\/blog\\\/o-irmao-do-geddel-sumiu-imagine-se-estivesse-com-a-grana\\\/#respond\"]}]},{\"@type\":\"WebPage\",\"@id\":\"https:\\\/\\\/gersonguelmann.com.br\\\/blog\\\/o-irmao-do-geddel-sumiu-imagine-se-estivesse-com-a-grana\\\/\",\"url\":\"https:\\\/\\\/gersonguelmann.com.br\\\/blog\\\/o-irmao-do-geddel-sumiu-imagine-se-estivesse-com-a-grana\\\/\",\"name\":\"O Irm\u00e3o do Geddel Sumiu. Imagine Se Estivesse Com a Grana... | Blog do Guelmann\",\"isPartOf\":{\"@id\":\"https:\\\/\\\/gersonguelmann.com.br\\\/blog\\\/#website\"},\"primaryImageOfPage\":{\"@id\":\"https:\\\/\\\/gersonguelmann.com.br\\\/blog\\\/o-irmao-do-geddel-sumiu-imagine-se-estivesse-com-a-grana\\\/#primaryimage\"},\"image\":{\"@id\":\"https:\\\/\\\/gersonguelmann.com.br\\\/blog\\\/o-irmao-do-geddel-sumiu-imagine-se-estivesse-com-a-grana\\\/#primaryimage\"},\"thumbnailUrl\":\"https:\\\/\\\/i0.wp.com\\\/gersonguelmann.com.br\\\/blog\\\/wp-content\\\/uploads\\\/2018\\\/05\\\/LVL.jpg?fit=868%2C644&ssl=1\",\"datePublished\":\"2018-05-10T17:25:21+00:00\",\"author\":{\"@id\":\"https:\\\/\\\/gersonguelmann.com.br\\\/blog\\\/#\\\/schema\\\/person\\\/87e70e2a786888082f941a482c90569e\"},\"inLanguage\":\"pt-BR\",\"potentialAction\":[{\"@type\":\"ReadAction\",\"target\":[\"https:\\\/\\\/gersonguelmann.com.br\\\/blog\\\/o-irmao-do-geddel-sumiu-imagine-se-estivesse-com-a-grana\\\/\"]}]},{\"@type\":\"ImageObject\",\"inLanguage\":\"pt-BR\",\"@id\":\"https:\\\/\\\/gersonguelmann.com.br\\\/blog\\\/o-irmao-do-geddel-sumiu-imagine-se-estivesse-com-a-grana\\\/#primaryimage\",\"url\":\"https:\\\/\\\/i0.wp.com\\\/gersonguelmann.com.br\\\/blog\\\/wp-content\\\/uploads\\\/2018\\\/05\\\/LVL.jpg?fit=868%2C644&ssl=1\",\"contentUrl\":\"https:\\\/\\\/i0.wp.com\\\/gersonguelmann.com.br\\\/blog\\\/wp-content\\\/uploads\\\/2018\\\/05\\\/LVL.jpg?fit=868%2C644&ssl=1\",\"width\":868,\"height\":644,\"caption\":\"A comiss\u00e3o especial da C\u00e2mara que analisa mudan\u00e7as constitucionais no sistema eleitoral brasileiro (PEC 77\\\/03) encerrrou os trabalhos. Agora, o substitutivo do relator, deputado Vicente C\u00e2ndido (PT-SP), ser\u00e1 analisado pelo Plen\u00e1rio . Brasilia,15-08-2017. Foto: S\u00e9rgio Lima\\\/PODER 360\"},{\"@type\":\"WebSite\",\"@id\":\"https:\\\/\\\/gersonguelmann.com.br\\\/blog\\\/#website\",\"url\":\"https:\\\/\\\/gersonguelmann.com.br\\\/blog\\\/\",\"name\":\"Blog do Guelmann\",\"description\":\"Pitadas da sabedoria e do humor judaicos, assuntos do momento e um pouco das hist\u00f3rias que vivi e testemunhei.\",\"potentialAction\":[{\"@type\":\"SearchAction\",\"target\":{\"@type\":\"EntryPoint\",\"urlTemplate\":\"https:\\\/\\\/gersonguelmann.com.br\\\/blog\\\/?s={search_term_string}\"},\"query-input\":{\"@type\":\"PropertyValueSpecification\",\"valueRequired\":true,\"valueName\":\"search_term_string\"}}],\"inLanguage\":\"pt-BR\"},{\"@type\":\"Person\",\"@id\":\"https:\\\/\\\/gersonguelmann.com.br\\\/blog\\\/#\\\/schema\\\/person\\\/87e70e2a786888082f941a482c90569e\",\"name\":\"Gerson Guelmann\",\"image\":{\"@type\":\"ImageObject\",\"inLanguage\":\"pt-BR\",\"@id\":\"https:\\\/\\\/i0.wp.com\\\/gersonguelmann.com.br\\\/blog\\\/wp-content\\\/uploads\\\/2021\\\/08\\\/BLOG.jpeg?fit=96%2C96&ssl=1\",\"url\":\"https:\\\/\\\/i0.wp.com\\\/gersonguelmann.com.br\\\/blog\\\/wp-content\\\/uploads\\\/2021\\\/08\\\/BLOG.jpeg?fit=96%2C96&ssl=1\",\"contentUrl\":\"https:\\\/\\\/i0.wp.com\\\/gersonguelmann.com.br\\\/blog\\\/wp-content\\\/uploads\\\/2021\\\/08\\\/BLOG.jpeg?fit=96%2C96&ssl=1\",\"caption\":\"Gerson Guelmann\"},\"description\":\"Pitadas da sabedoria e do humor judaicos, assuntos do momento e um pouco das hist\u00f3rias que vivi e testemunhei.\"}]}<\/script>\n<!-- \/ Yoast SEO plugin. -->","yoast_head_json":{"title":"O Irm\u00e3o do Geddel Sumiu. Imagine Se Estivesse Com a Grana... | Blog do Guelmann","robots":{"index":"index","follow":"follow","max-snippet":"max-snippet:-1","max-image-preview":"max-image-preview:large","max-video-preview":"max-video-preview:-1"},"canonical":"https:\/\/gersonguelmann.com.br\/blog\/o-irmao-do-geddel-sumiu-imagine-se-estivesse-com-a-grana\/","og_locale":"pt_BR","og_type":"article","og_title":"O Irm\u00e3o do Geddel Sumiu. Imagine Se Estivesse Com a Grana... | Blog do Guelmann","og_description":"A Isto\u00c9 informa: BRASIL Irm\u00e3o de Geddel \u2018some\u2019 e Conselho de \u00c9tica o notifica pelo Di\u00e1rio Oficial O \u201csumi\u00e7o\u201d do deputado L\u00facio Vieira Lima (MDB-BA) obrigou o Conselho de \u00c9tica da C\u00e2mara a notific\u00e1-lo por meio dos di\u00e1rios oficiais da Uni\u00e3o e da C\u00e2mara sobre o processo em que responde no colegiado. De acordo com [&hellip;]","og_url":"https:\/\/gersonguelmann.com.br\/blog\/o-irmao-do-geddel-sumiu-imagine-se-estivesse-com-a-grana\/","og_site_name":"Blog do Guelmann","article_published_time":"2018-05-10T17:25:21+00:00","og_image":[{"width":868,"height":644,"url":"https:\/\/i0.wp.com\/gersonguelmann.com.br\/blog\/wp-content\/uploads\/2018\/05\/LVL.jpg?fit=868%2C644&ssl=1","type":"image\/jpeg"}],"author":"Gerson Guelmann","twitter_card":"summary_large_image","twitter_misc":{"Escrito por":"Gerson Guelmann","Est. tempo de leitura":"2 minutos"},"schema":{"@context":"https:\/\/schema.org","@graph":[{"@type":"Article","@id":"https:\/\/gersonguelmann.com.br\/blog\/o-irmao-do-geddel-sumiu-imagine-se-estivesse-com-a-grana\/#article","isPartOf":{"@id":"https:\/\/gersonguelmann.com.br\/blog\/o-irmao-do-geddel-sumiu-imagine-se-estivesse-com-a-grana\/"},"author":{"name":"Gerson Guelmann","@id":"https:\/\/gersonguelmann.com.br\/blog\/#\/schema\/person\/87e70e2a786888082f941a482c90569e"},"headline":"O Irm\u00e3o do Geddel Sumiu. Imagine Se Estivesse Com a Grana&#8230;","datePublished":"2018-05-10T17:25:21+00:00","mainEntityOfPage":{"@id":"https:\/\/gersonguelmann.com.br\/blog\/o-irmao-do-geddel-sumiu-imagine-se-estivesse-com-a-grana\/"},"wordCount":473,"commentCount":0,"image":{"@id":"https:\/\/gersonguelmann.com.br\/blog\/o-irmao-do-geddel-sumiu-imagine-se-estivesse-com-a-grana\/#primaryimage"},"thumbnailUrl":"https:\/\/i0.wp.com\/gersonguelmann.com.br\/blog\/wp-content\/uploads\/2018\/05\/LVL.jpg?fit=868%2C644&ssl=1","inLanguage":"pt-BR","potentialAction":[{"@type":"CommentAction","name":"Comment","target":["https:\/\/gersonguelmann.com.br\/blog\/o-irmao-do-geddel-sumiu-imagine-se-estivesse-com-a-grana\/#respond"]}]},{"@type":"WebPage","@id":"https:\/\/gersonguelmann.com.br\/blog\/o-irmao-do-geddel-sumiu-imagine-se-estivesse-com-a-grana\/","url":"https:\/\/gersonguelmann.com.br\/blog\/o-irmao-do-geddel-sumiu-imagine-se-estivesse-com-a-grana\/","name":"O Irm\u00e3o do Geddel Sumiu. Imagine Se Estivesse Com a Grana... | Blog do Guelmann","isPartOf":{"@id":"https:\/\/gersonguelmann.com.br\/blog\/#website"},"primaryImageOfPage":{"@id":"https:\/\/gersonguelmann.com.br\/blog\/o-irmao-do-geddel-sumiu-imagine-se-estivesse-com-a-grana\/#primaryimage"},"image":{"@id":"https:\/\/gersonguelmann.com.br\/blog\/o-irmao-do-geddel-sumiu-imagine-se-estivesse-com-a-grana\/#primaryimage"},"thumbnailUrl":"https:\/\/i0.wp.com\/gersonguelmann.com.br\/blog\/wp-content\/uploads\/2018\/05\/LVL.jpg?fit=868%2C644&ssl=1","datePublished":"2018-05-10T17:25:21+00:00","author":{"@id":"https:\/\/gersonguelmann.com.br\/blog\/#\/schema\/person\/87e70e2a786888082f941a482c90569e"},"inLanguage":"pt-BR","potentialAction":[{"@type":"ReadAction","target":["https:\/\/gersonguelmann.com.br\/blog\/o-irmao-do-geddel-sumiu-imagine-se-estivesse-com-a-grana\/"]}]},{"@type":"ImageObject","inLanguage":"pt-BR","@id":"https:\/\/gersonguelmann.com.br\/blog\/o-irmao-do-geddel-sumiu-imagine-se-estivesse-com-a-grana\/#primaryimage","url":"https:\/\/i0.wp.com\/gersonguelmann.com.br\/blog\/wp-content\/uploads\/2018\/05\/LVL.jpg?fit=868%2C644&ssl=1","contentUrl":"https:\/\/i0.wp.com\/gersonguelmann.com.br\/blog\/wp-content\/uploads\/2018\/05\/LVL.jpg?fit=868%2C644&ssl=1","width":868,"height":644,"caption":"A comiss\u00e3o especial da C\u00e2mara que analisa mudan\u00e7as constitucionais no sistema eleitoral brasileiro (PEC 77\/03) encerrrou os trabalhos. Agora, o substitutivo do relator, deputado Vicente C\u00e2ndido (PT-SP), ser\u00e1 analisado pelo Plen\u00e1rio . Brasilia,15-08-2017. Foto: S\u00e9rgio Lima\/PODER 360"},{"@type":"WebSite","@id":"https:\/\/gersonguelmann.com.br\/blog\/#website","url":"https:\/\/gersonguelmann.com.br\/blog\/","name":"Blog do Guelmann","description":"Pitadas da sabedoria e do humor judaicos, assuntos do momento e um pouco das hist\u00f3rias que vivi e testemunhei.","potentialAction":[{"@type":"SearchAction","target":{"@type":"EntryPoint","urlTemplate":"https:\/\/gersonguelmann.com.br\/blog\/?s={search_term_string}"},"query-input":{"@type":"PropertyValueSpecification","valueRequired":true,"valueName":"search_term_string"}}],"inLanguage":"pt-BR"},{"@type":"Person","@id":"https:\/\/gersonguelmann.com.br\/blog\/#\/schema\/person\/87e70e2a786888082f941a482c90569e","name":"Gerson Guelmann","image":{"@type":"ImageObject","inLanguage":"pt-BR","@id":"https:\/\/i0.wp.com\/gersonguelmann.com.br\/blog\/wp-content\/uploads\/2021\/08\/BLOG.jpeg?fit=96%2C96&ssl=1","url":"https:\/\/i0.wp.com\/gersonguelmann.com.br\/blog\/wp-content\/uploads\/2021\/08\/BLOG.jpeg?fit=96%2C96&ssl=1","contentUrl":"https:\/\/i0.wp.com\/gersonguelmann.com.br\/blog\/wp-content\/uploads\/2021\/08\/BLOG.jpeg?fit=96%2C96&ssl=1","caption":"Gerson Guelmann"},"description":"Pitadas da sabedoria e do humor judaicos, assuntos do momento e um pouco das hist\u00f3rias que vivi e testemunhei."}]}},"views":37,"jetpack_publicize_connections":[],"jetpack_featured_media_url":"https:\/\/i0.wp.com\/gersonguelmann.com.br\/blog\/wp-content\/uploads\/2018\/05\/LVL.jpg?fit=868%2C644&ssl=1","jetpack_shortlink":"https:\/\/wp.me\/p96e7O-3jA","jetpack-related-posts":[{"id":12672,"url":"https:\/\/gersonguelmann.com.br\/blog\/geddel-continua-em-cana-irmao-e-mamae-viram-reus\/","url_meta":{"origin":12746,"position":0},"title":"Geddel Continua em Cana. Irm\u00e3o e Mam\u00e3e Viram R\u00e9us.","author":"Gerson Guelmann","date":"8 de maio de 2018","format":false,"excerpt":"Duas not\u00edcias boas para encerrar o dia: 1\u00aa - O irm\u00e3o e a m\u00e3e do ex-deputado e ex-ministro Geddel Viera Lima viraram r\u00e9us\u00a0por lavagem de dinheiro e associa\u00e7\u00e3o criminosa, em decis\u00e3o un\u00e2nime da 2\u00aa turma do STF; 2\u00aa - A mesma Turma negou o Habeas Corpus pedido pela defesa de\u2026","rel":"","context":"Em &quot;Sem categoria&quot;","block_context":{"text":"Sem categoria","link":"https:\/\/gersonguelmann.com.br\/blog\/category\/sem-categoria\/"},"img":{"alt_text":"","src":"https:\/\/i0.wp.com\/gersonguelmann.com.br\/blog\/wp-content\/uploads\/2018\/05\/Geddel-1.jpg?resize=350%2C200&ssl=1","width":350,"height":200},"classes":[]},{"id":12664,"url":"https:\/\/gersonguelmann.com.br\/blog\/para-geddel-nos-somos-assim\/","url_meta":{"origin":12746,"position":1},"title":"Para Geddel, N\u00f3s Somos Assim","author":"Gerson Guelmann","date":"8 de maio de 2018","format":false,"excerpt":"Neste momento a A Segunda Turma do Supremo Tribunal Federal (STF) decide se cabe \u00e0 Suprema Corte julgar o ex-ministro Geddel Vieira Lima (PMDB-BA); seu irm\u00e3o, o deputado L\u00facio Vieira Lima (PMDB-BA); e a m\u00e3e de ambos, Marluce Vieira Lima.\u00a0 Geddel \u00e9 aquele sujeito que est\u00e1\u00a0preso desde 8 de setembro\u2026","rel":"","context":"Em &quot;Sem categoria&quot;","block_context":{"text":"Sem categoria","link":"https:\/\/gersonguelmann.com.br\/blog\/category\/sem-categoria\/"},"img":{"alt_text":"","src":"https:\/\/i0.wp.com\/gersonguelmann.com.br\/blog\/wp-content\/uploads\/2018\/05\/Geddel.jpg?fit=1200%2C800&ssl=1&resize=350%2C200","width":350,"height":200,"srcset":"https:\/\/i0.wp.com\/gersonguelmann.com.br\/blog\/wp-content\/uploads\/2018\/05\/Geddel.jpg?fit=1200%2C800&ssl=1&resize=350%2C200 1x, https:\/\/i0.wp.com\/gersonguelmann.com.br\/blog\/wp-content\/uploads\/2018\/05\/Geddel.jpg?fit=1200%2C800&ssl=1&resize=525%2C300 1.5x, https:\/\/i0.wp.com\/gersonguelmann.com.br\/blog\/wp-content\/uploads\/2018\/05\/Geddel.jpg?fit=1200%2C800&ssl=1&resize=700%2C400 2x, https:\/\/i0.wp.com\/gersonguelmann.com.br\/blog\/wp-content\/uploads\/2018\/05\/Geddel.jpg?fit=1200%2C800&ssl=1&resize=1050%2C600 3x"},"classes":[]},{"id":1464,"url":"https:\/\/gersonguelmann.com.br\/blog\/dois-momentos-que-enriqueceram-o-ja-rico-prontuario-de-geddel\/","url_meta":{"origin":12746,"position":2},"title":"Dois momentos que enriqueceram o j\u00e1 rico prontu\u00e1rio de Geddel","author":"Gerson Guelmann","date":"6 de setembro de 2017","format":false,"excerpt":"Compartilho dois v\u00eddeos extremamente enriquecedores para quem deseja conhecer o car\u00e1ter de Geddel Vieira Lima. Geddel come\u00e7ou a ser investigado em janeiro \u00faltimo na opera\u00e7\u00e3o \"Cui Bono\"\u00a0 da Pol\u00edcia Federal, com base em informa\u00e7\u00f5es encontradas em um celular que era usado pelo deputado cassado Eduardo Cunha, atualmente condenado e preso.\u00a0\u2026","rel":"","context":"Em &quot;Sem categoria&quot;","block_context":{"text":"Sem categoria","link":"https:\/\/gersonguelmann.com.br\/blog\/category\/sem-categoria\/"},"img":{"alt_text":"","src":"https:\/\/i0.wp.com\/gersonguelmann.com.br\/blog\/wp-content\/uploads\/2017\/09\/Geddel.jpg?fit=1200%2C800&ssl=1&resize=350%2C200","width":350,"height":200,"srcset":"https:\/\/i0.wp.com\/gersonguelmann.com.br\/blog\/wp-content\/uploads\/2017\/09\/Geddel.jpg?fit=1200%2C800&ssl=1&resize=350%2C200 1x, https:\/\/i0.wp.com\/gersonguelmann.com.br\/blog\/wp-content\/uploads\/2017\/09\/Geddel.jpg?fit=1200%2C800&ssl=1&resize=525%2C300 1.5x, https:\/\/i0.wp.com\/gersonguelmann.com.br\/blog\/wp-content\/uploads\/2017\/09\/Geddel.jpg?fit=1200%2C800&ssl=1&resize=700%2C400 2x, https:\/\/i0.wp.com\/gersonguelmann.com.br\/blog\/wp-content\/uploads\/2017\/09\/Geddel.jpg?fit=1200%2C800&ssl=1&resize=1050%2C600 3x"},"classes":[]},{"id":1739,"url":"https:\/\/gersonguelmann.com.br\/blog\/enquanto-isso-na-bahia-do-santo-geddel-do-pau-oco\/","url_meta":{"origin":12746,"position":3},"title":"Enquanto Isso, na Bahia do Santo Geddel do Pau Oco&#8230;","author":"Gerson Guelmann","date":"16 de setembro de 2017","format":false,"excerpt":"Estamos cansados de saber que no pa\u00eds da Copa e da Olimp\u00edada sobram est\u00e1dios e equipamentos esportivos desnecess\u00e1rios e falta o que \u00e9 b\u00e1sico para o povo: Sa\u00fade e Educa\u00e7\u00e3o. O Globo Rep\u00f3rter de ontem abordou v\u00e1rios exemplos disso, ao mostrar a\u00e7\u00f5es de pessoas e grupos que cansaram de esperar\u2026","rel":"","context":"Em &quot;Sem categoria&quot;","block_context":{"text":"Sem categoria","link":"https:\/\/gersonguelmann.com.br\/blog\/category\/sem-categoria\/"},"img":{"alt_text":"","src":"https:\/\/i0.wp.com\/gersonguelmann.com.br\/blog\/wp-content\/uploads\/2017\/09\/Hospital-1.jpg?fit=1200%2C800&ssl=1&resize=350%2C200","width":350,"height":200,"srcset":"https:\/\/i0.wp.com\/gersonguelmann.com.br\/blog\/wp-content\/uploads\/2017\/09\/Hospital-1.jpg?fit=1200%2C800&ssl=1&resize=350%2C200 1x, https:\/\/i0.wp.com\/gersonguelmann.com.br\/blog\/wp-content\/uploads\/2017\/09\/Hospital-1.jpg?fit=1200%2C800&ssl=1&resize=525%2C300 1.5x, https:\/\/i0.wp.com\/gersonguelmann.com.br\/blog\/wp-content\/uploads\/2017\/09\/Hospital-1.jpg?fit=1200%2C800&ssl=1&resize=700%2C400 2x, https:\/\/i0.wp.com\/gersonguelmann.com.br\/blog\/wp-content\/uploads\/2017\/09\/Hospital-1.jpg?fit=1200%2C800&ssl=1&resize=1050%2C600 3x"},"classes":[]},{"id":14088,"url":"https:\/\/gersonguelmann.com.br\/blog\/na-papuda-enquanto-o-brasil-empatava\/","url_meta":{"origin":12746,"position":4},"title":"Na Papuda, Enquanto o Brasil Empatava&#8230;","author":"Gerson Guelmann","date":"18 de junho de 2018","format":false,"excerpt":"No pres\u00eddio da Papuda, em Brasilia, ontem, a Pol\u00edcia Civil do Distrito Federal fez uma inspe\u00e7\u00e3o na cela ocupada pelo ex-senador Luiz Estev\u00e3o e pelo ex-ministro Jos\u00e9 Dirceu. De acordo com as not\u00edcias o mandado concedido pela Justi\u00e7a tamb\u00e9m permitiu que a cela onde est\u00e1 o ex-ministro Geddel Lima fosse\u2026","rel":"","context":"Em &quot;Sem categoria&quot;","block_context":{"text":"Sem categoria","link":"https:\/\/gersonguelmann.com.br\/blog\/category\/sem-categoria\/"},"img":{"alt_text":"","src":"https:\/\/i0.wp.com\/gersonguelmann.com.br\/blog\/wp-content\/uploads\/2018\/06\/Papuda.jpg?fit=1200%2C675&ssl=1&resize=350%2C200","width":350,"height":200,"srcset":"https:\/\/i0.wp.com\/gersonguelmann.com.br\/blog\/wp-content\/uploads\/2018\/06\/Papuda.jpg?fit=1200%2C675&ssl=1&resize=350%2C200 1x, https:\/\/i0.wp.com\/gersonguelmann.com.br\/blog\/wp-content\/uploads\/2018\/06\/Papuda.jpg?fit=1200%2C675&ssl=1&resize=525%2C300 1.5x, https:\/\/i0.wp.com\/gersonguelmann.com.br\/blog\/wp-content\/uploads\/2018\/06\/Papuda.jpg?fit=1200%2C675&ssl=1&resize=700%2C400 2x, https:\/\/i0.wp.com\/gersonguelmann.com.br\/blog\/wp-content\/uploads\/2018\/06\/Papuda.jpg?fit=1200%2C675&ssl=1&resize=1050%2C600 3x"},"classes":[]},{"id":12028,"url":"https:\/\/gersonguelmann.com.br\/blog\/vao-acabar-conseguindo-tirar-o-lula-da-policia-federal\/","url_meta":{"origin":12746,"position":5},"title":"V\u00e3o Acabar Conseguindo Tirar o Lula da Pol\u00edcia Federal","author":"Gerson Guelmann","date":"24 de abril de 2018","format":false,"excerpt":"De tanta fanfarronice e de tanto importunar, os pol\u00edticos favor\u00e1veis ao ex-presidente Lula v\u00e3o acabar conseguindo tir\u00e1-lo da sede da Pol\u00edcia Federal, onde est\u00e1 preso h\u00e1 alguma semanas. O l\u00edder do PT na C\u00e2mara, p.ex., desde a semana passada amea\u00e7ava \"fazer e acontecer\" dizendo que entraria na carceragem \"na marra\".\u2026","rel":"","context":"Em &quot;Sem categoria&quot;","block_context":{"text":"Sem categoria","link":"https:\/\/gersonguelmann.com.br\/blog\/category\/sem-categoria\/"},"img":{"alt_text":"","src":"https:\/\/i0.wp.com\/gersonguelmann.com.br\/blog\/wp-content\/uploads\/2018\/04\/CMP.jpeg?fit=970%2C600&ssl=1&resize=350%2C200","width":350,"height":200,"srcset":"https:\/\/i0.wp.com\/gersonguelmann.com.br\/blog\/wp-content\/uploads\/2018\/04\/CMP.jpeg?fit=970%2C600&ssl=1&resize=350%2C200 1x, https:\/\/i0.wp.com\/gersonguelmann.com.br\/blog\/wp-content\/uploads\/2018\/04\/CMP.jpeg?fit=970%2C600&ssl=1&resize=525%2C300 1.5x, https:\/\/i0.wp.com\/gersonguelmann.com.br\/blog\/wp-content\/uploads\/2018\/04\/CMP.jpeg?fit=970%2C600&ssl=1&resize=700%2C400 2x"},"classes":[]}],"jetpack_sharing_enabled":true,"post_mailing_queue_ids":[],"_links":{"self":[{"href":"https:\/\/gersonguelmann.com.br\/blog\/wp-json\/wp\/v2\/posts\/12746","targetHints":{"allow":["GET"]}}],"collection":[{"href":"https:\/\/gersonguelmann.com.br\/blog\/wp-json\/wp\/v2\/posts"}],"about":[{"href":"https:\/\/gersonguelmann.com.br\/blog\/wp-json\/wp\/v2\/types\/post"}],"author":[{"embeddable":true,"href":"https:\/\/gersonguelmann.com.br\/blog\/wp-json\/wp\/v2\/users\/5"}],"replies":[{"embeddable":true,"href":"https:\/\/gersonguelmann.com.br\/blog\/wp-json\/wp\/v2\/comments?post=12746"}],"version-history":[{"count":0,"href":"https:\/\/gersonguelmann.com.br\/blog\/wp-json\/wp\/v2\/posts\/12746\/revisions"}],"wp:featuredmedia":[{"embeddable":true,"href":"https:\/\/gersonguelmann.com.br\/blog\/wp-json\/wp\/v2\/media\/12747"}],"wp:attachment":[{"href":"https:\/\/gersonguelmann.com.br\/blog\/wp-json\/wp\/v2\/media?parent=12746"}],"wp:term":[{"taxonomy":"category","embeddable":true,"href":"https:\/\/gersonguelmann.com.br\/blog\/wp-json\/wp\/v2\/categories?post=12746"},{"taxonomy":"post_tag","embeddable":true,"href":"https:\/\/gersonguelmann.com.br\/blog\/wp-json\/wp\/v2\/tags?post=12746"}],"curies":[{"name":"wp","href":"https:\/\/api.w.org\/{rel}","templated":true}]}}