    {"id":12764,"date":"2018-05-10T17:15:21","date_gmt":"2018-05-10T20:15:21","guid":{"rendered":"https:\/\/gersonguelmann.com.br\/blog\/?p=12764"},"modified":"2018-05-10T18:00:25","modified_gmt":"2018-05-10T21:00:25","slug":"a-conversa-entre-lula-e-zanin-para-rir","status":"publish","type":"post","link":"https:\/\/gersonguelmann.com.br\/blog\/a-conversa-entre-lula-e-zanin-para-rir\/","title":{"rendered":"A Conversa Entre Lula e Zanin (Para Rir)"},"content":{"rendered":"<p><img data-recalc-dims=\"1\" fetchpriority=\"high\" decoding=\"async\" data-attachment-id=\"12765\" data-permalink=\"https:\/\/gersonguelmann.com.br\/blog\/a-conversa-entre-lula-e-zanin-para-rir\/lula-zanin\/\" data-orig-file=\"https:\/\/i0.wp.com\/gersonguelmann.com.br\/blog\/wp-content\/uploads\/2018\/05\/lula-zanin.jpeg?fit=780%2C490&amp;ssl=1\" data-orig-size=\"780,490\" data-comments-opened=\"1\" data-image-meta=\"{&quot;aperture&quot;:&quot;0&quot;,&quot;credit&quot;:&quot;&quot;,&quot;camera&quot;:&quot;&quot;,&quot;caption&quot;:&quot;&quot;,&quot;created_timestamp&quot;:&quot;0&quot;,&quot;copyright&quot;:&quot;&quot;,&quot;focal_length&quot;:&quot;0&quot;,&quot;iso&quot;:&quot;0&quot;,&quot;shutter_speed&quot;:&quot;0&quot;,&quot;title&quot;:&quot;&quot;,&quot;orientation&quot;:&quot;0&quot;}\" data-image-title=\"lula-zanin\" data-image-description=\"\" data-image-caption=\"\" data-medium-file=\"https:\/\/i0.wp.com\/gersonguelmann.com.br\/blog\/wp-content\/uploads\/2018\/05\/lula-zanin.jpeg?fit=300%2C188&amp;ssl=1\" data-large-file=\"https:\/\/i0.wp.com\/gersonguelmann.com.br\/blog\/wp-content\/uploads\/2018\/05\/lula-zanin.jpeg?fit=640%2C402&amp;ssl=1\" class=\"size-medium wp-image-12765 aligncenter\" src=\"https:\/\/i0.wp.com\/gersonguelmann.com.br\/blog\/wp-content\/uploads\/2018\/05\/lula-zanin.jpeg?resize=300%2C188&#038;ssl=1\" alt=\"\" width=\"300\" height=\"188\" srcset=\"https:\/\/i0.wp.com\/gersonguelmann.com.br\/blog\/wp-content\/uploads\/2018\/05\/lula-zanin.jpeg?resize=300%2C188&amp;ssl=1 300w, https:\/\/i0.wp.com\/gersonguelmann.com.br\/blog\/wp-content\/uploads\/2018\/05\/lula-zanin.jpeg?resize=768%2C482&amp;ssl=1 768w, https:\/\/i0.wp.com\/gersonguelmann.com.br\/blog\/wp-content\/uploads\/2018\/05\/lula-zanin.jpeg?w=780&amp;ssl=1 780w\" sizes=\"(max-width: 300px) 100vw, 300px\" \/><\/p>\n<p><span style=\"color: #000000; font-family: georgia, palatino, serif; font-size: 18pt;\">O site Jornal da Cidade publicou um texto muito bem humorado escrito por Eduardo Affonso:<\/span><\/p>\n<p class=\"post__title\"><span style=\"font-size: 24pt;\"><strong><span style=\"color: #000000;\">Deu Zebra, a \u00edntegra da conversa de hoje, entre Zanin e Lula<\/span><\/strong><\/span><\/p>\n<p class=\"post__lead\"><strong><span style=\"color: #000000; font-size: 14pt;\">O t\u00eate \u00e0 t\u00eate entre o advogado e o presidi\u00e1rio&#8230;<\/span><\/strong><\/p>\n<p><span style=\"color: #000000; font-size: 14pt;\"><small class=\"post__date\">10\/05\/2018 \u00e0s 13:27<\/small><\/span><\/p>\n<p><strong><em><span style=\"color: #000000; font-size: 14pt;\">&#8211; Presidente, o Gilmar acaba de votar e&#8230;<\/span><\/em><\/strong><\/p>\n<p><strong><em><span style=\"color: #000000; font-size: 14pt;\">&#8211; \u00d3timo. Minhas coisa j\u00e1 t\u00e1 na mala. \u00c9 s\u00f3 peg\u00e1 a escova de dente e t\u00f4 pronto.<\/span><\/em><\/strong><\/p>\n<p><strong><em><span style=\"color: #000000; font-size: 14pt;\">&#8211; N\u00e3o, presidente. \u00c9 que o Gilmar&#8230;<\/span><\/em><\/strong><\/p>\n<p><strong><em><span style=\"color: #000000; font-size: 14pt;\">&#8211; Pode deix\u00e1 a esteira a\u00ed. Eu n\u00e3o ia mesmo us\u00e1 essa jo\u00e7a.<\/span><\/em><\/strong><\/p>\n<p><strong><em><span style=\"color: #000000; font-size: 14pt;\">&#8211; Presidente, o Gilmar&#8230;<\/span><\/em><\/strong><\/p>\n<p><strong><em><span style=\"color: #000000; font-size: 14pt;\">&#8211; E manda eles enfi\u00e1 o frigobar no&#8230;<\/span><\/em><\/strong><\/p>\n<p><strong><em><span style=\"color: #000000; font-size: 14pt;\">&#8211; Presidente&#8230;<\/span><\/em><\/strong><\/p>\n<p><strong><em><span style=\"color: #000000; font-size: 14pt;\">&#8211; Eu j\u00e1 num aguentava mais esse povo berrano &#8220;Bom dia!&#8221; \u00e0s dez da manh\u00e3, como se eu tivesse conseguido dorm\u00ed de noite com as arrua\u00e7a deles.<\/span><\/em><\/strong><\/p>\n<p><strong><em><span style=\"color: #000000; font-size: 14pt;\">&#8211; Presid&#8230;<\/span><\/em><\/strong><\/p>\n<div class=\"ads ads--conteudo\">\n<div class=\"ads__content\">\n<div class=\"ads\"><strong><em><span style=\"color: #000000; font-size: 14pt;\">&#8211; Deixa pra avis\u00e1 a Dilma s\u00f3 depois que eu tiv\u00e9 no jatinho. Vamo direto pro Sindicato com a Gleisi, e eu quero uma foto minha na janela dando uma banana pra Curitiba.<\/span><\/em><\/strong><\/div>\n<\/div>\n<\/div>\n<p><strong><em><span style=\"color: #000000; font-size: 14pt;\">&#8211; Pres&#8230;<\/span><\/em><\/strong><\/p>\n<p><strong><em><span style=\"color: #000000; font-size: 14pt;\">&#8211; Manda um zap pro Ciro dizeno que ele pode tir\u00e1 o cavalinho da chuva. Cad\u00ea meus chinelo? E avisa pro Boulo que eu v\u00f4 s\u00ea candidato a presidente e a vice, pra num t\u00ea golpe. Nunca confiei em nenhum desses dois.<\/span><\/em><\/strong><\/p>\n<p><strong><em><span style=\"color: #000000; font-size: 14pt;\">&#8211; Pr&#8230;<\/span><\/em><\/strong><\/p>\n<p><strong><em><span style=\"color: #000000; font-size: 14pt;\">&#8211; Vamo. Tamo esperano o qu\u00ea?<\/span><\/em><\/strong><\/p>\n<p><strong><em><span style=\"color: #000000; font-size: 14pt;\">&#8211; Presidente, o Gilmar votou contra.<\/span><\/em><\/strong><\/p>\n<p><strong><em><span style=\"color: #000000; font-size: 14pt;\">&#8211; \u00c9 claro que ele vot\u00f4 cont&#8230; cum\u00e9 qui\u00e9? O Gilmar vot\u00f4 contra?<\/span><\/em><\/strong><\/p>\n<p><strong><em><span style=\"color: #000000; font-size: 14pt;\">&#8211; O Toffoli tamb\u00e9m.<\/span><\/em><\/strong><\/p>\n<p><strong><em><span style=\"color: #000000; font-size: 14pt;\">&#8211; Voc\u00ea num t\u00e1 quereno diz\u00ea que&#8230;<\/span><\/em><\/strong><\/p>\n<p><strong><em><span style=\"color: #000000; font-size: 14pt;\">&#8211; Pra piorar, o Okamoto disse que foi ao s\u00edtio a convite da Marisa, e o Gilbertinho afirmou que se lembra perfeitamente de uma conversa que teve com o senhor na manh\u00e3 do dia 15 de janeiro &#8211; mas n\u00e3o sabe o ano, se foi antes ou depois das 111 &#8220;visitas&#8221; que o senhor fez ao im\u00f3vel.<\/span><\/em><\/strong><\/p>\n<p><strong><em><span style=\"color: #000000; font-size: 14pt;\">&#8211; Ent\u00e3o essa sacola na sua m\u00e3o n\u00e3o \u00e9 uma 51?<\/span><\/em><\/strong><\/p>\n<p><strong><em><span style=\"color: #000000; font-size: 14pt;\">&#8211; N\u00e3o. \u00c9 um pijama de flanela e umas pantufas, porque os invernos nos pr\u00f3ximos doze anos, segundo a Maju, v\u00e3o ser uma friaca daquelas.<\/span><\/em><\/strong><\/p>\n<p><span style=\"color: #000000; font-family: georgia, palatino, serif; font-size: 18pt;\">Para ler o original, <a href=\"https:\/\/www.jornaldacidadeonline.com.br\/noticias\/9871\/deu-zebra-a-integra-da-conversa-de-hoje-entre-zanin-e-lula\"><span style=\"color: #0000ff;\"><em><strong>clique aqui<\/strong><\/em><\/span><\/a>.<\/span><\/p>\n","protected":false},"excerpt":{"rendered":"<p>O site Jornal da Cidade publicou um texto muito bem humorado escrito por Eduardo Affonso: Deu Zebra, a \u00edntegra da conversa de hoje, entre Zanin e Lula O t\u00eate \u00e0 t\u00eate entre o advogado e o presidi\u00e1rio&#8230; 10\/05\/2018 \u00e0s 13:27 &#8211; Presidente, o Gilmar acaba de votar e&#8230; &#8211; \u00d3timo. Minhas coisa j\u00e1 t\u00e1 na [&hellip;]<\/p>\n","protected":false},"author":5,"featured_media":12765,"comment_status":"open","ping_status":"open","sticky":false,"template":"","format":"standard","meta":{"_acf_changed":false,"jetpack_post_was_ever_published":false,"_jetpack_newsletter_access":"","_jetpack_dont_email_post_to_subs":false,"_jetpack_newsletter_tier_id":0,"_jetpack_memberships_contains_paywalled_content":false,"_jetpack_memberships_contains_paid_content":false,"footnotes":"","jetpack_publicize_message":"","jetpack_publicize_feature_enabled":true,"jetpack_social_post_already_shared":true,"jetpack_social_options":{"image_generator_settings":{"template":"highway","default_image_id":0,"font":"","enabled":false},"version":2}},"categories":[1],"tags":[],"class_list":["post-12764","post","type-post","status-publish","format-standard","has-post-thumbnail","hentry","category-sem-categoria"],"acf":[],"yoast_head":"<!-- This site is optimized with the Yoast SEO plugin v27.3 - https:\/\/yoast.com\/product\/yoast-seo-wordpress\/ -->\n<title>A Conversa Entre Lula e Zanin (Para Rir) | Blog do Guelmann<\/title>\n<meta name=\"robots\" content=\"index, follow, max-snippet:-1, max-image-preview:large, max-video-preview:-1\" \/>\n<link rel=\"canonical\" href=\"https:\/\/gersonguelmann.com.br\/blog\/a-conversa-entre-lula-e-zanin-para-rir\/\" \/>\n<meta property=\"og:locale\" content=\"pt_BR\" \/>\n<meta property=\"og:type\" content=\"article\" \/>\n<meta property=\"og:title\" content=\"A Conversa Entre Lula e Zanin (Para Rir) | Blog do Guelmann\" \/>\n<meta property=\"og:description\" content=\"O site Jornal da Cidade publicou um texto muito bem humorado escrito por Eduardo Affonso: Deu Zebra, a \u00edntegra da conversa de hoje, entre Zanin e Lula O t\u00eate \u00e0 t\u00eate entre o advogado e o presidi\u00e1rio&#8230; 10\/05\/2018 \u00e0s 13:27 &#8211; Presidente, o Gilmar acaba de votar e&#8230; &#8211; \u00d3timo. Minhas coisa j\u00e1 t\u00e1 na [&hellip;]\" \/>\n<meta property=\"og:url\" content=\"https:\/\/gersonguelmann.com.br\/blog\/a-conversa-entre-lula-e-zanin-para-rir\/\" \/>\n<meta property=\"og:site_name\" content=\"Blog do Guelmann\" \/>\n<meta property=\"article:published_time\" content=\"2018-05-10T20:15:21+00:00\" \/>\n<meta property=\"article:modified_time\" content=\"2018-05-10T21:00:25+00:00\" \/>\n<meta property=\"og:image\" content=\"https:\/\/i0.wp.com\/gersonguelmann.com.br\/blog\/wp-content\/uploads\/2018\/05\/lula-zanin.jpeg?fit=780%2C490&ssl=1\" \/>\n\t<meta property=\"og:image:width\" content=\"780\" \/>\n\t<meta property=\"og:image:height\" content=\"490\" \/>\n\t<meta property=\"og:image:type\" content=\"image\/jpeg\" \/>\n<meta name=\"author\" content=\"Gerson Guelmann\" \/>\n<meta name=\"twitter:card\" content=\"summary_large_image\" \/>\n<meta name=\"twitter:label1\" content=\"Escrito por\" \/>\n\t<meta name=\"twitter:data1\" content=\"Gerson Guelmann\" \/>\n\t<meta name=\"twitter:label2\" content=\"Est. tempo de leitura\" \/>\n\t<meta name=\"twitter:data2\" content=\"2 minutos\" \/>\n<script type=\"application\/ld+json\" class=\"yoast-schema-graph\">{\"@context\":\"https:\\\/\\\/schema.org\",\"@graph\":[{\"@type\":\"Article\",\"@id\":\"https:\\\/\\\/gersonguelmann.com.br\\\/blog\\\/a-conversa-entre-lula-e-zanin-para-rir\\\/#article\",\"isPartOf\":{\"@id\":\"https:\\\/\\\/gersonguelmann.com.br\\\/blog\\\/a-conversa-entre-lula-e-zanin-para-rir\\\/\"},\"author\":{\"name\":\"Gerson Guelmann\",\"@id\":\"https:\\\/\\\/gersonguelmann.com.br\\\/blog\\\/#\\\/schema\\\/person\\\/87e70e2a786888082f941a482c90569e\"},\"headline\":\"A Conversa Entre Lula e Zanin (Para Rir)\",\"datePublished\":\"2018-05-10T20:15:21+00:00\",\"dateModified\":\"2018-05-10T21:00:25+00:00\",\"mainEntityOfPage\":{\"@id\":\"https:\\\/\\\/gersonguelmann.com.br\\\/blog\\\/a-conversa-entre-lula-e-zanin-para-rir\\\/\"},\"wordCount\":357,\"commentCount\":0,\"image\":{\"@id\":\"https:\\\/\\\/gersonguelmann.com.br\\\/blog\\\/a-conversa-entre-lula-e-zanin-para-rir\\\/#primaryimage\"},\"thumbnailUrl\":\"https:\\\/\\\/i0.wp.com\\\/gersonguelmann.com.br\\\/blog\\\/wp-content\\\/uploads\\\/2018\\\/05\\\/lula-zanin.jpeg?fit=780%2C490&ssl=1\",\"inLanguage\":\"pt-BR\",\"potentialAction\":[{\"@type\":\"CommentAction\",\"name\":\"Comment\",\"target\":[\"https:\\\/\\\/gersonguelmann.com.br\\\/blog\\\/a-conversa-entre-lula-e-zanin-para-rir\\\/#respond\"]}]},{\"@type\":\"WebPage\",\"@id\":\"https:\\\/\\\/gersonguelmann.com.br\\\/blog\\\/a-conversa-entre-lula-e-zanin-para-rir\\\/\",\"url\":\"https:\\\/\\\/gersonguelmann.com.br\\\/blog\\\/a-conversa-entre-lula-e-zanin-para-rir\\\/\",\"name\":\"A Conversa Entre Lula e Zanin (Para Rir) | Blog do Guelmann\",\"isPartOf\":{\"@id\":\"https:\\\/\\\/gersonguelmann.com.br\\\/blog\\\/#website\"},\"primaryImageOfPage\":{\"@id\":\"https:\\\/\\\/gersonguelmann.com.br\\\/blog\\\/a-conversa-entre-lula-e-zanin-para-rir\\\/#primaryimage\"},\"image\":{\"@id\":\"https:\\\/\\\/gersonguelmann.com.br\\\/blog\\\/a-conversa-entre-lula-e-zanin-para-rir\\\/#primaryimage\"},\"thumbnailUrl\":\"https:\\\/\\\/i0.wp.com\\\/gersonguelmann.com.br\\\/blog\\\/wp-content\\\/uploads\\\/2018\\\/05\\\/lula-zanin.jpeg?fit=780%2C490&ssl=1\",\"datePublished\":\"2018-05-10T20:15:21+00:00\",\"dateModified\":\"2018-05-10T21:00:25+00:00\",\"author\":{\"@id\":\"https:\\\/\\\/gersonguelmann.com.br\\\/blog\\\/#\\\/schema\\\/person\\\/87e70e2a786888082f941a482c90569e\"},\"inLanguage\":\"pt-BR\",\"potentialAction\":[{\"@type\":\"ReadAction\",\"target\":[\"https:\\\/\\\/gersonguelmann.com.br\\\/blog\\\/a-conversa-entre-lula-e-zanin-para-rir\\\/\"]}]},{\"@type\":\"ImageObject\",\"inLanguage\":\"pt-BR\",\"@id\":\"https:\\\/\\\/gersonguelmann.com.br\\\/blog\\\/a-conversa-entre-lula-e-zanin-para-rir\\\/#primaryimage\",\"url\":\"https:\\\/\\\/i0.wp.com\\\/gersonguelmann.com.br\\\/blog\\\/wp-content\\\/uploads\\\/2018\\\/05\\\/lula-zanin.jpeg?fit=780%2C490&ssl=1\",\"contentUrl\":\"https:\\\/\\\/i0.wp.com\\\/gersonguelmann.com.br\\\/blog\\\/wp-content\\\/uploads\\\/2018\\\/05\\\/lula-zanin.jpeg?fit=780%2C490&ssl=1\",\"width\":780,\"height\":490},{\"@type\":\"WebSite\",\"@id\":\"https:\\\/\\\/gersonguelmann.com.br\\\/blog\\\/#website\",\"url\":\"https:\\\/\\\/gersonguelmann.com.br\\\/blog\\\/\",\"name\":\"Blog do Guelmann\",\"description\":\"Pitadas da sabedoria e do humor judaicos, assuntos do momento e um pouco das hist\u00f3rias que vivi e testemunhei.\",\"potentialAction\":[{\"@type\":\"SearchAction\",\"target\":{\"@type\":\"EntryPoint\",\"urlTemplate\":\"https:\\\/\\\/gersonguelmann.com.br\\\/blog\\\/?s={search_term_string}\"},\"query-input\":{\"@type\":\"PropertyValueSpecification\",\"valueRequired\":true,\"valueName\":\"search_term_string\"}}],\"inLanguage\":\"pt-BR\"},{\"@type\":\"Person\",\"@id\":\"https:\\\/\\\/gersonguelmann.com.br\\\/blog\\\/#\\\/schema\\\/person\\\/87e70e2a786888082f941a482c90569e\",\"name\":\"Gerson Guelmann\",\"image\":{\"@type\":\"ImageObject\",\"inLanguage\":\"pt-BR\",\"@id\":\"https:\\\/\\\/i0.wp.com\\\/gersonguelmann.com.br\\\/blog\\\/wp-content\\\/uploads\\\/2021\\\/08\\\/BLOG.jpeg?fit=96%2C96&ssl=1\",\"url\":\"https:\\\/\\\/i0.wp.com\\\/gersonguelmann.com.br\\\/blog\\\/wp-content\\\/uploads\\\/2021\\\/08\\\/BLOG.jpeg?fit=96%2C96&ssl=1\",\"contentUrl\":\"https:\\\/\\\/i0.wp.com\\\/gersonguelmann.com.br\\\/blog\\\/wp-content\\\/uploads\\\/2021\\\/08\\\/BLOG.jpeg?fit=96%2C96&ssl=1\",\"caption\":\"Gerson Guelmann\"},\"description\":\"Pitadas da sabedoria e do humor judaicos, assuntos do momento e um pouco das hist\u00f3rias que vivi e testemunhei.\"}]}<\/script>\n<!-- \/ Yoast SEO plugin. -->","yoast_head_json":{"title":"A Conversa Entre Lula e Zanin (Para Rir) | Blog do Guelmann","robots":{"index":"index","follow":"follow","max-snippet":"max-snippet:-1","max-image-preview":"max-image-preview:large","max-video-preview":"max-video-preview:-1"},"canonical":"https:\/\/gersonguelmann.com.br\/blog\/a-conversa-entre-lula-e-zanin-para-rir\/","og_locale":"pt_BR","og_type":"article","og_title":"A Conversa Entre Lula e Zanin (Para Rir) | Blog do Guelmann","og_description":"O site Jornal da Cidade publicou um texto muito bem humorado escrito por Eduardo Affonso: Deu Zebra, a \u00edntegra da conversa de hoje, entre Zanin e Lula O t\u00eate \u00e0 t\u00eate entre o advogado e o presidi\u00e1rio&#8230; 10\/05\/2018 \u00e0s 13:27 &#8211; Presidente, o Gilmar acaba de votar e&#8230; &#8211; \u00d3timo. Minhas coisa j\u00e1 t\u00e1 na [&hellip;]","og_url":"https:\/\/gersonguelmann.com.br\/blog\/a-conversa-entre-lula-e-zanin-para-rir\/","og_site_name":"Blog do Guelmann","article_published_time":"2018-05-10T20:15:21+00:00","article_modified_time":"2018-05-10T21:00:25+00:00","og_image":[{"width":780,"height":490,"url":"https:\/\/i0.wp.com\/gersonguelmann.com.br\/blog\/wp-content\/uploads\/2018\/05\/lula-zanin.jpeg?fit=780%2C490&ssl=1","type":"image\/jpeg"}],"author":"Gerson Guelmann","twitter_card":"summary_large_image","twitter_misc":{"Escrito por":"Gerson Guelmann","Est. tempo de leitura":"2 minutos"},"schema":{"@context":"https:\/\/schema.org","@graph":[{"@type":"Article","@id":"https:\/\/gersonguelmann.com.br\/blog\/a-conversa-entre-lula-e-zanin-para-rir\/#article","isPartOf":{"@id":"https:\/\/gersonguelmann.com.br\/blog\/a-conversa-entre-lula-e-zanin-para-rir\/"},"author":{"name":"Gerson Guelmann","@id":"https:\/\/gersonguelmann.com.br\/blog\/#\/schema\/person\/87e70e2a786888082f941a482c90569e"},"headline":"A Conversa Entre Lula e Zanin (Para Rir)","datePublished":"2018-05-10T20:15:21+00:00","dateModified":"2018-05-10T21:00:25+00:00","mainEntityOfPage":{"@id":"https:\/\/gersonguelmann.com.br\/blog\/a-conversa-entre-lula-e-zanin-para-rir\/"},"wordCount":357,"commentCount":0,"image":{"@id":"https:\/\/gersonguelmann.com.br\/blog\/a-conversa-entre-lula-e-zanin-para-rir\/#primaryimage"},"thumbnailUrl":"https:\/\/i0.wp.com\/gersonguelmann.com.br\/blog\/wp-content\/uploads\/2018\/05\/lula-zanin.jpeg?fit=780%2C490&ssl=1","inLanguage":"pt-BR","potentialAction":[{"@type":"CommentAction","name":"Comment","target":["https:\/\/gersonguelmann.com.br\/blog\/a-conversa-entre-lula-e-zanin-para-rir\/#respond"]}]},{"@type":"WebPage","@id":"https:\/\/gersonguelmann.com.br\/blog\/a-conversa-entre-lula-e-zanin-para-rir\/","url":"https:\/\/gersonguelmann.com.br\/blog\/a-conversa-entre-lula-e-zanin-para-rir\/","name":"A Conversa Entre Lula e Zanin (Para Rir) | Blog do Guelmann","isPartOf":{"@id":"https:\/\/gersonguelmann.com.br\/blog\/#website"},"primaryImageOfPage":{"@id":"https:\/\/gersonguelmann.com.br\/blog\/a-conversa-entre-lula-e-zanin-para-rir\/#primaryimage"},"image":{"@id":"https:\/\/gersonguelmann.com.br\/blog\/a-conversa-entre-lula-e-zanin-para-rir\/#primaryimage"},"thumbnailUrl":"https:\/\/i0.wp.com\/gersonguelmann.com.br\/blog\/wp-content\/uploads\/2018\/05\/lula-zanin.jpeg?fit=780%2C490&ssl=1","datePublished":"2018-05-10T20:15:21+00:00","dateModified":"2018-05-10T21:00:25+00:00","author":{"@id":"https:\/\/gersonguelmann.com.br\/blog\/#\/schema\/person\/87e70e2a786888082f941a482c90569e"},"inLanguage":"pt-BR","potentialAction":[{"@type":"ReadAction","target":["https:\/\/gersonguelmann.com.br\/blog\/a-conversa-entre-lula-e-zanin-para-rir\/"]}]},{"@type":"ImageObject","inLanguage":"pt-BR","@id":"https:\/\/gersonguelmann.com.br\/blog\/a-conversa-entre-lula-e-zanin-para-rir\/#primaryimage","url":"https:\/\/i0.wp.com\/gersonguelmann.com.br\/blog\/wp-content\/uploads\/2018\/05\/lula-zanin.jpeg?fit=780%2C490&ssl=1","contentUrl":"https:\/\/i0.wp.com\/gersonguelmann.com.br\/blog\/wp-content\/uploads\/2018\/05\/lula-zanin.jpeg?fit=780%2C490&ssl=1","width":780,"height":490},{"@type":"WebSite","@id":"https:\/\/gersonguelmann.com.br\/blog\/#website","url":"https:\/\/gersonguelmann.com.br\/blog\/","name":"Blog do Guelmann","description":"Pitadas da sabedoria e do humor judaicos, assuntos do momento e um pouco das hist\u00f3rias que vivi e testemunhei.","potentialAction":[{"@type":"SearchAction","target":{"@type":"EntryPoint","urlTemplate":"https:\/\/gersonguelmann.com.br\/blog\/?s={search_term_string}"},"query-input":{"@type":"PropertyValueSpecification","valueRequired":true,"valueName":"search_term_string"}}],"inLanguage":"pt-BR"},{"@type":"Person","@id":"https:\/\/gersonguelmann.com.br\/blog\/#\/schema\/person\/87e70e2a786888082f941a482c90569e","name":"Gerson Guelmann","image":{"@type":"ImageObject","inLanguage":"pt-BR","@id":"https:\/\/i0.wp.com\/gersonguelmann.com.br\/blog\/wp-content\/uploads\/2021\/08\/BLOG.jpeg?fit=96%2C96&ssl=1","url":"https:\/\/i0.wp.com\/gersonguelmann.com.br\/blog\/wp-content\/uploads\/2021\/08\/BLOG.jpeg?fit=96%2C96&ssl=1","contentUrl":"https:\/\/i0.wp.com\/gersonguelmann.com.br\/blog\/wp-content\/uploads\/2021\/08\/BLOG.jpeg?fit=96%2C96&ssl=1","caption":"Gerson Guelmann"},"description":"Pitadas da sabedoria e do humor judaicos, assuntos do momento e um pouco das hist\u00f3rias que vivi e testemunhei."}]}},"views":27,"jetpack_publicize_connections":[],"jetpack_featured_media_url":"https:\/\/i0.wp.com\/gersonguelmann.com.br\/blog\/wp-content\/uploads\/2018\/05\/lula-zanin.jpeg?fit=780%2C490&ssl=1","jetpack_shortlink":"https:\/\/wp.me\/p96e7O-3jS","jetpack-related-posts":[{"id":13869,"url":"https:\/\/gersonguelmann.com.br\/blog\/testemunha-de-lula-levou-um-pito-de-moro\/","url_meta":{"origin":12764,"position":0},"title":"Testemunha de Lula Levou Um Pito de Moro","author":"Gerson Guelmann","date":"11 de junho de 2018","format":false,"excerpt":"Foto: veja.abril.com.br Arrolado como testemunha de defesa de Lula, Fernando Morais, bi\u00f3grafo do ex-presidente, foi ouvido hoje pelo juiz federal Sergio Moro. A certa altura do depoimento o juiz interrompeu a fala do escritor por considerar que ele estava fazendo propaganda de Lula. Leia mat\u00e9ria publicada no G1 Paran\u00e1: 'O\u2026","rel":"","context":"Em &quot;Sem categoria&quot;","block_context":{"text":"Sem categoria","link":"https:\/\/gersonguelmann.com.br\/blog\/category\/sem-categoria\/"},"img":{"alt_text":"","src":"https:\/\/i0.wp.com\/gersonguelmann.com.br\/blog\/wp-content\/uploads\/2018\/06\/lula-fernando-morais-300x224.jpg?resize=350%2C200&ssl=1","width":350,"height":200},"classes":[]},{"id":11560,"url":"https:\/\/gersonguelmann.com.br\/blog\/marcelo-odebrecht-para-advogado-lula-esta-ruim-pode-piorar\/","url_meta":{"origin":12764,"position":1},"title":"Marcelo Odebrecht para Advogado de Lula: Est\u00e1 Ruim? Pode Piorar","author":"Gerson Guelmann","date":"12 de abril de 2018","format":false,"excerpt":"Momento tipo \"seria c\u00f4mico se n\u00e3o fosse tr\u00e1gico\", hoje, no depoimento de Marcelo Odebrecht ao juiz S\u00e9rgio Moro, na 13\u00aa Vara da Justi\u00e7a Federal em Curitiba. Questionado pelo advogado do r\u00e9u, Cristiano Zanin, sobre os e-mails que encontrou em seu computador pessoal ao retornar para sua casa em pris\u00e3o domiciliar,\u2026","rel":"","context":"Em &quot;Sem categoria&quot;","block_context":{"text":"Sem categoria","link":"https:\/\/gersonguelmann.com.br\/blog\/category\/sem-categoria\/"},"img":{"alt_text":"","src":"https:\/\/i0.wp.com\/gersonguelmann.com.br\/blog\/wp-content\/uploads\/2018\/04\/Pior.jpg?resize=350%2C200&ssl=1","width":350,"height":200},"classes":[]},{"id":14007,"url":"https:\/\/gersonguelmann.com.br\/blog\/o-sitio-nao-era-de-lula-mas-da-marisa-aprovou-a-planta-da-cozinha\/","url_meta":{"origin":12764,"position":2},"title":"O S\u00edtio N\u00e3o Era de Lula, Mas D\u00aa Marisa Aprovou a Planta da Cozinha","author":"Gerson Guelmann","date":"15 de junho de 2018","format":false,"excerpt":"Acabou de sair na Zero Hora: POL\u00cdTICA Arquiteta diz a Moro que apresentou a Marisa Let\u00edcia projeto de cozinha de s\u00edtio 15\/06\/2018 - 19h11min A arquiteta Maria Cec\u00edlia de Castro afirmou, em depoimento ao juiz federal S\u00e9rgio Moro, nesta sexta-feira, 15, ter apresentado \u00e0 ex-primeira-dama Marisa Let\u00edcia o projeto para\u2026","rel":"","context":"Em &quot;Sem categoria&quot;","block_context":{"text":"Sem categoria","link":"https:\/\/gersonguelmann.com.br\/blog\/category\/sem-categoria\/"},"img":{"alt_text":"","src":"https:\/\/i0.wp.com\/gersonguelmann.com.br\/blog\/wp-content\/uploads\/2018\/06\/cozinha.jpeg?resize=350%2C200&ssl=1","width":350,"height":200},"classes":[]},{"id":14578,"url":"https:\/\/gersonguelmann.com.br\/blog\/o-passo-a-passo-do-plano-para-libertar-lula\/","url_meta":{"origin":12764,"position":3},"title":"O Passo-a-Passo do Plano Para Libertar Lula","author":"Gerson Guelmann","date":"10 de julho de 2018","format":false,"excerpt":"O jornalista Ricardo Noblat, em sua coluna de hoje, trouxe um roteiro mostrando como foi a montagem do plano para permitir a sa\u00edda do Lula da pris\u00e3o em Curitiba. Acompanhe: Brasil,\u00a0Pol\u00edtica A hist\u00f3ria do golpe do PT para soltar Lula Mesmo que n\u00e3o desse certo, a Justi\u00e7a ficaria mal, como\u2026","rel":"","context":"Em &quot;Sem categoria&quot;","block_context":{"text":"Sem categoria","link":"https:\/\/gersonguelmann.com.br\/blog\/category\/sem-categoria\/"},"img":{"alt_text":"","src":"https:\/\/i0.wp.com\/gersonguelmann.com.br\/blog\/wp-content\/uploads\/2018\/07\/Plano.jpg?fit=750%2C500&ssl=1&resize=350%2C200","width":350,"height":200,"srcset":"https:\/\/i0.wp.com\/gersonguelmann.com.br\/blog\/wp-content\/uploads\/2018\/07\/Plano.jpg?fit=750%2C500&ssl=1&resize=350%2C200 1x, https:\/\/i0.wp.com\/gersonguelmann.com.br\/blog\/wp-content\/uploads\/2018\/07\/Plano.jpg?fit=750%2C500&ssl=1&resize=525%2C300 1.5x, https:\/\/i0.wp.com\/gersonguelmann.com.br\/blog\/wp-content\/uploads\/2018\/07\/Plano.jpg?fit=750%2C500&ssl=1&resize=700%2C400 2x"},"classes":[]},{"id":12057,"url":"https:\/\/gersonguelmann.com.br\/blog\/pt-quer-lula-em-quartel-do-exercito\/","url_meta":{"origin":12764,"position":4},"title":"PT Quer Lula Em Quartel do Ex\u00e9rcito","author":"Gerson Guelmann","date":"25 de abril de 2018","format":false,"excerpt":"Foto:\u00a0Ant\u00f4nio More \/ Ag\u00eancia de Not\u00edcias Gazeta do Povo Ant\u00f4nio More\/Ag\u00eancia de Not\u00edcias Gazeta do Povo Publiquei dia 11\/4: - \"O Sindicato dos Delegados da Pol\u00edcia Federal pediu a transfer\u00eancia do ex-presidente para um quartel do ex\u00e9rcito. Os Delegados justificam o pedido com a afirma\u00e7\u00e3o de que as atividades regulares\u2026","rel":"","context":"Em &quot;Sem categoria&quot;","block_context":{"text":"Sem categoria","link":"https:\/\/gersonguelmann.com.br\/blog\/category\/sem-categoria\/"},"img":{"alt_text":"","src":"https:\/\/i0.wp.com\/gersonguelmann.com.br\/blog\/wp-content\/uploads\/2018\/04\/Lula1.jpg?fit=1024%2C683&ssl=1&resize=350%2C200","width":350,"height":200,"srcset":"https:\/\/i0.wp.com\/gersonguelmann.com.br\/blog\/wp-content\/uploads\/2018\/04\/Lula1.jpg?fit=1024%2C683&ssl=1&resize=350%2C200 1x, https:\/\/i0.wp.com\/gersonguelmann.com.br\/blog\/wp-content\/uploads\/2018\/04\/Lula1.jpg?fit=1024%2C683&ssl=1&resize=525%2C300 1.5x, https:\/\/i0.wp.com\/gersonguelmann.com.br\/blog\/wp-content\/uploads\/2018\/04\/Lula1.jpg?fit=1024%2C683&ssl=1&resize=700%2C400 2x"},"classes":[]},{"id":17647,"url":"https:\/\/gersonguelmann.com.br\/blog\/operacao-salva-vidas-da-globo-envolveu-palocci-dilma-e-lula\/","url_meta":{"origin":12764,"position":5},"title":"Opera\u00e7\u00e3o Salva-Vidas da Globo Envolveu Palocci, Dilma e Lula","author":"Gerson Guelmann","date":"23 de julho de 2019","format":false,"excerpt":"Todos sabem que o falecido jornalista Paulo Henrique Amorim nutria, na mesma medida, repulsa pela antiga empregadora, a Rede Globo, e simpatia pelo PT. Quando trabalhava na Rede Record, de onde tamb\u00e9m acabou sendo demitido, fez mat\u00e9ria para o programa Domingo Espetacular, onde relatou conversa com a ex-Presidente Dilma sobre\u2026","rel":"","context":"Em &quot;Sem categoria&quot;","block_context":{"text":"Sem categoria","link":"https:\/\/gersonguelmann.com.br\/blog\/category\/sem-categoria\/"},"img":{"alt_text":"","src":"https:\/\/i0.wp.com\/gersonguelmann.com.br\/blog\/wp-content\/uploads\/2019\/07\/salva-vidas.jpg?fit=960%2C640&ssl=1&resize=350%2C200","width":350,"height":200,"srcset":"https:\/\/i0.wp.com\/gersonguelmann.com.br\/blog\/wp-content\/uploads\/2019\/07\/salva-vidas.jpg?fit=960%2C640&ssl=1&resize=350%2C200 1x, https:\/\/i0.wp.com\/gersonguelmann.com.br\/blog\/wp-content\/uploads\/2019\/07\/salva-vidas.jpg?fit=960%2C640&ssl=1&resize=525%2C300 1.5x, https:\/\/i0.wp.com\/gersonguelmann.com.br\/blog\/wp-content\/uploads\/2019\/07\/salva-vidas.jpg?fit=960%2C640&ssl=1&resize=700%2C400 2x"},"classes":[]}],"jetpack_sharing_enabled":true,"post_mailing_queue_ids":[],"_links":{"self":[{"href":"https:\/\/gersonguelmann.com.br\/blog\/wp-json\/wp\/v2\/posts\/12764","targetHints":{"allow":["GET"]}}],"collection":[{"href":"https:\/\/gersonguelmann.com.br\/blog\/wp-json\/wp\/v2\/posts"}],"about":[{"href":"https:\/\/gersonguelmann.com.br\/blog\/wp-json\/wp\/v2\/types\/post"}],"author":[{"embeddable":true,"href":"https:\/\/gersonguelmann.com.br\/blog\/wp-json\/wp\/v2\/users\/5"}],"replies":[{"embeddable":true,"href":"https:\/\/gersonguelmann.com.br\/blog\/wp-json\/wp\/v2\/comments?post=12764"}],"version-history":[{"count":0,"href":"https:\/\/gersonguelmann.com.br\/blog\/wp-json\/wp\/v2\/posts\/12764\/revisions"}],"wp:featuredmedia":[{"embeddable":true,"href":"https:\/\/gersonguelmann.com.br\/blog\/wp-json\/wp\/v2\/media\/12765"}],"wp:attachment":[{"href":"https:\/\/gersonguelmann.com.br\/blog\/wp-json\/wp\/v2\/media?parent=12764"}],"wp:term":[{"taxonomy":"category","embeddable":true,"href":"https:\/\/gersonguelmann.com.br\/blog\/wp-json\/wp\/v2\/categories?post=12764"},{"taxonomy":"post_tag","embeddable":true,"href":"https:\/\/gersonguelmann.com.br\/blog\/wp-json\/wp\/v2\/tags?post=12764"}],"curies":[{"name":"wp","href":"https:\/\/api.w.org\/{rel}","templated":true}]}}