    {"id":12768,"date":"2018-05-10T18:52:18","date_gmt":"2018-05-10T21:52:18","guid":{"rendered":"https:\/\/gersonguelmann.com.br\/blog\/?p=12768"},"modified":"2018-05-10T18:57:10","modified_gmt":"2018-05-10T21:57:10","slug":"olha-so-somos-grandes-na-inguinoranca","status":"publish","type":"post","link":"https:\/\/gersonguelmann.com.br\/blog\/olha-so-somos-grandes-na-inguinoranca\/","title":{"rendered":"Olha S\u00f3: Somos Grandes na &#8220;Inguinoran\u00e7a&#8221;"},"content":{"rendered":"<p><span style=\"color: #000000; font-family: georgia, palatino, serif; font-size: 18pt;\">Acabou de ser publicado na Superinteressante:<\/span><\/p>\n<p class=\"article-title\"><span style=\"font-size: 24pt;\"><strong><span style=\"color: #000000;\">Brasil \u00e9 o terceiro pa\u00eds mais ignorante do mundo<\/span><\/strong><\/span><\/p>\n<p class=\"article-subtitle\"><span style=\"font-size: 18pt;\"><strong><span style=\"color: #000000;\">Novo estudo feito por um instituto brit\u00e2nico mediu o que os brasileiros sabem sobre si mesmos<\/span><\/strong><\/span><\/p>\n<div class=\"article-author\"><span style=\"color: #000000; font-size: 14pt;\">Por\u00a0<span class=\"author-element\">Felipe Germano<\/span><\/span><\/div>\n<div class=\"article-date\"><span style=\"color: #000000; font-size: 14pt;\">10 maio 2018, 14h18 &#8211; Publicado em 10 dez 2015, 17h15<\/span><\/div>\n<div><\/div>\n<div>\n<p><span style=\"color: #000000; font-size: 14pt;\">Qual a porcentagem de brasileiros com acesso \u00e0 internet? As fam\u00edlias mais ricas concentram quanto da renda total do pa\u00eds? A cada 100 pessoas no Brasil, quantas vivem na zona rural?\u00a0O instituto de pesquisas brit\u00e2nico Ipsos\u00a0Mori\u00a0fez esse tipo de perguntas para brasileiros. Os palpites passaram t\u00e3o longe das repostas corretas que renderam ao Brasil o t\u00edtulo de terceiro pa\u00eds mais ignorante sobre si mesmo.<\/span><\/p>\n<p><span style=\"color: #000000; font-size: 14pt;\">O estudo\u00a0intitulado\u00a0<em>Perils of Perception<\/em>\u00a0(Perigos da Percep\u00e7\u00e3o) foi feito com 33 na\u00e7\u00f5es,\u00a0de todos os continentes. O pa\u00eds que menos sabe sobre sua pr\u00f3pria situa\u00e7\u00e3o \u00e9 o M\u00e9xico, seguido pela\u00a0\u00cdndia e sobrando\u00a0para n\u00f3s a medalha de bronze. Na outra ponta, o mais consciente do ranking foi a Coreia do Sul, em segundo ficou a Irlanda, com a Pol\u00f4nia em terceiro para fechar o p\u00f3dio.<\/span><\/p>\n<p><span style=\"color: #000000; font-size: 14pt;\">Para fazer o c\u00e1lculo, o estudo produziu 12 quest\u00f5es, e comparou as suposi\u00e7\u00f5es da popula\u00e7\u00e3o com dados reais. Os brasileiros se mostraram especialmente ruins em falar sobre idade. O pa\u00eds teve a maior margem de erro quando perguntaram a idade m\u00e9dia de seus habitantes (o palpite foi 56 \u2014 25 a mais do que os corretos 31 anos). Mas n\u00f3s\u00a0tamb\u00e9m lideramos\u00a0os erros na quest\u00e3o \u201cA cada 100 pessoas, quantas voc\u00ea acha que t\u00eam 14 anos ou menos?\u201d: a m\u00e9dia dos chutes foi 39, a resposta correta seria 24.<\/span><\/p>\n<p><span style=\"color: #000000; font-size: 14pt;\">O povo brasileiro tamb\u00e9m tem menos mulheres no poder do que imagina. Enquanto a popula\u00e7\u00e3o acreditava que 31% dos pol\u00edticos fossem mulheres, o n\u00famero de verdade \u00e9 menos que a metade disso: 14%. Outro erro de destaque foi na pergunta \u201cQual a porcentagem de imigrantes no seu pa\u00eds?\u201d. As respostas do Brasil apontavam que\u00a025% dos habitantes vieram de fora. Erramos feio. Na verdade, s\u00f3 0,3% da popula\u00e7\u00e3o \u00e9 estrangeira.<\/span><\/p>\n<p><span style=\"color: #000000; font-size: 14pt;\">A pesquisa foi feita entre os dias 1 e 16 de outubro de 2015, conversando com cerca de 1000 brasileiros. Se voc\u00ea tem certeza que tiraria uma pontua\u00e7\u00e3o melhor do que nossos conterr\u00e2neos entrevistados, pode tentar provar isso. Os organizadores da pesquisa\u00a0disponibilizaram um quiz\u00a0online, para todo mundo testar os conhecimentos sobre pr\u00f3prio pa\u00eds. Voc\u00ea pode acess\u00e1-lo\u00a0aqui\u00a0\u2014 s\u00f3 n\u00e3o vale ver as respostas antes.<\/span><\/p>\n<p><span style=\"color: #000000; font-family: georgia, palatino, serif; font-size: 18pt;\">Para ler a publica\u00e7\u00e3o original e acessar o teste, <span style=\"color: #0000ff;\"><a style=\"color: #0000ff;\" href=\"https:\/\/super.abril.com.br\/ideias\/brasil-e-o-terceiro-pais-mais-ignorante-do-mundo\/\"><em><strong>clique aqui<\/strong><\/em><\/a><\/span>.<\/span><\/p>\n<p style=\"text-align: center;\"><img data-recalc-dims=\"1\" fetchpriority=\"high\" decoding=\"async\" data-attachment-id=\"12770\" data-permalink=\"https:\/\/gersonguelmann.com.br\/blog\/olha-so-somos-grandes-na-inguinoranca\/brasil-5\/\" data-orig-file=\"https:\/\/i0.wp.com\/gersonguelmann.com.br\/blog\/wp-content\/uploads\/2018\/05\/Brasil.jpg?fit=225%2C225&amp;ssl=1\" data-orig-size=\"225,225\" data-comments-opened=\"1\" data-image-meta=\"{&quot;aperture&quot;:&quot;0&quot;,&quot;credit&quot;:&quot;&quot;,&quot;camera&quot;:&quot;&quot;,&quot;caption&quot;:&quot;&quot;,&quot;created_timestamp&quot;:&quot;0&quot;,&quot;copyright&quot;:&quot;&quot;,&quot;focal_length&quot;:&quot;0&quot;,&quot;iso&quot;:&quot;0&quot;,&quot;shutter_speed&quot;:&quot;0&quot;,&quot;title&quot;:&quot;&quot;,&quot;orientation&quot;:&quot;0&quot;}\" data-image-title=\"Brasil\" data-image-description=\"\" data-image-caption=\"\" data-medium-file=\"https:\/\/i0.wp.com\/gersonguelmann.com.br\/blog\/wp-content\/uploads\/2018\/05\/Brasil.jpg?fit=225%2C225&amp;ssl=1\" data-large-file=\"https:\/\/i0.wp.com\/gersonguelmann.com.br\/blog\/wp-content\/uploads\/2018\/05\/Brasil.jpg?fit=225%2C225&amp;ssl=1\" class=\"alignnone size-full wp-image-12770\" src=\"https:\/\/i0.wp.com\/gersonguelmann.com.br\/blog\/wp-content\/uploads\/2018\/05\/Brasil.jpg?resize=225%2C225&#038;ssl=1\" alt=\"\" width=\"225\" height=\"225\" srcset=\"https:\/\/i0.wp.com\/gersonguelmann.com.br\/blog\/wp-content\/uploads\/2018\/05\/Brasil.jpg?w=225&amp;ssl=1 225w, https:\/\/i0.wp.com\/gersonguelmann.com.br\/blog\/wp-content\/uploads\/2018\/05\/Brasil.jpg?resize=150%2C150&amp;ssl=1 150w, https:\/\/i0.wp.com\/gersonguelmann.com.br\/blog\/wp-content\/uploads\/2018\/05\/Brasil.jpg?resize=70%2C70&amp;ssl=1 70w, https:\/\/i0.wp.com\/gersonguelmann.com.br\/blog\/wp-content\/uploads\/2018\/05\/Brasil.jpg?resize=127%2C127&amp;ssl=1 127w, https:\/\/i0.wp.com\/gersonguelmann.com.br\/blog\/wp-content\/uploads\/2018\/05\/Brasil.jpg?resize=125%2C125&amp;ssl=1 125w\" sizes=\"(max-width: 225px) 100vw, 225px\" \/><\/p>\n<\/div>\n","protected":false},"excerpt":{"rendered":"<p>Acabou de ser publicado na Superinteressante: Brasil \u00e9 o terceiro pa\u00eds mais ignorante do mundo Novo estudo feito por um instituto brit\u00e2nico mediu o que os brasileiros sabem sobre si mesmos Por\u00a0Felipe Germano 10 maio 2018, 14h18 &#8211; Publicado em 10 dez 2015, 17h15 Qual a porcentagem de brasileiros com acesso \u00e0 internet? As fam\u00edlias [&hellip;]<\/p>\n","protected":false},"author":5,"featured_media":12770,"comment_status":"open","ping_status":"open","sticky":false,"template":"","format":"standard","meta":{"_acf_changed":false,"jetpack_post_was_ever_published":false,"_jetpack_newsletter_access":"","_jetpack_dont_email_post_to_subs":false,"_jetpack_newsletter_tier_id":0,"_jetpack_memberships_contains_paywalled_content":false,"_jetpack_memberships_contains_paid_content":false,"footnotes":"","jetpack_publicize_message":"","jetpack_publicize_feature_enabled":true,"jetpack_social_post_already_shared":true,"jetpack_social_options":{"image_generator_settings":{"template":"highway","default_image_id":0,"font":"","enabled":false},"version":2}},"categories":[1],"tags":[],"class_list":["post-12768","post","type-post","status-publish","format-standard","has-post-thumbnail","hentry","category-sem-categoria"],"acf":[],"yoast_head":"<!-- This site is optimized with the Yoast SEO plugin v27.3 - https:\/\/yoast.com\/product\/yoast-seo-wordpress\/ -->\n<title>Olha S\u00f3: Somos Grandes na &quot;Inguinoran\u00e7a&quot; | Blog do Guelmann<\/title>\n<meta name=\"robots\" content=\"index, follow, max-snippet:-1, max-image-preview:large, max-video-preview:-1\" \/>\n<link rel=\"canonical\" href=\"https:\/\/gersonguelmann.com.br\/blog\/olha-so-somos-grandes-na-inguinoranca\/\" \/>\n<meta property=\"og:locale\" content=\"pt_BR\" \/>\n<meta property=\"og:type\" content=\"article\" \/>\n<meta property=\"og:title\" content=\"Olha S\u00f3: Somos Grandes na &quot;Inguinoran\u00e7a&quot; | Blog do Guelmann\" \/>\n<meta property=\"og:description\" content=\"Acabou de ser publicado na Superinteressante: Brasil \u00e9 o terceiro pa\u00eds mais ignorante do mundo Novo estudo feito por um instituto brit\u00e2nico mediu o que os brasileiros sabem sobre si mesmos Por\u00a0Felipe Germano 10 maio 2018, 14h18 &#8211; Publicado em 10 dez 2015, 17h15 Qual a porcentagem de brasileiros com acesso \u00e0 internet? As fam\u00edlias [&hellip;]\" \/>\n<meta property=\"og:url\" content=\"https:\/\/gersonguelmann.com.br\/blog\/olha-so-somos-grandes-na-inguinoranca\/\" \/>\n<meta property=\"og:site_name\" content=\"Blog do Guelmann\" \/>\n<meta property=\"article:published_time\" content=\"2018-05-10T21:52:18+00:00\" \/>\n<meta property=\"article:modified_time\" content=\"2018-05-10T21:57:10+00:00\" \/>\n<meta property=\"og:image\" content=\"https:\/\/i0.wp.com\/gersonguelmann.com.br\/blog\/wp-content\/uploads\/2018\/05\/Brasil.jpg?fit=225%2C225&ssl=1\" \/>\n\t<meta property=\"og:image:width\" content=\"225\" \/>\n\t<meta property=\"og:image:height\" content=\"225\" \/>\n\t<meta property=\"og:image:type\" content=\"image\/jpeg\" \/>\n<meta name=\"author\" content=\"Gerson Guelmann\" \/>\n<meta name=\"twitter:card\" content=\"summary_large_image\" \/>\n<meta name=\"twitter:label1\" content=\"Escrito por\" \/>\n\t<meta name=\"twitter:data1\" content=\"Gerson Guelmann\" \/>\n\t<meta name=\"twitter:label2\" content=\"Est. tempo de leitura\" \/>\n\t<meta name=\"twitter:data2\" content=\"2 minutos\" \/>\n<script type=\"application\/ld+json\" class=\"yoast-schema-graph\">{\"@context\":\"https:\\\/\\\/schema.org\",\"@graph\":[{\"@type\":\"Article\",\"@id\":\"https:\\\/\\\/gersonguelmann.com.br\\\/blog\\\/olha-so-somos-grandes-na-inguinoranca\\\/#article\",\"isPartOf\":{\"@id\":\"https:\\\/\\\/gersonguelmann.com.br\\\/blog\\\/olha-so-somos-grandes-na-inguinoranca\\\/\"},\"author\":{\"name\":\"Gerson Guelmann\",\"@id\":\"https:\\\/\\\/gersonguelmann.com.br\\\/blog\\\/#\\\/schema\\\/person\\\/87e70e2a786888082f941a482c90569e\"},\"headline\":\"Olha S\u00f3: Somos Grandes na &#8220;Inguinoran\u00e7a&#8221;\",\"datePublished\":\"2018-05-10T21:52:18+00:00\",\"dateModified\":\"2018-05-10T21:57:10+00:00\",\"mainEntityOfPage\":{\"@id\":\"https:\\\/\\\/gersonguelmann.com.br\\\/blog\\\/olha-so-somos-grandes-na-inguinoranca\\\/\"},\"wordCount\":437,\"commentCount\":0,\"image\":{\"@id\":\"https:\\\/\\\/gersonguelmann.com.br\\\/blog\\\/olha-so-somos-grandes-na-inguinoranca\\\/#primaryimage\"},\"thumbnailUrl\":\"https:\\\/\\\/i0.wp.com\\\/gersonguelmann.com.br\\\/blog\\\/wp-content\\\/uploads\\\/2018\\\/05\\\/Brasil.jpg?fit=225%2C225&ssl=1\",\"inLanguage\":\"pt-BR\",\"potentialAction\":[{\"@type\":\"CommentAction\",\"name\":\"Comment\",\"target\":[\"https:\\\/\\\/gersonguelmann.com.br\\\/blog\\\/olha-so-somos-grandes-na-inguinoranca\\\/#respond\"]}]},{\"@type\":\"WebPage\",\"@id\":\"https:\\\/\\\/gersonguelmann.com.br\\\/blog\\\/olha-so-somos-grandes-na-inguinoranca\\\/\",\"url\":\"https:\\\/\\\/gersonguelmann.com.br\\\/blog\\\/olha-so-somos-grandes-na-inguinoranca\\\/\",\"name\":\"Olha S\u00f3: Somos Grandes na \\\"Inguinoran\u00e7a\\\" | Blog do Guelmann\",\"isPartOf\":{\"@id\":\"https:\\\/\\\/gersonguelmann.com.br\\\/blog\\\/#website\"},\"primaryImageOfPage\":{\"@id\":\"https:\\\/\\\/gersonguelmann.com.br\\\/blog\\\/olha-so-somos-grandes-na-inguinoranca\\\/#primaryimage\"},\"image\":{\"@id\":\"https:\\\/\\\/gersonguelmann.com.br\\\/blog\\\/olha-so-somos-grandes-na-inguinoranca\\\/#primaryimage\"},\"thumbnailUrl\":\"https:\\\/\\\/i0.wp.com\\\/gersonguelmann.com.br\\\/blog\\\/wp-content\\\/uploads\\\/2018\\\/05\\\/Brasil.jpg?fit=225%2C225&ssl=1\",\"datePublished\":\"2018-05-10T21:52:18+00:00\",\"dateModified\":\"2018-05-10T21:57:10+00:00\",\"author\":{\"@id\":\"https:\\\/\\\/gersonguelmann.com.br\\\/blog\\\/#\\\/schema\\\/person\\\/87e70e2a786888082f941a482c90569e\"},\"inLanguage\":\"pt-BR\",\"potentialAction\":[{\"@type\":\"ReadAction\",\"target\":[\"https:\\\/\\\/gersonguelmann.com.br\\\/blog\\\/olha-so-somos-grandes-na-inguinoranca\\\/\"]}]},{\"@type\":\"ImageObject\",\"inLanguage\":\"pt-BR\",\"@id\":\"https:\\\/\\\/gersonguelmann.com.br\\\/blog\\\/olha-so-somos-grandes-na-inguinoranca\\\/#primaryimage\",\"url\":\"https:\\\/\\\/i0.wp.com\\\/gersonguelmann.com.br\\\/blog\\\/wp-content\\\/uploads\\\/2018\\\/05\\\/Brasil.jpg?fit=225%2C225&ssl=1\",\"contentUrl\":\"https:\\\/\\\/i0.wp.com\\\/gersonguelmann.com.br\\\/blog\\\/wp-content\\\/uploads\\\/2018\\\/05\\\/Brasil.jpg?fit=225%2C225&ssl=1\",\"width\":225,\"height\":225},{\"@type\":\"WebSite\",\"@id\":\"https:\\\/\\\/gersonguelmann.com.br\\\/blog\\\/#website\",\"url\":\"https:\\\/\\\/gersonguelmann.com.br\\\/blog\\\/\",\"name\":\"Blog do Guelmann\",\"description\":\"Pitadas da sabedoria e do humor judaicos, assuntos do momento e um pouco das hist\u00f3rias que vivi e testemunhei.\",\"potentialAction\":[{\"@type\":\"SearchAction\",\"target\":{\"@type\":\"EntryPoint\",\"urlTemplate\":\"https:\\\/\\\/gersonguelmann.com.br\\\/blog\\\/?s={search_term_string}\"},\"query-input\":{\"@type\":\"PropertyValueSpecification\",\"valueRequired\":true,\"valueName\":\"search_term_string\"}}],\"inLanguage\":\"pt-BR\"},{\"@type\":\"Person\",\"@id\":\"https:\\\/\\\/gersonguelmann.com.br\\\/blog\\\/#\\\/schema\\\/person\\\/87e70e2a786888082f941a482c90569e\",\"name\":\"Gerson Guelmann\",\"image\":{\"@type\":\"ImageObject\",\"inLanguage\":\"pt-BR\",\"@id\":\"https:\\\/\\\/i0.wp.com\\\/gersonguelmann.com.br\\\/blog\\\/wp-content\\\/uploads\\\/2021\\\/08\\\/BLOG.jpeg?fit=96%2C96&ssl=1\",\"url\":\"https:\\\/\\\/i0.wp.com\\\/gersonguelmann.com.br\\\/blog\\\/wp-content\\\/uploads\\\/2021\\\/08\\\/BLOG.jpeg?fit=96%2C96&ssl=1\",\"contentUrl\":\"https:\\\/\\\/i0.wp.com\\\/gersonguelmann.com.br\\\/blog\\\/wp-content\\\/uploads\\\/2021\\\/08\\\/BLOG.jpeg?fit=96%2C96&ssl=1\",\"caption\":\"Gerson Guelmann\"},\"description\":\"Pitadas da sabedoria e do humor judaicos, assuntos do momento e um pouco das hist\u00f3rias que vivi e testemunhei.\"}]}<\/script>\n<!-- \/ Yoast SEO plugin. -->","yoast_head_json":{"title":"Olha S\u00f3: Somos Grandes na \"Inguinoran\u00e7a\" | Blog do Guelmann","robots":{"index":"index","follow":"follow","max-snippet":"max-snippet:-1","max-image-preview":"max-image-preview:large","max-video-preview":"max-video-preview:-1"},"canonical":"https:\/\/gersonguelmann.com.br\/blog\/olha-so-somos-grandes-na-inguinoranca\/","og_locale":"pt_BR","og_type":"article","og_title":"Olha S\u00f3: Somos Grandes na \"Inguinoran\u00e7a\" | Blog do Guelmann","og_description":"Acabou de ser publicado na Superinteressante: Brasil \u00e9 o terceiro pa\u00eds mais ignorante do mundo Novo estudo feito por um instituto brit\u00e2nico mediu o que os brasileiros sabem sobre si mesmos Por\u00a0Felipe Germano 10 maio 2018, 14h18 &#8211; Publicado em 10 dez 2015, 17h15 Qual a porcentagem de brasileiros com acesso \u00e0 internet? As fam\u00edlias [&hellip;]","og_url":"https:\/\/gersonguelmann.com.br\/blog\/olha-so-somos-grandes-na-inguinoranca\/","og_site_name":"Blog do Guelmann","article_published_time":"2018-05-10T21:52:18+00:00","article_modified_time":"2018-05-10T21:57:10+00:00","og_image":[{"width":225,"height":225,"url":"https:\/\/i0.wp.com\/gersonguelmann.com.br\/blog\/wp-content\/uploads\/2018\/05\/Brasil.jpg?fit=225%2C225&ssl=1","type":"image\/jpeg"}],"author":"Gerson Guelmann","twitter_card":"summary_large_image","twitter_misc":{"Escrito por":"Gerson Guelmann","Est. tempo de leitura":"2 minutos"},"schema":{"@context":"https:\/\/schema.org","@graph":[{"@type":"Article","@id":"https:\/\/gersonguelmann.com.br\/blog\/olha-so-somos-grandes-na-inguinoranca\/#article","isPartOf":{"@id":"https:\/\/gersonguelmann.com.br\/blog\/olha-so-somos-grandes-na-inguinoranca\/"},"author":{"name":"Gerson Guelmann","@id":"https:\/\/gersonguelmann.com.br\/blog\/#\/schema\/person\/87e70e2a786888082f941a482c90569e"},"headline":"Olha S\u00f3: Somos Grandes na &#8220;Inguinoran\u00e7a&#8221;","datePublished":"2018-05-10T21:52:18+00:00","dateModified":"2018-05-10T21:57:10+00:00","mainEntityOfPage":{"@id":"https:\/\/gersonguelmann.com.br\/blog\/olha-so-somos-grandes-na-inguinoranca\/"},"wordCount":437,"commentCount":0,"image":{"@id":"https:\/\/gersonguelmann.com.br\/blog\/olha-so-somos-grandes-na-inguinoranca\/#primaryimage"},"thumbnailUrl":"https:\/\/i0.wp.com\/gersonguelmann.com.br\/blog\/wp-content\/uploads\/2018\/05\/Brasil.jpg?fit=225%2C225&ssl=1","inLanguage":"pt-BR","potentialAction":[{"@type":"CommentAction","name":"Comment","target":["https:\/\/gersonguelmann.com.br\/blog\/olha-so-somos-grandes-na-inguinoranca\/#respond"]}]},{"@type":"WebPage","@id":"https:\/\/gersonguelmann.com.br\/blog\/olha-so-somos-grandes-na-inguinoranca\/","url":"https:\/\/gersonguelmann.com.br\/blog\/olha-so-somos-grandes-na-inguinoranca\/","name":"Olha S\u00f3: Somos Grandes na \"Inguinoran\u00e7a\" | Blog do Guelmann","isPartOf":{"@id":"https:\/\/gersonguelmann.com.br\/blog\/#website"},"primaryImageOfPage":{"@id":"https:\/\/gersonguelmann.com.br\/blog\/olha-so-somos-grandes-na-inguinoranca\/#primaryimage"},"image":{"@id":"https:\/\/gersonguelmann.com.br\/blog\/olha-so-somos-grandes-na-inguinoranca\/#primaryimage"},"thumbnailUrl":"https:\/\/i0.wp.com\/gersonguelmann.com.br\/blog\/wp-content\/uploads\/2018\/05\/Brasil.jpg?fit=225%2C225&ssl=1","datePublished":"2018-05-10T21:52:18+00:00","dateModified":"2018-05-10T21:57:10+00:00","author":{"@id":"https:\/\/gersonguelmann.com.br\/blog\/#\/schema\/person\/87e70e2a786888082f941a482c90569e"},"inLanguage":"pt-BR","potentialAction":[{"@type":"ReadAction","target":["https:\/\/gersonguelmann.com.br\/blog\/olha-so-somos-grandes-na-inguinoranca\/"]}]},{"@type":"ImageObject","inLanguage":"pt-BR","@id":"https:\/\/gersonguelmann.com.br\/blog\/olha-so-somos-grandes-na-inguinoranca\/#primaryimage","url":"https:\/\/i0.wp.com\/gersonguelmann.com.br\/blog\/wp-content\/uploads\/2018\/05\/Brasil.jpg?fit=225%2C225&ssl=1","contentUrl":"https:\/\/i0.wp.com\/gersonguelmann.com.br\/blog\/wp-content\/uploads\/2018\/05\/Brasil.jpg?fit=225%2C225&ssl=1","width":225,"height":225},{"@type":"WebSite","@id":"https:\/\/gersonguelmann.com.br\/blog\/#website","url":"https:\/\/gersonguelmann.com.br\/blog\/","name":"Blog do Guelmann","description":"Pitadas da sabedoria e do humor judaicos, assuntos do momento e um pouco das hist\u00f3rias que vivi e testemunhei.","potentialAction":[{"@type":"SearchAction","target":{"@type":"EntryPoint","urlTemplate":"https:\/\/gersonguelmann.com.br\/blog\/?s={search_term_string}"},"query-input":{"@type":"PropertyValueSpecification","valueRequired":true,"valueName":"search_term_string"}}],"inLanguage":"pt-BR"},{"@type":"Person","@id":"https:\/\/gersonguelmann.com.br\/blog\/#\/schema\/person\/87e70e2a786888082f941a482c90569e","name":"Gerson Guelmann","image":{"@type":"ImageObject","inLanguage":"pt-BR","@id":"https:\/\/i0.wp.com\/gersonguelmann.com.br\/blog\/wp-content\/uploads\/2021\/08\/BLOG.jpeg?fit=96%2C96&ssl=1","url":"https:\/\/i0.wp.com\/gersonguelmann.com.br\/blog\/wp-content\/uploads\/2021\/08\/BLOG.jpeg?fit=96%2C96&ssl=1","contentUrl":"https:\/\/i0.wp.com\/gersonguelmann.com.br\/blog\/wp-content\/uploads\/2021\/08\/BLOG.jpeg?fit=96%2C96&ssl=1","caption":"Gerson Guelmann"},"description":"Pitadas da sabedoria e do humor judaicos, assuntos do momento e um pouco das hist\u00f3rias que vivi e testemunhei."}]}},"views":29,"jetpack_publicize_connections":[],"jetpack_featured_media_url":"https:\/\/i0.wp.com\/gersonguelmann.com.br\/blog\/wp-content\/uploads\/2018\/05\/Brasil.jpg?fit=225%2C225&ssl=1","jetpack_shortlink":"https:\/\/wp.me\/p96e7O-3jW","jetpack-related-posts":[{"id":21754,"url":"https:\/\/gersonguelmann.com.br\/blog\/em-israel-a-pergunta-o-que-os-brasileiros-vieram-fazer-aqui\/","url_meta":{"origin":12768,"position":0},"title":"Em Israel, a Pergunta: O Que Os Brasileiros Vieram Fazer Aqui?","author":"Gerson Guelmann","date":"13 de mar\u00e7o de 2021","format":false,"excerpt":"Voc\u00ea j\u00e1 teve ter ouvido falar em \"manobra diversionista\". Diversionismo, segundo o dicion\u00e1rio que consultei, \u00e9 \"uma manobra ou estrat\u00e9gia usada para desviar a aten\u00e7\u00e3o do que est\u00e1 em discuss\u00e3o, geralmente em contextos pol\u00edticos; aquilo que serve para enganar ou esconder = cortina de fuma\u00e7a\" (*) Essa foi a palavra\u2026","rel":"","context":"Em &quot;Sem categoria&quot;","block_context":{"text":"Sem categoria","link":"https:\/\/gersonguelmann.com.br\/blog\/category\/sem-categoria\/"},"img":{"alt_text":"","src":"https:\/\/i0.wp.com\/gersonguelmann.com.br\/blog\/wp-content\/uploads\/2021\/03\/AnyConv.com__DK.jpeg?fit=1024%2C638&ssl=1&resize=350%2C200","width":350,"height":200,"srcset":"https:\/\/i0.wp.com\/gersonguelmann.com.br\/blog\/wp-content\/uploads\/2021\/03\/AnyConv.com__DK.jpeg?fit=1024%2C638&ssl=1&resize=350%2C200 1x, https:\/\/i0.wp.com\/gersonguelmann.com.br\/blog\/wp-content\/uploads\/2021\/03\/AnyConv.com__DK.jpeg?fit=1024%2C638&ssl=1&resize=525%2C300 1.5x, https:\/\/i0.wp.com\/gersonguelmann.com.br\/blog\/wp-content\/uploads\/2021\/03\/AnyConv.com__DK.jpeg?fit=1024%2C638&ssl=1&resize=700%2C400 2x"},"classes":[]},{"id":20261,"url":"https:\/\/gersonguelmann.com.br\/blog\/voce-tem-medo-da-vacina-chinesa\/","url_meta":{"origin":12768,"position":1},"title":"Voc\u00ea Tem Medo da Vacina Chinesa?","author":"Gerson Guelmann","date":"10 de dezembro de 2020","format":false,"excerpt":"Vacina. Provavelmente essa palavra \u00e9 a mais falada e mais pesquisada nos dias de hoje, em todo o mundo. No Brasil ela carrega consigo um peso a mais, diante das discuss\u00f5es sobre a possibilidade de disponibiliza\u00e7\u00e3o da \"Coronavac\", que est\u00e1 sendo desenvolvida pela parceria da chinesa Sinovac com o Instituto\u2026","rel":"","context":"Em &quot;Sem categoria&quot;","block_context":{"text":"Sem categoria","link":"https:\/\/gersonguelmann.com.br\/blog\/category\/sem-categoria\/"},"img":{"alt_text":"","src":"https:\/\/i0.wp.com\/gersonguelmann.com.br\/blog\/wp-content\/uploads\/2020\/12\/CHINA.jpeg?fit=1124%2C750&ssl=1&resize=350%2C200","width":350,"height":200,"srcset":"https:\/\/i0.wp.com\/gersonguelmann.com.br\/blog\/wp-content\/uploads\/2020\/12\/CHINA.jpeg?fit=1124%2C750&ssl=1&resize=350%2C200 1x, https:\/\/i0.wp.com\/gersonguelmann.com.br\/blog\/wp-content\/uploads\/2020\/12\/CHINA.jpeg?fit=1124%2C750&ssl=1&resize=525%2C300 1.5x, https:\/\/i0.wp.com\/gersonguelmann.com.br\/blog\/wp-content\/uploads\/2020\/12\/CHINA.jpeg?fit=1124%2C750&ssl=1&resize=700%2C400 2x, https:\/\/i0.wp.com\/gersonguelmann.com.br\/blog\/wp-content\/uploads\/2020\/12\/CHINA.jpeg?fit=1124%2C750&ssl=1&resize=1050%2C600 3x"},"classes":[]},{"id":13165,"url":"https:\/\/gersonguelmann.com.br\/blog\/o-brasil-na-1a-guerra-mundial-1914-1918\/","url_meta":{"origin":12768,"position":2},"title":"O Brasil na 1\u00aa Guerra Mundial (1914-1918)","author":"Gerson Guelmann","date":"22 de maio de 2018","format":false,"excerpt":"Esta semana dois amigos me mandaram um texto extremamente interessante, que trata da participa\u00e7\u00e3o do Brasil na 1\u00aa Guerra Mundial. Na internet verifiquei que \u00e9 de autoria de Maria Tereza Mendes e foi publicado no Blog do Percival Puggina. Compartilho porque vale a pena conhecer a hist\u00f3ria: N\u00d3S TAMB\u00c9M TEMOS\u2026","rel":"","context":"Em &quot;Sem categoria&quot;","block_context":{"text":"Sem categoria","link":"https:\/\/gersonguelmann.com.br\/blog\/category\/sem-categoria\/"},"img":{"alt_text":"","src":"https:\/\/i0.wp.com\/gersonguelmann.com.br\/blog\/wp-content\/uploads\/2018\/05\/Placa.jpg?fit=1024%2C630&ssl=1&resize=350%2C200","width":350,"height":200,"srcset":"https:\/\/i0.wp.com\/gersonguelmann.com.br\/blog\/wp-content\/uploads\/2018\/05\/Placa.jpg?fit=1024%2C630&ssl=1&resize=350%2C200 1x, https:\/\/i0.wp.com\/gersonguelmann.com.br\/blog\/wp-content\/uploads\/2018\/05\/Placa.jpg?fit=1024%2C630&ssl=1&resize=525%2C300 1.5x, https:\/\/i0.wp.com\/gersonguelmann.com.br\/blog\/wp-content\/uploads\/2018\/05\/Placa.jpg?fit=1024%2C630&ssl=1&resize=700%2C400 2x"},"classes":[]},{"id":15276,"url":"https:\/\/gersonguelmann.com.br\/blog\/no-nordeste-do-brasil-seca-fome-pobreza-em-israel-metade-da-producao-agricola-e-de-agua-de-reuso\/","url_meta":{"origin":12768,"position":3},"title":"No Nordeste do Brasil, Sede, Fome e Pobreza. Em Israel, Metade da Produ\u00e7\u00e3o Agr\u00edcola \u00e9 de \u00c1gua de Reuso.","author":"Gerson Guelmann","date":"24 de novembro de 2018","format":false,"excerpt":"Acabo de ouvir no notici\u00e1rio que em Alagoas a crise da falta de \u00e1gua no sert\u00e3o est\u00e1 for\u00e7ando o governo a retomar a opera\u00e7\u00e3o dos caminh\u00f5es-pipa para abastecer os munic\u00edpios que est\u00e3o com decreto de emerg\u00eancia. A situa\u00e7\u00e3o que se repete desde sempre \u00e9 uma das mais cru\u00e9is e vergonhosas\u2026","rel":"","context":"Em &quot;Sem categoria&quot;","block_context":{"text":"Sem categoria","link":"https:\/\/gersonguelmann.com.br\/blog\/category\/sem-categoria\/"},"img":{"alt_text":"","src":"https:\/\/i0.wp.com\/gersonguelmann.com.br\/blog\/wp-content\/uploads\/2018\/11\/IMG_5783-1.jpg?fit=1200%2C674&ssl=1&resize=350%2C200","width":350,"height":200,"srcset":"https:\/\/i0.wp.com\/gersonguelmann.com.br\/blog\/wp-content\/uploads\/2018\/11\/IMG_5783-1.jpg?fit=1200%2C674&ssl=1&resize=350%2C200 1x, https:\/\/i0.wp.com\/gersonguelmann.com.br\/blog\/wp-content\/uploads\/2018\/11\/IMG_5783-1.jpg?fit=1200%2C674&ssl=1&resize=525%2C300 1.5x, https:\/\/i0.wp.com\/gersonguelmann.com.br\/blog\/wp-content\/uploads\/2018\/11\/IMG_5783-1.jpg?fit=1200%2C674&ssl=1&resize=700%2C400 2x, https:\/\/i0.wp.com\/gersonguelmann.com.br\/blog\/wp-content\/uploads\/2018\/11\/IMG_5783-1.jpg?fit=1200%2C674&ssl=1&resize=1050%2C600 3x"},"classes":[]},{"id":21647,"url":"https:\/\/gersonguelmann.com.br\/blog\/o-boticario-quando-a-empresa-vai-muito-alem\/","url_meta":{"origin":12768,"position":4},"title":"O Botic\u00e1rio: Quando a Empresa Vai Muito Al\u00e9m","author":"Gerson Guelmann","date":"25 de fevereiro de 2021","format":false,"excerpt":"Dias atr\u00e1s li mat\u00e9ria sobre uma iniciativa do Grupo Botic\u00e1rio relacionada \u00e0 Sustentabilidade que achei fant\u00e1stica. Deixei o artigo arquivado para compartilhar mais tarde, mas antes que o fizesse me deparei com outra iniciativa da mesma marca, agora no apoio \u00e0 um projeto relacionado ao combate ao Coronavirus. Quem conhece\u2026","rel":"","context":"Em &quot;Sem categoria&quot;","block_context":{"text":"Sem categoria","link":"https:\/\/gersonguelmann.com.br\/blog\/category\/sem-categoria\/"},"img":{"alt_text":"","src":"https:\/\/i0.wp.com\/gersonguelmann.com.br\/blog\/wp-content\/uploads\/2021\/02\/AnyConv.com__BOTICARIO.jpg?fit=630%2C445&ssl=1&resize=350%2C200","width":350,"height":200,"srcset":"https:\/\/i0.wp.com\/gersonguelmann.com.br\/blog\/wp-content\/uploads\/2021\/02\/AnyConv.com__BOTICARIO.jpg?fit=630%2C445&ssl=1&resize=350%2C200 1x, https:\/\/i0.wp.com\/gersonguelmann.com.br\/blog\/wp-content\/uploads\/2021\/02\/AnyConv.com__BOTICARIO.jpg?fit=630%2C445&ssl=1&resize=525%2C300 1.5x"},"classes":[]},{"id":21907,"url":"https:\/\/gersonguelmann.com.br\/blog\/vacinas-no-dia-da-mentira-a-verdade\/","url_meta":{"origin":12768,"position":5},"title":"Vacinas: no Dia da Mentira, a Verdade","author":"Gerson Guelmann","date":"1 de abril de 2021","format":false,"excerpt":"O que aconteceria se o Governo brasileiro tivesse aceitado em Agosto de 2020 a proposta de compra da vacina da Pfizer?\u00a0 Em artigo publicado na revista Veja, o Dr. Salmo Raskin estabelece uma \"linha do tempo\" sobre as negocia\u00e7\u00f5es do governo brasileiro para aquisi\u00e7\u00e3o desse medicamento. Antes, para quem n\u00e3o\u2026","rel":"","context":"Em &quot;Sem categoria&quot;","block_context":{"text":"Sem categoria","link":"https:\/\/gersonguelmann.com.br\/blog\/category\/sem-categoria\/"},"img":{"alt_text":"","src":"https:\/\/i0.wp.com\/gersonguelmann.com.br\/blog\/wp-content\/uploads\/2021\/04\/covid-19-vaccine-5902833_1920.jpg?fit=1200%2C675&ssl=1&resize=350%2C200","width":350,"height":200,"srcset":"https:\/\/i0.wp.com\/gersonguelmann.com.br\/blog\/wp-content\/uploads\/2021\/04\/covid-19-vaccine-5902833_1920.jpg?fit=1200%2C675&ssl=1&resize=350%2C200 1x, https:\/\/i0.wp.com\/gersonguelmann.com.br\/blog\/wp-content\/uploads\/2021\/04\/covid-19-vaccine-5902833_1920.jpg?fit=1200%2C675&ssl=1&resize=525%2C300 1.5x, https:\/\/i0.wp.com\/gersonguelmann.com.br\/blog\/wp-content\/uploads\/2021\/04\/covid-19-vaccine-5902833_1920.jpg?fit=1200%2C675&ssl=1&resize=700%2C400 2x, https:\/\/i0.wp.com\/gersonguelmann.com.br\/blog\/wp-content\/uploads\/2021\/04\/covid-19-vaccine-5902833_1920.jpg?fit=1200%2C675&ssl=1&resize=1050%2C600 3x"},"classes":[]}],"jetpack_sharing_enabled":true,"post_mailing_queue_ids":[],"_links":{"self":[{"href":"https:\/\/gersonguelmann.com.br\/blog\/wp-json\/wp\/v2\/posts\/12768","targetHints":{"allow":["GET"]}}],"collection":[{"href":"https:\/\/gersonguelmann.com.br\/blog\/wp-json\/wp\/v2\/posts"}],"about":[{"href":"https:\/\/gersonguelmann.com.br\/blog\/wp-json\/wp\/v2\/types\/post"}],"author":[{"embeddable":true,"href":"https:\/\/gersonguelmann.com.br\/blog\/wp-json\/wp\/v2\/users\/5"}],"replies":[{"embeddable":true,"href":"https:\/\/gersonguelmann.com.br\/blog\/wp-json\/wp\/v2\/comments?post=12768"}],"version-history":[{"count":0,"href":"https:\/\/gersonguelmann.com.br\/blog\/wp-json\/wp\/v2\/posts\/12768\/revisions"}],"wp:featuredmedia":[{"embeddable":true,"href":"https:\/\/gersonguelmann.com.br\/blog\/wp-json\/wp\/v2\/media\/12770"}],"wp:attachment":[{"href":"https:\/\/gersonguelmann.com.br\/blog\/wp-json\/wp\/v2\/media?parent=12768"}],"wp:term":[{"taxonomy":"category","embeddable":true,"href":"https:\/\/gersonguelmann.com.br\/blog\/wp-json\/wp\/v2\/categories?post=12768"},{"taxonomy":"post_tag","embeddable":true,"href":"https:\/\/gersonguelmann.com.br\/blog\/wp-json\/wp\/v2\/tags?post=12768"}],"curies":[{"name":"wp","href":"https:\/\/api.w.org\/{rel}","templated":true}]}}