    {"id":12774,"date":"2018-05-10T19:36:56","date_gmt":"2018-05-10T22:36:56","guid":{"rendered":"https:\/\/gersonguelmann.com.br\/blog\/?p=12774"},"modified":"2018-05-10T19:36:56","modified_gmt":"2018-05-10T22:36:56","slug":"comercial-homenageia-maes-sem-gravidas-e-sem-bebes-pode","status":"publish","type":"post","link":"https:\/\/gersonguelmann.com.br\/blog\/comercial-homenageia-maes-sem-gravidas-e-sem-bebes-pode\/","title":{"rendered":"Comercial Homenageia M\u00e3es, Sem Gr\u00e1vidas e Sem Beb\u00eas, Pode?"},"content":{"rendered":"<p style=\"text-align: center;\"><img data-recalc-dims=\"1\" fetchpriority=\"high\" decoding=\"async\" data-attachment-id=\"12776\" data-permalink=\"https:\/\/gersonguelmann.com.br\/blog\/comercial-homenageia-maes-sem-gravidas-e-sem-bebes-pode\/pexels-photo-64263\/\" data-orig-file=\"https:\/\/i0.wp.com\/gersonguelmann.com.br\/blog\/wp-content\/uploads\/2018\/05\/pexels-photo-64263.jpeg?fit=1880%2C1253&amp;ssl=1\" data-orig-size=\"1880,1253\" data-comments-opened=\"1\" data-image-meta=\"{&quot;aperture&quot;:&quot;0&quot;,&quot;credit&quot;:&quot;&quot;,&quot;camera&quot;:&quot;&quot;,&quot;caption&quot;:&quot;&quot;,&quot;created_timestamp&quot;:&quot;0&quot;,&quot;copyright&quot;:&quot;&quot;,&quot;focal_length&quot;:&quot;0&quot;,&quot;iso&quot;:&quot;0&quot;,&quot;shutter_speed&quot;:&quot;0&quot;,&quot;title&quot;:&quot;&quot;,&quot;orientation&quot;:&quot;0&quot;}\" data-image-title=\"pexels-photo-64263\" data-image-description=\"\" data-image-caption=\"\" data-medium-file=\"https:\/\/i0.wp.com\/gersonguelmann.com.br\/blog\/wp-content\/uploads\/2018\/05\/pexels-photo-64263.jpeg?fit=300%2C200&amp;ssl=1\" data-large-file=\"https:\/\/i0.wp.com\/gersonguelmann.com.br\/blog\/wp-content\/uploads\/2018\/05\/pexels-photo-64263.jpeg?fit=640%2C426&amp;ssl=1\" class=\"alignnone size-medium wp-image-12776\" src=\"https:\/\/i0.wp.com\/gersonguelmann.com.br\/blog\/wp-content\/uploads\/2018\/05\/pexels-photo-64263.jpeg?resize=300%2C200&#038;ssl=1\" alt=\"\" width=\"300\" height=\"200\" srcset=\"https:\/\/i0.wp.com\/gersonguelmann.com.br\/blog\/wp-content\/uploads\/2018\/05\/pexels-photo-64263.jpeg?resize=300%2C200&amp;ssl=1 300w, https:\/\/i0.wp.com\/gersonguelmann.com.br\/blog\/wp-content\/uploads\/2018\/05\/pexels-photo-64263.jpeg?resize=768%2C512&amp;ssl=1 768w, https:\/\/i0.wp.com\/gersonguelmann.com.br\/blog\/wp-content\/uploads\/2018\/05\/pexels-photo-64263.jpeg?resize=1024%2C682&amp;ssl=1 1024w, https:\/\/i0.wp.com\/gersonguelmann.com.br\/blog\/wp-content\/uploads\/2018\/05\/pexels-photo-64263.jpeg?resize=750%2C500&amp;ssl=1 750w, https:\/\/i0.wp.com\/gersonguelmann.com.br\/blog\/wp-content\/uploads\/2018\/05\/pexels-photo-64263.jpeg?w=1880&amp;ssl=1 1880w, https:\/\/i0.wp.com\/gersonguelmann.com.br\/blog\/wp-content\/uploads\/2018\/05\/pexels-photo-64263.jpeg?w=1280&amp;ssl=1 1280w\" sizes=\"(max-width: 300px) 100vw, 300px\" \/><\/p>\n<p><span style=\"font-family: georgia, palatino, serif; font-size: 18pt; color: #000000;\">A prova de que a criatividade dos publicit\u00e1rios supera os desafios est\u00e1 no comercial que o Amaciante Yp\u00ea fez ano passado para homenagear as m\u00e3es.<\/span><\/p>\n<p><span style=\"font-family: georgia, palatino, serif; font-size: 18pt; color: #000000;\">Ao contr\u00e1rio do que estamos acostumados a ver, n\u00e3o aparece nenhuma mulher gr\u00e1vida e nenhum beb\u00ea.<\/span><\/p>\n<p><span style=\"font-family: georgia, palatino, serif; font-size: 18pt; color: #000000;\">Assista.<\/span><\/p>\n<p><span class=\"embed-youtube\" style=\"text-align:center; display: block;\"><iframe class=\"youtube-player\" width=\"640\" height=\"360\" src=\"https:\/\/www.youtube.com\/embed\/LQ3NgHR4qsM?version=3&#038;rel=1&#038;showsearch=0&#038;showinfo=1&#038;iv_load_policy=1&#038;fs=1&#038;hl=pt-BR&#038;autohide=2&#038;wmode=transparent\" allowfullscreen=\"true\" style=\"border:0;\" sandbox=\"allow-scripts allow-same-origin allow-popups allow-presentation allow-popups-to-escape-sandbox\"><\/iframe><\/span><\/p>\n","protected":false},"excerpt":{"rendered":"<p>A prova de que a criatividade dos publicit\u00e1rios supera os desafios est\u00e1 no comercial que o Amaciante Yp\u00ea fez ano passado para homenagear as m\u00e3es. Ao contr\u00e1rio do que estamos acostumados a ver, n\u00e3o aparece nenhuma mulher gr\u00e1vida e nenhum beb\u00ea. Assista.<\/p>\n","protected":false},"author":5,"featured_media":12776,"comment_status":"open","ping_status":"open","sticky":false,"template":"","format":"standard","meta":{"_acf_changed":false,"jetpack_post_was_ever_published":false,"_jetpack_newsletter_access":"","_jetpack_dont_email_post_to_subs":false,"_jetpack_newsletter_tier_id":0,"_jetpack_memberships_contains_paywalled_content":false,"_jetpack_memberships_contains_paid_content":false,"footnotes":"","jetpack_publicize_message":"","jetpack_publicize_feature_enabled":true,"jetpack_social_post_already_shared":true,"jetpack_social_options":{"image_generator_settings":{"template":"highway","default_image_id":0,"font":"","enabled":false},"version":2}},"categories":[1],"tags":[],"class_list":["post-12774","post","type-post","status-publish","format-standard","has-post-thumbnail","hentry","category-sem-categoria"],"acf":[],"yoast_head":"<!-- This site is optimized with the Yoast SEO plugin v27.3 - https:\/\/yoast.com\/product\/yoast-seo-wordpress\/ -->\n<title>Comercial Homenageia M\u00e3es, Sem Gr\u00e1vidas e Sem Beb\u00eas, Pode? | Blog do Guelmann<\/title>\n<meta name=\"robots\" content=\"index, follow, max-snippet:-1, max-image-preview:large, max-video-preview:-1\" \/>\n<link rel=\"canonical\" href=\"https:\/\/gersonguelmann.com.br\/blog\/comercial-homenageia-maes-sem-gravidas-e-sem-bebes-pode\/\" \/>\n<meta property=\"og:locale\" content=\"pt_BR\" \/>\n<meta property=\"og:type\" content=\"article\" \/>\n<meta property=\"og:title\" content=\"Comercial Homenageia M\u00e3es, Sem Gr\u00e1vidas e Sem Beb\u00eas, Pode? | Blog do Guelmann\" \/>\n<meta property=\"og:description\" content=\"A prova de que a criatividade dos publicit\u00e1rios supera os desafios est\u00e1 no comercial que o Amaciante Yp\u00ea fez ano passado para homenagear as m\u00e3es. Ao contr\u00e1rio do que estamos acostumados a ver, n\u00e3o aparece nenhuma mulher gr\u00e1vida e nenhum beb\u00ea. Assista.\" \/>\n<meta property=\"og:url\" content=\"https:\/\/gersonguelmann.com.br\/blog\/comercial-homenageia-maes-sem-gravidas-e-sem-bebes-pode\/\" \/>\n<meta property=\"og:site_name\" content=\"Blog do Guelmann\" \/>\n<meta property=\"article:published_time\" content=\"2018-05-10T22:36:56+00:00\" \/>\n<meta property=\"og:image\" content=\"https:\/\/i0.wp.com\/gersonguelmann.com.br\/blog\/wp-content\/uploads\/2018\/05\/pexels-photo-64263.jpeg?fit=1880%2C1253&ssl=1\" \/>\n\t<meta property=\"og:image:width\" content=\"1880\" \/>\n\t<meta property=\"og:image:height\" content=\"1253\" \/>\n\t<meta property=\"og:image:type\" content=\"image\/jpeg\" \/>\n<meta name=\"author\" content=\"Gerson Guelmann\" \/>\n<meta name=\"twitter:card\" content=\"summary_large_image\" \/>\n<meta name=\"twitter:label1\" content=\"Escrito por\" \/>\n\t<meta name=\"twitter:data1\" content=\"Gerson Guelmann\" \/>\n<script type=\"application\/ld+json\" class=\"yoast-schema-graph\">{\"@context\":\"https:\\\/\\\/schema.org\",\"@graph\":[{\"@type\":\"Article\",\"@id\":\"https:\\\/\\\/gersonguelmann.com.br\\\/blog\\\/comercial-homenageia-maes-sem-gravidas-e-sem-bebes-pode\\\/#article\",\"isPartOf\":{\"@id\":\"https:\\\/\\\/gersonguelmann.com.br\\\/blog\\\/comercial-homenageia-maes-sem-gravidas-e-sem-bebes-pode\\\/\"},\"author\":{\"name\":\"Gerson Guelmann\",\"@id\":\"https:\\\/\\\/gersonguelmann.com.br\\\/blog\\\/#\\\/schema\\\/person\\\/87e70e2a786888082f941a482c90569e\"},\"headline\":\"Comercial Homenageia M\u00e3es, Sem Gr\u00e1vidas e Sem Beb\u00eas, Pode?\",\"datePublished\":\"2018-05-10T22:36:56+00:00\",\"mainEntityOfPage\":{\"@id\":\"https:\\\/\\\/gersonguelmann.com.br\\\/blog\\\/comercial-homenageia-maes-sem-gravidas-e-sem-bebes-pode\\\/\"},\"wordCount\":68,\"commentCount\":0,\"image\":{\"@id\":\"https:\\\/\\\/gersonguelmann.com.br\\\/blog\\\/comercial-homenageia-maes-sem-gravidas-e-sem-bebes-pode\\\/#primaryimage\"},\"thumbnailUrl\":\"https:\\\/\\\/i0.wp.com\\\/gersonguelmann.com.br\\\/blog\\\/wp-content\\\/uploads\\\/2018\\\/05\\\/pexels-photo-64263.jpeg?fit=1880%2C1253&ssl=1\",\"inLanguage\":\"pt-BR\",\"potentialAction\":[{\"@type\":\"CommentAction\",\"name\":\"Comment\",\"target\":[\"https:\\\/\\\/gersonguelmann.com.br\\\/blog\\\/comercial-homenageia-maes-sem-gravidas-e-sem-bebes-pode\\\/#respond\"]}]},{\"@type\":\"WebPage\",\"@id\":\"https:\\\/\\\/gersonguelmann.com.br\\\/blog\\\/comercial-homenageia-maes-sem-gravidas-e-sem-bebes-pode\\\/\",\"url\":\"https:\\\/\\\/gersonguelmann.com.br\\\/blog\\\/comercial-homenageia-maes-sem-gravidas-e-sem-bebes-pode\\\/\",\"name\":\"Comercial Homenageia M\u00e3es, Sem Gr\u00e1vidas e Sem Beb\u00eas, Pode? | Blog do Guelmann\",\"isPartOf\":{\"@id\":\"https:\\\/\\\/gersonguelmann.com.br\\\/blog\\\/#website\"},\"primaryImageOfPage\":{\"@id\":\"https:\\\/\\\/gersonguelmann.com.br\\\/blog\\\/comercial-homenageia-maes-sem-gravidas-e-sem-bebes-pode\\\/#primaryimage\"},\"image\":{\"@id\":\"https:\\\/\\\/gersonguelmann.com.br\\\/blog\\\/comercial-homenageia-maes-sem-gravidas-e-sem-bebes-pode\\\/#primaryimage\"},\"thumbnailUrl\":\"https:\\\/\\\/i0.wp.com\\\/gersonguelmann.com.br\\\/blog\\\/wp-content\\\/uploads\\\/2018\\\/05\\\/pexels-photo-64263.jpeg?fit=1880%2C1253&ssl=1\",\"datePublished\":\"2018-05-10T22:36:56+00:00\",\"author\":{\"@id\":\"https:\\\/\\\/gersonguelmann.com.br\\\/blog\\\/#\\\/schema\\\/person\\\/87e70e2a786888082f941a482c90569e\"},\"inLanguage\":\"pt-BR\",\"potentialAction\":[{\"@type\":\"ReadAction\",\"target\":[\"https:\\\/\\\/gersonguelmann.com.br\\\/blog\\\/comercial-homenageia-maes-sem-gravidas-e-sem-bebes-pode\\\/\"]}]},{\"@type\":\"ImageObject\",\"inLanguage\":\"pt-BR\",\"@id\":\"https:\\\/\\\/gersonguelmann.com.br\\\/blog\\\/comercial-homenageia-maes-sem-gravidas-e-sem-bebes-pode\\\/#primaryimage\",\"url\":\"https:\\\/\\\/i0.wp.com\\\/gersonguelmann.com.br\\\/blog\\\/wp-content\\\/uploads\\\/2018\\\/05\\\/pexels-photo-64263.jpeg?fit=1880%2C1253&ssl=1\",\"contentUrl\":\"https:\\\/\\\/i0.wp.com\\\/gersonguelmann.com.br\\\/blog\\\/wp-content\\\/uploads\\\/2018\\\/05\\\/pexels-photo-64263.jpeg?fit=1880%2C1253&ssl=1\",\"width\":1880,\"height\":1253},{\"@type\":\"WebSite\",\"@id\":\"https:\\\/\\\/gersonguelmann.com.br\\\/blog\\\/#website\",\"url\":\"https:\\\/\\\/gersonguelmann.com.br\\\/blog\\\/\",\"name\":\"Blog do Guelmann\",\"description\":\"Pitadas da sabedoria e do humor judaicos, assuntos do momento e um pouco das hist\u00f3rias que vivi e testemunhei.\",\"potentialAction\":[{\"@type\":\"SearchAction\",\"target\":{\"@type\":\"EntryPoint\",\"urlTemplate\":\"https:\\\/\\\/gersonguelmann.com.br\\\/blog\\\/?s={search_term_string}\"},\"query-input\":{\"@type\":\"PropertyValueSpecification\",\"valueRequired\":true,\"valueName\":\"search_term_string\"}}],\"inLanguage\":\"pt-BR\"},{\"@type\":\"Person\",\"@id\":\"https:\\\/\\\/gersonguelmann.com.br\\\/blog\\\/#\\\/schema\\\/person\\\/87e70e2a786888082f941a482c90569e\",\"name\":\"Gerson Guelmann\",\"image\":{\"@type\":\"ImageObject\",\"inLanguage\":\"pt-BR\",\"@id\":\"https:\\\/\\\/i0.wp.com\\\/gersonguelmann.com.br\\\/blog\\\/wp-content\\\/uploads\\\/2021\\\/08\\\/BLOG.jpeg?fit=96%2C96&ssl=1\",\"url\":\"https:\\\/\\\/i0.wp.com\\\/gersonguelmann.com.br\\\/blog\\\/wp-content\\\/uploads\\\/2021\\\/08\\\/BLOG.jpeg?fit=96%2C96&ssl=1\",\"contentUrl\":\"https:\\\/\\\/i0.wp.com\\\/gersonguelmann.com.br\\\/blog\\\/wp-content\\\/uploads\\\/2021\\\/08\\\/BLOG.jpeg?fit=96%2C96&ssl=1\",\"caption\":\"Gerson Guelmann\"},\"description\":\"Pitadas da sabedoria e do humor judaicos, assuntos do momento e um pouco das hist\u00f3rias que vivi e testemunhei.\"}]}<\/script>\n<!-- \/ Yoast SEO plugin. -->","yoast_head_json":{"title":"Comercial Homenageia M\u00e3es, Sem Gr\u00e1vidas e Sem Beb\u00eas, Pode? | Blog do Guelmann","robots":{"index":"index","follow":"follow","max-snippet":"max-snippet:-1","max-image-preview":"max-image-preview:large","max-video-preview":"max-video-preview:-1"},"canonical":"https:\/\/gersonguelmann.com.br\/blog\/comercial-homenageia-maes-sem-gravidas-e-sem-bebes-pode\/","og_locale":"pt_BR","og_type":"article","og_title":"Comercial Homenageia M\u00e3es, Sem Gr\u00e1vidas e Sem Beb\u00eas, Pode? | Blog do Guelmann","og_description":"A prova de que a criatividade dos publicit\u00e1rios supera os desafios est\u00e1 no comercial que o Amaciante Yp\u00ea fez ano passado para homenagear as m\u00e3es. Ao contr\u00e1rio do que estamos acostumados a ver, n\u00e3o aparece nenhuma mulher gr\u00e1vida e nenhum beb\u00ea. Assista.","og_url":"https:\/\/gersonguelmann.com.br\/blog\/comercial-homenageia-maes-sem-gravidas-e-sem-bebes-pode\/","og_site_name":"Blog do Guelmann","article_published_time":"2018-05-10T22:36:56+00:00","og_image":[{"width":1880,"height":1253,"url":"https:\/\/i0.wp.com\/gersonguelmann.com.br\/blog\/wp-content\/uploads\/2018\/05\/pexels-photo-64263.jpeg?fit=1880%2C1253&ssl=1","type":"image\/jpeg"}],"author":"Gerson Guelmann","twitter_card":"summary_large_image","twitter_misc":{"Escrito por":"Gerson Guelmann"},"schema":{"@context":"https:\/\/schema.org","@graph":[{"@type":"Article","@id":"https:\/\/gersonguelmann.com.br\/blog\/comercial-homenageia-maes-sem-gravidas-e-sem-bebes-pode\/#article","isPartOf":{"@id":"https:\/\/gersonguelmann.com.br\/blog\/comercial-homenageia-maes-sem-gravidas-e-sem-bebes-pode\/"},"author":{"name":"Gerson Guelmann","@id":"https:\/\/gersonguelmann.com.br\/blog\/#\/schema\/person\/87e70e2a786888082f941a482c90569e"},"headline":"Comercial Homenageia M\u00e3es, Sem Gr\u00e1vidas e Sem Beb\u00eas, Pode?","datePublished":"2018-05-10T22:36:56+00:00","mainEntityOfPage":{"@id":"https:\/\/gersonguelmann.com.br\/blog\/comercial-homenageia-maes-sem-gravidas-e-sem-bebes-pode\/"},"wordCount":68,"commentCount":0,"image":{"@id":"https:\/\/gersonguelmann.com.br\/blog\/comercial-homenageia-maes-sem-gravidas-e-sem-bebes-pode\/#primaryimage"},"thumbnailUrl":"https:\/\/i0.wp.com\/gersonguelmann.com.br\/blog\/wp-content\/uploads\/2018\/05\/pexels-photo-64263.jpeg?fit=1880%2C1253&ssl=1","inLanguage":"pt-BR","potentialAction":[{"@type":"CommentAction","name":"Comment","target":["https:\/\/gersonguelmann.com.br\/blog\/comercial-homenageia-maes-sem-gravidas-e-sem-bebes-pode\/#respond"]}]},{"@type":"WebPage","@id":"https:\/\/gersonguelmann.com.br\/blog\/comercial-homenageia-maes-sem-gravidas-e-sem-bebes-pode\/","url":"https:\/\/gersonguelmann.com.br\/blog\/comercial-homenageia-maes-sem-gravidas-e-sem-bebes-pode\/","name":"Comercial Homenageia M\u00e3es, Sem Gr\u00e1vidas e Sem Beb\u00eas, Pode? | Blog do Guelmann","isPartOf":{"@id":"https:\/\/gersonguelmann.com.br\/blog\/#website"},"primaryImageOfPage":{"@id":"https:\/\/gersonguelmann.com.br\/blog\/comercial-homenageia-maes-sem-gravidas-e-sem-bebes-pode\/#primaryimage"},"image":{"@id":"https:\/\/gersonguelmann.com.br\/blog\/comercial-homenageia-maes-sem-gravidas-e-sem-bebes-pode\/#primaryimage"},"thumbnailUrl":"https:\/\/i0.wp.com\/gersonguelmann.com.br\/blog\/wp-content\/uploads\/2018\/05\/pexels-photo-64263.jpeg?fit=1880%2C1253&ssl=1","datePublished":"2018-05-10T22:36:56+00:00","author":{"@id":"https:\/\/gersonguelmann.com.br\/blog\/#\/schema\/person\/87e70e2a786888082f941a482c90569e"},"inLanguage":"pt-BR","potentialAction":[{"@type":"ReadAction","target":["https:\/\/gersonguelmann.com.br\/blog\/comercial-homenageia-maes-sem-gravidas-e-sem-bebes-pode\/"]}]},{"@type":"ImageObject","inLanguage":"pt-BR","@id":"https:\/\/gersonguelmann.com.br\/blog\/comercial-homenageia-maes-sem-gravidas-e-sem-bebes-pode\/#primaryimage","url":"https:\/\/i0.wp.com\/gersonguelmann.com.br\/blog\/wp-content\/uploads\/2018\/05\/pexels-photo-64263.jpeg?fit=1880%2C1253&ssl=1","contentUrl":"https:\/\/i0.wp.com\/gersonguelmann.com.br\/blog\/wp-content\/uploads\/2018\/05\/pexels-photo-64263.jpeg?fit=1880%2C1253&ssl=1","width":1880,"height":1253},{"@type":"WebSite","@id":"https:\/\/gersonguelmann.com.br\/blog\/#website","url":"https:\/\/gersonguelmann.com.br\/blog\/","name":"Blog do Guelmann","description":"Pitadas da sabedoria e do humor judaicos, assuntos do momento e um pouco das hist\u00f3rias que vivi e testemunhei.","potentialAction":[{"@type":"SearchAction","target":{"@type":"EntryPoint","urlTemplate":"https:\/\/gersonguelmann.com.br\/blog\/?s={search_term_string}"},"query-input":{"@type":"PropertyValueSpecification","valueRequired":true,"valueName":"search_term_string"}}],"inLanguage":"pt-BR"},{"@type":"Person","@id":"https:\/\/gersonguelmann.com.br\/blog\/#\/schema\/person\/87e70e2a786888082f941a482c90569e","name":"Gerson Guelmann","image":{"@type":"ImageObject","inLanguage":"pt-BR","@id":"https:\/\/i0.wp.com\/gersonguelmann.com.br\/blog\/wp-content\/uploads\/2021\/08\/BLOG.jpeg?fit=96%2C96&ssl=1","url":"https:\/\/i0.wp.com\/gersonguelmann.com.br\/blog\/wp-content\/uploads\/2021\/08\/BLOG.jpeg?fit=96%2C96&ssl=1","contentUrl":"https:\/\/i0.wp.com\/gersonguelmann.com.br\/blog\/wp-content\/uploads\/2021\/08\/BLOG.jpeg?fit=96%2C96&ssl=1","caption":"Gerson Guelmann"},"description":"Pitadas da sabedoria e do humor judaicos, assuntos do momento e um pouco das hist\u00f3rias que vivi e testemunhei."}]}},"views":27,"jetpack_publicize_connections":[],"jetpack_featured_media_url":"https:\/\/i0.wp.com\/gersonguelmann.com.br\/blog\/wp-content\/uploads\/2018\/05\/pexels-photo-64263.jpeg?fit=1880%2C1253&ssl=1","jetpack_shortlink":"https:\/\/wp.me\/p96e7O-3k2","jetpack-related-posts":[{"id":16847,"url":"https:\/\/gersonguelmann.com.br\/blog\/mae-qual-e-a-profissao-dela\/","url_meta":{"origin":12774,"position":0},"title":"M\u00e3e: Qual \u00e9 a Profiss\u00e3o Dela?","author":"Gerson Guelmann","date":"13 de maio de 2024","format":false,"excerpt":"Como ontem festejamos o Dia das M\u00e3es, pesquisei e descobri que assim como no Brasil o 2\u00ba domingo de Maio \u00e9 adotado para a celebra\u00e7\u00e3o em diversos pa\u00edses, ainda que de forma diferente em alguns deles. Segundo se sabe, o Dia das M\u00e3es come\u00e7ou nos Estados Unidos, onde a data\u2026","rel":"","context":"Em &quot;Sem categoria&quot;","block_context":{"text":"Sem categoria","link":"https:\/\/gersonguelmann.com.br\/blog\/category\/sem-categoria\/"},"img":{"alt_text":"","src":"https:\/\/i0.wp.com\/gersonguelmann.com.br\/blog\/wp-content\/uploads\/2024\/05\/HojePR-5-scaled.jpg?fit=1200%2C1200&ssl=1&resize=350%2C200","width":350,"height":200,"srcset":"https:\/\/i0.wp.com\/gersonguelmann.com.br\/blog\/wp-content\/uploads\/2024\/05\/HojePR-5-scaled.jpg?fit=1200%2C1200&ssl=1&resize=350%2C200 1x, https:\/\/i0.wp.com\/gersonguelmann.com.br\/blog\/wp-content\/uploads\/2024\/05\/HojePR-5-scaled.jpg?fit=1200%2C1200&ssl=1&resize=525%2C300 1.5x, https:\/\/i0.wp.com\/gersonguelmann.com.br\/blog\/wp-content\/uploads\/2024\/05\/HojePR-5-scaled.jpg?fit=1200%2C1200&ssl=1&resize=700%2C400 2x, https:\/\/i0.wp.com\/gersonguelmann.com.br\/blog\/wp-content\/uploads\/2024\/05\/HojePR-5-scaled.jpg?fit=1200%2C1200&ssl=1&resize=1050%2C600 3x"},"classes":[]},{"id":1407,"url":"https:\/\/gersonguelmann.com.br\/blog\/maes-judias-perguntas-e-respostas\/","url_meta":{"origin":12774,"position":1},"title":"M\u00e3es Judias: Perguntas e Respostas","author":"Gerson Guelmann","date":"6 de dezembro de 2020","format":false,"excerpt":"Pergunta: O que o gar\u00e7om quer saber de um grupo de m\u00e3es judias? Resposta: \u201cAlguma coisa do que eu servi est\u00e1 boa?\u201d Pergunta: Porque a m\u00e3e judia n\u00e3o pode compor o corpo de jurados no Tribunal? Resposta: Por sempre achar que ELA \u00e9 a culpada. Pergunta: Porque as m\u00e3es judias\u2026","rel":"","context":"Em &quot;Sem categoria&quot;","block_context":{"text":"Sem categoria","link":"https:\/\/gersonguelmann.com.br\/blog\/category\/sem-categoria\/"},"img":{"alt_text":"","src":"https:\/\/i0.wp.com\/gersonguelmann.com.br\/blog\/wp-content\/uploads\/2017\/09\/ES.jpg?fit=960%2C640&ssl=1&resize=350%2C200","width":350,"height":200,"srcset":"https:\/\/i0.wp.com\/gersonguelmann.com.br\/blog\/wp-content\/uploads\/2017\/09\/ES.jpg?fit=960%2C640&ssl=1&resize=350%2C200 1x, https:\/\/i0.wp.com\/gersonguelmann.com.br\/blog\/wp-content\/uploads\/2017\/09\/ES.jpg?fit=960%2C640&ssl=1&resize=525%2C300 1.5x, https:\/\/i0.wp.com\/gersonguelmann.com.br\/blog\/wp-content\/uploads\/2017\/09\/ES.jpg?fit=960%2C640&ssl=1&resize=700%2C400 2x"},"classes":[]},{"id":12878,"url":"https:\/\/gersonguelmann.com.br\/blog\/alerta-da-fimj-federacao-internacional-das-maes-judias\/","url_meta":{"origin":12774,"position":2},"title":"Alerta da FIMJ &#8211; Federa\u00e7\u00e3o Internacional das M\u00e3es Judias","author":"Gerson Guelmann","date":"7 de maio de 2022","format":false,"excerpt":"Nos momentos que antecedem o Dia das M\u00e3es, que se comemora neste domingo, e tendo em vista as manifesta\u00e7\u00f5es que est\u00e3o sendo feitas nas redes sociais, a FIMJ - Federa\u00e7\u00e3o Internacional das M\u00e3es Judias, alerta: Gosta do Humor Judaico? Se voc\u00ea gostou da publica\u00e7\u00e3o, compartilhe o link clicando nos \u00edcones\u2026","rel":"","context":"Em &quot;Sem categoria&quot;","block_context":{"text":"Sem categoria","link":"https:\/\/gersonguelmann.com.br\/blog\/category\/sem-categoria\/"},"img":{"alt_text":"","src":"https:\/\/i0.wp.com\/gersonguelmann.com.br\/blog\/wp-content\/uploads\/2018\/05\/pexels-photo-326612.jpeg?fit=1200%2C860&ssl=1&resize=350%2C200","width":350,"height":200,"srcset":"https:\/\/i0.wp.com\/gersonguelmann.com.br\/blog\/wp-content\/uploads\/2018\/05\/pexels-photo-326612.jpeg?fit=1200%2C860&ssl=1&resize=350%2C200 1x, https:\/\/i0.wp.com\/gersonguelmann.com.br\/blog\/wp-content\/uploads\/2018\/05\/pexels-photo-326612.jpeg?fit=1200%2C860&ssl=1&resize=525%2C300 1.5x, https:\/\/i0.wp.com\/gersonguelmann.com.br\/blog\/wp-content\/uploads\/2018\/05\/pexels-photo-326612.jpeg?fit=1200%2C860&ssl=1&resize=700%2C400 2x, https:\/\/i0.wp.com\/gersonguelmann.com.br\/blog\/wp-content\/uploads\/2018\/05\/pexels-photo-326612.jpeg?fit=1200%2C860&ssl=1&resize=1050%2C600 3x"},"classes":[]},{"id":188,"url":"https:\/\/gersonguelmann.com.br\/blog\/5-verdades-sobre-as-maes-judias\/","url_meta":{"origin":12774,"position":3},"title":"5 Verdades Sobre as M\u00e3es Judias","author":"Gerson Guelmann","date":"23 de julho de 2022","format":false,"excerpt":"P: Por que as m\u00e3es judias s\u00e3o sempre dispensadas na composi\u00e7\u00e3o do j\u00fari? R: Porque insistem em dizer que elas \u00e9 que s\u00e3o as culpadas. P: Porque h\u00e1 t\u00e3o poucas m\u00e3es judias alco\u00f3latras? R: Porque o \u00e1lcool entorpece a dor. P: O que o Caixa Eletr\u00f4nico da M\u00e3e Judia diz\u2026","rel":"","context":"Em &quot;Sem categoria&quot;","block_context":{"text":"Sem categoria","link":"https:\/\/gersonguelmann.com.br\/blog\/category\/sem-categoria\/"},"img":{"alt_text":"","src":"https:\/\/i0.wp.com\/gersonguelmann.com.br\/blog\/wp-content\/uploads\/2018\/06\/CRIANCA-scaled.jpg?fit=800%2C1200&ssl=1&resize=350%2C200","width":350,"height":200,"srcset":"https:\/\/i0.wp.com\/gersonguelmann.com.br\/blog\/wp-content\/uploads\/2018\/06\/CRIANCA-scaled.jpg?fit=800%2C1200&ssl=1&resize=350%2C200 1x, https:\/\/i0.wp.com\/gersonguelmann.com.br\/blog\/wp-content\/uploads\/2018\/06\/CRIANCA-scaled.jpg?fit=800%2C1200&ssl=1&resize=525%2C300 1.5x, https:\/\/i0.wp.com\/gersonguelmann.com.br\/blog\/wp-content\/uploads\/2018\/06\/CRIANCA-scaled.jpg?fit=800%2C1200&ssl=1&resize=700%2C400 2x"},"classes":[]},{"id":22844,"url":"https:\/\/gersonguelmann.com.br\/blog\/como-as-criancas-judias-enxergam-suas-maes\/","url_meta":{"origin":12774,"position":4},"title":"Como as Crian\u00e7as Judias Enxergam Suas M\u00e3es","author":"Gerson Guelmann","date":"8 de maio de 2022","format":false,"excerpt":"As crian\u00e7as do 2\u00ba ano do ensino b\u00e1sico de uma escola judaica foram convidadas a responder \u00e0 algumas quest\u00f5es sobre as m\u00e3es. As melhores respostas foram selecionadas: 1. Porque D'us fez as m\u00e3es? A - Ela \u00e9 a \u00fanica que sabe onde est\u00e1 a fita adesiva; B - Principalmente para\u2026","rel":"","context":"Em &quot;Sem categoria&quot;","block_context":{"text":"Sem categoria","link":"https:\/\/gersonguelmann.com.br\/blog\/category\/sem-categoria\/"},"img":{"alt_text":"","src":"https:\/\/i0.wp.com\/gersonguelmann.com.br\/blog\/wp-content\/uploads\/2022\/05\/ESCOLA.jpg?fit=1200%2C900&ssl=1&resize=350%2C200","width":350,"height":200,"srcset":"https:\/\/i0.wp.com\/gersonguelmann.com.br\/blog\/wp-content\/uploads\/2022\/05\/ESCOLA.jpg?fit=1200%2C900&ssl=1&resize=350%2C200 1x, https:\/\/i0.wp.com\/gersonguelmann.com.br\/blog\/wp-content\/uploads\/2022\/05\/ESCOLA.jpg?fit=1200%2C900&ssl=1&resize=525%2C300 1.5x, https:\/\/i0.wp.com\/gersonguelmann.com.br\/blog\/wp-content\/uploads\/2022\/05\/ESCOLA.jpg?fit=1200%2C900&ssl=1&resize=700%2C400 2x, https:\/\/i0.wp.com\/gersonguelmann.com.br\/blog\/wp-content\/uploads\/2022\/05\/ESCOLA.jpg?fit=1200%2C900&ssl=1&resize=1050%2C600 3x"},"classes":[]},{"id":3779,"url":"https:\/\/gersonguelmann.com.br\/blog\/as-maes-judias-nao-se-contentam-com-pouco\/","url_meta":{"origin":12774,"position":5},"title":"As M\u00e3es Judias N\u00e3o se Contentam Com Pouco&#8230;","author":"Gerson Guelmann","date":"20 de julho de 2019","format":false,"excerpt":"Nada poderia ser mais t\u00edpico do que a conversa de uma m\u00e3e judia com o filho que acabou de entrar na Faculdade de Medicina: - \"Como assim? O que voc\u00ea quer dizer com isso? Voc\u00ea acha que depois de tudo o que fiz, pedir um Pr\u00eamio Nobel \u00e9 muito?\"","rel":"","context":"Em &quot;Sem categoria&quot;","block_context":{"text":"Sem categoria","link":"https:\/\/gersonguelmann.com.br\/blog\/category\/sem-categoria\/"},"img":{"alt_text":"","src":"https:\/\/i0.wp.com\/gersonguelmann.com.br\/blog\/wp-content\/uploads\/2017\/10\/M%C3%A3e-Nobel.jpg?fit=960%2C640&ssl=1&resize=350%2C200","width":350,"height":200,"srcset":"https:\/\/i0.wp.com\/gersonguelmann.com.br\/blog\/wp-content\/uploads\/2017\/10\/M%C3%A3e-Nobel.jpg?fit=960%2C640&ssl=1&resize=350%2C200 1x, https:\/\/i0.wp.com\/gersonguelmann.com.br\/blog\/wp-content\/uploads\/2017\/10\/M%C3%A3e-Nobel.jpg?fit=960%2C640&ssl=1&resize=525%2C300 1.5x, https:\/\/i0.wp.com\/gersonguelmann.com.br\/blog\/wp-content\/uploads\/2017\/10\/M%C3%A3e-Nobel.jpg?fit=960%2C640&ssl=1&resize=700%2C400 2x"},"classes":[]}],"jetpack_sharing_enabled":true,"post_mailing_queue_ids":[],"_links":{"self":[{"href":"https:\/\/gersonguelmann.com.br\/blog\/wp-json\/wp\/v2\/posts\/12774","targetHints":{"allow":["GET"]}}],"collection":[{"href":"https:\/\/gersonguelmann.com.br\/blog\/wp-json\/wp\/v2\/posts"}],"about":[{"href":"https:\/\/gersonguelmann.com.br\/blog\/wp-json\/wp\/v2\/types\/post"}],"author":[{"embeddable":true,"href":"https:\/\/gersonguelmann.com.br\/blog\/wp-json\/wp\/v2\/users\/5"}],"replies":[{"embeddable":true,"href":"https:\/\/gersonguelmann.com.br\/blog\/wp-json\/wp\/v2\/comments?post=12774"}],"version-history":[{"count":0,"href":"https:\/\/gersonguelmann.com.br\/blog\/wp-json\/wp\/v2\/posts\/12774\/revisions"}],"wp:featuredmedia":[{"embeddable":true,"href":"https:\/\/gersonguelmann.com.br\/blog\/wp-json\/wp\/v2\/media\/12776"}],"wp:attachment":[{"href":"https:\/\/gersonguelmann.com.br\/blog\/wp-json\/wp\/v2\/media?parent=12774"}],"wp:term":[{"taxonomy":"category","embeddable":true,"href":"https:\/\/gersonguelmann.com.br\/blog\/wp-json\/wp\/v2\/categories?post=12774"},{"taxonomy":"post_tag","embeddable":true,"href":"https:\/\/gersonguelmann.com.br\/blog\/wp-json\/wp\/v2\/tags?post=12774"}],"curies":[{"name":"wp","href":"https:\/\/api.w.org\/{rel}","templated":true}]}}