    {"id":12788,"date":"2018-05-10T22:47:51","date_gmt":"2018-05-11T01:47:51","guid":{"rendered":"https:\/\/gersonguelmann.com.br\/blog\/?p=12788"},"modified":"2018-05-10T22:47:51","modified_gmt":"2018-05-11T01:47:51","slug":"as-redes-tambem-tem-coisas-bonitas-abra-e-veja","status":"publish","type":"post","link":"https:\/\/gersonguelmann.com.br\/blog\/as-redes-tambem-tem-coisas-bonitas-abra-e-veja\/","title":{"rendered":"As Redes Tamb\u00e9m T\u00eam Coisas Bonitas&#8230; (Abra e Veja)"},"content":{"rendered":"<p style=\"text-align: center;\">\u00a0\u00a0<img data-recalc-dims=\"1\" fetchpriority=\"high\" decoding=\"async\" data-attachment-id=\"12792\" data-permalink=\"https:\/\/gersonguelmann.com.br\/blog\/as-redes-tambem-tem-coisas-bonitas-abra-e-veja\/www\/\" data-orig-file=\"https:\/\/i0.wp.com\/gersonguelmann.com.br\/blog\/wp-content\/uploads\/2018\/05\/WWW.jpg?fit=1600%2C1067&amp;ssl=1\" data-orig-size=\"1600,1067\" data-comments-opened=\"1\" data-image-meta=\"{&quot;aperture&quot;:&quot;0&quot;,&quot;credit&quot;:&quot;&quot;,&quot;camera&quot;:&quot;&quot;,&quot;caption&quot;:&quot;&quot;,&quot;created_timestamp&quot;:&quot;0&quot;,&quot;copyright&quot;:&quot;&quot;,&quot;focal_length&quot;:&quot;0&quot;,&quot;iso&quot;:&quot;0&quot;,&quot;shutter_speed&quot;:&quot;0&quot;,&quot;title&quot;:&quot;&quot;,&quot;orientation&quot;:&quot;0&quot;}\" data-image-title=\"WWW\" data-image-description=\"\" data-image-caption=\"\" data-medium-file=\"https:\/\/i0.wp.com\/gersonguelmann.com.br\/blog\/wp-content\/uploads\/2018\/05\/WWW.jpg?fit=300%2C200&amp;ssl=1\" data-large-file=\"https:\/\/i0.wp.com\/gersonguelmann.com.br\/blog\/wp-content\/uploads\/2018\/05\/WWW.jpg?fit=640%2C427&amp;ssl=1\" class=\"alignnone size-medium wp-image-12792\" src=\"https:\/\/i0.wp.com\/gersonguelmann.com.br\/blog\/wp-content\/uploads\/2018\/05\/WWW.jpg?resize=300%2C200&#038;ssl=1\" alt=\"\" width=\"300\" height=\"200\" srcset=\"https:\/\/i0.wp.com\/gersonguelmann.com.br\/blog\/wp-content\/uploads\/2018\/05\/WWW.jpg?resize=300%2C200&amp;ssl=1 300w, https:\/\/i0.wp.com\/gersonguelmann.com.br\/blog\/wp-content\/uploads\/2018\/05\/WWW.jpg?resize=768%2C512&amp;ssl=1 768w, https:\/\/i0.wp.com\/gersonguelmann.com.br\/blog\/wp-content\/uploads\/2018\/05\/WWW.jpg?resize=1024%2C683&amp;ssl=1 1024w, https:\/\/i0.wp.com\/gersonguelmann.com.br\/blog\/wp-content\/uploads\/2018\/05\/WWW.jpg?resize=750%2C500&amp;ssl=1 750w, https:\/\/i0.wp.com\/gersonguelmann.com.br\/blog\/wp-content\/uploads\/2018\/05\/WWW.jpg?w=1600&amp;ssl=1 1600w, https:\/\/i0.wp.com\/gersonguelmann.com.br\/blog\/wp-content\/uploads\/2018\/05\/WWW.jpg?w=1280&amp;ssl=1 1280w\" sizes=\"(max-width: 300px) 100vw, 300px\" \/><\/p>\n<p><span style=\"font-family: georgia, palatino, serif; font-size: 18pt; color: #000000;\">Tudo depende de como olhamos e de como enxergamos.<\/span><\/p>\n<p><span style=\"font-family: georgia, palatino, serif; font-size: 18pt; color: #000000;\">A pessoa que compartilhou esta imagem disse:<\/span><\/p>\n<p><em><span style=\"font-family: georgia, palatino, serif; font-size: 18pt; color: #000000;\">&#8211; &#8220;A paz de D-us. Apenas uma folha caiu no ch\u00e3o e ela fez o sorriso mais bonito&#8221;.<\/span><\/em><\/p>\n<p style=\"text-align: center;\"><img data-recalc-dims=\"1\" decoding=\"async\" data-attachment-id=\"12789\" data-permalink=\"https:\/\/gersonguelmann.com.br\/blog\/as-redes-tambem-tem-coisas-bonitas-abra-e-veja\/sorriso\/\" data-orig-file=\"https:\/\/i0.wp.com\/gersonguelmann.com.br\/blog\/wp-content\/uploads\/2018\/05\/Sorriso.jpg?fit=916%2C477&amp;ssl=1\" data-orig-size=\"916,477\" data-comments-opened=\"1\" data-image-meta=\"{&quot;aperture&quot;:&quot;0&quot;,&quot;credit&quot;:&quot;&quot;,&quot;camera&quot;:&quot;&quot;,&quot;caption&quot;:&quot;&quot;,&quot;created_timestamp&quot;:&quot;0&quot;,&quot;copyright&quot;:&quot;&quot;,&quot;focal_length&quot;:&quot;0&quot;,&quot;iso&quot;:&quot;0&quot;,&quot;shutter_speed&quot;:&quot;0&quot;,&quot;title&quot;:&quot;&quot;,&quot;orientation&quot;:&quot;0&quot;}\" data-image-title=\"Sorriso\" data-image-description=\"\" data-image-caption=\"\" data-medium-file=\"https:\/\/i0.wp.com\/gersonguelmann.com.br\/blog\/wp-content\/uploads\/2018\/05\/Sorriso.jpg?fit=300%2C156&amp;ssl=1\" data-large-file=\"https:\/\/i0.wp.com\/gersonguelmann.com.br\/blog\/wp-content\/uploads\/2018\/05\/Sorriso.jpg?fit=640%2C333&amp;ssl=1\" class=\"alignnone size-medium wp-image-12789\" src=\"https:\/\/i0.wp.com\/gersonguelmann.com.br\/blog\/wp-content\/uploads\/2018\/05\/Sorriso.jpg?resize=300%2C156&#038;ssl=1\" alt=\"\" width=\"300\" height=\"156\" srcset=\"https:\/\/i0.wp.com\/gersonguelmann.com.br\/blog\/wp-content\/uploads\/2018\/05\/Sorriso.jpg?resize=300%2C156&amp;ssl=1 300w, https:\/\/i0.wp.com\/gersonguelmann.com.br\/blog\/wp-content\/uploads\/2018\/05\/Sorriso.jpg?resize=768%2C400&amp;ssl=1 768w, https:\/\/i0.wp.com\/gersonguelmann.com.br\/blog\/wp-content\/uploads\/2018\/05\/Sorriso.jpg?w=916&amp;ssl=1 916w\" sizes=\"(max-width: 300px) 100vw, 300px\" \/><\/p>\n","protected":false},"excerpt":{"rendered":"<p>\u00a0\u00a0 Tudo depende de como olhamos e de como enxergamos. A pessoa que compartilhou esta imagem disse: &#8211; &#8220;A paz de D-us. Apenas uma folha caiu no ch\u00e3o e ela fez o sorriso mais bonito&#8221;.<\/p>\n","protected":false},"author":5,"featured_media":12792,"comment_status":"open","ping_status":"open","sticky":false,"template":"","format":"standard","meta":{"_acf_changed":false,"jetpack_post_was_ever_published":false,"_jetpack_newsletter_access":"","_jetpack_dont_email_post_to_subs":false,"_jetpack_newsletter_tier_id":0,"_jetpack_memberships_contains_paywalled_content":false,"_jetpack_memberships_contains_paid_content":false,"footnotes":"","jetpack_publicize_message":"","jetpack_publicize_feature_enabled":true,"jetpack_social_post_already_shared":true,"jetpack_social_options":{"image_generator_settings":{"template":"highway","default_image_id":0,"font":"","enabled":false},"version":2}},"categories":[1],"tags":[],"class_list":["post-12788","post","type-post","status-publish","format-standard","has-post-thumbnail","hentry","category-sem-categoria"],"acf":[],"yoast_head":"<!-- This site is optimized with the Yoast SEO plugin v27.3 - https:\/\/yoast.com\/product\/yoast-seo-wordpress\/ -->\n<title>As Redes Tamb\u00e9m T\u00eam Coisas Bonitas... (Abra e Veja) | Blog do Guelmann<\/title>\n<meta name=\"robots\" content=\"index, follow, max-snippet:-1, max-image-preview:large, max-video-preview:-1\" \/>\n<link rel=\"canonical\" href=\"https:\/\/gersonguelmann.com.br\/blog\/as-redes-tambem-tem-coisas-bonitas-abra-e-veja\/\" \/>\n<meta property=\"og:locale\" content=\"pt_BR\" \/>\n<meta property=\"og:type\" content=\"article\" \/>\n<meta property=\"og:title\" content=\"As Redes Tamb\u00e9m T\u00eam Coisas Bonitas... (Abra e Veja) | Blog do Guelmann\" \/>\n<meta property=\"og:description\" content=\"\u00a0\u00a0 Tudo depende de como olhamos e de como enxergamos. A pessoa que compartilhou esta imagem disse: &#8211; &#8220;A paz de D-us. Apenas uma folha caiu no ch\u00e3o e ela fez o sorriso mais bonito&#8221;.\" \/>\n<meta property=\"og:url\" content=\"https:\/\/gersonguelmann.com.br\/blog\/as-redes-tambem-tem-coisas-bonitas-abra-e-veja\/\" \/>\n<meta property=\"og:site_name\" content=\"Blog do Guelmann\" \/>\n<meta property=\"article:published_time\" content=\"2018-05-11T01:47:51+00:00\" \/>\n<meta property=\"og:image\" content=\"https:\/\/i0.wp.com\/gersonguelmann.com.br\/blog\/wp-content\/uploads\/2018\/05\/WWW.jpg?fit=1600%2C1067&ssl=1\" \/>\n\t<meta property=\"og:image:width\" content=\"1600\" \/>\n\t<meta property=\"og:image:height\" content=\"1067\" \/>\n\t<meta property=\"og:image:type\" content=\"image\/jpeg\" \/>\n<meta name=\"author\" content=\"Gerson Guelmann\" \/>\n<meta name=\"twitter:card\" content=\"summary_large_image\" \/>\n<meta name=\"twitter:label1\" content=\"Escrito por\" \/>\n\t<meta name=\"twitter:data1\" content=\"Gerson Guelmann\" \/>\n<script type=\"application\/ld+json\" class=\"yoast-schema-graph\">{\"@context\":\"https:\\\/\\\/schema.org\",\"@graph\":[{\"@type\":\"Article\",\"@id\":\"https:\\\/\\\/gersonguelmann.com.br\\\/blog\\\/as-redes-tambem-tem-coisas-bonitas-abra-e-veja\\\/#article\",\"isPartOf\":{\"@id\":\"https:\\\/\\\/gersonguelmann.com.br\\\/blog\\\/as-redes-tambem-tem-coisas-bonitas-abra-e-veja\\\/\"},\"author\":{\"name\":\"Gerson Guelmann\",\"@id\":\"https:\\\/\\\/gersonguelmann.com.br\\\/blog\\\/#\\\/schema\\\/person\\\/87e70e2a786888082f941a482c90569e\"},\"headline\":\"As Redes Tamb\u00e9m T\u00eam Coisas Bonitas&#8230; (Abra e Veja)\",\"datePublished\":\"2018-05-11T01:47:51+00:00\",\"mainEntityOfPage\":{\"@id\":\"https:\\\/\\\/gersonguelmann.com.br\\\/blog\\\/as-redes-tambem-tem-coisas-bonitas-abra-e-veja\\\/\"},\"wordCount\":46,\"commentCount\":0,\"image\":{\"@id\":\"https:\\\/\\\/gersonguelmann.com.br\\\/blog\\\/as-redes-tambem-tem-coisas-bonitas-abra-e-veja\\\/#primaryimage\"},\"thumbnailUrl\":\"https:\\\/\\\/i0.wp.com\\\/gersonguelmann.com.br\\\/blog\\\/wp-content\\\/uploads\\\/2018\\\/05\\\/WWW.jpg?fit=1600%2C1067&ssl=1\",\"inLanguage\":\"pt-BR\",\"potentialAction\":[{\"@type\":\"CommentAction\",\"name\":\"Comment\",\"target\":[\"https:\\\/\\\/gersonguelmann.com.br\\\/blog\\\/as-redes-tambem-tem-coisas-bonitas-abra-e-veja\\\/#respond\"]}]},{\"@type\":\"WebPage\",\"@id\":\"https:\\\/\\\/gersonguelmann.com.br\\\/blog\\\/as-redes-tambem-tem-coisas-bonitas-abra-e-veja\\\/\",\"url\":\"https:\\\/\\\/gersonguelmann.com.br\\\/blog\\\/as-redes-tambem-tem-coisas-bonitas-abra-e-veja\\\/\",\"name\":\"As Redes Tamb\u00e9m T\u00eam Coisas Bonitas... (Abra e Veja) | Blog do Guelmann\",\"isPartOf\":{\"@id\":\"https:\\\/\\\/gersonguelmann.com.br\\\/blog\\\/#website\"},\"primaryImageOfPage\":{\"@id\":\"https:\\\/\\\/gersonguelmann.com.br\\\/blog\\\/as-redes-tambem-tem-coisas-bonitas-abra-e-veja\\\/#primaryimage\"},\"image\":{\"@id\":\"https:\\\/\\\/gersonguelmann.com.br\\\/blog\\\/as-redes-tambem-tem-coisas-bonitas-abra-e-veja\\\/#primaryimage\"},\"thumbnailUrl\":\"https:\\\/\\\/i0.wp.com\\\/gersonguelmann.com.br\\\/blog\\\/wp-content\\\/uploads\\\/2018\\\/05\\\/WWW.jpg?fit=1600%2C1067&ssl=1\",\"datePublished\":\"2018-05-11T01:47:51+00:00\",\"author\":{\"@id\":\"https:\\\/\\\/gersonguelmann.com.br\\\/blog\\\/#\\\/schema\\\/person\\\/87e70e2a786888082f941a482c90569e\"},\"inLanguage\":\"pt-BR\",\"potentialAction\":[{\"@type\":\"ReadAction\",\"target\":[\"https:\\\/\\\/gersonguelmann.com.br\\\/blog\\\/as-redes-tambem-tem-coisas-bonitas-abra-e-veja\\\/\"]}]},{\"@type\":\"ImageObject\",\"inLanguage\":\"pt-BR\",\"@id\":\"https:\\\/\\\/gersonguelmann.com.br\\\/blog\\\/as-redes-tambem-tem-coisas-bonitas-abra-e-veja\\\/#primaryimage\",\"url\":\"https:\\\/\\\/i0.wp.com\\\/gersonguelmann.com.br\\\/blog\\\/wp-content\\\/uploads\\\/2018\\\/05\\\/WWW.jpg?fit=1600%2C1067&ssl=1\",\"contentUrl\":\"https:\\\/\\\/i0.wp.com\\\/gersonguelmann.com.br\\\/blog\\\/wp-content\\\/uploads\\\/2018\\\/05\\\/WWW.jpg?fit=1600%2C1067&ssl=1\",\"width\":1600,\"height\":1067},{\"@type\":\"WebSite\",\"@id\":\"https:\\\/\\\/gersonguelmann.com.br\\\/blog\\\/#website\",\"url\":\"https:\\\/\\\/gersonguelmann.com.br\\\/blog\\\/\",\"name\":\"Blog do Guelmann\",\"description\":\"Pitadas da sabedoria e do humor judaicos, assuntos do momento e um pouco das hist\u00f3rias que vivi e testemunhei.\",\"potentialAction\":[{\"@type\":\"SearchAction\",\"target\":{\"@type\":\"EntryPoint\",\"urlTemplate\":\"https:\\\/\\\/gersonguelmann.com.br\\\/blog\\\/?s={search_term_string}\"},\"query-input\":{\"@type\":\"PropertyValueSpecification\",\"valueRequired\":true,\"valueName\":\"search_term_string\"}}],\"inLanguage\":\"pt-BR\"},{\"@type\":\"Person\",\"@id\":\"https:\\\/\\\/gersonguelmann.com.br\\\/blog\\\/#\\\/schema\\\/person\\\/87e70e2a786888082f941a482c90569e\",\"name\":\"Gerson Guelmann\",\"image\":{\"@type\":\"ImageObject\",\"inLanguage\":\"pt-BR\",\"@id\":\"https:\\\/\\\/i0.wp.com\\\/gersonguelmann.com.br\\\/blog\\\/wp-content\\\/uploads\\\/2021\\\/08\\\/BLOG.jpeg?fit=96%2C96&ssl=1\",\"url\":\"https:\\\/\\\/i0.wp.com\\\/gersonguelmann.com.br\\\/blog\\\/wp-content\\\/uploads\\\/2021\\\/08\\\/BLOG.jpeg?fit=96%2C96&ssl=1\",\"contentUrl\":\"https:\\\/\\\/i0.wp.com\\\/gersonguelmann.com.br\\\/blog\\\/wp-content\\\/uploads\\\/2021\\\/08\\\/BLOG.jpeg?fit=96%2C96&ssl=1\",\"caption\":\"Gerson Guelmann\"},\"description\":\"Pitadas da sabedoria e do humor judaicos, assuntos do momento e um pouco das hist\u00f3rias que vivi e testemunhei.\"}]}<\/script>\n<!-- \/ Yoast SEO plugin. -->","yoast_head_json":{"title":"As Redes Tamb\u00e9m T\u00eam Coisas Bonitas... (Abra e Veja) | Blog do Guelmann","robots":{"index":"index","follow":"follow","max-snippet":"max-snippet:-1","max-image-preview":"max-image-preview:large","max-video-preview":"max-video-preview:-1"},"canonical":"https:\/\/gersonguelmann.com.br\/blog\/as-redes-tambem-tem-coisas-bonitas-abra-e-veja\/","og_locale":"pt_BR","og_type":"article","og_title":"As Redes Tamb\u00e9m T\u00eam Coisas Bonitas... (Abra e Veja) | Blog do Guelmann","og_description":"\u00a0\u00a0 Tudo depende de como olhamos e de como enxergamos. A pessoa que compartilhou esta imagem disse: &#8211; &#8220;A paz de D-us. Apenas uma folha caiu no ch\u00e3o e ela fez o sorriso mais bonito&#8221;.","og_url":"https:\/\/gersonguelmann.com.br\/blog\/as-redes-tambem-tem-coisas-bonitas-abra-e-veja\/","og_site_name":"Blog do Guelmann","article_published_time":"2018-05-11T01:47:51+00:00","og_image":[{"width":1600,"height":1067,"url":"https:\/\/i0.wp.com\/gersonguelmann.com.br\/blog\/wp-content\/uploads\/2018\/05\/WWW.jpg?fit=1600%2C1067&ssl=1","type":"image\/jpeg"}],"author":"Gerson Guelmann","twitter_card":"summary_large_image","twitter_misc":{"Escrito por":"Gerson Guelmann"},"schema":{"@context":"https:\/\/schema.org","@graph":[{"@type":"Article","@id":"https:\/\/gersonguelmann.com.br\/blog\/as-redes-tambem-tem-coisas-bonitas-abra-e-veja\/#article","isPartOf":{"@id":"https:\/\/gersonguelmann.com.br\/blog\/as-redes-tambem-tem-coisas-bonitas-abra-e-veja\/"},"author":{"name":"Gerson Guelmann","@id":"https:\/\/gersonguelmann.com.br\/blog\/#\/schema\/person\/87e70e2a786888082f941a482c90569e"},"headline":"As Redes Tamb\u00e9m T\u00eam Coisas Bonitas&#8230; (Abra e Veja)","datePublished":"2018-05-11T01:47:51+00:00","mainEntityOfPage":{"@id":"https:\/\/gersonguelmann.com.br\/blog\/as-redes-tambem-tem-coisas-bonitas-abra-e-veja\/"},"wordCount":46,"commentCount":0,"image":{"@id":"https:\/\/gersonguelmann.com.br\/blog\/as-redes-tambem-tem-coisas-bonitas-abra-e-veja\/#primaryimage"},"thumbnailUrl":"https:\/\/i0.wp.com\/gersonguelmann.com.br\/blog\/wp-content\/uploads\/2018\/05\/WWW.jpg?fit=1600%2C1067&ssl=1","inLanguage":"pt-BR","potentialAction":[{"@type":"CommentAction","name":"Comment","target":["https:\/\/gersonguelmann.com.br\/blog\/as-redes-tambem-tem-coisas-bonitas-abra-e-veja\/#respond"]}]},{"@type":"WebPage","@id":"https:\/\/gersonguelmann.com.br\/blog\/as-redes-tambem-tem-coisas-bonitas-abra-e-veja\/","url":"https:\/\/gersonguelmann.com.br\/blog\/as-redes-tambem-tem-coisas-bonitas-abra-e-veja\/","name":"As Redes Tamb\u00e9m T\u00eam Coisas Bonitas... (Abra e Veja) | Blog do Guelmann","isPartOf":{"@id":"https:\/\/gersonguelmann.com.br\/blog\/#website"},"primaryImageOfPage":{"@id":"https:\/\/gersonguelmann.com.br\/blog\/as-redes-tambem-tem-coisas-bonitas-abra-e-veja\/#primaryimage"},"image":{"@id":"https:\/\/gersonguelmann.com.br\/blog\/as-redes-tambem-tem-coisas-bonitas-abra-e-veja\/#primaryimage"},"thumbnailUrl":"https:\/\/i0.wp.com\/gersonguelmann.com.br\/blog\/wp-content\/uploads\/2018\/05\/WWW.jpg?fit=1600%2C1067&ssl=1","datePublished":"2018-05-11T01:47:51+00:00","author":{"@id":"https:\/\/gersonguelmann.com.br\/blog\/#\/schema\/person\/87e70e2a786888082f941a482c90569e"},"inLanguage":"pt-BR","potentialAction":[{"@type":"ReadAction","target":["https:\/\/gersonguelmann.com.br\/blog\/as-redes-tambem-tem-coisas-bonitas-abra-e-veja\/"]}]},{"@type":"ImageObject","inLanguage":"pt-BR","@id":"https:\/\/gersonguelmann.com.br\/blog\/as-redes-tambem-tem-coisas-bonitas-abra-e-veja\/#primaryimage","url":"https:\/\/i0.wp.com\/gersonguelmann.com.br\/blog\/wp-content\/uploads\/2018\/05\/WWW.jpg?fit=1600%2C1067&ssl=1","contentUrl":"https:\/\/i0.wp.com\/gersonguelmann.com.br\/blog\/wp-content\/uploads\/2018\/05\/WWW.jpg?fit=1600%2C1067&ssl=1","width":1600,"height":1067},{"@type":"WebSite","@id":"https:\/\/gersonguelmann.com.br\/blog\/#website","url":"https:\/\/gersonguelmann.com.br\/blog\/","name":"Blog do Guelmann","description":"Pitadas da sabedoria e do humor judaicos, assuntos do momento e um pouco das hist\u00f3rias que vivi e testemunhei.","potentialAction":[{"@type":"SearchAction","target":{"@type":"EntryPoint","urlTemplate":"https:\/\/gersonguelmann.com.br\/blog\/?s={search_term_string}"},"query-input":{"@type":"PropertyValueSpecification","valueRequired":true,"valueName":"search_term_string"}}],"inLanguage":"pt-BR"},{"@type":"Person","@id":"https:\/\/gersonguelmann.com.br\/blog\/#\/schema\/person\/87e70e2a786888082f941a482c90569e","name":"Gerson Guelmann","image":{"@type":"ImageObject","inLanguage":"pt-BR","@id":"https:\/\/i0.wp.com\/gersonguelmann.com.br\/blog\/wp-content\/uploads\/2021\/08\/BLOG.jpeg?fit=96%2C96&ssl=1","url":"https:\/\/i0.wp.com\/gersonguelmann.com.br\/blog\/wp-content\/uploads\/2021\/08\/BLOG.jpeg?fit=96%2C96&ssl=1","contentUrl":"https:\/\/i0.wp.com\/gersonguelmann.com.br\/blog\/wp-content\/uploads\/2021\/08\/BLOG.jpeg?fit=96%2C96&ssl=1","caption":"Gerson Guelmann"},"description":"Pitadas da sabedoria e do humor judaicos, assuntos do momento e um pouco das hist\u00f3rias que vivi e testemunhei."}]}},"views":31,"jetpack_publicize_connections":[],"jetpack_featured_media_url":"https:\/\/i0.wp.com\/gersonguelmann.com.br\/blog\/wp-content\/uploads\/2018\/05\/WWW.jpg?fit=1600%2C1067&ssl=1","jetpack_shortlink":"https:\/\/wp.me\/p96e7O-3kg","jetpack-related-posts":[{"id":13527,"url":"https:\/\/gersonguelmann.com.br\/blog\/aqui-esta-o-verdadeiro-dono-de-os-donos-de-curitiba\/","url_meta":{"origin":12788,"position":0},"title":"Aqui Est\u00e1 o Verdadeiro Dono de &#8220;Os Donos de Curitiba&#8221;","author":"Gerson Guelmann","date":"31 de maio de 2018","format":false,"excerpt":"Ao longo dos \u00faltimos dias recebi 17 mensagens de WhatsApp (contadas agora) com o texto \"Os Donos de Curitiba\". Todas elas s\u00e3o iguais e atribuem a autoria \u00e0 mesma pessoa, j\u00e1 falecida. O texto \u00e9 \u00f3timo e pensei em compartilh\u00e1-lo, mas n\u00e3o deu tempo. Quando fosse fazer isso iria pesquisar,\u2026","rel":"","context":"Em &quot;Sem categoria&quot;","block_context":{"text":"Sem categoria","link":"https:\/\/gersonguelmann.com.br\/blog\/category\/sem-categoria\/"},"img":{"alt_text":"","src":"https:\/\/i0.wp.com\/gersonguelmann.com.br\/blog\/wp-content\/uploads\/2018\/05\/dantem22.png?fit=1200%2C863&ssl=1&resize=350%2C200","width":350,"height":200,"srcset":"https:\/\/i0.wp.com\/gersonguelmann.com.br\/blog\/wp-content\/uploads\/2018\/05\/dantem22.png?fit=1200%2C863&ssl=1&resize=350%2C200 1x, https:\/\/i0.wp.com\/gersonguelmann.com.br\/blog\/wp-content\/uploads\/2018\/05\/dantem22.png?fit=1200%2C863&ssl=1&resize=525%2C300 1.5x, https:\/\/i0.wp.com\/gersonguelmann.com.br\/blog\/wp-content\/uploads\/2018\/05\/dantem22.png?fit=1200%2C863&ssl=1&resize=700%2C400 2x, https:\/\/i0.wp.com\/gersonguelmann.com.br\/blog\/wp-content\/uploads\/2018\/05\/dantem22.png?fit=1200%2C863&ssl=1&resize=1050%2C600 3x"},"classes":[]},{"id":3636,"url":"https:\/\/gersonguelmann.com.br\/blog\/doria-entrevistando-eike-batista-elogia-cabral\/","url_meta":{"origin":12788,"position":1},"title":"D\u00f3ria, Entrevistando Eike Batista, Elogia Cabral","author":"Gerson Guelmann","date":"28 de outubro de 2017","format":false,"excerpt":"https:\/\/youtu.be\/aZY_-WFWqW4 O v\u00eddeo acima \u00e9 de um trecho da entrevista que o atual Prefeito de S\u00e3o Paulo, Jo\u00e3o D\u00f3ria Jr. fez anos atr\u00e1s com Eike Batista, Presidente do grupo EBX. Antes de ser Prefeito, D\u00f3ria tinha um programa de TV chamado \"Show Business\" onde recebia empres\u00e1rios. Nessa ocasi\u00e3o, antes da\u2026","rel":"","context":"Em &quot;Sem categoria&quot;","block_context":{"text":"Sem categoria","link":"https:\/\/gersonguelmann.com.br\/blog\/category\/sem-categoria\/"},"img":{"alt_text":"","src":"https:\/\/i0.wp.com\/gersonguelmann.com.br\/blog\/wp-content\/uploads\/2017\/10\/Eike.jpg?fit=1200%2C600&ssl=1&resize=350%2C200","width":350,"height":200,"srcset":"https:\/\/i0.wp.com\/gersonguelmann.com.br\/blog\/wp-content\/uploads\/2017\/10\/Eike.jpg?fit=1200%2C600&ssl=1&resize=350%2C200 1x, https:\/\/i0.wp.com\/gersonguelmann.com.br\/blog\/wp-content\/uploads\/2017\/10\/Eike.jpg?fit=1200%2C600&ssl=1&resize=525%2C300 1.5x, https:\/\/i0.wp.com\/gersonguelmann.com.br\/blog\/wp-content\/uploads\/2017\/10\/Eike.jpg?fit=1200%2C600&ssl=1&resize=700%2C400 2x, https:\/\/i0.wp.com\/gersonguelmann.com.br\/blog\/wp-content\/uploads\/2017\/10\/Eike.jpg?fit=1200%2C600&ssl=1&resize=1050%2C600 3x"},"classes":[]},{"id":20379,"url":"https:\/\/gersonguelmann.com.br\/blog\/como-seria-a-retrospectiva-de-2020-segundo-o-google\/","url_meta":{"origin":12788,"position":2},"title":"Como Seria a Retrospectiva de 2020 Segundo o Google","author":"Gerson Guelmann","date":"16 de dezembro de 2020","format":false,"excerpt":"Texto muito bem redigido (e bem humorado) sobre como seria a retrospectiva de 2020 pelos crit\u00e9rios dos termos mais usados nas pesquisas do Google: Janeiro: \u2022 Onde fica Wuhan? \u2022 Chin\u00eas come morcego? Fevereiro: \u2022 Como matar v\u00edrus? \u2022 O que \u00e9 pandemia? Mar\u00e7o: \u2022 O que \u00e9 lockdown? \u2022\u2026","rel":"","context":"Em &quot;Sem categoria&quot;","block_context":{"text":"Sem categoria","link":"https:\/\/gersonguelmann.com.br\/blog\/category\/sem-categoria\/"},"img":{"alt_text":"","src":"https:\/\/i0.wp.com\/gersonguelmann.com.br\/blog\/wp-content\/uploads\/2020\/12\/2020.jpeg?fit=500%2C334&ssl=1&resize=350%2C200","width":350,"height":200},"classes":[]},{"id":4725,"url":"https:\/\/gersonguelmann.com.br\/blog\/como-e-o-ceu-de-curitiba-para-os-que-tem-saudade\/","url_meta":{"origin":12788,"position":3},"title":"Como \u00e9 o C\u00e9u de Curitiba (Para os Que T\u00eam Saudade)","author":"Gerson Guelmann","date":"21 de novembro de 2017","format":false,"excerpt":"E n\u00e3o \u00e9 assim mesmo?","rel":"","context":"Em &quot;Sem categoria&quot;","block_context":{"text":"Sem categoria","link":"https:\/\/gersonguelmann.com.br\/blog\/category\/sem-categoria\/"},"img":{"alt_text":"","src":"https:\/\/i0.wp.com\/gersonguelmann.com.br\/blog\/wp-content\/uploads\/2017\/11\/C%C3%A9u-de-Curitiba.jpg?fit=600%2C600&ssl=1&resize=350%2C200","width":350,"height":200,"srcset":"https:\/\/i0.wp.com\/gersonguelmann.com.br\/blog\/wp-content\/uploads\/2017\/11\/C%C3%A9u-de-Curitiba.jpg?fit=600%2C600&ssl=1&resize=350%2C200 1x, https:\/\/i0.wp.com\/gersonguelmann.com.br\/blog\/wp-content\/uploads\/2017\/11\/C%C3%A9u-de-Curitiba.jpg?fit=600%2C600&ssl=1&resize=525%2C300 1.5x"},"classes":[]},{"id":19023,"url":"https:\/\/gersonguelmann.com.br\/blog\/essa-e-para-alegrar-a-torcida-do-flamengo\/","url_meta":{"origin":12788,"position":4},"title":"Essa \u00e9 Para Alegrar a Torcida do Flamengo","author":"Gerson Guelmann","date":"30 de outubro de 2019","format":false,"excerpt":"\u00c9 ineg\u00e1vel que at\u00e9 mesmo quem n\u00e3o aprecia ou simplesmente n\u00e3o acompanha o futebol brasileiro sabe que o Flamengo est\u00e1 \"voando baixo\" no Brasileir\u00e3o. O time realmente estabeleceu um novo patamar no cen\u00e1rio futebol\u00edstico, seja pelo elevado investimento em jogadores, seja pela contrata\u00e7\u00e3o de um t\u00e9cnico portugu\u00eas que aparentemente conhece\u2026","rel":"","context":"Em &quot;Sem categoria&quot;","block_context":{"text":"Sem categoria","link":"https:\/\/gersonguelmann.com.br\/blog\/category\/sem-categoria\/"},"img":{"alt_text":"","src":"https:\/\/i0.wp.com\/gersonguelmann.com.br\/blog\/wp-content\/uploads\/2019\/10\/Flamengo.jpg?fit=730%2C350&ssl=1&resize=350%2C200","width":350,"height":200,"srcset":"https:\/\/i0.wp.com\/gersonguelmann.com.br\/blog\/wp-content\/uploads\/2019\/10\/Flamengo.jpg?fit=730%2C350&ssl=1&resize=350%2C200 1x, https:\/\/i0.wp.com\/gersonguelmann.com.br\/blog\/wp-content\/uploads\/2019\/10\/Flamengo.jpg?fit=730%2C350&ssl=1&resize=525%2C300 1.5x, https:\/\/i0.wp.com\/gersonguelmann.com.br\/blog\/wp-content\/uploads\/2019\/10\/Flamengo.jpg?fit=730%2C350&ssl=1&resize=700%2C400 2x"},"classes":[]},{"id":25181,"url":"https:\/\/gersonguelmann.com.br\/blog\/jaime-e-fani-lerner-na-macoinaria-o-reconhecimento-que-perdura\/","url_meta":{"origin":12788,"position":5},"title":"Jaime e Fani Lerner: na Ma\u00e7onaria, o Reconhecimento Que Perdura","author":"Gerson Guelmann","date":"31 de mar\u00e7o de 2025","format":false,"excerpt":"Na \u00faltima sexta-feira, 28 de mar\u00e7o, tive o honroso privil\u00e9gio de representar a querida Ilana Lerner Hoffman na homenagem feita aos seus pais, Jaime e Fani Lerner, pelo Grande Oriente do Brasil \u2013 Paran\u00e1. A data marcou o primeiro anivers\u00e1rio de funda\u00e7\u00e3o da Augusta e Respeit\u00e1vel Loja Simb\u00f3lica Jaime Lerner\u2026","rel":"","context":"Em &quot;Sem categoria&quot;","block_context":{"text":"Sem categoria","link":"https:\/\/gersonguelmann.com.br\/blog\/category\/sem-categoria\/"},"img":{"alt_text":"","src":"https:\/\/i0.wp.com\/gersonguelmann.com.br\/blog\/wp-content\/uploads\/2025\/03\/HojePR-26.jpg?fit=450%2C600&ssl=1&resize=350%2C200","width":350,"height":200},"classes":[]}],"jetpack_sharing_enabled":true,"post_mailing_queue_ids":[],"_links":{"self":[{"href":"https:\/\/gersonguelmann.com.br\/blog\/wp-json\/wp\/v2\/posts\/12788","targetHints":{"allow":["GET"]}}],"collection":[{"href":"https:\/\/gersonguelmann.com.br\/blog\/wp-json\/wp\/v2\/posts"}],"about":[{"href":"https:\/\/gersonguelmann.com.br\/blog\/wp-json\/wp\/v2\/types\/post"}],"author":[{"embeddable":true,"href":"https:\/\/gersonguelmann.com.br\/blog\/wp-json\/wp\/v2\/users\/5"}],"replies":[{"embeddable":true,"href":"https:\/\/gersonguelmann.com.br\/blog\/wp-json\/wp\/v2\/comments?post=12788"}],"version-history":[{"count":0,"href":"https:\/\/gersonguelmann.com.br\/blog\/wp-json\/wp\/v2\/posts\/12788\/revisions"}],"wp:featuredmedia":[{"embeddable":true,"href":"https:\/\/gersonguelmann.com.br\/blog\/wp-json\/wp\/v2\/media\/12792"}],"wp:attachment":[{"href":"https:\/\/gersonguelmann.com.br\/blog\/wp-json\/wp\/v2\/media?parent=12788"}],"wp:term":[{"taxonomy":"category","embeddable":true,"href":"https:\/\/gersonguelmann.com.br\/blog\/wp-json\/wp\/v2\/categories?post=12788"},{"taxonomy":"post_tag","embeddable":true,"href":"https:\/\/gersonguelmann.com.br\/blog\/wp-json\/wp\/v2\/tags?post=12788"}],"curies":[{"name":"wp","href":"https:\/\/api.w.org\/{rel}","templated":true}]}}