    {"id":12794,"date":"2018-05-11T12:12:36","date_gmt":"2018-05-11T15:12:36","guid":{"rendered":"https:\/\/gersonguelmann.com.br\/blog\/?p=12794"},"modified":"2018-05-11T12:12:36","modified_gmt":"2018-05-11T15:12:36","slug":"na-colacao-de-grau-o-recado-para-a-amiga-que-pegou-o-namorado-alheio","status":"publish","type":"post","link":"https:\/\/gersonguelmann.com.br\/blog\/na-colacao-de-grau-o-recado-para-a-amiga-que-pegou-o-namorado-alheio\/","title":{"rendered":"Na Cola\u00e7\u00e3o de Grau, O Recado Para a Amiga Que Pegou o Namorado Alheio"},"content":{"rendered":"<p style=\"text-align: center;\"><img data-recalc-dims=\"1\" decoding=\"async\" data-attachment-id=\"12795\" data-permalink=\"https:\/\/gersonguelmann.com.br\/blog\/na-colacao-de-grau-o-recado-para-a-amiga-que-pegou-o-namorado-alheio\/formanda-juramento-450x242\/\" data-orig-file=\"https:\/\/i0.wp.com\/gersonguelmann.com.br\/blog\/wp-content\/uploads\/2018\/05\/formanda-juramento-450x242.jpg?fit=450%2C242&amp;ssl=1\" data-orig-size=\"450,242\" data-comments-opened=\"1\" data-image-meta=\"{&quot;aperture&quot;:&quot;0&quot;,&quot;credit&quot;:&quot;&quot;,&quot;camera&quot;:&quot;&quot;,&quot;caption&quot;:&quot;&quot;,&quot;created_timestamp&quot;:&quot;0&quot;,&quot;copyright&quot;:&quot;&quot;,&quot;focal_length&quot;:&quot;0&quot;,&quot;iso&quot;:&quot;0&quot;,&quot;shutter_speed&quot;:&quot;0&quot;,&quot;title&quot;:&quot;&quot;,&quot;orientation&quot;:&quot;0&quot;}\" data-image-title=\"formanda-juramento-450&amp;#215;242\" data-image-description=\"\" data-image-caption=\"\" data-medium-file=\"https:\/\/i0.wp.com\/gersonguelmann.com.br\/blog\/wp-content\/uploads\/2018\/05\/formanda-juramento-450x242.jpg?fit=300%2C161&amp;ssl=1\" data-large-file=\"https:\/\/i0.wp.com\/gersonguelmann.com.br\/blog\/wp-content\/uploads\/2018\/05\/formanda-juramento-450x242.jpg?fit=450%2C242&amp;ssl=1\" class=\"alignnone size-medium wp-image-12795\" src=\"https:\/\/i0.wp.com\/gersonguelmann.com.br\/blog\/wp-content\/uploads\/2018\/05\/formanda-juramento-450x242.jpg?resize=300%2C161&#038;ssl=1\" alt=\"\" width=\"300\" height=\"161\" srcset=\"https:\/\/i0.wp.com\/gersonguelmann.com.br\/blog\/wp-content\/uploads\/2018\/05\/formanda-juramento-450x242.jpg?resize=300%2C161&amp;ssl=1 300w, https:\/\/i0.wp.com\/gersonguelmann.com.br\/blog\/wp-content\/uploads\/2018\/05\/formanda-juramento-450x242.jpg?resize=450%2C242&amp;ssl=1 450w\" sizes=\"(max-width: 300px) 100vw, 300px\" \/><\/p>\n<p><span style=\"font-family: georgia, palatino, serif; font-size: 18pt;\">A cola\u00e7\u00e3o de grau da turma de Direito da Universidade Est\u00e1cio de S\u00e1, em Nova Igua\u00e7u (RJ) teve um lance inusitado.<\/span><\/p>\n<p><span style=\"font-family: georgia, palatino, serif; font-size: 18pt;\">A formanda\u00a0Rebeca Bruno, durante o juramento, mandou um recado para a colega que &#8220;roubou&#8221; seu namorado.<\/span><\/p>\n<p><span style=\"font-family: georgia, palatino, serif; font-size: 18pt;\">O v\u00eddeo foi para a internet e virou um sucesso de visualiza\u00e7\u00f5es.<\/span><\/p>\n<p><span class=\"embed-youtube\" style=\"text-align:center; display: block;\"><iframe class=\"youtube-player\" width=\"640\" height=\"360\" src=\"https:\/\/www.youtube.com\/embed\/dB3IvgTs51k?version=3&#038;rel=1&#038;showsearch=0&#038;showinfo=1&#038;iv_load_policy=1&#038;fs=1&#038;hl=pt-BR&#038;autohide=2&#038;wmode=transparent\" allowfullscreen=\"true\" style=\"border:0;\" sandbox=\"allow-scripts allow-same-origin allow-popups allow-presentation allow-popups-to-escape-sandbox\"><\/iframe><\/span><\/p>\n","protected":false},"excerpt":{"rendered":"<p>A cola\u00e7\u00e3o de grau da turma de Direito da Universidade Est\u00e1cio de S\u00e1, em Nova Igua\u00e7u (RJ) teve um lance inusitado. A formanda\u00a0Rebeca Bruno, durante o juramento, mandou um recado para a colega que &#8220;roubou&#8221; seu namorado. O v\u00eddeo foi para a internet e virou um sucesso de visualiza\u00e7\u00f5es.<\/p>\n","protected":false},"author":5,"featured_media":12795,"comment_status":"open","ping_status":"open","sticky":false,"template":"","format":"standard","meta":{"_acf_changed":false,"jetpack_post_was_ever_published":false,"_jetpack_newsletter_access":"","_jetpack_dont_email_post_to_subs":false,"_jetpack_newsletter_tier_id":0,"_jetpack_memberships_contains_paywalled_content":false,"_jetpack_memberships_contains_paid_content":false,"footnotes":"","jetpack_publicize_message":"","jetpack_publicize_feature_enabled":true,"jetpack_social_post_already_shared":true,"jetpack_social_options":{"image_generator_settings":{"template":"highway","default_image_id":0,"font":"","enabled":false},"version":2}},"categories":[1],"tags":[],"class_list":["post-12794","post","type-post","status-publish","format-standard","has-post-thumbnail","hentry","category-sem-categoria"],"acf":[],"yoast_head":"<!-- This site is optimized with the Yoast SEO plugin v27.3 - https:\/\/yoast.com\/product\/yoast-seo-wordpress\/ -->\n<title>Na Cola\u00e7\u00e3o de Grau, O Recado Para a Amiga Que Pegou o Namorado Alheio | Blog do Guelmann<\/title>\n<meta name=\"robots\" content=\"index, follow, max-snippet:-1, max-image-preview:large, max-video-preview:-1\" \/>\n<link rel=\"canonical\" href=\"https:\/\/gersonguelmann.com.br\/blog\/na-colacao-de-grau-o-recado-para-a-amiga-que-pegou-o-namorado-alheio\/\" \/>\n<meta property=\"og:locale\" content=\"pt_BR\" \/>\n<meta property=\"og:type\" content=\"article\" \/>\n<meta property=\"og:title\" content=\"Na Cola\u00e7\u00e3o de Grau, O Recado Para a Amiga Que Pegou o Namorado Alheio | Blog do Guelmann\" \/>\n<meta property=\"og:description\" content=\"A cola\u00e7\u00e3o de grau da turma de Direito da Universidade Est\u00e1cio de S\u00e1, em Nova Igua\u00e7u (RJ) teve um lance inusitado. A formanda\u00a0Rebeca Bruno, durante o juramento, mandou um recado para a colega que &#8220;roubou&#8221; seu namorado. O v\u00eddeo foi para a internet e virou um sucesso de visualiza\u00e7\u00f5es.\" \/>\n<meta property=\"og:url\" content=\"https:\/\/gersonguelmann.com.br\/blog\/na-colacao-de-grau-o-recado-para-a-amiga-que-pegou-o-namorado-alheio\/\" \/>\n<meta property=\"og:site_name\" content=\"Blog do Guelmann\" \/>\n<meta property=\"article:published_time\" content=\"2018-05-11T15:12:36+00:00\" \/>\n<meta property=\"og:image\" content=\"https:\/\/i0.wp.com\/gersonguelmann.com.br\/blog\/wp-content\/uploads\/2018\/05\/formanda-juramento-450x242.jpg?fit=450%2C242&ssl=1\" \/>\n\t<meta property=\"og:image:width\" content=\"450\" \/>\n\t<meta property=\"og:image:height\" content=\"242\" \/>\n\t<meta property=\"og:image:type\" content=\"image\/jpeg\" \/>\n<meta name=\"author\" content=\"Gerson Guelmann\" \/>\n<meta name=\"twitter:card\" content=\"summary_large_image\" \/>\n<meta name=\"twitter:label1\" content=\"Escrito por\" \/>\n\t<meta name=\"twitter:data1\" content=\"Gerson Guelmann\" \/>\n<script type=\"application\/ld+json\" class=\"yoast-schema-graph\">{\"@context\":\"https:\\\/\\\/schema.org\",\"@graph\":[{\"@type\":\"Article\",\"@id\":\"https:\\\/\\\/gersonguelmann.com.br\\\/blog\\\/na-colacao-de-grau-o-recado-para-a-amiga-que-pegou-o-namorado-alheio\\\/#article\",\"isPartOf\":{\"@id\":\"https:\\\/\\\/gersonguelmann.com.br\\\/blog\\\/na-colacao-de-grau-o-recado-para-a-amiga-que-pegou-o-namorado-alheio\\\/\"},\"author\":{\"name\":\"Gerson Guelmann\",\"@id\":\"https:\\\/\\\/gersonguelmann.com.br\\\/blog\\\/#\\\/schema\\\/person\\\/87e70e2a786888082f941a482c90569e\"},\"headline\":\"Na Cola\u00e7\u00e3o de Grau, O Recado Para a Amiga Que Pegou o Namorado Alheio\",\"datePublished\":\"2018-05-11T15:12:36+00:00\",\"mainEntityOfPage\":{\"@id\":\"https:\\\/\\\/gersonguelmann.com.br\\\/blog\\\/na-colacao-de-grau-o-recado-para-a-amiga-que-pegou-o-namorado-alheio\\\/\"},\"wordCount\":83,\"commentCount\":0,\"image\":{\"@id\":\"https:\\\/\\\/gersonguelmann.com.br\\\/blog\\\/na-colacao-de-grau-o-recado-para-a-amiga-que-pegou-o-namorado-alheio\\\/#primaryimage\"},\"thumbnailUrl\":\"https:\\\/\\\/i0.wp.com\\\/gersonguelmann.com.br\\\/blog\\\/wp-content\\\/uploads\\\/2018\\\/05\\\/formanda-juramento-450x242.jpg?fit=450%2C242&ssl=1\",\"inLanguage\":\"pt-BR\",\"potentialAction\":[{\"@type\":\"CommentAction\",\"name\":\"Comment\",\"target\":[\"https:\\\/\\\/gersonguelmann.com.br\\\/blog\\\/na-colacao-de-grau-o-recado-para-a-amiga-que-pegou-o-namorado-alheio\\\/#respond\"]}]},{\"@type\":\"WebPage\",\"@id\":\"https:\\\/\\\/gersonguelmann.com.br\\\/blog\\\/na-colacao-de-grau-o-recado-para-a-amiga-que-pegou-o-namorado-alheio\\\/\",\"url\":\"https:\\\/\\\/gersonguelmann.com.br\\\/blog\\\/na-colacao-de-grau-o-recado-para-a-amiga-que-pegou-o-namorado-alheio\\\/\",\"name\":\"Na Cola\u00e7\u00e3o de Grau, O Recado Para a Amiga Que Pegou o Namorado Alheio | Blog do Guelmann\",\"isPartOf\":{\"@id\":\"https:\\\/\\\/gersonguelmann.com.br\\\/blog\\\/#website\"},\"primaryImageOfPage\":{\"@id\":\"https:\\\/\\\/gersonguelmann.com.br\\\/blog\\\/na-colacao-de-grau-o-recado-para-a-amiga-que-pegou-o-namorado-alheio\\\/#primaryimage\"},\"image\":{\"@id\":\"https:\\\/\\\/gersonguelmann.com.br\\\/blog\\\/na-colacao-de-grau-o-recado-para-a-amiga-que-pegou-o-namorado-alheio\\\/#primaryimage\"},\"thumbnailUrl\":\"https:\\\/\\\/i0.wp.com\\\/gersonguelmann.com.br\\\/blog\\\/wp-content\\\/uploads\\\/2018\\\/05\\\/formanda-juramento-450x242.jpg?fit=450%2C242&ssl=1\",\"datePublished\":\"2018-05-11T15:12:36+00:00\",\"author\":{\"@id\":\"https:\\\/\\\/gersonguelmann.com.br\\\/blog\\\/#\\\/schema\\\/person\\\/87e70e2a786888082f941a482c90569e\"},\"inLanguage\":\"pt-BR\",\"potentialAction\":[{\"@type\":\"ReadAction\",\"target\":[\"https:\\\/\\\/gersonguelmann.com.br\\\/blog\\\/na-colacao-de-grau-o-recado-para-a-amiga-que-pegou-o-namorado-alheio\\\/\"]}]},{\"@type\":\"ImageObject\",\"inLanguage\":\"pt-BR\",\"@id\":\"https:\\\/\\\/gersonguelmann.com.br\\\/blog\\\/na-colacao-de-grau-o-recado-para-a-amiga-que-pegou-o-namorado-alheio\\\/#primaryimage\",\"url\":\"https:\\\/\\\/i0.wp.com\\\/gersonguelmann.com.br\\\/blog\\\/wp-content\\\/uploads\\\/2018\\\/05\\\/formanda-juramento-450x242.jpg?fit=450%2C242&ssl=1\",\"contentUrl\":\"https:\\\/\\\/i0.wp.com\\\/gersonguelmann.com.br\\\/blog\\\/wp-content\\\/uploads\\\/2018\\\/05\\\/formanda-juramento-450x242.jpg?fit=450%2C242&ssl=1\",\"width\":450,\"height\":242},{\"@type\":\"WebSite\",\"@id\":\"https:\\\/\\\/gersonguelmann.com.br\\\/blog\\\/#website\",\"url\":\"https:\\\/\\\/gersonguelmann.com.br\\\/blog\\\/\",\"name\":\"Blog do Guelmann\",\"description\":\"Pitadas da sabedoria e do humor judaicos, assuntos do momento e um pouco das hist\u00f3rias que vivi e testemunhei.\",\"potentialAction\":[{\"@type\":\"SearchAction\",\"target\":{\"@type\":\"EntryPoint\",\"urlTemplate\":\"https:\\\/\\\/gersonguelmann.com.br\\\/blog\\\/?s={search_term_string}\"},\"query-input\":{\"@type\":\"PropertyValueSpecification\",\"valueRequired\":true,\"valueName\":\"search_term_string\"}}],\"inLanguage\":\"pt-BR\"},{\"@type\":\"Person\",\"@id\":\"https:\\\/\\\/gersonguelmann.com.br\\\/blog\\\/#\\\/schema\\\/person\\\/87e70e2a786888082f941a482c90569e\",\"name\":\"Gerson Guelmann\",\"image\":{\"@type\":\"ImageObject\",\"inLanguage\":\"pt-BR\",\"@id\":\"https:\\\/\\\/i0.wp.com\\\/gersonguelmann.com.br\\\/blog\\\/wp-content\\\/uploads\\\/2021\\\/08\\\/BLOG.jpeg?fit=96%2C96&ssl=1\",\"url\":\"https:\\\/\\\/i0.wp.com\\\/gersonguelmann.com.br\\\/blog\\\/wp-content\\\/uploads\\\/2021\\\/08\\\/BLOG.jpeg?fit=96%2C96&ssl=1\",\"contentUrl\":\"https:\\\/\\\/i0.wp.com\\\/gersonguelmann.com.br\\\/blog\\\/wp-content\\\/uploads\\\/2021\\\/08\\\/BLOG.jpeg?fit=96%2C96&ssl=1\",\"caption\":\"Gerson Guelmann\"},\"description\":\"Pitadas da sabedoria e do humor judaicos, assuntos do momento e um pouco das hist\u00f3rias que vivi e testemunhei.\"}]}<\/script>\n<!-- \/ Yoast SEO plugin. -->","yoast_head_json":{"title":"Na Cola\u00e7\u00e3o de Grau, O Recado Para a Amiga Que Pegou o Namorado Alheio | Blog do Guelmann","robots":{"index":"index","follow":"follow","max-snippet":"max-snippet:-1","max-image-preview":"max-image-preview:large","max-video-preview":"max-video-preview:-1"},"canonical":"https:\/\/gersonguelmann.com.br\/blog\/na-colacao-de-grau-o-recado-para-a-amiga-que-pegou-o-namorado-alheio\/","og_locale":"pt_BR","og_type":"article","og_title":"Na Cola\u00e7\u00e3o de Grau, O Recado Para a Amiga Que Pegou o Namorado Alheio | Blog do Guelmann","og_description":"A cola\u00e7\u00e3o de grau da turma de Direito da Universidade Est\u00e1cio de S\u00e1, em Nova Igua\u00e7u (RJ) teve um lance inusitado. A formanda\u00a0Rebeca Bruno, durante o juramento, mandou um recado para a colega que &#8220;roubou&#8221; seu namorado. O v\u00eddeo foi para a internet e virou um sucesso de visualiza\u00e7\u00f5es.","og_url":"https:\/\/gersonguelmann.com.br\/blog\/na-colacao-de-grau-o-recado-para-a-amiga-que-pegou-o-namorado-alheio\/","og_site_name":"Blog do Guelmann","article_published_time":"2018-05-11T15:12:36+00:00","og_image":[{"width":450,"height":242,"url":"https:\/\/i0.wp.com\/gersonguelmann.com.br\/blog\/wp-content\/uploads\/2018\/05\/formanda-juramento-450x242.jpg?fit=450%2C242&ssl=1","type":"image\/jpeg"}],"author":"Gerson Guelmann","twitter_card":"summary_large_image","twitter_misc":{"Escrito por":"Gerson Guelmann"},"schema":{"@context":"https:\/\/schema.org","@graph":[{"@type":"Article","@id":"https:\/\/gersonguelmann.com.br\/blog\/na-colacao-de-grau-o-recado-para-a-amiga-que-pegou-o-namorado-alheio\/#article","isPartOf":{"@id":"https:\/\/gersonguelmann.com.br\/blog\/na-colacao-de-grau-o-recado-para-a-amiga-que-pegou-o-namorado-alheio\/"},"author":{"name":"Gerson Guelmann","@id":"https:\/\/gersonguelmann.com.br\/blog\/#\/schema\/person\/87e70e2a786888082f941a482c90569e"},"headline":"Na Cola\u00e7\u00e3o de Grau, O Recado Para a Amiga Que Pegou o Namorado Alheio","datePublished":"2018-05-11T15:12:36+00:00","mainEntityOfPage":{"@id":"https:\/\/gersonguelmann.com.br\/blog\/na-colacao-de-grau-o-recado-para-a-amiga-que-pegou-o-namorado-alheio\/"},"wordCount":83,"commentCount":0,"image":{"@id":"https:\/\/gersonguelmann.com.br\/blog\/na-colacao-de-grau-o-recado-para-a-amiga-que-pegou-o-namorado-alheio\/#primaryimage"},"thumbnailUrl":"https:\/\/i0.wp.com\/gersonguelmann.com.br\/blog\/wp-content\/uploads\/2018\/05\/formanda-juramento-450x242.jpg?fit=450%2C242&ssl=1","inLanguage":"pt-BR","potentialAction":[{"@type":"CommentAction","name":"Comment","target":["https:\/\/gersonguelmann.com.br\/blog\/na-colacao-de-grau-o-recado-para-a-amiga-que-pegou-o-namorado-alheio\/#respond"]}]},{"@type":"WebPage","@id":"https:\/\/gersonguelmann.com.br\/blog\/na-colacao-de-grau-o-recado-para-a-amiga-que-pegou-o-namorado-alheio\/","url":"https:\/\/gersonguelmann.com.br\/blog\/na-colacao-de-grau-o-recado-para-a-amiga-que-pegou-o-namorado-alheio\/","name":"Na Cola\u00e7\u00e3o de Grau, O Recado Para a Amiga Que Pegou o Namorado Alheio | Blog do Guelmann","isPartOf":{"@id":"https:\/\/gersonguelmann.com.br\/blog\/#website"},"primaryImageOfPage":{"@id":"https:\/\/gersonguelmann.com.br\/blog\/na-colacao-de-grau-o-recado-para-a-amiga-que-pegou-o-namorado-alheio\/#primaryimage"},"image":{"@id":"https:\/\/gersonguelmann.com.br\/blog\/na-colacao-de-grau-o-recado-para-a-amiga-que-pegou-o-namorado-alheio\/#primaryimage"},"thumbnailUrl":"https:\/\/i0.wp.com\/gersonguelmann.com.br\/blog\/wp-content\/uploads\/2018\/05\/formanda-juramento-450x242.jpg?fit=450%2C242&ssl=1","datePublished":"2018-05-11T15:12:36+00:00","author":{"@id":"https:\/\/gersonguelmann.com.br\/blog\/#\/schema\/person\/87e70e2a786888082f941a482c90569e"},"inLanguage":"pt-BR","potentialAction":[{"@type":"ReadAction","target":["https:\/\/gersonguelmann.com.br\/blog\/na-colacao-de-grau-o-recado-para-a-amiga-que-pegou-o-namorado-alheio\/"]}]},{"@type":"ImageObject","inLanguage":"pt-BR","@id":"https:\/\/gersonguelmann.com.br\/blog\/na-colacao-de-grau-o-recado-para-a-amiga-que-pegou-o-namorado-alheio\/#primaryimage","url":"https:\/\/i0.wp.com\/gersonguelmann.com.br\/blog\/wp-content\/uploads\/2018\/05\/formanda-juramento-450x242.jpg?fit=450%2C242&ssl=1","contentUrl":"https:\/\/i0.wp.com\/gersonguelmann.com.br\/blog\/wp-content\/uploads\/2018\/05\/formanda-juramento-450x242.jpg?fit=450%2C242&ssl=1","width":450,"height":242},{"@type":"WebSite","@id":"https:\/\/gersonguelmann.com.br\/blog\/#website","url":"https:\/\/gersonguelmann.com.br\/blog\/","name":"Blog do Guelmann","description":"Pitadas da sabedoria e do humor judaicos, assuntos do momento e um pouco das hist\u00f3rias que vivi e testemunhei.","potentialAction":[{"@type":"SearchAction","target":{"@type":"EntryPoint","urlTemplate":"https:\/\/gersonguelmann.com.br\/blog\/?s={search_term_string}"},"query-input":{"@type":"PropertyValueSpecification","valueRequired":true,"valueName":"search_term_string"}}],"inLanguage":"pt-BR"},{"@type":"Person","@id":"https:\/\/gersonguelmann.com.br\/blog\/#\/schema\/person\/87e70e2a786888082f941a482c90569e","name":"Gerson Guelmann","image":{"@type":"ImageObject","inLanguage":"pt-BR","@id":"https:\/\/i0.wp.com\/gersonguelmann.com.br\/blog\/wp-content\/uploads\/2021\/08\/BLOG.jpeg?fit=96%2C96&ssl=1","url":"https:\/\/i0.wp.com\/gersonguelmann.com.br\/blog\/wp-content\/uploads\/2021\/08\/BLOG.jpeg?fit=96%2C96&ssl=1","contentUrl":"https:\/\/i0.wp.com\/gersonguelmann.com.br\/blog\/wp-content\/uploads\/2021\/08\/BLOG.jpeg?fit=96%2C96&ssl=1","caption":"Gerson Guelmann"},"description":"Pitadas da sabedoria e do humor judaicos, assuntos do momento e um pouco das hist\u00f3rias que vivi e testemunhei."}]}},"views":47,"jetpack_publicize_connections":[],"jetpack_featured_media_url":"https:\/\/i0.wp.com\/gersonguelmann.com.br\/blog\/wp-content\/uploads\/2018\/05\/formanda-juramento-450x242.jpg?fit=450%2C242&ssl=1","jetpack_shortlink":"https:\/\/wp.me\/p96e7O-3km","jetpack-related-posts":[{"id":15951,"url":"https:\/\/gersonguelmann.com.br\/blog\/deputado-cego-da-o-seu-recado-e-tambem-um-exemplo\/","url_meta":{"origin":12794,"position":0},"title":"Deputado Cego D\u00e1 o Seu Recado (e Tamb\u00e9m Um Exemplo)","author":"Gerson Guelmann","date":"21 de fevereiro de 2019","format":false,"excerpt":"No dia 1\/2\/2019 o\u00a0Deputado Federal Felipe Rigoni tomou posse como representante do estado do Esp\u00edrito Santo. Eleito com 84.405 votos j\u00e1 na primeira tentativa, ele foi o 2\u00ba deputado federal mais votado no estado. At\u00e9 a\u00ed n\u00e3o haveria maior destaque, mas a vit\u00f3ria dele representa uma conquista muito maior do\u2026","rel":"","context":"Em &quot;Sem categoria&quot;","block_context":{"text":"Sem categoria","link":"https:\/\/gersonguelmann.com.br\/blog\/category\/sem-categoria\/"},"img":{"alt_text":"","src":"https:\/\/i0.wp.com\/gersonguelmann.com.br\/blog\/wp-content\/uploads\/2019\/02\/Cego.jpg?fit=755%2C500&ssl=1&resize=350%2C200","width":350,"height":200,"srcset":"https:\/\/i0.wp.com\/gersonguelmann.com.br\/blog\/wp-content\/uploads\/2019\/02\/Cego.jpg?fit=755%2C500&ssl=1&resize=350%2C200 1x, https:\/\/i0.wp.com\/gersonguelmann.com.br\/blog\/wp-content\/uploads\/2019\/02\/Cego.jpg?fit=755%2C500&ssl=1&resize=525%2C300 1.5x, https:\/\/i0.wp.com\/gersonguelmann.com.br\/blog\/wp-content\/uploads\/2019\/02\/Cego.jpg?fit=755%2C500&ssl=1&resize=700%2C400 2x"},"classes":[]},{"id":12797,"url":"https:\/\/gersonguelmann.com.br\/blog\/em-joinville-o-recado-da-classe-empresarial\/","url_meta":{"origin":12794,"position":1},"title":"Em Joinville, o Recado da Classe Empresarial","author":"Gerson Guelmann","date":"11 de maio de 2018","format":false,"excerpt":"Come\u00e7ou dia 8 e termina hoje em Joinville (SC), a\u00a0ExpoGest\u00e3o, onde l\u00edderes empresariais e gestores trocaram experi\u00eancias atrav\u00e9s de palestras. Em um dos pain\u00e9is, chamou a aten\u00e7\u00e3o o slide apresentado pelo palestrante. Para ler, amplie a foto.","rel":"","context":"Em &quot;Sem categoria&quot;","block_context":{"text":"Sem categoria","link":"https:\/\/gersonguelmann.com.br\/blog\/category\/sem-categoria\/"},"img":{"alt_text":"","src":"https:\/\/i0.wp.com\/gersonguelmann.com.br\/blog\/wp-content\/uploads\/2018\/05\/170601_Site_Fotos_Box_06.jpg?fit=358%2C358&ssl=1&resize=350%2C200","width":350,"height":200},"classes":[]},{"id":14078,"url":"https:\/\/gersonguelmann.com.br\/blog\/rapaz-tentou-atropelar-namorada-porque-ela-o-mandou-tomar-banho\/","url_meta":{"origin":12794,"position":2},"title":"Rapaz Tentou Atropelar Namorada Porque Ela o Mandou Tomar Banho","author":"Gerson Guelmann","date":"18 de junho de 2018","format":false,"excerpt":"Imagem:\u00a0https:\/\/www.keepcalm-o-matic.co.uk Acredite, \u00e9 verdade. E n\u00e3o foi no sentido figurado, foi na acep\u00e7\u00e3o do termo, mesmo, e aconteceu ontem em Cuiab\u00e1, no Mato Grosso. Leia a mat\u00e9ria: Jovem bate em namorada e tenta atropel\u00e1-la de caminh\u00e3o por ela o mandar tomar banho Ele a agrediu com pux\u00f5es de cabelos e\u2026","rel":"","context":"Em &quot;Sem categoria&quot;","block_context":{"text":"Sem categoria","link":"https:\/\/gersonguelmann.com.br\/blog\/category\/sem-categoria\/"},"img":{"alt_text":"","src":"https:\/\/i0.wp.com\/gersonguelmann.com.br\/blog\/wp-content\/uploads\/2018\/06\/Banho.png?fit=600%2C700&ssl=1&resize=350%2C200","width":350,"height":200,"srcset":"https:\/\/i0.wp.com\/gersonguelmann.com.br\/blog\/wp-content\/uploads\/2018\/06\/Banho.png?fit=600%2C700&ssl=1&resize=350%2C200 1x, https:\/\/i0.wp.com\/gersonguelmann.com.br\/blog\/wp-content\/uploads\/2018\/06\/Banho.png?fit=600%2C700&ssl=1&resize=525%2C300 1.5x"},"classes":[]},{"id":18346,"url":"https:\/\/gersonguelmann.com.br\/blog\/a-ejaculacao-precoce-pode-matar\/","url_meta":{"origin":12794,"position":3},"title":"A Ejacula\u00e7\u00e3o Precoce Pode Matar!","author":"Gerson Guelmann","date":"9 de setembro de 2019","format":false,"excerpt":"Tive um amigo de juventude que dizia que a pior coisa que podia acontecer \u00e0 um homem era sofrer de \"ejacula\u00e7\u00e3o precoce, ere\u00e7\u00e3o tardia e insufici\u00eancia peniana\". Bom, parece que pelo no caso relatado abaixo, a vida de um homem foi amea\u00e7ada por apenas uma dessas condi\u00e7\u00f5es. Veja o que\u2026","rel":"","context":"Em &quot;Sem categoria&quot;","block_context":{"text":"Sem categoria","link":"https:\/\/gersonguelmann.com.br\/blog\/category\/sem-categoria\/"},"img":{"alt_text":"","src":"https:\/\/i0.wp.com\/gersonguelmann.com.br\/blog\/wp-content\/uploads\/2019\/09\/burned-match.jpg?fit=960%2C325&ssl=1&resize=350%2C200","width":350,"height":200,"srcset":"https:\/\/i0.wp.com\/gersonguelmann.com.br\/blog\/wp-content\/uploads\/2019\/09\/burned-match.jpg?fit=960%2C325&ssl=1&resize=350%2C200 1x, https:\/\/i0.wp.com\/gersonguelmann.com.br\/blog\/wp-content\/uploads\/2019\/09\/burned-match.jpg?fit=960%2C325&ssl=1&resize=525%2C300 1.5x, https:\/\/i0.wp.com\/gersonguelmann.com.br\/blog\/wp-content\/uploads\/2019\/09\/burned-match.jpg?fit=960%2C325&ssl=1&resize=700%2C400 2x"},"classes":[]},{"id":20399,"url":"https:\/\/gersonguelmann.com.br\/blog\/em-tempos-de-amigo-secreto-a-emocao\/","url_meta":{"origin":12794,"position":4},"title":"Em Tempos de Amigo Secreto, a Emo\u00e7\u00e3o&#8230;","author":"Gerson Guelmann","date":"17 de dezembro de 2020","format":false,"excerpt":"Recebi h\u00e1 pouco e fui buscar no YouTube uma mensagem verdadeiramente emocionante. \u00c9 um comercial do Governo do Cear\u00e1 que faz um alerta aos jovens que est\u00e3o se expondo ao Coronavirus. Nesses tempos de comemora\u00e7\u00f5es de final de ano, o recado \u00e9 impactante. D\u00e1 para dizer que \u00e9 um pedido\u2026","rel":"","context":"Em &quot;Sem categoria&quot;","block_context":{"text":"Sem categoria","link":"https:\/\/gersonguelmann.com.br\/blog\/category\/sem-categoria\/"},"img":{"alt_text":"","src":"https:\/\/i0.wp.com\/gersonguelmann.com.br\/blog\/wp-content\/uploads\/2020\/12\/DESPEDIDAS.jpg?fit=960%2C518&ssl=1&resize=350%2C200","width":350,"height":200,"srcset":"https:\/\/i0.wp.com\/gersonguelmann.com.br\/blog\/wp-content\/uploads\/2020\/12\/DESPEDIDAS.jpg?fit=960%2C518&ssl=1&resize=350%2C200 1x, https:\/\/i0.wp.com\/gersonguelmann.com.br\/blog\/wp-content\/uploads\/2020\/12\/DESPEDIDAS.jpg?fit=960%2C518&ssl=1&resize=525%2C300 1.5x, https:\/\/i0.wp.com\/gersonguelmann.com.br\/blog\/wp-content\/uploads\/2020\/12\/DESPEDIDAS.jpg?fit=960%2C518&ssl=1&resize=700%2C400 2x"},"classes":[]},{"id":8020,"url":"https:\/\/gersonguelmann.com.br\/blog\/isaac-e-o-namorado-da-filha\/","url_meta":{"origin":12794,"position":5},"title":"Isaac e o Namorado da Filha","author":"Gerson Guelmann","date":"17 de julho de 2024","format":false,"excerpt":"Isaac ia ter a primeira conversa com o rapaz que a filha estava namorando e com quem ela queria casar. Como todo sogro, Isaac estava preocupado em saber qual era a a profiss\u00e3o do futuro genro, do que ele vivia, etc., e para evitar o constrangimento de uma conversa em\u2026","rel":"","context":"Em &quot;Sem categoria&quot;","block_context":{"text":"Sem categoria","link":"https:\/\/gersonguelmann.com.br\/blog\/category\/sem-categoria\/"},"img":{"alt_text":"","src":"https:\/\/i0.wp.com\/gersonguelmann.com.br\/blog\/wp-content\/uploads\/2024\/07\/HojePR-10.jpg?fit=1000%2C1000&ssl=1&resize=350%2C200","width":350,"height":200,"srcset":"https:\/\/i0.wp.com\/gersonguelmann.com.br\/blog\/wp-content\/uploads\/2024\/07\/HojePR-10.jpg?fit=1000%2C1000&ssl=1&resize=350%2C200 1x, https:\/\/i0.wp.com\/gersonguelmann.com.br\/blog\/wp-content\/uploads\/2024\/07\/HojePR-10.jpg?fit=1000%2C1000&ssl=1&resize=525%2C300 1.5x, https:\/\/i0.wp.com\/gersonguelmann.com.br\/blog\/wp-content\/uploads\/2024\/07\/HojePR-10.jpg?fit=1000%2C1000&ssl=1&resize=700%2C400 2x"},"classes":[]}],"jetpack_sharing_enabled":true,"post_mailing_queue_ids":[],"_links":{"self":[{"href":"https:\/\/gersonguelmann.com.br\/blog\/wp-json\/wp\/v2\/posts\/12794","targetHints":{"allow":["GET"]}}],"collection":[{"href":"https:\/\/gersonguelmann.com.br\/blog\/wp-json\/wp\/v2\/posts"}],"about":[{"href":"https:\/\/gersonguelmann.com.br\/blog\/wp-json\/wp\/v2\/types\/post"}],"author":[{"embeddable":true,"href":"https:\/\/gersonguelmann.com.br\/blog\/wp-json\/wp\/v2\/users\/5"}],"replies":[{"embeddable":true,"href":"https:\/\/gersonguelmann.com.br\/blog\/wp-json\/wp\/v2\/comments?post=12794"}],"version-history":[{"count":0,"href":"https:\/\/gersonguelmann.com.br\/blog\/wp-json\/wp\/v2\/posts\/12794\/revisions"}],"wp:featuredmedia":[{"embeddable":true,"href":"https:\/\/gersonguelmann.com.br\/blog\/wp-json\/wp\/v2\/media\/12795"}],"wp:attachment":[{"href":"https:\/\/gersonguelmann.com.br\/blog\/wp-json\/wp\/v2\/media?parent=12794"}],"wp:term":[{"taxonomy":"category","embeddable":true,"href":"https:\/\/gersonguelmann.com.br\/blog\/wp-json\/wp\/v2\/categories?post=12794"},{"taxonomy":"post_tag","embeddable":true,"href":"https:\/\/gersonguelmann.com.br\/blog\/wp-json\/wp\/v2\/tags?post=12794"}],"curies":[{"name":"wp","href":"https:\/\/api.w.org\/{rel}","templated":true}]}}