    {"id":12797,"date":"2018-05-11T12:37:51","date_gmt":"2018-05-11T15:37:51","guid":{"rendered":"https:\/\/gersonguelmann.com.br\/blog\/?p=12797"},"modified":"2018-05-11T12:37:51","modified_gmt":"2018-05-11T15:37:51","slug":"em-joinville-o-recado-da-classe-empresarial","status":"publish","type":"post","link":"https:\/\/gersonguelmann.com.br\/blog\/em-joinville-o-recado-da-classe-empresarial\/","title":{"rendered":"Em Joinville, o Recado da Classe Empresarial"},"content":{"rendered":"<p style=\"text-align: center;\">\n<p style=\"text-align: center;\"><img data-recalc-dims=\"1\" fetchpriority=\"high\" decoding=\"async\" data-attachment-id=\"12799\" data-permalink=\"https:\/\/gersonguelmann.com.br\/blog\/em-joinville-o-recado-da-classe-empresarial\/170601_site_fotos_box_06\/\" data-orig-file=\"https:\/\/i0.wp.com\/gersonguelmann.com.br\/blog\/wp-content\/uploads\/2018\/05\/170601_Site_Fotos_Box_06.jpg?fit=358%2C358&amp;ssl=1\" data-orig-size=\"358,358\" data-comments-opened=\"1\" data-image-meta=\"{&quot;aperture&quot;:&quot;0&quot;,&quot;credit&quot;:&quot;&quot;,&quot;camera&quot;:&quot;&quot;,&quot;caption&quot;:&quot;&quot;,&quot;created_timestamp&quot;:&quot;0&quot;,&quot;copyright&quot;:&quot;&quot;,&quot;focal_length&quot;:&quot;0&quot;,&quot;iso&quot;:&quot;0&quot;,&quot;shutter_speed&quot;:&quot;0&quot;,&quot;title&quot;:&quot;&quot;,&quot;orientation&quot;:&quot;1&quot;}\" data-image-title=\"170601_Site_Fotos_Box_06\" data-image-description=\"\" data-image-caption=\"\" data-medium-file=\"https:\/\/i0.wp.com\/gersonguelmann.com.br\/blog\/wp-content\/uploads\/2018\/05\/170601_Site_Fotos_Box_06.jpg?fit=300%2C300&amp;ssl=1\" data-large-file=\"https:\/\/i0.wp.com\/gersonguelmann.com.br\/blog\/wp-content\/uploads\/2018\/05\/170601_Site_Fotos_Box_06.jpg?fit=358%2C358&amp;ssl=1\" class=\"alignnone size-medium wp-image-12799\" src=\"https:\/\/i0.wp.com\/gersonguelmann.com.br\/blog\/wp-content\/uploads\/2018\/05\/170601_Site_Fotos_Box_06.jpg?resize=300%2C300&#038;ssl=1\" alt=\"\" width=\"300\" height=\"300\" srcset=\"https:\/\/i0.wp.com\/gersonguelmann.com.br\/blog\/wp-content\/uploads\/2018\/05\/170601_Site_Fotos_Box_06.jpg?resize=300%2C300&amp;ssl=1 300w, https:\/\/i0.wp.com\/gersonguelmann.com.br\/blog\/wp-content\/uploads\/2018\/05\/170601_Site_Fotos_Box_06.jpg?resize=150%2C150&amp;ssl=1 150w, https:\/\/i0.wp.com\/gersonguelmann.com.br\/blog\/wp-content\/uploads\/2018\/05\/170601_Site_Fotos_Box_06.jpg?resize=70%2C70&amp;ssl=1 70w, https:\/\/i0.wp.com\/gersonguelmann.com.br\/blog\/wp-content\/uploads\/2018\/05\/170601_Site_Fotos_Box_06.jpg?resize=127%2C127&amp;ssl=1 127w, https:\/\/i0.wp.com\/gersonguelmann.com.br\/blog\/wp-content\/uploads\/2018\/05\/170601_Site_Fotos_Box_06.jpg?resize=125%2C125&amp;ssl=1 125w, https:\/\/i0.wp.com\/gersonguelmann.com.br\/blog\/wp-content\/uploads\/2018\/05\/170601_Site_Fotos_Box_06.jpg?w=358&amp;ssl=1 358w\" sizes=\"(max-width: 300px) 100vw, 300px\" \/><\/p>\n<p><span style=\"font-family: georgia, palatino, serif; font-size: 18pt; color: #000000;\">Come\u00e7ou dia 8 e termina hoje em Joinville (SC), a\u00a0ExpoGest\u00e3o, onde l\u00edderes empresariais e gestores trocaram experi\u00eancias atrav\u00e9s de palestras.<\/span><\/p>\n<p><span style=\"font-family: georgia, palatino, serif; font-size: 18pt; color: #000000;\">Em um dos pain\u00e9is, chamou a aten\u00e7\u00e3o o slide apresentado pelo palestrante.<\/span><\/p>\n<p><span style=\"font-family: georgia, palatino, serif; font-size: 18pt; color: #000000;\">Para ler, amplie a foto.<\/span><\/p>\n<p><img data-recalc-dims=\"1\" decoding=\"async\" data-attachment-id=\"12798\" data-permalink=\"https:\/\/gersonguelmann.com.br\/blog\/em-joinville-o-recado-da-classe-empresarial\/expogestao\/\" data-orig-file=\"https:\/\/i0.wp.com\/gersonguelmann.com.br\/blog\/wp-content\/uploads\/2018\/05\/Expogest%C3%A3o.jpg?fit=1280%2C960&amp;ssl=1\" data-orig-size=\"1280,960\" data-comments-opened=\"1\" data-image-meta=\"{&quot;aperture&quot;:&quot;0&quot;,&quot;credit&quot;:&quot;&quot;,&quot;camera&quot;:&quot;&quot;,&quot;caption&quot;:&quot;&quot;,&quot;created_timestamp&quot;:&quot;0&quot;,&quot;copyright&quot;:&quot;&quot;,&quot;focal_length&quot;:&quot;0&quot;,&quot;iso&quot;:&quot;0&quot;,&quot;shutter_speed&quot;:&quot;0&quot;,&quot;title&quot;:&quot;&quot;,&quot;orientation&quot;:&quot;0&quot;}\" data-image-title=\"Expogest\u00e3o\" data-image-description=\"\" data-image-caption=\"\" data-medium-file=\"https:\/\/i0.wp.com\/gersonguelmann.com.br\/blog\/wp-content\/uploads\/2018\/05\/Expogest%C3%A3o.jpg?fit=300%2C225&amp;ssl=1\" data-large-file=\"https:\/\/i0.wp.com\/gersonguelmann.com.br\/blog\/wp-content\/uploads\/2018\/05\/Expogest%C3%A3o.jpg?fit=640%2C480&amp;ssl=1\" class=\"size-medium wp-image-12798 aligncenter\" src=\"https:\/\/i0.wp.com\/gersonguelmann.com.br\/blog\/wp-content\/uploads\/2018\/05\/Expogest%C3%A3o.jpg?resize=300%2C225&#038;ssl=1\" alt=\"\" width=\"300\" height=\"225\" srcset=\"https:\/\/i0.wp.com\/gersonguelmann.com.br\/blog\/wp-content\/uploads\/2018\/05\/Expogest%C3%A3o.jpg?resize=300%2C225&amp;ssl=1 300w, https:\/\/i0.wp.com\/gersonguelmann.com.br\/blog\/wp-content\/uploads\/2018\/05\/Expogest%C3%A3o.jpg?resize=768%2C576&amp;ssl=1 768w, https:\/\/i0.wp.com\/gersonguelmann.com.br\/blog\/wp-content\/uploads\/2018\/05\/Expogest%C3%A3o.jpg?resize=1024%2C768&amp;ssl=1 1024w, https:\/\/i0.wp.com\/gersonguelmann.com.br\/blog\/wp-content\/uploads\/2018\/05\/Expogest%C3%A3o.jpg?w=1280&amp;ssl=1 1280w\" sizes=\"(max-width: 300px) 100vw, 300px\" \/><\/p>\n","protected":false},"excerpt":{"rendered":"<p>Come\u00e7ou dia 8 e termina hoje em Joinville (SC), a\u00a0ExpoGest\u00e3o, onde l\u00edderes empresariais e gestores trocaram experi\u00eancias atrav\u00e9s de palestras. Em um dos pain\u00e9is, chamou a aten\u00e7\u00e3o o slide apresentado pelo palestrante. Para ler, amplie a foto.<\/p>\n","protected":false},"author":5,"featured_media":12799,"comment_status":"open","ping_status":"open","sticky":false,"template":"","format":"standard","meta":{"_acf_changed":false,"jetpack_post_was_ever_published":false,"_jetpack_newsletter_access":"","_jetpack_dont_email_post_to_subs":false,"_jetpack_newsletter_tier_id":0,"_jetpack_memberships_contains_paywalled_content":false,"_jetpack_memberships_contains_paid_content":false,"footnotes":"","jetpack_publicize_message":"","jetpack_publicize_feature_enabled":true,"jetpack_social_post_already_shared":true,"jetpack_social_options":{"image_generator_settings":{"template":"highway","default_image_id":0,"font":"","enabled":false},"version":2}},"categories":[1],"tags":[],"class_list":["post-12797","post","type-post","status-publish","format-standard","has-post-thumbnail","hentry","category-sem-categoria"],"acf":[],"yoast_head":"<!-- This site is optimized with the Yoast SEO plugin v27.3 - https:\/\/yoast.com\/product\/yoast-seo-wordpress\/ -->\n<title>Em Joinville, o Recado da Classe Empresarial | Blog do Guelmann<\/title>\n<meta name=\"robots\" content=\"index, follow, max-snippet:-1, max-image-preview:large, max-video-preview:-1\" \/>\n<link rel=\"canonical\" href=\"https:\/\/gersonguelmann.com.br\/blog\/em-joinville-o-recado-da-classe-empresarial\/\" \/>\n<meta property=\"og:locale\" content=\"pt_BR\" \/>\n<meta property=\"og:type\" content=\"article\" \/>\n<meta property=\"og:title\" content=\"Em Joinville, o Recado da Classe Empresarial | Blog do Guelmann\" \/>\n<meta property=\"og:description\" content=\"Come\u00e7ou dia 8 e termina hoje em Joinville (SC), a\u00a0ExpoGest\u00e3o, onde l\u00edderes empresariais e gestores trocaram experi\u00eancias atrav\u00e9s de palestras. Em um dos pain\u00e9is, chamou a aten\u00e7\u00e3o o slide apresentado pelo palestrante. Para ler, amplie a foto.\" \/>\n<meta property=\"og:url\" content=\"https:\/\/gersonguelmann.com.br\/blog\/em-joinville-o-recado-da-classe-empresarial\/\" \/>\n<meta property=\"og:site_name\" content=\"Blog do Guelmann\" \/>\n<meta property=\"article:published_time\" content=\"2018-05-11T15:37:51+00:00\" \/>\n<meta property=\"og:image\" content=\"https:\/\/i0.wp.com\/gersonguelmann.com.br\/blog\/wp-content\/uploads\/2018\/05\/170601_Site_Fotos_Box_06.jpg?fit=358%2C358&ssl=1\" \/>\n\t<meta property=\"og:image:width\" content=\"358\" \/>\n\t<meta property=\"og:image:height\" content=\"358\" \/>\n\t<meta property=\"og:image:type\" content=\"image\/jpeg\" \/>\n<meta name=\"author\" content=\"Gerson Guelmann\" \/>\n<meta name=\"twitter:card\" content=\"summary_large_image\" \/>\n<meta name=\"twitter:label1\" content=\"Escrito por\" \/>\n\t<meta name=\"twitter:data1\" content=\"Gerson Guelmann\" \/>\n<script type=\"application\/ld+json\" class=\"yoast-schema-graph\">{\"@context\":\"https:\\\/\\\/schema.org\",\"@graph\":[{\"@type\":\"Article\",\"@id\":\"https:\\\/\\\/gersonguelmann.com.br\\\/blog\\\/em-joinville-o-recado-da-classe-empresarial\\\/#article\",\"isPartOf\":{\"@id\":\"https:\\\/\\\/gersonguelmann.com.br\\\/blog\\\/em-joinville-o-recado-da-classe-empresarial\\\/\"},\"author\":{\"name\":\"Gerson Guelmann\",\"@id\":\"https:\\\/\\\/gersonguelmann.com.br\\\/blog\\\/#\\\/schema\\\/person\\\/87e70e2a786888082f941a482c90569e\"},\"headline\":\"Em Joinville, o Recado da Classe Empresarial\",\"datePublished\":\"2018-05-11T15:37:51+00:00\",\"mainEntityOfPage\":{\"@id\":\"https:\\\/\\\/gersonguelmann.com.br\\\/blog\\\/em-joinville-o-recado-da-classe-empresarial\\\/\"},\"wordCount\":51,\"commentCount\":0,\"image\":{\"@id\":\"https:\\\/\\\/gersonguelmann.com.br\\\/blog\\\/em-joinville-o-recado-da-classe-empresarial\\\/#primaryimage\"},\"thumbnailUrl\":\"https:\\\/\\\/i0.wp.com\\\/gersonguelmann.com.br\\\/blog\\\/wp-content\\\/uploads\\\/2018\\\/05\\\/170601_Site_Fotos_Box_06.jpg?fit=358%2C358&ssl=1\",\"inLanguage\":\"pt-BR\",\"potentialAction\":[{\"@type\":\"CommentAction\",\"name\":\"Comment\",\"target\":[\"https:\\\/\\\/gersonguelmann.com.br\\\/blog\\\/em-joinville-o-recado-da-classe-empresarial\\\/#respond\"]}]},{\"@type\":\"WebPage\",\"@id\":\"https:\\\/\\\/gersonguelmann.com.br\\\/blog\\\/em-joinville-o-recado-da-classe-empresarial\\\/\",\"url\":\"https:\\\/\\\/gersonguelmann.com.br\\\/blog\\\/em-joinville-o-recado-da-classe-empresarial\\\/\",\"name\":\"Em Joinville, o Recado da Classe Empresarial | Blog do Guelmann\",\"isPartOf\":{\"@id\":\"https:\\\/\\\/gersonguelmann.com.br\\\/blog\\\/#website\"},\"primaryImageOfPage\":{\"@id\":\"https:\\\/\\\/gersonguelmann.com.br\\\/blog\\\/em-joinville-o-recado-da-classe-empresarial\\\/#primaryimage\"},\"image\":{\"@id\":\"https:\\\/\\\/gersonguelmann.com.br\\\/blog\\\/em-joinville-o-recado-da-classe-empresarial\\\/#primaryimage\"},\"thumbnailUrl\":\"https:\\\/\\\/i0.wp.com\\\/gersonguelmann.com.br\\\/blog\\\/wp-content\\\/uploads\\\/2018\\\/05\\\/170601_Site_Fotos_Box_06.jpg?fit=358%2C358&ssl=1\",\"datePublished\":\"2018-05-11T15:37:51+00:00\",\"author\":{\"@id\":\"https:\\\/\\\/gersonguelmann.com.br\\\/blog\\\/#\\\/schema\\\/person\\\/87e70e2a786888082f941a482c90569e\"},\"inLanguage\":\"pt-BR\",\"potentialAction\":[{\"@type\":\"ReadAction\",\"target\":[\"https:\\\/\\\/gersonguelmann.com.br\\\/blog\\\/em-joinville-o-recado-da-classe-empresarial\\\/\"]}]},{\"@type\":\"ImageObject\",\"inLanguage\":\"pt-BR\",\"@id\":\"https:\\\/\\\/gersonguelmann.com.br\\\/blog\\\/em-joinville-o-recado-da-classe-empresarial\\\/#primaryimage\",\"url\":\"https:\\\/\\\/i0.wp.com\\\/gersonguelmann.com.br\\\/blog\\\/wp-content\\\/uploads\\\/2018\\\/05\\\/170601_Site_Fotos_Box_06.jpg?fit=358%2C358&ssl=1\",\"contentUrl\":\"https:\\\/\\\/i0.wp.com\\\/gersonguelmann.com.br\\\/blog\\\/wp-content\\\/uploads\\\/2018\\\/05\\\/170601_Site_Fotos_Box_06.jpg?fit=358%2C358&ssl=1\",\"width\":358,\"height\":358},{\"@type\":\"WebSite\",\"@id\":\"https:\\\/\\\/gersonguelmann.com.br\\\/blog\\\/#website\",\"url\":\"https:\\\/\\\/gersonguelmann.com.br\\\/blog\\\/\",\"name\":\"Blog do Guelmann\",\"description\":\"Pitadas da sabedoria e do humor judaicos, assuntos do momento e um pouco das hist\u00f3rias que vivi e testemunhei.\",\"potentialAction\":[{\"@type\":\"SearchAction\",\"target\":{\"@type\":\"EntryPoint\",\"urlTemplate\":\"https:\\\/\\\/gersonguelmann.com.br\\\/blog\\\/?s={search_term_string}\"},\"query-input\":{\"@type\":\"PropertyValueSpecification\",\"valueRequired\":true,\"valueName\":\"search_term_string\"}}],\"inLanguage\":\"pt-BR\"},{\"@type\":\"Person\",\"@id\":\"https:\\\/\\\/gersonguelmann.com.br\\\/blog\\\/#\\\/schema\\\/person\\\/87e70e2a786888082f941a482c90569e\",\"name\":\"Gerson Guelmann\",\"image\":{\"@type\":\"ImageObject\",\"inLanguage\":\"pt-BR\",\"@id\":\"https:\\\/\\\/i0.wp.com\\\/gersonguelmann.com.br\\\/blog\\\/wp-content\\\/uploads\\\/2021\\\/08\\\/BLOG.jpeg?fit=96%2C96&ssl=1\",\"url\":\"https:\\\/\\\/i0.wp.com\\\/gersonguelmann.com.br\\\/blog\\\/wp-content\\\/uploads\\\/2021\\\/08\\\/BLOG.jpeg?fit=96%2C96&ssl=1\",\"contentUrl\":\"https:\\\/\\\/i0.wp.com\\\/gersonguelmann.com.br\\\/blog\\\/wp-content\\\/uploads\\\/2021\\\/08\\\/BLOG.jpeg?fit=96%2C96&ssl=1\",\"caption\":\"Gerson Guelmann\"},\"description\":\"Pitadas da sabedoria e do humor judaicos, assuntos do momento e um pouco das hist\u00f3rias que vivi e testemunhei.\"}]}<\/script>\n<!-- \/ Yoast SEO plugin. -->","yoast_head_json":{"title":"Em Joinville, o Recado da Classe Empresarial | Blog do Guelmann","robots":{"index":"index","follow":"follow","max-snippet":"max-snippet:-1","max-image-preview":"max-image-preview:large","max-video-preview":"max-video-preview:-1"},"canonical":"https:\/\/gersonguelmann.com.br\/blog\/em-joinville-o-recado-da-classe-empresarial\/","og_locale":"pt_BR","og_type":"article","og_title":"Em Joinville, o Recado da Classe Empresarial | Blog do Guelmann","og_description":"Come\u00e7ou dia 8 e termina hoje em Joinville (SC), a\u00a0ExpoGest\u00e3o, onde l\u00edderes empresariais e gestores trocaram experi\u00eancias atrav\u00e9s de palestras. Em um dos pain\u00e9is, chamou a aten\u00e7\u00e3o o slide apresentado pelo palestrante. Para ler, amplie a foto.","og_url":"https:\/\/gersonguelmann.com.br\/blog\/em-joinville-o-recado-da-classe-empresarial\/","og_site_name":"Blog do Guelmann","article_published_time":"2018-05-11T15:37:51+00:00","og_image":[{"width":358,"height":358,"url":"https:\/\/i0.wp.com\/gersonguelmann.com.br\/blog\/wp-content\/uploads\/2018\/05\/170601_Site_Fotos_Box_06.jpg?fit=358%2C358&ssl=1","type":"image\/jpeg"}],"author":"Gerson Guelmann","twitter_card":"summary_large_image","twitter_misc":{"Escrito por":"Gerson Guelmann"},"schema":{"@context":"https:\/\/schema.org","@graph":[{"@type":"Article","@id":"https:\/\/gersonguelmann.com.br\/blog\/em-joinville-o-recado-da-classe-empresarial\/#article","isPartOf":{"@id":"https:\/\/gersonguelmann.com.br\/blog\/em-joinville-o-recado-da-classe-empresarial\/"},"author":{"name":"Gerson Guelmann","@id":"https:\/\/gersonguelmann.com.br\/blog\/#\/schema\/person\/87e70e2a786888082f941a482c90569e"},"headline":"Em Joinville, o Recado da Classe Empresarial","datePublished":"2018-05-11T15:37:51+00:00","mainEntityOfPage":{"@id":"https:\/\/gersonguelmann.com.br\/blog\/em-joinville-o-recado-da-classe-empresarial\/"},"wordCount":51,"commentCount":0,"image":{"@id":"https:\/\/gersonguelmann.com.br\/blog\/em-joinville-o-recado-da-classe-empresarial\/#primaryimage"},"thumbnailUrl":"https:\/\/i0.wp.com\/gersonguelmann.com.br\/blog\/wp-content\/uploads\/2018\/05\/170601_Site_Fotos_Box_06.jpg?fit=358%2C358&ssl=1","inLanguage":"pt-BR","potentialAction":[{"@type":"CommentAction","name":"Comment","target":["https:\/\/gersonguelmann.com.br\/blog\/em-joinville-o-recado-da-classe-empresarial\/#respond"]}]},{"@type":"WebPage","@id":"https:\/\/gersonguelmann.com.br\/blog\/em-joinville-o-recado-da-classe-empresarial\/","url":"https:\/\/gersonguelmann.com.br\/blog\/em-joinville-o-recado-da-classe-empresarial\/","name":"Em Joinville, o Recado da Classe Empresarial | Blog do Guelmann","isPartOf":{"@id":"https:\/\/gersonguelmann.com.br\/blog\/#website"},"primaryImageOfPage":{"@id":"https:\/\/gersonguelmann.com.br\/blog\/em-joinville-o-recado-da-classe-empresarial\/#primaryimage"},"image":{"@id":"https:\/\/gersonguelmann.com.br\/blog\/em-joinville-o-recado-da-classe-empresarial\/#primaryimage"},"thumbnailUrl":"https:\/\/i0.wp.com\/gersonguelmann.com.br\/blog\/wp-content\/uploads\/2018\/05\/170601_Site_Fotos_Box_06.jpg?fit=358%2C358&ssl=1","datePublished":"2018-05-11T15:37:51+00:00","author":{"@id":"https:\/\/gersonguelmann.com.br\/blog\/#\/schema\/person\/87e70e2a786888082f941a482c90569e"},"inLanguage":"pt-BR","potentialAction":[{"@type":"ReadAction","target":["https:\/\/gersonguelmann.com.br\/blog\/em-joinville-o-recado-da-classe-empresarial\/"]}]},{"@type":"ImageObject","inLanguage":"pt-BR","@id":"https:\/\/gersonguelmann.com.br\/blog\/em-joinville-o-recado-da-classe-empresarial\/#primaryimage","url":"https:\/\/i0.wp.com\/gersonguelmann.com.br\/blog\/wp-content\/uploads\/2018\/05\/170601_Site_Fotos_Box_06.jpg?fit=358%2C358&ssl=1","contentUrl":"https:\/\/i0.wp.com\/gersonguelmann.com.br\/blog\/wp-content\/uploads\/2018\/05\/170601_Site_Fotos_Box_06.jpg?fit=358%2C358&ssl=1","width":358,"height":358},{"@type":"WebSite","@id":"https:\/\/gersonguelmann.com.br\/blog\/#website","url":"https:\/\/gersonguelmann.com.br\/blog\/","name":"Blog do Guelmann","description":"Pitadas da sabedoria e do humor judaicos, assuntos do momento e um pouco das hist\u00f3rias que vivi e testemunhei.","potentialAction":[{"@type":"SearchAction","target":{"@type":"EntryPoint","urlTemplate":"https:\/\/gersonguelmann.com.br\/blog\/?s={search_term_string}"},"query-input":{"@type":"PropertyValueSpecification","valueRequired":true,"valueName":"search_term_string"}}],"inLanguage":"pt-BR"},{"@type":"Person","@id":"https:\/\/gersonguelmann.com.br\/blog\/#\/schema\/person\/87e70e2a786888082f941a482c90569e","name":"Gerson Guelmann","image":{"@type":"ImageObject","inLanguage":"pt-BR","@id":"https:\/\/i0.wp.com\/gersonguelmann.com.br\/blog\/wp-content\/uploads\/2021\/08\/BLOG.jpeg?fit=96%2C96&ssl=1","url":"https:\/\/i0.wp.com\/gersonguelmann.com.br\/blog\/wp-content\/uploads\/2021\/08\/BLOG.jpeg?fit=96%2C96&ssl=1","contentUrl":"https:\/\/i0.wp.com\/gersonguelmann.com.br\/blog\/wp-content\/uploads\/2021\/08\/BLOG.jpeg?fit=96%2C96&ssl=1","caption":"Gerson Guelmann"},"description":"Pitadas da sabedoria e do humor judaicos, assuntos do momento e um pouco das hist\u00f3rias que vivi e testemunhei."}]}},"views":26,"jetpack_publicize_connections":[],"jetpack_featured_media_url":"https:\/\/i0.wp.com\/gersonguelmann.com.br\/blog\/wp-content\/uploads\/2018\/05\/170601_Site_Fotos_Box_06.jpg?fit=358%2C358&ssl=1","jetpack_shortlink":"https:\/\/wp.me\/p96e7O-3kp","jetpack-related-posts":[{"id":11946,"url":"https:\/\/gersonguelmann.com.br\/blog\/em-joinville-10-anos-competencia-amor-ao-seu-pet\/","url_meta":{"origin":12797,"position":0},"title":"Em Joinville, 10 Anos de Compet\u00eancia e Amor ao Seu Pet","author":"Gerson Guelmann","date":"22 de abril de 2018","format":false,"excerpt":"Com o orgulho de tio, compartilho do site dos meus queridos sobrinhos: \u00a0 Uma d\u00e9cada de amor ao pet por\u00a0Vet Plus Hospital Veterin\u00e1rio\u00a0|\u00a0abr 19, 2018 H\u00e1 10 anos, uma hist\u00f3ria de cuidados, amor e companheirismo come\u00e7ava. Tudo come\u00e7ou em abril de 2008, quando F\u00e1bio Magalh\u00e3es e Gilian Guelmann abriram a\u2026","rel":"","context":"Em &quot;Sem categoria&quot;","block_context":{"text":"Sem categoria","link":"https:\/\/gersonguelmann.com.br\/blog\/category\/sem-categoria\/"},"img":{"alt_text":"","src":"https:\/\/i0.wp.com\/gersonguelmann.com.br\/blog\/wp-content\/uploads\/2018\/04\/VetPlus_IMGDest_Artigo10Anos_02.jpg?fit=660%2C445&ssl=1&resize=350%2C200","width":350,"height":200,"srcset":"https:\/\/i0.wp.com\/gersonguelmann.com.br\/blog\/wp-content\/uploads\/2018\/04\/VetPlus_IMGDest_Artigo10Anos_02.jpg?fit=660%2C445&ssl=1&resize=350%2C200 1x, https:\/\/i0.wp.com\/gersonguelmann.com.br\/blog\/wp-content\/uploads\/2018\/04\/VetPlus_IMGDest_Artigo10Anos_02.jpg?fit=660%2C445&ssl=1&resize=525%2C300 1.5x"},"classes":[]},{"id":12706,"url":"https:\/\/gersonguelmann.com.br\/blog\/em-sc-padre-e-condenado-por-estupro-de-menor\/","url_meta":{"origin":12797,"position":1},"title":"Em SC, Padre \u00c9 Condenado Por Estupro de Menor","author":"Gerson Guelmann","date":"9 de maio de 2018","format":false,"excerpt":"Abusos sexuais contra crian\u00e7as acontecem todos os dias e em todos os lugares do mundo. Parece que as campanhas n\u00e3o d\u00e3o conta de conscientizar a popula\u00e7\u00e3o quanto as medidas de prote\u00e7\u00e3o e de observa\u00e7\u00e3o dos sintomas que podem ser a manifesta\u00e7\u00e3o de que os pequenos sofreram algum tipo de viol\u00eancia\u2026","rel":"","context":"Em &quot;Sem categoria&quot;","block_context":{"text":"Sem categoria","link":"https:\/\/gersonguelmann.com.br\/blog\/category\/sem-categoria\/"},"img":{"alt_text":"","src":"https:\/\/i0.wp.com\/gersonguelmann.com.br\/blog\/wp-content\/uploads\/2018\/05\/Abuso.jpeg?fit=1200%2C800&ssl=1&resize=350%2C200","width":350,"height":200,"srcset":"https:\/\/i0.wp.com\/gersonguelmann.com.br\/blog\/wp-content\/uploads\/2018\/05\/Abuso.jpeg?fit=1200%2C800&ssl=1&resize=350%2C200 1x, https:\/\/i0.wp.com\/gersonguelmann.com.br\/blog\/wp-content\/uploads\/2018\/05\/Abuso.jpeg?fit=1200%2C800&ssl=1&resize=525%2C300 1.5x, https:\/\/i0.wp.com\/gersonguelmann.com.br\/blog\/wp-content\/uploads\/2018\/05\/Abuso.jpeg?fit=1200%2C800&ssl=1&resize=700%2C400 2x, https:\/\/i0.wp.com\/gersonguelmann.com.br\/blog\/wp-content\/uploads\/2018\/05\/Abuso.jpeg?fit=1200%2C800&ssl=1&resize=1050%2C600 3x"},"classes":[]},{"id":8766,"url":"https:\/\/gersonguelmann.com.br\/blog\/eduarda-precisa-de-sangue-compartilhe-por-favor\/","url_meta":{"origin":12797,"position":2},"title":"A Eduarda Precisa de Sangue! Compartilhe, Por Favor!","author":"Gerson Guelmann","date":"18 de fevereiro de 2018","format":false,"excerpt":"A pequena\u00a0Eduarda Bittencourt \u00e9 de Joinville e fez um transplante de medula dia 07\/02 no Hospital Pequeno Pr\u00edncipe aqui em Curitiba. Infelizmente surgiram complica\u00e7\u00f5es no tratamento e ela est\u00e1 necessitando urgentemente de doadores de sangue dos tipos A- e O-. A Eduarda corre risco de vida, pois n\u00e3o tem defesa\u2026","rel":"","context":"Em &quot;Sem categoria&quot;","block_context":{"text":"Sem categoria","link":"https:\/\/gersonguelmann.com.br\/blog\/category\/sem-categoria\/"},"img":{"alt_text":"","src":"https:\/\/i0.wp.com\/gersonguelmann.com.br\/blog\/wp-content\/uploads\/2018\/02\/Eduarda-1.png?fit=905%2C1200&ssl=1&resize=350%2C200","width":350,"height":200,"srcset":"https:\/\/i0.wp.com\/gersonguelmann.com.br\/blog\/wp-content\/uploads\/2018\/02\/Eduarda-1.png?fit=905%2C1200&ssl=1&resize=350%2C200 1x, https:\/\/i0.wp.com\/gersonguelmann.com.br\/blog\/wp-content\/uploads\/2018\/02\/Eduarda-1.png?fit=905%2C1200&ssl=1&resize=525%2C300 1.5x, https:\/\/i0.wp.com\/gersonguelmann.com.br\/blog\/wp-content\/uploads\/2018\/02\/Eduarda-1.png?fit=905%2C1200&ssl=1&resize=700%2C400 2x"},"classes":[]},{"id":9213,"url":"https:\/\/gersonguelmann.com.br\/blog\/para-deixarmos-de-ser-um-pais-de-bananas\/","url_meta":{"origin":12797,"position":3},"title":"Para Deixarmos de Ser Um Pa\u00eds de Bananas","author":"Gerson Guelmann","date":"27 de fevereiro de 2018","format":false,"excerpt":"Rodrigo de Alcantara Zimmermann foi o orador da turma de Direito pela Universidade Federal de Santa Catarina em 2008. O discurso dele na solenidade de formatura viralizou na internet.\u00a0 At\u00e9 hoje o v\u00eddeo \u00e9 compartilhado como a express\u00e3o do desejo de um Brasil que um dia deixe de ser um\u2026","rel":"","context":"Em &quot;Sem categoria&quot;","block_context":{"text":"Sem categoria","link":"https:\/\/gersonguelmann.com.br\/blog\/category\/sem-categoria\/"},"img":{"alt_text":"","src":"https:\/\/i0.wp.com\/gersonguelmann.com.br\/blog\/wp-content\/uploads\/2018\/02\/Bananas.jpg?fit=967%2C725&ssl=1&resize=350%2C200","width":350,"height":200,"srcset":"https:\/\/i0.wp.com\/gersonguelmann.com.br\/blog\/wp-content\/uploads\/2018\/02\/Bananas.jpg?fit=967%2C725&ssl=1&resize=350%2C200 1x, https:\/\/i0.wp.com\/gersonguelmann.com.br\/blog\/wp-content\/uploads\/2018\/02\/Bananas.jpg?fit=967%2C725&ssl=1&resize=525%2C300 1.5x, https:\/\/i0.wp.com\/gersonguelmann.com.br\/blog\/wp-content\/uploads\/2018\/02\/Bananas.jpg?fit=967%2C725&ssl=1&resize=700%2C400 2x"},"classes":[]},{"id":16804,"url":"https:\/\/gersonguelmann.com.br\/blog\/exposicao-inedita-no-brasil-celebra-italia-com-arte-em-seda\/","url_meta":{"origin":12797,"position":4},"title":"Exposi\u00e7\u00e3o In\u00e9dita no Brasil Celebra It\u00e1lia Com Arte em Seda","author":"Gerson Guelmann","date":"29 de maio de 2019","format":false,"excerpt":"Andre Brik Foto: Camila Cornelsen Diferentes facetas da It\u00e1lia retratadas com muita arte num suporte inusitado: len\u00e7os de seda, tamb\u00e9m chamados de \u201cfoulards\u201d. \u00c9 isto que traz ao Mia Cara a exposi\u00e7\u00e3o 2.8 Seta-Re, que chega ao Brasil ap\u00f3s ter sido apresentada em cidades italianas. Em Curitiba, a mostra fica\u2026","rel":"","context":"Em &quot;Sem categoria&quot;","block_context":{"text":"Sem categoria","link":"https:\/\/gersonguelmann.com.br\/blog\/category\/sem-categoria\/"},"img":{"alt_text":"","src":"https:\/\/i0.wp.com\/gersonguelmann.com.br\/blog\/wp-content\/uploads\/2019\/05\/AB1.jpg?fit=1024%2C1017&ssl=1&resize=350%2C200","width":350,"height":200,"srcset":"https:\/\/i0.wp.com\/gersonguelmann.com.br\/blog\/wp-content\/uploads\/2019\/05\/AB1.jpg?fit=1024%2C1017&ssl=1&resize=350%2C200 1x, https:\/\/i0.wp.com\/gersonguelmann.com.br\/blog\/wp-content\/uploads\/2019\/05\/AB1.jpg?fit=1024%2C1017&ssl=1&resize=525%2C300 1.5x, https:\/\/i0.wp.com\/gersonguelmann.com.br\/blog\/wp-content\/uploads\/2019\/05\/AB1.jpg?fit=1024%2C1017&ssl=1&resize=700%2C400 2x"},"classes":[]},{"id":7860,"url":"https:\/\/gersonguelmann.com.br\/blog\/conhece-o-anel-para-esportistas\/","url_meta":{"origin":12797,"position":5},"title":"Conhece o Anel Para Esportistas?","author":"Gerson Guelmann","date":"30 de janeiro de 2018","format":false,"excerpt":"O meu dileto amigo Eduardo Mira, em sociedade com o\u00a0Fernando Mello, joalheiro com experi\u00eancia de 25 anos no mercado, criou a Sports Ring, uma empresa de base tecnol\u00f3gica\u00a0 especializada em joias personalizadas para esportistas. Sediada em Joinville (SC), a Sports Rings produz an\u00e9is comemorativos para triatletas, maratonistas, ultramaratonistas e corredores\u2026","rel":"","context":"Em &quot;Sem categoria&quot;","block_context":{"text":"Sem categoria","link":"https:\/\/gersonguelmann.com.br\/blog\/category\/sem-categoria\/"},"img":{"alt_text":"","src":"https:\/\/i0.wp.com\/gersonguelmann.com.br\/blog\/wp-content\/uploads\/2018\/01\/SR-2.jpg?fit=468%2C363&ssl=1&resize=350%2C200","width":350,"height":200},"classes":[]}],"jetpack_sharing_enabled":true,"post_mailing_queue_ids":[],"_links":{"self":[{"href":"https:\/\/gersonguelmann.com.br\/blog\/wp-json\/wp\/v2\/posts\/12797","targetHints":{"allow":["GET"]}}],"collection":[{"href":"https:\/\/gersonguelmann.com.br\/blog\/wp-json\/wp\/v2\/posts"}],"about":[{"href":"https:\/\/gersonguelmann.com.br\/blog\/wp-json\/wp\/v2\/types\/post"}],"author":[{"embeddable":true,"href":"https:\/\/gersonguelmann.com.br\/blog\/wp-json\/wp\/v2\/users\/5"}],"replies":[{"embeddable":true,"href":"https:\/\/gersonguelmann.com.br\/blog\/wp-json\/wp\/v2\/comments?post=12797"}],"version-history":[{"count":0,"href":"https:\/\/gersonguelmann.com.br\/blog\/wp-json\/wp\/v2\/posts\/12797\/revisions"}],"wp:featuredmedia":[{"embeddable":true,"href":"https:\/\/gersonguelmann.com.br\/blog\/wp-json\/wp\/v2\/media\/12799"}],"wp:attachment":[{"href":"https:\/\/gersonguelmann.com.br\/blog\/wp-json\/wp\/v2\/media?parent=12797"}],"wp:term":[{"taxonomy":"category","embeddable":true,"href":"https:\/\/gersonguelmann.com.br\/blog\/wp-json\/wp\/v2\/categories?post=12797"},{"taxonomy":"post_tag","embeddable":true,"href":"https:\/\/gersonguelmann.com.br\/blog\/wp-json\/wp\/v2\/tags?post=12797"}],"curies":[{"name":"wp","href":"https:\/\/api.w.org\/{rel}","templated":true}]}}