    {"id":12808,"date":"2018-05-11T14:59:03","date_gmt":"2018-05-11T17:59:03","guid":{"rendered":"https:\/\/gersonguelmann.com.br\/blog\/?p=12808"},"modified":"2018-05-11T14:59:33","modified_gmt":"2018-05-11T17:59:33","slug":"bolsonaro-e-as-execucoes-do-regime-militar-tapa-no-bumbum-do-filho","status":"publish","type":"post","link":"https:\/\/gersonguelmann.com.br\/blog\/bolsonaro-e-as-execucoes-do-regime-militar-tapa-no-bumbum-do-filho\/","title":{"rendered":"Bolsonaro e as Execu\u00e7\u00f5es do Regime Militar: \u2018Tapa no Bumbum do Filho\u2019"},"content":{"rendered":"<p><span style=\"color: #000000; font-family: georgia, palatino, serif; font-size: 18pt;\">Mat\u00e9ria da revista Isto\u00c9, publicada h\u00e1 pouco:<\/span><\/p>\n<p class=\"tags-materia\"><span style=\"color: #ff0000;\"><strong>BRASIL<\/strong><\/span><\/p>\n<p><span style=\"font-size: 24pt;\"><strong><span style=\"color: #000000;\">Bolsonaro compara execu\u00e7\u00f5es do regime militar a \u2018tapa no bumbum do filho\u2019<\/span><\/strong><\/span><\/p>\n<p class=\"author\"><span style=\"color: #000000; font-size: 14pt;\">Estad\u00e3o Conte\u00fado<\/span><\/p>\n<p><span style=\"color: #000000; font-size: 14pt;\"><time datetime=\"2018-05-11 11:49\">11\/05\/18 &#8211; 11h49 &#8211; Atualizado em 11\/05\/18 &#8211; 13h51<\/time><\/span><\/p>\n<p><span style=\"color: #000000; font-size: 14pt;\">O pr\u00e9-candidato do PSL \u00e0 Presid\u00eancia da Rep\u00fablica, deputado federal Jair Bolsonaro (RJ), comparou as autoriza\u00e7\u00f5es sum\u00e1rias dadas pelo presidente Ernesto Geisel para executar opositores do regime militar no Brasil a uma esp\u00e9cie de puni\u00e7\u00e3o usada por pais contra seus filhos. \u201cQuem nunca deu um tapa no bumbum do filho e depois se arrependeu? Acontece\u201d, disse o parlamentar \u00e0 R\u00e1dio Super Not\u00edcia, de Belo Horizonte, na manh\u00e3 de sexta-feira, 11.<\/span><\/p>\n<p><span style=\"color: #000000; font-size: 14pt;\">Documento escrito pelo diretor da CIA em 1974, William Colby, e revelado na quinta, 10, afirma que Geisel, quando assumiu o governo, deu continuidade \u00e0 pol\u00edtica de repress\u00e3o e execu\u00e7\u00e3o de presos pol\u00edticos ent\u00e3o praticada por seu antecessor, Em\u00edlio M\u00e9dici. Bolsonaro desmereceu o documento da ag\u00eancia americana de intelig\u00eancia e defendeu a atua\u00e7\u00e3o dos militares \u00e0 \u00e9poca.<\/span><\/p>\n<p><span style=\"color: #000000; font-size: 14pt;\">\u201cVoltaram \u00e0 carga. Um capit\u00e3o t\u00e1 pra chegar l\u00e1. \u00c9 o momento\u201d, disse, referindo-se \u00e0 possibilidade de ele ser eleito presidente da Rep\u00fablica em outubro. Conforme o deputado, essa informa\u00e7\u00e3o foi revelada por um historiador e nem havia publicada pela imprensa. \u201cTem que matar a cobra e mostrar o pau. At\u00e9 na sua casa, com todo respeito, voc\u00ea v\u00ea quando voc\u00ea erra\u201d.<\/span><\/p>\n<p><span style=\"color: #000000; font-size: 14pt;\"><b>Acordos<\/b><\/span><\/p>\n<p><span style=\"color: #000000; font-size: 14pt;\">Segundo o deputado, que lidera cen\u00e1rios da disputa pelo Pal\u00e1cio do Planalto, ao contr\u00e1rio do que poderia estar ocorrendo com outros pr\u00e9-candidatos em seu lugar, nenhum partido o chama para conversar. \u201cSe outro deputado, outro pol\u00edtico, outro candidato qualquer, tivesse em torno de 20% (nas pesquisas), j\u00e1 imaginou a quantidade de partidos que estaria buscando esse candidato pra fazer acordos para o futuro?\u201d.<\/span><\/p>\n<p><span style=\"color: #000000; font-size: 14pt;\">O deputado disse saber o motivo de n\u00e3o ser procurado. \u201cPorque eu n\u00e3o fa\u00e7o acordo. Do tipo que eles querem, escondidinho. Eu fa\u00e7o aqui. Ao vivo eu fa\u00e7o. Estou h\u00e1 27 anos na C\u00e2mara dos Deputados, conhe\u00e7o quase tudo l\u00e1. Os acordos s\u00e3o outros. O repartimento dos cargos p\u00fablicos nos minist\u00e9rios, bancos oficiais, estatais que voc\u00ea sabe onde vai chegar. Fal\u00eancia do Estado e corrup\u00e7\u00e3o\u201d.<\/span><\/p>\n<p><span style=\"color: #000000; font-size: 14pt;\"><b>Agroneg\u00f3cio<\/b><\/span><\/p>\n<p><span style=\"color: #000000; font-size: 14pt;\">Na entrevista, o parlamentar afirmou ser favor\u00e1vel aos alimentos transg\u00eanicos e disse que, se eleito, licen\u00e7as ambientais para produ\u00e7\u00e3o no campo ser\u00e3o concedidas em 30 dias. Ele disse ainda que pretende unificar o Minist\u00e9rio da Agricultura com o do Meio Ambiente, para \u201cn\u00e3o ter briga\u201d.<\/span><\/p>\n<p><span style=\"color: #000000; font-size: 14pt;\">Citando Israel, Bolsonaro defendeu a produ\u00e7\u00e3o de alimentos geneticamente modificados. \u201cSe colocar em pr\u00e1tica (transg\u00eanicos), aumenta a produtividade e vai ter alimento em abund\u00e2ncia. O mundo vai chegar agora em 2024 na casa dos 8 bilh\u00f5es de habitantes. O mundo cresce em mais de 70 milh\u00f5es de habitantes por ano. \u00c9 melhor voc\u00ea comer algo transg\u00eanico do que morrer de fome, j\u00e1 que poucos pa\u00edses adotam pol\u00edtica de planejamento familiar\u201d, disse.<\/span><\/p>\n<p><span style=\"color: #000000; font-size: 18pt; font-family: georgia, palatino, serif;\">A mat\u00e9ria original <em><strong><a href=\"https:\/\/istoe.com.br\/bolsonaro-compara-execucoes-do-regime-militar-a-tapa-no-bumbum-do-filho\/\">est\u00e1 aqui<\/a><\/strong><\/em>.<\/span><\/p>\n<p style=\"text-align: center;\"><img data-recalc-dims=\"1\" fetchpriority=\"high\" decoding=\"async\" data-attachment-id=\"12809\" data-permalink=\"https:\/\/gersonguelmann.com.br\/blog\/bolsonaro-e-as-execucoes-do-regime-militar-tapa-no-bumbum-do-filho\/bolsonaro\/\" data-orig-file=\"https:\/\/i0.wp.com\/gersonguelmann.com.br\/blog\/wp-content\/uploads\/2018\/05\/Bolsonaro.jpg?fit=1024%2C683&amp;ssl=1\" data-orig-size=\"1024,683\" data-comments-opened=\"1\" data-image-meta=\"{&quot;aperture&quot;:&quot;0&quot;,&quot;credit&quot;:&quot;&quot;,&quot;camera&quot;:&quot;&quot;,&quot;caption&quot;:&quot;&quot;,&quot;created_timestamp&quot;:&quot;0&quot;,&quot;copyright&quot;:&quot;&quot;,&quot;focal_length&quot;:&quot;0&quot;,&quot;iso&quot;:&quot;0&quot;,&quot;shutter_speed&quot;:&quot;0&quot;,&quot;title&quot;:&quot;&quot;,&quot;orientation&quot;:&quot;0&quot;}\" data-image-title=\"Bolsonaro\" data-image-description=\"\" data-image-caption=\"\" data-medium-file=\"https:\/\/i0.wp.com\/gersonguelmann.com.br\/blog\/wp-content\/uploads\/2018\/05\/Bolsonaro.jpg?fit=300%2C200&amp;ssl=1\" data-large-file=\"https:\/\/i0.wp.com\/gersonguelmann.com.br\/blog\/wp-content\/uploads\/2018\/05\/Bolsonaro.jpg?fit=640%2C427&amp;ssl=1\" class=\"alignnone size-medium wp-image-12809\" src=\"https:\/\/i0.wp.com\/gersonguelmann.com.br\/blog\/wp-content\/uploads\/2018\/05\/Bolsonaro.jpg?resize=300%2C200&#038;ssl=1\" alt=\"\" width=\"300\" height=\"200\" srcset=\"https:\/\/i0.wp.com\/gersonguelmann.com.br\/blog\/wp-content\/uploads\/2018\/05\/Bolsonaro.jpg?resize=300%2C200&amp;ssl=1 300w, https:\/\/i0.wp.com\/gersonguelmann.com.br\/blog\/wp-content\/uploads\/2018\/05\/Bolsonaro.jpg?resize=768%2C512&amp;ssl=1 768w, https:\/\/i0.wp.com\/gersonguelmann.com.br\/blog\/wp-content\/uploads\/2018\/05\/Bolsonaro.jpg?w=1024&amp;ssl=1 1024w, https:\/\/i0.wp.com\/gersonguelmann.com.br\/blog\/wp-content\/uploads\/2018\/05\/Bolsonaro.jpg?resize=750%2C500&amp;ssl=1 750w\" sizes=\"(max-width: 300px) 100vw, 300px\" \/><\/p>\n","protected":false},"excerpt":{"rendered":"<p>Mat\u00e9ria da revista Isto\u00c9, publicada h\u00e1 pouco: BRASIL Bolsonaro compara execu\u00e7\u00f5es do regime militar a \u2018tapa no bumbum do filho\u2019 Estad\u00e3o Conte\u00fado 11\/05\/18 &#8211; 11h49 &#8211; Atualizado em 11\/05\/18 &#8211; 13h51 O pr\u00e9-candidato do PSL \u00e0 Presid\u00eancia da Rep\u00fablica, deputado federal Jair Bolsonaro (RJ), comparou as autoriza\u00e7\u00f5es sum\u00e1rias dadas pelo presidente Ernesto Geisel para executar [&hellip;]<\/p>\n","protected":false},"author":5,"featured_media":12809,"comment_status":"open","ping_status":"open","sticky":false,"template":"","format":"standard","meta":{"_acf_changed":false,"jetpack_post_was_ever_published":false,"_jetpack_newsletter_access":"","_jetpack_dont_email_post_to_subs":false,"_jetpack_newsletter_tier_id":0,"_jetpack_memberships_contains_paywalled_content":false,"_jetpack_memberships_contains_paid_content":false,"footnotes":"","jetpack_publicize_message":"","jetpack_publicize_feature_enabled":true,"jetpack_social_post_already_shared":true,"jetpack_social_options":{"image_generator_settings":{"template":"highway","default_image_id":0,"font":"","enabled":false},"version":2}},"categories":[1],"tags":[],"class_list":["post-12808","post","type-post","status-publish","format-standard","has-post-thumbnail","hentry","category-sem-categoria"],"acf":[],"yoast_head":"<!-- This site is optimized with the Yoast SEO plugin v27.3 - https:\/\/yoast.com\/product\/yoast-seo-wordpress\/ -->\n<title>Bolsonaro e as Execu\u00e7\u00f5es do Regime Militar: \u2018Tapa no Bumbum do Filho\u2019 | Blog do Guelmann<\/title>\n<meta name=\"robots\" content=\"index, follow, max-snippet:-1, max-image-preview:large, max-video-preview:-1\" \/>\n<link rel=\"canonical\" href=\"https:\/\/gersonguelmann.com.br\/blog\/bolsonaro-e-as-execucoes-do-regime-militar-tapa-no-bumbum-do-filho\/\" \/>\n<meta property=\"og:locale\" content=\"pt_BR\" \/>\n<meta property=\"og:type\" content=\"article\" \/>\n<meta property=\"og:title\" content=\"Bolsonaro e as Execu\u00e7\u00f5es do Regime Militar: \u2018Tapa no Bumbum do Filho\u2019 | Blog do Guelmann\" \/>\n<meta property=\"og:description\" content=\"Mat\u00e9ria da revista Isto\u00c9, publicada h\u00e1 pouco: BRASIL Bolsonaro compara execu\u00e7\u00f5es do regime militar a \u2018tapa no bumbum do filho\u2019 Estad\u00e3o Conte\u00fado 11\/05\/18 &#8211; 11h49 &#8211; Atualizado em 11\/05\/18 &#8211; 13h51 O pr\u00e9-candidato do PSL \u00e0 Presid\u00eancia da Rep\u00fablica, deputado federal Jair Bolsonaro (RJ), comparou as autoriza\u00e7\u00f5es sum\u00e1rias dadas pelo presidente Ernesto Geisel para executar [&hellip;]\" \/>\n<meta property=\"og:url\" content=\"https:\/\/gersonguelmann.com.br\/blog\/bolsonaro-e-as-execucoes-do-regime-militar-tapa-no-bumbum-do-filho\/\" \/>\n<meta property=\"og:site_name\" content=\"Blog do Guelmann\" \/>\n<meta property=\"article:published_time\" content=\"2018-05-11T17:59:03+00:00\" \/>\n<meta property=\"article:modified_time\" content=\"2018-05-11T17:59:33+00:00\" \/>\n<meta property=\"og:image\" content=\"https:\/\/i0.wp.com\/gersonguelmann.com.br\/blog\/wp-content\/uploads\/2018\/05\/Bolsonaro.jpg?fit=1024%2C683&ssl=1\" \/>\n\t<meta property=\"og:image:width\" content=\"1024\" \/>\n\t<meta property=\"og:image:height\" content=\"683\" \/>\n\t<meta property=\"og:image:type\" content=\"image\/jpeg\" \/>\n<meta name=\"author\" content=\"Gerson Guelmann\" \/>\n<meta name=\"twitter:card\" content=\"summary_large_image\" \/>\n<meta name=\"twitter:label1\" content=\"Escrito por\" \/>\n\t<meta name=\"twitter:data1\" content=\"Gerson Guelmann\" \/>\n\t<meta name=\"twitter:label2\" content=\"Est. tempo de leitura\" \/>\n\t<meta name=\"twitter:data2\" content=\"3 minutos\" \/>\n<script type=\"application\/ld+json\" class=\"yoast-schema-graph\">{\"@context\":\"https:\\\/\\\/schema.org\",\"@graph\":[{\"@type\":\"Article\",\"@id\":\"https:\\\/\\\/gersonguelmann.com.br\\\/blog\\\/bolsonaro-e-as-execucoes-do-regime-militar-tapa-no-bumbum-do-filho\\\/#article\",\"isPartOf\":{\"@id\":\"https:\\\/\\\/gersonguelmann.com.br\\\/blog\\\/bolsonaro-e-as-execucoes-do-regime-militar-tapa-no-bumbum-do-filho\\\/\"},\"author\":{\"name\":\"Gerson Guelmann\",\"@id\":\"https:\\\/\\\/gersonguelmann.com.br\\\/blog\\\/#\\\/schema\\\/person\\\/87e70e2a786888082f941a482c90569e\"},\"headline\":\"Bolsonaro e as Execu\u00e7\u00f5es do Regime Militar: \u2018Tapa no Bumbum do Filho\u2019\",\"datePublished\":\"2018-05-11T17:59:03+00:00\",\"dateModified\":\"2018-05-11T17:59:33+00:00\",\"mainEntityOfPage\":{\"@id\":\"https:\\\/\\\/gersonguelmann.com.br\\\/blog\\\/bolsonaro-e-as-execucoes-do-regime-militar-tapa-no-bumbum-do-filho\\\/\"},\"wordCount\":526,\"commentCount\":0,\"image\":{\"@id\":\"https:\\\/\\\/gersonguelmann.com.br\\\/blog\\\/bolsonaro-e-as-execucoes-do-regime-militar-tapa-no-bumbum-do-filho\\\/#primaryimage\"},\"thumbnailUrl\":\"https:\\\/\\\/i0.wp.com\\\/gersonguelmann.com.br\\\/blog\\\/wp-content\\\/uploads\\\/2018\\\/05\\\/Bolsonaro.jpg?fit=1024%2C683&ssl=1\",\"inLanguage\":\"pt-BR\",\"potentialAction\":[{\"@type\":\"CommentAction\",\"name\":\"Comment\",\"target\":[\"https:\\\/\\\/gersonguelmann.com.br\\\/blog\\\/bolsonaro-e-as-execucoes-do-regime-militar-tapa-no-bumbum-do-filho\\\/#respond\"]}]},{\"@type\":\"WebPage\",\"@id\":\"https:\\\/\\\/gersonguelmann.com.br\\\/blog\\\/bolsonaro-e-as-execucoes-do-regime-militar-tapa-no-bumbum-do-filho\\\/\",\"url\":\"https:\\\/\\\/gersonguelmann.com.br\\\/blog\\\/bolsonaro-e-as-execucoes-do-regime-militar-tapa-no-bumbum-do-filho\\\/\",\"name\":\"Bolsonaro e as Execu\u00e7\u00f5es do Regime Militar: \u2018Tapa no Bumbum do Filho\u2019 | Blog do Guelmann\",\"isPartOf\":{\"@id\":\"https:\\\/\\\/gersonguelmann.com.br\\\/blog\\\/#website\"},\"primaryImageOfPage\":{\"@id\":\"https:\\\/\\\/gersonguelmann.com.br\\\/blog\\\/bolsonaro-e-as-execucoes-do-regime-militar-tapa-no-bumbum-do-filho\\\/#primaryimage\"},\"image\":{\"@id\":\"https:\\\/\\\/gersonguelmann.com.br\\\/blog\\\/bolsonaro-e-as-execucoes-do-regime-militar-tapa-no-bumbum-do-filho\\\/#primaryimage\"},\"thumbnailUrl\":\"https:\\\/\\\/i0.wp.com\\\/gersonguelmann.com.br\\\/blog\\\/wp-content\\\/uploads\\\/2018\\\/05\\\/Bolsonaro.jpg?fit=1024%2C683&ssl=1\",\"datePublished\":\"2018-05-11T17:59:03+00:00\",\"dateModified\":\"2018-05-11T17:59:33+00:00\",\"author\":{\"@id\":\"https:\\\/\\\/gersonguelmann.com.br\\\/blog\\\/#\\\/schema\\\/person\\\/87e70e2a786888082f941a482c90569e\"},\"inLanguage\":\"pt-BR\",\"potentialAction\":[{\"@type\":\"ReadAction\",\"target\":[\"https:\\\/\\\/gersonguelmann.com.br\\\/blog\\\/bolsonaro-e-as-execucoes-do-regime-militar-tapa-no-bumbum-do-filho\\\/\"]}]},{\"@type\":\"ImageObject\",\"inLanguage\":\"pt-BR\",\"@id\":\"https:\\\/\\\/gersonguelmann.com.br\\\/blog\\\/bolsonaro-e-as-execucoes-do-regime-militar-tapa-no-bumbum-do-filho\\\/#primaryimage\",\"url\":\"https:\\\/\\\/i0.wp.com\\\/gersonguelmann.com.br\\\/blog\\\/wp-content\\\/uploads\\\/2018\\\/05\\\/Bolsonaro.jpg?fit=1024%2C683&ssl=1\",\"contentUrl\":\"https:\\\/\\\/i0.wp.com\\\/gersonguelmann.com.br\\\/blog\\\/wp-content\\\/uploads\\\/2018\\\/05\\\/Bolsonaro.jpg?fit=1024%2C683&ssl=1\",\"width\":1024,\"height\":683},{\"@type\":\"WebSite\",\"@id\":\"https:\\\/\\\/gersonguelmann.com.br\\\/blog\\\/#website\",\"url\":\"https:\\\/\\\/gersonguelmann.com.br\\\/blog\\\/\",\"name\":\"Blog do Guelmann\",\"description\":\"Pitadas da sabedoria e do humor judaicos, assuntos do momento e um pouco das hist\u00f3rias que vivi e testemunhei.\",\"potentialAction\":[{\"@type\":\"SearchAction\",\"target\":{\"@type\":\"EntryPoint\",\"urlTemplate\":\"https:\\\/\\\/gersonguelmann.com.br\\\/blog\\\/?s={search_term_string}\"},\"query-input\":{\"@type\":\"PropertyValueSpecification\",\"valueRequired\":true,\"valueName\":\"search_term_string\"}}],\"inLanguage\":\"pt-BR\"},{\"@type\":\"Person\",\"@id\":\"https:\\\/\\\/gersonguelmann.com.br\\\/blog\\\/#\\\/schema\\\/person\\\/87e70e2a786888082f941a482c90569e\",\"name\":\"Gerson Guelmann\",\"image\":{\"@type\":\"ImageObject\",\"inLanguage\":\"pt-BR\",\"@id\":\"https:\\\/\\\/i0.wp.com\\\/gersonguelmann.com.br\\\/blog\\\/wp-content\\\/uploads\\\/2021\\\/08\\\/BLOG.jpeg?fit=96%2C96&ssl=1\",\"url\":\"https:\\\/\\\/i0.wp.com\\\/gersonguelmann.com.br\\\/blog\\\/wp-content\\\/uploads\\\/2021\\\/08\\\/BLOG.jpeg?fit=96%2C96&ssl=1\",\"contentUrl\":\"https:\\\/\\\/i0.wp.com\\\/gersonguelmann.com.br\\\/blog\\\/wp-content\\\/uploads\\\/2021\\\/08\\\/BLOG.jpeg?fit=96%2C96&ssl=1\",\"caption\":\"Gerson Guelmann\"},\"description\":\"Pitadas da sabedoria e do humor judaicos, assuntos do momento e um pouco das hist\u00f3rias que vivi e testemunhei.\"}]}<\/script>\n<!-- \/ Yoast SEO plugin. -->","yoast_head_json":{"title":"Bolsonaro e as Execu\u00e7\u00f5es do Regime Militar: \u2018Tapa no Bumbum do Filho\u2019 | Blog do Guelmann","robots":{"index":"index","follow":"follow","max-snippet":"max-snippet:-1","max-image-preview":"max-image-preview:large","max-video-preview":"max-video-preview:-1"},"canonical":"https:\/\/gersonguelmann.com.br\/blog\/bolsonaro-e-as-execucoes-do-regime-militar-tapa-no-bumbum-do-filho\/","og_locale":"pt_BR","og_type":"article","og_title":"Bolsonaro e as Execu\u00e7\u00f5es do Regime Militar: \u2018Tapa no Bumbum do Filho\u2019 | Blog do Guelmann","og_description":"Mat\u00e9ria da revista Isto\u00c9, publicada h\u00e1 pouco: BRASIL Bolsonaro compara execu\u00e7\u00f5es do regime militar a \u2018tapa no bumbum do filho\u2019 Estad\u00e3o Conte\u00fado 11\/05\/18 &#8211; 11h49 &#8211; Atualizado em 11\/05\/18 &#8211; 13h51 O pr\u00e9-candidato do PSL \u00e0 Presid\u00eancia da Rep\u00fablica, deputado federal Jair Bolsonaro (RJ), comparou as autoriza\u00e7\u00f5es sum\u00e1rias dadas pelo presidente Ernesto Geisel para executar [&hellip;]","og_url":"https:\/\/gersonguelmann.com.br\/blog\/bolsonaro-e-as-execucoes-do-regime-militar-tapa-no-bumbum-do-filho\/","og_site_name":"Blog do Guelmann","article_published_time":"2018-05-11T17:59:03+00:00","article_modified_time":"2018-05-11T17:59:33+00:00","og_image":[{"width":1024,"height":683,"url":"https:\/\/i0.wp.com\/gersonguelmann.com.br\/blog\/wp-content\/uploads\/2018\/05\/Bolsonaro.jpg?fit=1024%2C683&ssl=1","type":"image\/jpeg"}],"author":"Gerson Guelmann","twitter_card":"summary_large_image","twitter_misc":{"Escrito por":"Gerson Guelmann","Est. tempo de leitura":"3 minutos"},"schema":{"@context":"https:\/\/schema.org","@graph":[{"@type":"Article","@id":"https:\/\/gersonguelmann.com.br\/blog\/bolsonaro-e-as-execucoes-do-regime-militar-tapa-no-bumbum-do-filho\/#article","isPartOf":{"@id":"https:\/\/gersonguelmann.com.br\/blog\/bolsonaro-e-as-execucoes-do-regime-militar-tapa-no-bumbum-do-filho\/"},"author":{"name":"Gerson Guelmann","@id":"https:\/\/gersonguelmann.com.br\/blog\/#\/schema\/person\/87e70e2a786888082f941a482c90569e"},"headline":"Bolsonaro e as Execu\u00e7\u00f5es do Regime Militar: \u2018Tapa no Bumbum do Filho\u2019","datePublished":"2018-05-11T17:59:03+00:00","dateModified":"2018-05-11T17:59:33+00:00","mainEntityOfPage":{"@id":"https:\/\/gersonguelmann.com.br\/blog\/bolsonaro-e-as-execucoes-do-regime-militar-tapa-no-bumbum-do-filho\/"},"wordCount":526,"commentCount":0,"image":{"@id":"https:\/\/gersonguelmann.com.br\/blog\/bolsonaro-e-as-execucoes-do-regime-militar-tapa-no-bumbum-do-filho\/#primaryimage"},"thumbnailUrl":"https:\/\/i0.wp.com\/gersonguelmann.com.br\/blog\/wp-content\/uploads\/2018\/05\/Bolsonaro.jpg?fit=1024%2C683&ssl=1","inLanguage":"pt-BR","potentialAction":[{"@type":"CommentAction","name":"Comment","target":["https:\/\/gersonguelmann.com.br\/blog\/bolsonaro-e-as-execucoes-do-regime-militar-tapa-no-bumbum-do-filho\/#respond"]}]},{"@type":"WebPage","@id":"https:\/\/gersonguelmann.com.br\/blog\/bolsonaro-e-as-execucoes-do-regime-militar-tapa-no-bumbum-do-filho\/","url":"https:\/\/gersonguelmann.com.br\/blog\/bolsonaro-e-as-execucoes-do-regime-militar-tapa-no-bumbum-do-filho\/","name":"Bolsonaro e as Execu\u00e7\u00f5es do Regime Militar: \u2018Tapa no Bumbum do Filho\u2019 | Blog do Guelmann","isPartOf":{"@id":"https:\/\/gersonguelmann.com.br\/blog\/#website"},"primaryImageOfPage":{"@id":"https:\/\/gersonguelmann.com.br\/blog\/bolsonaro-e-as-execucoes-do-regime-militar-tapa-no-bumbum-do-filho\/#primaryimage"},"image":{"@id":"https:\/\/gersonguelmann.com.br\/blog\/bolsonaro-e-as-execucoes-do-regime-militar-tapa-no-bumbum-do-filho\/#primaryimage"},"thumbnailUrl":"https:\/\/i0.wp.com\/gersonguelmann.com.br\/blog\/wp-content\/uploads\/2018\/05\/Bolsonaro.jpg?fit=1024%2C683&ssl=1","datePublished":"2018-05-11T17:59:03+00:00","dateModified":"2018-05-11T17:59:33+00:00","author":{"@id":"https:\/\/gersonguelmann.com.br\/blog\/#\/schema\/person\/87e70e2a786888082f941a482c90569e"},"inLanguage":"pt-BR","potentialAction":[{"@type":"ReadAction","target":["https:\/\/gersonguelmann.com.br\/blog\/bolsonaro-e-as-execucoes-do-regime-militar-tapa-no-bumbum-do-filho\/"]}]},{"@type":"ImageObject","inLanguage":"pt-BR","@id":"https:\/\/gersonguelmann.com.br\/blog\/bolsonaro-e-as-execucoes-do-regime-militar-tapa-no-bumbum-do-filho\/#primaryimage","url":"https:\/\/i0.wp.com\/gersonguelmann.com.br\/blog\/wp-content\/uploads\/2018\/05\/Bolsonaro.jpg?fit=1024%2C683&ssl=1","contentUrl":"https:\/\/i0.wp.com\/gersonguelmann.com.br\/blog\/wp-content\/uploads\/2018\/05\/Bolsonaro.jpg?fit=1024%2C683&ssl=1","width":1024,"height":683},{"@type":"WebSite","@id":"https:\/\/gersonguelmann.com.br\/blog\/#website","url":"https:\/\/gersonguelmann.com.br\/blog\/","name":"Blog do Guelmann","description":"Pitadas da sabedoria e do humor judaicos, assuntos do momento e um pouco das hist\u00f3rias que vivi e testemunhei.","potentialAction":[{"@type":"SearchAction","target":{"@type":"EntryPoint","urlTemplate":"https:\/\/gersonguelmann.com.br\/blog\/?s={search_term_string}"},"query-input":{"@type":"PropertyValueSpecification","valueRequired":true,"valueName":"search_term_string"}}],"inLanguage":"pt-BR"},{"@type":"Person","@id":"https:\/\/gersonguelmann.com.br\/blog\/#\/schema\/person\/87e70e2a786888082f941a482c90569e","name":"Gerson Guelmann","image":{"@type":"ImageObject","inLanguage":"pt-BR","@id":"https:\/\/i0.wp.com\/gersonguelmann.com.br\/blog\/wp-content\/uploads\/2021\/08\/BLOG.jpeg?fit=96%2C96&ssl=1","url":"https:\/\/i0.wp.com\/gersonguelmann.com.br\/blog\/wp-content\/uploads\/2021\/08\/BLOG.jpeg?fit=96%2C96&ssl=1","contentUrl":"https:\/\/i0.wp.com\/gersonguelmann.com.br\/blog\/wp-content\/uploads\/2021\/08\/BLOG.jpeg?fit=96%2C96&ssl=1","caption":"Gerson Guelmann"},"description":"Pitadas da sabedoria e do humor judaicos, assuntos do momento e um pouco das hist\u00f3rias que vivi e testemunhei."}]}},"views":25,"jetpack_publicize_connections":[],"jetpack_featured_media_url":"https:\/\/i0.wp.com\/gersonguelmann.com.br\/blog\/wp-content\/uploads\/2018\/05\/Bolsonaro.jpg?fit=1024%2C683&ssl=1","jetpack_shortlink":"https:\/\/wp.me\/p96e7O-3kA","jetpack-related-posts":[{"id":12860,"url":"https:\/\/gersonguelmann.com.br\/blog\/os-militares-e-o-documento-da-cia\/","url_meta":{"origin":12808,"position":0},"title":"Os Militares e o Documento da CIA","author":"Gerson Guelmann","date":"12 de maio de 2018","format":false,"excerpt":"Do Blog do Noblat: \u00a0 Brasil,\u00a0Pol\u00edtica Os militares e o documento da CIA Questiona-se, de in\u00edcio, a autenticidade do documento Por\u00a0Ruy Fabiano 12 maio 2018, 10h00 O meio militar \u2013 o Ex\u00e9rcito, sobretudo \u2013 recebeu com estranheza e indigna\u00e7\u00e3o a divulga\u00e7\u00e3o de documento da CIA, datado de 1974, acusando os\u2026","rel":"","context":"Em &quot;Sem categoria&quot;","block_context":{"text":"Sem categoria","link":"https:\/\/gersonguelmann.com.br\/blog\/category\/sem-categoria\/"},"img":{"alt_text":"","src":"https:\/\/i0.wp.com\/gersonguelmann.com.br\/blog\/wp-content\/uploads\/2018\/05\/download-11-300x168.jpg?resize=350%2C200&ssl=1","width":350,"height":200},"classes":[]},{"id":15794,"url":"https:\/\/gersonguelmann.com.br\/blog\/para-gleisi-helena-hoffmann-de-demetrio-magnoli\/","url_meta":{"origin":12808,"position":1},"title":"Para Gleisi Helena Hoffmann, de Dem\u00e9trio Magnoli","author":"Gerson Guelmann","date":"19 de janeiro de 2019","format":false,"excerpt":"O jornalista\u00a0Dem\u00e9trio Magnoli publicou hoje em na coluna na Folha de S\u00e3o Paulo um texto que merece leitura e reflex\u00e3o. O texto foi reproduzido pelo Z\u00e9 Beto, de cujo Blog copiei e compartilho: Gleisi, falemos sobre Ariana por\u00a0Dem\u00e9trio Magnoli Quando empresta sua solidariedade \u00e0 ditadura de l\u00e1, perde o direito\u2026","rel":"","context":"Em &quot;Sem categoria&quot;","block_context":{"text":"Sem categoria","link":"https:\/\/gersonguelmann.com.br\/blog\/category\/sem-categoria\/"},"img":{"alt_text":"","src":"https:\/\/i0.wp.com\/gersonguelmann.com.br\/blog\/wp-content\/uploads\/2019\/01\/images.jpg?resize=350%2C200&ssl=1","width":350,"height":200},"classes":[]},{"id":17444,"url":"https:\/\/gersonguelmann.com.br\/blog\/de-chapeiro-do-mcdonalds-no-maine-a-embaixador-em-washington\/","url_meta":{"origin":12808,"position":2},"title":"De Chapeiro do McDonald&#8217;s no Maine a Embaixador Em Washington","author":"Gerson Guelmann","date":"12 de julho de 2019","format":false,"excerpt":"Tenho amigos (muitos) que costumam achar que tudo o que o Bolsonaro faz \u00e9 uma maravilha. Com o perd\u00e3o deles, quero manifestar minha perplexidade diante da possibilidade da indica\u00e7\u00e3o do filho para a Embaixada do Brasil em Washington. Al\u00e9m do absurdo do posto vir a ser ocupado por Eduardo Bolsonaro,\u2026","rel":"","context":"Em &quot;Sem categoria&quot;","block_context":{"text":"Sem categoria","link":"https:\/\/gersonguelmann.com.br\/blog\/category\/sem-categoria\/"},"img":{"alt_text":"","src":"https:\/\/i0.wp.com\/gersonguelmann.com.br\/blog\/wp-content\/uploads\/2019\/07\/mcdonalds.jpg?fit=957%2C720&ssl=1&resize=350%2C200","width":350,"height":200,"srcset":"https:\/\/i0.wp.com\/gersonguelmann.com.br\/blog\/wp-content\/uploads\/2019\/07\/mcdonalds.jpg?fit=957%2C720&ssl=1&resize=350%2C200 1x, https:\/\/i0.wp.com\/gersonguelmann.com.br\/blog\/wp-content\/uploads\/2019\/07\/mcdonalds.jpg?fit=957%2C720&ssl=1&resize=525%2C300 1.5x, https:\/\/i0.wp.com\/gersonguelmann.com.br\/blog\/wp-content\/uploads\/2019\/07\/mcdonalds.jpg?fit=957%2C720&ssl=1&resize=700%2C400 2x"},"classes":[]},{"id":21754,"url":"https:\/\/gersonguelmann.com.br\/blog\/em-israel-a-pergunta-o-que-os-brasileiros-vieram-fazer-aqui\/","url_meta":{"origin":12808,"position":3},"title":"Em Israel, a Pergunta: O Que Os Brasileiros Vieram Fazer Aqui?","author":"Gerson Guelmann","date":"13 de mar\u00e7o de 2021","format":false,"excerpt":"Voc\u00ea j\u00e1 teve ter ouvido falar em \"manobra diversionista\". Diversionismo, segundo o dicion\u00e1rio que consultei, \u00e9 \"uma manobra ou estrat\u00e9gia usada para desviar a aten\u00e7\u00e3o do que est\u00e1 em discuss\u00e3o, geralmente em contextos pol\u00edticos; aquilo que serve para enganar ou esconder = cortina de fuma\u00e7a\" (*) Essa foi a palavra\u2026","rel":"","context":"Em &quot;Sem categoria&quot;","block_context":{"text":"Sem categoria","link":"https:\/\/gersonguelmann.com.br\/blog\/category\/sem-categoria\/"},"img":{"alt_text":"","src":"https:\/\/i0.wp.com\/gersonguelmann.com.br\/blog\/wp-content\/uploads\/2021\/03\/AnyConv.com__DK.jpeg?fit=1024%2C638&ssl=1&resize=350%2C200","width":350,"height":200,"srcset":"https:\/\/i0.wp.com\/gersonguelmann.com.br\/blog\/wp-content\/uploads\/2021\/03\/AnyConv.com__DK.jpeg?fit=1024%2C638&ssl=1&resize=350%2C200 1x, https:\/\/i0.wp.com\/gersonguelmann.com.br\/blog\/wp-content\/uploads\/2021\/03\/AnyConv.com__DK.jpeg?fit=1024%2C638&ssl=1&resize=525%2C300 1.5x, https:\/\/i0.wp.com\/gersonguelmann.com.br\/blog\/wp-content\/uploads\/2021\/03\/AnyConv.com__DK.jpeg?fit=1024%2C638&ssl=1&resize=700%2C400 2x"},"classes":[]},{"id":20275,"url":"https:\/\/gersonguelmann.com.br\/blog\/pai-idiota-filho-idiota-aguardemos-o-neto\/","url_meta":{"origin":12808,"position":4},"title":"Pai Idiota, Filho Idiota. Aguardemos o Neto.","author":"Gerson Guelmann","date":"11 de dezembro de 2020","format":false,"excerpt":"Coisas que nos levam a pensar que algumas pessoas decidiram contrariar Darwin e ir na contram\u00e3o da Evolu\u00e7\u00e3o: qua., 9 de dezembro de 2020 Filho que matou pai com brincadeira de tapa na cara n\u00e3o ser\u00e1 autuado por homic\u00eddio A Justi\u00e7a brit\u00e2nica liberou um jovem das acusa\u00e7\u00f5es de homic\u00eddio culposo,\u2026","rel":"","context":"Em &quot;Sem categoria&quot;","block_context":{"text":"Sem categoria","link":"https:\/\/gersonguelmann.com.br\/blog\/category\/sem-categoria\/"},"img":{"alt_text":"","src":"https:\/\/i0.wp.com\/gersonguelmann.com.br\/blog\/wp-content\/uploads\/2020\/12\/PAI.jpg?fit=553%2C720&ssl=1&resize=350%2C200","width":350,"height":200,"srcset":"https:\/\/i0.wp.com\/gersonguelmann.com.br\/blog\/wp-content\/uploads\/2020\/12\/PAI.jpg?fit=553%2C720&ssl=1&resize=350%2C200 1x, https:\/\/i0.wp.com\/gersonguelmann.com.br\/blog\/wp-content\/uploads\/2020\/12\/PAI.jpg?fit=553%2C720&ssl=1&resize=525%2C300 1.5x"},"classes":[]},{"id":6212,"url":"https:\/\/gersonguelmann.com.br\/blog\/porque-cresce-bolsonaro\/","url_meta":{"origin":12808,"position":5},"title":"Porque Cresce Bolsonaro?","author":"Gerson Guelmann","date":"27 de dezembro de 2017","format":false,"excerpt":"Transcrevo a seguir interessante artigo de\u00a0Denis Lerrer Rosenfield, publicado h\u00e1 poucos dias nos jornais para os quais escreve. Para quem n\u00e3o o conhece, ele \u00e9 ga\u00facho de P. Alegre, tem 67 anos, \u00e9 escritor, professor universit\u00e1rio com s\u00f3lida forma\u00e7\u00e3o e articulista dos jornais O Estado de S\u00e3o Paulo, O Globo,\u2026","rel":"","context":"Em &quot;Sem categoria&quot;","block_context":{"text":"Sem categoria","link":"https:\/\/gersonguelmann.com.br\/blog\/category\/sem-categoria\/"},"img":{"alt_text":"","src":"https:\/\/i0.wp.com\/gersonguelmann.com.br\/blog\/wp-content\/uploads\/2017\/12\/D%C3%BAvida.jpeg?fit=940%2C569&ssl=1&resize=350%2C200","width":350,"height":200,"srcset":"https:\/\/i0.wp.com\/gersonguelmann.com.br\/blog\/wp-content\/uploads\/2017\/12\/D%C3%BAvida.jpeg?fit=940%2C569&ssl=1&resize=350%2C200 1x, https:\/\/i0.wp.com\/gersonguelmann.com.br\/blog\/wp-content\/uploads\/2017\/12\/D%C3%BAvida.jpeg?fit=940%2C569&ssl=1&resize=525%2C300 1.5x, https:\/\/i0.wp.com\/gersonguelmann.com.br\/blog\/wp-content\/uploads\/2017\/12\/D%C3%BAvida.jpeg?fit=940%2C569&ssl=1&resize=700%2C400 2x"},"classes":[]}],"jetpack_sharing_enabled":true,"post_mailing_queue_ids":[],"_links":{"self":[{"href":"https:\/\/gersonguelmann.com.br\/blog\/wp-json\/wp\/v2\/posts\/12808","targetHints":{"allow":["GET"]}}],"collection":[{"href":"https:\/\/gersonguelmann.com.br\/blog\/wp-json\/wp\/v2\/posts"}],"about":[{"href":"https:\/\/gersonguelmann.com.br\/blog\/wp-json\/wp\/v2\/types\/post"}],"author":[{"embeddable":true,"href":"https:\/\/gersonguelmann.com.br\/blog\/wp-json\/wp\/v2\/users\/5"}],"replies":[{"embeddable":true,"href":"https:\/\/gersonguelmann.com.br\/blog\/wp-json\/wp\/v2\/comments?post=12808"}],"version-history":[{"count":0,"href":"https:\/\/gersonguelmann.com.br\/blog\/wp-json\/wp\/v2\/posts\/12808\/revisions"}],"wp:featuredmedia":[{"embeddable":true,"href":"https:\/\/gersonguelmann.com.br\/blog\/wp-json\/wp\/v2\/media\/12809"}],"wp:attachment":[{"href":"https:\/\/gersonguelmann.com.br\/blog\/wp-json\/wp\/v2\/media?parent=12808"}],"wp:term":[{"taxonomy":"category","embeddable":true,"href":"https:\/\/gersonguelmann.com.br\/blog\/wp-json\/wp\/v2\/categories?post=12808"},{"taxonomy":"post_tag","embeddable":true,"href":"https:\/\/gersonguelmann.com.br\/blog\/wp-json\/wp\/v2\/tags?post=12808"}],"curies":[{"name":"wp","href":"https:\/\/api.w.org\/{rel}","templated":true}]}}