    {"id":12812,"date":"2018-05-11T15:37:02","date_gmt":"2018-05-11T18:37:02","guid":{"rendered":"https:\/\/gersonguelmann.com.br\/blog\/?p=12812"},"modified":"2018-05-11T15:37:02","modified_gmt":"2018-05-11T18:37:02","slug":"escola-judaica-com-maioria-de-estudantes-muculmanos","status":"publish","type":"post","link":"https:\/\/gersonguelmann.com.br\/blog\/escola-judaica-com-maioria-de-estudantes-muculmanos\/","title":{"rendered":"Escola Judaica Com Maioria de Estudantes Mu\u00e7ulmanos"},"content":{"rendered":"<p><span style=\"font-family: georgia, palatino, serif; font-size: 18pt;\">Mat\u00e9ria muito boa publicada no site Rua Judaica, edi\u00e7\u00e3o de 7\/5:<\/span><\/p>\n<p><span style=\"font-size: 24pt;\"><strong><span class=\"style3\">Escola judaica brit\u00e2nica tem, em sua maioria, estudantes mu\u00e7ulmanos.<\/span><\/strong><\/span><\/p>\n<p style=\"text-align: center;\"><img data-recalc-dims=\"1\" fetchpriority=\"high\" decoding=\"async\" data-attachment-id=\"12813\" data-permalink=\"https:\/\/gersonguelmann.com.br\/blog\/escola-judaica-com-maioria-de-estudantes-muculmanos\/2-10\/\" data-orig-file=\"https:\/\/i0.wp.com\/gersonguelmann.com.br\/blog\/wp-content\/uploads\/2018\/05\/2.png?fit=430%2C316&amp;ssl=1\" data-orig-size=\"430,316\" data-comments-opened=\"1\" data-image-meta=\"{&quot;aperture&quot;:&quot;0&quot;,&quot;credit&quot;:&quot;&quot;,&quot;camera&quot;:&quot;&quot;,&quot;caption&quot;:&quot;&quot;,&quot;created_timestamp&quot;:&quot;0&quot;,&quot;copyright&quot;:&quot;&quot;,&quot;focal_length&quot;:&quot;0&quot;,&quot;iso&quot;:&quot;0&quot;,&quot;shutter_speed&quot;:&quot;0&quot;,&quot;title&quot;:&quot;&quot;,&quot;orientation&quot;:&quot;0&quot;}\" data-image-title=\"2\" data-image-description=\"\" data-image-caption=\"\" data-medium-file=\"https:\/\/i0.wp.com\/gersonguelmann.com.br\/blog\/wp-content\/uploads\/2018\/05\/2.png?fit=300%2C220&amp;ssl=1\" data-large-file=\"https:\/\/i0.wp.com\/gersonguelmann.com.br\/blog\/wp-content\/uploads\/2018\/05\/2.png?fit=430%2C316&amp;ssl=1\" class=\"alignnone size-medium wp-image-12813\" src=\"https:\/\/i0.wp.com\/gersonguelmann.com.br\/blog\/wp-content\/uploads\/2018\/05\/2.png?resize=300%2C220&#038;ssl=1\" alt=\"\" width=\"300\" height=\"220\" srcset=\"https:\/\/i0.wp.com\/gersonguelmann.com.br\/blog\/wp-content\/uploads\/2018\/05\/2.png?resize=300%2C220&amp;ssl=1 300w, https:\/\/i0.wp.com\/gersonguelmann.com.br\/blog\/wp-content\/uploads\/2018\/05\/2.png?w=430&amp;ssl=1 430w\" sizes=\"(max-width: 300px) 100vw, 300px\" \/><\/p>\n<p class=\"style2\" align=\"justify\"><span style=\"font-size: 14pt;\">Como centenas de institui\u00e7\u00f5es judaicas na Di\u00e1spora, a Escola King David celebrou o 70\u00ba Dia da Independ\u00eancia de Israel com bandeiras azuis e brancas e cantou em grupo o hino nacional \u201cHatikvah\u201d. Mas a King David n\u00e3o \u00e9 como a maioria das escolas judaicas.<\/span><\/p>\n<p class=\"style2\" align=\"justify\"><span style=\"font-size: 14pt;\">A maioria dos estudantes, da escola prim\u00e1ria com 53 anos de funda\u00e7\u00e3o, que fica localizada no sub\u00farbio de uma cidade inglesa, vem de fam\u00edlias mu\u00e7ulmanas. Segundo os pais e observadores da comunidade, 80% dos estudantes s\u00e3o mu\u00e7ulmanos.\u00a0A escola se recusa a comentar sobre esses dados.<\/span><\/p>\n<p class=\"style2\" align=\"justify\"><span style=\"font-size: 14pt;\">No Dia da Independ\u00eancia de Israel, Esther Cohen, chefe de educa\u00e7\u00e3o religiosa da escola, deu in\u00edcio \u00e0 cerim\u00f4nia no gin\u00e1sio com a ora\u00e7\u00e3o \u201cModeh Ani\u201d, seguida por \u201cShema Yisrael\u201d. Os alunos fecharam os olhos, para o que Cohen chamou de \u201ctefilah para Hashem\u201d.<\/span><\/p>\n<p class=\"style2\" align=\"justify\"><span style=\"font-size: 14pt;\">A maioria dos meninos usavam kip\u00e1 ou a taqiyah mul\u00e7umana. Muitas meninas usavam hijabs, o pano que cobre a cabe\u00e7a das mulheres mu\u00e7ulmanas.<\/span><\/p>\n<p class=\"style2\" align=\"justify\"><span style=\"font-size: 14pt;\">Cohen mostrou aos alunos dois v\u00eddeos que celebravam as inova\u00e7\u00f5es israelenses e em seguida os convidou para outra tefil\u00e1, desta vez para \u201cagradecer a Hashem por nos ter dado Israel\u201d. \u00a0Ela pediu aos alunos que se levantassem para cantar \u201cHatikvah\u201d e quase todos cantaram o hino em hebraico.<\/span><\/p>\n<p class=\"style2\" align=\"justify\"><span style=\"font-size: 14pt;\">Ruth Jacobs, presidente do Conselho Representativo de Birmingham, de West Midlands, descreveu a situa\u00e7\u00e3o na escola, com a t\u00edpica subvers\u00e3o brit\u00e2nica.<\/span><\/p>\n<p><span style=\"font-size: 14pt;\">&#8220;\u00c9 uma anomalia na verdade&#8221;, disse ela \u00e0 JTA, sobre a cerim\u00f4nia da escola, frequentada por seus filhos e netos.\u00a0\u201c\u00c9 um cen\u00e1rio interessante e engra\u00e7ado ver mu\u00e7ulmanos recitando o<em>\u00a0Shem\u00e1<\/em>\u201d.<\/span><\/p>\n<p style=\"text-align: center;\" align=\"justify\"><img data-recalc-dims=\"1\" decoding=\"async\" data-attachment-id=\"12814\" data-permalink=\"https:\/\/gersonguelmann.com.br\/blog\/escola-judaica-com-maioria-de-estudantes-muculmanos\/1-10\/\" data-orig-file=\"https:\/\/i0.wp.com\/gersonguelmann.com.br\/blog\/wp-content\/uploads\/2018\/05\/1.png?fit=434%2C313&amp;ssl=1\" data-orig-size=\"434,313\" data-comments-opened=\"1\" data-image-meta=\"{&quot;aperture&quot;:&quot;0&quot;,&quot;credit&quot;:&quot;&quot;,&quot;camera&quot;:&quot;&quot;,&quot;caption&quot;:&quot;&quot;,&quot;created_timestamp&quot;:&quot;0&quot;,&quot;copyright&quot;:&quot;&quot;,&quot;focal_length&quot;:&quot;0&quot;,&quot;iso&quot;:&quot;0&quot;,&quot;shutter_speed&quot;:&quot;0&quot;,&quot;title&quot;:&quot;&quot;,&quot;orientation&quot;:&quot;0&quot;}\" data-image-title=\"1\" data-image-description=\"\" data-image-caption=\"\" data-medium-file=\"https:\/\/i0.wp.com\/gersonguelmann.com.br\/blog\/wp-content\/uploads\/2018\/05\/1.png?fit=300%2C216&amp;ssl=1\" data-large-file=\"https:\/\/i0.wp.com\/gersonguelmann.com.br\/blog\/wp-content\/uploads\/2018\/05\/1.png?fit=434%2C313&amp;ssl=1\" class=\"alignnone size-medium wp-image-12814\" src=\"https:\/\/i0.wp.com\/gersonguelmann.com.br\/blog\/wp-content\/uploads\/2018\/05\/1.png?resize=300%2C216&#038;ssl=1\" alt=\"\" width=\"300\" height=\"216\" srcset=\"https:\/\/i0.wp.com\/gersonguelmann.com.br\/blog\/wp-content\/uploads\/2018\/05\/1.png?resize=300%2C216&amp;ssl=1 300w, https:\/\/i0.wp.com\/gersonguelmann.com.br\/blog\/wp-content\/uploads\/2018\/05\/1.png?w=434&amp;ssl=1 434w\" sizes=\"(max-width: 300px) 100vw, 300px\" \/><\/p>\n<p class=\"style2\" align=\"justify\"><span style=\"font-size: 14pt;\">O rabino Gideon Goldwater ouviu falar sobre o King David, muito antes de matricular uma de suas filhas, ano passado, ap\u00f3s se mudar para Londres, para trabalhar como diretor local da Aish Hatorah, uma organiza\u00e7\u00e3o judaica ortodoxa.\u00a0<\/span><\/p>\n<p><span style=\"font-size: 14pt;\">\u201cA escola j\u00e1 teve um corpo estudantil inteiramente judaico, mas mudou \u00e0 medida que a demografia tamb\u00e9m mudou\u201d, disse o rabino.<\/span><\/p>\n<p class=\"style2\" align=\"justify\"><span style=\"font-size: 14pt;\">Apesar dessa reviravolta incomum, a escola faz todo o sentido para alguns pais mu\u00e7ulmanos.<\/span><br \/>\n<span style=\"font-size: 14pt;\">&#8220;\u00c9 uma escola judaica, mas, independentemente disso, acho que \u00e9 uma escola muito boa&#8221;, disse Fouad, m\u00e9dico que veio do Paquist\u00e3o e cuja filha frequenta o King David.<\/span><br \/>\n<span style=\"font-size: 14pt;\">\u201cA melhor coisa \u00e9 que tem disciplinas que faltam a outras escolas.\u00a0N\u00e3o h\u00e1 viol\u00eancia, h\u00e1 muito pouco bullying.\u00a0Simplesmente, isso n\u00e3o \u00e9 tolerado aqui\u201d, disse Fouad, que pediu para ser identificado apenas pelo seu primeiro nome.<\/span><\/p>\n<p class=\"style2\" align=\"justify\"><span style=\"font-size: 14pt;\">Fouad destacou que a \u201cescola ideal da fam\u00edlia teria sido a escola da Igreja da Inglaterra, mas \u00e9 muito dif\u00edcil de entrar&#8221;.\u00a0Sua fam\u00edlia ouviu falar do King David, atrav\u00e9s de amigos.\u00a0<\/span><\/p>\n<p><span style=\"font-size: 14pt;\">\u201cKing David \u00e9 seguro e amig\u00e1vel. Eu n\u00e3o estou preocupado com os estudos religiosos, com hebraico e etc. Eu realmente acho que \u00e9 bom que as crian\u00e7as aprendam diferentes religi\u00f5es.\u00a0Isso provoca toler\u00e2ncia.\u201d<\/span><\/p>\n<p class=\"style2\" align=\"justify\"><span style=\"font-size: 14pt;\">Considerando que excelentes escolas particulares s\u00e3o f\u00e1ceis de encontrar, pais n\u00e3o-judeus s\u00e3o atra\u00eddos para o King David, pois ela \u00e9 uma escola p\u00fablica baseada na f\u00e9, onde a admiss\u00e3o \u00e9 gratuita.\u00a0 O curr\u00edculo \u00e9 determinado por uma funda\u00e7\u00e3o afiliada \u00e0 Singers Hill Synagogue, de Birmingham, e tamb\u00e9m est\u00e1 em conformidade com os requisitos pedag\u00f3gicos, do Minist\u00e9rio da Educa\u00e7\u00e3o do Estado, que inclui uma escolaridade gratuita de aproximadamente sete horas por dia.<\/span><\/p>\n<p class=\"style2\" align=\"justify\"><span style=\"font-size: 14pt;\">Alunos do King David n\u00e3o s\u00e3o ensinados sobre qualquer outra religi\u00e3o, al\u00e9m do juda\u00edsmo, de acordo com Jacobs.\u00a0Todo mundo celebra os feriados judaicos e o Shabat.\u00a0Cada sexta-feira apresenta uma cerim\u00f4nia com kidush.\u00a0 Entretanto, os estudantes judeus recebem mais aulas detalhadas sobre o juda\u00edsmo, do que os n\u00e3o-judeus e todos os alunos estudam hebraico.<\/span><\/p>\n<p class=\"style2\" align=\"justify\"><span style=\"font-size: 14pt;\">Mas, nem todos os pais, n\u00e3o-judeus, est\u00e3o \u00e0 vontade como Fouad. &#8220;Antes de colocar meus filhos aqui, eu n\u00e3o tinha certeza de como me sentiria sobre isso&#8221;, disse Runila, m\u00e3e de dois alunos que frequentam a escola.<\/span><\/p>\n<p class=\"style2\" align=\"justify\"><span style=\"font-size: 14pt;\">Runila, cuja fam\u00edlia vem da \u00cdndia, apontou para a bandeira de Israel pintada ao lado da brit\u00e2nica e afirmou que \u201cestava preocupada com a doutrina\u00e7\u00e3o, mas a educa\u00e7\u00e3o judaica aqui \u00e9 bem leve. Estou confort\u00e1vel com isso agora&#8221;, disse.<\/span><\/p>\n<p class=\"style2\" align=\"justify\"><span style=\"font-size: 14pt;\">\u00a0Os pais judeus tamb\u00e9m tiveram que se acostumar. \u201cEsta \u00e9 a \u00fanica escola judaica em Birmingham, ent\u00e3o tamb\u00e9m \u00e9 a melhor&#8221;, disse o rabino Goldwater. Perguntado sobre a qualidade dos estudos religiosos na escola, ele afirmou que \u201ca educa\u00e7\u00e3o judaica \u00e9 o que \u00e9.&#8221; Em termos de educa\u00e7\u00e3o geral e abordagem pedag\u00f3gica \u201cesta escola \u00e9 realmente s\u00f3lida\u201d, acrescentou.\u00a0&#8220;Estamos impressionados\u201d.<\/span><\/p>\n<p class=\"style2\" align=\"justify\"><span style=\"font-size: 14pt;\">Embora Birmingham seja a segunda maior cidade da Gr\u00e3-Bretanha, com 1,1 milh\u00e3o de habitantes, ela tem menos de 1.700 judeus permanentemente estabelecidos, de acordo com um\u00a0censo feito em\u00a02015,\u00a0pelo\u00a0<em>Institute for Jewish Policy Research<\/em>.\u00a0Outros 500 judeus viviam na cidade, como estudantes da universidade local, segundo o relat\u00f3rio.<\/span><\/p>\n<p class=\"style2\" align=\"justify\"><span style=\"font-size: 14pt;\">H\u00e1 70 anos, Birmingham \u201cprosperou como um centro judaico para muitos judeus\u201d, disse Jacobs. A cidade tamb\u00e9m tinha judeus mais integrados que se instalaram em sub\u00farbios arborizados, como na regi\u00e3o de Moseley.\u00a0\u00c9 a\u00ed que o King David est\u00e1 localizado.<\/span><\/p>\n<p class=\"style2\" align=\"justify\"><span style=\"font-size: 14pt;\">Nos anos 80, milhares de judeus foram para Londres e Manchester, um\u00a0\u00a0decl\u00ednio comunit\u00e1rio\u00a0que mudou outras grandes comunidades judaicas na Gr\u00e3-Bretanha, como Leeds, Bristol e Liverpool.<\/span><\/p>\n<p class=\"style2\" align=\"justify\"><span style=\"font-size: 14pt;\">Quando seus dois filhos compareceram ao King David, Jacobs disse que sua turma de 30 alunos tinha 24 judeus.\u00a0Agora, h\u00e1 de uma at\u00e9 tr\u00eas crian\u00e7as judias por sala de aula na escola. Jacobs acha que \u201co decl\u00ednio \u00e9 deprimente, mas n\u00e3o irrevers\u00edvel\u201d.\u00a0Ela observou que \u201cManchester tamb\u00e9m tinha uma popula\u00e7\u00e3o judaica pequena, mas que est\u00e1\u00a0crescendo,\u00a0gra\u00e7as ao aumento dos pre\u00e7os da habita\u00e7\u00e3o em Londres.\u00a0O mesmo pode acontecer com Birmingham, \u00e0 medida que Manchester se torna menos acess\u00edvel\u201d, disse.<\/span><\/p>\n<p class=\"style2\" align=\"justify\"><span style=\"font-size: 14pt;\">&#8220;Este lugar tem tudo o que \u00e9 necess\u00e1rio para uma grande e forte comunidade judaica: uma escola judaica, uma grande universidade, sinagogas e at\u00e9 uma casa de idosos. Agora s\u00f3 precisamos de boas e jovens fam\u00edlias judias\u201d, completou.<\/span><\/p>\n<p align=\"justify\"><span style=\"font-family: georgia, palatino, serif; font-size: 18pt;\">Para acessar o site, <span style=\"color: #0000ff;\"><a style=\"color: #0000ff;\" href=\"http:\/\/www.ruajudaica.com.br\"><em><strong>clique aqui<\/strong><\/em><\/a><\/span>.<\/span><\/p>\n<p align=\"justify\">\n","protected":false},"excerpt":{"rendered":"<p>Mat\u00e9ria muito boa publicada no site Rua Judaica, edi\u00e7\u00e3o de 7\/5: Escola judaica brit\u00e2nica tem, em sua maioria, estudantes mu\u00e7ulmanos. Como centenas de institui\u00e7\u00f5es judaicas na Di\u00e1spora, a Escola King David celebrou o 70\u00ba Dia da Independ\u00eancia de Israel com bandeiras azuis e brancas e cantou em grupo o hino nacional \u201cHatikvah\u201d. Mas a King [&hellip;]<\/p>\n","protected":false},"author":5,"featured_media":12813,"comment_status":"open","ping_status":"open","sticky":false,"template":"","format":"standard","meta":{"_acf_changed":false,"jetpack_post_was_ever_published":false,"_jetpack_newsletter_access":"","_jetpack_dont_email_post_to_subs":false,"_jetpack_newsletter_tier_id":0,"_jetpack_memberships_contains_paywalled_content":false,"_jetpack_memberships_contains_paid_content":false,"footnotes":"","jetpack_publicize_message":"","jetpack_publicize_feature_enabled":true,"jetpack_social_post_already_shared":true,"jetpack_social_options":{"image_generator_settings":{"template":"highway","default_image_id":0,"font":"","enabled":false},"version":2}},"categories":[1],"tags":[],"class_list":["post-12812","post","type-post","status-publish","format-standard","has-post-thumbnail","hentry","category-sem-categoria"],"acf":[],"yoast_head":"<!-- This site is optimized with the Yoast SEO plugin v27.3 - https:\/\/yoast.com\/product\/yoast-seo-wordpress\/ -->\n<title>Escola Judaica Com Maioria de Estudantes Mu\u00e7ulmanos | Blog do Guelmann<\/title>\n<meta name=\"robots\" content=\"index, follow, max-snippet:-1, max-image-preview:large, max-video-preview:-1\" \/>\n<link rel=\"canonical\" href=\"https:\/\/gersonguelmann.com.br\/blog\/escola-judaica-com-maioria-de-estudantes-muculmanos\/\" \/>\n<meta property=\"og:locale\" content=\"pt_BR\" \/>\n<meta property=\"og:type\" content=\"article\" \/>\n<meta property=\"og:title\" content=\"Escola Judaica Com Maioria de Estudantes Mu\u00e7ulmanos | Blog do Guelmann\" \/>\n<meta property=\"og:description\" content=\"Mat\u00e9ria muito boa publicada no site Rua Judaica, edi\u00e7\u00e3o de 7\/5: Escola judaica brit\u00e2nica tem, em sua maioria, estudantes mu\u00e7ulmanos. Como centenas de institui\u00e7\u00f5es judaicas na Di\u00e1spora, a Escola King David celebrou o 70\u00ba Dia da Independ\u00eancia de Israel com bandeiras azuis e brancas e cantou em grupo o hino nacional \u201cHatikvah\u201d. Mas a King [&hellip;]\" \/>\n<meta property=\"og:url\" content=\"https:\/\/gersonguelmann.com.br\/blog\/escola-judaica-com-maioria-de-estudantes-muculmanos\/\" \/>\n<meta property=\"og:site_name\" content=\"Blog do Guelmann\" \/>\n<meta property=\"article:published_time\" content=\"2018-05-11T18:37:02+00:00\" \/>\n<meta property=\"og:image\" content=\"https:\/\/gersonguelmann.com.br\/blog\/wp-content\/uploads\/2018\/05\/2.png\" \/>\n\t<meta property=\"og:image:width\" content=\"430\" \/>\n\t<meta property=\"og:image:height\" content=\"316\" \/>\n\t<meta property=\"og:image:type\" content=\"image\/png\" \/>\n<meta name=\"author\" content=\"Gerson Guelmann\" \/>\n<meta name=\"twitter:card\" content=\"summary_large_image\" \/>\n<meta name=\"twitter:label1\" content=\"Escrito por\" \/>\n\t<meta name=\"twitter:data1\" content=\"Gerson Guelmann\" \/>\n\t<meta name=\"twitter:label2\" content=\"Est. tempo de leitura\" \/>\n\t<meta name=\"twitter:data2\" content=\"5 minutos\" \/>\n<script type=\"application\/ld+json\" class=\"yoast-schema-graph\">{\"@context\":\"https:\\\/\\\/schema.org\",\"@graph\":[{\"@type\":\"Article\",\"@id\":\"https:\\\/\\\/gersonguelmann.com.br\\\/blog\\\/escola-judaica-com-maioria-de-estudantes-muculmanos\\\/#article\",\"isPartOf\":{\"@id\":\"https:\\\/\\\/gersonguelmann.com.br\\\/blog\\\/escola-judaica-com-maioria-de-estudantes-muculmanos\\\/\"},\"author\":{\"name\":\"Gerson Guelmann\",\"@id\":\"https:\\\/\\\/gersonguelmann.com.br\\\/blog\\\/#\\\/schema\\\/person\\\/87e70e2a786888082f941a482c90569e\"},\"headline\":\"Escola Judaica Com Maioria de Estudantes Mu\u00e7ulmanos\",\"datePublished\":\"2018-05-11T18:37:02+00:00\",\"mainEntityOfPage\":{\"@id\":\"https:\\\/\\\/gersonguelmann.com.br\\\/blog\\\/escola-judaica-com-maioria-de-estudantes-muculmanos\\\/\"},\"wordCount\":1061,\"commentCount\":0,\"image\":{\"@id\":\"https:\\\/\\\/gersonguelmann.com.br\\\/blog\\\/escola-judaica-com-maioria-de-estudantes-muculmanos\\\/#primaryimage\"},\"thumbnailUrl\":\"https:\\\/\\\/i0.wp.com\\\/gersonguelmann.com.br\\\/blog\\\/wp-content\\\/uploads\\\/2018\\\/05\\\/2.png?fit=430%2C316&ssl=1\",\"inLanguage\":\"pt-BR\",\"potentialAction\":[{\"@type\":\"CommentAction\",\"name\":\"Comment\",\"target\":[\"https:\\\/\\\/gersonguelmann.com.br\\\/blog\\\/escola-judaica-com-maioria-de-estudantes-muculmanos\\\/#respond\"]}]},{\"@type\":\"WebPage\",\"@id\":\"https:\\\/\\\/gersonguelmann.com.br\\\/blog\\\/escola-judaica-com-maioria-de-estudantes-muculmanos\\\/\",\"url\":\"https:\\\/\\\/gersonguelmann.com.br\\\/blog\\\/escola-judaica-com-maioria-de-estudantes-muculmanos\\\/\",\"name\":\"Escola Judaica Com Maioria de Estudantes Mu\u00e7ulmanos | Blog do Guelmann\",\"isPartOf\":{\"@id\":\"https:\\\/\\\/gersonguelmann.com.br\\\/blog\\\/#website\"},\"primaryImageOfPage\":{\"@id\":\"https:\\\/\\\/gersonguelmann.com.br\\\/blog\\\/escola-judaica-com-maioria-de-estudantes-muculmanos\\\/#primaryimage\"},\"image\":{\"@id\":\"https:\\\/\\\/gersonguelmann.com.br\\\/blog\\\/escola-judaica-com-maioria-de-estudantes-muculmanos\\\/#primaryimage\"},\"thumbnailUrl\":\"https:\\\/\\\/i0.wp.com\\\/gersonguelmann.com.br\\\/blog\\\/wp-content\\\/uploads\\\/2018\\\/05\\\/2.png?fit=430%2C316&ssl=1\",\"datePublished\":\"2018-05-11T18:37:02+00:00\",\"author\":{\"@id\":\"https:\\\/\\\/gersonguelmann.com.br\\\/blog\\\/#\\\/schema\\\/person\\\/87e70e2a786888082f941a482c90569e\"},\"inLanguage\":\"pt-BR\",\"potentialAction\":[{\"@type\":\"ReadAction\",\"target\":[\"https:\\\/\\\/gersonguelmann.com.br\\\/blog\\\/escola-judaica-com-maioria-de-estudantes-muculmanos\\\/\"]}]},{\"@type\":\"ImageObject\",\"inLanguage\":\"pt-BR\",\"@id\":\"https:\\\/\\\/gersonguelmann.com.br\\\/blog\\\/escola-judaica-com-maioria-de-estudantes-muculmanos\\\/#primaryimage\",\"url\":\"https:\\\/\\\/i0.wp.com\\\/gersonguelmann.com.br\\\/blog\\\/wp-content\\\/uploads\\\/2018\\\/05\\\/2.png?fit=430%2C316&ssl=1\",\"contentUrl\":\"https:\\\/\\\/i0.wp.com\\\/gersonguelmann.com.br\\\/blog\\\/wp-content\\\/uploads\\\/2018\\\/05\\\/2.png?fit=430%2C316&ssl=1\",\"width\":430,\"height\":316},{\"@type\":\"WebSite\",\"@id\":\"https:\\\/\\\/gersonguelmann.com.br\\\/blog\\\/#website\",\"url\":\"https:\\\/\\\/gersonguelmann.com.br\\\/blog\\\/\",\"name\":\"Blog do Guelmann\",\"description\":\"Pitadas da sabedoria e do humor judaicos, assuntos do momento e um pouco das hist\u00f3rias que vivi e testemunhei.\",\"potentialAction\":[{\"@type\":\"SearchAction\",\"target\":{\"@type\":\"EntryPoint\",\"urlTemplate\":\"https:\\\/\\\/gersonguelmann.com.br\\\/blog\\\/?s={search_term_string}\"},\"query-input\":{\"@type\":\"PropertyValueSpecification\",\"valueRequired\":true,\"valueName\":\"search_term_string\"}}],\"inLanguage\":\"pt-BR\"},{\"@type\":\"Person\",\"@id\":\"https:\\\/\\\/gersonguelmann.com.br\\\/blog\\\/#\\\/schema\\\/person\\\/87e70e2a786888082f941a482c90569e\",\"name\":\"Gerson Guelmann\",\"image\":{\"@type\":\"ImageObject\",\"inLanguage\":\"pt-BR\",\"@id\":\"https:\\\/\\\/i0.wp.com\\\/gersonguelmann.com.br\\\/blog\\\/wp-content\\\/uploads\\\/2021\\\/08\\\/BLOG.jpeg?fit=96%2C96&ssl=1\",\"url\":\"https:\\\/\\\/i0.wp.com\\\/gersonguelmann.com.br\\\/blog\\\/wp-content\\\/uploads\\\/2021\\\/08\\\/BLOG.jpeg?fit=96%2C96&ssl=1\",\"contentUrl\":\"https:\\\/\\\/i0.wp.com\\\/gersonguelmann.com.br\\\/blog\\\/wp-content\\\/uploads\\\/2021\\\/08\\\/BLOG.jpeg?fit=96%2C96&ssl=1\",\"caption\":\"Gerson Guelmann\"},\"description\":\"Pitadas da sabedoria e do humor judaicos, assuntos do momento e um pouco das hist\u00f3rias que vivi e testemunhei.\"}]}<\/script>\n<!-- \/ Yoast SEO plugin. -->","yoast_head_json":{"title":"Escola Judaica Com Maioria de Estudantes Mu\u00e7ulmanos | Blog do Guelmann","robots":{"index":"index","follow":"follow","max-snippet":"max-snippet:-1","max-image-preview":"max-image-preview:large","max-video-preview":"max-video-preview:-1"},"canonical":"https:\/\/gersonguelmann.com.br\/blog\/escola-judaica-com-maioria-de-estudantes-muculmanos\/","og_locale":"pt_BR","og_type":"article","og_title":"Escola Judaica Com Maioria de Estudantes Mu\u00e7ulmanos | Blog do Guelmann","og_description":"Mat\u00e9ria muito boa publicada no site Rua Judaica, edi\u00e7\u00e3o de 7\/5: Escola judaica brit\u00e2nica tem, em sua maioria, estudantes mu\u00e7ulmanos. Como centenas de institui\u00e7\u00f5es judaicas na Di\u00e1spora, a Escola King David celebrou o 70\u00ba Dia da Independ\u00eancia de Israel com bandeiras azuis e brancas e cantou em grupo o hino nacional \u201cHatikvah\u201d. Mas a King [&hellip;]","og_url":"https:\/\/gersonguelmann.com.br\/blog\/escola-judaica-com-maioria-de-estudantes-muculmanos\/","og_site_name":"Blog do Guelmann","article_published_time":"2018-05-11T18:37:02+00:00","og_image":[{"width":430,"height":316,"url":"https:\/\/gersonguelmann.com.br\/blog\/wp-content\/uploads\/2018\/05\/2.png","type":"image\/png"}],"author":"Gerson Guelmann","twitter_card":"summary_large_image","twitter_misc":{"Escrito por":"Gerson Guelmann","Est. tempo de leitura":"5 minutos"},"schema":{"@context":"https:\/\/schema.org","@graph":[{"@type":"Article","@id":"https:\/\/gersonguelmann.com.br\/blog\/escola-judaica-com-maioria-de-estudantes-muculmanos\/#article","isPartOf":{"@id":"https:\/\/gersonguelmann.com.br\/blog\/escola-judaica-com-maioria-de-estudantes-muculmanos\/"},"author":{"name":"Gerson Guelmann","@id":"https:\/\/gersonguelmann.com.br\/blog\/#\/schema\/person\/87e70e2a786888082f941a482c90569e"},"headline":"Escola Judaica Com Maioria de Estudantes Mu\u00e7ulmanos","datePublished":"2018-05-11T18:37:02+00:00","mainEntityOfPage":{"@id":"https:\/\/gersonguelmann.com.br\/blog\/escola-judaica-com-maioria-de-estudantes-muculmanos\/"},"wordCount":1061,"commentCount":0,"image":{"@id":"https:\/\/gersonguelmann.com.br\/blog\/escola-judaica-com-maioria-de-estudantes-muculmanos\/#primaryimage"},"thumbnailUrl":"https:\/\/i0.wp.com\/gersonguelmann.com.br\/blog\/wp-content\/uploads\/2018\/05\/2.png?fit=430%2C316&ssl=1","inLanguage":"pt-BR","potentialAction":[{"@type":"CommentAction","name":"Comment","target":["https:\/\/gersonguelmann.com.br\/blog\/escola-judaica-com-maioria-de-estudantes-muculmanos\/#respond"]}]},{"@type":"WebPage","@id":"https:\/\/gersonguelmann.com.br\/blog\/escola-judaica-com-maioria-de-estudantes-muculmanos\/","url":"https:\/\/gersonguelmann.com.br\/blog\/escola-judaica-com-maioria-de-estudantes-muculmanos\/","name":"Escola Judaica Com Maioria de Estudantes Mu\u00e7ulmanos | Blog do Guelmann","isPartOf":{"@id":"https:\/\/gersonguelmann.com.br\/blog\/#website"},"primaryImageOfPage":{"@id":"https:\/\/gersonguelmann.com.br\/blog\/escola-judaica-com-maioria-de-estudantes-muculmanos\/#primaryimage"},"image":{"@id":"https:\/\/gersonguelmann.com.br\/blog\/escola-judaica-com-maioria-de-estudantes-muculmanos\/#primaryimage"},"thumbnailUrl":"https:\/\/i0.wp.com\/gersonguelmann.com.br\/blog\/wp-content\/uploads\/2018\/05\/2.png?fit=430%2C316&ssl=1","datePublished":"2018-05-11T18:37:02+00:00","author":{"@id":"https:\/\/gersonguelmann.com.br\/blog\/#\/schema\/person\/87e70e2a786888082f941a482c90569e"},"inLanguage":"pt-BR","potentialAction":[{"@type":"ReadAction","target":["https:\/\/gersonguelmann.com.br\/blog\/escola-judaica-com-maioria-de-estudantes-muculmanos\/"]}]},{"@type":"ImageObject","inLanguage":"pt-BR","@id":"https:\/\/gersonguelmann.com.br\/blog\/escola-judaica-com-maioria-de-estudantes-muculmanos\/#primaryimage","url":"https:\/\/i0.wp.com\/gersonguelmann.com.br\/blog\/wp-content\/uploads\/2018\/05\/2.png?fit=430%2C316&ssl=1","contentUrl":"https:\/\/i0.wp.com\/gersonguelmann.com.br\/blog\/wp-content\/uploads\/2018\/05\/2.png?fit=430%2C316&ssl=1","width":430,"height":316},{"@type":"WebSite","@id":"https:\/\/gersonguelmann.com.br\/blog\/#website","url":"https:\/\/gersonguelmann.com.br\/blog\/","name":"Blog do Guelmann","description":"Pitadas da sabedoria e do humor judaicos, assuntos do momento e um pouco das hist\u00f3rias que vivi e testemunhei.","potentialAction":[{"@type":"SearchAction","target":{"@type":"EntryPoint","urlTemplate":"https:\/\/gersonguelmann.com.br\/blog\/?s={search_term_string}"},"query-input":{"@type":"PropertyValueSpecification","valueRequired":true,"valueName":"search_term_string"}}],"inLanguage":"pt-BR"},{"@type":"Person","@id":"https:\/\/gersonguelmann.com.br\/blog\/#\/schema\/person\/87e70e2a786888082f941a482c90569e","name":"Gerson Guelmann","image":{"@type":"ImageObject","inLanguage":"pt-BR","@id":"https:\/\/i0.wp.com\/gersonguelmann.com.br\/blog\/wp-content\/uploads\/2021\/08\/BLOG.jpeg?fit=96%2C96&ssl=1","url":"https:\/\/i0.wp.com\/gersonguelmann.com.br\/blog\/wp-content\/uploads\/2021\/08\/BLOG.jpeg?fit=96%2C96&ssl=1","contentUrl":"https:\/\/i0.wp.com\/gersonguelmann.com.br\/blog\/wp-content\/uploads\/2021\/08\/BLOG.jpeg?fit=96%2C96&ssl=1","caption":"Gerson Guelmann"},"description":"Pitadas da sabedoria e do humor judaicos, assuntos do momento e um pouco das hist\u00f3rias que vivi e testemunhei."}]}},"views":66,"jetpack_publicize_connections":[],"jetpack_featured_media_url":"https:\/\/i0.wp.com\/gersonguelmann.com.br\/blog\/wp-content\/uploads\/2018\/05\/2.png?fit=430%2C316&ssl=1","jetpack_shortlink":"https:\/\/wp.me\/p96e7O-3kE","jetpack-related-posts":[{"id":659,"url":"https:\/\/gersonguelmann.com.br\/blog\/sexta-do-humor-e-da-cultura-judaica-sabedoria-rabinica-nivel-maximo\/","url_meta":{"origin":12812,"position":0},"title":"Sexta do Humor e da Cultura Judaica &#8211; Sabedoria Rab\u00ednica N\u00edvel M\u00e1ximo","author":"Gerson Guelmann","date":"12 de setembro de 2025","format":false,"excerpt":"Sabedoria Rab\u00ednica N\u00edvel M\u00e1ximo O Rabino Yosef\u00a0Kahaneman foi o fundador de uma escola rab\u00ednica muito conhecida pelos judeus ultraortodoxos, em Bnei Brak, sub\u00farbio de Tel Aviv. Nas viagens que fazia pelo mundo, o Rabino levantava fundos para construir escolas em Israel. Uma vez, chegando em determinada cidade, ficou sabendo por\u2026","rel":"","context":"Em &quot;Sem categoria&quot;","block_context":{"text":"Sem categoria","link":"https:\/\/gersonguelmann.com.br\/blog\/category\/sem-categoria\/"},"img":{"alt_text":"","src":"https:\/\/i0.wp.com\/gersonguelmann.com.br\/blog\/wp-content\/uploads\/2025\/09\/menino_menina_judeus_600x400.jpg?fit=600%2C400&ssl=1&resize=350%2C200","width":350,"height":200,"srcset":"https:\/\/i0.wp.com\/gersonguelmann.com.br\/blog\/wp-content\/uploads\/2025\/09\/menino_menina_judeus_600x400.jpg?fit=600%2C400&ssl=1&resize=350%2C200 1x, https:\/\/i0.wp.com\/gersonguelmann.com.br\/blog\/wp-content\/uploads\/2025\/09\/menino_menina_judeus_600x400.jpg?fit=600%2C400&ssl=1&resize=525%2C300 1.5x"},"classes":[]},{"id":26609,"url":"https:\/\/gersonguelmann.com.br\/blog\/sexta-do-humor-e-da-cultura-judaica-e-preciso-saber-como-perguntar-ao-rabino\/","url_meta":{"origin":12812,"position":1},"title":"Sexta do Humor e da Cultura Judaica &#8211; \u00c9 Preciso Saber Como Perguntar ao Rabino","author":"Gerson Guelmann","date":"20 de fevereiro de 2026","format":false,"excerpt":"\u00c9 Preciso Saber Como Perguntar ao Rabino Dois estudantes de uma escola rab\u00ednica estavam discutindo se seria permitido fumar enquanto estudavam a Torah(*). Sem chegar a um acordo, decidiram conversar com o Rabino. Chegando l\u00e1, um deles perguntou: - Rabino, \u00e9 permitido fumar enquanto estudamos a Torah? O Rabino reagiu\u2026","rel":"","context":"Em &quot;Sem categoria&quot;","block_context":{"text":"Sem categoria","link":"https:\/\/gersonguelmann.com.br\/blog\/category\/sem-categoria\/"},"img":{"alt_text":"","src":"https:\/\/i0.wp.com\/gersonguelmann.com.br\/blog\/wp-content\/uploads\/2026\/02\/HojePR-7.png?fit=600%2C400&ssl=1&resize=350%2C200","width":350,"height":200,"srcset":"https:\/\/i0.wp.com\/gersonguelmann.com.br\/blog\/wp-content\/uploads\/2026\/02\/HojePR-7.png?fit=600%2C400&ssl=1&resize=350%2C200 1x, https:\/\/i0.wp.com\/gersonguelmann.com.br\/blog\/wp-content\/uploads\/2026\/02\/HojePR-7.png?fit=600%2C400&ssl=1&resize=525%2C300 1.5x"},"classes":[]},{"id":26458,"url":"https:\/\/gersonguelmann.com.br\/blog\/sexta-do-humor-e-da-cultura-judaica-10\/","url_meta":{"origin":12812,"position":2},"title":"Sexta do Humor e da Cultura Judaica &#8211; A Discuss\u00e3o na Escola Rab\u00ednica","author":"Gerson Guelmann","date":"28 de novembro de 2025","format":false,"excerpt":"A Discuss\u00e3o na Escola Rab\u00ednica Os alunos que estavam estudando e discutindo a Torah\u00b9 na maior yeshiv\u00e1 \u2014 a escola rab\u00ednica \u2014 de Israel se assustaram quando o burburinho foi interrompido pelo Grande Rabino, que bateu a m\u00e3o na mesa e disse: - Meus queridos, eu proponho uma quest\u00e3o. Em\u2026","rel":"","context":"Em &quot;Sem categoria&quot;","block_context":{"text":"Sem categoria","link":"https:\/\/gersonguelmann.com.br\/blog\/category\/sem-categoria\/"},"img":{"alt_text":"","src":"https:\/\/i0.wp.com\/gersonguelmann.com.br\/blog\/wp-content\/uploads\/2025\/11\/HojePR-13.jpg?fit=1024%2C687&ssl=1&resize=350%2C200","width":350,"height":200,"srcset":"https:\/\/i0.wp.com\/gersonguelmann.com.br\/blog\/wp-content\/uploads\/2025\/11\/HojePR-13.jpg?fit=1024%2C687&ssl=1&resize=350%2C200 1x, https:\/\/i0.wp.com\/gersonguelmann.com.br\/blog\/wp-content\/uploads\/2025\/11\/HojePR-13.jpg?fit=1024%2C687&ssl=1&resize=525%2C300 1.5x, https:\/\/i0.wp.com\/gersonguelmann.com.br\/blog\/wp-content\/uploads\/2025\/11\/HojePR-13.jpg?fit=1024%2C687&ssl=1&resize=700%2C400 2x"},"classes":[]},{"id":15099,"url":"https:\/\/gersonguelmann.com.br\/blog\/sexta-do-humor-e-da-cultura-judaica-as-dificuldades-do-professor-na-escola-judaica\/","url_meta":{"origin":12812,"position":3},"title":"Sexta do Humor e da Cultura Judaica &#8211; As Dificuldades do Professor na Escola Judaica","author":"Gerson Guelmann","date":"16 de junho de 2023","format":false,"excerpt":"As Dificuldades do Professor na Escola Judaica Rafael, de 10 anos de idade, tinha acabado de mudar de classe na escola judaica. No primeiro dia de aula, o Sr. Levy, o novo professor, queria descobrir o qu\u00e3o religiosa a fam\u00edlia dele era e mais especialmente se tinham o h\u00e1bito de\u2026","rel":"","context":"Em &quot;Sem categoria&quot;","block_context":{"text":"Sem categoria","link":"https:\/\/gersonguelmann.com.br\/blog\/category\/sem-categoria\/"},"img":{"alt_text":"","src":"https:\/\/i0.wp.com\/gersonguelmann.com.br\/blog\/wp-content\/uploads\/2018\/11\/boy-praying-before-bed.jpg?fit=780%2C520&ssl=1&resize=350%2C200","width":350,"height":200,"srcset":"https:\/\/i0.wp.com\/gersonguelmann.com.br\/blog\/wp-content\/uploads\/2018\/11\/boy-praying-before-bed.jpg?fit=780%2C520&ssl=1&resize=350%2C200 1x, https:\/\/i0.wp.com\/gersonguelmann.com.br\/blog\/wp-content\/uploads\/2018\/11\/boy-praying-before-bed.jpg?fit=780%2C520&ssl=1&resize=525%2C300 1.5x, https:\/\/i0.wp.com\/gersonguelmann.com.br\/blog\/wp-content\/uploads\/2018\/11\/boy-praying-before-bed.jpg?fit=780%2C520&ssl=1&resize=700%2C400 2x"},"classes":[]},{"id":19117,"url":"https:\/\/gersonguelmann.com.br\/blog\/na-india-alunos-fizeram-prova-com-caixa-de-papelao-na-cabeca\/","url_meta":{"origin":12812,"position":4},"title":"Na \u00cdndia, Alunos Fizeram Prova Com Caixa de Papel\u00e3o na Cabe\u00e7a","author":"Gerson Guelmann","date":"5 de novembro de 2019","format":false,"excerpt":"Em tempos de \"bullying\" e dos cuidados com suas consequ\u00eancias, chama a aten\u00e7\u00e3o not\u00edcia publicada no site Yahoo! Not\u00edcias: Escola obriga alunos a fazerem prova com caixa de papel\u00e3o na cabe\u00e7a Reda\u00e7\u00e3o Not\u00edcias Yahoo Not\u00edcias 21 de outubro de 2019 Administrador diz que alunos 'consentiram' com a medida (Foto: Reprodu\u00e7\u00e3o\/Twitter\u2026","rel":"","context":"Em &quot;Sem categoria&quot;","block_context":{"text":"Sem categoria","link":"https:\/\/gersonguelmann.com.br\/blog\/category\/sem-categoria\/"},"img":{"alt_text":"","src":"https:\/\/i0.wp.com\/gersonguelmann.com.br\/blog\/wp-content\/uploads\/2019\/11\/Yahoo.jpg?fit=640%2C360&ssl=1&resize=350%2C200","width":350,"height":200,"srcset":"https:\/\/i0.wp.com\/gersonguelmann.com.br\/blog\/wp-content\/uploads\/2019\/11\/Yahoo.jpg?fit=640%2C360&ssl=1&resize=350%2C200 1x, https:\/\/i0.wp.com\/gersonguelmann.com.br\/blog\/wp-content\/uploads\/2019\/11\/Yahoo.jpg?fit=640%2C360&ssl=1&resize=525%2C300 1.5x"},"classes":[]},{"id":4826,"url":"https:\/\/gersonguelmann.com.br\/blog\/os-diferentes-tipos-de-judaismo-para-rir\/","url_meta":{"origin":12812,"position":5},"title":"Os Diferentes Tipos de Juda\u00edsmo (Para Rir)","author":"Gerson Guelmann","date":"24 de agosto de 2019","format":false,"excerpt":"Juda\u00edsmo card\u00edaco: - \"Em meu cora\u00e7\u00e3o, eu sou judeu\". Juda\u00edsmo gastron\u00f4mico: - \"Eu gosto da comida judaica\". Juda\u00edsmo do tal\u00e3o de cheques: - \"Eu fa\u00e7o doa\u00e7\u00f5es \u00e0s causas judaicas\". Juda\u00edsmo da carona: - \"Eu deixo as crian\u00e7as na escola judaica\". Juda\u00edsmo Bianual: - \"Eu vou na Sinagoga em Rosh Hashanah\u2026","rel":"","context":"Em &quot;Sem categoria&quot;","block_context":{"text":"Sem categoria","link":"https:\/\/gersonguelmann.com.br\/blog\/category\/sem-categoria\/"},"img":{"alt_text":"","src":"https:\/\/i0.wp.com\/gersonguelmann.com.br\/blog\/wp-content\/uploads\/2017\/11\/Muro.jpg?fit=680%2C382&ssl=1&resize=350%2C200","width":350,"height":200,"srcset":"https:\/\/i0.wp.com\/gersonguelmann.com.br\/blog\/wp-content\/uploads\/2017\/11\/Muro.jpg?fit=680%2C382&ssl=1&resize=350%2C200 1x, https:\/\/i0.wp.com\/gersonguelmann.com.br\/blog\/wp-content\/uploads\/2017\/11\/Muro.jpg?fit=680%2C382&ssl=1&resize=525%2C300 1.5x"},"classes":[]}],"jetpack_sharing_enabled":true,"post_mailing_queue_ids":[],"_links":{"self":[{"href":"https:\/\/gersonguelmann.com.br\/blog\/wp-json\/wp\/v2\/posts\/12812","targetHints":{"allow":["GET"]}}],"collection":[{"href":"https:\/\/gersonguelmann.com.br\/blog\/wp-json\/wp\/v2\/posts"}],"about":[{"href":"https:\/\/gersonguelmann.com.br\/blog\/wp-json\/wp\/v2\/types\/post"}],"author":[{"embeddable":true,"href":"https:\/\/gersonguelmann.com.br\/blog\/wp-json\/wp\/v2\/users\/5"}],"replies":[{"embeddable":true,"href":"https:\/\/gersonguelmann.com.br\/blog\/wp-json\/wp\/v2\/comments?post=12812"}],"version-history":[{"count":0,"href":"https:\/\/gersonguelmann.com.br\/blog\/wp-json\/wp\/v2\/posts\/12812\/revisions"}],"wp:featuredmedia":[{"embeddable":true,"href":"https:\/\/gersonguelmann.com.br\/blog\/wp-json\/wp\/v2\/media\/12813"}],"wp:attachment":[{"href":"https:\/\/gersonguelmann.com.br\/blog\/wp-json\/wp\/v2\/media?parent=12812"}],"wp:term":[{"taxonomy":"category","embeddable":true,"href":"https:\/\/gersonguelmann.com.br\/blog\/wp-json\/wp\/v2\/categories?post=12812"},{"taxonomy":"post_tag","embeddable":true,"href":"https:\/\/gersonguelmann.com.br\/blog\/wp-json\/wp\/v2\/tags?post=12812"}],"curies":[{"name":"wp","href":"https:\/\/api.w.org\/{rel}","templated":true}]}}