    {"id":12816,"date":"2018-05-11T17:00:29","date_gmt":"2018-05-11T20:00:29","guid":{"rendered":"https:\/\/gersonguelmann.com.br\/blog\/?p=12816"},"modified":"2018-05-11T17:15:55","modified_gmt":"2018-05-11T20:15:55","slug":"na-antevespera-a-lembranca-da-minha-mae","status":"publish","type":"post","link":"https:\/\/gersonguelmann.com.br\/blog\/na-antevespera-a-lembranca-da-minha-mae\/","title":{"rendered":"Na Antev\u00e9spera, a Lembran\u00e7a da Minha M\u00e3e"},"content":{"rendered":"<p style=\"text-align: center;\"><img data-recalc-dims=\"1\" fetchpriority=\"high\" decoding=\"async\" data-attachment-id=\"12817\" data-permalink=\"https:\/\/gersonguelmann.com.br\/blog\/na-antevespera-a-lembranca-da-minha-mae\/mae-e-eu\/\" data-orig-file=\"https:\/\/i0.wp.com\/gersonguelmann.com.br\/blog\/wp-content\/uploads\/2018\/05\/M%C3%A3e-e-eu.jpg?fit=352%2C408&amp;ssl=1\" data-orig-size=\"352,408\" data-comments-opened=\"1\" data-image-meta=\"{&quot;aperture&quot;:&quot;0&quot;,&quot;credit&quot;:&quot;&quot;,&quot;camera&quot;:&quot;&quot;,&quot;caption&quot;:&quot;&quot;,&quot;created_timestamp&quot;:&quot;0&quot;,&quot;copyright&quot;:&quot;&quot;,&quot;focal_length&quot;:&quot;0&quot;,&quot;iso&quot;:&quot;0&quot;,&quot;shutter_speed&quot;:&quot;0&quot;,&quot;title&quot;:&quot;&quot;,&quot;orientation&quot;:&quot;0&quot;}\" data-image-title=\"M\u00e3e e eu\" data-image-description=\"\" data-image-caption=\"\" data-medium-file=\"https:\/\/i0.wp.com\/gersonguelmann.com.br\/blog\/wp-content\/uploads\/2018\/05\/M%C3%A3e-e-eu.jpg?fit=259%2C300&amp;ssl=1\" data-large-file=\"https:\/\/i0.wp.com\/gersonguelmann.com.br\/blog\/wp-content\/uploads\/2018\/05\/M%C3%A3e-e-eu.jpg?fit=352%2C408&amp;ssl=1\" class=\"alignnone size-medium wp-image-12817\" src=\"https:\/\/i0.wp.com\/gersonguelmann.com.br\/blog\/wp-content\/uploads\/2018\/05\/M%C3%A3e-e-eu-259x300.jpg?resize=259%2C300&#038;ssl=1\" alt=\"\" width=\"259\" height=\"300\" srcset=\"https:\/\/i0.wp.com\/gersonguelmann.com.br\/blog\/wp-content\/uploads\/2018\/05\/M%C3%A3e-e-eu.jpg?resize=259%2C300&amp;ssl=1 259w, https:\/\/i0.wp.com\/gersonguelmann.com.br\/blog\/wp-content\/uploads\/2018\/05\/M%C3%A3e-e-eu.jpg?w=352&amp;ssl=1 352w\" sizes=\"(max-width: 259px) 100vw, 259px\" \/><br \/>\n<span style=\"color: #808080;\"><em><strong>Minha m\u00e3e e eu, nos remotos idos de 1950 (acho)\u00a0<\/strong><\/em><\/span><\/p>\n<p><span style=\"font-family: georgia, palatino, serif; font-size: 18pt;\">Minha m\u00e3e chamava-se Selda e morreu quando eu tinha 17 anos.\u00a0<\/span><\/p>\n<p><span style=\"font-family: georgia, palatino, serif; font-size: 18pt;\">Esta \u00e9 uma idade em que a gente j\u00e1 tem muitas lembran\u00e7as, claro.<\/span><\/p>\n<p><span style=\"font-family: georgia, palatino, serif; font-size: 18pt;\">N\u00e3o por coincid\u00eancia, faltando pouco para o Dia das M\u00e3es, meu amigo Carlinhos Brickmann me mandou um v\u00eddeo da m\u00fasica que a fazia chorar.<\/span><\/p>\n<p><span style=\"font-family: georgia, palatino, serif; font-size: 18pt;\">Lembrei que ela nos dizia que a composi\u00e7\u00e3o lhe trazia a lembran\u00e7a da pr\u00f3pria m\u00e3e, tamb\u00e9m falecida prematuramente.<\/span><\/p>\n<p><span style=\"font-family: georgia, palatino, serif; font-size: 18pt;\">A m\u00fasica \u00e9 &#8220;Csardas&#8221;, do compositor italiano Vittorio Monti:<\/span><\/p>\n<p><span class=\"embed-youtube\" style=\"text-align:center; display: block;\"><iframe class=\"youtube-player\" width=\"640\" height=\"360\" src=\"https:\/\/www.youtube.com\/embed\/CufusXTMQeo?version=3&#038;rel=1&#038;showsearch=0&#038;showinfo=1&#038;iv_load_policy=1&#038;fs=1&#038;hl=pt-BR&#038;autohide=2&#038;wmode=transparent\" allowfullscreen=\"true\" style=\"border:0;\" sandbox=\"allow-scripts allow-same-origin allow-popups allow-presentation allow-popups-to-escape-sandbox\"><\/iframe><\/span><\/p>\n<p style=\"text-align: center;\"><span style=\"color: #000000;\"><em><strong><span style=\"font-family: georgia, palatino, serif; font-size: 14pt;\">Clarinetista Andreas Ottensamer, violinista Nemanja Radulovic e a Berlin Konzerthaus Orchestra, conduzida por Pablo Heras-Casado.\u00a0<\/span><\/strong><\/em><\/span><\/p>\n","protected":false},"excerpt":{"rendered":"<p>Minha m\u00e3e e eu, nos remotos idos de 1950 (acho)\u00a0 Minha m\u00e3e chamava-se Selda e morreu quando eu tinha 17 anos.\u00a0 Esta \u00e9 uma idade em que a gente j\u00e1 tem muitas lembran\u00e7as, claro. N\u00e3o por coincid\u00eancia, faltando pouco para o Dia das M\u00e3es, meu amigo Carlinhos Brickmann me mandou um v\u00eddeo da m\u00fasica que [&hellip;]<\/p>\n","protected":false},"author":5,"featured_media":12817,"comment_status":"open","ping_status":"open","sticky":false,"template":"","format":"standard","meta":{"_acf_changed":false,"jetpack_post_was_ever_published":false,"_jetpack_newsletter_access":"","_jetpack_dont_email_post_to_subs":false,"_jetpack_newsletter_tier_id":0,"_jetpack_memberships_contains_paywalled_content":false,"_jetpack_memberships_contains_paid_content":false,"footnotes":"","jetpack_publicize_message":"","jetpack_publicize_feature_enabled":true,"jetpack_social_post_already_shared":true,"jetpack_social_options":{"image_generator_settings":{"template":"highway","default_image_id":0,"font":"","enabled":false},"version":2}},"categories":[1],"tags":[],"class_list":["post-12816","post","type-post","status-publish","format-standard","has-post-thumbnail","hentry","category-sem-categoria"],"acf":[],"yoast_head":"<!-- This site is optimized with the Yoast SEO plugin v27.3 - https:\/\/yoast.com\/product\/yoast-seo-wordpress\/ -->\n<title>Na Antev\u00e9spera, a Lembran\u00e7a da Minha M\u00e3e | Blog do Guelmann<\/title>\n<meta name=\"robots\" content=\"index, follow, max-snippet:-1, max-image-preview:large, max-video-preview:-1\" \/>\n<link rel=\"canonical\" href=\"https:\/\/gersonguelmann.com.br\/blog\/na-antevespera-a-lembranca-da-minha-mae\/\" \/>\n<meta property=\"og:locale\" content=\"pt_BR\" \/>\n<meta property=\"og:type\" content=\"article\" \/>\n<meta property=\"og:title\" content=\"Na Antev\u00e9spera, a Lembran\u00e7a da Minha M\u00e3e | Blog do Guelmann\" \/>\n<meta property=\"og:description\" content=\"Minha m\u00e3e e eu, nos remotos idos de 1950 (acho)\u00a0 Minha m\u00e3e chamava-se Selda e morreu quando eu tinha 17 anos.\u00a0 Esta \u00e9 uma idade em que a gente j\u00e1 tem muitas lembran\u00e7as, claro. N\u00e3o por coincid\u00eancia, faltando pouco para o Dia das M\u00e3es, meu amigo Carlinhos Brickmann me mandou um v\u00eddeo da m\u00fasica que [&hellip;]\" \/>\n<meta property=\"og:url\" content=\"https:\/\/gersonguelmann.com.br\/blog\/na-antevespera-a-lembranca-da-minha-mae\/\" \/>\n<meta property=\"og:site_name\" content=\"Blog do Guelmann\" \/>\n<meta property=\"article:published_time\" content=\"2018-05-11T20:00:29+00:00\" \/>\n<meta property=\"article:modified_time\" content=\"2018-05-11T20:15:55+00:00\" \/>\n<meta property=\"og:image\" content=\"https:\/\/i0.wp.com\/gersonguelmann.com.br\/blog\/wp-content\/uploads\/2018\/05\/M\u00e3e-e-eu.jpg?fit=352%2C408&ssl=1\" \/>\n\t<meta property=\"og:image:width\" content=\"352\" \/>\n\t<meta property=\"og:image:height\" content=\"408\" \/>\n\t<meta property=\"og:image:type\" content=\"image\/jpeg\" \/>\n<meta name=\"author\" content=\"Gerson Guelmann\" \/>\n<meta name=\"twitter:card\" content=\"summary_large_image\" \/>\n<meta name=\"twitter:label1\" content=\"Escrito por\" \/>\n\t<meta name=\"twitter:data1\" content=\"Gerson Guelmann\" \/>\n\t<meta name=\"twitter:label2\" content=\"Est. tempo de leitura\" \/>\n\t<meta name=\"twitter:data2\" content=\"1 minuto\" \/>\n<script type=\"application\/ld+json\" class=\"yoast-schema-graph\">{\"@context\":\"https:\\\/\\\/schema.org\",\"@graph\":[{\"@type\":\"Article\",\"@id\":\"https:\\\/\\\/gersonguelmann.com.br\\\/blog\\\/na-antevespera-a-lembranca-da-minha-mae\\\/#article\",\"isPartOf\":{\"@id\":\"https:\\\/\\\/gersonguelmann.com.br\\\/blog\\\/na-antevespera-a-lembranca-da-minha-mae\\\/\"},\"author\":{\"name\":\"Gerson Guelmann\",\"@id\":\"https:\\\/\\\/gersonguelmann.com.br\\\/blog\\\/#\\\/schema\\\/person\\\/87e70e2a786888082f941a482c90569e\"},\"headline\":\"Na Antev\u00e9spera, a Lembran\u00e7a da Minha M\u00e3e\",\"datePublished\":\"2018-05-11T20:00:29+00:00\",\"dateModified\":\"2018-05-11T20:15:55+00:00\",\"mainEntityOfPage\":{\"@id\":\"https:\\\/\\\/gersonguelmann.com.br\\\/blog\\\/na-antevespera-a-lembranca-da-minha-mae\\\/\"},\"wordCount\":127,\"commentCount\":0,\"image\":{\"@id\":\"https:\\\/\\\/gersonguelmann.com.br\\\/blog\\\/na-antevespera-a-lembranca-da-minha-mae\\\/#primaryimage\"},\"thumbnailUrl\":\"https:\\\/\\\/i0.wp.com\\\/gersonguelmann.com.br\\\/blog\\\/wp-content\\\/uploads\\\/2018\\\/05\\\/M%C3%A3e-e-eu.jpg?fit=352%2C408&ssl=1\",\"inLanguage\":\"pt-BR\",\"potentialAction\":[{\"@type\":\"CommentAction\",\"name\":\"Comment\",\"target\":[\"https:\\\/\\\/gersonguelmann.com.br\\\/blog\\\/na-antevespera-a-lembranca-da-minha-mae\\\/#respond\"]}]},{\"@type\":\"WebPage\",\"@id\":\"https:\\\/\\\/gersonguelmann.com.br\\\/blog\\\/na-antevespera-a-lembranca-da-minha-mae\\\/\",\"url\":\"https:\\\/\\\/gersonguelmann.com.br\\\/blog\\\/na-antevespera-a-lembranca-da-minha-mae\\\/\",\"name\":\"Na Antev\u00e9spera, a Lembran\u00e7a da Minha M\u00e3e | Blog do Guelmann\",\"isPartOf\":{\"@id\":\"https:\\\/\\\/gersonguelmann.com.br\\\/blog\\\/#website\"},\"primaryImageOfPage\":{\"@id\":\"https:\\\/\\\/gersonguelmann.com.br\\\/blog\\\/na-antevespera-a-lembranca-da-minha-mae\\\/#primaryimage\"},\"image\":{\"@id\":\"https:\\\/\\\/gersonguelmann.com.br\\\/blog\\\/na-antevespera-a-lembranca-da-minha-mae\\\/#primaryimage\"},\"thumbnailUrl\":\"https:\\\/\\\/i0.wp.com\\\/gersonguelmann.com.br\\\/blog\\\/wp-content\\\/uploads\\\/2018\\\/05\\\/M%C3%A3e-e-eu.jpg?fit=352%2C408&ssl=1\",\"datePublished\":\"2018-05-11T20:00:29+00:00\",\"dateModified\":\"2018-05-11T20:15:55+00:00\",\"author\":{\"@id\":\"https:\\\/\\\/gersonguelmann.com.br\\\/blog\\\/#\\\/schema\\\/person\\\/87e70e2a786888082f941a482c90569e\"},\"inLanguage\":\"pt-BR\",\"potentialAction\":[{\"@type\":\"ReadAction\",\"target\":[\"https:\\\/\\\/gersonguelmann.com.br\\\/blog\\\/na-antevespera-a-lembranca-da-minha-mae\\\/\"]}]},{\"@type\":\"ImageObject\",\"inLanguage\":\"pt-BR\",\"@id\":\"https:\\\/\\\/gersonguelmann.com.br\\\/blog\\\/na-antevespera-a-lembranca-da-minha-mae\\\/#primaryimage\",\"url\":\"https:\\\/\\\/i0.wp.com\\\/gersonguelmann.com.br\\\/blog\\\/wp-content\\\/uploads\\\/2018\\\/05\\\/M%C3%A3e-e-eu.jpg?fit=352%2C408&ssl=1\",\"contentUrl\":\"https:\\\/\\\/i0.wp.com\\\/gersonguelmann.com.br\\\/blog\\\/wp-content\\\/uploads\\\/2018\\\/05\\\/M%C3%A3e-e-eu.jpg?fit=352%2C408&ssl=1\",\"width\":352,\"height\":408},{\"@type\":\"WebSite\",\"@id\":\"https:\\\/\\\/gersonguelmann.com.br\\\/blog\\\/#website\",\"url\":\"https:\\\/\\\/gersonguelmann.com.br\\\/blog\\\/\",\"name\":\"Blog do Guelmann\",\"description\":\"Pitadas da sabedoria e do humor judaicos, assuntos do momento e um pouco das hist\u00f3rias que vivi e testemunhei.\",\"potentialAction\":[{\"@type\":\"SearchAction\",\"target\":{\"@type\":\"EntryPoint\",\"urlTemplate\":\"https:\\\/\\\/gersonguelmann.com.br\\\/blog\\\/?s={search_term_string}\"},\"query-input\":{\"@type\":\"PropertyValueSpecification\",\"valueRequired\":true,\"valueName\":\"search_term_string\"}}],\"inLanguage\":\"pt-BR\"},{\"@type\":\"Person\",\"@id\":\"https:\\\/\\\/gersonguelmann.com.br\\\/blog\\\/#\\\/schema\\\/person\\\/87e70e2a786888082f941a482c90569e\",\"name\":\"Gerson Guelmann\",\"image\":{\"@type\":\"ImageObject\",\"inLanguage\":\"pt-BR\",\"@id\":\"https:\\\/\\\/i0.wp.com\\\/gersonguelmann.com.br\\\/blog\\\/wp-content\\\/uploads\\\/2021\\\/08\\\/BLOG.jpeg?fit=96%2C96&ssl=1\",\"url\":\"https:\\\/\\\/i0.wp.com\\\/gersonguelmann.com.br\\\/blog\\\/wp-content\\\/uploads\\\/2021\\\/08\\\/BLOG.jpeg?fit=96%2C96&ssl=1\",\"contentUrl\":\"https:\\\/\\\/i0.wp.com\\\/gersonguelmann.com.br\\\/blog\\\/wp-content\\\/uploads\\\/2021\\\/08\\\/BLOG.jpeg?fit=96%2C96&ssl=1\",\"caption\":\"Gerson Guelmann\"},\"description\":\"Pitadas da sabedoria e do humor judaicos, assuntos do momento e um pouco das hist\u00f3rias que vivi e testemunhei.\"}]}<\/script>\n<!-- \/ Yoast SEO plugin. -->","yoast_head_json":{"title":"Na Antev\u00e9spera, a Lembran\u00e7a da Minha M\u00e3e | Blog do Guelmann","robots":{"index":"index","follow":"follow","max-snippet":"max-snippet:-1","max-image-preview":"max-image-preview:large","max-video-preview":"max-video-preview:-1"},"canonical":"https:\/\/gersonguelmann.com.br\/blog\/na-antevespera-a-lembranca-da-minha-mae\/","og_locale":"pt_BR","og_type":"article","og_title":"Na Antev\u00e9spera, a Lembran\u00e7a da Minha M\u00e3e | Blog do Guelmann","og_description":"Minha m\u00e3e e eu, nos remotos idos de 1950 (acho)\u00a0 Minha m\u00e3e chamava-se Selda e morreu quando eu tinha 17 anos.\u00a0 Esta \u00e9 uma idade em que a gente j\u00e1 tem muitas lembran\u00e7as, claro. N\u00e3o por coincid\u00eancia, faltando pouco para o Dia das M\u00e3es, meu amigo Carlinhos Brickmann me mandou um v\u00eddeo da m\u00fasica que [&hellip;]","og_url":"https:\/\/gersonguelmann.com.br\/blog\/na-antevespera-a-lembranca-da-minha-mae\/","og_site_name":"Blog do Guelmann","article_published_time":"2018-05-11T20:00:29+00:00","article_modified_time":"2018-05-11T20:15:55+00:00","og_image":[{"width":352,"height":408,"url":"https:\/\/i0.wp.com\/gersonguelmann.com.br\/blog\/wp-content\/uploads\/2018\/05\/M\u00e3e-e-eu.jpg?fit=352%2C408&ssl=1","type":"image\/jpeg"}],"author":"Gerson Guelmann","twitter_card":"summary_large_image","twitter_misc":{"Escrito por":"Gerson Guelmann","Est. tempo de leitura":"1 minuto"},"schema":{"@context":"https:\/\/schema.org","@graph":[{"@type":"Article","@id":"https:\/\/gersonguelmann.com.br\/blog\/na-antevespera-a-lembranca-da-minha-mae\/#article","isPartOf":{"@id":"https:\/\/gersonguelmann.com.br\/blog\/na-antevespera-a-lembranca-da-minha-mae\/"},"author":{"name":"Gerson Guelmann","@id":"https:\/\/gersonguelmann.com.br\/blog\/#\/schema\/person\/87e70e2a786888082f941a482c90569e"},"headline":"Na Antev\u00e9spera, a Lembran\u00e7a da Minha M\u00e3e","datePublished":"2018-05-11T20:00:29+00:00","dateModified":"2018-05-11T20:15:55+00:00","mainEntityOfPage":{"@id":"https:\/\/gersonguelmann.com.br\/blog\/na-antevespera-a-lembranca-da-minha-mae\/"},"wordCount":127,"commentCount":0,"image":{"@id":"https:\/\/gersonguelmann.com.br\/blog\/na-antevespera-a-lembranca-da-minha-mae\/#primaryimage"},"thumbnailUrl":"https:\/\/i0.wp.com\/gersonguelmann.com.br\/blog\/wp-content\/uploads\/2018\/05\/M%C3%A3e-e-eu.jpg?fit=352%2C408&ssl=1","inLanguage":"pt-BR","potentialAction":[{"@type":"CommentAction","name":"Comment","target":["https:\/\/gersonguelmann.com.br\/blog\/na-antevespera-a-lembranca-da-minha-mae\/#respond"]}]},{"@type":"WebPage","@id":"https:\/\/gersonguelmann.com.br\/blog\/na-antevespera-a-lembranca-da-minha-mae\/","url":"https:\/\/gersonguelmann.com.br\/blog\/na-antevespera-a-lembranca-da-minha-mae\/","name":"Na Antev\u00e9spera, a Lembran\u00e7a da Minha M\u00e3e | Blog do Guelmann","isPartOf":{"@id":"https:\/\/gersonguelmann.com.br\/blog\/#website"},"primaryImageOfPage":{"@id":"https:\/\/gersonguelmann.com.br\/blog\/na-antevespera-a-lembranca-da-minha-mae\/#primaryimage"},"image":{"@id":"https:\/\/gersonguelmann.com.br\/blog\/na-antevespera-a-lembranca-da-minha-mae\/#primaryimage"},"thumbnailUrl":"https:\/\/i0.wp.com\/gersonguelmann.com.br\/blog\/wp-content\/uploads\/2018\/05\/M%C3%A3e-e-eu.jpg?fit=352%2C408&ssl=1","datePublished":"2018-05-11T20:00:29+00:00","dateModified":"2018-05-11T20:15:55+00:00","author":{"@id":"https:\/\/gersonguelmann.com.br\/blog\/#\/schema\/person\/87e70e2a786888082f941a482c90569e"},"inLanguage":"pt-BR","potentialAction":[{"@type":"ReadAction","target":["https:\/\/gersonguelmann.com.br\/blog\/na-antevespera-a-lembranca-da-minha-mae\/"]}]},{"@type":"ImageObject","inLanguage":"pt-BR","@id":"https:\/\/gersonguelmann.com.br\/blog\/na-antevespera-a-lembranca-da-minha-mae\/#primaryimage","url":"https:\/\/i0.wp.com\/gersonguelmann.com.br\/blog\/wp-content\/uploads\/2018\/05\/M%C3%A3e-e-eu.jpg?fit=352%2C408&ssl=1","contentUrl":"https:\/\/i0.wp.com\/gersonguelmann.com.br\/blog\/wp-content\/uploads\/2018\/05\/M%C3%A3e-e-eu.jpg?fit=352%2C408&ssl=1","width":352,"height":408},{"@type":"WebSite","@id":"https:\/\/gersonguelmann.com.br\/blog\/#website","url":"https:\/\/gersonguelmann.com.br\/blog\/","name":"Blog do Guelmann","description":"Pitadas da sabedoria e do humor judaicos, assuntos do momento e um pouco das hist\u00f3rias que vivi e testemunhei.","potentialAction":[{"@type":"SearchAction","target":{"@type":"EntryPoint","urlTemplate":"https:\/\/gersonguelmann.com.br\/blog\/?s={search_term_string}"},"query-input":{"@type":"PropertyValueSpecification","valueRequired":true,"valueName":"search_term_string"}}],"inLanguage":"pt-BR"},{"@type":"Person","@id":"https:\/\/gersonguelmann.com.br\/blog\/#\/schema\/person\/87e70e2a786888082f941a482c90569e","name":"Gerson Guelmann","image":{"@type":"ImageObject","inLanguage":"pt-BR","@id":"https:\/\/i0.wp.com\/gersonguelmann.com.br\/blog\/wp-content\/uploads\/2021\/08\/BLOG.jpeg?fit=96%2C96&ssl=1","url":"https:\/\/i0.wp.com\/gersonguelmann.com.br\/blog\/wp-content\/uploads\/2021\/08\/BLOG.jpeg?fit=96%2C96&ssl=1","contentUrl":"https:\/\/i0.wp.com\/gersonguelmann.com.br\/blog\/wp-content\/uploads\/2021\/08\/BLOG.jpeg?fit=96%2C96&ssl=1","caption":"Gerson Guelmann"},"description":"Pitadas da sabedoria e do humor judaicos, assuntos do momento e um pouco das hist\u00f3rias que vivi e testemunhei."}]}},"views":46,"jetpack_publicize_connections":[],"jetpack_featured_media_url":"https:\/\/i0.wp.com\/gersonguelmann.com.br\/blog\/wp-content\/uploads\/2018\/05\/M%C3%A3e-e-eu.jpg?fit=352%2C408&ssl=1","jetpack_shortlink":"https:\/\/wp.me\/p96e7O-3kI","jetpack-related-posts":[{"id":12263,"url":"https:\/\/gersonguelmann.com.br\/blog\/saudade-de-mae-quem-nunca-sentiu\/","url_meta":{"origin":12816,"position":0},"title":"Saudade De M\u00e3e, Quem Nunca Sentiu?","author":"Gerson Guelmann","date":"29 de abril de 2018","format":false,"excerpt":"Texto de\u00a0\u00a0Fab\u00edola Sim\u00f5es\u00a0publicado no Blog \"CONTI Outra\": \u201cA maior saudade que n\u00f3s vamos sentir na vida \u00e9 saudade de m\u00e3e\u2026 pois \u00e9 saudade de n\u00f3s mesmos!\u201d Uma das lembran\u00e7as mais doces da minha inf\u00e2ncia \u00e9 a voz da minha m\u00e3e, no \u00e1trio da igrejinha que frequent\u00e1vamos, animando as crian\u00e7as da\u2026","rel":"","context":"Em &quot;Sem categoria&quot;","block_context":{"text":"Sem categoria","link":"https:\/\/gersonguelmann.com.br\/blog\/category\/sem-categoria\/"},"img":{"alt_text":"","src":"https:\/\/i0.wp.com\/gersonguelmann.com.br\/blog\/wp-content\/uploads\/2018\/04\/M%C3%A3e-1.jpeg?fit=750%2C501&ssl=1&resize=350%2C200","width":350,"height":200,"srcset":"https:\/\/i0.wp.com\/gersonguelmann.com.br\/blog\/wp-content\/uploads\/2018\/04\/M%C3%A3e-1.jpeg?fit=750%2C501&ssl=1&resize=350%2C200 1x, https:\/\/i0.wp.com\/gersonguelmann.com.br\/blog\/wp-content\/uploads\/2018\/04\/M%C3%A3e-1.jpeg?fit=750%2C501&ssl=1&resize=525%2C300 1.5x, https:\/\/i0.wp.com\/gersonguelmann.com.br\/blog\/wp-content\/uploads\/2018\/04\/M%C3%A3e-1.jpeg?fit=750%2C501&ssl=1&resize=700%2C400 2x"},"classes":[]},{"id":2328,"url":"https:\/\/gersonguelmann.com.br\/blog\/coisas-que-aprendi-com-minha-mae-judia\/","url_meta":{"origin":12816,"position":1},"title":"Coisas Que Aprendi Com Minha M\u00e3e Judia","author":"Gerson Guelmann","date":"25 de novembro de 2021","format":false,"excerpt":"Minha m\u00e3e me ensinou a RESPEITAR UM TRABALHO BEM FEITO: \u2013 \u201cSe voc\u00eas dois v\u00e3o se matar, fa\u00e7am isso l\u00e1 fora porque eu acabei de limpar a sala!\u201d Minha m\u00e3e me ensinou RELIGI\u00c3O: \u2013 \u201c\u00c9 melhor rezar para que essa mancha saia do tapete\u201d. Minha m\u00e3e me ensinou L\u00d3GICA: \u2013\u2026","rel":"","context":"Em &quot;Sem categoria&quot;","block_context":{"text":"Sem categoria","link":"https:\/\/gersonguelmann.com.br\/blog\/category\/sem-categoria\/"},"img":{"alt_text":"","src":"https:\/\/i0.wp.com\/gersonguelmann.com.br\/blog\/wp-content\/uploads\/2019\/06\/CHORO-scaled.jpg?fit=1200%2C800&ssl=1&resize=350%2C200","width":350,"height":200,"srcset":"https:\/\/i0.wp.com\/gersonguelmann.com.br\/blog\/wp-content\/uploads\/2019\/06\/CHORO-scaled.jpg?fit=1200%2C800&ssl=1&resize=350%2C200 1x, https:\/\/i0.wp.com\/gersonguelmann.com.br\/blog\/wp-content\/uploads\/2019\/06\/CHORO-scaled.jpg?fit=1200%2C800&ssl=1&resize=525%2C300 1.5x, https:\/\/i0.wp.com\/gersonguelmann.com.br\/blog\/wp-content\/uploads\/2019\/06\/CHORO-scaled.jpg?fit=1200%2C800&ssl=1&resize=700%2C400 2x, https:\/\/i0.wp.com\/gersonguelmann.com.br\/blog\/wp-content\/uploads\/2019\/06\/CHORO-scaled.jpg?fit=1200%2C800&ssl=1&resize=1050%2C600 3x"},"classes":[]},{"id":16611,"url":"https:\/\/gersonguelmann.com.br\/blog\/despedir-se-da-mae-e-sepultar-um-pouco-da-gente\/","url_meta":{"origin":12816,"position":2},"title":"Despedir-se da M\u00e3e \u00e9 Sepultar Um Pouco da Gente","author":"Gerson Guelmann","date":"15 de maio de 2023","format":false,"excerpt":"A data comemorativa oficial foi ontem, mas como as M\u00e3es precisam ser valorizadas e homenageadas todos os dias, guardei para a coluna de hoje uma cr\u00f4nica de saudade de algu\u00e9m que perdeu a m\u00e3e e soube traduzir em palavras esse sentimento t\u00e3o do\u00eddo. Esse testemunho serve para mim, que perdi\u2026","rel":"","context":"Em &quot;Sem categoria&quot;","block_context":{"text":"Sem categoria","link":"https:\/\/gersonguelmann.com.br\/blog\/category\/sem-categoria\/"},"img":{"alt_text":"","src":"https:\/\/i0.wp.com\/gersonguelmann.com.br\/blog\/wp-content\/uploads\/2023\/05\/HojePR-4-scaled.jpg?fit=801%2C1200&ssl=1&resize=350%2C200","width":350,"height":200,"srcset":"https:\/\/i0.wp.com\/gersonguelmann.com.br\/blog\/wp-content\/uploads\/2023\/05\/HojePR-4-scaled.jpg?fit=801%2C1200&ssl=1&resize=350%2C200 1x, https:\/\/i0.wp.com\/gersonguelmann.com.br\/blog\/wp-content\/uploads\/2023\/05\/HojePR-4-scaled.jpg?fit=801%2C1200&ssl=1&resize=525%2C300 1.5x, https:\/\/i0.wp.com\/gersonguelmann.com.br\/blog\/wp-content\/uploads\/2023\/05\/HojePR-4-scaled.jpg?fit=801%2C1200&ssl=1&resize=700%2C400 2x"},"classes":[]},{"id":22844,"url":"https:\/\/gersonguelmann.com.br\/blog\/como-as-criancas-judias-enxergam-suas-maes\/","url_meta":{"origin":12816,"position":3},"title":"Como as Crian\u00e7as Judias Enxergam Suas M\u00e3es","author":"Gerson Guelmann","date":"8 de maio de 2022","format":false,"excerpt":"As crian\u00e7as do 2\u00ba ano do ensino b\u00e1sico de uma escola judaica foram convidadas a responder \u00e0 algumas quest\u00f5es sobre as m\u00e3es. As melhores respostas foram selecionadas: 1. Porque D'us fez as m\u00e3es? A - Ela \u00e9 a \u00fanica que sabe onde est\u00e1 a fita adesiva; B - Principalmente para\u2026","rel":"","context":"Em &quot;Sem categoria&quot;","block_context":{"text":"Sem categoria","link":"https:\/\/gersonguelmann.com.br\/blog\/category\/sem-categoria\/"},"img":{"alt_text":"","src":"https:\/\/i0.wp.com\/gersonguelmann.com.br\/blog\/wp-content\/uploads\/2022\/05\/ESCOLA.jpg?fit=1200%2C900&ssl=1&resize=350%2C200","width":350,"height":200,"srcset":"https:\/\/i0.wp.com\/gersonguelmann.com.br\/blog\/wp-content\/uploads\/2022\/05\/ESCOLA.jpg?fit=1200%2C900&ssl=1&resize=350%2C200 1x, https:\/\/i0.wp.com\/gersonguelmann.com.br\/blog\/wp-content\/uploads\/2022\/05\/ESCOLA.jpg?fit=1200%2C900&ssl=1&resize=525%2C300 1.5x, https:\/\/i0.wp.com\/gersonguelmann.com.br\/blog\/wp-content\/uploads\/2022\/05\/ESCOLA.jpg?fit=1200%2C900&ssl=1&resize=700%2C400 2x, https:\/\/i0.wp.com\/gersonguelmann.com.br\/blog\/wp-content\/uploads\/2022\/05\/ESCOLA.jpg?fit=1200%2C900&ssl=1&resize=1050%2C600 3x"},"classes":[]},{"id":2665,"url":"https:\/\/gersonguelmann.com.br\/blog\/mais-algumas-coisas-minha-mae-judia-ensinou\/","url_meta":{"origin":12816,"position":4},"title":"Mais Algumas Coisas Que Minha M\u00e3e Judia Me Ensinou","author":"Gerson Guelmann","date":"9 de dezembro de 2021","format":false,"excerpt":"Minha m\u00e3e me ensinou sobre SENSA\u00c7\u00c3O T\u00c9RMICA: - \"Coloque j\u00e1 essa blusa! Voc\u00ea acha que eu n\u00e3o sei quando est\u00e1 frio?\" Minha m\u00e3e me ensinou sobre OFTALMOLOGIA: - \"Se voc\u00ea n\u00e3o parar de brincar de ficar vesgo, vai ficar assim para sempre.\" Minha m\u00e3e me ensinou sobre CONTEN\u00c7\u00c3O: - \"N\u00e3o\u2026","rel":"","context":"Em &quot;Sem categoria&quot;","block_context":{"text":"Sem categoria","link":"https:\/\/gersonguelmann.com.br\/blog\/category\/sem-categoria\/"},"img":{"alt_text":"","src":"https:\/\/i0.wp.com\/gersonguelmann.com.br\/blog\/wp-content\/uploads\/2017\/10\/Grama.jpg?fit=960%2C720&ssl=1&resize=350%2C200","width":350,"height":200,"srcset":"https:\/\/i0.wp.com\/gersonguelmann.com.br\/blog\/wp-content\/uploads\/2017\/10\/Grama.jpg?fit=960%2C720&ssl=1&resize=350%2C200 1x, https:\/\/i0.wp.com\/gersonguelmann.com.br\/blog\/wp-content\/uploads\/2017\/10\/Grama.jpg?fit=960%2C720&ssl=1&resize=525%2C300 1.5x, https:\/\/i0.wp.com\/gersonguelmann.com.br\/blog\/wp-content\/uploads\/2017\/10\/Grama.jpg?fit=960%2C720&ssl=1&resize=700%2C400 2x"},"classes":[]},{"id":19769,"url":"https:\/\/gersonguelmann.com.br\/blog\/gemeos-identicos-como-os-pais-lidam-com-a-confusao\/","url_meta":{"origin":12816,"position":5},"title":"G\u00eameos id\u00eanticos: como os pais lidam com a confus\u00e3o?","author":"Gerson Guelmann","date":"20 de janeiro de 2020","format":false,"excerpt":"A internet \u00e9 uma fonte inesgot\u00e1vel de mat\u00e9ria para quem se prop\u00f5e a fazer um Blog. Certamente eu teria muito pouco para postar, n\u00e3o fosse a pesquisa di\u00e1ria e as mensagens que os amigos generosamente compartilham comigo. Em uma delas, recebida ontem, algu\u00e9m postou no Twitter uma brincadeira que foi\u2026","rel":"","context":"Em &quot;Sem categoria&quot;","block_context":{"text":"Sem categoria","link":"https:\/\/gersonguelmann.com.br\/blog\/category\/sem-categoria\/"},"img":{"alt_text":"","src":"https:\/\/i0.wp.com\/gersonguelmann.com.br\/blog\/wp-content\/uploads\/2020\/01\/G%C3%AAmeos.jpg?fit=1200%2C727&ssl=1&resize=350%2C200","width":350,"height":200,"srcset":"https:\/\/i0.wp.com\/gersonguelmann.com.br\/blog\/wp-content\/uploads\/2020\/01\/G%C3%AAmeos.jpg?fit=1200%2C727&ssl=1&resize=350%2C200 1x, https:\/\/i0.wp.com\/gersonguelmann.com.br\/blog\/wp-content\/uploads\/2020\/01\/G%C3%AAmeos.jpg?fit=1200%2C727&ssl=1&resize=525%2C300 1.5x, https:\/\/i0.wp.com\/gersonguelmann.com.br\/blog\/wp-content\/uploads\/2020\/01\/G%C3%AAmeos.jpg?fit=1200%2C727&ssl=1&resize=700%2C400 2x, https:\/\/i0.wp.com\/gersonguelmann.com.br\/blog\/wp-content\/uploads\/2020\/01\/G%C3%AAmeos.jpg?fit=1200%2C727&ssl=1&resize=1050%2C600 3x"},"classes":[]}],"jetpack_sharing_enabled":true,"post_mailing_queue_ids":[],"_links":{"self":[{"href":"https:\/\/gersonguelmann.com.br\/blog\/wp-json\/wp\/v2\/posts\/12816","targetHints":{"allow":["GET"]}}],"collection":[{"href":"https:\/\/gersonguelmann.com.br\/blog\/wp-json\/wp\/v2\/posts"}],"about":[{"href":"https:\/\/gersonguelmann.com.br\/blog\/wp-json\/wp\/v2\/types\/post"}],"author":[{"embeddable":true,"href":"https:\/\/gersonguelmann.com.br\/blog\/wp-json\/wp\/v2\/users\/5"}],"replies":[{"embeddable":true,"href":"https:\/\/gersonguelmann.com.br\/blog\/wp-json\/wp\/v2\/comments?post=12816"}],"version-history":[{"count":0,"href":"https:\/\/gersonguelmann.com.br\/blog\/wp-json\/wp\/v2\/posts\/12816\/revisions"}],"wp:featuredmedia":[{"embeddable":true,"href":"https:\/\/gersonguelmann.com.br\/blog\/wp-json\/wp\/v2\/media\/12817"}],"wp:attachment":[{"href":"https:\/\/gersonguelmann.com.br\/blog\/wp-json\/wp\/v2\/media?parent=12816"}],"wp:term":[{"taxonomy":"category","embeddable":true,"href":"https:\/\/gersonguelmann.com.br\/blog\/wp-json\/wp\/v2\/categories?post=12816"},{"taxonomy":"post_tag","embeddable":true,"href":"https:\/\/gersonguelmann.com.br\/blog\/wp-json\/wp\/v2\/tags?post=12816"}],"curies":[{"name":"wp","href":"https:\/\/api.w.org\/{rel}","templated":true}]}}