    {"id":12826,"date":"2018-05-11T19:12:41","date_gmt":"2018-05-11T22:12:41","guid":{"rendered":"https:\/\/gersonguelmann.com.br\/blog\/?p=12826"},"modified":"2018-05-11T19:12:41","modified_gmt":"2018-05-11T22:12:41","slug":"no-mundo-da-tecnologia-mais-avancos","status":"publish","type":"post","link":"https:\/\/gersonguelmann.com.br\/blog\/no-mundo-da-tecnologia-mais-avancos\/","title":{"rendered":"No Mundo da Tecnologia, Mais Avan\u00e7os"},"content":{"rendered":"<p><span style=\"font-family: georgia, palatino, serif; font-size: 18pt; color: #000000;\">Num mundo cada vez mais tecnol\u00f3gico, a Google est\u00e1 anunciando novos avan\u00e7os para os utilizadores da plataforma Android.<\/span><\/p>\n<p><span style=\"font-family: georgia, palatino, serif; font-size: 18pt; color: #000000;\">Leia a mat\u00e9ria publicada no site Gizmodo Brasil:<\/span><\/p>\n<p style=\"text-align: center;\"><img data-recalc-dims=\"1\" fetchpriority=\"high\" decoding=\"async\" data-attachment-id=\"12827\" data-permalink=\"https:\/\/gersonguelmann.com.br\/blog\/no-mundo-da-tecnologia-mais-avancos\/lens_dog-e1525988633438\/\" data-orig-file=\"https:\/\/i0.wp.com\/gersonguelmann.com.br\/blog\/wp-content\/uploads\/2018\/05\/lens_dog-e1525988633438.png?fit=875%2C505&amp;ssl=1\" data-orig-size=\"875,505\" data-comments-opened=\"1\" data-image-meta=\"{&quot;aperture&quot;:&quot;0&quot;,&quot;credit&quot;:&quot;&quot;,&quot;camera&quot;:&quot;&quot;,&quot;caption&quot;:&quot;&quot;,&quot;created_timestamp&quot;:&quot;0&quot;,&quot;copyright&quot;:&quot;&quot;,&quot;focal_length&quot;:&quot;0&quot;,&quot;iso&quot;:&quot;0&quot;,&quot;shutter_speed&quot;:&quot;0&quot;,&quot;title&quot;:&quot;&quot;,&quot;orientation&quot;:&quot;0&quot;}\" data-image-title=\"lens_dog-e1525988633438\" data-image-description=\"\" data-image-caption=\"\" data-medium-file=\"https:\/\/i0.wp.com\/gersonguelmann.com.br\/blog\/wp-content\/uploads\/2018\/05\/lens_dog-e1525988633438.png?fit=300%2C173&amp;ssl=1\" data-large-file=\"https:\/\/i0.wp.com\/gersonguelmann.com.br\/blog\/wp-content\/uploads\/2018\/05\/lens_dog-e1525988633438.png?fit=640%2C369&amp;ssl=1\" class=\"alignnone size-medium wp-image-12827\" src=\"https:\/\/i0.wp.com\/gersonguelmann.com.br\/blog\/wp-content\/uploads\/2018\/05\/lens_dog-e1525988633438-300x173.png?resize=300%2C173&#038;ssl=1\" alt=\"\" width=\"300\" height=\"173\" srcset=\"https:\/\/i0.wp.com\/gersonguelmann.com.br\/blog\/wp-content\/uploads\/2018\/05\/lens_dog-e1525988633438.png?resize=300%2C173&amp;ssl=1 300w, https:\/\/i0.wp.com\/gersonguelmann.com.br\/blog\/wp-content\/uploads\/2018\/05\/lens_dog-e1525988633438.png?resize=768%2C443&amp;ssl=1 768w, https:\/\/i0.wp.com\/gersonguelmann.com.br\/blog\/wp-content\/uploads\/2018\/05\/lens_dog-e1525988633438.png?w=875&amp;ssl=1 875w\" sizes=\"(max-width: 300px) 100vw, 300px\" \/><\/p>\n<p><span style=\"font-size: 24pt; color: #000000;\"><strong>Google Lens: recurso que reconhece textos de imagens chega ao Brasil ainda em maio<\/strong><\/span><\/p>\n<div class=\"social-title\"><span style=\"font-size: 14pt; color: #000000;\"><strong>Por:\u00a0Guilherme Tagiaroli<\/strong><\/span><br \/>\n<span style=\"font-size: 14pt; color: #000000;\">10 de Maio de 2018 \u00e0s 18:54<\/span><\/div>\n<div><\/div>\n<div>\n<p><span style=\"font-size: 14pt; color: #000000;\">No\u00a0Google I\/O, confer\u00eancia anual de desenvolvedores da empresa, foram feitos v\u00e1rios an\u00fancios sobre o\u00a0Android P\u00a0e os pr\u00f3ximos passos do\u00a0Gmail\u00a0e\u00a0Google Assistente. Dentre as novidades, pelo menos uma vai chegar logo ao Brasil. No caso, o\u00a0Google Lens, que estar\u00e1 dispon\u00edvel em portugu\u00eas at\u00e9 o fim de maio.<\/span><\/p>\n<p><span style=\"font-size: 14pt; color: #000000;\">O recurso, que antes ficava restrito ao Google Fotos, agora far\u00e1 parte do app de c\u00e2mera do Google. Na pr\u00e1tica, ele conseguir\u00e1 reconhecer textos, como receitas, senhas de Wi-Fi e card\u00e1pios \u2014 essa \u00faltima op\u00e7\u00e3o \u00e9 especialmente interessante para saber como \u00e9 um prato visualmente. Ser\u00e1 poss\u00edvel selecionar o nome do prato e fazer uma busca para saber como \u00e9 antes de pedir. Outra possibilidade interessante do Google Lens \u00e9 a de permitir copiar textos de imagens em tempo real.<\/span><\/p>\n<p><span style=\"font-size: 14pt; color: #000000;\">Ao analisar objetos em tempo real, quando tiver informa\u00e7\u00e3o dispon\u00edvel, o Lens poder\u00e1, por exemplo, informar qual a ra\u00e7a de um c\u00e3o ou mesmo a esp\u00e9cie de uma planta.<\/span><\/p>\n<p><span style=\"font-size: 14pt; color: #000000;\">Por fim, o Google Lens ter\u00e1 ainda o recurso combina\u00e7\u00e3o de estilo. Baseado em um item ou uma pe\u00e7a de decora\u00e7\u00e3o, ele mostrar\u00e1 informa\u00e7\u00f5es sobre o item, resenhas sobre ele ou mesmo exibir coisas com estilo semelhante.<\/span><\/p>\n<p><span style=\"font-size: 14pt; color: #000000;\">Ok, mas quem vai receber? Bem, o Google cita que smartphones de diversas marcas ter\u00e3o o recurso no app de c\u00e2mera. Dentre as que atuam no Brasil, est\u00e3o as Sony Mobile, LG, Motorola e Asus. Tem ainda as que n\u00e3o t\u00eam atua\u00e7\u00e3o oficial por aqui, mas que as pessoas sempre importam do exterior: Xiaomi, HMD\/Nokia, OnePlus, TCL e os Google Pixel.<\/span><\/p>\n<p><span style=\"font-family: georgia, palatino, serif; font-size: 18pt; color: #000000;\">A mat\u00e9ria original pode ser lida <span style=\"color: #0000ff;\"><em><strong>aqui<\/strong><\/em><\/span>.<\/span><\/p>\n<p><img data-recalc-dims=\"1\" decoding=\"async\" data-attachment-id=\"12827\" data-permalink=\"https:\/\/gersonguelmann.com.br\/blog\/no-mundo-da-tecnologia-mais-avancos\/lens_dog-e1525988633438\/\" data-orig-file=\"https:\/\/i0.wp.com\/gersonguelmann.com.br\/blog\/wp-content\/uploads\/2018\/05\/lens_dog-e1525988633438.png?fit=875%2C505&amp;ssl=1\" data-orig-size=\"875,505\" data-comments-opened=\"1\" data-image-meta=\"{&quot;aperture&quot;:&quot;0&quot;,&quot;credit&quot;:&quot;&quot;,&quot;camera&quot;:&quot;&quot;,&quot;caption&quot;:&quot;&quot;,&quot;created_timestamp&quot;:&quot;0&quot;,&quot;copyright&quot;:&quot;&quot;,&quot;focal_length&quot;:&quot;0&quot;,&quot;iso&quot;:&quot;0&quot;,&quot;shutter_speed&quot;:&quot;0&quot;,&quot;title&quot;:&quot;&quot;,&quot;orientation&quot;:&quot;0&quot;}\" data-image-title=\"lens_dog-e1525988633438\" data-image-description=\"\" data-image-caption=\"\" data-medium-file=\"https:\/\/i0.wp.com\/gersonguelmann.com.br\/blog\/wp-content\/uploads\/2018\/05\/lens_dog-e1525988633438.png?fit=300%2C173&amp;ssl=1\" data-large-file=\"https:\/\/i0.wp.com\/gersonguelmann.com.br\/blog\/wp-content\/uploads\/2018\/05\/lens_dog-e1525988633438.png?fit=640%2C369&amp;ssl=1\" class=\"size-medium wp-image-12827 aligncenter\" src=\"https:\/\/i0.wp.com\/gersonguelmann.com.br\/blog\/wp-content\/uploads\/2018\/05\/lens_dog-e1525988633438-300x173.png?resize=300%2C173&#038;ssl=1\" alt=\"\" width=\"300\" height=\"173\" srcset=\"https:\/\/i0.wp.com\/gersonguelmann.com.br\/blog\/wp-content\/uploads\/2018\/05\/lens_dog-e1525988633438.png?resize=300%2C173&amp;ssl=1 300w, https:\/\/i0.wp.com\/gersonguelmann.com.br\/blog\/wp-content\/uploads\/2018\/05\/lens_dog-e1525988633438.png?resize=768%2C443&amp;ssl=1 768w, https:\/\/i0.wp.com\/gersonguelmann.com.br\/blog\/wp-content\/uploads\/2018\/05\/lens_dog-e1525988633438.png?w=875&amp;ssl=1 875w\" sizes=\"(max-width: 300px) 100vw, 300px\" \/><\/p>\n<\/div>\n","protected":false},"excerpt":{"rendered":"<p>Num mundo cada vez mais tecnol\u00f3gico, a Google est\u00e1 anunciando novos avan\u00e7os para os utilizadores da plataforma Android. Leia a mat\u00e9ria publicada no site Gizmodo Brasil: Google Lens: recurso que reconhece textos de imagens chega ao Brasil ainda em maio Por:\u00a0Guilherme Tagiaroli 10 de Maio de 2018 \u00e0s 18:54 No\u00a0Google I\/O, confer\u00eancia anual de desenvolvedores [&hellip;]<\/p>\n","protected":false},"author":5,"featured_media":12827,"comment_status":"open","ping_status":"open","sticky":false,"template":"","format":"standard","meta":{"_acf_changed":false,"jetpack_post_was_ever_published":false,"_jetpack_newsletter_access":"","_jetpack_dont_email_post_to_subs":false,"_jetpack_newsletter_tier_id":0,"_jetpack_memberships_contains_paywalled_content":false,"_jetpack_memberships_contains_paid_content":false,"footnotes":"","jetpack_publicize_message":"","jetpack_publicize_feature_enabled":true,"jetpack_social_post_already_shared":true,"jetpack_social_options":{"image_generator_settings":{"template":"highway","default_image_id":0,"font":"","enabled":false},"version":2}},"categories":[1],"tags":[],"class_list":["post-12826","post","type-post","status-publish","format-standard","has-post-thumbnail","hentry","category-sem-categoria"],"acf":[],"yoast_head":"<!-- This site is optimized with the Yoast SEO plugin v27.3 - https:\/\/yoast.com\/product\/yoast-seo-wordpress\/ -->\n<title>No Mundo da Tecnologia, Mais Avan\u00e7os | Blog do Guelmann<\/title>\n<meta name=\"robots\" content=\"index, follow, max-snippet:-1, max-image-preview:large, max-video-preview:-1\" \/>\n<link rel=\"canonical\" href=\"https:\/\/gersonguelmann.com.br\/blog\/no-mundo-da-tecnologia-mais-avancos\/\" \/>\n<meta property=\"og:locale\" content=\"pt_BR\" \/>\n<meta property=\"og:type\" content=\"article\" \/>\n<meta property=\"og:title\" content=\"No Mundo da Tecnologia, Mais Avan\u00e7os | Blog do Guelmann\" \/>\n<meta property=\"og:description\" content=\"Num mundo cada vez mais tecnol\u00f3gico, a Google est\u00e1 anunciando novos avan\u00e7os para os utilizadores da plataforma Android. Leia a mat\u00e9ria publicada no site Gizmodo Brasil: Google Lens: recurso que reconhece textos de imagens chega ao Brasil ainda em maio Por:\u00a0Guilherme Tagiaroli 10 de Maio de 2018 \u00e0s 18:54 No\u00a0Google I\/O, confer\u00eancia anual de desenvolvedores [&hellip;]\" \/>\n<meta property=\"og:url\" content=\"https:\/\/gersonguelmann.com.br\/blog\/no-mundo-da-tecnologia-mais-avancos\/\" \/>\n<meta property=\"og:site_name\" content=\"Blog do Guelmann\" \/>\n<meta property=\"article:published_time\" content=\"2018-05-11T22:12:41+00:00\" \/>\n<meta property=\"og:image\" content=\"https:\/\/i0.wp.com\/gersonguelmann.com.br\/blog\/wp-content\/uploads\/2018\/05\/lens_dog-e1525988633438.png?fit=875%2C505&ssl=1\" \/>\n\t<meta property=\"og:image:width\" content=\"875\" \/>\n\t<meta property=\"og:image:height\" content=\"505\" \/>\n\t<meta property=\"og:image:type\" content=\"image\/png\" \/>\n<meta name=\"author\" content=\"Gerson Guelmann\" \/>\n<meta name=\"twitter:card\" content=\"summary_large_image\" \/>\n<meta name=\"twitter:label1\" content=\"Escrito por\" \/>\n\t<meta name=\"twitter:data1\" content=\"Gerson Guelmann\" \/>\n\t<meta name=\"twitter:label2\" content=\"Est. tempo de leitura\" \/>\n\t<meta name=\"twitter:data2\" content=\"2 minutos\" \/>\n<script type=\"application\/ld+json\" class=\"yoast-schema-graph\">{\"@context\":\"https:\\\/\\\/schema.org\",\"@graph\":[{\"@type\":\"Article\",\"@id\":\"https:\\\/\\\/gersonguelmann.com.br\\\/blog\\\/no-mundo-da-tecnologia-mais-avancos\\\/#article\",\"isPartOf\":{\"@id\":\"https:\\\/\\\/gersonguelmann.com.br\\\/blog\\\/no-mundo-da-tecnologia-mais-avancos\\\/\"},\"author\":{\"name\":\"Gerson Guelmann\",\"@id\":\"https:\\\/\\\/gersonguelmann.com.br\\\/blog\\\/#\\\/schema\\\/person\\\/87e70e2a786888082f941a482c90569e\"},\"headline\":\"No Mundo da Tecnologia, Mais Avan\u00e7os\",\"datePublished\":\"2018-05-11T22:12:41+00:00\",\"mainEntityOfPage\":{\"@id\":\"https:\\\/\\\/gersonguelmann.com.br\\\/blog\\\/no-mundo-da-tecnologia-mais-avancos\\\/\"},\"wordCount\":347,\"commentCount\":0,\"image\":{\"@id\":\"https:\\\/\\\/gersonguelmann.com.br\\\/blog\\\/no-mundo-da-tecnologia-mais-avancos\\\/#primaryimage\"},\"thumbnailUrl\":\"https:\\\/\\\/i0.wp.com\\\/gersonguelmann.com.br\\\/blog\\\/wp-content\\\/uploads\\\/2018\\\/05\\\/lens_dog-e1525988633438.png?fit=875%2C505&ssl=1\",\"inLanguage\":\"pt-BR\",\"potentialAction\":[{\"@type\":\"CommentAction\",\"name\":\"Comment\",\"target\":[\"https:\\\/\\\/gersonguelmann.com.br\\\/blog\\\/no-mundo-da-tecnologia-mais-avancos\\\/#respond\"]}]},{\"@type\":\"WebPage\",\"@id\":\"https:\\\/\\\/gersonguelmann.com.br\\\/blog\\\/no-mundo-da-tecnologia-mais-avancos\\\/\",\"url\":\"https:\\\/\\\/gersonguelmann.com.br\\\/blog\\\/no-mundo-da-tecnologia-mais-avancos\\\/\",\"name\":\"No Mundo da Tecnologia, Mais Avan\u00e7os | Blog do Guelmann\",\"isPartOf\":{\"@id\":\"https:\\\/\\\/gersonguelmann.com.br\\\/blog\\\/#website\"},\"primaryImageOfPage\":{\"@id\":\"https:\\\/\\\/gersonguelmann.com.br\\\/blog\\\/no-mundo-da-tecnologia-mais-avancos\\\/#primaryimage\"},\"image\":{\"@id\":\"https:\\\/\\\/gersonguelmann.com.br\\\/blog\\\/no-mundo-da-tecnologia-mais-avancos\\\/#primaryimage\"},\"thumbnailUrl\":\"https:\\\/\\\/i0.wp.com\\\/gersonguelmann.com.br\\\/blog\\\/wp-content\\\/uploads\\\/2018\\\/05\\\/lens_dog-e1525988633438.png?fit=875%2C505&ssl=1\",\"datePublished\":\"2018-05-11T22:12:41+00:00\",\"author\":{\"@id\":\"https:\\\/\\\/gersonguelmann.com.br\\\/blog\\\/#\\\/schema\\\/person\\\/87e70e2a786888082f941a482c90569e\"},\"inLanguage\":\"pt-BR\",\"potentialAction\":[{\"@type\":\"ReadAction\",\"target\":[\"https:\\\/\\\/gersonguelmann.com.br\\\/blog\\\/no-mundo-da-tecnologia-mais-avancos\\\/\"]}]},{\"@type\":\"ImageObject\",\"inLanguage\":\"pt-BR\",\"@id\":\"https:\\\/\\\/gersonguelmann.com.br\\\/blog\\\/no-mundo-da-tecnologia-mais-avancos\\\/#primaryimage\",\"url\":\"https:\\\/\\\/i0.wp.com\\\/gersonguelmann.com.br\\\/blog\\\/wp-content\\\/uploads\\\/2018\\\/05\\\/lens_dog-e1525988633438.png?fit=875%2C505&ssl=1\",\"contentUrl\":\"https:\\\/\\\/i0.wp.com\\\/gersonguelmann.com.br\\\/blog\\\/wp-content\\\/uploads\\\/2018\\\/05\\\/lens_dog-e1525988633438.png?fit=875%2C505&ssl=1\",\"width\":875,\"height\":505},{\"@type\":\"WebSite\",\"@id\":\"https:\\\/\\\/gersonguelmann.com.br\\\/blog\\\/#website\",\"url\":\"https:\\\/\\\/gersonguelmann.com.br\\\/blog\\\/\",\"name\":\"Blog do Guelmann\",\"description\":\"Pitadas da sabedoria e do humor judaicos, assuntos do momento e um pouco das hist\u00f3rias que vivi e testemunhei.\",\"potentialAction\":[{\"@type\":\"SearchAction\",\"target\":{\"@type\":\"EntryPoint\",\"urlTemplate\":\"https:\\\/\\\/gersonguelmann.com.br\\\/blog\\\/?s={search_term_string}\"},\"query-input\":{\"@type\":\"PropertyValueSpecification\",\"valueRequired\":true,\"valueName\":\"search_term_string\"}}],\"inLanguage\":\"pt-BR\"},{\"@type\":\"Person\",\"@id\":\"https:\\\/\\\/gersonguelmann.com.br\\\/blog\\\/#\\\/schema\\\/person\\\/87e70e2a786888082f941a482c90569e\",\"name\":\"Gerson Guelmann\",\"image\":{\"@type\":\"ImageObject\",\"inLanguage\":\"pt-BR\",\"@id\":\"https:\\\/\\\/i0.wp.com\\\/gersonguelmann.com.br\\\/blog\\\/wp-content\\\/uploads\\\/2021\\\/08\\\/BLOG.jpeg?fit=96%2C96&ssl=1\",\"url\":\"https:\\\/\\\/i0.wp.com\\\/gersonguelmann.com.br\\\/blog\\\/wp-content\\\/uploads\\\/2021\\\/08\\\/BLOG.jpeg?fit=96%2C96&ssl=1\",\"contentUrl\":\"https:\\\/\\\/i0.wp.com\\\/gersonguelmann.com.br\\\/blog\\\/wp-content\\\/uploads\\\/2021\\\/08\\\/BLOG.jpeg?fit=96%2C96&ssl=1\",\"caption\":\"Gerson Guelmann\"},\"description\":\"Pitadas da sabedoria e do humor judaicos, assuntos do momento e um pouco das hist\u00f3rias que vivi e testemunhei.\"}]}<\/script>\n<!-- \/ Yoast SEO plugin. -->","yoast_head_json":{"title":"No Mundo da Tecnologia, Mais Avan\u00e7os | Blog do Guelmann","robots":{"index":"index","follow":"follow","max-snippet":"max-snippet:-1","max-image-preview":"max-image-preview:large","max-video-preview":"max-video-preview:-1"},"canonical":"https:\/\/gersonguelmann.com.br\/blog\/no-mundo-da-tecnologia-mais-avancos\/","og_locale":"pt_BR","og_type":"article","og_title":"No Mundo da Tecnologia, Mais Avan\u00e7os | Blog do Guelmann","og_description":"Num mundo cada vez mais tecnol\u00f3gico, a Google est\u00e1 anunciando novos avan\u00e7os para os utilizadores da plataforma Android. Leia a mat\u00e9ria publicada no site Gizmodo Brasil: Google Lens: recurso que reconhece textos de imagens chega ao Brasil ainda em maio Por:\u00a0Guilherme Tagiaroli 10 de Maio de 2018 \u00e0s 18:54 No\u00a0Google I\/O, confer\u00eancia anual de desenvolvedores [&hellip;]","og_url":"https:\/\/gersonguelmann.com.br\/blog\/no-mundo-da-tecnologia-mais-avancos\/","og_site_name":"Blog do Guelmann","article_published_time":"2018-05-11T22:12:41+00:00","og_image":[{"width":875,"height":505,"url":"https:\/\/i0.wp.com\/gersonguelmann.com.br\/blog\/wp-content\/uploads\/2018\/05\/lens_dog-e1525988633438.png?fit=875%2C505&ssl=1","type":"image\/png"}],"author":"Gerson Guelmann","twitter_card":"summary_large_image","twitter_misc":{"Escrito por":"Gerson Guelmann","Est. tempo de leitura":"2 minutos"},"schema":{"@context":"https:\/\/schema.org","@graph":[{"@type":"Article","@id":"https:\/\/gersonguelmann.com.br\/blog\/no-mundo-da-tecnologia-mais-avancos\/#article","isPartOf":{"@id":"https:\/\/gersonguelmann.com.br\/blog\/no-mundo-da-tecnologia-mais-avancos\/"},"author":{"name":"Gerson Guelmann","@id":"https:\/\/gersonguelmann.com.br\/blog\/#\/schema\/person\/87e70e2a786888082f941a482c90569e"},"headline":"No Mundo da Tecnologia, Mais Avan\u00e7os","datePublished":"2018-05-11T22:12:41+00:00","mainEntityOfPage":{"@id":"https:\/\/gersonguelmann.com.br\/blog\/no-mundo-da-tecnologia-mais-avancos\/"},"wordCount":347,"commentCount":0,"image":{"@id":"https:\/\/gersonguelmann.com.br\/blog\/no-mundo-da-tecnologia-mais-avancos\/#primaryimage"},"thumbnailUrl":"https:\/\/i0.wp.com\/gersonguelmann.com.br\/blog\/wp-content\/uploads\/2018\/05\/lens_dog-e1525988633438.png?fit=875%2C505&ssl=1","inLanguage":"pt-BR","potentialAction":[{"@type":"CommentAction","name":"Comment","target":["https:\/\/gersonguelmann.com.br\/blog\/no-mundo-da-tecnologia-mais-avancos\/#respond"]}]},{"@type":"WebPage","@id":"https:\/\/gersonguelmann.com.br\/blog\/no-mundo-da-tecnologia-mais-avancos\/","url":"https:\/\/gersonguelmann.com.br\/blog\/no-mundo-da-tecnologia-mais-avancos\/","name":"No Mundo da Tecnologia, Mais Avan\u00e7os | Blog do Guelmann","isPartOf":{"@id":"https:\/\/gersonguelmann.com.br\/blog\/#website"},"primaryImageOfPage":{"@id":"https:\/\/gersonguelmann.com.br\/blog\/no-mundo-da-tecnologia-mais-avancos\/#primaryimage"},"image":{"@id":"https:\/\/gersonguelmann.com.br\/blog\/no-mundo-da-tecnologia-mais-avancos\/#primaryimage"},"thumbnailUrl":"https:\/\/i0.wp.com\/gersonguelmann.com.br\/blog\/wp-content\/uploads\/2018\/05\/lens_dog-e1525988633438.png?fit=875%2C505&ssl=1","datePublished":"2018-05-11T22:12:41+00:00","author":{"@id":"https:\/\/gersonguelmann.com.br\/blog\/#\/schema\/person\/87e70e2a786888082f941a482c90569e"},"inLanguage":"pt-BR","potentialAction":[{"@type":"ReadAction","target":["https:\/\/gersonguelmann.com.br\/blog\/no-mundo-da-tecnologia-mais-avancos\/"]}]},{"@type":"ImageObject","inLanguage":"pt-BR","@id":"https:\/\/gersonguelmann.com.br\/blog\/no-mundo-da-tecnologia-mais-avancos\/#primaryimage","url":"https:\/\/i0.wp.com\/gersonguelmann.com.br\/blog\/wp-content\/uploads\/2018\/05\/lens_dog-e1525988633438.png?fit=875%2C505&ssl=1","contentUrl":"https:\/\/i0.wp.com\/gersonguelmann.com.br\/blog\/wp-content\/uploads\/2018\/05\/lens_dog-e1525988633438.png?fit=875%2C505&ssl=1","width":875,"height":505},{"@type":"WebSite","@id":"https:\/\/gersonguelmann.com.br\/blog\/#website","url":"https:\/\/gersonguelmann.com.br\/blog\/","name":"Blog do Guelmann","description":"Pitadas da sabedoria e do humor judaicos, assuntos do momento e um pouco das hist\u00f3rias que vivi e testemunhei.","potentialAction":[{"@type":"SearchAction","target":{"@type":"EntryPoint","urlTemplate":"https:\/\/gersonguelmann.com.br\/blog\/?s={search_term_string}"},"query-input":{"@type":"PropertyValueSpecification","valueRequired":true,"valueName":"search_term_string"}}],"inLanguage":"pt-BR"},{"@type":"Person","@id":"https:\/\/gersonguelmann.com.br\/blog\/#\/schema\/person\/87e70e2a786888082f941a482c90569e","name":"Gerson Guelmann","image":{"@type":"ImageObject","inLanguage":"pt-BR","@id":"https:\/\/i0.wp.com\/gersonguelmann.com.br\/blog\/wp-content\/uploads\/2021\/08\/BLOG.jpeg?fit=96%2C96&ssl=1","url":"https:\/\/i0.wp.com\/gersonguelmann.com.br\/blog\/wp-content\/uploads\/2021\/08\/BLOG.jpeg?fit=96%2C96&ssl=1","contentUrl":"https:\/\/i0.wp.com\/gersonguelmann.com.br\/blog\/wp-content\/uploads\/2021\/08\/BLOG.jpeg?fit=96%2C96&ssl=1","caption":"Gerson Guelmann"},"description":"Pitadas da sabedoria e do humor judaicos, assuntos do momento e um pouco das hist\u00f3rias que vivi e testemunhei."}]}},"views":37,"jetpack_publicize_connections":[],"jetpack_featured_media_url":"https:\/\/i0.wp.com\/gersonguelmann.com.br\/blog\/wp-content\/uploads\/2018\/05\/lens_dog-e1525988633438.png?fit=875%2C505&ssl=1","jetpack_shortlink":"https:\/\/wp.me\/p96e7O-3kS","jetpack-related-posts":[{"id":16804,"url":"https:\/\/gersonguelmann.com.br\/blog\/exposicao-inedita-no-brasil-celebra-italia-com-arte-em-seda\/","url_meta":{"origin":12826,"position":0},"title":"Exposi\u00e7\u00e3o In\u00e9dita no Brasil Celebra It\u00e1lia Com Arte em Seda","author":"Gerson Guelmann","date":"29 de maio de 2019","format":false,"excerpt":"Andre Brik Foto: Camila Cornelsen Diferentes facetas da It\u00e1lia retratadas com muita arte num suporte inusitado: len\u00e7os de seda, tamb\u00e9m chamados de \u201cfoulards\u201d. \u00c9 isto que traz ao Mia Cara a exposi\u00e7\u00e3o 2.8 Seta-Re, que chega ao Brasil ap\u00f3s ter sido apresentada em cidades italianas. Em Curitiba, a mostra fica\u2026","rel":"","context":"Em &quot;Sem categoria&quot;","block_context":{"text":"Sem categoria","link":"https:\/\/gersonguelmann.com.br\/blog\/category\/sem-categoria\/"},"img":{"alt_text":"","src":"https:\/\/i0.wp.com\/gersonguelmann.com.br\/blog\/wp-content\/uploads\/2019\/05\/AB1.jpg?fit=1024%2C1017&ssl=1&resize=350%2C200","width":350,"height":200,"srcset":"https:\/\/i0.wp.com\/gersonguelmann.com.br\/blog\/wp-content\/uploads\/2019\/05\/AB1.jpg?fit=1024%2C1017&ssl=1&resize=350%2C200 1x, https:\/\/i0.wp.com\/gersonguelmann.com.br\/blog\/wp-content\/uploads\/2019\/05\/AB1.jpg?fit=1024%2C1017&ssl=1&resize=525%2C300 1.5x, https:\/\/i0.wp.com\/gersonguelmann.com.br\/blog\/wp-content\/uploads\/2019\/05\/AB1.jpg?fit=1024%2C1017&ssl=1&resize=700%2C400 2x"},"classes":[]},{"id":2706,"url":"https:\/\/gersonguelmann.com.br\/blog\/israel-pais-da-inovacao-1\/","url_meta":{"origin":12826,"position":1},"title":"Israel, o Pa\u00eds da Inova\u00e7\u00e3o (1)","author":"Gerson Guelmann","date":"10 de outubro de 2017","format":false,"excerpt":"Muitos brasileiros sabem que\u00a0Israel\u00a0\u00e9 um pa\u00eds que investe pesadamente em pesquisa e desenvolvimento. Para que se tenha uma ideia, \u00e9 preciso dizer que na\u00a0bolsa de valores eletr\u00f4nica Nasdaq que opera em Nova York na \u00e1rea de eletr\u00f4nica, inform\u00e1tica, telecomunica\u00e7\u00f5es e biotecnologia, as empresas israelenses s\u00f3 s\u00e3o superadas em n\u00famero pelas\u2026","rel":"","context":"Em &quot;Sem categoria&quot;","block_context":{"text":"Sem categoria","link":"https:\/\/gersonguelmann.com.br\/blog\/category\/sem-categoria\/"},"img":{"alt_text":"","src":"https:\/\/i0.wp.com\/gersonguelmann.com.br\/blog\/wp-content\/uploads\/2017\/10\/Waze.jpg?resize=350%2C200&ssl=1","width":350,"height":200},"classes":[]},{"id":11393,"url":"https:\/\/gersonguelmann.com.br\/blog\/uma-aula-da-historia-recente-do-brasil\/","url_meta":{"origin":12826,"position":2},"title":"Uma Aula da Hist\u00f3ria Recente do Brasil","author":"Gerson Guelmann","date":"8 de abril de 2018","format":false,"excerpt":"Imagem: luzcamerahistoria.blogspot.com O texto abaixo \u00e9 de autoria de\u00a0Adalberto Gandolfi Greco, um dentista de Campinas (SP). Os primeiros registros de publica\u00e7\u00e3o s\u00e3o de setembro de 2016.\u00a0J\u00e1 havia lido anteriormente e de ontem para c\u00e1 voltou a circular. N\u00e3o encontrei perfil dele no Facebook. \u00a0 \"Para aqueles jovens que n\u00e3o vivenciaram\u2026","rel":"","context":"Em &quot;Sem categoria&quot;","block_context":{"text":"Sem categoria","link":"https:\/\/gersonguelmann.com.br\/blog\/category\/sem-categoria\/"},"img":{"alt_text":"","src":"https:\/\/i0.wp.com\/gersonguelmann.com.br\/blog\/wp-content\/uploads\/2018\/04\/Hist%C3%B3ria.jpg?fit=896%2C282&ssl=1&resize=350%2C200","width":350,"height":200,"srcset":"https:\/\/i0.wp.com\/gersonguelmann.com.br\/blog\/wp-content\/uploads\/2018\/04\/Hist%C3%B3ria.jpg?fit=896%2C282&ssl=1&resize=350%2C200 1x, https:\/\/i0.wp.com\/gersonguelmann.com.br\/blog\/wp-content\/uploads\/2018\/04\/Hist%C3%B3ria.jpg?fit=896%2C282&ssl=1&resize=525%2C300 1.5x, https:\/\/i0.wp.com\/gersonguelmann.com.br\/blog\/wp-content\/uploads\/2018\/04\/Hist%C3%B3ria.jpg?fit=896%2C282&ssl=1&resize=700%2C400 2x"},"classes":[]},{"id":12768,"url":"https:\/\/gersonguelmann.com.br\/blog\/olha-so-somos-grandes-na-inguinoranca\/","url_meta":{"origin":12826,"position":3},"title":"Olha S\u00f3: Somos Grandes na &#8220;Inguinoran\u00e7a&#8221;","author":"Gerson Guelmann","date":"10 de maio de 2018","format":false,"excerpt":"Acabou de ser publicado na Superinteressante: Brasil \u00e9 o terceiro pa\u00eds mais ignorante do mundo Novo estudo feito por um instituto brit\u00e2nico mediu o que os brasileiros sabem sobre si mesmos Por\u00a0Felipe Germano 10 maio 2018, 14h18 - Publicado em 10 dez 2015, 17h15 Qual a porcentagem de brasileiros com\u2026","rel":"","context":"Em &quot;Sem categoria&quot;","block_context":{"text":"Sem categoria","link":"https:\/\/gersonguelmann.com.br\/blog\/category\/sem-categoria\/"},"img":{"alt_text":"","src":"https:\/\/i0.wp.com\/gersonguelmann.com.br\/blog\/wp-content\/uploads\/2018\/05\/Brasil.jpg?resize=350%2C200&ssl=1","width":350,"height":200},"classes":[]},{"id":12408,"url":"https:\/\/gersonguelmann.com.br\/blog\/diogo-portugal-em-beneficio-do-hospital-de-clinicas\/","url_meta":{"origin":12826,"position":4},"title":"Diogo Portugal Em Benef\u00edcio do Hospital de Cl\u00ednicas","author":"Gerson Guelmann","date":"3 de maio de 2018","format":false,"excerpt":"Voc\u00ea tem um encontro marcado com Diogo Portugal, o humorista Curitibano que faz o Brasil inteiro rir. Ele apresentar\u00e1 o espet\u00e1culo \u201cPortugal \u00e9 Aqui\u201d no pr\u00f3ximo dia 11 de maio, no SESC da Esquina, em que representar\u00e1 seus personagens mais famosos, em formato de stand up comedy. Importante: a renda\u2026","rel":"","context":"Em &quot;Sem categoria&quot;","block_context":{"text":"Sem categoria","link":"https:\/\/gersonguelmann.com.br\/blog\/category\/sem-categoria\/"},"img":{"alt_text":"","src":"https:\/\/i0.wp.com\/gersonguelmann.com.br\/blog\/wp-content\/uploads\/2018\/05\/HC.jpg?fit=571%2C950&ssl=1&resize=350%2C200","width":350,"height":200,"srcset":"https:\/\/i0.wp.com\/gersonguelmann.com.br\/blog\/wp-content\/uploads\/2018\/05\/HC.jpg?fit=571%2C950&ssl=1&resize=350%2C200 1x, https:\/\/i0.wp.com\/gersonguelmann.com.br\/blog\/wp-content\/uploads\/2018\/05\/HC.jpg?fit=571%2C950&ssl=1&resize=525%2C300 1.5x"},"classes":[]},{"id":13862,"url":"https:\/\/gersonguelmann.com.br\/blog\/das-50-cidades-mais-violentas-do-mundo-17-sao-do-brasil\/","url_meta":{"origin":12826,"position":5},"title":"Das 50 Cidades Mais Violentas do Mundo, 17 S\u00e3o do Brasil","author":"Gerson Guelmann","date":"11 de junho de 2018","format":false,"excerpt":"\"Gigante\" 17 anos, posa com uma arma no alto de um morro com vista para uma favela em Salvador, Bahia, 11 de abril de 2013. A revista Business Insider publicou, dia 6\/3\/2018, a lista das 50 cidades mais violentas do mundo em 2017. O ranking lista apenas cidades com mais\u2026","rel":"","context":"Em &quot;Sem categoria&quot;","block_context":{"text":"Sem categoria","link":"https:\/\/gersonguelmann.com.br\/blog\/category\/sem-categoria\/"},"img":{"alt_text":"","src":"https:\/\/i0.wp.com\/gersonguelmann.com.br\/blog\/wp-content\/uploads\/2018\/06\/56a6c10458c32378008b511e-640-320.jpg?fit=640%2C320&ssl=1&resize=350%2C200","width":350,"height":200,"srcset":"https:\/\/i0.wp.com\/gersonguelmann.com.br\/blog\/wp-content\/uploads\/2018\/06\/56a6c10458c32378008b511e-640-320.jpg?fit=640%2C320&ssl=1&resize=350%2C200 1x, https:\/\/i0.wp.com\/gersonguelmann.com.br\/blog\/wp-content\/uploads\/2018\/06\/56a6c10458c32378008b511e-640-320.jpg?fit=640%2C320&ssl=1&resize=525%2C300 1.5x"},"classes":[]}],"jetpack_sharing_enabled":true,"post_mailing_queue_ids":[],"_links":{"self":[{"href":"https:\/\/gersonguelmann.com.br\/blog\/wp-json\/wp\/v2\/posts\/12826","targetHints":{"allow":["GET"]}}],"collection":[{"href":"https:\/\/gersonguelmann.com.br\/blog\/wp-json\/wp\/v2\/posts"}],"about":[{"href":"https:\/\/gersonguelmann.com.br\/blog\/wp-json\/wp\/v2\/types\/post"}],"author":[{"embeddable":true,"href":"https:\/\/gersonguelmann.com.br\/blog\/wp-json\/wp\/v2\/users\/5"}],"replies":[{"embeddable":true,"href":"https:\/\/gersonguelmann.com.br\/blog\/wp-json\/wp\/v2\/comments?post=12826"}],"version-history":[{"count":0,"href":"https:\/\/gersonguelmann.com.br\/blog\/wp-json\/wp\/v2\/posts\/12826\/revisions"}],"wp:featuredmedia":[{"embeddable":true,"href":"https:\/\/gersonguelmann.com.br\/blog\/wp-json\/wp\/v2\/media\/12827"}],"wp:attachment":[{"href":"https:\/\/gersonguelmann.com.br\/blog\/wp-json\/wp\/v2\/media?parent=12826"}],"wp:term":[{"taxonomy":"category","embeddable":true,"href":"https:\/\/gersonguelmann.com.br\/blog\/wp-json\/wp\/v2\/categories?post=12826"},{"taxonomy":"post_tag","embeddable":true,"href":"https:\/\/gersonguelmann.com.br\/blog\/wp-json\/wp\/v2\/tags?post=12826"}],"curies":[{"name":"wp","href":"https:\/\/api.w.org\/{rel}","templated":true}]}}