    {"id":12838,"date":"2018-05-11T20:41:31","date_gmt":"2018-05-11T23:41:31","guid":{"rendered":"https:\/\/gersonguelmann.com.br\/blog\/?p=12838"},"modified":"2018-05-11T20:41:31","modified_gmt":"2018-05-11T23:41:31","slug":"paulo-henrique-amorim-quem-diria-criticando-lula","status":"publish","type":"post","link":"https:\/\/gersonguelmann.com.br\/blog\/paulo-henrique-amorim-quem-diria-criticando-lula\/","title":{"rendered":"Paulo Henrique Amorim, Quem Diria, Criticando Lula&#8230;"},"content":{"rendered":"<p style=\"text-align: center;\"><img data-recalc-dims=\"1\" fetchpriority=\"high\" decoding=\"async\" data-attachment-id=\"12839\" data-permalink=\"https:\/\/gersonguelmann.com.br\/blog\/paulo-henrique-amorim-quem-diria-criticando-lula\/paulo-henrique-amorim_record_72c6814aef3765be31870368679022c612e7d8d3\/\" data-orig-file=\"https:\/\/i0.wp.com\/gersonguelmann.com.br\/blog\/wp-content\/uploads\/2018\/05\/paulo-henrique-amorim_record_72c6814aef3765be31870368679022c612e7d8d3.jpeg?fit=730%2C410&amp;ssl=1\" data-orig-size=\"730,410\" data-comments-opened=\"1\" data-image-meta=\"{&quot;aperture&quot;:&quot;0&quot;,&quot;credit&quot;:&quot;&quot;,&quot;camera&quot;:&quot;&quot;,&quot;caption&quot;:&quot;&quot;,&quot;created_timestamp&quot;:&quot;0&quot;,&quot;copyright&quot;:&quot;&quot;,&quot;focal_length&quot;:&quot;0&quot;,&quot;iso&quot;:&quot;0&quot;,&quot;shutter_speed&quot;:&quot;0&quot;,&quot;title&quot;:&quot;&quot;,&quot;orientation&quot;:&quot;0&quot;}\" data-image-title=\"paulo-henrique-amorim_record_72c6814aef3765be31870368679022c612e7d8d3\" data-image-description=\"\" data-image-caption=\"\" data-medium-file=\"https:\/\/i0.wp.com\/gersonguelmann.com.br\/blog\/wp-content\/uploads\/2018\/05\/paulo-henrique-amorim_record_72c6814aef3765be31870368679022c612e7d8d3.jpeg?fit=300%2C168&amp;ssl=1\" data-large-file=\"https:\/\/i0.wp.com\/gersonguelmann.com.br\/blog\/wp-content\/uploads\/2018\/05\/paulo-henrique-amorim_record_72c6814aef3765be31870368679022c612e7d8d3.jpeg?fit=640%2C359&amp;ssl=1\" class=\"alignnone size-medium wp-image-12839\" src=\"https:\/\/i0.wp.com\/gersonguelmann.com.br\/blog\/wp-content\/uploads\/2018\/05\/paulo-henrique-amorim_record_72c6814aef3765be31870368679022c612e7d8d3.jpeg?resize=300%2C168&#038;ssl=1\" alt=\"\" width=\"300\" height=\"168\" srcset=\"https:\/\/i0.wp.com\/gersonguelmann.com.br\/blog\/wp-content\/uploads\/2018\/05\/paulo-henrique-amorim_record_72c6814aef3765be31870368679022c612e7d8d3.jpeg?resize=300%2C168&amp;ssl=1 300w, https:\/\/i0.wp.com\/gersonguelmann.com.br\/blog\/wp-content\/uploads\/2018\/05\/paulo-henrique-amorim_record_72c6814aef3765be31870368679022c612e7d8d3.jpeg?w=730&amp;ssl=1 730w\" sizes=\"(max-width: 300px) 100vw, 300px\" \/><\/p>\n<p><span style=\"font-family: georgia, palatino, serif; font-size: 18pt; color: #000000;\">Paulo Henrique Amorim, que todos conhecem pelas posi\u00e7\u00f5es extremadas em defesa de Lula e do PT como um todo, publicou v\u00eddeo onde critica a rela\u00e7\u00e3o do ex-presidente com a empreiteira Odebrecht.\u00a0<\/span><\/p>\n<p><span style=\"font-family: georgia, palatino, serif; font-size: 18pt; color: #000000;\">Eu seu canal no YouTube, al\u00e9m do v\u00eddeo com esse posicionamento, escreveu:<\/span><\/p>\n<p><em><span style=\"font-family: georgia, palatino, serif; font-size: 18pt; color: #000000;\">&#8211; &#8220;A rela\u00e7\u00e3o do presidente Lula com os donos e dirigentes da Odebrecht &#8211; os principais respons\u00e1veis pelas dela\u00e7\u00f5es divulgadas pela imprensa nos \u00faltimos dias &#8211; pode n\u00e3o ser ilegal. Mas n\u00e3o \u00e9 \u00e9tica. N\u00e3o \u00e9 digna de um l\u00edder popular com tamanha responsabilidade hist\u00f3rica. <\/span><\/em><\/p>\n<p><em><span style=\"font-family: georgia, palatino, serif; font-size: 18pt; color: #000000;\">O Conversa Afiada n\u00e3o acredita que as dela\u00e7\u00f5es da Odebrecht s\u00f3 servem quando valem para incriminar os not\u00f3rios corruptos. Acreditamos em tudo o que os donos da Odebrecht disseram.&#8221;<\/span><\/em><\/p>\n<p><span style=\"font-family: georgia, palatino, serif; font-size: 18pt; color: #000000;\">H\u00e1 quem diga que o &#8220;arrependimento&#8221; tenha rela\u00e7\u00e3o com a falta de recursos.<\/span><\/p>\n<p><span style=\"font-family: georgia, palatino, serif; font-size: 18pt; color: #000000;\">Outros \u00e0 press\u00e3o feita pelos donos da TV onde apresenta programa semanal .<\/span><\/p>\n<p><span style=\"font-family: georgia, palatino, serif; font-size: 18pt; color: #000000;\">Seja como for, \u00e9 surpreendente.\u00a0<\/span><\/p>\n<p><span class=\"embed-youtube\" style=\"text-align:center; display: block;\"><iframe class=\"youtube-player\" width=\"640\" height=\"360\" src=\"https:\/\/www.youtube.com\/embed\/UAr7vUW0G2k?version=3&#038;rel=1&#038;showsearch=0&#038;showinfo=1&#038;iv_load_policy=1&#038;fs=1&#038;hl=pt-BR&#038;autohide=2&#038;wmode=transparent\" allowfullscreen=\"true\" style=\"border:0;\" sandbox=\"allow-scripts allow-same-origin allow-popups allow-presentation allow-popups-to-escape-sandbox\"><\/iframe><\/span><\/p>\n","protected":false},"excerpt":{"rendered":"<p>Paulo Henrique Amorim, que todos conhecem pelas posi\u00e7\u00f5es extremadas em defesa de Lula e do PT como um todo, publicou v\u00eddeo onde critica a rela\u00e7\u00e3o do ex-presidente com a empreiteira Odebrecht.\u00a0 Eu seu canal no YouTube, al\u00e9m do v\u00eddeo com esse posicionamento, escreveu: &#8211; &#8220;A rela\u00e7\u00e3o do presidente Lula com os donos e dirigentes da [&hellip;]<\/p>\n","protected":false},"author":5,"featured_media":12839,"comment_status":"open","ping_status":"open","sticky":false,"template":"","format":"standard","meta":{"_acf_changed":false,"jetpack_post_was_ever_published":false,"_jetpack_newsletter_access":"","_jetpack_dont_email_post_to_subs":false,"_jetpack_newsletter_tier_id":0,"_jetpack_memberships_contains_paywalled_content":false,"_jetpack_memberships_contains_paid_content":false,"footnotes":"","jetpack_publicize_message":"","jetpack_publicize_feature_enabled":true,"jetpack_social_post_already_shared":true,"jetpack_social_options":{"image_generator_settings":{"template":"highway","default_image_id":0,"font":"","enabled":false},"version":2}},"categories":[1],"tags":[],"class_list":["post-12838","post","type-post","status-publish","format-standard","has-post-thumbnail","hentry","category-sem-categoria"],"acf":[],"yoast_head":"<!-- This site is optimized with the Yoast SEO plugin v27.3 - https:\/\/yoast.com\/product\/yoast-seo-wordpress\/ -->\n<title>Paulo Henrique Amorim, Quem Diria, Criticando Lula... | Blog do Guelmann<\/title>\n<meta name=\"robots\" content=\"index, follow, max-snippet:-1, max-image-preview:large, max-video-preview:-1\" \/>\n<link rel=\"canonical\" href=\"https:\/\/gersonguelmann.com.br\/blog\/paulo-henrique-amorim-quem-diria-criticando-lula\/\" \/>\n<meta property=\"og:locale\" content=\"pt_BR\" \/>\n<meta property=\"og:type\" content=\"article\" \/>\n<meta property=\"og:title\" content=\"Paulo Henrique Amorim, Quem Diria, Criticando Lula... | Blog do Guelmann\" \/>\n<meta property=\"og:description\" content=\"Paulo Henrique Amorim, que todos conhecem pelas posi\u00e7\u00f5es extremadas em defesa de Lula e do PT como um todo, publicou v\u00eddeo onde critica a rela\u00e7\u00e3o do ex-presidente com a empreiteira Odebrecht.\u00a0 Eu seu canal no YouTube, al\u00e9m do v\u00eddeo com esse posicionamento, escreveu: &#8211; &#8220;A rela\u00e7\u00e3o do presidente Lula com os donos e dirigentes da [&hellip;]\" \/>\n<meta property=\"og:url\" content=\"https:\/\/gersonguelmann.com.br\/blog\/paulo-henrique-amorim-quem-diria-criticando-lula\/\" \/>\n<meta property=\"og:site_name\" content=\"Blog do Guelmann\" \/>\n<meta property=\"article:published_time\" content=\"2018-05-11T23:41:31+00:00\" \/>\n<meta property=\"og:image\" content=\"https:\/\/i0.wp.com\/gersonguelmann.com.br\/blog\/wp-content\/uploads\/2018\/05\/paulo-henrique-amorim_record_72c6814aef3765be31870368679022c612e7d8d3.jpeg?fit=730%2C410&ssl=1\" \/>\n\t<meta property=\"og:image:width\" content=\"730\" \/>\n\t<meta property=\"og:image:height\" content=\"410\" \/>\n\t<meta property=\"og:image:type\" content=\"image\/jpeg\" \/>\n<meta name=\"author\" content=\"Gerson Guelmann\" \/>\n<meta name=\"twitter:card\" content=\"summary_large_image\" \/>\n<meta name=\"twitter:label1\" content=\"Escrito por\" \/>\n\t<meta name=\"twitter:data1\" content=\"Gerson Guelmann\" \/>\n\t<meta name=\"twitter:label2\" content=\"Est. tempo de leitura\" \/>\n\t<meta name=\"twitter:data2\" content=\"1 minuto\" \/>\n<script type=\"application\/ld+json\" class=\"yoast-schema-graph\">{\"@context\":\"https:\\\/\\\/schema.org\",\"@graph\":[{\"@type\":\"Article\",\"@id\":\"https:\\\/\\\/gersonguelmann.com.br\\\/blog\\\/paulo-henrique-amorim-quem-diria-criticando-lula\\\/#article\",\"isPartOf\":{\"@id\":\"https:\\\/\\\/gersonguelmann.com.br\\\/blog\\\/paulo-henrique-amorim-quem-diria-criticando-lula\\\/\"},\"author\":{\"name\":\"Gerson Guelmann\",\"@id\":\"https:\\\/\\\/gersonguelmann.com.br\\\/blog\\\/#\\\/schema\\\/person\\\/87e70e2a786888082f941a482c90569e\"},\"headline\":\"Paulo Henrique Amorim, Quem Diria, Criticando Lula&#8230;\",\"datePublished\":\"2018-05-11T23:41:31+00:00\",\"mainEntityOfPage\":{\"@id\":\"https:\\\/\\\/gersonguelmann.com.br\\\/blog\\\/paulo-henrique-amorim-quem-diria-criticando-lula\\\/\"},\"wordCount\":182,\"commentCount\":0,\"image\":{\"@id\":\"https:\\\/\\\/gersonguelmann.com.br\\\/blog\\\/paulo-henrique-amorim-quem-diria-criticando-lula\\\/#primaryimage\"},\"thumbnailUrl\":\"https:\\\/\\\/i0.wp.com\\\/gersonguelmann.com.br\\\/blog\\\/wp-content\\\/uploads\\\/2018\\\/05\\\/paulo-henrique-amorim_record_72c6814aef3765be31870368679022c612e7d8d3.jpeg?fit=730%2C410&ssl=1\",\"inLanguage\":\"pt-BR\",\"potentialAction\":[{\"@type\":\"CommentAction\",\"name\":\"Comment\",\"target\":[\"https:\\\/\\\/gersonguelmann.com.br\\\/blog\\\/paulo-henrique-amorim-quem-diria-criticando-lula\\\/#respond\"]}]},{\"@type\":\"WebPage\",\"@id\":\"https:\\\/\\\/gersonguelmann.com.br\\\/blog\\\/paulo-henrique-amorim-quem-diria-criticando-lula\\\/\",\"url\":\"https:\\\/\\\/gersonguelmann.com.br\\\/blog\\\/paulo-henrique-amorim-quem-diria-criticando-lula\\\/\",\"name\":\"Paulo Henrique Amorim, Quem Diria, Criticando Lula... | Blog do Guelmann\",\"isPartOf\":{\"@id\":\"https:\\\/\\\/gersonguelmann.com.br\\\/blog\\\/#website\"},\"primaryImageOfPage\":{\"@id\":\"https:\\\/\\\/gersonguelmann.com.br\\\/blog\\\/paulo-henrique-amorim-quem-diria-criticando-lula\\\/#primaryimage\"},\"image\":{\"@id\":\"https:\\\/\\\/gersonguelmann.com.br\\\/blog\\\/paulo-henrique-amorim-quem-diria-criticando-lula\\\/#primaryimage\"},\"thumbnailUrl\":\"https:\\\/\\\/i0.wp.com\\\/gersonguelmann.com.br\\\/blog\\\/wp-content\\\/uploads\\\/2018\\\/05\\\/paulo-henrique-amorim_record_72c6814aef3765be31870368679022c612e7d8d3.jpeg?fit=730%2C410&ssl=1\",\"datePublished\":\"2018-05-11T23:41:31+00:00\",\"author\":{\"@id\":\"https:\\\/\\\/gersonguelmann.com.br\\\/blog\\\/#\\\/schema\\\/person\\\/87e70e2a786888082f941a482c90569e\"},\"inLanguage\":\"pt-BR\",\"potentialAction\":[{\"@type\":\"ReadAction\",\"target\":[\"https:\\\/\\\/gersonguelmann.com.br\\\/blog\\\/paulo-henrique-amorim-quem-diria-criticando-lula\\\/\"]}]},{\"@type\":\"ImageObject\",\"inLanguage\":\"pt-BR\",\"@id\":\"https:\\\/\\\/gersonguelmann.com.br\\\/blog\\\/paulo-henrique-amorim-quem-diria-criticando-lula\\\/#primaryimage\",\"url\":\"https:\\\/\\\/i0.wp.com\\\/gersonguelmann.com.br\\\/blog\\\/wp-content\\\/uploads\\\/2018\\\/05\\\/paulo-henrique-amorim_record_72c6814aef3765be31870368679022c612e7d8d3.jpeg?fit=730%2C410&ssl=1\",\"contentUrl\":\"https:\\\/\\\/i0.wp.com\\\/gersonguelmann.com.br\\\/blog\\\/wp-content\\\/uploads\\\/2018\\\/05\\\/paulo-henrique-amorim_record_72c6814aef3765be31870368679022c612e7d8d3.jpeg?fit=730%2C410&ssl=1\",\"width\":730,\"height\":410},{\"@type\":\"WebSite\",\"@id\":\"https:\\\/\\\/gersonguelmann.com.br\\\/blog\\\/#website\",\"url\":\"https:\\\/\\\/gersonguelmann.com.br\\\/blog\\\/\",\"name\":\"Blog do Guelmann\",\"description\":\"Pitadas da sabedoria e do humor judaicos, assuntos do momento e um pouco das hist\u00f3rias que vivi e testemunhei.\",\"potentialAction\":[{\"@type\":\"SearchAction\",\"target\":{\"@type\":\"EntryPoint\",\"urlTemplate\":\"https:\\\/\\\/gersonguelmann.com.br\\\/blog\\\/?s={search_term_string}\"},\"query-input\":{\"@type\":\"PropertyValueSpecification\",\"valueRequired\":true,\"valueName\":\"search_term_string\"}}],\"inLanguage\":\"pt-BR\"},{\"@type\":\"Person\",\"@id\":\"https:\\\/\\\/gersonguelmann.com.br\\\/blog\\\/#\\\/schema\\\/person\\\/87e70e2a786888082f941a482c90569e\",\"name\":\"Gerson Guelmann\",\"image\":{\"@type\":\"ImageObject\",\"inLanguage\":\"pt-BR\",\"@id\":\"https:\\\/\\\/i0.wp.com\\\/gersonguelmann.com.br\\\/blog\\\/wp-content\\\/uploads\\\/2021\\\/08\\\/BLOG.jpeg?fit=96%2C96&ssl=1\",\"url\":\"https:\\\/\\\/i0.wp.com\\\/gersonguelmann.com.br\\\/blog\\\/wp-content\\\/uploads\\\/2021\\\/08\\\/BLOG.jpeg?fit=96%2C96&ssl=1\",\"contentUrl\":\"https:\\\/\\\/i0.wp.com\\\/gersonguelmann.com.br\\\/blog\\\/wp-content\\\/uploads\\\/2021\\\/08\\\/BLOG.jpeg?fit=96%2C96&ssl=1\",\"caption\":\"Gerson Guelmann\"},\"description\":\"Pitadas da sabedoria e do humor judaicos, assuntos do momento e um pouco das hist\u00f3rias que vivi e testemunhei.\"}]}<\/script>\n<!-- \/ Yoast SEO plugin. -->","yoast_head_json":{"title":"Paulo Henrique Amorim, Quem Diria, Criticando Lula... | Blog do Guelmann","robots":{"index":"index","follow":"follow","max-snippet":"max-snippet:-1","max-image-preview":"max-image-preview:large","max-video-preview":"max-video-preview:-1"},"canonical":"https:\/\/gersonguelmann.com.br\/blog\/paulo-henrique-amorim-quem-diria-criticando-lula\/","og_locale":"pt_BR","og_type":"article","og_title":"Paulo Henrique Amorim, Quem Diria, Criticando Lula... | Blog do Guelmann","og_description":"Paulo Henrique Amorim, que todos conhecem pelas posi\u00e7\u00f5es extremadas em defesa de Lula e do PT como um todo, publicou v\u00eddeo onde critica a rela\u00e7\u00e3o do ex-presidente com a empreiteira Odebrecht.\u00a0 Eu seu canal no YouTube, al\u00e9m do v\u00eddeo com esse posicionamento, escreveu: &#8211; &#8220;A rela\u00e7\u00e3o do presidente Lula com os donos e dirigentes da [&hellip;]","og_url":"https:\/\/gersonguelmann.com.br\/blog\/paulo-henrique-amorim-quem-diria-criticando-lula\/","og_site_name":"Blog do Guelmann","article_published_time":"2018-05-11T23:41:31+00:00","og_image":[{"width":730,"height":410,"url":"https:\/\/i0.wp.com\/gersonguelmann.com.br\/blog\/wp-content\/uploads\/2018\/05\/paulo-henrique-amorim_record_72c6814aef3765be31870368679022c612e7d8d3.jpeg?fit=730%2C410&ssl=1","type":"image\/jpeg"}],"author":"Gerson Guelmann","twitter_card":"summary_large_image","twitter_misc":{"Escrito por":"Gerson Guelmann","Est. tempo de leitura":"1 minuto"},"schema":{"@context":"https:\/\/schema.org","@graph":[{"@type":"Article","@id":"https:\/\/gersonguelmann.com.br\/blog\/paulo-henrique-amorim-quem-diria-criticando-lula\/#article","isPartOf":{"@id":"https:\/\/gersonguelmann.com.br\/blog\/paulo-henrique-amorim-quem-diria-criticando-lula\/"},"author":{"name":"Gerson Guelmann","@id":"https:\/\/gersonguelmann.com.br\/blog\/#\/schema\/person\/87e70e2a786888082f941a482c90569e"},"headline":"Paulo Henrique Amorim, Quem Diria, Criticando Lula&#8230;","datePublished":"2018-05-11T23:41:31+00:00","mainEntityOfPage":{"@id":"https:\/\/gersonguelmann.com.br\/blog\/paulo-henrique-amorim-quem-diria-criticando-lula\/"},"wordCount":182,"commentCount":0,"image":{"@id":"https:\/\/gersonguelmann.com.br\/blog\/paulo-henrique-amorim-quem-diria-criticando-lula\/#primaryimage"},"thumbnailUrl":"https:\/\/i0.wp.com\/gersonguelmann.com.br\/blog\/wp-content\/uploads\/2018\/05\/paulo-henrique-amorim_record_72c6814aef3765be31870368679022c612e7d8d3.jpeg?fit=730%2C410&ssl=1","inLanguage":"pt-BR","potentialAction":[{"@type":"CommentAction","name":"Comment","target":["https:\/\/gersonguelmann.com.br\/blog\/paulo-henrique-amorim-quem-diria-criticando-lula\/#respond"]}]},{"@type":"WebPage","@id":"https:\/\/gersonguelmann.com.br\/blog\/paulo-henrique-amorim-quem-diria-criticando-lula\/","url":"https:\/\/gersonguelmann.com.br\/blog\/paulo-henrique-amorim-quem-diria-criticando-lula\/","name":"Paulo Henrique Amorim, Quem Diria, Criticando Lula... | Blog do Guelmann","isPartOf":{"@id":"https:\/\/gersonguelmann.com.br\/blog\/#website"},"primaryImageOfPage":{"@id":"https:\/\/gersonguelmann.com.br\/blog\/paulo-henrique-amorim-quem-diria-criticando-lula\/#primaryimage"},"image":{"@id":"https:\/\/gersonguelmann.com.br\/blog\/paulo-henrique-amorim-quem-diria-criticando-lula\/#primaryimage"},"thumbnailUrl":"https:\/\/i0.wp.com\/gersonguelmann.com.br\/blog\/wp-content\/uploads\/2018\/05\/paulo-henrique-amorim_record_72c6814aef3765be31870368679022c612e7d8d3.jpeg?fit=730%2C410&ssl=1","datePublished":"2018-05-11T23:41:31+00:00","author":{"@id":"https:\/\/gersonguelmann.com.br\/blog\/#\/schema\/person\/87e70e2a786888082f941a482c90569e"},"inLanguage":"pt-BR","potentialAction":[{"@type":"ReadAction","target":["https:\/\/gersonguelmann.com.br\/blog\/paulo-henrique-amorim-quem-diria-criticando-lula\/"]}]},{"@type":"ImageObject","inLanguage":"pt-BR","@id":"https:\/\/gersonguelmann.com.br\/blog\/paulo-henrique-amorim-quem-diria-criticando-lula\/#primaryimage","url":"https:\/\/i0.wp.com\/gersonguelmann.com.br\/blog\/wp-content\/uploads\/2018\/05\/paulo-henrique-amorim_record_72c6814aef3765be31870368679022c612e7d8d3.jpeg?fit=730%2C410&ssl=1","contentUrl":"https:\/\/i0.wp.com\/gersonguelmann.com.br\/blog\/wp-content\/uploads\/2018\/05\/paulo-henrique-amorim_record_72c6814aef3765be31870368679022c612e7d8d3.jpeg?fit=730%2C410&ssl=1","width":730,"height":410},{"@type":"WebSite","@id":"https:\/\/gersonguelmann.com.br\/blog\/#website","url":"https:\/\/gersonguelmann.com.br\/blog\/","name":"Blog do Guelmann","description":"Pitadas da sabedoria e do humor judaicos, assuntos do momento e um pouco das hist\u00f3rias que vivi e testemunhei.","potentialAction":[{"@type":"SearchAction","target":{"@type":"EntryPoint","urlTemplate":"https:\/\/gersonguelmann.com.br\/blog\/?s={search_term_string}"},"query-input":{"@type":"PropertyValueSpecification","valueRequired":true,"valueName":"search_term_string"}}],"inLanguage":"pt-BR"},{"@type":"Person","@id":"https:\/\/gersonguelmann.com.br\/blog\/#\/schema\/person\/87e70e2a786888082f941a482c90569e","name":"Gerson Guelmann","image":{"@type":"ImageObject","inLanguage":"pt-BR","@id":"https:\/\/i0.wp.com\/gersonguelmann.com.br\/blog\/wp-content\/uploads\/2021\/08\/BLOG.jpeg?fit=96%2C96&ssl=1","url":"https:\/\/i0.wp.com\/gersonguelmann.com.br\/blog\/wp-content\/uploads\/2021\/08\/BLOG.jpeg?fit=96%2C96&ssl=1","contentUrl":"https:\/\/i0.wp.com\/gersonguelmann.com.br\/blog\/wp-content\/uploads\/2021\/08\/BLOG.jpeg?fit=96%2C96&ssl=1","caption":"Gerson Guelmann"},"description":"Pitadas da sabedoria e do humor judaicos, assuntos do momento e um pouco das hist\u00f3rias que vivi e testemunhei."}]}},"views":42,"jetpack_publicize_connections":[],"jetpack_featured_media_url":"https:\/\/i0.wp.com\/gersonguelmann.com.br\/blog\/wp-content\/uploads\/2018\/05\/paulo-henrique-amorim_record_72c6814aef3765be31870368679022c612e7d8d3.jpeg?fit=730%2C410&ssl=1","jetpack_shortlink":"https:\/\/wp.me\/p96e7O-3l4","jetpack-related-posts":[{"id":11504,"url":"https:\/\/gersonguelmann.com.br\/blog\/lula-marcelo-odebrecht-outono-do-patriarca\/","url_meta":{"origin":12838,"position":0},"title":"Lula, Marcelo Odebrecht e o Outono do Patriarca","author":"Gerson Guelmann","date":"11 de abril de 2018","format":false,"excerpt":"Agora a tarde est\u00e1 acontecendo na Justi\u00e7a Federal em Curitiba novo depoimento do empres\u00e1rio Marcelo\u00a0Odebrecht, que h\u00e1 algumas semanas passou a cumprir pris\u00e3o domiciliar. Ele foi convocado a prestar declara\u00e7\u00f5es acerca de mensagens eletr\u00f4nicas que estavam em seu computador pessoal e foram selecionadas ap\u00f3s ele retornar \u00e0 resid\u00eancia, em S\u00e3o\u2026","rel":"","context":"Em &quot;Sem categoria&quot;","block_context":{"text":"Sem categoria","link":"https:\/\/gersonguelmann.com.br\/blog\/category\/sem-categoria\/"},"img":{"alt_text":"","src":"https:\/\/i0.wp.com\/gersonguelmann.com.br\/blog\/wp-content\/uploads\/2018\/04\/lc-inverno-deixa-curitiba-colorida-004-lg-3e57e2f9.jpg?fit=961%2C531&ssl=1&resize=350%2C200","width":350,"height":200,"srcset":"https:\/\/i0.wp.com\/gersonguelmann.com.br\/blog\/wp-content\/uploads\/2018\/04\/lc-inverno-deixa-curitiba-colorida-004-lg-3e57e2f9.jpg?fit=961%2C531&ssl=1&resize=350%2C200 1x, https:\/\/i0.wp.com\/gersonguelmann.com.br\/blog\/wp-content\/uploads\/2018\/04\/lc-inverno-deixa-curitiba-colorida-004-lg-3e57e2f9.jpg?fit=961%2C531&ssl=1&resize=525%2C300 1.5x, https:\/\/i0.wp.com\/gersonguelmann.com.br\/blog\/wp-content\/uploads\/2018\/04\/lc-inverno-deixa-curitiba-colorida-004-lg-3e57e2f9.jpg?fit=961%2C531&ssl=1&resize=700%2C400 2x"},"classes":[]},{"id":17647,"url":"https:\/\/gersonguelmann.com.br\/blog\/operacao-salva-vidas-da-globo-envolveu-palocci-dilma-e-lula\/","url_meta":{"origin":12838,"position":1},"title":"Opera\u00e7\u00e3o Salva-Vidas da Globo Envolveu Palocci, Dilma e Lula","author":"Gerson Guelmann","date":"23 de julho de 2019","format":false,"excerpt":"Todos sabem que o falecido jornalista Paulo Henrique Amorim nutria, na mesma medida, repulsa pela antiga empregadora, a Rede Globo, e simpatia pelo PT. Quando trabalhava na Rede Record, de onde tamb\u00e9m acabou sendo demitido, fez mat\u00e9ria para o programa Domingo Espetacular, onde relatou conversa com a ex-Presidente Dilma sobre\u2026","rel":"","context":"Em &quot;Sem categoria&quot;","block_context":{"text":"Sem categoria","link":"https:\/\/gersonguelmann.com.br\/blog\/category\/sem-categoria\/"},"img":{"alt_text":"","src":"https:\/\/i0.wp.com\/gersonguelmann.com.br\/blog\/wp-content\/uploads\/2019\/07\/salva-vidas.jpg?fit=960%2C640&ssl=1&resize=350%2C200","width":350,"height":200,"srcset":"https:\/\/i0.wp.com\/gersonguelmann.com.br\/blog\/wp-content\/uploads\/2019\/07\/salva-vidas.jpg?fit=960%2C640&ssl=1&resize=350%2C200 1x, https:\/\/i0.wp.com\/gersonguelmann.com.br\/blog\/wp-content\/uploads\/2019\/07\/salva-vidas.jpg?fit=960%2C640&ssl=1&resize=525%2C300 1.5x, https:\/\/i0.wp.com\/gersonguelmann.com.br\/blog\/wp-content\/uploads\/2019\/07\/salva-vidas.jpg?fit=960%2C640&ssl=1&resize=700%2C400 2x"},"classes":[]},{"id":13869,"url":"https:\/\/gersonguelmann.com.br\/blog\/testemunha-de-lula-levou-um-pito-de-moro\/","url_meta":{"origin":12838,"position":2},"title":"Testemunha de Lula Levou Um Pito de Moro","author":"Gerson Guelmann","date":"11 de junho de 2018","format":false,"excerpt":"Foto: veja.abril.com.br Arrolado como testemunha de defesa de Lula, Fernando Morais, bi\u00f3grafo do ex-presidente, foi ouvido hoje pelo juiz federal Sergio Moro. A certa altura do depoimento o juiz interrompeu a fala do escritor por considerar que ele estava fazendo propaganda de Lula. Leia mat\u00e9ria publicada no G1 Paran\u00e1: 'O\u2026","rel":"","context":"Em &quot;Sem categoria&quot;","block_context":{"text":"Sem categoria","link":"https:\/\/gersonguelmann.com.br\/blog\/category\/sem-categoria\/"},"img":{"alt_text":"","src":"https:\/\/i0.wp.com\/gersonguelmann.com.br\/blog\/wp-content\/uploads\/2018\/06\/lula-fernando-morais-300x224.jpg?resize=350%2C200&ssl=1","width":350,"height":200},"classes":[]},{"id":13801,"url":"https:\/\/gersonguelmann.com.br\/blog\/paulo-henrique-amorim-aquele-condenado-por-injuria-racial\/","url_meta":{"origin":12838,"position":3},"title":"Paulo Henrique Amorim, Aquele, Condenado Por Inj\u00faria Racial","author":"Gerson Guelmann","date":"9 de junho de 2018","format":false,"excerpt":"Publicado hoje no site Metr\u00f3poles: Paulo Henrique Amorim \u00e9 condenado por inj\u00faria contra Heraldo Pereira Apresentador da TV Record havia dito que o colega de profiss\u00e3o, da Rede Globo, era \u201cnegro de alma branca\u201d Reprodu\u00e7\u00e3o: YouTube DOUGLAS CARVALHO 09\/06\/2018 13:28 O blogueiro e apresentador Paulo Henrique Amorim ter\u00e1 de cumprir\u2026","rel":"","context":"Em &quot;Sem categoria&quot;","block_context":{"text":"Sem categoria","link":"https:\/\/gersonguelmann.com.br\/blog\/category\/sem-categoria\/"},"img":{"alt_text":"","src":"https:\/\/i0.wp.com\/gersonguelmann.com.br\/blog\/wp-content\/uploads\/2018\/06\/ph-amorim.jpg?fit=840%2C560&ssl=1&resize=350%2C200","width":350,"height":200,"srcset":"https:\/\/i0.wp.com\/gersonguelmann.com.br\/blog\/wp-content\/uploads\/2018\/06\/ph-amorim.jpg?fit=840%2C560&ssl=1&resize=350%2C200 1x, https:\/\/i0.wp.com\/gersonguelmann.com.br\/blog\/wp-content\/uploads\/2018\/06\/ph-amorim.jpg?fit=840%2C560&ssl=1&resize=525%2C300 1.5x, https:\/\/i0.wp.com\/gersonguelmann.com.br\/blog\/wp-content\/uploads\/2018\/06\/ph-amorim.jpg?fit=840%2C560&ssl=1&resize=700%2C400 2x"},"classes":[]},{"id":11560,"url":"https:\/\/gersonguelmann.com.br\/blog\/marcelo-odebrecht-para-advogado-lula-esta-ruim-pode-piorar\/","url_meta":{"origin":12838,"position":4},"title":"Marcelo Odebrecht para Advogado de Lula: Est\u00e1 Ruim? Pode Piorar","author":"Gerson Guelmann","date":"12 de abril de 2018","format":false,"excerpt":"Momento tipo \"seria c\u00f4mico se n\u00e3o fosse tr\u00e1gico\", hoje, no depoimento de Marcelo Odebrecht ao juiz S\u00e9rgio Moro, na 13\u00aa Vara da Justi\u00e7a Federal em Curitiba. Questionado pelo advogado do r\u00e9u, Cristiano Zanin, sobre os e-mails que encontrou em seu computador pessoal ao retornar para sua casa em pris\u00e3o domiciliar,\u2026","rel":"","context":"Em &quot;Sem categoria&quot;","block_context":{"text":"Sem categoria","link":"https:\/\/gersonguelmann.com.br\/blog\/category\/sem-categoria\/"},"img":{"alt_text":"","src":"https:\/\/i0.wp.com\/gersonguelmann.com.br\/blog\/wp-content\/uploads\/2018\/04\/Pior.jpg?resize=350%2C200&ssl=1","width":350,"height":200},"classes":[]},{"id":13317,"url":"https:\/\/gersonguelmann.com.br\/blog\/delacao-de-palocci-afundara-o-pt\/","url_meta":{"origin":12838,"position":5},"title":"Dela\u00e7\u00e3o de Palocci Afundar\u00e1 o PT","author":"Gerson Guelmann","date":"25 de maio de 2018","format":false,"excerpt":"Da Isto\u00c9, publicada h\u00e1 pouco: BRASIL Palocci afunda o PT Revela\u00e7\u00f5es do ex-ministro Ant\u00f4nio Palocci, feitas em sua dela\u00e7\u00e3o premiada, explodem uma nova bomba no PT e aniquilam os ex-presidentes Lula e Dilma, al\u00e9m de Gleisi Hoffmann. Ele revela em detalhes a trilha do dinheiro da propina at\u00e9 os petistas\u2026","rel":"","context":"Em &quot;Sem categoria&quot;","block_context":{"text":"Sem categoria","link":"https:\/\/gersonguelmann.com.br\/blog\/category\/sem-categoria\/"},"img":{"alt_text":"","src":"https:\/\/i0.wp.com\/gersonguelmann.com.br\/blog\/wp-content\/uploads\/2018\/05\/1-14.jpg?fit=418%2C235&ssl=1&resize=350%2C200","width":350,"height":200},"classes":[]}],"jetpack_sharing_enabled":true,"post_mailing_queue_ids":[],"_links":{"self":[{"href":"https:\/\/gersonguelmann.com.br\/blog\/wp-json\/wp\/v2\/posts\/12838","targetHints":{"allow":["GET"]}}],"collection":[{"href":"https:\/\/gersonguelmann.com.br\/blog\/wp-json\/wp\/v2\/posts"}],"about":[{"href":"https:\/\/gersonguelmann.com.br\/blog\/wp-json\/wp\/v2\/types\/post"}],"author":[{"embeddable":true,"href":"https:\/\/gersonguelmann.com.br\/blog\/wp-json\/wp\/v2\/users\/5"}],"replies":[{"embeddable":true,"href":"https:\/\/gersonguelmann.com.br\/blog\/wp-json\/wp\/v2\/comments?post=12838"}],"version-history":[{"count":0,"href":"https:\/\/gersonguelmann.com.br\/blog\/wp-json\/wp\/v2\/posts\/12838\/revisions"}],"wp:featuredmedia":[{"embeddable":true,"href":"https:\/\/gersonguelmann.com.br\/blog\/wp-json\/wp\/v2\/media\/12839"}],"wp:attachment":[{"href":"https:\/\/gersonguelmann.com.br\/blog\/wp-json\/wp\/v2\/media?parent=12838"}],"wp:term":[{"taxonomy":"category","embeddable":true,"href":"https:\/\/gersonguelmann.com.br\/blog\/wp-json\/wp\/v2\/categories?post=12838"},{"taxonomy":"post_tag","embeddable":true,"href":"https:\/\/gersonguelmann.com.br\/blog\/wp-json\/wp\/v2\/tags?post=12838"}],"curies":[{"name":"wp","href":"https:\/\/api.w.org\/{rel}","templated":true}]}}