    {"id":12845,"date":"2018-05-11T23:18:48","date_gmt":"2018-05-12T02:18:48","guid":{"rendered":"https:\/\/gersonguelmann.com.br\/blog\/?p=12845"},"modified":"2018-05-11T23:20:08","modified_gmt":"2018-05-12T02:20:08","slug":"no-marrocos-uma-licao-para-agressor-sexual","status":"publish","type":"post","link":"https:\/\/gersonguelmann.com.br\/blog\/no-marrocos-uma-licao-para-agressor-sexual\/","title":{"rendered":"No Marrocos, Uma Li\u00e7\u00e3o Para Agressor Sexual"},"content":{"rendered":"<p><span style=\"font-family: georgia, palatino, serif; font-size: 18pt;\">Do El Pa\u00eds, em edi\u00e7\u00e3o j\u00e1 do dia 12:<\/span><\/p>\n<div class=\"cabecera__envoltorio\">\n<header id=\"cabecera\" class=\"cabecera\">\n<div id=\"cabecera__interior\" class=\"cabecera__interior\">\n<div class=\"cabecera-inferior\">\n<div class=\"cabecera-inferior__interior\">\n<div id=\"cabecera-seccion\" class=\"cabecera-seccion \">\n<div class=\"seccion\">\n<div class=\"seccion-migas\"><strong><span class=\"miga miga_seccion\">INTERNACIONAL<\/span><\/strong><\/div>\n<\/div>\n<\/div>\n<\/div>\n<\/div>\n<\/div>\n<\/header>\n<\/div>\n<div class=\"articulo__envoltorio\">\n<article class=\"articulo articulo--nointro\">\n<div id=\"articulo_interior\" class=\"articulo__interior\">\n<header id=\"articulo-encabezado\" class=\"articulo-encabezado \">\n<div id=\"articulo-titulares\" class=\"articulo-titulares\">\n<p id=\"articulo-titulo\" class=\"articulo-titulo \"><span style=\"font-size: 24pt;\"><strong>Castigo exemplar em Marrocos para uma agress\u00e3o sexual gravada<\/strong><\/span><\/p>\n<div class=\"articulo-subtitulos\">\n<p class=\"articulo-subtitulo\"><span style=\"font-size: 18pt;\"><strong>Tentativa de estupro de uma menor que suplicava \u201cvoc\u00ea n\u00e3o tem cora\u00e7\u00e3o, n\u00e3o tem irm\u00e3?\u201d leva a penas de 10 e 8 anos de pris\u00e3o para os autores<\/strong><\/span><\/p>\n<p><span style=\"font-size: 14pt;\">FRANCISCO PEREGIL<\/span><\/p>\n<h2 class=\"articulo-subtitulo\"><span style=\"font-size: 14pt;\"><span class=\"articulo-localizacion\">Rabat\u00a0<\/span><time class=\"articulo-actualizado\" datetime=\"2018-05-12T02:42:22+02:00\">12 MAI 2018 &#8211; 02:42 <abbr title=\"Central European Summer Time\">CEST<\/abbr><\/time><\/span><\/h2>\n<p style=\"text-align: center;\"><img data-recalc-dims=\"1\" decoding=\"async\" data-attachment-id=\"12846\" data-permalink=\"https:\/\/gersonguelmann.com.br\/blog\/no-marrocos-uma-licao-para-agressor-sexual\/1522244657_943618_1522248245_noticia_normal_recorte1\/\" data-orig-file=\"https:\/\/i0.wp.com\/gersonguelmann.com.br\/blog\/wp-content\/uploads\/2018\/05\/1522244657_943618_1522248245_noticia_normal_recorte1.jpg?fit=1960%2C977&amp;ssl=1\" data-orig-size=\"1960,977\" data-comments-opened=\"1\" data-image-meta=\"{&quot;aperture&quot;:&quot;0&quot;,&quot;credit&quot;:&quot;&quot;,&quot;camera&quot;:&quot;&quot;,&quot;caption&quot;:&quot;&quot;,&quot;created_timestamp&quot;:&quot;0&quot;,&quot;copyright&quot;:&quot;&quot;,&quot;focal_length&quot;:&quot;0&quot;,&quot;iso&quot;:&quot;0&quot;,&quot;shutter_speed&quot;:&quot;0&quot;,&quot;title&quot;:&quot;&quot;,&quot;orientation&quot;:&quot;0&quot;}\" data-image-title=\"1522244657_943618_1522248245_noticia_normal_recorte1\" data-image-description=\"\" data-image-caption=\"\" data-medium-file=\"https:\/\/i0.wp.com\/gersonguelmann.com.br\/blog\/wp-content\/uploads\/2018\/05\/1522244657_943618_1522248245_noticia_normal_recorte1.jpg?fit=300%2C150&amp;ssl=1\" data-large-file=\"https:\/\/i0.wp.com\/gersonguelmann.com.br\/blog\/wp-content\/uploads\/2018\/05\/1522244657_943618_1522248245_noticia_normal_recorte1.jpg?fit=640%2C319&amp;ssl=1\" class=\"alignnone size-medium wp-image-12846\" src=\"https:\/\/i0.wp.com\/gersonguelmann.com.br\/blog\/wp-content\/uploads\/2018\/05\/1522244657_943618_1522248245_noticia_normal_recorte1.jpg?resize=300%2C150&#038;ssl=1\" alt=\"\" width=\"300\" height=\"150\" srcset=\"https:\/\/i0.wp.com\/gersonguelmann.com.br\/blog\/wp-content\/uploads\/2018\/05\/1522244657_943618_1522248245_noticia_normal_recorte1.jpg?resize=300%2C150&amp;ssl=1 300w, https:\/\/i0.wp.com\/gersonguelmann.com.br\/blog\/wp-content\/uploads\/2018\/05\/1522244657_943618_1522248245_noticia_normal_recorte1.jpg?resize=768%2C383&amp;ssl=1 768w, https:\/\/i0.wp.com\/gersonguelmann.com.br\/blog\/wp-content\/uploads\/2018\/05\/1522244657_943618_1522248245_noticia_normal_recorte1.jpg?resize=1024%2C510&amp;ssl=1 1024w, https:\/\/i0.wp.com\/gersonguelmann.com.br\/blog\/wp-content\/uploads\/2018\/05\/1522244657_943618_1522248245_noticia_normal_recorte1.jpg?w=1960&amp;ssl=1 1960w, https:\/\/i0.wp.com\/gersonguelmann.com.br\/blog\/wp-content\/uploads\/2018\/05\/1522244657_943618_1522248245_noticia_normal_recorte1.jpg?w=1280&amp;ssl=1 1280w\" sizes=\"(max-width: 300px) 100vw, 300px\" \/><br \/>\n<span style=\"color: #808080; font-size: 10pt;\"><em><strong><span class=\"foto-texto\">Cena do v\u00eddeo publicado no YouTube que mostrava a agress\u00e3o<br \/>\nsexual contra Khaula, a menor de 16 anos.<\/span>\u00a0<span class=\"foto-firma\"><span class=\"foto-autor\">OBSERVALGERIE.COM<\/span><\/span><\/strong><\/em><\/span><\/p>\n<p><span style=\"font-size: 14pt; color: #000000;\">Um homem em plena rua tenta violentar uma menor que suplica aos gritos que a deixe: \u201cVoc\u00ea n\u00e3o tem cora\u00e7\u00e3o, n\u00e3o tem irm\u00e3? Voc\u00ea gostaria que fizessem isto com voc\u00ea?\u201d. O v\u00eddeo dessa cena abalou\u00a0Marrocos. Foi gravado em janeiro e publicado em 27 de mar\u00e7o nas redes sociais. Durava apenas um minuto, e felizmente foi eliminado do YouTube poucas horas depois de que a not\u00edcia viesse \u00e0 tona. Mas o dano estava feito. L\u00e1 se via como o agressor a despia enquanto algu\u00e9m continuava filmando. A persegui\u00e7\u00e3o e abordagem ocorreram na aldeia de Bouchane, pr\u00f3xima \u00e0 cidade de Benguerir, na prov\u00edncia de Marrakesh. A pol\u00edcia levou apenas 24 horas para deter ambos.<\/span><\/p>\n<div id=\"elpais_gpt-INTEXT\" data-google-query-id=\"CNWP0qWJ_9oCFQoYhgodcwYLfA\">\n<div id=\"google_ads_iframe_\/7811748\/elpais_web\/brasil\/internacional\/intext_0__container__\"><span style=\"font-size: 14pt; color: #000000;\">A sala de primeira inst\u00e2ncia do Tribunal de Apela\u00e7\u00f5es de Marrakesh pronunciou nesta semana uma senten\u00e7a sem precedentes em Marrocos, levando-se em conta que o\u00a0<a style=\"color: #000000;\" href=\"https:\/\/brasil.elpais.com\/tag\/violaciones\/a\">estupro<\/a>\u00a0de Khaula, a menor de 16 anos, n\u00e3o foi consumado. O autor da agress\u00e3o, de 21 anos, foi condenado a 10 anos, depois de ser acusado pela promotoria de \u201cforma\u00e7\u00e3o de quadrilha, atentado violento ao pudor de uma menor, chantagem e cal\u00fania\u201d. Para o homem que filmou a cena com seu celular a pena foi de oito anos por \u201ccumplicidade\u201d na agress\u00e3o. Outro indiv\u00edduo presente durante o fato ter\u00e1 de cumprir dois anos de pris\u00e3o por n\u00e3o denunciar o crime.<\/span><\/div>\n<\/div>\n<p><span style=\"font-size: 14pt; color: #000000;\">Os agressores amea\u00e7aram compartilhar o v\u00eddeo no Facebook se Khaula n\u00e3o se submetesse \u00e0s suas vontades. Em Marrocos, a humilha\u00e7\u00e3o diante de uma agress\u00e3o sexual se estende n\u00e3o s\u00f3 \u00e0 v\u00edtima, mas tamb\u00e9m \u00e0 sua fam\u00edlia, que \u00e0s vezes precisa mudar de domic\u00edlio. Mustafa, seu pai, declarou \u00e0 imprensa local em mar\u00e7o: \u201cDesde que ela sabe que o v\u00eddeo est\u00e1 na Internet se encontra ainda pior. N\u00e3o para de chorar, n\u00e3o come, n\u00e3o dorme\u2026\u201d.<\/span><\/p>\n<p><span style=\"font-size: 14pt; color: #000000;\">F\u00e1tima, a m\u00e3e de Khaula, reconheceu nesta quinta-feira ao site Lesiteinfo que jamais teria imaginado uma senten\u00e7a semelhante. \u201cA decis\u00e3o da Justi\u00e7a \u00e9 l\u00f3gica, embora a pena seja dura\u201d, afirmou. Khaula declarou ao mesmo ve\u00edculo que eles merecem essa condena\u00e7\u00e3o. \u201cDesperdi\u00e7aram suas vidas por nada.\u201d<\/span><\/p>\n<p><span style=\"font-size: 14pt; color: #000000;\">Omar Arbib, diretor em Marrakesh da Associa\u00e7\u00e3o Marroquina de Direitos humanos (AMDH), acompanhou o julgamento muito de perto. \u201cEstamos satisfeitos se o compararmos com outros julgamentos de agress\u00f5es sexuais em que as penas s\u00e3o muito mais baixas. Desta vez se fez justi\u00e7a\u201d, afirmou por telefone a este jornal. \u201cA pol\u00edcia e as autoridades judiciais fizeram seu trabalho. Mas n\u00e3o sabemos se a gravidade das penas responde a um caso isolado ou se isto representa uma mudan\u00e7a de mentalidade dos ju\u00edzes. Espero que haja mais conscientiza\u00e7\u00e3o sobre as agress\u00f5es sexuais.\u201d<\/span><\/p>\n<p><span style=\"font-size: 14pt; color: #000000;\">Arbib lamentou que a justi\u00e7a para os agressores n\u00e3o tenha sido acompanhada pela assist\u00eancia social a Khaula, a menor de 16 anos agredida. \u201cEla recebeu s\u00f3 duas sess\u00f5es de tratamento psicol\u00f3gico, quando o normal \u00e9 que receba assist\u00eancia durante dois anos. Por causa da agress\u00e3o e da repercuss\u00e3o midi\u00e1tica ela est\u00e1 passando muito mal.\u201d<\/span><\/p>\n<p><span style=\"font-size: 14pt; color: #000000;\">O c\u00f3digo penal marroquino prev\u00ea em seu artigo 485 penas de cinco a dez anos de pris\u00e3o por qualquer atentado ao pudor praticado com viol\u00eancia, seja consumado ou em grau de tentativa. Quando a v\u00edtima \u00e9 menor de idade ou deficiente f\u00edsico ou mental, a reclus\u00e3o pode chegar a 20 anos. \u201cAgrediram a garota em plena rua\u201d, observa Omar Arbib. \u201cDespiram-na e n\u00e3o se completou o estupro porque naquele momento algu\u00e9m passava pela rua. Os fatos s\u00e3o muito graves.\u201d O ativista de direitos humanos comentou que n\u00e3o foi a primeira vez que o agressor tentava estupr\u00e1-la. \u201cEla declarou que j\u00e1 tinha tentado v\u00e1rias vezes na sa\u00edda do col\u00e9gio.\u201d<\/span><\/p>\n<p><span style=\"font-size: 14pt; color: #000000;\">J\u00e1 Saida Idrisi, presidenta da Associa\u00e7\u00e3o Democr\u00e1tica de Mulheres de Marrocos, manifestou ao site Huffpostmaghreb sua inconformidade com a senten\u00e7a. \u201cAs penas n\u00e3o s\u00e3o suficientemente severas para a\u00e7\u00f5es t\u00e3o graves. O principal acusado teria merecido 15 anos em qualquer outro pa\u00eds\u201d. Quanto \u00e0 v\u00edtima, Idrisi observa: \u201cEstas imagens dela circularam por todos os sites e ter\u00e3o um impacto sobre ela, sobre sua escolaridade e mais tarde sobre seu futuro. Em nenhum momento se fala de repara\u00e7\u00e3o \u00e0 v\u00edtima\u201d.<\/span><\/p>\n<p><span style=\"font-size: 14pt; color: #000000;\">Nos \u00faltimos anos houve em Marrocos\u00a0v\u00e1rios casos de enorme repercuss\u00e3o\u00a0que est\u00e3o alterando a maneira como a sociedade encara as agress\u00f5es sexuais. No final de 2015, Khadiya Essouid, uma menor de 17 anos, foi atacada por oito homens em um pequeno povoado ao norte de Marrakesh. Estupraram-na e gravaram a cena em v\u00eddeo. Ela os denunciou, mas eles sa\u00edram em liberdade condicional. Amea\u00e7aram divulgar o v\u00eddeo se ela n\u00e3o retirasse a den\u00fancia definitivamente. Seis meses depois, em 29 de julho, Khadiya atou fogo a si mesma em plena rua. Morreu dois dias depois. A aut\u00f3psia revelou que estava gr\u00e1vida.<\/span><\/p>\n<p><span style=\"font-size: 14pt; color: #000000;\">Em agosto passado, outro v\u00eddeo comoveu a sociedade marroquina. Em apenas 50 segundos se via como v\u00e1rios jovens atacavam em pleno dia, dentro de um \u00f4nibus,\u00a0uma jovem deficiente, sem que ningu\u00e9m interviesse.\u00a0A difus\u00e3o desses crimes nas redes sociais est\u00e1 provocando um despertar em Marrocos contra o ass\u00e9dio \u00e0s mulheres.<\/span><\/p>\n<p><span style=\"font-family: georgia, palatino, serif; font-size: 18pt; color: #000000;\">A mat\u00e9ria original <span style=\"color: #0000ff;\"><a style=\"color: #0000ff;\" href=\"https:\/\/brasil.elpais.com\/brasil\/2018\/05\/11\/internacional\/1526055059_812768.html\"><em><strong>est\u00e1 aqui<\/strong><\/em><\/a><\/span>.<\/span><img data-recalc-dims=\"1\" fetchpriority=\"high\" decoding=\"async\" data-attachment-id=\"12847\" data-permalink=\"https:\/\/gersonguelmann.com.br\/blog\/no-marrocos-uma-licao-para-agressor-sexual\/web_photo_morocco_sexual_assault_protest_27032018\/\" data-orig-file=\"https:\/\/i0.wp.com\/gersonguelmann.com.br\/blog\/wp-content\/uploads\/2018\/05\/WEB_PHOTO_MOROCCO_SEXUAL_ASSAULT_PROTEST_27032018.jpg?fit=600%2C383&amp;ssl=1\" data-orig-size=\"600,383\" data-comments-opened=\"1\" data-image-meta=\"{&quot;aperture&quot;:&quot;0&quot;,&quot;credit&quot;:&quot;&quot;,&quot;camera&quot;:&quot;&quot;,&quot;caption&quot;:&quot;&quot;,&quot;created_timestamp&quot;:&quot;0&quot;,&quot;copyright&quot;:&quot;&quot;,&quot;focal_length&quot;:&quot;0&quot;,&quot;iso&quot;:&quot;0&quot;,&quot;shutter_speed&quot;:&quot;0&quot;,&quot;title&quot;:&quot;&quot;,&quot;orientation&quot;:&quot;0&quot;}\" data-image-title=\"WEB_PHOTO_MOROCCO_SEXUAL_ASSAULT_PROTEST_27032018\" data-image-description=\"\" data-image-caption=\"\" data-medium-file=\"https:\/\/i0.wp.com\/gersonguelmann.com.br\/blog\/wp-content\/uploads\/2018\/05\/WEB_PHOTO_MOROCCO_SEXUAL_ASSAULT_PROTEST_27032018.jpg?fit=300%2C192&amp;ssl=1\" data-large-file=\"https:\/\/i0.wp.com\/gersonguelmann.com.br\/blog\/wp-content\/uploads\/2018\/05\/WEB_PHOTO_MOROCCO_SEXUAL_ASSAULT_PROTEST_27032018.jpg?fit=600%2C383&amp;ssl=1\" class=\"size-medium wp-image-12847 aligncenter\" src=\"https:\/\/i0.wp.com\/gersonguelmann.com.br\/blog\/wp-content\/uploads\/2018\/05\/WEB_PHOTO_MOROCCO_SEXUAL_ASSAULT_PROTEST_27032018.jpg?resize=300%2C192&#038;ssl=1\" alt=\"\" width=\"300\" height=\"192\" srcset=\"https:\/\/i0.wp.com\/gersonguelmann.com.br\/blog\/wp-content\/uploads\/2018\/05\/WEB_PHOTO_MOROCCO_SEXUAL_ASSAULT_PROTEST_27032018.jpg?resize=300%2C192&amp;ssl=1 300w, https:\/\/i0.wp.com\/gersonguelmann.com.br\/blog\/wp-content\/uploads\/2018\/05\/WEB_PHOTO_MOROCCO_SEXUAL_ASSAULT_PROTEST_27032018.jpg?w=600&amp;ssl=1 600w\" sizes=\"(max-width: 300px) 100vw, 300px\" \/><\/p>\n<\/div>\n<\/div>\n<\/header>\n<\/div>\n<\/article>\n<\/div>\n","protected":false},"excerpt":{"rendered":"<p>Do El Pa\u00eds, em edi\u00e7\u00e3o j\u00e1 do dia 12: INTERNACIONAL Castigo exemplar em Marrocos para uma agress\u00e3o sexual gravada Tentativa de estupro de uma menor que suplicava \u201cvoc\u00ea n\u00e3o tem cora\u00e7\u00e3o, n\u00e3o tem irm\u00e3?\u201d leva a penas de 10 e 8 anos de pris\u00e3o para os autores FRANCISCO PEREGIL Rabat\u00a012 MAI 2018 &#8211; 02:42 CEST [&hellip;]<\/p>\n","protected":false},"author":5,"featured_media":12846,"comment_status":"open","ping_status":"open","sticky":false,"template":"","format":"standard","meta":{"_acf_changed":false,"jetpack_post_was_ever_published":false,"_jetpack_newsletter_access":"","_jetpack_dont_email_post_to_subs":false,"_jetpack_newsletter_tier_id":0,"_jetpack_memberships_contains_paywalled_content":false,"_jetpack_memberships_contains_paid_content":false,"footnotes":"","jetpack_publicize_message":"","jetpack_publicize_feature_enabled":true,"jetpack_social_post_already_shared":true,"jetpack_social_options":{"image_generator_settings":{"template":"highway","default_image_id":0,"font":"","enabled":false},"version":2}},"categories":[1],"tags":[],"class_list":["post-12845","post","type-post","status-publish","format-standard","has-post-thumbnail","hentry","category-sem-categoria"],"acf":[],"yoast_head":"<!-- This site is optimized with the Yoast SEO plugin v27.3 - https:\/\/yoast.com\/product\/yoast-seo-wordpress\/ -->\n<title>No Marrocos, Uma Li\u00e7\u00e3o Para Agressor Sexual | Blog do Guelmann<\/title>\n<meta name=\"robots\" content=\"index, follow, max-snippet:-1, max-image-preview:large, max-video-preview:-1\" \/>\n<link rel=\"canonical\" href=\"https:\/\/gersonguelmann.com.br\/blog\/no-marrocos-uma-licao-para-agressor-sexual\/\" \/>\n<meta property=\"og:locale\" content=\"pt_BR\" \/>\n<meta property=\"og:type\" content=\"article\" \/>\n<meta property=\"og:title\" content=\"No Marrocos, Uma Li\u00e7\u00e3o Para Agressor Sexual | Blog do Guelmann\" \/>\n<meta property=\"og:description\" content=\"Do El Pa\u00eds, em edi\u00e7\u00e3o j\u00e1 do dia 12: INTERNACIONAL Castigo exemplar em Marrocos para uma agress\u00e3o sexual gravada Tentativa de estupro de uma menor que suplicava \u201cvoc\u00ea n\u00e3o tem cora\u00e7\u00e3o, n\u00e3o tem irm\u00e3?\u201d leva a penas de 10 e 8 anos de pris\u00e3o para os autores FRANCISCO PEREGIL Rabat\u00a012 MAI 2018 &#8211; 02:42 CEST [&hellip;]\" \/>\n<meta property=\"og:url\" content=\"https:\/\/gersonguelmann.com.br\/blog\/no-marrocos-uma-licao-para-agressor-sexual\/\" \/>\n<meta property=\"og:site_name\" content=\"Blog do Guelmann\" \/>\n<meta property=\"article:published_time\" content=\"2018-05-12T02:18:48+00:00\" \/>\n<meta property=\"article:modified_time\" content=\"2018-05-12T02:20:08+00:00\" \/>\n<meta property=\"og:image\" content=\"https:\/\/i0.wp.com\/gersonguelmann.com.br\/blog\/wp-content\/uploads\/2018\/05\/1522244657_943618_1522248245_noticia_normal_recorte1.jpg?fit=1960%2C977&ssl=1\" \/>\n\t<meta property=\"og:image:width\" content=\"1960\" \/>\n\t<meta property=\"og:image:height\" content=\"977\" \/>\n\t<meta property=\"og:image:type\" content=\"image\/jpeg\" \/>\n<meta name=\"author\" content=\"Gerson Guelmann\" \/>\n<meta name=\"twitter:card\" content=\"summary_large_image\" \/>\n<meta name=\"twitter:label1\" content=\"Escrito por\" \/>\n\t<meta name=\"twitter:data1\" content=\"Gerson Guelmann\" \/>\n\t<meta name=\"twitter:label2\" content=\"Est. tempo de leitura\" \/>\n\t<meta name=\"twitter:data2\" content=\"5 minutos\" \/>\n<script type=\"application\/ld+json\" class=\"yoast-schema-graph\">{\"@context\":\"https:\\\/\\\/schema.org\",\"@graph\":[{\"@type\":\"Article\",\"@id\":\"https:\\\/\\\/gersonguelmann.com.br\\\/blog\\\/no-marrocos-uma-licao-para-agressor-sexual\\\/#article\",\"isPartOf\":{\"@id\":\"https:\\\/\\\/gersonguelmann.com.br\\\/blog\\\/no-marrocos-uma-licao-para-agressor-sexual\\\/\"},\"author\":{\"name\":\"Gerson Guelmann\",\"@id\":\"https:\\\/\\\/gersonguelmann.com.br\\\/blog\\\/#\\\/schema\\\/person\\\/87e70e2a786888082f941a482c90569e\"},\"headline\":\"No Marrocos, Uma Li\u00e7\u00e3o Para Agressor Sexual\",\"datePublished\":\"2018-05-12T02:18:48+00:00\",\"dateModified\":\"2018-05-12T02:20:08+00:00\",\"mainEntityOfPage\":{\"@id\":\"https:\\\/\\\/gersonguelmann.com.br\\\/blog\\\/no-marrocos-uma-licao-para-agressor-sexual\\\/\"},\"wordCount\":995,\"commentCount\":0,\"image\":{\"@id\":\"https:\\\/\\\/gersonguelmann.com.br\\\/blog\\\/no-marrocos-uma-licao-para-agressor-sexual\\\/#primaryimage\"},\"thumbnailUrl\":\"https:\\\/\\\/i0.wp.com\\\/gersonguelmann.com.br\\\/blog\\\/wp-content\\\/uploads\\\/2018\\\/05\\\/1522244657_943618_1522248245_noticia_normal_recorte1.jpg?fit=1960%2C977&ssl=1\",\"inLanguage\":\"pt-BR\",\"potentialAction\":[{\"@type\":\"CommentAction\",\"name\":\"Comment\",\"target\":[\"https:\\\/\\\/gersonguelmann.com.br\\\/blog\\\/no-marrocos-uma-licao-para-agressor-sexual\\\/#respond\"]}]},{\"@type\":\"WebPage\",\"@id\":\"https:\\\/\\\/gersonguelmann.com.br\\\/blog\\\/no-marrocos-uma-licao-para-agressor-sexual\\\/\",\"url\":\"https:\\\/\\\/gersonguelmann.com.br\\\/blog\\\/no-marrocos-uma-licao-para-agressor-sexual\\\/\",\"name\":\"No Marrocos, Uma Li\u00e7\u00e3o Para Agressor Sexual | Blog do Guelmann\",\"isPartOf\":{\"@id\":\"https:\\\/\\\/gersonguelmann.com.br\\\/blog\\\/#website\"},\"primaryImageOfPage\":{\"@id\":\"https:\\\/\\\/gersonguelmann.com.br\\\/blog\\\/no-marrocos-uma-licao-para-agressor-sexual\\\/#primaryimage\"},\"image\":{\"@id\":\"https:\\\/\\\/gersonguelmann.com.br\\\/blog\\\/no-marrocos-uma-licao-para-agressor-sexual\\\/#primaryimage\"},\"thumbnailUrl\":\"https:\\\/\\\/i0.wp.com\\\/gersonguelmann.com.br\\\/blog\\\/wp-content\\\/uploads\\\/2018\\\/05\\\/1522244657_943618_1522248245_noticia_normal_recorte1.jpg?fit=1960%2C977&ssl=1\",\"datePublished\":\"2018-05-12T02:18:48+00:00\",\"dateModified\":\"2018-05-12T02:20:08+00:00\",\"author\":{\"@id\":\"https:\\\/\\\/gersonguelmann.com.br\\\/blog\\\/#\\\/schema\\\/person\\\/87e70e2a786888082f941a482c90569e\"},\"inLanguage\":\"pt-BR\",\"potentialAction\":[{\"@type\":\"ReadAction\",\"target\":[\"https:\\\/\\\/gersonguelmann.com.br\\\/blog\\\/no-marrocos-uma-licao-para-agressor-sexual\\\/\"]}]},{\"@type\":\"ImageObject\",\"inLanguage\":\"pt-BR\",\"@id\":\"https:\\\/\\\/gersonguelmann.com.br\\\/blog\\\/no-marrocos-uma-licao-para-agressor-sexual\\\/#primaryimage\",\"url\":\"https:\\\/\\\/i0.wp.com\\\/gersonguelmann.com.br\\\/blog\\\/wp-content\\\/uploads\\\/2018\\\/05\\\/1522244657_943618_1522248245_noticia_normal_recorte1.jpg?fit=1960%2C977&ssl=1\",\"contentUrl\":\"https:\\\/\\\/i0.wp.com\\\/gersonguelmann.com.br\\\/blog\\\/wp-content\\\/uploads\\\/2018\\\/05\\\/1522244657_943618_1522248245_noticia_normal_recorte1.jpg?fit=1960%2C977&ssl=1\",\"width\":1960,\"height\":977},{\"@type\":\"WebSite\",\"@id\":\"https:\\\/\\\/gersonguelmann.com.br\\\/blog\\\/#website\",\"url\":\"https:\\\/\\\/gersonguelmann.com.br\\\/blog\\\/\",\"name\":\"Blog do Guelmann\",\"description\":\"Pitadas da sabedoria e do humor judaicos, assuntos do momento e um pouco das hist\u00f3rias que vivi e testemunhei.\",\"potentialAction\":[{\"@type\":\"SearchAction\",\"target\":{\"@type\":\"EntryPoint\",\"urlTemplate\":\"https:\\\/\\\/gersonguelmann.com.br\\\/blog\\\/?s={search_term_string}\"},\"query-input\":{\"@type\":\"PropertyValueSpecification\",\"valueRequired\":true,\"valueName\":\"search_term_string\"}}],\"inLanguage\":\"pt-BR\"},{\"@type\":\"Person\",\"@id\":\"https:\\\/\\\/gersonguelmann.com.br\\\/blog\\\/#\\\/schema\\\/person\\\/87e70e2a786888082f941a482c90569e\",\"name\":\"Gerson Guelmann\",\"image\":{\"@type\":\"ImageObject\",\"inLanguage\":\"pt-BR\",\"@id\":\"https:\\\/\\\/i0.wp.com\\\/gersonguelmann.com.br\\\/blog\\\/wp-content\\\/uploads\\\/2021\\\/08\\\/BLOG.jpeg?fit=96%2C96&ssl=1\",\"url\":\"https:\\\/\\\/i0.wp.com\\\/gersonguelmann.com.br\\\/blog\\\/wp-content\\\/uploads\\\/2021\\\/08\\\/BLOG.jpeg?fit=96%2C96&ssl=1\",\"contentUrl\":\"https:\\\/\\\/i0.wp.com\\\/gersonguelmann.com.br\\\/blog\\\/wp-content\\\/uploads\\\/2021\\\/08\\\/BLOG.jpeg?fit=96%2C96&ssl=1\",\"caption\":\"Gerson Guelmann\"},\"description\":\"Pitadas da sabedoria e do humor judaicos, assuntos do momento e um pouco das hist\u00f3rias que vivi e testemunhei.\"}]}<\/script>\n<!-- \/ Yoast SEO plugin. -->","yoast_head_json":{"title":"No Marrocos, Uma Li\u00e7\u00e3o Para Agressor Sexual | Blog do Guelmann","robots":{"index":"index","follow":"follow","max-snippet":"max-snippet:-1","max-image-preview":"max-image-preview:large","max-video-preview":"max-video-preview:-1"},"canonical":"https:\/\/gersonguelmann.com.br\/blog\/no-marrocos-uma-licao-para-agressor-sexual\/","og_locale":"pt_BR","og_type":"article","og_title":"No Marrocos, Uma Li\u00e7\u00e3o Para Agressor Sexual | Blog do Guelmann","og_description":"Do El Pa\u00eds, em edi\u00e7\u00e3o j\u00e1 do dia 12: INTERNACIONAL Castigo exemplar em Marrocos para uma agress\u00e3o sexual gravada Tentativa de estupro de uma menor que suplicava \u201cvoc\u00ea n\u00e3o tem cora\u00e7\u00e3o, n\u00e3o tem irm\u00e3?\u201d leva a penas de 10 e 8 anos de pris\u00e3o para os autores FRANCISCO PEREGIL Rabat\u00a012 MAI 2018 &#8211; 02:42 CEST [&hellip;]","og_url":"https:\/\/gersonguelmann.com.br\/blog\/no-marrocos-uma-licao-para-agressor-sexual\/","og_site_name":"Blog do Guelmann","article_published_time":"2018-05-12T02:18:48+00:00","article_modified_time":"2018-05-12T02:20:08+00:00","og_image":[{"width":1960,"height":977,"url":"https:\/\/i0.wp.com\/gersonguelmann.com.br\/blog\/wp-content\/uploads\/2018\/05\/1522244657_943618_1522248245_noticia_normal_recorte1.jpg?fit=1960%2C977&ssl=1","type":"image\/jpeg"}],"author":"Gerson Guelmann","twitter_card":"summary_large_image","twitter_misc":{"Escrito por":"Gerson Guelmann","Est. tempo de leitura":"5 minutos"},"schema":{"@context":"https:\/\/schema.org","@graph":[{"@type":"Article","@id":"https:\/\/gersonguelmann.com.br\/blog\/no-marrocos-uma-licao-para-agressor-sexual\/#article","isPartOf":{"@id":"https:\/\/gersonguelmann.com.br\/blog\/no-marrocos-uma-licao-para-agressor-sexual\/"},"author":{"name":"Gerson Guelmann","@id":"https:\/\/gersonguelmann.com.br\/blog\/#\/schema\/person\/87e70e2a786888082f941a482c90569e"},"headline":"No Marrocos, Uma Li\u00e7\u00e3o Para Agressor Sexual","datePublished":"2018-05-12T02:18:48+00:00","dateModified":"2018-05-12T02:20:08+00:00","mainEntityOfPage":{"@id":"https:\/\/gersonguelmann.com.br\/blog\/no-marrocos-uma-licao-para-agressor-sexual\/"},"wordCount":995,"commentCount":0,"image":{"@id":"https:\/\/gersonguelmann.com.br\/blog\/no-marrocos-uma-licao-para-agressor-sexual\/#primaryimage"},"thumbnailUrl":"https:\/\/i0.wp.com\/gersonguelmann.com.br\/blog\/wp-content\/uploads\/2018\/05\/1522244657_943618_1522248245_noticia_normal_recorte1.jpg?fit=1960%2C977&ssl=1","inLanguage":"pt-BR","potentialAction":[{"@type":"CommentAction","name":"Comment","target":["https:\/\/gersonguelmann.com.br\/blog\/no-marrocos-uma-licao-para-agressor-sexual\/#respond"]}]},{"@type":"WebPage","@id":"https:\/\/gersonguelmann.com.br\/blog\/no-marrocos-uma-licao-para-agressor-sexual\/","url":"https:\/\/gersonguelmann.com.br\/blog\/no-marrocos-uma-licao-para-agressor-sexual\/","name":"No Marrocos, Uma Li\u00e7\u00e3o Para Agressor Sexual | Blog do Guelmann","isPartOf":{"@id":"https:\/\/gersonguelmann.com.br\/blog\/#website"},"primaryImageOfPage":{"@id":"https:\/\/gersonguelmann.com.br\/blog\/no-marrocos-uma-licao-para-agressor-sexual\/#primaryimage"},"image":{"@id":"https:\/\/gersonguelmann.com.br\/blog\/no-marrocos-uma-licao-para-agressor-sexual\/#primaryimage"},"thumbnailUrl":"https:\/\/i0.wp.com\/gersonguelmann.com.br\/blog\/wp-content\/uploads\/2018\/05\/1522244657_943618_1522248245_noticia_normal_recorte1.jpg?fit=1960%2C977&ssl=1","datePublished":"2018-05-12T02:18:48+00:00","dateModified":"2018-05-12T02:20:08+00:00","author":{"@id":"https:\/\/gersonguelmann.com.br\/blog\/#\/schema\/person\/87e70e2a786888082f941a482c90569e"},"inLanguage":"pt-BR","potentialAction":[{"@type":"ReadAction","target":["https:\/\/gersonguelmann.com.br\/blog\/no-marrocos-uma-licao-para-agressor-sexual\/"]}]},{"@type":"ImageObject","inLanguage":"pt-BR","@id":"https:\/\/gersonguelmann.com.br\/blog\/no-marrocos-uma-licao-para-agressor-sexual\/#primaryimage","url":"https:\/\/i0.wp.com\/gersonguelmann.com.br\/blog\/wp-content\/uploads\/2018\/05\/1522244657_943618_1522248245_noticia_normal_recorte1.jpg?fit=1960%2C977&ssl=1","contentUrl":"https:\/\/i0.wp.com\/gersonguelmann.com.br\/blog\/wp-content\/uploads\/2018\/05\/1522244657_943618_1522248245_noticia_normal_recorte1.jpg?fit=1960%2C977&ssl=1","width":1960,"height":977},{"@type":"WebSite","@id":"https:\/\/gersonguelmann.com.br\/blog\/#website","url":"https:\/\/gersonguelmann.com.br\/blog\/","name":"Blog do Guelmann","description":"Pitadas da sabedoria e do humor judaicos, assuntos do momento e um pouco das hist\u00f3rias que vivi e testemunhei.","potentialAction":[{"@type":"SearchAction","target":{"@type":"EntryPoint","urlTemplate":"https:\/\/gersonguelmann.com.br\/blog\/?s={search_term_string}"},"query-input":{"@type":"PropertyValueSpecification","valueRequired":true,"valueName":"search_term_string"}}],"inLanguage":"pt-BR"},{"@type":"Person","@id":"https:\/\/gersonguelmann.com.br\/blog\/#\/schema\/person\/87e70e2a786888082f941a482c90569e","name":"Gerson Guelmann","image":{"@type":"ImageObject","inLanguage":"pt-BR","@id":"https:\/\/i0.wp.com\/gersonguelmann.com.br\/blog\/wp-content\/uploads\/2021\/08\/BLOG.jpeg?fit=96%2C96&ssl=1","url":"https:\/\/i0.wp.com\/gersonguelmann.com.br\/blog\/wp-content\/uploads\/2021\/08\/BLOG.jpeg?fit=96%2C96&ssl=1","contentUrl":"https:\/\/i0.wp.com\/gersonguelmann.com.br\/blog\/wp-content\/uploads\/2021\/08\/BLOG.jpeg?fit=96%2C96&ssl=1","caption":"Gerson Guelmann"},"description":"Pitadas da sabedoria e do humor judaicos, assuntos do momento e um pouco das hist\u00f3rias que vivi e testemunhei."}]}},"views":51,"jetpack_publicize_connections":[],"jetpack_featured_media_url":"https:\/\/i0.wp.com\/gersonguelmann.com.br\/blog\/wp-content\/uploads\/2018\/05\/1522244657_943618_1522248245_noticia_normal_recorte1.jpg?fit=1960%2C977&ssl=1","jetpack_shortlink":"https:\/\/wp.me\/p96e7O-3lb","jetpack-related-posts":[{"id":14217,"url":"https:\/\/gersonguelmann.com.br\/blog\/israelenses-atacados-na-praca-vermelha-em-moscou\/","url_meta":{"origin":12845,"position":0},"title":"Israelenses Atacados na Pra\u00e7a Vermelha, em Moscou","author":"Gerson Guelmann","date":"22 de junho de 2018","format":false,"excerpt":"Depois dos incidentes registrados durante o jogo Portugal X Marrocos, quando israelenses foram hostilizados por torcedores de outros pa\u00edses que tentaram roubar a bandeira que carregavam, novos fatos lament\u00e1veis foram registrados durante a Copa do Mundo. Na 4\u00aa feira um tunisiano publicou o v\u00eddeo do ataque que ele, juntamente com\u2026","rel":"","context":"Em &quot;Sem categoria&quot;","block_context":{"text":"Sem categoria","link":"https:\/\/gersonguelmann.com.br\/blog\/category\/sem-categoria\/"},"img":{"alt_text":"","src":"https:\/\/i0.wp.com\/gersonguelmann.com.br\/blog\/wp-content\/uploads\/2018\/06\/Israel.jpg?fit=640%2C400&ssl=1&resize=350%2C200","width":350,"height":200,"srcset":"https:\/\/i0.wp.com\/gersonguelmann.com.br\/blog\/wp-content\/uploads\/2018\/06\/Israel.jpg?fit=640%2C400&ssl=1&resize=350%2C200 1x, https:\/\/i0.wp.com\/gersonguelmann.com.br\/blog\/wp-content\/uploads\/2018\/06\/Israel.jpg?fit=640%2C400&ssl=1&resize=525%2C300 1.5x"},"classes":[]},{"id":14862,"url":"https:\/\/gersonguelmann.com.br\/blog\/a-copa-do-mundo-de-2026-e-o-papelao-do-brasil\/","url_meta":{"origin":12845,"position":1},"title":"A Copa do Mundo de 2026 e o Papel\u00e3o do Brasil","author":"Gerson Guelmann","date":"25 de outubro de 2018","format":false,"excerpt":"Recebi o texto abaixo h\u00e1 algum tempo e acho que merece ser compartilhado por fazer refer\u00eancia um aspecto que diz respeito \u00e0 nossa forma\u00e7\u00e3o e identidade como povo e na\u00e7\u00e3o. \u00c9 de autoria de um redator publicit\u00e1rio chamado \u00cdcaro de Carvalho, que o publicou em sua p\u00e1gina do Facebook em\u2026","rel":"","context":"Em &quot;Sem categoria&quot;","block_context":{"text":"Sem categoria","link":"https:\/\/gersonguelmann.com.br\/blog\/category\/sem-categoria\/"},"img":{"alt_text":"","src":"https:\/\/i0.wp.com\/gersonguelmann.com.br\/blog\/wp-content\/uploads\/2018\/10\/FIFA.jpg?fit=1200%2C675&ssl=1&resize=350%2C200","width":350,"height":200,"srcset":"https:\/\/i0.wp.com\/gersonguelmann.com.br\/blog\/wp-content\/uploads\/2018\/10\/FIFA.jpg?fit=1200%2C675&ssl=1&resize=350%2C200 1x, https:\/\/i0.wp.com\/gersonguelmann.com.br\/blog\/wp-content\/uploads\/2018\/10\/FIFA.jpg?fit=1200%2C675&ssl=1&resize=525%2C300 1.5x, https:\/\/i0.wp.com\/gersonguelmann.com.br\/blog\/wp-content\/uploads\/2018\/10\/FIFA.jpg?fit=1200%2C675&ssl=1&resize=700%2C400 2x, https:\/\/i0.wp.com\/gersonguelmann.com.br\/blog\/wp-content\/uploads\/2018\/10\/FIFA.jpg?fit=1200%2C675&ssl=1&resize=1050%2C600 3x"},"classes":[]},{"id":8631,"url":"https:\/\/gersonguelmann.com.br\/blog\/em-manaus-o-rabino-santificado-pelos-catolicos\/","url_meta":{"origin":12845,"position":2},"title":"Em Manaus, o Rabino Santificado Pelos Cat\u00f3licos","author":"Gerson Guelmann","date":"16 de fevereiro de 2018","format":false,"excerpt":"H\u00e1 muito tempo li sobre o Rabino\u00a0Shalom Emanuel Muyal z\u00b4l de Manaus, e resolvi compartilhar com meus leitores essa interessant\u00edssima hist\u00f3ria de sincretismo. O Rabi desembarcou em Manaus no in\u00edcio do s\u00e9culo passado, designado pelo\u00a0Rabino Refael Enc\u00e1ua, l\u00edder religioso da comunidade judaica do Marrocos, para fiscalizar a obedi\u00eancia dos princ\u00edpios\u2026","rel":"","context":"Em &quot;Sem categoria&quot;","block_context":{"text":"Sem categoria","link":"https:\/\/gersonguelmann.com.br\/blog\/category\/sem-categoria\/"},"img":{"alt_text":"","src":"https:\/\/i0.wp.com\/gersonguelmann.com.br\/blog\/wp-content\/uploads\/2018\/02\/Manaus.jpeg?fit=970%2C600&ssl=1&resize=350%2C200","width":350,"height":200,"srcset":"https:\/\/i0.wp.com\/gersonguelmann.com.br\/blog\/wp-content\/uploads\/2018\/02\/Manaus.jpeg?fit=970%2C600&ssl=1&resize=350%2C200 1x, https:\/\/i0.wp.com\/gersonguelmann.com.br\/blog\/wp-content\/uploads\/2018\/02\/Manaus.jpeg?fit=970%2C600&ssl=1&resize=525%2C300 1.5x, https:\/\/i0.wp.com\/gersonguelmann.com.br\/blog\/wp-content\/uploads\/2018\/02\/Manaus.jpeg?fit=970%2C600&ssl=1&resize=700%2C400 2x"},"classes":[]},{"id":14486,"url":"https:\/\/gersonguelmann.com.br\/blog\/bebe-de-brasilia-faz-sucesso-homenageando-selecoes-da-copa\/","url_meta":{"origin":12845,"position":3},"title":"Beb\u00ea de Brasilia Faz Sucesso Homenageando Sele\u00e7\u00f5es da Copa","author":"Gerson Guelmann","date":"4 de julho de 2018","format":false,"excerpt":"O site Metr\u00f3poles publicou h\u00e1 pouco uma mat\u00e9ria muito bacana, sobre um beb\u00ea que est\u00e1 fazendo sucesso nas redes por homenagear as sele\u00e7\u00f5es que est\u00e3o disputando a Copa do Mundo: Beb\u00ea brasiliense faz sucesso nas redes homenageando sele\u00e7\u00f5es da Copa O pequeno Theo, de apenas seis meses, vem conquistando o\u2026","rel":"","context":"Em &quot;Sem categoria&quot;","block_context":{"text":"Sem categoria","link":"https:\/\/gersonguelmann.com.br\/blog\/category\/sem-categoria\/"},"img":{"alt_text":"","src":"https:\/\/i0.wp.com\/gersonguelmann.com.br\/blog\/wp-content\/uploads\/2018\/07\/1.jpeg?fit=840%2C560&ssl=1&resize=350%2C200","width":350,"height":200,"srcset":"https:\/\/i0.wp.com\/gersonguelmann.com.br\/blog\/wp-content\/uploads\/2018\/07\/1.jpeg?fit=840%2C560&ssl=1&resize=350%2C200 1x, https:\/\/i0.wp.com\/gersonguelmann.com.br\/blog\/wp-content\/uploads\/2018\/07\/1.jpeg?fit=840%2C560&ssl=1&resize=525%2C300 1.5x, https:\/\/i0.wp.com\/gersonguelmann.com.br\/blog\/wp-content\/uploads\/2018\/07\/1.jpeg?fit=840%2C560&ssl=1&resize=700%2C400 2x"},"classes":[]},{"id":23031,"url":"https:\/\/gersonguelmann.com.br\/blog\/perolas-do-humor-judaico\/","url_meta":{"origin":12845,"position":4},"title":"P\u00e9rolas do Humor Judaico","author":"Gerson Guelmann","date":"8 de fevereiro de 2023","format":false,"excerpt":"Esc\u00e2ndalo na Fam\u00edlia (\u00b9) Um jovem judeu de Salonica (\u00b2) disse ao pai que precisava conversar sobre um assunto muito importante, coisa de homem para homem. Come\u00e7ou dizendo que queria casar com uma mo\u00e7a por quem estava apaixonado. Curioso, o pai perguntou quem ela era: - \"\u00c9 a Chochana Torres,\u2026","rel":"","context":"Em &quot;Sem categoria&quot;","block_context":{"text":"Sem categoria","link":"https:\/\/gersonguelmann.com.br\/blog\/category\/sem-categoria\/"},"img":{"alt_text":"","src":"https:\/\/i0.wp.com\/gersonguelmann.com.br\/blog\/wp-content\/uploads\/2023\/02\/HojePR.png?fit=950%2C1200&ssl=1&resize=350%2C200","width":350,"height":200,"srcset":"https:\/\/i0.wp.com\/gersonguelmann.com.br\/blog\/wp-content\/uploads\/2023\/02\/HojePR.png?fit=950%2C1200&ssl=1&resize=350%2C200 1x, https:\/\/i0.wp.com\/gersonguelmann.com.br\/blog\/wp-content\/uploads\/2023\/02\/HojePR.png?fit=950%2C1200&ssl=1&resize=525%2C300 1.5x, https:\/\/i0.wp.com\/gersonguelmann.com.br\/blog\/wp-content\/uploads\/2023\/02\/HojePR.png?fit=950%2C1200&ssl=1&resize=700%2C400 2x"},"classes":[]},{"id":21421,"url":"https:\/\/gersonguelmann.com.br\/blog\/o-diretor-da-pfizer-e-o-holocausto\/","url_meta":{"origin":12845,"position":5},"title":"O Diretor da Pfizer e o Holocausto","author":"Gerson Guelmann","date":"13 de fevereiro de 2021","format":false,"excerpt":"A palavra Pfizer certamente \u00e9 uma das mais mencionadas no mundo inteiro, desde o in\u00edcio da pandemia. A farmac\u00eautica existe desde 1849, tem sede nos Estados Unidos e j\u00e1 era uma corpora\u00e7\u00e3o de renome, mas depois do surto do Coronavirus passou a ter ainda mais destaque, com a cria\u00e7\u00e3o da\u2026","rel":"","context":"Em &quot;Sem categoria&quot;","block_context":{"text":"Sem categoria","link":"https:\/\/gersonguelmann.com.br\/blog\/category\/sem-categoria\/"},"img":{"alt_text":"","src":"https:\/\/i0.wp.com\/gersonguelmann.com.br\/blog\/wp-content\/uploads\/2021\/02\/AnyConv.com__PFIZER.jpg?fit=822%2C537&ssl=1&resize=350%2C200","width":350,"height":200,"srcset":"https:\/\/i0.wp.com\/gersonguelmann.com.br\/blog\/wp-content\/uploads\/2021\/02\/AnyConv.com__PFIZER.jpg?fit=822%2C537&ssl=1&resize=350%2C200 1x, https:\/\/i0.wp.com\/gersonguelmann.com.br\/blog\/wp-content\/uploads\/2021\/02\/AnyConv.com__PFIZER.jpg?fit=822%2C537&ssl=1&resize=525%2C300 1.5x, https:\/\/i0.wp.com\/gersonguelmann.com.br\/blog\/wp-content\/uploads\/2021\/02\/AnyConv.com__PFIZER.jpg?fit=822%2C537&ssl=1&resize=700%2C400 2x"},"classes":[]}],"jetpack_sharing_enabled":true,"post_mailing_queue_ids":[],"_links":{"self":[{"href":"https:\/\/gersonguelmann.com.br\/blog\/wp-json\/wp\/v2\/posts\/12845","targetHints":{"allow":["GET"]}}],"collection":[{"href":"https:\/\/gersonguelmann.com.br\/blog\/wp-json\/wp\/v2\/posts"}],"about":[{"href":"https:\/\/gersonguelmann.com.br\/blog\/wp-json\/wp\/v2\/types\/post"}],"author":[{"embeddable":true,"href":"https:\/\/gersonguelmann.com.br\/blog\/wp-json\/wp\/v2\/users\/5"}],"replies":[{"embeddable":true,"href":"https:\/\/gersonguelmann.com.br\/blog\/wp-json\/wp\/v2\/comments?post=12845"}],"version-history":[{"count":0,"href":"https:\/\/gersonguelmann.com.br\/blog\/wp-json\/wp\/v2\/posts\/12845\/revisions"}],"wp:featuredmedia":[{"embeddable":true,"href":"https:\/\/gersonguelmann.com.br\/blog\/wp-json\/wp\/v2\/media\/12846"}],"wp:attachment":[{"href":"https:\/\/gersonguelmann.com.br\/blog\/wp-json\/wp\/v2\/media?parent=12845"}],"wp:term":[{"taxonomy":"category","embeddable":true,"href":"https:\/\/gersonguelmann.com.br\/blog\/wp-json\/wp\/v2\/categories?post=12845"},{"taxonomy":"post_tag","embeddable":true,"href":"https:\/\/gersonguelmann.com.br\/blog\/wp-json\/wp\/v2\/tags?post=12845"}],"curies":[{"name":"wp","href":"https:\/\/api.w.org\/{rel}","templated":true}]}}