    {"id":12856,"date":"2018-05-12T13:01:24","date_gmt":"2018-05-12T16:01:24","guid":{"rendered":"https:\/\/gersonguelmann.com.br\/blog\/?p=12856"},"modified":"2018-05-12T13:01:53","modified_gmt":"2018-05-12T16:01:53","slug":"em-tempos-sombrios-em-israel-a-oracao-pelas-forcas-armadas","status":"publish","type":"post","link":"https:\/\/gersonguelmann.com.br\/blog\/em-tempos-sombrios-em-israel-a-oracao-pelas-forcas-armadas\/","title":{"rendered":"Em Tempos Sombrios em Israel, a Ora\u00e7\u00e3o Pelas For\u00e7as Armadas"},"content":{"rendered":"<p style=\"text-align: center;\"><img data-recalc-dims=\"1\" fetchpriority=\"high\" decoding=\"async\" data-attachment-id=\"12857\" data-permalink=\"https:\/\/gersonguelmann.com.br\/blog\/em-tempos-sombrios-em-israel-a-oracao-pelas-forcas-armadas\/idf1\/\" data-orig-file=\"https:\/\/i0.wp.com\/gersonguelmann.com.br\/blog\/wp-content\/uploads\/2018\/05\/IDF1.png?fit=232%2C217&amp;ssl=1\" data-orig-size=\"232,217\" data-comments-opened=\"1\" data-image-meta=\"{&quot;aperture&quot;:&quot;0&quot;,&quot;credit&quot;:&quot;&quot;,&quot;camera&quot;:&quot;&quot;,&quot;caption&quot;:&quot;&quot;,&quot;created_timestamp&quot;:&quot;0&quot;,&quot;copyright&quot;:&quot;&quot;,&quot;focal_length&quot;:&quot;0&quot;,&quot;iso&quot;:&quot;0&quot;,&quot;shutter_speed&quot;:&quot;0&quot;,&quot;title&quot;:&quot;&quot;,&quot;orientation&quot;:&quot;0&quot;}\" data-image-title=\"IDF1\" data-image-description=\"\" data-image-caption=\"\" data-medium-file=\"https:\/\/i0.wp.com\/gersonguelmann.com.br\/blog\/wp-content\/uploads\/2018\/05\/IDF1.png?fit=232%2C217&amp;ssl=1\" data-large-file=\"https:\/\/i0.wp.com\/gersonguelmann.com.br\/blog\/wp-content\/uploads\/2018\/05\/IDF1.png?fit=232%2C217&amp;ssl=1\" class=\"alignnone size-full wp-image-12857\" src=\"https:\/\/i0.wp.com\/gersonguelmann.com.br\/blog\/wp-content\/uploads\/2018\/05\/IDF1.png?resize=232%2C217&#038;ssl=1\" alt=\"\" width=\"232\" height=\"217\" \/><\/p>\n<p><span style=\"font-family: georgia, palatino, serif; font-size: 18pt;\">Bel\u00edssima ora\u00e7\u00e3o em ingl\u00eas,\u00a0 com legendas, bem f\u00e1cil de entender:<\/span><\/p>\n<h3><\/h3>\n<h3><span style=\"font-family: georgia, palatino, serif; font-size: 18pt;\"><strong><big>Prayer for Members of the Israel Defense Force<\/big><\/strong><\/span><\/h3>\n<p><em><span style=\"font-family: georgia, palatino, serif; font-size: 18pt;\">He Who blessed our forefathers Abraham, Isaac and Jacob &#8211; may He bless the fighters of the Israel Defense Force, who stand guard over our land and the cities of our God from the border of the Lebanon to the desert of Egypt, and from the Great Sea unto the approach of the Aravah, on the land, in the air, and on the sea.<\/span><\/em><\/p>\n<p><em><span style=\"font-family: georgia, palatino, serif; font-size: 18pt;\">May Hashem cause the enemies who rise up against us to be struck down before them. May the Holy One, Blessed is He, preserve and rescue our fighting men from every trouble and distress and from every plague and illness, and may He send blessing and success in their every endeavor.<\/span><\/em><\/p>\n<p><em><span style=\"font-family: georgia, palatino, serif; font-size: 18pt;\">May He lead our enemies under their sway and may He grant them salvation and crown them with victory. And may there be fulfilled for them the verse: For it is Hashem, your God, Who goes with you to battle your enemies for you to save you.<\/span><\/em><\/p>\n<p><span class=\"embed-youtube\" style=\"text-align:center; display: block;\"><iframe class=\"youtube-player\" width=\"640\" height=\"360\" src=\"https:\/\/www.youtube.com\/embed\/24bOclbE_eg?version=3&#038;rel=1&#038;showsearch=0&#038;showinfo=1&#038;iv_load_policy=1&#038;fs=1&#038;hl=pt-BR&#038;autohide=2&#038;wmode=transparent\" allowfullscreen=\"true\" style=\"border:0;\" sandbox=\"allow-scripts allow-same-origin allow-popups allow-presentation allow-popups-to-escape-sandbox\"><\/iframe><\/span><\/p>\n<p>&nbsp;<\/p>\n","protected":false},"excerpt":{"rendered":"<p>Bel\u00edssima ora\u00e7\u00e3o em ingl\u00eas,\u00a0 com legendas, bem f\u00e1cil de entender: Prayer for Members of the Israel Defense Force He Who blessed our forefathers Abraham, Isaac and Jacob &#8211; may He bless the fighters of the Israel Defense Force, who stand guard over our land and the cities of our God from the border of the [&hellip;]<\/p>\n","protected":false},"author":5,"featured_media":12857,"comment_status":"open","ping_status":"open","sticky":false,"template":"","format":"standard","meta":{"_acf_changed":false,"jetpack_post_was_ever_published":false,"_jetpack_newsletter_access":"","_jetpack_dont_email_post_to_subs":false,"_jetpack_newsletter_tier_id":0,"_jetpack_memberships_contains_paywalled_content":false,"_jetpack_memberships_contains_paid_content":false,"footnotes":"","jetpack_publicize_message":"","jetpack_publicize_feature_enabled":true,"jetpack_social_post_already_shared":true,"jetpack_social_options":{"image_generator_settings":{"template":"highway","default_image_id":0,"font":"","enabled":false},"version":2}},"categories":[1],"tags":[],"class_list":["post-12856","post","type-post","status-publish","format-standard","has-post-thumbnail","hentry","category-sem-categoria"],"acf":[],"yoast_head":"<!-- This site is optimized with the Yoast SEO plugin v27.3 - https:\/\/yoast.com\/product\/yoast-seo-wordpress\/ -->\n<title>Em Tempos Sombrios em Israel, a Ora\u00e7\u00e3o Pelas For\u00e7as Armadas | Blog do Guelmann<\/title>\n<meta name=\"robots\" content=\"index, follow, max-snippet:-1, max-image-preview:large, max-video-preview:-1\" \/>\n<link rel=\"canonical\" href=\"https:\/\/gersonguelmann.com.br\/blog\/em-tempos-sombrios-em-israel-a-oracao-pelas-forcas-armadas\/\" \/>\n<meta property=\"og:locale\" content=\"pt_BR\" \/>\n<meta property=\"og:type\" content=\"article\" \/>\n<meta property=\"og:title\" content=\"Em Tempos Sombrios em Israel, a Ora\u00e7\u00e3o Pelas For\u00e7as Armadas | Blog do Guelmann\" \/>\n<meta property=\"og:description\" content=\"Bel\u00edssima ora\u00e7\u00e3o em ingl\u00eas,\u00a0 com legendas, bem f\u00e1cil de entender: Prayer for Members of the Israel Defense Force He Who blessed our forefathers Abraham, Isaac and Jacob &#8211; may He bless the fighters of the Israel Defense Force, who stand guard over our land and the cities of our God from the border of the [&hellip;]\" \/>\n<meta property=\"og:url\" content=\"https:\/\/gersonguelmann.com.br\/blog\/em-tempos-sombrios-em-israel-a-oracao-pelas-forcas-armadas\/\" \/>\n<meta property=\"og:site_name\" content=\"Blog do Guelmann\" \/>\n<meta property=\"article:published_time\" content=\"2018-05-12T16:01:24+00:00\" \/>\n<meta property=\"article:modified_time\" content=\"2018-05-12T16:01:53+00:00\" \/>\n<meta property=\"og:image\" content=\"https:\/\/i0.wp.com\/gersonguelmann.com.br\/blog\/wp-content\/uploads\/2018\/05\/IDF1.png?fit=232%2C217&ssl=1\" \/>\n\t<meta property=\"og:image:width\" content=\"232\" \/>\n\t<meta property=\"og:image:height\" content=\"217\" \/>\n\t<meta property=\"og:image:type\" content=\"image\/png\" \/>\n<meta name=\"author\" content=\"Gerson Guelmann\" \/>\n<meta name=\"twitter:card\" content=\"summary_large_image\" \/>\n<meta name=\"twitter:label1\" content=\"Escrito por\" \/>\n\t<meta name=\"twitter:data1\" content=\"Gerson Guelmann\" \/>\n\t<meta name=\"twitter:label2\" content=\"Est. tempo de leitura\" \/>\n\t<meta name=\"twitter:data2\" content=\"1 minuto\" \/>\n<script type=\"application\/ld+json\" class=\"yoast-schema-graph\">{\"@context\":\"https:\\\/\\\/schema.org\",\"@graph\":[{\"@type\":\"Article\",\"@id\":\"https:\\\/\\\/gersonguelmann.com.br\\\/blog\\\/em-tempos-sombrios-em-israel-a-oracao-pelas-forcas-armadas\\\/#article\",\"isPartOf\":{\"@id\":\"https:\\\/\\\/gersonguelmann.com.br\\\/blog\\\/em-tempos-sombrios-em-israel-a-oracao-pelas-forcas-armadas\\\/\"},\"author\":{\"name\":\"Gerson Guelmann\",\"@id\":\"https:\\\/\\\/gersonguelmann.com.br\\\/blog\\\/#\\\/schema\\\/person\\\/87e70e2a786888082f941a482c90569e\"},\"headline\":\"Em Tempos Sombrios em Israel, a Ora\u00e7\u00e3o Pelas For\u00e7as Armadas\",\"datePublished\":\"2018-05-12T16:01:24+00:00\",\"dateModified\":\"2018-05-12T16:01:53+00:00\",\"mainEntityOfPage\":{\"@id\":\"https:\\\/\\\/gersonguelmann.com.br\\\/blog\\\/em-tempos-sombrios-em-israel-a-oracao-pelas-forcas-armadas\\\/\"},\"wordCount\":205,\"commentCount\":0,\"image\":{\"@id\":\"https:\\\/\\\/gersonguelmann.com.br\\\/blog\\\/em-tempos-sombrios-em-israel-a-oracao-pelas-forcas-armadas\\\/#primaryimage\"},\"thumbnailUrl\":\"https:\\\/\\\/i0.wp.com\\\/gersonguelmann.com.br\\\/blog\\\/wp-content\\\/uploads\\\/2018\\\/05\\\/IDF1.png?fit=232%2C217&ssl=1\",\"inLanguage\":\"pt-BR\",\"potentialAction\":[{\"@type\":\"CommentAction\",\"name\":\"Comment\",\"target\":[\"https:\\\/\\\/gersonguelmann.com.br\\\/blog\\\/em-tempos-sombrios-em-israel-a-oracao-pelas-forcas-armadas\\\/#respond\"]}]},{\"@type\":\"WebPage\",\"@id\":\"https:\\\/\\\/gersonguelmann.com.br\\\/blog\\\/em-tempos-sombrios-em-israel-a-oracao-pelas-forcas-armadas\\\/\",\"url\":\"https:\\\/\\\/gersonguelmann.com.br\\\/blog\\\/em-tempos-sombrios-em-israel-a-oracao-pelas-forcas-armadas\\\/\",\"name\":\"Em Tempos Sombrios em Israel, a Ora\u00e7\u00e3o Pelas For\u00e7as Armadas | Blog do Guelmann\",\"isPartOf\":{\"@id\":\"https:\\\/\\\/gersonguelmann.com.br\\\/blog\\\/#website\"},\"primaryImageOfPage\":{\"@id\":\"https:\\\/\\\/gersonguelmann.com.br\\\/blog\\\/em-tempos-sombrios-em-israel-a-oracao-pelas-forcas-armadas\\\/#primaryimage\"},\"image\":{\"@id\":\"https:\\\/\\\/gersonguelmann.com.br\\\/blog\\\/em-tempos-sombrios-em-israel-a-oracao-pelas-forcas-armadas\\\/#primaryimage\"},\"thumbnailUrl\":\"https:\\\/\\\/i0.wp.com\\\/gersonguelmann.com.br\\\/blog\\\/wp-content\\\/uploads\\\/2018\\\/05\\\/IDF1.png?fit=232%2C217&ssl=1\",\"datePublished\":\"2018-05-12T16:01:24+00:00\",\"dateModified\":\"2018-05-12T16:01:53+00:00\",\"author\":{\"@id\":\"https:\\\/\\\/gersonguelmann.com.br\\\/blog\\\/#\\\/schema\\\/person\\\/87e70e2a786888082f941a482c90569e\"},\"inLanguage\":\"pt-BR\",\"potentialAction\":[{\"@type\":\"ReadAction\",\"target\":[\"https:\\\/\\\/gersonguelmann.com.br\\\/blog\\\/em-tempos-sombrios-em-israel-a-oracao-pelas-forcas-armadas\\\/\"]}]},{\"@type\":\"ImageObject\",\"inLanguage\":\"pt-BR\",\"@id\":\"https:\\\/\\\/gersonguelmann.com.br\\\/blog\\\/em-tempos-sombrios-em-israel-a-oracao-pelas-forcas-armadas\\\/#primaryimage\",\"url\":\"https:\\\/\\\/i0.wp.com\\\/gersonguelmann.com.br\\\/blog\\\/wp-content\\\/uploads\\\/2018\\\/05\\\/IDF1.png?fit=232%2C217&ssl=1\",\"contentUrl\":\"https:\\\/\\\/i0.wp.com\\\/gersonguelmann.com.br\\\/blog\\\/wp-content\\\/uploads\\\/2018\\\/05\\\/IDF1.png?fit=232%2C217&ssl=1\",\"width\":232,\"height\":217},{\"@type\":\"WebSite\",\"@id\":\"https:\\\/\\\/gersonguelmann.com.br\\\/blog\\\/#website\",\"url\":\"https:\\\/\\\/gersonguelmann.com.br\\\/blog\\\/\",\"name\":\"Blog do Guelmann\",\"description\":\"Pitadas da sabedoria e do humor judaicos, assuntos do momento e um pouco das hist\u00f3rias que vivi e testemunhei.\",\"potentialAction\":[{\"@type\":\"SearchAction\",\"target\":{\"@type\":\"EntryPoint\",\"urlTemplate\":\"https:\\\/\\\/gersonguelmann.com.br\\\/blog\\\/?s={search_term_string}\"},\"query-input\":{\"@type\":\"PropertyValueSpecification\",\"valueRequired\":true,\"valueName\":\"search_term_string\"}}],\"inLanguage\":\"pt-BR\"},{\"@type\":\"Person\",\"@id\":\"https:\\\/\\\/gersonguelmann.com.br\\\/blog\\\/#\\\/schema\\\/person\\\/87e70e2a786888082f941a482c90569e\",\"name\":\"Gerson Guelmann\",\"image\":{\"@type\":\"ImageObject\",\"inLanguage\":\"pt-BR\",\"@id\":\"https:\\\/\\\/i0.wp.com\\\/gersonguelmann.com.br\\\/blog\\\/wp-content\\\/uploads\\\/2021\\\/08\\\/BLOG.jpeg?fit=96%2C96&ssl=1\",\"url\":\"https:\\\/\\\/i0.wp.com\\\/gersonguelmann.com.br\\\/blog\\\/wp-content\\\/uploads\\\/2021\\\/08\\\/BLOG.jpeg?fit=96%2C96&ssl=1\",\"contentUrl\":\"https:\\\/\\\/i0.wp.com\\\/gersonguelmann.com.br\\\/blog\\\/wp-content\\\/uploads\\\/2021\\\/08\\\/BLOG.jpeg?fit=96%2C96&ssl=1\",\"caption\":\"Gerson Guelmann\"},\"description\":\"Pitadas da sabedoria e do humor judaicos, assuntos do momento e um pouco das hist\u00f3rias que vivi e testemunhei.\"}]}<\/script>\n<!-- \/ Yoast SEO plugin. -->","yoast_head_json":{"title":"Em Tempos Sombrios em Israel, a Ora\u00e7\u00e3o Pelas For\u00e7as Armadas | Blog do Guelmann","robots":{"index":"index","follow":"follow","max-snippet":"max-snippet:-1","max-image-preview":"max-image-preview:large","max-video-preview":"max-video-preview:-1"},"canonical":"https:\/\/gersonguelmann.com.br\/blog\/em-tempos-sombrios-em-israel-a-oracao-pelas-forcas-armadas\/","og_locale":"pt_BR","og_type":"article","og_title":"Em Tempos Sombrios em Israel, a Ora\u00e7\u00e3o Pelas For\u00e7as Armadas | Blog do Guelmann","og_description":"Bel\u00edssima ora\u00e7\u00e3o em ingl\u00eas,\u00a0 com legendas, bem f\u00e1cil de entender: Prayer for Members of the Israel Defense Force He Who blessed our forefathers Abraham, Isaac and Jacob &#8211; may He bless the fighters of the Israel Defense Force, who stand guard over our land and the cities of our God from the border of the [&hellip;]","og_url":"https:\/\/gersonguelmann.com.br\/blog\/em-tempos-sombrios-em-israel-a-oracao-pelas-forcas-armadas\/","og_site_name":"Blog do Guelmann","article_published_time":"2018-05-12T16:01:24+00:00","article_modified_time":"2018-05-12T16:01:53+00:00","og_image":[{"width":232,"height":217,"url":"https:\/\/i0.wp.com\/gersonguelmann.com.br\/blog\/wp-content\/uploads\/2018\/05\/IDF1.png?fit=232%2C217&ssl=1","type":"image\/png"}],"author":"Gerson Guelmann","twitter_card":"summary_large_image","twitter_misc":{"Escrito por":"Gerson Guelmann","Est. tempo de leitura":"1 minuto"},"schema":{"@context":"https:\/\/schema.org","@graph":[{"@type":"Article","@id":"https:\/\/gersonguelmann.com.br\/blog\/em-tempos-sombrios-em-israel-a-oracao-pelas-forcas-armadas\/#article","isPartOf":{"@id":"https:\/\/gersonguelmann.com.br\/blog\/em-tempos-sombrios-em-israel-a-oracao-pelas-forcas-armadas\/"},"author":{"name":"Gerson Guelmann","@id":"https:\/\/gersonguelmann.com.br\/blog\/#\/schema\/person\/87e70e2a786888082f941a482c90569e"},"headline":"Em Tempos Sombrios em Israel, a Ora\u00e7\u00e3o Pelas For\u00e7as Armadas","datePublished":"2018-05-12T16:01:24+00:00","dateModified":"2018-05-12T16:01:53+00:00","mainEntityOfPage":{"@id":"https:\/\/gersonguelmann.com.br\/blog\/em-tempos-sombrios-em-israel-a-oracao-pelas-forcas-armadas\/"},"wordCount":205,"commentCount":0,"image":{"@id":"https:\/\/gersonguelmann.com.br\/blog\/em-tempos-sombrios-em-israel-a-oracao-pelas-forcas-armadas\/#primaryimage"},"thumbnailUrl":"https:\/\/i0.wp.com\/gersonguelmann.com.br\/blog\/wp-content\/uploads\/2018\/05\/IDF1.png?fit=232%2C217&ssl=1","inLanguage":"pt-BR","potentialAction":[{"@type":"CommentAction","name":"Comment","target":["https:\/\/gersonguelmann.com.br\/blog\/em-tempos-sombrios-em-israel-a-oracao-pelas-forcas-armadas\/#respond"]}]},{"@type":"WebPage","@id":"https:\/\/gersonguelmann.com.br\/blog\/em-tempos-sombrios-em-israel-a-oracao-pelas-forcas-armadas\/","url":"https:\/\/gersonguelmann.com.br\/blog\/em-tempos-sombrios-em-israel-a-oracao-pelas-forcas-armadas\/","name":"Em Tempos Sombrios em Israel, a Ora\u00e7\u00e3o Pelas For\u00e7as Armadas | Blog do Guelmann","isPartOf":{"@id":"https:\/\/gersonguelmann.com.br\/blog\/#website"},"primaryImageOfPage":{"@id":"https:\/\/gersonguelmann.com.br\/blog\/em-tempos-sombrios-em-israel-a-oracao-pelas-forcas-armadas\/#primaryimage"},"image":{"@id":"https:\/\/gersonguelmann.com.br\/blog\/em-tempos-sombrios-em-israel-a-oracao-pelas-forcas-armadas\/#primaryimage"},"thumbnailUrl":"https:\/\/i0.wp.com\/gersonguelmann.com.br\/blog\/wp-content\/uploads\/2018\/05\/IDF1.png?fit=232%2C217&ssl=1","datePublished":"2018-05-12T16:01:24+00:00","dateModified":"2018-05-12T16:01:53+00:00","author":{"@id":"https:\/\/gersonguelmann.com.br\/blog\/#\/schema\/person\/87e70e2a786888082f941a482c90569e"},"inLanguage":"pt-BR","potentialAction":[{"@type":"ReadAction","target":["https:\/\/gersonguelmann.com.br\/blog\/em-tempos-sombrios-em-israel-a-oracao-pelas-forcas-armadas\/"]}]},{"@type":"ImageObject","inLanguage":"pt-BR","@id":"https:\/\/gersonguelmann.com.br\/blog\/em-tempos-sombrios-em-israel-a-oracao-pelas-forcas-armadas\/#primaryimage","url":"https:\/\/i0.wp.com\/gersonguelmann.com.br\/blog\/wp-content\/uploads\/2018\/05\/IDF1.png?fit=232%2C217&ssl=1","contentUrl":"https:\/\/i0.wp.com\/gersonguelmann.com.br\/blog\/wp-content\/uploads\/2018\/05\/IDF1.png?fit=232%2C217&ssl=1","width":232,"height":217},{"@type":"WebSite","@id":"https:\/\/gersonguelmann.com.br\/blog\/#website","url":"https:\/\/gersonguelmann.com.br\/blog\/","name":"Blog do Guelmann","description":"Pitadas da sabedoria e do humor judaicos, assuntos do momento e um pouco das hist\u00f3rias que vivi e testemunhei.","potentialAction":[{"@type":"SearchAction","target":{"@type":"EntryPoint","urlTemplate":"https:\/\/gersonguelmann.com.br\/blog\/?s={search_term_string}"},"query-input":{"@type":"PropertyValueSpecification","valueRequired":true,"valueName":"search_term_string"}}],"inLanguage":"pt-BR"},{"@type":"Person","@id":"https:\/\/gersonguelmann.com.br\/blog\/#\/schema\/person\/87e70e2a786888082f941a482c90569e","name":"Gerson Guelmann","image":{"@type":"ImageObject","inLanguage":"pt-BR","@id":"https:\/\/i0.wp.com\/gersonguelmann.com.br\/blog\/wp-content\/uploads\/2021\/08\/BLOG.jpeg?fit=96%2C96&ssl=1","url":"https:\/\/i0.wp.com\/gersonguelmann.com.br\/blog\/wp-content\/uploads\/2021\/08\/BLOG.jpeg?fit=96%2C96&ssl=1","contentUrl":"https:\/\/i0.wp.com\/gersonguelmann.com.br\/blog\/wp-content\/uploads\/2021\/08\/BLOG.jpeg?fit=96%2C96&ssl=1","caption":"Gerson Guelmann"},"description":"Pitadas da sabedoria e do humor judaicos, assuntos do momento e um pouco das hist\u00f3rias que vivi e testemunhei."}]}},"views":45,"jetpack_publicize_connections":[],"jetpack_featured_media_url":"https:\/\/i0.wp.com\/gersonguelmann.com.br\/blog\/wp-content\/uploads\/2018\/05\/IDF1.png?fit=232%2C217&ssl=1","jetpack_shortlink":"https:\/\/wp.me\/p96e7O-3lm","jetpack-related-posts":[{"id":5723,"url":"https:\/\/gersonguelmann.com.br\/blog\/oracao-de-robert-kennedy\/","url_meta":{"origin":12856,"position":0},"title":"A Ora\u00e7\u00e3o de Robert Kennedy","author":"Gerson Guelmann","date":"21 de setembro de 2019","format":false,"excerpt":"Somente h\u00e1 pouco tempo tomei conhecimento da exist\u00eancia de uma ora\u00e7\u00e3o escrita por Robert (Bob) Kennedy, irm\u00e3o do Presidente John F. Kennedy e que, como ele, tamb\u00e9m foi assassinado. O texto, chamado \"Ora\u00e7\u00e3o em Tuas M\u00e3os\" ou \"Ora\u00e7\u00e3o do Abandono\", era pronunciado por ele diariamente e foi encontrado em seu\u2026","rel":"","context":"Em &quot;Sem categoria&quot;","block_context":{"text":"Sem categoria","link":"https:\/\/gersonguelmann.com.br\/blog\/category\/sem-categoria\/"},"img":{"alt_text":"","src":"https:\/\/i0.wp.com\/gersonguelmann.com.br\/blog\/wp-content\/uploads\/2017\/12\/RK.jpg?resize=350%2C200&ssl=1","width":350,"height":200},"classes":[]},{"id":14012,"url":"https:\/\/gersonguelmann.com.br\/blog\/o-mane-fez-oracao-para-ficar-invisivel-antes-de-assaltar-joalheria-em-sp-foi-preso\/","url_meta":{"origin":12856,"position":1},"title":"O Man\u00e9 Fez Ora\u00e7\u00e3o \u2018Para Ficar Invis\u00edvel\u2019 Antes de Assaltar Joalheria em SP. Foi Preso.","author":"Gerson Guelmann","date":"15 de junho de 2018","format":false,"excerpt":"Parece piada, mas aconteceu mesmo, como relata a Isto\u00c9: GERAL Homem com ora\u00e7\u00e3o \u2018para ficar invis\u00edvel\u2019 \u00e9 preso ap\u00f3s assaltar joalheria em SP Estad\u00e3o Conte\u00fado 15\/06\/18 - 15h04 - Atualizado em 15\/06\/18 - 15h54 Um homem foi preso em flagrante na noite dessa quinta-feira, 14, ap\u00f3s assaltar uma joalheria na\u2026","rel":"","context":"Em &quot;Sem categoria&quot;","block_context":{"text":"Sem categoria","link":"https:\/\/gersonguelmann.com.br\/blog\/category\/sem-categoria\/"},"img":{"alt_text":"","src":"https:\/\/i0.wp.com\/gersonguelmann.com.br\/blog\/wp-content\/uploads\/2018\/06\/maxresdefault-1-1.jpg?fit=1200%2C675&ssl=1&resize=350%2C200","width":350,"height":200,"srcset":"https:\/\/i0.wp.com\/gersonguelmann.com.br\/blog\/wp-content\/uploads\/2018\/06\/maxresdefault-1-1.jpg?fit=1200%2C675&ssl=1&resize=350%2C200 1x, https:\/\/i0.wp.com\/gersonguelmann.com.br\/blog\/wp-content\/uploads\/2018\/06\/maxresdefault-1-1.jpg?fit=1200%2C675&ssl=1&resize=525%2C300 1.5x, https:\/\/i0.wp.com\/gersonguelmann.com.br\/blog\/wp-content\/uploads\/2018\/06\/maxresdefault-1-1.jpg?fit=1200%2C675&ssl=1&resize=700%2C400 2x, https:\/\/i0.wp.com\/gersonguelmann.com.br\/blog\/wp-content\/uploads\/2018\/06\/maxresdefault-1-1.jpg?fit=1200%2C675&ssl=1&resize=1050%2C600 3x"},"classes":[]},{"id":23296,"url":"https:\/\/gersonguelmann.com.br\/blog\/para-judeus-cristaos-e-as-pessoas-de-bem-pela-paz-em-israel\/","url_meta":{"origin":12856,"position":2},"title":"Para Judeus, Crist\u00e3os e as Pessoas de Bem, Pela Paz em Israel","author":"Gerson Guelmann","date":"23 de outubro de 2023","format":false,"excerpt":"Davi, o segundo Rei de Israel, \u00e9 um dos personagens mais importantes da hist\u00f3ria do povo judeu. Ele reinou de 1010 a 970 a.C., \u00e9 considerado um dos maiores guerreiros e poetas judeus e sua hist\u00f3ria \u00e9 contada em diversos livros do Velho Testamento. A ele \u00e9 atribu\u00edda a autoria\u2026","rel":"","context":"Em &quot;Sem categoria&quot;","block_context":{"text":"Sem categoria","link":"https:\/\/gersonguelmann.com.br\/blog\/category\/sem-categoria\/"},"img":{"alt_text":"","src":"https:\/\/i0.wp.com\/gersonguelmann.com.br\/blog\/wp-content\/uploads\/2023\/10\/HojePR-6.jpg?resize=350%2C200&ssl=1","width":350,"height":200},"classes":[]},{"id":11216,"url":"https:\/\/gersonguelmann.com.br\/blog\/servico-secreto-de-israel-evitou-ataque-terrorista\/","url_meta":{"origin":12856,"position":3},"title":"Servi\u00e7o Secreto de Israel Evitou Ataque Terrorista","author":"Gerson Guelmann","date":"4 de abril de 2018","format":false,"excerpt":"A imprensa de Israel noticiou hoje que na noite do \u00faltimo dia 12 de mar\u00e7o as for\u00e7as de seguran\u00e7a prenderam um membro do grupo terrorista Jihad que planejava atacar uma embarca\u00e7\u00e3o de patrulha naval e sequestrar os sobreviventes. O plano era usar tr\u00eas barcos para atrair um navio da Marinha,\u2026","rel":"","context":"Em &quot;Sem categoria&quot;","block_context":{"text":"Sem categoria","link":"https:\/\/gersonguelmann.com.br\/blog\/category\/sem-categoria\/"},"img":{"alt_text":"","src":"https:\/\/i0.wp.com\/gersonguelmann.com.br\/blog\/wp-content\/uploads\/2018\/04\/16564823278_b925ba88a5_k-640x400.jpg?fit=640%2C400&ssl=1&resize=350%2C200","width":350,"height":200,"srcset":"https:\/\/i0.wp.com\/gersonguelmann.com.br\/blog\/wp-content\/uploads\/2018\/04\/16564823278_b925ba88a5_k-640x400.jpg?fit=640%2C400&ssl=1&resize=350%2C200 1x, https:\/\/i0.wp.com\/gersonguelmann.com.br\/blog\/wp-content\/uploads\/2018\/04\/16564823278_b925ba88a5_k-640x400.jpg?fit=640%2C400&ssl=1&resize=525%2C300 1.5x"},"classes":[]},{"id":26049,"url":"https:\/\/gersonguelmann.com.br\/blog\/israel-o-milagre-que-insiste-em-viver\/","url_meta":{"origin":12856,"position":4},"title":"Israel: O Milagre Que Insiste em Viver","author":"Gerson Guelmann","date":"16 de junho de 2025","format":false,"excerpt":"Em meio \u00e0s manchetes sobre tens\u00e3o, ataques e diplomacia em frangalhos, uma outra realidade insiste em se manter viva em Israel: a de um pa\u00eds cercado por inimigos que desejam sua extin\u00e7\u00e3o \u2014 e que, mesmo assim, n\u00e3o deixa de oferecer ao mundo o que de melhor pode existir em\u2026","rel":"","context":"Em &quot;Sem categoria&quot;","block_context":{"text":"Sem categoria","link":"https:\/\/gersonguelmann.com.br\/blog\/category\/sem-categoria\/"},"img":{"alt_text":"","src":"https:\/\/i0.wp.com\/gersonguelmann.com.br\/blog\/wp-content\/uploads\/2025\/06\/HojePR-22.jpg?fit=1024%2C683&ssl=1&resize=350%2C200","width":350,"height":200,"srcset":"https:\/\/i0.wp.com\/gersonguelmann.com.br\/blog\/wp-content\/uploads\/2025\/06\/HojePR-22.jpg?fit=1024%2C683&ssl=1&resize=350%2C200 1x, https:\/\/i0.wp.com\/gersonguelmann.com.br\/blog\/wp-content\/uploads\/2025\/06\/HojePR-22.jpg?fit=1024%2C683&ssl=1&resize=525%2C300 1.5x, https:\/\/i0.wp.com\/gersonguelmann.com.br\/blog\/wp-content\/uploads\/2025\/06\/HojePR-22.jpg?fit=1024%2C683&ssl=1&resize=700%2C400 2x"},"classes":[]},{"id":18115,"url":"https:\/\/gersonguelmann.com.br\/blog\/alguem-conhece-essa-oracao-judaica\/","url_meta":{"origin":12856,"position":5},"title":"Algu\u00e9m Conhece Essa Ora\u00e7\u00e3o Judaica?","author":"Gerson Guelmann","date":"24 de agosto de 2019","format":false,"excerpt":"Essa \u00e9 mais uma daquelas coisas boas que aparecem nas redes e cuja autoria nem sempre pode ser determinada. Recebi o texto como sendo de uma \"ora\u00e7\u00e3o judaica\". Gosto muito de pesquisar e seguir pistas na internet, e encontrei alguns perfis de Facebook onde foi publicado recentemente. Retrocedi um pouco\u2026","rel":"","context":"Em &quot;Sem categoria&quot;","block_context":{"text":"Sem categoria","link":"https:\/\/gersonguelmann.com.br\/blog\/category\/sem-categoria\/"},"img":{"alt_text":"","src":"https:\/\/i0.wp.com\/gersonguelmann.com.br\/blog\/wp-content\/uploads\/2019\/08\/Ora%C3%A7%C3%A3o-1.jpg?fit=376%2C501&ssl=1&resize=350%2C200","width":350,"height":200},"classes":[]}],"jetpack_sharing_enabled":true,"post_mailing_queue_ids":[],"_links":{"self":[{"href":"https:\/\/gersonguelmann.com.br\/blog\/wp-json\/wp\/v2\/posts\/12856","targetHints":{"allow":["GET"]}}],"collection":[{"href":"https:\/\/gersonguelmann.com.br\/blog\/wp-json\/wp\/v2\/posts"}],"about":[{"href":"https:\/\/gersonguelmann.com.br\/blog\/wp-json\/wp\/v2\/types\/post"}],"author":[{"embeddable":true,"href":"https:\/\/gersonguelmann.com.br\/blog\/wp-json\/wp\/v2\/users\/5"}],"replies":[{"embeddable":true,"href":"https:\/\/gersonguelmann.com.br\/blog\/wp-json\/wp\/v2\/comments?post=12856"}],"version-history":[{"count":0,"href":"https:\/\/gersonguelmann.com.br\/blog\/wp-json\/wp\/v2\/posts\/12856\/revisions"}],"wp:featuredmedia":[{"embeddable":true,"href":"https:\/\/gersonguelmann.com.br\/blog\/wp-json\/wp\/v2\/media\/12857"}],"wp:attachment":[{"href":"https:\/\/gersonguelmann.com.br\/blog\/wp-json\/wp\/v2\/media?parent=12856"}],"wp:term":[{"taxonomy":"category","embeddable":true,"href":"https:\/\/gersonguelmann.com.br\/blog\/wp-json\/wp\/v2\/categories?post=12856"},{"taxonomy":"post_tag","embeddable":true,"href":"https:\/\/gersonguelmann.com.br\/blog\/wp-json\/wp\/v2\/tags?post=12856"}],"curies":[{"name":"wp","href":"https:\/\/api.w.org\/{rel}","templated":true}]}}