    {"id":12860,"date":"2018-05-12T14:30:30","date_gmt":"2018-05-12T17:30:30","guid":{"rendered":"https:\/\/gersonguelmann.com.br\/blog\/?p=12860"},"modified":"2018-05-12T14:30:30","modified_gmt":"2018-05-12T17:30:30","slug":"os-militares-e-o-documento-da-cia","status":"publish","type":"post","link":"https:\/\/gersonguelmann.com.br\/blog\/os-militares-e-o-documento-da-cia\/","title":{"rendered":"Os Militares e o Documento da CIA"},"content":{"rendered":"<p><span style=\"color: #000000; font-family: georgia, palatino, serif; font-size: 18pt;\">Do Blog do Noblat:<\/span><\/p>\n<p>&nbsp;<\/p>\n<div class=\"article-category\"><span style=\"color: #0000ff;\"><strong>Brasil,\u00a0Pol\u00edtica<\/strong><\/span><\/div>\n<p class=\"article-title\"><span style=\"font-size: 24pt;\"><strong><span style=\"color: #000000;\">Os militares e o documento da CIA<\/span><\/strong><\/span><\/p>\n<p class=\"article-subtitle\"><span style=\"font-size: 18pt;\"><strong><span style=\"color: #000000;\">Questiona-se, de in\u00edcio, a autenticidade do documento<\/span><\/strong><\/span><\/p>\n<div class=\"article-author\"><span style=\"color: #000000; font-size: 14pt;\">Por\u00a0<strong>Ruy Fabiano<\/strong><\/span><\/div>\n<div class=\"article-date\"><span style=\"color: #000000; font-size: 14pt;\">12 maio 2018, 10h00<\/span><\/div>\n<div><\/div>\n<div>\n<p><span style=\"color: #000000; font-size: 14pt;\">O meio militar \u2013 o Ex\u00e9rcito, sobretudo \u2013 recebeu com estranheza e indigna\u00e7\u00e3o a divulga\u00e7\u00e3o de documento da CIA, datado de 1974, acusando os ex-presidentes M\u00e9dici e Geisel, e por tabela o ent\u00e3o chefe do SNI, Jo\u00e3o Figueiredo, que viria a suced\u00ea-los, de autorizar a execu\u00e7\u00e3o de advers\u00e1rios do regime.<\/span><\/p>\n<p><span style=\"color: #000000; font-size: 14pt;\">Questiona-se, de in\u00edcio, a autenticidade do documento, divulgado e repercutido, segundo os militares, por ex-integrantes da Comiss\u00e3o da Verdade, institu\u00edda pelos governos do PT.<\/span><\/p>\n<p><span style=\"color: #000000; font-size: 14pt;\">Ainda que aut\u00eantico, dizem eles, o que exp\u00f5e \u00e9 falso \u2013 e, nas palavras de um general de quatro estrelas, que pediu para n\u00e3o ser identificado, \u201cpode ter sido gerado por um agente de baixa produtividade, que precisava justificar seu contrato. Nada garante seu conte\u00fado\u201d. E diz mais esse general:<\/span><\/p>\n<p><span style=\"color: #000000; font-size: 14pt;\">\u201cO objetivo de trazer \u00e0 baila um suposto acontecimento, n\u00e3o comprovado, de 44 anos atr\u00e1s \u2013 e dispon\u00edvel j\u00e1 h\u00e1 alguns anos -, n\u00e3o tenha d\u00favida, \u00e9 atingir a candidatura de Jair Bolsonaro. \u00c9 ele o alvo, por sua origem militar e pela defesa que faz daqueles governos\u201d.<\/span><\/p>\n<p><span style=\"color: #000000; font-size: 14pt;\">Ele diz que o fato de o documento vir da CIA n\u00e3o o torna prova de nada: \u201cH\u00e1 fracassos hist\u00f3ricos de informa\u00e7\u00f5es vindas da CIA, a come\u00e7ar pelo epis\u00f3dio da Ba\u00eda dos Porcos, nos anos 60\u201d.<\/span><\/p>\n<p><span style=\"color: #000000; font-size: 14pt;\">E pergunta: \u201cComo a CIA poderia ter acesso a uma reuni\u00e3o ultra reservada de quatro generais: o presidente da Rep\u00fablica, o chefe do Centro de Informa\u00e7\u00f5es do Ex\u00e9rcito, o chefe do SNI e o ministro do Ex\u00e9rcito? S\u00f3 se algum deles estivesse a seu servi\u00e7o, o que \u00e9 um absurdo total\u201d, diz o general.<\/span><\/p>\n<p><span style=\"color: #000000; font-size: 14pt;\">\u201c\u00c9 \u00f3bvio que se trata de uma avalia\u00e7\u00e3o a\u00e7odada e conveniente\u201d. E lembra que o fracasso do poder civil, \u201cde que a Lava Jato d\u00e1 testemunho\u201d, consolidou o prest\u00edgio da institui\u00e7\u00e3o militar, que em todas as pesquisas de opini\u00e3o p\u00fablica figura no topo das mais acreditadas pela popula\u00e7\u00e3o.<\/span><\/p>\n<p><span style=\"color: #000000; font-size: 14pt;\">\u201cIsso faz ressurgir a narrativa esquerdista de que os acontecimentos p\u00f3s-64 n\u00e3o tiveram apoio popular e configurariam mera persegui\u00e7\u00e3o pol\u00edtica, como se n\u00e3o tivesse havido guerrilhas, assaltos a banco, sequestros de avi\u00f5es e de embaixadores. N\u00e3o h\u00e1 d\u00favida de que h\u00e1 uma orquestra\u00e7\u00e3o, por parte de uma for\u00e7a pol\u00edtica desmoralizada\u201d, diz ele.<\/span><\/p>\n<p><span style=\"color: #000000; font-size: 14pt;\">A den\u00fancia veio \u00e0 tona na quinta-feira, um dia depois de uma reuni\u00e3o em Bras\u00edlia de alguns dos 73 candidatos militares \u00e0s elei\u00e7\u00f5es de outubro, todos perfilados \u00e0 candidatura presidencial de Jair Bolsonaro. O general n\u00e3o acha que tenha sido mera coincid\u00eancia.<\/span><\/p>\n<p><span style=\"color: #000000; font-size: 14pt;\">N\u00e3o h\u00e1 ainda, nem se sabe se haver\u00e1, posicionamento do Alto Comando do Ex\u00e9rcito a respeito. O tema est\u00e1 sendo avaliado, mas h\u00e1 um grande desconforto no meio.<\/span><\/p>\n<p><span style=\"color: #000000; font-size: 14pt;\">\u201cDesde que os militares se retiraram da pol\u00edtica, h\u00e1 33 anos, n\u00e3o intervieram mais. N\u00e3o queremos olhar pelo retrovisor, e sim para a frente. Mas a esquerda insiste em olhar para tr\u00e1s\u201d.<\/span><\/p>\n<p><span style=\"color: #000000; font-size: 14pt;\">Segundo ele, esse sentimento de revanche a fez cometer o erro estrat\u00e9gico de, em vez de di\u00e1logo, buscar o confronto. \u201cO pr\u00f3prio PT lamentou, no seu 5\u00ba Congresso, n\u00e3o ter aparelhado nem as For\u00e7as Armadas, nem os col\u00e9gios militares. Se o fizesse, e isso seria imposs\u00edvel, ser\u00edamos hoje a Venezuela\u201d, diz.<\/span><\/p>\n<p><span style=\"color: #000000; font-size: 14pt;\">E conclui: \u201cHouve uma luta armada. A Comiss\u00e3o da Verdade diz que, em 21 anos, foram mortos 434 esquerdistas (n\u00fameros inflados), que, por sua vez, mataram 150, inclusive gente alheia ao conflito, como caixas de bancos e motoristas de caminh\u00f5es de carga. Mataram menos pois perderam a guerra\u201d.<\/span><\/p>\n<p><span style=\"color: #000000; font-size: 14pt;\">A contradita est\u00e1 posta. E a rea\u00e7\u00e3o militar, ainda indefinida, poder\u00e1 dar ao documento ou o protagonismo almejado ou o sil\u00eancio.<\/span><\/p>\n<p><span style=\"color: #000000; font-size: 14pt;\"><em>Ruy Fabiano \u00e9 jornalista\u00a0\u00a0<\/em><\/span><\/p>\n<p><span style=\"color: #000000; font-family: georgia, palatino, serif; font-size: 18pt;\">A mat\u00e9ria original <span style=\"color: #0000ff;\"><a style=\"color: #0000ff;\" href=\"https:\/\/veja.abril.com.br\/blog\/noblat\/os-militares-e-o-documento-da-cia\/\"><em><strong>est\u00e1 aqui<\/strong><\/em><\/a><\/span>.<\/span><\/p>\n<p style=\"text-align: center;\">\n<\/div>\n<div><img data-recalc-dims=\"1\" fetchpriority=\"high\" decoding=\"async\" data-attachment-id=\"12861\" data-permalink=\"https:\/\/gersonguelmann.com.br\/blog\/os-militares-e-o-documento-da-cia\/download-50\/\" data-orig-file=\"https:\/\/i0.wp.com\/gersonguelmann.com.br\/blog\/wp-content\/uploads\/2018\/05\/download-11.jpg?fit=300%2C168&amp;ssl=1\" data-orig-size=\"300,168\" data-comments-opened=\"1\" data-image-meta=\"{&quot;aperture&quot;:&quot;0&quot;,&quot;credit&quot;:&quot;&quot;,&quot;camera&quot;:&quot;&quot;,&quot;caption&quot;:&quot;&quot;,&quot;created_timestamp&quot;:&quot;0&quot;,&quot;copyright&quot;:&quot;&quot;,&quot;focal_length&quot;:&quot;0&quot;,&quot;iso&quot;:&quot;0&quot;,&quot;shutter_speed&quot;:&quot;0&quot;,&quot;title&quot;:&quot;&quot;,&quot;orientation&quot;:&quot;0&quot;}\" data-image-title=\"download\" data-image-description=\"\" data-image-caption=\"\" data-medium-file=\"https:\/\/i0.wp.com\/gersonguelmann.com.br\/blog\/wp-content\/uploads\/2018\/05\/download-11.jpg?fit=300%2C168&amp;ssl=1\" data-large-file=\"https:\/\/i0.wp.com\/gersonguelmann.com.br\/blog\/wp-content\/uploads\/2018\/05\/download-11.jpg?fit=300%2C168&amp;ssl=1\" class=\"size-medium wp-image-12861 aligncenter\" src=\"https:\/\/i0.wp.com\/gersonguelmann.com.br\/blog\/wp-content\/uploads\/2018\/05\/download-11.jpg?resize=300%2C168&#038;ssl=1\" alt=\"\" width=\"300\" height=\"168\" \/><\/div>\n","protected":false},"excerpt":{"rendered":"<p>Do Blog do Noblat: &nbsp; Brasil,\u00a0Pol\u00edtica Os militares e o documento da CIA Questiona-se, de in\u00edcio, a autenticidade do documento Por\u00a0Ruy Fabiano 12 maio 2018, 10h00 O meio militar \u2013 o Ex\u00e9rcito, sobretudo \u2013 recebeu com estranheza e indigna\u00e7\u00e3o a divulga\u00e7\u00e3o de documento da CIA, datado de 1974, acusando os ex-presidentes M\u00e9dici e Geisel, e [&hellip;]<\/p>\n","protected":false},"author":5,"featured_media":12861,"comment_status":"open","ping_status":"open","sticky":false,"template":"","format":"standard","meta":{"_acf_changed":false,"jetpack_post_was_ever_published":false,"_jetpack_newsletter_access":"","_jetpack_dont_email_post_to_subs":false,"_jetpack_newsletter_tier_id":0,"_jetpack_memberships_contains_paywalled_content":false,"_jetpack_memberships_contains_paid_content":false,"footnotes":"","jetpack_publicize_message":"","jetpack_publicize_feature_enabled":true,"jetpack_social_post_already_shared":true,"jetpack_social_options":{"image_generator_settings":{"template":"highway","default_image_id":0,"font":"","enabled":false},"version":2}},"categories":[1],"tags":[],"class_list":["post-12860","post","type-post","status-publish","format-standard","has-post-thumbnail","hentry","category-sem-categoria"],"acf":[],"yoast_head":"<!-- This site is optimized with the Yoast SEO plugin v27.3 - https:\/\/yoast.com\/product\/yoast-seo-wordpress\/ -->\n<title>Os Militares e o Documento da CIA | Blog do Guelmann<\/title>\n<meta name=\"robots\" content=\"index, follow, max-snippet:-1, max-image-preview:large, max-video-preview:-1\" \/>\n<link rel=\"canonical\" href=\"https:\/\/gersonguelmann.com.br\/blog\/os-militares-e-o-documento-da-cia\/\" \/>\n<meta property=\"og:locale\" content=\"pt_BR\" \/>\n<meta property=\"og:type\" content=\"article\" \/>\n<meta property=\"og:title\" content=\"Os Militares e o Documento da CIA | Blog do Guelmann\" \/>\n<meta property=\"og:description\" content=\"Do Blog do Noblat: &nbsp; Brasil,\u00a0Pol\u00edtica Os militares e o documento da CIA Questiona-se, de in\u00edcio, a autenticidade do documento Por\u00a0Ruy Fabiano 12 maio 2018, 10h00 O meio militar \u2013 o Ex\u00e9rcito, sobretudo \u2013 recebeu com estranheza e indigna\u00e7\u00e3o a divulga\u00e7\u00e3o de documento da CIA, datado de 1974, acusando os ex-presidentes M\u00e9dici e Geisel, e [&hellip;]\" \/>\n<meta property=\"og:url\" content=\"https:\/\/gersonguelmann.com.br\/blog\/os-militares-e-o-documento-da-cia\/\" \/>\n<meta property=\"og:site_name\" content=\"Blog do Guelmann\" \/>\n<meta property=\"article:published_time\" content=\"2018-05-12T17:30:30+00:00\" \/>\n<meta property=\"og:image\" content=\"https:\/\/i0.wp.com\/gersonguelmann.com.br\/blog\/wp-content\/uploads\/2018\/05\/download-11.jpg?fit=300%2C168&ssl=1\" \/>\n\t<meta property=\"og:image:width\" content=\"300\" \/>\n\t<meta property=\"og:image:height\" content=\"168\" \/>\n\t<meta property=\"og:image:type\" content=\"image\/jpeg\" \/>\n<meta name=\"author\" content=\"Gerson Guelmann\" \/>\n<meta name=\"twitter:card\" content=\"summary_large_image\" \/>\n<meta name=\"twitter:label1\" content=\"Escrito por\" \/>\n\t<meta name=\"twitter:data1\" content=\"Gerson Guelmann\" \/>\n\t<meta name=\"twitter:label2\" content=\"Est. tempo de leitura\" \/>\n\t<meta name=\"twitter:data2\" content=\"3 minutos\" \/>\n<script type=\"application\/ld+json\" class=\"yoast-schema-graph\">{\"@context\":\"https:\\\/\\\/schema.org\",\"@graph\":[{\"@type\":\"Article\",\"@id\":\"https:\\\/\\\/gersonguelmann.com.br\\\/blog\\\/os-militares-e-o-documento-da-cia\\\/#article\",\"isPartOf\":{\"@id\":\"https:\\\/\\\/gersonguelmann.com.br\\\/blog\\\/os-militares-e-o-documento-da-cia\\\/\"},\"author\":{\"name\":\"Gerson Guelmann\",\"@id\":\"https:\\\/\\\/gersonguelmann.com.br\\\/blog\\\/#\\\/schema\\\/person\\\/87e70e2a786888082f941a482c90569e\"},\"headline\":\"Os Militares e o Documento da CIA\",\"datePublished\":\"2018-05-12T17:30:30+00:00\",\"mainEntityOfPage\":{\"@id\":\"https:\\\/\\\/gersonguelmann.com.br\\\/blog\\\/os-militares-e-o-documento-da-cia\\\/\"},\"wordCount\":683,\"commentCount\":0,\"image\":{\"@id\":\"https:\\\/\\\/gersonguelmann.com.br\\\/blog\\\/os-militares-e-o-documento-da-cia\\\/#primaryimage\"},\"thumbnailUrl\":\"https:\\\/\\\/i0.wp.com\\\/gersonguelmann.com.br\\\/blog\\\/wp-content\\\/uploads\\\/2018\\\/05\\\/download-11.jpg?fit=300%2C168&ssl=1\",\"inLanguage\":\"pt-BR\",\"potentialAction\":[{\"@type\":\"CommentAction\",\"name\":\"Comment\",\"target\":[\"https:\\\/\\\/gersonguelmann.com.br\\\/blog\\\/os-militares-e-o-documento-da-cia\\\/#respond\"]}]},{\"@type\":\"WebPage\",\"@id\":\"https:\\\/\\\/gersonguelmann.com.br\\\/blog\\\/os-militares-e-o-documento-da-cia\\\/\",\"url\":\"https:\\\/\\\/gersonguelmann.com.br\\\/blog\\\/os-militares-e-o-documento-da-cia\\\/\",\"name\":\"Os Militares e o Documento da CIA | Blog do Guelmann\",\"isPartOf\":{\"@id\":\"https:\\\/\\\/gersonguelmann.com.br\\\/blog\\\/#website\"},\"primaryImageOfPage\":{\"@id\":\"https:\\\/\\\/gersonguelmann.com.br\\\/blog\\\/os-militares-e-o-documento-da-cia\\\/#primaryimage\"},\"image\":{\"@id\":\"https:\\\/\\\/gersonguelmann.com.br\\\/blog\\\/os-militares-e-o-documento-da-cia\\\/#primaryimage\"},\"thumbnailUrl\":\"https:\\\/\\\/i0.wp.com\\\/gersonguelmann.com.br\\\/blog\\\/wp-content\\\/uploads\\\/2018\\\/05\\\/download-11.jpg?fit=300%2C168&ssl=1\",\"datePublished\":\"2018-05-12T17:30:30+00:00\",\"author\":{\"@id\":\"https:\\\/\\\/gersonguelmann.com.br\\\/blog\\\/#\\\/schema\\\/person\\\/87e70e2a786888082f941a482c90569e\"},\"inLanguage\":\"pt-BR\",\"potentialAction\":[{\"@type\":\"ReadAction\",\"target\":[\"https:\\\/\\\/gersonguelmann.com.br\\\/blog\\\/os-militares-e-o-documento-da-cia\\\/\"]}]},{\"@type\":\"ImageObject\",\"inLanguage\":\"pt-BR\",\"@id\":\"https:\\\/\\\/gersonguelmann.com.br\\\/blog\\\/os-militares-e-o-documento-da-cia\\\/#primaryimage\",\"url\":\"https:\\\/\\\/i0.wp.com\\\/gersonguelmann.com.br\\\/blog\\\/wp-content\\\/uploads\\\/2018\\\/05\\\/download-11.jpg?fit=300%2C168&ssl=1\",\"contentUrl\":\"https:\\\/\\\/i0.wp.com\\\/gersonguelmann.com.br\\\/blog\\\/wp-content\\\/uploads\\\/2018\\\/05\\\/download-11.jpg?fit=300%2C168&ssl=1\",\"width\":300,\"height\":168},{\"@type\":\"WebSite\",\"@id\":\"https:\\\/\\\/gersonguelmann.com.br\\\/blog\\\/#website\",\"url\":\"https:\\\/\\\/gersonguelmann.com.br\\\/blog\\\/\",\"name\":\"Blog do Guelmann\",\"description\":\"Pitadas da sabedoria e do humor judaicos, assuntos do momento e um pouco das hist\u00f3rias que vivi e testemunhei.\",\"potentialAction\":[{\"@type\":\"SearchAction\",\"target\":{\"@type\":\"EntryPoint\",\"urlTemplate\":\"https:\\\/\\\/gersonguelmann.com.br\\\/blog\\\/?s={search_term_string}\"},\"query-input\":{\"@type\":\"PropertyValueSpecification\",\"valueRequired\":true,\"valueName\":\"search_term_string\"}}],\"inLanguage\":\"pt-BR\"},{\"@type\":\"Person\",\"@id\":\"https:\\\/\\\/gersonguelmann.com.br\\\/blog\\\/#\\\/schema\\\/person\\\/87e70e2a786888082f941a482c90569e\",\"name\":\"Gerson Guelmann\",\"image\":{\"@type\":\"ImageObject\",\"inLanguage\":\"pt-BR\",\"@id\":\"https:\\\/\\\/i0.wp.com\\\/gersonguelmann.com.br\\\/blog\\\/wp-content\\\/uploads\\\/2021\\\/08\\\/BLOG.jpeg?fit=96%2C96&ssl=1\",\"url\":\"https:\\\/\\\/i0.wp.com\\\/gersonguelmann.com.br\\\/blog\\\/wp-content\\\/uploads\\\/2021\\\/08\\\/BLOG.jpeg?fit=96%2C96&ssl=1\",\"contentUrl\":\"https:\\\/\\\/i0.wp.com\\\/gersonguelmann.com.br\\\/blog\\\/wp-content\\\/uploads\\\/2021\\\/08\\\/BLOG.jpeg?fit=96%2C96&ssl=1\",\"caption\":\"Gerson Guelmann\"},\"description\":\"Pitadas da sabedoria e do humor judaicos, assuntos do momento e um pouco das hist\u00f3rias que vivi e testemunhei.\"}]}<\/script>\n<!-- \/ Yoast SEO plugin. -->","yoast_head_json":{"title":"Os Militares e o Documento da CIA | Blog do Guelmann","robots":{"index":"index","follow":"follow","max-snippet":"max-snippet:-1","max-image-preview":"max-image-preview:large","max-video-preview":"max-video-preview:-1"},"canonical":"https:\/\/gersonguelmann.com.br\/blog\/os-militares-e-o-documento-da-cia\/","og_locale":"pt_BR","og_type":"article","og_title":"Os Militares e o Documento da CIA | Blog do Guelmann","og_description":"Do Blog do Noblat: &nbsp; Brasil,\u00a0Pol\u00edtica Os militares e o documento da CIA Questiona-se, de in\u00edcio, a autenticidade do documento Por\u00a0Ruy Fabiano 12 maio 2018, 10h00 O meio militar \u2013 o Ex\u00e9rcito, sobretudo \u2013 recebeu com estranheza e indigna\u00e7\u00e3o a divulga\u00e7\u00e3o de documento da CIA, datado de 1974, acusando os ex-presidentes M\u00e9dici e Geisel, e [&hellip;]","og_url":"https:\/\/gersonguelmann.com.br\/blog\/os-militares-e-o-documento-da-cia\/","og_site_name":"Blog do Guelmann","article_published_time":"2018-05-12T17:30:30+00:00","og_image":[{"width":300,"height":168,"url":"https:\/\/i0.wp.com\/gersonguelmann.com.br\/blog\/wp-content\/uploads\/2018\/05\/download-11.jpg?fit=300%2C168&ssl=1","type":"image\/jpeg"}],"author":"Gerson Guelmann","twitter_card":"summary_large_image","twitter_misc":{"Escrito por":"Gerson Guelmann","Est. tempo de leitura":"3 minutos"},"schema":{"@context":"https:\/\/schema.org","@graph":[{"@type":"Article","@id":"https:\/\/gersonguelmann.com.br\/blog\/os-militares-e-o-documento-da-cia\/#article","isPartOf":{"@id":"https:\/\/gersonguelmann.com.br\/blog\/os-militares-e-o-documento-da-cia\/"},"author":{"name":"Gerson Guelmann","@id":"https:\/\/gersonguelmann.com.br\/blog\/#\/schema\/person\/87e70e2a786888082f941a482c90569e"},"headline":"Os Militares e o Documento da CIA","datePublished":"2018-05-12T17:30:30+00:00","mainEntityOfPage":{"@id":"https:\/\/gersonguelmann.com.br\/blog\/os-militares-e-o-documento-da-cia\/"},"wordCount":683,"commentCount":0,"image":{"@id":"https:\/\/gersonguelmann.com.br\/blog\/os-militares-e-o-documento-da-cia\/#primaryimage"},"thumbnailUrl":"https:\/\/i0.wp.com\/gersonguelmann.com.br\/blog\/wp-content\/uploads\/2018\/05\/download-11.jpg?fit=300%2C168&ssl=1","inLanguage":"pt-BR","potentialAction":[{"@type":"CommentAction","name":"Comment","target":["https:\/\/gersonguelmann.com.br\/blog\/os-militares-e-o-documento-da-cia\/#respond"]}]},{"@type":"WebPage","@id":"https:\/\/gersonguelmann.com.br\/blog\/os-militares-e-o-documento-da-cia\/","url":"https:\/\/gersonguelmann.com.br\/blog\/os-militares-e-o-documento-da-cia\/","name":"Os Militares e o Documento da CIA | Blog do Guelmann","isPartOf":{"@id":"https:\/\/gersonguelmann.com.br\/blog\/#website"},"primaryImageOfPage":{"@id":"https:\/\/gersonguelmann.com.br\/blog\/os-militares-e-o-documento-da-cia\/#primaryimage"},"image":{"@id":"https:\/\/gersonguelmann.com.br\/blog\/os-militares-e-o-documento-da-cia\/#primaryimage"},"thumbnailUrl":"https:\/\/i0.wp.com\/gersonguelmann.com.br\/blog\/wp-content\/uploads\/2018\/05\/download-11.jpg?fit=300%2C168&ssl=1","datePublished":"2018-05-12T17:30:30+00:00","author":{"@id":"https:\/\/gersonguelmann.com.br\/blog\/#\/schema\/person\/87e70e2a786888082f941a482c90569e"},"inLanguage":"pt-BR","potentialAction":[{"@type":"ReadAction","target":["https:\/\/gersonguelmann.com.br\/blog\/os-militares-e-o-documento-da-cia\/"]}]},{"@type":"ImageObject","inLanguage":"pt-BR","@id":"https:\/\/gersonguelmann.com.br\/blog\/os-militares-e-o-documento-da-cia\/#primaryimage","url":"https:\/\/i0.wp.com\/gersonguelmann.com.br\/blog\/wp-content\/uploads\/2018\/05\/download-11.jpg?fit=300%2C168&ssl=1","contentUrl":"https:\/\/i0.wp.com\/gersonguelmann.com.br\/blog\/wp-content\/uploads\/2018\/05\/download-11.jpg?fit=300%2C168&ssl=1","width":300,"height":168},{"@type":"WebSite","@id":"https:\/\/gersonguelmann.com.br\/blog\/#website","url":"https:\/\/gersonguelmann.com.br\/blog\/","name":"Blog do Guelmann","description":"Pitadas da sabedoria e do humor judaicos, assuntos do momento e um pouco das hist\u00f3rias que vivi e testemunhei.","potentialAction":[{"@type":"SearchAction","target":{"@type":"EntryPoint","urlTemplate":"https:\/\/gersonguelmann.com.br\/blog\/?s={search_term_string}"},"query-input":{"@type":"PropertyValueSpecification","valueRequired":true,"valueName":"search_term_string"}}],"inLanguage":"pt-BR"},{"@type":"Person","@id":"https:\/\/gersonguelmann.com.br\/blog\/#\/schema\/person\/87e70e2a786888082f941a482c90569e","name":"Gerson Guelmann","image":{"@type":"ImageObject","inLanguage":"pt-BR","@id":"https:\/\/i0.wp.com\/gersonguelmann.com.br\/blog\/wp-content\/uploads\/2021\/08\/BLOG.jpeg?fit=96%2C96&ssl=1","url":"https:\/\/i0.wp.com\/gersonguelmann.com.br\/blog\/wp-content\/uploads\/2021\/08\/BLOG.jpeg?fit=96%2C96&ssl=1","contentUrl":"https:\/\/i0.wp.com\/gersonguelmann.com.br\/blog\/wp-content\/uploads\/2021\/08\/BLOG.jpeg?fit=96%2C96&ssl=1","caption":"Gerson Guelmann"},"description":"Pitadas da sabedoria e do humor judaicos, assuntos do momento e um pouco das hist\u00f3rias que vivi e testemunhei."}]}},"views":33,"jetpack_publicize_connections":[],"jetpack_featured_media_url":"https:\/\/i0.wp.com\/gersonguelmann.com.br\/blog\/wp-content\/uploads\/2018\/05\/download-11.jpg?fit=300%2C168&ssl=1","jetpack_shortlink":"https:\/\/wp.me\/p96e7O-3lq","jetpack-related-posts":[{"id":12808,"url":"https:\/\/gersonguelmann.com.br\/blog\/bolsonaro-e-as-execucoes-do-regime-militar-tapa-no-bumbum-do-filho\/","url_meta":{"origin":12860,"position":0},"title":"Bolsonaro e as Execu\u00e7\u00f5es do Regime Militar: \u2018Tapa no Bumbum do Filho\u2019","author":"Gerson Guelmann","date":"11 de maio de 2018","format":false,"excerpt":"Mat\u00e9ria da revista Isto\u00c9, publicada h\u00e1 pouco: BRASIL Bolsonaro compara execu\u00e7\u00f5es do regime militar a \u2018tapa no bumbum do filho\u2019 Estad\u00e3o Conte\u00fado 11\/05\/18 - 11h49 - Atualizado em 11\/05\/18 - 13h51 O pr\u00e9-candidato do PSL \u00e0 Presid\u00eancia da Rep\u00fablica, deputado federal Jair Bolsonaro (RJ), comparou as autoriza\u00e7\u00f5es sum\u00e1rias dadas pelo\u2026","rel":"","context":"Em &quot;Sem categoria&quot;","block_context":{"text":"Sem categoria","link":"https:\/\/gersonguelmann.com.br\/blog\/category\/sem-categoria\/"},"img":{"alt_text":"","src":"https:\/\/i0.wp.com\/gersonguelmann.com.br\/blog\/wp-content\/uploads\/2018\/05\/Bolsonaro.jpg?fit=1024%2C683&ssl=1&resize=350%2C200","width":350,"height":200,"srcset":"https:\/\/i0.wp.com\/gersonguelmann.com.br\/blog\/wp-content\/uploads\/2018\/05\/Bolsonaro.jpg?fit=1024%2C683&ssl=1&resize=350%2C200 1x, https:\/\/i0.wp.com\/gersonguelmann.com.br\/blog\/wp-content\/uploads\/2018\/05\/Bolsonaro.jpg?fit=1024%2C683&ssl=1&resize=525%2C300 1.5x, https:\/\/i0.wp.com\/gersonguelmann.com.br\/blog\/wp-content\/uploads\/2018\/05\/Bolsonaro.jpg?fit=1024%2C683&ssl=1&resize=700%2C400 2x"},"classes":[]},{"id":3923,"url":"https:\/\/gersonguelmann.com.br\/blog\/2111917-2112017-cem-anos-declaracao-balfour\/","url_meta":{"origin":12860,"position":1},"title":"2\/11\/1917 &#8211; 2\/11\/2017: Cem Anos da Declara\u00e7\u00e3o Balfour","author":"Gerson Guelmann","date":"2 de novembro de 2017","format":false,"excerpt":"O dia de hoje marca o 100\u00ba anivers\u00e1rio da emiss\u00e3o do documento que mais tarde\u00a0veio a ser conhecido como a Declara\u00e7\u00e3o de Balfour. O documento datilografado foi redigido por\u00a0Lord Arthur James Balfour, que durante 50 anos teve posi\u00e7\u00e3o proeminente dentro do Partido Conservador brit\u00e2nico, e\u00a0foi dirigido ao Lord Lionel Walter\u2026","rel":"","context":"Em &quot;Sem categoria&quot;","block_context":{"text":"Sem categoria","link":"https:\/\/gersonguelmann.com.br\/blog\/category\/sem-categoria\/"},"img":{"alt_text":"","src":"https:\/\/i0.wp.com\/gersonguelmann.com.br\/blog\/wp-content\/uploads\/2017\/11\/Balfour.jpg?fit=456%2C600&ssl=1&resize=350%2C200","width":350,"height":200},"classes":[]},{"id":26612,"url":"https:\/\/gersonguelmann.com.br\/blog\/um-documento-novo-o-mesmo-viajante-mundos-diferentes\/","url_meta":{"origin":12860,"position":2},"title":"Um Novo Passaporte. O Mesmo Viajante. Mundos Diferentes.","author":"Gerson Guelmann","date":"23 de fevereiro de 2026","format":false,"excerpt":"H\u00e1 poucos meses passei a ter direito ao passaporte alem\u00e3o. N\u00e3o por mudan\u00e7a de pa\u00eds, mas pelo reconhecimento da origem de minha m\u00e3e, que, ainda crian\u00e7a, com os pais e um irm\u00e3o menor, foi for\u00e7ada a deixar a Alemanha por conta da insanidade da besta-fera respons\u00e1vel pelo Holocausto. \u00c9 estranho\u2026","rel":"","context":"Em &quot;Sem categoria&quot;","block_context":{"text":"Sem categoria","link":"https:\/\/gersonguelmann.com.br\/blog\/category\/sem-categoria\/"},"img":{"alt_text":"","src":"https:\/\/i0.wp.com\/gersonguelmann.com.br\/blog\/wp-content\/uploads\/2026\/02\/HojePR-8.png?fit=1200%2C800&ssl=1&resize=350%2C200","width":350,"height":200,"srcset":"https:\/\/i0.wp.com\/gersonguelmann.com.br\/blog\/wp-content\/uploads\/2026\/02\/HojePR-8.png?fit=1200%2C800&ssl=1&resize=350%2C200 1x, https:\/\/i0.wp.com\/gersonguelmann.com.br\/blog\/wp-content\/uploads\/2026\/02\/HojePR-8.png?fit=1200%2C800&ssl=1&resize=525%2C300 1.5x, https:\/\/i0.wp.com\/gersonguelmann.com.br\/blog\/wp-content\/uploads\/2026\/02\/HojePR-8.png?fit=1200%2C800&ssl=1&resize=700%2C400 2x, https:\/\/i0.wp.com\/gersonguelmann.com.br\/blog\/wp-content\/uploads\/2026\/02\/HojePR-8.png?fit=1200%2C800&ssl=1&resize=1050%2C600 3x"},"classes":[]},{"id":13352,"url":"https:\/\/gersonguelmann.com.br\/blog\/israel-e-ira-quem-e-mais-forte\/","url_meta":{"origin":12860,"position":3},"title":"Israel e Ir\u00e3: Quem \u00e9 Mais Forte?","author":"Gerson Guelmann","date":"26 de maio de 2018","format":false,"excerpt":"Mat\u00e9ria publicada hoje no site SputnikNews: \u00a9 AP Photo \/ Ariel Schalit Confronta\u00e7\u00e3o militar entre Ir\u00e3 e Israel: quem \u00e9 mais forte? ORIENTE M\u00c9DIO E \u00c1FRICA 11:10 26.05.2018 Nas \u00faltimas semanas as tens\u00f5es nas rela\u00e7\u00f5es iraniano-israelenses t\u00eam se agravado. O Ir\u00e3 aumenta sua presen\u00e7a na S\u00edria e a atividade das\u2026","rel":"","context":"Em &quot;Sem categoria&quot;","block_context":{"text":"Sem categoria","link":"https:\/\/gersonguelmann.com.br\/blog\/category\/sem-categoria\/"},"img":{"alt_text":"","src":"https:\/\/i0.wp.com\/gersonguelmann.com.br\/blog\/wp-content\/uploads\/2018\/05\/1-16.jpg?fit=1000%2C541&ssl=1&resize=350%2C200","width":350,"height":200,"srcset":"https:\/\/i0.wp.com\/gersonguelmann.com.br\/blog\/wp-content\/uploads\/2018\/05\/1-16.jpg?fit=1000%2C541&ssl=1&resize=350%2C200 1x, https:\/\/i0.wp.com\/gersonguelmann.com.br\/blog\/wp-content\/uploads\/2018\/05\/1-16.jpg?fit=1000%2C541&ssl=1&resize=525%2C300 1.5x, https:\/\/i0.wp.com\/gersonguelmann.com.br\/blog\/wp-content\/uploads\/2018\/05\/1-16.jpg?fit=1000%2C541&ssl=1&resize=700%2C400 2x"},"classes":[]},{"id":13381,"url":"https:\/\/gersonguelmann.com.br\/blog\/tres-imagens-inesqueciveis\/","url_meta":{"origin":12860,"position":4},"title":"Tr\u00eas Imagens Inesquec\u00edveis","author":"Gerson Guelmann","date":"27 de maio de 2018","format":false,"excerpt":"Compartilho o \u00f3timo texto do Bol\u00edvar Lamounier publicado no \u00faltimo dia 25 na revista Isto\u00c9. Acho que a analogia que ele faz exp\u00f5e de forma bem clara porque o Brasil est\u00e1 como est\u00e1: 25\/maio\/18 - 18h00 Tr\u00eas imagens que n\u00e3o d\u00e1 para esquecer Tr\u00eas imagens me vieram hoje \u00e0 mem\u00f3ria,\u2026","rel":"","context":"Em &quot;Sem categoria&quot;","block_context":{"text":"Sem categoria","link":"https:\/\/gersonguelmann.com.br\/blog\/category\/sem-categoria\/"},"img":{"alt_text":"","src":"https:\/\/i0.wp.com\/gersonguelmann.com.br\/blog\/wp-content\/uploads\/2018\/05\/download-1-2-300x168.jpg?resize=350%2C200&ssl=1","width":350,"height":200},"classes":[]},{"id":13705,"url":"https:\/\/gersonguelmann.com.br\/blog\/juiza-manda-prender-advogado-e-ele-da-voz-de-prisao-a-juiza\/","url_meta":{"origin":12860,"position":5},"title":"Juiza Manda Prender Advogado e Ele D\u00e1 Voz de Pris\u00e3o \u00e0 Juiza","author":"Gerson Guelmann","date":"6 de junho de 2018","format":false,"excerpt":"Imagem:\u00a0gilbertoleda.com.br Aconteceu ontem em S\u00e3o Lu\u00eds do Maranh\u00e3o: em audi\u00eancia no 1\u00ba Juizado Criminal, a ju\u00edza\u00a0Andr\u00e9a Permulter deu voz de pris\u00e3o ao advogado Tufi Maluf. As\u00a0informa\u00e7\u00f5es dispon\u00edveis d\u00e3o conta de que a ju\u00edza teria impedido o advogado de acessar o processo que seria julgado, quando ele, revoltado, reagiu, tendo ent\u00e3o\u00a0\u2026","rel":"","context":"Em &quot;Sem categoria&quot;","block_context":{"text":"Sem categoria","link":"https:\/\/gersonguelmann.com.br\/blog\/category\/sem-categoria\/"},"img":{"alt_text":"","src":"https:\/\/i0.wp.com\/gersonguelmann.com.br\/blog\/wp-content\/uploads\/2018\/06\/MA.jpg?fit=768%2C768&ssl=1&resize=350%2C200","width":350,"height":200,"srcset":"https:\/\/i0.wp.com\/gersonguelmann.com.br\/blog\/wp-content\/uploads\/2018\/06\/MA.jpg?fit=768%2C768&ssl=1&resize=350%2C200 1x, https:\/\/i0.wp.com\/gersonguelmann.com.br\/blog\/wp-content\/uploads\/2018\/06\/MA.jpg?fit=768%2C768&ssl=1&resize=525%2C300 1.5x, https:\/\/i0.wp.com\/gersonguelmann.com.br\/blog\/wp-content\/uploads\/2018\/06\/MA.jpg?fit=768%2C768&ssl=1&resize=700%2C400 2x"},"classes":[]}],"jetpack_sharing_enabled":true,"post_mailing_queue_ids":[],"_links":{"self":[{"href":"https:\/\/gersonguelmann.com.br\/blog\/wp-json\/wp\/v2\/posts\/12860","targetHints":{"allow":["GET"]}}],"collection":[{"href":"https:\/\/gersonguelmann.com.br\/blog\/wp-json\/wp\/v2\/posts"}],"about":[{"href":"https:\/\/gersonguelmann.com.br\/blog\/wp-json\/wp\/v2\/types\/post"}],"author":[{"embeddable":true,"href":"https:\/\/gersonguelmann.com.br\/blog\/wp-json\/wp\/v2\/users\/5"}],"replies":[{"embeddable":true,"href":"https:\/\/gersonguelmann.com.br\/blog\/wp-json\/wp\/v2\/comments?post=12860"}],"version-history":[{"count":0,"href":"https:\/\/gersonguelmann.com.br\/blog\/wp-json\/wp\/v2\/posts\/12860\/revisions"}],"wp:featuredmedia":[{"embeddable":true,"href":"https:\/\/gersonguelmann.com.br\/blog\/wp-json\/wp\/v2\/media\/12861"}],"wp:attachment":[{"href":"https:\/\/gersonguelmann.com.br\/blog\/wp-json\/wp\/v2\/media?parent=12860"}],"wp:term":[{"taxonomy":"category","embeddable":true,"href":"https:\/\/gersonguelmann.com.br\/blog\/wp-json\/wp\/v2\/categories?post=12860"},{"taxonomy":"post_tag","embeddable":true,"href":"https:\/\/gersonguelmann.com.br\/blog\/wp-json\/wp\/v2\/tags?post=12860"}],"curies":[{"name":"wp","href":"https:\/\/api.w.org\/{rel}","templated":true}]}}