    {"id":12863,"date":"2018-05-12T16:21:03","date_gmt":"2018-05-12T19:21:03","guid":{"rendered":"https:\/\/gersonguelmann.com.br\/blog\/?p=12863"},"modified":"2018-05-12T16:21:46","modified_gmt":"2018-05-12T19:21:46","slug":"a-fortuna-do-doleiro-messer","status":"publish","type":"post","link":"https:\/\/gersonguelmann.com.br\/blog\/a-fortuna-do-doleiro-messer\/","title":{"rendered":"A Fortuna do Doleiro Messer"},"content":{"rendered":"<p><span style=\"color: #000000; font-family: georgia, palatino, serif; font-size: 18pt;\">Mat\u00e9ria que a revista Isto\u00c9 acaba de publicar sobre o doleiro Dario Messer e sua vida:<\/span><\/p>\n<p class=\"tags-materia\"><span style=\"color: #ff0000;\"><strong>BRASIL<\/strong><\/span><\/p>\n<p><span style=\"font-size: 24pt;\"><strong><span style=\"color: #000000;\">A fortuna de Messer<\/span><\/strong><\/span><\/p>\n<p><strong><span style=\"color: #808080; font-size: 14pt;\">O doleiro Dario Messer movimentou quase R$ 6 bilh\u00f5es de pol\u00edticos e empres\u00e1rios brasileiros no exterior. Como recompensa, levava vida de magnata, com mans\u00f5es, j\u00f3ias e obras de arte milion\u00e1rias<\/span><\/strong><\/p>\n<p><span style=\"color: #000000;\"><img data-recalc-dims=\"1\" fetchpriority=\"high\" decoding=\"async\" data-attachment-id=\"12864\" data-permalink=\"https:\/\/gersonguelmann.com.br\/blog\/a-fortuna-do-doleiro-messer\/1-11\/\" data-orig-file=\"https:\/\/i0.wp.com\/gersonguelmann.com.br\/blog\/wp-content\/uploads\/2018\/05\/1-1.png?fit=418%2C235&amp;ssl=1\" data-orig-size=\"418,235\" data-comments-opened=\"1\" data-image-meta=\"{&quot;aperture&quot;:&quot;0&quot;,&quot;credit&quot;:&quot;&quot;,&quot;camera&quot;:&quot;&quot;,&quot;caption&quot;:&quot;&quot;,&quot;created_timestamp&quot;:&quot;0&quot;,&quot;copyright&quot;:&quot;&quot;,&quot;focal_length&quot;:&quot;0&quot;,&quot;iso&quot;:&quot;0&quot;,&quot;shutter_speed&quot;:&quot;0&quot;,&quot;title&quot;:&quot;&quot;,&quot;orientation&quot;:&quot;0&quot;}\" data-image-title=\"1\" data-image-description=\"\" data-image-caption=\"\" data-medium-file=\"https:\/\/i0.wp.com\/gersonguelmann.com.br\/blog\/wp-content\/uploads\/2018\/05\/1-1.png?fit=300%2C169&amp;ssl=1\" data-large-file=\"https:\/\/i0.wp.com\/gersonguelmann.com.br\/blog\/wp-content\/uploads\/2018\/05\/1-1.png?fit=418%2C235&amp;ssl=1\" class=\"size-medium wp-image-12864 aligncenter\" src=\"https:\/\/i0.wp.com\/gersonguelmann.com.br\/blog\/wp-content\/uploads\/2018\/05\/1-1.png?resize=300%2C169&#038;ssl=1\" alt=\"\" width=\"300\" height=\"169\" srcset=\"https:\/\/i0.wp.com\/gersonguelmann.com.br\/blog\/wp-content\/uploads\/2018\/05\/1-1.png?resize=300%2C169&amp;ssl=1 300w, https:\/\/i0.wp.com\/gersonguelmann.com.br\/blog\/wp-content\/uploads\/2018\/05\/1-1.png?w=418&amp;ssl=1 418w\" sizes=\"(max-width: 300px) 100vw, 300px\" \/><\/span><\/p>\n<p class=\"author\"><span style=\"color: #ff0000;\"><strong>Ary Filgueira<\/strong><\/span><br \/>\n<span style=\"color: #000000;\"><time datetime=\"2018-05-11 18:00\">11\/05\/18 &#8211; 18h00<\/time><\/span><\/p>\n<p><span style=\"color: #000000; font-size: 14pt;\">Na avalia\u00e7\u00e3o de delegados da Pol\u00edcia Federal, a Opera\u00e7\u00e3o \u201cC\u00e2mbio, desligo\u201d, desenvolvida a partir do dia 3 de maio, tem potencial para gerar mais uma nova Opera\u00e7\u00e3o Lava Jato. \u00c9 um potencial impressionante, j\u00e1 que a Lava Jato \u00e9, de longe, a maior a\u00e7\u00e3o de combate \u00e0 corrup\u00e7\u00e3o desferida no pa\u00eds. O potencial vem do fato de que a nova opera\u00e7\u00e3o envolve 46 doleiros que tiveram pris\u00e3o decretada, dos quais 11 continuam foragidos e est\u00e3o sendo ca\u00e7ados pela Interpol no mundo afora. Entre os fugitivos est\u00e1 Dario Messer, considerado como o \u201cdoleiro dos doleiros\u201d, que atua a partir do Rio de Janeiro, mas que tem base em Hernand\u00e1rias, no Paraguai, e opera\u00e7\u00f5es no Uruguai e outros 52 pa\u00edses envolvidos com esquemas de lavagem de dinheiro. Messer acumulou uma fortuna de US$ 24 milh\u00f5es (R$ 86,4 milh\u00f5es) nos \u00faltimos sete anos com a lavagem de dinheiro para empres\u00e1rios e pol\u00edticos brasileiros. Alertado sobre a opera\u00e7\u00e3o da PF, Messer fugiu antes de ser preso e possivelmente esteja escondido no Paraguai ou em Israel, onde sua fam\u00edlia teve origem.<\/span><\/p>\n<p><span style=\"color: #000000;\"><img data-recalc-dims=\"1\" decoding=\"async\" data-attachment-id=\"12865\" data-permalink=\"https:\/\/gersonguelmann.com.br\/blog\/a-fortuna-do-doleiro-messer\/2-11\/\" data-orig-file=\"https:\/\/i0.wp.com\/gersonguelmann.com.br\/blog\/wp-content\/uploads\/2018\/05\/2-1.png?fit=1024%2C576&amp;ssl=1\" data-orig-size=\"1024,576\" data-comments-opened=\"1\" data-image-meta=\"{&quot;aperture&quot;:&quot;0&quot;,&quot;credit&quot;:&quot;&quot;,&quot;camera&quot;:&quot;&quot;,&quot;caption&quot;:&quot;&quot;,&quot;created_timestamp&quot;:&quot;0&quot;,&quot;copyright&quot;:&quot;&quot;,&quot;focal_length&quot;:&quot;0&quot;,&quot;iso&quot;:&quot;0&quot;,&quot;shutter_speed&quot;:&quot;0&quot;,&quot;title&quot;:&quot;&quot;,&quot;orientation&quot;:&quot;0&quot;}\" data-image-title=\"2\" data-image-description=\"\" data-image-caption=\"\" data-medium-file=\"https:\/\/i0.wp.com\/gersonguelmann.com.br\/blog\/wp-content\/uploads\/2018\/05\/2-1.png?fit=300%2C169&amp;ssl=1\" data-large-file=\"https:\/\/i0.wp.com\/gersonguelmann.com.br\/blog\/wp-content\/uploads\/2018\/05\/2-1.png?fit=640%2C360&amp;ssl=1\" class=\"size-medium wp-image-12865 aligncenter\" src=\"https:\/\/i0.wp.com\/gersonguelmann.com.br\/blog\/wp-content\/uploads\/2018\/05\/2-1.png?resize=300%2C169&#038;ssl=1\" alt=\"\" width=\"300\" height=\"169\" srcset=\"https:\/\/i0.wp.com\/gersonguelmann.com.br\/blog\/wp-content\/uploads\/2018\/05\/2-1.png?resize=300%2C169&amp;ssl=1 300w, https:\/\/i0.wp.com\/gersonguelmann.com.br\/blog\/wp-content\/uploads\/2018\/05\/2-1.png?resize=768%2C432&amp;ssl=1 768w, https:\/\/i0.wp.com\/gersonguelmann.com.br\/blog\/wp-content\/uploads\/2018\/05\/2-1.png?w=1024&amp;ssl=1 1024w\" sizes=\"(max-width: 300px) 100vw, 300px\" \/><\/span><\/p>\n<p style=\"text-align: center;\"><span style=\"color: #000000;\"><span style=\"color: #ff0000;\"><strong>R$ 3,6 milh\u00f5es<\/strong><\/span>\u00a0\u2013 <span style=\"color: #808080;\"><strong>Esse \u00e9 o pre\u00e7o avaliado por imobili\u00e1rias paraguaias para a mans\u00e3o que o doleiro Messer possui no Paran\u00e1 Country Club, em Hernandarias, no Paraguai (Cr\u00e9dito: Divulga\u00e7\u00e3o)<\/strong><\/span><\/span><\/p>\n<p><span style=\"color: #000000;\"><strong><span style=\"color: #ff0000;\">Galeria de arte<\/span><br \/>\n<\/strong><span style=\"font-size: 14pt;\">A fortuna de Messer \u00e9 incalcul\u00e1vel entre im\u00f3veis milion\u00e1rios no Rio e no Paraguai, em j\u00f3ias car\u00edssimas e obras de arte estimadas em no m\u00ednimo R$ 30 milh\u00f5es, referentes a 39 quadros de artistas como Di Cavalcanti, Portinari, Sigaud e Pancetti, apreendidos pela PF na cobertura do doleiro na avenida Delfim Moreira, no luxuoso bairro do Leblon, no Rio. Um \u00fanico Di Cavalcanti que ornamenta a sala de seu apartamento est\u00e1 avaliado em R$ 1 milh\u00e3o. O apartamento vale R$ 13 milh\u00f5es. Antes da opera\u00e7\u00e3o, no entanto, ningu\u00e9m dava nada por ele. Apesar de milion\u00e1rio, Messer andava pelas ruas do Leblon \u00e0 bordo de um scooter sem placas (para n\u00e3o tomar multas). N\u00e3o usava capacete e estava sempre vestido com h\u00e1bitos franciscanos: bermuda, camisa surrada e chinelos.<\/span><\/span><\/p>\n<p style=\"text-align: center;\"><span style=\"color: #000000;\"><img data-recalc-dims=\"1\" decoding=\"async\" data-attachment-id=\"12866\" data-permalink=\"https:\/\/gersonguelmann.com.br\/blog\/a-fortuna-do-doleiro-messer\/3-6\/\" data-orig-file=\"https:\/\/i0.wp.com\/gersonguelmann.com.br\/blog\/wp-content\/uploads\/2018\/05\/3.png?fit=1024%2C576&amp;ssl=1\" data-orig-size=\"1024,576\" data-comments-opened=\"1\" data-image-meta=\"{&quot;aperture&quot;:&quot;0&quot;,&quot;credit&quot;:&quot;&quot;,&quot;camera&quot;:&quot;&quot;,&quot;caption&quot;:&quot;&quot;,&quot;created_timestamp&quot;:&quot;0&quot;,&quot;copyright&quot;:&quot;&quot;,&quot;focal_length&quot;:&quot;0&quot;,&quot;iso&quot;:&quot;0&quot;,&quot;shutter_speed&quot;:&quot;0&quot;,&quot;title&quot;:&quot;&quot;,&quot;orientation&quot;:&quot;0&quot;}\" data-image-title=\"3\" data-image-description=\"\" data-image-caption=\"\" data-medium-file=\"https:\/\/i0.wp.com\/gersonguelmann.com.br\/blog\/wp-content\/uploads\/2018\/05\/3.png?fit=300%2C169&amp;ssl=1\" data-large-file=\"https:\/\/i0.wp.com\/gersonguelmann.com.br\/blog\/wp-content\/uploads\/2018\/05\/3.png?fit=640%2C360&amp;ssl=1\" class=\"alignnone size-medium wp-image-12866\" src=\"https:\/\/i0.wp.com\/gersonguelmann.com.br\/blog\/wp-content\/uploads\/2018\/05\/3.png?resize=300%2C169&#038;ssl=1\" alt=\"\" width=\"300\" height=\"169\" srcset=\"https:\/\/i0.wp.com\/gersonguelmann.com.br\/blog\/wp-content\/uploads\/2018\/05\/3.png?resize=300%2C169&amp;ssl=1 300w, https:\/\/i0.wp.com\/gersonguelmann.com.br\/blog\/wp-content\/uploads\/2018\/05\/3.png?resize=768%2C432&amp;ssl=1 768w, https:\/\/i0.wp.com\/gersonguelmann.com.br\/blog\/wp-content\/uploads\/2018\/05\/3.png?w=1024&amp;ssl=1 1024w\" sizes=\"(max-width: 300px) 100vw, 300px\" \/><\/span><\/p>\n<p style=\"text-align: center;\"><span style=\"color: #000000;\"><span style=\"color: #ff0000;\"><strong>R$ 13 milh\u00f5es<\/strong><\/span>\u00a0<span style=\"color: #808080;\"><strong>\u2013 Valor estimado por imobili\u00e1rias do Rio de Janeiro para a cobertura do doleiro no sofisticado bairro do Leblon (Cr\u00e9dito: Divulga\u00e7\u00e3o)<\/strong><\/span><\/span><\/p>\n<p><span style=\"color: #000000; font-size: 14pt;\">A opera\u00e7\u00e3o da PF acabou trazendo luz \u00e0s atividades ilegais de Messer. Ele foi denunciado em dela\u00e7\u00f5es dos doleiros Cl\u00e1udio Barbosa, o Tony, e Vin\u00edcius Claret, o Juca Bala, presos durante as investiga\u00e7\u00f5es que levaram o ex-governador S\u00e9rgio Cabral para a cadeia. A PF acabou descobrindo que o \u201cdoleiro dos doleiros\u201d \u00e9 respons\u00e1vel por gerir 3 mil empresas offshore em 52 pa\u00edses, que movimentavam US$ 1,6 bilh\u00e3o (R$ 5,7 bilh\u00f5es) e ficam em para\u00edsos fiscais, onde s\u00e3o usadas para ocultar o verdadeiro dono do patrim\u00f4nio depositado em contas secretas.\u00a0Para lavar o dinheiro, Messer chegou a montar um banco em Ant\u00edgua e Barbuda, na Am\u00e9rica Central, denominado EVG. De 2011 a 2016, esse banco deu um lucro de US$ 15 milh\u00f5es para Messer. Sua vida de il\u00edcitos atinge tamb\u00e9m suas atividades no Paraguai, onde tem im\u00f3veis e uma rela\u00e7\u00e3o muito estreita com o presidente daquele Pa\u00eds, Hor\u00e1cio Cartes. Dario herdou o of\u00edcio de doleiro de seu pai, Mordko Messer, um especialista nesse tipo de crime. Empres\u00e1rios e pol\u00edticos brasileiros est\u00e3o em p\u00e2nico com a revela\u00e7\u00e3o do esquema de Messer e com o que ele poder\u00e1 falar quando for preso.<\/span><\/p>\n<p><span style=\"color: #000000; font-family: georgia, palatino, serif; font-size: 18pt;\">A publica\u00e7\u00e3o original pode ser acessada <span style=\"color: #0000ff;\"><a style=\"color: #0000ff;\" href=\"https:\/\/istoe.com.br\/a-fortuna-de-messer\/\"><em><strong>neste link<\/strong><\/em><\/a><\/span>.<\/span><\/p>\n","protected":false},"excerpt":{"rendered":"<p>Mat\u00e9ria que a revista Isto\u00c9 acaba de publicar sobre o doleiro Dario Messer e sua vida: BRASIL A fortuna de Messer O doleiro Dario Messer movimentou quase R$ 6 bilh\u00f5es de pol\u00edticos e empres\u00e1rios brasileiros no exterior. Como recompensa, levava vida de magnata, com mans\u00f5es, j\u00f3ias e obras de arte milion\u00e1rias Ary Filgueira 11\/05\/18 &#8211; [&hellip;]<\/p>\n","protected":false},"author":5,"featured_media":12864,"comment_status":"open","ping_status":"open","sticky":false,"template":"","format":"standard","meta":{"_acf_changed":false,"jetpack_post_was_ever_published":false,"_jetpack_newsletter_access":"","_jetpack_dont_email_post_to_subs":false,"_jetpack_newsletter_tier_id":0,"_jetpack_memberships_contains_paywalled_content":false,"_jetpack_memberships_contains_paid_content":false,"footnotes":"","jetpack_publicize_message":"","jetpack_publicize_feature_enabled":true,"jetpack_social_post_already_shared":true,"jetpack_social_options":{"image_generator_settings":{"template":"highway","default_image_id":0,"font":"","enabled":false},"version":2}},"categories":[1],"tags":[],"class_list":["post-12863","post","type-post","status-publish","format-standard","has-post-thumbnail","hentry","category-sem-categoria"],"acf":[],"yoast_head":"<!-- This site is optimized with the Yoast SEO plugin v27.3 - https:\/\/yoast.com\/product\/yoast-seo-wordpress\/ -->\n<title>A Fortuna do Doleiro Messer | Blog do Guelmann<\/title>\n<meta name=\"robots\" content=\"index, follow, max-snippet:-1, max-image-preview:large, max-video-preview:-1\" \/>\n<link rel=\"canonical\" href=\"https:\/\/gersonguelmann.com.br\/blog\/a-fortuna-do-doleiro-messer\/\" \/>\n<meta property=\"og:locale\" content=\"pt_BR\" \/>\n<meta property=\"og:type\" content=\"article\" \/>\n<meta property=\"og:title\" content=\"A Fortuna do Doleiro Messer | Blog do Guelmann\" \/>\n<meta property=\"og:description\" content=\"Mat\u00e9ria que a revista Isto\u00c9 acaba de publicar sobre o doleiro Dario Messer e sua vida: BRASIL A fortuna de Messer O doleiro Dario Messer movimentou quase R$ 6 bilh\u00f5es de pol\u00edticos e empres\u00e1rios brasileiros no exterior. Como recompensa, levava vida de magnata, com mans\u00f5es, j\u00f3ias e obras de arte milion\u00e1rias Ary Filgueira 11\/05\/18 &#8211; [&hellip;]\" \/>\n<meta property=\"og:url\" content=\"https:\/\/gersonguelmann.com.br\/blog\/a-fortuna-do-doleiro-messer\/\" \/>\n<meta property=\"og:site_name\" content=\"Blog do Guelmann\" \/>\n<meta property=\"article:published_time\" content=\"2018-05-12T19:21:03+00:00\" \/>\n<meta property=\"article:modified_time\" content=\"2018-05-12T19:21:46+00:00\" \/>\n<meta property=\"og:image\" content=\"https:\/\/i0.wp.com\/gersonguelmann.com.br\/blog\/wp-content\/uploads\/2018\/05\/1-1.png?fit=418%2C235&ssl=1\" \/>\n\t<meta property=\"og:image:width\" content=\"418\" \/>\n\t<meta property=\"og:image:height\" content=\"235\" \/>\n\t<meta property=\"og:image:type\" content=\"image\/png\" \/>\n<meta name=\"author\" content=\"Gerson Guelmann\" \/>\n<meta name=\"twitter:card\" content=\"summary_large_image\" \/>\n<meta name=\"twitter:label1\" content=\"Escrito por\" \/>\n\t<meta name=\"twitter:data1\" content=\"Gerson Guelmann\" \/>\n\t<meta name=\"twitter:label2\" content=\"Est. tempo de leitura\" \/>\n\t<meta name=\"twitter:data2\" content=\"3 minutos\" \/>\n<script type=\"application\/ld+json\" class=\"yoast-schema-graph\">{\"@context\":\"https:\\\/\\\/schema.org\",\"@graph\":[{\"@type\":\"Article\",\"@id\":\"https:\\\/\\\/gersonguelmann.com.br\\\/blog\\\/a-fortuna-do-doleiro-messer\\\/#article\",\"isPartOf\":{\"@id\":\"https:\\\/\\\/gersonguelmann.com.br\\\/blog\\\/a-fortuna-do-doleiro-messer\\\/\"},\"author\":{\"name\":\"Gerson Guelmann\",\"@id\":\"https:\\\/\\\/gersonguelmann.com.br\\\/blog\\\/#\\\/schema\\\/person\\\/87e70e2a786888082f941a482c90569e\"},\"headline\":\"A Fortuna do Doleiro Messer\",\"datePublished\":\"2018-05-12T19:21:03+00:00\",\"dateModified\":\"2018-05-12T19:21:46+00:00\",\"mainEntityOfPage\":{\"@id\":\"https:\\\/\\\/gersonguelmann.com.br\\\/blog\\\/a-fortuna-do-doleiro-messer\\\/\"},\"wordCount\":670,\"commentCount\":0,\"image\":{\"@id\":\"https:\\\/\\\/gersonguelmann.com.br\\\/blog\\\/a-fortuna-do-doleiro-messer\\\/#primaryimage\"},\"thumbnailUrl\":\"https:\\\/\\\/i0.wp.com\\\/gersonguelmann.com.br\\\/blog\\\/wp-content\\\/uploads\\\/2018\\\/05\\\/1-1.png?fit=418%2C235&ssl=1\",\"inLanguage\":\"pt-BR\",\"potentialAction\":[{\"@type\":\"CommentAction\",\"name\":\"Comment\",\"target\":[\"https:\\\/\\\/gersonguelmann.com.br\\\/blog\\\/a-fortuna-do-doleiro-messer\\\/#respond\"]}]},{\"@type\":\"WebPage\",\"@id\":\"https:\\\/\\\/gersonguelmann.com.br\\\/blog\\\/a-fortuna-do-doleiro-messer\\\/\",\"url\":\"https:\\\/\\\/gersonguelmann.com.br\\\/blog\\\/a-fortuna-do-doleiro-messer\\\/\",\"name\":\"A Fortuna do Doleiro Messer | Blog do Guelmann\",\"isPartOf\":{\"@id\":\"https:\\\/\\\/gersonguelmann.com.br\\\/blog\\\/#website\"},\"primaryImageOfPage\":{\"@id\":\"https:\\\/\\\/gersonguelmann.com.br\\\/blog\\\/a-fortuna-do-doleiro-messer\\\/#primaryimage\"},\"image\":{\"@id\":\"https:\\\/\\\/gersonguelmann.com.br\\\/blog\\\/a-fortuna-do-doleiro-messer\\\/#primaryimage\"},\"thumbnailUrl\":\"https:\\\/\\\/i0.wp.com\\\/gersonguelmann.com.br\\\/blog\\\/wp-content\\\/uploads\\\/2018\\\/05\\\/1-1.png?fit=418%2C235&ssl=1\",\"datePublished\":\"2018-05-12T19:21:03+00:00\",\"dateModified\":\"2018-05-12T19:21:46+00:00\",\"author\":{\"@id\":\"https:\\\/\\\/gersonguelmann.com.br\\\/blog\\\/#\\\/schema\\\/person\\\/87e70e2a786888082f941a482c90569e\"},\"inLanguage\":\"pt-BR\",\"potentialAction\":[{\"@type\":\"ReadAction\",\"target\":[\"https:\\\/\\\/gersonguelmann.com.br\\\/blog\\\/a-fortuna-do-doleiro-messer\\\/\"]}]},{\"@type\":\"ImageObject\",\"inLanguage\":\"pt-BR\",\"@id\":\"https:\\\/\\\/gersonguelmann.com.br\\\/blog\\\/a-fortuna-do-doleiro-messer\\\/#primaryimage\",\"url\":\"https:\\\/\\\/i0.wp.com\\\/gersonguelmann.com.br\\\/blog\\\/wp-content\\\/uploads\\\/2018\\\/05\\\/1-1.png?fit=418%2C235&ssl=1\",\"contentUrl\":\"https:\\\/\\\/i0.wp.com\\\/gersonguelmann.com.br\\\/blog\\\/wp-content\\\/uploads\\\/2018\\\/05\\\/1-1.png?fit=418%2C235&ssl=1\",\"width\":418,\"height\":235},{\"@type\":\"WebSite\",\"@id\":\"https:\\\/\\\/gersonguelmann.com.br\\\/blog\\\/#website\",\"url\":\"https:\\\/\\\/gersonguelmann.com.br\\\/blog\\\/\",\"name\":\"Blog do Guelmann\",\"description\":\"Pitadas da sabedoria e do humor judaicos, assuntos do momento e um pouco das hist\u00f3rias que vivi e testemunhei.\",\"potentialAction\":[{\"@type\":\"SearchAction\",\"target\":{\"@type\":\"EntryPoint\",\"urlTemplate\":\"https:\\\/\\\/gersonguelmann.com.br\\\/blog\\\/?s={search_term_string}\"},\"query-input\":{\"@type\":\"PropertyValueSpecification\",\"valueRequired\":true,\"valueName\":\"search_term_string\"}}],\"inLanguage\":\"pt-BR\"},{\"@type\":\"Person\",\"@id\":\"https:\\\/\\\/gersonguelmann.com.br\\\/blog\\\/#\\\/schema\\\/person\\\/87e70e2a786888082f941a482c90569e\",\"name\":\"Gerson Guelmann\",\"image\":{\"@type\":\"ImageObject\",\"inLanguage\":\"pt-BR\",\"@id\":\"https:\\\/\\\/i0.wp.com\\\/gersonguelmann.com.br\\\/blog\\\/wp-content\\\/uploads\\\/2021\\\/08\\\/BLOG.jpeg?fit=96%2C96&ssl=1\",\"url\":\"https:\\\/\\\/i0.wp.com\\\/gersonguelmann.com.br\\\/blog\\\/wp-content\\\/uploads\\\/2021\\\/08\\\/BLOG.jpeg?fit=96%2C96&ssl=1\",\"contentUrl\":\"https:\\\/\\\/i0.wp.com\\\/gersonguelmann.com.br\\\/blog\\\/wp-content\\\/uploads\\\/2021\\\/08\\\/BLOG.jpeg?fit=96%2C96&ssl=1\",\"caption\":\"Gerson Guelmann\"},\"description\":\"Pitadas da sabedoria e do humor judaicos, assuntos do momento e um pouco das hist\u00f3rias que vivi e testemunhei.\"}]}<\/script>\n<!-- \/ Yoast SEO plugin. -->","yoast_head_json":{"title":"A Fortuna do Doleiro Messer | Blog do Guelmann","robots":{"index":"index","follow":"follow","max-snippet":"max-snippet:-1","max-image-preview":"max-image-preview:large","max-video-preview":"max-video-preview:-1"},"canonical":"https:\/\/gersonguelmann.com.br\/blog\/a-fortuna-do-doleiro-messer\/","og_locale":"pt_BR","og_type":"article","og_title":"A Fortuna do Doleiro Messer | Blog do Guelmann","og_description":"Mat\u00e9ria que a revista Isto\u00c9 acaba de publicar sobre o doleiro Dario Messer e sua vida: BRASIL A fortuna de Messer O doleiro Dario Messer movimentou quase R$ 6 bilh\u00f5es de pol\u00edticos e empres\u00e1rios brasileiros no exterior. Como recompensa, levava vida de magnata, com mans\u00f5es, j\u00f3ias e obras de arte milion\u00e1rias Ary Filgueira 11\/05\/18 &#8211; [&hellip;]","og_url":"https:\/\/gersonguelmann.com.br\/blog\/a-fortuna-do-doleiro-messer\/","og_site_name":"Blog do Guelmann","article_published_time":"2018-05-12T19:21:03+00:00","article_modified_time":"2018-05-12T19:21:46+00:00","og_image":[{"width":418,"height":235,"url":"https:\/\/i0.wp.com\/gersonguelmann.com.br\/blog\/wp-content\/uploads\/2018\/05\/1-1.png?fit=418%2C235&ssl=1","type":"image\/png"}],"author":"Gerson Guelmann","twitter_card":"summary_large_image","twitter_misc":{"Escrito por":"Gerson Guelmann","Est. tempo de leitura":"3 minutos"},"schema":{"@context":"https:\/\/schema.org","@graph":[{"@type":"Article","@id":"https:\/\/gersonguelmann.com.br\/blog\/a-fortuna-do-doleiro-messer\/#article","isPartOf":{"@id":"https:\/\/gersonguelmann.com.br\/blog\/a-fortuna-do-doleiro-messer\/"},"author":{"name":"Gerson Guelmann","@id":"https:\/\/gersonguelmann.com.br\/blog\/#\/schema\/person\/87e70e2a786888082f941a482c90569e"},"headline":"A Fortuna do Doleiro Messer","datePublished":"2018-05-12T19:21:03+00:00","dateModified":"2018-05-12T19:21:46+00:00","mainEntityOfPage":{"@id":"https:\/\/gersonguelmann.com.br\/blog\/a-fortuna-do-doleiro-messer\/"},"wordCount":670,"commentCount":0,"image":{"@id":"https:\/\/gersonguelmann.com.br\/blog\/a-fortuna-do-doleiro-messer\/#primaryimage"},"thumbnailUrl":"https:\/\/i0.wp.com\/gersonguelmann.com.br\/blog\/wp-content\/uploads\/2018\/05\/1-1.png?fit=418%2C235&ssl=1","inLanguage":"pt-BR","potentialAction":[{"@type":"CommentAction","name":"Comment","target":["https:\/\/gersonguelmann.com.br\/blog\/a-fortuna-do-doleiro-messer\/#respond"]}]},{"@type":"WebPage","@id":"https:\/\/gersonguelmann.com.br\/blog\/a-fortuna-do-doleiro-messer\/","url":"https:\/\/gersonguelmann.com.br\/blog\/a-fortuna-do-doleiro-messer\/","name":"A Fortuna do Doleiro Messer | Blog do Guelmann","isPartOf":{"@id":"https:\/\/gersonguelmann.com.br\/blog\/#website"},"primaryImageOfPage":{"@id":"https:\/\/gersonguelmann.com.br\/blog\/a-fortuna-do-doleiro-messer\/#primaryimage"},"image":{"@id":"https:\/\/gersonguelmann.com.br\/blog\/a-fortuna-do-doleiro-messer\/#primaryimage"},"thumbnailUrl":"https:\/\/i0.wp.com\/gersonguelmann.com.br\/blog\/wp-content\/uploads\/2018\/05\/1-1.png?fit=418%2C235&ssl=1","datePublished":"2018-05-12T19:21:03+00:00","dateModified":"2018-05-12T19:21:46+00:00","author":{"@id":"https:\/\/gersonguelmann.com.br\/blog\/#\/schema\/person\/87e70e2a786888082f941a482c90569e"},"inLanguage":"pt-BR","potentialAction":[{"@type":"ReadAction","target":["https:\/\/gersonguelmann.com.br\/blog\/a-fortuna-do-doleiro-messer\/"]}]},{"@type":"ImageObject","inLanguage":"pt-BR","@id":"https:\/\/gersonguelmann.com.br\/blog\/a-fortuna-do-doleiro-messer\/#primaryimage","url":"https:\/\/i0.wp.com\/gersonguelmann.com.br\/blog\/wp-content\/uploads\/2018\/05\/1-1.png?fit=418%2C235&ssl=1","contentUrl":"https:\/\/i0.wp.com\/gersonguelmann.com.br\/blog\/wp-content\/uploads\/2018\/05\/1-1.png?fit=418%2C235&ssl=1","width":418,"height":235},{"@type":"WebSite","@id":"https:\/\/gersonguelmann.com.br\/blog\/#website","url":"https:\/\/gersonguelmann.com.br\/blog\/","name":"Blog do Guelmann","description":"Pitadas da sabedoria e do humor judaicos, assuntos do momento e um pouco das hist\u00f3rias que vivi e testemunhei.","potentialAction":[{"@type":"SearchAction","target":{"@type":"EntryPoint","urlTemplate":"https:\/\/gersonguelmann.com.br\/blog\/?s={search_term_string}"},"query-input":{"@type":"PropertyValueSpecification","valueRequired":true,"valueName":"search_term_string"}}],"inLanguage":"pt-BR"},{"@type":"Person","@id":"https:\/\/gersonguelmann.com.br\/blog\/#\/schema\/person\/87e70e2a786888082f941a482c90569e","name":"Gerson Guelmann","image":{"@type":"ImageObject","inLanguage":"pt-BR","@id":"https:\/\/i0.wp.com\/gersonguelmann.com.br\/blog\/wp-content\/uploads\/2021\/08\/BLOG.jpeg?fit=96%2C96&ssl=1","url":"https:\/\/i0.wp.com\/gersonguelmann.com.br\/blog\/wp-content\/uploads\/2021\/08\/BLOG.jpeg?fit=96%2C96&ssl=1","contentUrl":"https:\/\/i0.wp.com\/gersonguelmann.com.br\/blog\/wp-content\/uploads\/2021\/08\/BLOG.jpeg?fit=96%2C96&ssl=1","caption":"Gerson Guelmann"},"description":"Pitadas da sabedoria e do humor judaicos, assuntos do momento e um pouco das hist\u00f3rias que vivi e testemunhei."}]}},"views":27,"jetpack_publicize_connections":[],"jetpack_featured_media_url":"https:\/\/i0.wp.com\/gersonguelmann.com.br\/blog\/wp-content\/uploads\/2018\/05\/1-1.png?fit=418%2C235&ssl=1","jetpack_shortlink":"https:\/\/wp.me\/p96e7O-3lt","jetpack-related-posts":[{"id":12532,"url":"https:\/\/gersonguelmann.com.br\/blog\/quem-e-dario-messer-o-doleiro-dos-doleiros\/","url_meta":{"origin":12863,"position":0},"title":"Quem \u00c9 Dario Messer, o Doleiro dos Doleiros","author":"Gerson Guelmann","date":"5 de maio de 2018","format":false,"excerpt":"Mat\u00e9ria publicada na edi\u00e7\u00e3o brasileira do El Pa\u00eds, conta a hist\u00f3ria de Dario Messer, hoje procurado pela Interpol: Dario e o pai, Mordko Messer - REPRODU\u00c7\u00c3O Dario Messer, o doleiro de todas as corrup\u00e7\u00f5es no Brasil e protegido pelo presidente do Paraguai Novo alvo da Lava Jato mora no Paraguai\u2026","rel":"","context":"Em &quot;Sem categoria&quot;","block_context":{"text":"Sem categoria","link":"https:\/\/gersonguelmann.com.br\/blog\/category\/sem-categoria\/"},"img":{"alt_text":"","src":"https:\/\/i0.wp.com\/gersonguelmann.com.br\/blog\/wp-content\/uploads\/2018\/05\/1525376638_429844_1525376764_noticia_normal_recorte1.jpg?fit=1200%2C703&ssl=1&resize=350%2C200","width":350,"height":200,"srcset":"https:\/\/i0.wp.com\/gersonguelmann.com.br\/blog\/wp-content\/uploads\/2018\/05\/1525376638_429844_1525376764_noticia_normal_recorte1.jpg?fit=1200%2C703&ssl=1&resize=350%2C200 1x, https:\/\/i0.wp.com\/gersonguelmann.com.br\/blog\/wp-content\/uploads\/2018\/05\/1525376638_429844_1525376764_noticia_normal_recorte1.jpg?fit=1200%2C703&ssl=1&resize=525%2C300 1.5x, https:\/\/i0.wp.com\/gersonguelmann.com.br\/blog\/wp-content\/uploads\/2018\/05\/1525376638_429844_1525376764_noticia_normal_recorte1.jpg?fit=1200%2C703&ssl=1&resize=700%2C400 2x, https:\/\/i0.wp.com\/gersonguelmann.com.br\/blog\/wp-content\/uploads\/2018\/05\/1525376638_429844_1525376764_noticia_normal_recorte1.jpg?fit=1200%2C703&ssl=1&resize=1050%2C600 3x"},"classes":[]},{"id":13469,"url":"https:\/\/gersonguelmann.com.br\/blog\/que-segredos-guarda-a-agenda-do-megadoleiro-dario-messer\/","url_meta":{"origin":12863,"position":1},"title":"Que Segredos Guarda a Agenda do Megadoleiro Dario Messer?","author":"Gerson Guelmann","date":"29 de maio de 2018","format":false,"excerpt":"Do site O Antagonista: Exclusivo: A agenda do megadoleiro Dario Messer Brasil\u00a029.05.18 20:01 Por Claudio Dantas O Antagonista obteve com exclusividade a agenda do megadoleiro Dario Messer, chefe do esquema bilion\u00e1rio de lavagem de dinheiro desbaratado pela Opera\u00e7\u00e3o C\u00e2mbio, Desligo. O documento revela que Messer era muito bem relacionado. A\u2026","rel":"","context":"Em &quot;Sem categoria&quot;","block_context":{"text":"Sem categoria","link":"https:\/\/gersonguelmann.com.br\/blog\/category\/sem-categoria\/"},"img":{"alt_text":"","src":"https:\/\/i0.wp.com\/gersonguelmann.com.br\/blog\/wp-content\/uploads\/2018\/05\/Agenda-1.jpg?fit=1200%2C800&ssl=1&resize=350%2C200","width":350,"height":200,"srcset":"https:\/\/i0.wp.com\/gersonguelmann.com.br\/blog\/wp-content\/uploads\/2018\/05\/Agenda-1.jpg?fit=1200%2C800&ssl=1&resize=350%2C200 1x, https:\/\/i0.wp.com\/gersonguelmann.com.br\/blog\/wp-content\/uploads\/2018\/05\/Agenda-1.jpg?fit=1200%2C800&ssl=1&resize=525%2C300 1.5x, https:\/\/i0.wp.com\/gersonguelmann.com.br\/blog\/wp-content\/uploads\/2018\/05\/Agenda-1.jpg?fit=1200%2C800&ssl=1&resize=700%2C400 2x, https:\/\/i0.wp.com\/gersonguelmann.com.br\/blog\/wp-content\/uploads\/2018\/05\/Agenda-1.jpg?fit=1200%2C800&ssl=1&resize=1050%2C600 3x"},"classes":[]},{"id":9399,"url":"https:\/\/gersonguelmann.com.br\/blog\/no-fim-o-lixo-acaba-cheirando-mal\/","url_meta":{"origin":12863,"position":2},"title":"No Fim o Lixo Acaba Cheirando Mal","author":"Gerson Guelmann","date":"2 de mar\u00e7o de 2018","format":false,"excerpt":"Em 2012 circulou pelas redes o v\u00eddeo de uma proposta inovadora para recolhimento dos res\u00edduos domiciliares implantado em Paul\u00ednia (SP). O sistema seria pioneiro no Brasil e representaria um avan\u00e7o extraordin\u00e1rio, como voc\u00ea ver\u00e1 no v\u00eddeo.\u00a0 S\u00f3 que... De l\u00e1 para a cidade viu-se envolvida num esc\u00e2ndalo relacionado exatamente \u00e0\u2026","rel":"","context":"Em &quot;Sem categoria&quot;","block_context":{"text":"Sem categoria","link":"https:\/\/gersonguelmann.com.br\/blog\/category\/sem-categoria\/"},"img":{"alt_text":"","src":"https:\/\/i0.wp.com\/gersonguelmann.com.br\/blog\/wp-content\/uploads\/2018\/03\/Lixo.jpg?fit=900%2C430&ssl=1&resize=350%2C200","width":350,"height":200,"srcset":"https:\/\/i0.wp.com\/gersonguelmann.com.br\/blog\/wp-content\/uploads\/2018\/03\/Lixo.jpg?fit=900%2C430&ssl=1&resize=350%2C200 1x, https:\/\/i0.wp.com\/gersonguelmann.com.br\/blog\/wp-content\/uploads\/2018\/03\/Lixo.jpg?fit=900%2C430&ssl=1&resize=525%2C300 1.5x, https:\/\/i0.wp.com\/gersonguelmann.com.br\/blog\/wp-content\/uploads\/2018\/03\/Lixo.jpg?fit=900%2C430&ssl=1&resize=700%2C400 2x"},"classes":[]},{"id":14243,"url":"https:\/\/gersonguelmann.com.br\/blog\/sergio-moro-na-cnn-nao-ha-vergonha-na-aplicacao-da-lei\/","url_meta":{"origin":12863,"position":3},"title":"S\u00e9rgio Moro, na CNN: &#8216;N\u00e3o H\u00e1 Vergonha Na Aplica\u00e7\u00e3o Da Lei&#8217;","author":"Gerson Guelmann","date":"22 de junho de 2018","format":false,"excerpt":"Mat\u00e9ria publicada pelo jornal O Dia: BRASIL 'N\u00e3o h\u00e1 vergonha na aplica\u00e7\u00e3o da lei', diz Moro \u00e0 CNN sobre Lava Jato A emissora publicou uma mat\u00e9ria de mais de cinco minutos sobre a maior a\u00e7\u00e3o contra corrup\u00e7\u00e3o j\u00e1 deflagrada no Brasil Por ESTAD\u00c3O CONTE\u00daDO Publicado \u00e0s 18h09 de 22\/06\/2018\u00a0- Atualizado\u2026","rel":"","context":"Em &quot;Sem categoria&quot;","block_context":{"text":"Sem categoria","link":"https:\/\/gersonguelmann.com.br\/blog\/category\/sem-categoria\/"},"img":{"alt_text":"","src":"https:\/\/i0.wp.com\/gersonguelmann.com.br\/blog\/wp-content\/uploads\/2018\/06\/CNN-300x144.png?resize=350%2C200&ssl=1","width":350,"height":200},"classes":[]},{"id":2177,"url":"https:\/\/gersonguelmann.com.br\/blog\/parem-de-perseguir-o-pobre-juca\/","url_meta":{"origin":12863,"position":4},"title":"Parem de perseguir o pobre Juc\u00e1!","author":"Gerson Guelmann","date":"28 de setembro de 2017","format":false,"excerpt":"A Pol\u00edcia Federal, o Minist\u00e9rio P\u00fablico Federal e a Deusa Romana Fortuna precisam parar de perseguir o pobre Juc\u00e1 e seus filhos.\u00a0 Imagine se os rapazes, criados \u00e0 sombra do modelo de \u00e9tica do pai, seriam capazes de fazer alguma tram\u00f3ia com o Minha Casa Minha Vida. \u00a0","rel":"","context":"Em &quot;Sem categoria&quot;","block_context":{"text":"Sem categoria","link":"https:\/\/gersonguelmann.com.br\/blog\/category\/sem-categoria\/"},"img":{"alt_text":"","src":"https:\/\/i0.wp.com\/gersonguelmann.com.br\/blog\/wp-content\/uploads\/2017\/09\/fortuna-1-191x300.jpg?resize=350%2C200&ssl=1","width":350,"height":200},"classes":[]},{"id":22255,"url":"https:\/\/gersonguelmann.com.br\/blog\/jaime-lerner-e-o-olho-dagua\/","url_meta":{"origin":12863,"position":5},"title":"Jaime Lerner e o Olho D&#8217;\u00e1gua","author":"Gerson Guelmann","date":"28 de outubro de 2024","format":false,"excerpt":"Em todos os mandatos de Prefeito o Jaime Lerner contou com a colabora\u00e7\u00e3o do Engenheiro Dr. Dario Lopes dos Santos, servidor de carreira. Esse grande homem prestou servi\u00e7os extraordin\u00e1rios \u00e0 Cidade e ao Estado e empresta seu nome a uma importante avenida de Curitiba. O Dr. Dario era uma pessoa\u2026","rel":"","context":"Em &quot;Sem categoria&quot;","block_context":{"text":"Sem categoria","link":"https:\/\/gersonguelmann.com.br\/blog\/category\/sem-categoria\/"},"img":{"alt_text":"","src":"https:\/\/i0.wp.com\/gersonguelmann.com.br\/blog\/wp-content\/uploads\/2021\/06\/BALDE.jpg?fit=1024%2C692&ssl=1&resize=350%2C200","width":350,"height":200,"srcset":"https:\/\/i0.wp.com\/gersonguelmann.com.br\/blog\/wp-content\/uploads\/2021\/06\/BALDE.jpg?fit=1024%2C692&ssl=1&resize=350%2C200 1x, https:\/\/i0.wp.com\/gersonguelmann.com.br\/blog\/wp-content\/uploads\/2021\/06\/BALDE.jpg?fit=1024%2C692&ssl=1&resize=525%2C300 1.5x, https:\/\/i0.wp.com\/gersonguelmann.com.br\/blog\/wp-content\/uploads\/2021\/06\/BALDE.jpg?fit=1024%2C692&ssl=1&resize=700%2C400 2x"},"classes":[]}],"jetpack_sharing_enabled":true,"post_mailing_queue_ids":[],"_links":{"self":[{"href":"https:\/\/gersonguelmann.com.br\/blog\/wp-json\/wp\/v2\/posts\/12863","targetHints":{"allow":["GET"]}}],"collection":[{"href":"https:\/\/gersonguelmann.com.br\/blog\/wp-json\/wp\/v2\/posts"}],"about":[{"href":"https:\/\/gersonguelmann.com.br\/blog\/wp-json\/wp\/v2\/types\/post"}],"author":[{"embeddable":true,"href":"https:\/\/gersonguelmann.com.br\/blog\/wp-json\/wp\/v2\/users\/5"}],"replies":[{"embeddable":true,"href":"https:\/\/gersonguelmann.com.br\/blog\/wp-json\/wp\/v2\/comments?post=12863"}],"version-history":[{"count":0,"href":"https:\/\/gersonguelmann.com.br\/blog\/wp-json\/wp\/v2\/posts\/12863\/revisions"}],"wp:featuredmedia":[{"embeddable":true,"href":"https:\/\/gersonguelmann.com.br\/blog\/wp-json\/wp\/v2\/media\/12864"}],"wp:attachment":[{"href":"https:\/\/gersonguelmann.com.br\/blog\/wp-json\/wp\/v2\/media?parent=12863"}],"wp:term":[{"taxonomy":"category","embeddable":true,"href":"https:\/\/gersonguelmann.com.br\/blog\/wp-json\/wp\/v2\/categories?post=12863"},{"taxonomy":"post_tag","embeddable":true,"href":"https:\/\/gersonguelmann.com.br\/blog\/wp-json\/wp\/v2\/tags?post=12863"}],"curies":[{"name":"wp","href":"https:\/\/api.w.org\/{rel}","templated":true}]}}