    {"id":12887,"date":"2018-05-13T13:46:29","date_gmt":"2018-05-13T16:46:29","guid":{"rendered":"https:\/\/gersonguelmann.com.br\/blog\/?p=12887"},"modified":"2018-05-13T13:46:29","modified_gmt":"2018-05-13T16:46:29","slug":"o-almoco-do-dia-das-maes-do-zodiaco","status":"publish","type":"post","link":"https:\/\/gersonguelmann.com.br\/blog\/o-almoco-do-dia-das-maes-do-zodiaco\/","title":{"rendered":"O Almo\u00e7o do Dia das M\u00e3es do Zod\u00edaco"},"content":{"rendered":"<p><span style=\"font-family: georgia, palatino, serif; font-size: 18pt; color: #000000;\">As doze m\u00e3es do zod\u00edaco resolveram fazer um almo\u00e7o de Dia das M\u00e3es.<\/span><\/p>\n<p><span style=\"font-family: georgia, palatino, serif; font-size: 18pt; color: #000000;\">A ideia foi da m\u00e3e <strong>ariana<\/strong>, que mandou mensagem para todas as outras e acabou ficando irritada com a demora nas respostas, quase desistindo de tudo e mandando todo mundo tomar no cu.<\/span><\/p>\n<p><span style=\"font-family: georgia, palatino, serif; font-size: 18pt; color: #000000;\">A lista dos afazeres ficou na m\u00e3o da m\u00e3e <strong>virginiana<\/strong>, que distribuiu os afazeres, fez uma lista detalhada do que levar (e do que n\u00e3o levar) e enviou para o grupo, exigindo confirma\u00e7\u00e3o.<\/span><\/p>\n<p><span style=\"font-family: georgia, palatino, serif; font-size: 18pt; color: #000000;\">A m\u00e3e <strong>taurina<\/strong> ficou respons\u00e1vel pela comida, exagerando no card\u00e1pio super cal\u00f3rico, o que irritou profundamente a m\u00e3e <strong>capricorniana<\/strong>, que tava numa onda diet, org\u00e2nicos, &#8220;gera\u00e7\u00e3o Pugliesi&#8221;, foco, for\u00e7a e f\u00e9.<\/span><\/p>\n<p><span style=\"font-family: georgia, palatino, serif; font-size: 18pt; color: #000000;\">J\u00e1 a bebida era tarefa da m\u00e3e <strong>sagitariana<\/strong>, que acabou comprando mais bebida alco\u00f3lica do que \u00e1gua e refrigerante. Resultado: a m\u00e3e <strong>pisciana<\/strong> tomou um porre. S\u00f3 n\u00e3o deu vexame porque havia chegado atrasada, quase no fim da festa.<\/span><\/p>\n<p><span style=\"font-family: georgia, palatino, serif; font-size: 18pt; color: #000000;\">A m\u00e3e <strong>escorpiana<\/strong> quase n\u00e3o foi. Apesar de gostar de muitas delas, odiava algumas. Culpa da m\u00e3e <strong>geminiana<\/strong>, que havia contado para a amiga o que as outras costumavam dizer sobre ela. Por sorte, a m\u00e3e <strong>libriana<\/strong> colocou panos quentes em tudo e resolveu o problema.<\/span><\/p>\n<p><span style=\"font-family: georgia, palatino, serif; font-size: 18pt; color: #000000;\">A festa aconteceu na casa da m\u00e3e <strong>canceriana<\/strong>, que levou um m\u00eas inteiro para deixar tudo como ela queria. Velas, presentinhos, lugares marcados. Ela n\u00e3o queria que ningu\u00e9m se sentisse menos que as outras. O que n\u00e3o foi poss\u00edvel, j\u00e1 que a m\u00e3e <strong>leonina<\/strong> fez uma entrada triunfal, usando um vestido car\u00edssimo, salto alto e maquiagem. Trotando, pros cabelos voarem.<\/span><\/p>\n<p><span style=\"font-family: georgia, palatino, serif; font-size: 18pt; color: #000000;\">A m\u00e3e <strong>aquariana<\/strong> havia colocado o grupo de WhatsApp no mudo, nem ficou sabendo de nada e n\u00e3o foi.<\/span><\/p>\n<p style=\"text-align: center;\"><img data-recalc-dims=\"1\" fetchpriority=\"high\" decoding=\"async\" data-attachment-id=\"12888\" data-permalink=\"https:\/\/gersonguelmann.com.br\/blog\/o-almoco-do-dia-das-maes-do-zodiaco\/zodiac\/\" data-orig-file=\"https:\/\/i0.wp.com\/gersonguelmann.com.br\/blog\/wp-content\/uploads\/2018\/05\/zodiac.jpg?fit=640%2C417&amp;ssl=1\" data-orig-size=\"640,417\" data-comments-opened=\"1\" data-image-meta=\"{&quot;aperture&quot;:&quot;0&quot;,&quot;credit&quot;:&quot;&quot;,&quot;camera&quot;:&quot;&quot;,&quot;caption&quot;:&quot;&quot;,&quot;created_timestamp&quot;:&quot;0&quot;,&quot;copyright&quot;:&quot;&quot;,&quot;focal_length&quot;:&quot;0&quot;,&quot;iso&quot;:&quot;0&quot;,&quot;shutter_speed&quot;:&quot;0&quot;,&quot;title&quot;:&quot;&quot;,&quot;orientation&quot;:&quot;0&quot;}\" data-image-title=\"zodiac\" data-image-description=\"\" data-image-caption=\"\" data-medium-file=\"https:\/\/i0.wp.com\/gersonguelmann.com.br\/blog\/wp-content\/uploads\/2018\/05\/zodiac.jpg?fit=300%2C195&amp;ssl=1\" data-large-file=\"https:\/\/i0.wp.com\/gersonguelmann.com.br\/blog\/wp-content\/uploads\/2018\/05\/zodiac.jpg?fit=640%2C417&amp;ssl=1\" class=\"alignnone size-medium wp-image-12888\" src=\"https:\/\/i0.wp.com\/gersonguelmann.com.br\/blog\/wp-content\/uploads\/2018\/05\/zodiac.jpg?resize=300%2C195&#038;ssl=1\" alt=\"\" width=\"300\" height=\"195\" srcset=\"https:\/\/i0.wp.com\/gersonguelmann.com.br\/blog\/wp-content\/uploads\/2018\/05\/zodiac.jpg?resize=300%2C195&amp;ssl=1 300w, https:\/\/i0.wp.com\/gersonguelmann.com.br\/blog\/wp-content\/uploads\/2018\/05\/zodiac.jpg?w=640&amp;ssl=1 640w\" sizes=\"(max-width: 300px) 100vw, 300px\" \/><\/p>\n<p>&nbsp;<\/p>\n","protected":false},"excerpt":{"rendered":"<p>As doze m\u00e3es do zod\u00edaco resolveram fazer um almo\u00e7o de Dia das M\u00e3es. A ideia foi da m\u00e3e ariana, que mandou mensagem para todas as outras e acabou ficando irritada com a demora nas respostas, quase desistindo de tudo e mandando todo mundo tomar no cu. A lista dos afazeres ficou na m\u00e3o da m\u00e3e [&hellip;]<\/p>\n","protected":false},"author":5,"featured_media":12888,"comment_status":"open","ping_status":"open","sticky":false,"template":"","format":"standard","meta":{"_acf_changed":false,"jetpack_post_was_ever_published":false,"_jetpack_newsletter_access":"","_jetpack_dont_email_post_to_subs":false,"_jetpack_newsletter_tier_id":0,"_jetpack_memberships_contains_paywalled_content":false,"_jetpack_memberships_contains_paid_content":false,"footnotes":"","jetpack_publicize_message":"","jetpack_publicize_feature_enabled":true,"jetpack_social_post_already_shared":true,"jetpack_social_options":{"image_generator_settings":{"template":"highway","default_image_id":0,"font":"","enabled":false},"version":2}},"categories":[1],"tags":[],"class_list":["post-12887","post","type-post","status-publish","format-standard","has-post-thumbnail","hentry","category-sem-categoria"],"acf":[],"yoast_head":"<!-- This site is optimized with the Yoast SEO plugin v27.3 - https:\/\/yoast.com\/product\/yoast-seo-wordpress\/ -->\n<title>O Almo\u00e7o do Dia das M\u00e3es do Zod\u00edaco | Blog do Guelmann<\/title>\n<meta name=\"robots\" content=\"index, follow, max-snippet:-1, max-image-preview:large, max-video-preview:-1\" \/>\n<link rel=\"canonical\" href=\"https:\/\/gersonguelmann.com.br\/blog\/o-almoco-do-dia-das-maes-do-zodiaco\/\" \/>\n<meta property=\"og:locale\" content=\"pt_BR\" \/>\n<meta property=\"og:type\" content=\"article\" \/>\n<meta property=\"og:title\" content=\"O Almo\u00e7o do Dia das M\u00e3es do Zod\u00edaco | Blog do Guelmann\" \/>\n<meta property=\"og:description\" content=\"As doze m\u00e3es do zod\u00edaco resolveram fazer um almo\u00e7o de Dia das M\u00e3es. A ideia foi da m\u00e3e ariana, que mandou mensagem para todas as outras e acabou ficando irritada com a demora nas respostas, quase desistindo de tudo e mandando todo mundo tomar no cu. A lista dos afazeres ficou na m\u00e3o da m\u00e3e [&hellip;]\" \/>\n<meta property=\"og:url\" content=\"https:\/\/gersonguelmann.com.br\/blog\/o-almoco-do-dia-das-maes-do-zodiaco\/\" \/>\n<meta property=\"og:site_name\" content=\"Blog do Guelmann\" \/>\n<meta property=\"article:published_time\" content=\"2018-05-13T16:46:29+00:00\" \/>\n<meta property=\"og:image\" content=\"https:\/\/i0.wp.com\/gersonguelmann.com.br\/blog\/wp-content\/uploads\/2018\/05\/zodiac.jpg?fit=640%2C417&ssl=1\" \/>\n\t<meta property=\"og:image:width\" content=\"640\" \/>\n\t<meta property=\"og:image:height\" content=\"417\" \/>\n\t<meta property=\"og:image:type\" content=\"image\/jpeg\" \/>\n<meta name=\"author\" content=\"Gerson Guelmann\" \/>\n<meta name=\"twitter:card\" content=\"summary_large_image\" \/>\n<meta name=\"twitter:label1\" content=\"Escrito por\" \/>\n\t<meta name=\"twitter:data1\" content=\"Gerson Guelmann\" \/>\n\t<meta name=\"twitter:label2\" content=\"Est. tempo de leitura\" \/>\n\t<meta name=\"twitter:data2\" content=\"2 minutos\" \/>\n<script type=\"application\/ld+json\" class=\"yoast-schema-graph\">{\"@context\":\"https:\\\/\\\/schema.org\",\"@graph\":[{\"@type\":\"Article\",\"@id\":\"https:\\\/\\\/gersonguelmann.com.br\\\/blog\\\/o-almoco-do-dia-das-maes-do-zodiaco\\\/#article\",\"isPartOf\":{\"@id\":\"https:\\\/\\\/gersonguelmann.com.br\\\/blog\\\/o-almoco-do-dia-das-maes-do-zodiaco\\\/\"},\"author\":{\"name\":\"Gerson Guelmann\",\"@id\":\"https:\\\/\\\/gersonguelmann.com.br\\\/blog\\\/#\\\/schema\\\/person\\\/87e70e2a786888082f941a482c90569e\"},\"headline\":\"O Almo\u00e7o do Dia das M\u00e3es do Zod\u00edaco\",\"datePublished\":\"2018-05-13T16:46:29+00:00\",\"mainEntityOfPage\":{\"@id\":\"https:\\\/\\\/gersonguelmann.com.br\\\/blog\\\/o-almoco-do-dia-das-maes-do-zodiaco\\\/\"},\"wordCount\":321,\"commentCount\":0,\"image\":{\"@id\":\"https:\\\/\\\/gersonguelmann.com.br\\\/blog\\\/o-almoco-do-dia-das-maes-do-zodiaco\\\/#primaryimage\"},\"thumbnailUrl\":\"https:\\\/\\\/i0.wp.com\\\/gersonguelmann.com.br\\\/blog\\\/wp-content\\\/uploads\\\/2018\\\/05\\\/zodiac.jpg?fit=640%2C417&ssl=1\",\"inLanguage\":\"pt-BR\",\"potentialAction\":[{\"@type\":\"CommentAction\",\"name\":\"Comment\",\"target\":[\"https:\\\/\\\/gersonguelmann.com.br\\\/blog\\\/o-almoco-do-dia-das-maes-do-zodiaco\\\/#respond\"]}]},{\"@type\":\"WebPage\",\"@id\":\"https:\\\/\\\/gersonguelmann.com.br\\\/blog\\\/o-almoco-do-dia-das-maes-do-zodiaco\\\/\",\"url\":\"https:\\\/\\\/gersonguelmann.com.br\\\/blog\\\/o-almoco-do-dia-das-maes-do-zodiaco\\\/\",\"name\":\"O Almo\u00e7o do Dia das M\u00e3es do Zod\u00edaco | Blog do Guelmann\",\"isPartOf\":{\"@id\":\"https:\\\/\\\/gersonguelmann.com.br\\\/blog\\\/#website\"},\"primaryImageOfPage\":{\"@id\":\"https:\\\/\\\/gersonguelmann.com.br\\\/blog\\\/o-almoco-do-dia-das-maes-do-zodiaco\\\/#primaryimage\"},\"image\":{\"@id\":\"https:\\\/\\\/gersonguelmann.com.br\\\/blog\\\/o-almoco-do-dia-das-maes-do-zodiaco\\\/#primaryimage\"},\"thumbnailUrl\":\"https:\\\/\\\/i0.wp.com\\\/gersonguelmann.com.br\\\/blog\\\/wp-content\\\/uploads\\\/2018\\\/05\\\/zodiac.jpg?fit=640%2C417&ssl=1\",\"datePublished\":\"2018-05-13T16:46:29+00:00\",\"author\":{\"@id\":\"https:\\\/\\\/gersonguelmann.com.br\\\/blog\\\/#\\\/schema\\\/person\\\/87e70e2a786888082f941a482c90569e\"},\"inLanguage\":\"pt-BR\",\"potentialAction\":[{\"@type\":\"ReadAction\",\"target\":[\"https:\\\/\\\/gersonguelmann.com.br\\\/blog\\\/o-almoco-do-dia-das-maes-do-zodiaco\\\/\"]}]},{\"@type\":\"ImageObject\",\"inLanguage\":\"pt-BR\",\"@id\":\"https:\\\/\\\/gersonguelmann.com.br\\\/blog\\\/o-almoco-do-dia-das-maes-do-zodiaco\\\/#primaryimage\",\"url\":\"https:\\\/\\\/i0.wp.com\\\/gersonguelmann.com.br\\\/blog\\\/wp-content\\\/uploads\\\/2018\\\/05\\\/zodiac.jpg?fit=640%2C417&ssl=1\",\"contentUrl\":\"https:\\\/\\\/i0.wp.com\\\/gersonguelmann.com.br\\\/blog\\\/wp-content\\\/uploads\\\/2018\\\/05\\\/zodiac.jpg?fit=640%2C417&ssl=1\",\"width\":640,\"height\":417},{\"@type\":\"WebSite\",\"@id\":\"https:\\\/\\\/gersonguelmann.com.br\\\/blog\\\/#website\",\"url\":\"https:\\\/\\\/gersonguelmann.com.br\\\/blog\\\/\",\"name\":\"Blog do Guelmann\",\"description\":\"Pitadas da sabedoria e do humor judaicos, assuntos do momento e um pouco das hist\u00f3rias que vivi e testemunhei.\",\"potentialAction\":[{\"@type\":\"SearchAction\",\"target\":{\"@type\":\"EntryPoint\",\"urlTemplate\":\"https:\\\/\\\/gersonguelmann.com.br\\\/blog\\\/?s={search_term_string}\"},\"query-input\":{\"@type\":\"PropertyValueSpecification\",\"valueRequired\":true,\"valueName\":\"search_term_string\"}}],\"inLanguage\":\"pt-BR\"},{\"@type\":\"Person\",\"@id\":\"https:\\\/\\\/gersonguelmann.com.br\\\/blog\\\/#\\\/schema\\\/person\\\/87e70e2a786888082f941a482c90569e\",\"name\":\"Gerson Guelmann\",\"image\":{\"@type\":\"ImageObject\",\"inLanguage\":\"pt-BR\",\"@id\":\"https:\\\/\\\/i0.wp.com\\\/gersonguelmann.com.br\\\/blog\\\/wp-content\\\/uploads\\\/2021\\\/08\\\/BLOG.jpeg?fit=96%2C96&ssl=1\",\"url\":\"https:\\\/\\\/i0.wp.com\\\/gersonguelmann.com.br\\\/blog\\\/wp-content\\\/uploads\\\/2021\\\/08\\\/BLOG.jpeg?fit=96%2C96&ssl=1\",\"contentUrl\":\"https:\\\/\\\/i0.wp.com\\\/gersonguelmann.com.br\\\/blog\\\/wp-content\\\/uploads\\\/2021\\\/08\\\/BLOG.jpeg?fit=96%2C96&ssl=1\",\"caption\":\"Gerson Guelmann\"},\"description\":\"Pitadas da sabedoria e do humor judaicos, assuntos do momento e um pouco das hist\u00f3rias que vivi e testemunhei.\"}]}<\/script>\n<!-- \/ Yoast SEO plugin. -->","yoast_head_json":{"title":"O Almo\u00e7o do Dia das M\u00e3es do Zod\u00edaco | Blog do Guelmann","robots":{"index":"index","follow":"follow","max-snippet":"max-snippet:-1","max-image-preview":"max-image-preview:large","max-video-preview":"max-video-preview:-1"},"canonical":"https:\/\/gersonguelmann.com.br\/blog\/o-almoco-do-dia-das-maes-do-zodiaco\/","og_locale":"pt_BR","og_type":"article","og_title":"O Almo\u00e7o do Dia das M\u00e3es do Zod\u00edaco | Blog do Guelmann","og_description":"As doze m\u00e3es do zod\u00edaco resolveram fazer um almo\u00e7o de Dia das M\u00e3es. A ideia foi da m\u00e3e ariana, que mandou mensagem para todas as outras e acabou ficando irritada com a demora nas respostas, quase desistindo de tudo e mandando todo mundo tomar no cu. A lista dos afazeres ficou na m\u00e3o da m\u00e3e [&hellip;]","og_url":"https:\/\/gersonguelmann.com.br\/blog\/o-almoco-do-dia-das-maes-do-zodiaco\/","og_site_name":"Blog do Guelmann","article_published_time":"2018-05-13T16:46:29+00:00","og_image":[{"width":640,"height":417,"url":"https:\/\/i0.wp.com\/gersonguelmann.com.br\/blog\/wp-content\/uploads\/2018\/05\/zodiac.jpg?fit=640%2C417&ssl=1","type":"image\/jpeg"}],"author":"Gerson Guelmann","twitter_card":"summary_large_image","twitter_misc":{"Escrito por":"Gerson Guelmann","Est. tempo de leitura":"2 minutos"},"schema":{"@context":"https:\/\/schema.org","@graph":[{"@type":"Article","@id":"https:\/\/gersonguelmann.com.br\/blog\/o-almoco-do-dia-das-maes-do-zodiaco\/#article","isPartOf":{"@id":"https:\/\/gersonguelmann.com.br\/blog\/o-almoco-do-dia-das-maes-do-zodiaco\/"},"author":{"name":"Gerson Guelmann","@id":"https:\/\/gersonguelmann.com.br\/blog\/#\/schema\/person\/87e70e2a786888082f941a482c90569e"},"headline":"O Almo\u00e7o do Dia das M\u00e3es do Zod\u00edaco","datePublished":"2018-05-13T16:46:29+00:00","mainEntityOfPage":{"@id":"https:\/\/gersonguelmann.com.br\/blog\/o-almoco-do-dia-das-maes-do-zodiaco\/"},"wordCount":321,"commentCount":0,"image":{"@id":"https:\/\/gersonguelmann.com.br\/blog\/o-almoco-do-dia-das-maes-do-zodiaco\/#primaryimage"},"thumbnailUrl":"https:\/\/i0.wp.com\/gersonguelmann.com.br\/blog\/wp-content\/uploads\/2018\/05\/zodiac.jpg?fit=640%2C417&ssl=1","inLanguage":"pt-BR","potentialAction":[{"@type":"CommentAction","name":"Comment","target":["https:\/\/gersonguelmann.com.br\/blog\/o-almoco-do-dia-das-maes-do-zodiaco\/#respond"]}]},{"@type":"WebPage","@id":"https:\/\/gersonguelmann.com.br\/blog\/o-almoco-do-dia-das-maes-do-zodiaco\/","url":"https:\/\/gersonguelmann.com.br\/blog\/o-almoco-do-dia-das-maes-do-zodiaco\/","name":"O Almo\u00e7o do Dia das M\u00e3es do Zod\u00edaco | Blog do Guelmann","isPartOf":{"@id":"https:\/\/gersonguelmann.com.br\/blog\/#website"},"primaryImageOfPage":{"@id":"https:\/\/gersonguelmann.com.br\/blog\/o-almoco-do-dia-das-maes-do-zodiaco\/#primaryimage"},"image":{"@id":"https:\/\/gersonguelmann.com.br\/blog\/o-almoco-do-dia-das-maes-do-zodiaco\/#primaryimage"},"thumbnailUrl":"https:\/\/i0.wp.com\/gersonguelmann.com.br\/blog\/wp-content\/uploads\/2018\/05\/zodiac.jpg?fit=640%2C417&ssl=1","datePublished":"2018-05-13T16:46:29+00:00","author":{"@id":"https:\/\/gersonguelmann.com.br\/blog\/#\/schema\/person\/87e70e2a786888082f941a482c90569e"},"inLanguage":"pt-BR","potentialAction":[{"@type":"ReadAction","target":["https:\/\/gersonguelmann.com.br\/blog\/o-almoco-do-dia-das-maes-do-zodiaco\/"]}]},{"@type":"ImageObject","inLanguage":"pt-BR","@id":"https:\/\/gersonguelmann.com.br\/blog\/o-almoco-do-dia-das-maes-do-zodiaco\/#primaryimage","url":"https:\/\/i0.wp.com\/gersonguelmann.com.br\/blog\/wp-content\/uploads\/2018\/05\/zodiac.jpg?fit=640%2C417&ssl=1","contentUrl":"https:\/\/i0.wp.com\/gersonguelmann.com.br\/blog\/wp-content\/uploads\/2018\/05\/zodiac.jpg?fit=640%2C417&ssl=1","width":640,"height":417},{"@type":"WebSite","@id":"https:\/\/gersonguelmann.com.br\/blog\/#website","url":"https:\/\/gersonguelmann.com.br\/blog\/","name":"Blog do Guelmann","description":"Pitadas da sabedoria e do humor judaicos, assuntos do momento e um pouco das hist\u00f3rias que vivi e testemunhei.","potentialAction":[{"@type":"SearchAction","target":{"@type":"EntryPoint","urlTemplate":"https:\/\/gersonguelmann.com.br\/blog\/?s={search_term_string}"},"query-input":{"@type":"PropertyValueSpecification","valueRequired":true,"valueName":"search_term_string"}}],"inLanguage":"pt-BR"},{"@type":"Person","@id":"https:\/\/gersonguelmann.com.br\/blog\/#\/schema\/person\/87e70e2a786888082f941a482c90569e","name":"Gerson Guelmann","image":{"@type":"ImageObject","inLanguage":"pt-BR","@id":"https:\/\/i0.wp.com\/gersonguelmann.com.br\/blog\/wp-content\/uploads\/2021\/08\/BLOG.jpeg?fit=96%2C96&ssl=1","url":"https:\/\/i0.wp.com\/gersonguelmann.com.br\/blog\/wp-content\/uploads\/2021\/08\/BLOG.jpeg?fit=96%2C96&ssl=1","contentUrl":"https:\/\/i0.wp.com\/gersonguelmann.com.br\/blog\/wp-content\/uploads\/2021\/08\/BLOG.jpeg?fit=96%2C96&ssl=1","caption":"Gerson Guelmann"},"description":"Pitadas da sabedoria e do humor judaicos, assuntos do momento e um pouco das hist\u00f3rias que vivi e testemunhei."}]}},"views":76,"jetpack_publicize_connections":[],"jetpack_featured_media_url":"https:\/\/i0.wp.com\/gersonguelmann.com.br\/blog\/wp-content\/uploads\/2018\/05\/zodiac.jpg?fit=640%2C417&ssl=1","jetpack_shortlink":"https:\/\/wp.me\/p96e7O-3lR","jetpack-related-posts":[{"id":16598,"url":"https:\/\/gersonguelmann.com.br\/blog\/como-as-criancas-enxergam-as-maes\/","url_meta":{"origin":12887,"position":0},"title":"Como as Crian\u00e7as Enxergam as M\u00e3es","author":"Gerson Guelmann","date":"12 de maio de 2025","format":false,"excerpt":"O Dia das M\u00e3es \u00e9 comemorado em diversas partes do mundo, mas n\u00e3o h\u00e1 uma data \u00fanica e universal para a celebra\u00e7\u00e3o. Al\u00e9m do Brasil, pa\u00edses como Estados Unidos, Alemanha, Austr\u00e1lia, Canad\u00e1, Jap\u00e3o, It\u00e1lia e Uruguai adotam o segundo domingo de maio. J\u00e1 Portugal, Espanha, Hungria e Litu\u00e2nia optam pelo\u2026","rel":"","context":"Em &quot;Sem categoria&quot;","block_context":{"text":"Sem categoria","link":"https:\/\/gersonguelmann.com.br\/blog\/category\/sem-categoria\/"},"img":{"alt_text":"","src":"https:\/\/i0.wp.com\/gersonguelmann.com.br\/blog\/wp-content\/uploads\/2025\/05\/HojePR-10.jpg?fit=600%2C400&ssl=1&resize=350%2C200","width":350,"height":200,"srcset":"https:\/\/i0.wp.com\/gersonguelmann.com.br\/blog\/wp-content\/uploads\/2025\/05\/HojePR-10.jpg?fit=600%2C400&ssl=1&resize=350%2C200 1x, https:\/\/i0.wp.com\/gersonguelmann.com.br\/blog\/wp-content\/uploads\/2025\/05\/HojePR-10.jpg?fit=600%2C400&ssl=1&resize=525%2C300 1.5x"},"classes":[]},{"id":7679,"url":"https:\/\/gersonguelmann.com.br\/blog\/nao-adianta-as-maes-judias-sao-assim\/","url_meta":{"origin":12887,"position":1},"title":"N\u00e3o adianta, as m\u00e3es judias s\u00e3o assim","author":"Gerson Guelmann","date":"20 de fevereiro de 2020","format":false,"excerpt":"Silvia Greenberg foi eleita presidente dos Estados Unidos, tornando-se a primeira mulher a chegar a Casa Branca. Quando come\u00e7aram os preparativos para a posse, ela ligou para a m\u00e3e em Nova York para convid\u00e1-la para a solenidade oficial. A\u00ed come\u00e7ou o di\u00e1logo: - \u201cMam\u00e3e, estou ligando s\u00f3 para confirmar. Voc\u00ea\u2026","rel":"","context":"Em &quot;Sem categoria&quot;","block_context":{"text":"Sem categoria","link":"https:\/\/gersonguelmann.com.br\/blog\/category\/sem-categoria\/"},"img":{"alt_text":"","src":"https:\/\/i0.wp.com\/gersonguelmann.com.br\/blog\/wp-content\/uploads\/2018\/01\/M%C3%A3e.jpg?fit=728%2C600&ssl=1&resize=350%2C200","width":350,"height":200,"srcset":"https:\/\/i0.wp.com\/gersonguelmann.com.br\/blog\/wp-content\/uploads\/2018\/01\/M%C3%A3e.jpg?fit=728%2C600&ssl=1&resize=350%2C200 1x, https:\/\/i0.wp.com\/gersonguelmann.com.br\/blog\/wp-content\/uploads\/2018\/01\/M%C3%A3e.jpg?fit=728%2C600&ssl=1&resize=525%2C300 1.5x, https:\/\/i0.wp.com\/gersonguelmann.com.br\/blog\/wp-content\/uploads\/2018\/01\/M%C3%A3e.jpg?fit=728%2C600&ssl=1&resize=700%2C400 2x"},"classes":[]},{"id":22844,"url":"https:\/\/gersonguelmann.com.br\/blog\/como-as-criancas-judias-enxergam-suas-maes\/","url_meta":{"origin":12887,"position":2},"title":"Como as Crian\u00e7as Judias Enxergam Suas M\u00e3es","author":"Gerson Guelmann","date":"8 de maio de 2022","format":false,"excerpt":"As crian\u00e7as do 2\u00ba ano do ensino b\u00e1sico de uma escola judaica foram convidadas a responder \u00e0 algumas quest\u00f5es sobre as m\u00e3es. As melhores respostas foram selecionadas: 1. Porque D'us fez as m\u00e3es? A - Ela \u00e9 a \u00fanica que sabe onde est\u00e1 a fita adesiva; B - Principalmente para\u2026","rel":"","context":"Em &quot;Sem categoria&quot;","block_context":{"text":"Sem categoria","link":"https:\/\/gersonguelmann.com.br\/blog\/category\/sem-categoria\/"},"img":{"alt_text":"","src":"https:\/\/i0.wp.com\/gersonguelmann.com.br\/blog\/wp-content\/uploads\/2022\/05\/ESCOLA.jpg?fit=1200%2C900&ssl=1&resize=350%2C200","width":350,"height":200,"srcset":"https:\/\/i0.wp.com\/gersonguelmann.com.br\/blog\/wp-content\/uploads\/2022\/05\/ESCOLA.jpg?fit=1200%2C900&ssl=1&resize=350%2C200 1x, https:\/\/i0.wp.com\/gersonguelmann.com.br\/blog\/wp-content\/uploads\/2022\/05\/ESCOLA.jpg?fit=1200%2C900&ssl=1&resize=525%2C300 1.5x, https:\/\/i0.wp.com\/gersonguelmann.com.br\/blog\/wp-content\/uploads\/2022\/05\/ESCOLA.jpg?fit=1200%2C900&ssl=1&resize=700%2C400 2x, https:\/\/i0.wp.com\/gersonguelmann.com.br\/blog\/wp-content\/uploads\/2022\/05\/ESCOLA.jpg?fit=1200%2C900&ssl=1&resize=1050%2C600 3x"},"classes":[]},{"id":153,"url":"https:\/\/gersonguelmann.com.br\/blog\/consideracoes-e-anotacoes-sobre-as-adoraveis-maes-judias\/","url_meta":{"origin":12887,"position":3},"title":"Considera\u00e7\u00f5es e Anota\u00e7\u00f5es Sobre as Ador\u00e1veis M\u00e3es Judias","author":"Gerson Guelmann","date":"16 de mar\u00e7o de 2022","format":false,"excerpt":"1. H\u00e1 v\u00e1rias teorias acerca de como ter sucesso numa discuss\u00e3o com a m\u00e3e judia. Infelizmente nenhuma delas funciona. 2. Um dia chega o momento em que um homem deve se rebelar e dizer para a m\u00e3e que ele j\u00e1 um adulto. No caso dos judeus normalmente isso ocorre aos\u2026","rel":"","context":"Em &quot;Sem categoria&quot;","block_context":{"text":"Sem categoria","link":"https:\/\/gersonguelmann.com.br\/blog\/category\/sem-categoria\/"},"img":{"alt_text":"","src":"https:\/\/i0.wp.com\/gersonguelmann.com.br\/blog\/wp-content\/uploads\/2018\/06\/MAE-scaled.jpg?fit=1200%2C800&ssl=1&resize=350%2C200","width":350,"height":200,"srcset":"https:\/\/i0.wp.com\/gersonguelmann.com.br\/blog\/wp-content\/uploads\/2018\/06\/MAE-scaled.jpg?fit=1200%2C800&ssl=1&resize=350%2C200 1x, https:\/\/i0.wp.com\/gersonguelmann.com.br\/blog\/wp-content\/uploads\/2018\/06\/MAE-scaled.jpg?fit=1200%2C800&ssl=1&resize=525%2C300 1.5x, https:\/\/i0.wp.com\/gersonguelmann.com.br\/blog\/wp-content\/uploads\/2018\/06\/MAE-scaled.jpg?fit=1200%2C800&ssl=1&resize=700%2C400 2x, https:\/\/i0.wp.com\/gersonguelmann.com.br\/blog\/wp-content\/uploads\/2018\/06\/MAE-scaled.jpg?fit=1200%2C800&ssl=1&resize=1050%2C600 3x"},"classes":[]},{"id":12263,"url":"https:\/\/gersonguelmann.com.br\/blog\/saudade-de-mae-quem-nunca-sentiu\/","url_meta":{"origin":12887,"position":4},"title":"Saudade De M\u00e3e, Quem Nunca Sentiu?","author":"Gerson Guelmann","date":"29 de abril de 2018","format":false,"excerpt":"Texto de\u00a0\u00a0Fab\u00edola Sim\u00f5es\u00a0publicado no Blog \"CONTI Outra\": \u201cA maior saudade que n\u00f3s vamos sentir na vida \u00e9 saudade de m\u00e3e\u2026 pois \u00e9 saudade de n\u00f3s mesmos!\u201d Uma das lembran\u00e7as mais doces da minha inf\u00e2ncia \u00e9 a voz da minha m\u00e3e, no \u00e1trio da igrejinha que frequent\u00e1vamos, animando as crian\u00e7as da\u2026","rel":"","context":"Em &quot;Sem categoria&quot;","block_context":{"text":"Sem categoria","link":"https:\/\/gersonguelmann.com.br\/blog\/category\/sem-categoria\/"},"img":{"alt_text":"","src":"https:\/\/i0.wp.com\/gersonguelmann.com.br\/blog\/wp-content\/uploads\/2018\/04\/M%C3%A3e-1.jpeg?fit=750%2C501&ssl=1&resize=350%2C200","width":350,"height":200,"srcset":"https:\/\/i0.wp.com\/gersonguelmann.com.br\/blog\/wp-content\/uploads\/2018\/04\/M%C3%A3e-1.jpeg?fit=750%2C501&ssl=1&resize=350%2C200 1x, https:\/\/i0.wp.com\/gersonguelmann.com.br\/blog\/wp-content\/uploads\/2018\/04\/M%C3%A3e-1.jpeg?fit=750%2C501&ssl=1&resize=525%2C300 1.5x, https:\/\/i0.wp.com\/gersonguelmann.com.br\/blog\/wp-content\/uploads\/2018\/04\/M%C3%A3e-1.jpeg?fit=750%2C501&ssl=1&resize=700%2C400 2x"},"classes":[]},{"id":16847,"url":"https:\/\/gersonguelmann.com.br\/blog\/mae-qual-e-a-profissao-dela\/","url_meta":{"origin":12887,"position":5},"title":"M\u00e3e: Qual \u00e9 a Profiss\u00e3o Dela?","author":"Gerson Guelmann","date":"13 de maio de 2024","format":false,"excerpt":"Como ontem festejamos o Dia das M\u00e3es, pesquisei e descobri que assim como no Brasil o 2\u00ba domingo de Maio \u00e9 adotado para a celebra\u00e7\u00e3o em diversos pa\u00edses, ainda que de forma diferente em alguns deles. Segundo se sabe, o Dia das M\u00e3es come\u00e7ou nos Estados Unidos, onde a data\u2026","rel":"","context":"Em &quot;Sem categoria&quot;","block_context":{"text":"Sem categoria","link":"https:\/\/gersonguelmann.com.br\/blog\/category\/sem-categoria\/"},"img":{"alt_text":"","src":"https:\/\/i0.wp.com\/gersonguelmann.com.br\/blog\/wp-content\/uploads\/2024\/05\/HojePR-5-scaled.jpg?fit=1200%2C1200&ssl=1&resize=350%2C200","width":350,"height":200,"srcset":"https:\/\/i0.wp.com\/gersonguelmann.com.br\/blog\/wp-content\/uploads\/2024\/05\/HojePR-5-scaled.jpg?fit=1200%2C1200&ssl=1&resize=350%2C200 1x, https:\/\/i0.wp.com\/gersonguelmann.com.br\/blog\/wp-content\/uploads\/2024\/05\/HojePR-5-scaled.jpg?fit=1200%2C1200&ssl=1&resize=525%2C300 1.5x, https:\/\/i0.wp.com\/gersonguelmann.com.br\/blog\/wp-content\/uploads\/2024\/05\/HojePR-5-scaled.jpg?fit=1200%2C1200&ssl=1&resize=700%2C400 2x, https:\/\/i0.wp.com\/gersonguelmann.com.br\/blog\/wp-content\/uploads\/2024\/05\/HojePR-5-scaled.jpg?fit=1200%2C1200&ssl=1&resize=1050%2C600 3x"},"classes":[]}],"jetpack_sharing_enabled":true,"post_mailing_queue_ids":[],"_links":{"self":[{"href":"https:\/\/gersonguelmann.com.br\/blog\/wp-json\/wp\/v2\/posts\/12887","targetHints":{"allow":["GET"]}}],"collection":[{"href":"https:\/\/gersonguelmann.com.br\/blog\/wp-json\/wp\/v2\/posts"}],"about":[{"href":"https:\/\/gersonguelmann.com.br\/blog\/wp-json\/wp\/v2\/types\/post"}],"author":[{"embeddable":true,"href":"https:\/\/gersonguelmann.com.br\/blog\/wp-json\/wp\/v2\/users\/5"}],"replies":[{"embeddable":true,"href":"https:\/\/gersonguelmann.com.br\/blog\/wp-json\/wp\/v2\/comments?post=12887"}],"version-history":[{"count":0,"href":"https:\/\/gersonguelmann.com.br\/blog\/wp-json\/wp\/v2\/posts\/12887\/revisions"}],"wp:featuredmedia":[{"embeddable":true,"href":"https:\/\/gersonguelmann.com.br\/blog\/wp-json\/wp\/v2\/media\/12888"}],"wp:attachment":[{"href":"https:\/\/gersonguelmann.com.br\/blog\/wp-json\/wp\/v2\/media?parent=12887"}],"wp:term":[{"taxonomy":"category","embeddable":true,"href":"https:\/\/gersonguelmann.com.br\/blog\/wp-json\/wp\/v2\/categories?post=12887"},{"taxonomy":"post_tag","embeddable":true,"href":"https:\/\/gersonguelmann.com.br\/blog\/wp-json\/wp\/v2\/tags?post=12887"}],"curies":[{"name":"wp","href":"https:\/\/api.w.org\/{rel}","templated":true}]}}