    {"id":12918,"date":"2018-05-14T17:29:52","date_gmt":"2018-05-14T20:29:52","guid":{"rendered":"https:\/\/gersonguelmann.com.br\/blog\/?p=12918"},"modified":"2018-05-14T17:29:52","modified_gmt":"2018-05-14T20:29:52","slug":"mais-um-ex-tesoureiro-do-pt-condenado-por-moro","status":"publish","type":"post","link":"https:\/\/gersonguelmann.com.br\/blog\/mais-um-ex-tesoureiro-do-pt-condenado-por-moro\/","title":{"rendered":"Mais Um ex-Tesoureiro do PT Condenado Por Moro"},"content":{"rendered":"<p><span style=\"font-family: georgia, palatino, serif; font-size: 18pt; color: #000000;\">D&#8217;O Antagonista, agora:<\/span><\/p>\n<header class=\"entry-header\">\n<p id=\"single-title\" class=\"entry-title\"><span style=\"font-size: 24pt;\"><strong>URGENTE: MORO CONDENA MAIS UM EX-TESOUREIRO DO PT<\/strong><\/span><\/p>\n<p><span class=\"postmeta\" style=\"font-size: 14pt;\"><small>SALVAR<\/small><span class=\"categoria\">Brasil<\/span>\u00a0<time class=\"entry-date published\" datetime=\"2018-05-14 17:07:35\">14.05.18 17:07<\/time><\/span><\/p>\n<div><span style=\"font-size: 14pt;\">Por Claudio Dantas<\/span><\/div>\n<hr \/>\n<\/header>\n<div id=\"entry-text-post\" class=\"entry-content\">\n<p><span style=\"font-size: 14pt; color: #000000;\">S\u00e9rgio Moro acaba de condenar o ex-tesoureiro do PT Paulo Ferreira a nove anos e dez meses por lavagem de dinheiro e associa\u00e7\u00e3o criminosa.<\/span><\/p>\n<p><span style=\"font-family: georgia, palatino, serif; font-size: 18pt;\">Para ler a mat\u00e9ria no site, <span style=\"color: #0000ff;\"><a style=\"color: #0000ff;\" href=\"https:\/\/www.oantagonista.com\/brasil\/urgente-moro-condena-mais-um-ex-tesoureiro-pt\/\"><em><strong>clique aqui<\/strong><\/em><\/a><\/span>.<\/span><\/p>\n<p><img data-recalc-dims=\"1\" fetchpriority=\"high\" decoding=\"async\" data-attachment-id=\"12919\" data-permalink=\"https:\/\/gersonguelmann.com.br\/blog\/mais-um-ex-tesoureiro-do-pt-condenado-por-moro\/download-52\/\" data-orig-file=\"https:\/\/i0.wp.com\/gersonguelmann.com.br\/blog\/wp-content\/uploads\/2018\/05\/download-12.jpg?fit=275%2C183&amp;ssl=1\" data-orig-size=\"275,183\" data-comments-opened=\"1\" data-image-meta=\"{&quot;aperture&quot;:&quot;0&quot;,&quot;credit&quot;:&quot;&quot;,&quot;camera&quot;:&quot;&quot;,&quot;caption&quot;:&quot;&quot;,&quot;created_timestamp&quot;:&quot;0&quot;,&quot;copyright&quot;:&quot;&quot;,&quot;focal_length&quot;:&quot;0&quot;,&quot;iso&quot;:&quot;0&quot;,&quot;shutter_speed&quot;:&quot;0&quot;,&quot;title&quot;:&quot;&quot;,&quot;orientation&quot;:&quot;0&quot;}\" data-image-title=\"download\" data-image-description=\"\" data-image-caption=\"\" data-medium-file=\"https:\/\/i0.wp.com\/gersonguelmann.com.br\/blog\/wp-content\/uploads\/2018\/05\/download-12.jpg?fit=275%2C183&amp;ssl=1\" data-large-file=\"https:\/\/i0.wp.com\/gersonguelmann.com.br\/blog\/wp-content\/uploads\/2018\/05\/download-12.jpg?fit=275%2C183&amp;ssl=1\" class=\"size-full wp-image-12919 aligncenter\" src=\"https:\/\/i0.wp.com\/gersonguelmann.com.br\/blog\/wp-content\/uploads\/2018\/05\/download-12.jpg?resize=275%2C183&#038;ssl=1\" alt=\"\" width=\"275\" height=\"183\" \/><\/p>\n<\/div>\n","protected":false},"excerpt":{"rendered":"<p>D&#8217;O Antagonista, agora: URGENTE: MORO CONDENA MAIS UM EX-TESOUREIRO DO PT SALVARBrasil\u00a014.05.18 17:07 Por Claudio Dantas S\u00e9rgio Moro acaba de condenar o ex-tesoureiro do PT Paulo Ferreira a nove anos e dez meses por lavagem de dinheiro e associa\u00e7\u00e3o criminosa. Para ler a mat\u00e9ria no site, clique aqui.<\/p>\n","protected":false},"author":5,"featured_media":12919,"comment_status":"open","ping_status":"open","sticky":false,"template":"","format":"standard","meta":{"_acf_changed":false,"jetpack_post_was_ever_published":false,"_jetpack_newsletter_access":"","_jetpack_dont_email_post_to_subs":false,"_jetpack_newsletter_tier_id":0,"_jetpack_memberships_contains_paywalled_content":false,"_jetpack_memberships_contains_paid_content":false,"footnotes":"","jetpack_publicize_message":"","jetpack_publicize_feature_enabled":true,"jetpack_social_post_already_shared":true,"jetpack_social_options":{"image_generator_settings":{"template":"highway","default_image_id":0,"font":"","enabled":false},"version":2}},"categories":[1],"tags":[],"class_list":["post-12918","post","type-post","status-publish","format-standard","has-post-thumbnail","hentry","category-sem-categoria"],"acf":[],"yoast_head":"<!-- This site is optimized with the Yoast SEO plugin v27.3 - https:\/\/yoast.com\/product\/yoast-seo-wordpress\/ -->\n<title>Mais Um ex-Tesoureiro do PT Condenado Por Moro | Blog do Guelmann<\/title>\n<meta name=\"robots\" content=\"index, follow, max-snippet:-1, max-image-preview:large, max-video-preview:-1\" \/>\n<link rel=\"canonical\" href=\"https:\/\/gersonguelmann.com.br\/blog\/mais-um-ex-tesoureiro-do-pt-condenado-por-moro\/\" \/>\n<meta property=\"og:locale\" content=\"pt_BR\" \/>\n<meta property=\"og:type\" content=\"article\" \/>\n<meta property=\"og:title\" content=\"Mais Um ex-Tesoureiro do PT Condenado Por Moro | Blog do Guelmann\" \/>\n<meta property=\"og:description\" content=\"D&#8217;O Antagonista, agora: URGENTE: MORO CONDENA MAIS UM EX-TESOUREIRO DO PT SALVARBrasil\u00a014.05.18 17:07 Por Claudio Dantas S\u00e9rgio Moro acaba de condenar o ex-tesoureiro do PT Paulo Ferreira a nove anos e dez meses por lavagem de dinheiro e associa\u00e7\u00e3o criminosa. Para ler a mat\u00e9ria no site, clique aqui.\" \/>\n<meta property=\"og:url\" content=\"https:\/\/gersonguelmann.com.br\/blog\/mais-um-ex-tesoureiro-do-pt-condenado-por-moro\/\" \/>\n<meta property=\"og:site_name\" content=\"Blog do Guelmann\" \/>\n<meta property=\"article:published_time\" content=\"2018-05-14T20:29:52+00:00\" \/>\n<meta property=\"og:image\" content=\"https:\/\/i0.wp.com\/gersonguelmann.com.br\/blog\/wp-content\/uploads\/2018\/05\/download-12.jpg?fit=275%2C183&ssl=1\" \/>\n\t<meta property=\"og:image:width\" content=\"275\" \/>\n\t<meta property=\"og:image:height\" content=\"183\" \/>\n\t<meta property=\"og:image:type\" content=\"image\/jpeg\" \/>\n<meta name=\"author\" content=\"Gerson Guelmann\" \/>\n<meta name=\"twitter:card\" content=\"summary_large_image\" \/>\n<meta name=\"twitter:label1\" content=\"Escrito por\" \/>\n\t<meta name=\"twitter:data1\" content=\"Gerson Guelmann\" \/>\n<script type=\"application\/ld+json\" class=\"yoast-schema-graph\">{\"@context\":\"https:\\\/\\\/schema.org\",\"@graph\":[{\"@type\":\"Article\",\"@id\":\"https:\\\/\\\/gersonguelmann.com.br\\\/blog\\\/mais-um-ex-tesoureiro-do-pt-condenado-por-moro\\\/#article\",\"isPartOf\":{\"@id\":\"https:\\\/\\\/gersonguelmann.com.br\\\/blog\\\/mais-um-ex-tesoureiro-do-pt-condenado-por-moro\\\/\"},\"author\":{\"name\":\"Gerson Guelmann\",\"@id\":\"https:\\\/\\\/gersonguelmann.com.br\\\/blog\\\/#\\\/schema\\\/person\\\/87e70e2a786888082f941a482c90569e\"},\"headline\":\"Mais Um ex-Tesoureiro do PT Condenado Por Moro\",\"datePublished\":\"2018-05-14T20:29:52+00:00\",\"mainEntityOfPage\":{\"@id\":\"https:\\\/\\\/gersonguelmann.com.br\\\/blog\\\/mais-um-ex-tesoureiro-do-pt-condenado-por-moro\\\/\"},\"wordCount\":59,\"commentCount\":0,\"image\":{\"@id\":\"https:\\\/\\\/gersonguelmann.com.br\\\/blog\\\/mais-um-ex-tesoureiro-do-pt-condenado-por-moro\\\/#primaryimage\"},\"thumbnailUrl\":\"https:\\\/\\\/i0.wp.com\\\/gersonguelmann.com.br\\\/blog\\\/wp-content\\\/uploads\\\/2018\\\/05\\\/download-12.jpg?fit=275%2C183&ssl=1\",\"inLanguage\":\"pt-BR\",\"potentialAction\":[{\"@type\":\"CommentAction\",\"name\":\"Comment\",\"target\":[\"https:\\\/\\\/gersonguelmann.com.br\\\/blog\\\/mais-um-ex-tesoureiro-do-pt-condenado-por-moro\\\/#respond\"]}]},{\"@type\":\"WebPage\",\"@id\":\"https:\\\/\\\/gersonguelmann.com.br\\\/blog\\\/mais-um-ex-tesoureiro-do-pt-condenado-por-moro\\\/\",\"url\":\"https:\\\/\\\/gersonguelmann.com.br\\\/blog\\\/mais-um-ex-tesoureiro-do-pt-condenado-por-moro\\\/\",\"name\":\"Mais Um ex-Tesoureiro do PT Condenado Por Moro | Blog do Guelmann\",\"isPartOf\":{\"@id\":\"https:\\\/\\\/gersonguelmann.com.br\\\/blog\\\/#website\"},\"primaryImageOfPage\":{\"@id\":\"https:\\\/\\\/gersonguelmann.com.br\\\/blog\\\/mais-um-ex-tesoureiro-do-pt-condenado-por-moro\\\/#primaryimage\"},\"image\":{\"@id\":\"https:\\\/\\\/gersonguelmann.com.br\\\/blog\\\/mais-um-ex-tesoureiro-do-pt-condenado-por-moro\\\/#primaryimage\"},\"thumbnailUrl\":\"https:\\\/\\\/i0.wp.com\\\/gersonguelmann.com.br\\\/blog\\\/wp-content\\\/uploads\\\/2018\\\/05\\\/download-12.jpg?fit=275%2C183&ssl=1\",\"datePublished\":\"2018-05-14T20:29:52+00:00\",\"author\":{\"@id\":\"https:\\\/\\\/gersonguelmann.com.br\\\/blog\\\/#\\\/schema\\\/person\\\/87e70e2a786888082f941a482c90569e\"},\"inLanguage\":\"pt-BR\",\"potentialAction\":[{\"@type\":\"ReadAction\",\"target\":[\"https:\\\/\\\/gersonguelmann.com.br\\\/blog\\\/mais-um-ex-tesoureiro-do-pt-condenado-por-moro\\\/\"]}]},{\"@type\":\"ImageObject\",\"inLanguage\":\"pt-BR\",\"@id\":\"https:\\\/\\\/gersonguelmann.com.br\\\/blog\\\/mais-um-ex-tesoureiro-do-pt-condenado-por-moro\\\/#primaryimage\",\"url\":\"https:\\\/\\\/i0.wp.com\\\/gersonguelmann.com.br\\\/blog\\\/wp-content\\\/uploads\\\/2018\\\/05\\\/download-12.jpg?fit=275%2C183&ssl=1\",\"contentUrl\":\"https:\\\/\\\/i0.wp.com\\\/gersonguelmann.com.br\\\/blog\\\/wp-content\\\/uploads\\\/2018\\\/05\\\/download-12.jpg?fit=275%2C183&ssl=1\",\"width\":275,\"height\":183},{\"@type\":\"WebSite\",\"@id\":\"https:\\\/\\\/gersonguelmann.com.br\\\/blog\\\/#website\",\"url\":\"https:\\\/\\\/gersonguelmann.com.br\\\/blog\\\/\",\"name\":\"Blog do Guelmann\",\"description\":\"Pitadas da sabedoria e do humor judaicos, assuntos do momento e um pouco das hist\u00f3rias que vivi e testemunhei.\",\"potentialAction\":[{\"@type\":\"SearchAction\",\"target\":{\"@type\":\"EntryPoint\",\"urlTemplate\":\"https:\\\/\\\/gersonguelmann.com.br\\\/blog\\\/?s={search_term_string}\"},\"query-input\":{\"@type\":\"PropertyValueSpecification\",\"valueRequired\":true,\"valueName\":\"search_term_string\"}}],\"inLanguage\":\"pt-BR\"},{\"@type\":\"Person\",\"@id\":\"https:\\\/\\\/gersonguelmann.com.br\\\/blog\\\/#\\\/schema\\\/person\\\/87e70e2a786888082f941a482c90569e\",\"name\":\"Gerson Guelmann\",\"image\":{\"@type\":\"ImageObject\",\"inLanguage\":\"pt-BR\",\"@id\":\"https:\\\/\\\/i0.wp.com\\\/gersonguelmann.com.br\\\/blog\\\/wp-content\\\/uploads\\\/2021\\\/08\\\/BLOG.jpeg?fit=96%2C96&ssl=1\",\"url\":\"https:\\\/\\\/i0.wp.com\\\/gersonguelmann.com.br\\\/blog\\\/wp-content\\\/uploads\\\/2021\\\/08\\\/BLOG.jpeg?fit=96%2C96&ssl=1\",\"contentUrl\":\"https:\\\/\\\/i0.wp.com\\\/gersonguelmann.com.br\\\/blog\\\/wp-content\\\/uploads\\\/2021\\\/08\\\/BLOG.jpeg?fit=96%2C96&ssl=1\",\"caption\":\"Gerson Guelmann\"},\"description\":\"Pitadas da sabedoria e do humor judaicos, assuntos do momento e um pouco das hist\u00f3rias que vivi e testemunhei.\"}]}<\/script>\n<!-- \/ Yoast SEO plugin. -->","yoast_head_json":{"title":"Mais Um ex-Tesoureiro do PT Condenado Por Moro | Blog do Guelmann","robots":{"index":"index","follow":"follow","max-snippet":"max-snippet:-1","max-image-preview":"max-image-preview:large","max-video-preview":"max-video-preview:-1"},"canonical":"https:\/\/gersonguelmann.com.br\/blog\/mais-um-ex-tesoureiro-do-pt-condenado-por-moro\/","og_locale":"pt_BR","og_type":"article","og_title":"Mais Um ex-Tesoureiro do PT Condenado Por Moro | Blog do Guelmann","og_description":"D&#8217;O Antagonista, agora: URGENTE: MORO CONDENA MAIS UM EX-TESOUREIRO DO PT SALVARBrasil\u00a014.05.18 17:07 Por Claudio Dantas S\u00e9rgio Moro acaba de condenar o ex-tesoureiro do PT Paulo Ferreira a nove anos e dez meses por lavagem de dinheiro e associa\u00e7\u00e3o criminosa. Para ler a mat\u00e9ria no site, clique aqui.","og_url":"https:\/\/gersonguelmann.com.br\/blog\/mais-um-ex-tesoureiro-do-pt-condenado-por-moro\/","og_site_name":"Blog do Guelmann","article_published_time":"2018-05-14T20:29:52+00:00","og_image":[{"width":275,"height":183,"url":"https:\/\/i0.wp.com\/gersonguelmann.com.br\/blog\/wp-content\/uploads\/2018\/05\/download-12.jpg?fit=275%2C183&ssl=1","type":"image\/jpeg"}],"author":"Gerson Guelmann","twitter_card":"summary_large_image","twitter_misc":{"Escrito por":"Gerson Guelmann"},"schema":{"@context":"https:\/\/schema.org","@graph":[{"@type":"Article","@id":"https:\/\/gersonguelmann.com.br\/blog\/mais-um-ex-tesoureiro-do-pt-condenado-por-moro\/#article","isPartOf":{"@id":"https:\/\/gersonguelmann.com.br\/blog\/mais-um-ex-tesoureiro-do-pt-condenado-por-moro\/"},"author":{"name":"Gerson Guelmann","@id":"https:\/\/gersonguelmann.com.br\/blog\/#\/schema\/person\/87e70e2a786888082f941a482c90569e"},"headline":"Mais Um ex-Tesoureiro do PT Condenado Por Moro","datePublished":"2018-05-14T20:29:52+00:00","mainEntityOfPage":{"@id":"https:\/\/gersonguelmann.com.br\/blog\/mais-um-ex-tesoureiro-do-pt-condenado-por-moro\/"},"wordCount":59,"commentCount":0,"image":{"@id":"https:\/\/gersonguelmann.com.br\/blog\/mais-um-ex-tesoureiro-do-pt-condenado-por-moro\/#primaryimage"},"thumbnailUrl":"https:\/\/i0.wp.com\/gersonguelmann.com.br\/blog\/wp-content\/uploads\/2018\/05\/download-12.jpg?fit=275%2C183&ssl=1","inLanguage":"pt-BR","potentialAction":[{"@type":"CommentAction","name":"Comment","target":["https:\/\/gersonguelmann.com.br\/blog\/mais-um-ex-tesoureiro-do-pt-condenado-por-moro\/#respond"]}]},{"@type":"WebPage","@id":"https:\/\/gersonguelmann.com.br\/blog\/mais-um-ex-tesoureiro-do-pt-condenado-por-moro\/","url":"https:\/\/gersonguelmann.com.br\/blog\/mais-um-ex-tesoureiro-do-pt-condenado-por-moro\/","name":"Mais Um ex-Tesoureiro do PT Condenado Por Moro | Blog do Guelmann","isPartOf":{"@id":"https:\/\/gersonguelmann.com.br\/blog\/#website"},"primaryImageOfPage":{"@id":"https:\/\/gersonguelmann.com.br\/blog\/mais-um-ex-tesoureiro-do-pt-condenado-por-moro\/#primaryimage"},"image":{"@id":"https:\/\/gersonguelmann.com.br\/blog\/mais-um-ex-tesoureiro-do-pt-condenado-por-moro\/#primaryimage"},"thumbnailUrl":"https:\/\/i0.wp.com\/gersonguelmann.com.br\/blog\/wp-content\/uploads\/2018\/05\/download-12.jpg?fit=275%2C183&ssl=1","datePublished":"2018-05-14T20:29:52+00:00","author":{"@id":"https:\/\/gersonguelmann.com.br\/blog\/#\/schema\/person\/87e70e2a786888082f941a482c90569e"},"inLanguage":"pt-BR","potentialAction":[{"@type":"ReadAction","target":["https:\/\/gersonguelmann.com.br\/blog\/mais-um-ex-tesoureiro-do-pt-condenado-por-moro\/"]}]},{"@type":"ImageObject","inLanguage":"pt-BR","@id":"https:\/\/gersonguelmann.com.br\/blog\/mais-um-ex-tesoureiro-do-pt-condenado-por-moro\/#primaryimage","url":"https:\/\/i0.wp.com\/gersonguelmann.com.br\/blog\/wp-content\/uploads\/2018\/05\/download-12.jpg?fit=275%2C183&ssl=1","contentUrl":"https:\/\/i0.wp.com\/gersonguelmann.com.br\/blog\/wp-content\/uploads\/2018\/05\/download-12.jpg?fit=275%2C183&ssl=1","width":275,"height":183},{"@type":"WebSite","@id":"https:\/\/gersonguelmann.com.br\/blog\/#website","url":"https:\/\/gersonguelmann.com.br\/blog\/","name":"Blog do Guelmann","description":"Pitadas da sabedoria e do humor judaicos, assuntos do momento e um pouco das hist\u00f3rias que vivi e testemunhei.","potentialAction":[{"@type":"SearchAction","target":{"@type":"EntryPoint","urlTemplate":"https:\/\/gersonguelmann.com.br\/blog\/?s={search_term_string}"},"query-input":{"@type":"PropertyValueSpecification","valueRequired":true,"valueName":"search_term_string"}}],"inLanguage":"pt-BR"},{"@type":"Person","@id":"https:\/\/gersonguelmann.com.br\/blog\/#\/schema\/person\/87e70e2a786888082f941a482c90569e","name":"Gerson Guelmann","image":{"@type":"ImageObject","inLanguage":"pt-BR","@id":"https:\/\/i0.wp.com\/gersonguelmann.com.br\/blog\/wp-content\/uploads\/2021\/08\/BLOG.jpeg?fit=96%2C96&ssl=1","url":"https:\/\/i0.wp.com\/gersonguelmann.com.br\/blog\/wp-content\/uploads\/2021\/08\/BLOG.jpeg?fit=96%2C96&ssl=1","contentUrl":"https:\/\/i0.wp.com\/gersonguelmann.com.br\/blog\/wp-content\/uploads\/2021\/08\/BLOG.jpeg?fit=96%2C96&ssl=1","caption":"Gerson Guelmann"},"description":"Pitadas da sabedoria e do humor judaicos, assuntos do momento e um pouco das hist\u00f3rias que vivi e testemunhei."}]}},"views":18,"jetpack_publicize_connections":[],"jetpack_featured_media_url":"https:\/\/i0.wp.com\/gersonguelmann.com.br\/blog\/wp-content\/uploads\/2018\/05\/download-12.jpg?fit=275%2C183&ssl=1","jetpack_shortlink":"https:\/\/wp.me\/p96e7O-3mm","jetpack-related-posts":[{"id":13207,"url":"https:\/\/gersonguelmann.com.br\/blog\/moro-acaba-de-determinar-prisao-de-delubio\/","url_meta":{"origin":12918,"position":0},"title":"Moro Acaba de Determinar Pris\u00e3o de Delubio","author":"Gerson Guelmann","date":"23 de maio de 2018","format":false,"excerpt":"Complementando a informa\u00e7\u00e3o que dei h\u00e1 pouco, a Isto\u00c9 acaba de publicar: GERAL Moro determina pris\u00e3o do ex-tesoureiro do PT Del\u00fabio Soares Ag\u00eancia Brasil 23\/05\/18 - 19h06 O juiz Federal S\u00e9rgio Moro, da 13\u00aa Vara Federal em Curitiba, determinou h\u00e1 pouco a pris\u00e3o do ex-tesoureiro do PT Del\u00fabio Soares, na\u2026","rel":"","context":"Em &quot;Sem categoria&quot;","block_context":{"text":"Sem categoria","link":"https:\/\/gersonguelmann.com.br\/blog\/category\/sem-categoria\/"},"img":{"alt_text":"","src":"https:\/\/i0.wp.com\/gersonguelmann.com.br\/blog\/wp-content\/uploads\/2018\/05\/download-15.jpg?resize=350%2C200&ssl=1","width":350,"height":200},"classes":[]},{"id":13204,"url":"https:\/\/gersonguelmann.com.br\/blog\/mais-um-ex-tesoureiro-do-pt-na-cadeia\/","url_meta":{"origin":12918,"position":1},"title":"Mais Um ex-Tesoureiro do PT na Cadeia?","author":"Gerson Guelmann","date":"23 de maio de 2018","format":false,"excerpt":"A julgar pela mat\u00e9ria que acaba de sair na Isto\u00c9, logo eles ter\u00e3o uma cela privativa: BRASIL Del\u00fabio Soares pode ir para a pris\u00e3o Del\u00fabio Soares 23\/05\/18 - 18h21 - Atualizado em 23\/05\/18 - 18h32 O Tribunal Regional Federal da 4.\u00aa Regi\u00e3o (TRF-4) negou nesta quarta-feira, 23, os embargos de\u2026","rel":"","context":"Em &quot;Sem categoria&quot;","block_context":{"text":"Sem categoria","link":"https:\/\/gersonguelmann.com.br\/blog\/category\/sem-categoria\/"},"img":{"alt_text":"","src":"https:\/\/i0.wp.com\/gersonguelmann.com.br\/blog\/wp-content\/uploads\/2018\/05\/delubio_soares_arquivo_483x272.jpg?fit=483%2C272&ssl=1&resize=350%2C200","width":350,"height":200},"classes":[]},{"id":11285,"url":"https:\/\/gersonguelmann.com.br\/blog\/em-curitiba-pf-prepara-cela-para-receber-lula\/","url_meta":{"origin":12918,"position":2},"title":"Em Curitiba PF Prepara Cela Para Receber Lula","author":"Gerson Guelmann","date":"5 de abril de 2018","format":false,"excerpt":"PF prepara cela exclusiva para receber Lula em Curitiba Ideia \u00e9 manter ex-presidente afastado de outros presos, como Palocci e L\u00e9o Pinheiro BRAS\u00cdLIA \u2014 Com a chance do ex-presidente Luiz In\u00e1cio\u00a0Lula\u00a0da Silva ser preso potencializada pela decis\u00e3o do Supremo Tribunal Federal (STF), que negou o\u00a0habeas corpus\u00a0preventivo pedido pela defesa do\u2026","rel":"","context":"Em &quot;Sem categoria&quot;","block_context":{"text":"Sem categoria","link":"https:\/\/gersonguelmann.com.br\/blog\/category\/sem-categoria\/"},"img":{"alt_text":"","src":"https:\/\/i0.wp.com\/gersonguelmann.com.br\/blog\/wp-content\/uploads\/2018\/04\/PF-300x168.jpg?resize=350%2C200&ssl=1","width":350,"height":200},"classes":[]},{"id":13269,"url":"https:\/\/gersonguelmann.com.br\/blog\/moro-nega-pedido-do-pt-e-diz-que-lula-tem-fotos-com-aecio-e-geddel\/","url_meta":{"origin":12918,"position":3},"title":"Moro Nega Pedido do PT e  Diz Que Lula Tem Fotos Com A\u00e9cio e Geddel","author":"Gerson Guelmann","date":"24 de maio de 2018","format":false,"excerpt":"Do site do UOL: Do UOL, em S\u00e3o Paulo 24\/05\/2018 - 20h11 > Atualizada 24\/05\/2018 - 20h37 Moro (\u00e0 dir.) tirou foto com Doria em evento em Nova Iorque Em despacho publicado nesta quinta (24), o juiz federal Sergio Moro negou um pedido realizado pela defesa do ex-presidente Luiz In\u00e1cio\u2026","rel":"","context":"Em &quot;Sem categoria&quot;","block_context":{"text":"Sem categoria","link":"https:\/\/gersonguelmann.com.br\/blog\/category\/sem-categoria\/"},"img":{"alt_text":"","src":"https:\/\/i0.wp.com\/gersonguelmann.com.br\/blog\/wp-content\/uploads\/2018\/05\/noite-de-gala.jpg?fit=615%2C300&ssl=1&resize=350%2C200","width":350,"height":200,"srcset":"https:\/\/i0.wp.com\/gersonguelmann.com.br\/blog\/wp-content\/uploads\/2018\/05\/noite-de-gala.jpg?fit=615%2C300&ssl=1&resize=350%2C200 1x, https:\/\/i0.wp.com\/gersonguelmann.com.br\/blog\/wp-content\/uploads\/2018\/05\/noite-de-gala.jpg?fit=615%2C300&ssl=1&resize=525%2C300 1.5x"},"classes":[]},{"id":13136,"url":"https:\/\/gersonguelmann.com.br\/blog\/defesa-de-lula-nao-gostou-da-foto-do-moro-com-doria\/","url_meta":{"origin":12918,"position":4},"title":"Defesa de Lula N\u00e3o Gostou da Foto do Moro com Doria","author":"Gerson Guelmann","date":"22 de maio de 2018","format":false,"excerpt":"A gente sabe que isso faz parte do trabalho dos advogados, mas ser\u00e1 que tumultuar o processo com esse tipo de coisa n\u00e3o piora a situa\u00e7\u00e3o? A mat\u00e9ria abaixo acabou de ser publicada no site da revista Isto\u00c9: BRASIL Defesa de Lula pede suspens\u00e3o de Moro ap\u00f3s foto com Doria\u2026","rel":"","context":"Em &quot;Sem categoria&quot;","block_context":{"text":"Sem categoria","link":"https:\/\/gersonguelmann.com.br\/blog\/category\/sem-categoria\/"},"img":{"alt_text":"","src":"https:\/\/i0.wp.com\/gersonguelmann.com.br\/blog\/wp-content\/uploads\/2018\/05\/Moro.jpg?fit=616%2C345&ssl=1&resize=350%2C200","width":350,"height":200,"srcset":"https:\/\/i0.wp.com\/gersonguelmann.com.br\/blog\/wp-content\/uploads\/2018\/05\/Moro.jpg?fit=616%2C345&ssl=1&resize=350%2C200 1x, https:\/\/i0.wp.com\/gersonguelmann.com.br\/blog\/wp-content\/uploads\/2018\/05\/Moro.jpg?fit=616%2C345&ssl=1&resize=525%2C300 1.5x"},"classes":[]},{"id":22298,"url":"https:\/\/gersonguelmann.com.br\/blog\/sergio-moro-pode-ser-a-3a-via\/","url_meta":{"origin":12918,"position":5},"title":"Sergio Moro Pode Ser a 3\u00aa Via?","author":"Gerson Guelmann","date":"19 de junho de 2021","format":false,"excerpt":"Compartilho mat\u00e9ria que a revista Veja publicou ontem e cujo conte\u00fado, sendo confirmado, pode alterar o quadro eleitoral de 2022, pelo menos no que diz respeito \u00e0 polariza\u00e7\u00e3o hoje existente: Pol\u00edtica Moro admite a apoiadores que pode disputar a Presid\u00eancia em 2022 O ex-juiz, no entanto, diz que a decis\u00e3o\u2026","rel":"","context":"Em &quot;Sem categoria&quot;","block_context":{"text":"Sem categoria","link":"https:\/\/gersonguelmann.com.br\/blog\/category\/sem-categoria\/"},"img":{"alt_text":"","src":"https:\/\/i0.wp.com\/gersonguelmann.com.br\/blog\/wp-content\/uploads\/2021\/06\/SM2-1.jpg?fit=750%2C500&ssl=1&resize=350%2C200","width":350,"height":200,"srcset":"https:\/\/i0.wp.com\/gersonguelmann.com.br\/blog\/wp-content\/uploads\/2021\/06\/SM2-1.jpg?fit=750%2C500&ssl=1&resize=350%2C200 1x, https:\/\/i0.wp.com\/gersonguelmann.com.br\/blog\/wp-content\/uploads\/2021\/06\/SM2-1.jpg?fit=750%2C500&ssl=1&resize=525%2C300 1.5x, https:\/\/i0.wp.com\/gersonguelmann.com.br\/blog\/wp-content\/uploads\/2021\/06\/SM2-1.jpg?fit=750%2C500&ssl=1&resize=700%2C400 2x"},"classes":[]}],"jetpack_sharing_enabled":true,"post_mailing_queue_ids":[],"_links":{"self":[{"href":"https:\/\/gersonguelmann.com.br\/blog\/wp-json\/wp\/v2\/posts\/12918","targetHints":{"allow":["GET"]}}],"collection":[{"href":"https:\/\/gersonguelmann.com.br\/blog\/wp-json\/wp\/v2\/posts"}],"about":[{"href":"https:\/\/gersonguelmann.com.br\/blog\/wp-json\/wp\/v2\/types\/post"}],"author":[{"embeddable":true,"href":"https:\/\/gersonguelmann.com.br\/blog\/wp-json\/wp\/v2\/users\/5"}],"replies":[{"embeddable":true,"href":"https:\/\/gersonguelmann.com.br\/blog\/wp-json\/wp\/v2\/comments?post=12918"}],"version-history":[{"count":0,"href":"https:\/\/gersonguelmann.com.br\/blog\/wp-json\/wp\/v2\/posts\/12918\/revisions"}],"wp:featuredmedia":[{"embeddable":true,"href":"https:\/\/gersonguelmann.com.br\/blog\/wp-json\/wp\/v2\/media\/12919"}],"wp:attachment":[{"href":"https:\/\/gersonguelmann.com.br\/blog\/wp-json\/wp\/v2\/media?parent=12918"}],"wp:term":[{"taxonomy":"category","embeddable":true,"href":"https:\/\/gersonguelmann.com.br\/blog\/wp-json\/wp\/v2\/categories?post=12918"},{"taxonomy":"post_tag","embeddable":true,"href":"https:\/\/gersonguelmann.com.br\/blog\/wp-json\/wp\/v2\/tags?post=12918"}],"curies":[{"name":"wp","href":"https:\/\/api.w.org\/{rel}","templated":true}]}}