    {"id":12940,"date":"2018-05-14T22:49:44","date_gmt":"2018-05-15T01:49:44","guid":{"rendered":"https:\/\/gersonguelmann.com.br\/blog\/?p=12940"},"modified":"2018-05-14T22:49:44","modified_gmt":"2018-05-15T01:49:44","slug":"o-artista-de-rua-e-o-lago-dos-cisnes","status":"publish","type":"post","link":"https:\/\/gersonguelmann.com.br\/blog\/o-artista-de-rua-e-o-lago-dos-cisnes\/","title":{"rendered":"O Artista de Rua e o Lago dos Cisnes"},"content":{"rendered":"<p style=\"text-align: center;\"><img data-recalc-dims=\"1\" fetchpriority=\"high\" decoding=\"async\" data-attachment-id=\"12941\" data-permalink=\"https:\/\/gersonguelmann.com.br\/blog\/o-artista-de-rua-e-o-lago-dos-cisnes\/download-1-5\/\" data-orig-file=\"https:\/\/i0.wp.com\/gersonguelmann.com.br\/blog\/wp-content\/uploads\/2018\/05\/download-1-1.jpg?fit=287%2C175&amp;ssl=1\" data-orig-size=\"287,175\" data-comments-opened=\"1\" data-image-meta=\"{&quot;aperture&quot;:&quot;0&quot;,&quot;credit&quot;:&quot;&quot;,&quot;camera&quot;:&quot;&quot;,&quot;caption&quot;:&quot;&quot;,&quot;created_timestamp&quot;:&quot;0&quot;,&quot;copyright&quot;:&quot;&quot;,&quot;focal_length&quot;:&quot;0&quot;,&quot;iso&quot;:&quot;0&quot;,&quot;shutter_speed&quot;:&quot;0&quot;,&quot;title&quot;:&quot;&quot;,&quot;orientation&quot;:&quot;0&quot;}\" data-image-title=\"download (1)\" data-image-description=\"\" data-image-caption=\"\" data-medium-file=\"https:\/\/i0.wp.com\/gersonguelmann.com.br\/blog\/wp-content\/uploads\/2018\/05\/download-1-1.jpg?fit=287%2C175&amp;ssl=1\" data-large-file=\"https:\/\/i0.wp.com\/gersonguelmann.com.br\/blog\/wp-content\/uploads\/2018\/05\/download-1-1.jpg?fit=287%2C175&amp;ssl=1\" class=\"alignnone size-full wp-image-12941\" src=\"https:\/\/i0.wp.com\/gersonguelmann.com.br\/blog\/wp-content\/uploads\/2018\/05\/download-1-1.jpg?resize=287%2C175&#038;ssl=1\" alt=\"\" width=\"287\" height=\"175\" \/><\/p>\n<p><span style=\"font-family: georgia, palatino, serif; font-size: 18pt;\">Artista de rua faz uma performance completamente inusitada com a m\u00fasica &#8220;O Lago dos Cisnes&#8221;, o bal\u00e9 mais visto de todos os tempos.<\/span><\/p>\n<p><span style=\"font-family: georgia, palatino, serif; font-size: 18pt;\">A forma que ele escolheu para se apresentar \u00e9 realmente incr\u00edvel.<\/span><\/p>\n<p><span style=\"font-family: georgia, palatino, serif; font-size: 18pt;\">Belo momento, vale a pena assistir.<\/span><\/p>\n<p><span class=\"embed-youtube\" style=\"text-align:center; display: block;\"><iframe class=\"youtube-player\" width=\"640\" height=\"360\" src=\"https:\/\/www.youtube.com\/embed\/Bmb9IzpzIag?version=3&#038;rel=1&#038;showsearch=0&#038;showinfo=1&#038;iv_load_policy=1&#038;fs=1&#038;hl=pt-BR&#038;autohide=2&#038;wmode=transparent\" allowfullscreen=\"true\" style=\"border:0;\" sandbox=\"allow-scripts allow-same-origin allow-popups allow-presentation allow-popups-to-escape-sandbox\"><\/iframe><\/span><\/p>\n","protected":false},"excerpt":{"rendered":"<p>Artista de rua faz uma performance completamente inusitada com a m\u00fasica &#8220;O Lago dos Cisnes&#8221;, o bal\u00e9 mais visto de todos os tempos. A forma que ele escolheu para se apresentar \u00e9 realmente incr\u00edvel. Belo momento, vale a pena assistir.<\/p>\n","protected":false},"author":5,"featured_media":12941,"comment_status":"open","ping_status":"open","sticky":false,"template":"","format":"standard","meta":{"_acf_changed":false,"jetpack_post_was_ever_published":false,"_jetpack_newsletter_access":"","_jetpack_dont_email_post_to_subs":false,"_jetpack_newsletter_tier_id":0,"_jetpack_memberships_contains_paywalled_content":false,"_jetpack_memberships_contains_paid_content":false,"footnotes":"","jetpack_publicize_message":"","jetpack_publicize_feature_enabled":true,"jetpack_social_post_already_shared":true,"jetpack_social_options":{"image_generator_settings":{"template":"highway","default_image_id":0,"font":"","enabled":false},"version":2}},"categories":[1],"tags":[],"class_list":["post-12940","post","type-post","status-publish","format-standard","has-post-thumbnail","hentry","category-sem-categoria"],"acf":[],"yoast_head":"<!-- This site is optimized with the Yoast SEO plugin v27.3 - https:\/\/yoast.com\/product\/yoast-seo-wordpress\/ -->\n<title>O Artista de Rua e o Lago dos Cisnes | Blog do Guelmann<\/title>\n<meta name=\"robots\" content=\"index, follow, max-snippet:-1, max-image-preview:large, max-video-preview:-1\" \/>\n<link rel=\"canonical\" href=\"https:\/\/gersonguelmann.com.br\/blog\/o-artista-de-rua-e-o-lago-dos-cisnes\/\" \/>\n<meta property=\"og:locale\" content=\"pt_BR\" \/>\n<meta property=\"og:type\" content=\"article\" \/>\n<meta property=\"og:title\" content=\"O Artista de Rua e o Lago dos Cisnes | Blog do Guelmann\" \/>\n<meta property=\"og:description\" content=\"Artista de rua faz uma performance completamente inusitada com a m\u00fasica &#8220;O Lago dos Cisnes&#8221;, o bal\u00e9 mais visto de todos os tempos. A forma que ele escolheu para se apresentar \u00e9 realmente incr\u00edvel. Belo momento, vale a pena assistir.\" \/>\n<meta property=\"og:url\" content=\"https:\/\/gersonguelmann.com.br\/blog\/o-artista-de-rua-e-o-lago-dos-cisnes\/\" \/>\n<meta property=\"og:site_name\" content=\"Blog do Guelmann\" \/>\n<meta property=\"article:published_time\" content=\"2018-05-15T01:49:44+00:00\" \/>\n<meta property=\"og:image\" content=\"https:\/\/i0.wp.com\/gersonguelmann.com.br\/blog\/wp-content\/uploads\/2018\/05\/download-1-1.jpg?fit=287%2C175&ssl=1\" \/>\n\t<meta property=\"og:image:width\" content=\"287\" \/>\n\t<meta property=\"og:image:height\" content=\"175\" \/>\n\t<meta property=\"og:image:type\" content=\"image\/jpeg\" \/>\n<meta name=\"author\" content=\"Gerson Guelmann\" \/>\n<meta name=\"twitter:card\" content=\"summary_large_image\" \/>\n<meta name=\"twitter:label1\" content=\"Escrito por\" \/>\n\t<meta name=\"twitter:data1\" content=\"Gerson Guelmann\" \/>\n<script type=\"application\/ld+json\" class=\"yoast-schema-graph\">{\"@context\":\"https:\\\/\\\/schema.org\",\"@graph\":[{\"@type\":\"Article\",\"@id\":\"https:\\\/\\\/gersonguelmann.com.br\\\/blog\\\/o-artista-de-rua-e-o-lago-dos-cisnes\\\/#article\",\"isPartOf\":{\"@id\":\"https:\\\/\\\/gersonguelmann.com.br\\\/blog\\\/o-artista-de-rua-e-o-lago-dos-cisnes\\\/\"},\"author\":{\"name\":\"Gerson Guelmann\",\"@id\":\"https:\\\/\\\/gersonguelmann.com.br\\\/blog\\\/#\\\/schema\\\/person\\\/87e70e2a786888082f941a482c90569e\"},\"headline\":\"O Artista de Rua e o Lago dos Cisnes\",\"datePublished\":\"2018-05-15T01:49:44+00:00\",\"mainEntityOfPage\":{\"@id\":\"https:\\\/\\\/gersonguelmann.com.br\\\/blog\\\/o-artista-de-rua-e-o-lago-dos-cisnes\\\/\"},\"wordCount\":58,\"commentCount\":0,\"image\":{\"@id\":\"https:\\\/\\\/gersonguelmann.com.br\\\/blog\\\/o-artista-de-rua-e-o-lago-dos-cisnes\\\/#primaryimage\"},\"thumbnailUrl\":\"https:\\\/\\\/i0.wp.com\\\/gersonguelmann.com.br\\\/blog\\\/wp-content\\\/uploads\\\/2018\\\/05\\\/download-1-1.jpg?fit=287%2C175&ssl=1\",\"inLanguage\":\"pt-BR\",\"potentialAction\":[{\"@type\":\"CommentAction\",\"name\":\"Comment\",\"target\":[\"https:\\\/\\\/gersonguelmann.com.br\\\/blog\\\/o-artista-de-rua-e-o-lago-dos-cisnes\\\/#respond\"]}]},{\"@type\":\"WebPage\",\"@id\":\"https:\\\/\\\/gersonguelmann.com.br\\\/blog\\\/o-artista-de-rua-e-o-lago-dos-cisnes\\\/\",\"url\":\"https:\\\/\\\/gersonguelmann.com.br\\\/blog\\\/o-artista-de-rua-e-o-lago-dos-cisnes\\\/\",\"name\":\"O Artista de Rua e o Lago dos Cisnes | Blog do Guelmann\",\"isPartOf\":{\"@id\":\"https:\\\/\\\/gersonguelmann.com.br\\\/blog\\\/#website\"},\"primaryImageOfPage\":{\"@id\":\"https:\\\/\\\/gersonguelmann.com.br\\\/blog\\\/o-artista-de-rua-e-o-lago-dos-cisnes\\\/#primaryimage\"},\"image\":{\"@id\":\"https:\\\/\\\/gersonguelmann.com.br\\\/blog\\\/o-artista-de-rua-e-o-lago-dos-cisnes\\\/#primaryimage\"},\"thumbnailUrl\":\"https:\\\/\\\/i0.wp.com\\\/gersonguelmann.com.br\\\/blog\\\/wp-content\\\/uploads\\\/2018\\\/05\\\/download-1-1.jpg?fit=287%2C175&ssl=1\",\"datePublished\":\"2018-05-15T01:49:44+00:00\",\"author\":{\"@id\":\"https:\\\/\\\/gersonguelmann.com.br\\\/blog\\\/#\\\/schema\\\/person\\\/87e70e2a786888082f941a482c90569e\"},\"inLanguage\":\"pt-BR\",\"potentialAction\":[{\"@type\":\"ReadAction\",\"target\":[\"https:\\\/\\\/gersonguelmann.com.br\\\/blog\\\/o-artista-de-rua-e-o-lago-dos-cisnes\\\/\"]}]},{\"@type\":\"ImageObject\",\"inLanguage\":\"pt-BR\",\"@id\":\"https:\\\/\\\/gersonguelmann.com.br\\\/blog\\\/o-artista-de-rua-e-o-lago-dos-cisnes\\\/#primaryimage\",\"url\":\"https:\\\/\\\/i0.wp.com\\\/gersonguelmann.com.br\\\/blog\\\/wp-content\\\/uploads\\\/2018\\\/05\\\/download-1-1.jpg?fit=287%2C175&ssl=1\",\"contentUrl\":\"https:\\\/\\\/i0.wp.com\\\/gersonguelmann.com.br\\\/blog\\\/wp-content\\\/uploads\\\/2018\\\/05\\\/download-1-1.jpg?fit=287%2C175&ssl=1\",\"width\":287,\"height\":175},{\"@type\":\"WebSite\",\"@id\":\"https:\\\/\\\/gersonguelmann.com.br\\\/blog\\\/#website\",\"url\":\"https:\\\/\\\/gersonguelmann.com.br\\\/blog\\\/\",\"name\":\"Blog do Guelmann\",\"description\":\"Pitadas da sabedoria e do humor judaicos, assuntos do momento e um pouco das hist\u00f3rias que vivi e testemunhei.\",\"potentialAction\":[{\"@type\":\"SearchAction\",\"target\":{\"@type\":\"EntryPoint\",\"urlTemplate\":\"https:\\\/\\\/gersonguelmann.com.br\\\/blog\\\/?s={search_term_string}\"},\"query-input\":{\"@type\":\"PropertyValueSpecification\",\"valueRequired\":true,\"valueName\":\"search_term_string\"}}],\"inLanguage\":\"pt-BR\"},{\"@type\":\"Person\",\"@id\":\"https:\\\/\\\/gersonguelmann.com.br\\\/blog\\\/#\\\/schema\\\/person\\\/87e70e2a786888082f941a482c90569e\",\"name\":\"Gerson Guelmann\",\"image\":{\"@type\":\"ImageObject\",\"inLanguage\":\"pt-BR\",\"@id\":\"https:\\\/\\\/i0.wp.com\\\/gersonguelmann.com.br\\\/blog\\\/wp-content\\\/uploads\\\/2021\\\/08\\\/BLOG.jpeg?fit=96%2C96&ssl=1\",\"url\":\"https:\\\/\\\/i0.wp.com\\\/gersonguelmann.com.br\\\/blog\\\/wp-content\\\/uploads\\\/2021\\\/08\\\/BLOG.jpeg?fit=96%2C96&ssl=1\",\"contentUrl\":\"https:\\\/\\\/i0.wp.com\\\/gersonguelmann.com.br\\\/blog\\\/wp-content\\\/uploads\\\/2021\\\/08\\\/BLOG.jpeg?fit=96%2C96&ssl=1\",\"caption\":\"Gerson Guelmann\"},\"description\":\"Pitadas da sabedoria e do humor judaicos, assuntos do momento e um pouco das hist\u00f3rias que vivi e testemunhei.\"}]}<\/script>\n<!-- \/ Yoast SEO plugin. -->","yoast_head_json":{"title":"O Artista de Rua e o Lago dos Cisnes | Blog do Guelmann","robots":{"index":"index","follow":"follow","max-snippet":"max-snippet:-1","max-image-preview":"max-image-preview:large","max-video-preview":"max-video-preview:-1"},"canonical":"https:\/\/gersonguelmann.com.br\/blog\/o-artista-de-rua-e-o-lago-dos-cisnes\/","og_locale":"pt_BR","og_type":"article","og_title":"O Artista de Rua e o Lago dos Cisnes | Blog do Guelmann","og_description":"Artista de rua faz uma performance completamente inusitada com a m\u00fasica &#8220;O Lago dos Cisnes&#8221;, o bal\u00e9 mais visto de todos os tempos. A forma que ele escolheu para se apresentar \u00e9 realmente incr\u00edvel. Belo momento, vale a pena assistir.","og_url":"https:\/\/gersonguelmann.com.br\/blog\/o-artista-de-rua-e-o-lago-dos-cisnes\/","og_site_name":"Blog do Guelmann","article_published_time":"2018-05-15T01:49:44+00:00","og_image":[{"width":287,"height":175,"url":"https:\/\/i0.wp.com\/gersonguelmann.com.br\/blog\/wp-content\/uploads\/2018\/05\/download-1-1.jpg?fit=287%2C175&ssl=1","type":"image\/jpeg"}],"author":"Gerson Guelmann","twitter_card":"summary_large_image","twitter_misc":{"Escrito por":"Gerson Guelmann"},"schema":{"@context":"https:\/\/schema.org","@graph":[{"@type":"Article","@id":"https:\/\/gersonguelmann.com.br\/blog\/o-artista-de-rua-e-o-lago-dos-cisnes\/#article","isPartOf":{"@id":"https:\/\/gersonguelmann.com.br\/blog\/o-artista-de-rua-e-o-lago-dos-cisnes\/"},"author":{"name":"Gerson Guelmann","@id":"https:\/\/gersonguelmann.com.br\/blog\/#\/schema\/person\/87e70e2a786888082f941a482c90569e"},"headline":"O Artista de Rua e o Lago dos Cisnes","datePublished":"2018-05-15T01:49:44+00:00","mainEntityOfPage":{"@id":"https:\/\/gersonguelmann.com.br\/blog\/o-artista-de-rua-e-o-lago-dos-cisnes\/"},"wordCount":58,"commentCount":0,"image":{"@id":"https:\/\/gersonguelmann.com.br\/blog\/o-artista-de-rua-e-o-lago-dos-cisnes\/#primaryimage"},"thumbnailUrl":"https:\/\/i0.wp.com\/gersonguelmann.com.br\/blog\/wp-content\/uploads\/2018\/05\/download-1-1.jpg?fit=287%2C175&ssl=1","inLanguage":"pt-BR","potentialAction":[{"@type":"CommentAction","name":"Comment","target":["https:\/\/gersonguelmann.com.br\/blog\/o-artista-de-rua-e-o-lago-dos-cisnes\/#respond"]}]},{"@type":"WebPage","@id":"https:\/\/gersonguelmann.com.br\/blog\/o-artista-de-rua-e-o-lago-dos-cisnes\/","url":"https:\/\/gersonguelmann.com.br\/blog\/o-artista-de-rua-e-o-lago-dos-cisnes\/","name":"O Artista de Rua e o Lago dos Cisnes | Blog do Guelmann","isPartOf":{"@id":"https:\/\/gersonguelmann.com.br\/blog\/#website"},"primaryImageOfPage":{"@id":"https:\/\/gersonguelmann.com.br\/blog\/o-artista-de-rua-e-o-lago-dos-cisnes\/#primaryimage"},"image":{"@id":"https:\/\/gersonguelmann.com.br\/blog\/o-artista-de-rua-e-o-lago-dos-cisnes\/#primaryimage"},"thumbnailUrl":"https:\/\/i0.wp.com\/gersonguelmann.com.br\/blog\/wp-content\/uploads\/2018\/05\/download-1-1.jpg?fit=287%2C175&ssl=1","datePublished":"2018-05-15T01:49:44+00:00","author":{"@id":"https:\/\/gersonguelmann.com.br\/blog\/#\/schema\/person\/87e70e2a786888082f941a482c90569e"},"inLanguage":"pt-BR","potentialAction":[{"@type":"ReadAction","target":["https:\/\/gersonguelmann.com.br\/blog\/o-artista-de-rua-e-o-lago-dos-cisnes\/"]}]},{"@type":"ImageObject","inLanguage":"pt-BR","@id":"https:\/\/gersonguelmann.com.br\/blog\/o-artista-de-rua-e-o-lago-dos-cisnes\/#primaryimage","url":"https:\/\/i0.wp.com\/gersonguelmann.com.br\/blog\/wp-content\/uploads\/2018\/05\/download-1-1.jpg?fit=287%2C175&ssl=1","contentUrl":"https:\/\/i0.wp.com\/gersonguelmann.com.br\/blog\/wp-content\/uploads\/2018\/05\/download-1-1.jpg?fit=287%2C175&ssl=1","width":287,"height":175},{"@type":"WebSite","@id":"https:\/\/gersonguelmann.com.br\/blog\/#website","url":"https:\/\/gersonguelmann.com.br\/blog\/","name":"Blog do Guelmann","description":"Pitadas da sabedoria e do humor judaicos, assuntos do momento e um pouco das hist\u00f3rias que vivi e testemunhei.","potentialAction":[{"@type":"SearchAction","target":{"@type":"EntryPoint","urlTemplate":"https:\/\/gersonguelmann.com.br\/blog\/?s={search_term_string}"},"query-input":{"@type":"PropertyValueSpecification","valueRequired":true,"valueName":"search_term_string"}}],"inLanguage":"pt-BR"},{"@type":"Person","@id":"https:\/\/gersonguelmann.com.br\/blog\/#\/schema\/person\/87e70e2a786888082f941a482c90569e","name":"Gerson Guelmann","image":{"@type":"ImageObject","inLanguage":"pt-BR","@id":"https:\/\/i0.wp.com\/gersonguelmann.com.br\/blog\/wp-content\/uploads\/2021\/08\/BLOG.jpeg?fit=96%2C96&ssl=1","url":"https:\/\/i0.wp.com\/gersonguelmann.com.br\/blog\/wp-content\/uploads\/2021\/08\/BLOG.jpeg?fit=96%2C96&ssl=1","contentUrl":"https:\/\/i0.wp.com\/gersonguelmann.com.br\/blog\/wp-content\/uploads\/2021\/08\/BLOG.jpeg?fit=96%2C96&ssl=1","caption":"Gerson Guelmann"},"description":"Pitadas da sabedoria e do humor judaicos, assuntos do momento e um pouco das hist\u00f3rias que vivi e testemunhei."}]}},"views":27,"jetpack_publicize_connections":[],"jetpack_featured_media_url":"https:\/\/i0.wp.com\/gersonguelmann.com.br\/blog\/wp-content\/uploads\/2018\/05\/download-1-1.jpg?fit=287%2C175&ssl=1","jetpack_shortlink":"https:\/\/wp.me\/p96e7O-3mI","jetpack-related-posts":[{"id":18506,"url":"https:\/\/gersonguelmann.com.br\/blog\/birutas-brotam-do-chao-e-em-curitiba-andam-de-onibus\/","url_meta":{"origin":12940,"position":0},"title":"Birutas Brotam do Ch\u00e3o. E em Curitiba, Andam de \u00d4nibus","author":"Gerson Guelmann","date":"18 de setembro de 2019","format":false,"excerpt":"N\u00e3o h\u00e1 dia em que n\u00e3o saibamos de acontecimentos que demonstram como a vida nas cidades grandes estressa as pessoas. Se n\u00e3o for a tens\u00e3o do dia a dia, s\u00f3 mesmo um surto psic\u00f3tico pode justificar o que aconteceu aqui em Curitiba nessa ter\u00e7a feira, como relata o jornal Tribuna\u2026","rel":"","context":"Em &quot;Sem categoria&quot;","block_context":{"text":"Sem categoria","link":"https:\/\/gersonguelmann.com.br\/blog\/category\/sem-categoria\/"},"img":{"alt_text":"","src":"https:\/\/i0.wp.com\/gersonguelmann.com.br\/blog\/wp-content\/uploads\/2019\/09\/%C3%94nibus-1.jpg?fit=1159%2C837&ssl=1&resize=350%2C200","width":350,"height":200,"srcset":"https:\/\/i0.wp.com\/gersonguelmann.com.br\/blog\/wp-content\/uploads\/2019\/09\/%C3%94nibus-1.jpg?fit=1159%2C837&ssl=1&resize=350%2C200 1x, https:\/\/i0.wp.com\/gersonguelmann.com.br\/blog\/wp-content\/uploads\/2019\/09\/%C3%94nibus-1.jpg?fit=1159%2C837&ssl=1&resize=525%2C300 1.5x, https:\/\/i0.wp.com\/gersonguelmann.com.br\/blog\/wp-content\/uploads\/2019\/09\/%C3%94nibus-1.jpg?fit=1159%2C837&ssl=1&resize=700%2C400 2x, https:\/\/i0.wp.com\/gersonguelmann.com.br\/blog\/wp-content\/uploads\/2019\/09\/%C3%94nibus-1.jpg?fit=1159%2C837&ssl=1&resize=1050%2C600 3x"},"classes":[]},{"id":25119,"url":"https:\/\/gersonguelmann.com.br\/blog\/sexta-do-humor-e-da-cultura-judaica-moises-e-jesus-jogando-golfe\/","url_meta":{"origin":12940,"position":1},"title":"Sexta do Humor e da Cultura Judaica &#8211; Mois\u00e9s e Jesus Jogando Golfe","author":"Gerson Guelmann","date":"28 de fevereiro de 2025","format":false,"excerpt":"Mois\u00e9s e Jesus Jogando Golfe Mois\u00e9s, Jesus e um velhinho de barba est\u00e3o jogando golfe. Mois\u00e9s, o primeiro a jogar, pega o taco e bate na bola, que sobe alto e cai diretamente dentro do lago. Ele n\u00e3o se apavora: levanta calmamente o taco e as \u00e1guas se abrem, abrindo\u2026","rel":"","context":"Em &quot;Sem categoria&quot;","block_context":{"text":"Sem categoria","link":"https:\/\/gersonguelmann.com.br\/blog\/category\/sem-categoria\/"},"img":{"alt_text":"","src":"https:\/\/i0.wp.com\/gersonguelmann.com.br\/blog\/wp-content\/uploads\/2025\/02\/HojePR-3.png?resize=350%2C200&ssl=1","width":350,"height":200,"srcset":"https:\/\/i0.wp.com\/gersonguelmann.com.br\/blog\/wp-content\/uploads\/2025\/02\/HojePR-3.png?resize=350%2C200&ssl=1 1x, https:\/\/i0.wp.com\/gersonguelmann.com.br\/blog\/wp-content\/uploads\/2025\/02\/HojePR-3.png?resize=525%2C300&ssl=1 1.5x, https:\/\/i0.wp.com\/gersonguelmann.com.br\/blog\/wp-content\/uploads\/2025\/02\/HojePR-3.png?resize=700%2C400&ssl=1 2x, https:\/\/i0.wp.com\/gersonguelmann.com.br\/blog\/wp-content\/uploads\/2025\/02\/HojePR-3.png?resize=1050%2C600&ssl=1 3x"},"classes":[]},{"id":2315,"url":"https:\/\/gersonguelmann.com.br\/blog\/moises-e-jesus-jogando-golfe\/","url_meta":{"origin":12940,"position":2},"title":"Mois\u00e9s e Jesus Jogando Golfe","author":"Gerson Guelmann","date":"2 de outubro de 2017","format":false,"excerpt":"Mois\u00e9s, Jesus e um velhinho de barba est\u00e3o jogando golfe. Mois\u00e9s, o primeiro a jogar, pega o taco e bate na bola, que sobe alto e cai diretamente dentro do lago. Ele n\u00e3o se apavora: levanta calmamente o taco e as \u00e1guas se abrem, abrindo passagem para que d\u00ea uma\u2026","rel":"","context":"Em &quot;Sem categoria&quot;","block_context":{"text":"Sem categoria","link":"https:\/\/gersonguelmann.com.br\/blog\/category\/sem-categoria\/"},"img":{"alt_text":"","src":"https:\/\/i0.wp.com\/gersonguelmann.com.br\/blog\/wp-content\/uploads\/2017\/10\/Golf-1.jpg?fit=960%2C638&ssl=1&resize=350%2C200","width":350,"height":200,"srcset":"https:\/\/i0.wp.com\/gersonguelmann.com.br\/blog\/wp-content\/uploads\/2017\/10\/Golf-1.jpg?fit=960%2C638&ssl=1&resize=350%2C200 1x, https:\/\/i0.wp.com\/gersonguelmann.com.br\/blog\/wp-content\/uploads\/2017\/10\/Golf-1.jpg?fit=960%2C638&ssl=1&resize=525%2C300 1.5x, https:\/\/i0.wp.com\/gersonguelmann.com.br\/blog\/wp-content\/uploads\/2017\/10\/Golf-1.jpg?fit=960%2C638&ssl=1&resize=700%2C400 2x"},"classes":[]},{"id":13038,"url":"https:\/\/gersonguelmann.com.br\/blog\/em-curitiba-uma-rua-retrata-o-outono\/","url_meta":{"origin":12940,"position":3},"title":"Em Curitiba, Uma Rua Retrata o Outono","author":"Gerson Guelmann","date":"17 de maio de 2018","format":false,"excerpt":"Mat\u00e9ria do jornal Gazeta do Povo sobre a\u00a0R. Deputado Heitor Alencar Furtado: \u201cA rua do outono\u201d: saiba como as \u00e1rvores da canaleta do Mossungu\u00ea ficaram famosas A Rua Deputado Heitor Alencar Furtado \u00e9 um dos cen\u00e1rios de fotos mais procurados no outono em Curitiba \u00a0 Cec\u00edlia T\u00fcmler -\u00a0[01\/05\/2018] -\u00a0[18h14] \u00a0\u2026","rel":"","context":"Em &quot;Sem categoria&quot;","block_context":{"text":"Sem categoria","link":"https:\/\/gersonguelmann.com.br\/blog\/category\/sem-categoria\/"},"img":{"alt_text":"","src":"https:\/\/i0.wp.com\/gersonguelmann.com.br\/blog\/wp-content\/uploads\/2018\/05\/1-5.jpg?fit=1024%2C683&ssl=1&resize=350%2C200","width":350,"height":200,"srcset":"https:\/\/i0.wp.com\/gersonguelmann.com.br\/blog\/wp-content\/uploads\/2018\/05\/1-5.jpg?fit=1024%2C683&ssl=1&resize=350%2C200 1x, https:\/\/i0.wp.com\/gersonguelmann.com.br\/blog\/wp-content\/uploads\/2018\/05\/1-5.jpg?fit=1024%2C683&ssl=1&resize=525%2C300 1.5x, https:\/\/i0.wp.com\/gersonguelmann.com.br\/blog\/wp-content\/uploads\/2018\/05\/1-5.jpg?fit=1024%2C683&ssl=1&resize=700%2C400 2x"},"classes":[]},{"id":2495,"url":"https:\/\/gersonguelmann.com.br\/blog\/sexta-do-humor-e-da-cultura-judaica-o-rabino-o-pastor-e-o-padre-no-lago\/","url_meta":{"origin":12940,"position":4},"title":"Sexta do Humor e da Cultura Judaica &#8211; O Rabino, o Pastor e o Padre no Lago","author":"Gerson Guelmann","date":"21 de abril de 2023","format":false,"excerpt":"O Rabino, o Pastor e o Padre no Lago Um Rabino, um Pastor e um Padre estavam passeando na \u00e1rea rural da pequena cidade onde trabalhavam. Era um dia extremamente quente de ver\u00e3o e quando chegaram a um lago, decidiram tirar as roupas e se refrescar.\u00a0Tiraram a roupa e entraram\u2026","rel":"","context":"Em &quot;Sem categoria&quot;","block_context":{"text":"Sem categoria","link":"https:\/\/gersonguelmann.com.br\/blog\/category\/sem-categoria\/"},"img":{"alt_text":"","src":"https:\/\/i0.wp.com\/gersonguelmann.com.br\/blog\/wp-content\/uploads\/2017\/10\/Lago.jpg?fit=960%2C720&ssl=1&resize=350%2C200","width":350,"height":200,"srcset":"https:\/\/i0.wp.com\/gersonguelmann.com.br\/blog\/wp-content\/uploads\/2017\/10\/Lago.jpg?fit=960%2C720&ssl=1&resize=350%2C200 1x, https:\/\/i0.wp.com\/gersonguelmann.com.br\/blog\/wp-content\/uploads\/2017\/10\/Lago.jpg?fit=960%2C720&ssl=1&resize=525%2C300 1.5x, https:\/\/i0.wp.com\/gersonguelmann.com.br\/blog\/wp-content\/uploads\/2017\/10\/Lago.jpg?fit=960%2C720&ssl=1&resize=700%2C400 2x"},"classes":[]},{"id":17834,"url":"https:\/\/gersonguelmann.com.br\/blog\/no-braziu-ziu-ziu-a-geladeira-dos-carentes-sumiu\/","url_meta":{"origin":12940,"position":5},"title":"No Braziu-Ziu-Ziu, a Geladeira dos Carentes Sumiu","author":"Gerson Guelmann","date":"1 de agosto de 2019","format":false,"excerpt":"Foto: Reprodu\u00e7\u00e3o\/TV Bahia De vez em quando tomamos conhecimento de fatos que mostram o lado solid\u00e1rio e generoso dos brasileiros, mas em compensa\u00e7\u00e3o n\u00e3o \u00e9 raro vermos not\u00edcias que assustam pela insensibilidade de algumas pessoas. Veja o que mostrou mat\u00e9ria publicada no \u00faltimo dia 30 pelo G1 Bahia: 'Geladeira solid\u00e1ria'\u2026","rel":"","context":"Em &quot;Sem categoria&quot;","block_context":{"text":"Sem categoria","link":"https:\/\/gersonguelmann.com.br\/blog\/category\/sem-categoria\/"},"img":{"alt_text":"","src":"https:\/\/i0.wp.com\/gersonguelmann.com.br\/blog\/wp-content\/uploads\/2019\/08\/geladeira02.jpg?fit=640%2C363&ssl=1&resize=350%2C200","width":350,"height":200,"srcset":"https:\/\/i0.wp.com\/gersonguelmann.com.br\/blog\/wp-content\/uploads\/2019\/08\/geladeira02.jpg?fit=640%2C363&ssl=1&resize=350%2C200 1x, https:\/\/i0.wp.com\/gersonguelmann.com.br\/blog\/wp-content\/uploads\/2019\/08\/geladeira02.jpg?fit=640%2C363&ssl=1&resize=525%2C300 1.5x"},"classes":[]}],"jetpack_sharing_enabled":true,"post_mailing_queue_ids":[],"_links":{"self":[{"href":"https:\/\/gersonguelmann.com.br\/blog\/wp-json\/wp\/v2\/posts\/12940","targetHints":{"allow":["GET"]}}],"collection":[{"href":"https:\/\/gersonguelmann.com.br\/blog\/wp-json\/wp\/v2\/posts"}],"about":[{"href":"https:\/\/gersonguelmann.com.br\/blog\/wp-json\/wp\/v2\/types\/post"}],"author":[{"embeddable":true,"href":"https:\/\/gersonguelmann.com.br\/blog\/wp-json\/wp\/v2\/users\/5"}],"replies":[{"embeddable":true,"href":"https:\/\/gersonguelmann.com.br\/blog\/wp-json\/wp\/v2\/comments?post=12940"}],"version-history":[{"count":0,"href":"https:\/\/gersonguelmann.com.br\/blog\/wp-json\/wp\/v2\/posts\/12940\/revisions"}],"wp:featuredmedia":[{"embeddable":true,"href":"https:\/\/gersonguelmann.com.br\/blog\/wp-json\/wp\/v2\/media\/12941"}],"wp:attachment":[{"href":"https:\/\/gersonguelmann.com.br\/blog\/wp-json\/wp\/v2\/media?parent=12940"}],"wp:term":[{"taxonomy":"category","embeddable":true,"href":"https:\/\/gersonguelmann.com.br\/blog\/wp-json\/wp\/v2\/categories?post=12940"},{"taxonomy":"post_tag","embeddable":true,"href":"https:\/\/gersonguelmann.com.br\/blog\/wp-json\/wp\/v2\/tags?post=12940"}],"curies":[{"name":"wp","href":"https:\/\/api.w.org\/{rel}","templated":true}]}}